{"id":193769,"date":"2022-01-23T16:01:11","date_gmt":"2022-01-23T15:01:11","guid":{"rendered":"https:\/\/dicodusport.fr\/blog\/?p=193769&#038;preview=true&#038;preview_id=193769"},"modified":"2022-01-23T16:39:32","modified_gmt":"2022-01-23T15:39:32","slug":"mass-start-femmes-antholz-victoire-dorothea-wierer-anais-chevalier-bouchet-3eme","status":"publish","type":"post","link":"https:\/\/dicodusport.fr\/blog\/mass-start-femmes-antholz-victoire-dorothea-wierer-anais-chevalier-bouchet-3eme\/","title":{"rendered":"Mass start femmes d&rsquo;Antholz : Victoire de Dorothea Wierer, Ana\u00efs Chevalier-Bouchet 3\u00e8me"},"content":{"rendered":"<p style=\"text-align: justify;\"><em><strong><a href=\"https:\/\/dicodusport.fr\/blog\/actualites\/biathlon\/coupe-du-monde-biathlon-2021-2022\/\">COUPE DU MONDE DE BIATHLON &#8211; ANTHOLZ<\/a> &#8211; Pour la derni\u00e8re course avant les Jeux Olympiques, c\u2019est l\u2019Italienne Dorothea Wierer qui s\u2019impose sur cette mass start d\u2019Antholz, r\u00e9cup\u00e9rant \u00e9galement le dossard rouge. La France est \u00e9galement repr\u00e9sent\u00e9e sur le podium avec la troisi\u00e8me place d\u2019Ana\u00efs Chevalier-Bouchet. La deuxi\u00e8me place revient elle \u00e0 Dzinara Alimbekava.<\/strong><\/em><\/p>\n<h2 style=\"text-align: justify;\">Justine Braisaz-Bouchet pour le doubl\u00e9 ?<\/h2>\n<p style=\"text-align: justify;\">Apr\u00e8s sa victoire sur l\u2019individuel d\u2019Antholz, sa performance sur le relais f\u00e9minin laissait <strong>Justine Braisaz-Bouchet<\/strong> avec un go\u00fbt amer, malgr\u00e9 le podium. Avec une erreur sur le premier tir couch\u00e9, elle comptait plus de vingt secondes de retard sur sa compatriote <strong>Julia Simon<\/strong>, alors en t\u00eate. Mais en grande forme sur les skis, la Fran\u00e7aise allait peu \u00e0 peu revenir pour descendre sous les cinq secondes. Son erreur sur le premier tir debout l\u2019envoyait sur l\u2019anneau de p\u00e9nalit\u00e9 mais ne la mettait pas hors du coup, les cinq premi\u00e8res se tenant en une vingtaine de secondes. Malheureusement deux \u00e9checs sur le dernier debout la poussaient hors du podium, elle termine cinqui\u00e8me.<\/p>\n<h2 style=\"text-align: justify;\">Julia Simon pour le dossard rouge\u00a0?<\/h2>\n<p style=\"text-align: justify;\">Seconde au classement du petit globe de la mass start derri\u00e8re <strong>Elvira Oeberg<\/strong>,<strong> Julia Simon<\/strong> avait l\u2019opportunit\u00e9 de s\u2019adjuger le dossard rouge de la discipline. La Su\u00e9doise \u00e9tant qui plus est absente, la chance \u00e9tait trop belle. Et la Fran\u00e7aise l\u2019a parfaitement saisie\u2026 enfin au d\u00e9but. Dans le groupe de t\u00eate apr\u00e8s le premier tir couch\u00e9, elle est ressortie du second \u00e0 10\/10 en pole position.<\/p>\n<blockquote class=\"twitter-tweet\">\n<p dir=\"ltr\" lang=\"fr\">AUCUN CADEAU de la part de Julia Simon &#x1f44f;&#x1f44f;<a href=\"https:\/\/twitter.com\/hashtag\/lequipeBIATHLON?src=hash&amp;ref_src=twsrc%5Etfw\">#lequipeBIATHLON<\/a> <a href=\"https:\/\/t.co\/gUV1cJ4qTt\">pic.twitter.com\/gUV1cJ4qTt<\/a><\/p>\n<p>\u2014 la chaine L&rsquo;\u00c9quipe (@lachainelequipe) <a href=\"https:\/\/twitter.com\/lachainelequipe\/status\/1485259028095811588?ref_src=twsrc%5Etfw\">January 23, 2022<\/a><\/p><\/blockquote>\n<p><script async src=\"https:\/\/platform.twitter.com\/widgets.js\" charset=\"utf-8\"><\/script><\/p>\n<p style=\"text-align: justify;\">Accompagn\u00e9e de <strong>Tiril Eckhoff<\/strong>, <strong>Dzinara Alimbekava<\/strong> et <strong>Ingrid Tandrevold<\/strong>, la Fran\u00e7aise a ensuite laiss\u00e9 filer trop de munitions et a d\u00fb tourner \u00e0 de nombreuses reprises. Sa dixi\u00e8me place ne lui permet pas de s\u2019adjuger le dossard rouge.<\/p>\n<h2 style=\"text-align: justify;\">La surprise Ana\u00efs Chevalier-Bouchet ?<\/h2>\n<p style=\"text-align: justify;\">Ce n\u2019\u00e9tait pas la Fran\u00e7aise la plus attendue sur cette course, et pourtant c\u2019est bien <strong>Ana\u00efs Chevalier-Bouchet<\/strong> qui ressortait en t\u00eate apr\u00e8s le troisi\u00e8me tir. D\u00e9pass\u00e9e par <strong>Tiril Eckhoff<\/strong>, elle a ensuite vu sa co\u00e9quipi\u00e8re en \u00e9quipe de France, <strong>Justine Braisaz-Bouchet<\/strong>, et <strong>Dorothea Wierer<\/strong> recoller \u00e0 ses skis avant l\u2019ultime tir. A la sortie de ce dernier, c\u2019est encore elle qui d\u00e9tenait provisoirement l\u2019or. Mais l\u2019Italienne et <strong>Dzinara Alimbekava<\/strong> \u00e9taient plus efficaces sur la piste. C\u2019est n\u00e9anmoins une tr\u00e8s belle troisi\u00e8me place pour <strong>Ana\u00efs Chevalier<\/strong>.<\/p>\n<blockquote class=\"twitter-tweet\">\n<p dir=\"ltr\" lang=\"fr\">La victoire de cette mass start est italienne, sign\u00e9e Dorothea Wierer \u00e0 domicile &#x1f44f;&#x1f1ee;&#x1f1f9;<\/p>\n<p>Ana\u00efs Chevalier-Bouchet prend une belle troisi\u00e8me place &#x1f1eb;&#x1f1f7;<a href=\"https:\/\/twitter.com\/hashtag\/lequipeBIATHLON?src=hash&amp;ref_src=twsrc%5Etfw\">#lequipeBIATHLON<\/a> <a href=\"https:\/\/t.co\/VFLIAACiZk\">pic.twitter.com\/VFLIAACiZk<\/a><\/p>\n<p>\u2014 la chaine L&rsquo;\u00c9quipe (@lachainelequipe) <a href=\"https:\/\/twitter.com\/lachainelequipe\/status\/1485265382067822601?ref_src=twsrc%5Etfw\">January 23, 2022<\/a><\/p><\/blockquote>\n<p><script async src=\"https:\/\/platform.twitter.com\/widgets.js\" charset=\"utf-8\"><\/script><\/p>\n<h2 style=\"text-align: justify;\">Dorothea Wierer d\u00e9partage les Bleues<\/h2>\n<p style=\"text-align: justify;\">A l\u2019approche de l\u2019ultime tir, on s\u2019attendait plut\u00f4t \u00e0 voir <strong>Tiril Eckhoff<\/strong> mettre toutes les Fran\u00e7aises d\u2019accord. Auteur d\u2019un 15\/15 jusqu\u2019alors, la Norv\u00e9gienne n\u2019a pas blanchi deux cibles et a donc perdu beaucoup trop de temps sur l\u2019anneau de p\u00e9nalit\u00e9. <strong>Dorothea Wierer<\/strong>, jamais tr\u00e8s loin, a r\u00e9alis\u00e9 le plein et a \u00e9galement profit\u00e9 des deux \u00e9checs de <strong>Justine Braisaz-Bouchet<\/strong>. Plus rapide \u00e0 ski qu\u2019<strong>Ana\u00efs Chevalier<\/strong>, elle l\u2019a finalement distanc\u00e9e, <strong>Dzinara Alimbekava <\/strong>s\u2019intercallant entre elles deux. De plus, l\u2019Italienne s\u2019empare, avec cette victoire, du dossard rouge de la discipline. Tout benef\u2019 pour <strong>Dorothea Wierer<\/strong>.<\/p>\n<ul>\n<li style=\"text-align: justify;\"><strong>\u00c0 lire aussi &#8211; <a href=\"https:\/\/dicodusport.fr\/blog\/biathlon-antholz-classement-mass-start-femmes\/\">Le classement de la mass start femmes d&rsquo;Antholz<\/a><\/strong><\/li>\n<\/ul>\n","protected":false},"excerpt":{"rendered":"<p>COUPE DU MONDE DE BIATHLON &#8211; ANTHOLZ &#8211; Pour la derni\u00e8re course avant les Jeux Olympiques, c\u2019est l\u2019Italienne Dorothea Wierer qui s\u2019impose sur cette mass start d\u2019Antholz, r\u00e9cup\u00e9rant \u00e9galement le dossard rouge. La France est \u00e9galement repr\u00e9sent\u00e9e sur le podium avec la troisi\u00e8me place d\u2019Ana\u00efs Chevalier-Bouchet. La deuxi\u00e8me place revient elle \u00e0 Dzinara Alimbekava.<\/p>\n","protected":false},"author":18,"featured_media":193801,"comment_status":"open","ping_status":"closed","sticky":false,"template":"","format":"standard","meta":{"_acf_changed":false,"_daextam_enable_autolinks":"","footnotes":""},"categories":[47040],"tags":[2427,2945,24],"class_list":["post-193769","post","type-post","status-publish","format-standard","has-post-thumbnail","hentry","category-coupe-du-monde-de-biathlon","tag-biathlon","tag-mass-start","tag-sport"],"acf":[],"yoast_head":"<!-- This site is optimized with the Yoast SEO Premium plugin v26.7 (Yoast SEO v26.7) - https:\/\/yoast.com\/wordpress\/plugins\/seo\/ -->\n<title>Mass start femmes d&#039;Antholz : Victoire de Dorothea Wierer, Ana\u00efs Chevalier-Bouchet 3\u00e8me<\/title>\n<meta name=\"description\" content=\"Pour la derni\u00e8re course avant les Jeux Olympiques, c&#039;est l&#039;Italienne Dorothea Wierer qui s&#039;est impos\u00e9e sur cette mass start d&#039;Antholz.\" \/>\n<meta name=\"robots\" content=\"index, follow, max-snippet:-1, max-image-preview:large, max-video-preview:-1\" \/>\n<link rel=\"canonical\" href=\"https:\/\/dicodusport.fr\/blog\/mass-start-femmes-antholz-victoire-dorothea-wierer-anais-chevalier-bouchet-3eme\/\" \/>\n<meta property=\"og:locale\" content=\"fr_FR\" \/>\n<meta property=\"og:type\" content=\"article\" \/>\n<meta property=\"og:title\" content=\"Mass start femmes d&#039;Antholz : Victoire de Dorothea Wierer, Ana\u00efs Chevalier-Bouchet 3\u00e8me\" \/>\n<meta property=\"og:description\" content=\"Pour la derni\u00e8re course avant les Jeux Olympiques, c&#039;est l&#039;Italienne Dorothea Wierer qui s&#039;est impos\u00e9e sur cette mass start d&#039;Antholz.\" \/>\n<meta property=\"og:url\" content=\"https:\/\/dicodusport.fr\/blog\/mass-start-femmes-antholz-victoire-dorothea-wierer-anais-chevalier-bouchet-3eme\/\" \/>\n<meta property=\"og:site_name\" content=\"Dicodusport\" \/>\n<meta property=\"article:publisher\" content=\"https:\/\/www.facebook.com\/dicodusport\" \/>\n<meta property=\"article:author\" content=\"https:\/\/www.facebook.com\/soocube\" \/>\n<meta property=\"article:published_time\" content=\"2022-01-23T15:01:11+00:00\" \/>\n<meta property=\"article:modified_time\" content=\"2022-01-23T15:39:32+00:00\" \/>\n<meta property=\"og:image\" content=\"https:\/\/dicodusport.fr\/blog\/wp-content\/uploads\/2022\/01\/Mass-start-femmes-dAntholz-Victoire-de-Dorothea-Wierer-Anais-Chevalier-Bouchet-3eme.png\" \/>\n\t<meta property=\"og:image:width\" content=\"800\" \/>\n\t<meta property=\"og:image:height\" content=\"445\" \/>\n\t<meta property=\"og:image:type\" content=\"image\/png\" \/>\n<meta name=\"author\" content=\"Sophie Clapier\" \/>\n<meta name=\"twitter:card\" content=\"summary_large_image\" \/>\n<meta name=\"twitter:title\" content=\"Mass start femmes d&#039;Antholz : Victoire de Dorothea Wierer, Ana\u00efs Chevalier-Bouchet 3\u00e8me\" \/>\n<meta name=\"twitter:creator\" content=\"@https:\/\/twitter.com\/soocube\" \/>\n<meta name=\"twitter:site\" content=\"@dicodusport\" \/>\n<script type=\"application\/ld+json\" class=\"yoast-schema-graph\">{\"@context\":\"https:\/\/schema.org\",\"@graph\":[{\"@type\":\"NewsArticle\",\"@id\":\"https:\/\/dicodusport.fr\/blog\/mass-start-femmes-antholz-victoire-dorothea-wierer-anais-chevalier-bouchet-3eme\/#article\",\"isPartOf\":{\"@id\":\"https:\/\/dicodusport.fr\/blog\/mass-start-femmes-antholz-victoire-dorothea-wierer-anais-chevalier-bouchet-3eme\/\"},\"author\":{\"name\":\"Sophie Clapier\",\"@id\":\"https:\/\/dicodusport.fr\/blog\/#\/schema\/person\/416c975648aca9da8839bdfe333a21c9\"},\"headline\":\"Mass start femmes d&rsquo;Antholz : Victoire de Dorothea Wierer, Ana\u00efs Chevalier-Bouchet 3\u00e8me\",\"datePublished\":\"2022-01-23T15:01:11+00:00\",\"dateModified\":\"2022-01-23T15:39:32+00:00\",\"mainEntityOfPage\":{\"@id\":\"https:\/\/dicodusport.fr\/blog\/mass-start-femmes-antholz-victoire-dorothea-wierer-anais-chevalier-bouchet-3eme\/\"},\"wordCount\":640,\"commentCount\":0,\"publisher\":{\"@id\":\"https:\/\/dicodusport.fr\/blog\/#organization\"},\"image\":{\"@id\":\"https:\/\/dicodusport.fr\/blog\/mass-start-femmes-antholz-victoire-dorothea-wierer-anais-chevalier-bouchet-3eme\/#primaryimage\"},\"thumbnailUrl\":\"https:\/\/dicodusport.fr\/blog\/wp-content\/uploads\/2022\/01\/Mass-start-femmes-dAntholz-Victoire-de-Dorothea-Wierer-Anais-Chevalier-Bouchet-3eme.png\",\"keywords\":[\"Biathlon\",\"Mass start\",\"sport\"],\"articleSection\":[\"Coupe du monde de biathlon\"],\"inLanguage\":\"fr-FR\",\"potentialAction\":[{\"@type\":\"CommentAction\",\"name\":\"Comment\",\"target\":[\"https:\/\/dicodusport.fr\/blog\/mass-start-femmes-antholz-victoire-dorothea-wierer-anais-chevalier-bouchet-3eme\/#respond\"]}],\"copyrightYear\":\"2022\",\"copyrightHolder\":{\"@id\":\"https:\/\/dicodusport.fr\/blog\/#organization\"}},{\"@type\":\"WebPage\",\"@id\":\"https:\/\/dicodusport.fr\/blog\/mass-start-femmes-antholz-victoire-dorothea-wierer-anais-chevalier-bouchet-3eme\/\",\"url\":\"https:\/\/dicodusport.fr\/blog\/mass-start-femmes-antholz-victoire-dorothea-wierer-anais-chevalier-bouchet-3eme\/\",\"name\":\"Mass start femmes d'Antholz : Victoire de Dorothea Wierer, Ana\u00efs Chevalier-Bouchet 3\u00e8me\",\"isPartOf\":{\"@id\":\"https:\/\/dicodusport.fr\/blog\/#website\"},\"primaryImageOfPage\":{\"@id\":\"https:\/\/dicodusport.fr\/blog\/mass-start-femmes-antholz-victoire-dorothea-wierer-anais-chevalier-bouchet-3eme\/#primaryimage\"},\"image\":{\"@id\":\"https:\/\/dicodusport.fr\/blog\/mass-start-femmes-antholz-victoire-dorothea-wierer-anais-chevalier-bouchet-3eme\/#primaryimage\"},\"thumbnailUrl\":\"https:\/\/dicodusport.fr\/blog\/wp-content\/uploads\/2022\/01\/Mass-start-femmes-dAntholz-Victoire-de-Dorothea-Wierer-Anais-Chevalier-Bouchet-3eme.png\",\"datePublished\":\"2022-01-23T15:01:11+00:00\",\"dateModified\":\"2022-01-23T15:39:32+00:00\",\"description\":\"Pour la derni\u00e8re course avant les Jeux Olympiques, c'est l'Italienne Dorothea Wierer qui s'est impos\u00e9e sur cette mass start d'Antholz.\",\"breadcrumb\":{\"@id\":\"https:\/\/dicodusport.fr\/blog\/mass-start-femmes-antholz-victoire-dorothea-wierer-anais-chevalier-bouchet-3eme\/#breadcrumb\"},\"inLanguage\":\"fr-FR\",\"potentialAction\":[{\"@type\":\"ReadAction\",\"target\":[\"https:\/\/dicodusport.fr\/blog\/mass-start-femmes-antholz-victoire-dorothea-wierer-anais-chevalier-bouchet-3eme\/\"]}]},{\"@type\":\"ImageObject\",\"inLanguage\":\"fr-FR\",\"@id\":\"https:\/\/dicodusport.fr\/blog\/mass-start-femmes-antholz-victoire-dorothea-wierer-anais-chevalier-bouchet-3eme\/#primaryimage\",\"url\":\"https:\/\/dicodusport.fr\/blog\/wp-content\/uploads\/2022\/01\/Mass-start-femmes-dAntholz-Victoire-de-Dorothea-Wierer-Anais-Chevalier-Bouchet-3eme.png\",\"contentUrl\":\"https:\/\/dicodusport.fr\/blog\/wp-content\/uploads\/2022\/01\/Mass-start-femmes-dAntholz-Victoire-de-Dorothea-Wierer-Anais-Chevalier-Bouchet-3eme.png\",\"width\":800,\"height\":445,\"caption\":\"Mass start femmes d'Antholz Victoire de Dorothea Wierer, Ana\u00efs Chevalier-Bouchet 3\u00e8me\"},{\"@type\":\"BreadcrumbList\",\"@id\":\"https:\/\/dicodusport.fr\/blog\/mass-start-femmes-antholz-victoire-dorothea-wierer-anais-chevalier-bouchet-3eme\/#breadcrumb\",\"itemListElement\":[{\"@type\":\"ListItem\",\"position\":1,\"name\":\"Accueil\",\"item\":\"https:\/\/dicodusport.fr\/blog\/\"},{\"@type\":\"ListItem\",\"position\":2,\"name\":\"Mass start femmes d&rsquo;Antholz : Victoire de Dorothea Wierer, Ana\u00efs Chevalier-Bouchet 3\u00e8me\"}]},{\"@type\":\"WebSite\",\"@id\":\"https:\/\/dicodusport.fr\/blog\/#website\",\"url\":\"https:\/\/dicodusport.fr\/blog\/\",\"name\":\"Dicodusport\",\"description\":\"L&#039;encyclop\u00e9die de l&#039;actualit\u00e9 sportive\",\"publisher\":{\"@id\":\"https:\/\/dicodusport.fr\/blog\/#organization\"},\"potentialAction\":[{\"@type\":\"SearchAction\",\"target\":{\"@type\":\"EntryPoint\",\"urlTemplate\":\"https:\/\/dicodusport.fr\/blog\/?s={search_term_string}\"},\"query-input\":{\"@type\":\"PropertyValueSpecification\",\"valueRequired\":true,\"valueName\":\"search_term_string\"}}],\"inLanguage\":\"fr-FR\"},{\"@type\":\"NewsMediaOrganization\",\"@id\":\"https:\/\/dicodusport.fr\/blog\/#organization\",\"name\":\"Dicodusport\",\"url\":\"https:\/\/dicodusport.fr\/blog\/\",\"logo\":{\"@type\":\"ImageObject\",\"inLanguage\":\"fr-FR\",\"@id\":\"https:\/\/dicodusport.fr\/blog\/#\/schema\/logo\/image\/\",\"url\":\"https:\/\/dicodusport.fr\/blog\/wp-content\/uploads\/2020\/06\/cropped-LOGO-DICODUSPORT-2020-SANS-FOND-SANS-TEXTE.png\",\"contentUrl\":\"https:\/\/dicodusport.fr\/blog\/wp-content\/uploads\/2020\/06\/cropped-LOGO-DICODUSPORT-2020-SANS-FOND-SANS-TEXTE.png\",\"width\":512,\"height\":512,\"caption\":\"Dicodusport\"},\"image\":{\"@id\":\"https:\/\/dicodusport.fr\/blog\/#\/schema\/logo\/image\/\"},\"sameAs\":[\"https:\/\/www.facebook.com\/dicodusport\",\"https:\/\/x.com\/dicodusport\",\"https:\/\/www.instagram.com\/dicodusport\/\",\"https:\/\/www.youtube.com\/channel\/UC7V2KZ5sd3htJivAbA4ZG3w\"],\"description\":\"Dicodusport est l'encyclop\u00e9die de l'actualit\u00e9 sportive.\",\"email\":\"bonjour@dicodusport.fr\",\"legalName\":\"DICODUSPORT\",\"foundingDate\":\"2018-01-14\",\"vatID\":\"FR71834470973\",\"taxID\":\"83447097300043\",\"numberOfEmployees\":{\"@type\":\"QuantitativeValue\",\"minValue\":\"1\",\"maxValue\":\"10\"}},{\"@type\":\"Person\",\"@id\":\"https:\/\/dicodusport.fr\/blog\/#\/schema\/person\/416c975648aca9da8839bdfe333a21c9\",\"name\":\"Sophie Clapier\",\"image\":{\"@type\":\"ImageObject\",\"inLanguage\":\"fr-FR\",\"@id\":\"https:\/\/dicodusport.fr\/blog\/#\/schema\/person\/image\/\",\"url\":\"https:\/\/dicodusport.fr\/blog\/wp-content\/uploads\/2021\/05\/Sophie-Clapier-150x150.jpg\",\"contentUrl\":\"https:\/\/dicodusport.fr\/blog\/wp-content\/uploads\/2021\/05\/Sophie-Clapier-150x150.jpg\",\"caption\":\"Sophie Clapier\"},\"description\":\"Journaliste\/r\u00e9dactrice depuis janvier 2016 - Passionn\u00e9e de sport depuis toujours, j\u2019en ai pratiqu\u00e9 quelques-uns. Judo, football, handball ou encore tennis, je n\u2019ai jamais pu me mettre d\u2019accord sur un en particulier. Mais \u00e7a, c\u2019\u00e9tait avant de d\u00e9couvrir le basket, devenu mon sport de pr\u00e9dilection. Les actions NBA, le All-Star Week-end, la fureur des Game 7 pendant les playoffs ou mieux, lors des Finals, this is why we play. Team Spurs T.P, je m\u2019accroche encore \u00e0 Gregg Popovich (don\u2019t leave !). Team chef Curry, je souhaite qu\u2019il finisse aux Warriors (staaaay !). Non, il n\u2019y a pas qu\u2019eux, des petits nouveaux -et des petites nouvelles \u00e9videmment- arrivent chaque jour dans toutes les disciplines et cr\u00e9ent de nouveaux exploits. Alors pour les grands \u00e9v\u00e9nements et comp\u00e9titions internationales, vive les pulsations 240\/minutes et le d\u00e9fibrillateur pas loin, et allez les Bleu(e)s ! C\u2019est s\u00fbr, j\u2019aurai plus vu ma vie sur un terrain de sport, mais \u00e0 d\u00e9faut d\u2019en faire en haut niveau, je le partage avec vous.\",\"sameAs\":[\"https:\/\/www.facebook.com\/soocube\",\"https:\/\/x.com\/https:\/\/twitter.com\/soocube\",\"admin\"],\"url\":\"https:\/\/dicodusport.fr\/blog\/author\/sophie\/\"}]}<\/script>\n<!-- \/ Yoast SEO Premium plugin. -->","yoast_head_json":{"title":"Mass start femmes d'Antholz : Victoire de Dorothea Wierer, Ana\u00efs Chevalier-Bouchet 3\u00e8me","description":"Pour la derni\u00e8re course avant les Jeux Olympiques, c'est l'Italienne Dorothea Wierer qui s'est impos\u00e9e sur cette mass start d'Antholz.","robots":{"index":"index","follow":"follow","max-snippet":"max-snippet:-1","max-image-preview":"max-image-preview:large","max-video-preview":"max-video-preview:-1"},"canonical":"https:\/\/dicodusport.fr\/blog\/mass-start-femmes-antholz-victoire-dorothea-wierer-anais-chevalier-bouchet-3eme\/","og_locale":"fr_FR","og_type":"article","og_title":"Mass start femmes d'Antholz : Victoire de Dorothea Wierer, Ana\u00efs Chevalier-Bouchet 3\u00e8me","og_description":"Pour la derni\u00e8re course avant les Jeux Olympiques, c'est l'Italienne Dorothea Wierer qui s'est impos\u00e9e sur cette mass start d'Antholz.","og_url":"https:\/\/dicodusport.fr\/blog\/mass-start-femmes-antholz-victoire-dorothea-wierer-anais-chevalier-bouchet-3eme\/","og_site_name":"Dicodusport","article_publisher":"https:\/\/www.facebook.com\/dicodusport","article_author":"https:\/\/www.facebook.com\/soocube","article_published_time":"2022-01-23T15:01:11+00:00","article_modified_time":"2022-01-23T15:39:32+00:00","og_image":[{"width":800,"height":445,"url":"https:\/\/dicodusport.fr\/blog\/wp-content\/uploads\/2022\/01\/Mass-start-femmes-dAntholz-Victoire-de-Dorothea-Wierer-Anais-Chevalier-Bouchet-3eme.png","type":"image\/png"}],"author":"Sophie Clapier","twitter_card":"summary_large_image","twitter_title":"Mass start femmes d'Antholz : Victoire de Dorothea Wierer, Ana\u00efs Chevalier-Bouchet 3\u00e8me","twitter_creator":"@https:\/\/twitter.com\/soocube","twitter_site":"@dicodusport","schema":{"@context":"https:\/\/schema.org","@graph":[{"@type":"NewsArticle","@id":"https:\/\/dicodusport.fr\/blog\/mass-start-femmes-antholz-victoire-dorothea-wierer-anais-chevalier-bouchet-3eme\/#article","isPartOf":{"@id":"https:\/\/dicodusport.fr\/blog\/mass-start-femmes-antholz-victoire-dorothea-wierer-anais-chevalier-bouchet-3eme\/"},"author":{"name":"Sophie Clapier","@id":"https:\/\/dicodusport.fr\/blog\/#\/schema\/person\/416c975648aca9da8839bdfe333a21c9"},"headline":"Mass start femmes d&rsquo;Antholz : Victoire de Dorothea Wierer, Ana\u00efs Chevalier-Bouchet 3\u00e8me","datePublished":"2022-01-23T15:01:11+00:00","dateModified":"2022-01-23T15:39:32+00:00","mainEntityOfPage":{"@id":"https:\/\/dicodusport.fr\/blog\/mass-start-femmes-antholz-victoire-dorothea-wierer-anais-chevalier-bouchet-3eme\/"},"wordCount":640,"commentCount":0,"publisher":{"@id":"https:\/\/dicodusport.fr\/blog\/#organization"},"image":{"@id":"https:\/\/dicodusport.fr\/blog\/mass-start-femmes-antholz-victoire-dorothea-wierer-anais-chevalier-bouchet-3eme\/#primaryimage"},"thumbnailUrl":"https:\/\/dicodusport.fr\/blog\/wp-content\/uploads\/2022\/01\/Mass-start-femmes-dAntholz-Victoire-de-Dorothea-Wierer-Anais-Chevalier-Bouchet-3eme.png","keywords":["Biathlon","Mass start","sport"],"articleSection":["Coupe du monde de biathlon"],"inLanguage":"fr-FR","potentialAction":[{"@type":"CommentAction","name":"Comment","target":["https:\/\/dicodusport.fr\/blog\/mass-start-femmes-antholz-victoire-dorothea-wierer-anais-chevalier-bouchet-3eme\/#respond"]}],"copyrightYear":"2022","copyrightHolder":{"@id":"https:\/\/dicodusport.fr\/blog\/#organization"}},{"@type":"WebPage","@id":"https:\/\/dicodusport.fr\/blog\/mass-start-femmes-antholz-victoire-dorothea-wierer-anais-chevalier-bouchet-3eme\/","url":"https:\/\/dicodusport.fr\/blog\/mass-start-femmes-antholz-victoire-dorothea-wierer-anais-chevalier-bouchet-3eme\/","name":"Mass start femmes d'Antholz : Victoire de Dorothea Wierer, Ana\u00efs Chevalier-Bouchet 3\u00e8me","isPartOf":{"@id":"https:\/\/dicodusport.fr\/blog\/#website"},"primaryImageOfPage":{"@id":"https:\/\/dicodusport.fr\/blog\/mass-start-femmes-antholz-victoire-dorothea-wierer-anais-chevalier-bouchet-3eme\/#primaryimage"},"image":{"@id":"https:\/\/dicodusport.fr\/blog\/mass-start-femmes-antholz-victoire-dorothea-wierer-anais-chevalier-bouchet-3eme\/#primaryimage"},"thumbnailUrl":"https:\/\/dicodusport.fr\/blog\/wp-content\/uploads\/2022\/01\/Mass-start-femmes-dAntholz-Victoire-de-Dorothea-Wierer-Anais-Chevalier-Bouchet-3eme.png","datePublished":"2022-01-23T15:01:11+00:00","dateModified":"2022-01-23T15:39:32+00:00","description":"Pour la derni\u00e8re course avant les Jeux Olympiques, c'est l'Italienne Dorothea Wierer qui s'est impos\u00e9e sur cette mass start d'Antholz.","breadcrumb":{"@id":"https:\/\/dicodusport.fr\/blog\/mass-start-femmes-antholz-victoire-dorothea-wierer-anais-chevalier-bouchet-3eme\/#breadcrumb"},"inLanguage":"fr-FR","potentialAction":[{"@type":"ReadAction","target":["https:\/\/dicodusport.fr\/blog\/mass-start-femmes-antholz-victoire-dorothea-wierer-anais-chevalier-bouchet-3eme\/"]}]},{"@type":"ImageObject","inLanguage":"fr-FR","@id":"https:\/\/dicodusport.fr\/blog\/mass-start-femmes-antholz-victoire-dorothea-wierer-anais-chevalier-bouchet-3eme\/#primaryimage","url":"https:\/\/dicodusport.fr\/blog\/wp-content\/uploads\/2022\/01\/Mass-start-femmes-dAntholz-Victoire-de-Dorothea-Wierer-Anais-Chevalier-Bouchet-3eme.png","contentUrl":"https:\/\/dicodusport.fr\/blog\/wp-content\/uploads\/2022\/01\/Mass-start-femmes-dAntholz-Victoire-de-Dorothea-Wierer-Anais-Chevalier-Bouchet-3eme.png","width":800,"height":445,"caption":"Mass start femmes d'Antholz Victoire de Dorothea Wierer, Ana\u00efs Chevalier-Bouchet 3\u00e8me"},{"@type":"BreadcrumbList","@id":"https:\/\/dicodusport.fr\/blog\/mass-start-femmes-antholz-victoire-dorothea-wierer-anais-chevalier-bouchet-3eme\/#breadcrumb","itemListElement":[{"@type":"ListItem","position":1,"name":"Accueil","item":"https:\/\/dicodusport.fr\/blog\/"},{"@type":"ListItem","position":2,"name":"Mass start femmes d&rsquo;Antholz : Victoire de Dorothea Wierer, Ana\u00efs Chevalier-Bouchet 3\u00e8me"}]},{"@type":"WebSite","@id":"https:\/\/dicodusport.fr\/blog\/#website","url":"https:\/\/dicodusport.fr\/blog\/","name":"Dicodusport","description":"L&#039;encyclop\u00e9die de l&#039;actualit\u00e9 sportive","publisher":{"@id":"https:\/\/dicodusport.fr\/blog\/#organization"},"potentialAction":[{"@type":"SearchAction","target":{"@type":"EntryPoint","urlTemplate":"https:\/\/dicodusport.fr\/blog\/?s={search_term_string}"},"query-input":{"@type":"PropertyValueSpecification","valueRequired":true,"valueName":"search_term_string"}}],"inLanguage":"fr-FR"},{"@type":"NewsMediaOrganization","@id":"https:\/\/dicodusport.fr\/blog\/#organization","name":"Dicodusport","url":"https:\/\/dicodusport.fr\/blog\/","logo":{"@type":"ImageObject","inLanguage":"fr-FR","@id":"https:\/\/dicodusport.fr\/blog\/#\/schema\/logo\/image\/","url":"https:\/\/dicodusport.fr\/blog\/wp-content\/uploads\/2020\/06\/cropped-LOGO-DICODUSPORT-2020-SANS-FOND-SANS-TEXTE.png","contentUrl":"https:\/\/dicodusport.fr\/blog\/wp-content\/uploads\/2020\/06\/cropped-LOGO-DICODUSPORT-2020-SANS-FOND-SANS-TEXTE.png","width":512,"height":512,"caption":"Dicodusport"},"image":{"@id":"https:\/\/dicodusport.fr\/blog\/#\/schema\/logo\/image\/"},"sameAs":["https:\/\/www.facebook.com\/dicodusport","https:\/\/x.com\/dicodusport","https:\/\/www.instagram.com\/dicodusport\/","https:\/\/www.youtube.com\/channel\/UC7V2KZ5sd3htJivAbA4ZG3w"],"description":"Dicodusport est l'encyclop\u00e9die de l'actualit\u00e9 sportive.","email":"bonjour@dicodusport.fr","legalName":"DICODUSPORT","foundingDate":"2018-01-14","vatID":"FR71834470973","taxID":"83447097300043","numberOfEmployees":{"@type":"QuantitativeValue","minValue":"1","maxValue":"10"}},{"@type":"Person","@id":"https:\/\/dicodusport.fr\/blog\/#\/schema\/person\/416c975648aca9da8839bdfe333a21c9","name":"Sophie Clapier","image":{"@type":"ImageObject","inLanguage":"fr-FR","@id":"https:\/\/dicodusport.fr\/blog\/#\/schema\/person\/image\/","url":"https:\/\/dicodusport.fr\/blog\/wp-content\/uploads\/2021\/05\/Sophie-Clapier-150x150.jpg","contentUrl":"https:\/\/dicodusport.fr\/blog\/wp-content\/uploads\/2021\/05\/Sophie-Clapier-150x150.jpg","caption":"Sophie Clapier"},"description":"Journaliste\/r\u00e9dactrice depuis janvier 2016 - Passionn\u00e9e de sport depuis toujours, j\u2019en ai pratiqu\u00e9 quelques-uns. Judo, football, handball ou encore tennis, je n\u2019ai jamais pu me mettre d\u2019accord sur un en particulier. Mais \u00e7a, c\u2019\u00e9tait avant de d\u00e9couvrir le basket, devenu mon sport de pr\u00e9dilection. Les actions NBA, le All-Star Week-end, la fureur des Game 7 pendant les playoffs ou mieux, lors des Finals, this is why we play. Team Spurs T.P, je m\u2019accroche encore \u00e0 Gregg Popovich (don\u2019t leave !). Team chef Curry, je souhaite qu\u2019il finisse aux Warriors (staaaay !). Non, il n\u2019y a pas qu\u2019eux, des petits nouveaux -et des petites nouvelles \u00e9videmment- arrivent chaque jour dans toutes les disciplines et cr\u00e9ent de nouveaux exploits. Alors pour les grands \u00e9v\u00e9nements et comp\u00e9titions internationales, vive les pulsations 240\/minutes et le d\u00e9fibrillateur pas loin, et allez les Bleu(e)s ! C\u2019est s\u00fbr, j\u2019aurai plus vu ma vie sur un terrain de sport, mais \u00e0 d\u00e9faut d\u2019en faire en haut niveau, je le partage avec vous.","sameAs":["https:\/\/www.facebook.com\/soocube","https:\/\/x.com\/https:\/\/twitter.com\/soocube","admin"],"url":"https:\/\/dicodusport.fr\/blog\/author\/sophie\/"}]}},"_links":{"self":[{"href":"https:\/\/dicodusport.fr\/blog\/wp-json\/wp\/v2\/posts\/193769","targetHints":{"allow":["GET"]}}],"collection":[{"href":"https:\/\/dicodusport.fr\/blog\/wp-json\/wp\/v2\/posts"}],"about":[{"href":"https:\/\/dicodusport.fr\/blog\/wp-json\/wp\/v2\/types\/post"}],"author":[{"embeddable":true,"href":"https:\/\/dicodusport.fr\/blog\/wp-json\/wp\/v2\/users\/18"}],"replies":[{"embeddable":true,"href":"https:\/\/dicodusport.fr\/blog\/wp-json\/wp\/v2\/comments?post=193769"}],"version-history":[{"count":0,"href":"https:\/\/dicodusport.fr\/blog\/wp-json\/wp\/v2\/posts\/193769\/revisions"}],"wp:featuredmedia":[{"embeddable":true,"href":"https:\/\/dicodusport.fr\/blog\/wp-json\/wp\/v2\/media\/193801"}],"wp:attachment":[{"href":"https:\/\/dicodusport.fr\/blog\/wp-json\/wp\/v2\/media?parent=193769"}],"wp:term":[{"taxonomy":"category","embeddable":true,"href":"https:\/\/dicodusport.fr\/blog\/wp-json\/wp\/v2\/categories?post=193769"},{"taxonomy":"post_tag","embeddable":true,"href":"https:\/\/dicodusport.fr\/blog\/wp-json\/wp\/v2\/tags?post=193769"}],"curies":[{"name":"wp","href":"https:\/\/api.w.org\/{rel}","templated":true}]}}