{"id":193836,"date":"2022-01-23T19:33:15","date_gmt":"2022-01-23T18:33:15","guid":{"rendered":"https:\/\/dicodusport.fr\/blog\/?p=193836&#038;preview=true&#038;preview_id=193836"},"modified":"2022-01-23T20:05:41","modified_gmt":"2022-01-23T19:05:41","slug":"atp-challenger-2022-la-malediction-des-finales-continue-pour-quentin-halys","status":"publish","type":"post","link":"https:\/\/dicodusport.fr\/blog\/atp-challenger-2022-la-malediction-des-finales-continue-pour-quentin-halys\/","title":{"rendered":"ATP Challenger 2022 : La mal\u00e9diction des finales continue pour Quentin Halys"},"content":{"rendered":"<p style=\"text-align: justify;\"><strong><em><a href=\"https:\/\/dicodusport.fr\/blog\/?s=challenger\">ATP Challenger 2022<\/a> &#8211; \u00c0 peine de retour de Melbourne o\u00f9 <a href=\"https:\/\/dicodusport.fr\/blog\/open-daustralie-2022-le-bilan-des-francais-sur-le-deuxieme-tour-des-qualifications\/\">il disputait les qualifications de l&rsquo;Open d&rsquo;Australie la semaine derni\u00e8re<\/a>, Quentin Halys \u00e9tait \u00e0 l&rsquo;affiche de la finale du Challenger de Forli ce dimanche. Malheureusement pour lui, il est tomb\u00e9 sur plus fort face au jeune russe Pavel Kotov. D\u00e9fait 7-5 6-7 [5] 6-3, le Fran\u00e7ais a perdu sa cinqui\u00e8me finale de Challenger d&rsquo;affil\u00e9e. Il n&rsquo;a pas remport\u00e9 le moindre titre depuis avril 2018.<\/em><\/strong><\/p>\n<p style=\"text-align: justify;\"><strong>Quentin Halys<\/strong> n&rsquo;est pas tomb\u00e9 sur le meilleur des clients pour aller chercher son premier titre depuis 4 ans. <strong>Pavel Kotov<\/strong>, Russe de 23 ans et n\u00b0231 mondial, est en grande forme. Et il est surtout parfaitement \u00e0 l&rsquo;aise sur le dur indoor du Challenger de Forli. Et pour cause, il est sur place depuis le mois dernier. En raison des restrictions sanitaires, ce tournoi s&rsquo;est organis\u00e9 plusieurs fois au m\u00eame endroit. Kotov participait pour la quatri\u00e8me fois \u00e0 ce Challenger depuis d\u00e9cembre. I<strong>l a m\u00eame d\u00e9j\u00e0 \u00e9t\u00e9 titr\u00e9 une fois, il y a un mois<\/strong>. Rien d&rsquo;\u00e9tonnant donc \u00e0 ce qu&rsquo;il ait \u00e9cras\u00e9 la concurrence cette semaine. Halys est en fait celui qui lui a donn\u00e9 le plus de fil \u00e0 retordre.<\/p>\n<blockquote class=\"twitter-tweet\">\n<p dir=\"ltr\" lang=\"fr\">Final : 7-5 6-7 6-3 Pavel Kotov<\/p>\n<p>Quentin Halys &#x1f1eb;&#x1f1f7; peut regretter le set 1 mais franchement, le cr\u00e9dit va au Russe. Jeune joueur tr\u00e8s r\u00e9gulier qui fait peu d&rsquo;erreurs. Bon service, excellent sur les passings, mental top.. Je serai pas \u00e9tonn\u00e9 de le voir percer bient\u00f4t <a href=\"https:\/\/twitter.com\/hashtag\/ATPChallenger?src=hash&amp;ref_src=twsrc%5Etfw\">#ATPChallenger<\/a> <a href=\"https:\/\/t.co\/qxsk0M9Rtq\">pic.twitter.com\/qxsk0M9Rtq<\/a><\/p>\n<p>\u2014 Tom Compayrot (@Tom_Cprt) <a href=\"https:\/\/twitter.com\/Tom_Cprt\/status\/1485316166260338700?ref_src=twsrc%5Etfw\">January 23, 2022<\/a><\/p><\/blockquote>\n<p><script async src=\"https:\/\/platform.twitter.com\/widgets.js\" charset=\"utf-8\"><\/script><\/p>\n<h2 style=\"text-align: justify;\">La terrible s\u00e9rie de Quentin Halys<\/h2>\n<p style=\"text-align: justify;\">Les deux premiers sets entre les deux hommes ont \u00e9t\u00e9 particuli\u00e8rement serr\u00e9s. Le premier s&rsquo;est jou\u00e9 sur <strong>un trou d&rsquo;air de Quentin Halys \u00e0 6-5<\/strong>, avec un break blanc conc\u00e9d\u00e9 \u00e0 son adversaire qui s&rsquo;est ensuite empress\u00e9 de conclure le set. Le second set est all\u00e9 jusqu&rsquo;au tie-break, o\u00f9 c&rsquo;est cette fois le Fran\u00e7ais qui a pris le dessus en haussant son niveau de jeu. Mais dans la derni\u00e8re manche, celui-ci n&rsquo;a pas tenu le choc contre un Kotov qui n&rsquo;a pas baiss\u00e9 de r\u00e9gime une seule fois dans le match. <strong>Halys, probablement diminu\u00e9 par sa semaine derni\u00e8re en Australie et ses matchs \u00e0 rallonge cette semaine<\/strong>, <strong>s&rsquo;est inclin\u00e9 6\/3<\/strong>.<\/p>\n<p style=\"text-align: justify;\">Pour Halys, cette finale perdue n&rsquo;est malheureusement pas un cas isol\u00e9. C&rsquo;est la cinqui\u00e8me qu&rsquo;il perd d&rsquo;affil\u00e9e depuis avril 2018 et son titre \u00e0 Nanchang, en Chine. Le natif de Bondy semble avoir un <strong>blocage psychologique<\/strong> lors des matchs importants. Celui-ci se caract\u00e9rise par <strong>des trous d&rsquo;airs qui surviennent dans les moments chauds<\/strong>. Il ne parvient alors plus \u00e0 jouer avec confiance, et c&rsquo;est le bras tremblant qu&rsquo;il multiplie les fautes. Alors qu&rsquo;il joue parfaitement le reste du temps. Un ph\u00e9nom\u00e8ne qui s&rsquo;est illustr\u00e9 lors du dernier set de son 2\u00e8me tour des qualifications de l&rsquo;Open d&rsquo;Australie la semaine derni\u00e8re, et \u00e0 la fin du premier set aujourd&rsquo;hui. Des moments d&rsquo;absence qui lui co\u00fbtent cher, et qu&rsquo;il va devoir surmonter s&rsquo;il veut acc\u00e9der au Top 100. Avec ce nouveau titre de vice-champion, Halys va tout de m\u00eame monter au 145\u00e8me rang mondial d\u00e8s lundi.<\/p>\n<blockquote class=\"twitter-tweet\">\n<p dir=\"ltr\" lang=\"fr\">Halys a toutes les armes qu&rsquo;il faut. S&rsquo;il arrive \u00e0 corriger ce genre de trous d&rsquo;air, il pourra enfin viser le Top 100. Le mental, c&rsquo;est la seule chose qui lui manque<\/p>\n<p>Enzo Couacaud seul &#x1f1eb;&#x1f1f7; qualifi\u00e9 au 3\u00e8me tour, Lestienne et Andrianjafitrimo \u00e9limin\u00e9s plus t\u00f4t cette nuit<a href=\"https:\/\/twitter.com\/hashtag\/AusOpen?src=hash&amp;ref_src=twsrc%5Etfw\">#AusOpen<\/a><\/p>\n<p>\u2014 Tom Compayrot (@Tom_Cprt) <a href=\"https:\/\/twitter.com\/Tom_Cprt\/status\/1481165627868000257?ref_src=twsrc%5Etfw\">January 12, 2022<\/a><\/p><\/blockquote>\n<p><script async src=\"https:\/\/platform.twitter.com\/widgets.js\" charset=\"utf-8\"><\/script><\/p>\n","protected":false},"excerpt":{"rendered":"<p>ATP Challenger 2022 &#8211; \u00c0 peine de retour de Melbourne o\u00f9 il disputait les qualifications de l&rsquo;Open d&rsquo;Australie la semaine derni\u00e8re, Quentin Halys \u00e9tait \u00e0 l&rsquo;affiche de la finale du Challenger de Forli ce dimanche. Malheureusement pour lui, il est tomb\u00e9 sur plus fort face au jeune russe Pavel Kotov. D\u00e9fait 7-5 6-7 [5] 6-3, [&hellip;]<\/p>\n","protected":false},"author":13,"featured_media":193899,"comment_status":"open","ping_status":"closed","sticky":false,"template":"","format":"standard","meta":{"_acf_changed":false,"_daextam_enable_autolinks":"","footnotes":""},"categories":[2302],"tags":[18563,2477],"class_list":["post-193836","post","type-post","status-publish","format-standard","has-post-thumbnail","hentry","category-tennis","tag-francais-tennis","tag-quentin-halys"],"acf":[],"yoast_head":"<!-- This site is optimized with the Yoast SEO Premium plugin v26.7 (Yoast SEO v26.7) - https:\/\/yoast.com\/wordpress\/plugins\/seo\/ -->\n<title>ATP Challenger 2022 : La mal\u00e9diction des finales continue pour Quentin Halys<\/title>\n<meta name=\"description\" content=\"D\u00e9fait en finale du Challenger de Forli, Quentin Halys a perdu sa 5\u00e8me finale d&#039;affil\u00e9e. Il n&#039;a pas remport\u00e9 de titre depuis avril 2018.\" \/>\n<meta name=\"robots\" content=\"index, follow, max-snippet:-1, max-image-preview:large, max-video-preview:-1\" \/>\n<link rel=\"canonical\" href=\"https:\/\/dicodusport.fr\/blog\/atp-challenger-2022-la-malediction-des-finales-continue-pour-quentin-halys\/\" \/>\n<meta property=\"og:locale\" content=\"fr_FR\" \/>\n<meta property=\"og:type\" content=\"article\" \/>\n<meta property=\"og:title\" content=\"ATP Challenger 2022 : La mal\u00e9diction des finales continue pour Quentin Halys\" \/>\n<meta property=\"og:description\" content=\"D\u00e9fait en finale du Challenger de Forli, Quentin Halys a perdu sa 5\u00e8me finale d&#039;affil\u00e9e. Il n&#039;a pas remport\u00e9 de titre depuis avril 2018.\" \/>\n<meta property=\"og:url\" content=\"https:\/\/dicodusport.fr\/blog\/atp-challenger-2022-la-malediction-des-finales-continue-pour-quentin-halys\/\" \/>\n<meta property=\"og:site_name\" content=\"Dicodusport\" \/>\n<meta property=\"article:publisher\" content=\"https:\/\/www.facebook.com\/dicodusport\" \/>\n<meta property=\"article:published_time\" content=\"2022-01-23T18:33:15+00:00\" \/>\n<meta property=\"article:modified_time\" content=\"2022-01-23T19:05:41+00:00\" \/>\n<meta property=\"og:image\" content=\"https:\/\/dicodusport.fr\/blog\/wp-content\/uploads\/2022\/01\/atp-challenger-2022-la-malediction-des-finales-continue-pour-quentin-halys.png\" \/>\n\t<meta property=\"og:image:width\" content=\"800\" \/>\n\t<meta property=\"og:image:height\" content=\"445\" \/>\n\t<meta property=\"og:image:type\" content=\"image\/png\" \/>\n<meta name=\"author\" content=\"Tom Compayrot\" \/>\n<meta name=\"twitter:card\" content=\"summary_large_image\" \/>\n<meta name=\"twitter:title\" content=\"ATP Challenger 2022 : La mal\u00e9diction des finales continue pour Quentin Halys\" \/>\n<meta name=\"twitter:creator\" content=\"@https:\/\/twitter.com\/Tom_Cprt\" \/>\n<meta name=\"twitter:site\" content=\"@dicodusport\" \/>\n<script type=\"application\/ld+json\" class=\"yoast-schema-graph\">{\"@context\":\"https:\/\/schema.org\",\"@graph\":[{\"@type\":\"NewsArticle\",\"@id\":\"https:\/\/dicodusport.fr\/blog\/atp-challenger-2022-la-malediction-des-finales-continue-pour-quentin-halys\/#article\",\"isPartOf\":{\"@id\":\"https:\/\/dicodusport.fr\/blog\/atp-challenger-2022-la-malediction-des-finales-continue-pour-quentin-halys\/\"},\"author\":{\"name\":\"Tom Compayrot\",\"@id\":\"https:\/\/dicodusport.fr\/blog\/#\/schema\/person\/bf1e4f404e108bd2be5b447b16bde9a7\"},\"headline\":\"ATP Challenger 2022 : La mal\u00e9diction des finales continue pour Quentin Halys\",\"datePublished\":\"2022-01-23T18:33:15+00:00\",\"dateModified\":\"2022-01-23T19:05:41+00:00\",\"mainEntityOfPage\":{\"@id\":\"https:\/\/dicodusport.fr\/blog\/atp-challenger-2022-la-malediction-des-finales-continue-pour-quentin-halys\/\"},\"wordCount\":640,\"commentCount\":0,\"publisher\":{\"@id\":\"https:\/\/dicodusport.fr\/blog\/#organization\"},\"image\":{\"@id\":\"https:\/\/dicodusport.fr\/blog\/atp-challenger-2022-la-malediction-des-finales-continue-pour-quentin-halys\/#primaryimage\"},\"thumbnailUrl\":\"https:\/\/dicodusport.fr\/blog\/wp-content\/uploads\/2022\/01\/atp-challenger-2022-la-malediction-des-finales-continue-pour-quentin-halys.png\",\"keywords\":[\"fran\u00e7ais tennis\",\"Quentin Halys\"],\"articleSection\":[\"Tennis\"],\"inLanguage\":\"fr-FR\",\"potentialAction\":[{\"@type\":\"CommentAction\",\"name\":\"Comment\",\"target\":[\"https:\/\/dicodusport.fr\/blog\/atp-challenger-2022-la-malediction-des-finales-continue-pour-quentin-halys\/#respond\"]}],\"copyrightYear\":\"2022\",\"copyrightHolder\":{\"@id\":\"https:\/\/dicodusport.fr\/blog\/#organization\"}},{\"@type\":\"WebPage\",\"@id\":\"https:\/\/dicodusport.fr\/blog\/atp-challenger-2022-la-malediction-des-finales-continue-pour-quentin-halys\/\",\"url\":\"https:\/\/dicodusport.fr\/blog\/atp-challenger-2022-la-malediction-des-finales-continue-pour-quentin-halys\/\",\"name\":\"ATP Challenger 2022 : La mal\u00e9diction des finales continue pour Quentin Halys\",\"isPartOf\":{\"@id\":\"https:\/\/dicodusport.fr\/blog\/#website\"},\"primaryImageOfPage\":{\"@id\":\"https:\/\/dicodusport.fr\/blog\/atp-challenger-2022-la-malediction-des-finales-continue-pour-quentin-halys\/#primaryimage\"},\"image\":{\"@id\":\"https:\/\/dicodusport.fr\/blog\/atp-challenger-2022-la-malediction-des-finales-continue-pour-quentin-halys\/#primaryimage\"},\"thumbnailUrl\":\"https:\/\/dicodusport.fr\/blog\/wp-content\/uploads\/2022\/01\/atp-challenger-2022-la-malediction-des-finales-continue-pour-quentin-halys.png\",\"datePublished\":\"2022-01-23T18:33:15+00:00\",\"dateModified\":\"2022-01-23T19:05:41+00:00\",\"description\":\"D\u00e9fait en finale du Challenger de Forli, Quentin Halys a perdu sa 5\u00e8me finale d'affil\u00e9e. Il n'a pas remport\u00e9 de titre depuis avril 2018.\",\"breadcrumb\":{\"@id\":\"https:\/\/dicodusport.fr\/blog\/atp-challenger-2022-la-malediction-des-finales-continue-pour-quentin-halys\/#breadcrumb\"},\"inLanguage\":\"fr-FR\",\"potentialAction\":[{\"@type\":\"ReadAction\",\"target\":[\"https:\/\/dicodusport.fr\/blog\/atp-challenger-2022-la-malediction-des-finales-continue-pour-quentin-halys\/\"]}]},{\"@type\":\"ImageObject\",\"inLanguage\":\"fr-FR\",\"@id\":\"https:\/\/dicodusport.fr\/blog\/atp-challenger-2022-la-malediction-des-finales-continue-pour-quentin-halys\/#primaryimage\",\"url\":\"https:\/\/dicodusport.fr\/blog\/wp-content\/uploads\/2022\/01\/atp-challenger-2022-la-malediction-des-finales-continue-pour-quentin-halys.png\",\"contentUrl\":\"https:\/\/dicodusport.fr\/blog\/wp-content\/uploads\/2022\/01\/atp-challenger-2022-la-malediction-des-finales-continue-pour-quentin-halys.png\",\"width\":800,\"height\":445},{\"@type\":\"BreadcrumbList\",\"@id\":\"https:\/\/dicodusport.fr\/blog\/atp-challenger-2022-la-malediction-des-finales-continue-pour-quentin-halys\/#breadcrumb\",\"itemListElement\":[{\"@type\":\"ListItem\",\"position\":1,\"name\":\"Accueil\",\"item\":\"https:\/\/dicodusport.fr\/blog\/\"},{\"@type\":\"ListItem\",\"position\":2,\"name\":\"ATP Challenger 2022 : La mal\u00e9diction des finales continue pour Quentin Halys\"}]},{\"@type\":\"WebSite\",\"@id\":\"https:\/\/dicodusport.fr\/blog\/#website\",\"url\":\"https:\/\/dicodusport.fr\/blog\/\",\"name\":\"Dicodusport\",\"description\":\"L&#039;encyclop\u00e9die de l&#039;actualit\u00e9 sportive\",\"publisher\":{\"@id\":\"https:\/\/dicodusport.fr\/blog\/#organization\"},\"potentialAction\":[{\"@type\":\"SearchAction\",\"target\":{\"@type\":\"EntryPoint\",\"urlTemplate\":\"https:\/\/dicodusport.fr\/blog\/?s={search_term_string}\"},\"query-input\":{\"@type\":\"PropertyValueSpecification\",\"valueRequired\":true,\"valueName\":\"search_term_string\"}}],\"inLanguage\":\"fr-FR\"},{\"@type\":\"NewsMediaOrganization\",\"@id\":\"https:\/\/dicodusport.fr\/blog\/#organization\",\"name\":\"Dicodusport\",\"url\":\"https:\/\/dicodusport.fr\/blog\/\",\"logo\":{\"@type\":\"ImageObject\",\"inLanguage\":\"fr-FR\",\"@id\":\"https:\/\/dicodusport.fr\/blog\/#\/schema\/logo\/image\/\",\"url\":\"https:\/\/dicodusport.fr\/blog\/wp-content\/uploads\/2020\/06\/cropped-LOGO-DICODUSPORT-2020-SANS-FOND-SANS-TEXTE.png\",\"contentUrl\":\"https:\/\/dicodusport.fr\/blog\/wp-content\/uploads\/2020\/06\/cropped-LOGO-DICODUSPORT-2020-SANS-FOND-SANS-TEXTE.png\",\"width\":512,\"height\":512,\"caption\":\"Dicodusport\"},\"image\":{\"@id\":\"https:\/\/dicodusport.fr\/blog\/#\/schema\/logo\/image\/\"},\"sameAs\":[\"https:\/\/www.facebook.com\/dicodusport\",\"https:\/\/x.com\/dicodusport\",\"https:\/\/www.instagram.com\/dicodusport\/\",\"https:\/\/www.youtube.com\/channel\/UC7V2KZ5sd3htJivAbA4ZG3w\"],\"description\":\"Dicodusport est l'encyclop\u00e9die de l'actualit\u00e9 sportive.\",\"email\":\"bonjour@dicodusport.fr\",\"legalName\":\"DICODUSPORT\",\"foundingDate\":\"2018-01-14\",\"vatID\":\"FR71834470973\",\"taxID\":\"83447097300043\",\"numberOfEmployees\":{\"@type\":\"QuantitativeValue\",\"minValue\":\"1\",\"maxValue\":\"10\"}},{\"@type\":\"Person\",\"@id\":\"https:\/\/dicodusport.fr\/blog\/#\/schema\/person\/bf1e4f404e108bd2be5b447b16bde9a7\",\"name\":\"Tom Compayrot\",\"image\":{\"@type\":\"ImageObject\",\"inLanguage\":\"fr-FR\",\"@id\":\"https:\/\/dicodusport.fr\/blog\/#\/schema\/person\/image\/\",\"url\":\"https:\/\/dicodusport.fr\/blog\/wp-content\/uploads\/2021\/05\/Tom-Compayrot-150x150.jpg\",\"contentUrl\":\"https:\/\/dicodusport.fr\/blog\/wp-content\/uploads\/2021\/05\/Tom-Compayrot-150x150.jpg\",\"caption\":\"Tom Compayrot\"},\"description\":\"Journaliste\/r\u00e9dacteur depuis mars 2017 - Amoureux de la petite balle jaune et du gros ballon orange qui tra\u00eene sa carcasse sur Dicodusport depuis 2017. Rafael Nadal et LeBron James sont les meilleurs joueurs de l'histoire.\",\"sameAs\":[\"https:\/\/x.com\/https:\/\/twitter.com\/Tom_Cprt\"],\"url\":\"https:\/\/dicodusport.fr\/blog\/author\/tom\/\"}]}<\/script>\n<!-- \/ Yoast SEO Premium plugin. -->","yoast_head_json":{"title":"ATP Challenger 2022 : La mal\u00e9diction des finales continue pour Quentin Halys","description":"D\u00e9fait en finale du Challenger de Forli, Quentin Halys a perdu sa 5\u00e8me finale d'affil\u00e9e. Il n'a pas remport\u00e9 de titre depuis avril 2018.","robots":{"index":"index","follow":"follow","max-snippet":"max-snippet:-1","max-image-preview":"max-image-preview:large","max-video-preview":"max-video-preview:-1"},"canonical":"https:\/\/dicodusport.fr\/blog\/atp-challenger-2022-la-malediction-des-finales-continue-pour-quentin-halys\/","og_locale":"fr_FR","og_type":"article","og_title":"ATP Challenger 2022 : La mal\u00e9diction des finales continue pour Quentin Halys","og_description":"D\u00e9fait en finale du Challenger de Forli, Quentin Halys a perdu sa 5\u00e8me finale d'affil\u00e9e. Il n'a pas remport\u00e9 de titre depuis avril 2018.","og_url":"https:\/\/dicodusport.fr\/blog\/atp-challenger-2022-la-malediction-des-finales-continue-pour-quentin-halys\/","og_site_name":"Dicodusport","article_publisher":"https:\/\/www.facebook.com\/dicodusport","article_published_time":"2022-01-23T18:33:15+00:00","article_modified_time":"2022-01-23T19:05:41+00:00","og_image":[{"width":800,"height":445,"url":"https:\/\/dicodusport.fr\/blog\/wp-content\/uploads\/2022\/01\/atp-challenger-2022-la-malediction-des-finales-continue-pour-quentin-halys.png","type":"image\/png"}],"author":"Tom Compayrot","twitter_card":"summary_large_image","twitter_title":"ATP Challenger 2022 : La mal\u00e9diction des finales continue pour Quentin Halys","twitter_creator":"@https:\/\/twitter.com\/Tom_Cprt","twitter_site":"@dicodusport","schema":{"@context":"https:\/\/schema.org","@graph":[{"@type":"NewsArticle","@id":"https:\/\/dicodusport.fr\/blog\/atp-challenger-2022-la-malediction-des-finales-continue-pour-quentin-halys\/#article","isPartOf":{"@id":"https:\/\/dicodusport.fr\/blog\/atp-challenger-2022-la-malediction-des-finales-continue-pour-quentin-halys\/"},"author":{"name":"Tom Compayrot","@id":"https:\/\/dicodusport.fr\/blog\/#\/schema\/person\/bf1e4f404e108bd2be5b447b16bde9a7"},"headline":"ATP Challenger 2022 : La mal\u00e9diction des finales continue pour Quentin Halys","datePublished":"2022-01-23T18:33:15+00:00","dateModified":"2022-01-23T19:05:41+00:00","mainEntityOfPage":{"@id":"https:\/\/dicodusport.fr\/blog\/atp-challenger-2022-la-malediction-des-finales-continue-pour-quentin-halys\/"},"wordCount":640,"commentCount":0,"publisher":{"@id":"https:\/\/dicodusport.fr\/blog\/#organization"},"image":{"@id":"https:\/\/dicodusport.fr\/blog\/atp-challenger-2022-la-malediction-des-finales-continue-pour-quentin-halys\/#primaryimage"},"thumbnailUrl":"https:\/\/dicodusport.fr\/blog\/wp-content\/uploads\/2022\/01\/atp-challenger-2022-la-malediction-des-finales-continue-pour-quentin-halys.png","keywords":["fran\u00e7ais tennis","Quentin Halys"],"articleSection":["Tennis"],"inLanguage":"fr-FR","potentialAction":[{"@type":"CommentAction","name":"Comment","target":["https:\/\/dicodusport.fr\/blog\/atp-challenger-2022-la-malediction-des-finales-continue-pour-quentin-halys\/#respond"]}],"copyrightYear":"2022","copyrightHolder":{"@id":"https:\/\/dicodusport.fr\/blog\/#organization"}},{"@type":"WebPage","@id":"https:\/\/dicodusport.fr\/blog\/atp-challenger-2022-la-malediction-des-finales-continue-pour-quentin-halys\/","url":"https:\/\/dicodusport.fr\/blog\/atp-challenger-2022-la-malediction-des-finales-continue-pour-quentin-halys\/","name":"ATP Challenger 2022 : La mal\u00e9diction des finales continue pour Quentin Halys","isPartOf":{"@id":"https:\/\/dicodusport.fr\/blog\/#website"},"primaryImageOfPage":{"@id":"https:\/\/dicodusport.fr\/blog\/atp-challenger-2022-la-malediction-des-finales-continue-pour-quentin-halys\/#primaryimage"},"image":{"@id":"https:\/\/dicodusport.fr\/blog\/atp-challenger-2022-la-malediction-des-finales-continue-pour-quentin-halys\/#primaryimage"},"thumbnailUrl":"https:\/\/dicodusport.fr\/blog\/wp-content\/uploads\/2022\/01\/atp-challenger-2022-la-malediction-des-finales-continue-pour-quentin-halys.png","datePublished":"2022-01-23T18:33:15+00:00","dateModified":"2022-01-23T19:05:41+00:00","description":"D\u00e9fait en finale du Challenger de Forli, Quentin Halys a perdu sa 5\u00e8me finale d'affil\u00e9e. Il n'a pas remport\u00e9 de titre depuis avril 2018.","breadcrumb":{"@id":"https:\/\/dicodusport.fr\/blog\/atp-challenger-2022-la-malediction-des-finales-continue-pour-quentin-halys\/#breadcrumb"},"inLanguage":"fr-FR","potentialAction":[{"@type":"ReadAction","target":["https:\/\/dicodusport.fr\/blog\/atp-challenger-2022-la-malediction-des-finales-continue-pour-quentin-halys\/"]}]},{"@type":"ImageObject","inLanguage":"fr-FR","@id":"https:\/\/dicodusport.fr\/blog\/atp-challenger-2022-la-malediction-des-finales-continue-pour-quentin-halys\/#primaryimage","url":"https:\/\/dicodusport.fr\/blog\/wp-content\/uploads\/2022\/01\/atp-challenger-2022-la-malediction-des-finales-continue-pour-quentin-halys.png","contentUrl":"https:\/\/dicodusport.fr\/blog\/wp-content\/uploads\/2022\/01\/atp-challenger-2022-la-malediction-des-finales-continue-pour-quentin-halys.png","width":800,"height":445},{"@type":"BreadcrumbList","@id":"https:\/\/dicodusport.fr\/blog\/atp-challenger-2022-la-malediction-des-finales-continue-pour-quentin-halys\/#breadcrumb","itemListElement":[{"@type":"ListItem","position":1,"name":"Accueil","item":"https:\/\/dicodusport.fr\/blog\/"},{"@type":"ListItem","position":2,"name":"ATP Challenger 2022 : La mal\u00e9diction des finales continue pour Quentin Halys"}]},{"@type":"WebSite","@id":"https:\/\/dicodusport.fr\/blog\/#website","url":"https:\/\/dicodusport.fr\/blog\/","name":"Dicodusport","description":"L&#039;encyclop\u00e9die de l&#039;actualit\u00e9 sportive","publisher":{"@id":"https:\/\/dicodusport.fr\/blog\/#organization"},"potentialAction":[{"@type":"SearchAction","target":{"@type":"EntryPoint","urlTemplate":"https:\/\/dicodusport.fr\/blog\/?s={search_term_string}"},"query-input":{"@type":"PropertyValueSpecification","valueRequired":true,"valueName":"search_term_string"}}],"inLanguage":"fr-FR"},{"@type":"NewsMediaOrganization","@id":"https:\/\/dicodusport.fr\/blog\/#organization","name":"Dicodusport","url":"https:\/\/dicodusport.fr\/blog\/","logo":{"@type":"ImageObject","inLanguage":"fr-FR","@id":"https:\/\/dicodusport.fr\/blog\/#\/schema\/logo\/image\/","url":"https:\/\/dicodusport.fr\/blog\/wp-content\/uploads\/2020\/06\/cropped-LOGO-DICODUSPORT-2020-SANS-FOND-SANS-TEXTE.png","contentUrl":"https:\/\/dicodusport.fr\/blog\/wp-content\/uploads\/2020\/06\/cropped-LOGO-DICODUSPORT-2020-SANS-FOND-SANS-TEXTE.png","width":512,"height":512,"caption":"Dicodusport"},"image":{"@id":"https:\/\/dicodusport.fr\/blog\/#\/schema\/logo\/image\/"},"sameAs":["https:\/\/www.facebook.com\/dicodusport","https:\/\/x.com\/dicodusport","https:\/\/www.instagram.com\/dicodusport\/","https:\/\/www.youtube.com\/channel\/UC7V2KZ5sd3htJivAbA4ZG3w"],"description":"Dicodusport est l'encyclop\u00e9die de l'actualit\u00e9 sportive.","email":"bonjour@dicodusport.fr","legalName":"DICODUSPORT","foundingDate":"2018-01-14","vatID":"FR71834470973","taxID":"83447097300043","numberOfEmployees":{"@type":"QuantitativeValue","minValue":"1","maxValue":"10"}},{"@type":"Person","@id":"https:\/\/dicodusport.fr\/blog\/#\/schema\/person\/bf1e4f404e108bd2be5b447b16bde9a7","name":"Tom Compayrot","image":{"@type":"ImageObject","inLanguage":"fr-FR","@id":"https:\/\/dicodusport.fr\/blog\/#\/schema\/person\/image\/","url":"https:\/\/dicodusport.fr\/blog\/wp-content\/uploads\/2021\/05\/Tom-Compayrot-150x150.jpg","contentUrl":"https:\/\/dicodusport.fr\/blog\/wp-content\/uploads\/2021\/05\/Tom-Compayrot-150x150.jpg","caption":"Tom Compayrot"},"description":"Journaliste\/r\u00e9dacteur depuis mars 2017 - Amoureux de la petite balle jaune et du gros ballon orange qui tra\u00eene sa carcasse sur Dicodusport depuis 2017. Rafael Nadal et LeBron James sont les meilleurs joueurs de l'histoire.","sameAs":["https:\/\/x.com\/https:\/\/twitter.com\/Tom_Cprt"],"url":"https:\/\/dicodusport.fr\/blog\/author\/tom\/"}]}},"_links":{"self":[{"href":"https:\/\/dicodusport.fr\/blog\/wp-json\/wp\/v2\/posts\/193836","targetHints":{"allow":["GET"]}}],"collection":[{"href":"https:\/\/dicodusport.fr\/blog\/wp-json\/wp\/v2\/posts"}],"about":[{"href":"https:\/\/dicodusport.fr\/blog\/wp-json\/wp\/v2\/types\/post"}],"author":[{"embeddable":true,"href":"https:\/\/dicodusport.fr\/blog\/wp-json\/wp\/v2\/users\/13"}],"replies":[{"embeddable":true,"href":"https:\/\/dicodusport.fr\/blog\/wp-json\/wp\/v2\/comments?post=193836"}],"version-history":[{"count":0,"href":"https:\/\/dicodusport.fr\/blog\/wp-json\/wp\/v2\/posts\/193836\/revisions"}],"wp:featuredmedia":[{"embeddable":true,"href":"https:\/\/dicodusport.fr\/blog\/wp-json\/wp\/v2\/media\/193899"}],"wp:attachment":[{"href":"https:\/\/dicodusport.fr\/blog\/wp-json\/wp\/v2\/media?parent=193836"}],"wp:term":[{"taxonomy":"category","embeddable":true,"href":"https:\/\/dicodusport.fr\/blog\/wp-json\/wp\/v2\/categories?post=193836"},{"taxonomy":"post_tag","embeddable":true,"href":"https:\/\/dicodusport.fr\/blog\/wp-json\/wp\/v2\/tags?post=193836"}],"curies":[{"name":"wp","href":"https:\/\/api.w.org\/{rel}","templated":true}]}}