{"id":193957,"date":"2022-01-24T13:09:03","date_gmt":"2022-01-24T12:09:03","guid":{"rendered":"https:\/\/dicodusport.fr\/blog\/?p=193957&#038;preview=true&#038;preview_id=193957"},"modified":"2022-01-24T13:09:03","modified_gmt":"2022-01-24T12:09:03","slug":"atp-challenger-2022-jo-wilfried-tsonga-de-retour-a-la-competition-a-quimper","status":"publish","type":"post","link":"https:\/\/dicodusport.fr\/blog\/atp-challenger-2022-jo-wilfried-tsonga-de-retour-a-la-competition-a-quimper\/","title":{"rendered":"ATP Challenger 2022 : Jo-Wilfried Tsonga de retour \u00e0 la comp\u00e9tition \u00e0 Quimper"},"content":{"rendered":"<p style=\"text-align: justify;\"><strong><em><a href=\"https:\/\/dicodusport.fr\/blog\/?s=challenger\">ATP Challenger 2022<\/a> &#8211; Alors que les v\u00e9t\u00e9rans fran\u00e7ais <a href=\"https:\/\/dicodusport.fr\/blog\/open-daustralie-alize-cornet-fait-craquer-simona-halep-et-se-qualifie-pour-les-quarts-de-finale\/\">sont \u00e0 la f\u00eate \u00e0 l&rsquo;Open d&rsquo;Australie<\/a>, il en est un autre qui est bien loin de cette forme. Apr\u00e8s sept mois sans disputer de matchs \u00e0 cause de plusieurs blessures, Jo-Wilfried Tsonga va reprendre la comp\u00e9tition ce soir. Le Manceau, aujourd&rsquo;hui 260\u00e8me mondial, va faire son retour au Challenger de Quimper. Il affrontera le Suisse Marc-Andrea Huesler (n\u00b0183) aux alentours de 20h.<\/em><\/strong><\/p>\n<p style=\"text-align: justify;\">On avait quitt\u00e9 <strong>Jo-Wilfried Tsonga<\/strong> en bien mauvaise posture. Le Manceau n&rsquo;a disput\u00e9 que <strong>deux petits matchs en 2020, et huit en 2021<\/strong>. Depuis deux ans maintenant, il encha\u00eene les p\u00e9pins physiques et blessures. La derni\u00e8re en date, une d\u00e9chirure au mollet, l&rsquo;a priv\u00e9 de disputer l&rsquo;US Open en ao\u00fbt dernier, alors qu&rsquo;il avait pu prendre part \u00e0 Roland-Garros et Wimbledon (\u00e9limin\u00e9 au premier tour \u00e0 chaque fois). Il a ensuite mis fin \u00e0 sa saison <strong>afin de se pr\u00e9parer au mieux pour l&rsquo;ann\u00e9e 2022<\/strong>. Il a seulement disput\u00e9 quelques matchs d&rsquo;exhibition fin d\u00e9cembre afin de se tester. Apr\u00e8s ceux-ci, il s&rsquo;est d\u00e9clar\u00e9 <a href=\"https:\/\/www.letelegramme.fr\/tennis\/tsonga-je-n-ai-aucune-certitude-22-01-2022-12909070.php\">aupr\u00e8s du T\u00e9l\u00e9gramme<\/a> <em>\u00ab mieux physiquement qu&rsquo;il y a 6 mois \u00bb<\/em> pr\u00e9cisant toutefois n&rsquo;avoir<strong><em> \u00ab aucune certitude sur son jeu. \u00bb<\/em><\/strong>.<\/p>\n<blockquote class=\"twitter-tweet\">\n<p dir=\"ltr\" lang=\"fr\">&#x1f3be; Presque sept mois apr\u00e8s son dernier match officiel \u00e0 Wimbledon, l\u2019ancien N.5 mondial Jo-Wilfried Tsonga va reprendre la comp\u00e9tition lors de l\u2019Open de Quimper. <a href=\"https:\/\/t.co\/88DwmEB5BT\">https:\/\/t.co\/88DwmEB5BT<\/a> <a href=\"https:\/\/t.co\/7nOabJKHqB\">pic.twitter.com\/7nOabJKHqB<\/a><\/p>\n<p>\u2014 Le T\u00e9l\u00e9gramme Sport (@TelegrammeSport) <a href=\"https:\/\/twitter.com\/TelegrammeSport\/status\/1484975342762745858?ref_src=twsrc%5Etfw\">January 22, 2022<\/a><\/p><\/blockquote>\n<p><script async src=\"https:\/\/platform.twitter.com\/widgets.js\" charset=\"utf-8\"><\/script><\/p>\n<p style=\"text-align: justify;\">N&rsquo;ayant pas obtenu de wild-card \u00e0 l&rsquo;Open d&rsquo;Australie malgr\u00e9 sa demande, c&rsquo;est finalement sur un Challenger que Tsonga va donner le coup d&rsquo;envoi de sa saison. Pour participer au tournoi finist\u00e9rien, <strong>il a b\u00e9n\u00e9fici\u00e9 d&rsquo;une wild-card<\/strong>. Class\u00e9 260\u00e8me mondial, il \u00e9tait trop court pour le tableau principal et aurait d\u00fb disputer les deux matchs de qualification. L&rsquo;ex-n\u00b05 mondial n&rsquo;a cependant<strong> pas eu le tirage le plus simple<\/strong>. Son adversaire au premier tour, le suisse <strong>Huesler<\/strong>, est un adversaire pi\u00e9gieux. Il encha\u00eene les tournois r\u00e9ussis au niveau Challenger depuis quelques mois, notamment en indoor.<\/p>\n<p style=\"text-align: justify;\">Mais c&rsquo;est surtout au second tour que la t\u00e2che se compliquera, puisque Tsonga pourrait affronter son ami <strong>Pierre-Hugues Herbert<\/strong>. Ce dernier, 112\u00e8me mondial, est la t\u00eate de s\u00e9rie n\u00b02 du tournoi. Comme il l&rsquo;a expliqu\u00e9 au T\u00e9l\u00e9gramme, le Manceau ne va pas se mettre de pression : <em>\u00ab <strong>Un tournoi r\u00e9ussi serait de gagner un ou deux matchs<\/strong>, ou m\u00eame de faire un match complet o\u00f9 je pourrais me donner \u00e0 fond, sans douleur. \u00bb<\/em><\/p>\n<h2 style=\"text-align: justify;\">Un casting all-star \u00e0 Quimper<\/h2>\n<p style=\"text-align: justify;\">Tsonga n&rsquo;est pas le seul nom connu du grand public dans ce tableau. D&rsquo;autres Tricolores profitent du premier tournoi sur le sol hexagonal cette saison pour se relancer. <strong>Lucas Pouille <\/strong>et<strong> Gilles Simon<\/strong> seront notamment de la partie. Le premier jouera contre son compatriote Maxime Janvier cet apr\u00e8s-midi, tandis que le second &#8211; qui a profit\u00e9 d&rsquo;une wild-card &#8211; sera oppos\u00e9 demain au jeune polonais Zuk. <strong>Luca Van Assche<\/strong>, vainqueur de Roland-Garros Junior l&rsquo;ann\u00e9e derni\u00e8re, a lui aussi b\u00e9n\u00e9fici\u00e9 d&rsquo;une invitation. Des joueurs internationaux ex-membres du Top 30 (Damir Dzumhur, Joao Sousa et Vasek Pospisil) seront aussi \u00e0 Quimper pour retrouver du rythme. Une pr\u00e9paration parfaite avant d&rsquo;attaquer la saison des tournois ATP en indoor.<\/p>\n<blockquote class=\"twitter-tweet\">\n<p dir=\"ltr\" lang=\"fr\">&#x1f51c; Ne manquez pas ces deux matchs demain&#x2757;&#xfe0f;A suivre en direct sur notre page Facebook &#x2757;&#xfe0f;<a href=\"https:\/\/twitter.com\/la_pouille?ref_src=twsrc%5Etfw\">@la_pouille<\/a> &#x1f19a; Maxime Janvier \u00e0 18 heures<a href=\"https:\/\/twitter.com\/tsonga7?ref_src=twsrc%5Etfw\">@tsonga7<\/a> &#x1f19a; Marc-Andrea Huesler \u00e0 19h30<\/p>\n<p>&#x1f517; <a href=\"https:\/\/t.co\/EBrbY43w0r\">https:\/\/t.co\/EBrbY43w0r<\/a><a href=\"https:\/\/twitter.com\/hashtag\/staytuned?src=hash&amp;ref_src=twsrc%5Etfw\">#staytuned<\/a> <a href=\"https:\/\/twitter.com\/hashtag\/opendequimper?src=hash&amp;ref_src=twsrc%5Etfw\">#opendequimper<\/a><br \/>\n&#x1f4f8; Marion Mochet <a href=\"https:\/\/t.co\/FEisyQbeYH\">pic.twitter.com\/FEisyQbeYH<\/a><\/p>\n<p>\u2014 Open de Quimper Bretagne Occidentale (@OpendeQuimper) <a href=\"https:\/\/twitter.com\/OpendeQuimper\/status\/1485304198698835977?ref_src=twsrc%5Etfw\">January 23, 2022<\/a><\/p><\/blockquote>\n<p><script async src=\"https:\/\/platform.twitter.com\/widgets.js\" charset=\"utf-8\"><\/script><\/p>\n","protected":false},"excerpt":{"rendered":"<p>ATP Challenger 2022 &#8211; Alors que les v\u00e9t\u00e9rans fran\u00e7ais sont \u00e0 la f\u00eate \u00e0 l&rsquo;Open d&rsquo;Australie, il en est un autre qui est bien loin de cette forme. Apr\u00e8s sept mois sans disputer de matchs \u00e0 cause de plusieurs blessures, Jo-Wilfried Tsonga va reprendre la comp\u00e9tition ce soir. Le Manceau, aujourd&rsquo;hui 260\u00e8me mondial, va faire [&hellip;]<\/p>\n","protected":false},"author":13,"featured_media":194018,"comment_status":"open","ping_status":"closed","sticky":false,"template":"","format":"standard","meta":{"_acf_changed":false,"_daextam_enable_autolinks":"","footnotes":""},"categories":[2302],"tags":[18563,2543],"class_list":["post-193957","post","type-post","status-publish","format-standard","has-post-thumbnail","hentry","category-tennis","tag-francais-tennis","tag-jo-wilfried-tsonga"],"acf":[],"yoast_head":"<!-- This site is optimized with the Yoast SEO Premium plugin v26.7 (Yoast SEO v26.7) - https:\/\/yoast.com\/wordpress\/plugins\/seo\/ -->\n<title>ATP Challenger 2022 : Jo-Wilfried Tsonga de retour \u00e0 la comp\u00e9tition \u00e0 Quimper<\/title>\n<meta name=\"description\" content=\"Apr\u00e8s 7 mois sans disputer le moindre match \u00e0 cause de plusieurs blessures, Jo-Wilfried Tsonga va reprendre la comp\u00e9tition ce soir \u00e0 Quimper.\" \/>\n<meta name=\"robots\" content=\"index, follow, max-snippet:-1, max-image-preview:large, max-video-preview:-1\" \/>\n<link rel=\"canonical\" href=\"https:\/\/dicodusport.fr\/blog\/atp-challenger-2022-jo-wilfried-tsonga-de-retour-a-la-competition-a-quimper\/\" \/>\n<meta property=\"og:locale\" content=\"fr_FR\" \/>\n<meta property=\"og:type\" content=\"article\" \/>\n<meta property=\"og:title\" content=\"ATP Challenger 2022 : Jo-Wilfried Tsonga de retour \u00e0 la comp\u00e9tition \u00e0 Quimper\" \/>\n<meta property=\"og:description\" content=\"Apr\u00e8s 7 mois sans disputer le moindre match \u00e0 cause de plusieurs blessures, Jo-Wilfried Tsonga va reprendre la comp\u00e9tition ce soir \u00e0 Quimper.\" \/>\n<meta property=\"og:url\" content=\"https:\/\/dicodusport.fr\/blog\/atp-challenger-2022-jo-wilfried-tsonga-de-retour-a-la-competition-a-quimper\/\" \/>\n<meta property=\"og:site_name\" content=\"Dicodusport\" \/>\n<meta property=\"article:publisher\" content=\"https:\/\/www.facebook.com\/dicodusport\" \/>\n<meta property=\"article:published_time\" content=\"2022-01-24T12:09:03+00:00\" \/>\n<meta property=\"og:image\" content=\"https:\/\/dicodusport.fr\/blog\/wp-content\/uploads\/2022\/01\/atp-challenger-2022-jo-wilfried-tsonga-de-retour-a-la-competition-a-quimper.png\" \/>\n\t<meta property=\"og:image:width\" content=\"800\" \/>\n\t<meta property=\"og:image:height\" content=\"445\" \/>\n\t<meta property=\"og:image:type\" content=\"image\/png\" \/>\n<meta name=\"author\" content=\"Tom Compayrot\" \/>\n<meta name=\"twitter:card\" content=\"summary_large_image\" \/>\n<meta name=\"twitter:title\" content=\"ATP Challenger 2022 : Jo-Wilfried Tsonga de retour \u00e0 la comp\u00e9tition \u00e0 Quimper\" \/>\n<meta name=\"twitter:creator\" content=\"@https:\/\/twitter.com\/Tom_Cprt\" \/>\n<meta name=\"twitter:site\" content=\"@dicodusport\" \/>\n<script type=\"application\/ld+json\" class=\"yoast-schema-graph\">{\"@context\":\"https:\/\/schema.org\",\"@graph\":[{\"@type\":\"NewsArticle\",\"@id\":\"https:\/\/dicodusport.fr\/blog\/atp-challenger-2022-jo-wilfried-tsonga-de-retour-a-la-competition-a-quimper\/#article\",\"isPartOf\":{\"@id\":\"https:\/\/dicodusport.fr\/blog\/atp-challenger-2022-jo-wilfried-tsonga-de-retour-a-la-competition-a-quimper\/\"},\"author\":{\"name\":\"Tom Compayrot\",\"@id\":\"https:\/\/dicodusport.fr\/blog\/#\/schema\/person\/bf1e4f404e108bd2be5b447b16bde9a7\"},\"headline\":\"ATP Challenger 2022 : Jo-Wilfried Tsonga de retour \u00e0 la comp\u00e9tition \u00e0 Quimper\",\"datePublished\":\"2022-01-24T12:09:03+00:00\",\"mainEntityOfPage\":{\"@id\":\"https:\/\/dicodusport.fr\/blog\/atp-challenger-2022-jo-wilfried-tsonga-de-retour-a-la-competition-a-quimper\/\"},\"wordCount\":650,\"commentCount\":0,\"publisher\":{\"@id\":\"https:\/\/dicodusport.fr\/blog\/#organization\"},\"image\":{\"@id\":\"https:\/\/dicodusport.fr\/blog\/atp-challenger-2022-jo-wilfried-tsonga-de-retour-a-la-competition-a-quimper\/#primaryimage\"},\"thumbnailUrl\":\"https:\/\/dicodusport.fr\/blog\/wp-content\/uploads\/2022\/01\/atp-challenger-2022-jo-wilfried-tsonga-de-retour-a-la-competition-a-quimper.png\",\"keywords\":[\"fran\u00e7ais tennis\",\"Jo-Wilfried Tsonga\"],\"articleSection\":[\"Tennis\"],\"inLanguage\":\"fr-FR\",\"potentialAction\":[{\"@type\":\"CommentAction\",\"name\":\"Comment\",\"target\":[\"https:\/\/dicodusport.fr\/blog\/atp-challenger-2022-jo-wilfried-tsonga-de-retour-a-la-competition-a-quimper\/#respond\"]}],\"copyrightYear\":\"2022\",\"copyrightHolder\":{\"@id\":\"https:\/\/dicodusport.fr\/blog\/#organization\"}},{\"@type\":\"WebPage\",\"@id\":\"https:\/\/dicodusport.fr\/blog\/atp-challenger-2022-jo-wilfried-tsonga-de-retour-a-la-competition-a-quimper\/\",\"url\":\"https:\/\/dicodusport.fr\/blog\/atp-challenger-2022-jo-wilfried-tsonga-de-retour-a-la-competition-a-quimper\/\",\"name\":\"ATP Challenger 2022 : Jo-Wilfried Tsonga de retour \u00e0 la comp\u00e9tition \u00e0 Quimper\",\"isPartOf\":{\"@id\":\"https:\/\/dicodusport.fr\/blog\/#website\"},\"primaryImageOfPage\":{\"@id\":\"https:\/\/dicodusport.fr\/blog\/atp-challenger-2022-jo-wilfried-tsonga-de-retour-a-la-competition-a-quimper\/#primaryimage\"},\"image\":{\"@id\":\"https:\/\/dicodusport.fr\/blog\/atp-challenger-2022-jo-wilfried-tsonga-de-retour-a-la-competition-a-quimper\/#primaryimage\"},\"thumbnailUrl\":\"https:\/\/dicodusport.fr\/blog\/wp-content\/uploads\/2022\/01\/atp-challenger-2022-jo-wilfried-tsonga-de-retour-a-la-competition-a-quimper.png\",\"datePublished\":\"2022-01-24T12:09:03+00:00\",\"description\":\"Apr\u00e8s 7 mois sans disputer le moindre match \u00e0 cause de plusieurs blessures, Jo-Wilfried Tsonga va reprendre la comp\u00e9tition ce soir \u00e0 Quimper.\",\"breadcrumb\":{\"@id\":\"https:\/\/dicodusport.fr\/blog\/atp-challenger-2022-jo-wilfried-tsonga-de-retour-a-la-competition-a-quimper\/#breadcrumb\"},\"inLanguage\":\"fr-FR\",\"potentialAction\":[{\"@type\":\"ReadAction\",\"target\":[\"https:\/\/dicodusport.fr\/blog\/atp-challenger-2022-jo-wilfried-tsonga-de-retour-a-la-competition-a-quimper\/\"]}]},{\"@type\":\"ImageObject\",\"inLanguage\":\"fr-FR\",\"@id\":\"https:\/\/dicodusport.fr\/blog\/atp-challenger-2022-jo-wilfried-tsonga-de-retour-a-la-competition-a-quimper\/#primaryimage\",\"url\":\"https:\/\/dicodusport.fr\/blog\/wp-content\/uploads\/2022\/01\/atp-challenger-2022-jo-wilfried-tsonga-de-retour-a-la-competition-a-quimper.png\",\"contentUrl\":\"https:\/\/dicodusport.fr\/blog\/wp-content\/uploads\/2022\/01\/atp-challenger-2022-jo-wilfried-tsonga-de-retour-a-la-competition-a-quimper.png\",\"width\":800,\"height\":445},{\"@type\":\"BreadcrumbList\",\"@id\":\"https:\/\/dicodusport.fr\/blog\/atp-challenger-2022-jo-wilfried-tsonga-de-retour-a-la-competition-a-quimper\/#breadcrumb\",\"itemListElement\":[{\"@type\":\"ListItem\",\"position\":1,\"name\":\"Accueil\",\"item\":\"https:\/\/dicodusport.fr\/blog\/\"},{\"@type\":\"ListItem\",\"position\":2,\"name\":\"ATP Challenger 2022 : Jo-Wilfried Tsonga de retour \u00e0 la comp\u00e9tition \u00e0 Quimper\"}]},{\"@type\":\"WebSite\",\"@id\":\"https:\/\/dicodusport.fr\/blog\/#website\",\"url\":\"https:\/\/dicodusport.fr\/blog\/\",\"name\":\"Dicodusport\",\"description\":\"L&#039;encyclop\u00e9die de l&#039;actualit\u00e9 sportive\",\"publisher\":{\"@id\":\"https:\/\/dicodusport.fr\/blog\/#organization\"},\"potentialAction\":[{\"@type\":\"SearchAction\",\"target\":{\"@type\":\"EntryPoint\",\"urlTemplate\":\"https:\/\/dicodusport.fr\/blog\/?s={search_term_string}\"},\"query-input\":{\"@type\":\"PropertyValueSpecification\",\"valueRequired\":true,\"valueName\":\"search_term_string\"}}],\"inLanguage\":\"fr-FR\"},{\"@type\":\"NewsMediaOrganization\",\"@id\":\"https:\/\/dicodusport.fr\/blog\/#organization\",\"name\":\"Dicodusport\",\"url\":\"https:\/\/dicodusport.fr\/blog\/\",\"logo\":{\"@type\":\"ImageObject\",\"inLanguage\":\"fr-FR\",\"@id\":\"https:\/\/dicodusport.fr\/blog\/#\/schema\/logo\/image\/\",\"url\":\"https:\/\/dicodusport.fr\/blog\/wp-content\/uploads\/2020\/06\/cropped-LOGO-DICODUSPORT-2020-SANS-FOND-SANS-TEXTE.png\",\"contentUrl\":\"https:\/\/dicodusport.fr\/blog\/wp-content\/uploads\/2020\/06\/cropped-LOGO-DICODUSPORT-2020-SANS-FOND-SANS-TEXTE.png\",\"width\":512,\"height\":512,\"caption\":\"Dicodusport\"},\"image\":{\"@id\":\"https:\/\/dicodusport.fr\/blog\/#\/schema\/logo\/image\/\"},\"sameAs\":[\"https:\/\/www.facebook.com\/dicodusport\",\"https:\/\/x.com\/dicodusport\",\"https:\/\/www.instagram.com\/dicodusport\/\",\"https:\/\/www.youtube.com\/channel\/UC7V2KZ5sd3htJivAbA4ZG3w\"],\"description\":\"Dicodusport est l'encyclop\u00e9die de l'actualit\u00e9 sportive.\",\"email\":\"bonjour@dicodusport.fr\",\"legalName\":\"DICODUSPORT\",\"foundingDate\":\"2018-01-14\",\"vatID\":\"FR71834470973\",\"taxID\":\"83447097300043\",\"numberOfEmployees\":{\"@type\":\"QuantitativeValue\",\"minValue\":\"1\",\"maxValue\":\"10\"}},{\"@type\":\"Person\",\"@id\":\"https:\/\/dicodusport.fr\/blog\/#\/schema\/person\/bf1e4f404e108bd2be5b447b16bde9a7\",\"name\":\"Tom Compayrot\",\"image\":{\"@type\":\"ImageObject\",\"inLanguage\":\"fr-FR\",\"@id\":\"https:\/\/dicodusport.fr\/blog\/#\/schema\/person\/image\/\",\"url\":\"https:\/\/dicodusport.fr\/blog\/wp-content\/uploads\/2021\/05\/Tom-Compayrot-150x150.jpg\",\"contentUrl\":\"https:\/\/dicodusport.fr\/blog\/wp-content\/uploads\/2021\/05\/Tom-Compayrot-150x150.jpg\",\"caption\":\"Tom Compayrot\"},\"description\":\"Journaliste\/r\u00e9dacteur depuis mars 2017 - Amoureux de la petite balle jaune et du gros ballon orange qui tra\u00eene sa carcasse sur Dicodusport depuis 2017. Rafael Nadal et LeBron James sont les meilleurs joueurs de l'histoire.\",\"sameAs\":[\"https:\/\/x.com\/https:\/\/twitter.com\/Tom_Cprt\"],\"url\":\"https:\/\/dicodusport.fr\/blog\/author\/tom\/\"}]}<\/script>\n<!-- \/ Yoast SEO Premium plugin. -->","yoast_head_json":{"title":"ATP Challenger 2022 : Jo-Wilfried Tsonga de retour \u00e0 la comp\u00e9tition \u00e0 Quimper","description":"Apr\u00e8s 7 mois sans disputer le moindre match \u00e0 cause de plusieurs blessures, Jo-Wilfried Tsonga va reprendre la comp\u00e9tition ce soir \u00e0 Quimper.","robots":{"index":"index","follow":"follow","max-snippet":"max-snippet:-1","max-image-preview":"max-image-preview:large","max-video-preview":"max-video-preview:-1"},"canonical":"https:\/\/dicodusport.fr\/blog\/atp-challenger-2022-jo-wilfried-tsonga-de-retour-a-la-competition-a-quimper\/","og_locale":"fr_FR","og_type":"article","og_title":"ATP Challenger 2022 : Jo-Wilfried Tsonga de retour \u00e0 la comp\u00e9tition \u00e0 Quimper","og_description":"Apr\u00e8s 7 mois sans disputer le moindre match \u00e0 cause de plusieurs blessures, Jo-Wilfried Tsonga va reprendre la comp\u00e9tition ce soir \u00e0 Quimper.","og_url":"https:\/\/dicodusport.fr\/blog\/atp-challenger-2022-jo-wilfried-tsonga-de-retour-a-la-competition-a-quimper\/","og_site_name":"Dicodusport","article_publisher":"https:\/\/www.facebook.com\/dicodusport","article_published_time":"2022-01-24T12:09:03+00:00","og_image":[{"width":800,"height":445,"url":"https:\/\/dicodusport.fr\/blog\/wp-content\/uploads\/2022\/01\/atp-challenger-2022-jo-wilfried-tsonga-de-retour-a-la-competition-a-quimper.png","type":"image\/png"}],"author":"Tom Compayrot","twitter_card":"summary_large_image","twitter_title":"ATP Challenger 2022 : Jo-Wilfried Tsonga de retour \u00e0 la comp\u00e9tition \u00e0 Quimper","twitter_creator":"@https:\/\/twitter.com\/Tom_Cprt","twitter_site":"@dicodusport","schema":{"@context":"https:\/\/schema.org","@graph":[{"@type":"NewsArticle","@id":"https:\/\/dicodusport.fr\/blog\/atp-challenger-2022-jo-wilfried-tsonga-de-retour-a-la-competition-a-quimper\/#article","isPartOf":{"@id":"https:\/\/dicodusport.fr\/blog\/atp-challenger-2022-jo-wilfried-tsonga-de-retour-a-la-competition-a-quimper\/"},"author":{"name":"Tom Compayrot","@id":"https:\/\/dicodusport.fr\/blog\/#\/schema\/person\/bf1e4f404e108bd2be5b447b16bde9a7"},"headline":"ATP Challenger 2022 : Jo-Wilfried Tsonga de retour \u00e0 la comp\u00e9tition \u00e0 Quimper","datePublished":"2022-01-24T12:09:03+00:00","mainEntityOfPage":{"@id":"https:\/\/dicodusport.fr\/blog\/atp-challenger-2022-jo-wilfried-tsonga-de-retour-a-la-competition-a-quimper\/"},"wordCount":650,"commentCount":0,"publisher":{"@id":"https:\/\/dicodusport.fr\/blog\/#organization"},"image":{"@id":"https:\/\/dicodusport.fr\/blog\/atp-challenger-2022-jo-wilfried-tsonga-de-retour-a-la-competition-a-quimper\/#primaryimage"},"thumbnailUrl":"https:\/\/dicodusport.fr\/blog\/wp-content\/uploads\/2022\/01\/atp-challenger-2022-jo-wilfried-tsonga-de-retour-a-la-competition-a-quimper.png","keywords":["fran\u00e7ais tennis","Jo-Wilfried Tsonga"],"articleSection":["Tennis"],"inLanguage":"fr-FR","potentialAction":[{"@type":"CommentAction","name":"Comment","target":["https:\/\/dicodusport.fr\/blog\/atp-challenger-2022-jo-wilfried-tsonga-de-retour-a-la-competition-a-quimper\/#respond"]}],"copyrightYear":"2022","copyrightHolder":{"@id":"https:\/\/dicodusport.fr\/blog\/#organization"}},{"@type":"WebPage","@id":"https:\/\/dicodusport.fr\/blog\/atp-challenger-2022-jo-wilfried-tsonga-de-retour-a-la-competition-a-quimper\/","url":"https:\/\/dicodusport.fr\/blog\/atp-challenger-2022-jo-wilfried-tsonga-de-retour-a-la-competition-a-quimper\/","name":"ATP Challenger 2022 : Jo-Wilfried Tsonga de retour \u00e0 la comp\u00e9tition \u00e0 Quimper","isPartOf":{"@id":"https:\/\/dicodusport.fr\/blog\/#website"},"primaryImageOfPage":{"@id":"https:\/\/dicodusport.fr\/blog\/atp-challenger-2022-jo-wilfried-tsonga-de-retour-a-la-competition-a-quimper\/#primaryimage"},"image":{"@id":"https:\/\/dicodusport.fr\/blog\/atp-challenger-2022-jo-wilfried-tsonga-de-retour-a-la-competition-a-quimper\/#primaryimage"},"thumbnailUrl":"https:\/\/dicodusport.fr\/blog\/wp-content\/uploads\/2022\/01\/atp-challenger-2022-jo-wilfried-tsonga-de-retour-a-la-competition-a-quimper.png","datePublished":"2022-01-24T12:09:03+00:00","description":"Apr\u00e8s 7 mois sans disputer le moindre match \u00e0 cause de plusieurs blessures, Jo-Wilfried Tsonga va reprendre la comp\u00e9tition ce soir \u00e0 Quimper.","breadcrumb":{"@id":"https:\/\/dicodusport.fr\/blog\/atp-challenger-2022-jo-wilfried-tsonga-de-retour-a-la-competition-a-quimper\/#breadcrumb"},"inLanguage":"fr-FR","potentialAction":[{"@type":"ReadAction","target":["https:\/\/dicodusport.fr\/blog\/atp-challenger-2022-jo-wilfried-tsonga-de-retour-a-la-competition-a-quimper\/"]}]},{"@type":"ImageObject","inLanguage":"fr-FR","@id":"https:\/\/dicodusport.fr\/blog\/atp-challenger-2022-jo-wilfried-tsonga-de-retour-a-la-competition-a-quimper\/#primaryimage","url":"https:\/\/dicodusport.fr\/blog\/wp-content\/uploads\/2022\/01\/atp-challenger-2022-jo-wilfried-tsonga-de-retour-a-la-competition-a-quimper.png","contentUrl":"https:\/\/dicodusport.fr\/blog\/wp-content\/uploads\/2022\/01\/atp-challenger-2022-jo-wilfried-tsonga-de-retour-a-la-competition-a-quimper.png","width":800,"height":445},{"@type":"BreadcrumbList","@id":"https:\/\/dicodusport.fr\/blog\/atp-challenger-2022-jo-wilfried-tsonga-de-retour-a-la-competition-a-quimper\/#breadcrumb","itemListElement":[{"@type":"ListItem","position":1,"name":"Accueil","item":"https:\/\/dicodusport.fr\/blog\/"},{"@type":"ListItem","position":2,"name":"ATP Challenger 2022 : Jo-Wilfried Tsonga de retour \u00e0 la comp\u00e9tition \u00e0 Quimper"}]},{"@type":"WebSite","@id":"https:\/\/dicodusport.fr\/blog\/#website","url":"https:\/\/dicodusport.fr\/blog\/","name":"Dicodusport","description":"L&#039;encyclop\u00e9die de l&#039;actualit\u00e9 sportive","publisher":{"@id":"https:\/\/dicodusport.fr\/blog\/#organization"},"potentialAction":[{"@type":"SearchAction","target":{"@type":"EntryPoint","urlTemplate":"https:\/\/dicodusport.fr\/blog\/?s={search_term_string}"},"query-input":{"@type":"PropertyValueSpecification","valueRequired":true,"valueName":"search_term_string"}}],"inLanguage":"fr-FR"},{"@type":"NewsMediaOrganization","@id":"https:\/\/dicodusport.fr\/blog\/#organization","name":"Dicodusport","url":"https:\/\/dicodusport.fr\/blog\/","logo":{"@type":"ImageObject","inLanguage":"fr-FR","@id":"https:\/\/dicodusport.fr\/blog\/#\/schema\/logo\/image\/","url":"https:\/\/dicodusport.fr\/blog\/wp-content\/uploads\/2020\/06\/cropped-LOGO-DICODUSPORT-2020-SANS-FOND-SANS-TEXTE.png","contentUrl":"https:\/\/dicodusport.fr\/blog\/wp-content\/uploads\/2020\/06\/cropped-LOGO-DICODUSPORT-2020-SANS-FOND-SANS-TEXTE.png","width":512,"height":512,"caption":"Dicodusport"},"image":{"@id":"https:\/\/dicodusport.fr\/blog\/#\/schema\/logo\/image\/"},"sameAs":["https:\/\/www.facebook.com\/dicodusport","https:\/\/x.com\/dicodusport","https:\/\/www.instagram.com\/dicodusport\/","https:\/\/www.youtube.com\/channel\/UC7V2KZ5sd3htJivAbA4ZG3w"],"description":"Dicodusport est l'encyclop\u00e9die de l'actualit\u00e9 sportive.","email":"bonjour@dicodusport.fr","legalName":"DICODUSPORT","foundingDate":"2018-01-14","vatID":"FR71834470973","taxID":"83447097300043","numberOfEmployees":{"@type":"QuantitativeValue","minValue":"1","maxValue":"10"}},{"@type":"Person","@id":"https:\/\/dicodusport.fr\/blog\/#\/schema\/person\/bf1e4f404e108bd2be5b447b16bde9a7","name":"Tom Compayrot","image":{"@type":"ImageObject","inLanguage":"fr-FR","@id":"https:\/\/dicodusport.fr\/blog\/#\/schema\/person\/image\/","url":"https:\/\/dicodusport.fr\/blog\/wp-content\/uploads\/2021\/05\/Tom-Compayrot-150x150.jpg","contentUrl":"https:\/\/dicodusport.fr\/blog\/wp-content\/uploads\/2021\/05\/Tom-Compayrot-150x150.jpg","caption":"Tom Compayrot"},"description":"Journaliste\/r\u00e9dacteur depuis mars 2017 - Amoureux de la petite balle jaune et du gros ballon orange qui tra\u00eene sa carcasse sur Dicodusport depuis 2017. Rafael Nadal et LeBron James sont les meilleurs joueurs de l'histoire.","sameAs":["https:\/\/x.com\/https:\/\/twitter.com\/Tom_Cprt"],"url":"https:\/\/dicodusport.fr\/blog\/author\/tom\/"}]}},"_links":{"self":[{"href":"https:\/\/dicodusport.fr\/blog\/wp-json\/wp\/v2\/posts\/193957","targetHints":{"allow":["GET"]}}],"collection":[{"href":"https:\/\/dicodusport.fr\/blog\/wp-json\/wp\/v2\/posts"}],"about":[{"href":"https:\/\/dicodusport.fr\/blog\/wp-json\/wp\/v2\/types\/post"}],"author":[{"embeddable":true,"href":"https:\/\/dicodusport.fr\/blog\/wp-json\/wp\/v2\/users\/13"}],"replies":[{"embeddable":true,"href":"https:\/\/dicodusport.fr\/blog\/wp-json\/wp\/v2\/comments?post=193957"}],"version-history":[{"count":0,"href":"https:\/\/dicodusport.fr\/blog\/wp-json\/wp\/v2\/posts\/193957\/revisions"}],"wp:featuredmedia":[{"embeddable":true,"href":"https:\/\/dicodusport.fr\/blog\/wp-json\/wp\/v2\/media\/194018"}],"wp:attachment":[{"href":"https:\/\/dicodusport.fr\/blog\/wp-json\/wp\/v2\/media?parent=193957"}],"wp:term":[{"taxonomy":"category","embeddable":true,"href":"https:\/\/dicodusport.fr\/blog\/wp-json\/wp\/v2\/categories?post=193957"},{"taxonomy":"post_tag","embeddable":true,"href":"https:\/\/dicodusport.fr\/blog\/wp-json\/wp\/v2\/tags?post=193957"}],"curies":[{"name":"wp","href":"https:\/\/api.w.org\/{rel}","templated":true}]}}