{"id":194005,"date":"2022-01-24T12:03:50","date_gmt":"2022-01-24T11:03:50","guid":{"rendered":"https:\/\/dicodusport.fr\/blog\/?p=194005&#038;preview=true&#038;preview_id=194005"},"modified":"2022-01-24T12:03:50","modified_gmt":"2022-01-24T11:03:50","slug":"sebastien-ogier-je-veux-bien-prendre-rendez-vous-pour-la-belle-lannee-prochaine","status":"publish","type":"post","link":"https:\/\/dicodusport.fr\/blog\/sebastien-ogier-je-veux-bien-prendre-rendez-vous-pour-la-belle-lannee-prochaine\/","title":{"rendered":"S\u00e9bastien Ogier : \u00ab\u00a0Je veux bien prendre rendez-vous pour la belle l&rsquo;ann\u00e9e prochaine\u00a0\u00bb"},"content":{"rendered":"<p style=\"text-align: justify;\"><strong><em>WRC 2022 &#8211; Deuxi\u00e8me du <a href=\"https:\/\/dicodusport.fr\/blog\/sebastien-loeb-d-autres-rallyes-il-va-falloir-reflechir-a-ce-qui-est-faisable-ou-pas\/\">Rallye Monte-Carlo<\/a> derri\u00e8re S\u00e9bastien Loeb, S\u00e9bastien Ogier (Toyota), \u00e9tait content de ce qu&rsquo;il avait pu mettre en place ce week-end avec une nouvelle voiture.\u00a0<\/em><\/strong><\/p>\n<p style=\"text-align: justify;\">Il n&rsquo;y a pas la victoire au bout, mais l&rsquo;octuple champion du monde <strong>S\u00e9bastien Ogier<\/strong> \u00e9tait content de son week-end mon\u00e9gasque.<\/p>\n<blockquote>\n<p style=\"text-align: justify;\">C\u2019\u00e9tait vraiment agr\u00e9able et un bon spectacle pour le sport. Je visais la premi\u00e8re place et non la deuxi\u00e8me, donc je ne peux pas dire que je suis satisfait \u00e0 100 %. On peut garder le sourire, on a tout donn\u00e9, mais le destin en a d\u00e9cid\u00e9 autrement aujourd\u2019hui et on a d\u00fb se contenter de la deuxi\u00e8me place. Mais \u00e7a a \u00e9t\u00e9 amusant dans la voiture et maintenant nous avons une raison de revenir l\u2019ann\u00e9e prochaine, je ne suis pas s\u00fbr que ma femme appr\u00e9ciera cette phrase !<\/p>\n<\/blockquote>\n<p style=\"text-align: justify;\">En parlant du Monte-Carlo 2023,<strong> S\u00e9bastien Ogier<\/strong> a donn\u00e9 rendez-vous \u00e0 <strong>S\u00e9bastien Loeb<\/strong> sur le podium puisque les deux pilotes ont 8 victoires chacun sur cette \u00e9preuve.<\/p>\n<blockquote>\n<p style=\"text-align: justify;\">Je veux bien prendre rendez-vous pour la belle l&rsquo;ann\u00e9e prochaine, faut demander \u00e0 Seb ce qu&rsquo;il en pense.<\/p>\n<\/blockquote>\n<p style=\"text-align: justify;\">S\u00e9bastien Loeb a bri\u00e8vement r\u00e9pondu :<\/p>\n<blockquote><p>Faut voir le programme mais c&rsquo;est une id\u00e9e !<\/p><\/blockquote>\n<blockquote class=\"twitter-tweet\">\n<p dir=\"ltr\" lang=\"fr\">&#x1f3a4; La belle pour 2023 ? &#x1f601;&#x1f609;<br \/>\nLe d\u00e9fi de <a href=\"https:\/\/twitter.com\/SebOgier?ref_src=twsrc%5Etfw\">@SebOgier<\/a> \u00e0 <a href=\"https:\/\/twitter.com\/SebastienLoeb?ref_src=twsrc%5Etfw\">@SebastienLoeb<\/a> &#x26a1;&#xfe0f;&#x1f929;<a href=\"https:\/\/twitter.com\/hashtag\/RallyeMonteCarlo?src=hash&amp;ref_src=twsrc%5Etfw\">#RallyeMonteCarlo<\/a> <a href=\"https:\/\/twitter.com\/hashtag\/WRC?src=hash&amp;ref_src=twsrc%5Etfw\">#WRC<\/a> <a href=\"https:\/\/twitter.com\/hashtag\/WRCHybrid?src=hash&amp;ref_src=twsrc%5Etfw\">#WRCHybrid<\/a> <a href=\"https:\/\/t.co\/h0U2OLwgXg\">pic.twitter.com\/h0U2OLwgXg<\/a><\/p>\n<p>\u2014 Automobile Club MC (@ACM_Media) <a href=\"https:\/\/twitter.com\/ACM_Media\/status\/1485299703684214785?ref_src=twsrc%5Etfw\">January 23, 2022<\/a><\/p><\/blockquote>\n<p style=\"text-align: justify;\"><script async src=\"https:\/\/platform.twitter.com\/widgets.js\" charset=\"utf-8\"><\/script><\/p>\n<p style=\"text-align: justify;\">\n","protected":false},"excerpt":{"rendered":"<p>WRC 2022 &#8211; Deuxi\u00e8me du Rallye Monte-Carlo derri\u00e8re S\u00e9bastien Loeb, S\u00e9bastien Ogier (Toyota), \u00e9tait content de ce qu&rsquo;il avait pu mettre en place ce week-end avec une nouvelle voiture.\u00a0<\/p>\n","protected":false},"author":1,"featured_media":194008,"comment_status":"open","ping_status":"closed","sticky":false,"template":"","format":"standard","meta":{"_acf_changed":false,"_daextam_enable_autolinks":"","footnotes":""},"categories":[47088],"tags":[13747,2234,2235],"class_list":["post-194005","post","type-post","status-publish","format-standard","has-post-thumbnail","hentry","category-rallye-wrc","tag-rallye-de-monte-carlo","tag-sebastien-ogier","tag-wrc"],"acf":[],"yoast_head":"<!-- This site is optimized with the Yoast SEO Premium plugin v26.7 (Yoast SEO v26.7) - https:\/\/yoast.com\/wordpress\/plugins\/seo\/ -->\n<title>S\u00e9bastien Ogier : &quot;Je veux bien prendre rendez-vous pour la belle l&#039;ann\u00e9e prochaine&quot;<\/title>\n<meta name=\"description\" content=\"Deuxi\u00e8me du Rallye Monte-Carlo derri\u00e8re S\u00e9bastien Loeb, S\u00e9bastien Ogier, \u00e9tait content de ce qu&#039;il avait pu mettre en place ce week-end.\" \/>\n<meta name=\"robots\" content=\"index, follow, max-snippet:-1, max-image-preview:large, max-video-preview:-1\" \/>\n<link rel=\"canonical\" href=\"https:\/\/dicodusport.fr\/blog\/sebastien-ogier-je-veux-bien-prendre-rendez-vous-pour-la-belle-lannee-prochaine\/\" \/>\n<meta property=\"og:locale\" content=\"fr_FR\" \/>\n<meta property=\"og:type\" content=\"article\" \/>\n<meta property=\"og:title\" content=\"S\u00e9bastien Ogier : &quot;Je veux bien prendre rendez-vous pour la belle l&#039;ann\u00e9e prochaine&quot;\" \/>\n<meta property=\"og:description\" content=\"Deuxi\u00e8me du Rallye Monte-Carlo derri\u00e8re S\u00e9bastien Loeb, S\u00e9bastien Ogier, \u00e9tait content de ce qu&#039;il avait pu mettre en place ce week-end.\" \/>\n<meta property=\"og:url\" content=\"https:\/\/dicodusport.fr\/blog\/sebastien-ogier-je-veux-bien-prendre-rendez-vous-pour-la-belle-lannee-prochaine\/\" \/>\n<meta property=\"og:site_name\" content=\"Dicodusport\" \/>\n<meta property=\"article:publisher\" content=\"https:\/\/www.facebook.com\/dicodusport\" \/>\n<meta property=\"article:author\" content=\"https:\/\/www.facebook.com\/dicodusport\" \/>\n<meta property=\"article:published_time\" content=\"2022-01-24T11:03:50+00:00\" \/>\n<meta property=\"og:image\" content=\"https:\/\/dicodusport.fr\/blog\/wp-content\/uploads\/2022\/01\/Se\u0301bastien-Ogier-Reprendre-ces-neuf-secondes-a\u0300-Seb-ce\u0301tait-vraiment-une-grosse-performance.png\" \/>\n\t<meta property=\"og:image:width\" content=\"800\" \/>\n\t<meta property=\"og:image:height\" content=\"445\" \/>\n\t<meta property=\"og:image:type\" content=\"image\/png\" \/>\n<meta name=\"author\" content=\"Nicolas Jacquemard\" \/>\n<meta name=\"twitter:card\" content=\"summary_large_image\" \/>\n<meta name=\"twitter:title\" content=\"S\u00e9bastien Ogier : &quot;Je veux bien prendre rendez-vous pour la belle l&#039;ann\u00e9e prochaine&quot;\" \/>\n<meta name=\"twitter:creator\" content=\"@https:\/\/twitter.com\/Nico_Jacquemard\" \/>\n<meta name=\"twitter:site\" content=\"@dicodusport\" \/>\n<script type=\"application\/ld+json\" class=\"yoast-schema-graph\">{\"@context\":\"https:\/\/schema.org\",\"@graph\":[{\"@type\":\"NewsArticle\",\"@id\":\"https:\/\/dicodusport.fr\/blog\/sebastien-ogier-je-veux-bien-prendre-rendez-vous-pour-la-belle-lannee-prochaine\/#article\",\"isPartOf\":{\"@id\":\"https:\/\/dicodusport.fr\/blog\/sebastien-ogier-je-veux-bien-prendre-rendez-vous-pour-la-belle-lannee-prochaine\/\"},\"author\":{\"name\":\"Nicolas Jacquemard\",\"@id\":\"https:\/\/dicodusport.fr\/blog\/#\/schema\/person\/55dcb50ad410894e431ed812bbb70191\"},\"headline\":\"S\u00e9bastien Ogier : \u00ab\u00a0Je veux bien prendre rendez-vous pour la belle l&rsquo;ann\u00e9e prochaine\u00a0\u00bb\",\"datePublished\":\"2022-01-24T11:03:50+00:00\",\"mainEntityOfPage\":{\"@id\":\"https:\/\/dicodusport.fr\/blog\/sebastien-ogier-je-veux-bien-prendre-rendez-vous-pour-la-belle-lannee-prochaine\/\"},\"wordCount\":270,\"commentCount\":0,\"publisher\":{\"@id\":\"https:\/\/dicodusport.fr\/blog\/#organization\"},\"image\":{\"@id\":\"https:\/\/dicodusport.fr\/blog\/sebastien-ogier-je-veux-bien-prendre-rendez-vous-pour-la-belle-lannee-prochaine\/#primaryimage\"},\"thumbnailUrl\":\"https:\/\/dicodusport.fr\/blog\/wp-content\/uploads\/2022\/01\/Se\u0301bastien-Ogier-Reprendre-ces-neuf-secondes-a\u0300-Seb-ce\u0301tait-vraiment-une-grosse-performance.png\",\"keywords\":[\"Rallye de Monte-Carlo\",\"S\u00e9bastien Ogier\",\"WRC\"],\"articleSection\":[\"Rallye WRC\"],\"inLanguage\":\"fr-FR\",\"potentialAction\":[{\"@type\":\"CommentAction\",\"name\":\"Comment\",\"target\":[\"https:\/\/dicodusport.fr\/blog\/sebastien-ogier-je-veux-bien-prendre-rendez-vous-pour-la-belle-lannee-prochaine\/#respond\"]}],\"copyrightYear\":\"2022\",\"copyrightHolder\":{\"@id\":\"https:\/\/dicodusport.fr\/blog\/#organization\"}},{\"@type\":\"WebPage\",\"@id\":\"https:\/\/dicodusport.fr\/blog\/sebastien-ogier-je-veux-bien-prendre-rendez-vous-pour-la-belle-lannee-prochaine\/\",\"url\":\"https:\/\/dicodusport.fr\/blog\/sebastien-ogier-je-veux-bien-prendre-rendez-vous-pour-la-belle-lannee-prochaine\/\",\"name\":\"S\u00e9bastien Ogier : \\\"Je veux bien prendre rendez-vous pour la belle l'ann\u00e9e prochaine\\\"\",\"isPartOf\":{\"@id\":\"https:\/\/dicodusport.fr\/blog\/#website\"},\"primaryImageOfPage\":{\"@id\":\"https:\/\/dicodusport.fr\/blog\/sebastien-ogier-je-veux-bien-prendre-rendez-vous-pour-la-belle-lannee-prochaine\/#primaryimage\"},\"image\":{\"@id\":\"https:\/\/dicodusport.fr\/blog\/sebastien-ogier-je-veux-bien-prendre-rendez-vous-pour-la-belle-lannee-prochaine\/#primaryimage\"},\"thumbnailUrl\":\"https:\/\/dicodusport.fr\/blog\/wp-content\/uploads\/2022\/01\/Se\u0301bastien-Ogier-Reprendre-ces-neuf-secondes-a\u0300-Seb-ce\u0301tait-vraiment-une-grosse-performance.png\",\"datePublished\":\"2022-01-24T11:03:50+00:00\",\"description\":\"Deuxi\u00e8me du Rallye Monte-Carlo derri\u00e8re S\u00e9bastien Loeb, S\u00e9bastien Ogier, \u00e9tait content de ce qu'il avait pu mettre en place ce week-end.\",\"breadcrumb\":{\"@id\":\"https:\/\/dicodusport.fr\/blog\/sebastien-ogier-je-veux-bien-prendre-rendez-vous-pour-la-belle-lannee-prochaine\/#breadcrumb\"},\"inLanguage\":\"fr-FR\",\"potentialAction\":[{\"@type\":\"ReadAction\",\"target\":[\"https:\/\/dicodusport.fr\/blog\/sebastien-ogier-je-veux-bien-prendre-rendez-vous-pour-la-belle-lannee-prochaine\/\"]}]},{\"@type\":\"ImageObject\",\"inLanguage\":\"fr-FR\",\"@id\":\"https:\/\/dicodusport.fr\/blog\/sebastien-ogier-je-veux-bien-prendre-rendez-vous-pour-la-belle-lannee-prochaine\/#primaryimage\",\"url\":\"https:\/\/dicodusport.fr\/blog\/wp-content\/uploads\/2022\/01\/Se\u0301bastien-Ogier-Reprendre-ces-neuf-secondes-a\u0300-Seb-ce\u0301tait-vraiment-une-grosse-performance.png\",\"contentUrl\":\"https:\/\/dicodusport.fr\/blog\/wp-content\/uploads\/2022\/01\/Se\u0301bastien-Ogier-Reprendre-ces-neuf-secondes-a\u0300-Seb-ce\u0301tait-vraiment-une-grosse-performance.png\",\"width\":800,\"height\":445},{\"@type\":\"BreadcrumbList\",\"@id\":\"https:\/\/dicodusport.fr\/blog\/sebastien-ogier-je-veux-bien-prendre-rendez-vous-pour-la-belle-lannee-prochaine\/#breadcrumb\",\"itemListElement\":[{\"@type\":\"ListItem\",\"position\":1,\"name\":\"Accueil\",\"item\":\"https:\/\/dicodusport.fr\/blog\/\"},{\"@type\":\"ListItem\",\"position\":2,\"name\":\"S\u00e9bastien Ogier : \u00ab\u00a0Je veux bien prendre rendez-vous pour la belle l&rsquo;ann\u00e9e prochaine\u00a0\u00bb\"}]},{\"@type\":\"WebSite\",\"@id\":\"https:\/\/dicodusport.fr\/blog\/#website\",\"url\":\"https:\/\/dicodusport.fr\/blog\/\",\"name\":\"Dicodusport\",\"description\":\"L&#039;encyclop\u00e9die de l&#039;actualit\u00e9 sportive\",\"publisher\":{\"@id\":\"https:\/\/dicodusport.fr\/blog\/#organization\"},\"potentialAction\":[{\"@type\":\"SearchAction\",\"target\":{\"@type\":\"EntryPoint\",\"urlTemplate\":\"https:\/\/dicodusport.fr\/blog\/?s={search_term_string}\"},\"query-input\":{\"@type\":\"PropertyValueSpecification\",\"valueRequired\":true,\"valueName\":\"search_term_string\"}}],\"inLanguage\":\"fr-FR\"},{\"@type\":\"NewsMediaOrganization\",\"@id\":\"https:\/\/dicodusport.fr\/blog\/#organization\",\"name\":\"Dicodusport\",\"url\":\"https:\/\/dicodusport.fr\/blog\/\",\"logo\":{\"@type\":\"ImageObject\",\"inLanguage\":\"fr-FR\",\"@id\":\"https:\/\/dicodusport.fr\/blog\/#\/schema\/logo\/image\/\",\"url\":\"https:\/\/dicodusport.fr\/blog\/wp-content\/uploads\/2020\/06\/cropped-LOGO-DICODUSPORT-2020-SANS-FOND-SANS-TEXTE.png\",\"contentUrl\":\"https:\/\/dicodusport.fr\/blog\/wp-content\/uploads\/2020\/06\/cropped-LOGO-DICODUSPORT-2020-SANS-FOND-SANS-TEXTE.png\",\"width\":512,\"height\":512,\"caption\":\"Dicodusport\"},\"image\":{\"@id\":\"https:\/\/dicodusport.fr\/blog\/#\/schema\/logo\/image\/\"},\"sameAs\":[\"https:\/\/www.facebook.com\/dicodusport\",\"https:\/\/x.com\/dicodusport\",\"https:\/\/www.instagram.com\/dicodusport\/\",\"https:\/\/www.youtube.com\/channel\/UC7V2KZ5sd3htJivAbA4ZG3w\"],\"description\":\"Dicodusport est l'encyclop\u00e9die de l'actualit\u00e9 sportive.\",\"email\":\"bonjour@dicodusport.fr\",\"legalName\":\"DICODUSPORT\",\"foundingDate\":\"2018-01-14\",\"vatID\":\"FR71834470973\",\"taxID\":\"83447097300043\",\"numberOfEmployees\":{\"@type\":\"QuantitativeValue\",\"minValue\":\"1\",\"maxValue\":\"10\"}},{\"@type\":\"Person\",\"@id\":\"https:\/\/dicodusport.fr\/blog\/#\/schema\/person\/55dcb50ad410894e431ed812bbb70191\",\"name\":\"Nicolas Jacquemard\",\"image\":{\"@type\":\"ImageObject\",\"inLanguage\":\"fr-FR\",\"@id\":\"https:\/\/dicodusport.fr\/blog\/#\/schema\/person\/image\/\",\"url\":\"https:\/\/dicodusport.fr\/blog\/wp-content\/uploads\/2021\/05\/Nicolas-Jacquemard-150x150.jpeg\",\"contentUrl\":\"https:\/\/dicodusport.fr\/blog\/wp-content\/uploads\/2021\/05\/Nicolas-Jacquemard-150x150.jpeg\",\"caption\":\"Nicolas Jacquemard\"},\"description\":\"Passionn\u00e9 de sport et entrepreneur depuis mes 18 ans, la cr\u00e9ation de Dicodusport m'a sembl\u00e9 \u00e9vidente pour participer \u00e0 la m\u00e9diatisation d'un plus grand nombre de sports. Le chemin est long mais avec une \u00e9quipe des plus motiv\u00e9es et les Jeux Olympiques de Paris 2024 en point de mire, nous y arriverons ! Journaliste dans le monde du sport depuis plus de 5 ans, je traite aussi bien de football, de rugby, de biathlon que de cyclisme.\",\"sameAs\":[\"https:\/\/www.facebook.com\/dicodusport\",\"https:\/\/x.com\/https:\/\/twitter.com\/Nico_Jacquemard\"],\"url\":\"https:\/\/dicodusport.fr\/blog\/author\/dicodusport\/\"}]}<\/script>\n<!-- \/ Yoast SEO Premium plugin. -->","yoast_head_json":{"title":"S\u00e9bastien Ogier : \"Je veux bien prendre rendez-vous pour la belle l'ann\u00e9e prochaine\"","description":"Deuxi\u00e8me du Rallye Monte-Carlo derri\u00e8re S\u00e9bastien Loeb, S\u00e9bastien Ogier, \u00e9tait content de ce qu'il avait pu mettre en place ce week-end.","robots":{"index":"index","follow":"follow","max-snippet":"max-snippet:-1","max-image-preview":"max-image-preview:large","max-video-preview":"max-video-preview:-1"},"canonical":"https:\/\/dicodusport.fr\/blog\/sebastien-ogier-je-veux-bien-prendre-rendez-vous-pour-la-belle-lannee-prochaine\/","og_locale":"fr_FR","og_type":"article","og_title":"S\u00e9bastien Ogier : \"Je veux bien prendre rendez-vous pour la belle l'ann\u00e9e prochaine\"","og_description":"Deuxi\u00e8me du Rallye Monte-Carlo derri\u00e8re S\u00e9bastien Loeb, S\u00e9bastien Ogier, \u00e9tait content de ce qu'il avait pu mettre en place ce week-end.","og_url":"https:\/\/dicodusport.fr\/blog\/sebastien-ogier-je-veux-bien-prendre-rendez-vous-pour-la-belle-lannee-prochaine\/","og_site_name":"Dicodusport","article_publisher":"https:\/\/www.facebook.com\/dicodusport","article_author":"https:\/\/www.facebook.com\/dicodusport","article_published_time":"2022-01-24T11:03:50+00:00","og_image":[{"width":800,"height":445,"url":"https:\/\/dicodusport.fr\/blog\/wp-content\/uploads\/2022\/01\/Se\u0301bastien-Ogier-Reprendre-ces-neuf-secondes-a\u0300-Seb-ce\u0301tait-vraiment-une-grosse-performance.png","type":"image\/png"}],"author":"Nicolas Jacquemard","twitter_card":"summary_large_image","twitter_title":"S\u00e9bastien Ogier : \"Je veux bien prendre rendez-vous pour la belle l'ann\u00e9e prochaine\"","twitter_creator":"@https:\/\/twitter.com\/Nico_Jacquemard","twitter_site":"@dicodusport","schema":{"@context":"https:\/\/schema.org","@graph":[{"@type":"NewsArticle","@id":"https:\/\/dicodusport.fr\/blog\/sebastien-ogier-je-veux-bien-prendre-rendez-vous-pour-la-belle-lannee-prochaine\/#article","isPartOf":{"@id":"https:\/\/dicodusport.fr\/blog\/sebastien-ogier-je-veux-bien-prendre-rendez-vous-pour-la-belle-lannee-prochaine\/"},"author":{"name":"Nicolas Jacquemard","@id":"https:\/\/dicodusport.fr\/blog\/#\/schema\/person\/55dcb50ad410894e431ed812bbb70191"},"headline":"S\u00e9bastien Ogier : \u00ab\u00a0Je veux bien prendre rendez-vous pour la belle l&rsquo;ann\u00e9e prochaine\u00a0\u00bb","datePublished":"2022-01-24T11:03:50+00:00","mainEntityOfPage":{"@id":"https:\/\/dicodusport.fr\/blog\/sebastien-ogier-je-veux-bien-prendre-rendez-vous-pour-la-belle-lannee-prochaine\/"},"wordCount":270,"commentCount":0,"publisher":{"@id":"https:\/\/dicodusport.fr\/blog\/#organization"},"image":{"@id":"https:\/\/dicodusport.fr\/blog\/sebastien-ogier-je-veux-bien-prendre-rendez-vous-pour-la-belle-lannee-prochaine\/#primaryimage"},"thumbnailUrl":"https:\/\/dicodusport.fr\/blog\/wp-content\/uploads\/2022\/01\/Se\u0301bastien-Ogier-Reprendre-ces-neuf-secondes-a\u0300-Seb-ce\u0301tait-vraiment-une-grosse-performance.png","keywords":["Rallye de Monte-Carlo","S\u00e9bastien Ogier","WRC"],"articleSection":["Rallye WRC"],"inLanguage":"fr-FR","potentialAction":[{"@type":"CommentAction","name":"Comment","target":["https:\/\/dicodusport.fr\/blog\/sebastien-ogier-je-veux-bien-prendre-rendez-vous-pour-la-belle-lannee-prochaine\/#respond"]}],"copyrightYear":"2022","copyrightHolder":{"@id":"https:\/\/dicodusport.fr\/blog\/#organization"}},{"@type":"WebPage","@id":"https:\/\/dicodusport.fr\/blog\/sebastien-ogier-je-veux-bien-prendre-rendez-vous-pour-la-belle-lannee-prochaine\/","url":"https:\/\/dicodusport.fr\/blog\/sebastien-ogier-je-veux-bien-prendre-rendez-vous-pour-la-belle-lannee-prochaine\/","name":"S\u00e9bastien Ogier : \"Je veux bien prendre rendez-vous pour la belle l'ann\u00e9e prochaine\"","isPartOf":{"@id":"https:\/\/dicodusport.fr\/blog\/#website"},"primaryImageOfPage":{"@id":"https:\/\/dicodusport.fr\/blog\/sebastien-ogier-je-veux-bien-prendre-rendez-vous-pour-la-belle-lannee-prochaine\/#primaryimage"},"image":{"@id":"https:\/\/dicodusport.fr\/blog\/sebastien-ogier-je-veux-bien-prendre-rendez-vous-pour-la-belle-lannee-prochaine\/#primaryimage"},"thumbnailUrl":"https:\/\/dicodusport.fr\/blog\/wp-content\/uploads\/2022\/01\/Se\u0301bastien-Ogier-Reprendre-ces-neuf-secondes-a\u0300-Seb-ce\u0301tait-vraiment-une-grosse-performance.png","datePublished":"2022-01-24T11:03:50+00:00","description":"Deuxi\u00e8me du Rallye Monte-Carlo derri\u00e8re S\u00e9bastien Loeb, S\u00e9bastien Ogier, \u00e9tait content de ce qu'il avait pu mettre en place ce week-end.","breadcrumb":{"@id":"https:\/\/dicodusport.fr\/blog\/sebastien-ogier-je-veux-bien-prendre-rendez-vous-pour-la-belle-lannee-prochaine\/#breadcrumb"},"inLanguage":"fr-FR","potentialAction":[{"@type":"ReadAction","target":["https:\/\/dicodusport.fr\/blog\/sebastien-ogier-je-veux-bien-prendre-rendez-vous-pour-la-belle-lannee-prochaine\/"]}]},{"@type":"ImageObject","inLanguage":"fr-FR","@id":"https:\/\/dicodusport.fr\/blog\/sebastien-ogier-je-veux-bien-prendre-rendez-vous-pour-la-belle-lannee-prochaine\/#primaryimage","url":"https:\/\/dicodusport.fr\/blog\/wp-content\/uploads\/2022\/01\/Se\u0301bastien-Ogier-Reprendre-ces-neuf-secondes-a\u0300-Seb-ce\u0301tait-vraiment-une-grosse-performance.png","contentUrl":"https:\/\/dicodusport.fr\/blog\/wp-content\/uploads\/2022\/01\/Se\u0301bastien-Ogier-Reprendre-ces-neuf-secondes-a\u0300-Seb-ce\u0301tait-vraiment-une-grosse-performance.png","width":800,"height":445},{"@type":"BreadcrumbList","@id":"https:\/\/dicodusport.fr\/blog\/sebastien-ogier-je-veux-bien-prendre-rendez-vous-pour-la-belle-lannee-prochaine\/#breadcrumb","itemListElement":[{"@type":"ListItem","position":1,"name":"Accueil","item":"https:\/\/dicodusport.fr\/blog\/"},{"@type":"ListItem","position":2,"name":"S\u00e9bastien Ogier : \u00ab\u00a0Je veux bien prendre rendez-vous pour la belle l&rsquo;ann\u00e9e prochaine\u00a0\u00bb"}]},{"@type":"WebSite","@id":"https:\/\/dicodusport.fr\/blog\/#website","url":"https:\/\/dicodusport.fr\/blog\/","name":"Dicodusport","description":"L&#039;encyclop\u00e9die de l&#039;actualit\u00e9 sportive","publisher":{"@id":"https:\/\/dicodusport.fr\/blog\/#organization"},"potentialAction":[{"@type":"SearchAction","target":{"@type":"EntryPoint","urlTemplate":"https:\/\/dicodusport.fr\/blog\/?s={search_term_string}"},"query-input":{"@type":"PropertyValueSpecification","valueRequired":true,"valueName":"search_term_string"}}],"inLanguage":"fr-FR"},{"@type":"NewsMediaOrganization","@id":"https:\/\/dicodusport.fr\/blog\/#organization","name":"Dicodusport","url":"https:\/\/dicodusport.fr\/blog\/","logo":{"@type":"ImageObject","inLanguage":"fr-FR","@id":"https:\/\/dicodusport.fr\/blog\/#\/schema\/logo\/image\/","url":"https:\/\/dicodusport.fr\/blog\/wp-content\/uploads\/2020\/06\/cropped-LOGO-DICODUSPORT-2020-SANS-FOND-SANS-TEXTE.png","contentUrl":"https:\/\/dicodusport.fr\/blog\/wp-content\/uploads\/2020\/06\/cropped-LOGO-DICODUSPORT-2020-SANS-FOND-SANS-TEXTE.png","width":512,"height":512,"caption":"Dicodusport"},"image":{"@id":"https:\/\/dicodusport.fr\/blog\/#\/schema\/logo\/image\/"},"sameAs":["https:\/\/www.facebook.com\/dicodusport","https:\/\/x.com\/dicodusport","https:\/\/www.instagram.com\/dicodusport\/","https:\/\/www.youtube.com\/channel\/UC7V2KZ5sd3htJivAbA4ZG3w"],"description":"Dicodusport est l'encyclop\u00e9die de l'actualit\u00e9 sportive.","email":"bonjour@dicodusport.fr","legalName":"DICODUSPORT","foundingDate":"2018-01-14","vatID":"FR71834470973","taxID":"83447097300043","numberOfEmployees":{"@type":"QuantitativeValue","minValue":"1","maxValue":"10"}},{"@type":"Person","@id":"https:\/\/dicodusport.fr\/blog\/#\/schema\/person\/55dcb50ad410894e431ed812bbb70191","name":"Nicolas Jacquemard","image":{"@type":"ImageObject","inLanguage":"fr-FR","@id":"https:\/\/dicodusport.fr\/blog\/#\/schema\/person\/image\/","url":"https:\/\/dicodusport.fr\/blog\/wp-content\/uploads\/2021\/05\/Nicolas-Jacquemard-150x150.jpeg","contentUrl":"https:\/\/dicodusport.fr\/blog\/wp-content\/uploads\/2021\/05\/Nicolas-Jacquemard-150x150.jpeg","caption":"Nicolas Jacquemard"},"description":"Passionn\u00e9 de sport et entrepreneur depuis mes 18 ans, la cr\u00e9ation de Dicodusport m'a sembl\u00e9 \u00e9vidente pour participer \u00e0 la m\u00e9diatisation d'un plus grand nombre de sports. Le chemin est long mais avec une \u00e9quipe des plus motiv\u00e9es et les Jeux Olympiques de Paris 2024 en point de mire, nous y arriverons ! Journaliste dans le monde du sport depuis plus de 5 ans, je traite aussi bien de football, de rugby, de biathlon que de cyclisme.","sameAs":["https:\/\/www.facebook.com\/dicodusport","https:\/\/x.com\/https:\/\/twitter.com\/Nico_Jacquemard"],"url":"https:\/\/dicodusport.fr\/blog\/author\/dicodusport\/"}]}},"_links":{"self":[{"href":"https:\/\/dicodusport.fr\/blog\/wp-json\/wp\/v2\/posts\/194005","targetHints":{"allow":["GET"]}}],"collection":[{"href":"https:\/\/dicodusport.fr\/blog\/wp-json\/wp\/v2\/posts"}],"about":[{"href":"https:\/\/dicodusport.fr\/blog\/wp-json\/wp\/v2\/types\/post"}],"author":[{"embeddable":true,"href":"https:\/\/dicodusport.fr\/blog\/wp-json\/wp\/v2\/users\/1"}],"replies":[{"embeddable":true,"href":"https:\/\/dicodusport.fr\/blog\/wp-json\/wp\/v2\/comments?post=194005"}],"version-history":[{"count":0,"href":"https:\/\/dicodusport.fr\/blog\/wp-json\/wp\/v2\/posts\/194005\/revisions"}],"wp:featuredmedia":[{"embeddable":true,"href":"https:\/\/dicodusport.fr\/blog\/wp-json\/wp\/v2\/media\/194008"}],"wp:attachment":[{"href":"https:\/\/dicodusport.fr\/blog\/wp-json\/wp\/v2\/media?parent=194005"}],"wp:term":[{"taxonomy":"category","embeddable":true,"href":"https:\/\/dicodusport.fr\/blog\/wp-json\/wp\/v2\/categories?post=194005"},{"taxonomy":"post_tag","embeddable":true,"href":"https:\/\/dicodusport.fr\/blog\/wp-json\/wp\/v2\/tags?post=194005"}],"curies":[{"name":"wp","href":"https:\/\/api.w.org\/{rel}","templated":true}]}}