{"id":19429,"date":"2018-06-04T09:00:54","date_gmt":"2018-06-04T07:00:54","guid":{"rendered":"http:\/\/dicodusport.fr\/blog\/?p=19429"},"modified":"2018-06-04T09:23:32","modified_gmt":"2018-06-04T07:23:32","slug":"thierry-bricaud-notre-debut-de-saison-est-satisfaisant","status":"publish","type":"post","link":"https:\/\/dicodusport.fr\/blog\/thierry-bricaud-notre-debut-de-saison-est-satisfaisant\/","title":{"rendered":"Thierry Bricaud : \u00ab Notre d\u00e9but de saison est satisfaisant \u00bb"},"content":{"rendered":"<p style=\"text-align: justify;\" align=\"JUSTIFY\"><em><strong>Avant le Tour de France et le Crit\u00e9rium du Dauphin\u00e9, Thierry Bricaud, directeur sportif de l&rsquo;\u00e9quipe Groupama FDJ, a r\u00e9pondu aux questions tout en donnant quelques infos sur la suite de la saison de l&rsquo;\u00e9quipe du manager Marc Madiot.<\/strong><\/em><\/p>\n<h5 style=\"text-align: justify;\" align=\"JUSTIFY\">Bonjour, Thierry, vous \u00eates Directeur Sportif au sein de l&rsquo;\u00e9quipe Groupama-FDJ, un r\u00f4le peu connu du grand public qui ne voit que les coureurs sur la route. Pouvez-vous dans un premier temps d\u00e9finir votre r\u00f4le, et nous raconter le d\u00e9roulement d&rsquo;une journ\u00e9e type ?<\/h5>\n<p lang=\"fr-FR\" style=\"text-align: justify;\" align=\"JUSTIFY\"><span style=\"color: #000000;\">Un Directeur Sportif est un peu le chef d\u2019orchestre au sein d\u2019une \u00e9quipe. Comme son nom l\u2019indique, il met en place la strat\u00e9gie sportive de l\u2019\u00e9quipe sur l\u2019\u00e9preuve o\u00f9 il se trouve, en fonction de son effectif, du parcours propos\u00e9 et de l\u2019adversit\u00e9. Le jour de la comp\u00e9tition, un peu comme un entra\u00eeneur de sport collectif sur un banc de touche, j\u2019encadre les coureurs au volant d\u2019une voiture accompagn\u00e9 d\u2019un m\u00e9canicien et je porte assistance aux coureurs si besoin en cas d\u2019incident mais aussi pour leur ravitaillement en solide et liquide, et bien \u00e9videmment je suis l\u00e0 pour leur donner de l\u2019info sur le d\u00e9roulement de l\u2019\u00e9preuve et insuffler la strat\u00e9gie que nous avons mis en place le matin de l\u2019\u00e9preuve.<\/span><\/p>\n<p lang=\"fr-FR\" style=\"text-align: justify;\" align=\"JUSTIFY\"><span style=\"color: #000000;\">De plus, en dehors du sportif, il y a un staff \u00e0 g\u00e9rer compos\u00e9 de kin\u00e9sith\u00e9rapeutes, m\u00e9caniciens, m\u00e9decin et entra\u00eeneur, voir d\u2019un cuisinier selon les comp\u00e9titions. <\/span><span style=\"color: #000000;\">Une journ\u00e9e type, c\u2019est de quitter l\u2019h\u00f4tel le matin pour rejoindre le d\u00e9part en bus. G\u00e9n\u00e9ralement, on profite du trajet pour faire le point avec les coureurs puis on fait le briefing de la journ\u00e9e. <\/span><span style=\"color: #000000;\">Une fois le d\u00e9part donn\u00e9, j\u2019assiste les coureurs en suivant le peloton et j\u2019interviens si besoin.<\/span><\/p>\n<h5 style=\"text-align: justify;\" align=\"JUSTIFY\"><span style=\"color: #000000;\">\u00cates-vous satisfait du d\u00e9but de saison de la Groupama-FDJ?<\/span><\/h5>\n<p style=\"text-align: justify;\" align=\"JUSTIFY\"><span style=\"color: #000000;\">Notre d\u00e9but de saison est satisfaisant puisque nous sommes dans le timing des rendez-vous que nous nous \u00e9tions fix\u00e9 et surtout \u00e0 l\u2019heure pour l\u2019arriv\u00e9e de notre nouveau partenaire Groupama au moment de Paris-Nice, en gagnant par l\u2019interm\u00e9diaire d\u2019Arnaud D\u00e9mare la premi\u00e8re course de l\u2019\u00e9quipe sous nos nouvelles couleurs.<\/span><\/p>\n<h5 style=\"text-align: justify;\" align=\"JUSTIFY\"><span style=\"color: #000000;\">Serez-vous pr\u00e9sent en juillet sur la Grande Boucle ?<\/span><\/h5>\n<p style=\"text-align: justify;\" align=\"JUSTIFY\"><span style=\"color: #000000;\">Oui, je serai pr\u00e9sent sur le Tour de France mais \u00e9galement sur le Tour d\u2019Espagne.<\/span><\/p>\n<h5 style=\"text-align: justify;\" align=\"JUSTIFY\"><span style=\"color: #000000;\">\u00c0 quel grand tour participera David Gaudu cette ann\u00e9e ?<\/span><\/h5>\n<p style=\"text-align: justify;\" align=\"JUSTIFY\"><span style=\"color: #000000;\">Un point sera fait avec David apr\u00e8s le Criterium du Dauphin\u00e9, mais il fera un grand tour, c\u2019est certain.<\/span><\/p>\n<h5 style=\"text-align: justify;\" align=\"JUSTIFY\"><span style=\"color: #000000;\">Est-ce que vous avez \u00e9t\u00e9 surpris par l&rsquo;excellent d\u00e9but de saison du n\u00e9o pro Valentin Madouas, qui a sign\u00e9 une deuxi\u00e8me place \u00e0 Paris-Cammenbert ?<\/span><\/h5>\n<p style=\"text-align: justify;\" align=\"JUSTIFY\"><span style=\"color: #000000;\">Valentin confirme tout le potentiel que l\u2019on pense de lui. C\u2019est un excellent coureur qui passe correctement les bosses et avec une pointe de vitesse qui lui permet d\u2019aller chercher des r\u00e9sultats. Il lit plut\u00f4t bien les courses ce qui est un plus ind\u00e9niable. On va dire qu\u2019il a d\u00e9j\u00e0 une certaine maturit\u00e9 en course. Il a l\u2019avenir devant lui.<\/span><\/p>\n<h5 style=\"text-align: justify;\" align=\"JUSTIFY\"><span style=\"color: #000000;\">Pouvez-vous nous parler du projet de cr\u00e9er une \u00e9quipe r\u00e9serve ?<\/span><\/h5>\n<p style=\"text-align: justify;\"><span style=\"color: #000000;\">Ce projet murit depuis longtemps au sein de l\u2019\u00e9quipe et il verra bien le jour l\u2019ann\u00e9e prochaine. <\/span><span style=\"color: #000000;\">L\u2019id\u00e9e est de former des jeunes coureurs pour qu\u2019ils soient op\u00e9rationnels d\u00e8s leur passage dans la structure World Tour.<\/span><\/p>\n<p><strong><em>Nelson Emane<br \/>\n<a href=\"http:\/\/twitter.com\/lecanarinormand\"><img loading=\"lazy\" decoding=\"async\" class=\"alignnone size-full wp-image-2908\" src=\"http:\/\/dicodusport.fr\/blog\/wp-content\/uploads\/2017\/07\/logo-twitter-e1516110106986.png\" alt=\"\" width=\"39\" height=\"39\" \/><\/a><\/em><\/strong><\/p>\n","protected":false},"excerpt":{"rendered":"<p>Avant le Tour de France et le Crit\u00e9rium du Dauphin\u00e9, Thierry Bricaud, directeur sportif de l&rsquo;\u00e9quipe Groupama FDJ, a r\u00e9pondu aux questions tout en donnant quelques infos sur la suite de la saison de l&rsquo;\u00e9quipe du manager Marc Madiot.<\/p>\n","protected":false},"author":29,"featured_media":19619,"comment_status":"open","ping_status":"closed","sticky":false,"template":"","format":"standard","meta":{"_acf_changed":false,"_daextam_enable_autolinks":"","footnotes":""},"categories":[2,2307],"tags":[574,3279],"class_list":["post-19429","post","type-post","status-publish","format-standard","has-post-thumbnail","hentry","category-actualites","category-cyclisme","tag-cyclisme","tag-groupama-fdj"],"acf":[],"yoast_head":"<!-- This site is optimized with the Yoast SEO Premium plugin v26.7 (Yoast SEO v26.7) - https:\/\/yoast.com\/wordpress\/plugins\/seo\/ -->\n<title>Thierry Bricaud : \u00ab Notre d\u00e9but de saison est satisfaisant \u00bb<\/title>\n<meta name=\"description\" content=\"Avant le Tour de France et le Crit\u00e9rium du Dauphin\u00e9, Thierry Bricaud, directeur sportif de l&#039;\u00e9quipe Groupama FDJ, a r\u00e9pondu aux questions tout en donnant quelques infos sur la suite de la saison de l&#039;\u00e9quipe du manager Marc Madiot.\" \/>\n<meta name=\"robots\" content=\"index, follow, max-snippet:-1, max-image-preview:large, max-video-preview:-1\" \/>\n<link rel=\"canonical\" href=\"https:\/\/dicodusport.fr\/blog\/thierry-bricaud-notre-debut-de-saison-est-satisfaisant\/\" \/>\n<meta property=\"og:locale\" content=\"fr_FR\" \/>\n<meta property=\"og:type\" content=\"article\" \/>\n<meta property=\"og:title\" content=\"Thierry Bricaud : \u00ab Notre d\u00e9but de saison est satisfaisant \u00bb\" \/>\n<meta property=\"og:description\" content=\"Avant le Tour de France et le Crit\u00e9rium du Dauphin\u00e9, Thierry Bricaud, directeur sportif de l&#039;\u00e9quipe Groupama FDJ, a r\u00e9pondu aux questions tout en donnant quelques infos sur la suite de la saison de l&#039;\u00e9quipe du manager Marc Madiot.\" \/>\n<meta property=\"og:url\" content=\"https:\/\/dicodusport.fr\/blog\/thierry-bricaud-notre-debut-de-saison-est-satisfaisant\/\" \/>\n<meta property=\"og:site_name\" content=\"Dicodusport\" \/>\n<meta property=\"article:publisher\" content=\"https:\/\/www.facebook.com\/dicodusport\" \/>\n<meta property=\"article:published_time\" content=\"2018-06-04T07:00:54+00:00\" \/>\n<meta property=\"article:modified_time\" content=\"2018-06-04T07:23:32+00:00\" \/>\n<meta property=\"og:image\" content=\"https:\/\/dicodusport.fr\/blog\/wp-content\/uploads\/2018\/06\/Thierry-Bricaud-Groupama-FDJ.png\" \/>\n\t<meta property=\"og:image:width\" content=\"800\" \/>\n\t<meta property=\"og:image:height\" content=\"445\" \/>\n\t<meta property=\"og:image:type\" content=\"image\/png\" \/>\n<meta name=\"author\" content=\"Nelson\" \/>\n<meta name=\"twitter:card\" content=\"summary_large_image\" \/>\n<meta name=\"twitter:creator\" content=\"@dicodusport\" \/>\n<meta name=\"twitter:site\" content=\"@dicodusport\" \/>\n<script type=\"application\/ld+json\" class=\"yoast-schema-graph\">{\"@context\":\"https:\/\/schema.org\",\"@graph\":[{\"@type\":\"NewsArticle\",\"@id\":\"https:\/\/dicodusport.fr\/blog\/thierry-bricaud-notre-debut-de-saison-est-satisfaisant\/#article\",\"isPartOf\":{\"@id\":\"https:\/\/dicodusport.fr\/blog\/thierry-bricaud-notre-debut-de-saison-est-satisfaisant\/\"},\"author\":{\"name\":\"Nelson\",\"@id\":\"https:\/\/dicodusport.fr\/blog\/#\/schema\/person\/5116a629167122a65c59ff0df3ccec05\"},\"headline\":\"Thierry Bricaud : \u00ab Notre d\u00e9but de saison est satisfaisant \u00bb\",\"datePublished\":\"2018-06-04T07:00:54+00:00\",\"dateModified\":\"2018-06-04T07:23:32+00:00\",\"mainEntityOfPage\":{\"@id\":\"https:\/\/dicodusport.fr\/blog\/thierry-bricaud-notre-debut-de-saison-est-satisfaisant\/\"},\"wordCount\":615,\"commentCount\":0,\"publisher\":{\"@id\":\"https:\/\/dicodusport.fr\/blog\/#organization\"},\"image\":{\"@id\":\"https:\/\/dicodusport.fr\/blog\/thierry-bricaud-notre-debut-de-saison-est-satisfaisant\/#primaryimage\"},\"thumbnailUrl\":\"https:\/\/dicodusport.fr\/blog\/wp-content\/uploads\/2018\/06\/Thierry-Bricaud-Groupama-FDJ.png\",\"keywords\":[\"Cyclisme\",\"Groupama FDJ\"],\"articleSection\":[\"Actualit\u00e9s\",\"Cyclisme\"],\"inLanguage\":\"fr-FR\",\"potentialAction\":[{\"@type\":\"CommentAction\",\"name\":\"Comment\",\"target\":[\"https:\/\/dicodusport.fr\/blog\/thierry-bricaud-notre-debut-de-saison-est-satisfaisant\/#respond\"]}],\"copyrightYear\":\"2018\",\"copyrightHolder\":{\"@id\":\"https:\/\/dicodusport.fr\/blog\/#organization\"}},{\"@type\":\"WebPage\",\"@id\":\"https:\/\/dicodusport.fr\/blog\/thierry-bricaud-notre-debut-de-saison-est-satisfaisant\/\",\"url\":\"https:\/\/dicodusport.fr\/blog\/thierry-bricaud-notre-debut-de-saison-est-satisfaisant\/\",\"name\":\"Thierry Bricaud : \u00ab Notre d\u00e9but de saison est satisfaisant \u00bb\",\"isPartOf\":{\"@id\":\"https:\/\/dicodusport.fr\/blog\/#website\"},\"primaryImageOfPage\":{\"@id\":\"https:\/\/dicodusport.fr\/blog\/thierry-bricaud-notre-debut-de-saison-est-satisfaisant\/#primaryimage\"},\"image\":{\"@id\":\"https:\/\/dicodusport.fr\/blog\/thierry-bricaud-notre-debut-de-saison-est-satisfaisant\/#primaryimage\"},\"thumbnailUrl\":\"https:\/\/dicodusport.fr\/blog\/wp-content\/uploads\/2018\/06\/Thierry-Bricaud-Groupama-FDJ.png\",\"datePublished\":\"2018-06-04T07:00:54+00:00\",\"dateModified\":\"2018-06-04T07:23:32+00:00\",\"description\":\"Avant le Tour de France et le Crit\u00e9rium du Dauphin\u00e9, Thierry Bricaud, directeur sportif de l'\u00e9quipe Groupama FDJ, a r\u00e9pondu aux questions tout en donnant quelques infos sur la suite de la saison de l'\u00e9quipe du manager Marc Madiot.\",\"breadcrumb\":{\"@id\":\"https:\/\/dicodusport.fr\/blog\/thierry-bricaud-notre-debut-de-saison-est-satisfaisant\/#breadcrumb\"},\"inLanguage\":\"fr-FR\",\"potentialAction\":[{\"@type\":\"ReadAction\",\"target\":[\"https:\/\/dicodusport.fr\/blog\/thierry-bricaud-notre-debut-de-saison-est-satisfaisant\/\"]}]},{\"@type\":\"ImageObject\",\"inLanguage\":\"fr-FR\",\"@id\":\"https:\/\/dicodusport.fr\/blog\/thierry-bricaud-notre-debut-de-saison-est-satisfaisant\/#primaryimage\",\"url\":\"https:\/\/dicodusport.fr\/blog\/wp-content\/uploads\/2018\/06\/Thierry-Bricaud-Groupama-FDJ.png\",\"contentUrl\":\"https:\/\/dicodusport.fr\/blog\/wp-content\/uploads\/2018\/06\/Thierry-Bricaud-Groupama-FDJ.png\",\"width\":800,\"height\":445},{\"@type\":\"BreadcrumbList\",\"@id\":\"https:\/\/dicodusport.fr\/blog\/thierry-bricaud-notre-debut-de-saison-est-satisfaisant\/#breadcrumb\",\"itemListElement\":[{\"@type\":\"ListItem\",\"position\":1,\"name\":\"Accueil\",\"item\":\"https:\/\/dicodusport.fr\/blog\/\"},{\"@type\":\"ListItem\",\"position\":2,\"name\":\"Thierry Bricaud : \u00ab Notre d\u00e9but de saison est satisfaisant \u00bb\"}]},{\"@type\":\"WebSite\",\"@id\":\"https:\/\/dicodusport.fr\/blog\/#website\",\"url\":\"https:\/\/dicodusport.fr\/blog\/\",\"name\":\"Dicodusport\",\"description\":\"L&#039;encyclop\u00e9die de l&#039;actualit\u00e9 sportive\",\"publisher\":{\"@id\":\"https:\/\/dicodusport.fr\/blog\/#organization\"},\"potentialAction\":[{\"@type\":\"SearchAction\",\"target\":{\"@type\":\"EntryPoint\",\"urlTemplate\":\"https:\/\/dicodusport.fr\/blog\/?s={search_term_string}\"},\"query-input\":{\"@type\":\"PropertyValueSpecification\",\"valueRequired\":true,\"valueName\":\"search_term_string\"}}],\"inLanguage\":\"fr-FR\"},{\"@type\":\"NewsMediaOrganization\",\"@id\":\"https:\/\/dicodusport.fr\/blog\/#organization\",\"name\":\"Dicodusport\",\"url\":\"https:\/\/dicodusport.fr\/blog\/\",\"logo\":{\"@type\":\"ImageObject\",\"inLanguage\":\"fr-FR\",\"@id\":\"https:\/\/dicodusport.fr\/blog\/#\/schema\/logo\/image\/\",\"url\":\"https:\/\/dicodusport.fr\/blog\/wp-content\/uploads\/2020\/06\/cropped-LOGO-DICODUSPORT-2020-SANS-FOND-SANS-TEXTE.png\",\"contentUrl\":\"https:\/\/dicodusport.fr\/blog\/wp-content\/uploads\/2020\/06\/cropped-LOGO-DICODUSPORT-2020-SANS-FOND-SANS-TEXTE.png\",\"width\":512,\"height\":512,\"caption\":\"Dicodusport\"},\"image\":{\"@id\":\"https:\/\/dicodusport.fr\/blog\/#\/schema\/logo\/image\/\"},\"sameAs\":[\"https:\/\/www.facebook.com\/dicodusport\",\"https:\/\/x.com\/dicodusport\",\"https:\/\/www.instagram.com\/dicodusport\/\",\"https:\/\/www.youtube.com\/channel\/UC7V2KZ5sd3htJivAbA4ZG3w\"],\"description\":\"Dicodusport est l'encyclop\u00e9die de l'actualit\u00e9 sportive.\",\"email\":\"bonjour@dicodusport.fr\",\"legalName\":\"DICODUSPORT\",\"foundingDate\":\"2018-01-14\",\"vatID\":\"FR71834470973\",\"taxID\":\"83447097300043\",\"numberOfEmployees\":{\"@type\":\"QuantitativeValue\",\"minValue\":\"1\",\"maxValue\":\"10\"}},{\"@type\":\"Person\",\"@id\":\"https:\/\/dicodusport.fr\/blog\/#\/schema\/person\/5116a629167122a65c59ff0df3ccec05\",\"name\":\"Nelson\",\"image\":{\"@type\":\"ImageObject\",\"inLanguage\":\"fr-FR\",\"@id\":\"https:\/\/dicodusport.fr\/blog\/#\/schema\/person\/image\/\",\"url\":\"https:\/\/dicodusport.fr\/blog\/wp-content\/uploads\/2017\/01\/cropped-logo-dicodusport-sans-fond-150x150.png\",\"contentUrl\":\"https:\/\/dicodusport.fr\/blog\/wp-content\/uploads\/2017\/01\/cropped-logo-dicodusport-sans-fond-150x150.png\",\"caption\":\"Nelson\"},\"url\":\"https:\/\/dicodusport.fr\/blog\/author\/nelson\/\"}]}<\/script>\n<!-- \/ Yoast SEO Premium plugin. -->","yoast_head_json":{"title":"Thierry Bricaud : \u00ab Notre d\u00e9but de saison est satisfaisant \u00bb","description":"Avant le Tour de France et le Crit\u00e9rium du Dauphin\u00e9, Thierry Bricaud, directeur sportif de l'\u00e9quipe Groupama FDJ, a r\u00e9pondu aux questions tout en donnant quelques infos sur la suite de la saison de l'\u00e9quipe du manager Marc Madiot.","robots":{"index":"index","follow":"follow","max-snippet":"max-snippet:-1","max-image-preview":"max-image-preview:large","max-video-preview":"max-video-preview:-1"},"canonical":"https:\/\/dicodusport.fr\/blog\/thierry-bricaud-notre-debut-de-saison-est-satisfaisant\/","og_locale":"fr_FR","og_type":"article","og_title":"Thierry Bricaud : \u00ab Notre d\u00e9but de saison est satisfaisant \u00bb","og_description":"Avant le Tour de France et le Crit\u00e9rium du Dauphin\u00e9, Thierry Bricaud, directeur sportif de l'\u00e9quipe Groupama FDJ, a r\u00e9pondu aux questions tout en donnant quelques infos sur la suite de la saison de l'\u00e9quipe du manager Marc Madiot.","og_url":"https:\/\/dicodusport.fr\/blog\/thierry-bricaud-notre-debut-de-saison-est-satisfaisant\/","og_site_name":"Dicodusport","article_publisher":"https:\/\/www.facebook.com\/dicodusport","article_published_time":"2018-06-04T07:00:54+00:00","article_modified_time":"2018-06-04T07:23:32+00:00","og_image":[{"width":800,"height":445,"url":"https:\/\/dicodusport.fr\/blog\/wp-content\/uploads\/2018\/06\/Thierry-Bricaud-Groupama-FDJ.png","type":"image\/png"}],"author":"Nelson","twitter_card":"summary_large_image","twitter_creator":"@dicodusport","twitter_site":"@dicodusport","schema":{"@context":"https:\/\/schema.org","@graph":[{"@type":"NewsArticle","@id":"https:\/\/dicodusport.fr\/blog\/thierry-bricaud-notre-debut-de-saison-est-satisfaisant\/#article","isPartOf":{"@id":"https:\/\/dicodusport.fr\/blog\/thierry-bricaud-notre-debut-de-saison-est-satisfaisant\/"},"author":{"name":"Nelson","@id":"https:\/\/dicodusport.fr\/blog\/#\/schema\/person\/5116a629167122a65c59ff0df3ccec05"},"headline":"Thierry Bricaud : \u00ab Notre d\u00e9but de saison est satisfaisant \u00bb","datePublished":"2018-06-04T07:00:54+00:00","dateModified":"2018-06-04T07:23:32+00:00","mainEntityOfPage":{"@id":"https:\/\/dicodusport.fr\/blog\/thierry-bricaud-notre-debut-de-saison-est-satisfaisant\/"},"wordCount":615,"commentCount":0,"publisher":{"@id":"https:\/\/dicodusport.fr\/blog\/#organization"},"image":{"@id":"https:\/\/dicodusport.fr\/blog\/thierry-bricaud-notre-debut-de-saison-est-satisfaisant\/#primaryimage"},"thumbnailUrl":"https:\/\/dicodusport.fr\/blog\/wp-content\/uploads\/2018\/06\/Thierry-Bricaud-Groupama-FDJ.png","keywords":["Cyclisme","Groupama FDJ"],"articleSection":["Actualit\u00e9s","Cyclisme"],"inLanguage":"fr-FR","potentialAction":[{"@type":"CommentAction","name":"Comment","target":["https:\/\/dicodusport.fr\/blog\/thierry-bricaud-notre-debut-de-saison-est-satisfaisant\/#respond"]}],"copyrightYear":"2018","copyrightHolder":{"@id":"https:\/\/dicodusport.fr\/blog\/#organization"}},{"@type":"WebPage","@id":"https:\/\/dicodusport.fr\/blog\/thierry-bricaud-notre-debut-de-saison-est-satisfaisant\/","url":"https:\/\/dicodusport.fr\/blog\/thierry-bricaud-notre-debut-de-saison-est-satisfaisant\/","name":"Thierry Bricaud : \u00ab Notre d\u00e9but de saison est satisfaisant \u00bb","isPartOf":{"@id":"https:\/\/dicodusport.fr\/blog\/#website"},"primaryImageOfPage":{"@id":"https:\/\/dicodusport.fr\/blog\/thierry-bricaud-notre-debut-de-saison-est-satisfaisant\/#primaryimage"},"image":{"@id":"https:\/\/dicodusport.fr\/blog\/thierry-bricaud-notre-debut-de-saison-est-satisfaisant\/#primaryimage"},"thumbnailUrl":"https:\/\/dicodusport.fr\/blog\/wp-content\/uploads\/2018\/06\/Thierry-Bricaud-Groupama-FDJ.png","datePublished":"2018-06-04T07:00:54+00:00","dateModified":"2018-06-04T07:23:32+00:00","description":"Avant le Tour de France et le Crit\u00e9rium du Dauphin\u00e9, Thierry Bricaud, directeur sportif de l'\u00e9quipe Groupama FDJ, a r\u00e9pondu aux questions tout en donnant quelques infos sur la suite de la saison de l'\u00e9quipe du manager Marc Madiot.","breadcrumb":{"@id":"https:\/\/dicodusport.fr\/blog\/thierry-bricaud-notre-debut-de-saison-est-satisfaisant\/#breadcrumb"},"inLanguage":"fr-FR","potentialAction":[{"@type":"ReadAction","target":["https:\/\/dicodusport.fr\/blog\/thierry-bricaud-notre-debut-de-saison-est-satisfaisant\/"]}]},{"@type":"ImageObject","inLanguage":"fr-FR","@id":"https:\/\/dicodusport.fr\/blog\/thierry-bricaud-notre-debut-de-saison-est-satisfaisant\/#primaryimage","url":"https:\/\/dicodusport.fr\/blog\/wp-content\/uploads\/2018\/06\/Thierry-Bricaud-Groupama-FDJ.png","contentUrl":"https:\/\/dicodusport.fr\/blog\/wp-content\/uploads\/2018\/06\/Thierry-Bricaud-Groupama-FDJ.png","width":800,"height":445},{"@type":"BreadcrumbList","@id":"https:\/\/dicodusport.fr\/blog\/thierry-bricaud-notre-debut-de-saison-est-satisfaisant\/#breadcrumb","itemListElement":[{"@type":"ListItem","position":1,"name":"Accueil","item":"https:\/\/dicodusport.fr\/blog\/"},{"@type":"ListItem","position":2,"name":"Thierry Bricaud : \u00ab Notre d\u00e9but de saison est satisfaisant \u00bb"}]},{"@type":"WebSite","@id":"https:\/\/dicodusport.fr\/blog\/#website","url":"https:\/\/dicodusport.fr\/blog\/","name":"Dicodusport","description":"L&#039;encyclop\u00e9die de l&#039;actualit\u00e9 sportive","publisher":{"@id":"https:\/\/dicodusport.fr\/blog\/#organization"},"potentialAction":[{"@type":"SearchAction","target":{"@type":"EntryPoint","urlTemplate":"https:\/\/dicodusport.fr\/blog\/?s={search_term_string}"},"query-input":{"@type":"PropertyValueSpecification","valueRequired":true,"valueName":"search_term_string"}}],"inLanguage":"fr-FR"},{"@type":"NewsMediaOrganization","@id":"https:\/\/dicodusport.fr\/blog\/#organization","name":"Dicodusport","url":"https:\/\/dicodusport.fr\/blog\/","logo":{"@type":"ImageObject","inLanguage":"fr-FR","@id":"https:\/\/dicodusport.fr\/blog\/#\/schema\/logo\/image\/","url":"https:\/\/dicodusport.fr\/blog\/wp-content\/uploads\/2020\/06\/cropped-LOGO-DICODUSPORT-2020-SANS-FOND-SANS-TEXTE.png","contentUrl":"https:\/\/dicodusport.fr\/blog\/wp-content\/uploads\/2020\/06\/cropped-LOGO-DICODUSPORT-2020-SANS-FOND-SANS-TEXTE.png","width":512,"height":512,"caption":"Dicodusport"},"image":{"@id":"https:\/\/dicodusport.fr\/blog\/#\/schema\/logo\/image\/"},"sameAs":["https:\/\/www.facebook.com\/dicodusport","https:\/\/x.com\/dicodusport","https:\/\/www.instagram.com\/dicodusport\/","https:\/\/www.youtube.com\/channel\/UC7V2KZ5sd3htJivAbA4ZG3w"],"description":"Dicodusport est l'encyclop\u00e9die de l'actualit\u00e9 sportive.","email":"bonjour@dicodusport.fr","legalName":"DICODUSPORT","foundingDate":"2018-01-14","vatID":"FR71834470973","taxID":"83447097300043","numberOfEmployees":{"@type":"QuantitativeValue","minValue":"1","maxValue":"10"}},{"@type":"Person","@id":"https:\/\/dicodusport.fr\/blog\/#\/schema\/person\/5116a629167122a65c59ff0df3ccec05","name":"Nelson","image":{"@type":"ImageObject","inLanguage":"fr-FR","@id":"https:\/\/dicodusport.fr\/blog\/#\/schema\/person\/image\/","url":"https:\/\/dicodusport.fr\/blog\/wp-content\/uploads\/2017\/01\/cropped-logo-dicodusport-sans-fond-150x150.png","contentUrl":"https:\/\/dicodusport.fr\/blog\/wp-content\/uploads\/2017\/01\/cropped-logo-dicodusport-sans-fond-150x150.png","caption":"Nelson"},"url":"https:\/\/dicodusport.fr\/blog\/author\/nelson\/"}]}},"_links":{"self":[{"href":"https:\/\/dicodusport.fr\/blog\/wp-json\/wp\/v2\/posts\/19429","targetHints":{"allow":["GET"]}}],"collection":[{"href":"https:\/\/dicodusport.fr\/blog\/wp-json\/wp\/v2\/posts"}],"about":[{"href":"https:\/\/dicodusport.fr\/blog\/wp-json\/wp\/v2\/types\/post"}],"author":[{"embeddable":true,"href":"https:\/\/dicodusport.fr\/blog\/wp-json\/wp\/v2\/users\/29"}],"replies":[{"embeddable":true,"href":"https:\/\/dicodusport.fr\/blog\/wp-json\/wp\/v2\/comments?post=19429"}],"version-history":[{"count":0,"href":"https:\/\/dicodusport.fr\/blog\/wp-json\/wp\/v2\/posts\/19429\/revisions"}],"wp:featuredmedia":[{"embeddable":true,"href":"https:\/\/dicodusport.fr\/blog\/wp-json\/wp\/v2\/media\/19619"}],"wp:attachment":[{"href":"https:\/\/dicodusport.fr\/blog\/wp-json\/wp\/v2\/media?parent=19429"}],"wp:term":[{"taxonomy":"category","embeddable":true,"href":"https:\/\/dicodusport.fr\/blog\/wp-json\/wp\/v2\/categories?post=19429"},{"taxonomy":"post_tag","embeddable":true,"href":"https:\/\/dicodusport.fr\/blog\/wp-json\/wp\/v2\/tags?post=19429"}],"curies":[{"name":"wp","href":"https:\/\/api.w.org\/{rel}","templated":true}]}}