{"id":194329,"date":"2022-01-27T09:13:39","date_gmt":"2022-01-27T08:13:39","guid":{"rendered":"https:\/\/dicodusport.fr\/blog\/?p=194329"},"modified":"2022-01-28T13:04:25","modified_gmt":"2022-01-28T12:04:25","slug":"cyclo-cross-championnats-du-monde-2022-fayetteville-parcours-detail","status":"publish","type":"post","link":"https:\/\/dicodusport.fr\/blog\/cyclo-cross-championnats-du-monde-2022-fayetteville-parcours-detail\/","title":{"rendered":"Championnats du monde 2022 Fayetteville : Le parcours en d\u00e9tail"},"content":{"rendered":"<p style=\"text-align: justify;\"><em><strong><span class=\"tojvnm2t a6sixzi8 abs2jz4q a8s20v7p t1p8iaqh k5wvi7nf q3lfd5jv pk4s997a bipmatt0 cebpdrjk qowsmv63 owwhemhu dp1hu0rb dhp61c6y iyyx5f41\"><a href=\"https:\/\/dicodusport.fr\/blog\/actualites\/cyclisme\/cyclo-cross\/cyclo-cross-2021-2022\/championnats-du-monde-cyclo-cross-2022\/\">CHAMPIONNATS DU MONDE CYCLO-CROSS 2022<\/a> \u2013 <\/span>Neuf ans apr\u00e8s les Championnats du monde de Louisville, la bataille pour le maillot arc-en-ciel en cyclo-cross reviendra aux \u00c9tats-Unis, \u00e0 Fayetteville. <span class=\"tojvnm2t a6sixzi8 abs2jz4q a8s20v7p t1p8iaqh k5wvi7nf q3lfd5jv pk4s997a bipmatt0 cebpdrjk qowsmv63 owwhemhu dp1hu0rb dhp61c6y iyyx5f41\">Les championnats du monde de cyclo-cross 20212 auront lieu dans l&rsquo;Arkansas du 28 au 30 janvier 2022. Pr\u00e8s de 10.000 spectateurs seront attendus pour les courses des \u00e9lites. <\/span><br \/>\n<\/strong><\/em><\/p>\n<h2 style=\"text-align: justify;\">Un peu d&rsquo;histoire<\/h2>\n<p style=\"text-align: justify;\"><strong>Brook Watts<\/strong> a mis Las Vegas, Fayetteville et Waterloo sur la carte du cyclo-cross et a \u00e9t\u00e9 charg\u00e9 de d\u00e9velopper le projet de Coupe du monde aux \u00c9tats-Unis. Malheureusement, Watts s&rsquo;est retir\u00e9 au printemps 2021 apr\u00e8s un d\u00e9saccord politique avec l&rsquo;\u00c9tat de l&rsquo;Arkansas.<\/p>\n<p style=\"text-align: justify;\">Auparavant, une course de cyclo-cross avait lieu \u00e0 Fayetteville en 2019, mais il s&rsquo;agissait d&rsquo;un cross C2 et il s&rsquo;est d\u00e9roul\u00e9 sur un parcours diff\u00e9rent de celui de la Coupe du monde. Le principal partenaire financier de la course est la famille Walton, propri\u00e9taire de la cha\u00eene de supermarch\u00e9s am\u00e9ricains Walmart. Le si\u00e8ge social de Walmart se trouve \u00e0 Bentonville, \u00e0 un peu moins d&rsquo;une demi-heure du Centennial Park \u00e0 Fayetteville.<\/p>\n<p><span class=\"lnEY7RhAbg6IoI09yZuX6yxxD48rrbSVKgtPpUsCHiXm4EPf1KW2GaeUawiv7ohAFq5eZQvjOlck2stWjp3znf931cF0S\"><\/p>\n<blockquote class=\"wp-embedded-content\" data-secret=\"p57SjtdULv\"><p><a href=\"https:\/\/dicodusport.fr\/blog\/mondiaux-cyclo-cross-2022-programme-et-resultats-complets\/\">Mondiaux Cyclo-cross 2022 &#8211; Programme et r\u00e9sultats complets<\/a><\/p><\/blockquote>\n<p><iframe loading=\"lazy\" class=\"wp-embedded-content\" sandbox=\"allow-scripts\" security=\"restricted\" style=\"position: absolute; clip: rect(1px, 1px, 1px, 1px);\" title=\"\u00ab\u00a0Mondiaux Cyclo-cross 2022 &#8211; Programme et r\u00e9sultats complets\u00a0\u00bb &#8212; Dicodusport\" src=\"https:\/\/dicodusport.fr\/blog\/mondiaux-cyclo-cross-2022-programme-et-resultats-complets\/embed\/#?secret=p57SjtdULv\" data-secret=\"p57SjtdULv\" width=\"600\" height=\"338\" frameborder=\"0\" marginwidth=\"0\" marginheight=\"0\" scrolling=\"no\"><\/iframe><\/span><\/p>\n<h2 style=\"text-align: justify;\">Le parcours des championnats du monde de cyclo-cross<\/h2>\n<p style=\"text-align: justify;\">Brook Watts a commenc\u00e9 \u00e0 concevoir le parcours d\u00e9but 2018 et s&rsquo;est inspir\u00e9 des nombreuses courses de cyclo-cross belges et n\u00e9erlandaises qu&rsquo;il a visit\u00e9es pendant plusieurs ann\u00e9es. Il s&rsquo;est principalement inspir\u00e9 de <strong>Ruddervoorde<\/strong> et de <strong>Valkenburg<\/strong> avec une touche de <strong>Namur<\/strong>.<\/p>\n<p style=\"text-align: justify;\">Les courses se d\u00e9rouleront dans le Parc du Centenaire \u00e0 quelques minutes du centre-ville de <strong>Fayetteville<\/strong>. Construit \u00e0 partir de rien, le circuit sera long de 3,10 kilom\u00e8tres, dont 3% est pav\u00e9 et 97% est en herbe, avec de <span class=\"goog-text-highlight\">courtes collines escarp\u00e9es et de nombreux virages rapides<\/span>.<\/p>\n<p style=\"text-align: justify;\">D&rsquo;abord, apr\u00e8s le d\u00e9part, sur la seule partie en goudron, les coureurs plongeront apr\u00e8s une petite section technique presque imm\u00e9diatement dans les bois pour une descente rapide, parfois technique. Dans ce bois, les concurrents feront face \u00e0 diff\u00e9rentes parties montantes et descendantes.<\/p>\n<p style=\"text-align: justify;\">Ensuite, apr\u00e8s une nouvelle descente, il va falloir grimper une mont\u00e9e de 250 m\u00e8tres avec une pente moyenne de 7,4%, dont un passage \u00e0 15%. Sur un plateau d\u00e9gag\u00e9, il s&rsquo;agira d&rsquo;une nouvelle section technique avec de petites bosses qui casseront le rythme puisqu&rsquo;elle se trouveront dans des virages. Les concurrents p\u00e9n\u00e9treront de nouveau dans les bois apr\u00e8s de nouveaux virages serr\u00e9s pour emprunter un chemin plus rapide et rectiligne.<\/p>\n<p style=\"text-align: justify;\">Par la suite, suivra un escalier de 39 marches suivi d&rsquo;une descente allant jusqu&rsquo;\u00e0 21% de pente, avec ensuite un roller et un pont. Cet escalier sera pas aussi raide que celui d&rsquo; <span class=\"Y2IQFc\" lang=\"fr\">Hoogerheide mais assez dur pour de doubler des concurrents. <\/span>Ce secteur sera \u00e0 nouveau en dehors du bois. Par la suite, ce sera sans doute la zone la plus rapide avec notamment de grandes lignes droites et une courbe rapide. Enfin, apr\u00e8s une zone technique artificielle avec des virages en d\u00e9vers, les coureurs rejoindront la ligne droite d&rsquo;arriv\u00e9e.<\/p>\n<p><span class=\"i\"><iframe loading=\"lazy\" title=\"2021-2022 Cyclocross World Cup Fayetteville, USA - Course Preride with Curtis White\" width=\"740\" height=\"416\" src=\"https:\/\/www.youtube.com\/embed\/YF1OoE-lazw?feature=oembed\" frameborder=\"0\" allow=\"accelerometer; autoplay; clipboard-write; encrypted-media; gyroscope; picture-in-picture; web-share\" allowfullscreen><\/iframe><\/span><\/p>\n<h2 style=\"text-align: justify;\"><strong>La carte du parcours des championnats du monde de cyclo-cross 2022<\/strong><\/h2>\n<div id=\"attachment_194706\" style=\"width: 1812px\" class=\"wp-caption aligncenter\"><a href=\"https:\/\/dicodusport.fr\/blog\/wp-content\/uploads\/2022\/01\/La-carte-du-parcours-des-championnats-du-monde-de-cyclo-cross-2022-a-Fayetteville.jpg\"><img loading=\"lazy\" decoding=\"async\" aria-describedby=\"caption-attachment-194706\" class=\"size-full wp-image-194706\" src=\"https:\/\/dicodusport.fr\/blog\/wp-content\/uploads\/2022\/01\/La-carte-du-parcours-des-championnats-du-monde-de-cyclo-cross-2022-a-Fayetteville.jpg\" alt=\"La carte du parcours des championnats du monde de cyclo-cross 2022 \u00e0 Fayetteville\" width=\"1802\" height=\"2400\" srcset=\"https:\/\/dicodusport.fr\/blog\/wp-content\/uploads\/2022\/01\/La-carte-du-parcours-des-championnats-du-monde-de-cyclo-cross-2022-a-Fayetteville.jpg 1802w, https:\/\/dicodusport.fr\/blog\/wp-content\/uploads\/2022\/01\/La-carte-du-parcours-des-championnats-du-monde-de-cyclo-cross-2022-a-Fayetteville-225x300.jpg 225w, https:\/\/dicodusport.fr\/blog\/wp-content\/uploads\/2022\/01\/La-carte-du-parcours-des-championnats-du-monde-de-cyclo-cross-2022-a-Fayetteville-769x1024.jpg 769w, https:\/\/dicodusport.fr\/blog\/wp-content\/uploads\/2022\/01\/La-carte-du-parcours-des-championnats-du-monde-de-cyclo-cross-2022-a-Fayetteville-768x1023.jpg 768w, https:\/\/dicodusport.fr\/blog\/wp-content\/uploads\/2022\/01\/La-carte-du-parcours-des-championnats-du-monde-de-cyclo-cross-2022-a-Fayetteville-1153x1536.jpg 1153w, https:\/\/dicodusport.fr\/blog\/wp-content\/uploads\/2022\/01\/La-carte-du-parcours-des-championnats-du-monde-de-cyclo-cross-2022-a-Fayetteville-1538x2048.jpg 1538w\" sizes=\"auto, (max-width: 1802px) 100vw, 1802px\" \/><\/a><p id=\"caption-attachment-194706\" class=\"wp-caption-text\">La carte du parcours des championnats du monde de cyclo-cross 2022 \u00e0 Fayetteville<\/p><\/div>\n<p>&nbsp;<\/p>\n<p>&nbsp;<\/p>\n","protected":false},"excerpt":{"rendered":"<p>CHAMPIONNATS DU MONDE CYCLO-CROSS 2022 \u2013 Neuf ans apr\u00e8s les Championnats du monde de Louisville, la bataille pour le maillot arc-en-ciel en cyclo-cross reviendra aux \u00c9tats-Unis, \u00e0 Fayetteville. Les championnats du monde de cyclo-cross 20212 auront lieu dans l&rsquo;Arkansas du 28 au 30 janvier 2022. Pr\u00e8s de 10.000 spectateurs seront attendus pour les courses des \u00e9lites.<\/p>\n","protected":false},"author":48,"featured_media":194709,"comment_status":"open","ping_status":"closed","sticky":false,"template":"","format":"standard","meta":{"_acf_changed":false,"_daextam_enable_autolinks":"","footnotes":""},"categories":[9611],"tags":[],"class_list":["post-194329","post","type-post","status-publish","format-standard","has-post-thumbnail","hentry","category-cyclo-cross"],"acf":[],"yoast_head":"<!-- This site is optimized with the Yoast SEO Premium plugin v26.7 (Yoast SEO v26.7) - https:\/\/yoast.com\/wordpress\/plugins\/seo\/ -->\n<title>Championnats du monde 2022 Fayetteville : Le parcours en d\u00e9tail<\/title>\n<meta name=\"description\" content=\"CHAMPIONNATS DU MONDE CYCLO-CROSS 2022 \u2013 D\u00e9couvrez tout ce qu&#039;il faut savoir sur le parcours des Mondiaux de CX \u00e0 Fayetteville (USA).\" \/>\n<meta name=\"robots\" content=\"index, follow, max-snippet:-1, max-image-preview:large, max-video-preview:-1\" \/>\n<link rel=\"canonical\" href=\"https:\/\/dicodusport.fr\/blog\/cyclo-cross-championnats-du-monde-2022-fayetteville-parcours-detail\/\" \/>\n<meta property=\"og:locale\" content=\"fr_FR\" \/>\n<meta property=\"og:type\" content=\"article\" \/>\n<meta property=\"og:title\" content=\"Championnats du monde 2022 Fayetteville : Le parcours en d\u00e9tail\" \/>\n<meta property=\"og:description\" content=\"CHAMPIONNATS DU MONDE CYCLO-CROSS 2022 \u2013 D\u00e9couvrez tout ce qu&#039;il faut savoir sur le parcours des Mondiaux de CX \u00e0 Fayetteville (USA).\" \/>\n<meta property=\"og:url\" content=\"https:\/\/dicodusport.fr\/blog\/cyclo-cross-championnats-du-monde-2022-fayetteville-parcours-detail\/\" \/>\n<meta property=\"og:site_name\" content=\"Dicodusport\" \/>\n<meta property=\"article:publisher\" content=\"https:\/\/www.facebook.com\/dicodusport\" \/>\n<meta property=\"article:author\" content=\"https:\/\/www.facebook.com\/groups\/LesRoisDuPeloton\" \/>\n<meta property=\"article:published_time\" content=\"2022-01-27T08:13:39+00:00\" \/>\n<meta property=\"article:modified_time\" content=\"2022-01-28T12:04:25+00:00\" \/>\n<meta property=\"og:image\" content=\"https:\/\/dicodusport.fr\/blog\/wp-content\/uploads\/2022\/01\/Championnats-du-monde-2022-Fayetteville-Le-parcours-en-detail.png\" \/>\n\t<meta property=\"og:image:width\" content=\"800\" \/>\n\t<meta property=\"og:image:height\" content=\"445\" \/>\n\t<meta property=\"og:image:type\" content=\"image\/png\" \/>\n<meta name=\"author\" content=\"Emilien Descampiaux\" \/>\n<meta name=\"twitter:card\" content=\"summary_large_image\" \/>\n<meta name=\"twitter:title\" content=\"Championnats du monde 2022 Fayetteville : Le parcours en d\u00e9tail\" \/>\n<meta name=\"twitter:creator\" content=\"@https:\/\/twitter.com\/LRoisDuPeloton\" \/>\n<meta name=\"twitter:site\" content=\"@dicodusport\" \/>\n<script type=\"application\/ld+json\" class=\"yoast-schema-graph\">{\"@context\":\"https:\/\/schema.org\",\"@graph\":[{\"@type\":\"NewsArticle\",\"@id\":\"https:\/\/dicodusport.fr\/blog\/cyclo-cross-championnats-du-monde-2022-fayetteville-parcours-detail\/#article\",\"isPartOf\":{\"@id\":\"https:\/\/dicodusport.fr\/blog\/cyclo-cross-championnats-du-monde-2022-fayetteville-parcours-detail\/\"},\"author\":{\"name\":\"Emilien Descampiaux\",\"@id\":\"https:\/\/dicodusport.fr\/blog\/#\/schema\/person\/6db4bae06b171592211be385b32876a7\"},\"headline\":\"Championnats du monde 2022 Fayetteville : Le parcours en d\u00e9tail\",\"datePublished\":\"2022-01-27T08:13:39+00:00\",\"dateModified\":\"2022-01-28T12:04:25+00:00\",\"mainEntityOfPage\":{\"@id\":\"https:\/\/dicodusport.fr\/blog\/cyclo-cross-championnats-du-monde-2022-fayetteville-parcours-detail\/\"},\"wordCount\":555,\"commentCount\":0,\"publisher\":{\"@id\":\"https:\/\/dicodusport.fr\/blog\/#organization\"},\"image\":{\"@id\":\"https:\/\/dicodusport.fr\/blog\/cyclo-cross-championnats-du-monde-2022-fayetteville-parcours-detail\/#primaryimage\"},\"thumbnailUrl\":\"https:\/\/dicodusport.fr\/blog\/wp-content\/uploads\/2022\/01\/Championnats-du-monde-2022-Fayetteville-Le-parcours-en-detail.png\",\"articleSection\":[\"Cyclo-cross\"],\"inLanguage\":\"fr-FR\",\"potentialAction\":[{\"@type\":\"CommentAction\",\"name\":\"Comment\",\"target\":[\"https:\/\/dicodusport.fr\/blog\/cyclo-cross-championnats-du-monde-2022-fayetteville-parcours-detail\/#respond\"]}],\"copyrightYear\":\"2022\",\"copyrightHolder\":{\"@id\":\"https:\/\/dicodusport.fr\/blog\/#organization\"}},{\"@type\":\"WebPage\",\"@id\":\"https:\/\/dicodusport.fr\/blog\/cyclo-cross-championnats-du-monde-2022-fayetteville-parcours-detail\/\",\"url\":\"https:\/\/dicodusport.fr\/blog\/cyclo-cross-championnats-du-monde-2022-fayetteville-parcours-detail\/\",\"name\":\"Championnats du monde 2022 Fayetteville : Le parcours en d\u00e9tail\",\"isPartOf\":{\"@id\":\"https:\/\/dicodusport.fr\/blog\/#website\"},\"primaryImageOfPage\":{\"@id\":\"https:\/\/dicodusport.fr\/blog\/cyclo-cross-championnats-du-monde-2022-fayetteville-parcours-detail\/#primaryimage\"},\"image\":{\"@id\":\"https:\/\/dicodusport.fr\/blog\/cyclo-cross-championnats-du-monde-2022-fayetteville-parcours-detail\/#primaryimage\"},\"thumbnailUrl\":\"https:\/\/dicodusport.fr\/blog\/wp-content\/uploads\/2022\/01\/Championnats-du-monde-2022-Fayetteville-Le-parcours-en-detail.png\",\"datePublished\":\"2022-01-27T08:13:39+00:00\",\"dateModified\":\"2022-01-28T12:04:25+00:00\",\"description\":\"CHAMPIONNATS DU MONDE CYCLO-CROSS 2022 \u2013 D\u00e9couvrez tout ce qu'il faut savoir sur le parcours des Mondiaux de CX \u00e0 Fayetteville (USA).\",\"breadcrumb\":{\"@id\":\"https:\/\/dicodusport.fr\/blog\/cyclo-cross-championnats-du-monde-2022-fayetteville-parcours-detail\/#breadcrumb\"},\"inLanguage\":\"fr-FR\",\"potentialAction\":[{\"@type\":\"ReadAction\",\"target\":[\"https:\/\/dicodusport.fr\/blog\/cyclo-cross-championnats-du-monde-2022-fayetteville-parcours-detail\/\"]}]},{\"@type\":\"ImageObject\",\"inLanguage\":\"fr-FR\",\"@id\":\"https:\/\/dicodusport.fr\/blog\/cyclo-cross-championnats-du-monde-2022-fayetteville-parcours-detail\/#primaryimage\",\"url\":\"https:\/\/dicodusport.fr\/blog\/wp-content\/uploads\/2022\/01\/Championnats-du-monde-2022-Fayetteville-Le-parcours-en-detail.png\",\"contentUrl\":\"https:\/\/dicodusport.fr\/blog\/wp-content\/uploads\/2022\/01\/Championnats-du-monde-2022-Fayetteville-Le-parcours-en-detail.png\",\"width\":800,\"height\":445,\"caption\":\"Championnats du monde 2022 Fayetteville Le parcours en d\u00e9tail\"},{\"@type\":\"BreadcrumbList\",\"@id\":\"https:\/\/dicodusport.fr\/blog\/cyclo-cross-championnats-du-monde-2022-fayetteville-parcours-detail\/#breadcrumb\",\"itemListElement\":[{\"@type\":\"ListItem\",\"position\":1,\"name\":\"Accueil\",\"item\":\"https:\/\/dicodusport.fr\/blog\/\"},{\"@type\":\"ListItem\",\"position\":2,\"name\":\"Championnats du monde 2022 Fayetteville : Le parcours en d\u00e9tail\"}]},{\"@type\":\"WebSite\",\"@id\":\"https:\/\/dicodusport.fr\/blog\/#website\",\"url\":\"https:\/\/dicodusport.fr\/blog\/\",\"name\":\"Dicodusport\",\"description\":\"L&#039;encyclop\u00e9die de l&#039;actualit\u00e9 sportive\",\"publisher\":{\"@id\":\"https:\/\/dicodusport.fr\/blog\/#organization\"},\"potentialAction\":[{\"@type\":\"SearchAction\",\"target\":{\"@type\":\"EntryPoint\",\"urlTemplate\":\"https:\/\/dicodusport.fr\/blog\/?s={search_term_string}\"},\"query-input\":{\"@type\":\"PropertyValueSpecification\",\"valueRequired\":true,\"valueName\":\"search_term_string\"}}],\"inLanguage\":\"fr-FR\"},{\"@type\":\"NewsMediaOrganization\",\"@id\":\"https:\/\/dicodusport.fr\/blog\/#organization\",\"name\":\"Dicodusport\",\"url\":\"https:\/\/dicodusport.fr\/blog\/\",\"logo\":{\"@type\":\"ImageObject\",\"inLanguage\":\"fr-FR\",\"@id\":\"https:\/\/dicodusport.fr\/blog\/#\/schema\/logo\/image\/\",\"url\":\"https:\/\/dicodusport.fr\/blog\/wp-content\/uploads\/2020\/06\/cropped-LOGO-DICODUSPORT-2020-SANS-FOND-SANS-TEXTE.png\",\"contentUrl\":\"https:\/\/dicodusport.fr\/blog\/wp-content\/uploads\/2020\/06\/cropped-LOGO-DICODUSPORT-2020-SANS-FOND-SANS-TEXTE.png\",\"width\":512,\"height\":512,\"caption\":\"Dicodusport\"},\"image\":{\"@id\":\"https:\/\/dicodusport.fr\/blog\/#\/schema\/logo\/image\/\"},\"sameAs\":[\"https:\/\/www.facebook.com\/dicodusport\",\"https:\/\/x.com\/dicodusport\",\"https:\/\/www.instagram.com\/dicodusport\/\",\"https:\/\/www.youtube.com\/channel\/UC7V2KZ5sd3htJivAbA4ZG3w\"],\"description\":\"Dicodusport est l'encyclop\u00e9die de l'actualit\u00e9 sportive.\",\"email\":\"bonjour@dicodusport.fr\",\"legalName\":\"DICODUSPORT\",\"foundingDate\":\"2018-01-14\",\"vatID\":\"FR71834470973\",\"taxID\":\"83447097300043\",\"numberOfEmployees\":{\"@type\":\"QuantitativeValue\",\"minValue\":\"1\",\"maxValue\":\"10\"}},{\"@type\":\"Person\",\"@id\":\"https:\/\/dicodusport.fr\/blog\/#\/schema\/person\/6db4bae06b171592211be385b32876a7\",\"name\":\"Emilien Descampiaux\",\"image\":{\"@type\":\"ImageObject\",\"inLanguage\":\"fr-FR\",\"@id\":\"https:\/\/dicodusport.fr\/blog\/#\/schema\/person\/image\/\",\"url\":\"https:\/\/dicodusport.fr\/blog\/wp-content\/uploads\/2021\/05\/Emilien-Descampiaux-150x150.jpg\",\"contentUrl\":\"https:\/\/dicodusport.fr\/blog\/wp-content\/uploads\/2021\/05\/Emilien-Descampiaux-150x150.jpg\",\"caption\":\"Emilien Descampiaux\"},\"description\":\"Journaliste\/r\u00e9dacteur depuis 2014 - Fan de la classe de Frank Vandenbroucke, je vis cyclisme (et de ses paysages) depuis plus de 20 ans. Je suis tr\u00e8s impliqu\u00e9 sur mes diff\u00e9rents r\u00e9seaux sociaux pour partager ma passion sur le monde et l'Histoire de la bicyclette avec ma voix sur les images en noir et blanc du succ\u00e8s de Rik Van Steenbergen lors du Ronde sur le V\u00e9lodrome de Gand.\",\"sameAs\":[\"https:\/\/www.facebook.com\/groups\/LesRoisDuPeloton\",\"https:\/\/x.com\/https:\/\/twitter.com\/LRoisDuPeloton\"],\"url\":\"https:\/\/dicodusport.fr\/blog\/author\/emiliend\/\"}]}<\/script>\n<!-- \/ Yoast SEO Premium plugin. -->","yoast_head_json":{"title":"Championnats du monde 2022 Fayetteville : Le parcours en d\u00e9tail","description":"CHAMPIONNATS DU MONDE CYCLO-CROSS 2022 \u2013 D\u00e9couvrez tout ce qu'il faut savoir sur le parcours des Mondiaux de CX \u00e0 Fayetteville (USA).","robots":{"index":"index","follow":"follow","max-snippet":"max-snippet:-1","max-image-preview":"max-image-preview:large","max-video-preview":"max-video-preview:-1"},"canonical":"https:\/\/dicodusport.fr\/blog\/cyclo-cross-championnats-du-monde-2022-fayetteville-parcours-detail\/","og_locale":"fr_FR","og_type":"article","og_title":"Championnats du monde 2022 Fayetteville : Le parcours en d\u00e9tail","og_description":"CHAMPIONNATS DU MONDE CYCLO-CROSS 2022 \u2013 D\u00e9couvrez tout ce qu'il faut savoir sur le parcours des Mondiaux de CX \u00e0 Fayetteville (USA).","og_url":"https:\/\/dicodusport.fr\/blog\/cyclo-cross-championnats-du-monde-2022-fayetteville-parcours-detail\/","og_site_name":"Dicodusport","article_publisher":"https:\/\/www.facebook.com\/dicodusport","article_author":"https:\/\/www.facebook.com\/groups\/LesRoisDuPeloton","article_published_time":"2022-01-27T08:13:39+00:00","article_modified_time":"2022-01-28T12:04:25+00:00","og_image":[{"width":800,"height":445,"url":"https:\/\/dicodusport.fr\/blog\/wp-content\/uploads\/2022\/01\/Championnats-du-monde-2022-Fayetteville-Le-parcours-en-detail.png","type":"image\/png"}],"author":"Emilien Descampiaux","twitter_card":"summary_large_image","twitter_title":"Championnats du monde 2022 Fayetteville : Le parcours en d\u00e9tail","twitter_creator":"@https:\/\/twitter.com\/LRoisDuPeloton","twitter_site":"@dicodusport","schema":{"@context":"https:\/\/schema.org","@graph":[{"@type":"NewsArticle","@id":"https:\/\/dicodusport.fr\/blog\/cyclo-cross-championnats-du-monde-2022-fayetteville-parcours-detail\/#article","isPartOf":{"@id":"https:\/\/dicodusport.fr\/blog\/cyclo-cross-championnats-du-monde-2022-fayetteville-parcours-detail\/"},"author":{"name":"Emilien Descampiaux","@id":"https:\/\/dicodusport.fr\/blog\/#\/schema\/person\/6db4bae06b171592211be385b32876a7"},"headline":"Championnats du monde 2022 Fayetteville : Le parcours en d\u00e9tail","datePublished":"2022-01-27T08:13:39+00:00","dateModified":"2022-01-28T12:04:25+00:00","mainEntityOfPage":{"@id":"https:\/\/dicodusport.fr\/blog\/cyclo-cross-championnats-du-monde-2022-fayetteville-parcours-detail\/"},"wordCount":555,"commentCount":0,"publisher":{"@id":"https:\/\/dicodusport.fr\/blog\/#organization"},"image":{"@id":"https:\/\/dicodusport.fr\/blog\/cyclo-cross-championnats-du-monde-2022-fayetteville-parcours-detail\/#primaryimage"},"thumbnailUrl":"https:\/\/dicodusport.fr\/blog\/wp-content\/uploads\/2022\/01\/Championnats-du-monde-2022-Fayetteville-Le-parcours-en-detail.png","articleSection":["Cyclo-cross"],"inLanguage":"fr-FR","potentialAction":[{"@type":"CommentAction","name":"Comment","target":["https:\/\/dicodusport.fr\/blog\/cyclo-cross-championnats-du-monde-2022-fayetteville-parcours-detail\/#respond"]}],"copyrightYear":"2022","copyrightHolder":{"@id":"https:\/\/dicodusport.fr\/blog\/#organization"}},{"@type":"WebPage","@id":"https:\/\/dicodusport.fr\/blog\/cyclo-cross-championnats-du-monde-2022-fayetteville-parcours-detail\/","url":"https:\/\/dicodusport.fr\/blog\/cyclo-cross-championnats-du-monde-2022-fayetteville-parcours-detail\/","name":"Championnats du monde 2022 Fayetteville : Le parcours en d\u00e9tail","isPartOf":{"@id":"https:\/\/dicodusport.fr\/blog\/#website"},"primaryImageOfPage":{"@id":"https:\/\/dicodusport.fr\/blog\/cyclo-cross-championnats-du-monde-2022-fayetteville-parcours-detail\/#primaryimage"},"image":{"@id":"https:\/\/dicodusport.fr\/blog\/cyclo-cross-championnats-du-monde-2022-fayetteville-parcours-detail\/#primaryimage"},"thumbnailUrl":"https:\/\/dicodusport.fr\/blog\/wp-content\/uploads\/2022\/01\/Championnats-du-monde-2022-Fayetteville-Le-parcours-en-detail.png","datePublished":"2022-01-27T08:13:39+00:00","dateModified":"2022-01-28T12:04:25+00:00","description":"CHAMPIONNATS DU MONDE CYCLO-CROSS 2022 \u2013 D\u00e9couvrez tout ce qu'il faut savoir sur le parcours des Mondiaux de CX \u00e0 Fayetteville (USA).","breadcrumb":{"@id":"https:\/\/dicodusport.fr\/blog\/cyclo-cross-championnats-du-monde-2022-fayetteville-parcours-detail\/#breadcrumb"},"inLanguage":"fr-FR","potentialAction":[{"@type":"ReadAction","target":["https:\/\/dicodusport.fr\/blog\/cyclo-cross-championnats-du-monde-2022-fayetteville-parcours-detail\/"]}]},{"@type":"ImageObject","inLanguage":"fr-FR","@id":"https:\/\/dicodusport.fr\/blog\/cyclo-cross-championnats-du-monde-2022-fayetteville-parcours-detail\/#primaryimage","url":"https:\/\/dicodusport.fr\/blog\/wp-content\/uploads\/2022\/01\/Championnats-du-monde-2022-Fayetteville-Le-parcours-en-detail.png","contentUrl":"https:\/\/dicodusport.fr\/blog\/wp-content\/uploads\/2022\/01\/Championnats-du-monde-2022-Fayetteville-Le-parcours-en-detail.png","width":800,"height":445,"caption":"Championnats du monde 2022 Fayetteville Le parcours en d\u00e9tail"},{"@type":"BreadcrumbList","@id":"https:\/\/dicodusport.fr\/blog\/cyclo-cross-championnats-du-monde-2022-fayetteville-parcours-detail\/#breadcrumb","itemListElement":[{"@type":"ListItem","position":1,"name":"Accueil","item":"https:\/\/dicodusport.fr\/blog\/"},{"@type":"ListItem","position":2,"name":"Championnats du monde 2022 Fayetteville : Le parcours en d\u00e9tail"}]},{"@type":"WebSite","@id":"https:\/\/dicodusport.fr\/blog\/#website","url":"https:\/\/dicodusport.fr\/blog\/","name":"Dicodusport","description":"L&#039;encyclop\u00e9die de l&#039;actualit\u00e9 sportive","publisher":{"@id":"https:\/\/dicodusport.fr\/blog\/#organization"},"potentialAction":[{"@type":"SearchAction","target":{"@type":"EntryPoint","urlTemplate":"https:\/\/dicodusport.fr\/blog\/?s={search_term_string}"},"query-input":{"@type":"PropertyValueSpecification","valueRequired":true,"valueName":"search_term_string"}}],"inLanguage":"fr-FR"},{"@type":"NewsMediaOrganization","@id":"https:\/\/dicodusport.fr\/blog\/#organization","name":"Dicodusport","url":"https:\/\/dicodusport.fr\/blog\/","logo":{"@type":"ImageObject","inLanguage":"fr-FR","@id":"https:\/\/dicodusport.fr\/blog\/#\/schema\/logo\/image\/","url":"https:\/\/dicodusport.fr\/blog\/wp-content\/uploads\/2020\/06\/cropped-LOGO-DICODUSPORT-2020-SANS-FOND-SANS-TEXTE.png","contentUrl":"https:\/\/dicodusport.fr\/blog\/wp-content\/uploads\/2020\/06\/cropped-LOGO-DICODUSPORT-2020-SANS-FOND-SANS-TEXTE.png","width":512,"height":512,"caption":"Dicodusport"},"image":{"@id":"https:\/\/dicodusport.fr\/blog\/#\/schema\/logo\/image\/"},"sameAs":["https:\/\/www.facebook.com\/dicodusport","https:\/\/x.com\/dicodusport","https:\/\/www.instagram.com\/dicodusport\/","https:\/\/www.youtube.com\/channel\/UC7V2KZ5sd3htJivAbA4ZG3w"],"description":"Dicodusport est l'encyclop\u00e9die de l'actualit\u00e9 sportive.","email":"bonjour@dicodusport.fr","legalName":"DICODUSPORT","foundingDate":"2018-01-14","vatID":"FR71834470973","taxID":"83447097300043","numberOfEmployees":{"@type":"QuantitativeValue","minValue":"1","maxValue":"10"}},{"@type":"Person","@id":"https:\/\/dicodusport.fr\/blog\/#\/schema\/person\/6db4bae06b171592211be385b32876a7","name":"Emilien Descampiaux","image":{"@type":"ImageObject","inLanguage":"fr-FR","@id":"https:\/\/dicodusport.fr\/blog\/#\/schema\/person\/image\/","url":"https:\/\/dicodusport.fr\/blog\/wp-content\/uploads\/2021\/05\/Emilien-Descampiaux-150x150.jpg","contentUrl":"https:\/\/dicodusport.fr\/blog\/wp-content\/uploads\/2021\/05\/Emilien-Descampiaux-150x150.jpg","caption":"Emilien Descampiaux"},"description":"Journaliste\/r\u00e9dacteur depuis 2014 - Fan de la classe de Frank Vandenbroucke, je vis cyclisme (et de ses paysages) depuis plus de 20 ans. Je suis tr\u00e8s impliqu\u00e9 sur mes diff\u00e9rents r\u00e9seaux sociaux pour partager ma passion sur le monde et l'Histoire de la bicyclette avec ma voix sur les images en noir et blanc du succ\u00e8s de Rik Van Steenbergen lors du Ronde sur le V\u00e9lodrome de Gand.","sameAs":["https:\/\/www.facebook.com\/groups\/LesRoisDuPeloton","https:\/\/x.com\/https:\/\/twitter.com\/LRoisDuPeloton"],"url":"https:\/\/dicodusport.fr\/blog\/author\/emiliend\/"}]}},"_links":{"self":[{"href":"https:\/\/dicodusport.fr\/blog\/wp-json\/wp\/v2\/posts\/194329","targetHints":{"allow":["GET"]}}],"collection":[{"href":"https:\/\/dicodusport.fr\/blog\/wp-json\/wp\/v2\/posts"}],"about":[{"href":"https:\/\/dicodusport.fr\/blog\/wp-json\/wp\/v2\/types\/post"}],"author":[{"embeddable":true,"href":"https:\/\/dicodusport.fr\/blog\/wp-json\/wp\/v2\/users\/48"}],"replies":[{"embeddable":true,"href":"https:\/\/dicodusport.fr\/blog\/wp-json\/wp\/v2\/comments?post=194329"}],"version-history":[{"count":0,"href":"https:\/\/dicodusport.fr\/blog\/wp-json\/wp\/v2\/posts\/194329\/revisions"}],"wp:featuredmedia":[{"embeddable":true,"href":"https:\/\/dicodusport.fr\/blog\/wp-json\/wp\/v2\/media\/194709"}],"wp:attachment":[{"href":"https:\/\/dicodusport.fr\/blog\/wp-json\/wp\/v2\/media?parent=194329"}],"wp:term":[{"taxonomy":"category","embeddable":true,"href":"https:\/\/dicodusport.fr\/blog\/wp-json\/wp\/v2\/categories?post=194329"},{"taxonomy":"post_tag","embeddable":true,"href":"https:\/\/dicodusport.fr\/blog\/wp-json\/wp\/v2\/tags?post=194329"}],"curies":[{"name":"wp","href":"https:\/\/api.w.org\/{rel}","templated":true}]}}