{"id":194647,"date":"2022-01-26T21:00:45","date_gmt":"2022-01-26T20:00:45","guid":{"rendered":"https:\/\/dicodusport.fr\/blog\/?p=194647&#038;preview=true&#038;preview_id=194647"},"modified":"2022-02-28T15:38:16","modified_gmt":"2022-02-28T14:38:16","slug":"pekin-2022-tessa-worley-kevin-rolland-et-benjamin-daviet-porte-drapeaux-de-la-france","status":"publish","type":"post","link":"https:\/\/dicodusport.fr\/blog\/pekin-2022-tessa-worley-kevin-rolland-et-benjamin-daviet-porte-drapeaux-de-la-france\/","title":{"rendered":"P\u00e9kin 2022 : Tessa Worley, Kevin Rolland et Benjamin Daviet porte-drapeaux de la France"},"content":{"rendered":"<p style=\"text-align: justify;\"><strong><em>P\u00c9KIN 2022 &#8211; Ce mercredi soir, les porte-drapeaux de l&rsquo;\u00e9quipe de France olympique et paralympique ont \u00e9t\u00e9 d\u00e9voil\u00e9s dans l&rsquo;\u00e9mission Tout le Sport sur France 3. Tessa Worley (ski alpin), Kevin Rolland (ski acrobatique) et Benjamin Daviet (biathlon et ski de fond handisport) ont \u00e9t\u00e9 d\u00e9sign\u00e9s.<\/em><\/strong><\/p>\n<p style=\"text-align: justify;\">Nous sommes fix\u00e9s ! Les porte-drapeaux de la d\u00e9l\u00e9gation fran\u00e7aise pour les Jeux Olympiques de P\u00e9kin (4-20 f\u00e9vrier) et Jeux Paralympiques de P\u00e9kin (4-13 mars) ont \u00e9t\u00e9 d\u00e9voil\u00e9s. Pour les JO, <strong>Tessa Worley<\/strong> a \u00e9t\u00e9 d\u00e9sign\u00e9e aux c\u00f4t\u00e9s de <strong>Kevin Rolland<\/strong>. Worley, 32 ans, disputera ses derniers JO en Chine. Double championne du monde en g\u00e9ant (2013 et 2017), la skieuse du Grand Bornand avait pris la 7\u00e8me place \u00e0 Pyeongchang en 2018.<\/p>\n<p style=\"text-align: justify;\">De son c\u00f4t\u00e9, <strong>Kevin Rolland<\/strong> revient de tr\u00e8s loin. \u00c0 32 ans, lui aussi devrait sans doute vivre ses derniers Jeux Olympiques dans la peau d&rsquo;athl\u00e8te. En bronze \u00e0 Sotchi en ski halfpipe, Rolland est quadruple m\u00e9daill\u00e9 mondial de la sp\u00e9cialit\u00e9, avec le titre d\u00e9croch\u00e9 en 2009. Il a \u00e9galement rafl\u00e9 les X-Games \u00e0 trois reprises en Superpipe, en 2010, 2011 et 2016. En juin 2019, il est victime d&rsquo;une chute de plus de 10 m\u00e8tres lors d&rsquo;une tentative de record du monde de quaterpipe \u00e0 La Plagne. Victime de nombreuses fractures dont une au bassin avec \u00e9galement des h\u00e9morragies au cerveau et aux poumons, le cousin de <strong>Tess Ledeux<\/strong> s&rsquo;en sortira finalement, malgr\u00e9 le pessimisme des m\u00e9decins quant \u00e0 ses facult\u00e9s \u00e0 remarcher un jour, et donc \u00e0 skier \u00e0 nouveau.<\/p>\n<p style=\"text-align: justify;\">Enfin, <strong>Benjamin Daviet<\/strong> est l&rsquo;un des leaders de l&rsquo;\u00e9quipe de France paralympique. Sextuple m\u00e9daill\u00e9 aux JP, avec l&rsquo;or autour du cou \u00e0 trois reprises, en biathlon (sprint et 12,5 km \u00e0 Pyeongchang) et ski de fond (relais open \u00e0 Pyeongchang), il est \u00e9galement nonuple champion du monde. Le natif d&rsquo;Annecy <a href=\"https:\/\/dicodusport.fr\/blog\/mondiaux-handisport-ski-de-fond-daviet-chalencon-en-argent-sur-relais-open\/\">a r\u00e9cemment d\u00e9croch\u00e9 trois nouvelles m\u00e9dailles mondiales aux Mondiaux de Lillehammer (Norv\u00e8ge)<\/a>.<\/p>\n<blockquote class=\"twitter-tweet\">\n<p dir=\"ltr\" lang=\"fr\">&#x1f539;Tessa Worley, ski alpin &amp; Kevin Rolland, ski acrobatique<br \/>\n&#x1f539;Benjamin Daviet, para ski nordique<br \/>\nVoici nos porte-drapeaux olympiques et paralympiques des Jeux de <a href=\"https:\/\/twitter.com\/hashtag\/P%C3%A9kin2022?src=hash&amp;ref_src=twsrc%5Etfw\">#P\u00e9kin2022<\/a> &#x1f1eb;&#x1f1f7; <a href=\"https:\/\/t.co\/XBLwqEujB5\">pic.twitter.com\/XBLwqEujB5<\/a><\/p>\n<p>\u2014 Equipe France (@EquipeFRA) <a href=\"https:\/\/twitter.com\/EquipeFRA\/status\/1486427616424955905?ref_src=twsrc%5Etfw\">January 26, 2022<\/a><\/p><\/blockquote>\n<p><script async src=\"https:\/\/platform.twitter.com\/widgets.js\" charset=\"utf-8\"><\/script><\/p>\n","protected":false},"excerpt":{"rendered":"<p>P\u00c9KIN 2022 &#8211; Ce mercredi soir, les porte-drapeaux de l&rsquo;\u00e9quipe de France olympique et paralympique ont \u00e9t\u00e9 d\u00e9voil\u00e9s dans l&rsquo;\u00e9mission Tout le Sport sur France 3. Tessa Worley (ski alpin), Kevin Rolland (ski acrobatique) et Benjamin Daviet (biathlon et ski de fond handisport) ont \u00e9t\u00e9 d\u00e9sign\u00e9s.<\/p>\n","protected":false},"author":4,"featured_media":194650,"comment_status":"open","ping_status":"closed","sticky":false,"template":"","format":"standard","meta":{"_acf_changed":false,"_daextam_enable_autolinks":"","footnotes":""},"categories":[21357,20104],"tags":[21454,21453],"class_list":["post-194647","post","type-post","status-publish","format-standard","has-post-thumbnail","hentry","category-jeux-paralympiques-pekin-2022","category-jo-hiver-pekin-2022","tag-jeux-paralympiques-de-pekin","tag-porte-drapeaux-france"],"acf":[],"yoast_head":"<!-- This site is optimized with the Yoast SEO Premium plugin v26.7 (Yoast SEO v26.7) - https:\/\/yoast.com\/wordpress\/plugins\/seo\/ -->\n<title>P\u00e9kin 2022 : Tessa Worley, Kevin Rolland et Benjamin Daviet porte-drapeaux de la France<\/title>\n<meta name=\"description\" content=\"P\u00c9KIN 2022 - Ce mercredi soir, les porte-drapeaux de l&#039;\u00e9quipe de France olympique et paralympique ont \u00e9t\u00e9 d\u00e9voil\u00e9s dans l&#039;\u00e9mission Tout le Sport sur France 3.\" \/>\n<meta name=\"robots\" content=\"index, follow, max-snippet:-1, max-image-preview:large, max-video-preview:-1\" \/>\n<link rel=\"canonical\" href=\"https:\/\/dicodusport.fr\/blog\/pekin-2022-tessa-worley-kevin-rolland-et-benjamin-daviet-porte-drapeaux-de-la-france\/\" \/>\n<meta property=\"og:locale\" content=\"fr_FR\" \/>\n<meta property=\"og:type\" content=\"article\" \/>\n<meta property=\"og:title\" content=\"P\u00e9kin 2022 : Tessa Worley, Kevin Rolland et Benjamin Daviet porte-drapeaux de la France\" \/>\n<meta property=\"og:description\" content=\"P\u00c9KIN 2022 - Ce mercredi soir, les porte-drapeaux de l&#039;\u00e9quipe de France olympique et paralympique ont \u00e9t\u00e9 d\u00e9voil\u00e9s dans l&#039;\u00e9mission Tout le Sport sur France 3.\" \/>\n<meta property=\"og:url\" content=\"https:\/\/dicodusport.fr\/blog\/pekin-2022-tessa-worley-kevin-rolland-et-benjamin-daviet-porte-drapeaux-de-la-france\/\" \/>\n<meta property=\"og:site_name\" content=\"Dicodusport\" \/>\n<meta property=\"article:publisher\" content=\"https:\/\/www.facebook.com\/dicodusport\" \/>\n<meta property=\"article:author\" content=\"https:\/\/www.facebook.com\/florent.ostermann\" \/>\n<meta property=\"article:published_time\" content=\"2022-01-26T20:00:45+00:00\" \/>\n<meta property=\"article:modified_time\" content=\"2022-02-28T14:38:16+00:00\" \/>\n<meta property=\"og:image\" content=\"https:\/\/dicodusport.fr\/blog\/wp-content\/uploads\/2022\/01\/Pekin-2022-Tessa-Worley-Kevin-Rolland-et-Benjamin-Daviet-porte-drapeaux-de-la-France.png\" \/>\n\t<meta property=\"og:image:width\" content=\"800\" \/>\n\t<meta property=\"og:image:height\" content=\"445\" \/>\n\t<meta property=\"og:image:type\" content=\"image\/png\" \/>\n<meta name=\"author\" content=\"Flo Ostermann\" \/>\n<meta name=\"twitter:card\" content=\"summary_large_image\" \/>\n<meta name=\"twitter:title\" content=\"P\u00e9kin 2022 : Tessa Worley, Kevin Rolland et Benjamin Daviet porte-drapeaux de la France\" \/>\n<meta name=\"twitter:creator\" content=\"@https:\/\/twitter.com\/FlOstermann\" \/>\n<meta name=\"twitter:site\" content=\"@dicodusport\" \/>\n<script type=\"application\/ld+json\" class=\"yoast-schema-graph\">{\"@context\":\"https:\/\/schema.org\",\"@graph\":[{\"@type\":\"NewsArticle\",\"@id\":\"https:\/\/dicodusport.fr\/blog\/pekin-2022-tessa-worley-kevin-rolland-et-benjamin-daviet-porte-drapeaux-de-la-france\/#article\",\"isPartOf\":{\"@id\":\"https:\/\/dicodusport.fr\/blog\/pekin-2022-tessa-worley-kevin-rolland-et-benjamin-daviet-porte-drapeaux-de-la-france\/\"},\"author\":{\"name\":\"Flo Ostermann\",\"@id\":\"https:\/\/dicodusport.fr\/blog\/#\/schema\/person\/cb02af4c173ce4a653b55e9baf388d4a\"},\"headline\":\"P\u00e9kin 2022 : Tessa Worley, Kevin Rolland et Benjamin Daviet porte-drapeaux de la France\",\"datePublished\":\"2022-01-26T20:00:45+00:00\",\"dateModified\":\"2022-02-28T14:38:16+00:00\",\"mainEntityOfPage\":{\"@id\":\"https:\/\/dicodusport.fr\/blog\/pekin-2022-tessa-worley-kevin-rolland-et-benjamin-daviet-porte-drapeaux-de-la-france\/\"},\"wordCount\":386,\"commentCount\":0,\"publisher\":{\"@id\":\"https:\/\/dicodusport.fr\/blog\/#organization\"},\"image\":{\"@id\":\"https:\/\/dicodusport.fr\/blog\/pekin-2022-tessa-worley-kevin-rolland-et-benjamin-daviet-porte-drapeaux-de-la-france\/#primaryimage\"},\"thumbnailUrl\":\"https:\/\/dicodusport.fr\/blog\/wp-content\/uploads\/2022\/01\/Pekin-2022-Tessa-Worley-Kevin-Rolland-et-Benjamin-Daviet-porte-drapeaux-de-la-France.png\",\"keywords\":[\"Jeux Paralympiques de P\u00e9kin\",\"Porte-drapeaux France\"],\"articleSection\":[\"Jeux Paralympiques de P\u00e9kin 2022\",\"JO d'hiver P\u00e9kin 2022\"],\"inLanguage\":\"fr-FR\",\"potentialAction\":[{\"@type\":\"CommentAction\",\"name\":\"Comment\",\"target\":[\"https:\/\/dicodusport.fr\/blog\/pekin-2022-tessa-worley-kevin-rolland-et-benjamin-daviet-porte-drapeaux-de-la-france\/#respond\"]}],\"copyrightYear\":\"2022\",\"copyrightHolder\":{\"@id\":\"https:\/\/dicodusport.fr\/blog\/#organization\"}},{\"@type\":\"WebPage\",\"@id\":\"https:\/\/dicodusport.fr\/blog\/pekin-2022-tessa-worley-kevin-rolland-et-benjamin-daviet-porte-drapeaux-de-la-france\/\",\"url\":\"https:\/\/dicodusport.fr\/blog\/pekin-2022-tessa-worley-kevin-rolland-et-benjamin-daviet-porte-drapeaux-de-la-france\/\",\"name\":\"P\u00e9kin 2022 : Tessa Worley, Kevin Rolland et Benjamin Daviet porte-drapeaux de la France\",\"isPartOf\":{\"@id\":\"https:\/\/dicodusport.fr\/blog\/#website\"},\"primaryImageOfPage\":{\"@id\":\"https:\/\/dicodusport.fr\/blog\/pekin-2022-tessa-worley-kevin-rolland-et-benjamin-daviet-porte-drapeaux-de-la-france\/#primaryimage\"},\"image\":{\"@id\":\"https:\/\/dicodusport.fr\/blog\/pekin-2022-tessa-worley-kevin-rolland-et-benjamin-daviet-porte-drapeaux-de-la-france\/#primaryimage\"},\"thumbnailUrl\":\"https:\/\/dicodusport.fr\/blog\/wp-content\/uploads\/2022\/01\/Pekin-2022-Tessa-Worley-Kevin-Rolland-et-Benjamin-Daviet-porte-drapeaux-de-la-France.png\",\"datePublished\":\"2022-01-26T20:00:45+00:00\",\"dateModified\":\"2022-02-28T14:38:16+00:00\",\"description\":\"P\u00c9KIN 2022 - Ce mercredi soir, les porte-drapeaux de l'\u00e9quipe de France olympique et paralympique ont \u00e9t\u00e9 d\u00e9voil\u00e9s dans l'\u00e9mission Tout le Sport sur France 3.\",\"breadcrumb\":{\"@id\":\"https:\/\/dicodusport.fr\/blog\/pekin-2022-tessa-worley-kevin-rolland-et-benjamin-daviet-porte-drapeaux-de-la-france\/#breadcrumb\"},\"inLanguage\":\"fr-FR\",\"potentialAction\":[{\"@type\":\"ReadAction\",\"target\":[\"https:\/\/dicodusport.fr\/blog\/pekin-2022-tessa-worley-kevin-rolland-et-benjamin-daviet-porte-drapeaux-de-la-france\/\"]}]},{\"@type\":\"ImageObject\",\"inLanguage\":\"fr-FR\",\"@id\":\"https:\/\/dicodusport.fr\/blog\/pekin-2022-tessa-worley-kevin-rolland-et-benjamin-daviet-porte-drapeaux-de-la-france\/#primaryimage\",\"url\":\"https:\/\/dicodusport.fr\/blog\/wp-content\/uploads\/2022\/01\/Pekin-2022-Tessa-Worley-Kevin-Rolland-et-Benjamin-Daviet-porte-drapeaux-de-la-France.png\",\"contentUrl\":\"https:\/\/dicodusport.fr\/blog\/wp-content\/uploads\/2022\/01\/Pekin-2022-Tessa-Worley-Kevin-Rolland-et-Benjamin-Daviet-porte-drapeaux-de-la-France.png\",\"width\":800,\"height\":445,\"caption\":\"P\u00e9kin 2022 Tessa Worley, Kevin Rolland et Benjamin Daviet porte-drapeaux de la France\"},{\"@type\":\"BreadcrumbList\",\"@id\":\"https:\/\/dicodusport.fr\/blog\/pekin-2022-tessa-worley-kevin-rolland-et-benjamin-daviet-porte-drapeaux-de-la-france\/#breadcrumb\",\"itemListElement\":[{\"@type\":\"ListItem\",\"position\":1,\"name\":\"Accueil\",\"item\":\"https:\/\/dicodusport.fr\/blog\/\"},{\"@type\":\"ListItem\",\"position\":2,\"name\":\"P\u00e9kin 2022 : Tessa Worley, Kevin Rolland et Benjamin Daviet porte-drapeaux de la France\"}]},{\"@type\":\"WebSite\",\"@id\":\"https:\/\/dicodusport.fr\/blog\/#website\",\"url\":\"https:\/\/dicodusport.fr\/blog\/\",\"name\":\"Dicodusport\",\"description\":\"L&#039;encyclop\u00e9die de l&#039;actualit\u00e9 sportive\",\"publisher\":{\"@id\":\"https:\/\/dicodusport.fr\/blog\/#organization\"},\"potentialAction\":[{\"@type\":\"SearchAction\",\"target\":{\"@type\":\"EntryPoint\",\"urlTemplate\":\"https:\/\/dicodusport.fr\/blog\/?s={search_term_string}\"},\"query-input\":{\"@type\":\"PropertyValueSpecification\",\"valueRequired\":true,\"valueName\":\"search_term_string\"}}],\"inLanguage\":\"fr-FR\"},{\"@type\":\"NewsMediaOrganization\",\"@id\":\"https:\/\/dicodusport.fr\/blog\/#organization\",\"name\":\"Dicodusport\",\"url\":\"https:\/\/dicodusport.fr\/blog\/\",\"logo\":{\"@type\":\"ImageObject\",\"inLanguage\":\"fr-FR\",\"@id\":\"https:\/\/dicodusport.fr\/blog\/#\/schema\/logo\/image\/\",\"url\":\"https:\/\/dicodusport.fr\/blog\/wp-content\/uploads\/2020\/06\/cropped-LOGO-DICODUSPORT-2020-SANS-FOND-SANS-TEXTE.png\",\"contentUrl\":\"https:\/\/dicodusport.fr\/blog\/wp-content\/uploads\/2020\/06\/cropped-LOGO-DICODUSPORT-2020-SANS-FOND-SANS-TEXTE.png\",\"width\":512,\"height\":512,\"caption\":\"Dicodusport\"},\"image\":{\"@id\":\"https:\/\/dicodusport.fr\/blog\/#\/schema\/logo\/image\/\"},\"sameAs\":[\"https:\/\/www.facebook.com\/dicodusport\",\"https:\/\/x.com\/dicodusport\",\"https:\/\/www.instagram.com\/dicodusport\/\",\"https:\/\/www.youtube.com\/channel\/UC7V2KZ5sd3htJivAbA4ZG3w\"],\"description\":\"Dicodusport est l'encyclop\u00e9die de l'actualit\u00e9 sportive.\",\"email\":\"bonjour@dicodusport.fr\",\"legalName\":\"DICODUSPORT\",\"foundingDate\":\"2018-01-14\",\"vatID\":\"FR71834470973\",\"taxID\":\"83447097300043\",\"numberOfEmployees\":{\"@type\":\"QuantitativeValue\",\"minValue\":\"1\",\"maxValue\":\"10\"}},{\"@type\":\"Person\",\"@id\":\"https:\/\/dicodusport.fr\/blog\/#\/schema\/person\/cb02af4c173ce4a653b55e9baf388d4a\",\"name\":\"Flo Ostermann\",\"image\":{\"@type\":\"ImageObject\",\"inLanguage\":\"fr-FR\",\"@id\":\"https:\/\/dicodusport.fr\/blog\/#\/schema\/person\/image\/\",\"url\":\"https:\/\/dicodusport.fr\/blog\/wp-content\/uploads\/2021\/05\/Flo-Ostermann-150x150.jpg\",\"contentUrl\":\"https:\/\/dicodusport.fr\/blog\/wp-content\/uploads\/2021\/05\/Flo-Ostermann-150x150.jpg\",\"caption\":\"Flo Ostermann\"},\"description\":\"Journaliste\/R\u00e9dacteur depuis septembre 2015 - Mes premiers souvenirs dans le sport ? Les envol\u00e9es du Stade Toulousain et les duels Villeneuve-Schumacher et H\u00e4kkinen-Schumacher \u00e0 la fin des ann\u00e9es 90, la Coupe du monde de football en 1998, l\u2019exploit du XV de France face aux All Blacks en 1999, mais aussi Richard C\u0153ur de Lion qui vole sur les montagnes du Tour de France. Bien parti pour devenir professeur d\u2019EPS, les \u00e9v\u00e9nements de la vie (et la flemme d\u2019animer des s\u00e9ances de 3x500 m\u00e8tres toute ma vie) m\u2019ont conduit \u00e0 revoir mes plans. Me voil\u00e0 depuis fin 2017 sur Dicodusport, m\u00e9dia gr\u00e2ce (et pour) lequel je partage ma passion : le sport dans tous ses \u00e9tats. Le tout accompagn\u00e9 par les fous furieux et folles furieuses cit\u00e9s sur cette page !\",\"sameAs\":[\"https:\/\/www.facebook.com\/florent.ostermann\",\"https:\/\/x.com\/https:\/\/twitter.com\/FlOstermann\",\"admin\"],\"url\":\"https:\/\/dicodusport.fr\/blog\/author\/flo\/\"}]}<\/script>\n<!-- \/ Yoast SEO Premium plugin. -->","yoast_head_json":{"title":"P\u00e9kin 2022 : Tessa Worley, Kevin Rolland et Benjamin Daviet porte-drapeaux de la France","description":"P\u00c9KIN 2022 - Ce mercredi soir, les porte-drapeaux de l'\u00e9quipe de France olympique et paralympique ont \u00e9t\u00e9 d\u00e9voil\u00e9s dans l'\u00e9mission Tout le Sport sur France 3.","robots":{"index":"index","follow":"follow","max-snippet":"max-snippet:-1","max-image-preview":"max-image-preview:large","max-video-preview":"max-video-preview:-1"},"canonical":"https:\/\/dicodusport.fr\/blog\/pekin-2022-tessa-worley-kevin-rolland-et-benjamin-daviet-porte-drapeaux-de-la-france\/","og_locale":"fr_FR","og_type":"article","og_title":"P\u00e9kin 2022 : Tessa Worley, Kevin Rolland et Benjamin Daviet porte-drapeaux de la France","og_description":"P\u00c9KIN 2022 - Ce mercredi soir, les porte-drapeaux de l'\u00e9quipe de France olympique et paralympique ont \u00e9t\u00e9 d\u00e9voil\u00e9s dans l'\u00e9mission Tout le Sport sur France 3.","og_url":"https:\/\/dicodusport.fr\/blog\/pekin-2022-tessa-worley-kevin-rolland-et-benjamin-daviet-porte-drapeaux-de-la-france\/","og_site_name":"Dicodusport","article_publisher":"https:\/\/www.facebook.com\/dicodusport","article_author":"https:\/\/www.facebook.com\/florent.ostermann","article_published_time":"2022-01-26T20:00:45+00:00","article_modified_time":"2022-02-28T14:38:16+00:00","og_image":[{"width":800,"height":445,"url":"https:\/\/dicodusport.fr\/blog\/wp-content\/uploads\/2022\/01\/Pekin-2022-Tessa-Worley-Kevin-Rolland-et-Benjamin-Daviet-porte-drapeaux-de-la-France.png","type":"image\/png"}],"author":"Flo Ostermann","twitter_card":"summary_large_image","twitter_title":"P\u00e9kin 2022 : Tessa Worley, Kevin Rolland et Benjamin Daviet porte-drapeaux de la France","twitter_creator":"@https:\/\/twitter.com\/FlOstermann","twitter_site":"@dicodusport","schema":{"@context":"https:\/\/schema.org","@graph":[{"@type":"NewsArticle","@id":"https:\/\/dicodusport.fr\/blog\/pekin-2022-tessa-worley-kevin-rolland-et-benjamin-daviet-porte-drapeaux-de-la-france\/#article","isPartOf":{"@id":"https:\/\/dicodusport.fr\/blog\/pekin-2022-tessa-worley-kevin-rolland-et-benjamin-daviet-porte-drapeaux-de-la-france\/"},"author":{"name":"Flo Ostermann","@id":"https:\/\/dicodusport.fr\/blog\/#\/schema\/person\/cb02af4c173ce4a653b55e9baf388d4a"},"headline":"P\u00e9kin 2022 : Tessa Worley, Kevin Rolland et Benjamin Daviet porte-drapeaux de la France","datePublished":"2022-01-26T20:00:45+00:00","dateModified":"2022-02-28T14:38:16+00:00","mainEntityOfPage":{"@id":"https:\/\/dicodusport.fr\/blog\/pekin-2022-tessa-worley-kevin-rolland-et-benjamin-daviet-porte-drapeaux-de-la-france\/"},"wordCount":386,"commentCount":0,"publisher":{"@id":"https:\/\/dicodusport.fr\/blog\/#organization"},"image":{"@id":"https:\/\/dicodusport.fr\/blog\/pekin-2022-tessa-worley-kevin-rolland-et-benjamin-daviet-porte-drapeaux-de-la-france\/#primaryimage"},"thumbnailUrl":"https:\/\/dicodusport.fr\/blog\/wp-content\/uploads\/2022\/01\/Pekin-2022-Tessa-Worley-Kevin-Rolland-et-Benjamin-Daviet-porte-drapeaux-de-la-France.png","keywords":["Jeux Paralympiques de P\u00e9kin","Porte-drapeaux France"],"articleSection":["Jeux Paralympiques de P\u00e9kin 2022","JO d'hiver P\u00e9kin 2022"],"inLanguage":"fr-FR","potentialAction":[{"@type":"CommentAction","name":"Comment","target":["https:\/\/dicodusport.fr\/blog\/pekin-2022-tessa-worley-kevin-rolland-et-benjamin-daviet-porte-drapeaux-de-la-france\/#respond"]}],"copyrightYear":"2022","copyrightHolder":{"@id":"https:\/\/dicodusport.fr\/blog\/#organization"}},{"@type":"WebPage","@id":"https:\/\/dicodusport.fr\/blog\/pekin-2022-tessa-worley-kevin-rolland-et-benjamin-daviet-porte-drapeaux-de-la-france\/","url":"https:\/\/dicodusport.fr\/blog\/pekin-2022-tessa-worley-kevin-rolland-et-benjamin-daviet-porte-drapeaux-de-la-france\/","name":"P\u00e9kin 2022 : Tessa Worley, Kevin Rolland et Benjamin Daviet porte-drapeaux de la France","isPartOf":{"@id":"https:\/\/dicodusport.fr\/blog\/#website"},"primaryImageOfPage":{"@id":"https:\/\/dicodusport.fr\/blog\/pekin-2022-tessa-worley-kevin-rolland-et-benjamin-daviet-porte-drapeaux-de-la-france\/#primaryimage"},"image":{"@id":"https:\/\/dicodusport.fr\/blog\/pekin-2022-tessa-worley-kevin-rolland-et-benjamin-daviet-porte-drapeaux-de-la-france\/#primaryimage"},"thumbnailUrl":"https:\/\/dicodusport.fr\/blog\/wp-content\/uploads\/2022\/01\/Pekin-2022-Tessa-Worley-Kevin-Rolland-et-Benjamin-Daviet-porte-drapeaux-de-la-France.png","datePublished":"2022-01-26T20:00:45+00:00","dateModified":"2022-02-28T14:38:16+00:00","description":"P\u00c9KIN 2022 - Ce mercredi soir, les porte-drapeaux de l'\u00e9quipe de France olympique et paralympique ont \u00e9t\u00e9 d\u00e9voil\u00e9s dans l'\u00e9mission Tout le Sport sur France 3.","breadcrumb":{"@id":"https:\/\/dicodusport.fr\/blog\/pekin-2022-tessa-worley-kevin-rolland-et-benjamin-daviet-porte-drapeaux-de-la-france\/#breadcrumb"},"inLanguage":"fr-FR","potentialAction":[{"@type":"ReadAction","target":["https:\/\/dicodusport.fr\/blog\/pekin-2022-tessa-worley-kevin-rolland-et-benjamin-daviet-porte-drapeaux-de-la-france\/"]}]},{"@type":"ImageObject","inLanguage":"fr-FR","@id":"https:\/\/dicodusport.fr\/blog\/pekin-2022-tessa-worley-kevin-rolland-et-benjamin-daviet-porte-drapeaux-de-la-france\/#primaryimage","url":"https:\/\/dicodusport.fr\/blog\/wp-content\/uploads\/2022\/01\/Pekin-2022-Tessa-Worley-Kevin-Rolland-et-Benjamin-Daviet-porte-drapeaux-de-la-France.png","contentUrl":"https:\/\/dicodusport.fr\/blog\/wp-content\/uploads\/2022\/01\/Pekin-2022-Tessa-Worley-Kevin-Rolland-et-Benjamin-Daviet-porte-drapeaux-de-la-France.png","width":800,"height":445,"caption":"P\u00e9kin 2022 Tessa Worley, Kevin Rolland et Benjamin Daviet porte-drapeaux de la France"},{"@type":"BreadcrumbList","@id":"https:\/\/dicodusport.fr\/blog\/pekin-2022-tessa-worley-kevin-rolland-et-benjamin-daviet-porte-drapeaux-de-la-france\/#breadcrumb","itemListElement":[{"@type":"ListItem","position":1,"name":"Accueil","item":"https:\/\/dicodusport.fr\/blog\/"},{"@type":"ListItem","position":2,"name":"P\u00e9kin 2022 : Tessa Worley, Kevin Rolland et Benjamin Daviet porte-drapeaux de la France"}]},{"@type":"WebSite","@id":"https:\/\/dicodusport.fr\/blog\/#website","url":"https:\/\/dicodusport.fr\/blog\/","name":"Dicodusport","description":"L&#039;encyclop\u00e9die de l&#039;actualit\u00e9 sportive","publisher":{"@id":"https:\/\/dicodusport.fr\/blog\/#organization"},"potentialAction":[{"@type":"SearchAction","target":{"@type":"EntryPoint","urlTemplate":"https:\/\/dicodusport.fr\/blog\/?s={search_term_string}"},"query-input":{"@type":"PropertyValueSpecification","valueRequired":true,"valueName":"search_term_string"}}],"inLanguage":"fr-FR"},{"@type":"NewsMediaOrganization","@id":"https:\/\/dicodusport.fr\/blog\/#organization","name":"Dicodusport","url":"https:\/\/dicodusport.fr\/blog\/","logo":{"@type":"ImageObject","inLanguage":"fr-FR","@id":"https:\/\/dicodusport.fr\/blog\/#\/schema\/logo\/image\/","url":"https:\/\/dicodusport.fr\/blog\/wp-content\/uploads\/2020\/06\/cropped-LOGO-DICODUSPORT-2020-SANS-FOND-SANS-TEXTE.png","contentUrl":"https:\/\/dicodusport.fr\/blog\/wp-content\/uploads\/2020\/06\/cropped-LOGO-DICODUSPORT-2020-SANS-FOND-SANS-TEXTE.png","width":512,"height":512,"caption":"Dicodusport"},"image":{"@id":"https:\/\/dicodusport.fr\/blog\/#\/schema\/logo\/image\/"},"sameAs":["https:\/\/www.facebook.com\/dicodusport","https:\/\/x.com\/dicodusport","https:\/\/www.instagram.com\/dicodusport\/","https:\/\/www.youtube.com\/channel\/UC7V2KZ5sd3htJivAbA4ZG3w"],"description":"Dicodusport est l'encyclop\u00e9die de l'actualit\u00e9 sportive.","email":"bonjour@dicodusport.fr","legalName":"DICODUSPORT","foundingDate":"2018-01-14","vatID":"FR71834470973","taxID":"83447097300043","numberOfEmployees":{"@type":"QuantitativeValue","minValue":"1","maxValue":"10"}},{"@type":"Person","@id":"https:\/\/dicodusport.fr\/blog\/#\/schema\/person\/cb02af4c173ce4a653b55e9baf388d4a","name":"Flo Ostermann","image":{"@type":"ImageObject","inLanguage":"fr-FR","@id":"https:\/\/dicodusport.fr\/blog\/#\/schema\/person\/image\/","url":"https:\/\/dicodusport.fr\/blog\/wp-content\/uploads\/2021\/05\/Flo-Ostermann-150x150.jpg","contentUrl":"https:\/\/dicodusport.fr\/blog\/wp-content\/uploads\/2021\/05\/Flo-Ostermann-150x150.jpg","caption":"Flo Ostermann"},"description":"Journaliste\/R\u00e9dacteur depuis septembre 2015 - Mes premiers souvenirs dans le sport ? Les envol\u00e9es du Stade Toulousain et les duels Villeneuve-Schumacher et H\u00e4kkinen-Schumacher \u00e0 la fin des ann\u00e9es 90, la Coupe du monde de football en 1998, l\u2019exploit du XV de France face aux All Blacks en 1999, mais aussi Richard C\u0153ur de Lion qui vole sur les montagnes du Tour de France. Bien parti pour devenir professeur d\u2019EPS, les \u00e9v\u00e9nements de la vie (et la flemme d\u2019animer des s\u00e9ances de 3x500 m\u00e8tres toute ma vie) m\u2019ont conduit \u00e0 revoir mes plans. Me voil\u00e0 depuis fin 2017 sur Dicodusport, m\u00e9dia gr\u00e2ce (et pour) lequel je partage ma passion : le sport dans tous ses \u00e9tats. Le tout accompagn\u00e9 par les fous furieux et folles furieuses cit\u00e9s sur cette page !","sameAs":["https:\/\/www.facebook.com\/florent.ostermann","https:\/\/x.com\/https:\/\/twitter.com\/FlOstermann","admin"],"url":"https:\/\/dicodusport.fr\/blog\/author\/flo\/"}]}},"_links":{"self":[{"href":"https:\/\/dicodusport.fr\/blog\/wp-json\/wp\/v2\/posts\/194647","targetHints":{"allow":["GET"]}}],"collection":[{"href":"https:\/\/dicodusport.fr\/blog\/wp-json\/wp\/v2\/posts"}],"about":[{"href":"https:\/\/dicodusport.fr\/blog\/wp-json\/wp\/v2\/types\/post"}],"author":[{"embeddable":true,"href":"https:\/\/dicodusport.fr\/blog\/wp-json\/wp\/v2\/users\/4"}],"replies":[{"embeddable":true,"href":"https:\/\/dicodusport.fr\/blog\/wp-json\/wp\/v2\/comments?post=194647"}],"version-history":[{"count":0,"href":"https:\/\/dicodusport.fr\/blog\/wp-json\/wp\/v2\/posts\/194647\/revisions"}],"wp:featuredmedia":[{"embeddable":true,"href":"https:\/\/dicodusport.fr\/blog\/wp-json\/wp\/v2\/media\/194650"}],"wp:attachment":[{"href":"https:\/\/dicodusport.fr\/blog\/wp-json\/wp\/v2\/media?parent=194647"}],"wp:term":[{"taxonomy":"category","embeddable":true,"href":"https:\/\/dicodusport.fr\/blog\/wp-json\/wp\/v2\/categories?post=194647"},{"taxonomy":"post_tag","embeddable":true,"href":"https:\/\/dicodusport.fr\/blog\/wp-json\/wp\/v2\/tags?post=194647"}],"curies":[{"name":"wp","href":"https:\/\/api.w.org\/{rel}","templated":true}]}}