{"id":194755,"date":"2022-02-27T10:19:31","date_gmt":"2022-02-27T09:19:31","guid":{"rendered":"https:\/\/dicodusport.fr\/blog\/?p=194755&#038;preview=true&#038;preview_id=194755"},"modified":"2022-03-01T08:49:31","modified_gmt":"2022-03-01T07:49:31","slug":"athletisme-championnats-de-france-en-salle-2022-programme-et-resultats","status":"publish","type":"post","link":"https:\/\/dicodusport.fr\/blog\/athletisme-championnats-de-france-en-salle-2022-programme-et-resultats\/","title":{"rendered":"Athl\u00e9tisme &#8211; Championnats de France en salle 2022 : programme et r\u00e9sultats"},"content":{"rendered":"<p style=\"text-align: justify;\"><strong><em><a href=\"https:\/\/dicodusport.fr\/definition-sport\/athletisme\/\" target=\"_blank\" rel=\"noopener\">ATHL\u00c9TISME<\/a> &#8211; Les Championnats de France \u00e9lite en salle ont lieu du samedi 26 f\u00e9vrier au dimanche 27 f\u00e9vrier \u00e0 Miramas. Voici le programme et les r\u00e9sultats.<\/em><\/strong><\/p>\n<h3 style=\"text-align: justify;\">Retransmission<\/h3>\n<p style=\"text-align: justify;\">La comp\u00e9tition est \u00e0 suivre en direct sur <strong><a href=\"https:\/\/athletv.fr\/page\/60a7d02e009f40d764724509\" target=\"_blank\" rel=\"noopener\">Athl\u00e9 TV<\/a><\/strong>, l&rsquo;<strong><a href=\"https:\/\/app.sportall.tv\/\" target=\"_blank\" rel=\"noopener\">application Sportall<\/a><\/strong> et sur <strong>la cha\u00eene l&rsquo;Equipe<\/strong> samedi \u00e0 partir de 21h10 et dimanche \u00e0 partir de 16h10.<\/p>\n<h2 style=\"text-align: justify;\">Le programme complet<\/h2>\n<p style=\"text-align: justify;\"><div class=\"su-tabs su-tabs-style-default su-tabs-mobile-stack\" data-active=\"2\" data-scroll-offset=\"0\" data-anchor-in-url=\"no\"><div class=\"su-tabs-nav\"><span class=\"\" data-url=\"\" data-target=\"blank\" tabindex=\"0\" role=\"button\">Samedi 26 f\u00e9vrier<\/span><span class=\"\" data-url=\"\" data-target=\"blank\" tabindex=\"0\" role=\"button\">Dimanche 27 f\u00e9vrier<\/span><\/div><div class=\"su-tabs-panes\"><div class=\"su-tabs-pane su-u-clearfix su-u-trim\" data-title=\"Samedi 26 f\u00e9vrier\">\n<p style=\"text-align: justify;\"><strong>16h : <\/strong>heptathlon &#8211; 60 m<br \/>\n<strong>16h40 : <\/strong>heptathlon &#8211; longueur<br \/>\n<strong>16h40 : finale lancer du poids F<\/strong><br \/>\n<strong>17h15 : finale saut en hauteur F<br \/>\n<\/strong><strong>18h30 : <\/strong>heptathlon &#8211; poids<strong><br \/>\n18h40 : finale triple saut F<br \/>\n18h45 : <\/strong>s\u00e9ries 400 m F<strong><br \/>\n<\/strong><strong>19h15 : <\/strong>s\u00e9ries 800 m F<strong><br \/>\n19h35 : <\/strong>s\u00e9ries 400 m H<strong><br \/>\n19h45 : finale lancer du poids H<br \/>\n19h55 : finale saut \u00e0 la perche F<br \/>\n20h :<\/strong> heptathlon &#8211; hauteur<strong><br \/>\n20h15 : finale 3000 m F<br \/>\n20h33 : <\/strong>s\u00e9ries 60 m haies F<strong><br \/>\n20h50 :\u00a0<\/strong>s\u00e9ries 800 m H<br \/>\n<strong>21h : finale longueur H<br \/>\n21h10 :<\/strong> s\u00e9ries 60 m F<br \/>\n<strong>21h25 :<\/strong> s\u00e9ries 60 m H<br \/>\n<strong>21h45 : finale 60 m haies F<br \/>\n22h : finale 3000 m H<br \/>\n22h15 : finale 60 m F<br \/>\n22h22 : finale 60 m H<br \/>\n<\/strong><\/p>\n<p style=\"text-align: justify;\"><\/div>\n<div class=\"su-tabs-pane su-u-clearfix su-u-trim\" data-title=\"Dimanche 27 f\u00e9vrier\">\n<p style=\"text-align: justify;\"><strong>10h : <\/strong>pentathlon &#8211; 60 m haies<strong><br \/>\n10h25 : <\/strong>heptathlon &#8211; 60 m haies<strong><br \/>\n10h50 :\u00a0<\/strong>pentathlon &#8211; hauteur<strong><br \/>\n11h30 : <\/strong>heptathlon &#8211; perche<strong><br \/>\n12h30 : finale saut en longueur F<br \/>\n13h05 : <\/strong>finale 3000 m marche F<strong><br \/>\n13h30 : <\/strong>finale 5000 m marche H<strong><br \/>\n14h30 : finale saut en hauteur H<br \/>\n14h35 : finale 800 m F<br \/>\n14h50 : <\/strong>s\u00e9ries 200 m H<strong><br \/>\n15h20 : <\/strong>s\u00e9ries 200 m F<strong><br \/>\n15h25 : finale saut \u00e0 la perche H<br \/>\n15h55 : heptathlon &#8211; 1000 m<br \/>\n<\/strong><strong>16h05 : pentathlon &#8211; 800 m<br \/>\n16h15 : finale triple saut H<br \/>\n16h15 : finale 400 m H<br \/>\n16h25 : finale 1500 m F<br \/>\n16h35 : finale 800 m H<br \/>\n16h45 :<\/strong> s\u00e9ries 60 m haies H<strong><br \/>\n<\/strong><strong>17h05 : finale 400 m F<br \/>\n17h15 : finale 200 m H<br \/>\n17h25 : finale 1500 m H<br \/>\n17h35 : finale 200 m F<br \/>\n17h50 : finale 60 m haies H<\/strong><\/p>\n<p style=\"text-align: justify;\"><\/div><\/div><\/div>\n<p>&nbsp;<\/p>\n<p><a href=\"http:\/\/direct.athle.fr\/asp.net\/main.lives\/direct.aspx?competition=260213\" target=\"_blank\" rel=\"noopener\"><span style=\"font-size: 24px;\"><strong>Tous les r\u00e9sultats<\/strong><\/span><\/a><\/p>\n<p>&nbsp;<\/p>\n<h2>Les podiums<\/h2>\n<h3 style=\"text-align: justify;\">Femmes<\/h3>\n<table style=\"width: 800px; border-collapse: collapse;\">\n<tbody>\n<tr>\n<td style=\"text-align: center; width: 200px;\"><strong>\u00c9preuves<\/strong><\/td>\n<td style=\"background-color: #fff242; text-align: center; width: 200px;\"><strong>Or<\/strong><\/td>\n<td style=\"background-color: #a8a8a8; text-align: center; width: 200px;\"><strong>Argent<\/strong><\/td>\n<td style=\"background-color: #c97159; text-align: center; width: 200px;\"><strong>Bronze<\/strong><\/td>\n<\/tr>\n<tr>\n<td style=\"text-align: center; width: 200px;\"><strong>60 m<\/strong><\/td>\n<td style=\"text-align: center; width: 200px;\">Mallory Leconte<br \/>\n7\u203334 <strong>PB<\/strong><\/td>\n<td style=\"text-align: center; width: 200px;\">Gemima Joseph<br \/>\n7\u203337<\/td>\n<td style=\"text-align: center; width: 200px;\">Chlo\u00e9 Galet<br \/>\n7\u203344<\/td>\n<\/tr>\n<tr>\n<td style=\"text-align: center; width: 200px;\"><strong>200 m<\/strong><\/td>\n<td style=\"text-align: center; width: 200px;\">Sokhna Lacoste<br \/>\n23\u203340 <strong>PB MPF MPF ES<\/strong><\/td>\n<td style=\"text-align: center; width: 200px;\">Brigitte Ntiamoah<br \/>\n23\u203363 <strong>SB<\/strong><\/td>\n<td style=\"text-align: center; width: 200px;\">Chlo\u00e9 Galet<br \/>\n23\u203390<\/td>\n<\/tr>\n<tr>\n<td style=\"text-align: center; width: 200px;\"><strong>400 m<\/strong><\/td>\n<td style=\"text-align: center; width: 200px;\">Camille Seri<br \/>\n53\u203315 <strong>PB<\/strong><\/td>\n<td style=\"text-align: center; width: 200px;\">Amandine Brossier<br \/>\n53\u203340<\/td>\n<td style=\"text-align: center; width: 200px;\">Laurine Xailly<br \/>\n53\u203386<\/td>\n<\/tr>\n<tr>\n<td style=\"text-align: center; width: 200px;\"><strong>800 m<\/strong><\/td>\n<td style=\"text-align: center; width: 200px;\">Agn\u00e8s Raharolahy<br \/>\n2\u203203\u203393 <strong>PB<\/strong><\/td>\n<td style=\"text-align: center; width: 200px;\">No\u00e9lie Yarigo<br \/>\n2\u203204\u203363<\/td>\n<td style=\"text-align: center; width: 200px;\">Agathe Guillemot<br \/>\n2\u203206\u203335 <strong>PB<\/strong><\/td>\n<\/tr>\n<tr>\n<td style=\"text-align: center; width: 200px;\"><strong>1500 m<\/strong><\/td>\n<td style=\"text-align: center; width: 200px;\">Aurore Fleury<br \/>\n4\u203217\u203315<\/td>\n<td style=\"text-align: center; width: 200px;\">Ana\u00efs Bourgoin<br \/>\n4\u203220\u203324<\/td>\n<td style=\"text-align: center; width: 200px;\">Sarah Madeleine<br \/>\n4\u203220\u203366<\/td>\n<\/tr>\n<tr>\n<td style=\"text-align: center; width: 200px;\"><strong>3000 m<\/strong><\/td>\n<td style=\"text-align: center; width: 200px;\">Margaux Sieracki<br \/>\n9\u203218\u203323<\/td>\n<td style=\"text-align: center; width: 200px;\">Alexa Lemitre<br \/>\n9\u203220\u203324<\/td>\n<td style=\"text-align: center; width: 200px;\">Leila Hadji<br \/>\n9\u203226\u203363<\/td>\n<\/tr>\n<tr>\n<td style=\"text-align: center; width: 200px;\"><strong>60 m haies<\/strong><\/td>\n<td style=\"text-align: center; width: 200px;\">La\u00ebticia Bapt\u00e9<br \/>\n8\u203304<\/td>\n<td style=\"text-align: center; width: 200px;\">Solenn Compper<br \/>\n8\u203319<\/td>\n<td style=\"text-align: center; width: 200px;\">Sacha Alessandrini<br \/>\n8\u203322<\/td>\n<\/tr>\n<tr>\n<td style=\"text-align: center; width: 200px;\"><strong>3000 m marche<\/strong><\/td>\n<td style=\"text-align: center; width: 200px;\">Camille Moutard<br \/>\n12\u203243\u203345 <strong>PB MPF MPF ES<\/strong><\/td>\n<td style=\"text-align: center; width: 200px;\">Marion Manaresi<br \/>\n13\u203204\u203397 <strong>PB<\/strong><\/td>\n<td style=\"text-align: center; width: 200px;\">Emilie Menuet<br \/>\n13\u203222\u203394<\/td>\n<\/tr>\n<tr>\n<td style=\"text-align: center; width: 200px;\"><strong>Saut en hauteur<\/strong><\/td>\n<td style=\"text-align: center; width: 200px;\">Juliette Perez<br \/>\n1m83<\/td>\n<td style=\"text-align: center; width: 200px;\">Sol\u00e8ne Gicquel<br \/>\n1m80<\/td>\n<td style=\"text-align: center; width: 200px;\">Fatoumata Balley<br \/>\n1m80<\/td>\n<\/tr>\n<tr>\n<td style=\"text-align: center; width: 200px;\"><strong>Saut \u00e0 la perche<\/strong><\/td>\n<td style=\"text-align: center; width: 200px;\">Margot Chevrier<br \/>\n4m65 <strong>PB RCH MPF<\/strong><\/td>\n<td style=\"text-align: center; width: 200px;\">Ninon Chapelle<br \/>\n4m55 <strong>SB<\/strong><\/td>\n<td style=\"text-align: center; width: 200px;\">Albane Dordain<br \/>\n4m30<\/td>\n<\/tr>\n<tr>\n<td style=\"text-align: center; width: 200px;\"><strong>Saut en longueur<\/strong><\/td>\n<td style=\"text-align: center; width: 200px;\">Ma\u00eblly Dalmat<br \/>\n6m52 <strong>SB MPF MPF ES<\/strong><\/td>\n<td style=\"text-align: center; width: 200px;\">Yanis David<br \/>\n6m50 <strong>SB<\/strong><\/td>\n<td style=\"text-align: center; width: 200px;\">Tiphaine Mauchant<br \/>\n6m31<\/td>\n<\/tr>\n<tr>\n<td style=\"text-align: center; width: 200px;\"><strong>Triple saut<\/strong><\/td>\n<td style=\"text-align: center; width: 200px;\">Victoria Josse<br \/>\n13m63 <strong>SB MPF ES<\/strong><\/td>\n<td style=\"text-align: center; width: 200px;\">Sohane Aucagos<br \/>\n13m14<\/td>\n<td style=\"text-align: center; width: 200px;\">Aminata Ndiaye<br \/>\n13m01 <strong>PB<\/strong><\/td>\n<\/tr>\n<tr>\n<td style=\"text-align: center; width: 200px;\"><strong>Lancer du poids<\/strong><\/td>\n<td style=\"text-align: center; width: 200px;\">Amanda Ngandu-Ntumba<br \/>\n15m81<\/td>\n<td style=\"text-align: center; width: 200px;\">Rose Pierre Louis<br \/>\n15m35 <strong>SB<\/strong><\/td>\n<td style=\"text-align: center; width: 200px;\">Caroline Metayer<br \/>\n15m26 <strong>SB<\/strong><\/td>\n<\/tr>\n<tr>\n<td style=\"text-align: center; width: 200px;\"><strong>Pentathlon<\/strong><\/td>\n<td style=\"text-align: center; width: 200px;\">L\u00e9onie Cambours<br \/>\n3613 pts<\/td>\n<td style=\"text-align: center; width: 200px;\">Anna\u00eblle Nyabeu Djapa<br \/>\n3570 pts<\/td>\n<td style=\"text-align: center; width: 200px;\">Esther Turpin<br \/>\n3444 pts <strong>SB<\/strong><\/td>\n<\/tr>\n<\/tbody>\n<\/table>\n<h3><\/h3>\n<h3 style=\"text-align: justify;\">Hommes<\/h3>\n<table style=\"width: 800px; border-collapse: collapse;\">\n<tbody>\n<tr>\n<td style=\"text-align: center; width: 200px;\"><strong>\u00c9preuves<\/strong><\/td>\n<td style=\"background-color: #fff242; text-align: center; width: 200px;\"><strong>Or<\/strong><\/td>\n<td style=\"background-color: #a8a8a8; text-align: center; width: 200px;\"><strong>Argent<\/strong><\/td>\n<td style=\"background-color: #c97159; text-align: center; width: 200px;\"><strong>Bronze<\/strong><\/td>\n<\/tr>\n<tr>\n<td style=\"text-align: center; width: 200px;\"><strong>60 m<\/strong><\/td>\n<td style=\"text-align: center; width: 200px;\">Jimmy Vicaut<br \/>\n6\u203365<\/td>\n<td style=\"text-align: center; width: 200px;\">Jeff Erius<br \/>\n6<strong>\u2033<\/strong>70<\/td>\n<td style=\"text-align: center; width: 200px;\">Viktor Contaret<br \/>\n6\u203371<\/td>\n<\/tr>\n<tr>\n<td style=\"text-align: center; width: 200px;\"><strong>200 m<\/strong><\/td>\n<td style=\"text-align: center; width: 200px;\">Ryan Zeze<br \/>\n20\u203399<\/td>\n<td style=\"text-align: center; width: 200px;\">Hachim Maaroufou<br \/>\n21\u203320<\/td>\n<td style=\"text-align: center; width: 200px;\">Paul Tritenne<br \/>\n21\u203358<\/td>\n<\/tr>\n<tr>\n<td style=\"text-align: center; width: 200px;\"><strong>400 m<\/strong><\/td>\n<td style=\"text-align: center; width: 200px;\">Cl\u00e9ment Ducos<br \/>\n47\u203327 <strong>PB<\/strong><\/td>\n<td style=\"text-align: center; width: 200px;\">David Sombe<br \/>\n47\u203337<\/td>\n<td style=\"text-align: center; width: 200px;\">Gilles Biron<br \/>\n47\u203348<\/td>\n<\/tr>\n<tr>\n<td style=\"text-align: center; width: 200px;\"><strong>800 m<\/strong><\/td>\n<td style=\"text-align: center; width: 200px;\">Benjamin Robert<br \/>\n1\u203246\u203389 <strong>SB MPF<\/strong><\/td>\n<td style=\"text-align: center; width: 200px;\">Gabriel Tual<br \/>\n1\u203247\u203335 <strong>PB<\/strong><\/td>\n<td style=\"text-align: center; width: 200px;\">Cl\u00e9ment Dhainaut<br \/>\n1\u203249\u203320<\/td>\n<\/tr>\n<tr>\n<td style=\"text-align: center; width: 200px;\"><strong>1500 m<\/strong><\/td>\n<td style=\"text-align: center; width: 200px;\">Azeddine Habz<br \/>\n3\u203241\u203377<\/td>\n<td style=\"text-align: center; width: 200px;\">Flavien Szot<br \/>\n3\u203242\u203302<\/td>\n<td style=\"text-align: center; width: 200px;\">Benoit Campion<br \/>\n3\u203243\u203328<\/td>\n<\/tr>\n<tr>\n<td style=\"text-align: center; width: 200px;\"><strong>3000 m<\/strong><\/td>\n<td style=\"text-align: center; width: 200px;\">Bastien Augusto<br \/>\n7\u203259\u203396<\/td>\n<td style=\"text-align: center; width: 200px;\">Arthur Gervais<br \/>\n8\u203200\u203344 <strong>PB MPF ES<\/strong><\/td>\n<td style=\"text-align: center; width: 200px;\">Romain Mornet<br \/>\n8\u203200\u203359<\/td>\n<\/tr>\n<tr>\n<td style=\"text-align: center; width: 200px;\"><strong>60 m haies<\/strong><\/td>\n<td style=\"text-align: center; width: 200px;\">Wilhem Belocian<br \/>\n7\u203353<\/td>\n<td style=\"text-align: center; width: 200px;\">Pascal Martinot-Lagarde<br \/>\n7\u203358<\/td>\n<td style=\"text-align: center; width: 200px;\">Just Kwaou-Mathey<br \/>\n7\u203372<\/td>\n<\/tr>\n<tr>\n<td style=\"text-align: center; width: 200px;\"><strong>5000 m marche<\/strong><\/td>\n<td style=\"text-align: center; width: 200px;\">Martin Madeline-Degy<br \/>\n19\u203231\u203306 <strong>PB MPF MPF ES<\/strong><\/td>\n<td style=\"text-align: center; width: 200px;\">Lucas Dreville<br \/>\n19\u203232\u203317 <strong>PB<\/strong><\/td>\n<td style=\"text-align: center; width: 200px;\">Alexis Robichon<br \/>\n19\u203242\u203337 <strong>PB<\/strong><\/td>\n<\/tr>\n<tr>\n<td style=\"text-align: center; width: 200px;\"><strong>Saut en hauteur<\/strong><\/td>\n<td style=\"text-align: center; width: 200px;\">S\u00e9bastien Micheau<br \/>\n2m18<\/td>\n<td style=\"text-align: center; width: 200px;\">Maxime Dubiez<br \/>\n2m15 <strong>SB<\/strong><\/td>\n<td style=\"text-align: center; width: 200px;\">Matthieu Tomassi<br \/>\n2m15 <strong>SB<\/strong><\/td>\n<\/tr>\n<tr>\n<td style=\"text-align: center; width: 200px;\"><strong>Saut \u00e0 la perche<\/strong><\/td>\n<td style=\"text-align: center; width: 200px;\">Thibaut Collet<br \/>\n5m81 <strong>PB MPF<\/strong><\/td>\n<td style=\"text-align: center; width: 200px;\">Valentin Lavillenie<br \/>\n5m81 <strong>SB<\/strong><\/td>\n<td style=\"text-align: center; width: 200px;\">Alioune Sene<br \/>\n5m76 <strong>PB<\/strong><\/td>\n<\/tr>\n<tr>\n<td style=\"text-align: center; width: 200px;\"><strong>Saut en longueur<\/strong><\/td>\n<td style=\"text-align: center; width: 200px;\">Tom Campagne<br \/>\n7m93 <strong>SB<\/strong><\/td>\n<td style=\"text-align: center; width: 200px;\">Augustin Bey<br \/>\n7m89 <strong>SB<\/strong><\/td>\n<td style=\"text-align: center; width: 200px;\">Yann Randrianasolo<br \/>\n7m60 <strong>SB<\/strong><\/td>\n<\/tr>\n<tr>\n<td style=\"text-align: center; width: 200px;\"><strong>Triple saut<\/strong><\/td>\n<td style=\"text-align: center; width: 200px;\">Melvin Raffin<br \/>\n16m76 <strong>SB\u00a0 MPF<\/strong><\/td>\n<td style=\"text-align: center; width: 200px;\">Thomas Gogois<br \/>\n16m63 <strong>SB MPF ES<\/strong><\/td>\n<td style=\"text-align: center; width: 200px;\">Yoann Rapinier<br \/>\n16m61 <strong>SB<\/strong><\/td>\n<\/tr>\n<tr>\n<td style=\"text-align: center; width: 200px;\"><strong>Lancer du poids<\/strong><\/td>\n<td style=\"text-align: center; width: 200px;\">Fr\u00e9d\u00e9ric Dag\u00e9e<br \/>\n19m77 <strong>SB MPF<\/strong><\/td>\n<td style=\"text-align: center; width: 200px;\">Itamar Levi<br \/>\n18m50<\/td>\n<td style=\"text-align: center; width: 200px;\">Yann Moisan<br \/>\n18m16<\/td>\n<\/tr>\n<tr>\n<td style=\"text-align: center; width: 200px;\"><strong>Heptathlon<br \/>\n<\/strong><\/td>\n<td style=\"text-align: center; width: 200px;\">Valentin Charles<br \/>\n5694 pts <strong>PB<\/strong><\/td>\n<td style=\"text-align: center; width: 200px;\">J\u00e9r\u00e9my Leli\u00e8vre<br \/>\n5623 pts <strong>SB<\/strong><\/td>\n<td style=\"text-align: center; width: 200px;\">Basile Rolnin<br \/>\n5470 pts <strong>SB<\/strong><\/td>\n<\/tr>\n<\/tbody>\n<\/table>\n<p><em><span style=\"font-size: 14px;\">PB : Record personnel<\/span><\/em><br \/>\n<em><span style=\"font-size: 14px;\">SB : Meilleure performance personnelle de la saison<br \/>\nMPF : Meilleure performance fran\u00e7aise de la saison<br \/>\nMPF ES : Meilleure performance fran\u00e7aise espoir de la saison<\/span><\/em><br \/>\n<em><span style=\"font-size: 14px;\">RCH : Record des Championnats<\/span><\/em><\/p>\n","protected":false},"excerpt":{"rendered":"<p>ATHL\u00c9TISME &#8211; Les Championnats de France \u00e9lite en salle ont lieu du samedi 26 f\u00e9vrier au dimanche 27 f\u00e9vrier \u00e0 Miramas. Voici le programme et les r\u00e9sultats.<\/p>\n","protected":false},"author":12,"featured_media":202995,"comment_status":"open","ping_status":"closed","sticky":false,"template":"","format":"standard","meta":{"_acf_changed":false,"_daextam_enable_autolinks":"","footnotes":""},"categories":[2308],"tags":[143,14512],"class_list":["post-194755","post","type-post","status-publish","format-standard","has-post-thumbnail","hentry","category-athletisme","tag-athletisme","tag-championnats-de-france-dathletisme-en-salle"],"acf":[],"yoast_head":"<!-- This site is optimized with the Yoast SEO Premium plugin v26.7 (Yoast SEO v26.7) - https:\/\/yoast.com\/wordpress\/plugins\/seo\/ -->\n<title>Athl\u00e9tisme - Championnats de France en salle 2022 : programme et r\u00e9sultats<\/title>\n<meta name=\"description\" content=\"Les Championnats de France \u00e9lite en salle ont lieu du 26 au 27 f\u00e9vrier \u00e0 Miramas. Voici le programme et les r\u00e9sultats.\" \/>\n<meta name=\"robots\" content=\"index, follow, max-snippet:-1, max-image-preview:large, max-video-preview:-1\" \/>\n<link rel=\"canonical\" href=\"https:\/\/dicodusport.fr\/blog\/athletisme-championnats-de-france-en-salle-2022-programme-et-resultats\/\" \/>\n<meta property=\"og:locale\" content=\"fr_FR\" \/>\n<meta property=\"og:type\" content=\"article\" \/>\n<meta property=\"og:title\" content=\"Athl\u00e9tisme - Championnats de France en salle 2022 : programme et r\u00e9sultats\" \/>\n<meta property=\"og:description\" content=\"Les Championnats de France \u00e9lite en salle ont lieu du 26 au 27 f\u00e9vrier \u00e0 Miramas. Voici le programme et les r\u00e9sultats.\" \/>\n<meta property=\"og:url\" content=\"https:\/\/dicodusport.fr\/blog\/athletisme-championnats-de-france-en-salle-2022-programme-et-resultats\/\" \/>\n<meta property=\"og:site_name\" content=\"Dicodusport\" \/>\n<meta property=\"article:publisher\" content=\"https:\/\/www.facebook.com\/dicodusport\" \/>\n<meta property=\"article:published_time\" content=\"2022-02-27T09:19:31+00:00\" \/>\n<meta property=\"article:modified_time\" content=\"2022-03-01T07:49:31+00:00\" \/>\n<meta property=\"og:image\" content=\"https:\/\/dicodusport.fr\/blog\/wp-content\/uploads\/2022\/02\/Athletisme-Championnats-de-France-en-salle-2022-programme-et-resultats.jpg\" \/>\n\t<meta property=\"og:image:width\" content=\"800\" \/>\n\t<meta property=\"og:image:height\" content=\"445\" \/>\n\t<meta property=\"og:image:type\" content=\"image\/jpeg\" \/>\n<meta name=\"author\" content=\"Arlette Yeye\" \/>\n<meta name=\"twitter:card\" content=\"summary_large_image\" \/>\n<meta name=\"twitter:title\" content=\"Athl\u00e9tisme - Championnats de France en salle 2022 : programme et r\u00e9sultats\" \/>\n<meta name=\"twitter:creator\" content=\"@https:\/\/twitter.com\/Shiclette94\" \/>\n<meta name=\"twitter:site\" content=\"@dicodusport\" \/>\n<script type=\"application\/ld+json\" class=\"yoast-schema-graph\">{\"@context\":\"https:\/\/schema.org\",\"@graph\":[{\"@type\":\"NewsArticle\",\"@id\":\"https:\/\/dicodusport.fr\/blog\/athletisme-championnats-de-france-en-salle-2022-programme-et-resultats\/#article\",\"isPartOf\":{\"@id\":\"https:\/\/dicodusport.fr\/blog\/athletisme-championnats-de-france-en-salle-2022-programme-et-resultats\/\"},\"author\":{\"name\":\"Arlette Yeye\",\"@id\":\"https:\/\/dicodusport.fr\/blog\/#\/schema\/person\/cce96fa88785bd8573e3d43078ac8c79\"},\"headline\":\"Athl\u00e9tisme &#8211; Championnats de France en salle 2022 : programme et r\u00e9sultats\",\"datePublished\":\"2022-02-27T09:19:31+00:00\",\"dateModified\":\"2022-03-01T07:49:31+00:00\",\"mainEntityOfPage\":{\"@id\":\"https:\/\/dicodusport.fr\/blog\/athletisme-championnats-de-france-en-salle-2022-programme-et-resultats\/\"},\"wordCount\":717,\"commentCount\":0,\"publisher\":{\"@id\":\"https:\/\/dicodusport.fr\/blog\/#organization\"},\"image\":{\"@id\":\"https:\/\/dicodusport.fr\/blog\/athletisme-championnats-de-france-en-salle-2022-programme-et-resultats\/#primaryimage\"},\"thumbnailUrl\":\"https:\/\/dicodusport.fr\/blog\/wp-content\/uploads\/2022\/02\/Athletisme-Championnats-de-France-en-salle-2022-programme-et-resultats.jpg\",\"keywords\":[\"Athl\u00e9tisme\",\"Championnats de France d'athl\u00e9tisme en salle\"],\"articleSection\":[\"Athl\u00e9tisme\"],\"inLanguage\":\"fr-FR\",\"potentialAction\":[{\"@type\":\"CommentAction\",\"name\":\"Comment\",\"target\":[\"https:\/\/dicodusport.fr\/blog\/athletisme-championnats-de-france-en-salle-2022-programme-et-resultats\/#respond\"]}],\"copyrightYear\":\"2022\",\"copyrightHolder\":{\"@id\":\"https:\/\/dicodusport.fr\/blog\/#organization\"}},{\"@type\":\"WebPage\",\"@id\":\"https:\/\/dicodusport.fr\/blog\/athletisme-championnats-de-france-en-salle-2022-programme-et-resultats\/\",\"url\":\"https:\/\/dicodusport.fr\/blog\/athletisme-championnats-de-france-en-salle-2022-programme-et-resultats\/\",\"name\":\"Athl\u00e9tisme - Championnats de France en salle 2022 : programme et r\u00e9sultats\",\"isPartOf\":{\"@id\":\"https:\/\/dicodusport.fr\/blog\/#website\"},\"primaryImageOfPage\":{\"@id\":\"https:\/\/dicodusport.fr\/blog\/athletisme-championnats-de-france-en-salle-2022-programme-et-resultats\/#primaryimage\"},\"image\":{\"@id\":\"https:\/\/dicodusport.fr\/blog\/athletisme-championnats-de-france-en-salle-2022-programme-et-resultats\/#primaryimage\"},\"thumbnailUrl\":\"https:\/\/dicodusport.fr\/blog\/wp-content\/uploads\/2022\/02\/Athletisme-Championnats-de-France-en-salle-2022-programme-et-resultats.jpg\",\"datePublished\":\"2022-02-27T09:19:31+00:00\",\"dateModified\":\"2022-03-01T07:49:31+00:00\",\"description\":\"Les Championnats de France \u00e9lite en salle ont lieu du 26 au 27 f\u00e9vrier \u00e0 Miramas. Voici le programme et les r\u00e9sultats.\",\"breadcrumb\":{\"@id\":\"https:\/\/dicodusport.fr\/blog\/athletisme-championnats-de-france-en-salle-2022-programme-et-resultats\/#breadcrumb\"},\"inLanguage\":\"fr-FR\",\"potentialAction\":[{\"@type\":\"ReadAction\",\"target\":[\"https:\/\/dicodusport.fr\/blog\/athletisme-championnats-de-france-en-salle-2022-programme-et-resultats\/\"]}]},{\"@type\":\"ImageObject\",\"inLanguage\":\"fr-FR\",\"@id\":\"https:\/\/dicodusport.fr\/blog\/athletisme-championnats-de-france-en-salle-2022-programme-et-resultats\/#primaryimage\",\"url\":\"https:\/\/dicodusport.fr\/blog\/wp-content\/uploads\/2022\/02\/Athletisme-Championnats-de-France-en-salle-2022-programme-et-resultats.jpg\",\"contentUrl\":\"https:\/\/dicodusport.fr\/blog\/wp-content\/uploads\/2022\/02\/Athletisme-Championnats-de-France-en-salle-2022-programme-et-resultats.jpg\",\"width\":800,\"height\":445,\"caption\":\"Athl\u00e9tisme - Championnats de France en salle 2022 programme et r\u00e9sultats\"},{\"@type\":\"BreadcrumbList\",\"@id\":\"https:\/\/dicodusport.fr\/blog\/athletisme-championnats-de-france-en-salle-2022-programme-et-resultats\/#breadcrumb\",\"itemListElement\":[{\"@type\":\"ListItem\",\"position\":1,\"name\":\"Accueil\",\"item\":\"https:\/\/dicodusport.fr\/blog\/\"},{\"@type\":\"ListItem\",\"position\":2,\"name\":\"Athl\u00e9tisme &#8211; Championnats de France en salle 2022 : programme et r\u00e9sultats\"}]},{\"@type\":\"WebSite\",\"@id\":\"https:\/\/dicodusport.fr\/blog\/#website\",\"url\":\"https:\/\/dicodusport.fr\/blog\/\",\"name\":\"Dicodusport\",\"description\":\"L&#039;encyclop\u00e9die de l&#039;actualit\u00e9 sportive\",\"publisher\":{\"@id\":\"https:\/\/dicodusport.fr\/blog\/#organization\"},\"potentialAction\":[{\"@type\":\"SearchAction\",\"target\":{\"@type\":\"EntryPoint\",\"urlTemplate\":\"https:\/\/dicodusport.fr\/blog\/?s={search_term_string}\"},\"query-input\":{\"@type\":\"PropertyValueSpecification\",\"valueRequired\":true,\"valueName\":\"search_term_string\"}}],\"inLanguage\":\"fr-FR\"},{\"@type\":\"NewsMediaOrganization\",\"@id\":\"https:\/\/dicodusport.fr\/blog\/#organization\",\"name\":\"Dicodusport\",\"url\":\"https:\/\/dicodusport.fr\/blog\/\",\"logo\":{\"@type\":\"ImageObject\",\"inLanguage\":\"fr-FR\",\"@id\":\"https:\/\/dicodusport.fr\/blog\/#\/schema\/logo\/image\/\",\"url\":\"https:\/\/dicodusport.fr\/blog\/wp-content\/uploads\/2020\/06\/cropped-LOGO-DICODUSPORT-2020-SANS-FOND-SANS-TEXTE.png\",\"contentUrl\":\"https:\/\/dicodusport.fr\/blog\/wp-content\/uploads\/2020\/06\/cropped-LOGO-DICODUSPORT-2020-SANS-FOND-SANS-TEXTE.png\",\"width\":512,\"height\":512,\"caption\":\"Dicodusport\"},\"image\":{\"@id\":\"https:\/\/dicodusport.fr\/blog\/#\/schema\/logo\/image\/\"},\"sameAs\":[\"https:\/\/www.facebook.com\/dicodusport\",\"https:\/\/x.com\/dicodusport\",\"https:\/\/www.instagram.com\/dicodusport\/\",\"https:\/\/www.youtube.com\/channel\/UC7V2KZ5sd3htJivAbA4ZG3w\"],\"description\":\"Dicodusport est l'encyclop\u00e9die de l'actualit\u00e9 sportive.\",\"email\":\"bonjour@dicodusport.fr\",\"legalName\":\"DICODUSPORT\",\"foundingDate\":\"2018-01-14\",\"vatID\":\"FR71834470973\",\"taxID\":\"83447097300043\",\"numberOfEmployees\":{\"@type\":\"QuantitativeValue\",\"minValue\":\"1\",\"maxValue\":\"10\"}},{\"@type\":\"Person\",\"@id\":\"https:\/\/dicodusport.fr\/blog\/#\/schema\/person\/cce96fa88785bd8573e3d43078ac8c79\",\"name\":\"Arlette Yeye\",\"image\":{\"@type\":\"ImageObject\",\"inLanguage\":\"fr-FR\",\"@id\":\"https:\/\/dicodusport.fr\/blog\/#\/schema\/person\/image\/\",\"url\":\"https:\/\/secure.gravatar.com\/avatar\/dca4a6239e6d708e46c45d60e160de6c?s=96&d=wp_user_avatar&r=g\",\"contentUrl\":\"https:\/\/secure.gravatar.com\/avatar\/dca4a6239e6d708e46c45d60e160de6c?s=96&d=wp_user_avatar&r=g\",\"caption\":\"Arlette Yeye\"},\"description\":\"Journaliste\/r\u00e9dactrice depuis septembre 2015 - Supportrice de Chelsea, j'ai pour sports de pr\u00e9dilection le handball, l'athl\u00e9tisme et le tennis. Si je tweete plus vite que mon ombre, vous pouvez aussi me retrouver les week-ends sur les playgrounds de Bruxelles pour un petit foot ou basket entre potes. Parcourir la France, l'Europe et plus si affinit\u00e9s pour suivre mes sportifs pr\u00e9f\u00e9r\u00e9s ? Mon kif ! Et c'est avec plaisir que je partage les r\u00e9sultats des sports populaires mais \u00e9galement plus confidentiels pour Dicodusport.\",\"sameAs\":[\"https:\/\/x.com\/https:\/\/twitter.com\/Shiclette94\"],\"url\":\"https:\/\/dicodusport.fr\/blog\/author\/arlette\/\"}]}<\/script>\n<!-- \/ Yoast SEO Premium plugin. -->","yoast_head_json":{"title":"Athl\u00e9tisme - Championnats de France en salle 2022 : programme et r\u00e9sultats","description":"Les Championnats de France \u00e9lite en salle ont lieu du 26 au 27 f\u00e9vrier \u00e0 Miramas. Voici le programme et les r\u00e9sultats.","robots":{"index":"index","follow":"follow","max-snippet":"max-snippet:-1","max-image-preview":"max-image-preview:large","max-video-preview":"max-video-preview:-1"},"canonical":"https:\/\/dicodusport.fr\/blog\/athletisme-championnats-de-france-en-salle-2022-programme-et-resultats\/","og_locale":"fr_FR","og_type":"article","og_title":"Athl\u00e9tisme - Championnats de France en salle 2022 : programme et r\u00e9sultats","og_description":"Les Championnats de France \u00e9lite en salle ont lieu du 26 au 27 f\u00e9vrier \u00e0 Miramas. Voici le programme et les r\u00e9sultats.","og_url":"https:\/\/dicodusport.fr\/blog\/athletisme-championnats-de-france-en-salle-2022-programme-et-resultats\/","og_site_name":"Dicodusport","article_publisher":"https:\/\/www.facebook.com\/dicodusport","article_published_time":"2022-02-27T09:19:31+00:00","article_modified_time":"2022-03-01T07:49:31+00:00","og_image":[{"width":800,"height":445,"url":"https:\/\/dicodusport.fr\/blog\/wp-content\/uploads\/2022\/02\/Athletisme-Championnats-de-France-en-salle-2022-programme-et-resultats.jpg","type":"image\/jpeg"}],"author":"Arlette Yeye","twitter_card":"summary_large_image","twitter_title":"Athl\u00e9tisme - Championnats de France en salle 2022 : programme et r\u00e9sultats","twitter_creator":"@https:\/\/twitter.com\/Shiclette94","twitter_site":"@dicodusport","schema":{"@context":"https:\/\/schema.org","@graph":[{"@type":"NewsArticle","@id":"https:\/\/dicodusport.fr\/blog\/athletisme-championnats-de-france-en-salle-2022-programme-et-resultats\/#article","isPartOf":{"@id":"https:\/\/dicodusport.fr\/blog\/athletisme-championnats-de-france-en-salle-2022-programme-et-resultats\/"},"author":{"name":"Arlette Yeye","@id":"https:\/\/dicodusport.fr\/blog\/#\/schema\/person\/cce96fa88785bd8573e3d43078ac8c79"},"headline":"Athl\u00e9tisme &#8211; Championnats de France en salle 2022 : programme et r\u00e9sultats","datePublished":"2022-02-27T09:19:31+00:00","dateModified":"2022-03-01T07:49:31+00:00","mainEntityOfPage":{"@id":"https:\/\/dicodusport.fr\/blog\/athletisme-championnats-de-france-en-salle-2022-programme-et-resultats\/"},"wordCount":717,"commentCount":0,"publisher":{"@id":"https:\/\/dicodusport.fr\/blog\/#organization"},"image":{"@id":"https:\/\/dicodusport.fr\/blog\/athletisme-championnats-de-france-en-salle-2022-programme-et-resultats\/#primaryimage"},"thumbnailUrl":"https:\/\/dicodusport.fr\/blog\/wp-content\/uploads\/2022\/02\/Athletisme-Championnats-de-France-en-salle-2022-programme-et-resultats.jpg","keywords":["Athl\u00e9tisme","Championnats de France d'athl\u00e9tisme en salle"],"articleSection":["Athl\u00e9tisme"],"inLanguage":"fr-FR","potentialAction":[{"@type":"CommentAction","name":"Comment","target":["https:\/\/dicodusport.fr\/blog\/athletisme-championnats-de-france-en-salle-2022-programme-et-resultats\/#respond"]}],"copyrightYear":"2022","copyrightHolder":{"@id":"https:\/\/dicodusport.fr\/blog\/#organization"}},{"@type":"WebPage","@id":"https:\/\/dicodusport.fr\/blog\/athletisme-championnats-de-france-en-salle-2022-programme-et-resultats\/","url":"https:\/\/dicodusport.fr\/blog\/athletisme-championnats-de-france-en-salle-2022-programme-et-resultats\/","name":"Athl\u00e9tisme - Championnats de France en salle 2022 : programme et r\u00e9sultats","isPartOf":{"@id":"https:\/\/dicodusport.fr\/blog\/#website"},"primaryImageOfPage":{"@id":"https:\/\/dicodusport.fr\/blog\/athletisme-championnats-de-france-en-salle-2022-programme-et-resultats\/#primaryimage"},"image":{"@id":"https:\/\/dicodusport.fr\/blog\/athletisme-championnats-de-france-en-salle-2022-programme-et-resultats\/#primaryimage"},"thumbnailUrl":"https:\/\/dicodusport.fr\/blog\/wp-content\/uploads\/2022\/02\/Athletisme-Championnats-de-France-en-salle-2022-programme-et-resultats.jpg","datePublished":"2022-02-27T09:19:31+00:00","dateModified":"2022-03-01T07:49:31+00:00","description":"Les Championnats de France \u00e9lite en salle ont lieu du 26 au 27 f\u00e9vrier \u00e0 Miramas. Voici le programme et les r\u00e9sultats.","breadcrumb":{"@id":"https:\/\/dicodusport.fr\/blog\/athletisme-championnats-de-france-en-salle-2022-programme-et-resultats\/#breadcrumb"},"inLanguage":"fr-FR","potentialAction":[{"@type":"ReadAction","target":["https:\/\/dicodusport.fr\/blog\/athletisme-championnats-de-france-en-salle-2022-programme-et-resultats\/"]}]},{"@type":"ImageObject","inLanguage":"fr-FR","@id":"https:\/\/dicodusport.fr\/blog\/athletisme-championnats-de-france-en-salle-2022-programme-et-resultats\/#primaryimage","url":"https:\/\/dicodusport.fr\/blog\/wp-content\/uploads\/2022\/02\/Athletisme-Championnats-de-France-en-salle-2022-programme-et-resultats.jpg","contentUrl":"https:\/\/dicodusport.fr\/blog\/wp-content\/uploads\/2022\/02\/Athletisme-Championnats-de-France-en-salle-2022-programme-et-resultats.jpg","width":800,"height":445,"caption":"Athl\u00e9tisme - Championnats de France en salle 2022 programme et r\u00e9sultats"},{"@type":"BreadcrumbList","@id":"https:\/\/dicodusport.fr\/blog\/athletisme-championnats-de-france-en-salle-2022-programme-et-resultats\/#breadcrumb","itemListElement":[{"@type":"ListItem","position":1,"name":"Accueil","item":"https:\/\/dicodusport.fr\/blog\/"},{"@type":"ListItem","position":2,"name":"Athl\u00e9tisme &#8211; Championnats de France en salle 2022 : programme et r\u00e9sultats"}]},{"@type":"WebSite","@id":"https:\/\/dicodusport.fr\/blog\/#website","url":"https:\/\/dicodusport.fr\/blog\/","name":"Dicodusport","description":"L&#039;encyclop\u00e9die de l&#039;actualit\u00e9 sportive","publisher":{"@id":"https:\/\/dicodusport.fr\/blog\/#organization"},"potentialAction":[{"@type":"SearchAction","target":{"@type":"EntryPoint","urlTemplate":"https:\/\/dicodusport.fr\/blog\/?s={search_term_string}"},"query-input":{"@type":"PropertyValueSpecification","valueRequired":true,"valueName":"search_term_string"}}],"inLanguage":"fr-FR"},{"@type":"NewsMediaOrganization","@id":"https:\/\/dicodusport.fr\/blog\/#organization","name":"Dicodusport","url":"https:\/\/dicodusport.fr\/blog\/","logo":{"@type":"ImageObject","inLanguage":"fr-FR","@id":"https:\/\/dicodusport.fr\/blog\/#\/schema\/logo\/image\/","url":"https:\/\/dicodusport.fr\/blog\/wp-content\/uploads\/2020\/06\/cropped-LOGO-DICODUSPORT-2020-SANS-FOND-SANS-TEXTE.png","contentUrl":"https:\/\/dicodusport.fr\/blog\/wp-content\/uploads\/2020\/06\/cropped-LOGO-DICODUSPORT-2020-SANS-FOND-SANS-TEXTE.png","width":512,"height":512,"caption":"Dicodusport"},"image":{"@id":"https:\/\/dicodusport.fr\/blog\/#\/schema\/logo\/image\/"},"sameAs":["https:\/\/www.facebook.com\/dicodusport","https:\/\/x.com\/dicodusport","https:\/\/www.instagram.com\/dicodusport\/","https:\/\/www.youtube.com\/channel\/UC7V2KZ5sd3htJivAbA4ZG3w"],"description":"Dicodusport est l'encyclop\u00e9die de l'actualit\u00e9 sportive.","email":"bonjour@dicodusport.fr","legalName":"DICODUSPORT","foundingDate":"2018-01-14","vatID":"FR71834470973","taxID":"83447097300043","numberOfEmployees":{"@type":"QuantitativeValue","minValue":"1","maxValue":"10"}},{"@type":"Person","@id":"https:\/\/dicodusport.fr\/blog\/#\/schema\/person\/cce96fa88785bd8573e3d43078ac8c79","name":"Arlette Yeye","image":{"@type":"ImageObject","inLanguage":"fr-FR","@id":"https:\/\/dicodusport.fr\/blog\/#\/schema\/person\/image\/","url":"https:\/\/secure.gravatar.com\/avatar\/dca4a6239e6d708e46c45d60e160de6c?s=96&d=wp_user_avatar&r=g","contentUrl":"https:\/\/secure.gravatar.com\/avatar\/dca4a6239e6d708e46c45d60e160de6c?s=96&d=wp_user_avatar&r=g","caption":"Arlette Yeye"},"description":"Journaliste\/r\u00e9dactrice depuis septembre 2015 - Supportrice de Chelsea, j'ai pour sports de pr\u00e9dilection le handball, l'athl\u00e9tisme et le tennis. Si je tweete plus vite que mon ombre, vous pouvez aussi me retrouver les week-ends sur les playgrounds de Bruxelles pour un petit foot ou basket entre potes. Parcourir la France, l'Europe et plus si affinit\u00e9s pour suivre mes sportifs pr\u00e9f\u00e9r\u00e9s ? Mon kif ! Et c'est avec plaisir que je partage les r\u00e9sultats des sports populaires mais \u00e9galement plus confidentiels pour Dicodusport.","sameAs":["https:\/\/x.com\/https:\/\/twitter.com\/Shiclette94"],"url":"https:\/\/dicodusport.fr\/blog\/author\/arlette\/"}]}},"_links":{"self":[{"href":"https:\/\/dicodusport.fr\/blog\/wp-json\/wp\/v2\/posts\/194755","targetHints":{"allow":["GET"]}}],"collection":[{"href":"https:\/\/dicodusport.fr\/blog\/wp-json\/wp\/v2\/posts"}],"about":[{"href":"https:\/\/dicodusport.fr\/blog\/wp-json\/wp\/v2\/types\/post"}],"author":[{"embeddable":true,"href":"https:\/\/dicodusport.fr\/blog\/wp-json\/wp\/v2\/users\/12"}],"replies":[{"embeddable":true,"href":"https:\/\/dicodusport.fr\/blog\/wp-json\/wp\/v2\/comments?post=194755"}],"version-history":[{"count":0,"href":"https:\/\/dicodusport.fr\/blog\/wp-json\/wp\/v2\/posts\/194755\/revisions"}],"wp:featuredmedia":[{"embeddable":true,"href":"https:\/\/dicodusport.fr\/blog\/wp-json\/wp\/v2\/media\/202995"}],"wp:attachment":[{"href":"https:\/\/dicodusport.fr\/blog\/wp-json\/wp\/v2\/media?parent=194755"}],"wp:term":[{"taxonomy":"category","embeddable":true,"href":"https:\/\/dicodusport.fr\/blog\/wp-json\/wp\/v2\/categories?post=194755"},{"taxonomy":"post_tag","embeddable":true,"href":"https:\/\/dicodusport.fr\/blog\/wp-json\/wp\/v2\/tags?post=194755"}],"curies":[{"name":"wp","href":"https:\/\/api.w.org\/{rel}","templated":true}]}}