{"id":194926,"date":"2022-01-28T11:50:12","date_gmt":"2022-01-28T10:50:12","guid":{"rendered":"https:\/\/dicodusport.fr\/blog\/?p=194926&#038;preview=true&#038;preview_id=194926"},"modified":"2022-01-28T20:55:48","modified_gmt":"2022-01-28T19:55:48","slug":"championnats-europe-de-biathlon-erlend-bjoentegaard-titre-sur-sprint","status":"publish","type":"post","link":"https:\/\/dicodusport.fr\/blog\/championnats-europe-de-biathlon-erlend-bjoentegaard-titre-sur-sprint\/","title":{"rendered":"Championnats d&rsquo;Europe de biathlon : Erlend Bjoentegaard titr\u00e9 sur le sprint"},"content":{"rendered":"<p style=\"text-align: justify;\"><strong><em><a href=\"https:\/\/dicodusport.fr\/blog\/biathlon-championnats-europe-2022-programme-et-resultats-complets\/\">CHAMPIONNATS D&rsquo;EUROPE DE BIATHLON 2022<\/a> &#8211; \u00c0 31 ans, Erlend Bjoentegaard est devenu ce vendredi champion d&rsquo;Europe sur le sprint, \u00e0 Arber (Allemagne). Le Norv\u00e9gien devance le Russe Nikita Porshnev et l&rsquo;Allemand Lucas Fratzscher. Le Fran\u00e7ais \u00c9milien Claude prend la 6\u00e8me place.<\/em><\/strong><\/p>\n<p style=\"text-align: justify;\">Apr\u00e8s <a href=\"https:\/\/dicodusport.fr\/blog\/championnats-d-europe-biathlon-sverre-dahlen-aspenes-sur-individuel\/\">le titre de <strong>Sverre Dahlen Aspenes<\/strong> sur l&rsquo;individuel mercredi<\/a>, les Norv\u00e9giens continuent \u00e0 performer aux championnats d&rsquo;Europe de biathlon \u00e0 Arber (Allemagne). Ce vendredi, <strong>Erlend Bjoentegaard<\/strong> a rafl\u00e9 l&rsquo;or sur le sprint. \u00c0 31 ans, celui qui a souvent \u00e9t\u00e9 dans l&rsquo;ombre des fr\u00e8res Boe, d&rsquo;Emil Svendsen ou de Vetle Christiansen en Coupe du monde, montre qu&rsquo;il a de beaux restes. Celui qui avait r\u00e9alis\u00e9 trois tops 10 lors des Jeux de Pyeongchang (5\u00e8me du sprint, 7\u00e8me de la mass start et 9\u00e8me de la poursuite) a survol\u00e9 les d\u00e9bats. Impeccable face aux cibles (10\/10), il a devanc\u00e9 le Russe <strong>Nikita Porschnev<\/strong> (+20.6 secondes, 10\/10) et l&rsquo;Allemand <strong>Lucas Fratzscher<\/strong> (+22.9 secondes, 9\/10). Bjoentegaard, trois podiums en Coupe du monde au compteur, mais aussi 4 victoires en IBU Cup, a pris une belle petite option sur la poursuite de ce samedi.<\/p>\n<p style=\"text-align: justify;\">C\u00f4t\u00e9 Fran\u00e7ais, il y aura certainement un peu de frustration du c\u00f4t\u00e9 d&rsquo;<strong>\u00c9milien Claude<\/strong>. Lui aussi auteur d&rsquo;un 10\/10 derri\u00e8re la carabine, a en revanche p\u00e9ch\u00e9 sur les skis derri\u00e8re les rapides biathl\u00e8tes russes et norv\u00e9giens. Le triple champion du monde juniors doit se contenter de la 6\u00e8me place, \u00e0 45 secondes de la gagne. Il sera n\u00e9anmoins dans le jeu pour un podium sur la poursuite.<\/p>\n<blockquote class=\"twitter-tweet\">\n<p dir=\"ltr\" lang=\"en\">&#x1f1f3;&#x1f1f4;E. Bjoentegaard clears all targets and is the new leader after shooting two. <a href=\"https:\/\/twitter.com\/hashtag\/IBU_Cup?src=hash&amp;ref_src=twsrc%5Etfw\">#IBU_Cup<\/a> <a href=\"https:\/\/t.co\/Kvk91enMIf\">pic.twitter.com\/Kvk91enMIf<\/a><\/p>\n<p>\u2014 IBU Cup Biathlon (@IBU_CUP) <a href=\"https:\/\/twitter.com\/IBU_CUP\/status\/1487009114664407045?ref_src=twsrc%5Etfw\">January 28, 2022<\/a><\/p><\/blockquote>\n<p><script async src=\"https:\/\/platform.twitter.com\/widgets.js\" charset=\"utf-8\"><\/script><\/p>\n<h2 style=\"text-align: justify;\"><strong>Le classement des Fran\u00e7ais<\/strong><\/h2>\n<p style=\"text-align: justify;\">6. \u00c9milien Claude (+45.0 secondes, 0-0)<br \/>\n28. R\u00e9mi Broutier (+2:06.7, 1-2)<br \/>\n36. Oscar Lombardot (+2:25.3, 1-2)<br \/>\n47. Ambroise Meunier (+2:45.6, 2-1)<br \/>\n68. Theo\u00a0Guiraud-Poillot (+3:22.6, 3-0)<br \/>\n82. Martin Bourgeois R\u00e9publique (+4:04.4, 3-1).<\/p>\n<ul>\n<li style=\"text-align: justify;\"><strong>\u00c0 lire aussi &#8211; <a href=\"https:\/\/dicodusport.fr\/blog\/biathlon-championnats-europe-classement-sprint-hommes\/\">Le classement du sprint hommes des championnats d&rsquo;Europe<\/a><\/strong><\/li>\n<\/ul>\n<p style=\"text-align: justify;\">\n","protected":false},"excerpt":{"rendered":"<p>CHAMPIONNATS D&rsquo;EUROPE DE BIATHLON 2022 &#8211; \u00c0 31 ans, Erlend Bjoentegaard est devenu ce vendredi champion d&rsquo;Europe sur le sprint, \u00e0 Arber (Allemagne). Le Norv\u00e9gien devance le Russe Nikita Porshnev et l&rsquo;Allemand Lucas Fratzscher. Le Fran\u00e7ais \u00c9milien Claude prend la 6\u00e8me place.<\/p>\n","protected":false},"author":4,"featured_media":194943,"comment_status":"open","ping_status":"closed","sticky":false,"template":"","format":"standard","meta":{"_acf_changed":false,"_daextam_enable_autolinks":"","footnotes":""},"categories":[2426],"tags":[],"class_list":["post-194926","post","type-post","status-publish","format-standard","has-post-thumbnail","hentry","category-biathlon"],"acf":[],"yoast_head":"<!-- This site is optimized with the Yoast SEO Premium plugin v26.7 (Yoast SEO v26.7) - https:\/\/yoast.com\/wordpress\/plugins\/seo\/ -->\n<title>Championnats d&#039;Europe de biathlon : Erlend Bjoentegaard titr\u00e9 sur le sprint<\/title>\n<meta name=\"description\" content=\"CHAMPIONNATS D&#039;EUROPE DE BIATHLON 2022 - \u00c0 31 ans, Erlend Bjoentegaard est devenu ce vendredi champion d&#039;Europe sur le sprint.\" \/>\n<meta name=\"robots\" content=\"index, follow, max-snippet:-1, max-image-preview:large, max-video-preview:-1\" \/>\n<link rel=\"canonical\" href=\"https:\/\/dicodusport.fr\/blog\/championnats-europe-de-biathlon-erlend-bjoentegaard-titre-sur-sprint\/\" \/>\n<meta property=\"og:locale\" content=\"fr_FR\" \/>\n<meta property=\"og:type\" content=\"article\" \/>\n<meta property=\"og:title\" content=\"Championnats d&#039;Europe de biathlon : Erlend Bjoentegaard titr\u00e9 sur le sprint\" \/>\n<meta property=\"og:description\" content=\"CHAMPIONNATS D&#039;EUROPE DE BIATHLON 2022 - \u00c0 31 ans, Erlend Bjoentegaard est devenu ce vendredi champion d&#039;Europe sur le sprint.\" \/>\n<meta property=\"og:url\" content=\"https:\/\/dicodusport.fr\/blog\/championnats-europe-de-biathlon-erlend-bjoentegaard-titre-sur-sprint\/\" \/>\n<meta property=\"og:site_name\" content=\"Dicodusport\" \/>\n<meta property=\"article:publisher\" content=\"https:\/\/www.facebook.com\/dicodusport\" \/>\n<meta property=\"article:author\" content=\"https:\/\/www.facebook.com\/florent.ostermann\" \/>\n<meta property=\"article:published_time\" content=\"2022-01-28T10:50:12+00:00\" \/>\n<meta property=\"article:modified_time\" content=\"2022-01-28T19:55:48+00:00\" \/>\n<meta property=\"og:image\" content=\"https:\/\/dicodusport.fr\/blog\/wp-content\/uploads\/2022\/01\/Championnats-dEurope-de-biathlon-Erlend-Bjoentegaard-titre-sur-le-sprint-1.png\" \/>\n\t<meta property=\"og:image:width\" content=\"800\" \/>\n\t<meta property=\"og:image:height\" content=\"445\" \/>\n\t<meta property=\"og:image:type\" content=\"image\/png\" \/>\n<meta name=\"author\" content=\"Flo Ostermann\" \/>\n<meta name=\"twitter:card\" content=\"summary_large_image\" \/>\n<meta name=\"twitter:title\" content=\"Championnats d&#039;Europe de biathlon : Erlend Bjoentegaard titr\u00e9 sur le sprint\" \/>\n<meta name=\"twitter:creator\" content=\"@https:\/\/twitter.com\/FlOstermann\" \/>\n<meta name=\"twitter:site\" content=\"@dicodusport\" \/>\n<script type=\"application\/ld+json\" class=\"yoast-schema-graph\">{\"@context\":\"https:\/\/schema.org\",\"@graph\":[{\"@type\":\"NewsArticle\",\"@id\":\"https:\/\/dicodusport.fr\/blog\/championnats-europe-de-biathlon-erlend-bjoentegaard-titre-sur-sprint\/#article\",\"isPartOf\":{\"@id\":\"https:\/\/dicodusport.fr\/blog\/championnats-europe-de-biathlon-erlend-bjoentegaard-titre-sur-sprint\/\"},\"author\":{\"name\":\"Flo Ostermann\",\"@id\":\"https:\/\/dicodusport.fr\/blog\/#\/schema\/person\/cb02af4c173ce4a653b55e9baf388d4a\"},\"headline\":\"Championnats d&rsquo;Europe de biathlon : Erlend Bjoentegaard titr\u00e9 sur le sprint\",\"datePublished\":\"2022-01-28T10:50:12+00:00\",\"dateModified\":\"2022-01-28T19:55:48+00:00\",\"mainEntityOfPage\":{\"@id\":\"https:\/\/dicodusport.fr\/blog\/championnats-europe-de-biathlon-erlend-bjoentegaard-titre-sur-sprint\/\"},\"wordCount\":342,\"commentCount\":0,\"publisher\":{\"@id\":\"https:\/\/dicodusport.fr\/blog\/#organization\"},\"image\":{\"@id\":\"https:\/\/dicodusport.fr\/blog\/championnats-europe-de-biathlon-erlend-bjoentegaard-titre-sur-sprint\/#primaryimage\"},\"thumbnailUrl\":\"https:\/\/dicodusport.fr\/blog\/wp-content\/uploads\/2022\/01\/Championnats-dEurope-de-biathlon-Erlend-Bjoentegaard-titre-sur-le-sprint-1.png\",\"articleSection\":[\"Biathlon\"],\"inLanguage\":\"fr-FR\",\"potentialAction\":[{\"@type\":\"CommentAction\",\"name\":\"Comment\",\"target\":[\"https:\/\/dicodusport.fr\/blog\/championnats-europe-de-biathlon-erlend-bjoentegaard-titre-sur-sprint\/#respond\"]}],\"copyrightYear\":\"2022\",\"copyrightHolder\":{\"@id\":\"https:\/\/dicodusport.fr\/blog\/#organization\"}},{\"@type\":\"WebPage\",\"@id\":\"https:\/\/dicodusport.fr\/blog\/championnats-europe-de-biathlon-erlend-bjoentegaard-titre-sur-sprint\/\",\"url\":\"https:\/\/dicodusport.fr\/blog\/championnats-europe-de-biathlon-erlend-bjoentegaard-titre-sur-sprint\/\",\"name\":\"Championnats d'Europe de biathlon : Erlend Bjoentegaard titr\u00e9 sur le sprint\",\"isPartOf\":{\"@id\":\"https:\/\/dicodusport.fr\/blog\/#website\"},\"primaryImageOfPage\":{\"@id\":\"https:\/\/dicodusport.fr\/blog\/championnats-europe-de-biathlon-erlend-bjoentegaard-titre-sur-sprint\/#primaryimage\"},\"image\":{\"@id\":\"https:\/\/dicodusport.fr\/blog\/championnats-europe-de-biathlon-erlend-bjoentegaard-titre-sur-sprint\/#primaryimage\"},\"thumbnailUrl\":\"https:\/\/dicodusport.fr\/blog\/wp-content\/uploads\/2022\/01\/Championnats-dEurope-de-biathlon-Erlend-Bjoentegaard-titre-sur-le-sprint-1.png\",\"datePublished\":\"2022-01-28T10:50:12+00:00\",\"dateModified\":\"2022-01-28T19:55:48+00:00\",\"description\":\"CHAMPIONNATS D'EUROPE DE BIATHLON 2022 - \u00c0 31 ans, Erlend Bjoentegaard est devenu ce vendredi champion d'Europe sur le sprint.\",\"breadcrumb\":{\"@id\":\"https:\/\/dicodusport.fr\/blog\/championnats-europe-de-biathlon-erlend-bjoentegaard-titre-sur-sprint\/#breadcrumb\"},\"inLanguage\":\"fr-FR\",\"potentialAction\":[{\"@type\":\"ReadAction\",\"target\":[\"https:\/\/dicodusport.fr\/blog\/championnats-europe-de-biathlon-erlend-bjoentegaard-titre-sur-sprint\/\"]}]},{\"@type\":\"ImageObject\",\"inLanguage\":\"fr-FR\",\"@id\":\"https:\/\/dicodusport.fr\/blog\/championnats-europe-de-biathlon-erlend-bjoentegaard-titre-sur-sprint\/#primaryimage\",\"url\":\"https:\/\/dicodusport.fr\/blog\/wp-content\/uploads\/2022\/01\/Championnats-dEurope-de-biathlon-Erlend-Bjoentegaard-titre-sur-le-sprint-1.png\",\"contentUrl\":\"https:\/\/dicodusport.fr\/blog\/wp-content\/uploads\/2022\/01\/Championnats-dEurope-de-biathlon-Erlend-Bjoentegaard-titre-sur-le-sprint-1.png\",\"width\":800,\"height\":445,\"caption\":\"Championnats d'Europe de biathlon Erlend Bjoentegaard titr\u00e9 sur le sprint (1)\"},{\"@type\":\"BreadcrumbList\",\"@id\":\"https:\/\/dicodusport.fr\/blog\/championnats-europe-de-biathlon-erlend-bjoentegaard-titre-sur-sprint\/#breadcrumb\",\"itemListElement\":[{\"@type\":\"ListItem\",\"position\":1,\"name\":\"Accueil\",\"item\":\"https:\/\/dicodusport.fr\/blog\/\"},{\"@type\":\"ListItem\",\"position\":2,\"name\":\"Championnats d&rsquo;Europe de biathlon : Erlend Bjoentegaard titr\u00e9 sur le sprint\"}]},{\"@type\":\"WebSite\",\"@id\":\"https:\/\/dicodusport.fr\/blog\/#website\",\"url\":\"https:\/\/dicodusport.fr\/blog\/\",\"name\":\"Dicodusport\",\"description\":\"L&#039;encyclop\u00e9die de l&#039;actualit\u00e9 sportive\",\"publisher\":{\"@id\":\"https:\/\/dicodusport.fr\/blog\/#organization\"},\"potentialAction\":[{\"@type\":\"SearchAction\",\"target\":{\"@type\":\"EntryPoint\",\"urlTemplate\":\"https:\/\/dicodusport.fr\/blog\/?s={search_term_string}\"},\"query-input\":{\"@type\":\"PropertyValueSpecification\",\"valueRequired\":true,\"valueName\":\"search_term_string\"}}],\"inLanguage\":\"fr-FR\"},{\"@type\":\"NewsMediaOrganization\",\"@id\":\"https:\/\/dicodusport.fr\/blog\/#organization\",\"name\":\"Dicodusport\",\"url\":\"https:\/\/dicodusport.fr\/blog\/\",\"logo\":{\"@type\":\"ImageObject\",\"inLanguage\":\"fr-FR\",\"@id\":\"https:\/\/dicodusport.fr\/blog\/#\/schema\/logo\/image\/\",\"url\":\"https:\/\/dicodusport.fr\/blog\/wp-content\/uploads\/2020\/06\/cropped-LOGO-DICODUSPORT-2020-SANS-FOND-SANS-TEXTE.png\",\"contentUrl\":\"https:\/\/dicodusport.fr\/blog\/wp-content\/uploads\/2020\/06\/cropped-LOGO-DICODUSPORT-2020-SANS-FOND-SANS-TEXTE.png\",\"width\":512,\"height\":512,\"caption\":\"Dicodusport\"},\"image\":{\"@id\":\"https:\/\/dicodusport.fr\/blog\/#\/schema\/logo\/image\/\"},\"sameAs\":[\"https:\/\/www.facebook.com\/dicodusport\",\"https:\/\/x.com\/dicodusport\",\"https:\/\/www.instagram.com\/dicodusport\/\",\"https:\/\/www.youtube.com\/channel\/UC7V2KZ5sd3htJivAbA4ZG3w\"],\"description\":\"Dicodusport est l'encyclop\u00e9die de l'actualit\u00e9 sportive.\",\"email\":\"bonjour@dicodusport.fr\",\"legalName\":\"DICODUSPORT\",\"foundingDate\":\"2018-01-14\",\"vatID\":\"FR71834470973\",\"taxID\":\"83447097300043\",\"numberOfEmployees\":{\"@type\":\"QuantitativeValue\",\"minValue\":\"1\",\"maxValue\":\"10\"}},{\"@type\":\"Person\",\"@id\":\"https:\/\/dicodusport.fr\/blog\/#\/schema\/person\/cb02af4c173ce4a653b55e9baf388d4a\",\"name\":\"Flo Ostermann\",\"image\":{\"@type\":\"ImageObject\",\"inLanguage\":\"fr-FR\",\"@id\":\"https:\/\/dicodusport.fr\/blog\/#\/schema\/person\/image\/\",\"url\":\"https:\/\/dicodusport.fr\/blog\/wp-content\/uploads\/2021\/05\/Flo-Ostermann-150x150.jpg\",\"contentUrl\":\"https:\/\/dicodusport.fr\/blog\/wp-content\/uploads\/2021\/05\/Flo-Ostermann-150x150.jpg\",\"caption\":\"Flo Ostermann\"},\"description\":\"Journaliste\/R\u00e9dacteur depuis septembre 2015 - Mes premiers souvenirs dans le sport ? Les envol\u00e9es du Stade Toulousain et les duels Villeneuve-Schumacher et H\u00e4kkinen-Schumacher \u00e0 la fin des ann\u00e9es 90, la Coupe du monde de football en 1998, l\u2019exploit du XV de France face aux All Blacks en 1999, mais aussi Richard C\u0153ur de Lion qui vole sur les montagnes du Tour de France. Bien parti pour devenir professeur d\u2019EPS, les \u00e9v\u00e9nements de la vie (et la flemme d\u2019animer des s\u00e9ances de 3x500 m\u00e8tres toute ma vie) m\u2019ont conduit \u00e0 revoir mes plans. Me voil\u00e0 depuis fin 2017 sur Dicodusport, m\u00e9dia gr\u00e2ce (et pour) lequel je partage ma passion : le sport dans tous ses \u00e9tats. Le tout accompagn\u00e9 par les fous furieux et folles furieuses cit\u00e9s sur cette page !\",\"sameAs\":[\"https:\/\/www.facebook.com\/florent.ostermann\",\"https:\/\/x.com\/https:\/\/twitter.com\/FlOstermann\",\"admin\"],\"url\":\"https:\/\/dicodusport.fr\/blog\/author\/flo\/\"}]}<\/script>\n<!-- \/ Yoast SEO Premium plugin. -->","yoast_head_json":{"title":"Championnats d'Europe de biathlon : Erlend Bjoentegaard titr\u00e9 sur le sprint","description":"CHAMPIONNATS D'EUROPE DE BIATHLON 2022 - \u00c0 31 ans, Erlend Bjoentegaard est devenu ce vendredi champion d'Europe sur le sprint.","robots":{"index":"index","follow":"follow","max-snippet":"max-snippet:-1","max-image-preview":"max-image-preview:large","max-video-preview":"max-video-preview:-1"},"canonical":"https:\/\/dicodusport.fr\/blog\/championnats-europe-de-biathlon-erlend-bjoentegaard-titre-sur-sprint\/","og_locale":"fr_FR","og_type":"article","og_title":"Championnats d'Europe de biathlon : Erlend Bjoentegaard titr\u00e9 sur le sprint","og_description":"CHAMPIONNATS D'EUROPE DE BIATHLON 2022 - \u00c0 31 ans, Erlend Bjoentegaard est devenu ce vendredi champion d'Europe sur le sprint.","og_url":"https:\/\/dicodusport.fr\/blog\/championnats-europe-de-biathlon-erlend-bjoentegaard-titre-sur-sprint\/","og_site_name":"Dicodusport","article_publisher":"https:\/\/www.facebook.com\/dicodusport","article_author":"https:\/\/www.facebook.com\/florent.ostermann","article_published_time":"2022-01-28T10:50:12+00:00","article_modified_time":"2022-01-28T19:55:48+00:00","og_image":[{"width":800,"height":445,"url":"https:\/\/dicodusport.fr\/blog\/wp-content\/uploads\/2022\/01\/Championnats-dEurope-de-biathlon-Erlend-Bjoentegaard-titre-sur-le-sprint-1.png","type":"image\/png"}],"author":"Flo Ostermann","twitter_card":"summary_large_image","twitter_title":"Championnats d'Europe de biathlon : Erlend Bjoentegaard titr\u00e9 sur le sprint","twitter_creator":"@https:\/\/twitter.com\/FlOstermann","twitter_site":"@dicodusport","schema":{"@context":"https:\/\/schema.org","@graph":[{"@type":"NewsArticle","@id":"https:\/\/dicodusport.fr\/blog\/championnats-europe-de-biathlon-erlend-bjoentegaard-titre-sur-sprint\/#article","isPartOf":{"@id":"https:\/\/dicodusport.fr\/blog\/championnats-europe-de-biathlon-erlend-bjoentegaard-titre-sur-sprint\/"},"author":{"name":"Flo Ostermann","@id":"https:\/\/dicodusport.fr\/blog\/#\/schema\/person\/cb02af4c173ce4a653b55e9baf388d4a"},"headline":"Championnats d&rsquo;Europe de biathlon : Erlend Bjoentegaard titr\u00e9 sur le sprint","datePublished":"2022-01-28T10:50:12+00:00","dateModified":"2022-01-28T19:55:48+00:00","mainEntityOfPage":{"@id":"https:\/\/dicodusport.fr\/blog\/championnats-europe-de-biathlon-erlend-bjoentegaard-titre-sur-sprint\/"},"wordCount":342,"commentCount":0,"publisher":{"@id":"https:\/\/dicodusport.fr\/blog\/#organization"},"image":{"@id":"https:\/\/dicodusport.fr\/blog\/championnats-europe-de-biathlon-erlend-bjoentegaard-titre-sur-sprint\/#primaryimage"},"thumbnailUrl":"https:\/\/dicodusport.fr\/blog\/wp-content\/uploads\/2022\/01\/Championnats-dEurope-de-biathlon-Erlend-Bjoentegaard-titre-sur-le-sprint-1.png","articleSection":["Biathlon"],"inLanguage":"fr-FR","potentialAction":[{"@type":"CommentAction","name":"Comment","target":["https:\/\/dicodusport.fr\/blog\/championnats-europe-de-biathlon-erlend-bjoentegaard-titre-sur-sprint\/#respond"]}],"copyrightYear":"2022","copyrightHolder":{"@id":"https:\/\/dicodusport.fr\/blog\/#organization"}},{"@type":"WebPage","@id":"https:\/\/dicodusport.fr\/blog\/championnats-europe-de-biathlon-erlend-bjoentegaard-titre-sur-sprint\/","url":"https:\/\/dicodusport.fr\/blog\/championnats-europe-de-biathlon-erlend-bjoentegaard-titre-sur-sprint\/","name":"Championnats d'Europe de biathlon : Erlend Bjoentegaard titr\u00e9 sur le sprint","isPartOf":{"@id":"https:\/\/dicodusport.fr\/blog\/#website"},"primaryImageOfPage":{"@id":"https:\/\/dicodusport.fr\/blog\/championnats-europe-de-biathlon-erlend-bjoentegaard-titre-sur-sprint\/#primaryimage"},"image":{"@id":"https:\/\/dicodusport.fr\/blog\/championnats-europe-de-biathlon-erlend-bjoentegaard-titre-sur-sprint\/#primaryimage"},"thumbnailUrl":"https:\/\/dicodusport.fr\/blog\/wp-content\/uploads\/2022\/01\/Championnats-dEurope-de-biathlon-Erlend-Bjoentegaard-titre-sur-le-sprint-1.png","datePublished":"2022-01-28T10:50:12+00:00","dateModified":"2022-01-28T19:55:48+00:00","description":"CHAMPIONNATS D'EUROPE DE BIATHLON 2022 - \u00c0 31 ans, Erlend Bjoentegaard est devenu ce vendredi champion d'Europe sur le sprint.","breadcrumb":{"@id":"https:\/\/dicodusport.fr\/blog\/championnats-europe-de-biathlon-erlend-bjoentegaard-titre-sur-sprint\/#breadcrumb"},"inLanguage":"fr-FR","potentialAction":[{"@type":"ReadAction","target":["https:\/\/dicodusport.fr\/blog\/championnats-europe-de-biathlon-erlend-bjoentegaard-titre-sur-sprint\/"]}]},{"@type":"ImageObject","inLanguage":"fr-FR","@id":"https:\/\/dicodusport.fr\/blog\/championnats-europe-de-biathlon-erlend-bjoentegaard-titre-sur-sprint\/#primaryimage","url":"https:\/\/dicodusport.fr\/blog\/wp-content\/uploads\/2022\/01\/Championnats-dEurope-de-biathlon-Erlend-Bjoentegaard-titre-sur-le-sprint-1.png","contentUrl":"https:\/\/dicodusport.fr\/blog\/wp-content\/uploads\/2022\/01\/Championnats-dEurope-de-biathlon-Erlend-Bjoentegaard-titre-sur-le-sprint-1.png","width":800,"height":445,"caption":"Championnats d'Europe de biathlon Erlend Bjoentegaard titr\u00e9 sur le sprint (1)"},{"@type":"BreadcrumbList","@id":"https:\/\/dicodusport.fr\/blog\/championnats-europe-de-biathlon-erlend-bjoentegaard-titre-sur-sprint\/#breadcrumb","itemListElement":[{"@type":"ListItem","position":1,"name":"Accueil","item":"https:\/\/dicodusport.fr\/blog\/"},{"@type":"ListItem","position":2,"name":"Championnats d&rsquo;Europe de biathlon : Erlend Bjoentegaard titr\u00e9 sur le sprint"}]},{"@type":"WebSite","@id":"https:\/\/dicodusport.fr\/blog\/#website","url":"https:\/\/dicodusport.fr\/blog\/","name":"Dicodusport","description":"L&#039;encyclop\u00e9die de l&#039;actualit\u00e9 sportive","publisher":{"@id":"https:\/\/dicodusport.fr\/blog\/#organization"},"potentialAction":[{"@type":"SearchAction","target":{"@type":"EntryPoint","urlTemplate":"https:\/\/dicodusport.fr\/blog\/?s={search_term_string}"},"query-input":{"@type":"PropertyValueSpecification","valueRequired":true,"valueName":"search_term_string"}}],"inLanguage":"fr-FR"},{"@type":"NewsMediaOrganization","@id":"https:\/\/dicodusport.fr\/blog\/#organization","name":"Dicodusport","url":"https:\/\/dicodusport.fr\/blog\/","logo":{"@type":"ImageObject","inLanguage":"fr-FR","@id":"https:\/\/dicodusport.fr\/blog\/#\/schema\/logo\/image\/","url":"https:\/\/dicodusport.fr\/blog\/wp-content\/uploads\/2020\/06\/cropped-LOGO-DICODUSPORT-2020-SANS-FOND-SANS-TEXTE.png","contentUrl":"https:\/\/dicodusport.fr\/blog\/wp-content\/uploads\/2020\/06\/cropped-LOGO-DICODUSPORT-2020-SANS-FOND-SANS-TEXTE.png","width":512,"height":512,"caption":"Dicodusport"},"image":{"@id":"https:\/\/dicodusport.fr\/blog\/#\/schema\/logo\/image\/"},"sameAs":["https:\/\/www.facebook.com\/dicodusport","https:\/\/x.com\/dicodusport","https:\/\/www.instagram.com\/dicodusport\/","https:\/\/www.youtube.com\/channel\/UC7V2KZ5sd3htJivAbA4ZG3w"],"description":"Dicodusport est l'encyclop\u00e9die de l'actualit\u00e9 sportive.","email":"bonjour@dicodusport.fr","legalName":"DICODUSPORT","foundingDate":"2018-01-14","vatID":"FR71834470973","taxID":"83447097300043","numberOfEmployees":{"@type":"QuantitativeValue","minValue":"1","maxValue":"10"}},{"@type":"Person","@id":"https:\/\/dicodusport.fr\/blog\/#\/schema\/person\/cb02af4c173ce4a653b55e9baf388d4a","name":"Flo Ostermann","image":{"@type":"ImageObject","inLanguage":"fr-FR","@id":"https:\/\/dicodusport.fr\/blog\/#\/schema\/person\/image\/","url":"https:\/\/dicodusport.fr\/blog\/wp-content\/uploads\/2021\/05\/Flo-Ostermann-150x150.jpg","contentUrl":"https:\/\/dicodusport.fr\/blog\/wp-content\/uploads\/2021\/05\/Flo-Ostermann-150x150.jpg","caption":"Flo Ostermann"},"description":"Journaliste\/R\u00e9dacteur depuis septembre 2015 - Mes premiers souvenirs dans le sport ? Les envol\u00e9es du Stade Toulousain et les duels Villeneuve-Schumacher et H\u00e4kkinen-Schumacher \u00e0 la fin des ann\u00e9es 90, la Coupe du monde de football en 1998, l\u2019exploit du XV de France face aux All Blacks en 1999, mais aussi Richard C\u0153ur de Lion qui vole sur les montagnes du Tour de France. Bien parti pour devenir professeur d\u2019EPS, les \u00e9v\u00e9nements de la vie (et la flemme d\u2019animer des s\u00e9ances de 3x500 m\u00e8tres toute ma vie) m\u2019ont conduit \u00e0 revoir mes plans. Me voil\u00e0 depuis fin 2017 sur Dicodusport, m\u00e9dia gr\u00e2ce (et pour) lequel je partage ma passion : le sport dans tous ses \u00e9tats. Le tout accompagn\u00e9 par les fous furieux et folles furieuses cit\u00e9s sur cette page !","sameAs":["https:\/\/www.facebook.com\/florent.ostermann","https:\/\/x.com\/https:\/\/twitter.com\/FlOstermann","admin"],"url":"https:\/\/dicodusport.fr\/blog\/author\/flo\/"}]}},"_links":{"self":[{"href":"https:\/\/dicodusport.fr\/blog\/wp-json\/wp\/v2\/posts\/194926","targetHints":{"allow":["GET"]}}],"collection":[{"href":"https:\/\/dicodusport.fr\/blog\/wp-json\/wp\/v2\/posts"}],"about":[{"href":"https:\/\/dicodusport.fr\/blog\/wp-json\/wp\/v2\/types\/post"}],"author":[{"embeddable":true,"href":"https:\/\/dicodusport.fr\/blog\/wp-json\/wp\/v2\/users\/4"}],"replies":[{"embeddable":true,"href":"https:\/\/dicodusport.fr\/blog\/wp-json\/wp\/v2\/comments?post=194926"}],"version-history":[{"count":0,"href":"https:\/\/dicodusport.fr\/blog\/wp-json\/wp\/v2\/posts\/194926\/revisions"}],"wp:featuredmedia":[{"embeddable":true,"href":"https:\/\/dicodusport.fr\/blog\/wp-json\/wp\/v2\/media\/194943"}],"wp:attachment":[{"href":"https:\/\/dicodusport.fr\/blog\/wp-json\/wp\/v2\/media?parent=194926"}],"wp:term":[{"taxonomy":"category","embeddable":true,"href":"https:\/\/dicodusport.fr\/blog\/wp-json\/wp\/v2\/categories?post=194926"},{"taxonomy":"post_tag","embeddable":true,"href":"https:\/\/dicodusport.fr\/blog\/wp-json\/wp\/v2\/tags?post=194926"}],"curies":[{"name":"wp","href":"https:\/\/api.w.org\/{rel}","templated":true}]}}