{"id":195256,"date":"2022-01-29T12:51:36","date_gmt":"2022-01-29T11:51:36","guid":{"rendered":"https:\/\/dicodusport.fr\/blog\/?p=195256&#038;preview=true&#038;preview_id=195256"},"modified":"2023-01-20T15:54:10","modified_gmt":"2023-01-20T14:54:10","slug":"descente-de-garmisch-partenkirchen-victoire-facile-pour-corinne-suter","status":"publish","type":"post","link":"https:\/\/dicodusport.fr\/blog\/descente-de-garmisch-partenkirchen-victoire-facile-pour-corinne-suter\/","title":{"rendered":"Descente de Garmisch-Partenkirchen : Victoire facile pour Corinne Suter"},"content":{"rendered":"<p style=\"text-align: justify;\"><strong><em>COUPE DU MONDE DE SKI ALPIN 2021-2022 &#8211; Championne du monde en titre, Corinne Suter a profit\u00e9 des absences pour s&rsquo;adjuger la descente de Garmish-Partenkirchen. Elle devance Jasmine Fleury et Cornelia Huetter, et confirme sa mont\u00e9e en puissance \u00e0 l&rsquo;approche des Jeux Olympiques.\u00a0<\/em><\/strong><\/p>\n<p style=\"text-align: justify;\">Pour le dernier week-end de comp\u00e9tition avant les Jeux Olympiques, les absentes \u00e9taient nombreuses pour cette \u00e9tape allemande. En premier lieu, <strong>Sofia Goggia<\/strong>, bless\u00e9e \u00e0 la cheville la semaine derni\u00e8re, \u00e9tait au repos pour conserver ses chances de s&rsquo;aligner \u00e0 P\u00e9kin. <strong>Breezy Johnson<\/strong> est elle d\u00e9j\u00e0 forfait pour cet \u00e9v\u00e8nement en raison d&rsquo;une blessure \u00e0 un genou. <strong>Mikaela Shiffrin <\/strong>et <strong>Lara-Gut Behrami<\/strong> avaient \u00e9galement fait l&rsquo;impasse.<\/p>\n<h2 style=\"text-align: justify;\">Corinne Suter profite des absences<\/h2>\n<p style=\"text-align: justify;\">En forme actuellement, <strong>Ariane Raedler<\/strong> signe le premier temps de r\u00e9f\u00e9rence de cette descente sur le c\u00e9l\u00e8bre <em>Kandahar<\/em>, devan\u00e7ant de seulement 11 centi\u00e8mes la Canadienne <strong>Marie-Mich\u00e8le Gagnon<\/strong>. Elle est alors d\u00e9log\u00e9e de la t\u00eate par <strong>Nadia Delago<\/strong>, qui conserve 9 centi\u00e8mes d&rsquo;avance alors qu&rsquo;elle \u00e9tait largement en t\u00eate avant une grosse faute. Ce qui fait que <strong>Cornelia Huetter<\/strong> vient \u00e0 son tour prendre la t\u00eate pour 7 centi\u00e8mes.<\/p>\n<p style=\"text-align: justify;\">La championne du monde en titre de la sp\u00e9cialit\u00e9, <strong>Corinne Suter<\/strong>, s&rsquo;\u00e9lance alors. Parfaite de bout en bout, elle creuse progressivement l&rsquo;\u00e9cart et coupe la ligne avec 78 centi\u00e8mes d&rsquo;avance sur l&rsquo;Autrichienne ! La Suissesse vient alors de frapper un grand coup dans l&rsquo;optique de la victoire. En grande forme, l&rsquo;Allemande <strong>Kira Weidle<\/strong> souffre \u00e0 domicile, mais prend la troisi\u00e8me place provisoire pour 3 centi\u00e8mes.<\/p>\n<p style=\"text-align: justify;\">Les Suissesses sont d\u00e9cid\u00e9ment \u00e0 la f\u00eate puisque <strong>Jasmine Fleury<\/strong> vient s&rsquo;installer \u00e0 la deuxi\u00e8me place, \u00e0 une demi-seconde de sa compatriote. La favorite du jour, <strong>Ramona Siebenhofer<\/strong>, s&rsquo;\u00e9lance alors mais passe totalement \u00e0 c\u00f4t\u00e9 de son sujet, ratant une occasion en or de marquer des points pr\u00e9cieux en vue du globe de la sp\u00e9cialit\u00e9, \u00e0 l&rsquo;instar de sa compatriote <strong>Mirjam Puchner.\u00a0<\/strong>Plus personne ne viendra inqui\u00e9ter <strong>Suter<\/strong>, qui vient se replacer deuxi\u00e8me de la coupe du monde de descente gr\u00e2ce \u00e0 ce succ\u00e8s.<\/p>\n<blockquote class=\"twitter-tweet\">\n<p dir=\"ltr\" lang=\"en\"><a href=\"https:\/\/twitter.com\/hashtag\/FISalpine?src=hash&amp;ref_src=twsrc%5Etfw\">#FISalpine<\/a> WCup <a href=\"https:\/\/twitter.com\/hashtag\/Garmisch?src=hash&amp;ref_src=twsrc%5Etfw\">#Garmisch<\/a> \ud83c\udde9\ud83c\uddea<br \/>\nDH W \u26f7\ufe0f<br \/>\n1\u20e3 Corinne <a href=\"https:\/\/twitter.com\/hashtag\/Suter?src=hash&amp;ref_src=twsrc%5Etfw\">#Suter<\/a> \ud83c\udde8\ud83c\udded 1:40.74<br \/>\n2\u20e3 Jasmine Flury \ud83c\udde8\ud83c\udded +0.51<br \/>\n3\u20e3 Cornelia H\u00fctter \ud83c\udde6\ud83c\uddf9 +0.78<br \/>\n4\u20e3 Kira Weidle \ud83c\udde9\ud83c\uddea +0.82<br \/>\n5\u20e3 Nadia <a href=\"https:\/\/twitter.com\/hashtag\/Delago?src=hash&amp;ref_src=twsrc%5Etfw\">#Delago<\/a> \ud83c\uddee\ud83c\uddf9 +0.85<a href=\"https:\/\/twitter.com\/hashtag\/sci?src=hash&amp;ref_src=twsrc%5Etfw\">#sci<\/a> <a href=\"https:\/\/twitter.com\/hashtag\/ski?src=hash&amp;ref_src=twsrc%5Etfw\">#ski<\/a> <a href=\"https:\/\/twitter.com\/hashtag\/skiing?src=hash&amp;ref_src=twsrc%5Etfw\">#skiing<\/a> <a href=\"https:\/\/t.co\/cUJcYa0Jmf\">pic.twitter.com\/cUJcYa0Jmf<\/a><\/p>\n<p>\u2014 SportRisultati (@SportRisultati) <a href=\"https:\/\/twitter.com\/SportRisultati\/status\/1487395837328117760?ref_src=twsrc%5Etfw\">January 29, 2022<\/a><\/p><\/blockquote>\n<p><script async src=\"https:\/\/platform.twitter.com\/widgets.js\" charset=\"utf-8\"><\/script><\/p>\n<h2 style=\"text-align: justify;\">La course des Fran\u00e7aises<\/h2>\n<p style=\"text-align: justify;\">Brillante sur les entra\u00eenements (elle en avait remport\u00e9 un), <strong>Romane Miradoli<\/strong> n&rsquo;a pas poursuivi son \u00e9lan lors de la course, \u00e9chouant aux portes du top 10 (11\u00e8me), ce qui reste malgr\u00e9 tout une performance de qualit\u00e9, puisque c&rsquo;est sa meilleure de la saison. <strong>Laura Gauch\u00e9<\/strong>, qui sortait d&rsquo;une cinqui\u00e8me place en Super-G, ne confirme pas ici et reste en dehors du top 20. Elle devance tout juste <strong>Tiffany Gauthier<\/strong>, elle aussi trop timor\u00e9e sur ce parcours. Enfin,<strong> Camille Cerutti<\/strong> n&rsquo;aura jamais trouv\u00e9 son rythme, et termine avant-derni\u00e8re de cette course.<\/p>\n<blockquote class=\"twitter-tweet\">\n<p dir=\"ltr\" lang=\"fr\">[Jour de descente] Romane Miradoli vient de signer le 11e chrono provisoire \u00e0 Garmisch<br \/>\nRomane ne confirme pas h\u00e9las ses tr\u00e8s bons entra\u00eenements<\/p>\n<p>\u2014 Top Ski News (@Top_Ski_News) <a href=\"https:\/\/twitter.com\/Top_Ski_News\/status\/1487383561946767364?ref_src=twsrc%5Etfw\">January 29, 2022<\/a><\/p><\/blockquote>\n<p><script async src=\"https:\/\/platform.twitter.com\/widgets.js\" charset=\"utf-8\"><\/script><\/p>\n<ul>\n<li style=\"text-align: justify;\"><strong>\u00c0 lire aussi &#8211; <a href=\"https:\/\/dicodusport.fr\/blog\/descente-femmes-garmisch-partenkirchen-le-classement\/\">Le classement de la descente de Garmisch-Partenkirchen<\/a><\/strong><\/li>\n<\/ul>\n","protected":false},"excerpt":{"rendered":"<p>COUPE DU MONDE DE SKI ALPIN 2021-2022 &#8211; Championne du monde en titre, Corinne Suter a profit\u00e9 des absences pour s&rsquo;adjuger la descente de Garmish-Partenkirchen. Elle devance Jasmine Fleury et Cornelia Huetter, et confirme sa mont\u00e9e en puissance \u00e0 l&rsquo;approche des Jeux Olympiques.\u00a0<\/p>\n","protected":false},"author":59,"featured_media":195296,"comment_status":"open","ping_status":"closed","sticky":false,"template":"","format":"standard","meta":{"_acf_changed":false,"_daextam_enable_autolinks":"","footnotes":""},"categories":[47084],"tags":[2233],"class_list":["post-195256","post","type-post","status-publish","format-standard","has-post-thumbnail","hentry","category-coupe-du-monde-ski-alpin","tag-ski-alpin"],"acf":[],"yoast_head":"<!-- This site is optimized with the Yoast SEO Premium plugin v26.7 (Yoast SEO v26.7) - https:\/\/yoast.com\/wordpress\/plugins\/seo\/ -->\n<title>Descente de Garmisch-Partenkirchen : Victoire facile pour Corinne Suter<\/title>\n<meta name=\"description\" content=\"COUPE DU MONDE DE SKI ALPIN 2021-2022 - Corinne Suter a profit\u00e9 des absences pour s&#039;adjuger la descente de Garmish-Partenkirchen.\" \/>\n<meta name=\"robots\" content=\"index, follow, max-snippet:-1, max-image-preview:large, max-video-preview:-1\" \/>\n<link rel=\"canonical\" href=\"https:\/\/dicodusport.fr\/blog\/descente-de-garmisch-partenkirchen-victoire-facile-pour-corinne-suter\/\" \/>\n<meta property=\"og:locale\" content=\"fr_FR\" \/>\n<meta property=\"og:type\" content=\"article\" \/>\n<meta property=\"og:title\" content=\"Descente de Garmisch-Partenkirchen : Victoire facile pour Corinne Suter\" \/>\n<meta property=\"og:description\" content=\"COUPE DU MONDE DE SKI ALPIN 2021-2022 - Corinne Suter a profit\u00e9 des absences pour s&#039;adjuger la descente de Garmish-Partenkirchen.\" \/>\n<meta property=\"og:url\" content=\"https:\/\/dicodusport.fr\/blog\/descente-de-garmisch-partenkirchen-victoire-facile-pour-corinne-suter\/\" \/>\n<meta property=\"og:site_name\" content=\"Dicodusport\" \/>\n<meta property=\"article:publisher\" content=\"https:\/\/www.facebook.com\/dicodusport\" \/>\n<meta property=\"article:author\" content=\"https:\/\/www.facebook.com\/sebastien.gente\/\" \/>\n<meta property=\"article:published_time\" content=\"2022-01-29T11:51:36+00:00\" \/>\n<meta property=\"article:modified_time\" content=\"2023-01-20T14:54:10+00:00\" \/>\n<meta property=\"og:image\" content=\"https:\/\/dicodusport.fr\/blog\/wp-content\/uploads\/2022\/01\/Descente-de-Garmisch-Partenkirchen-Victoire-facile-pour-Corinne-Suter.png\" \/>\n\t<meta property=\"og:image:width\" content=\"800\" \/>\n\t<meta property=\"og:image:height\" content=\"445\" \/>\n\t<meta property=\"og:image:type\" content=\"image\/png\" \/>\n<meta name=\"author\" content=\"S\u00e9bastien Gente\" \/>\n<meta name=\"twitter:card\" content=\"summary_large_image\" \/>\n<meta name=\"twitter:title\" content=\"Descente de Garmisch-Partenkirchen : Victoire facile pour Corinne Suter\" \/>\n<meta name=\"twitter:creator\" content=\"@https:\/\/twitter.com\/globulo24\" \/>\n<meta name=\"twitter:site\" content=\"@dicodusport\" \/>\n<script type=\"application\/ld+json\" class=\"yoast-schema-graph\">{\"@context\":\"https:\/\/schema.org\",\"@graph\":[{\"@type\":\"NewsArticle\",\"@id\":\"https:\/\/dicodusport.fr\/blog\/descente-de-garmisch-partenkirchen-victoire-facile-pour-corinne-suter\/#article\",\"isPartOf\":{\"@id\":\"https:\/\/dicodusport.fr\/blog\/descente-de-garmisch-partenkirchen-victoire-facile-pour-corinne-suter\/\"},\"author\":{\"name\":\"S\u00e9bastien Gente\",\"@id\":\"https:\/\/dicodusport.fr\/blog\/#\/schema\/person\/627966a6cde45dbd8c5e36ac85d783da\"},\"headline\":\"Descente de Garmisch-Partenkirchen : Victoire facile pour Corinne Suter\",\"datePublished\":\"2022-01-29T11:51:36+00:00\",\"dateModified\":\"2023-01-20T14:54:10+00:00\",\"mainEntityOfPage\":{\"@id\":\"https:\/\/dicodusport.fr\/blog\/descente-de-garmisch-partenkirchen-victoire-facile-pour-corinne-suter\/\"},\"wordCount\":543,\"commentCount\":0,\"publisher\":{\"@id\":\"https:\/\/dicodusport.fr\/blog\/#organization\"},\"image\":{\"@id\":\"https:\/\/dicodusport.fr\/blog\/descente-de-garmisch-partenkirchen-victoire-facile-pour-corinne-suter\/#primaryimage\"},\"thumbnailUrl\":\"https:\/\/dicodusport.fr\/blog\/wp-content\/uploads\/2022\/01\/Descente-de-Garmisch-Partenkirchen-Victoire-facile-pour-Corinne-Suter.png\",\"keywords\":[\"Ski alpin\"],\"articleSection\":[\"Coupe du monde de ski alpin\"],\"inLanguage\":\"fr-FR\",\"potentialAction\":[{\"@type\":\"CommentAction\",\"name\":\"Comment\",\"target\":[\"https:\/\/dicodusport.fr\/blog\/descente-de-garmisch-partenkirchen-victoire-facile-pour-corinne-suter\/#respond\"]}],\"copyrightYear\":\"2022\",\"copyrightHolder\":{\"@id\":\"https:\/\/dicodusport.fr\/blog\/#organization\"}},{\"@type\":\"WebPage\",\"@id\":\"https:\/\/dicodusport.fr\/blog\/descente-de-garmisch-partenkirchen-victoire-facile-pour-corinne-suter\/\",\"url\":\"https:\/\/dicodusport.fr\/blog\/descente-de-garmisch-partenkirchen-victoire-facile-pour-corinne-suter\/\",\"name\":\"Descente de Garmisch-Partenkirchen : Victoire facile pour Corinne Suter\",\"isPartOf\":{\"@id\":\"https:\/\/dicodusport.fr\/blog\/#website\"},\"primaryImageOfPage\":{\"@id\":\"https:\/\/dicodusport.fr\/blog\/descente-de-garmisch-partenkirchen-victoire-facile-pour-corinne-suter\/#primaryimage\"},\"image\":{\"@id\":\"https:\/\/dicodusport.fr\/blog\/descente-de-garmisch-partenkirchen-victoire-facile-pour-corinne-suter\/#primaryimage\"},\"thumbnailUrl\":\"https:\/\/dicodusport.fr\/blog\/wp-content\/uploads\/2022\/01\/Descente-de-Garmisch-Partenkirchen-Victoire-facile-pour-Corinne-Suter.png\",\"datePublished\":\"2022-01-29T11:51:36+00:00\",\"dateModified\":\"2023-01-20T14:54:10+00:00\",\"description\":\"COUPE DU MONDE DE SKI ALPIN 2021-2022 - Corinne Suter a profit\u00e9 des absences pour s'adjuger la descente de Garmish-Partenkirchen.\",\"breadcrumb\":{\"@id\":\"https:\/\/dicodusport.fr\/blog\/descente-de-garmisch-partenkirchen-victoire-facile-pour-corinne-suter\/#breadcrumb\"},\"inLanguage\":\"fr-FR\",\"potentialAction\":[{\"@type\":\"ReadAction\",\"target\":[\"https:\/\/dicodusport.fr\/blog\/descente-de-garmisch-partenkirchen-victoire-facile-pour-corinne-suter\/\"]}]},{\"@type\":\"ImageObject\",\"inLanguage\":\"fr-FR\",\"@id\":\"https:\/\/dicodusport.fr\/blog\/descente-de-garmisch-partenkirchen-victoire-facile-pour-corinne-suter\/#primaryimage\",\"url\":\"https:\/\/dicodusport.fr\/blog\/wp-content\/uploads\/2022\/01\/Descente-de-Garmisch-Partenkirchen-Victoire-facile-pour-Corinne-Suter.png\",\"contentUrl\":\"https:\/\/dicodusport.fr\/blog\/wp-content\/uploads\/2022\/01\/Descente-de-Garmisch-Partenkirchen-Victoire-facile-pour-Corinne-Suter.png\",\"width\":800,\"height\":445,\"caption\":\"Descente de Garmisch-Partenkirchen Victoire facile pour Corinne Suter\"},{\"@type\":\"BreadcrumbList\",\"@id\":\"https:\/\/dicodusport.fr\/blog\/descente-de-garmisch-partenkirchen-victoire-facile-pour-corinne-suter\/#breadcrumb\",\"itemListElement\":[{\"@type\":\"ListItem\",\"position\":1,\"name\":\"Accueil\",\"item\":\"https:\/\/dicodusport.fr\/blog\/\"},{\"@type\":\"ListItem\",\"position\":2,\"name\":\"Descente de Garmisch-Partenkirchen : Victoire facile pour Corinne Suter\"}]},{\"@type\":\"WebSite\",\"@id\":\"https:\/\/dicodusport.fr\/blog\/#website\",\"url\":\"https:\/\/dicodusport.fr\/blog\/\",\"name\":\"Dicodusport\",\"description\":\"L&#039;encyclop\u00e9die de l&#039;actualit\u00e9 sportive\",\"publisher\":{\"@id\":\"https:\/\/dicodusport.fr\/blog\/#organization\"},\"potentialAction\":[{\"@type\":\"SearchAction\",\"target\":{\"@type\":\"EntryPoint\",\"urlTemplate\":\"https:\/\/dicodusport.fr\/blog\/?s={search_term_string}\"},\"query-input\":{\"@type\":\"PropertyValueSpecification\",\"valueRequired\":true,\"valueName\":\"search_term_string\"}}],\"inLanguage\":\"fr-FR\"},{\"@type\":\"NewsMediaOrganization\",\"@id\":\"https:\/\/dicodusport.fr\/blog\/#organization\",\"name\":\"Dicodusport\",\"url\":\"https:\/\/dicodusport.fr\/blog\/\",\"logo\":{\"@type\":\"ImageObject\",\"inLanguage\":\"fr-FR\",\"@id\":\"https:\/\/dicodusport.fr\/blog\/#\/schema\/logo\/image\/\",\"url\":\"https:\/\/dicodusport.fr\/blog\/wp-content\/uploads\/2020\/06\/cropped-LOGO-DICODUSPORT-2020-SANS-FOND-SANS-TEXTE.png\",\"contentUrl\":\"https:\/\/dicodusport.fr\/blog\/wp-content\/uploads\/2020\/06\/cropped-LOGO-DICODUSPORT-2020-SANS-FOND-SANS-TEXTE.png\",\"width\":512,\"height\":512,\"caption\":\"Dicodusport\"},\"image\":{\"@id\":\"https:\/\/dicodusport.fr\/blog\/#\/schema\/logo\/image\/\"},\"sameAs\":[\"https:\/\/www.facebook.com\/dicodusport\",\"https:\/\/x.com\/dicodusport\",\"https:\/\/www.instagram.com\/dicodusport\/\",\"https:\/\/www.youtube.com\/channel\/UC7V2KZ5sd3htJivAbA4ZG3w\"],\"description\":\"Dicodusport est l'encyclop\u00e9die de l'actualit\u00e9 sportive.\",\"email\":\"bonjour@dicodusport.fr\",\"legalName\":\"DICODUSPORT\",\"foundingDate\":\"2018-01-14\",\"vatID\":\"FR71834470973\",\"taxID\":\"83447097300043\",\"numberOfEmployees\":{\"@type\":\"QuantitativeValue\",\"minValue\":\"1\",\"maxValue\":\"10\"}},{\"@type\":\"Person\",\"@id\":\"https:\/\/dicodusport.fr\/blog\/#\/schema\/person\/627966a6cde45dbd8c5e36ac85d783da\",\"name\":\"S\u00e9bastien Gente\",\"image\":{\"@type\":\"ImageObject\",\"inLanguage\":\"fr-FR\",\"@id\":\"https:\/\/dicodusport.fr\/blog\/#\/schema\/person\/image\/\",\"url\":\"https:\/\/dicodusport.fr\/blog\/wp-content\/uploads\/2021\/09\/1510990_10205810251400683_4124423575079401707_n-150x150.jpg\",\"contentUrl\":\"https:\/\/dicodusport.fr\/blog\/wp-content\/uploads\/2021\/09\/1510990_10205810251400683_4124423575079401707_n-150x150.jpg\",\"caption\":\"S\u00e9bastien Gente\"},\"description\":\"John Stockton, Gianni Bugno, Zinedine Zidane, Steffi Graf, Frode Andresen, St\u00e9phane Stoecklin, Davis Kamoga, Primoz Peterka, Werner Schlager et Aur\u00e9lien Rougerie. Point commun entre ces sportifs? Ils m'ont fait r\u00eaver et ont berc\u00e9 mon adolescence. Je suis un fondu de sports et j'essaie de retranscrire ma passion \u00e0 travers mes articles. Originaire du P\u00e9rigord, ma passion pour les Girondins, les Jaunards et les Jazzmen transpire dans mes \u00e9crits. \u00c0 Dicodusport depuis 2021, je d\u00e9niche les sports m\u00e9connus dans lesquels la France brille, et il y en a !\",\"sameAs\":[\"https:\/\/www.facebook.com\/sebastien.gente\/\",\"https:\/\/www.instagram.com\/sebgente\/\",\"https:\/\/www.linkedin.com\/in\/sbastien-gente-a29583169\/\",\"https:\/\/x.com\/https:\/\/twitter.com\/globulo24\",\"SebastienGente\"],\"worksFor\":\"S\u00e9bastien GENTE\",\"url\":\"https:\/\/dicodusport.fr\/blog\/author\/sebastiengente\/\"}]}<\/script>\n<!-- \/ Yoast SEO Premium plugin. -->","yoast_head_json":{"title":"Descente de Garmisch-Partenkirchen : Victoire facile pour Corinne Suter","description":"COUPE DU MONDE DE SKI ALPIN 2021-2022 - Corinne Suter a profit\u00e9 des absences pour s'adjuger la descente de Garmish-Partenkirchen.","robots":{"index":"index","follow":"follow","max-snippet":"max-snippet:-1","max-image-preview":"max-image-preview:large","max-video-preview":"max-video-preview:-1"},"canonical":"https:\/\/dicodusport.fr\/blog\/descente-de-garmisch-partenkirchen-victoire-facile-pour-corinne-suter\/","og_locale":"fr_FR","og_type":"article","og_title":"Descente de Garmisch-Partenkirchen : Victoire facile pour Corinne Suter","og_description":"COUPE DU MONDE DE SKI ALPIN 2021-2022 - Corinne Suter a profit\u00e9 des absences pour s'adjuger la descente de Garmish-Partenkirchen.","og_url":"https:\/\/dicodusport.fr\/blog\/descente-de-garmisch-partenkirchen-victoire-facile-pour-corinne-suter\/","og_site_name":"Dicodusport","article_publisher":"https:\/\/www.facebook.com\/dicodusport","article_author":"https:\/\/www.facebook.com\/sebastien.gente\/","article_published_time":"2022-01-29T11:51:36+00:00","article_modified_time":"2023-01-20T14:54:10+00:00","og_image":[{"width":800,"height":445,"url":"https:\/\/dicodusport.fr\/blog\/wp-content\/uploads\/2022\/01\/Descente-de-Garmisch-Partenkirchen-Victoire-facile-pour-Corinne-Suter.png","type":"image\/png"}],"author":"S\u00e9bastien Gente","twitter_card":"summary_large_image","twitter_title":"Descente de Garmisch-Partenkirchen : Victoire facile pour Corinne Suter","twitter_creator":"@https:\/\/twitter.com\/globulo24","twitter_site":"@dicodusport","schema":{"@context":"https:\/\/schema.org","@graph":[{"@type":"NewsArticle","@id":"https:\/\/dicodusport.fr\/blog\/descente-de-garmisch-partenkirchen-victoire-facile-pour-corinne-suter\/#article","isPartOf":{"@id":"https:\/\/dicodusport.fr\/blog\/descente-de-garmisch-partenkirchen-victoire-facile-pour-corinne-suter\/"},"author":{"name":"S\u00e9bastien Gente","@id":"https:\/\/dicodusport.fr\/blog\/#\/schema\/person\/627966a6cde45dbd8c5e36ac85d783da"},"headline":"Descente de Garmisch-Partenkirchen : Victoire facile pour Corinne Suter","datePublished":"2022-01-29T11:51:36+00:00","dateModified":"2023-01-20T14:54:10+00:00","mainEntityOfPage":{"@id":"https:\/\/dicodusport.fr\/blog\/descente-de-garmisch-partenkirchen-victoire-facile-pour-corinne-suter\/"},"wordCount":543,"commentCount":0,"publisher":{"@id":"https:\/\/dicodusport.fr\/blog\/#organization"},"image":{"@id":"https:\/\/dicodusport.fr\/blog\/descente-de-garmisch-partenkirchen-victoire-facile-pour-corinne-suter\/#primaryimage"},"thumbnailUrl":"https:\/\/dicodusport.fr\/blog\/wp-content\/uploads\/2022\/01\/Descente-de-Garmisch-Partenkirchen-Victoire-facile-pour-Corinne-Suter.png","keywords":["Ski alpin"],"articleSection":["Coupe du monde de ski alpin"],"inLanguage":"fr-FR","potentialAction":[{"@type":"CommentAction","name":"Comment","target":["https:\/\/dicodusport.fr\/blog\/descente-de-garmisch-partenkirchen-victoire-facile-pour-corinne-suter\/#respond"]}],"copyrightYear":"2022","copyrightHolder":{"@id":"https:\/\/dicodusport.fr\/blog\/#organization"}},{"@type":"WebPage","@id":"https:\/\/dicodusport.fr\/blog\/descente-de-garmisch-partenkirchen-victoire-facile-pour-corinne-suter\/","url":"https:\/\/dicodusport.fr\/blog\/descente-de-garmisch-partenkirchen-victoire-facile-pour-corinne-suter\/","name":"Descente de Garmisch-Partenkirchen : Victoire facile pour Corinne Suter","isPartOf":{"@id":"https:\/\/dicodusport.fr\/blog\/#website"},"primaryImageOfPage":{"@id":"https:\/\/dicodusport.fr\/blog\/descente-de-garmisch-partenkirchen-victoire-facile-pour-corinne-suter\/#primaryimage"},"image":{"@id":"https:\/\/dicodusport.fr\/blog\/descente-de-garmisch-partenkirchen-victoire-facile-pour-corinne-suter\/#primaryimage"},"thumbnailUrl":"https:\/\/dicodusport.fr\/blog\/wp-content\/uploads\/2022\/01\/Descente-de-Garmisch-Partenkirchen-Victoire-facile-pour-Corinne-Suter.png","datePublished":"2022-01-29T11:51:36+00:00","dateModified":"2023-01-20T14:54:10+00:00","description":"COUPE DU MONDE DE SKI ALPIN 2021-2022 - Corinne Suter a profit\u00e9 des absences pour s'adjuger la descente de Garmish-Partenkirchen.","breadcrumb":{"@id":"https:\/\/dicodusport.fr\/blog\/descente-de-garmisch-partenkirchen-victoire-facile-pour-corinne-suter\/#breadcrumb"},"inLanguage":"fr-FR","potentialAction":[{"@type":"ReadAction","target":["https:\/\/dicodusport.fr\/blog\/descente-de-garmisch-partenkirchen-victoire-facile-pour-corinne-suter\/"]}]},{"@type":"ImageObject","inLanguage":"fr-FR","@id":"https:\/\/dicodusport.fr\/blog\/descente-de-garmisch-partenkirchen-victoire-facile-pour-corinne-suter\/#primaryimage","url":"https:\/\/dicodusport.fr\/blog\/wp-content\/uploads\/2022\/01\/Descente-de-Garmisch-Partenkirchen-Victoire-facile-pour-Corinne-Suter.png","contentUrl":"https:\/\/dicodusport.fr\/blog\/wp-content\/uploads\/2022\/01\/Descente-de-Garmisch-Partenkirchen-Victoire-facile-pour-Corinne-Suter.png","width":800,"height":445,"caption":"Descente de Garmisch-Partenkirchen Victoire facile pour Corinne Suter"},{"@type":"BreadcrumbList","@id":"https:\/\/dicodusport.fr\/blog\/descente-de-garmisch-partenkirchen-victoire-facile-pour-corinne-suter\/#breadcrumb","itemListElement":[{"@type":"ListItem","position":1,"name":"Accueil","item":"https:\/\/dicodusport.fr\/blog\/"},{"@type":"ListItem","position":2,"name":"Descente de Garmisch-Partenkirchen : Victoire facile pour Corinne Suter"}]},{"@type":"WebSite","@id":"https:\/\/dicodusport.fr\/blog\/#website","url":"https:\/\/dicodusport.fr\/blog\/","name":"Dicodusport","description":"L&#039;encyclop\u00e9die de l&#039;actualit\u00e9 sportive","publisher":{"@id":"https:\/\/dicodusport.fr\/blog\/#organization"},"potentialAction":[{"@type":"SearchAction","target":{"@type":"EntryPoint","urlTemplate":"https:\/\/dicodusport.fr\/blog\/?s={search_term_string}"},"query-input":{"@type":"PropertyValueSpecification","valueRequired":true,"valueName":"search_term_string"}}],"inLanguage":"fr-FR"},{"@type":"NewsMediaOrganization","@id":"https:\/\/dicodusport.fr\/blog\/#organization","name":"Dicodusport","url":"https:\/\/dicodusport.fr\/blog\/","logo":{"@type":"ImageObject","inLanguage":"fr-FR","@id":"https:\/\/dicodusport.fr\/blog\/#\/schema\/logo\/image\/","url":"https:\/\/dicodusport.fr\/blog\/wp-content\/uploads\/2020\/06\/cropped-LOGO-DICODUSPORT-2020-SANS-FOND-SANS-TEXTE.png","contentUrl":"https:\/\/dicodusport.fr\/blog\/wp-content\/uploads\/2020\/06\/cropped-LOGO-DICODUSPORT-2020-SANS-FOND-SANS-TEXTE.png","width":512,"height":512,"caption":"Dicodusport"},"image":{"@id":"https:\/\/dicodusport.fr\/blog\/#\/schema\/logo\/image\/"},"sameAs":["https:\/\/www.facebook.com\/dicodusport","https:\/\/x.com\/dicodusport","https:\/\/www.instagram.com\/dicodusport\/","https:\/\/www.youtube.com\/channel\/UC7V2KZ5sd3htJivAbA4ZG3w"],"description":"Dicodusport est l'encyclop\u00e9die de l'actualit\u00e9 sportive.","email":"bonjour@dicodusport.fr","legalName":"DICODUSPORT","foundingDate":"2018-01-14","vatID":"FR71834470973","taxID":"83447097300043","numberOfEmployees":{"@type":"QuantitativeValue","minValue":"1","maxValue":"10"}},{"@type":"Person","@id":"https:\/\/dicodusport.fr\/blog\/#\/schema\/person\/627966a6cde45dbd8c5e36ac85d783da","name":"S\u00e9bastien Gente","image":{"@type":"ImageObject","inLanguage":"fr-FR","@id":"https:\/\/dicodusport.fr\/blog\/#\/schema\/person\/image\/","url":"https:\/\/dicodusport.fr\/blog\/wp-content\/uploads\/2021\/09\/1510990_10205810251400683_4124423575079401707_n-150x150.jpg","contentUrl":"https:\/\/dicodusport.fr\/blog\/wp-content\/uploads\/2021\/09\/1510990_10205810251400683_4124423575079401707_n-150x150.jpg","caption":"S\u00e9bastien Gente"},"description":"John Stockton, Gianni Bugno, Zinedine Zidane, Steffi Graf, Frode Andresen, St\u00e9phane Stoecklin, Davis Kamoga, Primoz Peterka, Werner Schlager et Aur\u00e9lien Rougerie. Point commun entre ces sportifs? Ils m'ont fait r\u00eaver et ont berc\u00e9 mon adolescence. Je suis un fondu de sports et j'essaie de retranscrire ma passion \u00e0 travers mes articles. Originaire du P\u00e9rigord, ma passion pour les Girondins, les Jaunards et les Jazzmen transpire dans mes \u00e9crits. \u00c0 Dicodusport depuis 2021, je d\u00e9niche les sports m\u00e9connus dans lesquels la France brille, et il y en a !","sameAs":["https:\/\/www.facebook.com\/sebastien.gente\/","https:\/\/www.instagram.com\/sebgente\/","https:\/\/www.linkedin.com\/in\/sbastien-gente-a29583169\/","https:\/\/x.com\/https:\/\/twitter.com\/globulo24","SebastienGente"],"worksFor":"S\u00e9bastien GENTE","url":"https:\/\/dicodusport.fr\/blog\/author\/sebastiengente\/"}]}},"_links":{"self":[{"href":"https:\/\/dicodusport.fr\/blog\/wp-json\/wp\/v2\/posts\/195256","targetHints":{"allow":["GET"]}}],"collection":[{"href":"https:\/\/dicodusport.fr\/blog\/wp-json\/wp\/v2\/posts"}],"about":[{"href":"https:\/\/dicodusport.fr\/blog\/wp-json\/wp\/v2\/types\/post"}],"author":[{"embeddable":true,"href":"https:\/\/dicodusport.fr\/blog\/wp-json\/wp\/v2\/users\/59"}],"replies":[{"embeddable":true,"href":"https:\/\/dicodusport.fr\/blog\/wp-json\/wp\/v2\/comments?post=195256"}],"version-history":[{"count":0,"href":"https:\/\/dicodusport.fr\/blog\/wp-json\/wp\/v2\/posts\/195256\/revisions"}],"wp:featuredmedia":[{"embeddable":true,"href":"https:\/\/dicodusport.fr\/blog\/wp-json\/wp\/v2\/media\/195296"}],"wp:attachment":[{"href":"https:\/\/dicodusport.fr\/blog\/wp-json\/wp\/v2\/media?parent=195256"}],"wp:term":[{"taxonomy":"category","embeddable":true,"href":"https:\/\/dicodusport.fr\/blog\/wp-json\/wp\/v2\/categories?post=195256"},{"taxonomy":"post_tag","embeddable":true,"href":"https:\/\/dicodusport.fr\/blog\/wp-json\/wp\/v2\/tags?post=195256"}],"curies":[{"name":"wp","href":"https:\/\/api.w.org\/{rel}","templated":true}]}}