{"id":195537,"date":"2022-02-04T11:31:49","date_gmt":"2022-02-04T10:31:49","guid":{"rendered":"https:\/\/dicodusport.fr\/blog\/?p=195537&#038;preview=true&#038;preview_id=195537"},"modified":"2022-02-04T11:36:23","modified_gmt":"2022-02-04T10:36:23","slug":"agathe-bessard-skeleton-de-la-deception-et-de-la-frustration-a-la-fois","status":"publish","type":"post","link":"https:\/\/dicodusport.fr\/blog\/agathe-bessard-skeleton-de-la-deception-et-de-la-frustration-a-la-fois\/","title":{"rendered":"Agathe Bessard &#8211; Skeleton : \u00ab De la d\u00e9ception et de la frustration \u00e0 la fois \u00bb"},"content":{"rendered":"<p style=\"text-align: justify;\"><em><b>SKELETON (F) &#8211; C\u2019est quelques jours apr\u00e8s avoir appris par la F\u00e9d\u00e9ration Fran\u00e7aise des Sports de Glace qu\u2019elle n\u2019\u00e9tait pas retenue pour les Jeux Olympiques de P\u00e9kin, que nous nous sommes entretenus avec Agathe Bessard, seule skeletoneuse fran\u00e7aise au niveau mondial. Sa d\u00e9ception, sa saison, sa carri\u00e8re, <a href=\"https:\/\/dicodusport.fr\/blog\/skeleton-agathe-bessard-championne-europe-juniors\/\">son titre europ\u00e9en en juniors<\/a> ou encore le financement participatif de sa saison, elle revient sur ces derni\u00e8res semaines contrast\u00e9es.<\/b><\/em><\/p>\n<h3 style=\"text-align: justify;\" align=\"justify\"><span style=\"font-size: 16px;\"><b>Malgr\u00e9 le quota obtenu aupr\u00e8s de la F\u00e9d\u00e9ration Internationale (IBSF) pour aller aux Jeux Olympique de P\u00e9kin, la F\u00e9d\u00e9ration Fran\u00e7aise des Sports de Glace (FFSG), de qui tu d\u00e9pends, n\u2019a pas souhait\u00e9 te retenir pour y aller. <\/b><span lang=\"fr-CA\"><b>Une semaine apr\u00e8s, quel est <\/b><\/span><span lang=\"fr-CA\"><b>ton<\/b><\/span><span lang=\"fr-CA\"><b> ressenti\u2009?<\/b><\/span><\/span><\/h3>\n<p lang=\"fr-CA\" style=\"text-align: justify;\" align=\"justify\"><span style=\"font-size: 16px;\">C\u2019est de la d\u00e9ception et de la frustration \u00e0 la fois. Apr\u00e8s, je m\u2019y attendais, je connaissais les crit\u00e8res de s\u00e9lection de la FFSG, je savais que je n\u2019avais pas les minimas fran\u00e7ais, mais j\u2019esp\u00e9rais que les derniers r\u00e9sultats en Coupe d\u2019Europe penchent en ma faveur, ce qui n\u2019a pas \u00e9t\u00e9 le cas malheureusement. <\/span><\/p>\n<h3 lang=\"fr-CA\" style=\"text-align: justify;\" align=\"justify\"><span style=\"font-size: 16px;\"><b>En veux-tu un peu <\/b><b>\u00e0<\/b><b> la F\u00e9d\u00e9<\/b><b>ration<\/b><b> d\u2019<\/b><b>a<\/b><b>voir mis d<\/b><b>e<\/b><b>s minimas aussi hauts, en sachant que le skeleton en France n\u2019exista<\/b><b>i<\/b><b>t pas tellement avant tes performances\u2009?<\/b><\/span><\/h3>\n<p lang=\"fr-CA\" style=\"text-align: justify;\" align=\"justify\"><span style=\"font-size: 16px;\">Leur en vouloir, c\u2019est compliqu\u00e9. Les minimas, je les connaissais depuis le d\u00e9but de la saison. Je savais d\u00e8s le d\u00e9but qu\u2019il fallait que je fasse une tr\u00e8s grosse saison. Apr\u00e8s, ils ne prennent en compte que les r\u00e9sultats de Coupe du monde. Mes derniers r\u00e9sultats en Coupe d\u2019Europe et Coupe Intercontinentale n\u2019ont servi \u00e0 rien. <\/span><\/p>\n<h3 lang=\"fr-CA\" style=\"text-align: justify;\" align=\"justify\"><span style=\"font-size: 16px;\"><b>Quel est le ressenti de ta coach sur ta non-s\u00e9lection\u2009?<\/b><\/span><\/h3>\n<p lang=\"fr-CA\" style=\"text-align: justify;\" align=\"justify\"><span style=\"font-size: 16px;\">Pour elle aussi, il y a eu beaucoup d\u2019incompr\u00e9hension. Le plus dur \u00e0 comprendre pour les personnes de l\u2019\u00e9tranger, c\u2019est que malheureusement, je n\u2019avais pas de soutien financier de la F\u00e9d\u00e9ration et qu\u2019\u00e0 la fin, ils ont quand m\u00eame le pouvoir de d\u00e9cider de ma qualification ou pas. <\/span><\/p>\n<h3 lang=\"fr-CA\" style=\"text-align: justify;\" align=\"justify\"><span style=\"font-size: 16px;\"><b>Est-ce que tu vas quand m\u00eame suivre les JO, m\u00eame si tu ne seras pas sur place\u2009?<\/b><\/span><\/h3>\n<p style=\"text-align: justify;\" align=\"justify\"><span style=\"font-size: 16px;\"><span lang=\"fr-CA\">Oui, je vais les suivre. J&rsquo;attends les premi\u00e8res courses avec impatience et je vais suivre de pr\u00e8s toutes les comp\u00e9titions.<\/span><\/span><\/p>\n<h3 style=\"text-align: justify;\" align=\"justify\"><span style=\"font-size: 16px;\"><b>Revenons un peu sur ta saison qui t\u2019avait tout de m\u00eame permis de d\u00e9crocher un quota.<\/b><b> Comment s\u2019est-elle d\u00e9roul\u00e9e\u00a0?<\/b><\/span><\/h3>\n<p lang=\"fr-CA\" style=\"text-align: justify;\" align=\"justify\"><span style=\"font-size: 16px;\">On s\u2019en est beaucoup servi pour apprendre, notamment tout ce qui est mat\u00e9riel. Je n\u2019ai pas eu les r\u00e9sultats que j\u2019esp\u00e9rais, mais cela m\u2019a servi \u00e0 apprendre \u00e9norm\u00e9ment. <\/span><\/p>\n<h3 lang=\"fr-CA\" style=\"text-align: justify;\" align=\"justify\"><span style=\"font-size: 16px;\"><b>Justement, e<\/b><b>st-ce que t<\/b><b>u <\/b><b>as senti que tu avais progress\u00e9 un peu au fil de la saison en termes de trajectoire, d\u2019appr\u00e9hension <\/b><b>et de compr\u00e9hension <\/b><b>des pistes\u2009?<\/b><\/span><\/h3>\n<p style=\"text-align: justify;\" align=\"justify\"><span style=\"font-size: 16px;\"><span lang=\"fr-CA\">Nous ne revenons pas sur les m\u00eames pistes sauf \u00e0 Alterberg, car j\u2019ai saut\u00e9 une Coupe du monde pour aller courir d\u2019autres courses. Et l\u00e0, on a vu de vrais progr\u00e8s par rapport \u00e0 ce que j\u2019avais fait en Coupe du monde, donc on \u00e9tait vraiment contents. Et cela montre qu\u2019on est sur la bonne voie. <\/span><\/span><\/p>\n<h3 lang=\"fr-CA\" style=\"text-align: justify;\" align=\"justify\"><span style=\"font-size: 16px;\"><b>On a vu que tu avais fait de bons r\u00e9sultats dans le parcours europ\u00e9en en juniors.<\/b><\/span><\/h3>\n<p style=\"text-align: justify;\" align=\"justify\"><span style=\"font-size: 16px;\"><span lang=\"fr-CA\">C\u2019est un tout petit plus compliqu\u00e9. Il faut savoir qu\u2019il n\u2019y a pas de diff\u00e9rence entre junior et seniors sur les courses, sauf quand elles sont class\u00e9es dans un championnat de r\u00e9f\u00e9rence. Pour une \u00e9tape de Coupe d\u2019Europe, nous courrons toutes ensemble et le classement est \u00e9tabli \u00e0 la fin. Nous retirons ensuite les seniors pour faire un classement juniors exclusivement. <\/span><\/span><\/p>\n<h3 lang=\"fr-CA\" style=\"text-align: justify;\" align=\"justify\"><span style=\"font-size: 16px;\"><b>Du coup, \u00e7a doit \u00eatre bien de se dire : \u00ab Je suis la meilleure de ma cat\u00e9gorie \u00bb\u2009?<\/b><\/span><\/h3>\n<p lang=\"fr-CA\" style=\"text-align: justify;\" align=\"justify\"><span style=\"font-size: 16px;\">Oui, surtout que je gagne la Coupe d\u2019Europe.<b> <\/b><\/span><\/p>\n<p><span class=\"cXSnrFMRZdhP1Awg4LumIUviEkq6Os02zDQtH3eoC\"><\/p>\n<blockquote class=\"wp-embedded-content\" data-secret=\"6fFTyF4Ddr\"><p><a href=\"https:\/\/dicodusport.fr\/blog\/skeleton-agathe-bessard-championne-europe-juniors\/\">Skeleton : Agathe Bessard championne d&rsquo;Europe juniors !<\/a><\/p><\/blockquote>\n<p><iframe loading=\"lazy\" class=\"wp-embedded-content\" sandbox=\"allow-scripts\" security=\"restricted\" style=\"position: absolute; clip: rect(1px, 1px, 1px, 1px);\" title=\"\u00ab\u00a0Skeleton : Agathe Bessard championne d&rsquo;Europe juniors !\u00a0\u00bb &#8212; Dicodusport\" src=\"https:\/\/dicodusport.fr\/blog\/skeleton-agathe-bessard-championne-europe-juniors\/embed\/#?secret=6fFTyF4Ddr\" data-secret=\"6fFTyF4Ddr\" width=\"600\" height=\"338\" frameborder=\"0\" marginwidth=\"0\" marginheight=\"0\" scrolling=\"no\"><\/iframe><\/span><\/p>\n<h3 style=\"text-align: justify;\" align=\"justify\"><span style=\"font-size: 16px;\"><span lang=\"fr-CA\"><b>Encore bravo pour ce titre d&rsquo;ailleurs. <\/b><\/span><b>Tu as \u00e9t\u00e9 connu du grand public avec ton op\u00e9ration de financement participatif. Comment as-tu eu cette id\u00e9e ?<\/b><\/span><\/h3>\n<p style=\"text-align: justify;\" align=\"justify\"><span style=\"font-size: 16px;\">Je n\u2019avais pas assez d\u2019argent pour terminer ma saison, malgr\u00e9 l\u2019aide financi\u00e8re du club, cela ne suffisait pas. Il faut payer les d\u00e9placements, l\u2019h\u00f4tel, le mat\u00e9riel, l\u2019entra\u00eeneur et tout cela est \u00e0 ma charge. Il me fallait donc trouver une solution. Avec mes proches, nous avons eu l\u2019id\u00e9e de faire cette cagnotte en ligne et \u00e7a a super bien march\u00e9. Nous \u00e9tions contents de voir \u00e0 quel point les gens pouvaient se prendre au jeu.<\/span><\/p>\n<h3 style=\"text-align: justify;\" align=\"justify\"><span style=\"font-size: 16px;\"><span lang=\"fr-CA\"><b>Justement, c<\/b><\/span><b>omment as-tu v\u00e9cu cette p\u00e9riode <\/b><span lang=\"fr-CA\"><b>entre le moment <\/b><\/span><b>o<\/b><b>\u00f9<\/b><b> tu as lanc\u00e9 la cagnotte, sans forc\u00e9ment savoir ce que \u00e7a allait donner, <\/b><span lang=\"fr-CA\"><b>et lorsqu\u2019il y a une augmentation des dons pour atteindre 12 000 \u20ac\u2009? D\u2019autant plus que tu as gagn\u00e9 une petite notori\u00e9t\u00e9 avec diverses interviews et articles dans la presse\u2009?<\/b><\/span><b> <\/b><\/span><\/h3>\n<p style=\"text-align: justify;\" align=\"justify\"><span style=\"font-size: 16px;\">La cagnotte, <span lang=\"fr-CA\">nous nous sommes<\/span> dit <span lang=\"fr-CA\">qu<\/span><span lang=\"fr-CA\">e nous <\/span>r\u00e9colter<span lang=\"fr-CA\">ions ce qui serait possible.<\/span> M\u00eame si <span lang=\"fr-CA\">nous<\/span> r\u00e9colt<span lang=\"fr-CA\">ions<\/span> 1000 ou 2000\u00a0euros, c\u2019\u00e9tait toujours \u00e7a <span lang=\"fr-CA\">de moins pour mes parents. <\/span><span lang=\"fr-CA\">C\u2019\u00e9tait notre id\u00e9e au d\u00e9part\u00a0: <\/span><em><span lang=\"fr-CA\">\u00ab\u00a0<\/span><span lang=\"fr-CA\">O<\/span><span lang=\"fr-CA\">n prend le plus qu\u2019on peut et on verra o<\/span><span lang=\"fr-FR\">\u00f9<\/span><\/em><span lang=\"fr-CA\"><em> on arrive, on verra jusqu\u2019\u00e0 quel point les gens se prennent au jeu\u00a0\u00bb<\/em>. Et du coup, \u00e7a a bien march\u00e9. <\/span><\/span><\/p>\n<h3 lang=\"fr-CA\" style=\"text-align: justify;\" align=\"justify\"><span style=\"font-size: 16px;\"><b>Et du coup, est-ce qu\u2019\u00e0 la suite de cette notori\u00e9t\u00e9, il y a des sponsors qui sont venus et qui ont propos\u00e9 d\u2019\u00eatre un soutien pour cette saison et les suivantes\u2009?<\/b><\/span><\/h3>\n<p lang=\"fr-CA\" style=\"text-align: justify;\" align=\"justify\"><span style=\"font-size: 16px;\">Pas vraiment. Il y a tout de m\u00eame une entreprise qui a dit\u00a0: <em>\u00ab\u00a0J\u2019ai vu votre cagnotte, je peux me permettre de vous sponsoriser.\u00a0\u00bb<\/em> Cela nous a permis de trouver un sponsor. Je tiens \u00e0 remercier Fr\u00e9d\u00e9ric Chaldu, g\u00e9rant de l&rsquo;entreprise SAE. Mais globalement, on manque de visibilit\u00e9, donc c\u2019est tr\u00e8s compliqu\u00e9 de vendre un projet \u00e0 de tr\u00e8s grandes marques qui recherchent de la visibilit\u00e9. Et on n\u2019en a pas, \u00e0 part le samedi sur la Cha\u00eene L\u2019\u00c9quipe, qui passe une ou deux de nos manches, donc pas assez pour de gros sponsors. <\/span><\/p>\n<h3 style=\"text-align: justify;\" align=\"justify\"><span style=\"font-size: 16px;\"><span lang=\"fr-CA\"><b>Le manque de moyens vient, entre autres, d\u2019un <\/b><\/span><span lang=\"fr-CA\"><b>manque de soutien<\/b><\/span><span lang=\"fr-CA\"><b> financier <\/b><\/span><span lang=\"fr-CA\"><b>de la F\u00e9d\u00e9ration. Est-ce uniquement le skeleton qui b\u00e9n\u00e9ficie de moins de moyens, ou est-ce la m\u00eame chose pour<\/b><\/span><span lang=\"fr-CA\"><b>\u00a0l\u2019ensemble des disciplines\u2009?<\/b><\/span><\/span><\/h3>\n<p lang=\"fr-CA\" style=\"text-align: justify;\" align=\"justify\"><span style=\"font-size: 16px;\">La crise due au COVID n&rsquo;a pas vraiment aid\u00e9 sur l\u2019aspect financier. En effet, une majeure partie de leurs revenus proviennent des galas de patinage. Malheureusement, il n\u2019y en a pas eu \u00e0 cause de la pand\u00e9mie, donc pas de rentr\u00e9es d\u2019argent. Cela a forc\u00e9ment \u00e9t\u00e9 difficile, et nous avons accus\u00e9 le coup. C\u2019\u00e9tait l\u2019ann\u00e9e \u00e0 ne pas rater, quitte \u00e0 ce que les sous sortent de ma poche. Donc nous nous sommes dit : <em>\u00ab On part, on fait ce qu\u2019on peut comme on peut avec ce qu\u2019on a et on verra l\u00e0 o<span lang=\"fr-FR\">\u00f9<\/span> on arrive.\u00a0\u00bb<\/em> Mes parents sont 100 % derri\u00e8re moi, donc je savais que dans tous les cas qu&rsquo;ils combleraient le manque, s\u2019il y avait un manque.<\/span><\/p>\n<h3 lang=\"fr-CA\" style=\"text-align: justify;\" align=\"justify\"><span style=\"font-size: 16px;\"><b>Pour que nous puissions nous en rendre compte, disputer une saison de skeleton, \u00e7a co\u00fbte combien\u2009? <\/b><\/span><\/h3>\n<p lang=\"fr-CA\" style=\"text-align: justify;\" align=\"justify\"><span style=\"font-size: 16px;\">Avec l\u2019entra\u00eeneur, ses d\u00e9placements, les miens, le mat\u00e9riel, le total revient \u00e0 95\u00a0000\u00a0euros. Donc la cagnotte permet de r\u00e9duire une partie des d\u00e9penses.<\/span><\/p>\n<h3 lang=\"fr-CA\" style=\"text-align: justify;\" align=\"justify\"><span style=\"font-size: 16px;\"><b>Certains sportifs sont en contrat avec des entreprises comme la SNCF, ou m\u00eame avec l\u2019arm\u00e9e. Est-ce que c\u2019est quelque chose qui peut s\u2019envisager dans les prochaines ann\u00e9es\u2009? <\/b><\/span><\/h3>\n<p style=\"text-align: justify;\" align=\"justify\"><span style=\"font-size: 16px;\"><span lang=\"fr-CA\">L\u2019arm\u00e9e, c\u2019est tr\u00e8s compliqu\u00e9 pour y rentrer. Si on regarde dans l\u2019arm\u00e9e, il n\u2019y a aucun sportif des sports de glace, car ils cherchent plus des skieurs. <\/span><\/span><\/p>\n<h3 lang=\"fr-CA\" style=\"text-align: justify;\" align=\"justify\"><span style=\"font-size: 16px;\"><b>Tu \u00e9voqu<\/b><b>ai<\/b><b>s<\/b><b> ton entra\u00eeneur. <\/b><b>Comment se passe ta structure d\u2019entra\u00eenement\u2009?<\/b><\/span><\/h3>\n<p style=\"text-align: justify;\" align=\"justify\"><span style=\"font-size: 16px;\"><span lang=\"fr-CA\">J\u2019ai une entra\u00eeneur lettonne, <\/span>Lelde Priedul\u0113na,<span lang=\"fr-CA\"> qui g\u00e8re la partie physique et technique, elle est multifonction. <\/span><span lang=\"fr-CA\">Elle a termin\u00e9 7\u00e8me lors des Jeux Olympiques de PyeongChang en 2018. <\/span><\/span><\/p>\n<h3 lang=\"fr-CA\" style=\"text-align: justify;\" align=\"justify\"><span style=\"font-size: 16px;\"><b>Et comment en \u00eates-vous venues \u00e0 une collaboration\u2009?<\/b><\/span><\/h3>\n<p lang=\"fr-CA\" style=\"text-align: justify;\" align=\"justify\"><span style=\"font-size: 16px;\">Elle \u00e9tait coach \u00e0 la f\u00e9d\u00e9ration internationale pour les courses d\u2019Am\u00e9rique du Nord quand j\u2019y \u00e9tais, il y a 2 ans. Et on s\u2019est rencontr\u00e9 l\u00e0 bas. Je suis sa seule athl\u00e8te. <\/span><\/p>\n<h3 lang=\"fr-CA\" style=\"text-align: justify;\" align=\"justify\"><span style=\"font-size: 16px;\"><b>Tu t\u2019entra\u00eene<\/b><b>s sur la piste de la<\/b><b> Plagne\u2009?<\/b><\/span><\/h3>\n<p lang=\"fr-CA\" style=\"text-align: justify;\" align=\"justify\"><span style=\"font-size: 16px;\">Pas vraiment. L\u2019hiver, globalement, nous ne sommes jamais \u00e0 La Plagne, notamment parce que la piste ouvre tard dans la saison et nous, on est d\u00e9j\u00e0 en comp\u00e9tition quand elle ouvre. Donc je l\u2019utilise pendant la pause de No\u00ebl quand je reviens, ou en fin de saison. Sinon, pour le physique, Lelde est \u00e0 Calgary au Canada et je travaille de mon c\u00f4t\u00e9. Elle est venue en Europe vers la mi-ao\u00fbt et nous nous sommes retrouv\u00e9es chez elle en Lettonie. J\u2019ai ensuite pass\u00e9 le reste de l\u2019\u00e9t\u00e9 en Autriche o<span lang=\"fr-FR\">\u00f9<\/span> je me suis entra\u00een\u00e9 avec leur \u00e9quipe de bobsleigh. Je faisais mes s\u00e9ances pendant qu\u2019ils avaient leurs cr\u00e9neaux de musculation.<\/span><\/p>\n<h3 lang=\"fr-CA\" style=\"text-align: justify;\" align=\"justify\"><span style=\"font-size: 16px;\"><b>Comment en es-tu arriv\u00e9e au skeleton en sachant que cette discipline est m\u00e9connue en France\u2009?<\/b><\/span><\/h3>\n<p style=\"text-align: justify;\" align=\"justify\"><span style=\"font-size: 16px;\"><span lang=\"fr-CA\">Mon p\u00e8re \u00e9tait directeur technique de la piste de bobsleigh \u00e0 La Plagne jusqu\u2019\u00e0 l\u2019an pass\u00e9. J\u2019ai donc pass\u00e9 beaucoup de temps en bord de piste petit<\/span><span lang=\"fr-CA\">e,<\/span><span lang=\"fr-CA\"> et c\u2019est toujours un sport qui m\u2019a \u00e9norm\u00e9ment plu. En regardant les autres s\u2019entra\u00eener, je lui disais toujours qu\u2019un jour, j\u2019en ferais. J\u2019ai attendu d\u2019avoir l\u2019\u00e2ge requis de 14 ans pour commencer et voil\u00e0 o<\/span><span lang=\"fr-FR\">\u00f9 <\/span><span lang=\"fr-CA\">j\u2019en suis aujourd\u2019hui. J\u2019avais essay\u00e9 la luge, mais je n\u2019<\/span><span lang=\"fr-CA\">a<\/span><span lang=\"fr-CA\">i pas accroch\u00e9. <\/span><\/span><\/p>\n<h3 lang=\"fr-CA\" style=\"text-align: justify;\" align=\"justify\"><span style=\"font-size: 16px;\"><b>Qu\u2019est-ce que tu ressens en faisant du skeleton, qu\u2019est-ce que cela te procure par rapport \u00e0 du ski par exemple\u2009?<\/b><\/span><\/h3>\n<p lang=\"fr-CA\" style=\"text-align: justify;\" align=\"justify\"><span style=\"font-size: 16px;\">Cela<b> <\/b>ressemble globalement au ski, car c\u2019est un sport de vitesse. En tout cas, les sensations ou l\u2019adr\u00e9naline, je ne retrouve cela dans aucun autre sport. On dit que c\u2019est un sport dangereux, mais je pense que les descendeurs sont plus fous que moi. <\/span><\/p>\n<h3 lang=\"fr-CA\" style=\"text-align: justify;\" align=\"justify\"><span style=\"font-size: 16px;\"><b>Tu es sportive \u00e0 temps plein, ou fais-tu des \u00e9tudes en parall\u00e8le\u2009?<\/b><\/span><\/h3>\n<p lang=\"fr-CA\" style=\"text-align: justify;\" align=\"justify\"><span style=\"font-size: 16px;\">Je suis \u00e0 la facult\u00e9 \u00e0 Grenoble. J\u2019ai une classe sp\u00e9ciale qui s\u2019appelle INTER\u2019VAL et je ne suis qu\u2019avec des sportifs de haut niveau. Nous avons des cours en pr\u00e9sentiel apr\u00e8s notre saison, donc d\u2019avril \u00e0 juin. Et le reste de l\u2019ann\u00e9e, il y a des cours \u00e0 distance. Nous essayons de les suivre au mieux, mais bon, c\u2019est comme on peut, quand on arrive \u00e0 le faire, quand on a envie de le faire, c\u2019est vraiment libre. <\/span><\/p>\n<p lang=\"fr-CA\" style=\"text-align: justify;\" align=\"justify\"><span style=\"font-size: 16px;\">Je suis en STAPS, dans la branche activit\u00e9 physique adapt\u00e9e. J\u2019ai commenc\u00e9 ma L3 l\u2019ann\u00e9e derni\u00e8re. Ce syst\u00e8me de classe nous permet de d\u00e9doubler l\u2019ann\u00e9e et donc de faire le cursus en 6 ans au lieu de 3. <\/span><\/p>\n<h3 lang=\"fr-CA\" style=\"text-align: justify;\" align=\"justify\"><span style=\"font-size: 16px;\"><b>Pendant combien de temps envisages-tu de faire du skeleton\u2009?<\/b><b> Jusqu&rsquo;\u00e0 te qualifier pour les JO 2026 \u00e0 Cortina par exemple\u2009?<\/b><\/span><\/h3>\n<p lang=\"fr-CA\" style=\"text-align: justify;\" align=\"justify\"><span style=\"font-size: 16px;\">Si je m\u2019\u00e9coute, je me vois largement \u00e0 Cortina en 2026, car j\u2019ai encore faim. Apr\u00e8s, ce que j\u2019ai fait cette saison d\u2019un point de vue financier, je ne pourrais pas le faire ind\u00e9finiment, car il y a un moment o<span lang=\"fr-FR\">\u00f9<\/span> cela ne sera plus possible. <\/span><\/p>\n<h3 lang=\"fr-CA\" style=\"text-align: justify;\" align=\"justify\"><span style=\"font-size: 16px;\"><b>Tes objectifs de carri\u00e8re sur du long terme, \u00e7a serait quoi\u2009?<\/b><\/span><\/h3>\n<p lang=\"fr-CA\" style=\"text-align: justify;\" align=\"justify\"><span style=\"font-size: 16px;\">Clairement, c\u2019est de performer aux Jeux de 2026.<\/span><\/p>\n<h3 lang=\"fr-CA\" style=\"text-align: justify;\" align=\"justify\"><span style=\"font-size: 16px;\"><b>Performer, \u00e7a veut dire accrocher une m\u00e9daille\u2009?<\/b><\/span><\/h3>\n<p lang=\"fr-CA\" style=\"text-align: justify;\" align=\"justify\"><span style=\"font-size: 16px;\">Oui.<\/span><\/p>\n<h3 lang=\"fr-CA\" style=\"text-align: justify;\" align=\"justify\"><span style=\"font-size: 16px;\"><b>Est-ce que tu sais ce qu&rsquo;il te manque, hormis l\u2019exp\u00e9rience, pour aller plus haut\u2009?<\/b><\/span><\/h3>\n<p lang=\"fr-CA\" style=\"text-align: justify;\" align=\"justify\"><span style=\"font-size: 16px;\">Un gros staff. Quand on voit les grosses nations, il y a 3 athl\u00e8tes et 6 staffs autour d\u2019eux. <\/span><\/p>\n<h3 lang=\"fr-CA\" style=\"text-align: justify;\" align=\"justify\"><span style=\"font-size: 16px;\"><b>Et aussi du meilleur mat\u00e9riel, car on sait que \u00e7a joue beaucoup sur les courses.<\/b><\/span><\/h3>\n<p lang=\"fr-CA\" style=\"text-align: justify;\" align=\"justify\"><span style=\"font-size: 16px;\">Oui, le mat\u00e9riel joue. Mais on rivalisera jamais avec les Allemandes ou les Anglaises par exemple. Elles ont leur propre mat\u00e9riel qu\u2019elles ne vendent \u00e0 personne. Elles ont cet avantage l\u00e0 d\u2019avoir leur propre mat\u00e9riel et de s\u2019en servir, et que personne d\u2019autre ne peut avoir. Elles ont m\u00eame leur m\u00e9cano sur le circuit avec eux. Nous n\u2019en sommes pas l\u00e0. Et je ne pense pas que nous y serons dans 4 ans non plus. Si dans 4 ans, nous arrivons \u00e0 avoir une \u00e9quipe d\u2019entra\u00eeneurs avec des kin\u00e9s et un staff \u00e9toff\u00e9, je pense que cela sera tr\u00e8s positif. Apr\u00e8s, les bobeurs fran\u00e7ais ont leur kin\u00e9. Comme nos \u00e9tapes de Coupe du monde se d\u00e9roulent en m\u00eame temps, je pouvais profiter des soins et c\u2019\u00e9tait top.<\/span><\/p>\n<h3 lang=\"fr-CA\" style=\"text-align: justify;\" align=\"justify\"><span style=\"font-size: 16px;\"><b>Pour terminer, est-ce que<\/b><b> cette non-qualification peut changer tes objectifs pour l\u2019<\/b><b>a<\/b><b>venir, notamment la prochaine saison\u2009?<\/b><\/span><\/h3>\n<p lang=\"fr-CA\" style=\"text-align: justify;\" align=\"justify\"><span style=\"font-size: 16px;\">Pas vraiment. C\u2019est plus de voir ce que la F\u00e9d\u00e9ration va mettre en place. Est-ce qu\u2019elle va avoir envie de d\u00e9velopper le skeleton, \u00eatre capable de me proposer un vrai projet sur les prochaines ann\u00e9es, etc. Nous allons en discuter dans les prochains mois.<\/span><\/p>\n<h3 style=\"text-align: justify;\" align=\"justify\"><span style=\"font-size: 16px;\"><b><span lang=\"fr-CA\">Si tu vois qu\u2019il n\u2019y a pas plus de moyen<\/span><span lang=\"fr-CA\">s<\/span><span lang=\"fr-CA\"> ou de volont\u00e9 de te suivre, as-tu d\u00e9j\u00e0 une id\u00e9e de ce que tu pourrais\u2009? J\u2019ai lu que tu pourrais penser \u00e0 changer de pays\u2009?<\/span><\/b><\/span><\/h3>\n<p lang=\"fr-CA\" style=\"text-align: justify;\" align=\"justify\"><span style=\"font-size: 16px;\">C\u2019est dans un coin de ma t\u00eate, mais cela engendre beaucoup de cons\u00e9quences, donc ce n\u2019est pas \u00e9vident. Et ce n\u2019est pas une d\u00e9cision qu\u2019on prend \u00e0 chaud, et cela demande beaucoup de r\u00e9flexion.<\/span><\/p>\n<p>&nbsp;<\/p>\n","protected":false},"excerpt":{"rendered":"<p>SKELETON (F) &#8211; C\u2019est quelques jours apr\u00e8s avoir appris par la F\u00e9d\u00e9ration Fran\u00e7aise des Sports de Glace qu\u2019elle n\u2019\u00e9tait pas retenue pour les Jeux Olympiques de P\u00e9kin; que nous nous sommes entretenus avec Agathe Bessard, seule skeletoneuse fran\u00e7aise au niveau mondial. Sa d\u00e9ception, sa saison, sa carri\u00e8re, son titre europ\u00e9en en juniors ou encore le financement participatif de sa saison, elle revient sur ces derni\u00e8res semaines contrast\u00e9es.<\/p>\n","protected":false},"author":10,"featured_media":196949,"comment_status":"open","ping_status":"closed","sticky":false,"template":"","format":"standard","meta":{"_acf_changed":false,"_daextam_enable_autolinks":"","footnotes":""},"categories":[2313],"tags":[3894,3393,24],"class_list":["post-195537","post","type-post","status-publish","format-standard","has-post-thumbnail","hentry","category-sports-dhiver","tag-ffsg","tag-skeleton","tag-sport"],"acf":[],"yoast_head":"<!-- This site is optimized with the Yoast SEO Premium plugin v26.7 (Yoast SEO v26.7) - https:\/\/yoast.com\/wordpress\/plugins\/seo\/ -->\n<title>Agathe Bessard - Skeleton : \u00ab De la d\u00e9ception et de la frustration \u00e0 la fois \u00bb<\/title>\n<meta name=\"description\" content=\"Entretien avec Agathe Bessard, seule skeletoneuse fran\u00e7aise au niveau mondial. Elle revient sur la d\u00e9ception li\u00e9e aux JO de P\u00e9kin.\" \/>\n<meta name=\"robots\" content=\"index, follow, max-snippet:-1, max-image-preview:large, max-video-preview:-1\" \/>\n<link rel=\"canonical\" href=\"https:\/\/dicodusport.fr\/blog\/agathe-bessard-skeleton-de-la-deception-et-de-la-frustration-a-la-fois\/\" \/>\n<meta property=\"og:locale\" content=\"fr_FR\" \/>\n<meta property=\"og:type\" content=\"article\" \/>\n<meta property=\"og:title\" content=\"Agathe Bessard - Skeleton : \u00ab De la d\u00e9ception et de la frustration \u00e0 la fois \u00bb\" \/>\n<meta property=\"og:description\" content=\"Entretien avec Agathe Bessard, seule skeletoneuse fran\u00e7aise au niveau mondial. Elle revient sur la d\u00e9ception li\u00e9e aux JO de P\u00e9kin.\" \/>\n<meta property=\"og:url\" content=\"https:\/\/dicodusport.fr\/blog\/agathe-bessard-skeleton-de-la-deception-et-de-la-frustration-a-la-fois\/\" \/>\n<meta property=\"og:site_name\" content=\"Dicodusport\" \/>\n<meta property=\"article:publisher\" content=\"https:\/\/www.facebook.com\/dicodusport\" \/>\n<meta property=\"article:published_time\" content=\"2022-02-04T10:31:49+00:00\" \/>\n<meta property=\"article:modified_time\" content=\"2022-02-04T10:36:23+00:00\" \/>\n<meta property=\"og:image\" content=\"https:\/\/dicodusport.fr\/blog\/wp-content\/uploads\/2022\/01\/Agathe-Bessard-Skeleton-De-la-deception-et-de-la-frustration-a-la-fois-.png\" \/>\n\t<meta property=\"og:image:width\" content=\"800\" \/>\n\t<meta property=\"og:image:height\" content=\"445\" \/>\n\t<meta property=\"og:image:type\" content=\"image\/png\" \/>\n<meta name=\"author\" content=\"Damien Meunier\" \/>\n<meta name=\"twitter:card\" content=\"summary_large_image\" \/>\n<meta name=\"twitter:title\" content=\"Agathe Bessard - Skeleton : \u00ab De la d\u00e9ception et de la frustration \u00e0 la fois \u00bb\" \/>\n<meta name=\"twitter:creator\" content=\"@https:\/\/x.com\/DamienMeunier69\" \/>\n<meta name=\"twitter:site\" content=\"@dicodusport\" \/>\n<script type=\"application\/ld+json\" class=\"yoast-schema-graph\">{\"@context\":\"https:\/\/schema.org\",\"@graph\":[{\"@type\":\"NewsArticle\",\"@id\":\"https:\/\/dicodusport.fr\/blog\/agathe-bessard-skeleton-de-la-deception-et-de-la-frustration-a-la-fois\/#article\",\"isPartOf\":{\"@id\":\"https:\/\/dicodusport.fr\/blog\/agathe-bessard-skeleton-de-la-deception-et-de-la-frustration-a-la-fois\/\"},\"author\":{\"name\":\"Damien Meunier\",\"@id\":\"https:\/\/dicodusport.fr\/blog\/#\/schema\/person\/7ce262eb34bbc1847cff5f60345d4735\"},\"headline\":\"Agathe Bessard &#8211; Skeleton : \u00ab De la d\u00e9ception et de la frustration \u00e0 la fois \u00bb\",\"datePublished\":\"2022-02-04T10:31:49+00:00\",\"dateModified\":\"2022-02-04T10:36:23+00:00\",\"mainEntityOfPage\":{\"@id\":\"https:\/\/dicodusport.fr\/blog\/agathe-bessard-skeleton-de-la-deception-et-de-la-frustration-a-la-fois\/\"},\"wordCount\":2338,\"commentCount\":0,\"publisher\":{\"@id\":\"https:\/\/dicodusport.fr\/blog\/#organization\"},\"image\":{\"@id\":\"https:\/\/dicodusport.fr\/blog\/agathe-bessard-skeleton-de-la-deception-et-de-la-frustration-a-la-fois\/#primaryimage\"},\"thumbnailUrl\":\"https:\/\/dicodusport.fr\/blog\/wp-content\/uploads\/2022\/01\/Agathe-Bessard-Skeleton-De-la-deception-et-de-la-frustration-a-la-fois-.png\",\"keywords\":[\"FFSG\",\"Skeleton\",\"sport\"],\"articleSection\":[\"Sports d'hiver\"],\"inLanguage\":\"fr-FR\",\"potentialAction\":[{\"@type\":\"CommentAction\",\"name\":\"Comment\",\"target\":[\"https:\/\/dicodusport.fr\/blog\/agathe-bessard-skeleton-de-la-deception-et-de-la-frustration-a-la-fois\/#respond\"]}],\"copyrightYear\":\"2022\",\"copyrightHolder\":{\"@id\":\"https:\/\/dicodusport.fr\/blog\/#organization\"}},{\"@type\":\"WebPage\",\"@id\":\"https:\/\/dicodusport.fr\/blog\/agathe-bessard-skeleton-de-la-deception-et-de-la-frustration-a-la-fois\/\",\"url\":\"https:\/\/dicodusport.fr\/blog\/agathe-bessard-skeleton-de-la-deception-et-de-la-frustration-a-la-fois\/\",\"name\":\"Agathe Bessard - Skeleton : \u00ab De la d\u00e9ception et de la frustration \u00e0 la fois \u00bb\",\"isPartOf\":{\"@id\":\"https:\/\/dicodusport.fr\/blog\/#website\"},\"primaryImageOfPage\":{\"@id\":\"https:\/\/dicodusport.fr\/blog\/agathe-bessard-skeleton-de-la-deception-et-de-la-frustration-a-la-fois\/#primaryimage\"},\"image\":{\"@id\":\"https:\/\/dicodusport.fr\/blog\/agathe-bessard-skeleton-de-la-deception-et-de-la-frustration-a-la-fois\/#primaryimage\"},\"thumbnailUrl\":\"https:\/\/dicodusport.fr\/blog\/wp-content\/uploads\/2022\/01\/Agathe-Bessard-Skeleton-De-la-deception-et-de-la-frustration-a-la-fois-.png\",\"datePublished\":\"2022-02-04T10:31:49+00:00\",\"dateModified\":\"2022-02-04T10:36:23+00:00\",\"description\":\"Entretien avec Agathe Bessard, seule skeletoneuse fran\u00e7aise au niveau mondial. Elle revient sur la d\u00e9ception li\u00e9e aux JO de P\u00e9kin.\",\"breadcrumb\":{\"@id\":\"https:\/\/dicodusport.fr\/blog\/agathe-bessard-skeleton-de-la-deception-et-de-la-frustration-a-la-fois\/#breadcrumb\"},\"inLanguage\":\"fr-FR\",\"potentialAction\":[{\"@type\":\"ReadAction\",\"target\":[\"https:\/\/dicodusport.fr\/blog\/agathe-bessard-skeleton-de-la-deception-et-de-la-frustration-a-la-fois\/\"]}]},{\"@type\":\"ImageObject\",\"inLanguage\":\"fr-FR\",\"@id\":\"https:\/\/dicodusport.fr\/blog\/agathe-bessard-skeleton-de-la-deception-et-de-la-frustration-a-la-fois\/#primaryimage\",\"url\":\"https:\/\/dicodusport.fr\/blog\/wp-content\/uploads\/2022\/01\/Agathe-Bessard-Skeleton-De-la-deception-et-de-la-frustration-a-la-fois-.png\",\"contentUrl\":\"https:\/\/dicodusport.fr\/blog\/wp-content\/uploads\/2022\/01\/Agathe-Bessard-Skeleton-De-la-deception-et-de-la-frustration-a-la-fois-.png\",\"width\":800,\"height\":445,\"caption\":\"Agathe Bessard - Skeleton \u00ab De la d\u00e9ception et de la frustration \u00e0 la fois \u00bb\"},{\"@type\":\"BreadcrumbList\",\"@id\":\"https:\/\/dicodusport.fr\/blog\/agathe-bessard-skeleton-de-la-deception-et-de-la-frustration-a-la-fois\/#breadcrumb\",\"itemListElement\":[{\"@type\":\"ListItem\",\"position\":1,\"name\":\"Accueil\",\"item\":\"https:\/\/dicodusport.fr\/blog\/\"},{\"@type\":\"ListItem\",\"position\":2,\"name\":\"Agathe Bessard &#8211; Skeleton : \u00ab De la d\u00e9ception et de la frustration \u00e0 la fois \u00bb\"}]},{\"@type\":\"WebSite\",\"@id\":\"https:\/\/dicodusport.fr\/blog\/#website\",\"url\":\"https:\/\/dicodusport.fr\/blog\/\",\"name\":\"Dicodusport\",\"description\":\"L&#039;encyclop\u00e9die de l&#039;actualit\u00e9 sportive\",\"publisher\":{\"@id\":\"https:\/\/dicodusport.fr\/blog\/#organization\"},\"potentialAction\":[{\"@type\":\"SearchAction\",\"target\":{\"@type\":\"EntryPoint\",\"urlTemplate\":\"https:\/\/dicodusport.fr\/blog\/?s={search_term_string}\"},\"query-input\":{\"@type\":\"PropertyValueSpecification\",\"valueRequired\":true,\"valueName\":\"search_term_string\"}}],\"inLanguage\":\"fr-FR\"},{\"@type\":\"NewsMediaOrganization\",\"@id\":\"https:\/\/dicodusport.fr\/blog\/#organization\",\"name\":\"Dicodusport\",\"url\":\"https:\/\/dicodusport.fr\/blog\/\",\"logo\":{\"@type\":\"ImageObject\",\"inLanguage\":\"fr-FR\",\"@id\":\"https:\/\/dicodusport.fr\/blog\/#\/schema\/logo\/image\/\",\"url\":\"https:\/\/dicodusport.fr\/blog\/wp-content\/uploads\/2020\/06\/cropped-LOGO-DICODUSPORT-2020-SANS-FOND-SANS-TEXTE.png\",\"contentUrl\":\"https:\/\/dicodusport.fr\/blog\/wp-content\/uploads\/2020\/06\/cropped-LOGO-DICODUSPORT-2020-SANS-FOND-SANS-TEXTE.png\",\"width\":512,\"height\":512,\"caption\":\"Dicodusport\"},\"image\":{\"@id\":\"https:\/\/dicodusport.fr\/blog\/#\/schema\/logo\/image\/\"},\"sameAs\":[\"https:\/\/www.facebook.com\/dicodusport\",\"https:\/\/x.com\/dicodusport\",\"https:\/\/www.instagram.com\/dicodusport\/\",\"https:\/\/www.youtube.com\/channel\/UC7V2KZ5sd3htJivAbA4ZG3w\"],\"description\":\"Dicodusport est l'encyclop\u00e9die de l'actualit\u00e9 sportive.\",\"email\":\"bonjour@dicodusport.fr\",\"legalName\":\"DICODUSPORT\",\"foundingDate\":\"2018-01-14\",\"vatID\":\"FR71834470973\",\"taxID\":\"83447097300043\",\"numberOfEmployees\":{\"@type\":\"QuantitativeValue\",\"minValue\":\"1\",\"maxValue\":\"10\"}},{\"@type\":\"Person\",\"@id\":\"https:\/\/dicodusport.fr\/blog\/#\/schema\/person\/7ce262eb34bbc1847cff5f60345d4735\",\"name\":\"Damien Meunier\",\"image\":{\"@type\":\"ImageObject\",\"inLanguage\":\"fr-FR\",\"@id\":\"https:\/\/dicodusport.fr\/blog\/#\/schema\/person\/image\/\",\"url\":\"https:\/\/secure.gravatar.com\/avatar\/dfe0549a73ac21bb20dfdf302b222ba2?s=96&d=wp_user_avatar&r=g\",\"contentUrl\":\"https:\/\/secure.gravatar.com\/avatar\/dfe0549a73ac21bb20dfdf302b222ba2?s=96&d=wp_user_avatar&r=g\",\"caption\":\"Damien Meunier\"},\"description\":\"Journaliste\/r\u00e9dacteur depuis d\u00e9cembre 2016 - Amateur professionnel de sport, d\u2019abord le football, j\u2019aurais pu en faire mon m\u00e9tier. Mais bon, vous savez les \u2026 non, pas les crois\u00e9s, ils vont bien eux. Juste un manque de talent, de technique et de niveau surtout. Mais cette passion est ancr\u00e9e en moi telle la pomme dans la tarte tatin. Le c\u00f4t\u00e9 suiveur\/supporter est \u00e9videmment important au quotidien, que ce soit un soir de juillet 1998 en banlieue lyonnaise ou de juillet 2018 \u00e0 Montr\u00e9al. Car oui, depuis ma France natale, j\u2019ai migr\u00e9 outre-Atlantique, au pays des caribous. L\u00e0, le football se joue \u00e0 la main et non au pied. Et surtout, la religion sportive est plut\u00f4t froide et se joue avec une crosse. Non, ce n\u2019est pas le curling ni le Lacrosse, encore que, mais le hockey sur glace. Une autre vision, une autre culture. On troque les crudit\u00e9s devant la t\u00e9l\u00e9 pour une poutine et on s\u2019installe avec notre chandail pour suivre cela. Et en moins de temps qu\u2019il ne faut pour le dire, ou la vitesse d\u2019un slap shot de McDavid ou un arr\u00eat de la mitaine de Price, j\u2019\u00e9cris sur de l\u2019actualit\u00e9 par ici mais aussi le sport f\u00e9minin, pas assez mis en avant.\",\"sameAs\":[\"https:\/\/x.com\/https:\/\/x.com\/DamienMeunier69\"],\"url\":\"https:\/\/dicodusport.fr\/blog\/author\/damien-m\/\"}]}<\/script>\n<!-- \/ Yoast SEO Premium plugin. -->","yoast_head_json":{"title":"Agathe Bessard - Skeleton : \u00ab De la d\u00e9ception et de la frustration \u00e0 la fois \u00bb","description":"Entretien avec Agathe Bessard, seule skeletoneuse fran\u00e7aise au niveau mondial. Elle revient sur la d\u00e9ception li\u00e9e aux JO de P\u00e9kin.","robots":{"index":"index","follow":"follow","max-snippet":"max-snippet:-1","max-image-preview":"max-image-preview:large","max-video-preview":"max-video-preview:-1"},"canonical":"https:\/\/dicodusport.fr\/blog\/agathe-bessard-skeleton-de-la-deception-et-de-la-frustration-a-la-fois\/","og_locale":"fr_FR","og_type":"article","og_title":"Agathe Bessard - Skeleton : \u00ab De la d\u00e9ception et de la frustration \u00e0 la fois \u00bb","og_description":"Entretien avec Agathe Bessard, seule skeletoneuse fran\u00e7aise au niveau mondial. Elle revient sur la d\u00e9ception li\u00e9e aux JO de P\u00e9kin.","og_url":"https:\/\/dicodusport.fr\/blog\/agathe-bessard-skeleton-de-la-deception-et-de-la-frustration-a-la-fois\/","og_site_name":"Dicodusport","article_publisher":"https:\/\/www.facebook.com\/dicodusport","article_published_time":"2022-02-04T10:31:49+00:00","article_modified_time":"2022-02-04T10:36:23+00:00","og_image":[{"width":800,"height":445,"url":"https:\/\/dicodusport.fr\/blog\/wp-content\/uploads\/2022\/01\/Agathe-Bessard-Skeleton-De-la-deception-et-de-la-frustration-a-la-fois-.png","type":"image\/png"}],"author":"Damien Meunier","twitter_card":"summary_large_image","twitter_title":"Agathe Bessard - Skeleton : \u00ab De la d\u00e9ception et de la frustration \u00e0 la fois \u00bb","twitter_creator":"@https:\/\/x.com\/DamienMeunier69","twitter_site":"@dicodusport","schema":{"@context":"https:\/\/schema.org","@graph":[{"@type":"NewsArticle","@id":"https:\/\/dicodusport.fr\/blog\/agathe-bessard-skeleton-de-la-deception-et-de-la-frustration-a-la-fois\/#article","isPartOf":{"@id":"https:\/\/dicodusport.fr\/blog\/agathe-bessard-skeleton-de-la-deception-et-de-la-frustration-a-la-fois\/"},"author":{"name":"Damien Meunier","@id":"https:\/\/dicodusport.fr\/blog\/#\/schema\/person\/7ce262eb34bbc1847cff5f60345d4735"},"headline":"Agathe Bessard &#8211; Skeleton : \u00ab De la d\u00e9ception et de la frustration \u00e0 la fois \u00bb","datePublished":"2022-02-04T10:31:49+00:00","dateModified":"2022-02-04T10:36:23+00:00","mainEntityOfPage":{"@id":"https:\/\/dicodusport.fr\/blog\/agathe-bessard-skeleton-de-la-deception-et-de-la-frustration-a-la-fois\/"},"wordCount":2338,"commentCount":0,"publisher":{"@id":"https:\/\/dicodusport.fr\/blog\/#organization"},"image":{"@id":"https:\/\/dicodusport.fr\/blog\/agathe-bessard-skeleton-de-la-deception-et-de-la-frustration-a-la-fois\/#primaryimage"},"thumbnailUrl":"https:\/\/dicodusport.fr\/blog\/wp-content\/uploads\/2022\/01\/Agathe-Bessard-Skeleton-De-la-deception-et-de-la-frustration-a-la-fois-.png","keywords":["FFSG","Skeleton","sport"],"articleSection":["Sports d'hiver"],"inLanguage":"fr-FR","potentialAction":[{"@type":"CommentAction","name":"Comment","target":["https:\/\/dicodusport.fr\/blog\/agathe-bessard-skeleton-de-la-deception-et-de-la-frustration-a-la-fois\/#respond"]}],"copyrightYear":"2022","copyrightHolder":{"@id":"https:\/\/dicodusport.fr\/blog\/#organization"}},{"@type":"WebPage","@id":"https:\/\/dicodusport.fr\/blog\/agathe-bessard-skeleton-de-la-deception-et-de-la-frustration-a-la-fois\/","url":"https:\/\/dicodusport.fr\/blog\/agathe-bessard-skeleton-de-la-deception-et-de-la-frustration-a-la-fois\/","name":"Agathe Bessard - Skeleton : \u00ab De la d\u00e9ception et de la frustration \u00e0 la fois \u00bb","isPartOf":{"@id":"https:\/\/dicodusport.fr\/blog\/#website"},"primaryImageOfPage":{"@id":"https:\/\/dicodusport.fr\/blog\/agathe-bessard-skeleton-de-la-deception-et-de-la-frustration-a-la-fois\/#primaryimage"},"image":{"@id":"https:\/\/dicodusport.fr\/blog\/agathe-bessard-skeleton-de-la-deception-et-de-la-frustration-a-la-fois\/#primaryimage"},"thumbnailUrl":"https:\/\/dicodusport.fr\/blog\/wp-content\/uploads\/2022\/01\/Agathe-Bessard-Skeleton-De-la-deception-et-de-la-frustration-a-la-fois-.png","datePublished":"2022-02-04T10:31:49+00:00","dateModified":"2022-02-04T10:36:23+00:00","description":"Entretien avec Agathe Bessard, seule skeletoneuse fran\u00e7aise au niveau mondial. Elle revient sur la d\u00e9ception li\u00e9e aux JO de P\u00e9kin.","breadcrumb":{"@id":"https:\/\/dicodusport.fr\/blog\/agathe-bessard-skeleton-de-la-deception-et-de-la-frustration-a-la-fois\/#breadcrumb"},"inLanguage":"fr-FR","potentialAction":[{"@type":"ReadAction","target":["https:\/\/dicodusport.fr\/blog\/agathe-bessard-skeleton-de-la-deception-et-de-la-frustration-a-la-fois\/"]}]},{"@type":"ImageObject","inLanguage":"fr-FR","@id":"https:\/\/dicodusport.fr\/blog\/agathe-bessard-skeleton-de-la-deception-et-de-la-frustration-a-la-fois\/#primaryimage","url":"https:\/\/dicodusport.fr\/blog\/wp-content\/uploads\/2022\/01\/Agathe-Bessard-Skeleton-De-la-deception-et-de-la-frustration-a-la-fois-.png","contentUrl":"https:\/\/dicodusport.fr\/blog\/wp-content\/uploads\/2022\/01\/Agathe-Bessard-Skeleton-De-la-deception-et-de-la-frustration-a-la-fois-.png","width":800,"height":445,"caption":"Agathe Bessard - Skeleton \u00ab De la d\u00e9ception et de la frustration \u00e0 la fois \u00bb"},{"@type":"BreadcrumbList","@id":"https:\/\/dicodusport.fr\/blog\/agathe-bessard-skeleton-de-la-deception-et-de-la-frustration-a-la-fois\/#breadcrumb","itemListElement":[{"@type":"ListItem","position":1,"name":"Accueil","item":"https:\/\/dicodusport.fr\/blog\/"},{"@type":"ListItem","position":2,"name":"Agathe Bessard &#8211; Skeleton : \u00ab De la d\u00e9ception et de la frustration \u00e0 la fois \u00bb"}]},{"@type":"WebSite","@id":"https:\/\/dicodusport.fr\/blog\/#website","url":"https:\/\/dicodusport.fr\/blog\/","name":"Dicodusport","description":"L&#039;encyclop\u00e9die de l&#039;actualit\u00e9 sportive","publisher":{"@id":"https:\/\/dicodusport.fr\/blog\/#organization"},"potentialAction":[{"@type":"SearchAction","target":{"@type":"EntryPoint","urlTemplate":"https:\/\/dicodusport.fr\/blog\/?s={search_term_string}"},"query-input":{"@type":"PropertyValueSpecification","valueRequired":true,"valueName":"search_term_string"}}],"inLanguage":"fr-FR"},{"@type":"NewsMediaOrganization","@id":"https:\/\/dicodusport.fr\/blog\/#organization","name":"Dicodusport","url":"https:\/\/dicodusport.fr\/blog\/","logo":{"@type":"ImageObject","inLanguage":"fr-FR","@id":"https:\/\/dicodusport.fr\/blog\/#\/schema\/logo\/image\/","url":"https:\/\/dicodusport.fr\/blog\/wp-content\/uploads\/2020\/06\/cropped-LOGO-DICODUSPORT-2020-SANS-FOND-SANS-TEXTE.png","contentUrl":"https:\/\/dicodusport.fr\/blog\/wp-content\/uploads\/2020\/06\/cropped-LOGO-DICODUSPORT-2020-SANS-FOND-SANS-TEXTE.png","width":512,"height":512,"caption":"Dicodusport"},"image":{"@id":"https:\/\/dicodusport.fr\/blog\/#\/schema\/logo\/image\/"},"sameAs":["https:\/\/www.facebook.com\/dicodusport","https:\/\/x.com\/dicodusport","https:\/\/www.instagram.com\/dicodusport\/","https:\/\/www.youtube.com\/channel\/UC7V2KZ5sd3htJivAbA4ZG3w"],"description":"Dicodusport est l'encyclop\u00e9die de l'actualit\u00e9 sportive.","email":"bonjour@dicodusport.fr","legalName":"DICODUSPORT","foundingDate":"2018-01-14","vatID":"FR71834470973","taxID":"83447097300043","numberOfEmployees":{"@type":"QuantitativeValue","minValue":"1","maxValue":"10"}},{"@type":"Person","@id":"https:\/\/dicodusport.fr\/blog\/#\/schema\/person\/7ce262eb34bbc1847cff5f60345d4735","name":"Damien Meunier","image":{"@type":"ImageObject","inLanguage":"fr-FR","@id":"https:\/\/dicodusport.fr\/blog\/#\/schema\/person\/image\/","url":"https:\/\/secure.gravatar.com\/avatar\/dfe0549a73ac21bb20dfdf302b222ba2?s=96&d=wp_user_avatar&r=g","contentUrl":"https:\/\/secure.gravatar.com\/avatar\/dfe0549a73ac21bb20dfdf302b222ba2?s=96&d=wp_user_avatar&r=g","caption":"Damien Meunier"},"description":"Journaliste\/r\u00e9dacteur depuis d\u00e9cembre 2016 - Amateur professionnel de sport, d\u2019abord le football, j\u2019aurais pu en faire mon m\u00e9tier. Mais bon, vous savez les \u2026 non, pas les crois\u00e9s, ils vont bien eux. Juste un manque de talent, de technique et de niveau surtout. Mais cette passion est ancr\u00e9e en moi telle la pomme dans la tarte tatin. Le c\u00f4t\u00e9 suiveur\/supporter est \u00e9videmment important au quotidien, que ce soit un soir de juillet 1998 en banlieue lyonnaise ou de juillet 2018 \u00e0 Montr\u00e9al. Car oui, depuis ma France natale, j\u2019ai migr\u00e9 outre-Atlantique, au pays des caribous. L\u00e0, le football se joue \u00e0 la main et non au pied. Et surtout, la religion sportive est plut\u00f4t froide et se joue avec une crosse. Non, ce n\u2019est pas le curling ni le Lacrosse, encore que, mais le hockey sur glace. Une autre vision, une autre culture. On troque les crudit\u00e9s devant la t\u00e9l\u00e9 pour une poutine et on s\u2019installe avec notre chandail pour suivre cela. Et en moins de temps qu\u2019il ne faut pour le dire, ou la vitesse d\u2019un slap shot de McDavid ou un arr\u00eat de la mitaine de Price, j\u2019\u00e9cris sur de l\u2019actualit\u00e9 par ici mais aussi le sport f\u00e9minin, pas assez mis en avant.","sameAs":["https:\/\/x.com\/https:\/\/x.com\/DamienMeunier69"],"url":"https:\/\/dicodusport.fr\/blog\/author\/damien-m\/"}]}},"_links":{"self":[{"href":"https:\/\/dicodusport.fr\/blog\/wp-json\/wp\/v2\/posts\/195537","targetHints":{"allow":["GET"]}}],"collection":[{"href":"https:\/\/dicodusport.fr\/blog\/wp-json\/wp\/v2\/posts"}],"about":[{"href":"https:\/\/dicodusport.fr\/blog\/wp-json\/wp\/v2\/types\/post"}],"author":[{"embeddable":true,"href":"https:\/\/dicodusport.fr\/blog\/wp-json\/wp\/v2\/users\/10"}],"replies":[{"embeddable":true,"href":"https:\/\/dicodusport.fr\/blog\/wp-json\/wp\/v2\/comments?post=195537"}],"version-history":[{"count":0,"href":"https:\/\/dicodusport.fr\/blog\/wp-json\/wp\/v2\/posts\/195537\/revisions"}],"wp:featuredmedia":[{"embeddable":true,"href":"https:\/\/dicodusport.fr\/blog\/wp-json\/wp\/v2\/media\/196949"}],"wp:attachment":[{"href":"https:\/\/dicodusport.fr\/blog\/wp-json\/wp\/v2\/media?parent=195537"}],"wp:term":[{"taxonomy":"category","embeddable":true,"href":"https:\/\/dicodusport.fr\/blog\/wp-json\/wp\/v2\/categories?post=195537"},{"taxonomy":"post_tag","embeddable":true,"href":"https:\/\/dicodusport.fr\/blog\/wp-json\/wp\/v2\/tags?post=195537"}],"curies":[{"name":"wp","href":"https:\/\/api.w.org\/{rel}","templated":true}]}}