{"id":195581,"date":"2022-01-30T12:01:00","date_gmt":"2022-01-30T11:01:00","guid":{"rendered":"https:\/\/dicodusport.fr\/blog\/?p=195581&#038;preview=true&#038;preview_id=195581"},"modified":"2022-01-30T12:16:54","modified_gmt":"2022-01-30T11:16:54","slug":"championnats-d-europe-de-biathlon-norvege-en-or-relais-mixte-france-4eme","status":"publish","type":"post","link":"https:\/\/dicodusport.fr\/blog\/championnats-d-europe-de-biathlon-norvege-en-or-relais-mixte-france-4eme\/","title":{"rendered":"Championnats d&rsquo;Europe de biathlon : La Norv\u00e8ge en or sur le relais mixte, la France 4\u00e8me"},"content":{"rendered":"<p style=\"text-align: justify;\"><strong><em><a href=\"https:\/\/dicodusport.fr\/blog\/biathlon-championnats-europe-2022-programme-et-resultats-complets\/\">CHAMPIONNATS D&rsquo;EUROPE DE BIATHLON 2022<\/a> &#8211; Grande favorite, la Norv\u00e8ge a tenu son rang en conservant son titre europ\u00e9en sur le relais mixte \u00e0 Arber (Allemagne). L&rsquo;Allemagne et la Suisse compl\u00e8tent le podium. La France est 4\u00e8me.<\/em><\/strong><\/p>\n<p style=\"text-align: justify;\">Comme sur les poursuites samedi, il fallait, ce dimanche, \u00eatre bon \u00e0 la loterie pour s&rsquo;en sortir sur le pas de tir. Sur la piste d&rsquo;Arber \u00e0 nouveau balay\u00e9e par le vent, la Norv\u00e8ge est all\u00e9e d\u00e9crocher le titre europ\u00e9en du relais mixte. Au terme d&rsquo;un magnifique duel face \u00e0 l&rsquo;Allemagne, les Scandinaves, emmen\u00e9s par le champion d&rsquo;Europe du sprint <strong>Erlend Bjoentegaard<\/strong>, <strong>Johannes Dale<\/strong>, la m\u00e9daill\u00e9e de bronze sur la poursuite <strong>Jenny Enodd<\/strong> et la championne d&rsquo;Europe du sprint <strong>Ragnhild Femsteinevik<\/strong>, ont apport\u00e9 un cinqui\u00e8me sacre \u00e0 la Norv\u00e8ge sur le site allemand. Avec deux tours de p\u00e9nalit\u00e9 et 11 pioches, les Norv\u00e9giens devancent donc les Allemands (<strong>L. Fratzscher<\/strong>, <strong>P. Horn<\/strong>, <strong>J. Hettich<\/strong> et <strong>S. Schneider<\/strong>), qui ont fait jeu \u00e9gal jusqu&rsquo;au dernier tir, et qui s&rsquo;en tirent avec deux tours et 13 pioches. Cela s&rsquo;est donc jou\u00e9 sur des d\u00e9tails ce dimanche matin.<\/p>\n<blockquote class=\"twitter-tweet\">\n<p dir=\"ltr\" lang=\"en\">&#x1f947; Norway &#x1f1f3;&#x1f1f4;<br \/>\n&#x1f948; Germany &#x1f1e9;&#x1f1ea; <a href=\"https:\/\/twitter.com\/hashtag\/OECH22?src=hash&amp;ref_src=twsrc%5Etfw\">#OECH22<\/a> <a href=\"https:\/\/t.co\/6SOMjBaJNq\">pic.twitter.com\/6SOMjBaJNq<\/a><\/p>\n<p>\u2014 IBU Cup Biathlon (@IBU_CUP) <a href=\"https:\/\/twitter.com\/IBU_CUP\/status\/1487740337309331458?ref_src=twsrc%5Etfw\">January 30, 2022<\/a><\/p><\/blockquote>\n<p><script async src=\"https:\/\/platform.twitter.com\/widgets.js\" charset=\"utf-8\"><\/script><\/p>\n<h2 style=\"text-align: justify;\"><strong>La France au pied du podium<\/strong><\/h2>\n<p style=\"text-align: justify;\">Troisi\u00e8me, la Suisse pourra sans doute dire merci \u00e0 la Roumanie. Sur le podium une bonne partie de la course, deux minutes de p\u00e9nalit\u00e9s sont venues faire reculer une \u00e9quipe roumaine qui \u00e9tait en train de cr\u00e9er la surprise. Par cons\u00e9quent, les Helv\u00e8tes ont tir\u00e9 leur \u00e9pingle du jeu. <strong>Serafin Wiestner<\/strong>, <strong>Martin Jaeger<\/strong> et <strong>les s\u0153urs Gasparin<\/strong>, 5 tours et 18 pioches (!), se parent donc de bronze, \u00e0 tout de m\u00eame 4:53 des vainqueurs du jour.<\/p>\n<p style=\"text-align: justify;\">Enfin, la France pourra nourrir quelques regrets. Avec trois tours et 18 pioches, les Tricolores, repr\u00e9sent\u00e9s par <strong>Oscar Lombardot<\/strong>, <strong>R\u00e9mi Broutier<\/strong>, <strong>Oc\u00e9ane Michelon<\/strong> et <strong>Sophie Chauveau<\/strong> sont venus mourir \u00e0 10 secondes de la bo\u00eete. Frustrant. Avant le relais mixte simple de cet apr\u00e8s-midi, l&rsquo;\u00e9quipe de France est toujours fanny \u00e0 Arber. \u00c0 <strong>\u00c9milien Claude<\/strong> et <strong>Lou Jeanmonnot<\/strong> de ramener la seule et unique breloque de ces Europe 2022.<\/p>\n<ul>\n<li style=\"text-align: justify;\"><strong>\u00c0 lire aussi &#8211; <a href=\"https:\/\/dicodusport.fr\/blog\/biathlon-championnats-d-europe-classement-relais-mixte\/\">Le classement du relais mixte des championnats d&rsquo;Europe<\/a><\/strong><\/li>\n<\/ul>\n<p style=\"text-align: justify;\">\n","protected":false},"excerpt":{"rendered":"<p>CHAMPIONNATS D&rsquo;EUROPE DE BIATHLON 2022 &#8211; Grande favorite, la Norv\u00e8ge a tenu son rang en conservant son titre europ\u00e9en sur le relais mixte \u00e0 Arber (Allemagne). L&rsquo;Allemagne et la Suisse compl\u00e8tent le podium. La France est 4\u00e8me.<\/p>\n","protected":false},"author":4,"featured_media":195602,"comment_status":"open","ping_status":"closed","sticky":false,"template":"","format":"standard","meta":{"_acf_changed":false,"_daextam_enable_autolinks":"","footnotes":""},"categories":[2426],"tags":[21526],"class_list":["post-195581","post","type-post","status-publish","format-standard","has-post-thumbnail","hentry","category-biathlon","tag-relais-mixte-championnats-deurope"],"acf":[],"yoast_head":"<!-- This site is optimized with the Yoast SEO Premium plugin v26.7 (Yoast SEO v26.7) - https:\/\/yoast.com\/wordpress\/plugins\/seo\/ -->\n<title>Championnats d&#039;Europe de biathlon : La Norv\u00e8ge en or sur le relais mixte, la France 4\u00e8me<\/title>\n<meta name=\"description\" content=\"CHAMPIONNATS D&#039;EUROPE DE BIATHLON 2022 - La Norv\u00e8ge a tenu son rang en conservant son titre europ\u00e9en sur le relais mixte \u00e0 Arber.\" \/>\n<meta name=\"robots\" content=\"index, follow, max-snippet:-1, max-image-preview:large, max-video-preview:-1\" \/>\n<link rel=\"canonical\" href=\"https:\/\/dicodusport.fr\/blog\/championnats-d-europe-de-biathlon-norvege-en-or-relais-mixte-france-4eme\/\" \/>\n<meta property=\"og:locale\" content=\"fr_FR\" \/>\n<meta property=\"og:type\" content=\"article\" \/>\n<meta property=\"og:title\" content=\"Championnats d&#039;Europe de biathlon : La Norv\u00e8ge en or sur le relais mixte, la France 4\u00e8me\" \/>\n<meta property=\"og:description\" content=\"CHAMPIONNATS D&#039;EUROPE DE BIATHLON 2022 - La Norv\u00e8ge a tenu son rang en conservant son titre europ\u00e9en sur le relais mixte \u00e0 Arber.\" \/>\n<meta property=\"og:url\" content=\"https:\/\/dicodusport.fr\/blog\/championnats-d-europe-de-biathlon-norvege-en-or-relais-mixte-france-4eme\/\" \/>\n<meta property=\"og:site_name\" content=\"Dicodusport\" \/>\n<meta property=\"article:publisher\" content=\"https:\/\/www.facebook.com\/dicodusport\" \/>\n<meta property=\"article:author\" content=\"https:\/\/www.facebook.com\/florent.ostermann\" \/>\n<meta property=\"article:published_time\" content=\"2022-01-30T11:01:00+00:00\" \/>\n<meta property=\"article:modified_time\" content=\"2022-01-30T11:16:54+00:00\" \/>\n<meta property=\"og:image\" content=\"https:\/\/dicodusport.fr\/blog\/wp-content\/uploads\/2022\/01\/Championnats-dEurope-de-biathlon-La-Norvege-en-or-sur-le-relais-mixte-la-France-4eme.png\" \/>\n\t<meta property=\"og:image:width\" content=\"800\" \/>\n\t<meta property=\"og:image:height\" content=\"445\" \/>\n\t<meta property=\"og:image:type\" content=\"image\/png\" \/>\n<meta name=\"author\" content=\"Flo Ostermann\" \/>\n<meta name=\"twitter:card\" content=\"summary_large_image\" \/>\n<meta name=\"twitter:title\" content=\"Championnats d&#039;Europe de biathlon : La Norv\u00e8ge en or sur le relais mixte, la France 4\u00e8me\" \/>\n<meta name=\"twitter:creator\" content=\"@https:\/\/twitter.com\/FlOstermann\" \/>\n<meta name=\"twitter:site\" content=\"@dicodusport\" \/>\n<script type=\"application\/ld+json\" class=\"yoast-schema-graph\">{\"@context\":\"https:\/\/schema.org\",\"@graph\":[{\"@type\":\"NewsArticle\",\"@id\":\"https:\/\/dicodusport.fr\/blog\/championnats-d-europe-de-biathlon-norvege-en-or-relais-mixte-france-4eme\/#article\",\"isPartOf\":{\"@id\":\"https:\/\/dicodusport.fr\/blog\/championnats-d-europe-de-biathlon-norvege-en-or-relais-mixte-france-4eme\/\"},\"author\":{\"name\":\"Flo Ostermann\",\"@id\":\"https:\/\/dicodusport.fr\/blog\/#\/schema\/person\/cb02af4c173ce4a653b55e9baf388d4a\"},\"headline\":\"Championnats d&rsquo;Europe de biathlon : La Norv\u00e8ge en or sur le relais mixte, la France 4\u00e8me\",\"datePublished\":\"2022-01-30T11:01:00+00:00\",\"dateModified\":\"2022-01-30T11:16:54+00:00\",\"mainEntityOfPage\":{\"@id\":\"https:\/\/dicodusport.fr\/blog\/championnats-d-europe-de-biathlon-norvege-en-or-relais-mixte-france-4eme\/\"},\"wordCount\":413,\"commentCount\":0,\"publisher\":{\"@id\":\"https:\/\/dicodusport.fr\/blog\/#organization\"},\"image\":{\"@id\":\"https:\/\/dicodusport.fr\/blog\/championnats-d-europe-de-biathlon-norvege-en-or-relais-mixte-france-4eme\/#primaryimage\"},\"thumbnailUrl\":\"https:\/\/dicodusport.fr\/blog\/wp-content\/uploads\/2022\/01\/Championnats-dEurope-de-biathlon-La-Norvege-en-or-sur-le-relais-mixte-la-France-4eme.png\",\"keywords\":[\"Relais mixte championnats d'Europe\"],\"articleSection\":[\"Biathlon\"],\"inLanguage\":\"fr-FR\",\"potentialAction\":[{\"@type\":\"CommentAction\",\"name\":\"Comment\",\"target\":[\"https:\/\/dicodusport.fr\/blog\/championnats-d-europe-de-biathlon-norvege-en-or-relais-mixte-france-4eme\/#respond\"]}],\"copyrightYear\":\"2022\",\"copyrightHolder\":{\"@id\":\"https:\/\/dicodusport.fr\/blog\/#organization\"}},{\"@type\":\"WebPage\",\"@id\":\"https:\/\/dicodusport.fr\/blog\/championnats-d-europe-de-biathlon-norvege-en-or-relais-mixte-france-4eme\/\",\"url\":\"https:\/\/dicodusport.fr\/blog\/championnats-d-europe-de-biathlon-norvege-en-or-relais-mixte-france-4eme\/\",\"name\":\"Championnats d'Europe de biathlon : La Norv\u00e8ge en or sur le relais mixte, la France 4\u00e8me\",\"isPartOf\":{\"@id\":\"https:\/\/dicodusport.fr\/blog\/#website\"},\"primaryImageOfPage\":{\"@id\":\"https:\/\/dicodusport.fr\/blog\/championnats-d-europe-de-biathlon-norvege-en-or-relais-mixte-france-4eme\/#primaryimage\"},\"image\":{\"@id\":\"https:\/\/dicodusport.fr\/blog\/championnats-d-europe-de-biathlon-norvege-en-or-relais-mixte-france-4eme\/#primaryimage\"},\"thumbnailUrl\":\"https:\/\/dicodusport.fr\/blog\/wp-content\/uploads\/2022\/01\/Championnats-dEurope-de-biathlon-La-Norvege-en-or-sur-le-relais-mixte-la-France-4eme.png\",\"datePublished\":\"2022-01-30T11:01:00+00:00\",\"dateModified\":\"2022-01-30T11:16:54+00:00\",\"description\":\"CHAMPIONNATS D'EUROPE DE BIATHLON 2022 - La Norv\u00e8ge a tenu son rang en conservant son titre europ\u00e9en sur le relais mixte \u00e0 Arber.\",\"breadcrumb\":{\"@id\":\"https:\/\/dicodusport.fr\/blog\/championnats-d-europe-de-biathlon-norvege-en-or-relais-mixte-france-4eme\/#breadcrumb\"},\"inLanguage\":\"fr-FR\",\"potentialAction\":[{\"@type\":\"ReadAction\",\"target\":[\"https:\/\/dicodusport.fr\/blog\/championnats-d-europe-de-biathlon-norvege-en-or-relais-mixte-france-4eme\/\"]}]},{\"@type\":\"ImageObject\",\"inLanguage\":\"fr-FR\",\"@id\":\"https:\/\/dicodusport.fr\/blog\/championnats-d-europe-de-biathlon-norvege-en-or-relais-mixte-france-4eme\/#primaryimage\",\"url\":\"https:\/\/dicodusport.fr\/blog\/wp-content\/uploads\/2022\/01\/Championnats-dEurope-de-biathlon-La-Norvege-en-or-sur-le-relais-mixte-la-France-4eme.png\",\"contentUrl\":\"https:\/\/dicodusport.fr\/blog\/wp-content\/uploads\/2022\/01\/Championnats-dEurope-de-biathlon-La-Norvege-en-or-sur-le-relais-mixte-la-France-4eme.png\",\"width\":800,\"height\":445,\"caption\":\"Championnats d'Europe de biathlon La Norv\u00e8ge en or sur le relais mixte, la France 4\u00e8meChampionnats d'Europe de biathlon La Norv\u00e8ge en or sur le relais mixte, la France 4\u00e8me\"},{\"@type\":\"BreadcrumbList\",\"@id\":\"https:\/\/dicodusport.fr\/blog\/championnats-d-europe-de-biathlon-norvege-en-or-relais-mixte-france-4eme\/#breadcrumb\",\"itemListElement\":[{\"@type\":\"ListItem\",\"position\":1,\"name\":\"Accueil\",\"item\":\"https:\/\/dicodusport.fr\/blog\/\"},{\"@type\":\"ListItem\",\"position\":2,\"name\":\"Championnats d&rsquo;Europe de biathlon : La Norv\u00e8ge en or sur le relais mixte, la France 4\u00e8me\"}]},{\"@type\":\"WebSite\",\"@id\":\"https:\/\/dicodusport.fr\/blog\/#website\",\"url\":\"https:\/\/dicodusport.fr\/blog\/\",\"name\":\"Dicodusport\",\"description\":\"L&#039;encyclop\u00e9die de l&#039;actualit\u00e9 sportive\",\"publisher\":{\"@id\":\"https:\/\/dicodusport.fr\/blog\/#organization\"},\"potentialAction\":[{\"@type\":\"SearchAction\",\"target\":{\"@type\":\"EntryPoint\",\"urlTemplate\":\"https:\/\/dicodusport.fr\/blog\/?s={search_term_string}\"},\"query-input\":{\"@type\":\"PropertyValueSpecification\",\"valueRequired\":true,\"valueName\":\"search_term_string\"}}],\"inLanguage\":\"fr-FR\"},{\"@type\":\"NewsMediaOrganization\",\"@id\":\"https:\/\/dicodusport.fr\/blog\/#organization\",\"name\":\"Dicodusport\",\"url\":\"https:\/\/dicodusport.fr\/blog\/\",\"logo\":{\"@type\":\"ImageObject\",\"inLanguage\":\"fr-FR\",\"@id\":\"https:\/\/dicodusport.fr\/blog\/#\/schema\/logo\/image\/\",\"url\":\"https:\/\/dicodusport.fr\/blog\/wp-content\/uploads\/2020\/06\/cropped-LOGO-DICODUSPORT-2020-SANS-FOND-SANS-TEXTE.png\",\"contentUrl\":\"https:\/\/dicodusport.fr\/blog\/wp-content\/uploads\/2020\/06\/cropped-LOGO-DICODUSPORT-2020-SANS-FOND-SANS-TEXTE.png\",\"width\":512,\"height\":512,\"caption\":\"Dicodusport\"},\"image\":{\"@id\":\"https:\/\/dicodusport.fr\/blog\/#\/schema\/logo\/image\/\"},\"sameAs\":[\"https:\/\/www.facebook.com\/dicodusport\",\"https:\/\/x.com\/dicodusport\",\"https:\/\/www.instagram.com\/dicodusport\/\",\"https:\/\/www.youtube.com\/channel\/UC7V2KZ5sd3htJivAbA4ZG3w\"],\"description\":\"Dicodusport est l'encyclop\u00e9die de l'actualit\u00e9 sportive.\",\"email\":\"bonjour@dicodusport.fr\",\"legalName\":\"DICODUSPORT\",\"foundingDate\":\"2018-01-14\",\"vatID\":\"FR71834470973\",\"taxID\":\"83447097300043\",\"numberOfEmployees\":{\"@type\":\"QuantitativeValue\",\"minValue\":\"1\",\"maxValue\":\"10\"}},{\"@type\":\"Person\",\"@id\":\"https:\/\/dicodusport.fr\/blog\/#\/schema\/person\/cb02af4c173ce4a653b55e9baf388d4a\",\"name\":\"Flo Ostermann\",\"image\":{\"@type\":\"ImageObject\",\"inLanguage\":\"fr-FR\",\"@id\":\"https:\/\/dicodusport.fr\/blog\/#\/schema\/person\/image\/\",\"url\":\"https:\/\/dicodusport.fr\/blog\/wp-content\/uploads\/2021\/05\/Flo-Ostermann-150x150.jpg\",\"contentUrl\":\"https:\/\/dicodusport.fr\/blog\/wp-content\/uploads\/2021\/05\/Flo-Ostermann-150x150.jpg\",\"caption\":\"Flo Ostermann\"},\"description\":\"Journaliste\/R\u00e9dacteur depuis septembre 2015 - Mes premiers souvenirs dans le sport ? Les envol\u00e9es du Stade Toulousain et les duels Villeneuve-Schumacher et H\u00e4kkinen-Schumacher \u00e0 la fin des ann\u00e9es 90, la Coupe du monde de football en 1998, l\u2019exploit du XV de France face aux All Blacks en 1999, mais aussi Richard C\u0153ur de Lion qui vole sur les montagnes du Tour de France. Bien parti pour devenir professeur d\u2019EPS, les \u00e9v\u00e9nements de la vie (et la flemme d\u2019animer des s\u00e9ances de 3x500 m\u00e8tres toute ma vie) m\u2019ont conduit \u00e0 revoir mes plans. Me voil\u00e0 depuis fin 2017 sur Dicodusport, m\u00e9dia gr\u00e2ce (et pour) lequel je partage ma passion : le sport dans tous ses \u00e9tats. Le tout accompagn\u00e9 par les fous furieux et folles furieuses cit\u00e9s sur cette page !\",\"sameAs\":[\"https:\/\/www.facebook.com\/florent.ostermann\",\"https:\/\/x.com\/https:\/\/twitter.com\/FlOstermann\",\"admin\"],\"url\":\"https:\/\/dicodusport.fr\/blog\/author\/flo\/\"}]}<\/script>\n<!-- \/ Yoast SEO Premium plugin. -->","yoast_head_json":{"title":"Championnats d'Europe de biathlon : La Norv\u00e8ge en or sur le relais mixte, la France 4\u00e8me","description":"CHAMPIONNATS D'EUROPE DE BIATHLON 2022 - La Norv\u00e8ge a tenu son rang en conservant son titre europ\u00e9en sur le relais mixte \u00e0 Arber.","robots":{"index":"index","follow":"follow","max-snippet":"max-snippet:-1","max-image-preview":"max-image-preview:large","max-video-preview":"max-video-preview:-1"},"canonical":"https:\/\/dicodusport.fr\/blog\/championnats-d-europe-de-biathlon-norvege-en-or-relais-mixte-france-4eme\/","og_locale":"fr_FR","og_type":"article","og_title":"Championnats d'Europe de biathlon : La Norv\u00e8ge en or sur le relais mixte, la France 4\u00e8me","og_description":"CHAMPIONNATS D'EUROPE DE BIATHLON 2022 - La Norv\u00e8ge a tenu son rang en conservant son titre europ\u00e9en sur le relais mixte \u00e0 Arber.","og_url":"https:\/\/dicodusport.fr\/blog\/championnats-d-europe-de-biathlon-norvege-en-or-relais-mixte-france-4eme\/","og_site_name":"Dicodusport","article_publisher":"https:\/\/www.facebook.com\/dicodusport","article_author":"https:\/\/www.facebook.com\/florent.ostermann","article_published_time":"2022-01-30T11:01:00+00:00","article_modified_time":"2022-01-30T11:16:54+00:00","og_image":[{"width":800,"height":445,"url":"https:\/\/dicodusport.fr\/blog\/wp-content\/uploads\/2022\/01\/Championnats-dEurope-de-biathlon-La-Norvege-en-or-sur-le-relais-mixte-la-France-4eme.png","type":"image\/png"}],"author":"Flo Ostermann","twitter_card":"summary_large_image","twitter_title":"Championnats d'Europe de biathlon : La Norv\u00e8ge en or sur le relais mixte, la France 4\u00e8me","twitter_creator":"@https:\/\/twitter.com\/FlOstermann","twitter_site":"@dicodusport","schema":{"@context":"https:\/\/schema.org","@graph":[{"@type":"NewsArticle","@id":"https:\/\/dicodusport.fr\/blog\/championnats-d-europe-de-biathlon-norvege-en-or-relais-mixte-france-4eme\/#article","isPartOf":{"@id":"https:\/\/dicodusport.fr\/blog\/championnats-d-europe-de-biathlon-norvege-en-or-relais-mixte-france-4eme\/"},"author":{"name":"Flo Ostermann","@id":"https:\/\/dicodusport.fr\/blog\/#\/schema\/person\/cb02af4c173ce4a653b55e9baf388d4a"},"headline":"Championnats d&rsquo;Europe de biathlon : La Norv\u00e8ge en or sur le relais mixte, la France 4\u00e8me","datePublished":"2022-01-30T11:01:00+00:00","dateModified":"2022-01-30T11:16:54+00:00","mainEntityOfPage":{"@id":"https:\/\/dicodusport.fr\/blog\/championnats-d-europe-de-biathlon-norvege-en-or-relais-mixte-france-4eme\/"},"wordCount":413,"commentCount":0,"publisher":{"@id":"https:\/\/dicodusport.fr\/blog\/#organization"},"image":{"@id":"https:\/\/dicodusport.fr\/blog\/championnats-d-europe-de-biathlon-norvege-en-or-relais-mixte-france-4eme\/#primaryimage"},"thumbnailUrl":"https:\/\/dicodusport.fr\/blog\/wp-content\/uploads\/2022\/01\/Championnats-dEurope-de-biathlon-La-Norvege-en-or-sur-le-relais-mixte-la-France-4eme.png","keywords":["Relais mixte championnats d'Europe"],"articleSection":["Biathlon"],"inLanguage":"fr-FR","potentialAction":[{"@type":"CommentAction","name":"Comment","target":["https:\/\/dicodusport.fr\/blog\/championnats-d-europe-de-biathlon-norvege-en-or-relais-mixte-france-4eme\/#respond"]}],"copyrightYear":"2022","copyrightHolder":{"@id":"https:\/\/dicodusport.fr\/blog\/#organization"}},{"@type":"WebPage","@id":"https:\/\/dicodusport.fr\/blog\/championnats-d-europe-de-biathlon-norvege-en-or-relais-mixte-france-4eme\/","url":"https:\/\/dicodusport.fr\/blog\/championnats-d-europe-de-biathlon-norvege-en-or-relais-mixte-france-4eme\/","name":"Championnats d'Europe de biathlon : La Norv\u00e8ge en or sur le relais mixte, la France 4\u00e8me","isPartOf":{"@id":"https:\/\/dicodusport.fr\/blog\/#website"},"primaryImageOfPage":{"@id":"https:\/\/dicodusport.fr\/blog\/championnats-d-europe-de-biathlon-norvege-en-or-relais-mixte-france-4eme\/#primaryimage"},"image":{"@id":"https:\/\/dicodusport.fr\/blog\/championnats-d-europe-de-biathlon-norvege-en-or-relais-mixte-france-4eme\/#primaryimage"},"thumbnailUrl":"https:\/\/dicodusport.fr\/blog\/wp-content\/uploads\/2022\/01\/Championnats-dEurope-de-biathlon-La-Norvege-en-or-sur-le-relais-mixte-la-France-4eme.png","datePublished":"2022-01-30T11:01:00+00:00","dateModified":"2022-01-30T11:16:54+00:00","description":"CHAMPIONNATS D'EUROPE DE BIATHLON 2022 - La Norv\u00e8ge a tenu son rang en conservant son titre europ\u00e9en sur le relais mixte \u00e0 Arber.","breadcrumb":{"@id":"https:\/\/dicodusport.fr\/blog\/championnats-d-europe-de-biathlon-norvege-en-or-relais-mixte-france-4eme\/#breadcrumb"},"inLanguage":"fr-FR","potentialAction":[{"@type":"ReadAction","target":["https:\/\/dicodusport.fr\/blog\/championnats-d-europe-de-biathlon-norvege-en-or-relais-mixte-france-4eme\/"]}]},{"@type":"ImageObject","inLanguage":"fr-FR","@id":"https:\/\/dicodusport.fr\/blog\/championnats-d-europe-de-biathlon-norvege-en-or-relais-mixte-france-4eme\/#primaryimage","url":"https:\/\/dicodusport.fr\/blog\/wp-content\/uploads\/2022\/01\/Championnats-dEurope-de-biathlon-La-Norvege-en-or-sur-le-relais-mixte-la-France-4eme.png","contentUrl":"https:\/\/dicodusport.fr\/blog\/wp-content\/uploads\/2022\/01\/Championnats-dEurope-de-biathlon-La-Norvege-en-or-sur-le-relais-mixte-la-France-4eme.png","width":800,"height":445,"caption":"Championnats d'Europe de biathlon La Norv\u00e8ge en or sur le relais mixte, la France 4\u00e8meChampionnats d'Europe de biathlon La Norv\u00e8ge en or sur le relais mixte, la France 4\u00e8me"},{"@type":"BreadcrumbList","@id":"https:\/\/dicodusport.fr\/blog\/championnats-d-europe-de-biathlon-norvege-en-or-relais-mixte-france-4eme\/#breadcrumb","itemListElement":[{"@type":"ListItem","position":1,"name":"Accueil","item":"https:\/\/dicodusport.fr\/blog\/"},{"@type":"ListItem","position":2,"name":"Championnats d&rsquo;Europe de biathlon : La Norv\u00e8ge en or sur le relais mixte, la France 4\u00e8me"}]},{"@type":"WebSite","@id":"https:\/\/dicodusport.fr\/blog\/#website","url":"https:\/\/dicodusport.fr\/blog\/","name":"Dicodusport","description":"L&#039;encyclop\u00e9die de l&#039;actualit\u00e9 sportive","publisher":{"@id":"https:\/\/dicodusport.fr\/blog\/#organization"},"potentialAction":[{"@type":"SearchAction","target":{"@type":"EntryPoint","urlTemplate":"https:\/\/dicodusport.fr\/blog\/?s={search_term_string}"},"query-input":{"@type":"PropertyValueSpecification","valueRequired":true,"valueName":"search_term_string"}}],"inLanguage":"fr-FR"},{"@type":"NewsMediaOrganization","@id":"https:\/\/dicodusport.fr\/blog\/#organization","name":"Dicodusport","url":"https:\/\/dicodusport.fr\/blog\/","logo":{"@type":"ImageObject","inLanguage":"fr-FR","@id":"https:\/\/dicodusport.fr\/blog\/#\/schema\/logo\/image\/","url":"https:\/\/dicodusport.fr\/blog\/wp-content\/uploads\/2020\/06\/cropped-LOGO-DICODUSPORT-2020-SANS-FOND-SANS-TEXTE.png","contentUrl":"https:\/\/dicodusport.fr\/blog\/wp-content\/uploads\/2020\/06\/cropped-LOGO-DICODUSPORT-2020-SANS-FOND-SANS-TEXTE.png","width":512,"height":512,"caption":"Dicodusport"},"image":{"@id":"https:\/\/dicodusport.fr\/blog\/#\/schema\/logo\/image\/"},"sameAs":["https:\/\/www.facebook.com\/dicodusport","https:\/\/x.com\/dicodusport","https:\/\/www.instagram.com\/dicodusport\/","https:\/\/www.youtube.com\/channel\/UC7V2KZ5sd3htJivAbA4ZG3w"],"description":"Dicodusport est l'encyclop\u00e9die de l'actualit\u00e9 sportive.","email":"bonjour@dicodusport.fr","legalName":"DICODUSPORT","foundingDate":"2018-01-14","vatID":"FR71834470973","taxID":"83447097300043","numberOfEmployees":{"@type":"QuantitativeValue","minValue":"1","maxValue":"10"}},{"@type":"Person","@id":"https:\/\/dicodusport.fr\/blog\/#\/schema\/person\/cb02af4c173ce4a653b55e9baf388d4a","name":"Flo Ostermann","image":{"@type":"ImageObject","inLanguage":"fr-FR","@id":"https:\/\/dicodusport.fr\/blog\/#\/schema\/person\/image\/","url":"https:\/\/dicodusport.fr\/blog\/wp-content\/uploads\/2021\/05\/Flo-Ostermann-150x150.jpg","contentUrl":"https:\/\/dicodusport.fr\/blog\/wp-content\/uploads\/2021\/05\/Flo-Ostermann-150x150.jpg","caption":"Flo Ostermann"},"description":"Journaliste\/R\u00e9dacteur depuis septembre 2015 - Mes premiers souvenirs dans le sport ? Les envol\u00e9es du Stade Toulousain et les duels Villeneuve-Schumacher et H\u00e4kkinen-Schumacher \u00e0 la fin des ann\u00e9es 90, la Coupe du monde de football en 1998, l\u2019exploit du XV de France face aux All Blacks en 1999, mais aussi Richard C\u0153ur de Lion qui vole sur les montagnes du Tour de France. Bien parti pour devenir professeur d\u2019EPS, les \u00e9v\u00e9nements de la vie (et la flemme d\u2019animer des s\u00e9ances de 3x500 m\u00e8tres toute ma vie) m\u2019ont conduit \u00e0 revoir mes plans. Me voil\u00e0 depuis fin 2017 sur Dicodusport, m\u00e9dia gr\u00e2ce (et pour) lequel je partage ma passion : le sport dans tous ses \u00e9tats. Le tout accompagn\u00e9 par les fous furieux et folles furieuses cit\u00e9s sur cette page !","sameAs":["https:\/\/www.facebook.com\/florent.ostermann","https:\/\/x.com\/https:\/\/twitter.com\/FlOstermann","admin"],"url":"https:\/\/dicodusport.fr\/blog\/author\/flo\/"}]}},"_links":{"self":[{"href":"https:\/\/dicodusport.fr\/blog\/wp-json\/wp\/v2\/posts\/195581","targetHints":{"allow":["GET"]}}],"collection":[{"href":"https:\/\/dicodusport.fr\/blog\/wp-json\/wp\/v2\/posts"}],"about":[{"href":"https:\/\/dicodusport.fr\/blog\/wp-json\/wp\/v2\/types\/post"}],"author":[{"embeddable":true,"href":"https:\/\/dicodusport.fr\/blog\/wp-json\/wp\/v2\/users\/4"}],"replies":[{"embeddable":true,"href":"https:\/\/dicodusport.fr\/blog\/wp-json\/wp\/v2\/comments?post=195581"}],"version-history":[{"count":0,"href":"https:\/\/dicodusport.fr\/blog\/wp-json\/wp\/v2\/posts\/195581\/revisions"}],"wp:featuredmedia":[{"embeddable":true,"href":"https:\/\/dicodusport.fr\/blog\/wp-json\/wp\/v2\/media\/195602"}],"wp:attachment":[{"href":"https:\/\/dicodusport.fr\/blog\/wp-json\/wp\/v2\/media?parent=195581"}],"wp:term":[{"taxonomy":"category","embeddable":true,"href":"https:\/\/dicodusport.fr\/blog\/wp-json\/wp\/v2\/categories?post=195581"},{"taxonomy":"post_tag","embeddable":true,"href":"https:\/\/dicodusport.fr\/blog\/wp-json\/wp\/v2\/tags?post=195581"}],"curies":[{"name":"wp","href":"https:\/\/api.w.org\/{rel}","templated":true}]}}