{"id":195957,"date":"2022-01-31T09:13:52","date_gmt":"2022-01-31T08:13:52","guid":{"rendered":"https:\/\/dicodusport.fr\/blog\/?p=195957&#038;preview=true&#038;preview_id=195957"},"modified":"2022-01-31T09:28:46","modified_gmt":"2022-01-31T08:28:46","slug":"pierre-mignoni-pourrait-quitter-le-lou-a-la-fin-de-la-saison","status":"publish","type":"post","link":"https:\/\/dicodusport.fr\/blog\/pierre-mignoni-pourrait-quitter-le-lou-a-la-fin-de-la-saison\/","title":{"rendered":"Pierre Mignoni pourrait quitter le LOU \u00e0 la fin de la saison"},"content":{"rendered":"<p style=\"text-align: justify;\"><strong><em>TOP 14 &#8211; Selon nos confr\u00e8res du Midi Olympique, Pierre Mignoni pourrait quitte le LOU \u00e0 la fin de la saison 2021-2022. Les derniers indices ne font plus beaucoup de doutes.<\/em><\/strong><\/p>\n<p style=\"text-align: justify;\">Bien qu&rsquo;engag\u00e9 avec Lyon jusqu&rsquo;en juin 2023, l&rsquo;aventure lyonnaise de l&rsquo;ancien demi de m\u00eal\u00e9e <strong>Pierre Mignoni<\/strong> pourrait s&rsquo;arr\u00eater dans quelques mois. Depuis plusieurs semaines, l&rsquo;avenir de <strong>Pierre Mignoni<\/strong> est au c\u0153ur des d\u00e9bats, et il aurait finalement d\u00e9clin\u00e9 la proposition de prolongation de cinq ans faite par le club, il y a deux mois de cela. Toujours sous contrat pour une saison de plus, il pourrait n\u00e9anmoins avoir un bon de sortie en juin, comme l&rsquo;a laiss\u00e9 entendre le pr\u00e9sident du club <strong>Yann Roubert<\/strong> \u00e0 certains de ses confr\u00e8res. Si rien n&rsquo;est encore act\u00e9, une d\u00e9cision finale sur le cas <strong>Mignoni<\/strong> devrait \u00eatre rendue publique sous une dizaine de jours.<\/p>\n<blockquote class=\"twitter-tweet\">\n<p dir=\"ltr\" lang=\"fr\">Place aux Bleus en Une de Midi Olympique !<br \/>\nPour lire le journal d\u00e8s maintenant &gt; <a href=\"https:\/\/t.co\/hQKiIpWa0l\">https:\/\/t.co\/hQKiIpWa0l<\/a> <a href=\"https:\/\/t.co\/FrusnfQtr8\">pic.twitter.com\/FrusnfQtr8<\/a><\/p>\n<p>\u2014 Midi Olympique (@midi_olympique) <a href=\"https:\/\/twitter.com\/midi_olympique\/status\/1487917350225686533?ref_src=twsrc%5Etfw\">January 30, 2022<\/a><\/p><\/blockquote>\n<p><script async src=\"https:\/\/platform.twitter.com\/widgets.js\" charset=\"utf-8\"><\/script><\/p>\n<p>&nbsp;<\/p>\n","protected":false},"excerpt":{"rendered":"<p>TOP 14 &#8211; Selon nos confr\u00e8res du Midi Olympique, Pierre Mignoni pourrait quitte le LOU \u00e0 la fin de la saison 2021-2022. Les derniers indices ne font plus beaucoup de doutes.<\/p>\n","protected":false},"author":1,"featured_media":195962,"comment_status":"open","ping_status":"closed","sticky":false,"template":"","format":"standard","meta":{"_acf_changed":false,"_daextam_enable_autolinks":"","footnotes":""},"categories":[47050],"tags":[2812,7516],"class_list":["post-195957","post","type-post","status-publish","format-standard","has-post-thumbnail","hentry","category-top-14","tag-lou","tag-pierre-mignoni"],"acf":[],"yoast_head":"<!-- This site is optimized with the Yoast SEO Premium plugin v26.7 (Yoast SEO v26.7) - https:\/\/yoast.com\/wordpress\/plugins\/seo\/ -->\n<title>Pierre Mignoni pourrait quitter le LOU \u00e0 la fin de la saison<\/title>\n<meta name=\"description\" content=\"TOP 14 - Selon nos confr\u00e8res du Midi Olympique, Pierre Mignoni pourrait quitte le LOU \u00e0 la fin de la saison 2021-2022.\" \/>\n<meta name=\"robots\" content=\"index, follow, max-snippet:-1, max-image-preview:large, max-video-preview:-1\" \/>\n<link rel=\"canonical\" href=\"https:\/\/dicodusport.fr\/blog\/pierre-mignoni-pourrait-quitter-le-lou-a-la-fin-de-la-saison\/\" \/>\n<meta property=\"og:locale\" content=\"fr_FR\" \/>\n<meta property=\"og:type\" content=\"article\" \/>\n<meta property=\"og:title\" content=\"Pierre Mignoni pourrait quitter le LOU \u00e0 la fin de la saison\" \/>\n<meta property=\"og:description\" content=\"TOP 14 - Selon nos confr\u00e8res du Midi Olympique, Pierre Mignoni pourrait quitte le LOU \u00e0 la fin de la saison 2021-2022.\" \/>\n<meta property=\"og:url\" content=\"https:\/\/dicodusport.fr\/blog\/pierre-mignoni-pourrait-quitter-le-lou-a-la-fin-de-la-saison\/\" \/>\n<meta property=\"og:site_name\" content=\"Dicodusport\" \/>\n<meta property=\"article:publisher\" content=\"https:\/\/www.facebook.com\/dicodusport\" \/>\n<meta property=\"article:author\" content=\"https:\/\/www.facebook.com\/dicodusport\" \/>\n<meta property=\"article:published_time\" content=\"2022-01-31T08:13:52+00:00\" \/>\n<meta property=\"article:modified_time\" content=\"2022-01-31T08:28:46+00:00\" \/>\n<meta property=\"og:image\" content=\"https:\/\/dicodusport.fr\/blog\/wp-content\/uploads\/2022\/01\/Pierre-Mignoni-pourrait-quitter-le-LOU-a\u0300-la-fin-de-la-saison.png\" \/>\n\t<meta property=\"og:image:width\" content=\"800\" \/>\n\t<meta property=\"og:image:height\" content=\"445\" \/>\n\t<meta property=\"og:image:type\" content=\"image\/png\" \/>\n<meta name=\"author\" content=\"Nicolas Jacquemard\" \/>\n<meta name=\"twitter:card\" content=\"summary_large_image\" \/>\n<meta name=\"twitter:title\" content=\"Pierre Mignoni pourrait quitter le LOU \u00e0 la fin de la saison\" \/>\n<meta name=\"twitter:creator\" content=\"@https:\/\/twitter.com\/Nico_Jacquemard\" \/>\n<meta name=\"twitter:site\" content=\"@dicodusport\" \/>\n<script type=\"application\/ld+json\" class=\"yoast-schema-graph\">{\"@context\":\"https:\/\/schema.org\",\"@graph\":[{\"@type\":\"NewsArticle\",\"@id\":\"https:\/\/dicodusport.fr\/blog\/pierre-mignoni-pourrait-quitter-le-lou-a-la-fin-de-la-saison\/#article\",\"isPartOf\":{\"@id\":\"https:\/\/dicodusport.fr\/blog\/pierre-mignoni-pourrait-quitter-le-lou-a-la-fin-de-la-saison\/\"},\"author\":{\"name\":\"Nicolas Jacquemard\",\"@id\":\"https:\/\/dicodusport.fr\/blog\/#\/schema\/person\/55dcb50ad410894e431ed812bbb70191\"},\"headline\":\"Pierre Mignoni pourrait quitter le LOU \u00e0 la fin de la saison\",\"datePublished\":\"2022-01-31T08:13:52+00:00\",\"dateModified\":\"2022-01-31T08:28:46+00:00\",\"mainEntityOfPage\":{\"@id\":\"https:\/\/dicodusport.fr\/blog\/pierre-mignoni-pourrait-quitter-le-lou-a-la-fin-de-la-saison\/\"},\"wordCount\":198,\"commentCount\":0,\"publisher\":{\"@id\":\"https:\/\/dicodusport.fr\/blog\/#organization\"},\"image\":{\"@id\":\"https:\/\/dicodusport.fr\/blog\/pierre-mignoni-pourrait-quitter-le-lou-a-la-fin-de-la-saison\/#primaryimage\"},\"thumbnailUrl\":\"https:\/\/dicodusport.fr\/blog\/wp-content\/uploads\/2022\/01\/Pierre-Mignoni-pourrait-quitter-le-LOU-a\u0300-la-fin-de-la-saison.png\",\"keywords\":[\"LOU\",\"Pierre Mignoni\"],\"articleSection\":[\"Top 14\"],\"inLanguage\":\"fr-FR\",\"potentialAction\":[{\"@type\":\"CommentAction\",\"name\":\"Comment\",\"target\":[\"https:\/\/dicodusport.fr\/blog\/pierre-mignoni-pourrait-quitter-le-lou-a-la-fin-de-la-saison\/#respond\"]}],\"copyrightYear\":\"2022\",\"copyrightHolder\":{\"@id\":\"https:\/\/dicodusport.fr\/blog\/#organization\"}},{\"@type\":\"WebPage\",\"@id\":\"https:\/\/dicodusport.fr\/blog\/pierre-mignoni-pourrait-quitter-le-lou-a-la-fin-de-la-saison\/\",\"url\":\"https:\/\/dicodusport.fr\/blog\/pierre-mignoni-pourrait-quitter-le-lou-a-la-fin-de-la-saison\/\",\"name\":\"Pierre Mignoni pourrait quitter le LOU \u00e0 la fin de la saison\",\"isPartOf\":{\"@id\":\"https:\/\/dicodusport.fr\/blog\/#website\"},\"primaryImageOfPage\":{\"@id\":\"https:\/\/dicodusport.fr\/blog\/pierre-mignoni-pourrait-quitter-le-lou-a-la-fin-de-la-saison\/#primaryimage\"},\"image\":{\"@id\":\"https:\/\/dicodusport.fr\/blog\/pierre-mignoni-pourrait-quitter-le-lou-a-la-fin-de-la-saison\/#primaryimage\"},\"thumbnailUrl\":\"https:\/\/dicodusport.fr\/blog\/wp-content\/uploads\/2022\/01\/Pierre-Mignoni-pourrait-quitter-le-LOU-a\u0300-la-fin-de-la-saison.png\",\"datePublished\":\"2022-01-31T08:13:52+00:00\",\"dateModified\":\"2022-01-31T08:28:46+00:00\",\"description\":\"TOP 14 - Selon nos confr\u00e8res du Midi Olympique, Pierre Mignoni pourrait quitte le LOU \u00e0 la fin de la saison 2021-2022.\",\"breadcrumb\":{\"@id\":\"https:\/\/dicodusport.fr\/blog\/pierre-mignoni-pourrait-quitter-le-lou-a-la-fin-de-la-saison\/#breadcrumb\"},\"inLanguage\":\"fr-FR\",\"potentialAction\":[{\"@type\":\"ReadAction\",\"target\":[\"https:\/\/dicodusport.fr\/blog\/pierre-mignoni-pourrait-quitter-le-lou-a-la-fin-de-la-saison\/\"]}]},{\"@type\":\"ImageObject\",\"inLanguage\":\"fr-FR\",\"@id\":\"https:\/\/dicodusport.fr\/blog\/pierre-mignoni-pourrait-quitter-le-lou-a-la-fin-de-la-saison\/#primaryimage\",\"url\":\"https:\/\/dicodusport.fr\/blog\/wp-content\/uploads\/2022\/01\/Pierre-Mignoni-pourrait-quitter-le-LOU-a\u0300-la-fin-de-la-saison.png\",\"contentUrl\":\"https:\/\/dicodusport.fr\/blog\/wp-content\/uploads\/2022\/01\/Pierre-Mignoni-pourrait-quitter-le-LOU-a\u0300-la-fin-de-la-saison.png\",\"width\":800,\"height\":445},{\"@type\":\"BreadcrumbList\",\"@id\":\"https:\/\/dicodusport.fr\/blog\/pierre-mignoni-pourrait-quitter-le-lou-a-la-fin-de-la-saison\/#breadcrumb\",\"itemListElement\":[{\"@type\":\"ListItem\",\"position\":1,\"name\":\"Accueil\",\"item\":\"https:\/\/dicodusport.fr\/blog\/\"},{\"@type\":\"ListItem\",\"position\":2,\"name\":\"Pierre Mignoni pourrait quitter le LOU \u00e0 la fin de la saison\"}]},{\"@type\":\"WebSite\",\"@id\":\"https:\/\/dicodusport.fr\/blog\/#website\",\"url\":\"https:\/\/dicodusport.fr\/blog\/\",\"name\":\"Dicodusport\",\"description\":\"L&#039;encyclop\u00e9die de l&#039;actualit\u00e9 sportive\",\"publisher\":{\"@id\":\"https:\/\/dicodusport.fr\/blog\/#organization\"},\"potentialAction\":[{\"@type\":\"SearchAction\",\"target\":{\"@type\":\"EntryPoint\",\"urlTemplate\":\"https:\/\/dicodusport.fr\/blog\/?s={search_term_string}\"},\"query-input\":{\"@type\":\"PropertyValueSpecification\",\"valueRequired\":true,\"valueName\":\"search_term_string\"}}],\"inLanguage\":\"fr-FR\"},{\"@type\":\"NewsMediaOrganization\",\"@id\":\"https:\/\/dicodusport.fr\/blog\/#organization\",\"name\":\"Dicodusport\",\"url\":\"https:\/\/dicodusport.fr\/blog\/\",\"logo\":{\"@type\":\"ImageObject\",\"inLanguage\":\"fr-FR\",\"@id\":\"https:\/\/dicodusport.fr\/blog\/#\/schema\/logo\/image\/\",\"url\":\"https:\/\/dicodusport.fr\/blog\/wp-content\/uploads\/2020\/06\/cropped-LOGO-DICODUSPORT-2020-SANS-FOND-SANS-TEXTE.png\",\"contentUrl\":\"https:\/\/dicodusport.fr\/blog\/wp-content\/uploads\/2020\/06\/cropped-LOGO-DICODUSPORT-2020-SANS-FOND-SANS-TEXTE.png\",\"width\":512,\"height\":512,\"caption\":\"Dicodusport\"},\"image\":{\"@id\":\"https:\/\/dicodusport.fr\/blog\/#\/schema\/logo\/image\/\"},\"sameAs\":[\"https:\/\/www.facebook.com\/dicodusport\",\"https:\/\/x.com\/dicodusport\",\"https:\/\/www.instagram.com\/dicodusport\/\",\"https:\/\/www.youtube.com\/channel\/UC7V2KZ5sd3htJivAbA4ZG3w\"],\"description\":\"Dicodusport est l'encyclop\u00e9die de l'actualit\u00e9 sportive.\",\"email\":\"bonjour@dicodusport.fr\",\"legalName\":\"DICODUSPORT\",\"foundingDate\":\"2018-01-14\",\"vatID\":\"FR71834470973\",\"taxID\":\"83447097300043\",\"numberOfEmployees\":{\"@type\":\"QuantitativeValue\",\"minValue\":\"1\",\"maxValue\":\"10\"}},{\"@type\":\"Person\",\"@id\":\"https:\/\/dicodusport.fr\/blog\/#\/schema\/person\/55dcb50ad410894e431ed812bbb70191\",\"name\":\"Nicolas Jacquemard\",\"image\":{\"@type\":\"ImageObject\",\"inLanguage\":\"fr-FR\",\"@id\":\"https:\/\/dicodusport.fr\/blog\/#\/schema\/person\/image\/\",\"url\":\"https:\/\/dicodusport.fr\/blog\/wp-content\/uploads\/2021\/05\/Nicolas-Jacquemard-150x150.jpeg\",\"contentUrl\":\"https:\/\/dicodusport.fr\/blog\/wp-content\/uploads\/2021\/05\/Nicolas-Jacquemard-150x150.jpeg\",\"caption\":\"Nicolas Jacquemard\"},\"description\":\"Passionn\u00e9 de sport et entrepreneur depuis mes 18 ans, la cr\u00e9ation de Dicodusport m'a sembl\u00e9 \u00e9vidente pour participer \u00e0 la m\u00e9diatisation d'un plus grand nombre de sports. Le chemin est long mais avec une \u00e9quipe des plus motiv\u00e9es et les Jeux Olympiques de Paris 2024 en point de mire, nous y arriverons ! Journaliste dans le monde du sport depuis plus de 5 ans, je traite aussi bien de football, de rugby, de biathlon que de cyclisme.\",\"sameAs\":[\"https:\/\/www.facebook.com\/dicodusport\",\"https:\/\/x.com\/https:\/\/twitter.com\/Nico_Jacquemard\"],\"url\":\"https:\/\/dicodusport.fr\/blog\/author\/dicodusport\/\"}]}<\/script>\n<!-- \/ Yoast SEO Premium plugin. -->","yoast_head_json":{"title":"Pierre Mignoni pourrait quitter le LOU \u00e0 la fin de la saison","description":"TOP 14 - Selon nos confr\u00e8res du Midi Olympique, Pierre Mignoni pourrait quitte le LOU \u00e0 la fin de la saison 2021-2022.","robots":{"index":"index","follow":"follow","max-snippet":"max-snippet:-1","max-image-preview":"max-image-preview:large","max-video-preview":"max-video-preview:-1"},"canonical":"https:\/\/dicodusport.fr\/blog\/pierre-mignoni-pourrait-quitter-le-lou-a-la-fin-de-la-saison\/","og_locale":"fr_FR","og_type":"article","og_title":"Pierre Mignoni pourrait quitter le LOU \u00e0 la fin de la saison","og_description":"TOP 14 - Selon nos confr\u00e8res du Midi Olympique, Pierre Mignoni pourrait quitte le LOU \u00e0 la fin de la saison 2021-2022.","og_url":"https:\/\/dicodusport.fr\/blog\/pierre-mignoni-pourrait-quitter-le-lou-a-la-fin-de-la-saison\/","og_site_name":"Dicodusport","article_publisher":"https:\/\/www.facebook.com\/dicodusport","article_author":"https:\/\/www.facebook.com\/dicodusport","article_published_time":"2022-01-31T08:13:52+00:00","article_modified_time":"2022-01-31T08:28:46+00:00","og_image":[{"width":800,"height":445,"url":"https:\/\/dicodusport.fr\/blog\/wp-content\/uploads\/2022\/01\/Pierre-Mignoni-pourrait-quitter-le-LOU-a\u0300-la-fin-de-la-saison.png","type":"image\/png"}],"author":"Nicolas Jacquemard","twitter_card":"summary_large_image","twitter_title":"Pierre Mignoni pourrait quitter le LOU \u00e0 la fin de la saison","twitter_creator":"@https:\/\/twitter.com\/Nico_Jacquemard","twitter_site":"@dicodusport","schema":{"@context":"https:\/\/schema.org","@graph":[{"@type":"NewsArticle","@id":"https:\/\/dicodusport.fr\/blog\/pierre-mignoni-pourrait-quitter-le-lou-a-la-fin-de-la-saison\/#article","isPartOf":{"@id":"https:\/\/dicodusport.fr\/blog\/pierre-mignoni-pourrait-quitter-le-lou-a-la-fin-de-la-saison\/"},"author":{"name":"Nicolas Jacquemard","@id":"https:\/\/dicodusport.fr\/blog\/#\/schema\/person\/55dcb50ad410894e431ed812bbb70191"},"headline":"Pierre Mignoni pourrait quitter le LOU \u00e0 la fin de la saison","datePublished":"2022-01-31T08:13:52+00:00","dateModified":"2022-01-31T08:28:46+00:00","mainEntityOfPage":{"@id":"https:\/\/dicodusport.fr\/blog\/pierre-mignoni-pourrait-quitter-le-lou-a-la-fin-de-la-saison\/"},"wordCount":198,"commentCount":0,"publisher":{"@id":"https:\/\/dicodusport.fr\/blog\/#organization"},"image":{"@id":"https:\/\/dicodusport.fr\/blog\/pierre-mignoni-pourrait-quitter-le-lou-a-la-fin-de-la-saison\/#primaryimage"},"thumbnailUrl":"https:\/\/dicodusport.fr\/blog\/wp-content\/uploads\/2022\/01\/Pierre-Mignoni-pourrait-quitter-le-LOU-a\u0300-la-fin-de-la-saison.png","keywords":["LOU","Pierre Mignoni"],"articleSection":["Top 14"],"inLanguage":"fr-FR","potentialAction":[{"@type":"CommentAction","name":"Comment","target":["https:\/\/dicodusport.fr\/blog\/pierre-mignoni-pourrait-quitter-le-lou-a-la-fin-de-la-saison\/#respond"]}],"copyrightYear":"2022","copyrightHolder":{"@id":"https:\/\/dicodusport.fr\/blog\/#organization"}},{"@type":"WebPage","@id":"https:\/\/dicodusport.fr\/blog\/pierre-mignoni-pourrait-quitter-le-lou-a-la-fin-de-la-saison\/","url":"https:\/\/dicodusport.fr\/blog\/pierre-mignoni-pourrait-quitter-le-lou-a-la-fin-de-la-saison\/","name":"Pierre Mignoni pourrait quitter le LOU \u00e0 la fin de la saison","isPartOf":{"@id":"https:\/\/dicodusport.fr\/blog\/#website"},"primaryImageOfPage":{"@id":"https:\/\/dicodusport.fr\/blog\/pierre-mignoni-pourrait-quitter-le-lou-a-la-fin-de-la-saison\/#primaryimage"},"image":{"@id":"https:\/\/dicodusport.fr\/blog\/pierre-mignoni-pourrait-quitter-le-lou-a-la-fin-de-la-saison\/#primaryimage"},"thumbnailUrl":"https:\/\/dicodusport.fr\/blog\/wp-content\/uploads\/2022\/01\/Pierre-Mignoni-pourrait-quitter-le-LOU-a\u0300-la-fin-de-la-saison.png","datePublished":"2022-01-31T08:13:52+00:00","dateModified":"2022-01-31T08:28:46+00:00","description":"TOP 14 - Selon nos confr\u00e8res du Midi Olympique, Pierre Mignoni pourrait quitte le LOU \u00e0 la fin de la saison 2021-2022.","breadcrumb":{"@id":"https:\/\/dicodusport.fr\/blog\/pierre-mignoni-pourrait-quitter-le-lou-a-la-fin-de-la-saison\/#breadcrumb"},"inLanguage":"fr-FR","potentialAction":[{"@type":"ReadAction","target":["https:\/\/dicodusport.fr\/blog\/pierre-mignoni-pourrait-quitter-le-lou-a-la-fin-de-la-saison\/"]}]},{"@type":"ImageObject","inLanguage":"fr-FR","@id":"https:\/\/dicodusport.fr\/blog\/pierre-mignoni-pourrait-quitter-le-lou-a-la-fin-de-la-saison\/#primaryimage","url":"https:\/\/dicodusport.fr\/blog\/wp-content\/uploads\/2022\/01\/Pierre-Mignoni-pourrait-quitter-le-LOU-a\u0300-la-fin-de-la-saison.png","contentUrl":"https:\/\/dicodusport.fr\/blog\/wp-content\/uploads\/2022\/01\/Pierre-Mignoni-pourrait-quitter-le-LOU-a\u0300-la-fin-de-la-saison.png","width":800,"height":445},{"@type":"BreadcrumbList","@id":"https:\/\/dicodusport.fr\/blog\/pierre-mignoni-pourrait-quitter-le-lou-a-la-fin-de-la-saison\/#breadcrumb","itemListElement":[{"@type":"ListItem","position":1,"name":"Accueil","item":"https:\/\/dicodusport.fr\/blog\/"},{"@type":"ListItem","position":2,"name":"Pierre Mignoni pourrait quitter le LOU \u00e0 la fin de la saison"}]},{"@type":"WebSite","@id":"https:\/\/dicodusport.fr\/blog\/#website","url":"https:\/\/dicodusport.fr\/blog\/","name":"Dicodusport","description":"L&#039;encyclop\u00e9die de l&#039;actualit\u00e9 sportive","publisher":{"@id":"https:\/\/dicodusport.fr\/blog\/#organization"},"potentialAction":[{"@type":"SearchAction","target":{"@type":"EntryPoint","urlTemplate":"https:\/\/dicodusport.fr\/blog\/?s={search_term_string}"},"query-input":{"@type":"PropertyValueSpecification","valueRequired":true,"valueName":"search_term_string"}}],"inLanguage":"fr-FR"},{"@type":"NewsMediaOrganization","@id":"https:\/\/dicodusport.fr\/blog\/#organization","name":"Dicodusport","url":"https:\/\/dicodusport.fr\/blog\/","logo":{"@type":"ImageObject","inLanguage":"fr-FR","@id":"https:\/\/dicodusport.fr\/blog\/#\/schema\/logo\/image\/","url":"https:\/\/dicodusport.fr\/blog\/wp-content\/uploads\/2020\/06\/cropped-LOGO-DICODUSPORT-2020-SANS-FOND-SANS-TEXTE.png","contentUrl":"https:\/\/dicodusport.fr\/blog\/wp-content\/uploads\/2020\/06\/cropped-LOGO-DICODUSPORT-2020-SANS-FOND-SANS-TEXTE.png","width":512,"height":512,"caption":"Dicodusport"},"image":{"@id":"https:\/\/dicodusport.fr\/blog\/#\/schema\/logo\/image\/"},"sameAs":["https:\/\/www.facebook.com\/dicodusport","https:\/\/x.com\/dicodusport","https:\/\/www.instagram.com\/dicodusport\/","https:\/\/www.youtube.com\/channel\/UC7V2KZ5sd3htJivAbA4ZG3w"],"description":"Dicodusport est l'encyclop\u00e9die de l'actualit\u00e9 sportive.","email":"bonjour@dicodusport.fr","legalName":"DICODUSPORT","foundingDate":"2018-01-14","vatID":"FR71834470973","taxID":"83447097300043","numberOfEmployees":{"@type":"QuantitativeValue","minValue":"1","maxValue":"10"}},{"@type":"Person","@id":"https:\/\/dicodusport.fr\/blog\/#\/schema\/person\/55dcb50ad410894e431ed812bbb70191","name":"Nicolas Jacquemard","image":{"@type":"ImageObject","inLanguage":"fr-FR","@id":"https:\/\/dicodusport.fr\/blog\/#\/schema\/person\/image\/","url":"https:\/\/dicodusport.fr\/blog\/wp-content\/uploads\/2021\/05\/Nicolas-Jacquemard-150x150.jpeg","contentUrl":"https:\/\/dicodusport.fr\/blog\/wp-content\/uploads\/2021\/05\/Nicolas-Jacquemard-150x150.jpeg","caption":"Nicolas Jacquemard"},"description":"Passionn\u00e9 de sport et entrepreneur depuis mes 18 ans, la cr\u00e9ation de Dicodusport m'a sembl\u00e9 \u00e9vidente pour participer \u00e0 la m\u00e9diatisation d'un plus grand nombre de sports. Le chemin est long mais avec une \u00e9quipe des plus motiv\u00e9es et les Jeux Olympiques de Paris 2024 en point de mire, nous y arriverons ! Journaliste dans le monde du sport depuis plus de 5 ans, je traite aussi bien de football, de rugby, de biathlon que de cyclisme.","sameAs":["https:\/\/www.facebook.com\/dicodusport","https:\/\/x.com\/https:\/\/twitter.com\/Nico_Jacquemard"],"url":"https:\/\/dicodusport.fr\/blog\/author\/dicodusport\/"}]}},"_links":{"self":[{"href":"https:\/\/dicodusport.fr\/blog\/wp-json\/wp\/v2\/posts\/195957","targetHints":{"allow":["GET"]}}],"collection":[{"href":"https:\/\/dicodusport.fr\/blog\/wp-json\/wp\/v2\/posts"}],"about":[{"href":"https:\/\/dicodusport.fr\/blog\/wp-json\/wp\/v2\/types\/post"}],"author":[{"embeddable":true,"href":"https:\/\/dicodusport.fr\/blog\/wp-json\/wp\/v2\/users\/1"}],"replies":[{"embeddable":true,"href":"https:\/\/dicodusport.fr\/blog\/wp-json\/wp\/v2\/comments?post=195957"}],"version-history":[{"count":0,"href":"https:\/\/dicodusport.fr\/blog\/wp-json\/wp\/v2\/posts\/195957\/revisions"}],"wp:featuredmedia":[{"embeddable":true,"href":"https:\/\/dicodusport.fr\/blog\/wp-json\/wp\/v2\/media\/195962"}],"wp:attachment":[{"href":"https:\/\/dicodusport.fr\/blog\/wp-json\/wp\/v2\/media?parent=195957"}],"wp:term":[{"taxonomy":"category","embeddable":true,"href":"https:\/\/dicodusport.fr\/blog\/wp-json\/wp\/v2\/categories?post=195957"},{"taxonomy":"post_tag","embeddable":true,"href":"https:\/\/dicodusport.fr\/blog\/wp-json\/wp\/v2\/tags?post=195957"}],"curies":[{"name":"wp","href":"https:\/\/api.w.org\/{rel}","templated":true}]}}