{"id":196150,"date":"2022-02-01T08:07:50","date_gmt":"2022-02-01T07:07:50","guid":{"rendered":"https:\/\/dicodusport.fr\/blog\/?p=196150"},"modified":"2022-02-01T22:15:33","modified_gmt":"2022-02-01T21:15:33","slug":"etoile-de-besseges-2022-le-parcours-en-detail","status":"publish","type":"post","link":"https:\/\/dicodusport.fr\/blog\/etoile-de-besseges-2022-le-parcours-en-detail\/","title":{"rendered":"\u00c9toile de Bess\u00e8ges 2022 : le parcours en d\u00e9tail"},"content":{"rendered":"<p style=\"text-align: justify;\"><em><strong>CYCLISME 2022 &#8211; La 52\u00e8me \u00e9dition de l&rsquo;\u00c9toile de Bess\u00e8ges &#8211; Tour du Gard se d\u00e9roulera du 2 au 6 f\u00e9vrier 2022. Les organisateurs proposeront 5 \u00e9tapes et 628,76 kilom\u00e8tres comme distance totale. 9 \u00e9quipes WorldTeam seront pr\u00e9sentes : AG2R Citro\u00ebn Team, Groupama-FDJ, Cofidis, UAE Team Emirates, INEOS Grenadiers, Israel-Premier Tech, Trek-Segafredo, Intermarch\u00e9-Wanty-Gobert Mat\u00e9riaux et EF Education-EasyPost.<\/strong> <\/em><\/p>\n<p style=\"text-align: justify;\">D&rsquo;abord, la premi\u00e8re \u00e9tape aura lieu traditionnellement autour de <strong>Bellegarde<\/strong> avec un profil tout plat. Le trac\u00e9 sera diff\u00e9rent des derni\u00e8res \u00e9ditions pass\u00e9es. Certes, le premier tour restera identique, mais la seconde boucle passera pr\u00e8s de Saint-Gilles autour de l&rsquo;\u00e9tang de <strong>Scamandre<\/strong> avant un dernier circuit par <strong>Fourques<\/strong>. La ligne d&rsquo;arriv\u00e9e sera plac\u00e9e sur la c\u00f4te des Ferri\u00e8res, une mont\u00e9e de 600 m\u00e8tres \u00e0 6,4 % de moyenne avec des rampes \u00e0 plus de 10 % au milieu de la c\u00f4te.<\/p>\n<h2 style=\"text-align: justify;\">Des difficult\u00e9s d\u00e8s le deuxi\u00e8me jour<\/h2>\n<p style=\"text-align: justify;\">Ensuite, la deuxi\u00e8me \u00e9tape sera disput\u00e9e entre <strong>Saint-Christol-l\u00e8z-Al\u00e8s<\/strong> et <strong>Rousson<\/strong>. L\u00e0 encore, de nombreux circuits seront propos\u00e9s. Le premier passera pr\u00e8s d&rsquo;Anduze avec la c\u00f4te de Lassale (9 km, 2,2%) et le second avec la c\u00f4te du Pradel (6,3 km \u00e0 4,4 % dont le sommet sera plac\u00e9 \u00e0 25 km du terme) et la mont\u00e9e du Plateau du Castellas (1,5 km, 6,6 %). Cette derni\u00e8re mont\u00e9e fera office d&rsquo;arriv\u00e9e avec 600 derniers m\u00e8tres tr\u00e8s durs \u00e0 plus de 12 %.<\/p>\n<p style=\"text-align: justify;\">Puis, le troisi\u00e8me jour se d\u00e9roulera autour de <strong>Bess\u00e8ges<\/strong> avec pr\u00e8s de 2200 m\u00e8tres de d\u00e9nivel\u00e9. La premi\u00e8re partie de la journ\u00e9e empruntera des routes vallonn\u00e9es d\u00e8s le d\u00e9part avec la c\u00f4te de Dieusses (5 km \u00e0 4,4%) et le Col de Portes (6,6 km \u00e0 3,8 %). Le reste de l&rsquo;\u00e9tape proposera d&rsquo;autres bosses avec la c\u00f4te de Tharaux (4,5 km \u00e0 4,2 %). Si la diff\u00e9rence n&rsquo;a pas \u00e9t\u00e9 faite avant, l\u2019ascension des Brousses (4,3 km \u00e0 4 %) et de Tr\u00e9lis (3,50 km \u00e0 6 %, \u00e0 10 km de l&rsquo;arriv\u00e9e) pourront permettre de cr\u00e9er une s\u00e9lection entre les favoris. Contrairement aux \u00e9tapes pr\u00e9c\u00e9dentes, l&rsquo;arriv\u00e9e sera jug\u00e9e sur du plat.<\/p>\n<h2 style=\"text-align: justify;\">Le retour du <strong>Mont Bouquet avant le chrono final<\/strong><\/h2>\n<p style=\"text-align: justify;\">Par la suite, la quatri\u00e8me \u00e9tape sera l&rsquo;\u00e9tape reine de cette \u00e9dition entre <strong>Saint-Hilaire-de-Brethmas<\/strong> et une nouvelle arriv\u00e9e au sommet au <strong>Mont Bouquet<\/strong> (4,6 km \u00e0 9 %) avec plus de 2300 m\u00e8tres de d\u00e9nivel\u00e9. En 2020, Ben O&rsquo;Connor s&rsquo;\u00e9tait impos\u00e9 au sommet pr\u00e8s de la Chapelle abritant une Vierge. Le reste du parcours sera presque plat avec juste la C\u00f4te des Concluses (5,8 km \u00e0 2,6 %) \u00e0 gravir \u00e0 plus de 35 km de la fin.<\/p>\n<p style=\"text-align: justify;\">Enfin, la derni\u00e8re \u00e9tape sera le contre-la-montre disput\u00e9 autour d&rsquo;<strong>Al\u00e8s<\/strong>, long d&rsquo;un peu plus de 10 kilom\u00e8tres, en longeant le Gardon avant d&rsquo;attaquer la c\u00f4te de l&rsquo;Ermitage (2,2 km, 5,5%). Les \u00e9tapes de l\u2019\u00c9toile de Bess\u00e8ges sont diffus\u00e9es tous les jours sur La Cha\u00eene L&rsquo;\u00c9quipe avec l\u2019\u00e9mission <em>\u00c7a va frotter<\/em>, avant et apr\u00e8s chaque \u00e9tape. Nos voisins belges pourront suivre la course sur la RTBF.<\/p>\n<h2 style=\"text-align: justify;\">La carte du parcours de l&rsquo;\u00c9toile de Bess\u00e8ges 2022<\/h2>\n<div id=\"attachment_196179\" style=\"width: 2022px\" class=\"wp-caption aligncenter\"><a href=\"https:\/\/dicodusport.fr\/blog\/wp-content\/uploads\/2022\/01\/La-carte-du-parcours-de-lEtoile-de-Besseges-2022.jpg\"><img loading=\"lazy\" decoding=\"async\" aria-describedby=\"caption-attachment-196179\" class=\"size-full wp-image-196179\" src=\"https:\/\/dicodusport.fr\/blog\/wp-content\/uploads\/2022\/01\/La-carte-du-parcours-de-lEtoile-de-Besseges-2022.jpg\" alt=\"La carte du parcours de l'\u00c9toile de Bess\u00e8ges 2022\" width=\"2012\" height=\"1672\" srcset=\"https:\/\/dicodusport.fr\/blog\/wp-content\/uploads\/2022\/01\/La-carte-du-parcours-de-lEtoile-de-Besseges-2022.jpg 2012w, https:\/\/dicodusport.fr\/blog\/wp-content\/uploads\/2022\/01\/La-carte-du-parcours-de-lEtoile-de-Besseges-2022-300x249.jpg 300w, https:\/\/dicodusport.fr\/blog\/wp-content\/uploads\/2022\/01\/La-carte-du-parcours-de-lEtoile-de-Besseges-2022-1024x851.jpg 1024w, https:\/\/dicodusport.fr\/blog\/wp-content\/uploads\/2022\/01\/La-carte-du-parcours-de-lEtoile-de-Besseges-2022-768x638.jpg 768w, https:\/\/dicodusport.fr\/blog\/wp-content\/uploads\/2022\/01\/La-carte-du-parcours-de-lEtoile-de-Besseges-2022-1536x1276.jpg 1536w\" sizes=\"auto, (max-width: 2012px) 100vw, 2012px\" \/><\/a><p id=\"caption-attachment-196179\" class=\"wp-caption-text\">La carte du parcours de l&rsquo;\u00c9toile de Bess\u00e8ges 2022 &#8211; Via Pro Cycling Stats<\/p><\/div>\n<h2 style=\"text-align: justify;\">Palmar\u00e8s :<\/h2>\n<p style=\"text-align: justify;\">2021 &#8211; WELLENS Tim<br \/>\n2020 &#8211; COSNEFROY Beno\u00eet<br \/>\n2019 &#8211; LAPORTE Christophe<br \/>\n2018 &#8211; GALLOPIN Tony<br \/>\n2017 &#8211; CALMEJANE Lilian<br \/>\n2016 &#8211; COPPEL J\u00e9r\u00f4me<br \/>\n2015 &#8211; JUNGELS Bob<br \/>\n2014 &#8211; LUDVIGSSON Tobias<br \/>\n2013 &#8211; HIVERT Jonathan<br \/>\n2012- COPPEL J\u00e9r\u00f4me<\/p>\n<h2 style=\"text-align: justify;\"><strong>\u00c0 lire aussi<\/strong><\/h2>\n<ul>\n<li style=\"text-align: justify;\"><a href=\"https:\/\/dicodusport.fr\/blog\/etoile-de-besseges-2022-le-profil-des-etapes\/\"><strong>Le profil des \u00e9tapes de l&rsquo;\u00c9toile de Bess\u00e8ges<\/strong><\/a><\/li>\n<li><a href=\"https:\/\/dicodusport.fr\/blog\/les-engages-de-etoile-de-besseges-2022\/\" target=\"_blank\" rel=\"noopener\"><strong>\u00c9toile de Bess\u00e8ges 2022 : la liste des engag\u00e9s<\/strong><\/a><\/li>\n<li style=\"text-align: justify;\"><a href=\"https:\/\/dicodusport.fr\/blog\/etoile-de-besseges-2022-programme-des-etapes-et-resultats\/\"><strong>Programme des \u00e9tapes et r\u00e9sultats de l&rsquo;\u00c9toile des Bess\u00e8ges<\/strong><\/a><\/li>\n<\/ul>\n","protected":false},"excerpt":{"rendered":"<p>CYCLISME 2022 &#8211; La 52\u00e8me \u00e9dition de l&rsquo;\u00c9toile de Bess\u00e8ges &#8211; Tour du Gard se d\u00e9roulera du 2 au 6 f\u00e9vrier 2022. Les organisateurs proposeront 5 \u00e9tapes et 628,76 kilom\u00e8tres comme distance totale. 9 \u00e9quipes WorldTeam seront pr\u00e9sentes : AG2R Citro\u00ebn Team, Groupama-FDJ, Cofidis, UAE Team Emirates, INEOS Grenadiers, Israel-Premier Tech, Trek-Segafredo, Intermarch\u00e9-Wanty-Gobert Mat\u00e9riaux et EF Education-EasyPost.<\/p>\n","protected":false},"author":48,"featured_media":196176,"comment_status":"open","ping_status":"closed","sticky":false,"template":"","format":"standard","meta":{"_acf_changed":false,"_daextam_enable_autolinks":"","footnotes":""},"categories":[46994],"tags":[3119,3645],"class_list":["post-196150","post","type-post","status-publish","format-standard","has-post-thumbnail","hentry","category-cyclisme-sur-route","tag-actualite-cyclisme","tag-etoile-de-besseges"],"acf":[],"yoast_head":"<!-- This site is optimized with the Yoast SEO Premium plugin v26.7 (Yoast SEO v26.7) - https:\/\/yoast.com\/wordpress\/plugins\/seo\/ -->\n<title>\u00c9toile de Bess\u00e8ges 2022 : le parcours en d\u00e9tail<\/title>\n<meta name=\"description\" content=\"CYCLISME 2022 - La 52\u00e8me \u00e9dition de l&#039;\u00c9toile de Bess\u00e8ges - Tour du Gard se d\u00e9roulera du 2 au 6 f\u00e9vrier 2022. Le parcours en d\u00e9tail.\" \/>\n<meta name=\"robots\" content=\"index, follow, max-snippet:-1, max-image-preview:large, max-video-preview:-1\" \/>\n<link rel=\"canonical\" href=\"https:\/\/dicodusport.fr\/blog\/etoile-de-besseges-2022-le-parcours-en-detail\/\" \/>\n<meta property=\"og:locale\" content=\"fr_FR\" \/>\n<meta property=\"og:type\" content=\"article\" \/>\n<meta property=\"og:title\" content=\"\u00c9toile de Bess\u00e8ges 2022 : le parcours en d\u00e9tail\" \/>\n<meta property=\"og:description\" content=\"CYCLISME 2022 - La 52\u00e8me \u00e9dition de l&#039;\u00c9toile de Bess\u00e8ges - Tour du Gard se d\u00e9roulera du 2 au 6 f\u00e9vrier 2022. Le parcours en d\u00e9tail.\" \/>\n<meta property=\"og:url\" content=\"https:\/\/dicodusport.fr\/blog\/etoile-de-besseges-2022-le-parcours-en-detail\/\" \/>\n<meta property=\"og:site_name\" content=\"Dicodusport\" \/>\n<meta property=\"article:publisher\" content=\"https:\/\/www.facebook.com\/dicodusport\" \/>\n<meta property=\"article:author\" content=\"https:\/\/www.facebook.com\/groups\/LesRoisDuPeloton\" \/>\n<meta property=\"article:published_time\" content=\"2022-02-01T07:07:50+00:00\" \/>\n<meta property=\"article:modified_time\" content=\"2022-02-01T21:15:33+00:00\" \/>\n<meta property=\"og:image\" content=\"https:\/\/dicodusport.fr\/blog\/wp-content\/uploads\/2022\/01\/Etoile-de-Besseges-2022-le-parcours-en-detail.png\" \/>\n\t<meta property=\"og:image:width\" content=\"800\" \/>\n\t<meta property=\"og:image:height\" content=\"445\" \/>\n\t<meta property=\"og:image:type\" content=\"image\/png\" \/>\n<meta name=\"author\" content=\"Emilien Descampiaux\" \/>\n<meta name=\"twitter:card\" content=\"summary_large_image\" \/>\n<meta name=\"twitter:creator\" content=\"@https:\/\/twitter.com\/LRoisDuPeloton\" \/>\n<meta name=\"twitter:site\" content=\"@dicodusport\" \/>\n<script type=\"application\/ld+json\" class=\"yoast-schema-graph\">{\"@context\":\"https:\/\/schema.org\",\"@graph\":[{\"@type\":\"NewsArticle\",\"@id\":\"https:\/\/dicodusport.fr\/blog\/etoile-de-besseges-2022-le-parcours-en-detail\/#article\",\"isPartOf\":{\"@id\":\"https:\/\/dicodusport.fr\/blog\/etoile-de-besseges-2022-le-parcours-en-detail\/\"},\"author\":{\"name\":\"Emilien Descampiaux\",\"@id\":\"https:\/\/dicodusport.fr\/blog\/#\/schema\/person\/6db4bae06b171592211be385b32876a7\"},\"headline\":\"\u00c9toile de Bess\u00e8ges 2022 : le parcours en d\u00e9tail\",\"datePublished\":\"2022-02-01T07:07:50+00:00\",\"dateModified\":\"2022-02-01T21:15:33+00:00\",\"mainEntityOfPage\":{\"@id\":\"https:\/\/dicodusport.fr\/blog\/etoile-de-besseges-2022-le-parcours-en-detail\/\"},\"wordCount\":629,\"commentCount\":0,\"publisher\":{\"@id\":\"https:\/\/dicodusport.fr\/blog\/#organization\"},\"image\":{\"@id\":\"https:\/\/dicodusport.fr\/blog\/etoile-de-besseges-2022-le-parcours-en-detail\/#primaryimage\"},\"thumbnailUrl\":\"https:\/\/dicodusport.fr\/blog\/wp-content\/uploads\/2022\/01\/Etoile-de-Besseges-2022-le-parcours-en-detail.png\",\"keywords\":[\"Actualit\u00e9 Cyclisme\",\"Etoile de Bess\u00e8ges\"],\"articleSection\":[\"Cyclisme sur route\"],\"inLanguage\":\"fr-FR\",\"potentialAction\":[{\"@type\":\"CommentAction\",\"name\":\"Comment\",\"target\":[\"https:\/\/dicodusport.fr\/blog\/etoile-de-besseges-2022-le-parcours-en-detail\/#respond\"]}],\"copyrightYear\":\"2022\",\"copyrightHolder\":{\"@id\":\"https:\/\/dicodusport.fr\/blog\/#organization\"}},{\"@type\":\"WebPage\",\"@id\":\"https:\/\/dicodusport.fr\/blog\/etoile-de-besseges-2022-le-parcours-en-detail\/\",\"url\":\"https:\/\/dicodusport.fr\/blog\/etoile-de-besseges-2022-le-parcours-en-detail\/\",\"name\":\"\u00c9toile de Bess\u00e8ges 2022 : le parcours en d\u00e9tail\",\"isPartOf\":{\"@id\":\"https:\/\/dicodusport.fr\/blog\/#website\"},\"primaryImageOfPage\":{\"@id\":\"https:\/\/dicodusport.fr\/blog\/etoile-de-besseges-2022-le-parcours-en-detail\/#primaryimage\"},\"image\":{\"@id\":\"https:\/\/dicodusport.fr\/blog\/etoile-de-besseges-2022-le-parcours-en-detail\/#primaryimage\"},\"thumbnailUrl\":\"https:\/\/dicodusport.fr\/blog\/wp-content\/uploads\/2022\/01\/Etoile-de-Besseges-2022-le-parcours-en-detail.png\",\"datePublished\":\"2022-02-01T07:07:50+00:00\",\"dateModified\":\"2022-02-01T21:15:33+00:00\",\"description\":\"CYCLISME 2022 - La 52\u00e8me \u00e9dition de l'\u00c9toile de Bess\u00e8ges - Tour du Gard se d\u00e9roulera du 2 au 6 f\u00e9vrier 2022. Le parcours en d\u00e9tail.\",\"breadcrumb\":{\"@id\":\"https:\/\/dicodusport.fr\/blog\/etoile-de-besseges-2022-le-parcours-en-detail\/#breadcrumb\"},\"inLanguage\":\"fr-FR\",\"potentialAction\":[{\"@type\":\"ReadAction\",\"target\":[\"https:\/\/dicodusport.fr\/blog\/etoile-de-besseges-2022-le-parcours-en-detail\/\"]}]},{\"@type\":\"ImageObject\",\"inLanguage\":\"fr-FR\",\"@id\":\"https:\/\/dicodusport.fr\/blog\/etoile-de-besseges-2022-le-parcours-en-detail\/#primaryimage\",\"url\":\"https:\/\/dicodusport.fr\/blog\/wp-content\/uploads\/2022\/01\/Etoile-de-Besseges-2022-le-parcours-en-detail.png\",\"contentUrl\":\"https:\/\/dicodusport.fr\/blog\/wp-content\/uploads\/2022\/01\/Etoile-de-Besseges-2022-le-parcours-en-detail.png\",\"width\":800,\"height\":445,\"caption\":\"\u00c9toile de Bess\u00e8ges 2022 le parcours en d\u00e9tail\"},{\"@type\":\"BreadcrumbList\",\"@id\":\"https:\/\/dicodusport.fr\/blog\/etoile-de-besseges-2022-le-parcours-en-detail\/#breadcrumb\",\"itemListElement\":[{\"@type\":\"ListItem\",\"position\":1,\"name\":\"Accueil\",\"item\":\"https:\/\/dicodusport.fr\/blog\/\"},{\"@type\":\"ListItem\",\"position\":2,\"name\":\"\u00c9toile de Bess\u00e8ges 2022 : le parcours en d\u00e9tail\"}]},{\"@type\":\"WebSite\",\"@id\":\"https:\/\/dicodusport.fr\/blog\/#website\",\"url\":\"https:\/\/dicodusport.fr\/blog\/\",\"name\":\"Dicodusport\",\"description\":\"L&#039;encyclop\u00e9die de l&#039;actualit\u00e9 sportive\",\"publisher\":{\"@id\":\"https:\/\/dicodusport.fr\/blog\/#organization\"},\"potentialAction\":[{\"@type\":\"SearchAction\",\"target\":{\"@type\":\"EntryPoint\",\"urlTemplate\":\"https:\/\/dicodusport.fr\/blog\/?s={search_term_string}\"},\"query-input\":{\"@type\":\"PropertyValueSpecification\",\"valueRequired\":true,\"valueName\":\"search_term_string\"}}],\"inLanguage\":\"fr-FR\"},{\"@type\":\"NewsMediaOrganization\",\"@id\":\"https:\/\/dicodusport.fr\/blog\/#organization\",\"name\":\"Dicodusport\",\"url\":\"https:\/\/dicodusport.fr\/blog\/\",\"logo\":{\"@type\":\"ImageObject\",\"inLanguage\":\"fr-FR\",\"@id\":\"https:\/\/dicodusport.fr\/blog\/#\/schema\/logo\/image\/\",\"url\":\"https:\/\/dicodusport.fr\/blog\/wp-content\/uploads\/2020\/06\/cropped-LOGO-DICODUSPORT-2020-SANS-FOND-SANS-TEXTE.png\",\"contentUrl\":\"https:\/\/dicodusport.fr\/blog\/wp-content\/uploads\/2020\/06\/cropped-LOGO-DICODUSPORT-2020-SANS-FOND-SANS-TEXTE.png\",\"width\":512,\"height\":512,\"caption\":\"Dicodusport\"},\"image\":{\"@id\":\"https:\/\/dicodusport.fr\/blog\/#\/schema\/logo\/image\/\"},\"sameAs\":[\"https:\/\/www.facebook.com\/dicodusport\",\"https:\/\/x.com\/dicodusport\",\"https:\/\/www.instagram.com\/dicodusport\/\",\"https:\/\/www.youtube.com\/channel\/UC7V2KZ5sd3htJivAbA4ZG3w\"],\"description\":\"Dicodusport est l'encyclop\u00e9die de l'actualit\u00e9 sportive.\",\"email\":\"bonjour@dicodusport.fr\",\"legalName\":\"DICODUSPORT\",\"foundingDate\":\"2018-01-14\",\"vatID\":\"FR71834470973\",\"taxID\":\"83447097300043\",\"numberOfEmployees\":{\"@type\":\"QuantitativeValue\",\"minValue\":\"1\",\"maxValue\":\"10\"}},{\"@type\":\"Person\",\"@id\":\"https:\/\/dicodusport.fr\/blog\/#\/schema\/person\/6db4bae06b171592211be385b32876a7\",\"name\":\"Emilien Descampiaux\",\"image\":{\"@type\":\"ImageObject\",\"inLanguage\":\"fr-FR\",\"@id\":\"https:\/\/dicodusport.fr\/blog\/#\/schema\/person\/image\/\",\"url\":\"https:\/\/dicodusport.fr\/blog\/wp-content\/uploads\/2021\/05\/Emilien-Descampiaux-150x150.jpg\",\"contentUrl\":\"https:\/\/dicodusport.fr\/blog\/wp-content\/uploads\/2021\/05\/Emilien-Descampiaux-150x150.jpg\",\"caption\":\"Emilien Descampiaux\"},\"description\":\"Journaliste\/r\u00e9dacteur depuis 2014 - Fan de la classe de Frank Vandenbroucke, je vis cyclisme (et de ses paysages) depuis plus de 20 ans. Je suis tr\u00e8s impliqu\u00e9 sur mes diff\u00e9rents r\u00e9seaux sociaux pour partager ma passion sur le monde et l'Histoire de la bicyclette avec ma voix sur les images en noir et blanc du succ\u00e8s de Rik Van Steenbergen lors du Ronde sur le V\u00e9lodrome de Gand.\",\"sameAs\":[\"https:\/\/www.facebook.com\/groups\/LesRoisDuPeloton\",\"https:\/\/x.com\/https:\/\/twitter.com\/LRoisDuPeloton\"],\"url\":\"https:\/\/dicodusport.fr\/blog\/author\/emiliend\/\"}]}<\/script>\n<!-- \/ Yoast SEO Premium plugin. -->","yoast_head_json":{"title":"\u00c9toile de Bess\u00e8ges 2022 : le parcours en d\u00e9tail","description":"CYCLISME 2022 - La 52\u00e8me \u00e9dition de l'\u00c9toile de Bess\u00e8ges - Tour du Gard se d\u00e9roulera du 2 au 6 f\u00e9vrier 2022. Le parcours en d\u00e9tail.","robots":{"index":"index","follow":"follow","max-snippet":"max-snippet:-1","max-image-preview":"max-image-preview:large","max-video-preview":"max-video-preview:-1"},"canonical":"https:\/\/dicodusport.fr\/blog\/etoile-de-besseges-2022-le-parcours-en-detail\/","og_locale":"fr_FR","og_type":"article","og_title":"\u00c9toile de Bess\u00e8ges 2022 : le parcours en d\u00e9tail","og_description":"CYCLISME 2022 - La 52\u00e8me \u00e9dition de l'\u00c9toile de Bess\u00e8ges - Tour du Gard se d\u00e9roulera du 2 au 6 f\u00e9vrier 2022. Le parcours en d\u00e9tail.","og_url":"https:\/\/dicodusport.fr\/blog\/etoile-de-besseges-2022-le-parcours-en-detail\/","og_site_name":"Dicodusport","article_publisher":"https:\/\/www.facebook.com\/dicodusport","article_author":"https:\/\/www.facebook.com\/groups\/LesRoisDuPeloton","article_published_time":"2022-02-01T07:07:50+00:00","article_modified_time":"2022-02-01T21:15:33+00:00","og_image":[{"width":800,"height":445,"url":"https:\/\/dicodusport.fr\/blog\/wp-content\/uploads\/2022\/01\/Etoile-de-Besseges-2022-le-parcours-en-detail.png","type":"image\/png"}],"author":"Emilien Descampiaux","twitter_card":"summary_large_image","twitter_creator":"@https:\/\/twitter.com\/LRoisDuPeloton","twitter_site":"@dicodusport","schema":{"@context":"https:\/\/schema.org","@graph":[{"@type":"NewsArticle","@id":"https:\/\/dicodusport.fr\/blog\/etoile-de-besseges-2022-le-parcours-en-detail\/#article","isPartOf":{"@id":"https:\/\/dicodusport.fr\/blog\/etoile-de-besseges-2022-le-parcours-en-detail\/"},"author":{"name":"Emilien Descampiaux","@id":"https:\/\/dicodusport.fr\/blog\/#\/schema\/person\/6db4bae06b171592211be385b32876a7"},"headline":"\u00c9toile de Bess\u00e8ges 2022 : le parcours en d\u00e9tail","datePublished":"2022-02-01T07:07:50+00:00","dateModified":"2022-02-01T21:15:33+00:00","mainEntityOfPage":{"@id":"https:\/\/dicodusport.fr\/blog\/etoile-de-besseges-2022-le-parcours-en-detail\/"},"wordCount":629,"commentCount":0,"publisher":{"@id":"https:\/\/dicodusport.fr\/blog\/#organization"},"image":{"@id":"https:\/\/dicodusport.fr\/blog\/etoile-de-besseges-2022-le-parcours-en-detail\/#primaryimage"},"thumbnailUrl":"https:\/\/dicodusport.fr\/blog\/wp-content\/uploads\/2022\/01\/Etoile-de-Besseges-2022-le-parcours-en-detail.png","keywords":["Actualit\u00e9 Cyclisme","Etoile de Bess\u00e8ges"],"articleSection":["Cyclisme sur route"],"inLanguage":"fr-FR","potentialAction":[{"@type":"CommentAction","name":"Comment","target":["https:\/\/dicodusport.fr\/blog\/etoile-de-besseges-2022-le-parcours-en-detail\/#respond"]}],"copyrightYear":"2022","copyrightHolder":{"@id":"https:\/\/dicodusport.fr\/blog\/#organization"}},{"@type":"WebPage","@id":"https:\/\/dicodusport.fr\/blog\/etoile-de-besseges-2022-le-parcours-en-detail\/","url":"https:\/\/dicodusport.fr\/blog\/etoile-de-besseges-2022-le-parcours-en-detail\/","name":"\u00c9toile de Bess\u00e8ges 2022 : le parcours en d\u00e9tail","isPartOf":{"@id":"https:\/\/dicodusport.fr\/blog\/#website"},"primaryImageOfPage":{"@id":"https:\/\/dicodusport.fr\/blog\/etoile-de-besseges-2022-le-parcours-en-detail\/#primaryimage"},"image":{"@id":"https:\/\/dicodusport.fr\/blog\/etoile-de-besseges-2022-le-parcours-en-detail\/#primaryimage"},"thumbnailUrl":"https:\/\/dicodusport.fr\/blog\/wp-content\/uploads\/2022\/01\/Etoile-de-Besseges-2022-le-parcours-en-detail.png","datePublished":"2022-02-01T07:07:50+00:00","dateModified":"2022-02-01T21:15:33+00:00","description":"CYCLISME 2022 - La 52\u00e8me \u00e9dition de l'\u00c9toile de Bess\u00e8ges - Tour du Gard se d\u00e9roulera du 2 au 6 f\u00e9vrier 2022. Le parcours en d\u00e9tail.","breadcrumb":{"@id":"https:\/\/dicodusport.fr\/blog\/etoile-de-besseges-2022-le-parcours-en-detail\/#breadcrumb"},"inLanguage":"fr-FR","potentialAction":[{"@type":"ReadAction","target":["https:\/\/dicodusport.fr\/blog\/etoile-de-besseges-2022-le-parcours-en-detail\/"]}]},{"@type":"ImageObject","inLanguage":"fr-FR","@id":"https:\/\/dicodusport.fr\/blog\/etoile-de-besseges-2022-le-parcours-en-detail\/#primaryimage","url":"https:\/\/dicodusport.fr\/blog\/wp-content\/uploads\/2022\/01\/Etoile-de-Besseges-2022-le-parcours-en-detail.png","contentUrl":"https:\/\/dicodusport.fr\/blog\/wp-content\/uploads\/2022\/01\/Etoile-de-Besseges-2022-le-parcours-en-detail.png","width":800,"height":445,"caption":"\u00c9toile de Bess\u00e8ges 2022 le parcours en d\u00e9tail"},{"@type":"BreadcrumbList","@id":"https:\/\/dicodusport.fr\/blog\/etoile-de-besseges-2022-le-parcours-en-detail\/#breadcrumb","itemListElement":[{"@type":"ListItem","position":1,"name":"Accueil","item":"https:\/\/dicodusport.fr\/blog\/"},{"@type":"ListItem","position":2,"name":"\u00c9toile de Bess\u00e8ges 2022 : le parcours en d\u00e9tail"}]},{"@type":"WebSite","@id":"https:\/\/dicodusport.fr\/blog\/#website","url":"https:\/\/dicodusport.fr\/blog\/","name":"Dicodusport","description":"L&#039;encyclop\u00e9die de l&#039;actualit\u00e9 sportive","publisher":{"@id":"https:\/\/dicodusport.fr\/blog\/#organization"},"potentialAction":[{"@type":"SearchAction","target":{"@type":"EntryPoint","urlTemplate":"https:\/\/dicodusport.fr\/blog\/?s={search_term_string}"},"query-input":{"@type":"PropertyValueSpecification","valueRequired":true,"valueName":"search_term_string"}}],"inLanguage":"fr-FR"},{"@type":"NewsMediaOrganization","@id":"https:\/\/dicodusport.fr\/blog\/#organization","name":"Dicodusport","url":"https:\/\/dicodusport.fr\/blog\/","logo":{"@type":"ImageObject","inLanguage":"fr-FR","@id":"https:\/\/dicodusport.fr\/blog\/#\/schema\/logo\/image\/","url":"https:\/\/dicodusport.fr\/blog\/wp-content\/uploads\/2020\/06\/cropped-LOGO-DICODUSPORT-2020-SANS-FOND-SANS-TEXTE.png","contentUrl":"https:\/\/dicodusport.fr\/blog\/wp-content\/uploads\/2020\/06\/cropped-LOGO-DICODUSPORT-2020-SANS-FOND-SANS-TEXTE.png","width":512,"height":512,"caption":"Dicodusport"},"image":{"@id":"https:\/\/dicodusport.fr\/blog\/#\/schema\/logo\/image\/"},"sameAs":["https:\/\/www.facebook.com\/dicodusport","https:\/\/x.com\/dicodusport","https:\/\/www.instagram.com\/dicodusport\/","https:\/\/www.youtube.com\/channel\/UC7V2KZ5sd3htJivAbA4ZG3w"],"description":"Dicodusport est l'encyclop\u00e9die de l'actualit\u00e9 sportive.","email":"bonjour@dicodusport.fr","legalName":"DICODUSPORT","foundingDate":"2018-01-14","vatID":"FR71834470973","taxID":"83447097300043","numberOfEmployees":{"@type":"QuantitativeValue","minValue":"1","maxValue":"10"}},{"@type":"Person","@id":"https:\/\/dicodusport.fr\/blog\/#\/schema\/person\/6db4bae06b171592211be385b32876a7","name":"Emilien Descampiaux","image":{"@type":"ImageObject","inLanguage":"fr-FR","@id":"https:\/\/dicodusport.fr\/blog\/#\/schema\/person\/image\/","url":"https:\/\/dicodusport.fr\/blog\/wp-content\/uploads\/2021\/05\/Emilien-Descampiaux-150x150.jpg","contentUrl":"https:\/\/dicodusport.fr\/blog\/wp-content\/uploads\/2021\/05\/Emilien-Descampiaux-150x150.jpg","caption":"Emilien Descampiaux"},"description":"Journaliste\/r\u00e9dacteur depuis 2014 - Fan de la classe de Frank Vandenbroucke, je vis cyclisme (et de ses paysages) depuis plus de 20 ans. Je suis tr\u00e8s impliqu\u00e9 sur mes diff\u00e9rents r\u00e9seaux sociaux pour partager ma passion sur le monde et l'Histoire de la bicyclette avec ma voix sur les images en noir et blanc du succ\u00e8s de Rik Van Steenbergen lors du Ronde sur le V\u00e9lodrome de Gand.","sameAs":["https:\/\/www.facebook.com\/groups\/LesRoisDuPeloton","https:\/\/x.com\/https:\/\/twitter.com\/LRoisDuPeloton"],"url":"https:\/\/dicodusport.fr\/blog\/author\/emiliend\/"}]}},"_links":{"self":[{"href":"https:\/\/dicodusport.fr\/blog\/wp-json\/wp\/v2\/posts\/196150","targetHints":{"allow":["GET"]}}],"collection":[{"href":"https:\/\/dicodusport.fr\/blog\/wp-json\/wp\/v2\/posts"}],"about":[{"href":"https:\/\/dicodusport.fr\/blog\/wp-json\/wp\/v2\/types\/post"}],"author":[{"embeddable":true,"href":"https:\/\/dicodusport.fr\/blog\/wp-json\/wp\/v2\/users\/48"}],"replies":[{"embeddable":true,"href":"https:\/\/dicodusport.fr\/blog\/wp-json\/wp\/v2\/comments?post=196150"}],"version-history":[{"count":0,"href":"https:\/\/dicodusport.fr\/blog\/wp-json\/wp\/v2\/posts\/196150\/revisions"}],"wp:featuredmedia":[{"embeddable":true,"href":"https:\/\/dicodusport.fr\/blog\/wp-json\/wp\/v2\/media\/196176"}],"wp:attachment":[{"href":"https:\/\/dicodusport.fr\/blog\/wp-json\/wp\/v2\/media?parent=196150"}],"wp:term":[{"taxonomy":"category","embeddable":true,"href":"https:\/\/dicodusport.fr\/blog\/wp-json\/wp\/v2\/categories?post=196150"},{"taxonomy":"post_tag","embeddable":true,"href":"https:\/\/dicodusport.fr\/blog\/wp-json\/wp\/v2\/tags?post=196150"}],"curies":[{"name":"wp","href":"https:\/\/api.w.org\/{rel}","templated":true}]}}