{"id":196224,"date":"2022-02-20T03:52:46","date_gmt":"2022-02-20T02:52:46","guid":{"rendered":"https:\/\/dicodusport.fr\/blog\/?p=196224&#038;preview=true&#038;preview_id=196224"},"modified":"2022-02-20T04:30:30","modified_gmt":"2022-02-20T03:30:30","slug":"ski-alpin-jo-pekin-2022-programme-resultats-medailles","status":"publish","type":"post","link":"https:\/\/dicodusport.fr\/blog\/ski-alpin-jo-pekin-2022-programme-resultats-medailles\/","title":{"rendered":"Ski alpin JO P\u00e9kin 2022 &#8211; R\u00e9sultats et m\u00e9dailles"},"content":{"rendered":"<p style=\"text-align: justify;\"><strong><em><a href=\"https:\/\/dicodusport.fr\/blog\/actualites\/jo-hiver-pekin-2022\/\">JEUX OLYMPIQUES DE P\u00c9KIN 2022<\/a> &#8211; D\u00e9couvrez le programme, les r\u00e9sultats complets et les m\u00e9dailles du ski alpin aux JO d&rsquo;hiver de P\u00e9kin 2022.<\/em><\/strong><\/p>\n<p style=\"text-align: justify;\">11 \u00e9preuves auront lieu en <strong>ski alpin lors des Jeux Olympiques de P\u00e9kin 2022<\/strong>. Sur le site chinois, l&rsquo;\u00e9quipe de France, emmen\u00e9e par <strong>Cl\u00e9ment No\u00ebl<\/strong>, <strong>Alexis Pinturault<\/strong>, <strong>Mathieu Faivre<\/strong> et <strong>Tessa Worley<\/strong>, tentera de faire mieux qu&rsquo;en 2018 \u00e0 Pyeongchang, o\u00f9 elle avait d\u00e9croch\u00e9 3 m\u00e9dailles, mais aucun titre. Face aux Tricolores, l&rsquo;Autriche, la Norv\u00e8ge, l&rsquo;Italie, la Su\u00e8de et les USA seront pr\u00e9sents avec de solides arguments.<\/p>\n<p style=\"text-align: justify;\"><strong>Les courses sont retransmises en direct sur France T\u00e9l\u00e9visions et Eurosport.<\/strong><\/p>\n<h2 style=\"text-align: justify;\"><strong>Ski alpin : Le programme complet des JO de P\u00e9kin 2022<\/strong><\/h2>\n<table style=\"width: 100%; border-collapse: collapse;\">\n<tbody>\n<tr>\n<td style=\"background-color: #0755a7; width: 800px; text-align: center; vertical-align: middle; font-size: 0.9em;\" colspan=\"6\"><span style=\"color: #ffffff;\"><strong>LUNDI 7 F\u00c9VRIER 2022<\/strong><\/span><span style=\"color: #ffffff;\"><strong><br \/>\n<\/strong><\/span><\/td>\n<\/tr>\n<tr>\n<td style=\"text-align: center; vertical-align: middle; width: 20%; background-color: #17b8ee; font-size: 0.9em;\"><span style=\"color: #ffffff; font-size: 0.9em;\"><strong>Horaire<\/strong><\/span><\/td>\n<td style=\"text-align: center; vertical-align: middle; width: 20%; background-color: #17b8ee; font-size: 0.9em;\" colspan=\"2\"><span style=\"color: #ffffff;\"><span style=\"font-size: 0.9em;\"><b>\u00c9preuve<\/b><\/span><\/span><\/td>\n<td style=\"text-align: center; vertical-align: middle; width: 20%; background-color: #17b8ee; font-size: 0.9em;\"><span style=\"color: #ffffff; font-size: 0.9em;\"><strong>&#x1f947; Or<\/strong><\/span><\/td>\n<td style=\"text-align: center; vertical-align: middle; width: 20%; background-color: #17b8ee; font-size: 0.9em;\"><span style=\"color: #ffffff; font-size: 0.9em;\"><strong>&#x1f948; Argent<\/strong><\/span><\/td>\n<td style=\"text-align: center; vertical-align: middle; width: 20%; background-color: #17b8ee; font-size: 0.9em;\"><span style=\"color: #ffffff; font-size: 0.9em;\"><strong>&#x1f949; Bronze<\/strong><\/span><\/td>\n<\/tr>\n<tr>\n<td style=\"text-align: center; vertical-align: middle; width: 20%; font-size: 0.9em;\"><strong>2h30<\/strong><\/td>\n<td style=\"text-align: center; vertical-align: middle; width: 20%; font-size: 0.9em;\" colspan=\"2\"><strong>G\u00e9ant (F)<br \/>\n<span style=\"font-size: 0.9em;\"><em><span style=\"font-size: 0.8em;\"><a href=\"https:\/\/dicodusport.fr\/blog\/jo-pekin-2022-ski-alpin-la-suedoise-sara-hector-en-or-sur-geant\/\">R\u00e9sum\u00e9<\/a> &#8211; <\/span><\/em><\/span><a href=\"https:\/\/dicodusport.fr\/blog\/ski-alpin-jo-pekin-2022-classement-geant-femmes\/\"><span style=\"font-size: 0.9em;\"><em><span style=\"font-size: 0.8em;\">Classement<\/span><\/em><\/span><\/a><br \/>\n<\/strong><\/td>\n<td style=\"text-align: center; vertical-align: middle; width: 20%; font-size: 0.9em;\"><strong>&#x1f1f8;&#x1f1ea; SARA HECTOR<\/strong><\/td>\n<td style=\"text-align: center; vertical-align: middle; width: 20%; font-size: 0.9em;\">&#x1f1ee;&#x1f1f9; FEDERICA BRIGNONE<\/td>\n<td style=\"text-align: center; vertical-align: middle; width: 20%; font-size: 0.9em;\">&#x1f1e8;&#x1f1ed; LARA GUT-BEHRAMI<\/td>\n<\/tr>\n<tr>\n<td style=\"text-align: center; vertical-align: middle; width: 20%; font-size: 0.9em;\"><strong>5h00<\/strong><\/td>\n<td style=\"text-align: center; vertical-align: middle; width: 20%; font-size: 0.9em;\" colspan=\"2\"><strong>Descente (H)<br \/>\n<span style=\"font-size: 0.9em;\"><em><span style=\"font-size: 0.8em;\"><a href=\"https:\/\/dicodusport.fr\/blog\/jo-pekin-2022-ski-alpin-johan-clarey-medaille-d-argent-sur-la-descente-beat-feuz-sacre\/\">R\u00e9sum\u00e9<\/a> &#8211; <\/span><\/em><\/span><a href=\"https:\/\/dicodusport.fr\/blog\/ski-alpin-jo-pekin-2022-classement-descente-hommes\/\"><span style=\"font-size: 0.9em;\"><em><span style=\"font-size: 0.8em;\">Classement<\/span><\/em><\/span><\/a><br \/>\n<\/strong><\/td>\n<td style=\"text-align: center; vertical-align: middle; width: 20%; font-size: 0.9em;\"><strong style=\"font-size: 14.4px;\">&#x1f1e8;&#x1f1ed; BEAT FEUZ<\/strong><\/td>\n<td style=\"text-align: center; vertical-align: middle; width: 20%; font-size: 0.9em;\">&#x1f1eb;&#x1f1f7; JOHAN CLAREY<\/td>\n<td style=\"text-align: center; vertical-align: middle; width: 20%; font-size: 0.9em;\">&#x1f1e6;&#x1f1f9; MATTHIAS MAYER<\/td>\n<\/tr>\n<tr>\n<td style=\"background-color: #0755a7; width: 800px; text-align: center; vertical-align: middle; font-size: 0.9em;\" colspan=\"6\"><span style=\"color: #ffffff;\"><strong>MARDI 8 F\u00c9VRIER 2022<\/strong><\/span><span style=\"color: #ffffff;\"><strong><br \/>\n<\/strong><\/span><\/td>\n<\/tr>\n<tr>\n<td style=\"text-align: center; vertical-align: middle; width: 20%; background-color: #17b8ee; font-size: 0.9em;\"><span style=\"color: #ffffff; font-size: 0.9em;\"><strong>Horaire<\/strong><\/span><\/td>\n<td style=\"text-align: center; vertical-align: middle; width: 20%; background-color: #17b8ee; font-size: 0.9em;\" colspan=\"2\"><span style=\"color: #ffffff;\"><span style=\"font-size: 0.9em;\"><b>\u00c9preuve<\/b><\/span><\/span><\/td>\n<td style=\"text-align: center; vertical-align: middle; width: 20%; background-color: #17b8ee; font-size: 0.9em;\"><span style=\"color: #ffffff; font-size: 0.9em;\"><strong>&#x1f947; Or<\/strong><\/span><\/td>\n<td style=\"text-align: center; vertical-align: middle; width: 20%; background-color: #17b8ee; font-size: 0.9em;\"><span style=\"color: #ffffff; font-size: 0.9em;\"><strong>&#x1f948; Argent<\/strong><\/span><\/td>\n<td style=\"text-align: center; vertical-align: middle; width: 20%; background-color: #17b8ee; font-size: 0.9em;\"><span style=\"color: #ffffff; font-size: 0.9em;\"><strong>&#x1f949; Bronze<\/strong><\/span><\/td>\n<\/tr>\n<tr>\n<td style=\"text-align: center; vertical-align: middle; width: 20%; font-size: 0.9em;\"><strong>4h00<\/strong><\/td>\n<td style=\"text-align: center; vertical-align: middle; width: 20%; font-size: 0.9em;\" colspan=\"2\"><strong>Super-G (H)<br \/>\n<span style=\"font-size: 0.9em;\"><em><span style=\"font-size: 0.8em;\"><a href=\"https:\/\/dicodusport.fr\/blog\/jo-pekin-2022-ski-alpin-matthias-mayer-conserve-titre-super-g\/\">R\u00e9sum\u00e9<\/a> &#8211; <\/span><\/em><\/span><a href=\"https:\/\/dicodusport.fr\/blog\/ski-alpin-jo-pekin-2022-classement-super-g-hommes\/\"><span style=\"font-size: 0.9em;\"><em><span style=\"font-size: 0.8em;\">Classement<\/span><\/em><\/span><\/a><br \/>\n<\/strong><\/td>\n<td style=\"text-align: center; vertical-align: middle; width: 20%; font-size: 0.9em;\"><strong>&#x1f1e6;&#x1f1f9; MATTHIAS MAYER<\/strong><\/td>\n<td style=\"text-align: center; vertical-align: middle; width: 20%; font-size: 0.9em;\"><span style=\"font-size: 0.9em;\">&#x1f1fa;&#x1f1f8; RYAN COCHRAN-SIEGLE<\/span><\/td>\n<td style=\"text-align: center; vertical-align: middle; width: 20%; font-size: 0.9em;\">&#x1f1f3;&#x1f1f4; ALEKSANDER AAMODT KILDE<\/td>\n<\/tr>\n<tr>\n<td style=\"background-color: #0755a7; width: 800px; text-align: center; vertical-align: middle; font-size: 0.9em;\" colspan=\"6\"><span style=\"color: #ffffff;\"><strong>MERCREDI 9 F\u00c9VRIER 2022<\/strong><\/span><span style=\"color: #ffffff;\"><strong><br \/>\n<\/strong><\/span><\/td>\n<\/tr>\n<tr>\n<td style=\"text-align: center; vertical-align: middle; width: 20%; background-color: #17b8ee; font-size: 0.9em;\"><span style=\"color: #ffffff; font-size: 0.9em;\"><strong>Horaire<\/strong><\/span><\/td>\n<td style=\"text-align: center; vertical-align: middle; width: 20%; background-color: #17b8ee; font-size: 0.9em;\" colspan=\"2\"><span style=\"color: #ffffff;\"><span style=\"font-size: 0.9em;\"><b>\u00c9preuve<\/b><\/span><\/span><\/td>\n<td style=\"text-align: center; vertical-align: middle; width: 20%; background-color: #17b8ee; font-size: 0.9em;\"><span style=\"color: #ffffff; font-size: 0.9em;\"><strong>&#x1f947; Or<\/strong><\/span><\/td>\n<td style=\"text-align: center; vertical-align: middle; width: 20%; background-color: #17b8ee; font-size: 0.9em;\"><span style=\"color: #ffffff; font-size: 0.9em;\"><strong>&#x1f948; Argent<\/strong><\/span><\/td>\n<td style=\"text-align: center; vertical-align: middle; width: 20%; background-color: #17b8ee; font-size: 0.9em;\"><span style=\"color: #ffffff; font-size: 0.9em;\"><strong>&#x1f949; Bronze<\/strong><\/span><\/td>\n<\/tr>\n<tr>\n<td style=\"text-align: center; vertical-align: middle; width: 20%; font-size: 0.9em;\"><strong>3h15<\/strong><\/td>\n<td style=\"text-align: center; vertical-align: middle; width: 20%; font-size: 0.9em;\" colspan=\"2\"><strong>Slalom (F)<br \/>\n<span style=\"font-size: 0.9em;\"><em><span style=\"font-size: 0.8em;\"><a href=\"https:\/\/dicodusport.fr\/blog\/jo-pekin-2022-ski-alpin-petra-vlhova-championne-olympique-en-slalom\/\">R\u00e9sum\u00e9<\/a> &#8211; <\/span><\/em><\/span><a href=\"https:\/\/dicodusport.fr\/blog\/ski-alpin-jo-pekin-2022-classement-slalom-femmes\/\"><span style=\"font-size: 0.9em;\"><em><span style=\"font-size: 0.8em;\">Classement<\/span><\/em><\/span><\/a><br \/>\n<\/strong><\/td>\n<td style=\"text-align: center; vertical-align: middle; width: 20%; font-size: 0.9em;\"><strong>&#x1f1f8;&#x1f1f0; PETRA VLHOVA<\/strong><\/td>\n<td style=\"text-align: center; vertical-align: middle; width: 20%; font-size: 0.9em;\">&#x1f1e6;&#x1f1f9; KATHARINA LIENSBERGER<\/td>\n<td style=\"text-align: center; vertical-align: middle; width: 20%; font-size: 0.9em;\">&#x1f1e8;&#x1f1ed; WENDY HOLDENER<\/td>\n<\/tr>\n<tr>\n<td style=\"background-color: #0755a7; width: 800px; text-align: center; vertical-align: middle; font-size: 0.9em;\" colspan=\"6\"><span style=\"color: #ffffff;\"><strong>JEUDI 10 F\u00c9VRIER 2022<\/strong><\/span><span style=\"color: #ffffff;\"><strong><br \/>\n<\/strong><\/span><\/td>\n<\/tr>\n<tr>\n<td style=\"text-align: center; vertical-align: middle; width: 20%; background-color: #17b8ee; font-size: 0.9em;\"><span style=\"color: #ffffff; font-size: 0.9em;\"><strong>Horaire<\/strong><\/span><\/td>\n<td style=\"text-align: center; vertical-align: middle; width: 20%; background-color: #17b8ee; font-size: 0.9em;\" colspan=\"2\"><span style=\"color: #ffffff;\"><span style=\"font-size: 0.9em;\"><b>\u00c9preuve<\/b><\/span><\/span><\/td>\n<td style=\"text-align: center; vertical-align: middle; width: 20%; background-color: #17b8ee; font-size: 0.9em;\"><span style=\"color: #ffffff; font-size: 0.9em;\"><strong>&#x1f947; Or<\/strong><\/span><\/td>\n<td style=\"text-align: center; vertical-align: middle; width: 20%; background-color: #17b8ee; font-size: 0.9em;\"><span style=\"color: #ffffff; font-size: 0.9em;\"><strong>&#x1f948; Argent<\/strong><\/span><\/td>\n<td style=\"text-align: center; vertical-align: middle; width: 20%; background-color: #17b8ee; font-size: 0.9em;\"><span style=\"color: #ffffff; font-size: 0.9em;\"><strong>&#x1f949; Bronze<\/strong><\/span><\/td>\n<\/tr>\n<tr>\n<td style=\"text-align: center; vertical-align: middle; width: 20%; font-size: 0.9em;\"><strong>3h30<\/strong><\/td>\n<td style=\"text-align: center; vertical-align: middle; width: 20%; font-size: 0.9em;\" colspan=\"2\"><strong>Combin\u00e9 alpin (H)<span style=\"font-size: 0.9em;\"><em><span style=\"font-size: 0.8em;\"><br \/>\n<\/span><\/em><\/span><span style=\"font-size: 0.9em;\"><em><span style=\"font-size: 0.8em;\"><a href=\"https:\/\/dicodusport.fr\/blog\/jo-pekin-2022-ski-alpin-johannes-strolz-champion-olympique-du-combine-alpin\/\">R\u00e9sum\u00e9<\/a> &#8211; <\/span><\/em><\/span><a href=\"https:\/\/dicodusport.fr\/blog\/ski-alpin-jo-pekin-2022-classement-combine-alpin-hommes\/\"><span style=\"font-size: 0.9em;\"><em><span style=\"font-size: 0.8em;\">Classement<\/span><\/em><\/span><\/a><br \/>\n<\/strong><\/td>\n<td style=\"text-align: center; vertical-align: middle; width: 20%; font-size: 0.9em;\"><strong>&#x1f1e6;&#x1f1f9; JOHANNES STROLZ<\/strong><\/td>\n<td style=\"text-align: center; vertical-align: middle; width: 20%; font-size: 0.9em;\">&#x1f1f3;&#x1f1f4; ALEKSANDER AAMODT KILDE<\/td>\n<td style=\"text-align: center; vertical-align: middle; width: 20%; font-size: 0.9em;\">&#x1f1e8;&#x1f1e6; JAMES CRAWFORD<\/td>\n<\/tr>\n<tr>\n<td style=\"background-color: #0755a7; width: 800px; text-align: center; vertical-align: middle; font-size: 0.9em;\" colspan=\"6\"><span style=\"color: #ffffff;\"><strong>VENDREDI 11 F\u00c9VRIER 2022<\/strong><\/span><span style=\"color: #ffffff;\"><strong><br \/>\n<\/strong><\/span><\/td>\n<\/tr>\n<tr>\n<td style=\"text-align: center; vertical-align: middle; width: 20%; background-color: #17b8ee; font-size: 0.9em;\"><span style=\"color: #ffffff; font-size: 0.9em;\"><strong>Horaire<\/strong><\/span><\/td>\n<td style=\"text-align: center; vertical-align: middle; width: 20%; background-color: #17b8ee; font-size: 0.9em;\" colspan=\"2\"><span style=\"color: #ffffff;\"><span style=\"font-size: 0.9em;\"><b>\u00c9preuve<\/b><\/span><\/span><\/td>\n<td style=\"text-align: center; vertical-align: middle; width: 20%; background-color: #17b8ee; font-size: 0.9em;\"><span style=\"color: #ffffff; font-size: 0.9em;\"><strong>&#x1f947; Or<\/strong><\/span><\/td>\n<td style=\"text-align: center; vertical-align: middle; width: 20%; background-color: #17b8ee; font-size: 0.9em;\"><span style=\"color: #ffffff; font-size: 0.9em;\"><strong>&#x1f948; Argent<\/strong><\/span><\/td>\n<td style=\"text-align: center; vertical-align: middle; width: 20%; background-color: #17b8ee; font-size: 0.9em;\"><span style=\"color: #ffffff; font-size: 0.9em;\"><strong>&#x1f949; Bronze<\/strong><\/span><\/td>\n<\/tr>\n<tr>\n<td style=\"text-align: center; vertical-align: middle; width: 20%; font-size: 0.9em;\"><strong>4h00<\/strong><\/td>\n<td style=\"text-align: center; vertical-align: middle; font-size: 0.9em;\" colspan=\"2\"><strong>Super-G (F)<br \/>\n<span style=\"font-size: 0.9em;\"><em><span style=\"font-size: 0.8em;\"><a href=\"https:\/\/dicodusport.fr\/blog\/jo-pekin-2022-ski-alpin-lara-gut-behrami-championne-olympique-du-super-g\/\">R\u00e9sum\u00e9<\/a> &#8211; <\/span><\/em><\/span><a href=\"https:\/\/dicodusport.fr\/blog\/ski-alpin-jo-pekin-2022-classement-super-g-femmes\/\"><span style=\"font-size: 0.9em;\"><em><span style=\"font-size: 0.8em;\">Classement<\/span><\/em><\/span><\/a><br \/>\n<\/strong><\/td>\n<td style=\"text-align: center; vertical-align: middle; width: 20%; font-size: 0.9em;\"><strong>&#x1f1e8;&#x1f1ed; LARA GUT-BEHRAMI<\/strong><\/td>\n<td style=\"text-align: center; vertical-align: middle; width: 20%; font-size: 0.9em;\">&#x1f1e6;&#x1f1f9; MIRJAM PUCHNER<\/td>\n<td style=\"text-align: center; vertical-align: middle; width: 20%; font-size: 0.9em;\">&#x1f1e8;&#x1f1ed; MICHELLE GISIN<\/td>\n<\/tr>\n<tr>\n<td style=\"background-color: #0755a7; width: 800px; text-align: center; vertical-align: middle; font-size: 0.9em;\" colspan=\"6\"><span style=\"color: #ffffff;\"><strong>DIMANCHE 13 F\u00c9VRIER 2022<\/strong><\/span><span style=\"color: #ffffff;\"><strong><br \/>\n<\/strong><\/span><\/td>\n<\/tr>\n<tr>\n<td style=\"text-align: center; vertical-align: middle; width: 20%; background-color: #17b8ee; font-size: 0.9em;\"><span style=\"color: #ffffff; font-size: 0.9em;\"><strong>Horaire<\/strong><\/span><\/td>\n<td style=\"text-align: center; vertical-align: middle; width: 20%; background-color: #17b8ee; font-size: 0.9em;\" colspan=\"2\"><span style=\"color: #ffffff;\"><span style=\"font-size: 0.9em;\"><b>\u00c9preuve<\/b><\/span><\/span><\/td>\n<td style=\"text-align: center; vertical-align: middle; width: 20%; background-color: #17b8ee; font-size: 0.9em;\"><span style=\"color: #ffffff; font-size: 0.9em;\"><strong>&#x1f947; Or<\/strong><\/span><\/td>\n<td style=\"text-align: center; vertical-align: middle; width: 20%; background-color: #17b8ee; font-size: 0.9em;\"><span style=\"color: #ffffff; font-size: 0.9em;\"><strong>&#x1f948; Argent<\/strong><\/span><\/td>\n<td style=\"text-align: center; vertical-align: middle; width: 20%; background-color: #17b8ee; font-size: 0.9em;\"><span style=\"color: #ffffff; font-size: 0.9em;\"><strong>&#x1f949; Bronze<\/strong><\/span><\/td>\n<\/tr>\n<tr>\n<td style=\"text-align: center; vertical-align: middle; width: 20%; font-size: 0.9em;\"><strong>3h15<\/strong><\/td>\n<td style=\"text-align: center; vertical-align: middle; font-size: 0.9em;\" colspan=\"2\"><strong>G\u00e9ant (H)<br \/>\n<span style=\"font-size: 0.9em;\"><em><span style=\"font-size: 0.8em;\"><a href=\"https:\/\/dicodusport.fr\/blog\/jo-pekin-2022-ski-alpin-mathieu-faivre-en-bronze-sur-le-geant-marco-odermatt-titre\/\">R\u00e9sum\u00e9<\/a> &#8211; <\/span><\/em><\/span><a href=\"https:\/\/dicodusport.fr\/blog\/ski-alpin-jo-pekin-2022-classement-geant-hommes\/\"><span style=\"font-size: 0.9em;\"><em><span style=\"font-size: 0.8em;\">Classement<\/span><\/em><\/span><\/a><br \/>\n<\/strong><\/td>\n<td style=\"text-align: center; vertical-align: middle; width: 20%; font-size: 0.9em;\"><strong>&#x1f1e8;&#x1f1ed; MARCO ODERMATT<\/strong><\/td>\n<td style=\"text-align: center; vertical-align: middle; width: 20%; font-size: 0.9em;\">&#x1f1f8;&#x1f1ee; ZAN KRANJEC<\/td>\n<td style=\"text-align: center; vertical-align: middle; width: 20%; font-size: 0.9em;\">&#x1f1eb;&#x1f1f7; MATHIEU FAIVRE<\/td>\n<\/tr>\n<tr>\n<td style=\"background-color: #0755a7; width: 800px; text-align: center; vertical-align: middle; font-size: 0.9em;\" colspan=\"6\"><span style=\"color: #ffffff;\"><strong>MARDI 15 F\u00c9VRIER 2022<\/strong><\/span><span style=\"color: #ffffff;\"><strong><br \/>\n<\/strong><\/span><\/td>\n<\/tr>\n<tr>\n<td style=\"text-align: center; vertical-align: middle; width: 20%; background-color: #17b8ee; font-size: 0.9em;\"><span style=\"color: #ffffff; font-size: 0.9em;\"><strong>Horaire<\/strong><\/span><\/td>\n<td style=\"text-align: center; vertical-align: middle; width: 20%; background-color: #17b8ee; font-size: 0.9em;\" colspan=\"2\"><span style=\"color: #ffffff;\"><span style=\"font-size: 0.9em;\"><b>\u00c9preuve<\/b><\/span><\/span><\/td>\n<td style=\"text-align: center; vertical-align: middle; width: 20%; background-color: #17b8ee; font-size: 0.9em;\"><span style=\"color: #ffffff; font-size: 0.9em;\"><strong>&#x1f947; Or<\/strong><\/span><\/td>\n<td style=\"text-align: center; vertical-align: middle; width: 20%; background-color: #17b8ee; font-size: 0.9em;\"><span style=\"color: #ffffff; font-size: 0.9em;\"><strong>&#x1f948; Argent<\/strong><\/span><\/td>\n<td style=\"text-align: center; vertical-align: middle; width: 20%; background-color: #17b8ee; font-size: 0.9em;\"><span style=\"color: #ffffff; font-size: 0.9em;\"><strong>&#x1f949; Bronze<\/strong><\/span><\/td>\n<\/tr>\n<tr>\n<td style=\"text-align: center; vertical-align: middle; width: 20%; font-size: 0.9em;\"><strong>4h00<\/strong><\/td>\n<td style=\"text-align: center; vertical-align: middle; font-size: 0.9em;\" colspan=\"2\"><strong>Descente (F)<br \/>\n<span style=\"font-size: 0.9em;\"><em><span style=\"font-size: 0.8em;\"><a href=\"https:\/\/dicodusport.fr\/blog\/jo-pekin-2022-ski-alpin-corinne-suter-championne-olympique-de-descente\/\">R\u00e9sum\u00e9<\/a> &#8211; <\/span><\/em><\/span><a href=\"https:\/\/dicodusport.fr\/blog\/ski-alpin-jo-pekin-2022-classement-descente-femmes\/\"><span style=\"font-size: 0.9em;\"><em><span style=\"font-size: 0.8em;\">Classement<\/span><\/em><\/span><\/a><br \/>\n<\/strong><\/td>\n<td style=\"text-align: center; vertical-align: middle; width: 20%; font-size: 0.9em;\"><strong>&#x1f1e8;&#x1f1ed; CORINNE SUTER<\/strong><\/td>\n<td style=\"text-align: center; vertical-align: middle; width: 20%; font-size: 0.9em;\">&#x1f1ee;&#x1f1f9; SOFIA GOGGIA<\/td>\n<td style=\"text-align: center; vertical-align: middle; width: 20%; font-size: 0.9em;\">&#x1f1ee;&#x1f1f9; NADIA DELAGO<\/td>\n<\/tr>\n<tr>\n<td style=\"background-color: #0755a7; width: 800px; text-align: center; vertical-align: middle; font-size: 0.9em;\" colspan=\"6\"><span style=\"color: #ffffff;\"><strong>MERCREDI 16 F\u00c9VRIER 2022<\/strong><\/span><span style=\"color: #ffffff;\"><strong><br \/>\n<\/strong><\/span><\/td>\n<\/tr>\n<tr>\n<td style=\"text-align: center; vertical-align: middle; width: 20%; background-color: #17b8ee; font-size: 0.9em;\"><span style=\"color: #ffffff; font-size: 0.9em;\"><strong>Horaire<\/strong><\/span><\/td>\n<td style=\"text-align: center; vertical-align: middle; width: 20%; background-color: #17b8ee; font-size: 0.9em;\" colspan=\"2\"><span style=\"color: #ffffff;\"><span style=\"font-size: 0.9em;\"><b>\u00c9preuve<\/b><\/span><\/span><\/td>\n<td style=\"text-align: center; vertical-align: middle; width: 20%; background-color: #17b8ee; font-size: 0.9em;\"><span style=\"color: #ffffff; font-size: 0.9em;\"><strong>&#x1f947; Or<\/strong><\/span><\/td>\n<td style=\"text-align: center; vertical-align: middle; width: 20%; background-color: #17b8ee; font-size: 0.9em;\"><span style=\"color: #ffffff; font-size: 0.9em;\"><strong>&#x1f948; Argent<\/strong><\/span><\/td>\n<td style=\"text-align: center; vertical-align: middle; width: 20%; background-color: #17b8ee; font-size: 0.9em;\"><span style=\"color: #ffffff; font-size: 0.9em;\"><strong>&#x1f949; Bronze<\/strong><\/span><\/td>\n<\/tr>\n<tr>\n<td style=\"text-align: center; vertical-align: middle; width: 20%; font-size: 0.9em;\"><strong>3h15<\/strong><\/td>\n<td style=\"text-align: center; vertical-align: middle; font-size: 0.9em;\" colspan=\"2\"><strong>Slalom (H)<span style=\"font-size: 0.9em;\"><em><span style=\"font-size: 0.8em;\"><br \/>\n<a href=\"https:\/\/dicodusport.fr\/blog\/jo-pekin-2022-ski-alpin-clement-noel-champion-olympique-de-slalom\/\">R\u00e9sum\u00e9<\/a> &#8211; <a href=\"https:\/\/dicodusport.fr\/blog\/ski-alpin-jo-pekin-2022-classement-slalom-hommes\/\">Classement<\/a><\/span><\/em><\/span><\/strong><\/td>\n<td style=\"text-align: center; vertical-align: middle; width: 20%; font-size: 0.9em;\"><strong>&#x1f1eb;&#x1f1f7; CL\u00c9MENT NO\u00cbL<\/strong><\/td>\n<td style=\"text-align: center; vertical-align: middle; width: 20%; font-size: 0.9em;\">&#x1f1e6;&#x1f1f9; JOHANNES STROLZ<\/td>\n<td style=\"text-align: center; vertical-align: middle; width: 20%; font-size: 0.9em;\">&#x1f1f3;&#x1f1f4; SEBASTIAN FOSS-SOLEVAAG<\/td>\n<\/tr>\n<tr>\n<td style=\"background-color: #0755a7; width: 800px; text-align: center; vertical-align: middle; font-size: 0.9em;\" colspan=\"6\"><span style=\"color: #ffffff;\"><strong>JEUDI 17 F\u00c9VRIER 2022<\/strong><\/span><span style=\"color: #ffffff;\"><strong><br \/>\n<\/strong><\/span><\/td>\n<\/tr>\n<tr>\n<td style=\"text-align: center; vertical-align: middle; width: 20%; background-color: #17b8ee; font-size: 0.9em;\"><span style=\"color: #ffffff; font-size: 0.9em;\"><strong>Horaire<\/strong><\/span><\/td>\n<td style=\"text-align: center; vertical-align: middle; width: 20%; background-color: #17b8ee; font-size: 0.9em;\" colspan=\"2\"><span style=\"color: #ffffff;\"><span style=\"font-size: 0.9em;\"><b>\u00c9preuve<\/b><\/span><\/span><\/td>\n<td style=\"text-align: center; vertical-align: middle; width: 20%; background-color: #17b8ee; font-size: 0.9em;\"><span style=\"color: #ffffff; font-size: 0.9em;\"><strong>&#x1f947; Or<\/strong><\/span><\/td>\n<td style=\"text-align: center; vertical-align: middle; width: 20%; background-color: #17b8ee; font-size: 0.9em;\"><span style=\"color: #ffffff; font-size: 0.9em;\"><strong>&#x1f948; Argent<\/strong><\/span><\/td>\n<td style=\"text-align: center; vertical-align: middle; width: 20%; background-color: #17b8ee; font-size: 0.9em;\"><span style=\"color: #ffffff; font-size: 0.9em;\"><strong>&#x1f949; Bronze<\/strong><\/span><\/td>\n<\/tr>\n<tr>\n<td style=\"text-align: center; vertical-align: middle; width: 20%; font-size: 0.9em;\"><strong>3h30<\/strong><\/td>\n<td style=\"text-align: center; vertical-align: middle; font-size: 0.9em;\" colspan=\"2\"><strong>Combin\u00e9 alpin (F)<br \/>\n<span style=\"font-size: 0.9em;\"><em><span style=\"font-size: 0.8em;\"><a href=\"https:\/\/dicodusport.fr\/blog\/jo-pekin-2022-ski-alpin-michelle-gisin-conserve-son-titre-en-combine\/\">R\u00e9sum\u00e9<\/a> &#8211; <a href=\"https:\/\/dicodusport.fr\/blog\/ski-alpin-jo-pekin-2022-classement-combine-alpin-femmes\/\">Classement<\/a><\/span><\/em><\/span><\/strong><\/td>\n<td style=\"text-align: center; vertical-align: middle; width: 20%; font-size: 0.9em;\"><strong>&#x1f1e8;&#x1f1ed; MICHELLE GISIN<\/strong><\/td>\n<td style=\"text-align: center; vertical-align: middle; width: 20%; font-size: 0.9em;\">&#x1f1e8;&#x1f1ed; WENDY HOLDENER<\/td>\n<td style=\"text-align: center; vertical-align: middle; width: 20%; font-size: 0.9em;\">&#x1f1ee;&#x1f1f9; FEDERICA BRIGNONE<\/td>\n<\/tr>\n<tr>\n<td style=\"background-color: #0755a7; width: 800px; text-align: center; vertical-align: middle; font-size: 0.9em;\" colspan=\"6\"><span style=\"color: #ffffff;\"><strong>DIMANCHE 19 F\u00c9VRIER 2022<\/strong><\/span><span style=\"color: #ffffff;\"><strong><br \/>\n<\/strong><\/span><\/td>\n<\/tr>\n<tr>\n<td style=\"text-align: center; vertical-align: middle; width: 20%; background-color: #17b8ee; font-size: 0.9em;\"><span style=\"color: #ffffff; font-size: 0.9em;\"><strong>Horaire<\/strong><\/span><\/td>\n<td style=\"text-align: center; vertical-align: middle; width: 20%; background-color: #17b8ee; font-size: 0.9em;\" colspan=\"2\"><span style=\"color: #ffffff;\"><span style=\"font-size: 0.9em;\"><b>\u00c9preuve<\/b><\/span><\/span><\/td>\n<td style=\"text-align: center; vertical-align: middle; width: 20%; background-color: #17b8ee; font-size: 0.9em;\"><span style=\"color: #ffffff; font-size: 0.9em;\"><strong>&#x1f947; Or<\/strong><\/span><\/td>\n<td style=\"text-align: center; vertical-align: middle; width: 20%; background-color: #17b8ee; font-size: 0.9em;\"><span style=\"color: #ffffff; font-size: 0.9em;\"><strong>&#x1f948; Argent<\/strong><\/span><\/td>\n<td style=\"text-align: center; vertical-align: middle; width: 20%; background-color: #17b8ee; font-size: 0.9em;\"><span style=\"color: #ffffff; font-size: 0.9em;\"><strong>&#x1f949; Bronze<\/strong><\/span><\/td>\n<\/tr>\n<tr>\n<td style=\"text-align: center; vertical-align: middle; width: 20%; font-size: 0.9em;\"><strong>2h00 &#8211; 4h00<\/strong><\/td>\n<td style=\"text-align: center; vertical-align: middle; font-size: 0.9em;\" colspan=\"2\"><strong><span style=\"font-size: 0.9em;\">Parall\u00e8le par \u00e9quipes mixte<\/span><br \/>\n<span style=\"font-size: 0.9em;\"><em><span style=\"font-size: 0.8em;\"><a href=\"https:\/\/dicodusport.fr\/blog\/jo-pekin-2022-ski-alpin-l-autriche-championne-olympique-du-parallele-par-equipes\/\">R\u00e9sum\u00e9<\/a> &#8211; <\/span><\/em><\/span><a href=\"https:\/\/dicodusport.fr\/blog\/ski-alpin-jo-pekin-2022-classement-team-event\/\"><span style=\"font-size: 0.9em;\"><em><span style=\"font-size: 0.8em;\">Classement<\/span><\/em><\/span><\/a><br \/>\n<\/strong><\/td>\n<td style=\"text-align: center; vertical-align: middle; width: 20%; font-size: 0.9em;\"><strong>&#x1f1e6;&#x1f1f9; AUTRICHE<\/strong><\/td>\n<td style=\"text-align: center; vertical-align: middle; width: 20%; font-size: 0.9em;\">&#x1f1e9;&#x1f1ea; ALLEMAGNE<\/td>\n<td style=\"text-align: center; vertical-align: middle; width: 20%; font-size: 0.9em;\">&#x1f1f3;&#x1f1f4; NORV\u00c8GE<\/td>\n<\/tr>\n<\/tbody>\n<\/table>\n<h2 style=\"text-align: justify;\"><strong>\u00c0 lire aussi<\/strong><\/h2>\n<ul>\n<li style=\"text-align: justify;\"><a href=\"https:\/\/dicodusport.fr\/blog\/jo-pekin-2022-calendrier-complet-sport-par-sport\/\"><strong>Le calendrier complet des Jeux Olympiques de P\u00e9kin<\/strong><\/a><\/li>\n<li style=\"text-align: justify;\"><a href=\"https:\/\/dicodusport.fr\/blog\/jo-dhiver-2022-a-pekin-la-selection-francaise-en-ski-alpin\/\"><strong>La s\u00e9lection fran\u00e7aise pour les Jeux Olympiques de P\u00e9kin<\/strong><\/a><\/li>\n<\/ul>\n","protected":false},"excerpt":{"rendered":"<p>JEUX OLYMPIQUES DE P\u00c9KIN 2022 &#8211; D\u00e9couvrez le programme, les r\u00e9sultats complets et les m\u00e9dailles du ski alpin aux JO d&rsquo;hiver de P\u00e9kin 2022.<\/p>\n","protected":false},"author":4,"featured_media":196250,"comment_status":"open","ping_status":"closed","sticky":false,"template":"","format":"standard","meta":{"_acf_changed":false,"_daextam_enable_autolinks":"","footnotes":""},"categories":[20104,9217],"tags":[21579],"class_list":["post-196224","post","type-post","status-publish","format-standard","has-post-thumbnail","hentry","category-jo-hiver-pekin-2022","category-ski","tag-ski-alpin-jo-pekin"],"acf":[],"yoast_head":"<!-- This site is optimized with the Yoast SEO Premium plugin v26.7 (Yoast SEO v26.7) - https:\/\/yoast.com\/wordpress\/plugins\/seo\/ -->\n<title>Ski alpin JO P\u00e9kin 2022 - R\u00e9sultats et m\u00e9dailles<\/title>\n<meta name=\"description\" content=\"JEUX OLYMPIQUES DE P\u00c9KIN 2022 - D\u00e9couvrez le programme, les r\u00e9sultats complets et les m\u00e9dailles du ski alpin aux JO d&#039;hiver de P\u00e9kin 2022.\" \/>\n<meta name=\"robots\" content=\"index, follow, max-snippet:-1, max-image-preview:large, max-video-preview:-1\" \/>\n<link rel=\"canonical\" href=\"https:\/\/dicodusport.fr\/blog\/ski-alpin-jo-pekin-2022-programme-resultats-medailles\/\" \/>\n<meta property=\"og:locale\" content=\"fr_FR\" \/>\n<meta property=\"og:type\" content=\"article\" \/>\n<meta property=\"og:title\" content=\"Ski alpin JO P\u00e9kin 2022 - R\u00e9sultats et m\u00e9dailles\" \/>\n<meta property=\"og:description\" content=\"JEUX OLYMPIQUES DE P\u00c9KIN 2022 - D\u00e9couvrez le programme, les r\u00e9sultats complets et les m\u00e9dailles du ski alpin aux JO d&#039;hiver de P\u00e9kin 2022.\" \/>\n<meta property=\"og:url\" content=\"https:\/\/dicodusport.fr\/blog\/ski-alpin-jo-pekin-2022-programme-resultats-medailles\/\" \/>\n<meta property=\"og:site_name\" content=\"Dicodusport\" \/>\n<meta property=\"article:publisher\" content=\"https:\/\/www.facebook.com\/dicodusport\" \/>\n<meta property=\"article:author\" content=\"https:\/\/www.facebook.com\/florent.ostermann\" \/>\n<meta property=\"article:published_time\" content=\"2022-02-20T02:52:46+00:00\" \/>\n<meta property=\"article:modified_time\" content=\"2022-02-20T03:30:30+00:00\" \/>\n<meta property=\"og:image\" content=\"https:\/\/dicodusport.fr\/blog\/wp-content\/uploads\/2022\/02\/Ski-alpin-JO-Pekin-2022-Programme-resultats-et-medailles.png\" \/>\n\t<meta property=\"og:image:width\" content=\"1200\" \/>\n\t<meta property=\"og:image:height\" content=\"670\" \/>\n\t<meta property=\"og:image:type\" content=\"image\/png\" \/>\n<meta name=\"author\" content=\"Flo Ostermann\" \/>\n<meta name=\"twitter:card\" content=\"summary_large_image\" \/>\n<meta name=\"twitter:title\" content=\"Ski alpin JO P\u00e9kin 2022 - R\u00e9sultats et m\u00e9dailles\" \/>\n<meta name=\"twitter:creator\" content=\"@https:\/\/twitter.com\/FlOstermann\" \/>\n<meta name=\"twitter:site\" content=\"@dicodusport\" \/>\n<script type=\"application\/ld+json\" class=\"yoast-schema-graph\">{\"@context\":\"https:\/\/schema.org\",\"@graph\":[{\"@type\":\"NewsArticle\",\"@id\":\"https:\/\/dicodusport.fr\/blog\/ski-alpin-jo-pekin-2022-programme-resultats-medailles\/#article\",\"isPartOf\":{\"@id\":\"https:\/\/dicodusport.fr\/blog\/ski-alpin-jo-pekin-2022-programme-resultats-medailles\/\"},\"author\":{\"name\":\"Flo Ostermann\",\"@id\":\"https:\/\/dicodusport.fr\/blog\/#\/schema\/person\/cb02af4c173ce4a653b55e9baf388d4a\"},\"headline\":\"Ski alpin JO P\u00e9kin 2022 &#8211; R\u00e9sultats et m\u00e9dailles\",\"datePublished\":\"2022-02-20T02:52:46+00:00\",\"dateModified\":\"2022-02-20T03:30:30+00:00\",\"mainEntityOfPage\":{\"@id\":\"https:\/\/dicodusport.fr\/blog\/ski-alpin-jo-pekin-2022-programme-resultats-medailles\/\"},\"wordCount\":652,\"commentCount\":0,\"publisher\":{\"@id\":\"https:\/\/dicodusport.fr\/blog\/#organization\"},\"image\":{\"@id\":\"https:\/\/dicodusport.fr\/blog\/ski-alpin-jo-pekin-2022-programme-resultats-medailles\/#primaryimage\"},\"thumbnailUrl\":\"https:\/\/dicodusport.fr\/blog\/wp-content\/uploads\/2022\/02\/Ski-alpin-JO-Pekin-2022-Programme-resultats-et-medailles.png\",\"keywords\":[\"Ski alpin JO P\u00e9kin\"],\"articleSection\":[\"JO d'hiver P\u00e9kin 2022\",\"Ski\"],\"inLanguage\":\"fr-FR\",\"potentialAction\":[{\"@type\":\"CommentAction\",\"name\":\"Comment\",\"target\":[\"https:\/\/dicodusport.fr\/blog\/ski-alpin-jo-pekin-2022-programme-resultats-medailles\/#respond\"]}],\"copyrightYear\":\"2022\",\"copyrightHolder\":{\"@id\":\"https:\/\/dicodusport.fr\/blog\/#organization\"}},{\"@type\":\"WebPage\",\"@id\":\"https:\/\/dicodusport.fr\/blog\/ski-alpin-jo-pekin-2022-programme-resultats-medailles\/\",\"url\":\"https:\/\/dicodusport.fr\/blog\/ski-alpin-jo-pekin-2022-programme-resultats-medailles\/\",\"name\":\"Ski alpin JO P\u00e9kin 2022 - R\u00e9sultats et m\u00e9dailles\",\"isPartOf\":{\"@id\":\"https:\/\/dicodusport.fr\/blog\/#website\"},\"primaryImageOfPage\":{\"@id\":\"https:\/\/dicodusport.fr\/blog\/ski-alpin-jo-pekin-2022-programme-resultats-medailles\/#primaryimage\"},\"image\":{\"@id\":\"https:\/\/dicodusport.fr\/blog\/ski-alpin-jo-pekin-2022-programme-resultats-medailles\/#primaryimage\"},\"thumbnailUrl\":\"https:\/\/dicodusport.fr\/blog\/wp-content\/uploads\/2022\/02\/Ski-alpin-JO-Pekin-2022-Programme-resultats-et-medailles.png\",\"datePublished\":\"2022-02-20T02:52:46+00:00\",\"dateModified\":\"2022-02-20T03:30:30+00:00\",\"description\":\"JEUX OLYMPIQUES DE P\u00c9KIN 2022 - D\u00e9couvrez le programme, les r\u00e9sultats complets et les m\u00e9dailles du ski alpin aux JO d'hiver de P\u00e9kin 2022.\",\"breadcrumb\":{\"@id\":\"https:\/\/dicodusport.fr\/blog\/ski-alpin-jo-pekin-2022-programme-resultats-medailles\/#breadcrumb\"},\"inLanguage\":\"fr-FR\",\"potentialAction\":[{\"@type\":\"ReadAction\",\"target\":[\"https:\/\/dicodusport.fr\/blog\/ski-alpin-jo-pekin-2022-programme-resultats-medailles\/\"]}]},{\"@type\":\"ImageObject\",\"inLanguage\":\"fr-FR\",\"@id\":\"https:\/\/dicodusport.fr\/blog\/ski-alpin-jo-pekin-2022-programme-resultats-medailles\/#primaryimage\",\"url\":\"https:\/\/dicodusport.fr\/blog\/wp-content\/uploads\/2022\/02\/Ski-alpin-JO-Pekin-2022-Programme-resultats-et-medailles.png\",\"contentUrl\":\"https:\/\/dicodusport.fr\/blog\/wp-content\/uploads\/2022\/02\/Ski-alpin-JO-Pekin-2022-Programme-resultats-et-medailles.png\",\"width\":1200,\"height\":670,\"caption\":\"Ski alpin JO P\u00e9kin 2022 - Programme, r\u00e9sultats et m\u00e9dailles\"},{\"@type\":\"BreadcrumbList\",\"@id\":\"https:\/\/dicodusport.fr\/blog\/ski-alpin-jo-pekin-2022-programme-resultats-medailles\/#breadcrumb\",\"itemListElement\":[{\"@type\":\"ListItem\",\"position\":1,\"name\":\"Accueil\",\"item\":\"https:\/\/dicodusport.fr\/blog\/\"},{\"@type\":\"ListItem\",\"position\":2,\"name\":\"Ski alpin JO P\u00e9kin 2022 &#8211; R\u00e9sultats et m\u00e9dailles\"}]},{\"@type\":\"WebSite\",\"@id\":\"https:\/\/dicodusport.fr\/blog\/#website\",\"url\":\"https:\/\/dicodusport.fr\/blog\/\",\"name\":\"Dicodusport\",\"description\":\"L&#039;encyclop\u00e9die de l&#039;actualit\u00e9 sportive\",\"publisher\":{\"@id\":\"https:\/\/dicodusport.fr\/blog\/#organization\"},\"potentialAction\":[{\"@type\":\"SearchAction\",\"target\":{\"@type\":\"EntryPoint\",\"urlTemplate\":\"https:\/\/dicodusport.fr\/blog\/?s={search_term_string}\"},\"query-input\":{\"@type\":\"PropertyValueSpecification\",\"valueRequired\":true,\"valueName\":\"search_term_string\"}}],\"inLanguage\":\"fr-FR\"},{\"@type\":\"NewsMediaOrganization\",\"@id\":\"https:\/\/dicodusport.fr\/blog\/#organization\",\"name\":\"Dicodusport\",\"url\":\"https:\/\/dicodusport.fr\/blog\/\",\"logo\":{\"@type\":\"ImageObject\",\"inLanguage\":\"fr-FR\",\"@id\":\"https:\/\/dicodusport.fr\/blog\/#\/schema\/logo\/image\/\",\"url\":\"https:\/\/dicodusport.fr\/blog\/wp-content\/uploads\/2020\/06\/cropped-LOGO-DICODUSPORT-2020-SANS-FOND-SANS-TEXTE.png\",\"contentUrl\":\"https:\/\/dicodusport.fr\/blog\/wp-content\/uploads\/2020\/06\/cropped-LOGO-DICODUSPORT-2020-SANS-FOND-SANS-TEXTE.png\",\"width\":512,\"height\":512,\"caption\":\"Dicodusport\"},\"image\":{\"@id\":\"https:\/\/dicodusport.fr\/blog\/#\/schema\/logo\/image\/\"},\"sameAs\":[\"https:\/\/www.facebook.com\/dicodusport\",\"https:\/\/x.com\/dicodusport\",\"https:\/\/www.instagram.com\/dicodusport\/\",\"https:\/\/www.youtube.com\/channel\/UC7V2KZ5sd3htJivAbA4ZG3w\"],\"description\":\"Dicodusport est l'encyclop\u00e9die de l'actualit\u00e9 sportive.\",\"email\":\"bonjour@dicodusport.fr\",\"legalName\":\"DICODUSPORT\",\"foundingDate\":\"2018-01-14\",\"vatID\":\"FR71834470973\",\"taxID\":\"83447097300043\",\"numberOfEmployees\":{\"@type\":\"QuantitativeValue\",\"minValue\":\"1\",\"maxValue\":\"10\"}},{\"@type\":\"Person\",\"@id\":\"https:\/\/dicodusport.fr\/blog\/#\/schema\/person\/cb02af4c173ce4a653b55e9baf388d4a\",\"name\":\"Flo Ostermann\",\"image\":{\"@type\":\"ImageObject\",\"inLanguage\":\"fr-FR\",\"@id\":\"https:\/\/dicodusport.fr\/blog\/#\/schema\/person\/image\/\",\"url\":\"https:\/\/dicodusport.fr\/blog\/wp-content\/uploads\/2021\/05\/Flo-Ostermann-150x150.jpg\",\"contentUrl\":\"https:\/\/dicodusport.fr\/blog\/wp-content\/uploads\/2021\/05\/Flo-Ostermann-150x150.jpg\",\"caption\":\"Flo Ostermann\"},\"description\":\"Journaliste\/R\u00e9dacteur depuis septembre 2015 - Mes premiers souvenirs dans le sport ? Les envol\u00e9es du Stade Toulousain et les duels Villeneuve-Schumacher et H\u00e4kkinen-Schumacher \u00e0 la fin des ann\u00e9es 90, la Coupe du monde de football en 1998, l\u2019exploit du XV de France face aux All Blacks en 1999, mais aussi Richard C\u0153ur de Lion qui vole sur les montagnes du Tour de France. Bien parti pour devenir professeur d\u2019EPS, les \u00e9v\u00e9nements de la vie (et la flemme d\u2019animer des s\u00e9ances de 3x500 m\u00e8tres toute ma vie) m\u2019ont conduit \u00e0 revoir mes plans. Me voil\u00e0 depuis fin 2017 sur Dicodusport, m\u00e9dia gr\u00e2ce (et pour) lequel je partage ma passion : le sport dans tous ses \u00e9tats. Le tout accompagn\u00e9 par les fous furieux et folles furieuses cit\u00e9s sur cette page !\",\"sameAs\":[\"https:\/\/www.facebook.com\/florent.ostermann\",\"https:\/\/x.com\/https:\/\/twitter.com\/FlOstermann\",\"admin\"],\"url\":\"https:\/\/dicodusport.fr\/blog\/author\/flo\/\"}]}<\/script>\n<!-- \/ Yoast SEO Premium plugin. -->","yoast_head_json":{"title":"Ski alpin JO P\u00e9kin 2022 - R\u00e9sultats et m\u00e9dailles","description":"JEUX OLYMPIQUES DE P\u00c9KIN 2022 - D\u00e9couvrez le programme, les r\u00e9sultats complets et les m\u00e9dailles du ski alpin aux JO d'hiver de P\u00e9kin 2022.","robots":{"index":"index","follow":"follow","max-snippet":"max-snippet:-1","max-image-preview":"max-image-preview:large","max-video-preview":"max-video-preview:-1"},"canonical":"https:\/\/dicodusport.fr\/blog\/ski-alpin-jo-pekin-2022-programme-resultats-medailles\/","og_locale":"fr_FR","og_type":"article","og_title":"Ski alpin JO P\u00e9kin 2022 - R\u00e9sultats et m\u00e9dailles","og_description":"JEUX OLYMPIQUES DE P\u00c9KIN 2022 - D\u00e9couvrez le programme, les r\u00e9sultats complets et les m\u00e9dailles du ski alpin aux JO d'hiver de P\u00e9kin 2022.","og_url":"https:\/\/dicodusport.fr\/blog\/ski-alpin-jo-pekin-2022-programme-resultats-medailles\/","og_site_name":"Dicodusport","article_publisher":"https:\/\/www.facebook.com\/dicodusport","article_author":"https:\/\/www.facebook.com\/florent.ostermann","article_published_time":"2022-02-20T02:52:46+00:00","article_modified_time":"2022-02-20T03:30:30+00:00","og_image":[{"width":1200,"height":670,"url":"https:\/\/dicodusport.fr\/blog\/wp-content\/uploads\/2022\/02\/Ski-alpin-JO-Pekin-2022-Programme-resultats-et-medailles.png","type":"image\/png"}],"author":"Flo Ostermann","twitter_card":"summary_large_image","twitter_title":"Ski alpin JO P\u00e9kin 2022 - R\u00e9sultats et m\u00e9dailles","twitter_creator":"@https:\/\/twitter.com\/FlOstermann","twitter_site":"@dicodusport","schema":{"@context":"https:\/\/schema.org","@graph":[{"@type":"NewsArticle","@id":"https:\/\/dicodusport.fr\/blog\/ski-alpin-jo-pekin-2022-programme-resultats-medailles\/#article","isPartOf":{"@id":"https:\/\/dicodusport.fr\/blog\/ski-alpin-jo-pekin-2022-programme-resultats-medailles\/"},"author":{"name":"Flo Ostermann","@id":"https:\/\/dicodusport.fr\/blog\/#\/schema\/person\/cb02af4c173ce4a653b55e9baf388d4a"},"headline":"Ski alpin JO P\u00e9kin 2022 &#8211; R\u00e9sultats et m\u00e9dailles","datePublished":"2022-02-20T02:52:46+00:00","dateModified":"2022-02-20T03:30:30+00:00","mainEntityOfPage":{"@id":"https:\/\/dicodusport.fr\/blog\/ski-alpin-jo-pekin-2022-programme-resultats-medailles\/"},"wordCount":652,"commentCount":0,"publisher":{"@id":"https:\/\/dicodusport.fr\/blog\/#organization"},"image":{"@id":"https:\/\/dicodusport.fr\/blog\/ski-alpin-jo-pekin-2022-programme-resultats-medailles\/#primaryimage"},"thumbnailUrl":"https:\/\/dicodusport.fr\/blog\/wp-content\/uploads\/2022\/02\/Ski-alpin-JO-Pekin-2022-Programme-resultats-et-medailles.png","keywords":["Ski alpin JO P\u00e9kin"],"articleSection":["JO d'hiver P\u00e9kin 2022","Ski"],"inLanguage":"fr-FR","potentialAction":[{"@type":"CommentAction","name":"Comment","target":["https:\/\/dicodusport.fr\/blog\/ski-alpin-jo-pekin-2022-programme-resultats-medailles\/#respond"]}],"copyrightYear":"2022","copyrightHolder":{"@id":"https:\/\/dicodusport.fr\/blog\/#organization"}},{"@type":"WebPage","@id":"https:\/\/dicodusport.fr\/blog\/ski-alpin-jo-pekin-2022-programme-resultats-medailles\/","url":"https:\/\/dicodusport.fr\/blog\/ski-alpin-jo-pekin-2022-programme-resultats-medailles\/","name":"Ski alpin JO P\u00e9kin 2022 - R\u00e9sultats et m\u00e9dailles","isPartOf":{"@id":"https:\/\/dicodusport.fr\/blog\/#website"},"primaryImageOfPage":{"@id":"https:\/\/dicodusport.fr\/blog\/ski-alpin-jo-pekin-2022-programme-resultats-medailles\/#primaryimage"},"image":{"@id":"https:\/\/dicodusport.fr\/blog\/ski-alpin-jo-pekin-2022-programme-resultats-medailles\/#primaryimage"},"thumbnailUrl":"https:\/\/dicodusport.fr\/blog\/wp-content\/uploads\/2022\/02\/Ski-alpin-JO-Pekin-2022-Programme-resultats-et-medailles.png","datePublished":"2022-02-20T02:52:46+00:00","dateModified":"2022-02-20T03:30:30+00:00","description":"JEUX OLYMPIQUES DE P\u00c9KIN 2022 - D\u00e9couvrez le programme, les r\u00e9sultats complets et les m\u00e9dailles du ski alpin aux JO d'hiver de P\u00e9kin 2022.","breadcrumb":{"@id":"https:\/\/dicodusport.fr\/blog\/ski-alpin-jo-pekin-2022-programme-resultats-medailles\/#breadcrumb"},"inLanguage":"fr-FR","potentialAction":[{"@type":"ReadAction","target":["https:\/\/dicodusport.fr\/blog\/ski-alpin-jo-pekin-2022-programme-resultats-medailles\/"]}]},{"@type":"ImageObject","inLanguage":"fr-FR","@id":"https:\/\/dicodusport.fr\/blog\/ski-alpin-jo-pekin-2022-programme-resultats-medailles\/#primaryimage","url":"https:\/\/dicodusport.fr\/blog\/wp-content\/uploads\/2022\/02\/Ski-alpin-JO-Pekin-2022-Programme-resultats-et-medailles.png","contentUrl":"https:\/\/dicodusport.fr\/blog\/wp-content\/uploads\/2022\/02\/Ski-alpin-JO-Pekin-2022-Programme-resultats-et-medailles.png","width":1200,"height":670,"caption":"Ski alpin JO P\u00e9kin 2022 - Programme, r\u00e9sultats et m\u00e9dailles"},{"@type":"BreadcrumbList","@id":"https:\/\/dicodusport.fr\/blog\/ski-alpin-jo-pekin-2022-programme-resultats-medailles\/#breadcrumb","itemListElement":[{"@type":"ListItem","position":1,"name":"Accueil","item":"https:\/\/dicodusport.fr\/blog\/"},{"@type":"ListItem","position":2,"name":"Ski alpin JO P\u00e9kin 2022 &#8211; R\u00e9sultats et m\u00e9dailles"}]},{"@type":"WebSite","@id":"https:\/\/dicodusport.fr\/blog\/#website","url":"https:\/\/dicodusport.fr\/blog\/","name":"Dicodusport","description":"L&#039;encyclop\u00e9die de l&#039;actualit\u00e9 sportive","publisher":{"@id":"https:\/\/dicodusport.fr\/blog\/#organization"},"potentialAction":[{"@type":"SearchAction","target":{"@type":"EntryPoint","urlTemplate":"https:\/\/dicodusport.fr\/blog\/?s={search_term_string}"},"query-input":{"@type":"PropertyValueSpecification","valueRequired":true,"valueName":"search_term_string"}}],"inLanguage":"fr-FR"},{"@type":"NewsMediaOrganization","@id":"https:\/\/dicodusport.fr\/blog\/#organization","name":"Dicodusport","url":"https:\/\/dicodusport.fr\/blog\/","logo":{"@type":"ImageObject","inLanguage":"fr-FR","@id":"https:\/\/dicodusport.fr\/blog\/#\/schema\/logo\/image\/","url":"https:\/\/dicodusport.fr\/blog\/wp-content\/uploads\/2020\/06\/cropped-LOGO-DICODUSPORT-2020-SANS-FOND-SANS-TEXTE.png","contentUrl":"https:\/\/dicodusport.fr\/blog\/wp-content\/uploads\/2020\/06\/cropped-LOGO-DICODUSPORT-2020-SANS-FOND-SANS-TEXTE.png","width":512,"height":512,"caption":"Dicodusport"},"image":{"@id":"https:\/\/dicodusport.fr\/blog\/#\/schema\/logo\/image\/"},"sameAs":["https:\/\/www.facebook.com\/dicodusport","https:\/\/x.com\/dicodusport","https:\/\/www.instagram.com\/dicodusport\/","https:\/\/www.youtube.com\/channel\/UC7V2KZ5sd3htJivAbA4ZG3w"],"description":"Dicodusport est l'encyclop\u00e9die de l'actualit\u00e9 sportive.","email":"bonjour@dicodusport.fr","legalName":"DICODUSPORT","foundingDate":"2018-01-14","vatID":"FR71834470973","taxID":"83447097300043","numberOfEmployees":{"@type":"QuantitativeValue","minValue":"1","maxValue":"10"}},{"@type":"Person","@id":"https:\/\/dicodusport.fr\/blog\/#\/schema\/person\/cb02af4c173ce4a653b55e9baf388d4a","name":"Flo Ostermann","image":{"@type":"ImageObject","inLanguage":"fr-FR","@id":"https:\/\/dicodusport.fr\/blog\/#\/schema\/person\/image\/","url":"https:\/\/dicodusport.fr\/blog\/wp-content\/uploads\/2021\/05\/Flo-Ostermann-150x150.jpg","contentUrl":"https:\/\/dicodusport.fr\/blog\/wp-content\/uploads\/2021\/05\/Flo-Ostermann-150x150.jpg","caption":"Flo Ostermann"},"description":"Journaliste\/R\u00e9dacteur depuis septembre 2015 - Mes premiers souvenirs dans le sport ? Les envol\u00e9es du Stade Toulousain et les duels Villeneuve-Schumacher et H\u00e4kkinen-Schumacher \u00e0 la fin des ann\u00e9es 90, la Coupe du monde de football en 1998, l\u2019exploit du XV de France face aux All Blacks en 1999, mais aussi Richard C\u0153ur de Lion qui vole sur les montagnes du Tour de France. Bien parti pour devenir professeur d\u2019EPS, les \u00e9v\u00e9nements de la vie (et la flemme d\u2019animer des s\u00e9ances de 3x500 m\u00e8tres toute ma vie) m\u2019ont conduit \u00e0 revoir mes plans. Me voil\u00e0 depuis fin 2017 sur Dicodusport, m\u00e9dia gr\u00e2ce (et pour) lequel je partage ma passion : le sport dans tous ses \u00e9tats. Le tout accompagn\u00e9 par les fous furieux et folles furieuses cit\u00e9s sur cette page !","sameAs":["https:\/\/www.facebook.com\/florent.ostermann","https:\/\/x.com\/https:\/\/twitter.com\/FlOstermann","admin"],"url":"https:\/\/dicodusport.fr\/blog\/author\/flo\/"}]}},"_links":{"self":[{"href":"https:\/\/dicodusport.fr\/blog\/wp-json\/wp\/v2\/posts\/196224","targetHints":{"allow":["GET"]}}],"collection":[{"href":"https:\/\/dicodusport.fr\/blog\/wp-json\/wp\/v2\/posts"}],"about":[{"href":"https:\/\/dicodusport.fr\/blog\/wp-json\/wp\/v2\/types\/post"}],"author":[{"embeddable":true,"href":"https:\/\/dicodusport.fr\/blog\/wp-json\/wp\/v2\/users\/4"}],"replies":[{"embeddable":true,"href":"https:\/\/dicodusport.fr\/blog\/wp-json\/wp\/v2\/comments?post=196224"}],"version-history":[{"count":0,"href":"https:\/\/dicodusport.fr\/blog\/wp-json\/wp\/v2\/posts\/196224\/revisions"}],"wp:featuredmedia":[{"embeddable":true,"href":"https:\/\/dicodusport.fr\/blog\/wp-json\/wp\/v2\/media\/196250"}],"wp:attachment":[{"href":"https:\/\/dicodusport.fr\/blog\/wp-json\/wp\/v2\/media?parent=196224"}],"wp:term":[{"taxonomy":"category","embeddable":true,"href":"https:\/\/dicodusport.fr\/blog\/wp-json\/wp\/v2\/categories?post=196224"},{"taxonomy":"post_tag","embeddable":true,"href":"https:\/\/dicodusport.fr\/blog\/wp-json\/wp\/v2\/tags?post=196224"}],"curies":[{"name":"wp","href":"https:\/\/api.w.org\/{rel}","templated":true}]}}