{"id":196409,"date":"2022-02-02T09:24:38","date_gmt":"2022-02-02T08:24:38","guid":{"rendered":"https:\/\/dicodusport.fr\/blog\/?p=196409&#038;preview=true&#038;preview_id=196409"},"modified":"2022-02-02T09:24:38","modified_gmt":"2022-02-02T08:24:38","slug":"thibaut-pinot-je-n-etais-pas-extraordinaire-non-plus-mais-je-m-y-attendais","status":"publish","type":"post","link":"https:\/\/dicodusport.fr\/blog\/thibaut-pinot-je-n-etais-pas-extraordinaire-non-plus-mais-je-m-y-attendais\/","title":{"rendered":"Thibaut Pinot : \u00ab\u00a0Je n\u2019\u00e9tais pas extraordinaire non plus, mais je m\u2019y attendais\u00a0\u00bb"},"content":{"rendered":"<p style=\"text-align: justify;\"><strong><em>CYCLISME 2022 &#8211; Apr\u00e8s le Grand Prix de La Marseillaise et avant l&rsquo;<a href=\"https:\/\/dicodusport.fr\/blog\/etoile-de-besseges-2022-programme-des-etapes-et-resultats\/\" target=\"_blank\" rel=\"noopener\">\u00c9toile de Bess\u00e8ges<\/a>, sa deuxi\u00e8me course de la saison, Thibaut Pinot (Groupama-FDJ) s&rsquo;est confi\u00e9 sur ses premi\u00e8res sensations de la saison.\u00a0<\/em><\/strong><\/p>\n<p style=\"text-align: justify;\">Sur le site de son \u00e9quipe, <strong>Thibaut Pinot<\/strong> (Groupama-FDJ), qui a \u00e9t\u00e9 offensif dans une des ascensions avant de terminer dans le temps du vainqueur, donnait son sentiment sur ce premier jour de course de 2022.<\/p>\n<blockquote>\n<p style=\"text-align: justify;\">Dans le final, la course \u00e9tait un peu bloqu\u00e9e avec le vent, mais je suis quand m\u00eame content de mes sensations. Je n\u2019\u00e9tais pas extraordinaire non plus, mais je m\u2019y attendais. J\u2019ai pu suivre, mais je n\u2019ai pas pu peser sur la course comme si j\u2019\u00e9tais \u00e0 100%. \u00c7a va venir. C\u2019est une bonne journ\u00e9e \u00e0 prendre, une bonne course de pr\u00e9paration.<\/p>\n<\/blockquote>\n<p style=\"text-align: justify;\">Thibaut Pinot sera le leader de sa formation pour cette premi\u00e8re course \u00e0 \u00e9tapes qui d\u00e9bute ce mercredi. Le <a href=\"https:\/\/dicodusport.fr\/blog\/etoile-de-besseges-2022-le-parcours-en-detail\/\" target=\"_blank\" rel=\"noopener\">parcours de l&rsquo;\u00c9toile de Bess\u00e8ges<\/a> pourrait lui permettre de briller, ou au moins de peaufiner sa pr\u00e9paration.<\/p>\n<blockquote class=\"twitter-tweet\">\n<p dir=\"ltr\" lang=\"fr\">Thierry Bricaud apr\u00e8s le GP La Marseillaise : \u00ab\u00a0On sera s\u00fbrement beaucoup plus acteurs sur Bess\u00e8ges\u00a0\u00bb<\/p>\n<p>&#x1f449; <a href=\"https:\/\/t.co\/YNKbnLgnlo\">https:\/\/t.co\/YNKbnLgnlo<\/a> <a href=\"https:\/\/t.co\/qSS08vbIC1\">pic.twitter.com\/qSS08vbIC1<\/a><\/p>\n<p>\u2014 \u00c9quipe Cycliste Groupama-FDJ (@GroupamaFDJ) <a href=\"https:\/\/twitter.com\/GroupamaFDJ\/status\/1487856082156498948?ref_src=twsrc%5Etfw\">January 30, 2022<\/a><\/p><\/blockquote>\n<p style=\"text-align: justify;\"><script async src=\"https:\/\/platform.twitter.com\/widgets.js\" charset=\"utf-8\"><\/script><\/p>\n<p style=\"text-align: justify;\">\n","protected":false},"excerpt":{"rendered":"<p>CYCLISME 2022 &#8211; Apr\u00e8s le Grand Prix de La Marseillaise et avant l&rsquo;\u00c9toile de Bess\u00e8ges, sa deuxi\u00e8me course de la saison, Thibaut Pinot (Groupama-FDJ) s&rsquo;est confi\u00e9 sur ses premi\u00e8res sensations de la saison.\u00a0<\/p>\n","protected":false},"author":1,"featured_media":196411,"comment_status":"open","ping_status":"closed","sticky":false,"template":"","format":"standard","meta":{"_acf_changed":false,"_daextam_enable_autolinks":"","footnotes":""},"categories":[46994],"tags":[3645,3279,4839],"class_list":["post-196409","post","type-post","status-publish","format-standard","has-post-thumbnail","hentry","category-cyclisme-sur-route","tag-etoile-de-besseges","tag-groupama-fdj","tag-thibaut-pinot"],"acf":[],"yoast_head":"<!-- This site is optimized with the Yoast SEO Premium plugin v26.7 (Yoast SEO v26.7) - https:\/\/yoast.com\/wordpress\/plugins\/seo\/ -->\n<title>Thibaut Pinot : &quot;Je n\u2019\u00e9tais pas extraordinaire non plus, mais je m\u2019y attendais&quot;<\/title>\n<meta name=\"description\" content=\"CYCLISME - Avant l&#039;\u00c9toile de Bess\u00e8ges, sa deuxi\u00e8me course de la saison, Thibaut Pinot (Groupama-FDJ) s&#039;est confi\u00e9 sur ses premi\u00e8res sensations.\" \/>\n<meta name=\"robots\" content=\"index, follow, max-snippet:-1, max-image-preview:large, max-video-preview:-1\" \/>\n<link rel=\"canonical\" href=\"https:\/\/dicodusport.fr\/blog\/thibaut-pinot-je-n-etais-pas-extraordinaire-non-plus-mais-je-m-y-attendais\/\" \/>\n<meta property=\"og:locale\" content=\"fr_FR\" \/>\n<meta property=\"og:type\" content=\"article\" \/>\n<meta property=\"og:title\" content=\"Thibaut Pinot : &quot;Je n\u2019\u00e9tais pas extraordinaire non plus, mais je m\u2019y attendais&quot;\" \/>\n<meta property=\"og:description\" content=\"CYCLISME - Avant l&#039;\u00c9toile de Bess\u00e8ges, sa deuxi\u00e8me course de la saison, Thibaut Pinot (Groupama-FDJ) s&#039;est confi\u00e9 sur ses premi\u00e8res sensations.\" \/>\n<meta property=\"og:url\" content=\"https:\/\/dicodusport.fr\/blog\/thibaut-pinot-je-n-etais-pas-extraordinaire-non-plus-mais-je-m-y-attendais\/\" \/>\n<meta property=\"og:site_name\" content=\"Dicodusport\" \/>\n<meta property=\"article:publisher\" content=\"https:\/\/www.facebook.com\/dicodusport\" \/>\n<meta property=\"article:author\" content=\"https:\/\/www.facebook.com\/dicodusport\" \/>\n<meta property=\"article:published_time\" content=\"2022-02-02T08:24:38+00:00\" \/>\n<meta property=\"og:image\" content=\"https:\/\/dicodusport.fr\/blog\/wp-content\/uploads\/2022\/02\/Thibaut-Pinot-Je-ne\u0301tais-pas-extraordinaire-non-plus-mais-je-my-attendais.png\" \/>\n\t<meta property=\"og:image:width\" content=\"800\" \/>\n\t<meta property=\"og:image:height\" content=\"445\" \/>\n\t<meta property=\"og:image:type\" content=\"image\/png\" \/>\n<meta name=\"author\" content=\"Nicolas Jacquemard\" \/>\n<meta name=\"twitter:card\" content=\"summary_large_image\" \/>\n<meta name=\"twitter:title\" content=\"Thibaut Pinot : &quot;Je n\u2019\u00e9tais pas extraordinaire non plus, mais je m\u2019y attendais&quot;\" \/>\n<meta name=\"twitter:creator\" content=\"@https:\/\/twitter.com\/Nico_Jacquemard\" \/>\n<meta name=\"twitter:site\" content=\"@dicodusport\" \/>\n<script type=\"application\/ld+json\" class=\"yoast-schema-graph\">{\"@context\":\"https:\/\/schema.org\",\"@graph\":[{\"@type\":\"NewsArticle\",\"@id\":\"https:\/\/dicodusport.fr\/blog\/thibaut-pinot-je-n-etais-pas-extraordinaire-non-plus-mais-je-m-y-attendais\/#article\",\"isPartOf\":{\"@id\":\"https:\/\/dicodusport.fr\/blog\/thibaut-pinot-je-n-etais-pas-extraordinaire-non-plus-mais-je-m-y-attendais\/\"},\"author\":{\"name\":\"Nicolas Jacquemard\",\"@id\":\"https:\/\/dicodusport.fr\/blog\/#\/schema\/person\/55dcb50ad410894e431ed812bbb70191\"},\"headline\":\"Thibaut Pinot : \u00ab\u00a0Je n\u2019\u00e9tais pas extraordinaire non plus, mais je m\u2019y attendais\u00a0\u00bb\",\"datePublished\":\"2022-02-02T08:24:38+00:00\",\"mainEntityOfPage\":{\"@id\":\"https:\/\/dicodusport.fr\/blog\/thibaut-pinot-je-n-etais-pas-extraordinaire-non-plus-mais-je-m-y-attendais\/\"},\"wordCount\":230,\"commentCount\":0,\"publisher\":{\"@id\":\"https:\/\/dicodusport.fr\/blog\/#organization\"},\"image\":{\"@id\":\"https:\/\/dicodusport.fr\/blog\/thibaut-pinot-je-n-etais-pas-extraordinaire-non-plus-mais-je-m-y-attendais\/#primaryimage\"},\"thumbnailUrl\":\"https:\/\/dicodusport.fr\/blog\/wp-content\/uploads\/2022\/02\/Thibaut-Pinot-Je-ne\u0301tais-pas-extraordinaire-non-plus-mais-je-my-attendais.png\",\"keywords\":[\"Etoile de Bess\u00e8ges\",\"Groupama FDJ\",\"Thibaut Pinot\"],\"articleSection\":[\"Cyclisme sur route\"],\"inLanguage\":\"fr-FR\",\"potentialAction\":[{\"@type\":\"CommentAction\",\"name\":\"Comment\",\"target\":[\"https:\/\/dicodusport.fr\/blog\/thibaut-pinot-je-n-etais-pas-extraordinaire-non-plus-mais-je-m-y-attendais\/#respond\"]}],\"copyrightYear\":\"2022\",\"copyrightHolder\":{\"@id\":\"https:\/\/dicodusport.fr\/blog\/#organization\"}},{\"@type\":\"WebPage\",\"@id\":\"https:\/\/dicodusport.fr\/blog\/thibaut-pinot-je-n-etais-pas-extraordinaire-non-plus-mais-je-m-y-attendais\/\",\"url\":\"https:\/\/dicodusport.fr\/blog\/thibaut-pinot-je-n-etais-pas-extraordinaire-non-plus-mais-je-m-y-attendais\/\",\"name\":\"Thibaut Pinot : \\\"Je n\u2019\u00e9tais pas extraordinaire non plus, mais je m\u2019y attendais\\\"\",\"isPartOf\":{\"@id\":\"https:\/\/dicodusport.fr\/blog\/#website\"},\"primaryImageOfPage\":{\"@id\":\"https:\/\/dicodusport.fr\/blog\/thibaut-pinot-je-n-etais-pas-extraordinaire-non-plus-mais-je-m-y-attendais\/#primaryimage\"},\"image\":{\"@id\":\"https:\/\/dicodusport.fr\/blog\/thibaut-pinot-je-n-etais-pas-extraordinaire-non-plus-mais-je-m-y-attendais\/#primaryimage\"},\"thumbnailUrl\":\"https:\/\/dicodusport.fr\/blog\/wp-content\/uploads\/2022\/02\/Thibaut-Pinot-Je-ne\u0301tais-pas-extraordinaire-non-plus-mais-je-my-attendais.png\",\"datePublished\":\"2022-02-02T08:24:38+00:00\",\"description\":\"CYCLISME - Avant l'\u00c9toile de Bess\u00e8ges, sa deuxi\u00e8me course de la saison, Thibaut Pinot (Groupama-FDJ) s'est confi\u00e9 sur ses premi\u00e8res sensations.\",\"breadcrumb\":{\"@id\":\"https:\/\/dicodusport.fr\/blog\/thibaut-pinot-je-n-etais-pas-extraordinaire-non-plus-mais-je-m-y-attendais\/#breadcrumb\"},\"inLanguage\":\"fr-FR\",\"potentialAction\":[{\"@type\":\"ReadAction\",\"target\":[\"https:\/\/dicodusport.fr\/blog\/thibaut-pinot-je-n-etais-pas-extraordinaire-non-plus-mais-je-m-y-attendais\/\"]}]},{\"@type\":\"ImageObject\",\"inLanguage\":\"fr-FR\",\"@id\":\"https:\/\/dicodusport.fr\/blog\/thibaut-pinot-je-n-etais-pas-extraordinaire-non-plus-mais-je-m-y-attendais\/#primaryimage\",\"url\":\"https:\/\/dicodusport.fr\/blog\/wp-content\/uploads\/2022\/02\/Thibaut-Pinot-Je-ne\u0301tais-pas-extraordinaire-non-plus-mais-je-my-attendais.png\",\"contentUrl\":\"https:\/\/dicodusport.fr\/blog\/wp-content\/uploads\/2022\/02\/Thibaut-Pinot-Je-ne\u0301tais-pas-extraordinaire-non-plus-mais-je-my-attendais.png\",\"width\":800,\"height\":445},{\"@type\":\"BreadcrumbList\",\"@id\":\"https:\/\/dicodusport.fr\/blog\/thibaut-pinot-je-n-etais-pas-extraordinaire-non-plus-mais-je-m-y-attendais\/#breadcrumb\",\"itemListElement\":[{\"@type\":\"ListItem\",\"position\":1,\"name\":\"Accueil\",\"item\":\"https:\/\/dicodusport.fr\/blog\/\"},{\"@type\":\"ListItem\",\"position\":2,\"name\":\"Thibaut Pinot : \u00ab\u00a0Je n\u2019\u00e9tais pas extraordinaire non plus, mais je m\u2019y attendais\u00a0\u00bb\"}]},{\"@type\":\"WebSite\",\"@id\":\"https:\/\/dicodusport.fr\/blog\/#website\",\"url\":\"https:\/\/dicodusport.fr\/blog\/\",\"name\":\"Dicodusport\",\"description\":\"L&#039;encyclop\u00e9die de l&#039;actualit\u00e9 sportive\",\"publisher\":{\"@id\":\"https:\/\/dicodusport.fr\/blog\/#organization\"},\"potentialAction\":[{\"@type\":\"SearchAction\",\"target\":{\"@type\":\"EntryPoint\",\"urlTemplate\":\"https:\/\/dicodusport.fr\/blog\/?s={search_term_string}\"},\"query-input\":{\"@type\":\"PropertyValueSpecification\",\"valueRequired\":true,\"valueName\":\"search_term_string\"}}],\"inLanguage\":\"fr-FR\"},{\"@type\":\"NewsMediaOrganization\",\"@id\":\"https:\/\/dicodusport.fr\/blog\/#organization\",\"name\":\"Dicodusport\",\"url\":\"https:\/\/dicodusport.fr\/blog\/\",\"logo\":{\"@type\":\"ImageObject\",\"inLanguage\":\"fr-FR\",\"@id\":\"https:\/\/dicodusport.fr\/blog\/#\/schema\/logo\/image\/\",\"url\":\"https:\/\/dicodusport.fr\/blog\/wp-content\/uploads\/2020\/06\/cropped-LOGO-DICODUSPORT-2020-SANS-FOND-SANS-TEXTE.png\",\"contentUrl\":\"https:\/\/dicodusport.fr\/blog\/wp-content\/uploads\/2020\/06\/cropped-LOGO-DICODUSPORT-2020-SANS-FOND-SANS-TEXTE.png\",\"width\":512,\"height\":512,\"caption\":\"Dicodusport\"},\"image\":{\"@id\":\"https:\/\/dicodusport.fr\/blog\/#\/schema\/logo\/image\/\"},\"sameAs\":[\"https:\/\/www.facebook.com\/dicodusport\",\"https:\/\/x.com\/dicodusport\",\"https:\/\/www.instagram.com\/dicodusport\/\",\"https:\/\/www.youtube.com\/channel\/UC7V2KZ5sd3htJivAbA4ZG3w\"],\"description\":\"Dicodusport est l'encyclop\u00e9die de l'actualit\u00e9 sportive.\",\"email\":\"bonjour@dicodusport.fr\",\"legalName\":\"DICODUSPORT\",\"foundingDate\":\"2018-01-14\",\"vatID\":\"FR71834470973\",\"taxID\":\"83447097300043\",\"numberOfEmployees\":{\"@type\":\"QuantitativeValue\",\"minValue\":\"1\",\"maxValue\":\"10\"}},{\"@type\":\"Person\",\"@id\":\"https:\/\/dicodusport.fr\/blog\/#\/schema\/person\/55dcb50ad410894e431ed812bbb70191\",\"name\":\"Nicolas Jacquemard\",\"image\":{\"@type\":\"ImageObject\",\"inLanguage\":\"fr-FR\",\"@id\":\"https:\/\/dicodusport.fr\/blog\/#\/schema\/person\/image\/\",\"url\":\"https:\/\/dicodusport.fr\/blog\/wp-content\/uploads\/2021\/05\/Nicolas-Jacquemard-150x150.jpeg\",\"contentUrl\":\"https:\/\/dicodusport.fr\/blog\/wp-content\/uploads\/2021\/05\/Nicolas-Jacquemard-150x150.jpeg\",\"caption\":\"Nicolas Jacquemard\"},\"description\":\"Passionn\u00e9 de sport et entrepreneur depuis mes 18 ans, la cr\u00e9ation de Dicodusport m'a sembl\u00e9 \u00e9vidente pour participer \u00e0 la m\u00e9diatisation d'un plus grand nombre de sports. Le chemin est long mais avec une \u00e9quipe des plus motiv\u00e9es et les Jeux Olympiques de Paris 2024 en point de mire, nous y arriverons ! Journaliste dans le monde du sport depuis plus de 5 ans, je traite aussi bien de football, de rugby, de biathlon que de cyclisme.\",\"sameAs\":[\"https:\/\/www.facebook.com\/dicodusport\",\"https:\/\/x.com\/https:\/\/twitter.com\/Nico_Jacquemard\"],\"url\":\"https:\/\/dicodusport.fr\/blog\/author\/dicodusport\/\"}]}<\/script>\n<!-- \/ Yoast SEO Premium plugin. -->","yoast_head_json":{"title":"Thibaut Pinot : \"Je n\u2019\u00e9tais pas extraordinaire non plus, mais je m\u2019y attendais\"","description":"CYCLISME - Avant l'\u00c9toile de Bess\u00e8ges, sa deuxi\u00e8me course de la saison, Thibaut Pinot (Groupama-FDJ) s'est confi\u00e9 sur ses premi\u00e8res sensations.","robots":{"index":"index","follow":"follow","max-snippet":"max-snippet:-1","max-image-preview":"max-image-preview:large","max-video-preview":"max-video-preview:-1"},"canonical":"https:\/\/dicodusport.fr\/blog\/thibaut-pinot-je-n-etais-pas-extraordinaire-non-plus-mais-je-m-y-attendais\/","og_locale":"fr_FR","og_type":"article","og_title":"Thibaut Pinot : \"Je n\u2019\u00e9tais pas extraordinaire non plus, mais je m\u2019y attendais\"","og_description":"CYCLISME - Avant l'\u00c9toile de Bess\u00e8ges, sa deuxi\u00e8me course de la saison, Thibaut Pinot (Groupama-FDJ) s'est confi\u00e9 sur ses premi\u00e8res sensations.","og_url":"https:\/\/dicodusport.fr\/blog\/thibaut-pinot-je-n-etais-pas-extraordinaire-non-plus-mais-je-m-y-attendais\/","og_site_name":"Dicodusport","article_publisher":"https:\/\/www.facebook.com\/dicodusport","article_author":"https:\/\/www.facebook.com\/dicodusport","article_published_time":"2022-02-02T08:24:38+00:00","og_image":[{"width":800,"height":445,"url":"https:\/\/dicodusport.fr\/blog\/wp-content\/uploads\/2022\/02\/Thibaut-Pinot-Je-ne\u0301tais-pas-extraordinaire-non-plus-mais-je-my-attendais.png","type":"image\/png"}],"author":"Nicolas Jacquemard","twitter_card":"summary_large_image","twitter_title":"Thibaut Pinot : \"Je n\u2019\u00e9tais pas extraordinaire non plus, mais je m\u2019y attendais\"","twitter_creator":"@https:\/\/twitter.com\/Nico_Jacquemard","twitter_site":"@dicodusport","schema":{"@context":"https:\/\/schema.org","@graph":[{"@type":"NewsArticle","@id":"https:\/\/dicodusport.fr\/blog\/thibaut-pinot-je-n-etais-pas-extraordinaire-non-plus-mais-je-m-y-attendais\/#article","isPartOf":{"@id":"https:\/\/dicodusport.fr\/blog\/thibaut-pinot-je-n-etais-pas-extraordinaire-non-plus-mais-je-m-y-attendais\/"},"author":{"name":"Nicolas Jacquemard","@id":"https:\/\/dicodusport.fr\/blog\/#\/schema\/person\/55dcb50ad410894e431ed812bbb70191"},"headline":"Thibaut Pinot : \u00ab\u00a0Je n\u2019\u00e9tais pas extraordinaire non plus, mais je m\u2019y attendais\u00a0\u00bb","datePublished":"2022-02-02T08:24:38+00:00","mainEntityOfPage":{"@id":"https:\/\/dicodusport.fr\/blog\/thibaut-pinot-je-n-etais-pas-extraordinaire-non-plus-mais-je-m-y-attendais\/"},"wordCount":230,"commentCount":0,"publisher":{"@id":"https:\/\/dicodusport.fr\/blog\/#organization"},"image":{"@id":"https:\/\/dicodusport.fr\/blog\/thibaut-pinot-je-n-etais-pas-extraordinaire-non-plus-mais-je-m-y-attendais\/#primaryimage"},"thumbnailUrl":"https:\/\/dicodusport.fr\/blog\/wp-content\/uploads\/2022\/02\/Thibaut-Pinot-Je-ne\u0301tais-pas-extraordinaire-non-plus-mais-je-my-attendais.png","keywords":["Etoile de Bess\u00e8ges","Groupama FDJ","Thibaut Pinot"],"articleSection":["Cyclisme sur route"],"inLanguage":"fr-FR","potentialAction":[{"@type":"CommentAction","name":"Comment","target":["https:\/\/dicodusport.fr\/blog\/thibaut-pinot-je-n-etais-pas-extraordinaire-non-plus-mais-je-m-y-attendais\/#respond"]}],"copyrightYear":"2022","copyrightHolder":{"@id":"https:\/\/dicodusport.fr\/blog\/#organization"}},{"@type":"WebPage","@id":"https:\/\/dicodusport.fr\/blog\/thibaut-pinot-je-n-etais-pas-extraordinaire-non-plus-mais-je-m-y-attendais\/","url":"https:\/\/dicodusport.fr\/blog\/thibaut-pinot-je-n-etais-pas-extraordinaire-non-plus-mais-je-m-y-attendais\/","name":"Thibaut Pinot : \"Je n\u2019\u00e9tais pas extraordinaire non plus, mais je m\u2019y attendais\"","isPartOf":{"@id":"https:\/\/dicodusport.fr\/blog\/#website"},"primaryImageOfPage":{"@id":"https:\/\/dicodusport.fr\/blog\/thibaut-pinot-je-n-etais-pas-extraordinaire-non-plus-mais-je-m-y-attendais\/#primaryimage"},"image":{"@id":"https:\/\/dicodusport.fr\/blog\/thibaut-pinot-je-n-etais-pas-extraordinaire-non-plus-mais-je-m-y-attendais\/#primaryimage"},"thumbnailUrl":"https:\/\/dicodusport.fr\/blog\/wp-content\/uploads\/2022\/02\/Thibaut-Pinot-Je-ne\u0301tais-pas-extraordinaire-non-plus-mais-je-my-attendais.png","datePublished":"2022-02-02T08:24:38+00:00","description":"CYCLISME - Avant l'\u00c9toile de Bess\u00e8ges, sa deuxi\u00e8me course de la saison, Thibaut Pinot (Groupama-FDJ) s'est confi\u00e9 sur ses premi\u00e8res sensations.","breadcrumb":{"@id":"https:\/\/dicodusport.fr\/blog\/thibaut-pinot-je-n-etais-pas-extraordinaire-non-plus-mais-je-m-y-attendais\/#breadcrumb"},"inLanguage":"fr-FR","potentialAction":[{"@type":"ReadAction","target":["https:\/\/dicodusport.fr\/blog\/thibaut-pinot-je-n-etais-pas-extraordinaire-non-plus-mais-je-m-y-attendais\/"]}]},{"@type":"ImageObject","inLanguage":"fr-FR","@id":"https:\/\/dicodusport.fr\/blog\/thibaut-pinot-je-n-etais-pas-extraordinaire-non-plus-mais-je-m-y-attendais\/#primaryimage","url":"https:\/\/dicodusport.fr\/blog\/wp-content\/uploads\/2022\/02\/Thibaut-Pinot-Je-ne\u0301tais-pas-extraordinaire-non-plus-mais-je-my-attendais.png","contentUrl":"https:\/\/dicodusport.fr\/blog\/wp-content\/uploads\/2022\/02\/Thibaut-Pinot-Je-ne\u0301tais-pas-extraordinaire-non-plus-mais-je-my-attendais.png","width":800,"height":445},{"@type":"BreadcrumbList","@id":"https:\/\/dicodusport.fr\/blog\/thibaut-pinot-je-n-etais-pas-extraordinaire-non-plus-mais-je-m-y-attendais\/#breadcrumb","itemListElement":[{"@type":"ListItem","position":1,"name":"Accueil","item":"https:\/\/dicodusport.fr\/blog\/"},{"@type":"ListItem","position":2,"name":"Thibaut Pinot : \u00ab\u00a0Je n\u2019\u00e9tais pas extraordinaire non plus, mais je m\u2019y attendais\u00a0\u00bb"}]},{"@type":"WebSite","@id":"https:\/\/dicodusport.fr\/blog\/#website","url":"https:\/\/dicodusport.fr\/blog\/","name":"Dicodusport","description":"L&#039;encyclop\u00e9die de l&#039;actualit\u00e9 sportive","publisher":{"@id":"https:\/\/dicodusport.fr\/blog\/#organization"},"potentialAction":[{"@type":"SearchAction","target":{"@type":"EntryPoint","urlTemplate":"https:\/\/dicodusport.fr\/blog\/?s={search_term_string}"},"query-input":{"@type":"PropertyValueSpecification","valueRequired":true,"valueName":"search_term_string"}}],"inLanguage":"fr-FR"},{"@type":"NewsMediaOrganization","@id":"https:\/\/dicodusport.fr\/blog\/#organization","name":"Dicodusport","url":"https:\/\/dicodusport.fr\/blog\/","logo":{"@type":"ImageObject","inLanguage":"fr-FR","@id":"https:\/\/dicodusport.fr\/blog\/#\/schema\/logo\/image\/","url":"https:\/\/dicodusport.fr\/blog\/wp-content\/uploads\/2020\/06\/cropped-LOGO-DICODUSPORT-2020-SANS-FOND-SANS-TEXTE.png","contentUrl":"https:\/\/dicodusport.fr\/blog\/wp-content\/uploads\/2020\/06\/cropped-LOGO-DICODUSPORT-2020-SANS-FOND-SANS-TEXTE.png","width":512,"height":512,"caption":"Dicodusport"},"image":{"@id":"https:\/\/dicodusport.fr\/blog\/#\/schema\/logo\/image\/"},"sameAs":["https:\/\/www.facebook.com\/dicodusport","https:\/\/x.com\/dicodusport","https:\/\/www.instagram.com\/dicodusport\/","https:\/\/www.youtube.com\/channel\/UC7V2KZ5sd3htJivAbA4ZG3w"],"description":"Dicodusport est l'encyclop\u00e9die de l'actualit\u00e9 sportive.","email":"bonjour@dicodusport.fr","legalName":"DICODUSPORT","foundingDate":"2018-01-14","vatID":"FR71834470973","taxID":"83447097300043","numberOfEmployees":{"@type":"QuantitativeValue","minValue":"1","maxValue":"10"}},{"@type":"Person","@id":"https:\/\/dicodusport.fr\/blog\/#\/schema\/person\/55dcb50ad410894e431ed812bbb70191","name":"Nicolas Jacquemard","image":{"@type":"ImageObject","inLanguage":"fr-FR","@id":"https:\/\/dicodusport.fr\/blog\/#\/schema\/person\/image\/","url":"https:\/\/dicodusport.fr\/blog\/wp-content\/uploads\/2021\/05\/Nicolas-Jacquemard-150x150.jpeg","contentUrl":"https:\/\/dicodusport.fr\/blog\/wp-content\/uploads\/2021\/05\/Nicolas-Jacquemard-150x150.jpeg","caption":"Nicolas Jacquemard"},"description":"Passionn\u00e9 de sport et entrepreneur depuis mes 18 ans, la cr\u00e9ation de Dicodusport m'a sembl\u00e9 \u00e9vidente pour participer \u00e0 la m\u00e9diatisation d'un plus grand nombre de sports. Le chemin est long mais avec une \u00e9quipe des plus motiv\u00e9es et les Jeux Olympiques de Paris 2024 en point de mire, nous y arriverons ! Journaliste dans le monde du sport depuis plus de 5 ans, je traite aussi bien de football, de rugby, de biathlon que de cyclisme.","sameAs":["https:\/\/www.facebook.com\/dicodusport","https:\/\/x.com\/https:\/\/twitter.com\/Nico_Jacquemard"],"url":"https:\/\/dicodusport.fr\/blog\/author\/dicodusport\/"}]}},"_links":{"self":[{"href":"https:\/\/dicodusport.fr\/blog\/wp-json\/wp\/v2\/posts\/196409","targetHints":{"allow":["GET"]}}],"collection":[{"href":"https:\/\/dicodusport.fr\/blog\/wp-json\/wp\/v2\/posts"}],"about":[{"href":"https:\/\/dicodusport.fr\/blog\/wp-json\/wp\/v2\/types\/post"}],"author":[{"embeddable":true,"href":"https:\/\/dicodusport.fr\/blog\/wp-json\/wp\/v2\/users\/1"}],"replies":[{"embeddable":true,"href":"https:\/\/dicodusport.fr\/blog\/wp-json\/wp\/v2\/comments?post=196409"}],"version-history":[{"count":0,"href":"https:\/\/dicodusport.fr\/blog\/wp-json\/wp\/v2\/posts\/196409\/revisions"}],"wp:featuredmedia":[{"embeddable":true,"href":"https:\/\/dicodusport.fr\/blog\/wp-json\/wp\/v2\/media\/196411"}],"wp:attachment":[{"href":"https:\/\/dicodusport.fr\/blog\/wp-json\/wp\/v2\/media?parent=196409"}],"wp:term":[{"taxonomy":"category","embeddable":true,"href":"https:\/\/dicodusport.fr\/blog\/wp-json\/wp\/v2\/categories?post=196409"},{"taxonomy":"post_tag","embeddable":true,"href":"https:\/\/dicodusport.fr\/blog\/wp-json\/wp\/v2\/tags?post=196409"}],"curies":[{"name":"wp","href":"https:\/\/api.w.org\/{rel}","templated":true}]}}