{"id":196446,"date":"2022-03-04T07:06:44","date_gmt":"2022-03-04T06:06:44","guid":{"rendered":"https:\/\/dicodusport.fr\/blog\/?p=196446"},"modified":"2022-03-04T07:06:44","modified_gmt":"2022-03-04T06:06:44","slug":"mieux-comprendre-le-handisport-le-ski-de-fond","status":"publish","type":"post","link":"https:\/\/dicodusport.fr\/blog\/mieux-comprendre-le-handisport-le-ski-de-fond\/","title":{"rendered":"Mieux comprendre le handisport : le ski de fond"},"content":{"rendered":"<p style=\"text-align: justify;\"><strong><em>HANDISPORT &#8211; A quelques heures de l&rsquo;ouverture des <a href=\"https:\/\/dicodusport.fr\/blog\/actualites\/jeux-paralympiques-pekin-2022\/\">XIII\u00e8me Jeux Paralympiques d&rsquo;hiver<\/a>, d\u00e9couvrez une par une les 6 disciplines qui seront pr\u00e9sentes \u00e0 P\u00e9kin. On vous pr\u00e9sente aujourd&rsquo;hui le ski de fond.<\/em><\/strong><\/p>\n<h2 style=\"text-align: justify;\">Les r\u00e8gles<\/h2>\n<p style=\"text-align: justify;\">Sur des distances allant de 1,5 km \u00e0 20 km, le para ski de fond se pratique aussi bien en style libre qu&rsquo;en style classique. Hormis sur le le KO sprint de 1,5 km, les \u00e9preuves se disputent individuellement, tous les participants partent dans un intervalle r\u00e9gulier. Le temps \u00e0 l&rsquo;arriv\u00e9e est calcul\u00e9 en fonction du degr\u00e9 de handicap de l&rsquo;athl\u00e8te. Par exemple, un fondeur ayant un seul bras sera d\u00e9savantag\u00e9 contre ceux qui en ont deux, c&rsquo;est pourquoi son temps \u00e0 l&rsquo;arriv\u00e9e sera inf\u00e9rieur \u00e0 son temps r\u00e9el de course. Les athl\u00e8tes sont class\u00e9s en trois cat\u00e9gories, assis, debout et d\u00e9ficients visuels.<\/p>\n<h2 style=\"text-align: justify;\">Les types de handicap<\/h2>\n<p style=\"text-align: justify;\">La pr\u00e9sence de plusieurs cat\u00e9gories permet \u00e0 un plus grand nombre de handicaps d&rsquo;\u00eatre int\u00e9gr\u00e9s dans les courses.<\/p>\n<ul style=\"text-align: justify;\">\n<li>Handicap orthop\u00e9dique<\/li>\n<li>Parapl\u00e9gie et t\u00e9trapl\u00e9gie<\/li>\n<li>H\u00e9mipl\u00e9gie<\/li>\n<li>Paralysie c\u00e9r\u00e9brale<\/li>\n<li>Handicap neurologique \u00e9volutif<\/li>\n<li>Handicap neurologique d&rsquo;origine<\/li>\n<\/ul>\n<h2 style=\"text-align: justify;\">Les cat\u00e9gories<\/h2>\n<p style=\"text-align: justify;\">Il y a donc 3 grandes cat\u00e9gories en ski de fond, qu&rsquo;on retrouve par ailleurs en biathlon et en ski alpin.<\/p>\n<p style=\"text-align: justify;\"><strong>Debout<\/strong> : des classes LW2 \u00e0 LW9, tout handicap du haut et\/ou du bas du corps permettant de skier sur ses jambes.<\/p>\n<p style=\"text-align: justify;\"><strong>Assis<\/strong> : des classes LW10 \u00e0 LW12. Athl\u00e8tes touch\u00e9s aux jambes et au tronc selon les cat\u00e9gories.<\/p>\n<p style=\"text-align: justify;\"><strong>D\u00e9ficients visuels<\/strong> : de B1 \u00e0 B3. Les athl\u00e8tes en B1 sont les plus malvoyants et ont un guide avec eux. Les B2 et B3 ont un handicap plus l\u00e9ger et peuvent choisir d&rsquo;avoir recours \u00e0 un guide ou non.<\/p>\n<h2 style=\"text-align: justify;\">Et la France dans tout \u00e7a ?<\/h2>\n<p style=\"text-align: justify;\">Ces derniers temps, la France a connu de grands champions en ski de fond handisport. Ce ne sont pas moins de 40 m\u00e9dailles qui ont \u00e9t\u00e9 remport\u00e9es dans la discipline depuis 1976. Parmi les grands noms, on retrouve :<\/p>\n<ul>\n<li style=\"text-align: justify;\"><strong>Pierre Delaval<\/strong> : 3 m\u00e9dailles d&rsquo;or et 1 m\u00e9daille d&rsquo;argent aux Jeux.<\/li>\n<li style=\"text-align: justify;\"><strong>Didier Reidlinger<\/strong> : Triple champion paralympique en 1994.<\/li>\n<li style=\"text-align: justify;\"><strong>Benjamin Daviet<\/strong> : Champion paralympique et trois fois m\u00e9daill\u00e9, 5 fois champion du monde.<\/li>\n<li style=\"text-align: justify;\"><strong>Thomas Clarion<\/strong> : Quadruple m\u00e9daill\u00e9 paralympique.<\/li>\n<\/ul>\n<h2 style=\"text-align: justify;\"><strong>\u00c0 lire aussi<\/strong><\/h2>\n<p><span class=\"VUQmR\"><\/p>\n<blockquote class=\"wp-embedded-content\" data-secret=\"X4ztrXr7FU\"><p><a href=\"https:\/\/dicodusport.fr\/blog\/jp-pekin-2022-calendrier-complet-sport-par-sport\/\">JP P\u00e9kin 2022 &#8211; Calendrier complet, sport par sport<\/a><\/p><\/blockquote>\n<p><iframe loading=\"lazy\" class=\"wp-embedded-content\" sandbox=\"allow-scripts\" security=\"restricted\" style=\"position: absolute; clip: rect(1px, 1px, 1px, 1px);\" title=\"\u00ab\u00a0JP P\u00e9kin 2022 &#8211; Calendrier complet, sport par sport\u00a0\u00bb &#8212; Dicodusport\" src=\"https:\/\/dicodusport.fr\/blog\/jp-pekin-2022-calendrier-complet-sport-par-sport\/embed\/#?secret=X4ztrXr7FU\" data-secret=\"X4ztrXr7FU\" width=\"600\" height=\"338\" frameborder=\"0\" marginwidth=\"0\" marginheight=\"0\" scrolling=\"no\"><\/iframe><\/span><\/p>\n","protected":false},"excerpt":{"rendered":"<p>HANDISPORT &#8211; A quelques heures de l&rsquo;ouverture des XIII\u00e8me Jeux Paralympiques d&rsquo;hiver, d\u00e9couvrez une par une les 6 disciplines qui seront pr\u00e9sentes \u00e0 P\u00e9kin. On vous pr\u00e9sente aujourd&rsquo;hui le ski de fond.<\/p>\n","protected":false},"author":43,"featured_media":192703,"comment_status":"open","ping_status":"closed","sticky":false,"template":"","format":"standard","meta":{"_acf_changed":false,"_daextam_enable_autolinks":"","footnotes":""},"categories":[5753,21357,9217],"tags":[1265,20604,2819,4153],"class_list":["post-196446","post","type-post","status-publish","format-standard","has-post-thumbnail","hentry","category-handisport","category-jeux-paralympiques-pekin-2022","category-ski","tag-handisport","tag-jeux-paralympiques-dhiver","tag-ski-de-fond","tag-ski-nordique"],"acf":[],"yoast_head":"<!-- This site is optimized with the Yoast SEO Premium plugin v26.7 (Yoast SEO v26.7) - https:\/\/yoast.com\/wordpress\/plugins\/seo\/ -->\n<title>Mieux comprendre le handisport : le ski de fond<\/title>\n<meta name=\"description\" content=\"On vous fait d\u00e9couvrir aujourd&#039;hui le para ski de fond, discipline qui sera bien entendu pr\u00e9sente aux Jeux Paralympiques de P\u00e9kin.\" \/>\n<meta name=\"robots\" content=\"index, follow, max-snippet:-1, max-image-preview:large, max-video-preview:-1\" \/>\n<link rel=\"canonical\" href=\"https:\/\/dicodusport.fr\/blog\/mieux-comprendre-le-handisport-le-ski-de-fond\/\" \/>\n<meta property=\"og:locale\" content=\"fr_FR\" \/>\n<meta property=\"og:type\" content=\"article\" \/>\n<meta property=\"og:title\" content=\"Mieux comprendre le handisport : le ski de fond\" \/>\n<meta property=\"og:description\" content=\"On vous fait d\u00e9couvrir aujourd&#039;hui le para ski de fond, discipline qui sera bien entendu pr\u00e9sente aux Jeux Paralympiques de P\u00e9kin.\" \/>\n<meta property=\"og:url\" content=\"https:\/\/dicodusport.fr\/blog\/mieux-comprendre-le-handisport-le-ski-de-fond\/\" \/>\n<meta property=\"og:site_name\" content=\"Dicodusport\" \/>\n<meta property=\"article:publisher\" content=\"https:\/\/www.facebook.com\/dicodusport\" \/>\n<meta property=\"article:author\" content=\"https:\/\/www.facebook.com\/Max.Bld2\/\" \/>\n<meta property=\"article:published_time\" content=\"2022-03-04T06:06:44+00:00\" \/>\n<meta property=\"og:image\" content=\"https:\/\/dicodusport.fr\/blog\/wp-content\/uploads\/2022\/01\/Mondiaux-handisport-de-biathlon-Benjamin-Daviet-en-bronze-sur-lindividuel.png\" \/>\n\t<meta property=\"og:image:width\" content=\"800\" \/>\n\t<meta property=\"og:image:height\" content=\"445\" \/>\n\t<meta property=\"og:image:type\" content=\"image\/png\" \/>\n<meta name=\"author\" content=\"Maxime Boulard\" \/>\n<meta name=\"twitter:card\" content=\"summary_large_image\" \/>\n<meta name=\"twitter:title\" content=\"Mieux comprendre le handisport : le ski de fond\" \/>\n<meta name=\"twitter:creator\" content=\"@https:\/\/twitter.com\/MaximeB_2\" \/>\n<meta name=\"twitter:site\" content=\"@dicodusport\" \/>\n<script type=\"application\/ld+json\" class=\"yoast-schema-graph\">{\"@context\":\"https:\/\/schema.org\",\"@graph\":[{\"@type\":\"NewsArticle\",\"@id\":\"https:\/\/dicodusport.fr\/blog\/mieux-comprendre-le-handisport-le-ski-de-fond\/#article\",\"isPartOf\":{\"@id\":\"https:\/\/dicodusport.fr\/blog\/mieux-comprendre-le-handisport-le-ski-de-fond\/\"},\"author\":{\"name\":\"Maxime Boulard\",\"@id\":\"https:\/\/dicodusport.fr\/blog\/#\/schema\/person\/5aab10ee856e86ac63e9819a9da34784\"},\"headline\":\"Mieux comprendre le handisport : le ski de fond\",\"datePublished\":\"2022-03-04T06:06:44+00:00\",\"mainEntityOfPage\":{\"@id\":\"https:\/\/dicodusport.fr\/blog\/mieux-comprendre-le-handisport-le-ski-de-fond\/\"},\"wordCount\":407,\"commentCount\":0,\"publisher\":{\"@id\":\"https:\/\/dicodusport.fr\/blog\/#organization\"},\"image\":{\"@id\":\"https:\/\/dicodusport.fr\/blog\/mieux-comprendre-le-handisport-le-ski-de-fond\/#primaryimage\"},\"thumbnailUrl\":\"https:\/\/dicodusport.fr\/blog\/wp-content\/uploads\/2022\/01\/Mondiaux-handisport-de-biathlon-Benjamin-Daviet-en-bronze-sur-lindividuel.png\",\"keywords\":[\"handisport\",\"Jeux Paralympiques d'hiver\",\"Ski de fond\",\"ski nordique\"],\"articleSection\":[\"Handisport\",\"Jeux Paralympiques de P\u00e9kin 2022\",\"Ski\"],\"inLanguage\":\"fr-FR\",\"potentialAction\":[{\"@type\":\"CommentAction\",\"name\":\"Comment\",\"target\":[\"https:\/\/dicodusport.fr\/blog\/mieux-comprendre-le-handisport-le-ski-de-fond\/#respond\"]}],\"copyrightYear\":\"2022\",\"copyrightHolder\":{\"@id\":\"https:\/\/dicodusport.fr\/blog\/#organization\"}},{\"@type\":\"WebPage\",\"@id\":\"https:\/\/dicodusport.fr\/blog\/mieux-comprendre-le-handisport-le-ski-de-fond\/\",\"url\":\"https:\/\/dicodusport.fr\/blog\/mieux-comprendre-le-handisport-le-ski-de-fond\/\",\"name\":\"Mieux comprendre le handisport : le ski de fond\",\"isPartOf\":{\"@id\":\"https:\/\/dicodusport.fr\/blog\/#website\"},\"primaryImageOfPage\":{\"@id\":\"https:\/\/dicodusport.fr\/blog\/mieux-comprendre-le-handisport-le-ski-de-fond\/#primaryimage\"},\"image\":{\"@id\":\"https:\/\/dicodusport.fr\/blog\/mieux-comprendre-le-handisport-le-ski-de-fond\/#primaryimage\"},\"thumbnailUrl\":\"https:\/\/dicodusport.fr\/blog\/wp-content\/uploads\/2022\/01\/Mondiaux-handisport-de-biathlon-Benjamin-Daviet-en-bronze-sur-lindividuel.png\",\"datePublished\":\"2022-03-04T06:06:44+00:00\",\"description\":\"On vous fait d\u00e9couvrir aujourd'hui le para ski de fond, discipline qui sera bien entendu pr\u00e9sente aux Jeux Paralympiques de P\u00e9kin.\",\"breadcrumb\":{\"@id\":\"https:\/\/dicodusport.fr\/blog\/mieux-comprendre-le-handisport-le-ski-de-fond\/#breadcrumb\"},\"inLanguage\":\"fr-FR\",\"potentialAction\":[{\"@type\":\"ReadAction\",\"target\":[\"https:\/\/dicodusport.fr\/blog\/mieux-comprendre-le-handisport-le-ski-de-fond\/\"]}]},{\"@type\":\"ImageObject\",\"inLanguage\":\"fr-FR\",\"@id\":\"https:\/\/dicodusport.fr\/blog\/mieux-comprendre-le-handisport-le-ski-de-fond\/#primaryimage\",\"url\":\"https:\/\/dicodusport.fr\/blog\/wp-content\/uploads\/2022\/01\/Mondiaux-handisport-de-biathlon-Benjamin-Daviet-en-bronze-sur-lindividuel.png\",\"contentUrl\":\"https:\/\/dicodusport.fr\/blog\/wp-content\/uploads\/2022\/01\/Mondiaux-handisport-de-biathlon-Benjamin-Daviet-en-bronze-sur-lindividuel.png\",\"width\":800,\"height\":445,\"caption\":\"Mondiaux handisport de biathlon Benjamin Daviet en bronze sur l'individuel\"},{\"@type\":\"BreadcrumbList\",\"@id\":\"https:\/\/dicodusport.fr\/blog\/mieux-comprendre-le-handisport-le-ski-de-fond\/#breadcrumb\",\"itemListElement\":[{\"@type\":\"ListItem\",\"position\":1,\"name\":\"Accueil\",\"item\":\"https:\/\/dicodusport.fr\/blog\/\"},{\"@type\":\"ListItem\",\"position\":2,\"name\":\"Mieux comprendre le handisport : le ski de fond\"}]},{\"@type\":\"WebSite\",\"@id\":\"https:\/\/dicodusport.fr\/blog\/#website\",\"url\":\"https:\/\/dicodusport.fr\/blog\/\",\"name\":\"Dicodusport\",\"description\":\"L&#039;encyclop\u00e9die de l&#039;actualit\u00e9 sportive\",\"publisher\":{\"@id\":\"https:\/\/dicodusport.fr\/blog\/#organization\"},\"potentialAction\":[{\"@type\":\"SearchAction\",\"target\":{\"@type\":\"EntryPoint\",\"urlTemplate\":\"https:\/\/dicodusport.fr\/blog\/?s={search_term_string}\"},\"query-input\":{\"@type\":\"PropertyValueSpecification\",\"valueRequired\":true,\"valueName\":\"search_term_string\"}}],\"inLanguage\":\"fr-FR\"},{\"@type\":\"NewsMediaOrganization\",\"@id\":\"https:\/\/dicodusport.fr\/blog\/#organization\",\"name\":\"Dicodusport\",\"url\":\"https:\/\/dicodusport.fr\/blog\/\",\"logo\":{\"@type\":\"ImageObject\",\"inLanguage\":\"fr-FR\",\"@id\":\"https:\/\/dicodusport.fr\/blog\/#\/schema\/logo\/image\/\",\"url\":\"https:\/\/dicodusport.fr\/blog\/wp-content\/uploads\/2020\/06\/cropped-LOGO-DICODUSPORT-2020-SANS-FOND-SANS-TEXTE.png\",\"contentUrl\":\"https:\/\/dicodusport.fr\/blog\/wp-content\/uploads\/2020\/06\/cropped-LOGO-DICODUSPORT-2020-SANS-FOND-SANS-TEXTE.png\",\"width\":512,\"height\":512,\"caption\":\"Dicodusport\"},\"image\":{\"@id\":\"https:\/\/dicodusport.fr\/blog\/#\/schema\/logo\/image\/\"},\"sameAs\":[\"https:\/\/www.facebook.com\/dicodusport\",\"https:\/\/x.com\/dicodusport\",\"https:\/\/www.instagram.com\/dicodusport\/\",\"https:\/\/www.youtube.com\/channel\/UC7V2KZ5sd3htJivAbA4ZG3w\"],\"description\":\"Dicodusport est l'encyclop\u00e9die de l'actualit\u00e9 sportive.\",\"email\":\"bonjour@dicodusport.fr\",\"legalName\":\"DICODUSPORT\",\"foundingDate\":\"2018-01-14\",\"vatID\":\"FR71834470973\",\"taxID\":\"83447097300043\",\"numberOfEmployees\":{\"@type\":\"QuantitativeValue\",\"minValue\":\"1\",\"maxValue\":\"10\"}},{\"@type\":\"Person\",\"@id\":\"https:\/\/dicodusport.fr\/blog\/#\/schema\/person\/5aab10ee856e86ac63e9819a9da34784\",\"name\":\"Maxime Boulard\",\"image\":{\"@type\":\"ImageObject\",\"inLanguage\":\"fr-FR\",\"@id\":\"https:\/\/dicodusport.fr\/blog\/#\/schema\/person\/image\/\",\"url\":\"https:\/\/dicodusport.fr\/blog\/wp-content\/uploads\/2021\/05\/Maxime-Boulard-150x150.jpg\",\"contentUrl\":\"https:\/\/dicodusport.fr\/blog\/wp-content\/uploads\/2021\/05\/Maxime-Boulard-150x150.jpg\",\"caption\":\"Maxime Boulard\"},\"description\":\"Journaliste\/r\u00e9dacteur depuis octobre 2020 - Si mon plus vieux souvenir de sport aurait pu m'en d\u00e9go\u00fbter, la finale de la Coupe du monde 2006 a \u00e9t\u00e9 tout le contraire. V\u00e9ritable d\u00e9clencheur d'une passion qui aujourd'hui ne fait que grandir avec le temps, mon leitmotiv est la France qui brille ! Je relate les exploits pass\u00e9s et pr\u00e9sents du sport bleu-blanc-rouge sans m\u00e9nagement depuis octobre 2020. Sport valide ou handisport, aucune diff\u00e9rence, il n'y a que du sport et plusieurs fa\u00e7ons de le pratiquer.\",\"sameAs\":[\"https:\/\/www.facebook.com\/Max.Bld2\/\",\"https:\/\/x.com\/https:\/\/twitter.com\/MaximeB_2\"],\"url\":\"https:\/\/dicodusport.fr\/blog\/author\/maxime-b\/\"}]}<\/script>\n<!-- \/ Yoast SEO Premium plugin. -->","yoast_head_json":{"title":"Mieux comprendre le handisport : le ski de fond","description":"On vous fait d\u00e9couvrir aujourd'hui le para ski de fond, discipline qui sera bien entendu pr\u00e9sente aux Jeux Paralympiques de P\u00e9kin.","robots":{"index":"index","follow":"follow","max-snippet":"max-snippet:-1","max-image-preview":"max-image-preview:large","max-video-preview":"max-video-preview:-1"},"canonical":"https:\/\/dicodusport.fr\/blog\/mieux-comprendre-le-handisport-le-ski-de-fond\/","og_locale":"fr_FR","og_type":"article","og_title":"Mieux comprendre le handisport : le ski de fond","og_description":"On vous fait d\u00e9couvrir aujourd'hui le para ski de fond, discipline qui sera bien entendu pr\u00e9sente aux Jeux Paralympiques de P\u00e9kin.","og_url":"https:\/\/dicodusport.fr\/blog\/mieux-comprendre-le-handisport-le-ski-de-fond\/","og_site_name":"Dicodusport","article_publisher":"https:\/\/www.facebook.com\/dicodusport","article_author":"https:\/\/www.facebook.com\/Max.Bld2\/","article_published_time":"2022-03-04T06:06:44+00:00","og_image":[{"width":800,"height":445,"url":"https:\/\/dicodusport.fr\/blog\/wp-content\/uploads\/2022\/01\/Mondiaux-handisport-de-biathlon-Benjamin-Daviet-en-bronze-sur-lindividuel.png","type":"image\/png"}],"author":"Maxime Boulard","twitter_card":"summary_large_image","twitter_title":"Mieux comprendre le handisport : le ski de fond","twitter_creator":"@https:\/\/twitter.com\/MaximeB_2","twitter_site":"@dicodusport","schema":{"@context":"https:\/\/schema.org","@graph":[{"@type":"NewsArticle","@id":"https:\/\/dicodusport.fr\/blog\/mieux-comprendre-le-handisport-le-ski-de-fond\/#article","isPartOf":{"@id":"https:\/\/dicodusport.fr\/blog\/mieux-comprendre-le-handisport-le-ski-de-fond\/"},"author":{"name":"Maxime Boulard","@id":"https:\/\/dicodusport.fr\/blog\/#\/schema\/person\/5aab10ee856e86ac63e9819a9da34784"},"headline":"Mieux comprendre le handisport : le ski de fond","datePublished":"2022-03-04T06:06:44+00:00","mainEntityOfPage":{"@id":"https:\/\/dicodusport.fr\/blog\/mieux-comprendre-le-handisport-le-ski-de-fond\/"},"wordCount":407,"commentCount":0,"publisher":{"@id":"https:\/\/dicodusport.fr\/blog\/#organization"},"image":{"@id":"https:\/\/dicodusport.fr\/blog\/mieux-comprendre-le-handisport-le-ski-de-fond\/#primaryimage"},"thumbnailUrl":"https:\/\/dicodusport.fr\/blog\/wp-content\/uploads\/2022\/01\/Mondiaux-handisport-de-biathlon-Benjamin-Daviet-en-bronze-sur-lindividuel.png","keywords":["handisport","Jeux Paralympiques d'hiver","Ski de fond","ski nordique"],"articleSection":["Handisport","Jeux Paralympiques de P\u00e9kin 2022","Ski"],"inLanguage":"fr-FR","potentialAction":[{"@type":"CommentAction","name":"Comment","target":["https:\/\/dicodusport.fr\/blog\/mieux-comprendre-le-handisport-le-ski-de-fond\/#respond"]}],"copyrightYear":"2022","copyrightHolder":{"@id":"https:\/\/dicodusport.fr\/blog\/#organization"}},{"@type":"WebPage","@id":"https:\/\/dicodusport.fr\/blog\/mieux-comprendre-le-handisport-le-ski-de-fond\/","url":"https:\/\/dicodusport.fr\/blog\/mieux-comprendre-le-handisport-le-ski-de-fond\/","name":"Mieux comprendre le handisport : le ski de fond","isPartOf":{"@id":"https:\/\/dicodusport.fr\/blog\/#website"},"primaryImageOfPage":{"@id":"https:\/\/dicodusport.fr\/blog\/mieux-comprendre-le-handisport-le-ski-de-fond\/#primaryimage"},"image":{"@id":"https:\/\/dicodusport.fr\/blog\/mieux-comprendre-le-handisport-le-ski-de-fond\/#primaryimage"},"thumbnailUrl":"https:\/\/dicodusport.fr\/blog\/wp-content\/uploads\/2022\/01\/Mondiaux-handisport-de-biathlon-Benjamin-Daviet-en-bronze-sur-lindividuel.png","datePublished":"2022-03-04T06:06:44+00:00","description":"On vous fait d\u00e9couvrir aujourd'hui le para ski de fond, discipline qui sera bien entendu pr\u00e9sente aux Jeux Paralympiques de P\u00e9kin.","breadcrumb":{"@id":"https:\/\/dicodusport.fr\/blog\/mieux-comprendre-le-handisport-le-ski-de-fond\/#breadcrumb"},"inLanguage":"fr-FR","potentialAction":[{"@type":"ReadAction","target":["https:\/\/dicodusport.fr\/blog\/mieux-comprendre-le-handisport-le-ski-de-fond\/"]}]},{"@type":"ImageObject","inLanguage":"fr-FR","@id":"https:\/\/dicodusport.fr\/blog\/mieux-comprendre-le-handisport-le-ski-de-fond\/#primaryimage","url":"https:\/\/dicodusport.fr\/blog\/wp-content\/uploads\/2022\/01\/Mondiaux-handisport-de-biathlon-Benjamin-Daviet-en-bronze-sur-lindividuel.png","contentUrl":"https:\/\/dicodusport.fr\/blog\/wp-content\/uploads\/2022\/01\/Mondiaux-handisport-de-biathlon-Benjamin-Daviet-en-bronze-sur-lindividuel.png","width":800,"height":445,"caption":"Mondiaux handisport de biathlon Benjamin Daviet en bronze sur l'individuel"},{"@type":"BreadcrumbList","@id":"https:\/\/dicodusport.fr\/blog\/mieux-comprendre-le-handisport-le-ski-de-fond\/#breadcrumb","itemListElement":[{"@type":"ListItem","position":1,"name":"Accueil","item":"https:\/\/dicodusport.fr\/blog\/"},{"@type":"ListItem","position":2,"name":"Mieux comprendre le handisport : le ski de fond"}]},{"@type":"WebSite","@id":"https:\/\/dicodusport.fr\/blog\/#website","url":"https:\/\/dicodusport.fr\/blog\/","name":"Dicodusport","description":"L&#039;encyclop\u00e9die de l&#039;actualit\u00e9 sportive","publisher":{"@id":"https:\/\/dicodusport.fr\/blog\/#organization"},"potentialAction":[{"@type":"SearchAction","target":{"@type":"EntryPoint","urlTemplate":"https:\/\/dicodusport.fr\/blog\/?s={search_term_string}"},"query-input":{"@type":"PropertyValueSpecification","valueRequired":true,"valueName":"search_term_string"}}],"inLanguage":"fr-FR"},{"@type":"NewsMediaOrganization","@id":"https:\/\/dicodusport.fr\/blog\/#organization","name":"Dicodusport","url":"https:\/\/dicodusport.fr\/blog\/","logo":{"@type":"ImageObject","inLanguage":"fr-FR","@id":"https:\/\/dicodusport.fr\/blog\/#\/schema\/logo\/image\/","url":"https:\/\/dicodusport.fr\/blog\/wp-content\/uploads\/2020\/06\/cropped-LOGO-DICODUSPORT-2020-SANS-FOND-SANS-TEXTE.png","contentUrl":"https:\/\/dicodusport.fr\/blog\/wp-content\/uploads\/2020\/06\/cropped-LOGO-DICODUSPORT-2020-SANS-FOND-SANS-TEXTE.png","width":512,"height":512,"caption":"Dicodusport"},"image":{"@id":"https:\/\/dicodusport.fr\/blog\/#\/schema\/logo\/image\/"},"sameAs":["https:\/\/www.facebook.com\/dicodusport","https:\/\/x.com\/dicodusport","https:\/\/www.instagram.com\/dicodusport\/","https:\/\/www.youtube.com\/channel\/UC7V2KZ5sd3htJivAbA4ZG3w"],"description":"Dicodusport est l'encyclop\u00e9die de l'actualit\u00e9 sportive.","email":"bonjour@dicodusport.fr","legalName":"DICODUSPORT","foundingDate":"2018-01-14","vatID":"FR71834470973","taxID":"83447097300043","numberOfEmployees":{"@type":"QuantitativeValue","minValue":"1","maxValue":"10"}},{"@type":"Person","@id":"https:\/\/dicodusport.fr\/blog\/#\/schema\/person\/5aab10ee856e86ac63e9819a9da34784","name":"Maxime Boulard","image":{"@type":"ImageObject","inLanguage":"fr-FR","@id":"https:\/\/dicodusport.fr\/blog\/#\/schema\/person\/image\/","url":"https:\/\/dicodusport.fr\/blog\/wp-content\/uploads\/2021\/05\/Maxime-Boulard-150x150.jpg","contentUrl":"https:\/\/dicodusport.fr\/blog\/wp-content\/uploads\/2021\/05\/Maxime-Boulard-150x150.jpg","caption":"Maxime Boulard"},"description":"Journaliste\/r\u00e9dacteur depuis octobre 2020 - Si mon plus vieux souvenir de sport aurait pu m'en d\u00e9go\u00fbter, la finale de la Coupe du monde 2006 a \u00e9t\u00e9 tout le contraire. V\u00e9ritable d\u00e9clencheur d'une passion qui aujourd'hui ne fait que grandir avec le temps, mon leitmotiv est la France qui brille ! Je relate les exploits pass\u00e9s et pr\u00e9sents du sport bleu-blanc-rouge sans m\u00e9nagement depuis octobre 2020. Sport valide ou handisport, aucune diff\u00e9rence, il n'y a que du sport et plusieurs fa\u00e7ons de le pratiquer.","sameAs":["https:\/\/www.facebook.com\/Max.Bld2\/","https:\/\/x.com\/https:\/\/twitter.com\/MaximeB_2"],"url":"https:\/\/dicodusport.fr\/blog\/author\/maxime-b\/"}]}},"_links":{"self":[{"href":"https:\/\/dicodusport.fr\/blog\/wp-json\/wp\/v2\/posts\/196446","targetHints":{"allow":["GET"]}}],"collection":[{"href":"https:\/\/dicodusport.fr\/blog\/wp-json\/wp\/v2\/posts"}],"about":[{"href":"https:\/\/dicodusport.fr\/blog\/wp-json\/wp\/v2\/types\/post"}],"author":[{"embeddable":true,"href":"https:\/\/dicodusport.fr\/blog\/wp-json\/wp\/v2\/users\/43"}],"replies":[{"embeddable":true,"href":"https:\/\/dicodusport.fr\/blog\/wp-json\/wp\/v2\/comments?post=196446"}],"version-history":[{"count":0,"href":"https:\/\/dicodusport.fr\/blog\/wp-json\/wp\/v2\/posts\/196446\/revisions"}],"wp:featuredmedia":[{"embeddable":true,"href":"https:\/\/dicodusport.fr\/blog\/wp-json\/wp\/v2\/media\/192703"}],"wp:attachment":[{"href":"https:\/\/dicodusport.fr\/blog\/wp-json\/wp\/v2\/media?parent=196446"}],"wp:term":[{"taxonomy":"category","embeddable":true,"href":"https:\/\/dicodusport.fr\/blog\/wp-json\/wp\/v2\/categories?post=196446"},{"taxonomy":"post_tag","embeddable":true,"href":"https:\/\/dicodusport.fr\/blog\/wp-json\/wp\/v2\/tags?post=196446"}],"curies":[{"name":"wp","href":"https:\/\/api.w.org\/{rel}","templated":true}]}}