{"id":196727,"date":"2022-02-03T14:47:07","date_gmt":"2022-02-03T13:47:07","guid":{"rendered":"https:\/\/dicodusport.fr\/blog\/?p=196727&#038;preview=true&#038;preview_id=196727"},"modified":"2022-02-03T14:47:07","modified_gmt":"2022-02-03T13:47:07","slug":"racing-92-revirement-de-situation-pour-juan-imhoff","status":"publish","type":"post","link":"https:\/\/dicodusport.fr\/blog\/racing-92-revirement-de-situation-pour-juan-imhoff\/","title":{"rendered":"Racing 92 : Revirement de situation pour Juan Imhoff"},"content":{"rendered":"<p style=\"text-align: justify;\"><strong><em>TOP 14 &#8211; Annonc\u00e9 sur le d\u00e9part au terme de son contrat en juin 2022, Juan Imhoff pourrait finalement prolonger avec le Racing 92, selon RMC Sport.\u00a0<\/em><\/strong><\/p>\n<p style=\"text-align: justify;\">Alors que le Racing 92 songeait \u00e0 ne pas le prolonger, les d\u00e9parts de <strong>Teddy Thomas<\/strong> et <strong>Kurtley Beale<\/strong> ont rebattu les cartes. Arriv\u00e9 en 2011 en France au sein du club francilien, <strong>Juan Imhoff<\/strong> n&rsquo;a jamais cach\u00e9 sa volont\u00e9 de poursuivre l&rsquo;aventure avec le champion de France 2016. Les dirigeants du Racing 92 pourraient donc finalement proposer un nouveau contrat \u00e0 l&rsquo;ailier international de 33 ans. En parall\u00e8le de ce dossier, le club francilien travaille au recrutement de l&rsquo;arri\u00e8re sud-africain <strong>Warrick Gelant<\/strong>, pour palier au d\u00e9part de l&rsquo;Australien <strong>Kurtley Beale<\/strong>.<\/p>\n<blockquote class=\"twitter-tweet\">\n<p dir=\"ltr\" lang=\"en\">Racing: Juan Imhoff vers la prolongation <a href=\"https:\/\/t.co\/T8uUV1P29d\">https:\/\/t.co\/T8uUV1P29d<\/a> via <a href=\"https:\/\/twitter.com\/RMCsport?ref_src=twsrc%5Etfw\">@RMCSport<\/a><\/p>\n<p>\u2014 JF Paturaud (@JFPaturaud) <a href=\"https:\/\/twitter.com\/JFPaturaud\/status\/1489225416309100545?ref_src=twsrc%5Etfw\">February 3, 2022<\/a><\/p><\/blockquote>\n<p style=\"text-align: justify;\"><script async src=\"https:\/\/platform.twitter.com\/widgets.js\" charset=\"utf-8\"><\/script><\/p>\n<p style=\"text-align: justify;\">\n","protected":false},"excerpt":{"rendered":"<p>TOP 14 &#8211; Annonc\u00e9 sur le d\u00e9part au terme de son contrat en juin 2022, Juan Imhoff pourrait finalement prolonger avec le Racing 92, selon RMC Sport.\u00a0<\/p>\n","protected":false},"author":1,"featured_media":196729,"comment_status":"open","ping_status":"closed","sticky":false,"template":"","format":"standard","meta":{"_acf_changed":false,"_daextam_enable_autolinks":"","footnotes":""},"categories":[47050],"tags":[3131,111],"class_list":["post-196727","post","type-post","status-publish","format-standard","has-post-thumbnail","hentry","category-top-14","tag-racing-92","tag-top-14"],"acf":[],"yoast_head":"<!-- This site is optimized with the Yoast SEO Premium plugin v26.7 (Yoast SEO v26.7) - https:\/\/yoast.com\/wordpress\/plugins\/seo\/ -->\n<title>Racing 92 : Revirement de situation pour Juan Imhoff<\/title>\n<meta name=\"description\" content=\"TOP 14 - Annonc\u00e9 sur le d\u00e9part au terme de son contrat en juin 2022, Juan Imhoff pourrait finalement prolonger avec le Racing 92.\" \/>\n<meta name=\"robots\" content=\"index, follow, max-snippet:-1, max-image-preview:large, max-video-preview:-1\" \/>\n<link rel=\"canonical\" href=\"https:\/\/dicodusport.fr\/blog\/racing-92-revirement-de-situation-pour-juan-imhoff\/\" \/>\n<meta property=\"og:locale\" content=\"fr_FR\" \/>\n<meta property=\"og:type\" content=\"article\" \/>\n<meta property=\"og:title\" content=\"Racing 92 : Revirement de situation pour Juan Imhoff\" \/>\n<meta property=\"og:description\" content=\"TOP 14 - Annonc\u00e9 sur le d\u00e9part au terme de son contrat en juin 2022, Juan Imhoff pourrait finalement prolonger avec le Racing 92.\" \/>\n<meta property=\"og:url\" content=\"https:\/\/dicodusport.fr\/blog\/racing-92-revirement-de-situation-pour-juan-imhoff\/\" \/>\n<meta property=\"og:site_name\" content=\"Dicodusport\" \/>\n<meta property=\"article:publisher\" content=\"https:\/\/www.facebook.com\/dicodusport\" \/>\n<meta property=\"article:author\" content=\"https:\/\/www.facebook.com\/dicodusport\" \/>\n<meta property=\"article:published_time\" content=\"2022-02-03T13:47:07+00:00\" \/>\n<meta property=\"og:image\" content=\"https:\/\/dicodusport.fr\/blog\/wp-content\/uploads\/2022\/02\/Racing-92-Revirement-de-situation-pour-Juan-Imhoff.png\" \/>\n\t<meta property=\"og:image:width\" content=\"800\" \/>\n\t<meta property=\"og:image:height\" content=\"445\" \/>\n\t<meta property=\"og:image:type\" content=\"image\/png\" \/>\n<meta name=\"author\" content=\"Nicolas Jacquemard\" \/>\n<meta name=\"twitter:card\" content=\"summary_large_image\" \/>\n<meta name=\"twitter:title\" content=\"Racing 92 : Revirement de situation pour Juan Imhoff\" \/>\n<meta name=\"twitter:creator\" content=\"@https:\/\/twitter.com\/Nico_Jacquemard\" \/>\n<meta name=\"twitter:site\" content=\"@dicodusport\" \/>\n<script type=\"application\/ld+json\" class=\"yoast-schema-graph\">{\"@context\":\"https:\/\/schema.org\",\"@graph\":[{\"@type\":\"NewsArticle\",\"@id\":\"https:\/\/dicodusport.fr\/blog\/racing-92-revirement-de-situation-pour-juan-imhoff\/#article\",\"isPartOf\":{\"@id\":\"https:\/\/dicodusport.fr\/blog\/racing-92-revirement-de-situation-pour-juan-imhoff\/\"},\"author\":{\"name\":\"Nicolas Jacquemard\",\"@id\":\"https:\/\/dicodusport.fr\/blog\/#\/schema\/person\/55dcb50ad410894e431ed812bbb70191\"},\"headline\":\"Racing 92 : Revirement de situation pour Juan Imhoff\",\"datePublished\":\"2022-02-03T13:47:07+00:00\",\"mainEntityOfPage\":{\"@id\":\"https:\/\/dicodusport.fr\/blog\/racing-92-revirement-de-situation-pour-juan-imhoff\/\"},\"wordCount\":144,\"commentCount\":0,\"publisher\":{\"@id\":\"https:\/\/dicodusport.fr\/blog\/#organization\"},\"image\":{\"@id\":\"https:\/\/dicodusport.fr\/blog\/racing-92-revirement-de-situation-pour-juan-imhoff\/#primaryimage\"},\"thumbnailUrl\":\"https:\/\/dicodusport.fr\/blog\/wp-content\/uploads\/2022\/02\/Racing-92-Revirement-de-situation-pour-Juan-Imhoff.png\",\"keywords\":[\"Racing 92\",\"Top 14\"],\"articleSection\":[\"Top 14\"],\"inLanguage\":\"fr-FR\",\"potentialAction\":[{\"@type\":\"CommentAction\",\"name\":\"Comment\",\"target\":[\"https:\/\/dicodusport.fr\/blog\/racing-92-revirement-de-situation-pour-juan-imhoff\/#respond\"]}],\"copyrightYear\":\"2022\",\"copyrightHolder\":{\"@id\":\"https:\/\/dicodusport.fr\/blog\/#organization\"}},{\"@type\":\"WebPage\",\"@id\":\"https:\/\/dicodusport.fr\/blog\/racing-92-revirement-de-situation-pour-juan-imhoff\/\",\"url\":\"https:\/\/dicodusport.fr\/blog\/racing-92-revirement-de-situation-pour-juan-imhoff\/\",\"name\":\"Racing 92 : Revirement de situation pour Juan Imhoff\",\"isPartOf\":{\"@id\":\"https:\/\/dicodusport.fr\/blog\/#website\"},\"primaryImageOfPage\":{\"@id\":\"https:\/\/dicodusport.fr\/blog\/racing-92-revirement-de-situation-pour-juan-imhoff\/#primaryimage\"},\"image\":{\"@id\":\"https:\/\/dicodusport.fr\/blog\/racing-92-revirement-de-situation-pour-juan-imhoff\/#primaryimage\"},\"thumbnailUrl\":\"https:\/\/dicodusport.fr\/blog\/wp-content\/uploads\/2022\/02\/Racing-92-Revirement-de-situation-pour-Juan-Imhoff.png\",\"datePublished\":\"2022-02-03T13:47:07+00:00\",\"description\":\"TOP 14 - Annonc\u00e9 sur le d\u00e9part au terme de son contrat en juin 2022, Juan Imhoff pourrait finalement prolonger avec le Racing 92.\",\"breadcrumb\":{\"@id\":\"https:\/\/dicodusport.fr\/blog\/racing-92-revirement-de-situation-pour-juan-imhoff\/#breadcrumb\"},\"inLanguage\":\"fr-FR\",\"potentialAction\":[{\"@type\":\"ReadAction\",\"target\":[\"https:\/\/dicodusport.fr\/blog\/racing-92-revirement-de-situation-pour-juan-imhoff\/\"]}]},{\"@type\":\"ImageObject\",\"inLanguage\":\"fr-FR\",\"@id\":\"https:\/\/dicodusport.fr\/blog\/racing-92-revirement-de-situation-pour-juan-imhoff\/#primaryimage\",\"url\":\"https:\/\/dicodusport.fr\/blog\/wp-content\/uploads\/2022\/02\/Racing-92-Revirement-de-situation-pour-Juan-Imhoff.png\",\"contentUrl\":\"https:\/\/dicodusport.fr\/blog\/wp-content\/uploads\/2022\/02\/Racing-92-Revirement-de-situation-pour-Juan-Imhoff.png\",\"width\":800,\"height\":445,\"caption\":\"Racing 92 Revirement de situation pour Juan Imhoff\"},{\"@type\":\"BreadcrumbList\",\"@id\":\"https:\/\/dicodusport.fr\/blog\/racing-92-revirement-de-situation-pour-juan-imhoff\/#breadcrumb\",\"itemListElement\":[{\"@type\":\"ListItem\",\"position\":1,\"name\":\"Accueil\",\"item\":\"https:\/\/dicodusport.fr\/blog\/\"},{\"@type\":\"ListItem\",\"position\":2,\"name\":\"Racing 92 : Revirement de situation pour Juan Imhoff\"}]},{\"@type\":\"WebSite\",\"@id\":\"https:\/\/dicodusport.fr\/blog\/#website\",\"url\":\"https:\/\/dicodusport.fr\/blog\/\",\"name\":\"Dicodusport\",\"description\":\"L&#039;encyclop\u00e9die de l&#039;actualit\u00e9 sportive\",\"publisher\":{\"@id\":\"https:\/\/dicodusport.fr\/blog\/#organization\"},\"potentialAction\":[{\"@type\":\"SearchAction\",\"target\":{\"@type\":\"EntryPoint\",\"urlTemplate\":\"https:\/\/dicodusport.fr\/blog\/?s={search_term_string}\"},\"query-input\":{\"@type\":\"PropertyValueSpecification\",\"valueRequired\":true,\"valueName\":\"search_term_string\"}}],\"inLanguage\":\"fr-FR\"},{\"@type\":\"NewsMediaOrganization\",\"@id\":\"https:\/\/dicodusport.fr\/blog\/#organization\",\"name\":\"Dicodusport\",\"url\":\"https:\/\/dicodusport.fr\/blog\/\",\"logo\":{\"@type\":\"ImageObject\",\"inLanguage\":\"fr-FR\",\"@id\":\"https:\/\/dicodusport.fr\/blog\/#\/schema\/logo\/image\/\",\"url\":\"https:\/\/dicodusport.fr\/blog\/wp-content\/uploads\/2020\/06\/cropped-LOGO-DICODUSPORT-2020-SANS-FOND-SANS-TEXTE.png\",\"contentUrl\":\"https:\/\/dicodusport.fr\/blog\/wp-content\/uploads\/2020\/06\/cropped-LOGO-DICODUSPORT-2020-SANS-FOND-SANS-TEXTE.png\",\"width\":512,\"height\":512,\"caption\":\"Dicodusport\"},\"image\":{\"@id\":\"https:\/\/dicodusport.fr\/blog\/#\/schema\/logo\/image\/\"},\"sameAs\":[\"https:\/\/www.facebook.com\/dicodusport\",\"https:\/\/x.com\/dicodusport\",\"https:\/\/www.instagram.com\/dicodusport\/\",\"https:\/\/www.youtube.com\/channel\/UC7V2KZ5sd3htJivAbA4ZG3w\"],\"description\":\"Dicodusport est l'encyclop\u00e9die de l'actualit\u00e9 sportive.\",\"email\":\"bonjour@dicodusport.fr\",\"legalName\":\"DICODUSPORT\",\"foundingDate\":\"2018-01-14\",\"vatID\":\"FR71834470973\",\"taxID\":\"83447097300043\",\"numberOfEmployees\":{\"@type\":\"QuantitativeValue\",\"minValue\":\"1\",\"maxValue\":\"10\"}},{\"@type\":\"Person\",\"@id\":\"https:\/\/dicodusport.fr\/blog\/#\/schema\/person\/55dcb50ad410894e431ed812bbb70191\",\"name\":\"Nicolas Jacquemard\",\"image\":{\"@type\":\"ImageObject\",\"inLanguage\":\"fr-FR\",\"@id\":\"https:\/\/dicodusport.fr\/blog\/#\/schema\/person\/image\/\",\"url\":\"https:\/\/dicodusport.fr\/blog\/wp-content\/uploads\/2021\/05\/Nicolas-Jacquemard-150x150.jpeg\",\"contentUrl\":\"https:\/\/dicodusport.fr\/blog\/wp-content\/uploads\/2021\/05\/Nicolas-Jacquemard-150x150.jpeg\",\"caption\":\"Nicolas Jacquemard\"},\"description\":\"Passionn\u00e9 de sport et entrepreneur depuis mes 18 ans, la cr\u00e9ation de Dicodusport m'a sembl\u00e9 \u00e9vidente pour participer \u00e0 la m\u00e9diatisation d'un plus grand nombre de sports. Le chemin est long mais avec une \u00e9quipe des plus motiv\u00e9es et les Jeux Olympiques de Paris 2024 en point de mire, nous y arriverons ! Journaliste dans le monde du sport depuis plus de 5 ans, je traite aussi bien de football, de rugby, de biathlon que de cyclisme.\",\"sameAs\":[\"https:\/\/www.facebook.com\/dicodusport\",\"https:\/\/x.com\/https:\/\/twitter.com\/Nico_Jacquemard\"],\"url\":\"https:\/\/dicodusport.fr\/blog\/author\/dicodusport\/\"}]}<\/script>\n<!-- \/ Yoast SEO Premium plugin. -->","yoast_head_json":{"title":"Racing 92 : Revirement de situation pour Juan Imhoff","description":"TOP 14 - Annonc\u00e9 sur le d\u00e9part au terme de son contrat en juin 2022, Juan Imhoff pourrait finalement prolonger avec le Racing 92.","robots":{"index":"index","follow":"follow","max-snippet":"max-snippet:-1","max-image-preview":"max-image-preview:large","max-video-preview":"max-video-preview:-1"},"canonical":"https:\/\/dicodusport.fr\/blog\/racing-92-revirement-de-situation-pour-juan-imhoff\/","og_locale":"fr_FR","og_type":"article","og_title":"Racing 92 : Revirement de situation pour Juan Imhoff","og_description":"TOP 14 - Annonc\u00e9 sur le d\u00e9part au terme de son contrat en juin 2022, Juan Imhoff pourrait finalement prolonger avec le Racing 92.","og_url":"https:\/\/dicodusport.fr\/blog\/racing-92-revirement-de-situation-pour-juan-imhoff\/","og_site_name":"Dicodusport","article_publisher":"https:\/\/www.facebook.com\/dicodusport","article_author":"https:\/\/www.facebook.com\/dicodusport","article_published_time":"2022-02-03T13:47:07+00:00","og_image":[{"width":800,"height":445,"url":"https:\/\/dicodusport.fr\/blog\/wp-content\/uploads\/2022\/02\/Racing-92-Revirement-de-situation-pour-Juan-Imhoff.png","type":"image\/png"}],"author":"Nicolas Jacquemard","twitter_card":"summary_large_image","twitter_title":"Racing 92 : Revirement de situation pour Juan Imhoff","twitter_creator":"@https:\/\/twitter.com\/Nico_Jacquemard","twitter_site":"@dicodusport","schema":{"@context":"https:\/\/schema.org","@graph":[{"@type":"NewsArticle","@id":"https:\/\/dicodusport.fr\/blog\/racing-92-revirement-de-situation-pour-juan-imhoff\/#article","isPartOf":{"@id":"https:\/\/dicodusport.fr\/blog\/racing-92-revirement-de-situation-pour-juan-imhoff\/"},"author":{"name":"Nicolas Jacquemard","@id":"https:\/\/dicodusport.fr\/blog\/#\/schema\/person\/55dcb50ad410894e431ed812bbb70191"},"headline":"Racing 92 : Revirement de situation pour Juan Imhoff","datePublished":"2022-02-03T13:47:07+00:00","mainEntityOfPage":{"@id":"https:\/\/dicodusport.fr\/blog\/racing-92-revirement-de-situation-pour-juan-imhoff\/"},"wordCount":144,"commentCount":0,"publisher":{"@id":"https:\/\/dicodusport.fr\/blog\/#organization"},"image":{"@id":"https:\/\/dicodusport.fr\/blog\/racing-92-revirement-de-situation-pour-juan-imhoff\/#primaryimage"},"thumbnailUrl":"https:\/\/dicodusport.fr\/blog\/wp-content\/uploads\/2022\/02\/Racing-92-Revirement-de-situation-pour-Juan-Imhoff.png","keywords":["Racing 92","Top 14"],"articleSection":["Top 14"],"inLanguage":"fr-FR","potentialAction":[{"@type":"CommentAction","name":"Comment","target":["https:\/\/dicodusport.fr\/blog\/racing-92-revirement-de-situation-pour-juan-imhoff\/#respond"]}],"copyrightYear":"2022","copyrightHolder":{"@id":"https:\/\/dicodusport.fr\/blog\/#organization"}},{"@type":"WebPage","@id":"https:\/\/dicodusport.fr\/blog\/racing-92-revirement-de-situation-pour-juan-imhoff\/","url":"https:\/\/dicodusport.fr\/blog\/racing-92-revirement-de-situation-pour-juan-imhoff\/","name":"Racing 92 : Revirement de situation pour Juan Imhoff","isPartOf":{"@id":"https:\/\/dicodusport.fr\/blog\/#website"},"primaryImageOfPage":{"@id":"https:\/\/dicodusport.fr\/blog\/racing-92-revirement-de-situation-pour-juan-imhoff\/#primaryimage"},"image":{"@id":"https:\/\/dicodusport.fr\/blog\/racing-92-revirement-de-situation-pour-juan-imhoff\/#primaryimage"},"thumbnailUrl":"https:\/\/dicodusport.fr\/blog\/wp-content\/uploads\/2022\/02\/Racing-92-Revirement-de-situation-pour-Juan-Imhoff.png","datePublished":"2022-02-03T13:47:07+00:00","description":"TOP 14 - Annonc\u00e9 sur le d\u00e9part au terme de son contrat en juin 2022, Juan Imhoff pourrait finalement prolonger avec le Racing 92.","breadcrumb":{"@id":"https:\/\/dicodusport.fr\/blog\/racing-92-revirement-de-situation-pour-juan-imhoff\/#breadcrumb"},"inLanguage":"fr-FR","potentialAction":[{"@type":"ReadAction","target":["https:\/\/dicodusport.fr\/blog\/racing-92-revirement-de-situation-pour-juan-imhoff\/"]}]},{"@type":"ImageObject","inLanguage":"fr-FR","@id":"https:\/\/dicodusport.fr\/blog\/racing-92-revirement-de-situation-pour-juan-imhoff\/#primaryimage","url":"https:\/\/dicodusport.fr\/blog\/wp-content\/uploads\/2022\/02\/Racing-92-Revirement-de-situation-pour-Juan-Imhoff.png","contentUrl":"https:\/\/dicodusport.fr\/blog\/wp-content\/uploads\/2022\/02\/Racing-92-Revirement-de-situation-pour-Juan-Imhoff.png","width":800,"height":445,"caption":"Racing 92 Revirement de situation pour Juan Imhoff"},{"@type":"BreadcrumbList","@id":"https:\/\/dicodusport.fr\/blog\/racing-92-revirement-de-situation-pour-juan-imhoff\/#breadcrumb","itemListElement":[{"@type":"ListItem","position":1,"name":"Accueil","item":"https:\/\/dicodusport.fr\/blog\/"},{"@type":"ListItem","position":2,"name":"Racing 92 : Revirement de situation pour Juan Imhoff"}]},{"@type":"WebSite","@id":"https:\/\/dicodusport.fr\/blog\/#website","url":"https:\/\/dicodusport.fr\/blog\/","name":"Dicodusport","description":"L&#039;encyclop\u00e9die de l&#039;actualit\u00e9 sportive","publisher":{"@id":"https:\/\/dicodusport.fr\/blog\/#organization"},"potentialAction":[{"@type":"SearchAction","target":{"@type":"EntryPoint","urlTemplate":"https:\/\/dicodusport.fr\/blog\/?s={search_term_string}"},"query-input":{"@type":"PropertyValueSpecification","valueRequired":true,"valueName":"search_term_string"}}],"inLanguage":"fr-FR"},{"@type":"NewsMediaOrganization","@id":"https:\/\/dicodusport.fr\/blog\/#organization","name":"Dicodusport","url":"https:\/\/dicodusport.fr\/blog\/","logo":{"@type":"ImageObject","inLanguage":"fr-FR","@id":"https:\/\/dicodusport.fr\/blog\/#\/schema\/logo\/image\/","url":"https:\/\/dicodusport.fr\/blog\/wp-content\/uploads\/2020\/06\/cropped-LOGO-DICODUSPORT-2020-SANS-FOND-SANS-TEXTE.png","contentUrl":"https:\/\/dicodusport.fr\/blog\/wp-content\/uploads\/2020\/06\/cropped-LOGO-DICODUSPORT-2020-SANS-FOND-SANS-TEXTE.png","width":512,"height":512,"caption":"Dicodusport"},"image":{"@id":"https:\/\/dicodusport.fr\/blog\/#\/schema\/logo\/image\/"},"sameAs":["https:\/\/www.facebook.com\/dicodusport","https:\/\/x.com\/dicodusport","https:\/\/www.instagram.com\/dicodusport\/","https:\/\/www.youtube.com\/channel\/UC7V2KZ5sd3htJivAbA4ZG3w"],"description":"Dicodusport est l'encyclop\u00e9die de l'actualit\u00e9 sportive.","email":"bonjour@dicodusport.fr","legalName":"DICODUSPORT","foundingDate":"2018-01-14","vatID":"FR71834470973","taxID":"83447097300043","numberOfEmployees":{"@type":"QuantitativeValue","minValue":"1","maxValue":"10"}},{"@type":"Person","@id":"https:\/\/dicodusport.fr\/blog\/#\/schema\/person\/55dcb50ad410894e431ed812bbb70191","name":"Nicolas Jacquemard","image":{"@type":"ImageObject","inLanguage":"fr-FR","@id":"https:\/\/dicodusport.fr\/blog\/#\/schema\/person\/image\/","url":"https:\/\/dicodusport.fr\/blog\/wp-content\/uploads\/2021\/05\/Nicolas-Jacquemard-150x150.jpeg","contentUrl":"https:\/\/dicodusport.fr\/blog\/wp-content\/uploads\/2021\/05\/Nicolas-Jacquemard-150x150.jpeg","caption":"Nicolas Jacquemard"},"description":"Passionn\u00e9 de sport et entrepreneur depuis mes 18 ans, la cr\u00e9ation de Dicodusport m'a sembl\u00e9 \u00e9vidente pour participer \u00e0 la m\u00e9diatisation d'un plus grand nombre de sports. Le chemin est long mais avec une \u00e9quipe des plus motiv\u00e9es et les Jeux Olympiques de Paris 2024 en point de mire, nous y arriverons ! Journaliste dans le monde du sport depuis plus de 5 ans, je traite aussi bien de football, de rugby, de biathlon que de cyclisme.","sameAs":["https:\/\/www.facebook.com\/dicodusport","https:\/\/x.com\/https:\/\/twitter.com\/Nico_Jacquemard"],"url":"https:\/\/dicodusport.fr\/blog\/author\/dicodusport\/"}]}},"_links":{"self":[{"href":"https:\/\/dicodusport.fr\/blog\/wp-json\/wp\/v2\/posts\/196727","targetHints":{"allow":["GET"]}}],"collection":[{"href":"https:\/\/dicodusport.fr\/blog\/wp-json\/wp\/v2\/posts"}],"about":[{"href":"https:\/\/dicodusport.fr\/blog\/wp-json\/wp\/v2\/types\/post"}],"author":[{"embeddable":true,"href":"https:\/\/dicodusport.fr\/blog\/wp-json\/wp\/v2\/users\/1"}],"replies":[{"embeddable":true,"href":"https:\/\/dicodusport.fr\/blog\/wp-json\/wp\/v2\/comments?post=196727"}],"version-history":[{"count":0,"href":"https:\/\/dicodusport.fr\/blog\/wp-json\/wp\/v2\/posts\/196727\/revisions"}],"wp:featuredmedia":[{"embeddable":true,"href":"https:\/\/dicodusport.fr\/blog\/wp-json\/wp\/v2\/media\/196729"}],"wp:attachment":[{"href":"https:\/\/dicodusport.fr\/blog\/wp-json\/wp\/v2\/media?parent=196727"}],"wp:term":[{"taxonomy":"category","embeddable":true,"href":"https:\/\/dicodusport.fr\/blog\/wp-json\/wp\/v2\/categories?post=196727"},{"taxonomy":"post_tag","embeddable":true,"href":"https:\/\/dicodusport.fr\/blog\/wp-json\/wp\/v2\/tags?post=196727"}],"curies":[{"name":"wp","href":"https:\/\/api.w.org\/{rel}","templated":true}]}}