{"id":196927,"date":"2022-02-04T10:26:58","date_gmt":"2022-02-04T09:26:58","guid":{"rendered":"https:\/\/dicodusport.fr\/blog\/?p=196927&#038;preview=true&#038;preview_id=196927"},"modified":"2022-02-04T10:48:41","modified_gmt":"2022-02-04T09:48:41","slug":"xv-de-france-composition-bleus-pour-affronter-italie","status":"publish","type":"post","link":"https:\/\/dicodusport.fr\/blog\/xv-de-france-composition-bleus-pour-affronter-italie\/","title":{"rendered":"XV de France : La composition des Bleus pour affronter l&rsquo;Italie"},"content":{"rendered":"<p style=\"text-align: justify;\"><em><strong><a href=\"https:\/\/dicodusport.fr\/blog\/actualites\/rugby\/rugby-a-xv\/xv-de-france\/\">XV DE FRANCE<\/a> &#8211; Fabien Galthi\u00e9 a d\u00e9voil\u00e9 ce vendredi la composition des Bleus pour affronter l&rsquo;Italie (dimanche 16h), dans le cadre de la 1\u00e8re journ\u00e9e du <a href=\"https:\/\/dicodusport.fr\/blog\/tournoi-des-6-nations-2022-calendrier-et-resultats\/\">6 Nations 2022<\/a>.<\/strong><\/em><\/p>\n<p style=\"text-align: justify;\">Comme pr\u00e9vu ces derni\u00e8res heures, <strong>Cameron Woki<\/strong> (UBB) sera align\u00e9 en deuxi\u00e8me ligne ce dimanche face \u00e0 l&rsquo;Italie. Efficace \u00e0 ce poste lors de la tourn\u00e9e automnale, le Girondin sera associ\u00e9 \u00e0 <strong>Paul Willemse<\/strong>. Pour le reste, on est sur du classique. <strong>Jonathan Danty<\/strong> sera bien titulaire au centre de l&rsquo;attaque bleue, aux c\u00f4t\u00e9s de <strong>Ga\u00ebl Fickou<\/strong>.<\/p>\n<p style=\"text-align: justify;\">Sur le banc, quelques surprises sont \u00e0 noter. <strong>Yoram Moefana<\/strong> (UBB) et<strong> Thomas Ramos<\/strong> (Toulouse) sont en effet dans la liste des rempla\u00e7ants. Pas de <strong>Matthieu Jalibert<\/strong> (UBB) en revanche, sans doute encore trop juste pour disputer un match international. \u00c0 noter que ce dimanche, Fabien Galthi\u00e9 ne sera pas pr\u00e9sent au Stade de France. Le s\u00e9lectionneur des Bleus a \u00e9t\u00e9 test\u00e9 positif au Covid, et a donc \u00e9t\u00e9 plac\u00e9 \u00e0 l&rsquo;isolement.<\/p>\n<h2 style=\"text-align: justify;\"><strong>Composition du XV de France<\/strong><\/h2>\n<p style=\"text-align: justify;\">1. Cyril Baille<br \/>\n2. Julien Marchand<br \/>\n3. Uini Atonio<br \/>\n4. Cameron Woki<br \/>\n5. Paul Willemse<br \/>\n6. Anthony Jelonch<br \/>\n7. Dylan Cretin<br \/>\n8. Gr\u00e9gory Alldritt<br \/>\n9. Antoine Dupont<br \/>\n10. Romain Ntamack<br \/>\n11. Gabin Villi\u00e8re<br \/>\n12. Jonathan Danty<br \/>\n13.\u00a0Ga\u00ebl Fickou<br \/>\n14. Damian Penaud<br \/>\n15. Melvyn Jaminet<\/p>\n<h3 style=\"text-align: justify;\">Rempla\u00e7ants :<\/h3>\n<p style=\"text-align: justify;\">16. Peato Mauvaka<br \/>\n17. Jean-Baptiste Gros<br \/>\n18. Demba Bamba<br \/>\n19.\u00a0Romain Taofifenua<br \/>\n20. Fran\u00e7ois Cros<br \/>\n21. Maxime Lucu<br \/>\n22. Yoram Moefana<br \/>\n23. Thomas Ramos<\/p>\n<blockquote class=\"twitter-tweet\">\n<p dir=\"ltr\" lang=\"fr\">\u0301 !<\/p>\n<p>Dimanche 16h au <a href=\"https:\/\/twitter.com\/StadeFrance?ref_src=twsrc%5Etfw\">@StadeFrance<\/a>, coup d&rsquo;envoi du Tournoi des <a href=\"https:\/\/twitter.com\/hashtag\/SixNations?src=hash&amp;ref_src=twsrc%5Etfw\">#SixNations<\/a> 2022 du <a href=\"https:\/\/twitter.com\/hashtag\/XVdeFrance?src=hash&amp;ref_src=twsrc%5Etfw\">#XVdeFrance<\/a> !<\/p>\n<p>Les derniers billets &#xfe0f; <a href=\"https:\/\/t.co\/RMWPEws6XC\">https:\/\/t.co\/RMWPEws6XC<\/a><a href=\"https:\/\/twitter.com\/hashtag\/NeFaisonsXV?src=hash&amp;ref_src=twsrc%5Etfw\">#NeFaisonsXV<\/a> <a href=\"https:\/\/t.co\/3WTRt1dyNr\">pic.twitter.com\/3WTRt1dyNr<\/a><\/p>\n<p>\u2014 France Rugby (@FranceRugby) <a href=\"https:\/\/twitter.com\/FranceRugby\/status\/1489528454420783110?ref_src=twsrc%5Etfw\">February 4, 2022<\/a><\/p><\/blockquote>\n<p><script async src=\"https:\/\/platform.twitter.com\/widgets.js\" charset=\"utf-8\"><\/script><\/p>\n<h2 style=\"text-align: justify;\"><strong>\u00c0 lire aussi<\/strong><\/h2>\n<p><span class=\"xVB3vKcLAjJt0yh7RMpreXa6iTsdONSImDE\"><\/p>\n<blockquote class=\"wp-embedded-content\" data-secret=\"3Q76RZhGgy\"><p><a href=\"https:\/\/dicodusport.fr\/blog\/tournoi-des-6-nations-calendrier-xv-de-france\/\">Tournoi des 6 Nations 2022 : Le calendrier du XV de France<\/a><\/p><\/blockquote>\n<p><iframe loading=\"lazy\" class=\"wp-embedded-content\" sandbox=\"allow-scripts\" security=\"restricted\" style=\"position: absolute; clip: rect(1px, 1px, 1px, 1px);\" title=\"\u00ab\u00a0Tournoi des 6 Nations 2022 : Le calendrier du XV de France\u00a0\u00bb &#8212; Dicodusport\" src=\"https:\/\/dicodusport.fr\/blog\/tournoi-des-6-nations-calendrier-xv-de-france\/embed\/#?secret=3Q76RZhGgy\" data-secret=\"3Q76RZhGgy\" width=\"600\" height=\"338\" frameborder=\"0\" marginwidth=\"0\" marginheight=\"0\" scrolling=\"no\"><\/iframe><\/span><\/p>\n","protected":false},"excerpt":{"rendered":"<p>XV DE FRANCE &#8211; Fabien Galthi\u00e9 a d\u00e9voil\u00e9 ce vendredi la composition des Bleus pour affronter l&rsquo;Italie (dimanche 16h), dans le cadre de la 1\u00e8re journ\u00e9e du 6 Nations 2022.<\/p>\n","protected":false},"author":4,"featured_media":196929,"comment_status":"open","ping_status":"closed","sticky":false,"template":"","format":"standard","meta":{"_acf_changed":false,"_daextam_enable_autolinks":"","footnotes":""},"categories":[47048,19951],"tags":[374,1638],"class_list":["post-196927","post","type-post","status-publish","format-standard","has-post-thumbnail","hentry","category-tournoi-des-6-nations","category-xv-de-france","tag-italie","tag-xv-de-france"],"acf":[],"yoast_head":"<!-- This site is optimized with the Yoast SEO Premium plugin v26.7 (Yoast SEO v26.7) - https:\/\/yoast.com\/wordpress\/plugins\/seo\/ -->\n<title>XV de France : La composition des Bleus pour affronter l&#039;Italie<\/title>\n<meta name=\"description\" content=\"XV DE FRANCE - Fabien Galthi\u00e9 a d\u00e9voil\u00e9 la composition des Bleus pour affronter l&#039;Italie, dans le cadre de la 1\u00e8re journ\u00e9e du 6 Nations 2022.\" \/>\n<meta name=\"robots\" content=\"index, follow, max-snippet:-1, max-image-preview:large, max-video-preview:-1\" \/>\n<link rel=\"canonical\" href=\"https:\/\/dicodusport.fr\/blog\/xv-de-france-composition-bleus-pour-affronter-italie\/\" \/>\n<meta property=\"og:locale\" content=\"fr_FR\" \/>\n<meta property=\"og:type\" content=\"article\" \/>\n<meta property=\"og:title\" content=\"XV de France : La composition des Bleus pour affronter l&#039;Italie\" \/>\n<meta property=\"og:description\" content=\"XV DE FRANCE - Fabien Galthi\u00e9 a d\u00e9voil\u00e9 la composition des Bleus pour affronter l&#039;Italie, dans le cadre de la 1\u00e8re journ\u00e9e du 6 Nations 2022.\" \/>\n<meta property=\"og:url\" content=\"https:\/\/dicodusport.fr\/blog\/xv-de-france-composition-bleus-pour-affronter-italie\/\" \/>\n<meta property=\"og:site_name\" content=\"Dicodusport\" \/>\n<meta property=\"article:publisher\" content=\"https:\/\/www.facebook.com\/dicodusport\" \/>\n<meta property=\"article:author\" content=\"https:\/\/www.facebook.com\/florent.ostermann\" \/>\n<meta property=\"article:published_time\" content=\"2022-02-04T09:26:58+00:00\" \/>\n<meta property=\"article:modified_time\" content=\"2022-02-04T09:48:41+00:00\" \/>\n<meta property=\"og:image\" content=\"https:\/\/dicodusport.fr\/blog\/wp-content\/uploads\/2022\/02\/XV-de-France-La-composition-des-Bleus-pour-affronter-lItalie.png\" \/>\n\t<meta property=\"og:image:width\" content=\"800\" \/>\n\t<meta property=\"og:image:height\" content=\"445\" \/>\n\t<meta property=\"og:image:type\" content=\"image\/png\" \/>\n<meta name=\"author\" content=\"Flo Ostermann\" \/>\n<meta name=\"twitter:card\" content=\"summary_large_image\" \/>\n<meta name=\"twitter:title\" content=\"XV de France : La composition des Bleus pour affronter l&#039;Italie\" \/>\n<meta name=\"twitter:creator\" content=\"@https:\/\/twitter.com\/FlOstermann\" \/>\n<meta name=\"twitter:site\" content=\"@dicodusport\" \/>\n<script type=\"application\/ld+json\" class=\"yoast-schema-graph\">{\"@context\":\"https:\/\/schema.org\",\"@graph\":[{\"@type\":\"NewsArticle\",\"@id\":\"https:\/\/dicodusport.fr\/blog\/xv-de-france-composition-bleus-pour-affronter-italie\/#article\",\"isPartOf\":{\"@id\":\"https:\/\/dicodusport.fr\/blog\/xv-de-france-composition-bleus-pour-affronter-italie\/\"},\"author\":{\"name\":\"Flo Ostermann\",\"@id\":\"https:\/\/dicodusport.fr\/blog\/#\/schema\/person\/cb02af4c173ce4a653b55e9baf388d4a\"},\"headline\":\"XV de France : La composition des Bleus pour affronter l&rsquo;Italie\",\"datePublished\":\"2022-02-04T09:26:58+00:00\",\"dateModified\":\"2022-02-04T09:48:41+00:00\",\"mainEntityOfPage\":{\"@id\":\"https:\/\/dicodusport.fr\/blog\/xv-de-france-composition-bleus-pour-affronter-italie\/\"},\"wordCount\":278,\"commentCount\":0,\"publisher\":{\"@id\":\"https:\/\/dicodusport.fr\/blog\/#organization\"},\"image\":{\"@id\":\"https:\/\/dicodusport.fr\/blog\/xv-de-france-composition-bleus-pour-affronter-italie\/#primaryimage\"},\"thumbnailUrl\":\"https:\/\/dicodusport.fr\/blog\/wp-content\/uploads\/2022\/02\/XV-de-France-La-composition-des-Bleus-pour-affronter-lItalie.png\",\"keywords\":[\"Italie\",\"XV de France\"],\"articleSection\":[\"Tournoi des 6 Nations\",\"XV de France\"],\"inLanguage\":\"fr-FR\",\"potentialAction\":[{\"@type\":\"CommentAction\",\"name\":\"Comment\",\"target\":[\"https:\/\/dicodusport.fr\/blog\/xv-de-france-composition-bleus-pour-affronter-italie\/#respond\"]}],\"copyrightYear\":\"2022\",\"copyrightHolder\":{\"@id\":\"https:\/\/dicodusport.fr\/blog\/#organization\"}},{\"@type\":\"WebPage\",\"@id\":\"https:\/\/dicodusport.fr\/blog\/xv-de-france-composition-bleus-pour-affronter-italie\/\",\"url\":\"https:\/\/dicodusport.fr\/blog\/xv-de-france-composition-bleus-pour-affronter-italie\/\",\"name\":\"XV de France : La composition des Bleus pour affronter l'Italie\",\"isPartOf\":{\"@id\":\"https:\/\/dicodusport.fr\/blog\/#website\"},\"primaryImageOfPage\":{\"@id\":\"https:\/\/dicodusport.fr\/blog\/xv-de-france-composition-bleus-pour-affronter-italie\/#primaryimage\"},\"image\":{\"@id\":\"https:\/\/dicodusport.fr\/blog\/xv-de-france-composition-bleus-pour-affronter-italie\/#primaryimage\"},\"thumbnailUrl\":\"https:\/\/dicodusport.fr\/blog\/wp-content\/uploads\/2022\/02\/XV-de-France-La-composition-des-Bleus-pour-affronter-lItalie.png\",\"datePublished\":\"2022-02-04T09:26:58+00:00\",\"dateModified\":\"2022-02-04T09:48:41+00:00\",\"description\":\"XV DE FRANCE - Fabien Galthi\u00e9 a d\u00e9voil\u00e9 la composition des Bleus pour affronter l'Italie, dans le cadre de la 1\u00e8re journ\u00e9e du 6 Nations 2022.\",\"breadcrumb\":{\"@id\":\"https:\/\/dicodusport.fr\/blog\/xv-de-france-composition-bleus-pour-affronter-italie\/#breadcrumb\"},\"inLanguage\":\"fr-FR\",\"potentialAction\":[{\"@type\":\"ReadAction\",\"target\":[\"https:\/\/dicodusport.fr\/blog\/xv-de-france-composition-bleus-pour-affronter-italie\/\"]}]},{\"@type\":\"ImageObject\",\"inLanguage\":\"fr-FR\",\"@id\":\"https:\/\/dicodusport.fr\/blog\/xv-de-france-composition-bleus-pour-affronter-italie\/#primaryimage\",\"url\":\"https:\/\/dicodusport.fr\/blog\/wp-content\/uploads\/2022\/02\/XV-de-France-La-composition-des-Bleus-pour-affronter-lItalie.png\",\"contentUrl\":\"https:\/\/dicodusport.fr\/blog\/wp-content\/uploads\/2022\/02\/XV-de-France-La-composition-des-Bleus-pour-affronter-lItalie.png\",\"width\":800,\"height\":445,\"caption\":\"XV de France La composition des Bleus pour affronter l'Italie\"},{\"@type\":\"BreadcrumbList\",\"@id\":\"https:\/\/dicodusport.fr\/blog\/xv-de-france-composition-bleus-pour-affronter-italie\/#breadcrumb\",\"itemListElement\":[{\"@type\":\"ListItem\",\"position\":1,\"name\":\"Accueil\",\"item\":\"https:\/\/dicodusport.fr\/blog\/\"},{\"@type\":\"ListItem\",\"position\":2,\"name\":\"XV de France : La composition des Bleus pour affronter l&rsquo;Italie\"}]},{\"@type\":\"WebSite\",\"@id\":\"https:\/\/dicodusport.fr\/blog\/#website\",\"url\":\"https:\/\/dicodusport.fr\/blog\/\",\"name\":\"Dicodusport\",\"description\":\"L&#039;encyclop\u00e9die de l&#039;actualit\u00e9 sportive\",\"publisher\":{\"@id\":\"https:\/\/dicodusport.fr\/blog\/#organization\"},\"potentialAction\":[{\"@type\":\"SearchAction\",\"target\":{\"@type\":\"EntryPoint\",\"urlTemplate\":\"https:\/\/dicodusport.fr\/blog\/?s={search_term_string}\"},\"query-input\":{\"@type\":\"PropertyValueSpecification\",\"valueRequired\":true,\"valueName\":\"search_term_string\"}}],\"inLanguage\":\"fr-FR\"},{\"@type\":\"NewsMediaOrganization\",\"@id\":\"https:\/\/dicodusport.fr\/blog\/#organization\",\"name\":\"Dicodusport\",\"url\":\"https:\/\/dicodusport.fr\/blog\/\",\"logo\":{\"@type\":\"ImageObject\",\"inLanguage\":\"fr-FR\",\"@id\":\"https:\/\/dicodusport.fr\/blog\/#\/schema\/logo\/image\/\",\"url\":\"https:\/\/dicodusport.fr\/blog\/wp-content\/uploads\/2020\/06\/cropped-LOGO-DICODUSPORT-2020-SANS-FOND-SANS-TEXTE.png\",\"contentUrl\":\"https:\/\/dicodusport.fr\/blog\/wp-content\/uploads\/2020\/06\/cropped-LOGO-DICODUSPORT-2020-SANS-FOND-SANS-TEXTE.png\",\"width\":512,\"height\":512,\"caption\":\"Dicodusport\"},\"image\":{\"@id\":\"https:\/\/dicodusport.fr\/blog\/#\/schema\/logo\/image\/\"},\"sameAs\":[\"https:\/\/www.facebook.com\/dicodusport\",\"https:\/\/x.com\/dicodusport\",\"https:\/\/www.instagram.com\/dicodusport\/\",\"https:\/\/www.youtube.com\/channel\/UC7V2KZ5sd3htJivAbA4ZG3w\"],\"description\":\"Dicodusport est l'encyclop\u00e9die de l'actualit\u00e9 sportive.\",\"email\":\"bonjour@dicodusport.fr\",\"legalName\":\"DICODUSPORT\",\"foundingDate\":\"2018-01-14\",\"vatID\":\"FR71834470973\",\"taxID\":\"83447097300043\",\"numberOfEmployees\":{\"@type\":\"QuantitativeValue\",\"minValue\":\"1\",\"maxValue\":\"10\"}},{\"@type\":\"Person\",\"@id\":\"https:\/\/dicodusport.fr\/blog\/#\/schema\/person\/cb02af4c173ce4a653b55e9baf388d4a\",\"name\":\"Flo Ostermann\",\"image\":{\"@type\":\"ImageObject\",\"inLanguage\":\"fr-FR\",\"@id\":\"https:\/\/dicodusport.fr\/blog\/#\/schema\/person\/image\/\",\"url\":\"https:\/\/dicodusport.fr\/blog\/wp-content\/uploads\/2021\/05\/Flo-Ostermann-150x150.jpg\",\"contentUrl\":\"https:\/\/dicodusport.fr\/blog\/wp-content\/uploads\/2021\/05\/Flo-Ostermann-150x150.jpg\",\"caption\":\"Flo Ostermann\"},\"description\":\"Journaliste\/R\u00e9dacteur depuis septembre 2015 - Mes premiers souvenirs dans le sport ? Les envol\u00e9es du Stade Toulousain et les duels Villeneuve-Schumacher et H\u00e4kkinen-Schumacher \u00e0 la fin des ann\u00e9es 90, la Coupe du monde de football en 1998, l\u2019exploit du XV de France face aux All Blacks en 1999, mais aussi Richard C\u0153ur de Lion qui vole sur les montagnes du Tour de France. Bien parti pour devenir professeur d\u2019EPS, les \u00e9v\u00e9nements de la vie (et la flemme d\u2019animer des s\u00e9ances de 3x500 m\u00e8tres toute ma vie) m\u2019ont conduit \u00e0 revoir mes plans. Me voil\u00e0 depuis fin 2017 sur Dicodusport, m\u00e9dia gr\u00e2ce (et pour) lequel je partage ma passion : le sport dans tous ses \u00e9tats. Le tout accompagn\u00e9 par les fous furieux et folles furieuses cit\u00e9s sur cette page !\",\"sameAs\":[\"https:\/\/www.facebook.com\/florent.ostermann\",\"https:\/\/x.com\/https:\/\/twitter.com\/FlOstermann\",\"admin\"],\"url\":\"https:\/\/dicodusport.fr\/blog\/author\/flo\/\"}]}<\/script>\n<!-- \/ Yoast SEO Premium plugin. -->","yoast_head_json":{"title":"XV de France : La composition des Bleus pour affronter l'Italie","description":"XV DE FRANCE - Fabien Galthi\u00e9 a d\u00e9voil\u00e9 la composition des Bleus pour affronter l'Italie, dans le cadre de la 1\u00e8re journ\u00e9e du 6 Nations 2022.","robots":{"index":"index","follow":"follow","max-snippet":"max-snippet:-1","max-image-preview":"max-image-preview:large","max-video-preview":"max-video-preview:-1"},"canonical":"https:\/\/dicodusport.fr\/blog\/xv-de-france-composition-bleus-pour-affronter-italie\/","og_locale":"fr_FR","og_type":"article","og_title":"XV de France : La composition des Bleus pour affronter l'Italie","og_description":"XV DE FRANCE - Fabien Galthi\u00e9 a d\u00e9voil\u00e9 la composition des Bleus pour affronter l'Italie, dans le cadre de la 1\u00e8re journ\u00e9e du 6 Nations 2022.","og_url":"https:\/\/dicodusport.fr\/blog\/xv-de-france-composition-bleus-pour-affronter-italie\/","og_site_name":"Dicodusport","article_publisher":"https:\/\/www.facebook.com\/dicodusport","article_author":"https:\/\/www.facebook.com\/florent.ostermann","article_published_time":"2022-02-04T09:26:58+00:00","article_modified_time":"2022-02-04T09:48:41+00:00","og_image":[{"width":800,"height":445,"url":"https:\/\/dicodusport.fr\/blog\/wp-content\/uploads\/2022\/02\/XV-de-France-La-composition-des-Bleus-pour-affronter-lItalie.png","type":"image\/png"}],"author":"Flo Ostermann","twitter_card":"summary_large_image","twitter_title":"XV de France : La composition des Bleus pour affronter l'Italie","twitter_creator":"@https:\/\/twitter.com\/FlOstermann","twitter_site":"@dicodusport","schema":{"@context":"https:\/\/schema.org","@graph":[{"@type":"NewsArticle","@id":"https:\/\/dicodusport.fr\/blog\/xv-de-france-composition-bleus-pour-affronter-italie\/#article","isPartOf":{"@id":"https:\/\/dicodusport.fr\/blog\/xv-de-france-composition-bleus-pour-affronter-italie\/"},"author":{"name":"Flo Ostermann","@id":"https:\/\/dicodusport.fr\/blog\/#\/schema\/person\/cb02af4c173ce4a653b55e9baf388d4a"},"headline":"XV de France : La composition des Bleus pour affronter l&rsquo;Italie","datePublished":"2022-02-04T09:26:58+00:00","dateModified":"2022-02-04T09:48:41+00:00","mainEntityOfPage":{"@id":"https:\/\/dicodusport.fr\/blog\/xv-de-france-composition-bleus-pour-affronter-italie\/"},"wordCount":278,"commentCount":0,"publisher":{"@id":"https:\/\/dicodusport.fr\/blog\/#organization"},"image":{"@id":"https:\/\/dicodusport.fr\/blog\/xv-de-france-composition-bleus-pour-affronter-italie\/#primaryimage"},"thumbnailUrl":"https:\/\/dicodusport.fr\/blog\/wp-content\/uploads\/2022\/02\/XV-de-France-La-composition-des-Bleus-pour-affronter-lItalie.png","keywords":["Italie","XV de France"],"articleSection":["Tournoi des 6 Nations","XV de France"],"inLanguage":"fr-FR","potentialAction":[{"@type":"CommentAction","name":"Comment","target":["https:\/\/dicodusport.fr\/blog\/xv-de-france-composition-bleus-pour-affronter-italie\/#respond"]}],"copyrightYear":"2022","copyrightHolder":{"@id":"https:\/\/dicodusport.fr\/blog\/#organization"}},{"@type":"WebPage","@id":"https:\/\/dicodusport.fr\/blog\/xv-de-france-composition-bleus-pour-affronter-italie\/","url":"https:\/\/dicodusport.fr\/blog\/xv-de-france-composition-bleus-pour-affronter-italie\/","name":"XV de France : La composition des Bleus pour affronter l'Italie","isPartOf":{"@id":"https:\/\/dicodusport.fr\/blog\/#website"},"primaryImageOfPage":{"@id":"https:\/\/dicodusport.fr\/blog\/xv-de-france-composition-bleus-pour-affronter-italie\/#primaryimage"},"image":{"@id":"https:\/\/dicodusport.fr\/blog\/xv-de-france-composition-bleus-pour-affronter-italie\/#primaryimage"},"thumbnailUrl":"https:\/\/dicodusport.fr\/blog\/wp-content\/uploads\/2022\/02\/XV-de-France-La-composition-des-Bleus-pour-affronter-lItalie.png","datePublished":"2022-02-04T09:26:58+00:00","dateModified":"2022-02-04T09:48:41+00:00","description":"XV DE FRANCE - Fabien Galthi\u00e9 a d\u00e9voil\u00e9 la composition des Bleus pour affronter l'Italie, dans le cadre de la 1\u00e8re journ\u00e9e du 6 Nations 2022.","breadcrumb":{"@id":"https:\/\/dicodusport.fr\/blog\/xv-de-france-composition-bleus-pour-affronter-italie\/#breadcrumb"},"inLanguage":"fr-FR","potentialAction":[{"@type":"ReadAction","target":["https:\/\/dicodusport.fr\/blog\/xv-de-france-composition-bleus-pour-affronter-italie\/"]}]},{"@type":"ImageObject","inLanguage":"fr-FR","@id":"https:\/\/dicodusport.fr\/blog\/xv-de-france-composition-bleus-pour-affronter-italie\/#primaryimage","url":"https:\/\/dicodusport.fr\/blog\/wp-content\/uploads\/2022\/02\/XV-de-France-La-composition-des-Bleus-pour-affronter-lItalie.png","contentUrl":"https:\/\/dicodusport.fr\/blog\/wp-content\/uploads\/2022\/02\/XV-de-France-La-composition-des-Bleus-pour-affronter-lItalie.png","width":800,"height":445,"caption":"XV de France La composition des Bleus pour affronter l'Italie"},{"@type":"BreadcrumbList","@id":"https:\/\/dicodusport.fr\/blog\/xv-de-france-composition-bleus-pour-affronter-italie\/#breadcrumb","itemListElement":[{"@type":"ListItem","position":1,"name":"Accueil","item":"https:\/\/dicodusport.fr\/blog\/"},{"@type":"ListItem","position":2,"name":"XV de France : La composition des Bleus pour affronter l&rsquo;Italie"}]},{"@type":"WebSite","@id":"https:\/\/dicodusport.fr\/blog\/#website","url":"https:\/\/dicodusport.fr\/blog\/","name":"Dicodusport","description":"L&#039;encyclop\u00e9die de l&#039;actualit\u00e9 sportive","publisher":{"@id":"https:\/\/dicodusport.fr\/blog\/#organization"},"potentialAction":[{"@type":"SearchAction","target":{"@type":"EntryPoint","urlTemplate":"https:\/\/dicodusport.fr\/blog\/?s={search_term_string}"},"query-input":{"@type":"PropertyValueSpecification","valueRequired":true,"valueName":"search_term_string"}}],"inLanguage":"fr-FR"},{"@type":"NewsMediaOrganization","@id":"https:\/\/dicodusport.fr\/blog\/#organization","name":"Dicodusport","url":"https:\/\/dicodusport.fr\/blog\/","logo":{"@type":"ImageObject","inLanguage":"fr-FR","@id":"https:\/\/dicodusport.fr\/blog\/#\/schema\/logo\/image\/","url":"https:\/\/dicodusport.fr\/blog\/wp-content\/uploads\/2020\/06\/cropped-LOGO-DICODUSPORT-2020-SANS-FOND-SANS-TEXTE.png","contentUrl":"https:\/\/dicodusport.fr\/blog\/wp-content\/uploads\/2020\/06\/cropped-LOGO-DICODUSPORT-2020-SANS-FOND-SANS-TEXTE.png","width":512,"height":512,"caption":"Dicodusport"},"image":{"@id":"https:\/\/dicodusport.fr\/blog\/#\/schema\/logo\/image\/"},"sameAs":["https:\/\/www.facebook.com\/dicodusport","https:\/\/x.com\/dicodusport","https:\/\/www.instagram.com\/dicodusport\/","https:\/\/www.youtube.com\/channel\/UC7V2KZ5sd3htJivAbA4ZG3w"],"description":"Dicodusport est l'encyclop\u00e9die de l'actualit\u00e9 sportive.","email":"bonjour@dicodusport.fr","legalName":"DICODUSPORT","foundingDate":"2018-01-14","vatID":"FR71834470973","taxID":"83447097300043","numberOfEmployees":{"@type":"QuantitativeValue","minValue":"1","maxValue":"10"}},{"@type":"Person","@id":"https:\/\/dicodusport.fr\/blog\/#\/schema\/person\/cb02af4c173ce4a653b55e9baf388d4a","name":"Flo Ostermann","image":{"@type":"ImageObject","inLanguage":"fr-FR","@id":"https:\/\/dicodusport.fr\/blog\/#\/schema\/person\/image\/","url":"https:\/\/dicodusport.fr\/blog\/wp-content\/uploads\/2021\/05\/Flo-Ostermann-150x150.jpg","contentUrl":"https:\/\/dicodusport.fr\/blog\/wp-content\/uploads\/2021\/05\/Flo-Ostermann-150x150.jpg","caption":"Flo Ostermann"},"description":"Journaliste\/R\u00e9dacteur depuis septembre 2015 - Mes premiers souvenirs dans le sport ? Les envol\u00e9es du Stade Toulousain et les duels Villeneuve-Schumacher et H\u00e4kkinen-Schumacher \u00e0 la fin des ann\u00e9es 90, la Coupe du monde de football en 1998, l\u2019exploit du XV de France face aux All Blacks en 1999, mais aussi Richard C\u0153ur de Lion qui vole sur les montagnes du Tour de France. Bien parti pour devenir professeur d\u2019EPS, les \u00e9v\u00e9nements de la vie (et la flemme d\u2019animer des s\u00e9ances de 3x500 m\u00e8tres toute ma vie) m\u2019ont conduit \u00e0 revoir mes plans. Me voil\u00e0 depuis fin 2017 sur Dicodusport, m\u00e9dia gr\u00e2ce (et pour) lequel je partage ma passion : le sport dans tous ses \u00e9tats. Le tout accompagn\u00e9 par les fous furieux et folles furieuses cit\u00e9s sur cette page !","sameAs":["https:\/\/www.facebook.com\/florent.ostermann","https:\/\/x.com\/https:\/\/twitter.com\/FlOstermann","admin"],"url":"https:\/\/dicodusport.fr\/blog\/author\/flo\/"}]}},"_links":{"self":[{"href":"https:\/\/dicodusport.fr\/blog\/wp-json\/wp\/v2\/posts\/196927","targetHints":{"allow":["GET"]}}],"collection":[{"href":"https:\/\/dicodusport.fr\/blog\/wp-json\/wp\/v2\/posts"}],"about":[{"href":"https:\/\/dicodusport.fr\/blog\/wp-json\/wp\/v2\/types\/post"}],"author":[{"embeddable":true,"href":"https:\/\/dicodusport.fr\/blog\/wp-json\/wp\/v2\/users\/4"}],"replies":[{"embeddable":true,"href":"https:\/\/dicodusport.fr\/blog\/wp-json\/wp\/v2\/comments?post=196927"}],"version-history":[{"count":0,"href":"https:\/\/dicodusport.fr\/blog\/wp-json\/wp\/v2\/posts\/196927\/revisions"}],"wp:featuredmedia":[{"embeddable":true,"href":"https:\/\/dicodusport.fr\/blog\/wp-json\/wp\/v2\/media\/196929"}],"wp:attachment":[{"href":"https:\/\/dicodusport.fr\/blog\/wp-json\/wp\/v2\/media?parent=196927"}],"wp:term":[{"taxonomy":"category","embeddable":true,"href":"https:\/\/dicodusport.fr\/blog\/wp-json\/wp\/v2\/categories?post=196927"},{"taxonomy":"post_tag","embeddable":true,"href":"https:\/\/dicodusport.fr\/blog\/wp-json\/wp\/v2\/tags?post=196927"}],"curies":[{"name":"wp","href":"https:\/\/api.w.org\/{rel}","templated":true}]}}