{"id":196981,"date":"2022-02-04T15:50:25","date_gmt":"2022-02-04T14:50:25","guid":{"rendered":"https:\/\/dicodusport.fr\/blog\/?p=196981&#038;preview=true&#038;preview_id=196981"},"modified":"2022-02-04T17:00:39","modified_gmt":"2022-02-04T16:00:39","slug":"etoile-de-besseges-2022-classement-de-la-3eme-etape","status":"publish","type":"post","link":"https:\/\/dicodusport.fr\/blog\/etoile-de-besseges-2022-classement-de-la-3eme-etape\/","title":{"rendered":"\u00c9toile de Bess\u00e8ges 2022 : Classement de la 3\u00e8me \u00e9tape"},"content":{"rendered":"<p style=\"text-align: justify;\"><em><strong><a href=\"https:\/\/dicodusport.fr\/blog\/actualites\/cyclisme\/cyclisme-sur-route-2022\/\">CYCLISME SUR ROUTE 2022<\/a> &#8211; D\u00e9couvrez le classement de la 3\u00e8me \u00e9tape (top 20) de l&rsquo;<a href=\"https:\/\/dicodusport.fr\/blog\/etoile-de-besseges-2022-programme-des-etapes-et-resultats\/\">\u00c9toile de Bess\u00e8ges<\/a>, disput\u00e9e ce vendredi 4 f\u00e9vrier 2022 autour de Bess\u00e8ges\u00a0(155,6 km).<\/strong><\/em><\/p>\n<div class=\"su-table su-table-alternate\">\n<table style=\"width: 800px;border-collapse: collapse\" border=\"1\">\n<tbody>\n<tr style=\"height: 24px\">\n<td style=\"border-color: #ebebeb;height: 24px;text-align: center;width: 80px;vertical-align: middle\"><span style=\"font-size: 14px\">&#x1f947;<\/span><\/td>\n<td style=\"border-color: #ebebeb;height: 24px;text-align: center;width: 500px;vertical-align: middle\"><span style=\"font-size: 0.9em\"><strong>COUREURS<\/strong><\/span><\/td>\n<td style=\"border-color: #ebebeb;height: 24px;text-align: center;width: 220px;vertical-align: middle\"><span style=\"font-size: 0.9em\"><strong>TEMPS \/ \u00c9CART<\/strong><\/span><\/td>\n<\/tr>\n<tr style=\"height: 24px\">\n<td style=\"border-color: #ebebeb;height: 24px;text-align: center;width: 80px;vertical-align: middle\"><span style=\"font-size: 0.9em\">1.<\/span><\/td>\n<td style=\"border-color: #ebebeb;height: 24px;text-align: center;width: 500px;vertical-align: middle\"><span style=\"font-size: 0.9em\"><strong>&#x1f1eb;&#x1f1f7; BENJAMIN THOMAS<br \/>\n<\/strong><span style=\"font-size: 0.8em\">COFIDIS<\/span><\/span><\/td>\n<td style=\"border-color: #ebebeb;text-align: center;width: 220px;vertical-align: middle\"><span style=\"font-size: 0.9em\"><strong>3h38m31s<\/strong><\/span><\/td>\n<\/tr>\n<tr>\n<td style=\"border-color: #ebebeb;text-align: center;width: 80px;vertical-align: middle\"><span style=\"font-size: 0.9em\">2.<\/span><\/td>\n<td style=\"border-color: #ebebeb;text-align: center;width: 500px;vertical-align: middle\"><strong style=\"font-size: 14.4px\"><span style=\"font-size: 0.9em\"><strong>&#x1f1ee;&#x1f1f9;<\/strong><\/span> ALBERTO BETTIOL<\/strong><br style=\"font-size: 14.4px\" \/><span style=\"font-size: 0.8em\">EF EDUCATION &#8211; EASYPOST<\/span><\/td>\n<td style=\"border-color: #ebebeb;text-align: center;width: 220px;vertical-align: middle\"><span style=\"font-size: 0.9em\"><strong>\u00e0 9s<\/strong><\/span><\/td>\n<\/tr>\n<tr>\n<td style=\"border-color: #ebebeb;text-align: center;width: 80px;vertical-align: middle\"><span style=\"font-size: 0.9em\">3.<\/span><\/td>\n<td style=\"border-color: #ebebeb;text-align: center;width: 500px;vertical-align: middle\"><span style=\"font-size: 0.9em\"><strong>&#x1f1f3;&#x1f1f4; TOBIAS JOHANNESSEN<br \/>\n<\/strong><span style=\"font-size: 11.52px\">UNO-X PRO CYCLING TEAM<\/span><\/span><\/td>\n<td style=\"border-color: #ebebeb;text-align: center;width: 220px;vertical-align: middle\"><span style=\"font-size: 0.9em\"><strong>\u00e0 9s<\/strong><\/span><\/td>\n<\/tr>\n<tr>\n<td style=\"border-color: #ebebeb;text-align: center;width: 80px;vertical-align: middle\"><span style=\"font-size: 0.9em\">4.<\/span><\/td>\n<td style=\"border-color: #ebebeb;text-align: center;width: 500px;vertical-align: middle\"><span style=\"font-size: 0.9em\"><strong>&#x1f1f3;&#x1f1f4; RASMUS TILLER<br \/>\n<\/strong><span style=\"font-size: 11.52px\">UNO-X PRO CYCLING TEAM<\/span><\/span><\/td>\n<td style=\"border-color: #ebebeb;text-align: center;width: 220px;vertical-align: middle\"><span style=\"font-size: 0.9em\"><strong>\u00e0 15s<\/strong><\/span><\/td>\n<\/tr>\n<tr>\n<td style=\"border-color: #ebebeb;text-align: center;width: 80px;vertical-align: middle\"><span style=\"font-size: 0.9em\">5.<\/span><\/td>\n<td style=\"border-color: #ebebeb;text-align: center;width: 500px;vertical-align: middle\"><span style=\"font-size: 0.9em\"><strong>&#x1f1eb;&#x1f1f7; BRYAN COQUARD<br \/>\n<\/strong><span style=\"font-size: 0.8em\">COFIDIS<\/span><\/span><\/td>\n<td style=\"border-color: #ebebeb;text-align: center;width: 220px;vertical-align: middle\"><span style=\"font-size: 0.9em\"><strong>\u00e0 15s<\/strong><\/span><\/td>\n<\/tr>\n<tr>\n<td style=\"border-color: #ebebeb;text-align: center;width: 80px;vertical-align: middle\"><span style=\"font-size: 0.9em\">6.<\/span><\/td>\n<td style=\"border-color: #ebebeb;text-align: center;width: 500px;vertical-align: middle\"><span style=\"font-size: 0.9em\"><strong>&#x1f1f3;&#x1f1f4; EDVALD BOASSON HAGEN<\/strong><br \/>\n<span style=\"font-size: 0.8em\">TOTAL DIRECT ENERGIE<\/span><\/span><\/td>\n<td style=\"border-color: #ebebeb;text-align: center;width: 220px;vertical-align: middle\"><span style=\"font-size: 0.9em\"><strong>\u00e0 15s<\/strong><\/span><\/td>\n<\/tr>\n<tr>\n<td style=\"border-color: #ebebeb;text-align: center;width: 80px;vertical-align: middle\"><span style=\"font-size: 0.9em\">7.<\/span><\/td>\n<td style=\"border-color: #ebebeb;text-align: center;width: 500px;vertical-align: middle\"><strong><strong style=\"font-size: 0.9em\">&#x1f1eb;&#x1f1f7; HUGO HOFSTETTER<\/strong><br \/>\n<\/strong><span style=\"font-size: 0.8em\">TEAM ARKEA SAMSIC<\/span><\/td>\n<td style=\"border-color: #ebebeb;text-align: center;width: 220px;vertical-align: middle\"><span style=\"font-size: 0.9em\"><strong>\u00e0 15s<\/strong><\/span><\/td>\n<\/tr>\n<tr>\n<td style=\"border-color: #ebebeb;text-align: center;width: 80px;vertical-align: middle\"><span style=\"font-size: 0.9em\">8.<\/span><\/td>\n<td style=\"border-color: #ebebeb;text-align: center;width: 500px;vertical-align: middle\"><span style=\"font-size: 0.9em\"><strong>&#x1f1eb;&#x1f1f7; CL\u00c9MENT CHAMPOUSSIN<br \/>\n<\/strong><span style=\"font-size: 0.8em\">AG2R CITROEN TEAM<\/span><\/span><\/td>\n<td style=\"border-color: #ebebeb;text-align: center;width: 220px;vertical-align: middle\"><span style=\"font-size: 0.9em\"><strong>\u00e0 15s<\/strong><\/span><\/td>\n<\/tr>\n<tr>\n<td style=\"border-color: #ebebeb;text-align: center;width: 80px;vertical-align: middle\"><span style=\"font-size: 0.9em\">9.<\/span><\/td>\n<td style=\"border-color: #ebebeb;text-align: center;width: 500px;vertical-align: middle\"><strong style=\"font-size: 14.4px\"><span style=\"font-size: 0.9em\"><strong>&#x1f1ee;&#x1f1f9;<\/strong><\/span> DIEGO ULISSI<\/strong><br style=\"font-size: 14.4px\" \/><span style=\"font-size: 0.9em\"><span style=\"font-size: 0.8em\">UAE TEAM EMIRATES<\/span><\/span><\/td>\n<td style=\"border-color: #ebebeb;text-align: center;width: 220px;vertical-align: middle\"><span style=\"font-size: 0.9em\"><strong>\u00e0 15s<\/strong><\/span><\/td>\n<\/tr>\n<tr>\n<td style=\"border-color: #ebebeb;text-align: center;width: 80px;vertical-align: middle\"><span style=\"font-size: 0.9em\">10.<\/span><\/td>\n<td style=\"border-color: #ebebeb;height: 24px;text-align: center;width: 500px;vertical-align: middle\"><span style=\"font-size: 0.9em\"><strong><strong style=\"font-size: 14.4px\">&#x1f1e9;&#x1f1ea; GEORG ZIMMERMANN<\/strong><\/strong><br \/>\n<span style=\"font-size: 0.8em\">INTERMARCH\u00c9 &#8211; WANTY GOBERT MAT\u00c9RIAUX<\/span><\/span><\/td>\n<td style=\"border-color: #ebebeb;text-align: center;width: 220px;vertical-align: middle\"><span style=\"font-size: 0.9em\"><strong>\u00e0 15s<\/strong><\/span><\/td>\n<\/tr>\n<tr style=\"height: 24px\">\n<td style=\"border-color: #ebebeb;height: 24px;text-align: center;width: 80px;vertical-align: middle\"><span style=\"font-size: 0.9em\">11.<\/span><\/td>\n<td style=\"border-color: #ebebeb;height: 24px;text-align: center;width: 500px;vertical-align: middle\"><span style=\"font-size: 0.9em\"><strong>&#x1f1eb;&#x1f1f7; PIERRE LATOUR<br \/>\n<\/strong><span style=\"font-size: 0.8em\">TOTALENERGIES<\/span><\/span><\/td>\n<td style=\"border-color: #ebebeb;text-align: center;width: 220px;vertical-align: middle\"><span style=\"font-size: 0.9em\"><strong>\u00e0 15s<\/strong><\/span><\/td>\n<\/tr>\n<tr>\n<td style=\"border-color: #ebebeb;text-align: center;width: 80px;vertical-align: middle\"><span style=\"font-size: 0.9em\">12.<\/span><\/td>\n<td style=\"border-color: #ebebeb;text-align: center;width: 500px;vertical-align: middle\"><span style=\"font-size: 0.9em\"><strong style=\"font-size: 14.4px\">&#x1f1f1;&#x1f1fb; TOMS SKUJINS<\/strong><br style=\"font-size: 14.4px\" \/><span style=\"font-size: 0.8em\">TREK &#8211; SEGAFREDO<\/span><\/span><\/td>\n<td style=\"border-color: #ebebeb;text-align: center;width: 220px;vertical-align: middle\"><span style=\"font-size: 0.9em\"><strong>\u00e0 15s<\/strong><\/span><\/td>\n<\/tr>\n<tr>\n<td style=\"border-color: #ebebeb;text-align: center;width: 80px;vertical-align: middle\"><span style=\"font-size: 0.9em\">13.<\/span><\/td>\n<td style=\"border-color: #ebebeb;text-align: center;width: 500px;vertical-align: middle\"><span style=\"font-size: 0.9em\"><strong><strong style=\"font-size: 14.4px\">&#x1f1f3;&#x1f1ff; CORBIN STRONG<\/strong><br \/>\n<\/strong><span style=\"font-size: 0.8em\">ISRAEL &#8211; PREMIER TECH<\/span><\/span><\/td>\n<td style=\"border-color: #ebebeb;text-align: center;width: 220px;vertical-align: middle\"><span style=\"font-size: 0.9em\"><strong>\u00e0 15s<\/strong><\/span><\/td>\n<\/tr>\n<tr>\n<td style=\"border-color: #ebebeb;text-align: center;width: 80px;vertical-align: middle\"><span style=\"font-size: 0.9em\">14.<\/span><\/td>\n<td style=\"border-color: #ebebeb;text-align: center;width: 500px;vertical-align: middle\"><span style=\"font-size: 0.9em\"><strong>&#x1f1ea;&#x1f1f8; FRANCISCO GALVAN<br \/>\n<\/strong><span style=\"font-size: 0.8em\">EQUIPO KERN PHARMA<\/span><\/span><\/td>\n<td style=\"border-color: #ebebeb;text-align: center;width: 220px;vertical-align: middle\"><span style=\"font-size: 0.9em\"><strong>\u00e0 15s<\/strong><\/span><\/td>\n<\/tr>\n<tr>\n<td style=\"border-color: #ebebeb;text-align: center;width: 80px;vertical-align: middle\"><span style=\"font-size: 0.9em\">15.<\/span><\/td>\n<td style=\"border-color: #ebebeb;text-align: center;width: 500px;vertical-align: middle\"><span style=\"font-size: 0.9em\"><strong><strong style=\"font-size: 14.4px\">&#x1f1ee;&#x1f1f9;<\/strong> ANTONIO TIBERI<\/strong><br \/>\n<span style=\"font-size: 0.8em\">TREK &#8211; SEGAFREDO<\/span><\/span><\/td>\n<td style=\"border-color: #ebebeb;text-align: center;width: 220px;vertical-align: middle\"><span style=\"font-size: 0.9em\"><strong>\u00e0 15s<\/strong><\/span><\/td>\n<\/tr>\n<tr>\n<td style=\"border-color: #ebebeb;text-align: center;width: 80px;vertical-align: middle\"><span style=\"font-size: 0.9em\">16.<\/span><\/td>\n<td style=\"border-color: #ebebeb;text-align: center;width: 500px;vertical-align: middle\"><span style=\"font-size: 0.9em\"><strong>&#x1f1eb;&#x1f1f7; LILIAN CALMEJANE<br \/>\n<\/strong><span style=\"font-size: 0.8em\">AG2R CITROEN TEAM<\/span><\/span><\/td>\n<td style=\"border-color: #ebebeb;text-align: center;width: 220px;vertical-align: middle\"><span style=\"font-size: 0.9em\"><strong>\u00e0 15s<\/strong><\/span><\/td>\n<\/tr>\n<tr>\n<td style=\"border-color: #ebebeb;text-align: center;width: 80px;vertical-align: middle\"><span style=\"font-size: 0.9em\">17.<\/span><\/td>\n<td style=\"border-color: #ebebeb;text-align: center;width: 500px;vertical-align: middle\"><span style=\"font-size: 0.9em\"><strong style=\"font-size: 14.4px\">&#x1f1e8;&#x1f1ed; SEBASTIEN REICHENBACH<\/strong><br style=\"font-size: 14.4px\" \/><span style=\"font-size: 0.8em\">GROUPAMA &#8211; FDJ<\/span><\/span><\/td>\n<td style=\"border-color: #ebebeb;text-align: center;width: 220px;vertical-align: middle\"><span style=\"font-size: 0.9em\"><strong>\u00e0 15s<\/strong><\/span><\/td>\n<\/tr>\n<tr>\n<td style=\"border-color: #ebebeb;text-align: center;width: 80px;vertical-align: middle\"><span style=\"font-size: 0.9em\">18.<\/span><\/td>\n<td style=\"border-color: #ebebeb;text-align: center;width: 500px;vertical-align: middle\"><span style=\"font-size: 0.9em\"><strong>&#x1f1e8;&#x1f1e6; HUGO HOULE<\/strong><br \/>\n<span style=\"font-size: 0.8em\">ISRAEL &#8211; PREMIER TECH<\/span><\/span><\/td>\n<td style=\"border-color: #ebebeb;text-align: center;width: 220px;vertical-align: middle\"><span style=\"font-size: 0.9em\"><strong>\u00e0 15s<\/strong><\/span><\/td>\n<\/tr>\n<tr>\n<td style=\"border-color: #ebebeb;text-align: center;width: 80px;vertical-align: middle\"><span style=\"font-size: 0.9em\">19.<\/span><\/td>\n<td style=\"border-color: #ebebeb;text-align: center;width: 500px;vertical-align: middle\"><span style=\"font-size: 0.9em\"><strong>&#x1f1eb;&#x1f1f7; QUENTIN PACHER<\/strong><br \/>\n<span style=\"font-size: 0.8em\">GROUPAMA &#8211; FDJ<\/span><\/span><\/td>\n<td style=\"border-color: #ebebeb;text-align: center;width: 220px;vertical-align: middle\"><span style=\"font-size: 0.9em\"><strong>\u00e0 15s<\/strong><\/span><\/td>\n<\/tr>\n<tr>\n<td style=\"border-color: #ebebeb;text-align: center;width: 80px;vertical-align: middle\"><span style=\"font-size: 0.9em\">20.<\/span><\/td>\n<td style=\"border-color: #ebebeb;text-align: center;width: 500px;vertical-align: middle\"><span style=\"font-size: 0.9em\"><strong>&#x1f1ec;&#x1f1e7; CONNOR SWIFT<\/strong><br \/>\n<span style=\"font-size: 0.8em\">TEAM ARKEA-SAMSIC<\/span><\/span><\/td>\n<td style=\"border-color: #ebebeb;text-align: center;width: 220px;vertical-align: middle\"><span style=\"font-size: 0.9em\"><strong>\u00e0 15s<\/strong><\/span><\/td>\n<\/tr>\n<\/tbody>\n<\/table>\n<\/div>\n<h2 style=\"text-align: justify;\"><strong>\u00c0 lire aussi<\/strong><\/h2>\n<ul>\n<li style=\"text-align: justify;\"><a href=\"https:\/\/www.procyclingstats.com\/race\/etoile-de-besseges\/2022\/stage-3\" target=\"_blank\" rel=\"noopener\"><strong>Le classement complet de la 3\u00e8me \u00e9tape<\/strong><\/a><\/li>\n<li style=\"text-align: justify;\"><a href=\"https:\/\/dicodusport.fr\/blog\/etoile-de-besseges-2022-classement-general\/\" target=\"_blank\" rel=\"noopener\"><strong>Le classement g\u00e9n\u00e9ral de l&rsquo;\u00c9toile de Bess\u00e8ges<\/strong><\/a><\/li>\n<li style=\"text-align: justify;\"><a href=\"https:\/\/dicodusport.fr\/blog\/etoile-de-besseges-2022-le-parcours-en-detail\/\"><strong>Le parcours en d\u00e9tail de l&rsquo;\u00c9toile de Bess\u00e8ges<\/strong><\/a><\/li>\n<li style=\"text-align: justify;\"><a href=\"https:\/\/dicodusport.fr\/blog\/etoile-de-besseges-2022-le-profil-des-etapes\/\"><strong>Le profil des \u00e9tapes de l&rsquo;\u00c9toile de Bess\u00e8ges<\/strong><\/a><\/li>\n<\/ul>\n","protected":false},"excerpt":{"rendered":"<p>CYCLISME SUR ROUTE 2022 &#8211; D\u00e9couvrez le classement de la 3\u00e8me \u00e9tape (top 20) de l&rsquo;\u00c9toile de Bess\u00e8ges, disput\u00e9e ce vendredi 4 f\u00e9vrier 2022 autour de Bess\u00e8ges\u00a0(155,6 km).<\/p>\n","protected":false},"author":1,"featured_media":196991,"comment_status":"open","ping_status":"closed","sticky":false,"template":"","format":"standard","meta":{"_acf_changed":false,"_daextam_enable_autolinks":"","footnotes":""},"categories":[46994],"tags":[3645],"class_list":["post-196981","post","type-post","status-publish","format-standard","has-post-thumbnail","hentry","category-cyclisme-sur-route","tag-etoile-de-besseges"],"acf":[],"yoast_head":"<!-- This site is optimized with the Yoast SEO Premium plugin v26.7 (Yoast SEO v26.7) - https:\/\/yoast.com\/wordpress\/plugins\/seo\/ -->\n<title>\u00c9toile de Bess\u00e8ges 2022 : Classement de la 3\u00e8me \u00e9tape<\/title>\n<meta name=\"description\" content=\"CYCLISME SUR ROUTE 2022 - D\u00e9couvrez le classement de la 3\u00e8me \u00e9tape (top 20) de l&#039;\u00c9toile de Bess\u00e8ges, disput\u00e9e ce vendredi 4 f\u00e9vrier 2022.\" \/>\n<meta name=\"robots\" content=\"index, follow, max-snippet:-1, max-image-preview:large, max-video-preview:-1\" \/>\n<link rel=\"canonical\" href=\"https:\/\/dicodusport.fr\/blog\/etoile-de-besseges-2022-classement-de-la-3eme-etape\/\" \/>\n<meta property=\"og:locale\" content=\"fr_FR\" \/>\n<meta property=\"og:type\" content=\"article\" \/>\n<meta property=\"og:title\" content=\"\u00c9toile de Bess\u00e8ges 2022 : Classement de la 3\u00e8me \u00e9tape\" \/>\n<meta property=\"og:description\" content=\"CYCLISME SUR ROUTE 2022 - D\u00e9couvrez le classement de la 3\u00e8me \u00e9tape (top 20) de l&#039;\u00c9toile de Bess\u00e8ges, disput\u00e9e ce vendredi 4 f\u00e9vrier 2022.\" \/>\n<meta property=\"og:url\" content=\"https:\/\/dicodusport.fr\/blog\/etoile-de-besseges-2022-classement-de-la-3eme-etape\/\" \/>\n<meta property=\"og:site_name\" content=\"Dicodusport\" \/>\n<meta property=\"article:publisher\" content=\"https:\/\/www.facebook.com\/dicodusport\" \/>\n<meta property=\"article:author\" content=\"https:\/\/www.facebook.com\/dicodusport\" \/>\n<meta property=\"article:published_time\" content=\"2022-02-04T14:50:25+00:00\" \/>\n<meta property=\"article:modified_time\" content=\"2022-02-04T16:00:39+00:00\" \/>\n<meta property=\"og:image\" content=\"https:\/\/dicodusport.fr\/blog\/wp-content\/uploads\/2022\/02\/Etoile-de-Besseges-2022-Classement-de-la-3eme-etape.png\" \/>\n\t<meta property=\"og:image:width\" content=\"1200\" \/>\n\t<meta property=\"og:image:height\" content=\"670\" \/>\n\t<meta property=\"og:image:type\" content=\"image\/png\" \/>\n<meta name=\"author\" content=\"Nicolas Jacquemard\" \/>\n<meta name=\"twitter:card\" content=\"summary_large_image\" \/>\n<meta name=\"twitter:title\" content=\"\u00c9toile de Bess\u00e8ges 2022 : Classement de la 3\u00e8me \u00e9tape\" \/>\n<meta name=\"twitter:creator\" content=\"@https:\/\/twitter.com\/Nico_Jacquemard\" \/>\n<meta name=\"twitter:site\" content=\"@dicodusport\" \/>\n<script type=\"application\/ld+json\" class=\"yoast-schema-graph\">{\"@context\":\"https:\/\/schema.org\",\"@graph\":[{\"@type\":\"NewsArticle\",\"@id\":\"https:\/\/dicodusport.fr\/blog\/etoile-de-besseges-2022-classement-de-la-3eme-etape\/#article\",\"isPartOf\":{\"@id\":\"https:\/\/dicodusport.fr\/blog\/etoile-de-besseges-2022-classement-de-la-3eme-etape\/\"},\"author\":{\"name\":\"Nicolas Jacquemard\",\"@id\":\"https:\/\/dicodusport.fr\/blog\/#\/schema\/person\/55dcb50ad410894e431ed812bbb70191\"},\"headline\":\"\u00c9toile de Bess\u00e8ges 2022 : Classement de la 3\u00e8me \u00e9tape\",\"datePublished\":\"2022-02-04T14:50:25+00:00\",\"dateModified\":\"2022-02-04T16:00:39+00:00\",\"mainEntityOfPage\":{\"@id\":\"https:\/\/dicodusport.fr\/blog\/etoile-de-besseges-2022-classement-de-la-3eme-etape\/\"},\"wordCount\":336,\"commentCount\":0,\"publisher\":{\"@id\":\"https:\/\/dicodusport.fr\/blog\/#organization\"},\"image\":{\"@id\":\"https:\/\/dicodusport.fr\/blog\/etoile-de-besseges-2022-classement-de-la-3eme-etape\/#primaryimage\"},\"thumbnailUrl\":\"https:\/\/dicodusport.fr\/blog\/wp-content\/uploads\/2022\/02\/Etoile-de-Besseges-2022-Classement-de-la-3eme-etape.png\",\"keywords\":[\"Etoile de Bess\u00e8ges\"],\"articleSection\":[\"Cyclisme sur route\"],\"inLanguage\":\"fr-FR\",\"potentialAction\":[{\"@type\":\"CommentAction\",\"name\":\"Comment\",\"target\":[\"https:\/\/dicodusport.fr\/blog\/etoile-de-besseges-2022-classement-de-la-3eme-etape\/#respond\"]}],\"copyrightYear\":\"2022\",\"copyrightHolder\":{\"@id\":\"https:\/\/dicodusport.fr\/blog\/#organization\"}},{\"@type\":\"WebPage\",\"@id\":\"https:\/\/dicodusport.fr\/blog\/etoile-de-besseges-2022-classement-de-la-3eme-etape\/\",\"url\":\"https:\/\/dicodusport.fr\/blog\/etoile-de-besseges-2022-classement-de-la-3eme-etape\/\",\"name\":\"\u00c9toile de Bess\u00e8ges 2022 : Classement de la 3\u00e8me \u00e9tape\",\"isPartOf\":{\"@id\":\"https:\/\/dicodusport.fr\/blog\/#website\"},\"primaryImageOfPage\":{\"@id\":\"https:\/\/dicodusport.fr\/blog\/etoile-de-besseges-2022-classement-de-la-3eme-etape\/#primaryimage\"},\"image\":{\"@id\":\"https:\/\/dicodusport.fr\/blog\/etoile-de-besseges-2022-classement-de-la-3eme-etape\/#primaryimage\"},\"thumbnailUrl\":\"https:\/\/dicodusport.fr\/blog\/wp-content\/uploads\/2022\/02\/Etoile-de-Besseges-2022-Classement-de-la-3eme-etape.png\",\"datePublished\":\"2022-02-04T14:50:25+00:00\",\"dateModified\":\"2022-02-04T16:00:39+00:00\",\"description\":\"CYCLISME SUR ROUTE 2022 - D\u00e9couvrez le classement de la 3\u00e8me \u00e9tape (top 20) de l'\u00c9toile de Bess\u00e8ges, disput\u00e9e ce vendredi 4 f\u00e9vrier 2022.\",\"breadcrumb\":{\"@id\":\"https:\/\/dicodusport.fr\/blog\/etoile-de-besseges-2022-classement-de-la-3eme-etape\/#breadcrumb\"},\"inLanguage\":\"fr-FR\",\"potentialAction\":[{\"@type\":\"ReadAction\",\"target\":[\"https:\/\/dicodusport.fr\/blog\/etoile-de-besseges-2022-classement-de-la-3eme-etape\/\"]}]},{\"@type\":\"ImageObject\",\"inLanguage\":\"fr-FR\",\"@id\":\"https:\/\/dicodusport.fr\/blog\/etoile-de-besseges-2022-classement-de-la-3eme-etape\/#primaryimage\",\"url\":\"https:\/\/dicodusport.fr\/blog\/wp-content\/uploads\/2022\/02\/Etoile-de-Besseges-2022-Classement-de-la-3eme-etape.png\",\"contentUrl\":\"https:\/\/dicodusport.fr\/blog\/wp-content\/uploads\/2022\/02\/Etoile-de-Besseges-2022-Classement-de-la-3eme-etape.png\",\"width\":1200,\"height\":670,\"caption\":\"\u00c9toile de Bess\u00e8ges 2022 - Classement de la 3\u00e8me \u00e9tape\"},{\"@type\":\"BreadcrumbList\",\"@id\":\"https:\/\/dicodusport.fr\/blog\/etoile-de-besseges-2022-classement-de-la-3eme-etape\/#breadcrumb\",\"itemListElement\":[{\"@type\":\"ListItem\",\"position\":1,\"name\":\"Accueil\",\"item\":\"https:\/\/dicodusport.fr\/blog\/\"},{\"@type\":\"ListItem\",\"position\":2,\"name\":\"\u00c9toile de Bess\u00e8ges 2022 : Classement de la 3\u00e8me \u00e9tape\"}]},{\"@type\":\"WebSite\",\"@id\":\"https:\/\/dicodusport.fr\/blog\/#website\",\"url\":\"https:\/\/dicodusport.fr\/blog\/\",\"name\":\"Dicodusport\",\"description\":\"L&#039;encyclop\u00e9die de l&#039;actualit\u00e9 sportive\",\"publisher\":{\"@id\":\"https:\/\/dicodusport.fr\/blog\/#organization\"},\"potentialAction\":[{\"@type\":\"SearchAction\",\"target\":{\"@type\":\"EntryPoint\",\"urlTemplate\":\"https:\/\/dicodusport.fr\/blog\/?s={search_term_string}\"},\"query-input\":{\"@type\":\"PropertyValueSpecification\",\"valueRequired\":true,\"valueName\":\"search_term_string\"}}],\"inLanguage\":\"fr-FR\"},{\"@type\":\"NewsMediaOrganization\",\"@id\":\"https:\/\/dicodusport.fr\/blog\/#organization\",\"name\":\"Dicodusport\",\"url\":\"https:\/\/dicodusport.fr\/blog\/\",\"logo\":{\"@type\":\"ImageObject\",\"inLanguage\":\"fr-FR\",\"@id\":\"https:\/\/dicodusport.fr\/blog\/#\/schema\/logo\/image\/\",\"url\":\"https:\/\/dicodusport.fr\/blog\/wp-content\/uploads\/2020\/06\/cropped-LOGO-DICODUSPORT-2020-SANS-FOND-SANS-TEXTE.png\",\"contentUrl\":\"https:\/\/dicodusport.fr\/blog\/wp-content\/uploads\/2020\/06\/cropped-LOGO-DICODUSPORT-2020-SANS-FOND-SANS-TEXTE.png\",\"width\":512,\"height\":512,\"caption\":\"Dicodusport\"},\"image\":{\"@id\":\"https:\/\/dicodusport.fr\/blog\/#\/schema\/logo\/image\/\"},\"sameAs\":[\"https:\/\/www.facebook.com\/dicodusport\",\"https:\/\/x.com\/dicodusport\",\"https:\/\/www.instagram.com\/dicodusport\/\",\"https:\/\/www.youtube.com\/channel\/UC7V2KZ5sd3htJivAbA4ZG3w\"],\"description\":\"Dicodusport est l'encyclop\u00e9die de l'actualit\u00e9 sportive.\",\"email\":\"bonjour@dicodusport.fr\",\"legalName\":\"DICODUSPORT\",\"foundingDate\":\"2018-01-14\",\"vatID\":\"FR71834470973\",\"taxID\":\"83447097300043\",\"numberOfEmployees\":{\"@type\":\"QuantitativeValue\",\"minValue\":\"1\",\"maxValue\":\"10\"}},{\"@type\":\"Person\",\"@id\":\"https:\/\/dicodusport.fr\/blog\/#\/schema\/person\/55dcb50ad410894e431ed812bbb70191\",\"name\":\"Nicolas Jacquemard\",\"image\":{\"@type\":\"ImageObject\",\"inLanguage\":\"fr-FR\",\"@id\":\"https:\/\/dicodusport.fr\/blog\/#\/schema\/person\/image\/\",\"url\":\"https:\/\/dicodusport.fr\/blog\/wp-content\/uploads\/2021\/05\/Nicolas-Jacquemard-150x150.jpeg\",\"contentUrl\":\"https:\/\/dicodusport.fr\/blog\/wp-content\/uploads\/2021\/05\/Nicolas-Jacquemard-150x150.jpeg\",\"caption\":\"Nicolas Jacquemard\"},\"description\":\"Passionn\u00e9 de sport et entrepreneur depuis mes 18 ans, la cr\u00e9ation de Dicodusport m'a sembl\u00e9 \u00e9vidente pour participer \u00e0 la m\u00e9diatisation d'un plus grand nombre de sports. Le chemin est long mais avec une \u00e9quipe des plus motiv\u00e9es et les Jeux Olympiques de Paris 2024 en point de mire, nous y arriverons ! Journaliste dans le monde du sport depuis plus de 5 ans, je traite aussi bien de football, de rugby, de biathlon que de cyclisme.\",\"sameAs\":[\"https:\/\/www.facebook.com\/dicodusport\",\"https:\/\/x.com\/https:\/\/twitter.com\/Nico_Jacquemard\"],\"url\":\"https:\/\/dicodusport.fr\/blog\/author\/dicodusport\/\"}]}<\/script>\n<!-- \/ Yoast SEO Premium plugin. -->","yoast_head_json":{"title":"\u00c9toile de Bess\u00e8ges 2022 : Classement de la 3\u00e8me \u00e9tape","description":"CYCLISME SUR ROUTE 2022 - D\u00e9couvrez le classement de la 3\u00e8me \u00e9tape (top 20) de l'\u00c9toile de Bess\u00e8ges, disput\u00e9e ce vendredi 4 f\u00e9vrier 2022.","robots":{"index":"index","follow":"follow","max-snippet":"max-snippet:-1","max-image-preview":"max-image-preview:large","max-video-preview":"max-video-preview:-1"},"canonical":"https:\/\/dicodusport.fr\/blog\/etoile-de-besseges-2022-classement-de-la-3eme-etape\/","og_locale":"fr_FR","og_type":"article","og_title":"\u00c9toile de Bess\u00e8ges 2022 : Classement de la 3\u00e8me \u00e9tape","og_description":"CYCLISME SUR ROUTE 2022 - D\u00e9couvrez le classement de la 3\u00e8me \u00e9tape (top 20) de l'\u00c9toile de Bess\u00e8ges, disput\u00e9e ce vendredi 4 f\u00e9vrier 2022.","og_url":"https:\/\/dicodusport.fr\/blog\/etoile-de-besseges-2022-classement-de-la-3eme-etape\/","og_site_name":"Dicodusport","article_publisher":"https:\/\/www.facebook.com\/dicodusport","article_author":"https:\/\/www.facebook.com\/dicodusport","article_published_time":"2022-02-04T14:50:25+00:00","article_modified_time":"2022-02-04T16:00:39+00:00","og_image":[{"width":1200,"height":670,"url":"https:\/\/dicodusport.fr\/blog\/wp-content\/uploads\/2022\/02\/Etoile-de-Besseges-2022-Classement-de-la-3eme-etape.png","type":"image\/png"}],"author":"Nicolas Jacquemard","twitter_card":"summary_large_image","twitter_title":"\u00c9toile de Bess\u00e8ges 2022 : Classement de la 3\u00e8me \u00e9tape","twitter_creator":"@https:\/\/twitter.com\/Nico_Jacquemard","twitter_site":"@dicodusport","schema":{"@context":"https:\/\/schema.org","@graph":[{"@type":"NewsArticle","@id":"https:\/\/dicodusport.fr\/blog\/etoile-de-besseges-2022-classement-de-la-3eme-etape\/#article","isPartOf":{"@id":"https:\/\/dicodusport.fr\/blog\/etoile-de-besseges-2022-classement-de-la-3eme-etape\/"},"author":{"name":"Nicolas Jacquemard","@id":"https:\/\/dicodusport.fr\/blog\/#\/schema\/person\/55dcb50ad410894e431ed812bbb70191"},"headline":"\u00c9toile de Bess\u00e8ges 2022 : Classement de la 3\u00e8me \u00e9tape","datePublished":"2022-02-04T14:50:25+00:00","dateModified":"2022-02-04T16:00:39+00:00","mainEntityOfPage":{"@id":"https:\/\/dicodusport.fr\/blog\/etoile-de-besseges-2022-classement-de-la-3eme-etape\/"},"wordCount":336,"commentCount":0,"publisher":{"@id":"https:\/\/dicodusport.fr\/blog\/#organization"},"image":{"@id":"https:\/\/dicodusport.fr\/blog\/etoile-de-besseges-2022-classement-de-la-3eme-etape\/#primaryimage"},"thumbnailUrl":"https:\/\/dicodusport.fr\/blog\/wp-content\/uploads\/2022\/02\/Etoile-de-Besseges-2022-Classement-de-la-3eme-etape.png","keywords":["Etoile de Bess\u00e8ges"],"articleSection":["Cyclisme sur route"],"inLanguage":"fr-FR","potentialAction":[{"@type":"CommentAction","name":"Comment","target":["https:\/\/dicodusport.fr\/blog\/etoile-de-besseges-2022-classement-de-la-3eme-etape\/#respond"]}],"copyrightYear":"2022","copyrightHolder":{"@id":"https:\/\/dicodusport.fr\/blog\/#organization"}},{"@type":"WebPage","@id":"https:\/\/dicodusport.fr\/blog\/etoile-de-besseges-2022-classement-de-la-3eme-etape\/","url":"https:\/\/dicodusport.fr\/blog\/etoile-de-besseges-2022-classement-de-la-3eme-etape\/","name":"\u00c9toile de Bess\u00e8ges 2022 : Classement de la 3\u00e8me \u00e9tape","isPartOf":{"@id":"https:\/\/dicodusport.fr\/blog\/#website"},"primaryImageOfPage":{"@id":"https:\/\/dicodusport.fr\/blog\/etoile-de-besseges-2022-classement-de-la-3eme-etape\/#primaryimage"},"image":{"@id":"https:\/\/dicodusport.fr\/blog\/etoile-de-besseges-2022-classement-de-la-3eme-etape\/#primaryimage"},"thumbnailUrl":"https:\/\/dicodusport.fr\/blog\/wp-content\/uploads\/2022\/02\/Etoile-de-Besseges-2022-Classement-de-la-3eme-etape.png","datePublished":"2022-02-04T14:50:25+00:00","dateModified":"2022-02-04T16:00:39+00:00","description":"CYCLISME SUR ROUTE 2022 - D\u00e9couvrez le classement de la 3\u00e8me \u00e9tape (top 20) de l'\u00c9toile de Bess\u00e8ges, disput\u00e9e ce vendredi 4 f\u00e9vrier 2022.","breadcrumb":{"@id":"https:\/\/dicodusport.fr\/blog\/etoile-de-besseges-2022-classement-de-la-3eme-etape\/#breadcrumb"},"inLanguage":"fr-FR","potentialAction":[{"@type":"ReadAction","target":["https:\/\/dicodusport.fr\/blog\/etoile-de-besseges-2022-classement-de-la-3eme-etape\/"]}]},{"@type":"ImageObject","inLanguage":"fr-FR","@id":"https:\/\/dicodusport.fr\/blog\/etoile-de-besseges-2022-classement-de-la-3eme-etape\/#primaryimage","url":"https:\/\/dicodusport.fr\/blog\/wp-content\/uploads\/2022\/02\/Etoile-de-Besseges-2022-Classement-de-la-3eme-etape.png","contentUrl":"https:\/\/dicodusport.fr\/blog\/wp-content\/uploads\/2022\/02\/Etoile-de-Besseges-2022-Classement-de-la-3eme-etape.png","width":1200,"height":670,"caption":"\u00c9toile de Bess\u00e8ges 2022 - Classement de la 3\u00e8me \u00e9tape"},{"@type":"BreadcrumbList","@id":"https:\/\/dicodusport.fr\/blog\/etoile-de-besseges-2022-classement-de-la-3eme-etape\/#breadcrumb","itemListElement":[{"@type":"ListItem","position":1,"name":"Accueil","item":"https:\/\/dicodusport.fr\/blog\/"},{"@type":"ListItem","position":2,"name":"\u00c9toile de Bess\u00e8ges 2022 : Classement de la 3\u00e8me \u00e9tape"}]},{"@type":"WebSite","@id":"https:\/\/dicodusport.fr\/blog\/#website","url":"https:\/\/dicodusport.fr\/blog\/","name":"Dicodusport","description":"L&#039;encyclop\u00e9die de l&#039;actualit\u00e9 sportive","publisher":{"@id":"https:\/\/dicodusport.fr\/blog\/#organization"},"potentialAction":[{"@type":"SearchAction","target":{"@type":"EntryPoint","urlTemplate":"https:\/\/dicodusport.fr\/blog\/?s={search_term_string}"},"query-input":{"@type":"PropertyValueSpecification","valueRequired":true,"valueName":"search_term_string"}}],"inLanguage":"fr-FR"},{"@type":"NewsMediaOrganization","@id":"https:\/\/dicodusport.fr\/blog\/#organization","name":"Dicodusport","url":"https:\/\/dicodusport.fr\/blog\/","logo":{"@type":"ImageObject","inLanguage":"fr-FR","@id":"https:\/\/dicodusport.fr\/blog\/#\/schema\/logo\/image\/","url":"https:\/\/dicodusport.fr\/blog\/wp-content\/uploads\/2020\/06\/cropped-LOGO-DICODUSPORT-2020-SANS-FOND-SANS-TEXTE.png","contentUrl":"https:\/\/dicodusport.fr\/blog\/wp-content\/uploads\/2020\/06\/cropped-LOGO-DICODUSPORT-2020-SANS-FOND-SANS-TEXTE.png","width":512,"height":512,"caption":"Dicodusport"},"image":{"@id":"https:\/\/dicodusport.fr\/blog\/#\/schema\/logo\/image\/"},"sameAs":["https:\/\/www.facebook.com\/dicodusport","https:\/\/x.com\/dicodusport","https:\/\/www.instagram.com\/dicodusport\/","https:\/\/www.youtube.com\/channel\/UC7V2KZ5sd3htJivAbA4ZG3w"],"description":"Dicodusport est l'encyclop\u00e9die de l'actualit\u00e9 sportive.","email":"bonjour@dicodusport.fr","legalName":"DICODUSPORT","foundingDate":"2018-01-14","vatID":"FR71834470973","taxID":"83447097300043","numberOfEmployees":{"@type":"QuantitativeValue","minValue":"1","maxValue":"10"}},{"@type":"Person","@id":"https:\/\/dicodusport.fr\/blog\/#\/schema\/person\/55dcb50ad410894e431ed812bbb70191","name":"Nicolas Jacquemard","image":{"@type":"ImageObject","inLanguage":"fr-FR","@id":"https:\/\/dicodusport.fr\/blog\/#\/schema\/person\/image\/","url":"https:\/\/dicodusport.fr\/blog\/wp-content\/uploads\/2021\/05\/Nicolas-Jacquemard-150x150.jpeg","contentUrl":"https:\/\/dicodusport.fr\/blog\/wp-content\/uploads\/2021\/05\/Nicolas-Jacquemard-150x150.jpeg","caption":"Nicolas Jacquemard"},"description":"Passionn\u00e9 de sport et entrepreneur depuis mes 18 ans, la cr\u00e9ation de Dicodusport m'a sembl\u00e9 \u00e9vidente pour participer \u00e0 la m\u00e9diatisation d'un plus grand nombre de sports. Le chemin est long mais avec une \u00e9quipe des plus motiv\u00e9es et les Jeux Olympiques de Paris 2024 en point de mire, nous y arriverons ! Journaliste dans le monde du sport depuis plus de 5 ans, je traite aussi bien de football, de rugby, de biathlon que de cyclisme.","sameAs":["https:\/\/www.facebook.com\/dicodusport","https:\/\/x.com\/https:\/\/twitter.com\/Nico_Jacquemard"],"url":"https:\/\/dicodusport.fr\/blog\/author\/dicodusport\/"}]}},"_links":{"self":[{"href":"https:\/\/dicodusport.fr\/blog\/wp-json\/wp\/v2\/posts\/196981","targetHints":{"allow":["GET"]}}],"collection":[{"href":"https:\/\/dicodusport.fr\/blog\/wp-json\/wp\/v2\/posts"}],"about":[{"href":"https:\/\/dicodusport.fr\/blog\/wp-json\/wp\/v2\/types\/post"}],"author":[{"embeddable":true,"href":"https:\/\/dicodusport.fr\/blog\/wp-json\/wp\/v2\/users\/1"}],"replies":[{"embeddable":true,"href":"https:\/\/dicodusport.fr\/blog\/wp-json\/wp\/v2\/comments?post=196981"}],"version-history":[{"count":0,"href":"https:\/\/dicodusport.fr\/blog\/wp-json\/wp\/v2\/posts\/196981\/revisions"}],"wp:featuredmedia":[{"embeddable":true,"href":"https:\/\/dicodusport.fr\/blog\/wp-json\/wp\/v2\/media\/196991"}],"wp:attachment":[{"href":"https:\/\/dicodusport.fr\/blog\/wp-json\/wp\/v2\/media?parent=196981"}],"wp:term":[{"taxonomy":"category","embeddable":true,"href":"https:\/\/dicodusport.fr\/blog\/wp-json\/wp\/v2\/categories?post=196981"},{"taxonomy":"post_tag","embeddable":true,"href":"https:\/\/dicodusport.fr\/blog\/wp-json\/wp\/v2\/tags?post=196981"}],"curies":[{"name":"wp","href":"https:\/\/api.w.org\/{rel}","templated":true}]}}