{"id":197,"date":"2016-05-12T22:18:29","date_gmt":"2016-05-12T21:18:29","guid":{"rendered":"http:\/\/dicodusport.fr\/blog\/?p=197"},"modified":"2025-08-24T13:28:44","modified_gmt":"2025-08-24T11:28:44","slug":"liste-23-bleus-leuro-france","status":"publish","type":"post","link":"https:\/\/dicodusport.fr\/blog\/liste-23-bleus-leuro-france\/","title":{"rendered":"La liste des 23 Bleus pour l&rsquo;Euro en France"},"content":{"rendered":"<p style=\"text-align: justify;\"><strong><em><span style=\"color: #000000;\">Comme vous le savez tous Didier Deschamps a annonc\u00e9\u00a0sa liste des 23 bleus pour l&rsquo;Euro.\u00a0Aucune surprise de la part du s\u00e9lectionneur qui a convoqu\u00e9 les joueurs attendus pour garder la coh\u00e9sion du groupe\u00a0plut\u00f4t\u00a0que\u00a0d&rsquo;appeler des joueurs plus performants. Vous en pensez quoi ?<\/span><\/em><\/strong><\/p>\n<p style=\"text-align: justify;\"><span style=\"text-decoration: underline; font-size: 13pt; color: #000000;\"><strong>La liste des 23 bleus :<\/strong><\/span><\/p>\n<div class=\"csRow\">\n<div class=\"csColumn\" style=\"margin: 0px; padding: 0px; float: left; width: 46.9%;\" data-csstartpoint=\"0\" data-csendpoint=\"450\" data-cswidth=\"46.9%\" data-csid=\"c878349c-45c1-94bb-8a3f-f9ee1080c59b\">\n<p><span style=\"text-decoration: underline; color: #000000;\"><strong>Gardiens<\/strong><\/span><\/p>\n<p><span style=\"color: #000000;\">Benoit <strong>Costil<\/strong> (28 ans, Rennes)<\/span><br \/>\n<span style=\"color: #000000;\">Hugo <strong>Lloris<\/strong> (29 ans, Tottenham)<\/span><br \/>\n<span style=\"color: #000000;\">Steve <strong>Mandanda<\/strong> (31 ans, Marseille)<\/span><\/p>\n<p><span style=\"text-decoration: underline; color: #000000;\"><strong>D\u00e9fenseurs<\/strong><\/span><\/p>\n<p><span style=\"color: #000000;\">Lucas <strong>Digne<\/strong> (22 ans, As Roma)<\/span><br \/>\n<span style=\"color: #000000;\">Patrice <strong>Evra<\/strong> (34 ans, Juventus)<\/span><br \/>\n<span style=\"color: #000000;\">Christophe <strong>Jallet<\/strong> (32 ans, Lyon)<\/span><br \/>\n<span style=\"color: #000000;\">Laurent <strong>Koscielny<\/strong> (30 ans, Arsenal)<\/span><br \/>\n<span style=\"color: #000000;\">Eliaquim <strong>Mangala<\/strong> (25 ans, Manchester City)<\/span><br \/>\n<span style=\"color: #000000;\">J\u00e9r\u00e9my <strong>Mathieu<\/strong> (32 ans, Barcelone)<\/span><br \/>\n<span style=\"color: #000000;\">Bacary <strong>Sagna<\/strong> (33 ans, Manchester City)<\/span><br \/>\n<span style=\"color: #000000;\">Rapha\u00ebl <strong>Varane<\/strong> (23 ans, Real Madrid)<\/span><\/p>\n<\/div>\n<div class=\"csColumnGap\" style=\"margin: 0px; padding: 0px; float: left; width: 5.21%;\"><\/div>\n<div class=\"csColumn\" style=\"margin: 0px; padding: 0px; float: left; width: 41.7%;\" data-csstartpoint=\"500\" data-csendpoint=\"900\" data-cswidth=\"41.7%\" data-csid=\"96837e46-a377-2390-a4d7-d283b9456a0b\">\n<p><span style=\"text-decoration: underline; color: #000000;\"><strong>Milieux<\/strong><\/span><\/p>\n<p><span style=\"color: #000000;\">Yohan <strong>Cabaye <\/strong>(30 ans, Crystal Palace)<\/span><br \/>\n<span style=\"color: #000000;\">Lassana <strong>Diarra<\/strong> (31 ans, Marseille)<\/span><br \/>\n<span style=\"color: #000000;\">N\u2019Golo <strong>Kante<\/strong> (25 ans, Leicester)<\/span><br \/>\n<span style=\"color: #000000;\">Blaise <strong>Matuidi<\/strong> (29 ans, Paris Saint Germain)<\/span><br \/>\n<span style=\"color: #000000;\">Paul <strong>Pogba<\/strong> (23 ans, Juventus)<\/span><br \/>\n<span style=\"color: #000000;\">Moussa <strong>Sissoko<\/strong> (26 ans, Newcastle)<\/span><\/p>\n<p><span style=\"text-decoration: underline; color: #000000;\"><strong>Attaquants<\/strong><\/span><\/p>\n<p><span style=\"color: #000000;\">Kingsley <strong>Coman<\/strong> (19 ans, Bayern Munich)<\/span><br \/>\n<span style=\"color: #000000;\">Andre-Pierre <strong>Gignac<\/strong> (30 ans, Tigres)<\/span><br \/>\n<span style=\"color: #000000;\">Olivier <strong>Giroud<\/strong> (29 ans, Arsenal)<\/span><br \/>\n<span style=\"color: #000000;\">Antoine <strong>Griezmann<\/strong> (25 ans, Atletico Madrid)<\/span><br \/>\n<span style=\"color: #000000;\">Anthony <strong>Martial<\/strong> (20 ans, Manchester United)<\/span><br \/>\n<span style=\"color: #000000;\">Dimitri <strong>Payet<\/strong> (29 ans, West Ham)<\/span><\/p>\n<\/div>\n<div class=\"csColumnGap\" style=\"margin: 0px; padding: 0px; float: left; width: 6.25%;\"><span style=\"color: #000000;\"><img decoding=\"async\" style=\"border: none;\" src=\"http:\/\/blog.playeur.co\/wp-content\/plugins\/advanced-wp-columns\/assets\/js\/plugins\/views\/img\/1x1-pixel.png\" \/><\/span><\/div>\n<div style=\"clear: both; float: none; display: block; visibility: hidden; width: 0px; font-size: 0px; line-height: 0;\"><\/div>\n<\/div>\n<p style=\"text-align: justify;\"><span style=\"color: #000000;\"><strong><u>R\u00e9servistes :<\/u>\u00a0<\/strong><\/span><\/p>\n<p style=\"text-align: justify;\"><span style=\"color: #000000;\">Alphonse <strong>Ar\u00e9ola<\/strong> (23 ans, Villarreal),\u00a0Hatem <strong>Ben Arfa<\/strong> (29 ans, Nice),\u00a0Kevin <strong>Gameiro<\/strong> (29 ans, FC Seville),\u00a0Alexandre <strong>Lacazette<\/strong> (24 ans, Lyon),\u00a0Adrien <strong>Rabiot<\/strong> (21 ans, Paris Saint Germain),\u00a0Morgan <strong>Schneiderlin<\/strong> (26 ans, Manchester United),\u00a0Djibril <strong>Sidib\u00e9<\/strong> (23 ans, Lille),\u00a0Samuel <strong>Umtiti<\/strong> (22 ans, Lyon).<\/span><\/p>\n","protected":false},"excerpt":{"rendered":"<p>Comme vous le savez tous Didier Deschamps a annonc\u00e9\u00a0sa liste des 23 bleus pour l&rsquo;Euro.<\/p>\n","protected":false},"author":1,"featured_media":126834,"comment_status":"open","ping_status":"closed","sticky":false,"template":"","format":"standard","meta":{"_acf_changed":false,"_daextam_enable_autolinks":"1","footnotes":""},"categories":[2301],"tags":[199,193,196,191],"class_list":["post-197","post","type-post","status-publish","format-standard","has-post-thumbnail","hentry","category-football","tag-equipe-de-france","tag-euro","tag-griezmann","tag-pogba"],"acf":[],"yoast_head":"<!-- This site is optimized with the Yoast SEO Premium plugin v26.7 (Yoast SEO v26.7) - https:\/\/yoast.com\/wordpress\/plugins\/seo\/ -->\n<title>La liste des 23 Bleus pour l&#039;Euro en France<\/title>\n<meta name=\"description\" content=\"Comme vous le savez tous Didier Deschamps a annonc\u00e9\u00a0sa liste des 23 bleus pour l&#039;Euro.\" \/>\n<meta name=\"robots\" content=\"index, follow, max-snippet:-1, max-image-preview:large, max-video-preview:-1\" \/>\n<link rel=\"canonical\" href=\"https:\/\/dicodusport.fr\/blog\/liste-23-bleus-leuro-france\/\" \/>\n<meta property=\"og:locale\" content=\"fr_FR\" \/>\n<meta property=\"og:type\" content=\"article\" \/>\n<meta property=\"og:title\" content=\"La liste des 23 Bleus pour l&#039;Euro en France\" \/>\n<meta property=\"og:description\" content=\"Comme vous le savez tous Didier Deschamps a annonc\u00e9\u00a0sa liste des 23 bleus pour l&#039;Euro.\" \/>\n<meta property=\"og:url\" content=\"https:\/\/dicodusport.fr\/blog\/liste-23-bleus-leuro-france\/\" \/>\n<meta property=\"og:site_name\" content=\"Dicodusport\" \/>\n<meta property=\"article:publisher\" content=\"https:\/\/www.facebook.com\/dicodusport\" \/>\n<meta property=\"article:author\" content=\"https:\/\/www.facebook.com\/dicodusport\" \/>\n<meta property=\"article:published_time\" content=\"2016-05-12T21:18:29+00:00\" \/>\n<meta property=\"article:modified_time\" content=\"2025-08-24T11:28:44+00:00\" \/>\n<meta property=\"og:image\" content=\"https:\/\/dicodusport.fr\/blog\/wp-content\/uploads\/2016\/05\/Couverture-Equipe-de-France-de-football.png\" \/>\n\t<meta property=\"og:image:width\" content=\"800\" \/>\n\t<meta property=\"og:image:height\" content=\"445\" \/>\n\t<meta property=\"og:image:type\" content=\"image\/png\" \/>\n<meta name=\"author\" content=\"Nicolas Jacquemard\" \/>\n<meta name=\"twitter:card\" content=\"summary_large_image\" \/>\n<meta name=\"twitter:creator\" content=\"@https:\/\/twitter.com\/Nico_Jacquemard\" \/>\n<meta name=\"twitter:site\" content=\"@dicodusport\" \/>\n<script type=\"application\/ld+json\" class=\"yoast-schema-graph\">{\"@context\":\"https:\/\/schema.org\",\"@graph\":[{\"@type\":\"NewsArticle\",\"@id\":\"https:\/\/dicodusport.fr\/blog\/liste-23-bleus-leuro-france\/#article\",\"isPartOf\":{\"@id\":\"https:\/\/dicodusport.fr\/blog\/liste-23-bleus-leuro-france\/\"},\"author\":{\"name\":\"Nicolas Jacquemard\",\"@id\":\"https:\/\/dicodusport.fr\/blog\/#\/schema\/person\/55dcb50ad410894e431ed812bbb70191\"},\"headline\":\"La liste des 23 Bleus pour l&rsquo;Euro en France\",\"datePublished\":\"2016-05-12T21:18:29+00:00\",\"dateModified\":\"2025-08-24T11:28:44+00:00\",\"mainEntityOfPage\":{\"@id\":\"https:\/\/dicodusport.fr\/blog\/liste-23-bleus-leuro-france\/\"},\"wordCount\":215,\"commentCount\":0,\"publisher\":{\"@id\":\"https:\/\/dicodusport.fr\/blog\/#organization\"},\"image\":{\"@id\":\"https:\/\/dicodusport.fr\/blog\/liste-23-bleus-leuro-france\/#primaryimage\"},\"thumbnailUrl\":\"https:\/\/dicodusport.fr\/blog\/wp-content\/uploads\/2016\/05\/Couverture-Equipe-de-France-de-football.png\",\"keywords\":[\"\u00c9quipe de France\",\"Euro\",\"Griezmann\",\"pogba\"],\"articleSection\":[\"Football\"],\"inLanguage\":\"fr-FR\",\"potentialAction\":[{\"@type\":\"CommentAction\",\"name\":\"Comment\",\"target\":[\"https:\/\/dicodusport.fr\/blog\/liste-23-bleus-leuro-france\/#respond\"]}],\"copyrightYear\":\"2016\",\"copyrightHolder\":{\"@id\":\"https:\/\/dicodusport.fr\/blog\/#organization\"}},{\"@type\":\"WebPage\",\"@id\":\"https:\/\/dicodusport.fr\/blog\/liste-23-bleus-leuro-france\/\",\"url\":\"https:\/\/dicodusport.fr\/blog\/liste-23-bleus-leuro-france\/\",\"name\":\"La liste des 23 Bleus pour l'Euro en France\",\"isPartOf\":{\"@id\":\"https:\/\/dicodusport.fr\/blog\/#website\"},\"primaryImageOfPage\":{\"@id\":\"https:\/\/dicodusport.fr\/blog\/liste-23-bleus-leuro-france\/#primaryimage\"},\"image\":{\"@id\":\"https:\/\/dicodusport.fr\/blog\/liste-23-bleus-leuro-france\/#primaryimage\"},\"thumbnailUrl\":\"https:\/\/dicodusport.fr\/blog\/wp-content\/uploads\/2016\/05\/Couverture-Equipe-de-France-de-football.png\",\"datePublished\":\"2016-05-12T21:18:29+00:00\",\"dateModified\":\"2025-08-24T11:28:44+00:00\",\"description\":\"Comme vous le savez tous Didier Deschamps a annonc\u00e9\u00a0sa liste des 23 bleus pour l'Euro.\",\"breadcrumb\":{\"@id\":\"https:\/\/dicodusport.fr\/blog\/liste-23-bleus-leuro-france\/#breadcrumb\"},\"inLanguage\":\"fr-FR\",\"potentialAction\":[{\"@type\":\"ReadAction\",\"target\":[\"https:\/\/dicodusport.fr\/blog\/liste-23-bleus-leuro-france\/\"]}]},{\"@type\":\"ImageObject\",\"inLanguage\":\"fr-FR\",\"@id\":\"https:\/\/dicodusport.fr\/blog\/liste-23-bleus-leuro-france\/#primaryimage\",\"url\":\"https:\/\/dicodusport.fr\/blog\/wp-content\/uploads\/2016\/05\/Couverture-Equipe-de-France-de-football.png\",\"contentUrl\":\"https:\/\/dicodusport.fr\/blog\/wp-content\/uploads\/2016\/05\/Couverture-Equipe-de-France-de-football.png\",\"width\":800,\"height\":445},{\"@type\":\"BreadcrumbList\",\"@id\":\"https:\/\/dicodusport.fr\/blog\/liste-23-bleus-leuro-france\/#breadcrumb\",\"itemListElement\":[{\"@type\":\"ListItem\",\"position\":1,\"name\":\"Accueil\",\"item\":\"https:\/\/dicodusport.fr\/blog\/\"},{\"@type\":\"ListItem\",\"position\":2,\"name\":\"La liste des 23 Bleus pour l&rsquo;Euro en France\"}]},{\"@type\":\"WebSite\",\"@id\":\"https:\/\/dicodusport.fr\/blog\/#website\",\"url\":\"https:\/\/dicodusport.fr\/blog\/\",\"name\":\"Dicodusport\",\"description\":\"L&#039;encyclop\u00e9die de l&#039;actualit\u00e9 sportive\",\"publisher\":{\"@id\":\"https:\/\/dicodusport.fr\/blog\/#organization\"},\"potentialAction\":[{\"@type\":\"SearchAction\",\"target\":{\"@type\":\"EntryPoint\",\"urlTemplate\":\"https:\/\/dicodusport.fr\/blog\/?s={search_term_string}\"},\"query-input\":{\"@type\":\"PropertyValueSpecification\",\"valueRequired\":true,\"valueName\":\"search_term_string\"}}],\"inLanguage\":\"fr-FR\"},{\"@type\":\"NewsMediaOrganization\",\"@id\":\"https:\/\/dicodusport.fr\/blog\/#organization\",\"name\":\"Dicodusport\",\"url\":\"https:\/\/dicodusport.fr\/blog\/\",\"logo\":{\"@type\":\"ImageObject\",\"inLanguage\":\"fr-FR\",\"@id\":\"https:\/\/dicodusport.fr\/blog\/#\/schema\/logo\/image\/\",\"url\":\"https:\/\/dicodusport.fr\/blog\/wp-content\/uploads\/2020\/06\/cropped-LOGO-DICODUSPORT-2020-SANS-FOND-SANS-TEXTE.png\",\"contentUrl\":\"https:\/\/dicodusport.fr\/blog\/wp-content\/uploads\/2020\/06\/cropped-LOGO-DICODUSPORT-2020-SANS-FOND-SANS-TEXTE.png\",\"width\":512,\"height\":512,\"caption\":\"Dicodusport\"},\"image\":{\"@id\":\"https:\/\/dicodusport.fr\/blog\/#\/schema\/logo\/image\/\"},\"sameAs\":[\"https:\/\/www.facebook.com\/dicodusport\",\"https:\/\/x.com\/dicodusport\",\"https:\/\/www.instagram.com\/dicodusport\/\",\"https:\/\/www.youtube.com\/channel\/UC7V2KZ5sd3htJivAbA4ZG3w\"],\"description\":\"Dicodusport est l'encyclop\u00e9die de l'actualit\u00e9 sportive.\",\"email\":\"bonjour@dicodusport.fr\",\"legalName\":\"DICODUSPORT\",\"foundingDate\":\"2018-01-14\",\"vatID\":\"FR71834470973\",\"taxID\":\"83447097300043\",\"numberOfEmployees\":{\"@type\":\"QuantitativeValue\",\"minValue\":\"1\",\"maxValue\":\"10\"}},{\"@type\":\"Person\",\"@id\":\"https:\/\/dicodusport.fr\/blog\/#\/schema\/person\/55dcb50ad410894e431ed812bbb70191\",\"name\":\"Nicolas Jacquemard\",\"image\":{\"@type\":\"ImageObject\",\"inLanguage\":\"fr-FR\",\"@id\":\"https:\/\/dicodusport.fr\/blog\/#\/schema\/person\/image\/\",\"url\":\"https:\/\/dicodusport.fr\/blog\/wp-content\/uploads\/2021\/05\/Nicolas-Jacquemard-150x150.jpeg\",\"contentUrl\":\"https:\/\/dicodusport.fr\/blog\/wp-content\/uploads\/2021\/05\/Nicolas-Jacquemard-150x150.jpeg\",\"caption\":\"Nicolas Jacquemard\"},\"description\":\"Passionn\u00e9 de sport et entrepreneur depuis mes 18 ans, la cr\u00e9ation de Dicodusport m'a sembl\u00e9 \u00e9vidente pour participer \u00e0 la m\u00e9diatisation d'un plus grand nombre de sports. Le chemin est long mais avec une \u00e9quipe des plus motiv\u00e9es et les Jeux Olympiques de Paris 2024 en point de mire, nous y arriverons ! Journaliste dans le monde du sport depuis plus de 5 ans, je traite aussi bien de football, de rugby, de biathlon que de cyclisme.\",\"sameAs\":[\"https:\/\/www.facebook.com\/dicodusport\",\"https:\/\/x.com\/https:\/\/twitter.com\/Nico_Jacquemard\"],\"url\":\"https:\/\/dicodusport.fr\/blog\/author\/dicodusport\/\"}]}<\/script>\n<!-- \/ Yoast SEO Premium plugin. -->","yoast_head_json":{"title":"La liste des 23 Bleus pour l'Euro en France","description":"Comme vous le savez tous Didier Deschamps a annonc\u00e9\u00a0sa liste des 23 bleus pour l'Euro.","robots":{"index":"index","follow":"follow","max-snippet":"max-snippet:-1","max-image-preview":"max-image-preview:large","max-video-preview":"max-video-preview:-1"},"canonical":"https:\/\/dicodusport.fr\/blog\/liste-23-bleus-leuro-france\/","og_locale":"fr_FR","og_type":"article","og_title":"La liste des 23 Bleus pour l'Euro en France","og_description":"Comme vous le savez tous Didier Deschamps a annonc\u00e9\u00a0sa liste des 23 bleus pour l'Euro.","og_url":"https:\/\/dicodusport.fr\/blog\/liste-23-bleus-leuro-france\/","og_site_name":"Dicodusport","article_publisher":"https:\/\/www.facebook.com\/dicodusport","article_author":"https:\/\/www.facebook.com\/dicodusport","article_published_time":"2016-05-12T21:18:29+00:00","article_modified_time":"2025-08-24T11:28:44+00:00","og_image":[{"width":800,"height":445,"url":"https:\/\/dicodusport.fr\/blog\/wp-content\/uploads\/2016\/05\/Couverture-Equipe-de-France-de-football.png","type":"image\/png"}],"author":"Nicolas Jacquemard","twitter_card":"summary_large_image","twitter_creator":"@https:\/\/twitter.com\/Nico_Jacquemard","twitter_site":"@dicodusport","schema":{"@context":"https:\/\/schema.org","@graph":[{"@type":"NewsArticle","@id":"https:\/\/dicodusport.fr\/blog\/liste-23-bleus-leuro-france\/#article","isPartOf":{"@id":"https:\/\/dicodusport.fr\/blog\/liste-23-bleus-leuro-france\/"},"author":{"name":"Nicolas Jacquemard","@id":"https:\/\/dicodusport.fr\/blog\/#\/schema\/person\/55dcb50ad410894e431ed812bbb70191"},"headline":"La liste des 23 Bleus pour l&rsquo;Euro en France","datePublished":"2016-05-12T21:18:29+00:00","dateModified":"2025-08-24T11:28:44+00:00","mainEntityOfPage":{"@id":"https:\/\/dicodusport.fr\/blog\/liste-23-bleus-leuro-france\/"},"wordCount":215,"commentCount":0,"publisher":{"@id":"https:\/\/dicodusport.fr\/blog\/#organization"},"image":{"@id":"https:\/\/dicodusport.fr\/blog\/liste-23-bleus-leuro-france\/#primaryimage"},"thumbnailUrl":"https:\/\/dicodusport.fr\/blog\/wp-content\/uploads\/2016\/05\/Couverture-Equipe-de-France-de-football.png","keywords":["\u00c9quipe de France","Euro","Griezmann","pogba"],"articleSection":["Football"],"inLanguage":"fr-FR","potentialAction":[{"@type":"CommentAction","name":"Comment","target":["https:\/\/dicodusport.fr\/blog\/liste-23-bleus-leuro-france\/#respond"]}],"copyrightYear":"2016","copyrightHolder":{"@id":"https:\/\/dicodusport.fr\/blog\/#organization"}},{"@type":"WebPage","@id":"https:\/\/dicodusport.fr\/blog\/liste-23-bleus-leuro-france\/","url":"https:\/\/dicodusport.fr\/blog\/liste-23-bleus-leuro-france\/","name":"La liste des 23 Bleus pour l'Euro en France","isPartOf":{"@id":"https:\/\/dicodusport.fr\/blog\/#website"},"primaryImageOfPage":{"@id":"https:\/\/dicodusport.fr\/blog\/liste-23-bleus-leuro-france\/#primaryimage"},"image":{"@id":"https:\/\/dicodusport.fr\/blog\/liste-23-bleus-leuro-france\/#primaryimage"},"thumbnailUrl":"https:\/\/dicodusport.fr\/blog\/wp-content\/uploads\/2016\/05\/Couverture-Equipe-de-France-de-football.png","datePublished":"2016-05-12T21:18:29+00:00","dateModified":"2025-08-24T11:28:44+00:00","description":"Comme vous le savez tous Didier Deschamps a annonc\u00e9\u00a0sa liste des 23 bleus pour l'Euro.","breadcrumb":{"@id":"https:\/\/dicodusport.fr\/blog\/liste-23-bleus-leuro-france\/#breadcrumb"},"inLanguage":"fr-FR","potentialAction":[{"@type":"ReadAction","target":["https:\/\/dicodusport.fr\/blog\/liste-23-bleus-leuro-france\/"]}]},{"@type":"ImageObject","inLanguage":"fr-FR","@id":"https:\/\/dicodusport.fr\/blog\/liste-23-bleus-leuro-france\/#primaryimage","url":"https:\/\/dicodusport.fr\/blog\/wp-content\/uploads\/2016\/05\/Couverture-Equipe-de-France-de-football.png","contentUrl":"https:\/\/dicodusport.fr\/blog\/wp-content\/uploads\/2016\/05\/Couverture-Equipe-de-France-de-football.png","width":800,"height":445},{"@type":"BreadcrumbList","@id":"https:\/\/dicodusport.fr\/blog\/liste-23-bleus-leuro-france\/#breadcrumb","itemListElement":[{"@type":"ListItem","position":1,"name":"Accueil","item":"https:\/\/dicodusport.fr\/blog\/"},{"@type":"ListItem","position":2,"name":"La liste des 23 Bleus pour l&rsquo;Euro en France"}]},{"@type":"WebSite","@id":"https:\/\/dicodusport.fr\/blog\/#website","url":"https:\/\/dicodusport.fr\/blog\/","name":"Dicodusport","description":"L&#039;encyclop\u00e9die de l&#039;actualit\u00e9 sportive","publisher":{"@id":"https:\/\/dicodusport.fr\/blog\/#organization"},"potentialAction":[{"@type":"SearchAction","target":{"@type":"EntryPoint","urlTemplate":"https:\/\/dicodusport.fr\/blog\/?s={search_term_string}"},"query-input":{"@type":"PropertyValueSpecification","valueRequired":true,"valueName":"search_term_string"}}],"inLanguage":"fr-FR"},{"@type":"NewsMediaOrganization","@id":"https:\/\/dicodusport.fr\/blog\/#organization","name":"Dicodusport","url":"https:\/\/dicodusport.fr\/blog\/","logo":{"@type":"ImageObject","inLanguage":"fr-FR","@id":"https:\/\/dicodusport.fr\/blog\/#\/schema\/logo\/image\/","url":"https:\/\/dicodusport.fr\/blog\/wp-content\/uploads\/2020\/06\/cropped-LOGO-DICODUSPORT-2020-SANS-FOND-SANS-TEXTE.png","contentUrl":"https:\/\/dicodusport.fr\/blog\/wp-content\/uploads\/2020\/06\/cropped-LOGO-DICODUSPORT-2020-SANS-FOND-SANS-TEXTE.png","width":512,"height":512,"caption":"Dicodusport"},"image":{"@id":"https:\/\/dicodusport.fr\/blog\/#\/schema\/logo\/image\/"},"sameAs":["https:\/\/www.facebook.com\/dicodusport","https:\/\/x.com\/dicodusport","https:\/\/www.instagram.com\/dicodusport\/","https:\/\/www.youtube.com\/channel\/UC7V2KZ5sd3htJivAbA4ZG3w"],"description":"Dicodusport est l'encyclop\u00e9die de l'actualit\u00e9 sportive.","email":"bonjour@dicodusport.fr","legalName":"DICODUSPORT","foundingDate":"2018-01-14","vatID":"FR71834470973","taxID":"83447097300043","numberOfEmployees":{"@type":"QuantitativeValue","minValue":"1","maxValue":"10"}},{"@type":"Person","@id":"https:\/\/dicodusport.fr\/blog\/#\/schema\/person\/55dcb50ad410894e431ed812bbb70191","name":"Nicolas Jacquemard","image":{"@type":"ImageObject","inLanguage":"fr-FR","@id":"https:\/\/dicodusport.fr\/blog\/#\/schema\/person\/image\/","url":"https:\/\/dicodusport.fr\/blog\/wp-content\/uploads\/2021\/05\/Nicolas-Jacquemard-150x150.jpeg","contentUrl":"https:\/\/dicodusport.fr\/blog\/wp-content\/uploads\/2021\/05\/Nicolas-Jacquemard-150x150.jpeg","caption":"Nicolas Jacquemard"},"description":"Passionn\u00e9 de sport et entrepreneur depuis mes 18 ans, la cr\u00e9ation de Dicodusport m'a sembl\u00e9 \u00e9vidente pour participer \u00e0 la m\u00e9diatisation d'un plus grand nombre de sports. Le chemin est long mais avec une \u00e9quipe des plus motiv\u00e9es et les Jeux Olympiques de Paris 2024 en point de mire, nous y arriverons ! Journaliste dans le monde du sport depuis plus de 5 ans, je traite aussi bien de football, de rugby, de biathlon que de cyclisme.","sameAs":["https:\/\/www.facebook.com\/dicodusport","https:\/\/x.com\/https:\/\/twitter.com\/Nico_Jacquemard"],"url":"https:\/\/dicodusport.fr\/blog\/author\/dicodusport\/"}]}},"_links":{"self":[{"href":"https:\/\/dicodusport.fr\/blog\/wp-json\/wp\/v2\/posts\/197","targetHints":{"allow":["GET"]}}],"collection":[{"href":"https:\/\/dicodusport.fr\/blog\/wp-json\/wp\/v2\/posts"}],"about":[{"href":"https:\/\/dicodusport.fr\/blog\/wp-json\/wp\/v2\/types\/post"}],"author":[{"embeddable":true,"href":"https:\/\/dicodusport.fr\/blog\/wp-json\/wp\/v2\/users\/1"}],"replies":[{"embeddable":true,"href":"https:\/\/dicodusport.fr\/blog\/wp-json\/wp\/v2\/comments?post=197"}],"version-history":[{"count":2,"href":"https:\/\/dicodusport.fr\/blog\/wp-json\/wp\/v2\/posts\/197\/revisions"}],"predecessor-version":[{"id":605099,"href":"https:\/\/dicodusport.fr\/blog\/wp-json\/wp\/v2\/posts\/197\/revisions\/605099"}],"wp:featuredmedia":[{"embeddable":true,"href":"https:\/\/dicodusport.fr\/blog\/wp-json\/wp\/v2\/media\/126834"}],"wp:attachment":[{"href":"https:\/\/dicodusport.fr\/blog\/wp-json\/wp\/v2\/media?parent=197"}],"wp:term":[{"taxonomy":"category","embeddable":true,"href":"https:\/\/dicodusport.fr\/blog\/wp-json\/wp\/v2\/categories?post=197"},{"taxonomy":"post_tag","embeddable":true,"href":"https:\/\/dicodusport.fr\/blog\/wp-json\/wp\/v2\/tags?post=197"}],"curies":[{"name":"wp","href":"https:\/\/api.w.org\/{rel}","templated":true}]}}