{"id":197017,"date":"2022-02-04T14:11:48","date_gmt":"2022-02-04T13:11:48","guid":{"rendered":"https:\/\/dicodusport.fr\/blog\/?p=197017&#038;preview=true&#038;preview_id=197017"},"modified":"2022-02-04T14:12:39","modified_gmt":"2022-02-04T13:12:39","slug":"tennis-coupe-davis-grosjean-sappuie-sur-monfils-et-mannarino","status":"publish","type":"post","link":"https:\/\/dicodusport.fr\/blog\/tennis-coupe-davis-grosjean-sappuie-sur-monfils-et-mannarino\/","title":{"rendered":"Coupe Davis 2022 : Grosjean s&rsquo;appuie sur Monfils et Mannarino"},"content":{"rendered":"<p style=\"text-align: justify;\"><strong><em>COUPE DAVIS 2022 &#8211; L&rsquo;\u00e9quipe de France affrontera l\u2019\u00c9quateur \u00e0 Pau les 4 et 5 mars prochain. Pour cette opposition, S\u00e9bastien Grosjean s&rsquo;est appuy\u00e9 sur les joueurs en forme du moment.<br \/>\n<\/em><\/strong><\/p>\n<p style=\"text-align: justify;\">La<strong> France<\/strong> devra passer par un tour qualificatif face \u00e0 l\u2019<strong>\u00c9quateur<\/strong> pour atteindre le tour principal de la <strong>Coupe Davis.<\/strong> Et pour cette rencontre, le s\u00e9lectionneur tricolore a annonc\u00e9 ses choix.<em><br \/>\n<\/em><\/p>\n<h2 style=\"text-align: justify;\">Une s\u00e9lection logique de la part de Grosjean<\/h2>\n<p style=\"text-align: justify;\">Si les choix sont faits pour sans cesse \u00eatre discut\u00e9s, ceux de<strong> Grosjean<\/strong> ne le seront sans doute pas. En s&rsquo;appuyant sur <strong>Ga\u00ebl Monfils, Adrian Mannarino, Nicolas Mahut et Pierre-Hugues Herbert<\/strong>, le Marseillais fait confiance aux joueurs en forme en ce moment. M\u00eame si la rencontre aura lieu dans un mois et que le s\u00e9lectionneur aura la libert\u00e9 de convoquer un 5\u00e8me joueur. <a href=\"https:\/\/dicodusport.fr\/blog\/open-australie-gael-monfils-elimine-par-matteo-berrettini-au-terme-gros-combat\/\">Quart de finaliste \u00e0 l&rsquo;<strong>Open d&rsquo;Australie<\/strong><\/a>, <strong>Ga\u00ebl Monfils<\/strong> a particuli\u00e8rement brill\u00e9 durant la quinzaine. S&rsquo;il a \u00e9t\u00e9 battu \u00e0 <strong>Montpellier<\/strong> s\u00e8chement r\u00e9cemment, cela n&rsquo;a pas influ\u00e9 le choix du s\u00e9lectionneur pour autant. <strong>Adrian Mannarino<\/strong> quant \u00e0 lui, a \u00e9limin\u00e9 <strong>Hurkacz et Karatsev<\/strong> avant de rendre les armes face \u00e0 <strong>Nadal<\/strong> \u00e0 Melbourne. Enfin on ne pr\u00e9sente plus la paire ind\u00e9boulonnable en double compos\u00e9e de <strong>Herbet et Mahut.<\/strong><\/p>\n<p style=\"text-align: justify;\">Si les <em>Bleus<\/em> font figures d&rsquo;archi-favoris, <strong>S\u00e9bastien Grosjean<\/strong> reste tout de m\u00eame prudent. \u00ab\u00a0<strong><em>Il ne faut pas sous-estimer notre adversaire. Je ne m&rsquo;attends pas \u00e0 une promenade de sant\u00e9. Ils vont venir sans pression<\/em><\/strong>.\u00a0\u00bb Cette s\u00e9lection fait la part belle \u00e0 l&rsquo;exp\u00e9rience, mais le s\u00e9lectionneur n&rsquo;oublie pas pour autant les jeunes. \u00ab\u00a0<em><strong>Pour l&rsquo;instant, les jeunes doivent gagner en constance. Il faut leur laisser du temps, les accompagner et les encourager.\u00a0\u00bb<\/strong><\/em> Encourag\u00e9s, les Bleus le seront au Palais des Sports de Pau afin d&rsquo;atteindre le tour principal de la comp\u00e9tition.<\/p>\n<blockquote class=\"twitter-tweet\"><p><a href=\"https:\/\/twitter.com\/p2hugz?ref_src=twsrc%5Etfw\">@p2hugz<\/a><br \/>\n<a href=\"https:\/\/twitter.com\/nmahut?ref_src=twsrc%5Etfw\">@nmahut<\/a><br \/>\n<a href=\"https:\/\/twitter.com\/AdrianMannarino?ref_src=twsrc%5Etfw\">@AdrianMannarino<\/a><br \/>\n<a href=\"https:\/\/twitter.com\/Gael_Monfils?ref_src=twsrc%5Etfw\">@Gael_Monfils<\/a><\/p>\n<p>Rendez-vous \u00e0 Pau (4-5 mars) <a href=\"https:\/\/twitter.com\/hashtag\/DavisCup?src=hash&amp;ref_src=twsrc%5Etfw\">#DavisCup<\/a> <a href=\"https:\/\/t.co\/LcW0C751cq\">pic.twitter.com\/LcW0C751cq<\/a><\/p>\n<p>\u2014 FFT (@FFTennis) <a href=\"https:\/\/twitter.com\/FFTennis\/status\/1489540286611169281?ref_src=twsrc%5Etfw\">February 4, 2022<\/a><\/p><\/blockquote>\n<p><script async src=\"https:\/\/platform.twitter.com\/widgets.js\" charset=\"utf-8\"><\/script><\/p>\n","protected":false},"excerpt":{"rendered":"<p>COUPE DAVIS 2022 &#8211; L&rsquo;\u00e9quipe de France affrontera l\u2019\u00c9quateur \u00e0 Pau les 4 et 5 mars prochain. Pour cette opposition, S\u00e9bastien Grosjean s&rsquo;est appuy\u00e9 sur les joueurs en forme du moment.<\/p>\n","protected":false},"author":37,"featured_media":197027,"comment_status":"open","ping_status":"closed","sticky":false,"template":"","format":"standard","meta":{"_acf_changed":false,"_daextam_enable_autolinks":"","footnotes":""},"categories":[2302],"tags":[4303,2540,2804,2541,4200,136],"class_list":["post-197017","post","type-post","status-publish","format-standard","has-post-thumbnail","hentry","category-tennis","tag-adrian-mannarino","tag-coupe-davis","tag-gael-monfils","tag-nicolas-mahut","tag-pierre-hugues-herbert","tag-tennis"],"acf":[],"yoast_head":"<!-- This site is optimized with the Yoast SEO Premium plugin v26.7 (Yoast SEO v26.7) - https:\/\/yoast.com\/wordpress\/plugins\/seo\/ -->\n<title>Coupe Davis 2022 : Grosjean s&#039;appuie sur Monfils et Mannarino<\/title>\n<meta name=\"description\" content=\"L&#039;Equipe de France affrontera l&#039;Equateur \u00e0 Pau les 4 et 5 mars prochain. S\u00e9bastien Grosjean a annonc\u00e9 sa s\u00e9lection.\" \/>\n<meta name=\"robots\" content=\"index, follow, max-snippet:-1, max-image-preview:large, max-video-preview:-1\" \/>\n<link rel=\"canonical\" href=\"https:\/\/dicodusport.fr\/blog\/tennis-coupe-davis-grosjean-sappuie-sur-monfils-et-mannarino\/\" \/>\n<meta property=\"og:locale\" content=\"fr_FR\" \/>\n<meta property=\"og:type\" content=\"article\" \/>\n<meta property=\"og:title\" content=\"Coupe Davis 2022 : Grosjean s&#039;appuie sur Monfils et Mannarino\" \/>\n<meta property=\"og:description\" content=\"L&#039;Equipe de France affrontera l&#039;Equateur \u00e0 Pau les 4 et 5 mars prochain. S\u00e9bastien Grosjean a annonc\u00e9 sa s\u00e9lection.\" \/>\n<meta property=\"og:url\" content=\"https:\/\/dicodusport.fr\/blog\/tennis-coupe-davis-grosjean-sappuie-sur-monfils-et-mannarino\/\" \/>\n<meta property=\"og:site_name\" content=\"Dicodusport\" \/>\n<meta property=\"article:publisher\" content=\"https:\/\/www.facebook.com\/dicodusport\" \/>\n<meta property=\"article:author\" content=\"https:\/\/www.facebook.com\/julien.correia.52\" \/>\n<meta property=\"article:published_time\" content=\"2022-02-04T13:11:48+00:00\" \/>\n<meta property=\"article:modified_time\" content=\"2022-02-04T13:12:39+00:00\" \/>\n<meta property=\"og:image\" content=\"https:\/\/dicodusport.fr\/blog\/wp-content\/uploads\/2022\/02\/Tennis-Coupe-Davis-Grosjean-sappuie-sur-Monfils-et-Mannarino.png\" \/>\n\t<meta property=\"og:image:width\" content=\"800\" \/>\n\t<meta property=\"og:image:height\" content=\"445\" \/>\n\t<meta property=\"og:image:type\" content=\"image\/png\" \/>\n<meta name=\"author\" content=\"Julien Correia\" \/>\n<meta name=\"twitter:card\" content=\"summary_large_image\" \/>\n<meta name=\"twitter:title\" content=\"Coupe Davis 2022 : Grosjean s&#039;appuie sur Monfils et Mannarino\" \/>\n<meta name=\"twitter:creator\" content=\"@https:\/\/twitter.com\/julienco_psg70\" \/>\n<meta name=\"twitter:site\" content=\"@dicodusport\" \/>\n<script type=\"application\/ld+json\" class=\"yoast-schema-graph\">{\"@context\":\"https:\/\/schema.org\",\"@graph\":[{\"@type\":\"NewsArticle\",\"@id\":\"https:\/\/dicodusport.fr\/blog\/tennis-coupe-davis-grosjean-sappuie-sur-monfils-et-mannarino\/#article\",\"isPartOf\":{\"@id\":\"https:\/\/dicodusport.fr\/blog\/tennis-coupe-davis-grosjean-sappuie-sur-monfils-et-mannarino\/\"},\"author\":{\"name\":\"Julien Correia\",\"@id\":\"https:\/\/dicodusport.fr\/blog\/#\/schema\/person\/0f73d157e4670e108e23009fa82f2239\"},\"headline\":\"Coupe Davis 2022 : Grosjean s&rsquo;appuie sur Monfils et Mannarino\",\"datePublished\":\"2022-02-04T13:11:48+00:00\",\"dateModified\":\"2022-02-04T13:12:39+00:00\",\"mainEntityOfPage\":{\"@id\":\"https:\/\/dicodusport.fr\/blog\/tennis-coupe-davis-grosjean-sappuie-sur-monfils-et-mannarino\/\"},\"wordCount\":343,\"commentCount\":0,\"publisher\":{\"@id\":\"https:\/\/dicodusport.fr\/blog\/#organization\"},\"image\":{\"@id\":\"https:\/\/dicodusport.fr\/blog\/tennis-coupe-davis-grosjean-sappuie-sur-monfils-et-mannarino\/#primaryimage\"},\"thumbnailUrl\":\"https:\/\/dicodusport.fr\/blog\/wp-content\/uploads\/2022\/02\/Tennis-Coupe-Davis-Grosjean-sappuie-sur-Monfils-et-Mannarino.png\",\"keywords\":[\"Adrian Mannarino\",\"Coupe Davis\",\"Ga\u00ebl Monfils\",\"Nicolas Mahut\",\"Pierre-Hugues Herbert\",\"Tennis\"],\"articleSection\":[\"Tennis\"],\"inLanguage\":\"fr-FR\",\"potentialAction\":[{\"@type\":\"CommentAction\",\"name\":\"Comment\",\"target\":[\"https:\/\/dicodusport.fr\/blog\/tennis-coupe-davis-grosjean-sappuie-sur-monfils-et-mannarino\/#respond\"]}],\"copyrightYear\":\"2022\",\"copyrightHolder\":{\"@id\":\"https:\/\/dicodusport.fr\/blog\/#organization\"}},{\"@type\":\"WebPage\",\"@id\":\"https:\/\/dicodusport.fr\/blog\/tennis-coupe-davis-grosjean-sappuie-sur-monfils-et-mannarino\/\",\"url\":\"https:\/\/dicodusport.fr\/blog\/tennis-coupe-davis-grosjean-sappuie-sur-monfils-et-mannarino\/\",\"name\":\"Coupe Davis 2022 : Grosjean s'appuie sur Monfils et Mannarino\",\"isPartOf\":{\"@id\":\"https:\/\/dicodusport.fr\/blog\/#website\"},\"primaryImageOfPage\":{\"@id\":\"https:\/\/dicodusport.fr\/blog\/tennis-coupe-davis-grosjean-sappuie-sur-monfils-et-mannarino\/#primaryimage\"},\"image\":{\"@id\":\"https:\/\/dicodusport.fr\/blog\/tennis-coupe-davis-grosjean-sappuie-sur-monfils-et-mannarino\/#primaryimage\"},\"thumbnailUrl\":\"https:\/\/dicodusport.fr\/blog\/wp-content\/uploads\/2022\/02\/Tennis-Coupe-Davis-Grosjean-sappuie-sur-Monfils-et-Mannarino.png\",\"datePublished\":\"2022-02-04T13:11:48+00:00\",\"dateModified\":\"2022-02-04T13:12:39+00:00\",\"description\":\"L'Equipe de France affrontera l'Equateur \u00e0 Pau les 4 et 5 mars prochain. S\u00e9bastien Grosjean a annonc\u00e9 sa s\u00e9lection.\",\"breadcrumb\":{\"@id\":\"https:\/\/dicodusport.fr\/blog\/tennis-coupe-davis-grosjean-sappuie-sur-monfils-et-mannarino\/#breadcrumb\"},\"inLanguage\":\"fr-FR\",\"potentialAction\":[{\"@type\":\"ReadAction\",\"target\":[\"https:\/\/dicodusport.fr\/blog\/tennis-coupe-davis-grosjean-sappuie-sur-monfils-et-mannarino\/\"]}]},{\"@type\":\"ImageObject\",\"inLanguage\":\"fr-FR\",\"@id\":\"https:\/\/dicodusport.fr\/blog\/tennis-coupe-davis-grosjean-sappuie-sur-monfils-et-mannarino\/#primaryimage\",\"url\":\"https:\/\/dicodusport.fr\/blog\/wp-content\/uploads\/2022\/02\/Tennis-Coupe-Davis-Grosjean-sappuie-sur-Monfils-et-Mannarino.png\",\"contentUrl\":\"https:\/\/dicodusport.fr\/blog\/wp-content\/uploads\/2022\/02\/Tennis-Coupe-Davis-Grosjean-sappuie-sur-Monfils-et-Mannarino.png\",\"width\":800,\"height\":445},{\"@type\":\"BreadcrumbList\",\"@id\":\"https:\/\/dicodusport.fr\/blog\/tennis-coupe-davis-grosjean-sappuie-sur-monfils-et-mannarino\/#breadcrumb\",\"itemListElement\":[{\"@type\":\"ListItem\",\"position\":1,\"name\":\"Accueil\",\"item\":\"https:\/\/dicodusport.fr\/blog\/\"},{\"@type\":\"ListItem\",\"position\":2,\"name\":\"Coupe Davis 2022 : Grosjean s&rsquo;appuie sur Monfils et Mannarino\"}]},{\"@type\":\"WebSite\",\"@id\":\"https:\/\/dicodusport.fr\/blog\/#website\",\"url\":\"https:\/\/dicodusport.fr\/blog\/\",\"name\":\"Dicodusport\",\"description\":\"L&#039;encyclop\u00e9die de l&#039;actualit\u00e9 sportive\",\"publisher\":{\"@id\":\"https:\/\/dicodusport.fr\/blog\/#organization\"},\"potentialAction\":[{\"@type\":\"SearchAction\",\"target\":{\"@type\":\"EntryPoint\",\"urlTemplate\":\"https:\/\/dicodusport.fr\/blog\/?s={search_term_string}\"},\"query-input\":{\"@type\":\"PropertyValueSpecification\",\"valueRequired\":true,\"valueName\":\"search_term_string\"}}],\"inLanguage\":\"fr-FR\"},{\"@type\":\"NewsMediaOrganization\",\"@id\":\"https:\/\/dicodusport.fr\/blog\/#organization\",\"name\":\"Dicodusport\",\"url\":\"https:\/\/dicodusport.fr\/blog\/\",\"logo\":{\"@type\":\"ImageObject\",\"inLanguage\":\"fr-FR\",\"@id\":\"https:\/\/dicodusport.fr\/blog\/#\/schema\/logo\/image\/\",\"url\":\"https:\/\/dicodusport.fr\/blog\/wp-content\/uploads\/2020\/06\/cropped-LOGO-DICODUSPORT-2020-SANS-FOND-SANS-TEXTE.png\",\"contentUrl\":\"https:\/\/dicodusport.fr\/blog\/wp-content\/uploads\/2020\/06\/cropped-LOGO-DICODUSPORT-2020-SANS-FOND-SANS-TEXTE.png\",\"width\":512,\"height\":512,\"caption\":\"Dicodusport\"},\"image\":{\"@id\":\"https:\/\/dicodusport.fr\/blog\/#\/schema\/logo\/image\/\"},\"sameAs\":[\"https:\/\/www.facebook.com\/dicodusport\",\"https:\/\/x.com\/dicodusport\",\"https:\/\/www.instagram.com\/dicodusport\/\",\"https:\/\/www.youtube.com\/channel\/UC7V2KZ5sd3htJivAbA4ZG3w\"],\"description\":\"Dicodusport est l'encyclop\u00e9die de l'actualit\u00e9 sportive.\",\"email\":\"bonjour@dicodusport.fr\",\"legalName\":\"DICODUSPORT\",\"foundingDate\":\"2018-01-14\",\"vatID\":\"FR71834470973\",\"taxID\":\"83447097300043\",\"numberOfEmployees\":{\"@type\":\"QuantitativeValue\",\"minValue\":\"1\",\"maxValue\":\"10\"}},{\"@type\":\"Person\",\"@id\":\"https:\/\/dicodusport.fr\/blog\/#\/schema\/person\/0f73d157e4670e108e23009fa82f2239\",\"name\":\"Julien Correia\",\"image\":{\"@type\":\"ImageObject\",\"inLanguage\":\"fr-FR\",\"@id\":\"https:\/\/dicodusport.fr\/blog\/#\/schema\/person\/image\/\",\"url\":\"https:\/\/dicodusport.fr\/blog\/wp-content\/uploads\/2021\/05\/Julien-Correia-150x150.jpg\",\"contentUrl\":\"https:\/\/dicodusport.fr\/blog\/wp-content\/uploads\/2021\/05\/Julien-Correia-150x150.jpg\",\"caption\":\"Julien Correia\"},\"description\":\"Journaliste\/r\u00e9dacteur depuis janvier 2019 - Tomb\u00e9 dans le monde du ballon rond \u00e9tant petit, j\u2019aurais pu devenir pro sans ces foutus ligaments crois\u00e9s. D\u00e9filant sur les champs (mais pas Elys\u00e9es) en 98, j\u2019ai \u00e9t\u00e9 berc\u00e9 par les exploits de Mister George, piqu\u00e9 par la technique du Snake, grandi avec Captain Rai et Ronnie, m\u00fbri avec Pauleta et Edi. Mais Ibracadabra, je suis d\u00e9sormais reconverti en runner\/traileur. Moins rapide que Bolt et moins endurant que Jornet, c\u2019est donc plume \u00e0 la main que je partage les exploits de ces athl\u00e8tes !\",\"sameAs\":[\"https:\/\/www.facebook.com\/julien.correia.52\",\"https:\/\/x.com\/https:\/\/twitter.com\/julienco_psg70\"],\"url\":\"https:\/\/dicodusport.fr\/blog\/author\/julien-c\/\"}]}<\/script>\n<!-- \/ Yoast SEO Premium plugin. -->","yoast_head_json":{"title":"Coupe Davis 2022 : Grosjean s'appuie sur Monfils et Mannarino","description":"L'Equipe de France affrontera l'Equateur \u00e0 Pau les 4 et 5 mars prochain. S\u00e9bastien Grosjean a annonc\u00e9 sa s\u00e9lection.","robots":{"index":"index","follow":"follow","max-snippet":"max-snippet:-1","max-image-preview":"max-image-preview:large","max-video-preview":"max-video-preview:-1"},"canonical":"https:\/\/dicodusport.fr\/blog\/tennis-coupe-davis-grosjean-sappuie-sur-monfils-et-mannarino\/","og_locale":"fr_FR","og_type":"article","og_title":"Coupe Davis 2022 : Grosjean s'appuie sur Monfils et Mannarino","og_description":"L'Equipe de France affrontera l'Equateur \u00e0 Pau les 4 et 5 mars prochain. S\u00e9bastien Grosjean a annonc\u00e9 sa s\u00e9lection.","og_url":"https:\/\/dicodusport.fr\/blog\/tennis-coupe-davis-grosjean-sappuie-sur-monfils-et-mannarino\/","og_site_name":"Dicodusport","article_publisher":"https:\/\/www.facebook.com\/dicodusport","article_author":"https:\/\/www.facebook.com\/julien.correia.52","article_published_time":"2022-02-04T13:11:48+00:00","article_modified_time":"2022-02-04T13:12:39+00:00","og_image":[{"width":800,"height":445,"url":"https:\/\/dicodusport.fr\/blog\/wp-content\/uploads\/2022\/02\/Tennis-Coupe-Davis-Grosjean-sappuie-sur-Monfils-et-Mannarino.png","type":"image\/png"}],"author":"Julien Correia","twitter_card":"summary_large_image","twitter_title":"Coupe Davis 2022 : Grosjean s'appuie sur Monfils et Mannarino","twitter_creator":"@https:\/\/twitter.com\/julienco_psg70","twitter_site":"@dicodusport","schema":{"@context":"https:\/\/schema.org","@graph":[{"@type":"NewsArticle","@id":"https:\/\/dicodusport.fr\/blog\/tennis-coupe-davis-grosjean-sappuie-sur-monfils-et-mannarino\/#article","isPartOf":{"@id":"https:\/\/dicodusport.fr\/blog\/tennis-coupe-davis-grosjean-sappuie-sur-monfils-et-mannarino\/"},"author":{"name":"Julien Correia","@id":"https:\/\/dicodusport.fr\/blog\/#\/schema\/person\/0f73d157e4670e108e23009fa82f2239"},"headline":"Coupe Davis 2022 : Grosjean s&rsquo;appuie sur Monfils et Mannarino","datePublished":"2022-02-04T13:11:48+00:00","dateModified":"2022-02-04T13:12:39+00:00","mainEntityOfPage":{"@id":"https:\/\/dicodusport.fr\/blog\/tennis-coupe-davis-grosjean-sappuie-sur-monfils-et-mannarino\/"},"wordCount":343,"commentCount":0,"publisher":{"@id":"https:\/\/dicodusport.fr\/blog\/#organization"},"image":{"@id":"https:\/\/dicodusport.fr\/blog\/tennis-coupe-davis-grosjean-sappuie-sur-monfils-et-mannarino\/#primaryimage"},"thumbnailUrl":"https:\/\/dicodusport.fr\/blog\/wp-content\/uploads\/2022\/02\/Tennis-Coupe-Davis-Grosjean-sappuie-sur-Monfils-et-Mannarino.png","keywords":["Adrian Mannarino","Coupe Davis","Ga\u00ebl Monfils","Nicolas Mahut","Pierre-Hugues Herbert","Tennis"],"articleSection":["Tennis"],"inLanguage":"fr-FR","potentialAction":[{"@type":"CommentAction","name":"Comment","target":["https:\/\/dicodusport.fr\/blog\/tennis-coupe-davis-grosjean-sappuie-sur-monfils-et-mannarino\/#respond"]}],"copyrightYear":"2022","copyrightHolder":{"@id":"https:\/\/dicodusport.fr\/blog\/#organization"}},{"@type":"WebPage","@id":"https:\/\/dicodusport.fr\/blog\/tennis-coupe-davis-grosjean-sappuie-sur-monfils-et-mannarino\/","url":"https:\/\/dicodusport.fr\/blog\/tennis-coupe-davis-grosjean-sappuie-sur-monfils-et-mannarino\/","name":"Coupe Davis 2022 : Grosjean s'appuie sur Monfils et Mannarino","isPartOf":{"@id":"https:\/\/dicodusport.fr\/blog\/#website"},"primaryImageOfPage":{"@id":"https:\/\/dicodusport.fr\/blog\/tennis-coupe-davis-grosjean-sappuie-sur-monfils-et-mannarino\/#primaryimage"},"image":{"@id":"https:\/\/dicodusport.fr\/blog\/tennis-coupe-davis-grosjean-sappuie-sur-monfils-et-mannarino\/#primaryimage"},"thumbnailUrl":"https:\/\/dicodusport.fr\/blog\/wp-content\/uploads\/2022\/02\/Tennis-Coupe-Davis-Grosjean-sappuie-sur-Monfils-et-Mannarino.png","datePublished":"2022-02-04T13:11:48+00:00","dateModified":"2022-02-04T13:12:39+00:00","description":"L'Equipe de France affrontera l'Equateur \u00e0 Pau les 4 et 5 mars prochain. S\u00e9bastien Grosjean a annonc\u00e9 sa s\u00e9lection.","breadcrumb":{"@id":"https:\/\/dicodusport.fr\/blog\/tennis-coupe-davis-grosjean-sappuie-sur-monfils-et-mannarino\/#breadcrumb"},"inLanguage":"fr-FR","potentialAction":[{"@type":"ReadAction","target":["https:\/\/dicodusport.fr\/blog\/tennis-coupe-davis-grosjean-sappuie-sur-monfils-et-mannarino\/"]}]},{"@type":"ImageObject","inLanguage":"fr-FR","@id":"https:\/\/dicodusport.fr\/blog\/tennis-coupe-davis-grosjean-sappuie-sur-monfils-et-mannarino\/#primaryimage","url":"https:\/\/dicodusport.fr\/blog\/wp-content\/uploads\/2022\/02\/Tennis-Coupe-Davis-Grosjean-sappuie-sur-Monfils-et-Mannarino.png","contentUrl":"https:\/\/dicodusport.fr\/blog\/wp-content\/uploads\/2022\/02\/Tennis-Coupe-Davis-Grosjean-sappuie-sur-Monfils-et-Mannarino.png","width":800,"height":445},{"@type":"BreadcrumbList","@id":"https:\/\/dicodusport.fr\/blog\/tennis-coupe-davis-grosjean-sappuie-sur-monfils-et-mannarino\/#breadcrumb","itemListElement":[{"@type":"ListItem","position":1,"name":"Accueil","item":"https:\/\/dicodusport.fr\/blog\/"},{"@type":"ListItem","position":2,"name":"Coupe Davis 2022 : Grosjean s&rsquo;appuie sur Monfils et Mannarino"}]},{"@type":"WebSite","@id":"https:\/\/dicodusport.fr\/blog\/#website","url":"https:\/\/dicodusport.fr\/blog\/","name":"Dicodusport","description":"L&#039;encyclop\u00e9die de l&#039;actualit\u00e9 sportive","publisher":{"@id":"https:\/\/dicodusport.fr\/blog\/#organization"},"potentialAction":[{"@type":"SearchAction","target":{"@type":"EntryPoint","urlTemplate":"https:\/\/dicodusport.fr\/blog\/?s={search_term_string}"},"query-input":{"@type":"PropertyValueSpecification","valueRequired":true,"valueName":"search_term_string"}}],"inLanguage":"fr-FR"},{"@type":"NewsMediaOrganization","@id":"https:\/\/dicodusport.fr\/blog\/#organization","name":"Dicodusport","url":"https:\/\/dicodusport.fr\/blog\/","logo":{"@type":"ImageObject","inLanguage":"fr-FR","@id":"https:\/\/dicodusport.fr\/blog\/#\/schema\/logo\/image\/","url":"https:\/\/dicodusport.fr\/blog\/wp-content\/uploads\/2020\/06\/cropped-LOGO-DICODUSPORT-2020-SANS-FOND-SANS-TEXTE.png","contentUrl":"https:\/\/dicodusport.fr\/blog\/wp-content\/uploads\/2020\/06\/cropped-LOGO-DICODUSPORT-2020-SANS-FOND-SANS-TEXTE.png","width":512,"height":512,"caption":"Dicodusport"},"image":{"@id":"https:\/\/dicodusport.fr\/blog\/#\/schema\/logo\/image\/"},"sameAs":["https:\/\/www.facebook.com\/dicodusport","https:\/\/x.com\/dicodusport","https:\/\/www.instagram.com\/dicodusport\/","https:\/\/www.youtube.com\/channel\/UC7V2KZ5sd3htJivAbA4ZG3w"],"description":"Dicodusport est l'encyclop\u00e9die de l'actualit\u00e9 sportive.","email":"bonjour@dicodusport.fr","legalName":"DICODUSPORT","foundingDate":"2018-01-14","vatID":"FR71834470973","taxID":"83447097300043","numberOfEmployees":{"@type":"QuantitativeValue","minValue":"1","maxValue":"10"}},{"@type":"Person","@id":"https:\/\/dicodusport.fr\/blog\/#\/schema\/person\/0f73d157e4670e108e23009fa82f2239","name":"Julien Correia","image":{"@type":"ImageObject","inLanguage":"fr-FR","@id":"https:\/\/dicodusport.fr\/blog\/#\/schema\/person\/image\/","url":"https:\/\/dicodusport.fr\/blog\/wp-content\/uploads\/2021\/05\/Julien-Correia-150x150.jpg","contentUrl":"https:\/\/dicodusport.fr\/blog\/wp-content\/uploads\/2021\/05\/Julien-Correia-150x150.jpg","caption":"Julien Correia"},"description":"Journaliste\/r\u00e9dacteur depuis janvier 2019 - Tomb\u00e9 dans le monde du ballon rond \u00e9tant petit, j\u2019aurais pu devenir pro sans ces foutus ligaments crois\u00e9s. D\u00e9filant sur les champs (mais pas Elys\u00e9es) en 98, j\u2019ai \u00e9t\u00e9 berc\u00e9 par les exploits de Mister George, piqu\u00e9 par la technique du Snake, grandi avec Captain Rai et Ronnie, m\u00fbri avec Pauleta et Edi. Mais Ibracadabra, je suis d\u00e9sormais reconverti en runner\/traileur. Moins rapide que Bolt et moins endurant que Jornet, c\u2019est donc plume \u00e0 la main que je partage les exploits de ces athl\u00e8tes !","sameAs":["https:\/\/www.facebook.com\/julien.correia.52","https:\/\/x.com\/https:\/\/twitter.com\/julienco_psg70"],"url":"https:\/\/dicodusport.fr\/blog\/author\/julien-c\/"}]}},"_links":{"self":[{"href":"https:\/\/dicodusport.fr\/blog\/wp-json\/wp\/v2\/posts\/197017","targetHints":{"allow":["GET"]}}],"collection":[{"href":"https:\/\/dicodusport.fr\/blog\/wp-json\/wp\/v2\/posts"}],"about":[{"href":"https:\/\/dicodusport.fr\/blog\/wp-json\/wp\/v2\/types\/post"}],"author":[{"embeddable":true,"href":"https:\/\/dicodusport.fr\/blog\/wp-json\/wp\/v2\/users\/37"}],"replies":[{"embeddable":true,"href":"https:\/\/dicodusport.fr\/blog\/wp-json\/wp\/v2\/comments?post=197017"}],"version-history":[{"count":0,"href":"https:\/\/dicodusport.fr\/blog\/wp-json\/wp\/v2\/posts\/197017\/revisions"}],"wp:featuredmedia":[{"embeddable":true,"href":"https:\/\/dicodusport.fr\/blog\/wp-json\/wp\/v2\/media\/197027"}],"wp:attachment":[{"href":"https:\/\/dicodusport.fr\/blog\/wp-json\/wp\/v2\/media?parent=197017"}],"wp:term":[{"taxonomy":"category","embeddable":true,"href":"https:\/\/dicodusport.fr\/blog\/wp-json\/wp\/v2\/categories?post=197017"},{"taxonomy":"post_tag","embeddable":true,"href":"https:\/\/dicodusport.fr\/blog\/wp-json\/wp\/v2\/tags?post=197017"}],"curies":[{"name":"wp","href":"https:\/\/api.w.org\/{rel}","templated":true}]}}