{"id":197392,"date":"2022-02-05T16:52:55","date_gmt":"2022-02-05T15:52:55","guid":{"rendered":"https:\/\/dicodusport.fr\/blog\/?p=197392"},"modified":"2022-02-05T17:36:29","modified_gmt":"2022-02-05T16:36:29","slug":"etoile-de-besseges-2022-tobias-johannessen-s-impose-au-mont-bouquet","status":"publish","type":"post","link":"https:\/\/dicodusport.fr\/blog\/etoile-de-besseges-2022-tobias-johannessen-s-impose-au-mont-bouquet\/","title":{"rendered":"\u00c9toile de Bess\u00e8ges 2022 : Tobias Johannessen s&rsquo;impose au sommet du Mont Bouquet"},"content":{"rendered":"<p style=\"text-align: justify;\"><em><strong><b><a href=\"https:\/\/www.procyclingstats.com\/race\/etoile-de-besseges\/2022\/startlist\/preview\" target=\"_blank\" rel=\"noopener\">\u00c9TOILE DE BESS\u00c8GES 2022<\/a><\/b> \u2013 Le vainqueur du Tour de l&rsquo;Avenir 2021 Tobias Johannessen (Uno-X) <\/strong><\/em><strong><em>a remport\u00e9 la quatri\u00e8me \u00e9tape jug\u00e9e au sommet du Mont Bouquet. Il a devanc\u00e9 Jay Vine (Alpecin Fenix) et Antonio Tiberi (Trek Segafredo). En difficult\u00e9 dans la mont\u00e9e finale, Benjamin Thomas (Cofidis) a conserv\u00e9 son maillot de leader.<\/em><br \/>\n<\/strong><\/p>\n<p style=\"text-align: justify;\">D&rsquo;abord, huit coureurs ont form\u00e9 l&rsquo;\u00e9chapp\u00e9e du jour : <strong>Flavien Maurelet<\/strong> (St-Michel-Auber 93), <strong>Samuel Leroux<\/strong> (Go Sport-Roubaix Lille M\u00e9tropole), <strong>Antoine Raugel<\/strong> (AG2R Citro\u00ebn Team), <strong>Joel Suter<\/strong> (UAE Team Emirates), <strong>Georg Zimmermann<\/strong> (Intermarch\u00e9-Wanty-Gobert Mat\u00e9riaux), <strong>Tony Gallopin<\/strong> (Trek-Segafredo), <strong>Alexis Gougeard<\/strong> (B&amp;B H\u00f4tels-KTM), et <strong>Emmanuel Morin<\/strong> (Team U Nantes Atlantique). Le peloton emmen\u00e9 par la Cofidis, n&rsquo;a laiss\u00e9 que 2 minutes 50 d&rsquo;avance au maximum aux fuyards.<\/p>\n<p style=\"text-align: justify;\">Puis, les formations Uno-X, Groupama FDJ et Alpecin Fenix sont venus mener la chasse derri\u00e8re l&rsquo;\u00e9chapp\u00e9e matinale. Ensuite, \u00e0 35 kilom\u00e8tres du terme, <strong>Zimmermann<\/strong>, <strong>Suter<\/strong>, <strong>Gougeard<\/strong> et <strong>Gallopin<\/strong> se sont d\u00e9barrass\u00e9s de leurs compagnons de fugue. Mais <strong>Gallopin<\/strong> n&rsquo;est pas arriv\u00e9 \u00e0 suivre leur rythme des trois autres coureurs. Du c\u00f4t\u00e9 du peloton, l&rsquo;\u00e9cart est descendu sous la minute.<\/p>\n<p style=\"text-align: justify;\">Par la suite, apr\u00e8s avoir distanc\u00e9 Gougeard, <strong>Zimmermann<\/strong> et <strong>Suter<\/strong> ont \u00e9t\u00e9 repris \u00e0 5 km du terme avant d&rsquo;atteindre le pied du Mont Bouquet.<\/p>\n<h2 style=\"text-align: justify;\"><strong>Tobias Johannessen<\/strong>, le plus fort<\/h2>\n<p style=\"text-align: justify;\">Le leader du g\u00e9n\u00e9ral <strong>Benjamin Thomas<\/strong> (Cofidis) \u00e9tait mal plac\u00e9 au d\u00e9but de la mont\u00e9e finale mais il a r\u00e9ussi \u00e0 se replacer en t\u00eate du peloton apr\u00e8s un kilom\u00e8tre d&rsquo;ascension. <strong>R\u00e9my Rochas<\/strong> a impos\u00e9 un rythme \u00e9lev\u00e9 au milieu de la bosse pour \u00e9viter les attaques. <strong>Jay Vine<\/strong> (Alpecin Fenix) a port\u00e9 la premi\u00e8re attaque avec <strong>Tobias Johannessen<\/strong> (Uno-X) dans son <strong>sillage<\/strong>. <strong>Antonio Tiberi <\/strong>(Trek Segafredo) est revenu au train sur le duo de t\u00eate tandis que <strong>Cl\u00e9ment Champoussin <\/strong>(AG2r Citroen) a fait la jonction dans le dernier kilom\u00e8tre.<\/p>\n<p style=\"text-align: justify;\">Finalement, <strong>Tobias Johannessen<\/strong> (Uno-X) s&rsquo;est montr\u00e9 le plus fort au sommet du Mont Bouquet devant <strong>Jay Vine<\/strong> (Alpecin Fenix) et <strong>Antonio Tiberi <\/strong>(Trek Segafredo). <strong>Cl\u00e9ment Champoussin <\/strong>(AG2R Citroen) a fini 4e.<\/p>\n<blockquote class=\"twitter-tweet\">\n<p dir=\"ltr\" lang=\"fr\">La victoire pour Tobias Johannessen &#x1f1f3;&#x1f1f4; !<\/p>\n<p>Le jeune norv\u00e9gien s&rsquo;impose mais Benjamin Thomas devrait conserver la t\u00eate avant le contre-la-montre de demain<\/p>\n<p>Les r\u00e9actions \u00e0 retrouver ici &gt; <a href=\"https:\/\/t.co\/Gb6fARVd6E\">https:\/\/t.co\/Gb6fARVd6E<\/a> <a href=\"https:\/\/twitter.com\/hashtag\/EDB2022?src=hash&amp;ref_src=twsrc%5Etfw\">#EDB2022<\/a> <a href=\"https:\/\/twitter.com\/hashtag\/CaVaFrotter?src=hash&amp;ref_src=twsrc%5Etfw\">#CaVaFrotter<\/a> <a href=\"https:\/\/twitter.com\/hashtag\/lequipeVELO?src=hash&amp;ref_src=twsrc%5Etfw\">#lequipeVELO<\/a> <a href=\"https:\/\/t.co\/2qhO2vNyMm\">pic.twitter.com\/2qhO2vNyMm<\/a><\/p>\n<p>\u2014 la chaine L&rsquo;\u00c9quipe (@lachainelequipe) <a href=\"https:\/\/twitter.com\/lachainelequipe\/status\/1489989608997801993?ref_src=twsrc%5Etfw\">February 5, 2022<\/a><\/p><\/blockquote>\n<p><script async src=\"https:\/\/platform.twitter.com\/widgets.js\" charset=\"utf-8\"><\/script><\/p>\n<h2 style=\"text-align: justify;\">Benjamin Thomas limite la casse<\/h2>\n<p style=\"text-align: justify;\">Au classement g\u00e9n\u00e9ral, <strong>Benjamin Thomas<\/strong> (Cofidis) a sauv\u00e9 pour 7 secondes sa tunique de leader par rapport \u00e0 <strong>Alberto Bettiol<\/strong> (EF Education EasyPost). Demain, place au contre-la-montre final \u00e0 Al\u00e8s.<\/p>\n<h2 style=\"text-align: justify;\"><strong>\u00c0 lire aussi<\/strong><\/h2>\n<ul>\n<li style=\"text-align: justify;\"><a href=\"https:\/\/dicodusport.fr\/blog\/etoile-de-besseges-2022-classement-de-la-4eme-etape\/\"><strong>Le classement de la 4\u00e8me \u00e9tape de l&rsquo;\u00c9toile de Bess\u00e8ges<\/strong><\/a><\/li>\n<li style=\"text-align: justify;\"><a href=\"https:\/\/dicodusport.fr\/blog\/etoile-de-besseges-2022-classement-general\/\"><strong>Le classement g\u00e9n\u00e9ral de l&rsquo;\u00c9toile de Bess\u00e8ges<\/strong><\/a><\/li>\n<\/ul>\n","protected":false},"excerpt":{"rendered":"<p>\u00c9TOILE DE BESS\u00c8GES 2022 \u2013 Le vainqueur du Tour de l&rsquo;Avenir 2021 Tobias Johannessen (Uno-X) a remport\u00e9 la quatri\u00e8me \u00e9tape jug\u00e9e au sommet du Mont Bouquet. Il a devanc\u00e9 Jay Vine (Alpecin Fenix) et Antonio Tiberi (Trek Segafredo). En difficult\u00e9 dans la mont\u00e9e finale, Benjamin Thomas (Cofidis) a conserv\u00e9 son maillot de leader.<\/p>\n","protected":false},"author":48,"featured_media":197420,"comment_status":"open","ping_status":"closed","sticky":false,"template":"","format":"standard","meta":{"_acf_changed":false,"_daextam_enable_autolinks":"","footnotes":""},"categories":[46994],"tags":[3119,3645],"class_list":["post-197392","post","type-post","status-publish","format-standard","has-post-thumbnail","hentry","category-cyclisme-sur-route","tag-actualite-cyclisme","tag-etoile-de-besseges"],"acf":[],"yoast_head":"<!-- This site is optimized with the Yoast SEO Premium plugin v26.7 (Yoast SEO v26.7) - https:\/\/yoast.com\/wordpress\/plugins\/seo\/ -->\n<title>\u00c9toile de Bess\u00e8ges 2022 : Tobias Johannessen s&#039;impose au sommet du Mont Bouquet<\/title>\n<meta name=\"description\" content=\"\u00c9TOILE DE BESS\u00c8GES 2022 \u2013 Le vainqueur du Tour de l&#039;Avenir 2021 Tobias Johannessen (Uno-X) a remport\u00e9 la 4\u00e8me \u00e9tape.\" \/>\n<meta name=\"robots\" content=\"index, follow, max-snippet:-1, max-image-preview:large, max-video-preview:-1\" \/>\n<link rel=\"canonical\" href=\"https:\/\/dicodusport.fr\/blog\/etoile-de-besseges-2022-tobias-johannessen-s-impose-au-mont-bouquet\/\" \/>\n<meta property=\"og:locale\" content=\"fr_FR\" \/>\n<meta property=\"og:type\" content=\"article\" \/>\n<meta property=\"og:title\" content=\"\u00c9toile de Bess\u00e8ges 2022 : Tobias Johannessen s&#039;impose au sommet du Mont Bouquet\" \/>\n<meta property=\"og:description\" content=\"\u00c9TOILE DE BESS\u00c8GES 2022 \u2013 Le vainqueur du Tour de l&#039;Avenir 2021 Tobias Johannessen (Uno-X) a remport\u00e9 la 4\u00e8me \u00e9tape.\" \/>\n<meta property=\"og:url\" content=\"https:\/\/dicodusport.fr\/blog\/etoile-de-besseges-2022-tobias-johannessen-s-impose-au-mont-bouquet\/\" \/>\n<meta property=\"og:site_name\" content=\"Dicodusport\" \/>\n<meta property=\"article:publisher\" content=\"https:\/\/www.facebook.com\/dicodusport\" \/>\n<meta property=\"article:author\" content=\"https:\/\/www.facebook.com\/groups\/LesRoisDuPeloton\" \/>\n<meta property=\"article:published_time\" content=\"2022-02-05T15:52:55+00:00\" \/>\n<meta property=\"article:modified_time\" content=\"2022-02-05T16:36:29+00:00\" \/>\n<meta property=\"og:image\" content=\"https:\/\/dicodusport.fr\/blog\/wp-content\/uploads\/2022\/02\/Etoile-de-Besseges-2022-Tobias-Johannessen-simpose-au-sommet-du-Mont-Bouquet.png\" \/>\n\t<meta property=\"og:image:width\" content=\"800\" \/>\n\t<meta property=\"og:image:height\" content=\"445\" \/>\n\t<meta property=\"og:image:type\" content=\"image\/png\" \/>\n<meta name=\"author\" content=\"Emilien Descampiaux\" \/>\n<meta name=\"twitter:card\" content=\"summary_large_image\" \/>\n<meta name=\"twitter:title\" content=\"\u00c9toile de Bess\u00e8ges 2022 : Tobias Johannessen s&#039;impose au sommet du Mont Bouquet\" \/>\n<meta name=\"twitter:creator\" content=\"@https:\/\/twitter.com\/LRoisDuPeloton\" \/>\n<meta name=\"twitter:site\" content=\"@dicodusport\" \/>\n<script type=\"application\/ld+json\" class=\"yoast-schema-graph\">{\"@context\":\"https:\/\/schema.org\",\"@graph\":[{\"@type\":\"NewsArticle\",\"@id\":\"https:\/\/dicodusport.fr\/blog\/etoile-de-besseges-2022-tobias-johannessen-s-impose-au-mont-bouquet\/#article\",\"isPartOf\":{\"@id\":\"https:\/\/dicodusport.fr\/blog\/etoile-de-besseges-2022-tobias-johannessen-s-impose-au-mont-bouquet\/\"},\"author\":{\"name\":\"Emilien Descampiaux\",\"@id\":\"https:\/\/dicodusport.fr\/blog\/#\/schema\/person\/6db4bae06b171592211be385b32876a7\"},\"headline\":\"\u00c9toile de Bess\u00e8ges 2022 : Tobias Johannessen s&rsquo;impose au sommet du Mont Bouquet\",\"datePublished\":\"2022-02-05T15:52:55+00:00\",\"dateModified\":\"2022-02-05T16:36:29+00:00\",\"mainEntityOfPage\":{\"@id\":\"https:\/\/dicodusport.fr\/blog\/etoile-de-besseges-2022-tobias-johannessen-s-impose-au-mont-bouquet\/\"},\"wordCount\":490,\"commentCount\":0,\"publisher\":{\"@id\":\"https:\/\/dicodusport.fr\/blog\/#organization\"},\"image\":{\"@id\":\"https:\/\/dicodusport.fr\/blog\/etoile-de-besseges-2022-tobias-johannessen-s-impose-au-mont-bouquet\/#primaryimage\"},\"thumbnailUrl\":\"https:\/\/dicodusport.fr\/blog\/wp-content\/uploads\/2022\/02\/Etoile-de-Besseges-2022-Tobias-Johannessen-simpose-au-sommet-du-Mont-Bouquet.png\",\"keywords\":[\"Actualit\u00e9 Cyclisme\",\"Etoile de Bess\u00e8ges\"],\"articleSection\":[\"Cyclisme sur route\"],\"inLanguage\":\"fr-FR\",\"potentialAction\":[{\"@type\":\"CommentAction\",\"name\":\"Comment\",\"target\":[\"https:\/\/dicodusport.fr\/blog\/etoile-de-besseges-2022-tobias-johannessen-s-impose-au-mont-bouquet\/#respond\"]}],\"copyrightYear\":\"2022\",\"copyrightHolder\":{\"@id\":\"https:\/\/dicodusport.fr\/blog\/#organization\"}},{\"@type\":\"WebPage\",\"@id\":\"https:\/\/dicodusport.fr\/blog\/etoile-de-besseges-2022-tobias-johannessen-s-impose-au-mont-bouquet\/\",\"url\":\"https:\/\/dicodusport.fr\/blog\/etoile-de-besseges-2022-tobias-johannessen-s-impose-au-mont-bouquet\/\",\"name\":\"\u00c9toile de Bess\u00e8ges 2022 : Tobias Johannessen s'impose au sommet du Mont Bouquet\",\"isPartOf\":{\"@id\":\"https:\/\/dicodusport.fr\/blog\/#website\"},\"primaryImageOfPage\":{\"@id\":\"https:\/\/dicodusport.fr\/blog\/etoile-de-besseges-2022-tobias-johannessen-s-impose-au-mont-bouquet\/#primaryimage\"},\"image\":{\"@id\":\"https:\/\/dicodusport.fr\/blog\/etoile-de-besseges-2022-tobias-johannessen-s-impose-au-mont-bouquet\/#primaryimage\"},\"thumbnailUrl\":\"https:\/\/dicodusport.fr\/blog\/wp-content\/uploads\/2022\/02\/Etoile-de-Besseges-2022-Tobias-Johannessen-simpose-au-sommet-du-Mont-Bouquet.png\",\"datePublished\":\"2022-02-05T15:52:55+00:00\",\"dateModified\":\"2022-02-05T16:36:29+00:00\",\"description\":\"\u00c9TOILE DE BESS\u00c8GES 2022 \u2013 Le vainqueur du Tour de l'Avenir 2021 Tobias Johannessen (Uno-X) a remport\u00e9 la 4\u00e8me \u00e9tape.\",\"breadcrumb\":{\"@id\":\"https:\/\/dicodusport.fr\/blog\/etoile-de-besseges-2022-tobias-johannessen-s-impose-au-mont-bouquet\/#breadcrumb\"},\"inLanguage\":\"fr-FR\",\"potentialAction\":[{\"@type\":\"ReadAction\",\"target\":[\"https:\/\/dicodusport.fr\/blog\/etoile-de-besseges-2022-tobias-johannessen-s-impose-au-mont-bouquet\/\"]}]},{\"@type\":\"ImageObject\",\"inLanguage\":\"fr-FR\",\"@id\":\"https:\/\/dicodusport.fr\/blog\/etoile-de-besseges-2022-tobias-johannessen-s-impose-au-mont-bouquet\/#primaryimage\",\"url\":\"https:\/\/dicodusport.fr\/blog\/wp-content\/uploads\/2022\/02\/Etoile-de-Besseges-2022-Tobias-Johannessen-simpose-au-sommet-du-Mont-Bouquet.png\",\"contentUrl\":\"https:\/\/dicodusport.fr\/blog\/wp-content\/uploads\/2022\/02\/Etoile-de-Besseges-2022-Tobias-Johannessen-simpose-au-sommet-du-Mont-Bouquet.png\",\"width\":800,\"height\":445,\"caption\":\"\u00c9toile de Bess\u00e8ges 2022 Tobias Johannessen s'impose au sommet du Mont Bouquet\"},{\"@type\":\"BreadcrumbList\",\"@id\":\"https:\/\/dicodusport.fr\/blog\/etoile-de-besseges-2022-tobias-johannessen-s-impose-au-mont-bouquet\/#breadcrumb\",\"itemListElement\":[{\"@type\":\"ListItem\",\"position\":1,\"name\":\"Accueil\",\"item\":\"https:\/\/dicodusport.fr\/blog\/\"},{\"@type\":\"ListItem\",\"position\":2,\"name\":\"\u00c9toile de Bess\u00e8ges 2022 : Tobias Johannessen s&rsquo;impose au sommet du Mont Bouquet\"}]},{\"@type\":\"WebSite\",\"@id\":\"https:\/\/dicodusport.fr\/blog\/#website\",\"url\":\"https:\/\/dicodusport.fr\/blog\/\",\"name\":\"Dicodusport\",\"description\":\"L&#039;encyclop\u00e9die de l&#039;actualit\u00e9 sportive\",\"publisher\":{\"@id\":\"https:\/\/dicodusport.fr\/blog\/#organization\"},\"potentialAction\":[{\"@type\":\"SearchAction\",\"target\":{\"@type\":\"EntryPoint\",\"urlTemplate\":\"https:\/\/dicodusport.fr\/blog\/?s={search_term_string}\"},\"query-input\":{\"@type\":\"PropertyValueSpecification\",\"valueRequired\":true,\"valueName\":\"search_term_string\"}}],\"inLanguage\":\"fr-FR\"},{\"@type\":\"NewsMediaOrganization\",\"@id\":\"https:\/\/dicodusport.fr\/blog\/#organization\",\"name\":\"Dicodusport\",\"url\":\"https:\/\/dicodusport.fr\/blog\/\",\"logo\":{\"@type\":\"ImageObject\",\"inLanguage\":\"fr-FR\",\"@id\":\"https:\/\/dicodusport.fr\/blog\/#\/schema\/logo\/image\/\",\"url\":\"https:\/\/dicodusport.fr\/blog\/wp-content\/uploads\/2020\/06\/cropped-LOGO-DICODUSPORT-2020-SANS-FOND-SANS-TEXTE.png\",\"contentUrl\":\"https:\/\/dicodusport.fr\/blog\/wp-content\/uploads\/2020\/06\/cropped-LOGO-DICODUSPORT-2020-SANS-FOND-SANS-TEXTE.png\",\"width\":512,\"height\":512,\"caption\":\"Dicodusport\"},\"image\":{\"@id\":\"https:\/\/dicodusport.fr\/blog\/#\/schema\/logo\/image\/\"},\"sameAs\":[\"https:\/\/www.facebook.com\/dicodusport\",\"https:\/\/x.com\/dicodusport\",\"https:\/\/www.instagram.com\/dicodusport\/\",\"https:\/\/www.youtube.com\/channel\/UC7V2KZ5sd3htJivAbA4ZG3w\"],\"description\":\"Dicodusport est l'encyclop\u00e9die de l'actualit\u00e9 sportive.\",\"email\":\"bonjour@dicodusport.fr\",\"legalName\":\"DICODUSPORT\",\"foundingDate\":\"2018-01-14\",\"vatID\":\"FR71834470973\",\"taxID\":\"83447097300043\",\"numberOfEmployees\":{\"@type\":\"QuantitativeValue\",\"minValue\":\"1\",\"maxValue\":\"10\"}},{\"@type\":\"Person\",\"@id\":\"https:\/\/dicodusport.fr\/blog\/#\/schema\/person\/6db4bae06b171592211be385b32876a7\",\"name\":\"Emilien Descampiaux\",\"image\":{\"@type\":\"ImageObject\",\"inLanguage\":\"fr-FR\",\"@id\":\"https:\/\/dicodusport.fr\/blog\/#\/schema\/person\/image\/\",\"url\":\"https:\/\/dicodusport.fr\/blog\/wp-content\/uploads\/2021\/05\/Emilien-Descampiaux-150x150.jpg\",\"contentUrl\":\"https:\/\/dicodusport.fr\/blog\/wp-content\/uploads\/2021\/05\/Emilien-Descampiaux-150x150.jpg\",\"caption\":\"Emilien Descampiaux\"},\"description\":\"Journaliste\/r\u00e9dacteur depuis 2014 - Fan de la classe de Frank Vandenbroucke, je vis cyclisme (et de ses paysages) depuis plus de 20 ans. Je suis tr\u00e8s impliqu\u00e9 sur mes diff\u00e9rents r\u00e9seaux sociaux pour partager ma passion sur le monde et l'Histoire de la bicyclette avec ma voix sur les images en noir et blanc du succ\u00e8s de Rik Van Steenbergen lors du Ronde sur le V\u00e9lodrome de Gand.\",\"sameAs\":[\"https:\/\/www.facebook.com\/groups\/LesRoisDuPeloton\",\"https:\/\/x.com\/https:\/\/twitter.com\/LRoisDuPeloton\"],\"url\":\"https:\/\/dicodusport.fr\/blog\/author\/emiliend\/\"}]}<\/script>\n<!-- \/ Yoast SEO Premium plugin. -->","yoast_head_json":{"title":"\u00c9toile de Bess\u00e8ges 2022 : Tobias Johannessen s'impose au sommet du Mont Bouquet","description":"\u00c9TOILE DE BESS\u00c8GES 2022 \u2013 Le vainqueur du Tour de l'Avenir 2021 Tobias Johannessen (Uno-X) a remport\u00e9 la 4\u00e8me \u00e9tape.","robots":{"index":"index","follow":"follow","max-snippet":"max-snippet:-1","max-image-preview":"max-image-preview:large","max-video-preview":"max-video-preview:-1"},"canonical":"https:\/\/dicodusport.fr\/blog\/etoile-de-besseges-2022-tobias-johannessen-s-impose-au-mont-bouquet\/","og_locale":"fr_FR","og_type":"article","og_title":"\u00c9toile de Bess\u00e8ges 2022 : Tobias Johannessen s'impose au sommet du Mont Bouquet","og_description":"\u00c9TOILE DE BESS\u00c8GES 2022 \u2013 Le vainqueur du Tour de l'Avenir 2021 Tobias Johannessen (Uno-X) a remport\u00e9 la 4\u00e8me \u00e9tape.","og_url":"https:\/\/dicodusport.fr\/blog\/etoile-de-besseges-2022-tobias-johannessen-s-impose-au-mont-bouquet\/","og_site_name":"Dicodusport","article_publisher":"https:\/\/www.facebook.com\/dicodusport","article_author":"https:\/\/www.facebook.com\/groups\/LesRoisDuPeloton","article_published_time":"2022-02-05T15:52:55+00:00","article_modified_time":"2022-02-05T16:36:29+00:00","og_image":[{"width":800,"height":445,"url":"https:\/\/dicodusport.fr\/blog\/wp-content\/uploads\/2022\/02\/Etoile-de-Besseges-2022-Tobias-Johannessen-simpose-au-sommet-du-Mont-Bouquet.png","type":"image\/png"}],"author":"Emilien Descampiaux","twitter_card":"summary_large_image","twitter_title":"\u00c9toile de Bess\u00e8ges 2022 : Tobias Johannessen s'impose au sommet du Mont Bouquet","twitter_creator":"@https:\/\/twitter.com\/LRoisDuPeloton","twitter_site":"@dicodusport","schema":{"@context":"https:\/\/schema.org","@graph":[{"@type":"NewsArticle","@id":"https:\/\/dicodusport.fr\/blog\/etoile-de-besseges-2022-tobias-johannessen-s-impose-au-mont-bouquet\/#article","isPartOf":{"@id":"https:\/\/dicodusport.fr\/blog\/etoile-de-besseges-2022-tobias-johannessen-s-impose-au-mont-bouquet\/"},"author":{"name":"Emilien Descampiaux","@id":"https:\/\/dicodusport.fr\/blog\/#\/schema\/person\/6db4bae06b171592211be385b32876a7"},"headline":"\u00c9toile de Bess\u00e8ges 2022 : Tobias Johannessen s&rsquo;impose au sommet du Mont Bouquet","datePublished":"2022-02-05T15:52:55+00:00","dateModified":"2022-02-05T16:36:29+00:00","mainEntityOfPage":{"@id":"https:\/\/dicodusport.fr\/blog\/etoile-de-besseges-2022-tobias-johannessen-s-impose-au-mont-bouquet\/"},"wordCount":490,"commentCount":0,"publisher":{"@id":"https:\/\/dicodusport.fr\/blog\/#organization"},"image":{"@id":"https:\/\/dicodusport.fr\/blog\/etoile-de-besseges-2022-tobias-johannessen-s-impose-au-mont-bouquet\/#primaryimage"},"thumbnailUrl":"https:\/\/dicodusport.fr\/blog\/wp-content\/uploads\/2022\/02\/Etoile-de-Besseges-2022-Tobias-Johannessen-simpose-au-sommet-du-Mont-Bouquet.png","keywords":["Actualit\u00e9 Cyclisme","Etoile de Bess\u00e8ges"],"articleSection":["Cyclisme sur route"],"inLanguage":"fr-FR","potentialAction":[{"@type":"CommentAction","name":"Comment","target":["https:\/\/dicodusport.fr\/blog\/etoile-de-besseges-2022-tobias-johannessen-s-impose-au-mont-bouquet\/#respond"]}],"copyrightYear":"2022","copyrightHolder":{"@id":"https:\/\/dicodusport.fr\/blog\/#organization"}},{"@type":"WebPage","@id":"https:\/\/dicodusport.fr\/blog\/etoile-de-besseges-2022-tobias-johannessen-s-impose-au-mont-bouquet\/","url":"https:\/\/dicodusport.fr\/blog\/etoile-de-besseges-2022-tobias-johannessen-s-impose-au-mont-bouquet\/","name":"\u00c9toile de Bess\u00e8ges 2022 : Tobias Johannessen s'impose au sommet du Mont Bouquet","isPartOf":{"@id":"https:\/\/dicodusport.fr\/blog\/#website"},"primaryImageOfPage":{"@id":"https:\/\/dicodusport.fr\/blog\/etoile-de-besseges-2022-tobias-johannessen-s-impose-au-mont-bouquet\/#primaryimage"},"image":{"@id":"https:\/\/dicodusport.fr\/blog\/etoile-de-besseges-2022-tobias-johannessen-s-impose-au-mont-bouquet\/#primaryimage"},"thumbnailUrl":"https:\/\/dicodusport.fr\/blog\/wp-content\/uploads\/2022\/02\/Etoile-de-Besseges-2022-Tobias-Johannessen-simpose-au-sommet-du-Mont-Bouquet.png","datePublished":"2022-02-05T15:52:55+00:00","dateModified":"2022-02-05T16:36:29+00:00","description":"\u00c9TOILE DE BESS\u00c8GES 2022 \u2013 Le vainqueur du Tour de l'Avenir 2021 Tobias Johannessen (Uno-X) a remport\u00e9 la 4\u00e8me \u00e9tape.","breadcrumb":{"@id":"https:\/\/dicodusport.fr\/blog\/etoile-de-besseges-2022-tobias-johannessen-s-impose-au-mont-bouquet\/#breadcrumb"},"inLanguage":"fr-FR","potentialAction":[{"@type":"ReadAction","target":["https:\/\/dicodusport.fr\/blog\/etoile-de-besseges-2022-tobias-johannessen-s-impose-au-mont-bouquet\/"]}]},{"@type":"ImageObject","inLanguage":"fr-FR","@id":"https:\/\/dicodusport.fr\/blog\/etoile-de-besseges-2022-tobias-johannessen-s-impose-au-mont-bouquet\/#primaryimage","url":"https:\/\/dicodusport.fr\/blog\/wp-content\/uploads\/2022\/02\/Etoile-de-Besseges-2022-Tobias-Johannessen-simpose-au-sommet-du-Mont-Bouquet.png","contentUrl":"https:\/\/dicodusport.fr\/blog\/wp-content\/uploads\/2022\/02\/Etoile-de-Besseges-2022-Tobias-Johannessen-simpose-au-sommet-du-Mont-Bouquet.png","width":800,"height":445,"caption":"\u00c9toile de Bess\u00e8ges 2022 Tobias Johannessen s'impose au sommet du Mont Bouquet"},{"@type":"BreadcrumbList","@id":"https:\/\/dicodusport.fr\/blog\/etoile-de-besseges-2022-tobias-johannessen-s-impose-au-mont-bouquet\/#breadcrumb","itemListElement":[{"@type":"ListItem","position":1,"name":"Accueil","item":"https:\/\/dicodusport.fr\/blog\/"},{"@type":"ListItem","position":2,"name":"\u00c9toile de Bess\u00e8ges 2022 : Tobias Johannessen s&rsquo;impose au sommet du Mont Bouquet"}]},{"@type":"WebSite","@id":"https:\/\/dicodusport.fr\/blog\/#website","url":"https:\/\/dicodusport.fr\/blog\/","name":"Dicodusport","description":"L&#039;encyclop\u00e9die de l&#039;actualit\u00e9 sportive","publisher":{"@id":"https:\/\/dicodusport.fr\/blog\/#organization"},"potentialAction":[{"@type":"SearchAction","target":{"@type":"EntryPoint","urlTemplate":"https:\/\/dicodusport.fr\/blog\/?s={search_term_string}"},"query-input":{"@type":"PropertyValueSpecification","valueRequired":true,"valueName":"search_term_string"}}],"inLanguage":"fr-FR"},{"@type":"NewsMediaOrganization","@id":"https:\/\/dicodusport.fr\/blog\/#organization","name":"Dicodusport","url":"https:\/\/dicodusport.fr\/blog\/","logo":{"@type":"ImageObject","inLanguage":"fr-FR","@id":"https:\/\/dicodusport.fr\/blog\/#\/schema\/logo\/image\/","url":"https:\/\/dicodusport.fr\/blog\/wp-content\/uploads\/2020\/06\/cropped-LOGO-DICODUSPORT-2020-SANS-FOND-SANS-TEXTE.png","contentUrl":"https:\/\/dicodusport.fr\/blog\/wp-content\/uploads\/2020\/06\/cropped-LOGO-DICODUSPORT-2020-SANS-FOND-SANS-TEXTE.png","width":512,"height":512,"caption":"Dicodusport"},"image":{"@id":"https:\/\/dicodusport.fr\/blog\/#\/schema\/logo\/image\/"},"sameAs":["https:\/\/www.facebook.com\/dicodusport","https:\/\/x.com\/dicodusport","https:\/\/www.instagram.com\/dicodusport\/","https:\/\/www.youtube.com\/channel\/UC7V2KZ5sd3htJivAbA4ZG3w"],"description":"Dicodusport est l'encyclop\u00e9die de l'actualit\u00e9 sportive.","email":"bonjour@dicodusport.fr","legalName":"DICODUSPORT","foundingDate":"2018-01-14","vatID":"FR71834470973","taxID":"83447097300043","numberOfEmployees":{"@type":"QuantitativeValue","minValue":"1","maxValue":"10"}},{"@type":"Person","@id":"https:\/\/dicodusport.fr\/blog\/#\/schema\/person\/6db4bae06b171592211be385b32876a7","name":"Emilien Descampiaux","image":{"@type":"ImageObject","inLanguage":"fr-FR","@id":"https:\/\/dicodusport.fr\/blog\/#\/schema\/person\/image\/","url":"https:\/\/dicodusport.fr\/blog\/wp-content\/uploads\/2021\/05\/Emilien-Descampiaux-150x150.jpg","contentUrl":"https:\/\/dicodusport.fr\/blog\/wp-content\/uploads\/2021\/05\/Emilien-Descampiaux-150x150.jpg","caption":"Emilien Descampiaux"},"description":"Journaliste\/r\u00e9dacteur depuis 2014 - Fan de la classe de Frank Vandenbroucke, je vis cyclisme (et de ses paysages) depuis plus de 20 ans. Je suis tr\u00e8s impliqu\u00e9 sur mes diff\u00e9rents r\u00e9seaux sociaux pour partager ma passion sur le monde et l'Histoire de la bicyclette avec ma voix sur les images en noir et blanc du succ\u00e8s de Rik Van Steenbergen lors du Ronde sur le V\u00e9lodrome de Gand.","sameAs":["https:\/\/www.facebook.com\/groups\/LesRoisDuPeloton","https:\/\/x.com\/https:\/\/twitter.com\/LRoisDuPeloton"],"url":"https:\/\/dicodusport.fr\/blog\/author\/emiliend\/"}]}},"_links":{"self":[{"href":"https:\/\/dicodusport.fr\/blog\/wp-json\/wp\/v2\/posts\/197392","targetHints":{"allow":["GET"]}}],"collection":[{"href":"https:\/\/dicodusport.fr\/blog\/wp-json\/wp\/v2\/posts"}],"about":[{"href":"https:\/\/dicodusport.fr\/blog\/wp-json\/wp\/v2\/types\/post"}],"author":[{"embeddable":true,"href":"https:\/\/dicodusport.fr\/blog\/wp-json\/wp\/v2\/users\/48"}],"replies":[{"embeddable":true,"href":"https:\/\/dicodusport.fr\/blog\/wp-json\/wp\/v2\/comments?post=197392"}],"version-history":[{"count":0,"href":"https:\/\/dicodusport.fr\/blog\/wp-json\/wp\/v2\/posts\/197392\/revisions"}],"wp:featuredmedia":[{"embeddable":true,"href":"https:\/\/dicodusport.fr\/blog\/wp-json\/wp\/v2\/media\/197420"}],"wp:attachment":[{"href":"https:\/\/dicodusport.fr\/blog\/wp-json\/wp\/v2\/media?parent=197392"}],"wp:term":[{"taxonomy":"category","embeddable":true,"href":"https:\/\/dicodusport.fr\/blog\/wp-json\/wp\/v2\/categories?post=197392"},{"taxonomy":"post_tag","embeddable":true,"href":"https:\/\/dicodusport.fr\/blog\/wp-json\/wp\/v2\/tags?post=197392"}],"curies":[{"name":"wp","href":"https:\/\/api.w.org\/{rel}","templated":true}]}}