{"id":197559,"date":"2022-02-06T06:14:19","date_gmt":"2022-02-06T05:14:19","guid":{"rendered":"https:\/\/dicodusport.fr\/blog\/?p=197559&#038;preview=true&#038;preview_id=197559"},"modified":"2022-02-06T06:19:30","modified_gmt":"2022-02-06T05:19:30","slug":"jo-pekin-2022-ski-alpin-descente-hommes-n-aura-pas-lieu-ce-dimanche","status":"publish","type":"post","link":"https:\/\/dicodusport.fr\/blog\/jo-pekin-2022-ski-alpin-descente-hommes-n-aura-pas-lieu-ce-dimanche\/","title":{"rendered":"JO P\u00e9kin 2022 &#8211; Ski alpin : La descente hommes n&rsquo;aura pas lieu ce dimanche"},"content":{"rendered":"<p style=\"text-align: justify;\"><strong><em><a href=\"https:\/\/dicodusport.fr\/blog\/ski-alpin-jo-pekin-2022-programme-resultats-medailles\/\">JO P\u00c9KIN 2022 &#8211; SKI ALPIN<\/a> &#8211; C&rsquo;\u00e9tait attendu, c&rsquo;est d\u00e9sormais confirm\u00e9. La descente hommes des JO de P\u00e9kin, pr\u00e9vue ce dimanche \u00e0 4h (heure fran\u00e7aise), a \u00e9t\u00e9 annul\u00e9e en raison du vent sur la piste York, \u00e0 Yanqing.<\/em><\/strong><\/p>\n<p style=\"text-align: justify;\">Repouss\u00e9e \u00e0 5h, puis 6h, puis 7h, <strong>la descente hommes des JO de P\u00e9kin<\/strong> a finalement \u00e9t\u00e9 report\u00e9e \u00e0 une date ult\u00e9rieure. En cause, les fortes bourrasques de vent qui balaient la piste de York, \u00e0 Yanqing. D\u00e9j\u00e0 hier, samedi, le dernier entra\u00eenement avait \u00e9t\u00e9 annul\u00e9, seuls quelques skieurs avaient pu prendre la piste, avant que l&rsquo;organisation ne stoppe les d\u00e9parts. Reste \u00e0 savoir d\u00e9sormais quand cette descente sera report\u00e9e, dans un planning tr\u00e8s serr\u00e9. On parle d&rsquo;un d\u00e9part demain, ce qui voudrait dire que deux courses de ski alpin auraient lieu le m\u00eame jour, puisque le g\u00e9ant dames doit \u00e9galement se tenir ce lundi. La descente pourrait alors se tenir entre les deux manches de ce g\u00e9ant f\u00e9minin.<\/p>\n<blockquote class=\"twitter-tweet\">\n<p dir=\"ltr\" lang=\"fr\">JO de P\u00e9kin\/ Ski alpin : pas de descente aujourd&rsquo;hui ! Le programme va \u00eatre modifi\u00e9. <a href=\"https:\/\/t.co\/nmdmbDkfYu\">https:\/\/t.co\/nmdmbDkfYu<\/a><\/p>\n<p>\u2014 Ski Chrono (@Ski_Chrono) <a href=\"https:\/\/twitter.com\/Ski_Chrono\/status\/1490189958002454528?ref_src=twsrc%5Etfw\">February 6, 2022<\/a><\/p><\/blockquote>\n<p><script async src=\"https:\/\/platform.twitter.com\/widgets.js\" charset=\"utf-8\"><\/script><\/p>\n<p style=\"text-align: justify;\">\n<p>&nbsp;<\/p>\n","protected":false},"excerpt":{"rendered":"<p>JO P\u00c9KIN 2022 &#8211; SKI ALPIN &#8211; C&rsquo;\u00e9tait attendu, c&rsquo;est d\u00e9sormais confirm\u00e9. La descente hommes des JO de P\u00e9kin, pr\u00e9vue ce dimanche \u00e0 4h (heure fran\u00e7aise), a \u00e9t\u00e9 annul\u00e9e en raison du vent sur la piste York, \u00e0 Yanqing.<\/p>\n","protected":false},"author":4,"featured_media":197560,"comment_status":"open","ping_status":"closed","sticky":false,"template":"","format":"standard","meta":{"_acf_changed":false,"_daextam_enable_autolinks":"","footnotes":""},"categories":[20104,9217],"tags":[21641,21579],"class_list":["post-197559","post","type-post","status-publish","format-standard","has-post-thumbnail","hentry","category-jo-hiver-pekin-2022","category-ski","tag-jeux-olympiques-de-pekin","tag-ski-alpin-jo-pekin"],"acf":[],"yoast_head":"<!-- This site is optimized with the Yoast SEO Premium plugin v26.7 (Yoast SEO v26.7) - https:\/\/yoast.com\/wordpress\/plugins\/seo\/ -->\n<title>JO P\u00e9kin 2022 - Ski alpin : La descente hommes n&#039;aura pas lieu ce dimanche<\/title>\n<meta name=\"description\" content=\"JO P\u00c9KIN 2022 - SKI ALPIN - La descente hommes des JO de P\u00e9kin, pr\u00e9vue ce dimanche \u00e0 4h (heure fran\u00e7aise), a \u00e9t\u00e9 annul\u00e9e en raison du vent.\" \/>\n<meta name=\"robots\" content=\"index, follow, max-snippet:-1, max-image-preview:large, max-video-preview:-1\" \/>\n<link rel=\"canonical\" href=\"https:\/\/dicodusport.fr\/blog\/jo-pekin-2022-ski-alpin-descente-hommes-n-aura-pas-lieu-ce-dimanche\/\" \/>\n<meta property=\"og:locale\" content=\"fr_FR\" \/>\n<meta property=\"og:type\" content=\"article\" \/>\n<meta property=\"og:title\" content=\"JO P\u00e9kin 2022 - Ski alpin : La descente hommes n&#039;aura pas lieu ce dimanche\" \/>\n<meta property=\"og:description\" content=\"JO P\u00c9KIN 2022 - SKI ALPIN - La descente hommes des JO de P\u00e9kin, pr\u00e9vue ce dimanche \u00e0 4h (heure fran\u00e7aise), a \u00e9t\u00e9 annul\u00e9e en raison du vent.\" \/>\n<meta property=\"og:url\" content=\"https:\/\/dicodusport.fr\/blog\/jo-pekin-2022-ski-alpin-descente-hommes-n-aura-pas-lieu-ce-dimanche\/\" \/>\n<meta property=\"og:site_name\" content=\"Dicodusport\" \/>\n<meta property=\"article:publisher\" content=\"https:\/\/www.facebook.com\/dicodusport\" \/>\n<meta property=\"article:author\" content=\"https:\/\/www.facebook.com\/florent.ostermann\" \/>\n<meta property=\"article:published_time\" content=\"2022-02-06T05:14:19+00:00\" \/>\n<meta property=\"article:modified_time\" content=\"2022-02-06T05:19:30+00:00\" \/>\n<meta property=\"og:image\" content=\"https:\/\/dicodusport.fr\/blog\/wp-content\/uploads\/2022\/02\/JO-Pekin-2022-Ski-alpin-La-descente-hommes-naura-pas-lieu-ce-dimanche.png\" \/>\n\t<meta property=\"og:image:width\" content=\"800\" \/>\n\t<meta property=\"og:image:height\" content=\"445\" \/>\n\t<meta property=\"og:image:type\" content=\"image\/png\" \/>\n<meta name=\"author\" content=\"Flo Ostermann\" \/>\n<meta name=\"twitter:card\" content=\"summary_large_image\" \/>\n<meta name=\"twitter:title\" content=\"JO P\u00e9kin 2022 - Ski alpin : La descente hommes n&#039;aura pas lieu ce dimanche\" \/>\n<meta name=\"twitter:creator\" content=\"@https:\/\/twitter.com\/FlOstermann\" \/>\n<meta name=\"twitter:site\" content=\"@dicodusport\" \/>\n<script type=\"application\/ld+json\" class=\"yoast-schema-graph\">{\"@context\":\"https:\/\/schema.org\",\"@graph\":[{\"@type\":\"NewsArticle\",\"@id\":\"https:\/\/dicodusport.fr\/blog\/jo-pekin-2022-ski-alpin-descente-hommes-n-aura-pas-lieu-ce-dimanche\/#article\",\"isPartOf\":{\"@id\":\"https:\/\/dicodusport.fr\/blog\/jo-pekin-2022-ski-alpin-descente-hommes-n-aura-pas-lieu-ce-dimanche\/\"},\"author\":{\"name\":\"Flo Ostermann\",\"@id\":\"https:\/\/dicodusport.fr\/blog\/#\/schema\/person\/cb02af4c173ce4a653b55e9baf388d4a\"},\"headline\":\"JO P\u00e9kin 2022 &#8211; Ski alpin : La descente hommes n&rsquo;aura pas lieu ce dimanche\",\"datePublished\":\"2022-02-06T05:14:19+00:00\",\"dateModified\":\"2022-02-06T05:19:30+00:00\",\"mainEntityOfPage\":{\"@id\":\"https:\/\/dicodusport.fr\/blog\/jo-pekin-2022-ski-alpin-descente-hommes-n-aura-pas-lieu-ce-dimanche\/\"},\"wordCount\":217,\"commentCount\":0,\"publisher\":{\"@id\":\"https:\/\/dicodusport.fr\/blog\/#organization\"},\"image\":{\"@id\":\"https:\/\/dicodusport.fr\/blog\/jo-pekin-2022-ski-alpin-descente-hommes-n-aura-pas-lieu-ce-dimanche\/#primaryimage\"},\"thumbnailUrl\":\"https:\/\/dicodusport.fr\/blog\/wp-content\/uploads\/2022\/02\/JO-Pekin-2022-Ski-alpin-La-descente-hommes-naura-pas-lieu-ce-dimanche.png\",\"keywords\":[\"Jeux Olympiques de P\u00e9kin\",\"Ski alpin JO P\u00e9kin\"],\"articleSection\":[\"JO d'hiver P\u00e9kin 2022\",\"Ski\"],\"inLanguage\":\"fr-FR\",\"potentialAction\":[{\"@type\":\"CommentAction\",\"name\":\"Comment\",\"target\":[\"https:\/\/dicodusport.fr\/blog\/jo-pekin-2022-ski-alpin-descente-hommes-n-aura-pas-lieu-ce-dimanche\/#respond\"]}],\"copyrightYear\":\"2022\",\"copyrightHolder\":{\"@id\":\"https:\/\/dicodusport.fr\/blog\/#organization\"}},{\"@type\":\"WebPage\",\"@id\":\"https:\/\/dicodusport.fr\/blog\/jo-pekin-2022-ski-alpin-descente-hommes-n-aura-pas-lieu-ce-dimanche\/\",\"url\":\"https:\/\/dicodusport.fr\/blog\/jo-pekin-2022-ski-alpin-descente-hommes-n-aura-pas-lieu-ce-dimanche\/\",\"name\":\"JO P\u00e9kin 2022 - Ski alpin : La descente hommes n'aura pas lieu ce dimanche\",\"isPartOf\":{\"@id\":\"https:\/\/dicodusport.fr\/blog\/#website\"},\"primaryImageOfPage\":{\"@id\":\"https:\/\/dicodusport.fr\/blog\/jo-pekin-2022-ski-alpin-descente-hommes-n-aura-pas-lieu-ce-dimanche\/#primaryimage\"},\"image\":{\"@id\":\"https:\/\/dicodusport.fr\/blog\/jo-pekin-2022-ski-alpin-descente-hommes-n-aura-pas-lieu-ce-dimanche\/#primaryimage\"},\"thumbnailUrl\":\"https:\/\/dicodusport.fr\/blog\/wp-content\/uploads\/2022\/02\/JO-Pekin-2022-Ski-alpin-La-descente-hommes-naura-pas-lieu-ce-dimanche.png\",\"datePublished\":\"2022-02-06T05:14:19+00:00\",\"dateModified\":\"2022-02-06T05:19:30+00:00\",\"description\":\"JO P\u00c9KIN 2022 - SKI ALPIN - La descente hommes des JO de P\u00e9kin, pr\u00e9vue ce dimanche \u00e0 4h (heure fran\u00e7aise), a \u00e9t\u00e9 annul\u00e9e en raison du vent.\",\"breadcrumb\":{\"@id\":\"https:\/\/dicodusport.fr\/blog\/jo-pekin-2022-ski-alpin-descente-hommes-n-aura-pas-lieu-ce-dimanche\/#breadcrumb\"},\"inLanguage\":\"fr-FR\",\"potentialAction\":[{\"@type\":\"ReadAction\",\"target\":[\"https:\/\/dicodusport.fr\/blog\/jo-pekin-2022-ski-alpin-descente-hommes-n-aura-pas-lieu-ce-dimanche\/\"]}]},{\"@type\":\"ImageObject\",\"inLanguage\":\"fr-FR\",\"@id\":\"https:\/\/dicodusport.fr\/blog\/jo-pekin-2022-ski-alpin-descente-hommes-n-aura-pas-lieu-ce-dimanche\/#primaryimage\",\"url\":\"https:\/\/dicodusport.fr\/blog\/wp-content\/uploads\/2022\/02\/JO-Pekin-2022-Ski-alpin-La-descente-hommes-naura-pas-lieu-ce-dimanche.png\",\"contentUrl\":\"https:\/\/dicodusport.fr\/blog\/wp-content\/uploads\/2022\/02\/JO-Pekin-2022-Ski-alpin-La-descente-hommes-naura-pas-lieu-ce-dimanche.png\",\"width\":800,\"height\":445,\"caption\":\"JO P\u00e9kin 2022 - Ski alpin La descente hommes n'aura pas lieu ce dimanche\"},{\"@type\":\"BreadcrumbList\",\"@id\":\"https:\/\/dicodusport.fr\/blog\/jo-pekin-2022-ski-alpin-descente-hommes-n-aura-pas-lieu-ce-dimanche\/#breadcrumb\",\"itemListElement\":[{\"@type\":\"ListItem\",\"position\":1,\"name\":\"Accueil\",\"item\":\"https:\/\/dicodusport.fr\/blog\/\"},{\"@type\":\"ListItem\",\"position\":2,\"name\":\"JO P\u00e9kin 2022 &#8211; Ski alpin : La descente hommes n&rsquo;aura pas lieu ce dimanche\"}]},{\"@type\":\"WebSite\",\"@id\":\"https:\/\/dicodusport.fr\/blog\/#website\",\"url\":\"https:\/\/dicodusport.fr\/blog\/\",\"name\":\"Dicodusport\",\"description\":\"L&#039;encyclop\u00e9die de l&#039;actualit\u00e9 sportive\",\"publisher\":{\"@id\":\"https:\/\/dicodusport.fr\/blog\/#organization\"},\"potentialAction\":[{\"@type\":\"SearchAction\",\"target\":{\"@type\":\"EntryPoint\",\"urlTemplate\":\"https:\/\/dicodusport.fr\/blog\/?s={search_term_string}\"},\"query-input\":{\"@type\":\"PropertyValueSpecification\",\"valueRequired\":true,\"valueName\":\"search_term_string\"}}],\"inLanguage\":\"fr-FR\"},{\"@type\":\"NewsMediaOrganization\",\"@id\":\"https:\/\/dicodusport.fr\/blog\/#organization\",\"name\":\"Dicodusport\",\"url\":\"https:\/\/dicodusport.fr\/blog\/\",\"logo\":{\"@type\":\"ImageObject\",\"inLanguage\":\"fr-FR\",\"@id\":\"https:\/\/dicodusport.fr\/blog\/#\/schema\/logo\/image\/\",\"url\":\"https:\/\/dicodusport.fr\/blog\/wp-content\/uploads\/2020\/06\/cropped-LOGO-DICODUSPORT-2020-SANS-FOND-SANS-TEXTE.png\",\"contentUrl\":\"https:\/\/dicodusport.fr\/blog\/wp-content\/uploads\/2020\/06\/cropped-LOGO-DICODUSPORT-2020-SANS-FOND-SANS-TEXTE.png\",\"width\":512,\"height\":512,\"caption\":\"Dicodusport\"},\"image\":{\"@id\":\"https:\/\/dicodusport.fr\/blog\/#\/schema\/logo\/image\/\"},\"sameAs\":[\"https:\/\/www.facebook.com\/dicodusport\",\"https:\/\/x.com\/dicodusport\",\"https:\/\/www.instagram.com\/dicodusport\/\",\"https:\/\/www.youtube.com\/channel\/UC7V2KZ5sd3htJivAbA4ZG3w\"],\"description\":\"Dicodusport est l'encyclop\u00e9die de l'actualit\u00e9 sportive.\",\"email\":\"bonjour@dicodusport.fr\",\"legalName\":\"DICODUSPORT\",\"foundingDate\":\"2018-01-14\",\"vatID\":\"FR71834470973\",\"taxID\":\"83447097300043\",\"numberOfEmployees\":{\"@type\":\"QuantitativeValue\",\"minValue\":\"1\",\"maxValue\":\"10\"}},{\"@type\":\"Person\",\"@id\":\"https:\/\/dicodusport.fr\/blog\/#\/schema\/person\/cb02af4c173ce4a653b55e9baf388d4a\",\"name\":\"Flo Ostermann\",\"image\":{\"@type\":\"ImageObject\",\"inLanguage\":\"fr-FR\",\"@id\":\"https:\/\/dicodusport.fr\/blog\/#\/schema\/person\/image\/\",\"url\":\"https:\/\/dicodusport.fr\/blog\/wp-content\/uploads\/2021\/05\/Flo-Ostermann-150x150.jpg\",\"contentUrl\":\"https:\/\/dicodusport.fr\/blog\/wp-content\/uploads\/2021\/05\/Flo-Ostermann-150x150.jpg\",\"caption\":\"Flo Ostermann\"},\"description\":\"Journaliste\/R\u00e9dacteur depuis septembre 2015 - Mes premiers souvenirs dans le sport ? Les envol\u00e9es du Stade Toulousain et les duels Villeneuve-Schumacher et H\u00e4kkinen-Schumacher \u00e0 la fin des ann\u00e9es 90, la Coupe du monde de football en 1998, l\u2019exploit du XV de France face aux All Blacks en 1999, mais aussi Richard C\u0153ur de Lion qui vole sur les montagnes du Tour de France. Bien parti pour devenir professeur d\u2019EPS, les \u00e9v\u00e9nements de la vie (et la flemme d\u2019animer des s\u00e9ances de 3x500 m\u00e8tres toute ma vie) m\u2019ont conduit \u00e0 revoir mes plans. Me voil\u00e0 depuis fin 2017 sur Dicodusport, m\u00e9dia gr\u00e2ce (et pour) lequel je partage ma passion : le sport dans tous ses \u00e9tats. Le tout accompagn\u00e9 par les fous furieux et folles furieuses cit\u00e9s sur cette page !\",\"sameAs\":[\"https:\/\/www.facebook.com\/florent.ostermann\",\"https:\/\/x.com\/https:\/\/twitter.com\/FlOstermann\",\"admin\"],\"url\":\"https:\/\/dicodusport.fr\/blog\/author\/flo\/\"}]}<\/script>\n<!-- \/ Yoast SEO Premium plugin. -->","yoast_head_json":{"title":"JO P\u00e9kin 2022 - Ski alpin : La descente hommes n'aura pas lieu ce dimanche","description":"JO P\u00c9KIN 2022 - SKI ALPIN - La descente hommes des JO de P\u00e9kin, pr\u00e9vue ce dimanche \u00e0 4h (heure fran\u00e7aise), a \u00e9t\u00e9 annul\u00e9e en raison du vent.","robots":{"index":"index","follow":"follow","max-snippet":"max-snippet:-1","max-image-preview":"max-image-preview:large","max-video-preview":"max-video-preview:-1"},"canonical":"https:\/\/dicodusport.fr\/blog\/jo-pekin-2022-ski-alpin-descente-hommes-n-aura-pas-lieu-ce-dimanche\/","og_locale":"fr_FR","og_type":"article","og_title":"JO P\u00e9kin 2022 - Ski alpin : La descente hommes n'aura pas lieu ce dimanche","og_description":"JO P\u00c9KIN 2022 - SKI ALPIN - La descente hommes des JO de P\u00e9kin, pr\u00e9vue ce dimanche \u00e0 4h (heure fran\u00e7aise), a \u00e9t\u00e9 annul\u00e9e en raison du vent.","og_url":"https:\/\/dicodusport.fr\/blog\/jo-pekin-2022-ski-alpin-descente-hommes-n-aura-pas-lieu-ce-dimanche\/","og_site_name":"Dicodusport","article_publisher":"https:\/\/www.facebook.com\/dicodusport","article_author":"https:\/\/www.facebook.com\/florent.ostermann","article_published_time":"2022-02-06T05:14:19+00:00","article_modified_time":"2022-02-06T05:19:30+00:00","og_image":[{"width":800,"height":445,"url":"https:\/\/dicodusport.fr\/blog\/wp-content\/uploads\/2022\/02\/JO-Pekin-2022-Ski-alpin-La-descente-hommes-naura-pas-lieu-ce-dimanche.png","type":"image\/png"}],"author":"Flo Ostermann","twitter_card":"summary_large_image","twitter_title":"JO P\u00e9kin 2022 - Ski alpin : La descente hommes n'aura pas lieu ce dimanche","twitter_creator":"@https:\/\/twitter.com\/FlOstermann","twitter_site":"@dicodusport","schema":{"@context":"https:\/\/schema.org","@graph":[{"@type":"NewsArticle","@id":"https:\/\/dicodusport.fr\/blog\/jo-pekin-2022-ski-alpin-descente-hommes-n-aura-pas-lieu-ce-dimanche\/#article","isPartOf":{"@id":"https:\/\/dicodusport.fr\/blog\/jo-pekin-2022-ski-alpin-descente-hommes-n-aura-pas-lieu-ce-dimanche\/"},"author":{"name":"Flo Ostermann","@id":"https:\/\/dicodusport.fr\/blog\/#\/schema\/person\/cb02af4c173ce4a653b55e9baf388d4a"},"headline":"JO P\u00e9kin 2022 &#8211; Ski alpin : La descente hommes n&rsquo;aura pas lieu ce dimanche","datePublished":"2022-02-06T05:14:19+00:00","dateModified":"2022-02-06T05:19:30+00:00","mainEntityOfPage":{"@id":"https:\/\/dicodusport.fr\/blog\/jo-pekin-2022-ski-alpin-descente-hommes-n-aura-pas-lieu-ce-dimanche\/"},"wordCount":217,"commentCount":0,"publisher":{"@id":"https:\/\/dicodusport.fr\/blog\/#organization"},"image":{"@id":"https:\/\/dicodusport.fr\/blog\/jo-pekin-2022-ski-alpin-descente-hommes-n-aura-pas-lieu-ce-dimanche\/#primaryimage"},"thumbnailUrl":"https:\/\/dicodusport.fr\/blog\/wp-content\/uploads\/2022\/02\/JO-Pekin-2022-Ski-alpin-La-descente-hommes-naura-pas-lieu-ce-dimanche.png","keywords":["Jeux Olympiques de P\u00e9kin","Ski alpin JO P\u00e9kin"],"articleSection":["JO d'hiver P\u00e9kin 2022","Ski"],"inLanguage":"fr-FR","potentialAction":[{"@type":"CommentAction","name":"Comment","target":["https:\/\/dicodusport.fr\/blog\/jo-pekin-2022-ski-alpin-descente-hommes-n-aura-pas-lieu-ce-dimanche\/#respond"]}],"copyrightYear":"2022","copyrightHolder":{"@id":"https:\/\/dicodusport.fr\/blog\/#organization"}},{"@type":"WebPage","@id":"https:\/\/dicodusport.fr\/blog\/jo-pekin-2022-ski-alpin-descente-hommes-n-aura-pas-lieu-ce-dimanche\/","url":"https:\/\/dicodusport.fr\/blog\/jo-pekin-2022-ski-alpin-descente-hommes-n-aura-pas-lieu-ce-dimanche\/","name":"JO P\u00e9kin 2022 - Ski alpin : La descente hommes n'aura pas lieu ce dimanche","isPartOf":{"@id":"https:\/\/dicodusport.fr\/blog\/#website"},"primaryImageOfPage":{"@id":"https:\/\/dicodusport.fr\/blog\/jo-pekin-2022-ski-alpin-descente-hommes-n-aura-pas-lieu-ce-dimanche\/#primaryimage"},"image":{"@id":"https:\/\/dicodusport.fr\/blog\/jo-pekin-2022-ski-alpin-descente-hommes-n-aura-pas-lieu-ce-dimanche\/#primaryimage"},"thumbnailUrl":"https:\/\/dicodusport.fr\/blog\/wp-content\/uploads\/2022\/02\/JO-Pekin-2022-Ski-alpin-La-descente-hommes-naura-pas-lieu-ce-dimanche.png","datePublished":"2022-02-06T05:14:19+00:00","dateModified":"2022-02-06T05:19:30+00:00","description":"JO P\u00c9KIN 2022 - SKI ALPIN - La descente hommes des JO de P\u00e9kin, pr\u00e9vue ce dimanche \u00e0 4h (heure fran\u00e7aise), a \u00e9t\u00e9 annul\u00e9e en raison du vent.","breadcrumb":{"@id":"https:\/\/dicodusport.fr\/blog\/jo-pekin-2022-ski-alpin-descente-hommes-n-aura-pas-lieu-ce-dimanche\/#breadcrumb"},"inLanguage":"fr-FR","potentialAction":[{"@type":"ReadAction","target":["https:\/\/dicodusport.fr\/blog\/jo-pekin-2022-ski-alpin-descente-hommes-n-aura-pas-lieu-ce-dimanche\/"]}]},{"@type":"ImageObject","inLanguage":"fr-FR","@id":"https:\/\/dicodusport.fr\/blog\/jo-pekin-2022-ski-alpin-descente-hommes-n-aura-pas-lieu-ce-dimanche\/#primaryimage","url":"https:\/\/dicodusport.fr\/blog\/wp-content\/uploads\/2022\/02\/JO-Pekin-2022-Ski-alpin-La-descente-hommes-naura-pas-lieu-ce-dimanche.png","contentUrl":"https:\/\/dicodusport.fr\/blog\/wp-content\/uploads\/2022\/02\/JO-Pekin-2022-Ski-alpin-La-descente-hommes-naura-pas-lieu-ce-dimanche.png","width":800,"height":445,"caption":"JO P\u00e9kin 2022 - Ski alpin La descente hommes n'aura pas lieu ce dimanche"},{"@type":"BreadcrumbList","@id":"https:\/\/dicodusport.fr\/blog\/jo-pekin-2022-ski-alpin-descente-hommes-n-aura-pas-lieu-ce-dimanche\/#breadcrumb","itemListElement":[{"@type":"ListItem","position":1,"name":"Accueil","item":"https:\/\/dicodusport.fr\/blog\/"},{"@type":"ListItem","position":2,"name":"JO P\u00e9kin 2022 &#8211; Ski alpin : La descente hommes n&rsquo;aura pas lieu ce dimanche"}]},{"@type":"WebSite","@id":"https:\/\/dicodusport.fr\/blog\/#website","url":"https:\/\/dicodusport.fr\/blog\/","name":"Dicodusport","description":"L&#039;encyclop\u00e9die de l&#039;actualit\u00e9 sportive","publisher":{"@id":"https:\/\/dicodusport.fr\/blog\/#organization"},"potentialAction":[{"@type":"SearchAction","target":{"@type":"EntryPoint","urlTemplate":"https:\/\/dicodusport.fr\/blog\/?s={search_term_string}"},"query-input":{"@type":"PropertyValueSpecification","valueRequired":true,"valueName":"search_term_string"}}],"inLanguage":"fr-FR"},{"@type":"NewsMediaOrganization","@id":"https:\/\/dicodusport.fr\/blog\/#organization","name":"Dicodusport","url":"https:\/\/dicodusport.fr\/blog\/","logo":{"@type":"ImageObject","inLanguage":"fr-FR","@id":"https:\/\/dicodusport.fr\/blog\/#\/schema\/logo\/image\/","url":"https:\/\/dicodusport.fr\/blog\/wp-content\/uploads\/2020\/06\/cropped-LOGO-DICODUSPORT-2020-SANS-FOND-SANS-TEXTE.png","contentUrl":"https:\/\/dicodusport.fr\/blog\/wp-content\/uploads\/2020\/06\/cropped-LOGO-DICODUSPORT-2020-SANS-FOND-SANS-TEXTE.png","width":512,"height":512,"caption":"Dicodusport"},"image":{"@id":"https:\/\/dicodusport.fr\/blog\/#\/schema\/logo\/image\/"},"sameAs":["https:\/\/www.facebook.com\/dicodusport","https:\/\/x.com\/dicodusport","https:\/\/www.instagram.com\/dicodusport\/","https:\/\/www.youtube.com\/channel\/UC7V2KZ5sd3htJivAbA4ZG3w"],"description":"Dicodusport est l'encyclop\u00e9die de l'actualit\u00e9 sportive.","email":"bonjour@dicodusport.fr","legalName":"DICODUSPORT","foundingDate":"2018-01-14","vatID":"FR71834470973","taxID":"83447097300043","numberOfEmployees":{"@type":"QuantitativeValue","minValue":"1","maxValue":"10"}},{"@type":"Person","@id":"https:\/\/dicodusport.fr\/blog\/#\/schema\/person\/cb02af4c173ce4a653b55e9baf388d4a","name":"Flo Ostermann","image":{"@type":"ImageObject","inLanguage":"fr-FR","@id":"https:\/\/dicodusport.fr\/blog\/#\/schema\/person\/image\/","url":"https:\/\/dicodusport.fr\/blog\/wp-content\/uploads\/2021\/05\/Flo-Ostermann-150x150.jpg","contentUrl":"https:\/\/dicodusport.fr\/blog\/wp-content\/uploads\/2021\/05\/Flo-Ostermann-150x150.jpg","caption":"Flo Ostermann"},"description":"Journaliste\/R\u00e9dacteur depuis septembre 2015 - Mes premiers souvenirs dans le sport ? Les envol\u00e9es du Stade Toulousain et les duels Villeneuve-Schumacher et H\u00e4kkinen-Schumacher \u00e0 la fin des ann\u00e9es 90, la Coupe du monde de football en 1998, l\u2019exploit du XV de France face aux All Blacks en 1999, mais aussi Richard C\u0153ur de Lion qui vole sur les montagnes du Tour de France. Bien parti pour devenir professeur d\u2019EPS, les \u00e9v\u00e9nements de la vie (et la flemme d\u2019animer des s\u00e9ances de 3x500 m\u00e8tres toute ma vie) m\u2019ont conduit \u00e0 revoir mes plans. Me voil\u00e0 depuis fin 2017 sur Dicodusport, m\u00e9dia gr\u00e2ce (et pour) lequel je partage ma passion : le sport dans tous ses \u00e9tats. Le tout accompagn\u00e9 par les fous furieux et folles furieuses cit\u00e9s sur cette page !","sameAs":["https:\/\/www.facebook.com\/florent.ostermann","https:\/\/x.com\/https:\/\/twitter.com\/FlOstermann","admin"],"url":"https:\/\/dicodusport.fr\/blog\/author\/flo\/"}]}},"_links":{"self":[{"href":"https:\/\/dicodusport.fr\/blog\/wp-json\/wp\/v2\/posts\/197559","targetHints":{"allow":["GET"]}}],"collection":[{"href":"https:\/\/dicodusport.fr\/blog\/wp-json\/wp\/v2\/posts"}],"about":[{"href":"https:\/\/dicodusport.fr\/blog\/wp-json\/wp\/v2\/types\/post"}],"author":[{"embeddable":true,"href":"https:\/\/dicodusport.fr\/blog\/wp-json\/wp\/v2\/users\/4"}],"replies":[{"embeddable":true,"href":"https:\/\/dicodusport.fr\/blog\/wp-json\/wp\/v2\/comments?post=197559"}],"version-history":[{"count":0,"href":"https:\/\/dicodusport.fr\/blog\/wp-json\/wp\/v2\/posts\/197559\/revisions"}],"wp:featuredmedia":[{"embeddable":true,"href":"https:\/\/dicodusport.fr\/blog\/wp-json\/wp\/v2\/media\/197560"}],"wp:attachment":[{"href":"https:\/\/dicodusport.fr\/blog\/wp-json\/wp\/v2\/media?parent=197559"}],"wp:term":[{"taxonomy":"category","embeddable":true,"href":"https:\/\/dicodusport.fr\/blog\/wp-json\/wp\/v2\/categories?post=197559"},{"taxonomy":"post_tag","embeddable":true,"href":"https:\/\/dicodusport.fr\/blog\/wp-json\/wp\/v2\/tags?post=197559"}],"curies":[{"name":"wp","href":"https:\/\/api.w.org\/{rel}","templated":true}]}}