{"id":197981,"date":"2022-02-07T11:20:28","date_gmt":"2022-02-07T10:20:28","guid":{"rendered":"https:\/\/dicodusport.fr\/blog\/?p=197981&#038;preview=true&#038;preview_id=197981"},"modified":"2022-02-07T13:04:59","modified_gmt":"2022-02-07T12:04:59","slug":"jo-pekin-2022-biathlon-anais-chevalier-bouchet-vice-championne-olympique-individuel","status":"publish","type":"post","link":"https:\/\/dicodusport.fr\/blog\/jo-pekin-2022-biathlon-anais-chevalier-bouchet-vice-championne-olympique-individuel\/","title":{"rendered":"JO P\u00e9kin 2022 &#8211; Biathlon : Ana\u00efs Chevalier-Bouchet vice-championne olympique de l&rsquo;individuel"},"content":{"rendered":"<p style=\"text-align: justify;\"><strong><em><a href=\"https:\/\/dicodusport.fr\/blog\/biathlon-jo-pekin-2022-programme-resultats-medailles\/\">JO P\u00c9KIN 2022 &#8211; BIATHLON<\/a> &#8211; Apr\u00e8s une \u00e9preuve \u00e9prouvante, la France d\u00e9croche une troisi\u00e8me m\u00e9daille dans ces Jeux Olympiques. Une nouvelle fois, ce sera de l&rsquo;argent, gr\u00e2ce \u00e0 Ana\u00efs Chevalier-Bouchet sur l&rsquo;individuel, devanc\u00e9e de justesse par l&rsquo;Allemande Denise Herrmann.<\/em><\/strong><\/p>\n<p style=\"text-align: justify;\" align=\"JUSTIFY\">\u00c9preuve exigeante, l&rsquo;individuel est toujours incertaine, puisque ce n&rsquo;est pas un tour de p\u00e9nalit\u00e9 mais une minute en plus qui est inflig\u00e9e \u00e0 chaque faute au tir. Ainsi, beaucoup de skieuses pouvaient pr\u00e9tendre \u00e0 une m\u00e9daille sur les 15 km\u00a0 du parcours. <strong>Ana\u00efs Bescond, Ana\u00efs Chevalier-Bouchet, Justine Braisaz-Bouchet <\/strong>et <strong>Julia Simon<\/strong> \u00e9taient les Fran\u00e7aises engag\u00e9es, mais elles devaient composer avec la concurrence de <strong>Marte Olsbu Roieseland,<\/strong> qui m\u00e8ne la Coupe du monde, de <strong>Marketa Davidova,<\/strong> championne du monde de la sp\u00e9cialit\u00e9, ainsi que des redoutables s\u0153urs <strong>Elvira <\/strong>et <strong>Hanna Oeberg<\/strong>, cette derni\u00e8re \u00e9tant championne olympique en titre.<\/p>\n<h2 class=\"western\" style=\"text-align: justify;\" align=\"JUSTIFY\">Herrmann sort de sa bo\u00eete<\/h2>\n<p style=\"text-align: justify;\" align=\"JUSTIFY\">L&rsquo;\u00e9preuve aura \u00e9t\u00e9 disput\u00e9e et les 20\/20 au tir peu nombreux. A ce jeu-l\u00e0, c&rsquo;est <strong>Denise Herrmann<\/strong> qui a tir\u00e9 les marrons du feu, avec un 19\/20. L&rsquo;Allemande, pourtant peu en verve cette saison (un seul podium cette saison, sur un individuel cependant), aura \u00e9t\u00e9 la plus r\u00e9guli\u00e8re et d\u00e9croche la premi\u00e8re m\u00e9daille olympique de sa carri\u00e8re. A 33 ans, elle d\u00e9croche la plus grande victoire de sa carri\u00e8re.<\/p>\n<blockquote class=\"twitter-tweet\">\n<p dir=\"ltr\" lang=\"en\">Nothing left in the tank!<\/p>\n<p>Denise Herrmann has taken out Gold in the Women&rsquo;s 15km Individual Biathlon &#x1f3c5;<a href=\"https:\/\/twitter.com\/hashtag\/Beijing2022?src=hash&amp;ref_src=twsrc%5Etfw\">#Beijing2022<\/a> | <a href=\"https:\/\/twitter.com\/hashtag\/7Olympics?src=hash&amp;ref_src=twsrc%5Etfw\">#7Olympics<\/a> <a href=\"https:\/\/t.co\/UGgQcp2FFt\">pic.twitter.com\/UGgQcp2FFt<\/a><\/p>\n<p>\u2014 7Olympics (@7olympics) <a href=\"https:\/\/twitter.com\/7olympics\/status\/1490628055424983041?ref_src=twsrc%5Etfw\">February 7, 2022<\/a><\/p><\/blockquote>\n<p><script async src=\"https:\/\/platform.twitter.com\/widgets.js\" charset=\"utf-8\"><\/script><\/p>\n<p style=\"text-align: justify;\">Elle devance de moins de 10 secondes <strong>Ana\u00efs Chevalier-Bouchet,<\/strong> qui empoche sa premi\u00e8re m\u00e9daille olympique individuelle (<a href=\"https:\/\/dicodusport.fr\/blog\/jo-pekin-2022-biathlon-france-argent-sur-relais-mixte-derriere-norvege\/\">elle \u00e9tait membre du relais samedi<\/a>). Elle pourra peut-\u00eatre avoir quelques regrets, puisqu&rsquo;elle a manqu\u00e9 son avant-derni\u00e8re balle alors qu&rsquo;un 20\/20 lui aurait assur\u00e9 la victoire, mais assur\u00e9ment, l&rsquo;argent devrait suffire \u00e0 son bonheur, tout comme sur le relais mixte ! Troisi\u00e8me m\u00e9daille donc pour la d\u00e9l\u00e9gation fran\u00e7aise, toutes en argent !<\/p>\n<blockquote class=\"twitter-tweet\">\n<p dir=\"ltr\" lang=\"fr\">&#x1f6a8; ALERTE MEDAILLE !!<br \/>\nM\u00e9daille d&rsquo;argent pour ANAIS CHEVALIER-BOUCHET !!<br \/>\n&#x1f947;&#x1f1e9;&#x1f1ea; D.Hermann<br \/>\n&#x1f948;&#x1f1eb;&#x1f1f7; A.Chevalier-Bouchet<br \/>\n&#x1f949;&#x1f1f3;&#x1f1f4; M.O.Roiseland <a href=\"https:\/\/twitter.com\/hashtag\/biathlon?src=hash&amp;ref_src=twsrc%5Etfw\">#biathlon<\/a> <a href=\"https:\/\/twitter.com\/hashtag\/beijing2022?src=hash&amp;ref_src=twsrc%5Etfw\">#beijing2022<\/a> <a href=\"https:\/\/twitter.com\/hashtag\/OlympicGames?src=hash&amp;ref_src=twsrc%5Etfw\">#OlympicGames<\/a> <a href=\"https:\/\/t.co\/0t40H1Gq9D\">pic.twitter.com\/0t40H1Gq9D<\/a><\/p>\n<p>\u2014 Lebiathlonfr (@Lebiathlonfr) <a href=\"https:\/\/twitter.com\/Lebiathlonfr\/status\/1490628611388416005?ref_src=twsrc%5Etfw\">February 7, 2022<\/a><\/p><\/blockquote>\n<p><script async src=\"https:\/\/platform.twitter.com\/widgets.js\" charset=\"utf-8\"><\/script><\/p>\n<p style=\"text-align: justify;\"><strong>Marte Olsbu Roieseland,<\/strong> partie avec le dossard n\u00b01, compl\u00e8te le podium, malgr\u00e9 deux erreurs sur le pas de tir. La Norv\u00e9gienne vole sur les skis depuis le d\u00e9but de saison, et l&rsquo;a encore\u00a0prouv\u00e9 ici. C&rsquo;est sa deuxi\u00e8me m\u00e9daille en deux courses, apr\u00e8s l&rsquo;or sur le relais mixte. Elle aura toutefois eu tr\u00e8s chaud, puisque l&rsquo;Allemande<strong> Vanessa Voigt<\/strong>, totalement inattendue ici, est venue mourir \u00e0 1,3 seconde du podium.<\/p>\n<p style=\"text-align: justify;\">Les autres favorites ont fait p\u00e2le figure sur ce parcours. Seules <strong>Dzinara Alimbekava<\/strong> et <strong>Marketa Davidova<\/strong> auront bien march\u00e9 avec une cinqui\u00e8me et une sixi\u00e8me place. Les s\u0153urs <strong>Oeberg<\/strong> terminent 13\u00e8me et 16\u00e8me, avec trois fautes chacune. M\u00eame tarif pour <strong>Lisa Theresa Hauser <\/strong>et <strong>Dorothea Wierer,<\/strong> qui les suivent au classement. <strong>Tiriil Eckhoff,<\/strong> pourtant bien partie, termine avec 5 erreurs. Mais la palme revient \u00e0 la Bi\u00e9lorusse <strong>Hanna Sola,<\/strong> qui aura commis la bagatelle de 7 fautes derri\u00e8re la carabine\u00a0!<\/p>\n<h2 class=\"western\" style=\"text-align: justify;\">La course des autres Fran\u00e7aises<\/h2>\n<p style=\"text-align: justify;\" align=\"JUSTIFY\">Dans le coup pour une m\u00e9daille jusqu&rsquo;au dernier tir, <strong>Julia Simon<\/strong> a compl\u00e8tement craqu\u00e9 avec trois fautes sur le dernier tir, et ne termine m\u00eame pas dans le top 20. <strong>Ana\u00efs Bescond,<\/strong> plomb\u00e9e par deux fautes d&rsquo;entr\u00e9e, n&rsquo;aura pas exist\u00e9 dans cette course. La remarque s&rsquo;applique \u00e9galement \u00e0 <strong>Justine Braisaz-Bouchet,<\/strong> qui aura commis 5 fautes ! Toutes ces biathl\u00e8tes auront cependant une chance de se relancer lors du sprint de vendredi.<\/p>\n<ul>\n<li style=\"text-align: justify;\"><strong>\u00c0 lire aussi &#8211; <a href=\"https:\/\/dicodusport.fr\/blog\/biathlon-jo-pekin-2022-classement-individuel-femmes\/\">Le classement de l&rsquo;individuel femmes des JO de P\u00e9kin<\/a><\/strong><\/li>\n<\/ul>\n<p style=\"text-align: justify;\">\n","protected":false},"excerpt":{"rendered":"<p>JO P\u00c9KIN 2022 &#8211; BIATHLON &#8211; Apr\u00e8s une \u00e9preuve \u00e9prouvante, la France d\u00e9croche une troisi\u00e8me m\u00e9daille dans ces Jeux Olympiques. Une nouvelle fois, ce sera de l&rsquo;argent, gr\u00e2ce \u00e0 Ana\u00efs Chevalier-Bouchet sur l&rsquo;individuel, devanc\u00e9e de justesse par l&rsquo;Allemande Denise Herrmann.<\/p>\n","protected":false},"author":59,"featured_media":198055,"comment_status":"open","ping_status":"closed","sticky":false,"template":"","format":"standard","meta":{"_acf_changed":false,"_daextam_enable_autolinks":"","footnotes":""},"categories":[2426,20104],"tags":[2427,9646,21641,24],"class_list":["post-197981","post","type-post","status-publish","format-standard","has-post-thumbnail","hentry","category-biathlon","category-jo-hiver-pekin-2022","tag-biathlon","tag-individuel-femmes","tag-jeux-olympiques-de-pekin","tag-sport"],"acf":[],"yoast_head":"<!-- This site is optimized with the Yoast SEO Premium plugin v26.7 (Yoast SEO v26.7) - https:\/\/yoast.com\/wordpress\/plugins\/seo\/ -->\n<title>JO P\u00e9kin 2022 - Biathlon : Ana\u00efs Chevalier-Bouchet vice-championne olympique de l&#039;individuel<\/title>\n<meta name=\"description\" content=\"JO P\u00c9KIN 2022 - BIATHLON - Ana\u00efs Chevalier-Bouchet est vice-championne olympique de l&#039;individuel. Denise Herrmann rafle l&#039;or.\" \/>\n<meta name=\"robots\" content=\"index, follow, max-snippet:-1, max-image-preview:large, max-video-preview:-1\" \/>\n<link rel=\"canonical\" href=\"https:\/\/dicodusport.fr\/blog\/jo-pekin-2022-biathlon-anais-chevalier-bouchet-vice-championne-olympique-individuel\/\" \/>\n<meta property=\"og:locale\" content=\"fr_FR\" \/>\n<meta property=\"og:type\" content=\"article\" \/>\n<meta property=\"og:title\" content=\"JO P\u00e9kin 2022 - Biathlon : Ana\u00efs Chevalier-Bouchet vice-championne olympique de l&#039;individuel\" \/>\n<meta property=\"og:description\" content=\"JO P\u00c9KIN 2022 - BIATHLON - Ana\u00efs Chevalier-Bouchet est vice-championne olympique de l&#039;individuel. Denise Herrmann rafle l&#039;or.\" \/>\n<meta property=\"og:url\" content=\"https:\/\/dicodusport.fr\/blog\/jo-pekin-2022-biathlon-anais-chevalier-bouchet-vice-championne-olympique-individuel\/\" \/>\n<meta property=\"og:site_name\" content=\"Dicodusport\" \/>\n<meta property=\"article:publisher\" content=\"https:\/\/www.facebook.com\/dicodusport\" \/>\n<meta property=\"article:author\" content=\"https:\/\/www.facebook.com\/sebastien.gente\/\" \/>\n<meta property=\"article:published_time\" content=\"2022-02-07T10:20:28+00:00\" \/>\n<meta property=\"article:modified_time\" content=\"2022-02-07T12:04:59+00:00\" \/>\n<meta property=\"og:image\" content=\"https:\/\/dicodusport.fr\/blog\/wp-content\/uploads\/2022\/02\/Sport-JO-Pekin-2022-Biathlon-Anais-Chevalier-Bouchet-vice-championne-olympique-de-lindividuel.png\" \/>\n\t<meta property=\"og:image:width\" content=\"800\" \/>\n\t<meta property=\"og:image:height\" content=\"445\" \/>\n\t<meta property=\"og:image:type\" content=\"image\/png\" \/>\n<meta name=\"author\" content=\"S\u00e9bastien Gente\" \/>\n<meta name=\"twitter:card\" content=\"summary_large_image\" \/>\n<meta name=\"twitter:title\" content=\"JO P\u00e9kin 2022 - Biathlon : Ana\u00efs Chevalier-Bouchet vice-championne olympique de l&#039;individuel\" \/>\n<meta name=\"twitter:creator\" content=\"@https:\/\/twitter.com\/globulo24\" \/>\n<meta name=\"twitter:site\" content=\"@dicodusport\" \/>\n<script type=\"application\/ld+json\" class=\"yoast-schema-graph\">{\"@context\":\"https:\/\/schema.org\",\"@graph\":[{\"@type\":\"NewsArticle\",\"@id\":\"https:\/\/dicodusport.fr\/blog\/jo-pekin-2022-biathlon-anais-chevalier-bouchet-vice-championne-olympique-individuel\/#article\",\"isPartOf\":{\"@id\":\"https:\/\/dicodusport.fr\/blog\/jo-pekin-2022-biathlon-anais-chevalier-bouchet-vice-championne-olympique-individuel\/\"},\"author\":{\"name\":\"S\u00e9bastien Gente\",\"@id\":\"https:\/\/dicodusport.fr\/blog\/#\/schema\/person\/627966a6cde45dbd8c5e36ac85d783da\"},\"headline\":\"JO P\u00e9kin 2022 &#8211; Biathlon : Ana\u00efs Chevalier-Bouchet vice-championne olympique de l&rsquo;individuel\",\"datePublished\":\"2022-02-07T10:20:28+00:00\",\"dateModified\":\"2022-02-07T12:04:59+00:00\",\"mainEntityOfPage\":{\"@id\":\"https:\/\/dicodusport.fr\/blog\/jo-pekin-2022-biathlon-anais-chevalier-bouchet-vice-championne-olympique-individuel\/\"},\"wordCount\":678,\"commentCount\":0,\"publisher\":{\"@id\":\"https:\/\/dicodusport.fr\/blog\/#organization\"},\"image\":{\"@id\":\"https:\/\/dicodusport.fr\/blog\/jo-pekin-2022-biathlon-anais-chevalier-bouchet-vice-championne-olympique-individuel\/#primaryimage\"},\"thumbnailUrl\":\"https:\/\/dicodusport.fr\/blog\/wp-content\/uploads\/2022\/02\/Sport-JO-Pekin-2022-Biathlon-Anais-Chevalier-Bouchet-vice-championne-olympique-de-lindividuel.png\",\"keywords\":[\"Biathlon\",\"Individuel femmes\",\"Jeux Olympiques de P\u00e9kin\",\"sport\"],\"articleSection\":[\"Biathlon\",\"JO d'hiver P\u00e9kin 2022\"],\"inLanguage\":\"fr-FR\",\"potentialAction\":[{\"@type\":\"CommentAction\",\"name\":\"Comment\",\"target\":[\"https:\/\/dicodusport.fr\/blog\/jo-pekin-2022-biathlon-anais-chevalier-bouchet-vice-championne-olympique-individuel\/#respond\"]}],\"copyrightYear\":\"2022\",\"copyrightHolder\":{\"@id\":\"https:\/\/dicodusport.fr\/blog\/#organization\"}},{\"@type\":\"WebPage\",\"@id\":\"https:\/\/dicodusport.fr\/blog\/jo-pekin-2022-biathlon-anais-chevalier-bouchet-vice-championne-olympique-individuel\/\",\"url\":\"https:\/\/dicodusport.fr\/blog\/jo-pekin-2022-biathlon-anais-chevalier-bouchet-vice-championne-olympique-individuel\/\",\"name\":\"JO P\u00e9kin 2022 - Biathlon : Ana\u00efs Chevalier-Bouchet vice-championne olympique de l'individuel\",\"isPartOf\":{\"@id\":\"https:\/\/dicodusport.fr\/blog\/#website\"},\"primaryImageOfPage\":{\"@id\":\"https:\/\/dicodusport.fr\/blog\/jo-pekin-2022-biathlon-anais-chevalier-bouchet-vice-championne-olympique-individuel\/#primaryimage\"},\"image\":{\"@id\":\"https:\/\/dicodusport.fr\/blog\/jo-pekin-2022-biathlon-anais-chevalier-bouchet-vice-championne-olympique-individuel\/#primaryimage\"},\"thumbnailUrl\":\"https:\/\/dicodusport.fr\/blog\/wp-content\/uploads\/2022\/02\/Sport-JO-Pekin-2022-Biathlon-Anais-Chevalier-Bouchet-vice-championne-olympique-de-lindividuel.png\",\"datePublished\":\"2022-02-07T10:20:28+00:00\",\"dateModified\":\"2022-02-07T12:04:59+00:00\",\"description\":\"JO P\u00c9KIN 2022 - BIATHLON - Ana\u00efs Chevalier-Bouchet est vice-championne olympique de l'individuel. Denise Herrmann rafle l'or.\",\"breadcrumb\":{\"@id\":\"https:\/\/dicodusport.fr\/blog\/jo-pekin-2022-biathlon-anais-chevalier-bouchet-vice-championne-olympique-individuel\/#breadcrumb\"},\"inLanguage\":\"fr-FR\",\"potentialAction\":[{\"@type\":\"ReadAction\",\"target\":[\"https:\/\/dicodusport.fr\/blog\/jo-pekin-2022-biathlon-anais-chevalier-bouchet-vice-championne-olympique-individuel\/\"]}]},{\"@type\":\"ImageObject\",\"inLanguage\":\"fr-FR\",\"@id\":\"https:\/\/dicodusport.fr\/blog\/jo-pekin-2022-biathlon-anais-chevalier-bouchet-vice-championne-olympique-individuel\/#primaryimage\",\"url\":\"https:\/\/dicodusport.fr\/blog\/wp-content\/uploads\/2022\/02\/Sport-JO-Pekin-2022-Biathlon-Anais-Chevalier-Bouchet-vice-championne-olympique-de-lindividuel.png\",\"contentUrl\":\"https:\/\/dicodusport.fr\/blog\/wp-content\/uploads\/2022\/02\/Sport-JO-Pekin-2022-Biathlon-Anais-Chevalier-Bouchet-vice-championne-olympique-de-lindividuel.png\",\"width\":800,\"height\":445,\"caption\":\"Sport - JO P\u00e9kin 2022 - Biathlon Ana\u00efs Chevalier-Bouchet vice-championne olympique de l'individuel\"},{\"@type\":\"BreadcrumbList\",\"@id\":\"https:\/\/dicodusport.fr\/blog\/jo-pekin-2022-biathlon-anais-chevalier-bouchet-vice-championne-olympique-individuel\/#breadcrumb\",\"itemListElement\":[{\"@type\":\"ListItem\",\"position\":1,\"name\":\"Accueil\",\"item\":\"https:\/\/dicodusport.fr\/blog\/\"},{\"@type\":\"ListItem\",\"position\":2,\"name\":\"JO P\u00e9kin 2022 &#8211; Biathlon : Ana\u00efs Chevalier-Bouchet vice-championne olympique de l&rsquo;individuel\"}]},{\"@type\":\"WebSite\",\"@id\":\"https:\/\/dicodusport.fr\/blog\/#website\",\"url\":\"https:\/\/dicodusport.fr\/blog\/\",\"name\":\"Dicodusport\",\"description\":\"L&#039;encyclop\u00e9die de l&#039;actualit\u00e9 sportive\",\"publisher\":{\"@id\":\"https:\/\/dicodusport.fr\/blog\/#organization\"},\"potentialAction\":[{\"@type\":\"SearchAction\",\"target\":{\"@type\":\"EntryPoint\",\"urlTemplate\":\"https:\/\/dicodusport.fr\/blog\/?s={search_term_string}\"},\"query-input\":{\"@type\":\"PropertyValueSpecification\",\"valueRequired\":true,\"valueName\":\"search_term_string\"}}],\"inLanguage\":\"fr-FR\"},{\"@type\":\"NewsMediaOrganization\",\"@id\":\"https:\/\/dicodusport.fr\/blog\/#organization\",\"name\":\"Dicodusport\",\"url\":\"https:\/\/dicodusport.fr\/blog\/\",\"logo\":{\"@type\":\"ImageObject\",\"inLanguage\":\"fr-FR\",\"@id\":\"https:\/\/dicodusport.fr\/blog\/#\/schema\/logo\/image\/\",\"url\":\"https:\/\/dicodusport.fr\/blog\/wp-content\/uploads\/2020\/06\/cropped-LOGO-DICODUSPORT-2020-SANS-FOND-SANS-TEXTE.png\",\"contentUrl\":\"https:\/\/dicodusport.fr\/blog\/wp-content\/uploads\/2020\/06\/cropped-LOGO-DICODUSPORT-2020-SANS-FOND-SANS-TEXTE.png\",\"width\":512,\"height\":512,\"caption\":\"Dicodusport\"},\"image\":{\"@id\":\"https:\/\/dicodusport.fr\/blog\/#\/schema\/logo\/image\/\"},\"sameAs\":[\"https:\/\/www.facebook.com\/dicodusport\",\"https:\/\/x.com\/dicodusport\",\"https:\/\/www.instagram.com\/dicodusport\/\",\"https:\/\/www.youtube.com\/channel\/UC7V2KZ5sd3htJivAbA4ZG3w\"],\"description\":\"Dicodusport est l'encyclop\u00e9die de l'actualit\u00e9 sportive.\",\"email\":\"bonjour@dicodusport.fr\",\"legalName\":\"DICODUSPORT\",\"foundingDate\":\"2018-01-14\",\"vatID\":\"FR71834470973\",\"taxID\":\"83447097300043\",\"numberOfEmployees\":{\"@type\":\"QuantitativeValue\",\"minValue\":\"1\",\"maxValue\":\"10\"}},{\"@type\":\"Person\",\"@id\":\"https:\/\/dicodusport.fr\/blog\/#\/schema\/person\/627966a6cde45dbd8c5e36ac85d783da\",\"name\":\"S\u00e9bastien Gente\",\"image\":{\"@type\":\"ImageObject\",\"inLanguage\":\"fr-FR\",\"@id\":\"https:\/\/dicodusport.fr\/blog\/#\/schema\/person\/image\/\",\"url\":\"https:\/\/dicodusport.fr\/blog\/wp-content\/uploads\/2021\/09\/1510990_10205810251400683_4124423575079401707_n-150x150.jpg\",\"contentUrl\":\"https:\/\/dicodusport.fr\/blog\/wp-content\/uploads\/2021\/09\/1510990_10205810251400683_4124423575079401707_n-150x150.jpg\",\"caption\":\"S\u00e9bastien Gente\"},\"description\":\"John Stockton, Gianni Bugno, Zinedine Zidane, Steffi Graf, Frode Andresen, St\u00e9phane Stoecklin, Davis Kamoga, Primoz Peterka, Werner Schlager et Aur\u00e9lien Rougerie. Point commun entre ces sportifs? Ils m'ont fait r\u00eaver et ont berc\u00e9 mon adolescence. Je suis un fondu de sports et j'essaie de retranscrire ma passion \u00e0 travers mes articles. Originaire du P\u00e9rigord, ma passion pour les Girondins, les Jaunards et les Jazzmen transpire dans mes \u00e9crits. \u00c0 Dicodusport depuis 2021, je d\u00e9niche les sports m\u00e9connus dans lesquels la France brille, et il y en a !\",\"sameAs\":[\"https:\/\/www.facebook.com\/sebastien.gente\/\",\"https:\/\/www.instagram.com\/sebgente\/\",\"https:\/\/www.linkedin.com\/in\/sbastien-gente-a29583169\/\",\"https:\/\/x.com\/https:\/\/twitter.com\/globulo24\",\"SebastienGente\"],\"worksFor\":\"S\u00e9bastien GENTE\",\"url\":\"https:\/\/dicodusport.fr\/blog\/author\/sebastiengente\/\"}]}<\/script>\n<!-- \/ Yoast SEO Premium plugin. -->","yoast_head_json":{"title":"JO P\u00e9kin 2022 - Biathlon : Ana\u00efs Chevalier-Bouchet vice-championne olympique de l'individuel","description":"JO P\u00c9KIN 2022 - BIATHLON - Ana\u00efs Chevalier-Bouchet est vice-championne olympique de l'individuel. Denise Herrmann rafle l'or.","robots":{"index":"index","follow":"follow","max-snippet":"max-snippet:-1","max-image-preview":"max-image-preview:large","max-video-preview":"max-video-preview:-1"},"canonical":"https:\/\/dicodusport.fr\/blog\/jo-pekin-2022-biathlon-anais-chevalier-bouchet-vice-championne-olympique-individuel\/","og_locale":"fr_FR","og_type":"article","og_title":"JO P\u00e9kin 2022 - Biathlon : Ana\u00efs Chevalier-Bouchet vice-championne olympique de l'individuel","og_description":"JO P\u00c9KIN 2022 - BIATHLON - Ana\u00efs Chevalier-Bouchet est vice-championne olympique de l'individuel. Denise Herrmann rafle l'or.","og_url":"https:\/\/dicodusport.fr\/blog\/jo-pekin-2022-biathlon-anais-chevalier-bouchet-vice-championne-olympique-individuel\/","og_site_name":"Dicodusport","article_publisher":"https:\/\/www.facebook.com\/dicodusport","article_author":"https:\/\/www.facebook.com\/sebastien.gente\/","article_published_time":"2022-02-07T10:20:28+00:00","article_modified_time":"2022-02-07T12:04:59+00:00","og_image":[{"width":800,"height":445,"url":"https:\/\/dicodusport.fr\/blog\/wp-content\/uploads\/2022\/02\/Sport-JO-Pekin-2022-Biathlon-Anais-Chevalier-Bouchet-vice-championne-olympique-de-lindividuel.png","type":"image\/png"}],"author":"S\u00e9bastien Gente","twitter_card":"summary_large_image","twitter_title":"JO P\u00e9kin 2022 - Biathlon : Ana\u00efs Chevalier-Bouchet vice-championne olympique de l'individuel","twitter_creator":"@https:\/\/twitter.com\/globulo24","twitter_site":"@dicodusport","schema":{"@context":"https:\/\/schema.org","@graph":[{"@type":"NewsArticle","@id":"https:\/\/dicodusport.fr\/blog\/jo-pekin-2022-biathlon-anais-chevalier-bouchet-vice-championne-olympique-individuel\/#article","isPartOf":{"@id":"https:\/\/dicodusport.fr\/blog\/jo-pekin-2022-biathlon-anais-chevalier-bouchet-vice-championne-olympique-individuel\/"},"author":{"name":"S\u00e9bastien Gente","@id":"https:\/\/dicodusport.fr\/blog\/#\/schema\/person\/627966a6cde45dbd8c5e36ac85d783da"},"headline":"JO P\u00e9kin 2022 &#8211; Biathlon : Ana\u00efs Chevalier-Bouchet vice-championne olympique de l&rsquo;individuel","datePublished":"2022-02-07T10:20:28+00:00","dateModified":"2022-02-07T12:04:59+00:00","mainEntityOfPage":{"@id":"https:\/\/dicodusport.fr\/blog\/jo-pekin-2022-biathlon-anais-chevalier-bouchet-vice-championne-olympique-individuel\/"},"wordCount":678,"commentCount":0,"publisher":{"@id":"https:\/\/dicodusport.fr\/blog\/#organization"},"image":{"@id":"https:\/\/dicodusport.fr\/blog\/jo-pekin-2022-biathlon-anais-chevalier-bouchet-vice-championne-olympique-individuel\/#primaryimage"},"thumbnailUrl":"https:\/\/dicodusport.fr\/blog\/wp-content\/uploads\/2022\/02\/Sport-JO-Pekin-2022-Biathlon-Anais-Chevalier-Bouchet-vice-championne-olympique-de-lindividuel.png","keywords":["Biathlon","Individuel femmes","Jeux Olympiques de P\u00e9kin","sport"],"articleSection":["Biathlon","JO d'hiver P\u00e9kin 2022"],"inLanguage":"fr-FR","potentialAction":[{"@type":"CommentAction","name":"Comment","target":["https:\/\/dicodusport.fr\/blog\/jo-pekin-2022-biathlon-anais-chevalier-bouchet-vice-championne-olympique-individuel\/#respond"]}],"copyrightYear":"2022","copyrightHolder":{"@id":"https:\/\/dicodusport.fr\/blog\/#organization"}},{"@type":"WebPage","@id":"https:\/\/dicodusport.fr\/blog\/jo-pekin-2022-biathlon-anais-chevalier-bouchet-vice-championne-olympique-individuel\/","url":"https:\/\/dicodusport.fr\/blog\/jo-pekin-2022-biathlon-anais-chevalier-bouchet-vice-championne-olympique-individuel\/","name":"JO P\u00e9kin 2022 - Biathlon : Ana\u00efs Chevalier-Bouchet vice-championne olympique de l'individuel","isPartOf":{"@id":"https:\/\/dicodusport.fr\/blog\/#website"},"primaryImageOfPage":{"@id":"https:\/\/dicodusport.fr\/blog\/jo-pekin-2022-biathlon-anais-chevalier-bouchet-vice-championne-olympique-individuel\/#primaryimage"},"image":{"@id":"https:\/\/dicodusport.fr\/blog\/jo-pekin-2022-biathlon-anais-chevalier-bouchet-vice-championne-olympique-individuel\/#primaryimage"},"thumbnailUrl":"https:\/\/dicodusport.fr\/blog\/wp-content\/uploads\/2022\/02\/Sport-JO-Pekin-2022-Biathlon-Anais-Chevalier-Bouchet-vice-championne-olympique-de-lindividuel.png","datePublished":"2022-02-07T10:20:28+00:00","dateModified":"2022-02-07T12:04:59+00:00","description":"JO P\u00c9KIN 2022 - BIATHLON - Ana\u00efs Chevalier-Bouchet est vice-championne olympique de l'individuel. Denise Herrmann rafle l'or.","breadcrumb":{"@id":"https:\/\/dicodusport.fr\/blog\/jo-pekin-2022-biathlon-anais-chevalier-bouchet-vice-championne-olympique-individuel\/#breadcrumb"},"inLanguage":"fr-FR","potentialAction":[{"@type":"ReadAction","target":["https:\/\/dicodusport.fr\/blog\/jo-pekin-2022-biathlon-anais-chevalier-bouchet-vice-championne-olympique-individuel\/"]}]},{"@type":"ImageObject","inLanguage":"fr-FR","@id":"https:\/\/dicodusport.fr\/blog\/jo-pekin-2022-biathlon-anais-chevalier-bouchet-vice-championne-olympique-individuel\/#primaryimage","url":"https:\/\/dicodusport.fr\/blog\/wp-content\/uploads\/2022\/02\/Sport-JO-Pekin-2022-Biathlon-Anais-Chevalier-Bouchet-vice-championne-olympique-de-lindividuel.png","contentUrl":"https:\/\/dicodusport.fr\/blog\/wp-content\/uploads\/2022\/02\/Sport-JO-Pekin-2022-Biathlon-Anais-Chevalier-Bouchet-vice-championne-olympique-de-lindividuel.png","width":800,"height":445,"caption":"Sport - JO P\u00e9kin 2022 - Biathlon Ana\u00efs Chevalier-Bouchet vice-championne olympique de l'individuel"},{"@type":"BreadcrumbList","@id":"https:\/\/dicodusport.fr\/blog\/jo-pekin-2022-biathlon-anais-chevalier-bouchet-vice-championne-olympique-individuel\/#breadcrumb","itemListElement":[{"@type":"ListItem","position":1,"name":"Accueil","item":"https:\/\/dicodusport.fr\/blog\/"},{"@type":"ListItem","position":2,"name":"JO P\u00e9kin 2022 &#8211; Biathlon : Ana\u00efs Chevalier-Bouchet vice-championne olympique de l&rsquo;individuel"}]},{"@type":"WebSite","@id":"https:\/\/dicodusport.fr\/blog\/#website","url":"https:\/\/dicodusport.fr\/blog\/","name":"Dicodusport","description":"L&#039;encyclop\u00e9die de l&#039;actualit\u00e9 sportive","publisher":{"@id":"https:\/\/dicodusport.fr\/blog\/#organization"},"potentialAction":[{"@type":"SearchAction","target":{"@type":"EntryPoint","urlTemplate":"https:\/\/dicodusport.fr\/blog\/?s={search_term_string}"},"query-input":{"@type":"PropertyValueSpecification","valueRequired":true,"valueName":"search_term_string"}}],"inLanguage":"fr-FR"},{"@type":"NewsMediaOrganization","@id":"https:\/\/dicodusport.fr\/blog\/#organization","name":"Dicodusport","url":"https:\/\/dicodusport.fr\/blog\/","logo":{"@type":"ImageObject","inLanguage":"fr-FR","@id":"https:\/\/dicodusport.fr\/blog\/#\/schema\/logo\/image\/","url":"https:\/\/dicodusport.fr\/blog\/wp-content\/uploads\/2020\/06\/cropped-LOGO-DICODUSPORT-2020-SANS-FOND-SANS-TEXTE.png","contentUrl":"https:\/\/dicodusport.fr\/blog\/wp-content\/uploads\/2020\/06\/cropped-LOGO-DICODUSPORT-2020-SANS-FOND-SANS-TEXTE.png","width":512,"height":512,"caption":"Dicodusport"},"image":{"@id":"https:\/\/dicodusport.fr\/blog\/#\/schema\/logo\/image\/"},"sameAs":["https:\/\/www.facebook.com\/dicodusport","https:\/\/x.com\/dicodusport","https:\/\/www.instagram.com\/dicodusport\/","https:\/\/www.youtube.com\/channel\/UC7V2KZ5sd3htJivAbA4ZG3w"],"description":"Dicodusport est l'encyclop\u00e9die de l'actualit\u00e9 sportive.","email":"bonjour@dicodusport.fr","legalName":"DICODUSPORT","foundingDate":"2018-01-14","vatID":"FR71834470973","taxID":"83447097300043","numberOfEmployees":{"@type":"QuantitativeValue","minValue":"1","maxValue":"10"}},{"@type":"Person","@id":"https:\/\/dicodusport.fr\/blog\/#\/schema\/person\/627966a6cde45dbd8c5e36ac85d783da","name":"S\u00e9bastien Gente","image":{"@type":"ImageObject","inLanguage":"fr-FR","@id":"https:\/\/dicodusport.fr\/blog\/#\/schema\/person\/image\/","url":"https:\/\/dicodusport.fr\/blog\/wp-content\/uploads\/2021\/09\/1510990_10205810251400683_4124423575079401707_n-150x150.jpg","contentUrl":"https:\/\/dicodusport.fr\/blog\/wp-content\/uploads\/2021\/09\/1510990_10205810251400683_4124423575079401707_n-150x150.jpg","caption":"S\u00e9bastien Gente"},"description":"John Stockton, Gianni Bugno, Zinedine Zidane, Steffi Graf, Frode Andresen, St\u00e9phane Stoecklin, Davis Kamoga, Primoz Peterka, Werner Schlager et Aur\u00e9lien Rougerie. Point commun entre ces sportifs? Ils m'ont fait r\u00eaver et ont berc\u00e9 mon adolescence. Je suis un fondu de sports et j'essaie de retranscrire ma passion \u00e0 travers mes articles. Originaire du P\u00e9rigord, ma passion pour les Girondins, les Jaunards et les Jazzmen transpire dans mes \u00e9crits. \u00c0 Dicodusport depuis 2021, je d\u00e9niche les sports m\u00e9connus dans lesquels la France brille, et il y en a !","sameAs":["https:\/\/www.facebook.com\/sebastien.gente\/","https:\/\/www.instagram.com\/sebgente\/","https:\/\/www.linkedin.com\/in\/sbastien-gente-a29583169\/","https:\/\/x.com\/https:\/\/twitter.com\/globulo24","SebastienGente"],"worksFor":"S\u00e9bastien GENTE","url":"https:\/\/dicodusport.fr\/blog\/author\/sebastiengente\/"}]}},"_links":{"self":[{"href":"https:\/\/dicodusport.fr\/blog\/wp-json\/wp\/v2\/posts\/197981","targetHints":{"allow":["GET"]}}],"collection":[{"href":"https:\/\/dicodusport.fr\/blog\/wp-json\/wp\/v2\/posts"}],"about":[{"href":"https:\/\/dicodusport.fr\/blog\/wp-json\/wp\/v2\/types\/post"}],"author":[{"embeddable":true,"href":"https:\/\/dicodusport.fr\/blog\/wp-json\/wp\/v2\/users\/59"}],"replies":[{"embeddable":true,"href":"https:\/\/dicodusport.fr\/blog\/wp-json\/wp\/v2\/comments?post=197981"}],"version-history":[{"count":0,"href":"https:\/\/dicodusport.fr\/blog\/wp-json\/wp\/v2\/posts\/197981\/revisions"}],"wp:featuredmedia":[{"embeddable":true,"href":"https:\/\/dicodusport.fr\/blog\/wp-json\/wp\/v2\/media\/198055"}],"wp:attachment":[{"href":"https:\/\/dicodusport.fr\/blog\/wp-json\/wp\/v2\/media?parent=197981"}],"wp:term":[{"taxonomy":"category","embeddable":true,"href":"https:\/\/dicodusport.fr\/blog\/wp-json\/wp\/v2\/categories?post=197981"},{"taxonomy":"post_tag","embeddable":true,"href":"https:\/\/dicodusport.fr\/blog\/wp-json\/wp\/v2\/tags?post=197981"}],"curies":[{"name":"wp","href":"https:\/\/api.w.org\/{rel}","templated":true}]}}