{"id":198042,"date":"2022-02-07T15:08:35","date_gmt":"2022-02-07T14:08:35","guid":{"rendered":"https:\/\/dicodusport.fr\/blog\/?p=198042&#038;preview=true&#038;preview_id=198042"},"modified":"2022-02-07T17:13:47","modified_gmt":"2022-02-07T16:13:47","slug":"johan-clarey-jai-du-mal-a-realiser-je-ne-vous-le-cache-pas","status":"publish","type":"post","link":"https:\/\/dicodusport.fr\/blog\/johan-clarey-jai-du-mal-a-realiser-je-ne-vous-le-cache-pas\/","title":{"rendered":"Johan Clarey : \u00ab\u00a0J&rsquo;ai du mal \u00e0 r\u00e9aliser, je ne vous le cache pas\u00a0\u00bb"},"content":{"rendered":"<p style=\"text-align: justify;\"><strong><em><a href=\"https:\/\/dicodusport.fr\/blog\/ski-alpin-jo-pekin-2022-programme-resultats-medailles\/\">JO P\u00c9KIN 2022 &#8211; SKI ALPIN<\/a> &#8211; Deuxi\u00e8me de la <a href=\"https:\/\/dicodusport.fr\/blog\/ski-alpin-jo-pekin-2022-classement-descente-hommes\/\">descente des JO de P\u00e9kin 2022<\/a>, Johan Clarey avait du mal \u00e0 r\u00e9aliser ce qu&rsquo;il a accompli \u00e0 41 ans.<\/em><\/strong><\/p>\n<p style=\"text-align: justify;\">Il sortait d&rsquo;un tr\u00e8s bon mois de janvier; mais il \u00e9tait plut\u00f4t parmi les outsiders que les favoris pour cette descente olympique. Longtemps en t\u00eate aux interm\u00e9diaires, <strong>Johan Clarey<\/strong> vient \u00e9chouer \u00e0 dix centi\u00e8mes du vainqueur <strong>Beat Feuz<\/strong>. Mais cette m\u00e9daille d&rsquo;argent fait le bonheur du Tricolore; qui a encore du mal \u00e0 se rendre compte de ce qu&rsquo;il a accompli comme, il l&rsquo;a expliqu\u00e9 \u00e0 nos confr\u00e8res de <em><a href=\"https:\/\/www.lequipe.fr\/Ski\/Actualites\/Johan-clarey-medaille-d-argent-en-descente-aux-jo-de-pekin-c-est-l-apotheose\/1315681\" target=\"_blank\" rel=\"noopener\">L&rsquo;\u00c9quipe<\/a><\/em>.<\/p>\n<blockquote>\n<p style=\"text-align: justify;\">J&rsquo;ai du mal \u00e0 r\u00e9aliser, je ne vous le cache pas. Je n&rsquo;ai pas eu le temps, il va falloir quelques heures pour que \u00e7a descende. Si on m&rsquo;avait dit \u00e7a ce matin, je ne l&rsquo;aurais pas cru. J&rsquo;ai construit ma saison comme je l&rsquo;ai voulu, je suis mont\u00e9 en puissance au mois de janvier, je suis en forme en f\u00e9vrier. Je suis tr\u00e8s content de la mani\u00e8re dont je suis arriv\u00e9 aux JO, j&rsquo;ai \u00e9vacu\u00e9 tout le n\u00e9gatif que j&rsquo;ai pu. C&rsquo;est juste incroyable, c&rsquo;est le plus beau jour de ma carri\u00e8re, c&rsquo;est l&rsquo;apoth\u00e9ose. Cette m\u00e9daille, c&rsquo;\u00e9tait mon objectif, tout s&rsquo;est d\u00e9roul\u00e9 comme dans un r\u00eave.<\/p>\n<\/blockquote>\n<p style=\"text-align: justify;\"><strong>Johan Clarey<\/strong> lance id\u00e9alement l&rsquo;\u00e9quipe de ski alpin fran\u00e7ais qui aura de nouvelles cartes mardi sur le Super-G, avec notamment <strong>Alexis Pinturault<\/strong> et <strong>Matthieu Bailet<\/strong>.<\/p>\n<blockquote class=\"twitter-tweet\">\n<p dir=\"ltr\" lang=\"fr\">! \u00c0 41 ans, le Fran\u00e7ais devient vice-champion olympique de la descente et apporte une deuxi\u00e8me m\u00e9daille \u00e0 la d\u00e9l\u00e9gation tricolore ! <a href=\"https:\/\/twitter.com\/hashtag\/Beijing2022?src=hash&amp;ref_src=twsrc%5Etfw\">#Beijing2022<\/a> <a href=\"https:\/\/twitter.com\/hashtag\/SkiAlpin?src=hash&amp;ref_src=twsrc%5Etfw\">#SkiAlpin<\/a> <a href=\"https:\/\/t.co\/NwMA3Asda2\">pic.twitter.com\/NwMA3Asda2<\/a><\/p>\n<p>\u2014 Dicodusport &#x2b50;&#x2b50; (@dicodusport) <a href=\"https:\/\/twitter.com\/dicodusport\/status\/1490559621194473473?ref_src=twsrc%5Etfw\">February 7, 2022<\/a><\/p><\/blockquote>\n<p><script async src=\"https:\/\/platform.twitter.com\/widgets.js\" charset=\"utf-8\"><\/script><\/p>\n<h2 style=\"text-align: justify;\"><strong>\u00c0 lire aussi<\/strong><\/h2>\n<ul>\n<li style=\"text-align: justify;\"><a href=\"https:\/\/dicodusport.fr\/blog\/jo-pekin-2022-tableau-des-medailles\/\"><strong>Le tableau des m\u00e9dailles des JO de P\u00e9kin 2022<\/strong><\/a><\/li>\n<\/ul>\n","protected":false},"excerpt":{"rendered":"<p>JO P\u00c9KIN 2022 &#8211; SKI ALPIN &#8211; Deuxi\u00e8me de la descente des JO de P\u00e9kin 2022, Johan Clarey avait du mal \u00e0 r\u00e9aliser ce qu&rsquo;il a accompli \u00e0 41 ans.<\/p>\n","protected":false},"author":1,"featured_media":198043,"comment_status":"open","ping_status":"closed","sticky":false,"template":"","format":"standard","meta":{"_acf_changed":false,"_daextam_enable_autolinks":"","footnotes":""},"categories":[20104,9217],"tags":[7161,21641,7201,676,2233],"class_list":["post-198042","post","type-post","status-publish","format-standard","has-post-thumbnail","hentry","category-jo-hiver-pekin-2022","category-ski","tag-descente","tag-jeux-olympiques-de-pekin","tag-johan-clarey","tag-ski","tag-ski-alpin"],"acf":[],"yoast_head":"<!-- This site is optimized with the Yoast SEO Premium plugin v26.7 (Yoast SEO v26.7) - https:\/\/yoast.com\/wordpress\/plugins\/seo\/ -->\n<title>Johan Clarey : &quot;J&#039;ai du mal \u00e0 r\u00e9aliser, je ne vous le cache pas&quot;<\/title>\n<meta name=\"description\" content=\"JO P\u00c9KIN 2022 - SKI ALPIN - Deuxi\u00e8me de la descente des JO de P\u00e9kin 2022, Johan Clarey avait du mal \u00e0 r\u00e9aliser ce qu&#039;il a accompli \u00e0 41 ans.\" \/>\n<meta name=\"robots\" content=\"index, follow, max-snippet:-1, max-image-preview:large, max-video-preview:-1\" \/>\n<link rel=\"canonical\" href=\"https:\/\/dicodusport.fr\/blog\/johan-clarey-jai-du-mal-a-realiser-je-ne-vous-le-cache-pas\/\" \/>\n<meta property=\"og:locale\" content=\"fr_FR\" \/>\n<meta property=\"og:type\" content=\"article\" \/>\n<meta property=\"og:title\" content=\"Johan Clarey : &quot;J&#039;ai du mal \u00e0 r\u00e9aliser, je ne vous le cache pas&quot;\" \/>\n<meta property=\"og:description\" content=\"JO P\u00c9KIN 2022 - SKI ALPIN - Deuxi\u00e8me de la descente des JO de P\u00e9kin 2022, Johan Clarey avait du mal \u00e0 r\u00e9aliser ce qu&#039;il a accompli \u00e0 41 ans.\" \/>\n<meta property=\"og:url\" content=\"https:\/\/dicodusport.fr\/blog\/johan-clarey-jai-du-mal-a-realiser-je-ne-vous-le-cache-pas\/\" \/>\n<meta property=\"og:site_name\" content=\"Dicodusport\" \/>\n<meta property=\"article:publisher\" content=\"https:\/\/www.facebook.com\/dicodusport\" \/>\n<meta property=\"article:author\" content=\"https:\/\/www.facebook.com\/dicodusport\" \/>\n<meta property=\"article:published_time\" content=\"2022-02-07T14:08:35+00:00\" \/>\n<meta property=\"article:modified_time\" content=\"2022-02-07T16:13:47+00:00\" \/>\n<meta property=\"og:image\" content=\"https:\/\/dicodusport.fr\/blog\/wp-content\/uploads\/2022\/02\/Johan-Clarey-Jai-du-mal-a\u0300-re\u0301aliser-je-ne-vous-le-cache-pas.png\" \/>\n\t<meta property=\"og:image:width\" content=\"800\" \/>\n\t<meta property=\"og:image:height\" content=\"445\" \/>\n\t<meta property=\"og:image:type\" content=\"image\/png\" \/>\n<meta name=\"author\" content=\"Nicolas Jacquemard\" \/>\n<meta name=\"twitter:card\" content=\"summary_large_image\" \/>\n<meta name=\"twitter:title\" content=\"Johan Clarey : &quot;J&#039;ai du mal \u00e0 r\u00e9aliser, je ne vous le cache pas&quot;\" \/>\n<meta name=\"twitter:creator\" content=\"@https:\/\/twitter.com\/Nico_Jacquemard\" \/>\n<meta name=\"twitter:site\" content=\"@dicodusport\" \/>\n<script type=\"application\/ld+json\" class=\"yoast-schema-graph\">{\"@context\":\"https:\/\/schema.org\",\"@graph\":[{\"@type\":\"NewsArticle\",\"@id\":\"https:\/\/dicodusport.fr\/blog\/johan-clarey-jai-du-mal-a-realiser-je-ne-vous-le-cache-pas\/#article\",\"isPartOf\":{\"@id\":\"https:\/\/dicodusport.fr\/blog\/johan-clarey-jai-du-mal-a-realiser-je-ne-vous-le-cache-pas\/\"},\"author\":{\"name\":\"Nicolas Jacquemard\",\"@id\":\"https:\/\/dicodusport.fr\/blog\/#\/schema\/person\/55dcb50ad410894e431ed812bbb70191\"},\"headline\":\"Johan Clarey : \u00ab\u00a0J&rsquo;ai du mal \u00e0 r\u00e9aliser, je ne vous le cache pas\u00a0\u00bb\",\"datePublished\":\"2022-02-07T14:08:35+00:00\",\"dateModified\":\"2022-02-07T16:13:47+00:00\",\"mainEntityOfPage\":{\"@id\":\"https:\/\/dicodusport.fr\/blog\/johan-clarey-jai-du-mal-a-realiser-je-ne-vous-le-cache-pas\/\"},\"wordCount\":329,\"commentCount\":0,\"publisher\":{\"@id\":\"https:\/\/dicodusport.fr\/blog\/#organization\"},\"image\":{\"@id\":\"https:\/\/dicodusport.fr\/blog\/johan-clarey-jai-du-mal-a-realiser-je-ne-vous-le-cache-pas\/#primaryimage\"},\"thumbnailUrl\":\"https:\/\/dicodusport.fr\/blog\/wp-content\/uploads\/2022\/02\/Johan-Clarey-Jai-du-mal-a\u0300-re\u0301aliser-je-ne-vous-le-cache-pas.png\",\"keywords\":[\"Descente\",\"Jeux Olympiques de P\u00e9kin\",\"Johan Clarey\",\"ski\",\"Ski alpin\"],\"articleSection\":[\"JO d'hiver P\u00e9kin 2022\",\"Ski\"],\"inLanguage\":\"fr-FR\",\"potentialAction\":[{\"@type\":\"CommentAction\",\"name\":\"Comment\",\"target\":[\"https:\/\/dicodusport.fr\/blog\/johan-clarey-jai-du-mal-a-realiser-je-ne-vous-le-cache-pas\/#respond\"]}],\"copyrightYear\":\"2022\",\"copyrightHolder\":{\"@id\":\"https:\/\/dicodusport.fr\/blog\/#organization\"}},{\"@type\":\"WebPage\",\"@id\":\"https:\/\/dicodusport.fr\/blog\/johan-clarey-jai-du-mal-a-realiser-je-ne-vous-le-cache-pas\/\",\"url\":\"https:\/\/dicodusport.fr\/blog\/johan-clarey-jai-du-mal-a-realiser-je-ne-vous-le-cache-pas\/\",\"name\":\"Johan Clarey : \\\"J'ai du mal \u00e0 r\u00e9aliser, je ne vous le cache pas\\\"\",\"isPartOf\":{\"@id\":\"https:\/\/dicodusport.fr\/blog\/#website\"},\"primaryImageOfPage\":{\"@id\":\"https:\/\/dicodusport.fr\/blog\/johan-clarey-jai-du-mal-a-realiser-je-ne-vous-le-cache-pas\/#primaryimage\"},\"image\":{\"@id\":\"https:\/\/dicodusport.fr\/blog\/johan-clarey-jai-du-mal-a-realiser-je-ne-vous-le-cache-pas\/#primaryimage\"},\"thumbnailUrl\":\"https:\/\/dicodusport.fr\/blog\/wp-content\/uploads\/2022\/02\/Johan-Clarey-Jai-du-mal-a\u0300-re\u0301aliser-je-ne-vous-le-cache-pas.png\",\"datePublished\":\"2022-02-07T14:08:35+00:00\",\"dateModified\":\"2022-02-07T16:13:47+00:00\",\"description\":\"JO P\u00c9KIN 2022 - SKI ALPIN - Deuxi\u00e8me de la descente des JO de P\u00e9kin 2022, Johan Clarey avait du mal \u00e0 r\u00e9aliser ce qu'il a accompli \u00e0 41 ans.\",\"breadcrumb\":{\"@id\":\"https:\/\/dicodusport.fr\/blog\/johan-clarey-jai-du-mal-a-realiser-je-ne-vous-le-cache-pas\/#breadcrumb\"},\"inLanguage\":\"fr-FR\",\"potentialAction\":[{\"@type\":\"ReadAction\",\"target\":[\"https:\/\/dicodusport.fr\/blog\/johan-clarey-jai-du-mal-a-realiser-je-ne-vous-le-cache-pas\/\"]}]},{\"@type\":\"ImageObject\",\"inLanguage\":\"fr-FR\",\"@id\":\"https:\/\/dicodusport.fr\/blog\/johan-clarey-jai-du-mal-a-realiser-je-ne-vous-le-cache-pas\/#primaryimage\",\"url\":\"https:\/\/dicodusport.fr\/blog\/wp-content\/uploads\/2022\/02\/Johan-Clarey-Jai-du-mal-a\u0300-re\u0301aliser-je-ne-vous-le-cache-pas.png\",\"contentUrl\":\"https:\/\/dicodusport.fr\/blog\/wp-content\/uploads\/2022\/02\/Johan-Clarey-Jai-du-mal-a\u0300-re\u0301aliser-je-ne-vous-le-cache-pas.png\",\"width\":800,\"height\":445,\"caption\":\"Johan Clarey J'ai du mal a\u0300 re\u0301aliser, je ne vous le cache pas\"},{\"@type\":\"BreadcrumbList\",\"@id\":\"https:\/\/dicodusport.fr\/blog\/johan-clarey-jai-du-mal-a-realiser-je-ne-vous-le-cache-pas\/#breadcrumb\",\"itemListElement\":[{\"@type\":\"ListItem\",\"position\":1,\"name\":\"Accueil\",\"item\":\"https:\/\/dicodusport.fr\/blog\/\"},{\"@type\":\"ListItem\",\"position\":2,\"name\":\"Johan Clarey : \u00ab\u00a0J&rsquo;ai du mal \u00e0 r\u00e9aliser, je ne vous le cache pas\u00a0\u00bb\"}]},{\"@type\":\"WebSite\",\"@id\":\"https:\/\/dicodusport.fr\/blog\/#website\",\"url\":\"https:\/\/dicodusport.fr\/blog\/\",\"name\":\"Dicodusport\",\"description\":\"L&#039;encyclop\u00e9die de l&#039;actualit\u00e9 sportive\",\"publisher\":{\"@id\":\"https:\/\/dicodusport.fr\/blog\/#organization\"},\"potentialAction\":[{\"@type\":\"SearchAction\",\"target\":{\"@type\":\"EntryPoint\",\"urlTemplate\":\"https:\/\/dicodusport.fr\/blog\/?s={search_term_string}\"},\"query-input\":{\"@type\":\"PropertyValueSpecification\",\"valueRequired\":true,\"valueName\":\"search_term_string\"}}],\"inLanguage\":\"fr-FR\"},{\"@type\":\"NewsMediaOrganization\",\"@id\":\"https:\/\/dicodusport.fr\/blog\/#organization\",\"name\":\"Dicodusport\",\"url\":\"https:\/\/dicodusport.fr\/blog\/\",\"logo\":{\"@type\":\"ImageObject\",\"inLanguage\":\"fr-FR\",\"@id\":\"https:\/\/dicodusport.fr\/blog\/#\/schema\/logo\/image\/\",\"url\":\"https:\/\/dicodusport.fr\/blog\/wp-content\/uploads\/2020\/06\/cropped-LOGO-DICODUSPORT-2020-SANS-FOND-SANS-TEXTE.png\",\"contentUrl\":\"https:\/\/dicodusport.fr\/blog\/wp-content\/uploads\/2020\/06\/cropped-LOGO-DICODUSPORT-2020-SANS-FOND-SANS-TEXTE.png\",\"width\":512,\"height\":512,\"caption\":\"Dicodusport\"},\"image\":{\"@id\":\"https:\/\/dicodusport.fr\/blog\/#\/schema\/logo\/image\/\"},\"sameAs\":[\"https:\/\/www.facebook.com\/dicodusport\",\"https:\/\/x.com\/dicodusport\",\"https:\/\/www.instagram.com\/dicodusport\/\",\"https:\/\/www.youtube.com\/channel\/UC7V2KZ5sd3htJivAbA4ZG3w\"],\"description\":\"Dicodusport est l'encyclop\u00e9die de l'actualit\u00e9 sportive.\",\"email\":\"bonjour@dicodusport.fr\",\"legalName\":\"DICODUSPORT\",\"foundingDate\":\"2018-01-14\",\"vatID\":\"FR71834470973\",\"taxID\":\"83447097300043\",\"numberOfEmployees\":{\"@type\":\"QuantitativeValue\",\"minValue\":\"1\",\"maxValue\":\"10\"}},{\"@type\":\"Person\",\"@id\":\"https:\/\/dicodusport.fr\/blog\/#\/schema\/person\/55dcb50ad410894e431ed812bbb70191\",\"name\":\"Nicolas Jacquemard\",\"image\":{\"@type\":\"ImageObject\",\"inLanguage\":\"fr-FR\",\"@id\":\"https:\/\/dicodusport.fr\/blog\/#\/schema\/person\/image\/\",\"url\":\"https:\/\/dicodusport.fr\/blog\/wp-content\/uploads\/2021\/05\/Nicolas-Jacquemard-150x150.jpeg\",\"contentUrl\":\"https:\/\/dicodusport.fr\/blog\/wp-content\/uploads\/2021\/05\/Nicolas-Jacquemard-150x150.jpeg\",\"caption\":\"Nicolas Jacquemard\"},\"description\":\"Passionn\u00e9 de sport et entrepreneur depuis mes 18 ans, la cr\u00e9ation de Dicodusport m'a sembl\u00e9 \u00e9vidente pour participer \u00e0 la m\u00e9diatisation d'un plus grand nombre de sports. Le chemin est long mais avec une \u00e9quipe des plus motiv\u00e9es et les Jeux Olympiques de Paris 2024 en point de mire, nous y arriverons ! Journaliste dans le monde du sport depuis plus de 5 ans, je traite aussi bien de football, de rugby, de biathlon que de cyclisme.\",\"sameAs\":[\"https:\/\/www.facebook.com\/dicodusport\",\"https:\/\/x.com\/https:\/\/twitter.com\/Nico_Jacquemard\"],\"url\":\"https:\/\/dicodusport.fr\/blog\/author\/dicodusport\/\"}]}<\/script>\n<!-- \/ Yoast SEO Premium plugin. -->","yoast_head_json":{"title":"Johan Clarey : \"J'ai du mal \u00e0 r\u00e9aliser, je ne vous le cache pas\"","description":"JO P\u00c9KIN 2022 - SKI ALPIN - Deuxi\u00e8me de la descente des JO de P\u00e9kin 2022, Johan Clarey avait du mal \u00e0 r\u00e9aliser ce qu'il a accompli \u00e0 41 ans.","robots":{"index":"index","follow":"follow","max-snippet":"max-snippet:-1","max-image-preview":"max-image-preview:large","max-video-preview":"max-video-preview:-1"},"canonical":"https:\/\/dicodusport.fr\/blog\/johan-clarey-jai-du-mal-a-realiser-je-ne-vous-le-cache-pas\/","og_locale":"fr_FR","og_type":"article","og_title":"Johan Clarey : \"J'ai du mal \u00e0 r\u00e9aliser, je ne vous le cache pas\"","og_description":"JO P\u00c9KIN 2022 - SKI ALPIN - Deuxi\u00e8me de la descente des JO de P\u00e9kin 2022, Johan Clarey avait du mal \u00e0 r\u00e9aliser ce qu'il a accompli \u00e0 41 ans.","og_url":"https:\/\/dicodusport.fr\/blog\/johan-clarey-jai-du-mal-a-realiser-je-ne-vous-le-cache-pas\/","og_site_name":"Dicodusport","article_publisher":"https:\/\/www.facebook.com\/dicodusport","article_author":"https:\/\/www.facebook.com\/dicodusport","article_published_time":"2022-02-07T14:08:35+00:00","article_modified_time":"2022-02-07T16:13:47+00:00","og_image":[{"width":800,"height":445,"url":"https:\/\/dicodusport.fr\/blog\/wp-content\/uploads\/2022\/02\/Johan-Clarey-Jai-du-mal-a\u0300-re\u0301aliser-je-ne-vous-le-cache-pas.png","type":"image\/png"}],"author":"Nicolas Jacquemard","twitter_card":"summary_large_image","twitter_title":"Johan Clarey : \"J'ai du mal \u00e0 r\u00e9aliser, je ne vous le cache pas\"","twitter_creator":"@https:\/\/twitter.com\/Nico_Jacquemard","twitter_site":"@dicodusport","schema":{"@context":"https:\/\/schema.org","@graph":[{"@type":"NewsArticle","@id":"https:\/\/dicodusport.fr\/blog\/johan-clarey-jai-du-mal-a-realiser-je-ne-vous-le-cache-pas\/#article","isPartOf":{"@id":"https:\/\/dicodusport.fr\/blog\/johan-clarey-jai-du-mal-a-realiser-je-ne-vous-le-cache-pas\/"},"author":{"name":"Nicolas Jacquemard","@id":"https:\/\/dicodusport.fr\/blog\/#\/schema\/person\/55dcb50ad410894e431ed812bbb70191"},"headline":"Johan Clarey : \u00ab\u00a0J&rsquo;ai du mal \u00e0 r\u00e9aliser, je ne vous le cache pas\u00a0\u00bb","datePublished":"2022-02-07T14:08:35+00:00","dateModified":"2022-02-07T16:13:47+00:00","mainEntityOfPage":{"@id":"https:\/\/dicodusport.fr\/blog\/johan-clarey-jai-du-mal-a-realiser-je-ne-vous-le-cache-pas\/"},"wordCount":329,"commentCount":0,"publisher":{"@id":"https:\/\/dicodusport.fr\/blog\/#organization"},"image":{"@id":"https:\/\/dicodusport.fr\/blog\/johan-clarey-jai-du-mal-a-realiser-je-ne-vous-le-cache-pas\/#primaryimage"},"thumbnailUrl":"https:\/\/dicodusport.fr\/blog\/wp-content\/uploads\/2022\/02\/Johan-Clarey-Jai-du-mal-a\u0300-re\u0301aliser-je-ne-vous-le-cache-pas.png","keywords":["Descente","Jeux Olympiques de P\u00e9kin","Johan Clarey","ski","Ski alpin"],"articleSection":["JO d'hiver P\u00e9kin 2022","Ski"],"inLanguage":"fr-FR","potentialAction":[{"@type":"CommentAction","name":"Comment","target":["https:\/\/dicodusport.fr\/blog\/johan-clarey-jai-du-mal-a-realiser-je-ne-vous-le-cache-pas\/#respond"]}],"copyrightYear":"2022","copyrightHolder":{"@id":"https:\/\/dicodusport.fr\/blog\/#organization"}},{"@type":"WebPage","@id":"https:\/\/dicodusport.fr\/blog\/johan-clarey-jai-du-mal-a-realiser-je-ne-vous-le-cache-pas\/","url":"https:\/\/dicodusport.fr\/blog\/johan-clarey-jai-du-mal-a-realiser-je-ne-vous-le-cache-pas\/","name":"Johan Clarey : \"J'ai du mal \u00e0 r\u00e9aliser, je ne vous le cache pas\"","isPartOf":{"@id":"https:\/\/dicodusport.fr\/blog\/#website"},"primaryImageOfPage":{"@id":"https:\/\/dicodusport.fr\/blog\/johan-clarey-jai-du-mal-a-realiser-je-ne-vous-le-cache-pas\/#primaryimage"},"image":{"@id":"https:\/\/dicodusport.fr\/blog\/johan-clarey-jai-du-mal-a-realiser-je-ne-vous-le-cache-pas\/#primaryimage"},"thumbnailUrl":"https:\/\/dicodusport.fr\/blog\/wp-content\/uploads\/2022\/02\/Johan-Clarey-Jai-du-mal-a\u0300-re\u0301aliser-je-ne-vous-le-cache-pas.png","datePublished":"2022-02-07T14:08:35+00:00","dateModified":"2022-02-07T16:13:47+00:00","description":"JO P\u00c9KIN 2022 - SKI ALPIN - Deuxi\u00e8me de la descente des JO de P\u00e9kin 2022, Johan Clarey avait du mal \u00e0 r\u00e9aliser ce qu'il a accompli \u00e0 41 ans.","breadcrumb":{"@id":"https:\/\/dicodusport.fr\/blog\/johan-clarey-jai-du-mal-a-realiser-je-ne-vous-le-cache-pas\/#breadcrumb"},"inLanguage":"fr-FR","potentialAction":[{"@type":"ReadAction","target":["https:\/\/dicodusport.fr\/blog\/johan-clarey-jai-du-mal-a-realiser-je-ne-vous-le-cache-pas\/"]}]},{"@type":"ImageObject","inLanguage":"fr-FR","@id":"https:\/\/dicodusport.fr\/blog\/johan-clarey-jai-du-mal-a-realiser-je-ne-vous-le-cache-pas\/#primaryimage","url":"https:\/\/dicodusport.fr\/blog\/wp-content\/uploads\/2022\/02\/Johan-Clarey-Jai-du-mal-a\u0300-re\u0301aliser-je-ne-vous-le-cache-pas.png","contentUrl":"https:\/\/dicodusport.fr\/blog\/wp-content\/uploads\/2022\/02\/Johan-Clarey-Jai-du-mal-a\u0300-re\u0301aliser-je-ne-vous-le-cache-pas.png","width":800,"height":445,"caption":"Johan Clarey J'ai du mal a\u0300 re\u0301aliser, je ne vous le cache pas"},{"@type":"BreadcrumbList","@id":"https:\/\/dicodusport.fr\/blog\/johan-clarey-jai-du-mal-a-realiser-je-ne-vous-le-cache-pas\/#breadcrumb","itemListElement":[{"@type":"ListItem","position":1,"name":"Accueil","item":"https:\/\/dicodusport.fr\/blog\/"},{"@type":"ListItem","position":2,"name":"Johan Clarey : \u00ab\u00a0J&rsquo;ai du mal \u00e0 r\u00e9aliser, je ne vous le cache pas\u00a0\u00bb"}]},{"@type":"WebSite","@id":"https:\/\/dicodusport.fr\/blog\/#website","url":"https:\/\/dicodusport.fr\/blog\/","name":"Dicodusport","description":"L&#039;encyclop\u00e9die de l&#039;actualit\u00e9 sportive","publisher":{"@id":"https:\/\/dicodusport.fr\/blog\/#organization"},"potentialAction":[{"@type":"SearchAction","target":{"@type":"EntryPoint","urlTemplate":"https:\/\/dicodusport.fr\/blog\/?s={search_term_string}"},"query-input":{"@type":"PropertyValueSpecification","valueRequired":true,"valueName":"search_term_string"}}],"inLanguage":"fr-FR"},{"@type":"NewsMediaOrganization","@id":"https:\/\/dicodusport.fr\/blog\/#organization","name":"Dicodusport","url":"https:\/\/dicodusport.fr\/blog\/","logo":{"@type":"ImageObject","inLanguage":"fr-FR","@id":"https:\/\/dicodusport.fr\/blog\/#\/schema\/logo\/image\/","url":"https:\/\/dicodusport.fr\/blog\/wp-content\/uploads\/2020\/06\/cropped-LOGO-DICODUSPORT-2020-SANS-FOND-SANS-TEXTE.png","contentUrl":"https:\/\/dicodusport.fr\/blog\/wp-content\/uploads\/2020\/06\/cropped-LOGO-DICODUSPORT-2020-SANS-FOND-SANS-TEXTE.png","width":512,"height":512,"caption":"Dicodusport"},"image":{"@id":"https:\/\/dicodusport.fr\/blog\/#\/schema\/logo\/image\/"},"sameAs":["https:\/\/www.facebook.com\/dicodusport","https:\/\/x.com\/dicodusport","https:\/\/www.instagram.com\/dicodusport\/","https:\/\/www.youtube.com\/channel\/UC7V2KZ5sd3htJivAbA4ZG3w"],"description":"Dicodusport est l'encyclop\u00e9die de l'actualit\u00e9 sportive.","email":"bonjour@dicodusport.fr","legalName":"DICODUSPORT","foundingDate":"2018-01-14","vatID":"FR71834470973","taxID":"83447097300043","numberOfEmployees":{"@type":"QuantitativeValue","minValue":"1","maxValue":"10"}},{"@type":"Person","@id":"https:\/\/dicodusport.fr\/blog\/#\/schema\/person\/55dcb50ad410894e431ed812bbb70191","name":"Nicolas Jacquemard","image":{"@type":"ImageObject","inLanguage":"fr-FR","@id":"https:\/\/dicodusport.fr\/blog\/#\/schema\/person\/image\/","url":"https:\/\/dicodusport.fr\/blog\/wp-content\/uploads\/2021\/05\/Nicolas-Jacquemard-150x150.jpeg","contentUrl":"https:\/\/dicodusport.fr\/blog\/wp-content\/uploads\/2021\/05\/Nicolas-Jacquemard-150x150.jpeg","caption":"Nicolas Jacquemard"},"description":"Passionn\u00e9 de sport et entrepreneur depuis mes 18 ans, la cr\u00e9ation de Dicodusport m'a sembl\u00e9 \u00e9vidente pour participer \u00e0 la m\u00e9diatisation d'un plus grand nombre de sports. Le chemin est long mais avec une \u00e9quipe des plus motiv\u00e9es et les Jeux Olympiques de Paris 2024 en point de mire, nous y arriverons ! Journaliste dans le monde du sport depuis plus de 5 ans, je traite aussi bien de football, de rugby, de biathlon que de cyclisme.","sameAs":["https:\/\/www.facebook.com\/dicodusport","https:\/\/x.com\/https:\/\/twitter.com\/Nico_Jacquemard"],"url":"https:\/\/dicodusport.fr\/blog\/author\/dicodusport\/"}]}},"_links":{"self":[{"href":"https:\/\/dicodusport.fr\/blog\/wp-json\/wp\/v2\/posts\/198042","targetHints":{"allow":["GET"]}}],"collection":[{"href":"https:\/\/dicodusport.fr\/blog\/wp-json\/wp\/v2\/posts"}],"about":[{"href":"https:\/\/dicodusport.fr\/blog\/wp-json\/wp\/v2\/types\/post"}],"author":[{"embeddable":true,"href":"https:\/\/dicodusport.fr\/blog\/wp-json\/wp\/v2\/users\/1"}],"replies":[{"embeddable":true,"href":"https:\/\/dicodusport.fr\/blog\/wp-json\/wp\/v2\/comments?post=198042"}],"version-history":[{"count":0,"href":"https:\/\/dicodusport.fr\/blog\/wp-json\/wp\/v2\/posts\/198042\/revisions"}],"wp:featuredmedia":[{"embeddable":true,"href":"https:\/\/dicodusport.fr\/blog\/wp-json\/wp\/v2\/media\/198043"}],"wp:attachment":[{"href":"https:\/\/dicodusport.fr\/blog\/wp-json\/wp\/v2\/media?parent=198042"}],"wp:term":[{"taxonomy":"category","embeddable":true,"href":"https:\/\/dicodusport.fr\/blog\/wp-json\/wp\/v2\/categories?post=198042"},{"taxonomy":"post_tag","embeddable":true,"href":"https:\/\/dicodusport.fr\/blog\/wp-json\/wp\/v2\/tags?post=198042"}],"curies":[{"name":"wp","href":"https:\/\/api.w.org\/{rel}","templated":true}]}}