{"id":198402,"date":"2022-02-08T23:04:06","date_gmt":"2022-02-08T22:04:06","guid":{"rendered":"https:\/\/dicodusport.fr\/blog\/?p=198402&#038;preview=true&#038;preview_id=198402"},"modified":"2022-02-08T23:06:59","modified_gmt":"2022-02-08T22:06:59","slug":"coupe-de-france-l-as-monaco-premier-qualifie-pour-les-demis-apres-sa-victoire-face-a-amiens","status":"publish","type":"post","link":"https:\/\/dicodusport.fr\/blog\/coupe-de-france-l-as-monaco-premier-qualifie-pour-les-demis-apres-sa-victoire-face-a-amiens\/","title":{"rendered":"Coupe de France : L&rsquo;AS Monaco se qualifie pour les demies apr\u00e8s sa victoire face \u00e0 Amiens"},"content":{"rendered":"<p style=\"text-align: justify;\"><em><b>COUPE DE FRANCE &#8211; Pour le premier des quarts de finale de la Coupe de France, Monaco recevait Amiens au stade Louis II. Plus r\u00e9alistes, l&rsquo;ASM s&rsquo;est impos\u00e9e 2 \u00e0 0 gr\u00e2ce \u00e0 des buts inscrits par Aur\u00e9lien Tchouameni et Kevin Volland. Priv\u00e9 d&rsquo;une bonne partie de ses titulaires qui \u00e9taient au repos ce soir, le club princier conna\u00eetra son adversaire pour les demi-finales \u00e0 l&rsquo;issue du tirage demain soir. Les Ami\u00e9nois peuvent \u00eatre fiers de leur parcours, mais la marche \u00e9tait trop haute ce soir malgr\u00e9 leurs bonnes intentions.\u00a0<\/b><\/em><\/p>\n<h2 style=\"text-align: justify;\">L&rsquo;ASM plus r\u00e9aliste ce soir<\/h2>\n<p style=\"text-align: justify;\">Port\u00e9 par son succ\u00e8s en Ligue 1 face \u00e0 l&rsquo;Olympique Lyonnais (2-0), <strong>le club de la Principaut\u00e9<\/strong> a rapidement ouvert le score dans cette rencontre. Apr\u00e8s un corner mal renvoy\u00e9 par un d\u00e9fenseur ami\u00e9nois, <strong>Aur\u00e9lien Tchouameni<\/strong> \u00e9tait parfaitement positionn\u00e9 \u00e0 l&rsquo;entr\u00e9e de la surface. D&rsquo;une frappe en demi-vol\u00e9e bien ajust\u00e9e, l&rsquo;international fran\u00e7ais a tromp\u00e9 <strong>Yohann Thuram-Ulien<\/strong> et ouvert le score pour son \u00e9quipe (1-0, 5&prime;). Positionn\u00e9s dans un 5-2-3, les <strong>Ami\u00e9nois<\/strong> ont pourtant \u00e9t\u00e9 offensifs \u00e0 plusieurs reprises, notamment en premi\u00e8re p\u00e9riode, mais manquaient de justesse technique dans les trente derniers m\u00e8tres mon\u00e9gasques.<\/p>\n<blockquote class=\"twitter-tweet\">\n<p dir=\"ltr\" lang=\"fr\">La reprise bien plac\u00e9e de Tchouam\u00e9ni pour le 1-0<\/p>\n<p>Match \u00e0 suivre sur <a href=\"https:\/\/twitter.com\/Eurosport_FR?ref_src=twsrc%5Etfw\">@Eurosport_FR<\/a> 2 !<a href=\"https:\/\/twitter.com\/hashtag\/CDF?src=hash&amp;ref_src=twsrc%5Etfw\">#CDF<\/a> | <a href=\"https:\/\/twitter.com\/hashtag\/ASMASC?src=hash&amp;ref_src=twsrc%5Etfw\">#ASMASC<\/a> (1-0)<a href=\"https:\/\/t.co\/rNYBcAg1WQ\">pic.twitter.com\/rNYBcAg1WQ<\/a><\/p>\n<p>\u2014 Coupe de France (@coupedefrance) <a href=\"https:\/\/twitter.com\/coupedefrance\/status\/1491144242080923649?ref_src=twsrc%5Etfw\">February 8, 2022<\/a><\/p><\/blockquote>\n<p style=\"text-align: justify;\"><script async src=\"https:\/\/platform.twitter.com\/widgets.js\" charset=\"utf-8\"><\/script><\/p>\n<p style=\"text-align: justify;\">Malgr\u00e9 la grosse occasion pour l&rsquo;ailier ami\u00e9nois <strong>Kader Bamba<\/strong> en d\u00e9but de seconde p\u00e9riode, ce sont les <strong>Mon\u00e9gasques<\/strong> qui ont doubl\u00e9 la mise gr\u00e2ce \u00e0 <strong>Kevin Volland<\/strong>. Apr\u00e8s une belle passe du jeune <strong>Maghnes Akliouche<\/strong>, qui signera son premier contrat professionnel avec les <strong>As\u00e9mistes<\/strong> dans les prochains jours, l&rsquo;Allemand a parfaitement soign\u00e9 son geste pour doubler la mise (2-0, 54&prime;). A ce stade, rattraper deux buts d&rsquo;\u00e9cart pour une \u00e9quipe de Ligue 2 sur la pelouse d&rsquo;une tr\u00e8s bonne formation de Ligue 1 semblait mission impossible pour les joueurs de <strong>Philippe Hinschberger<\/strong>. Depuis que le Belge <strong>Paul Clement<\/strong> est arriv\u00e9 sur le banc mon\u00e9gasque, <strong>l&rsquo;ASM<\/strong> a remport\u00e9 trois de ses quatre derni\u00e8res rencontres toutes comp\u00e9titions confondues.<\/p>\n<blockquote class=\"twitter-tweet\">\n<p dir=\"ltr\" lang=\"fr\">L&rsquo;<a href=\"https:\/\/twitter.com\/AS_Monaco?ref_src=twsrc%5Etfw\">@AS_Monaco<\/a> \u0301 ! &#x2705;<\/p>\n<p>Les mon\u00e9gasques l&#8217;emportent 2-0 face \u00e0 <a href=\"https:\/\/twitter.com\/AmiensSC?ref_src=twsrc%5Etfw\">@AmiensSC<\/a> (L2) et rejoignent les demi-finales de la Coupe de France <a href=\"https:\/\/twitter.com\/hashtag\/CDF?src=hash&amp;ref_src=twsrc%5Etfw\">#CDF<\/a> | <a href=\"https:\/\/twitter.com\/hashtag\/ASMASC?src=hash&amp;ref_src=twsrc%5Etfw\">#ASMASC<\/a> <a href=\"https:\/\/t.co\/QIo9F8fsxZ\">pic.twitter.com\/QIo9F8fsxZ<\/a><\/p>\n<p>\u2014 Coupe de France (@coupedefrance) <a href=\"https:\/\/twitter.com\/coupedefrance\/status\/1491167975222947840?ref_src=twsrc%5Etfw\">February 8, 2022<\/a><\/p><\/blockquote>\n<p style=\"text-align: justify;\"><script async src=\"https:\/\/platform.twitter.com\/widgets.js\" charset=\"utf-8\"><\/script><\/p>\n<p style=\"text-align: justify;\">Demain soir, deux autres quarts de finale auront lieu. D&rsquo;abord une opposition entre les deux petits poucets de la comp\u00e9tition, Bergerac qui re\u00e7oit le club de Versailles, et le choc des \u00e9quipes de Ligue 1, entre l&rsquo;OGC Nice et l&rsquo;Olympique de Marseille. Jeudi soir \u00e0 la Beaujoire, le FC Nantes re\u00e7oit Bastia.<\/p>\n","protected":false},"excerpt":{"rendered":"<p>Gr\u00e2ce \u00e0 Aur\u00e9lien Tchouameni et Kevin Volland, l&rsquo;AS Monaco s&rsquo;est impos\u00e9e 2 \u00e0 0 face \u00e0 Amiens et se qualifie pour les demi-finales de la Coupe de France.<\/p>\n","protected":false},"author":42,"featured_media":198423,"comment_status":"open","ping_status":"closed","sticky":false,"template":"","format":"standard","meta":{"_acf_changed":false,"_daextam_enable_autolinks":"","footnotes":""},"categories":[2301],"tags":[5731,1691,75],"class_list":["post-198402","post","type-post","status-publish","format-standard","has-post-thumbnail","hentry","category-football","tag-amiens-sc","tag-as-monaco","tag-football"],"acf":[],"yoast_head":"<!-- This site is optimized with the Yoast SEO Premium plugin v26.7 (Yoast SEO v26.7) - https:\/\/yoast.com\/wordpress\/plugins\/seo\/ -->\n<title>Coupe de France : L&#039;AS Monaco se qualifie pour les demies apr\u00e8s sa victoire face \u00e0 Amiens<\/title>\n<meta name=\"description\" content=\"Gr\u00e2ce \u00e0 Aur\u00e9lien Tchouameni et Kevin Volland, l&#039;AS Monaco s&#039;est impos\u00e9e 2 \u00e0 0 face \u00e0 Amiens et se qualifie pour les demi-finales de la Coupe de France.\" \/>\n<meta name=\"robots\" content=\"index, follow, max-snippet:-1, max-image-preview:large, max-video-preview:-1\" \/>\n<link rel=\"canonical\" href=\"https:\/\/dicodusport.fr\/blog\/coupe-de-france-l-as-monaco-premier-qualifie-pour-les-demis-apres-sa-victoire-face-a-amiens\/\" \/>\n<meta property=\"og:locale\" content=\"fr_FR\" \/>\n<meta property=\"og:type\" content=\"article\" \/>\n<meta property=\"og:title\" content=\"Coupe de France : L&#039;AS Monaco se qualifie pour les demies apr\u00e8s sa victoire face \u00e0 Amiens\" \/>\n<meta property=\"og:description\" content=\"Gr\u00e2ce \u00e0 Aur\u00e9lien Tchouameni et Kevin Volland, l&#039;AS Monaco s&#039;est impos\u00e9e 2 \u00e0 0 face \u00e0 Amiens et se qualifie pour les demi-finales de la Coupe de France.\" \/>\n<meta property=\"og:url\" content=\"https:\/\/dicodusport.fr\/blog\/coupe-de-france-l-as-monaco-premier-qualifie-pour-les-demis-apres-sa-victoire-face-a-amiens\/\" \/>\n<meta property=\"og:site_name\" content=\"Dicodusport\" \/>\n<meta property=\"article:publisher\" content=\"https:\/\/www.facebook.com\/dicodusport\" \/>\n<meta property=\"article:published_time\" content=\"2022-02-08T22:04:06+00:00\" \/>\n<meta property=\"article:modified_time\" content=\"2022-02-08T22:06:59+00:00\" \/>\n<meta property=\"og:image\" content=\"https:\/\/dicodusport.fr\/blog\/wp-content\/uploads\/2022\/02\/Coupe-de-France-LAS-Monaco-se-qualifie-pour-les-demies-apres-sa-victoire-face-a-Amiens.jpg\" \/>\n\t<meta property=\"og:image:width\" content=\"800\" \/>\n\t<meta property=\"og:image:height\" content=\"445\" \/>\n\t<meta property=\"og:image:type\" content=\"image\/jpeg\" \/>\n<meta name=\"author\" content=\"Nicolas Mezine\" \/>\n<meta name=\"twitter:card\" content=\"summary_large_image\" \/>\n<meta name=\"twitter:title\" content=\"Coupe de France : L&#039;AS Monaco se qualifie pour les demies apr\u00e8s sa victoire face \u00e0 Amiens\" \/>\n<meta name=\"twitter:creator\" content=\"@https:\/\/twitter.com\/Lbiji13\" \/>\n<meta name=\"twitter:site\" content=\"@dicodusport\" \/>\n<script type=\"application\/ld+json\" class=\"yoast-schema-graph\">{\"@context\":\"https:\/\/schema.org\",\"@graph\":[{\"@type\":\"NewsArticle\",\"@id\":\"https:\/\/dicodusport.fr\/blog\/coupe-de-france-l-as-monaco-premier-qualifie-pour-les-demis-apres-sa-victoire-face-a-amiens\/#article\",\"isPartOf\":{\"@id\":\"https:\/\/dicodusport.fr\/blog\/coupe-de-france-l-as-monaco-premier-qualifie-pour-les-demis-apres-sa-victoire-face-a-amiens\/\"},\"author\":{\"name\":\"Nicolas Mezine\",\"@id\":\"https:\/\/dicodusport.fr\/blog\/#\/schema\/person\/99fcf31b3ee0d51fed53ade78139bbbf\"},\"headline\":\"Coupe de France : L&rsquo;AS Monaco se qualifie pour les demies apr\u00e8s sa victoire face \u00e0 Amiens\",\"datePublished\":\"2022-02-08T22:04:06+00:00\",\"dateModified\":\"2022-02-08T22:06:59+00:00\",\"mainEntityOfPage\":{\"@id\":\"https:\/\/dicodusport.fr\/blog\/coupe-de-france-l-as-monaco-premier-qualifie-pour-les-demis-apres-sa-victoire-face-a-amiens\/\"},\"wordCount\":475,\"commentCount\":0,\"publisher\":{\"@id\":\"https:\/\/dicodusport.fr\/blog\/#organization\"},\"image\":{\"@id\":\"https:\/\/dicodusport.fr\/blog\/coupe-de-france-l-as-monaco-premier-qualifie-pour-les-demis-apres-sa-victoire-face-a-amiens\/#primaryimage\"},\"thumbnailUrl\":\"https:\/\/dicodusport.fr\/blog\/wp-content\/uploads\/2022\/02\/Coupe-de-France-LAS-Monaco-se-qualifie-pour-les-demies-apres-sa-victoire-face-a-Amiens.jpg\",\"keywords\":[\"Amiens SC\",\"AS Monaco\",\"Football\"],\"articleSection\":[\"Football\"],\"inLanguage\":\"fr-FR\",\"potentialAction\":[{\"@type\":\"CommentAction\",\"name\":\"Comment\",\"target\":[\"https:\/\/dicodusport.fr\/blog\/coupe-de-france-l-as-monaco-premier-qualifie-pour-les-demis-apres-sa-victoire-face-a-amiens\/#respond\"]}],\"copyrightYear\":\"2022\",\"copyrightHolder\":{\"@id\":\"https:\/\/dicodusport.fr\/blog\/#organization\"}},{\"@type\":\"WebPage\",\"@id\":\"https:\/\/dicodusport.fr\/blog\/coupe-de-france-l-as-monaco-premier-qualifie-pour-les-demis-apres-sa-victoire-face-a-amiens\/\",\"url\":\"https:\/\/dicodusport.fr\/blog\/coupe-de-france-l-as-monaco-premier-qualifie-pour-les-demis-apres-sa-victoire-face-a-amiens\/\",\"name\":\"Coupe de France : L'AS Monaco se qualifie pour les demies apr\u00e8s sa victoire face \u00e0 Amiens\",\"isPartOf\":{\"@id\":\"https:\/\/dicodusport.fr\/blog\/#website\"},\"primaryImageOfPage\":{\"@id\":\"https:\/\/dicodusport.fr\/blog\/coupe-de-france-l-as-monaco-premier-qualifie-pour-les-demis-apres-sa-victoire-face-a-amiens\/#primaryimage\"},\"image\":{\"@id\":\"https:\/\/dicodusport.fr\/blog\/coupe-de-france-l-as-monaco-premier-qualifie-pour-les-demis-apres-sa-victoire-face-a-amiens\/#primaryimage\"},\"thumbnailUrl\":\"https:\/\/dicodusport.fr\/blog\/wp-content\/uploads\/2022\/02\/Coupe-de-France-LAS-Monaco-se-qualifie-pour-les-demies-apres-sa-victoire-face-a-Amiens.jpg\",\"datePublished\":\"2022-02-08T22:04:06+00:00\",\"dateModified\":\"2022-02-08T22:06:59+00:00\",\"description\":\"Gr\u00e2ce \u00e0 Aur\u00e9lien Tchouameni et Kevin Volland, l'AS Monaco s'est impos\u00e9e 2 \u00e0 0 face \u00e0 Amiens et se qualifie pour les demi-finales de la Coupe de France.\",\"breadcrumb\":{\"@id\":\"https:\/\/dicodusport.fr\/blog\/coupe-de-france-l-as-monaco-premier-qualifie-pour-les-demis-apres-sa-victoire-face-a-amiens\/#breadcrumb\"},\"inLanguage\":\"fr-FR\",\"potentialAction\":[{\"@type\":\"ReadAction\",\"target\":[\"https:\/\/dicodusport.fr\/blog\/coupe-de-france-l-as-monaco-premier-qualifie-pour-les-demis-apres-sa-victoire-face-a-amiens\/\"]}]},{\"@type\":\"ImageObject\",\"inLanguage\":\"fr-FR\",\"@id\":\"https:\/\/dicodusport.fr\/blog\/coupe-de-france-l-as-monaco-premier-qualifie-pour-les-demis-apres-sa-victoire-face-a-amiens\/#primaryimage\",\"url\":\"https:\/\/dicodusport.fr\/blog\/wp-content\/uploads\/2022\/02\/Coupe-de-France-LAS-Monaco-se-qualifie-pour-les-demies-apres-sa-victoire-face-a-Amiens.jpg\",\"contentUrl\":\"https:\/\/dicodusport.fr\/blog\/wp-content\/uploads\/2022\/02\/Coupe-de-France-LAS-Monaco-se-qualifie-pour-les-demies-apres-sa-victoire-face-a-Amiens.jpg\",\"width\":800,\"height\":445,\"caption\":\"Coupe de France L'AS Monaco se qualifie pour les demies apr\u00e8s sa victoire face \u00e0 Amiens\"},{\"@type\":\"BreadcrumbList\",\"@id\":\"https:\/\/dicodusport.fr\/blog\/coupe-de-france-l-as-monaco-premier-qualifie-pour-les-demis-apres-sa-victoire-face-a-amiens\/#breadcrumb\",\"itemListElement\":[{\"@type\":\"ListItem\",\"position\":1,\"name\":\"Accueil\",\"item\":\"https:\/\/dicodusport.fr\/blog\/\"},{\"@type\":\"ListItem\",\"position\":2,\"name\":\"Coupe de France : L&rsquo;AS Monaco se qualifie pour les demies apr\u00e8s sa victoire face \u00e0 Amiens\"}]},{\"@type\":\"WebSite\",\"@id\":\"https:\/\/dicodusport.fr\/blog\/#website\",\"url\":\"https:\/\/dicodusport.fr\/blog\/\",\"name\":\"Dicodusport\",\"description\":\"L&#039;encyclop\u00e9die de l&#039;actualit\u00e9 sportive\",\"publisher\":{\"@id\":\"https:\/\/dicodusport.fr\/blog\/#organization\"},\"potentialAction\":[{\"@type\":\"SearchAction\",\"target\":{\"@type\":\"EntryPoint\",\"urlTemplate\":\"https:\/\/dicodusport.fr\/blog\/?s={search_term_string}\"},\"query-input\":{\"@type\":\"PropertyValueSpecification\",\"valueRequired\":true,\"valueName\":\"search_term_string\"}}],\"inLanguage\":\"fr-FR\"},{\"@type\":\"NewsMediaOrganization\",\"@id\":\"https:\/\/dicodusport.fr\/blog\/#organization\",\"name\":\"Dicodusport\",\"url\":\"https:\/\/dicodusport.fr\/blog\/\",\"logo\":{\"@type\":\"ImageObject\",\"inLanguage\":\"fr-FR\",\"@id\":\"https:\/\/dicodusport.fr\/blog\/#\/schema\/logo\/image\/\",\"url\":\"https:\/\/dicodusport.fr\/blog\/wp-content\/uploads\/2020\/06\/cropped-LOGO-DICODUSPORT-2020-SANS-FOND-SANS-TEXTE.png\",\"contentUrl\":\"https:\/\/dicodusport.fr\/blog\/wp-content\/uploads\/2020\/06\/cropped-LOGO-DICODUSPORT-2020-SANS-FOND-SANS-TEXTE.png\",\"width\":512,\"height\":512,\"caption\":\"Dicodusport\"},\"image\":{\"@id\":\"https:\/\/dicodusport.fr\/blog\/#\/schema\/logo\/image\/\"},\"sameAs\":[\"https:\/\/www.facebook.com\/dicodusport\",\"https:\/\/x.com\/dicodusport\",\"https:\/\/www.instagram.com\/dicodusport\/\",\"https:\/\/www.youtube.com\/channel\/UC7V2KZ5sd3htJivAbA4ZG3w\"],\"description\":\"Dicodusport est l'encyclop\u00e9die de l'actualit\u00e9 sportive.\",\"email\":\"bonjour@dicodusport.fr\",\"legalName\":\"DICODUSPORT\",\"foundingDate\":\"2018-01-14\",\"vatID\":\"FR71834470973\",\"taxID\":\"83447097300043\",\"numberOfEmployees\":{\"@type\":\"QuantitativeValue\",\"minValue\":\"1\",\"maxValue\":\"10\"}},{\"@type\":\"Person\",\"@id\":\"https:\/\/dicodusport.fr\/blog\/#\/schema\/person\/99fcf31b3ee0d51fed53ade78139bbbf\",\"name\":\"Nicolas Mezine\",\"image\":{\"@type\":\"ImageObject\",\"inLanguage\":\"fr-FR\",\"@id\":\"https:\/\/dicodusport.fr\/blog\/#\/schema\/person\/image\/\",\"url\":\"https:\/\/dicodusport.fr\/blog\/wp-content\/uploads\/2021\/09\/IMG_4655-e1631787111223-150x150.jpg\",\"contentUrl\":\"https:\/\/dicodusport.fr\/blog\/wp-content\/uploads\/2021\/09\/IMG_4655-e1631787111223-150x150.jpg\",\"caption\":\"Nicolas Mezine\"},\"description\":\"Passionn\u00e9 de sport, notamment de rugby dans toutes ses variantes (XV, XIII et VII). Fan du RC Toulon et de l'Olympique de Marseille.\",\"sameAs\":[\"https:\/\/www.linkedin.com\/in\/nicolas-mezine-521380160\/\",\"https:\/\/x.com\/https:\/\/twitter.com\/Lbiji13\"],\"url\":\"https:\/\/dicodusport.fr\/blog\/author\/nicolas-m\/\"}]}<\/script>\n<!-- \/ Yoast SEO Premium plugin. -->","yoast_head_json":{"title":"Coupe de France : L'AS Monaco se qualifie pour les demies apr\u00e8s sa victoire face \u00e0 Amiens","description":"Gr\u00e2ce \u00e0 Aur\u00e9lien Tchouameni et Kevin Volland, l'AS Monaco s'est impos\u00e9e 2 \u00e0 0 face \u00e0 Amiens et se qualifie pour les demi-finales de la Coupe de France.","robots":{"index":"index","follow":"follow","max-snippet":"max-snippet:-1","max-image-preview":"max-image-preview:large","max-video-preview":"max-video-preview:-1"},"canonical":"https:\/\/dicodusport.fr\/blog\/coupe-de-france-l-as-monaco-premier-qualifie-pour-les-demis-apres-sa-victoire-face-a-amiens\/","og_locale":"fr_FR","og_type":"article","og_title":"Coupe de France : L'AS Monaco se qualifie pour les demies apr\u00e8s sa victoire face \u00e0 Amiens","og_description":"Gr\u00e2ce \u00e0 Aur\u00e9lien Tchouameni et Kevin Volland, l'AS Monaco s'est impos\u00e9e 2 \u00e0 0 face \u00e0 Amiens et se qualifie pour les demi-finales de la Coupe de France.","og_url":"https:\/\/dicodusport.fr\/blog\/coupe-de-france-l-as-monaco-premier-qualifie-pour-les-demis-apres-sa-victoire-face-a-amiens\/","og_site_name":"Dicodusport","article_publisher":"https:\/\/www.facebook.com\/dicodusport","article_published_time":"2022-02-08T22:04:06+00:00","article_modified_time":"2022-02-08T22:06:59+00:00","og_image":[{"width":800,"height":445,"url":"https:\/\/dicodusport.fr\/blog\/wp-content\/uploads\/2022\/02\/Coupe-de-France-LAS-Monaco-se-qualifie-pour-les-demies-apres-sa-victoire-face-a-Amiens.jpg","type":"image\/jpeg"}],"author":"Nicolas Mezine","twitter_card":"summary_large_image","twitter_title":"Coupe de France : L'AS Monaco se qualifie pour les demies apr\u00e8s sa victoire face \u00e0 Amiens","twitter_creator":"@https:\/\/twitter.com\/Lbiji13","twitter_site":"@dicodusport","schema":{"@context":"https:\/\/schema.org","@graph":[{"@type":"NewsArticle","@id":"https:\/\/dicodusport.fr\/blog\/coupe-de-france-l-as-monaco-premier-qualifie-pour-les-demis-apres-sa-victoire-face-a-amiens\/#article","isPartOf":{"@id":"https:\/\/dicodusport.fr\/blog\/coupe-de-france-l-as-monaco-premier-qualifie-pour-les-demis-apres-sa-victoire-face-a-amiens\/"},"author":{"name":"Nicolas Mezine","@id":"https:\/\/dicodusport.fr\/blog\/#\/schema\/person\/99fcf31b3ee0d51fed53ade78139bbbf"},"headline":"Coupe de France : L&rsquo;AS Monaco se qualifie pour les demies apr\u00e8s sa victoire face \u00e0 Amiens","datePublished":"2022-02-08T22:04:06+00:00","dateModified":"2022-02-08T22:06:59+00:00","mainEntityOfPage":{"@id":"https:\/\/dicodusport.fr\/blog\/coupe-de-france-l-as-monaco-premier-qualifie-pour-les-demis-apres-sa-victoire-face-a-amiens\/"},"wordCount":475,"commentCount":0,"publisher":{"@id":"https:\/\/dicodusport.fr\/blog\/#organization"},"image":{"@id":"https:\/\/dicodusport.fr\/blog\/coupe-de-france-l-as-monaco-premier-qualifie-pour-les-demis-apres-sa-victoire-face-a-amiens\/#primaryimage"},"thumbnailUrl":"https:\/\/dicodusport.fr\/blog\/wp-content\/uploads\/2022\/02\/Coupe-de-France-LAS-Monaco-se-qualifie-pour-les-demies-apres-sa-victoire-face-a-Amiens.jpg","keywords":["Amiens SC","AS Monaco","Football"],"articleSection":["Football"],"inLanguage":"fr-FR","potentialAction":[{"@type":"CommentAction","name":"Comment","target":["https:\/\/dicodusport.fr\/blog\/coupe-de-france-l-as-monaco-premier-qualifie-pour-les-demis-apres-sa-victoire-face-a-amiens\/#respond"]}],"copyrightYear":"2022","copyrightHolder":{"@id":"https:\/\/dicodusport.fr\/blog\/#organization"}},{"@type":"WebPage","@id":"https:\/\/dicodusport.fr\/blog\/coupe-de-france-l-as-monaco-premier-qualifie-pour-les-demis-apres-sa-victoire-face-a-amiens\/","url":"https:\/\/dicodusport.fr\/blog\/coupe-de-france-l-as-monaco-premier-qualifie-pour-les-demis-apres-sa-victoire-face-a-amiens\/","name":"Coupe de France : L'AS Monaco se qualifie pour les demies apr\u00e8s sa victoire face \u00e0 Amiens","isPartOf":{"@id":"https:\/\/dicodusport.fr\/blog\/#website"},"primaryImageOfPage":{"@id":"https:\/\/dicodusport.fr\/blog\/coupe-de-france-l-as-monaco-premier-qualifie-pour-les-demis-apres-sa-victoire-face-a-amiens\/#primaryimage"},"image":{"@id":"https:\/\/dicodusport.fr\/blog\/coupe-de-france-l-as-monaco-premier-qualifie-pour-les-demis-apres-sa-victoire-face-a-amiens\/#primaryimage"},"thumbnailUrl":"https:\/\/dicodusport.fr\/blog\/wp-content\/uploads\/2022\/02\/Coupe-de-France-LAS-Monaco-se-qualifie-pour-les-demies-apres-sa-victoire-face-a-Amiens.jpg","datePublished":"2022-02-08T22:04:06+00:00","dateModified":"2022-02-08T22:06:59+00:00","description":"Gr\u00e2ce \u00e0 Aur\u00e9lien Tchouameni et Kevin Volland, l'AS Monaco s'est impos\u00e9e 2 \u00e0 0 face \u00e0 Amiens et se qualifie pour les demi-finales de la Coupe de France.","breadcrumb":{"@id":"https:\/\/dicodusport.fr\/blog\/coupe-de-france-l-as-monaco-premier-qualifie-pour-les-demis-apres-sa-victoire-face-a-amiens\/#breadcrumb"},"inLanguage":"fr-FR","potentialAction":[{"@type":"ReadAction","target":["https:\/\/dicodusport.fr\/blog\/coupe-de-france-l-as-monaco-premier-qualifie-pour-les-demis-apres-sa-victoire-face-a-amiens\/"]}]},{"@type":"ImageObject","inLanguage":"fr-FR","@id":"https:\/\/dicodusport.fr\/blog\/coupe-de-france-l-as-monaco-premier-qualifie-pour-les-demis-apres-sa-victoire-face-a-amiens\/#primaryimage","url":"https:\/\/dicodusport.fr\/blog\/wp-content\/uploads\/2022\/02\/Coupe-de-France-LAS-Monaco-se-qualifie-pour-les-demies-apres-sa-victoire-face-a-Amiens.jpg","contentUrl":"https:\/\/dicodusport.fr\/blog\/wp-content\/uploads\/2022\/02\/Coupe-de-France-LAS-Monaco-se-qualifie-pour-les-demies-apres-sa-victoire-face-a-Amiens.jpg","width":800,"height":445,"caption":"Coupe de France L'AS Monaco se qualifie pour les demies apr\u00e8s sa victoire face \u00e0 Amiens"},{"@type":"BreadcrumbList","@id":"https:\/\/dicodusport.fr\/blog\/coupe-de-france-l-as-monaco-premier-qualifie-pour-les-demis-apres-sa-victoire-face-a-amiens\/#breadcrumb","itemListElement":[{"@type":"ListItem","position":1,"name":"Accueil","item":"https:\/\/dicodusport.fr\/blog\/"},{"@type":"ListItem","position":2,"name":"Coupe de France : L&rsquo;AS Monaco se qualifie pour les demies apr\u00e8s sa victoire face \u00e0 Amiens"}]},{"@type":"WebSite","@id":"https:\/\/dicodusport.fr\/blog\/#website","url":"https:\/\/dicodusport.fr\/blog\/","name":"Dicodusport","description":"L&#039;encyclop\u00e9die de l&#039;actualit\u00e9 sportive","publisher":{"@id":"https:\/\/dicodusport.fr\/blog\/#organization"},"potentialAction":[{"@type":"SearchAction","target":{"@type":"EntryPoint","urlTemplate":"https:\/\/dicodusport.fr\/blog\/?s={search_term_string}"},"query-input":{"@type":"PropertyValueSpecification","valueRequired":true,"valueName":"search_term_string"}}],"inLanguage":"fr-FR"},{"@type":"NewsMediaOrganization","@id":"https:\/\/dicodusport.fr\/blog\/#organization","name":"Dicodusport","url":"https:\/\/dicodusport.fr\/blog\/","logo":{"@type":"ImageObject","inLanguage":"fr-FR","@id":"https:\/\/dicodusport.fr\/blog\/#\/schema\/logo\/image\/","url":"https:\/\/dicodusport.fr\/blog\/wp-content\/uploads\/2020\/06\/cropped-LOGO-DICODUSPORT-2020-SANS-FOND-SANS-TEXTE.png","contentUrl":"https:\/\/dicodusport.fr\/blog\/wp-content\/uploads\/2020\/06\/cropped-LOGO-DICODUSPORT-2020-SANS-FOND-SANS-TEXTE.png","width":512,"height":512,"caption":"Dicodusport"},"image":{"@id":"https:\/\/dicodusport.fr\/blog\/#\/schema\/logo\/image\/"},"sameAs":["https:\/\/www.facebook.com\/dicodusport","https:\/\/x.com\/dicodusport","https:\/\/www.instagram.com\/dicodusport\/","https:\/\/www.youtube.com\/channel\/UC7V2KZ5sd3htJivAbA4ZG3w"],"description":"Dicodusport est l'encyclop\u00e9die de l'actualit\u00e9 sportive.","email":"bonjour@dicodusport.fr","legalName":"DICODUSPORT","foundingDate":"2018-01-14","vatID":"FR71834470973","taxID":"83447097300043","numberOfEmployees":{"@type":"QuantitativeValue","minValue":"1","maxValue":"10"}},{"@type":"Person","@id":"https:\/\/dicodusport.fr\/blog\/#\/schema\/person\/99fcf31b3ee0d51fed53ade78139bbbf","name":"Nicolas Mezine","image":{"@type":"ImageObject","inLanguage":"fr-FR","@id":"https:\/\/dicodusport.fr\/blog\/#\/schema\/person\/image\/","url":"https:\/\/dicodusport.fr\/blog\/wp-content\/uploads\/2021\/09\/IMG_4655-e1631787111223-150x150.jpg","contentUrl":"https:\/\/dicodusport.fr\/blog\/wp-content\/uploads\/2021\/09\/IMG_4655-e1631787111223-150x150.jpg","caption":"Nicolas Mezine"},"description":"Passionn\u00e9 de sport, notamment de rugby dans toutes ses variantes (XV, XIII et VII). Fan du RC Toulon et de l'Olympique de Marseille.","sameAs":["https:\/\/www.linkedin.com\/in\/nicolas-mezine-521380160\/","https:\/\/x.com\/https:\/\/twitter.com\/Lbiji13"],"url":"https:\/\/dicodusport.fr\/blog\/author\/nicolas-m\/"}]}},"_links":{"self":[{"href":"https:\/\/dicodusport.fr\/blog\/wp-json\/wp\/v2\/posts\/198402","targetHints":{"allow":["GET"]}}],"collection":[{"href":"https:\/\/dicodusport.fr\/blog\/wp-json\/wp\/v2\/posts"}],"about":[{"href":"https:\/\/dicodusport.fr\/blog\/wp-json\/wp\/v2\/types\/post"}],"author":[{"embeddable":true,"href":"https:\/\/dicodusport.fr\/blog\/wp-json\/wp\/v2\/users\/42"}],"replies":[{"embeddable":true,"href":"https:\/\/dicodusport.fr\/blog\/wp-json\/wp\/v2\/comments?post=198402"}],"version-history":[{"count":0,"href":"https:\/\/dicodusport.fr\/blog\/wp-json\/wp\/v2\/posts\/198402\/revisions"}],"wp:featuredmedia":[{"embeddable":true,"href":"https:\/\/dicodusport.fr\/blog\/wp-json\/wp\/v2\/media\/198423"}],"wp:attachment":[{"href":"https:\/\/dicodusport.fr\/blog\/wp-json\/wp\/v2\/media?parent=198402"}],"wp:term":[{"taxonomy":"category","embeddable":true,"href":"https:\/\/dicodusport.fr\/blog\/wp-json\/wp\/v2\/categories?post=198402"},{"taxonomy":"post_tag","embeddable":true,"href":"https:\/\/dicodusport.fr\/blog\/wp-json\/wp\/v2\/tags?post=198402"}],"curies":[{"name":"wp","href":"https:\/\/api.w.org\/{rel}","templated":true}]}}