{"id":198532,"date":"2022-02-09T11:45:12","date_gmt":"2022-02-09T10:45:12","guid":{"rendered":"https:\/\/dicodusport.fr\/blog\/?p=198532&#038;preview=true&#038;preview_id=198532"},"modified":"2022-02-10T14:58:07","modified_gmt":"2022-02-10T13:58:07","slug":"julia-pereira-de-sousa-on-m-a-vole-ma-finale-des-jeux-olympiques","status":"publish","type":"post","link":"https:\/\/dicodusport.fr\/blog\/julia-pereira-de-sousa-on-m-a-vole-ma-finale-des-jeux-olympiques\/","title":{"rendered":"Julia Pereira de Sousa : \u00ab\u00a0On m&rsquo;a vol\u00e9 ma finale des Jeux Olympiques\u00a0\u00bb"},"content":{"rendered":"<p style=\"text-align: justify;\"><strong><em>JO P\u00c9KIN 2022 &#8211; SNOWBOARDCROSS &#8211; \u00c9limin\u00e9e en demi-finale apr\u00e8s avoir \u00e9t\u00e9 d\u00e9s\u00e9quilibr\u00e9e alors qu&rsquo;elle menait la course, Julia Pereira de Sousa avait du mal \u00e0 dig\u00e9rer son \u00e9limination.\u00a0<\/em><\/strong><\/p>\n<p style=\"text-align: justify;\">C&rsquo;est une discipline cruelle ! <strong>Julia Pereira de Sousa<\/strong> ne peut rien se reprocher, mais l&rsquo;Australienne <strong>Belle Brockhoff<\/strong> a heurt\u00e9 l&rsquo;arri\u00e8re de la planche de la Fran\u00e7aise, qui est tomb\u00e9e. Alors que la finale lui tendait les bras, la m\u00e9daill\u00e9e d&rsquo;argent des JO de 2018 l&rsquo;avait en travers au micro d&rsquo;<em><a href=\"https:\/\/www.eurosport.fr\/snowboard\/pekin-2022\/2022\/pekin-2022-julia-pereira-on-m-a-vole-ma-finale-des-jeux-olympiques-et-je-l-ai-en-travers_vid1626877\/video.shtml\" target=\"_blank\" rel=\"nofollow noopener\">Eurosport<\/a><\/em>.<\/p>\n<blockquote>\n<p style=\"text-align: justify;\">On m&rsquo;a vol\u00e9 ma finale des Jeux olympiques et \u00e7a, je l&rsquo;ai en travers. Plus les runs passaient, plus je m&rsquo;am\u00e9liorais. Et voil\u00e0&#8230; je me suis faite faucher, on m&rsquo;a touch\u00e9 la planche et je suis tomb\u00e9e. Malheureusement, je n&rsquo;ai pas fait de grosse erreur, ce n&rsquo;est pas ma faute.<\/p>\n<\/blockquote>\n<p>Julia Pereira de Sousa revenait de loin car en octobre dernier elle a souffert d&rsquo;une l\u00e9sion partielle du ligament crois\u00e9 ant\u00e9rieur. Malgr\u00e9 la d\u00e9ception de la demi-finale, elle a mis un point d&rsquo;honneur \u00e0 remporter la petite finale pour prendre la 5\u00e8me place.<\/p>\n<blockquote class=\"twitter-tweet\">\n<p dir=\"ltr\" lang=\"fr\">La snowboardeuse fran\u00e7aise a vu son r\u00eave d&rsquo;or olympique se briser en demi-finales du boardercross&#8230; <a href=\"https:\/\/twitter.com\/hashtag\/Beijing2022?src=hash&amp;ref_src=twsrc%5Etfw\">#Beijing2022<\/a> <a href=\"https:\/\/twitter.com\/hashtag\/ChaletClub?src=hash&amp;ref_src=twsrc%5Etfw\">#ChaletClub<\/a> <a href=\"https:\/\/t.co\/FJLORBzhFP\">https:\/\/t.co\/FJLORBzhFP<\/a> <a href=\"https:\/\/t.co\/qkF7atdzrS\">pic.twitter.com\/qkF7atdzrS<\/a><\/p>\n<p>\u2014 Eurosport France (@Eurosport_FR) <a href=\"https:\/\/twitter.com\/Eurosport_FR\/status\/1491365758722445312?ref_src=twsrc%5Etfw\">February 9, 2022<\/a><\/p><\/blockquote>\n<p><script async src=\"https:\/\/platform.twitter.com\/widgets.js\" charset=\"utf-8\"><\/script><\/p>\n","protected":false},"excerpt":{"rendered":"<p>JO P\u00c9KIN 2022 &#8211; SNOWBOARDCROSS &#8211; \u00c9limin\u00e9e en demi-finale apr\u00e8s avoir \u00e9t\u00e9 d\u00e9s\u00e9quilibr\u00e9e alors qu&rsquo;elle menait la course, Julia Pereira de Sousa avait du mal \u00e0 dig\u00e9rer son \u00e9limination.\u00a0<\/p>\n","protected":false},"author":1,"featured_media":198535,"comment_status":"open","ping_status":"closed","sticky":false,"template":"","format":"standard","meta":{"_acf_changed":false,"_daextam_enable_autolinks":"","footnotes":""},"categories":[20104,10126],"tags":[21641,3817],"class_list":["post-198532","post","type-post","status-publish","format-standard","has-post-thumbnail","hentry","category-jo-hiver-pekin-2022","category-snowboard","tag-jeux-olympiques-de-pekin","tag-julia-pereira-de-sousa"],"acf":[],"yoast_head":"<!-- This site is optimized with the Yoast SEO Premium plugin v26.7 (Yoast SEO v26.7) - https:\/\/yoast.com\/wordpress\/plugins\/seo\/ -->\n<title>Julia Pereira de Sousa : &quot;On m&#039;a vol\u00e9 ma finale des Jeux Olympiques&quot;<\/title>\n<meta name=\"description\" content=\"JO P\u00c9KIN 2022 - SNOWBOARD - \u00c9limin\u00e9e en demi-finale apr\u00e8s avoir \u00e9t\u00e9 d\u00e9s\u00e9quilibr\u00e9e, Julia Pereira de Sousa ne dig\u00e8re pas son \u00e9limination.\u00a0\" \/>\n<meta name=\"robots\" content=\"index, follow, max-snippet:-1, max-image-preview:large, max-video-preview:-1\" \/>\n<link rel=\"canonical\" href=\"https:\/\/dicodusport.fr\/blog\/julia-pereira-de-sousa-on-m-a-vole-ma-finale-des-jeux-olympiques\/\" \/>\n<meta property=\"og:locale\" content=\"fr_FR\" \/>\n<meta property=\"og:type\" content=\"article\" \/>\n<meta property=\"og:title\" content=\"Julia Pereira de Sousa : &quot;On m&#039;a vol\u00e9 ma finale des Jeux Olympiques&quot;\" \/>\n<meta property=\"og:description\" content=\"JO P\u00c9KIN 2022 - SNOWBOARD - \u00c9limin\u00e9e en demi-finale apr\u00e8s avoir \u00e9t\u00e9 d\u00e9s\u00e9quilibr\u00e9e, Julia Pereira de Sousa ne dig\u00e8re pas son \u00e9limination.\u00a0\" \/>\n<meta property=\"og:url\" content=\"https:\/\/dicodusport.fr\/blog\/julia-pereira-de-sousa-on-m-a-vole-ma-finale-des-jeux-olympiques\/\" \/>\n<meta property=\"og:site_name\" content=\"Dicodusport\" \/>\n<meta property=\"article:publisher\" content=\"https:\/\/www.facebook.com\/dicodusport\" \/>\n<meta property=\"article:author\" content=\"https:\/\/www.facebook.com\/dicodusport\" \/>\n<meta property=\"article:published_time\" content=\"2022-02-09T10:45:12+00:00\" \/>\n<meta property=\"article:modified_time\" content=\"2022-02-10T13:58:07+00:00\" \/>\n<meta property=\"og:image\" content=\"https:\/\/dicodusport.fr\/blog\/wp-content\/uploads\/2022\/02\/Julia-Pereira-de-Sousa-On-ma-vole\u0301-ma-finale-des-Jeux-Olympiques.png\" \/>\n\t<meta property=\"og:image:width\" content=\"800\" \/>\n\t<meta property=\"og:image:height\" content=\"445\" \/>\n\t<meta property=\"og:image:type\" content=\"image\/png\" \/>\n<meta name=\"author\" content=\"Nicolas Jacquemard\" \/>\n<meta name=\"twitter:card\" content=\"summary_large_image\" \/>\n<meta name=\"twitter:title\" content=\"Julia Pereira de Sousa : &quot;On m&#039;a vol\u00e9 ma finale des Jeux Olympiques&quot;\" \/>\n<meta name=\"twitter:creator\" content=\"@https:\/\/twitter.com\/Nico_Jacquemard\" \/>\n<meta name=\"twitter:site\" content=\"@dicodusport\" \/>\n<script type=\"application\/ld+json\" class=\"yoast-schema-graph\">{\"@context\":\"https:\/\/schema.org\",\"@graph\":[{\"@type\":\"NewsArticle\",\"@id\":\"https:\/\/dicodusport.fr\/blog\/julia-pereira-de-sousa-on-m-a-vole-ma-finale-des-jeux-olympiques\/#article\",\"isPartOf\":{\"@id\":\"https:\/\/dicodusport.fr\/blog\/julia-pereira-de-sousa-on-m-a-vole-ma-finale-des-jeux-olympiques\/\"},\"author\":{\"name\":\"Nicolas Jacquemard\",\"@id\":\"https:\/\/dicodusport.fr\/blog\/#\/schema\/person\/55dcb50ad410894e431ed812bbb70191\"},\"headline\":\"Julia Pereira de Sousa : \u00ab\u00a0On m&rsquo;a vol\u00e9 ma finale des Jeux Olympiques\u00a0\u00bb\",\"datePublished\":\"2022-02-09T10:45:12+00:00\",\"dateModified\":\"2022-02-10T13:58:07+00:00\",\"mainEntityOfPage\":{\"@id\":\"https:\/\/dicodusport.fr\/blog\/julia-pereira-de-sousa-on-m-a-vole-ma-finale-des-jeux-olympiques\/\"},\"wordCount\":247,\"commentCount\":0,\"publisher\":{\"@id\":\"https:\/\/dicodusport.fr\/blog\/#organization\"},\"image\":{\"@id\":\"https:\/\/dicodusport.fr\/blog\/julia-pereira-de-sousa-on-m-a-vole-ma-finale-des-jeux-olympiques\/#primaryimage\"},\"thumbnailUrl\":\"https:\/\/dicodusport.fr\/blog\/wp-content\/uploads\/2022\/02\/Julia-Pereira-de-Sousa-On-ma-vole\u0301-ma-finale-des-Jeux-Olympiques.png\",\"keywords\":[\"Jeux Olympiques de P\u00e9kin\",\"Julia Pereira de Sousa\"],\"articleSection\":[\"JO d'hiver P\u00e9kin 2022\",\"Snowboard\"],\"inLanguage\":\"fr-FR\",\"potentialAction\":[{\"@type\":\"CommentAction\",\"name\":\"Comment\",\"target\":[\"https:\/\/dicodusport.fr\/blog\/julia-pereira-de-sousa-on-m-a-vole-ma-finale-des-jeux-olympiques\/#respond\"]}],\"copyrightYear\":\"2022\",\"copyrightHolder\":{\"@id\":\"https:\/\/dicodusport.fr\/blog\/#organization\"}},{\"@type\":\"WebPage\",\"@id\":\"https:\/\/dicodusport.fr\/blog\/julia-pereira-de-sousa-on-m-a-vole-ma-finale-des-jeux-olympiques\/\",\"url\":\"https:\/\/dicodusport.fr\/blog\/julia-pereira-de-sousa-on-m-a-vole-ma-finale-des-jeux-olympiques\/\",\"name\":\"Julia Pereira de Sousa : \\\"On m'a vol\u00e9 ma finale des Jeux Olympiques\\\"\",\"isPartOf\":{\"@id\":\"https:\/\/dicodusport.fr\/blog\/#website\"},\"primaryImageOfPage\":{\"@id\":\"https:\/\/dicodusport.fr\/blog\/julia-pereira-de-sousa-on-m-a-vole-ma-finale-des-jeux-olympiques\/#primaryimage\"},\"image\":{\"@id\":\"https:\/\/dicodusport.fr\/blog\/julia-pereira-de-sousa-on-m-a-vole-ma-finale-des-jeux-olympiques\/#primaryimage\"},\"thumbnailUrl\":\"https:\/\/dicodusport.fr\/blog\/wp-content\/uploads\/2022\/02\/Julia-Pereira-de-Sousa-On-ma-vole\u0301-ma-finale-des-Jeux-Olympiques.png\",\"datePublished\":\"2022-02-09T10:45:12+00:00\",\"dateModified\":\"2022-02-10T13:58:07+00:00\",\"description\":\"JO P\u00c9KIN 2022 - SNOWBOARD - \u00c9limin\u00e9e en demi-finale apr\u00e8s avoir \u00e9t\u00e9 d\u00e9s\u00e9quilibr\u00e9e, Julia Pereira de Sousa ne dig\u00e8re pas son \u00e9limination.\u00a0\",\"breadcrumb\":{\"@id\":\"https:\/\/dicodusport.fr\/blog\/julia-pereira-de-sousa-on-m-a-vole-ma-finale-des-jeux-olympiques\/#breadcrumb\"},\"inLanguage\":\"fr-FR\",\"potentialAction\":[{\"@type\":\"ReadAction\",\"target\":[\"https:\/\/dicodusport.fr\/blog\/julia-pereira-de-sousa-on-m-a-vole-ma-finale-des-jeux-olympiques\/\"]}]},{\"@type\":\"ImageObject\",\"inLanguage\":\"fr-FR\",\"@id\":\"https:\/\/dicodusport.fr\/blog\/julia-pereira-de-sousa-on-m-a-vole-ma-finale-des-jeux-olympiques\/#primaryimage\",\"url\":\"https:\/\/dicodusport.fr\/blog\/wp-content\/uploads\/2022\/02\/Julia-Pereira-de-Sousa-On-ma-vole\u0301-ma-finale-des-Jeux-Olympiques.png\",\"contentUrl\":\"https:\/\/dicodusport.fr\/blog\/wp-content\/uploads\/2022\/02\/Julia-Pereira-de-Sousa-On-ma-vole\u0301-ma-finale-des-Jeux-Olympiques.png\",\"width\":800,\"height\":445},{\"@type\":\"BreadcrumbList\",\"@id\":\"https:\/\/dicodusport.fr\/blog\/julia-pereira-de-sousa-on-m-a-vole-ma-finale-des-jeux-olympiques\/#breadcrumb\",\"itemListElement\":[{\"@type\":\"ListItem\",\"position\":1,\"name\":\"Accueil\",\"item\":\"https:\/\/dicodusport.fr\/blog\/\"},{\"@type\":\"ListItem\",\"position\":2,\"name\":\"Julia Pereira de Sousa : \u00ab\u00a0On m&rsquo;a vol\u00e9 ma finale des Jeux Olympiques\u00a0\u00bb\"}]},{\"@type\":\"WebSite\",\"@id\":\"https:\/\/dicodusport.fr\/blog\/#website\",\"url\":\"https:\/\/dicodusport.fr\/blog\/\",\"name\":\"Dicodusport\",\"description\":\"L&#039;encyclop\u00e9die de l&#039;actualit\u00e9 sportive\",\"publisher\":{\"@id\":\"https:\/\/dicodusport.fr\/blog\/#organization\"},\"potentialAction\":[{\"@type\":\"SearchAction\",\"target\":{\"@type\":\"EntryPoint\",\"urlTemplate\":\"https:\/\/dicodusport.fr\/blog\/?s={search_term_string}\"},\"query-input\":{\"@type\":\"PropertyValueSpecification\",\"valueRequired\":true,\"valueName\":\"search_term_string\"}}],\"inLanguage\":\"fr-FR\"},{\"@type\":\"NewsMediaOrganization\",\"@id\":\"https:\/\/dicodusport.fr\/blog\/#organization\",\"name\":\"Dicodusport\",\"url\":\"https:\/\/dicodusport.fr\/blog\/\",\"logo\":{\"@type\":\"ImageObject\",\"inLanguage\":\"fr-FR\",\"@id\":\"https:\/\/dicodusport.fr\/blog\/#\/schema\/logo\/image\/\",\"url\":\"https:\/\/dicodusport.fr\/blog\/wp-content\/uploads\/2020\/06\/cropped-LOGO-DICODUSPORT-2020-SANS-FOND-SANS-TEXTE.png\",\"contentUrl\":\"https:\/\/dicodusport.fr\/blog\/wp-content\/uploads\/2020\/06\/cropped-LOGO-DICODUSPORT-2020-SANS-FOND-SANS-TEXTE.png\",\"width\":512,\"height\":512,\"caption\":\"Dicodusport\"},\"image\":{\"@id\":\"https:\/\/dicodusport.fr\/blog\/#\/schema\/logo\/image\/\"},\"sameAs\":[\"https:\/\/www.facebook.com\/dicodusport\",\"https:\/\/x.com\/dicodusport\",\"https:\/\/www.instagram.com\/dicodusport\/\",\"https:\/\/www.youtube.com\/channel\/UC7V2KZ5sd3htJivAbA4ZG3w\"],\"description\":\"Dicodusport est l'encyclop\u00e9die de l'actualit\u00e9 sportive.\",\"email\":\"bonjour@dicodusport.fr\",\"legalName\":\"DICODUSPORT\",\"foundingDate\":\"2018-01-14\",\"vatID\":\"FR71834470973\",\"taxID\":\"83447097300043\",\"numberOfEmployees\":{\"@type\":\"QuantitativeValue\",\"minValue\":\"1\",\"maxValue\":\"10\"}},{\"@type\":\"Person\",\"@id\":\"https:\/\/dicodusport.fr\/blog\/#\/schema\/person\/55dcb50ad410894e431ed812bbb70191\",\"name\":\"Nicolas Jacquemard\",\"image\":{\"@type\":\"ImageObject\",\"inLanguage\":\"fr-FR\",\"@id\":\"https:\/\/dicodusport.fr\/blog\/#\/schema\/person\/image\/\",\"url\":\"https:\/\/dicodusport.fr\/blog\/wp-content\/uploads\/2021\/05\/Nicolas-Jacquemard-150x150.jpeg\",\"contentUrl\":\"https:\/\/dicodusport.fr\/blog\/wp-content\/uploads\/2021\/05\/Nicolas-Jacquemard-150x150.jpeg\",\"caption\":\"Nicolas Jacquemard\"},\"description\":\"Passionn\u00e9 de sport et entrepreneur depuis mes 18 ans, la cr\u00e9ation de Dicodusport m'a sembl\u00e9 \u00e9vidente pour participer \u00e0 la m\u00e9diatisation d'un plus grand nombre de sports. Le chemin est long mais avec une \u00e9quipe des plus motiv\u00e9es et les Jeux Olympiques de Paris 2024 en point de mire, nous y arriverons ! Journaliste dans le monde du sport depuis plus de 5 ans, je traite aussi bien de football, de rugby, de biathlon que de cyclisme.\",\"sameAs\":[\"https:\/\/www.facebook.com\/dicodusport\",\"https:\/\/x.com\/https:\/\/twitter.com\/Nico_Jacquemard\"],\"url\":\"https:\/\/dicodusport.fr\/blog\/author\/dicodusport\/\"}]}<\/script>\n<!-- \/ Yoast SEO Premium plugin. -->","yoast_head_json":{"title":"Julia Pereira de Sousa : \"On m'a vol\u00e9 ma finale des Jeux Olympiques\"","description":"JO P\u00c9KIN 2022 - SNOWBOARD - \u00c9limin\u00e9e en demi-finale apr\u00e8s avoir \u00e9t\u00e9 d\u00e9s\u00e9quilibr\u00e9e, Julia Pereira de Sousa ne dig\u00e8re pas son \u00e9limination.\u00a0","robots":{"index":"index","follow":"follow","max-snippet":"max-snippet:-1","max-image-preview":"max-image-preview:large","max-video-preview":"max-video-preview:-1"},"canonical":"https:\/\/dicodusport.fr\/blog\/julia-pereira-de-sousa-on-m-a-vole-ma-finale-des-jeux-olympiques\/","og_locale":"fr_FR","og_type":"article","og_title":"Julia Pereira de Sousa : \"On m'a vol\u00e9 ma finale des Jeux Olympiques\"","og_description":"JO P\u00c9KIN 2022 - SNOWBOARD - \u00c9limin\u00e9e en demi-finale apr\u00e8s avoir \u00e9t\u00e9 d\u00e9s\u00e9quilibr\u00e9e, Julia Pereira de Sousa ne dig\u00e8re pas son \u00e9limination.\u00a0","og_url":"https:\/\/dicodusport.fr\/blog\/julia-pereira-de-sousa-on-m-a-vole-ma-finale-des-jeux-olympiques\/","og_site_name":"Dicodusport","article_publisher":"https:\/\/www.facebook.com\/dicodusport","article_author":"https:\/\/www.facebook.com\/dicodusport","article_published_time":"2022-02-09T10:45:12+00:00","article_modified_time":"2022-02-10T13:58:07+00:00","og_image":[{"width":800,"height":445,"url":"https:\/\/dicodusport.fr\/blog\/wp-content\/uploads\/2022\/02\/Julia-Pereira-de-Sousa-On-ma-vole\u0301-ma-finale-des-Jeux-Olympiques.png","type":"image\/png"}],"author":"Nicolas Jacquemard","twitter_card":"summary_large_image","twitter_title":"Julia Pereira de Sousa : \"On m'a vol\u00e9 ma finale des Jeux Olympiques\"","twitter_creator":"@https:\/\/twitter.com\/Nico_Jacquemard","twitter_site":"@dicodusport","schema":{"@context":"https:\/\/schema.org","@graph":[{"@type":"NewsArticle","@id":"https:\/\/dicodusport.fr\/blog\/julia-pereira-de-sousa-on-m-a-vole-ma-finale-des-jeux-olympiques\/#article","isPartOf":{"@id":"https:\/\/dicodusport.fr\/blog\/julia-pereira-de-sousa-on-m-a-vole-ma-finale-des-jeux-olympiques\/"},"author":{"name":"Nicolas Jacquemard","@id":"https:\/\/dicodusport.fr\/blog\/#\/schema\/person\/55dcb50ad410894e431ed812bbb70191"},"headline":"Julia Pereira de Sousa : \u00ab\u00a0On m&rsquo;a vol\u00e9 ma finale des Jeux Olympiques\u00a0\u00bb","datePublished":"2022-02-09T10:45:12+00:00","dateModified":"2022-02-10T13:58:07+00:00","mainEntityOfPage":{"@id":"https:\/\/dicodusport.fr\/blog\/julia-pereira-de-sousa-on-m-a-vole-ma-finale-des-jeux-olympiques\/"},"wordCount":247,"commentCount":0,"publisher":{"@id":"https:\/\/dicodusport.fr\/blog\/#organization"},"image":{"@id":"https:\/\/dicodusport.fr\/blog\/julia-pereira-de-sousa-on-m-a-vole-ma-finale-des-jeux-olympiques\/#primaryimage"},"thumbnailUrl":"https:\/\/dicodusport.fr\/blog\/wp-content\/uploads\/2022\/02\/Julia-Pereira-de-Sousa-On-ma-vole\u0301-ma-finale-des-Jeux-Olympiques.png","keywords":["Jeux Olympiques de P\u00e9kin","Julia Pereira de Sousa"],"articleSection":["JO d'hiver P\u00e9kin 2022","Snowboard"],"inLanguage":"fr-FR","potentialAction":[{"@type":"CommentAction","name":"Comment","target":["https:\/\/dicodusport.fr\/blog\/julia-pereira-de-sousa-on-m-a-vole-ma-finale-des-jeux-olympiques\/#respond"]}],"copyrightYear":"2022","copyrightHolder":{"@id":"https:\/\/dicodusport.fr\/blog\/#organization"}},{"@type":"WebPage","@id":"https:\/\/dicodusport.fr\/blog\/julia-pereira-de-sousa-on-m-a-vole-ma-finale-des-jeux-olympiques\/","url":"https:\/\/dicodusport.fr\/blog\/julia-pereira-de-sousa-on-m-a-vole-ma-finale-des-jeux-olympiques\/","name":"Julia Pereira de Sousa : \"On m'a vol\u00e9 ma finale des Jeux Olympiques\"","isPartOf":{"@id":"https:\/\/dicodusport.fr\/blog\/#website"},"primaryImageOfPage":{"@id":"https:\/\/dicodusport.fr\/blog\/julia-pereira-de-sousa-on-m-a-vole-ma-finale-des-jeux-olympiques\/#primaryimage"},"image":{"@id":"https:\/\/dicodusport.fr\/blog\/julia-pereira-de-sousa-on-m-a-vole-ma-finale-des-jeux-olympiques\/#primaryimage"},"thumbnailUrl":"https:\/\/dicodusport.fr\/blog\/wp-content\/uploads\/2022\/02\/Julia-Pereira-de-Sousa-On-ma-vole\u0301-ma-finale-des-Jeux-Olympiques.png","datePublished":"2022-02-09T10:45:12+00:00","dateModified":"2022-02-10T13:58:07+00:00","description":"JO P\u00c9KIN 2022 - SNOWBOARD - \u00c9limin\u00e9e en demi-finale apr\u00e8s avoir \u00e9t\u00e9 d\u00e9s\u00e9quilibr\u00e9e, Julia Pereira de Sousa ne dig\u00e8re pas son \u00e9limination.\u00a0","breadcrumb":{"@id":"https:\/\/dicodusport.fr\/blog\/julia-pereira-de-sousa-on-m-a-vole-ma-finale-des-jeux-olympiques\/#breadcrumb"},"inLanguage":"fr-FR","potentialAction":[{"@type":"ReadAction","target":["https:\/\/dicodusport.fr\/blog\/julia-pereira-de-sousa-on-m-a-vole-ma-finale-des-jeux-olympiques\/"]}]},{"@type":"ImageObject","inLanguage":"fr-FR","@id":"https:\/\/dicodusport.fr\/blog\/julia-pereira-de-sousa-on-m-a-vole-ma-finale-des-jeux-olympiques\/#primaryimage","url":"https:\/\/dicodusport.fr\/blog\/wp-content\/uploads\/2022\/02\/Julia-Pereira-de-Sousa-On-ma-vole\u0301-ma-finale-des-Jeux-Olympiques.png","contentUrl":"https:\/\/dicodusport.fr\/blog\/wp-content\/uploads\/2022\/02\/Julia-Pereira-de-Sousa-On-ma-vole\u0301-ma-finale-des-Jeux-Olympiques.png","width":800,"height":445},{"@type":"BreadcrumbList","@id":"https:\/\/dicodusport.fr\/blog\/julia-pereira-de-sousa-on-m-a-vole-ma-finale-des-jeux-olympiques\/#breadcrumb","itemListElement":[{"@type":"ListItem","position":1,"name":"Accueil","item":"https:\/\/dicodusport.fr\/blog\/"},{"@type":"ListItem","position":2,"name":"Julia Pereira de Sousa : \u00ab\u00a0On m&rsquo;a vol\u00e9 ma finale des Jeux Olympiques\u00a0\u00bb"}]},{"@type":"WebSite","@id":"https:\/\/dicodusport.fr\/blog\/#website","url":"https:\/\/dicodusport.fr\/blog\/","name":"Dicodusport","description":"L&#039;encyclop\u00e9die de l&#039;actualit\u00e9 sportive","publisher":{"@id":"https:\/\/dicodusport.fr\/blog\/#organization"},"potentialAction":[{"@type":"SearchAction","target":{"@type":"EntryPoint","urlTemplate":"https:\/\/dicodusport.fr\/blog\/?s={search_term_string}"},"query-input":{"@type":"PropertyValueSpecification","valueRequired":true,"valueName":"search_term_string"}}],"inLanguage":"fr-FR"},{"@type":"NewsMediaOrganization","@id":"https:\/\/dicodusport.fr\/blog\/#organization","name":"Dicodusport","url":"https:\/\/dicodusport.fr\/blog\/","logo":{"@type":"ImageObject","inLanguage":"fr-FR","@id":"https:\/\/dicodusport.fr\/blog\/#\/schema\/logo\/image\/","url":"https:\/\/dicodusport.fr\/blog\/wp-content\/uploads\/2020\/06\/cropped-LOGO-DICODUSPORT-2020-SANS-FOND-SANS-TEXTE.png","contentUrl":"https:\/\/dicodusport.fr\/blog\/wp-content\/uploads\/2020\/06\/cropped-LOGO-DICODUSPORT-2020-SANS-FOND-SANS-TEXTE.png","width":512,"height":512,"caption":"Dicodusport"},"image":{"@id":"https:\/\/dicodusport.fr\/blog\/#\/schema\/logo\/image\/"},"sameAs":["https:\/\/www.facebook.com\/dicodusport","https:\/\/x.com\/dicodusport","https:\/\/www.instagram.com\/dicodusport\/","https:\/\/www.youtube.com\/channel\/UC7V2KZ5sd3htJivAbA4ZG3w"],"description":"Dicodusport est l'encyclop\u00e9die de l'actualit\u00e9 sportive.","email":"bonjour@dicodusport.fr","legalName":"DICODUSPORT","foundingDate":"2018-01-14","vatID":"FR71834470973","taxID":"83447097300043","numberOfEmployees":{"@type":"QuantitativeValue","minValue":"1","maxValue":"10"}},{"@type":"Person","@id":"https:\/\/dicodusport.fr\/blog\/#\/schema\/person\/55dcb50ad410894e431ed812bbb70191","name":"Nicolas Jacquemard","image":{"@type":"ImageObject","inLanguage":"fr-FR","@id":"https:\/\/dicodusport.fr\/blog\/#\/schema\/person\/image\/","url":"https:\/\/dicodusport.fr\/blog\/wp-content\/uploads\/2021\/05\/Nicolas-Jacquemard-150x150.jpeg","contentUrl":"https:\/\/dicodusport.fr\/blog\/wp-content\/uploads\/2021\/05\/Nicolas-Jacquemard-150x150.jpeg","caption":"Nicolas Jacquemard"},"description":"Passionn\u00e9 de sport et entrepreneur depuis mes 18 ans, la cr\u00e9ation de Dicodusport m'a sembl\u00e9 \u00e9vidente pour participer \u00e0 la m\u00e9diatisation d'un plus grand nombre de sports. Le chemin est long mais avec une \u00e9quipe des plus motiv\u00e9es et les Jeux Olympiques de Paris 2024 en point de mire, nous y arriverons ! Journaliste dans le monde du sport depuis plus de 5 ans, je traite aussi bien de football, de rugby, de biathlon que de cyclisme.","sameAs":["https:\/\/www.facebook.com\/dicodusport","https:\/\/x.com\/https:\/\/twitter.com\/Nico_Jacquemard"],"url":"https:\/\/dicodusport.fr\/blog\/author\/dicodusport\/"}]}},"_links":{"self":[{"href":"https:\/\/dicodusport.fr\/blog\/wp-json\/wp\/v2\/posts\/198532","targetHints":{"allow":["GET"]}}],"collection":[{"href":"https:\/\/dicodusport.fr\/blog\/wp-json\/wp\/v2\/posts"}],"about":[{"href":"https:\/\/dicodusport.fr\/blog\/wp-json\/wp\/v2\/types\/post"}],"author":[{"embeddable":true,"href":"https:\/\/dicodusport.fr\/blog\/wp-json\/wp\/v2\/users\/1"}],"replies":[{"embeddable":true,"href":"https:\/\/dicodusport.fr\/blog\/wp-json\/wp\/v2\/comments?post=198532"}],"version-history":[{"count":0,"href":"https:\/\/dicodusport.fr\/blog\/wp-json\/wp\/v2\/posts\/198532\/revisions"}],"wp:featuredmedia":[{"embeddable":true,"href":"https:\/\/dicodusport.fr\/blog\/wp-json\/wp\/v2\/media\/198535"}],"wp:attachment":[{"href":"https:\/\/dicodusport.fr\/blog\/wp-json\/wp\/v2\/media?parent=198532"}],"wp:term":[{"taxonomy":"category","embeddable":true,"href":"https:\/\/dicodusport.fr\/blog\/wp-json\/wp\/v2\/categories?post=198532"},{"taxonomy":"post_tag","embeddable":true,"href":"https:\/\/dicodusport.fr\/blog\/wp-json\/wp\/v2\/tags?post=198532"}],"curies":[{"name":"wp","href":"https:\/\/api.w.org\/{rel}","templated":true}]}}