{"id":1988,"date":"2017-05-30T14:27:33","date_gmt":"2017-05-30T13:27:33","guid":{"rendered":"http:\/\/dicodusport.fr\/blog\/?p=1988"},"modified":"2021-04-13T23:19:55","modified_gmt":"2021-04-13T21:19:55","slug":"semaine-de-bande-11-sprint-victorieux-a-9-secondes-de-gagne","status":"publish","type":"post","link":"https:\/\/dicodusport.fr\/blog\/semaine-de-bande-11-sprint-victorieux-a-9-secondes-de-gagne\/","title":{"rendered":"La semaine de La Bande #11 : un sprint victorieux&#8230; \u00e0 9 secondes de la gagne"},"content":{"rendered":"<p style=\"text-align: justify;\"><span style=\"color: #000000;\"><em>Chaque mardi, retrouvez \u00ab\u00a0la semaine de\u00a0<\/em><span style=\"color: #0000ff;\"><em><a style=\"color: #0000ff;\" href=\"http:\/\/dicodusport.fr\/blog\/la-bande\/\">La Bande<\/a><\/em><\/span><em>\u00a0\u00bb sur votre blog\u00a0<\/em><span style=\"color: #0000ff;\"><em><a style=\"color: #0000ff;\" href=\"http:\/\/dicodusport.fr\/blog\/\">dicodusport.fr<\/a><\/em><\/span><em>\u00a0: r\u00e9sultats, actualit\u00e9s, d\u00e9clarations, courses \u00e0 venir. Lucas Destang remporte le sprint du peloton lors de la deuxi\u00e8me \u00e9tape du tour de Gironde mais les 8 \u00e9chapp\u00e9s \u00e9taient arriv\u00e9s 9 secondes plus t\u00f4t&#8230;<\/em><\/span><\/p>\n<p style=\"text-align: justify;\"><span style=\"font-size: 18pt; color: #000000;\"><strong>Les r\u00e9sultats\u00a0<\/strong><\/span><\/p>\n<p style=\"text-align: justify;\"><span style=\"color: #000000;\"><strong>Du 27 au 28 Mai : Tour de Gironde (2.2)<\/strong><\/span><\/p>\n<p style=\"text-align: justify;\"><span style=\"color: #000000;\"><span style=\"color: #0000ff;\"><a style=\"color: #0000ff;\" href=\"http:\/\/www.directvelo.com\/actualite\/58394\/tour-de-gironde-et-1-classements\"><strong>1ere \u00e9tape<\/strong><\/a><\/span>\u00a0(203km) :<\/span><\/p>\n<p style=\"text-align: justify;\">1er MAURELET Flavien (GSCB)<br \/>\n20\u00e8me BAZIN Cl\u00e9ment<br \/>\n21\u00e8me BORN Vivian<br \/>\n32\u00e8me DESTANG Lucas<br \/>\n34\u00e8me COUTURET Thomas<br \/>\n44\u00e8me CHATELET Nicolas<br \/>\nAb GLEIZES Arnaud<\/p>\n<p style=\"text-align: justify;\"><img loading=\"lazy\" decoding=\"async\" class=\"alignnone size-full wp-image-1982\" src=\"http:\/\/dicodusport.fr\/blog\/wp-content\/uploads\/2017\/05\/18738584_1409701849115276_1673415976143553916_o.jpg\" alt=\"\" width=\"2048\" height=\"1365\" srcset=\"https:\/\/dicodusport.fr\/blog\/wp-content\/uploads\/2017\/05\/18738584_1409701849115276_1673415976143553916_o.jpg 2048w, https:\/\/dicodusport.fr\/blog\/wp-content\/uploads\/2017\/05\/18738584_1409701849115276_1673415976143553916_o-300x200.jpg 300w, https:\/\/dicodusport.fr\/blog\/wp-content\/uploads\/2017\/05\/18738584_1409701849115276_1673415976143553916_o-768x512.jpg 768w, https:\/\/dicodusport.fr\/blog\/wp-content\/uploads\/2017\/05\/18738584_1409701849115276_1673415976143553916_o-1024x683.jpg 1024w\" sizes=\"auto, (max-width: 2048px) 100vw, 2048px\" \/><\/p>\n<p style=\"text-align: justify;\"><span style=\"color: #000000;\"><span style=\"color: #0000ff;\"><strong><a style=\"color: #0000ff;\" href=\"http:\/\/www.directvelo.com\/actualite\/58425\/tour-de-gironde-et-2-classements\">2eme \u00e9tape<\/a><\/strong><\/span>\u00a0(156km) :<\/span><\/p>\n<p style=\"text-align: justify;\">1er TORRES MUIAO Pablo (Burgos BH)<br \/>\n9\u00e8me DESTANG Lucas<br \/>\n14\u00e8me COUTURET Thomas<br \/>\n41\u00e8me BORN Vivian<br \/>\n42\u00e8me BAZIN Cl\u00e9ment<br \/>\nAb CHATELET Nicolas<\/p>\n<p style=\"text-align: justify;\"><span style=\"color: #0000ff;\"><a style=\"color: #0000ff;\" href=\"http:\/\/www.directvelo.com\/actualite\/58425\/tour-de-gironde-et-2-classements\"><strong>G\u00e9n\u00e9ral :<\/strong><\/a><\/span><\/p>\n<p style=\"text-align: justify;\">1er TORRES MUIAO Pablo (Burgos BH)<br \/>\n19\u00e8me BAZIN Cl\u00e9ment<br \/>\n20\u00e8me BORN Vivian<br \/>\n28\u00e8me DESTANG Lucas<br \/>\n29\u00e8me COUTURET Thomas<\/p>\n<p style=\"text-align: justify;\"><span style=\"color: #000000;\"><strong>Equipe : 7eme<\/strong>\u00a0<\/span><\/p>\n<p style=\"text-align: justify;\"><img loading=\"lazy\" decoding=\"async\" class=\"alignnone size-full wp-image-1983\" src=\"http:\/\/dicodusport.fr\/blog\/wp-content\/uploads\/2017\/05\/18700772_1890809941190946_8711919112954749969_o.jpg\" alt=\"\" width=\"1200\" height=\"798\" srcset=\"https:\/\/dicodusport.fr\/blog\/wp-content\/uploads\/2017\/05\/18700772_1890809941190946_8711919112954749969_o.jpg 1200w, https:\/\/dicodusport.fr\/blog\/wp-content\/uploads\/2017\/05\/18700772_1890809941190946_8711919112954749969_o-300x200.jpg 300w, https:\/\/dicodusport.fr\/blog\/wp-content\/uploads\/2017\/05\/18700772_1890809941190946_8711919112954749969_o-768x511.jpg 768w, https:\/\/dicodusport.fr\/blog\/wp-content\/uploads\/2017\/05\/18700772_1890809941190946_8711919112954749969_o-1024x681.jpg 1024w\" sizes=\"auto, (max-width: 1200px) 100vw, 1200px\" \/><\/p>\n<p style=\"text-align: justify;\"><span style=\"font-size: 18pt; color: #000000;\"><strong>La d\u00e9claration<\/strong><\/span><\/p>\n<p style=\"text-align: justify;\"><span style=\"color: #000000;\"><strong>Lucas Destang<\/strong>\u00a0: Sur le tour de gironde au point de vue du collectif \u00e7a a \u00e9t\u00e9 top ! Personnellement je me suis rassur\u00e9 sur les sensations que ce soit le samedi ou m\u00eame le dimanche sur le sprint, m\u00eame si j&rsquo;\u00e9tais un peu d\u00e9\u00e7u de ne pas lever les bras \u00e0 la maison. Mon d\u00e9but de saison, rien de fou mais petit \u00e0 petit l&rsquo;oiseau fait son nid comme on dit. Je n&rsquo;ai pas vraiment d&rsquo;objectifs, prendre un maximum de plaisir et lever les bras !<\/span><\/p>\n<p style=\"text-align: justify;\"><span style=\"font-size: 18pt; color: #000000;\"><strong>L&rsquo;actu<\/strong><\/span><\/p>\n<p style=\"text-align: justify;\"><span style=\"color: #000000;\">Apr\u00e8s un bon Tour de Gironde dans l&rsquo;ensemble, une belle derni\u00e8re \u00e9tape, place au championnat r\u00e9gional dimanche, le dernier sous le nom Midi-Pyr\u00e9n\u00e9es.\u00a0Il se d\u00e9roulera au circuit du Fau \u00e0 Montauban comme l&rsquo;an dernier, un circuit de 11,2km \u00e0 parcourir 12 fois, reste \u00e0 savoir si la chaleur sera au programme ou pas, l&rsquo;ensemble de l&rsquo;\u00e9quipe sera pr\u00e9sente pour tenter\u00a0de d\u00e9crocher le titre.\u00a0Plus d&rsquo;informations par\u00a0<span style=\"color: #0000ff;\"><a style=\"color: #0000ff;\" href=\"https:\/\/docs.wixstatic.com\/ugd\/68529e_1927cc708b7f4a06881d0c6f5dab8e2d.pdf\">ici<\/a><\/span>\u00a0!<\/span><\/p>\n<p style=\"text-align: justify;\"><span style=\"font-size: 18pt; color: #000000;\"><strong>Les courses \u00e0 venir<\/strong><\/span><\/p>\n<p style=\"text-align: justify;\"><span style=\"color: #000000;\">Dimanche 4 Juin :\u00a0CHAMPIONNAT R\u00c9GIONAL \u00e0 Montauban (132km)\u00a0<\/span><br \/>\n<span style=\"color: #000000;\">3 titres (scratch, espoir, 2eme cat\u00e9gorie)<\/span><\/p>\n<p style=\"text-align: justify;\"><img loading=\"lazy\" decoding=\"async\" class=\"alignnone size-full wp-image-1984\" src=\"http:\/\/dicodusport.fr\/blog\/wp-content\/uploads\/2017\/05\/TG2017_10_TEAM-LA-BANDE-WEB.jpg\" alt=\"\" width=\"1600\" height=\"1065\" srcset=\"https:\/\/dicodusport.fr\/blog\/wp-content\/uploads\/2017\/05\/TG2017_10_TEAM-LA-BANDE-WEB.jpg 1600w, https:\/\/dicodusport.fr\/blog\/wp-content\/uploads\/2017\/05\/TG2017_10_TEAM-LA-BANDE-WEB-300x200.jpg 300w, https:\/\/dicodusport.fr\/blog\/wp-content\/uploads\/2017\/05\/TG2017_10_TEAM-LA-BANDE-WEB-768x511.jpg 768w, https:\/\/dicodusport.fr\/blog\/wp-content\/uploads\/2017\/05\/TG2017_10_TEAM-LA-BANDE-WEB-1024x682.jpg 1024w\" sizes=\"auto, (max-width: 1600px) 100vw, 1600px\" \/><\/p>\n<p style=\"text-align: justify;\"><span style=\"color: #000000; font-size: 18pt;\"><strong>Le Mot du Manager<\/strong><\/span><\/p>\n<p style=\"text-align: justify;\"><span style=\"color: #000000;\"><strong>Max Massat<\/strong>\u00a0: \u00ab\u00a0J&rsquo;aime quand les coureurs annoncent et r\u00e9alisent ensuite la performance, Lucas avait pr\u00e9venu qu&rsquo;il pr\u00e9parait le Tour de Gironde et qu&rsquo;il \u00e9tait hyper motiv\u00e9. Je suis tr\u00e8s content pour lui et pour l&rsquo;\u00e9quipe, nous lui avons jamais mis la pression, nous savons qu&rsquo;il fallait juste \u00eatre patient, il a pu enfin exploiter ses capacit\u00e9s sur un terrain \u00e0 sa\u00a0convenance et retrouver des sensations qu&rsquo;il voulait ressentir.<\/span><\/p>\n<p style=\"text-align: justify;\"><span style=\"color: #000000;\">Dommage que cette ann\u00e9e le Tour de Gironde ne comporte que 2 \u00e9tapes, mais nous avons pu voir que sur une \u00e9tape tr\u00e8s longue et difficile (2.2), il nous manque des km logiquement, rien de surprenant, par contre ils ont pris conscience que nous pouvons rivaliser et m\u00eame prendre les choses en main contre les grosses \u00e9curies sur une \u00e9tape \u00e0 notre convenance. Franchement que ce soit sur le v\u00e9lo ou \u00e0 c\u00f4t\u00e9 (le staff), nous avons pris du plaisir le dimanche, Lucas d\u00e9croche une 9eme place (premier top10 en 2.2 pour l&rsquo;\u00e9quipe) mais surtout il finit le travail accompli durant toute la journ\u00e9e par l&rsquo;\u00e9quipe.<\/span><\/p>\n<p style=\"text-align: justify;\"><span style=\"color: #000000;\">Nicolas a fait ce que j&rsquo;attendais de lui, ce n&rsquo;\u00e9tait pas parfait mais je sais qu&rsquo;on peut compter sur lui pour \u00e7a, il doit abandonner derri\u00e8re mais il a fait son travail pendant des km. Ensuite j&rsquo;ai vu Vivian et Cl\u00e9ment se d\u00e9pouiller dans le final pour tenter d&rsquo;amener au mieux Lucas, alors que c&rsquo;\u00e9tait les deux les mieux class\u00e9s au g\u00e9n\u00e9ral (19 et 20e) mais \u00e0 9min, l&rsquo;objectif c&rsquo;\u00e9tait l&rsquo;\u00e9tape et le message est bien pass\u00e9. Dommage que Thomas ne bouge pas quand les 8 de devant sont sortis, il sait qu&rsquo;il a fait une erreur \u00e0 ce moment l\u00e0, nous arrivons \u00e0 9 petites secondes de la gagne, c&rsquo;est le seul regret que nous pouvons avoir, vu que Lucas r\u00e8gle le sprint du peloton derri\u00e8re.<\/span><\/p>\n<p style=\"text-align: justify;\"><span style=\"color: #000000;\">Dans tout les cas une prise de conscience est pass\u00e9e, comme annonc\u00e9 Lucas revient de plus en plus, Thomas est toujours l\u00e0 en second rideau (14e) et les autres peuvent se placer au g\u00e9n\u00e9ral tout en accomplissant un travail en cas d&rsquo;arriv\u00e9e au sprint, bref l\u00e0 j&rsquo;ai une \u00e9quipe, une vraie et qui peut vraiment jouer la gagne, \u00e0 eux de trouver la solution mais ils ont les cartes en main, il me tarde vraiment les prochaines courses \u00e0 \u00e9tapes !\u00a0C&rsquo;est peut-\u00eatre long \u00e0 venir, mais comme dit le proverbe, plus c&rsquo;est long &#8230; et puis surtout je n&rsquo;aime pas griller les \u00e9tapes. Je n&rsquo;ai peut-\u00eatre pas les meilleurs coureurs, mais le cyclisme est un sport individuel et collectif, ensemble ils peuvent le faire, seul \u00e7a sera compliqu\u00e9.<\/span><\/p>\n<p style=\"text-align: justify;\"><span style=\"color: #000000;\">Ils ont eu L\u00e9o Menville tout le d\u00e9but de saison, mais ils n&rsquo;ont pas su en profiter au\u00a0maximum. Maintenant que Lucas revient \u00e0 son niveau, il ne faudra pas rater le coche, et puis chacun y va de sa performance chaque week-end, un peu comme l&rsquo;an dernier. Il manque encore quelques coureurs mais nous progressons ensemble, je veux les voir lever les bras, nous le m\u00e9ritons tellement, il faut se battre, le plus beau est peut-\u00eatre juste l\u00e0 devant nous&#8230; .\u00a0\u00bb<\/span><\/p>\n<p style=\"text-align: justify;\"><img loading=\"lazy\" decoding=\"async\" class=\"size-thumbnail wp-image-999 aligncenter\" src=\"http:\/\/dicodusport.fr\/blog\/wp-content\/uploads\/2017\/01\/cropped-logo-dicodusport-sans-fond-150x150.png\" alt=\"\" width=\"150\" height=\"150\" srcset=\"https:\/\/dicodusport.fr\/blog\/wp-content\/uploads\/2017\/01\/cropped-logo-dicodusport-sans-fond-150x150.png 150w, https:\/\/dicodusport.fr\/blog\/wp-content\/uploads\/2017\/01\/cropped-logo-dicodusport-sans-fond-300x300.png 300w, https:\/\/dicodusport.fr\/blog\/wp-content\/uploads\/2017\/01\/cropped-logo-dicodusport-sans-fond-270x270.png 270w, https:\/\/dicodusport.fr\/blog\/wp-content\/uploads\/2017\/01\/cropped-logo-dicodusport-sans-fond-192x192.png 192w, https:\/\/dicodusport.fr\/blog\/wp-content\/uploads\/2017\/01\/cropped-logo-dicodusport-sans-fond-180x180.png 180w, https:\/\/dicodusport.fr\/blog\/wp-content\/uploads\/2017\/01\/cropped-logo-dicodusport-sans-fond-32x32.png 32w, https:\/\/dicodusport.fr\/blog\/wp-content\/uploads\/2017\/01\/cropped-logo-dicodusport-sans-fond.png 512w\" sizes=\"auto, (max-width: 150px) 100vw, 150px\" \/><\/p>\n<p>&nbsp;<\/p>\n","protected":false},"excerpt":{"rendered":"<p>Chaque mardi, retrouvez \u00ab\u00a0la semaine de\u00a0La Bande\u00a0\u00bb sur votre blog\u00a0dicodusport.fr\u00a0: r\u00e9sultats, actualit\u00e9s, d\u00e9clarations, courses \u00e0 venir. Lucas Destang remporte le sprint du peloton lors de la deuxi\u00e8me \u00e9tape du tour de Gironde mais les 8 \u00e9chapp\u00e9s \u00e9taient arriv\u00e9s 9 secondes plus t\u00f4t&#8230; Les r\u00e9sultats\u00a0 Du 27 au 28 Mai : Tour de Gironde (2.2) 1ere [&hellip;]<\/p>\n","protected":false},"author":1,"featured_media":1985,"comment_status":"open","ping_status":"closed","sticky":false,"template":"","format":"standard","meta":{"_acf_changed":false,"_daextam_enable_autolinks":"","footnotes":""},"categories":[2016],"tags":[574,772,773,579],"class_list":["post-1988","post","type-post","status-publish","format-standard","has-post-thumbnail","hentry","category-nos-champions","tag-cyclisme","tag-la-bande","tag-max-massat","tag-velo"],"acf":[],"yoast_head":"<!-- This site is optimized with the Yoast SEO Premium plugin v26.7 (Yoast SEO v26.7) - https:\/\/yoast.com\/wordpress\/plugins\/seo\/ -->\n<title>La semaine de La Bande #11 : un sprint victorieux... \u00e0 9 secondes de la gagne<\/title>\n<meta name=\"description\" content=\"Lucas Destang remporte le sprint du peloton lors de la deuxi\u00e8me \u00e9tape du tour de Gironde mais les 8 \u00e9chapp\u00e9s \u00e9taient arriv\u00e9s 9 secondes plus t\u00f4t...\" \/>\n<meta name=\"robots\" content=\"index, follow, max-snippet:-1, max-image-preview:large, max-video-preview:-1\" \/>\n<link rel=\"canonical\" href=\"https:\/\/dicodusport.fr\/blog\/semaine-de-bande-11-sprint-victorieux-a-9-secondes-de-gagne\/\" \/>\n<meta property=\"og:locale\" content=\"fr_FR\" \/>\n<meta property=\"og:type\" content=\"article\" \/>\n<meta property=\"og:title\" content=\"La semaine de La Bande #11 : un sprint victorieux... \u00e0 9 secondes de la gagne\" \/>\n<meta property=\"og:description\" content=\"Lucas Destang remporte le sprint du peloton lors de la deuxi\u00e8me \u00e9tape du tour de Gironde mais les 8 \u00e9chapp\u00e9s \u00e9taient arriv\u00e9s 9 secondes plus t\u00f4t...\" \/>\n<meta property=\"og:url\" content=\"https:\/\/dicodusport.fr\/blog\/semaine-de-bande-11-sprint-victorieux-a-9-secondes-de-gagne\/\" \/>\n<meta property=\"og:site_name\" content=\"Dicodusport\" \/>\n<meta property=\"article:publisher\" content=\"https:\/\/www.facebook.com\/dicodusport\" \/>\n<meta property=\"article:author\" content=\"https:\/\/www.facebook.com\/dicodusport\" \/>\n<meta property=\"article:published_time\" content=\"2017-05-30T13:27:33+00:00\" \/>\n<meta property=\"article:modified_time\" content=\"2021-04-13T21:19:55+00:00\" \/>\n<meta property=\"og:image\" content=\"https:\/\/dicodusport.fr\/blog\/wp-content\/uploads\/2017\/05\/la-bande-sprint-victorieux.png\" \/>\n\t<meta property=\"og:image:width\" content=\"1200\" \/>\n\t<meta property=\"og:image:height\" content=\"670\" \/>\n\t<meta property=\"og:image:type\" content=\"image\/png\" \/>\n<meta name=\"author\" content=\"Nicolas Jacquemard\" \/>\n<meta name=\"twitter:card\" content=\"summary_large_image\" \/>\n<meta name=\"twitter:creator\" content=\"@https:\/\/twitter.com\/Nico_Jacquemard\" \/>\n<meta name=\"twitter:site\" content=\"@dicodusport\" \/>\n<script type=\"application\/ld+json\" class=\"yoast-schema-graph\">{\"@context\":\"https:\/\/schema.org\",\"@graph\":[{\"@type\":\"NewsArticle\",\"@id\":\"https:\/\/dicodusport.fr\/blog\/semaine-de-bande-11-sprint-victorieux-a-9-secondes-de-gagne\/#article\",\"isPartOf\":{\"@id\":\"https:\/\/dicodusport.fr\/blog\/semaine-de-bande-11-sprint-victorieux-a-9-secondes-de-gagne\/\"},\"author\":{\"name\":\"Nicolas Jacquemard\",\"@id\":\"https:\/\/dicodusport.fr\/blog\/#\/schema\/person\/55dcb50ad410894e431ed812bbb70191\"},\"headline\":\"La semaine de La Bande #11 : un sprint victorieux&#8230; \u00e0 9 secondes de la gagne\",\"datePublished\":\"2017-05-30T13:27:33+00:00\",\"dateModified\":\"2021-04-13T21:19:55+00:00\",\"mainEntityOfPage\":{\"@id\":\"https:\/\/dicodusport.fr\/blog\/semaine-de-bande-11-sprint-victorieux-a-9-secondes-de-gagne\/\"},\"wordCount\":890,\"commentCount\":0,\"publisher\":{\"@id\":\"https:\/\/dicodusport.fr\/blog\/#organization\"},\"image\":{\"@id\":\"https:\/\/dicodusport.fr\/blog\/semaine-de-bande-11-sprint-victorieux-a-9-secondes-de-gagne\/#primaryimage\"},\"thumbnailUrl\":\"https:\/\/dicodusport.fr\/blog\/wp-content\/uploads\/2017\/05\/la-bande-sprint-victorieux.png\",\"keywords\":[\"Cyclisme\",\"la bande\",\"max massat\",\"v\u00e9lo\"],\"articleSection\":[\"Nos champions\"],\"inLanguage\":\"fr-FR\",\"potentialAction\":[{\"@type\":\"CommentAction\",\"name\":\"Comment\",\"target\":[\"https:\/\/dicodusport.fr\/blog\/semaine-de-bande-11-sprint-victorieux-a-9-secondes-de-gagne\/#respond\"]}],\"copyrightYear\":\"2017\",\"copyrightHolder\":{\"@id\":\"https:\/\/dicodusport.fr\/blog\/#organization\"}},{\"@type\":\"WebPage\",\"@id\":\"https:\/\/dicodusport.fr\/blog\/semaine-de-bande-11-sprint-victorieux-a-9-secondes-de-gagne\/\",\"url\":\"https:\/\/dicodusport.fr\/blog\/semaine-de-bande-11-sprint-victorieux-a-9-secondes-de-gagne\/\",\"name\":\"La semaine de La Bande #11 : un sprint victorieux... \u00e0 9 secondes de la gagne\",\"isPartOf\":{\"@id\":\"https:\/\/dicodusport.fr\/blog\/#website\"},\"primaryImageOfPage\":{\"@id\":\"https:\/\/dicodusport.fr\/blog\/semaine-de-bande-11-sprint-victorieux-a-9-secondes-de-gagne\/#primaryimage\"},\"image\":{\"@id\":\"https:\/\/dicodusport.fr\/blog\/semaine-de-bande-11-sprint-victorieux-a-9-secondes-de-gagne\/#primaryimage\"},\"thumbnailUrl\":\"https:\/\/dicodusport.fr\/blog\/wp-content\/uploads\/2017\/05\/la-bande-sprint-victorieux.png\",\"datePublished\":\"2017-05-30T13:27:33+00:00\",\"dateModified\":\"2021-04-13T21:19:55+00:00\",\"description\":\"Lucas Destang remporte le sprint du peloton lors de la deuxi\u00e8me \u00e9tape du tour de Gironde mais les 8 \u00e9chapp\u00e9s \u00e9taient arriv\u00e9s 9 secondes plus t\u00f4t...\",\"breadcrumb\":{\"@id\":\"https:\/\/dicodusport.fr\/blog\/semaine-de-bande-11-sprint-victorieux-a-9-secondes-de-gagne\/#breadcrumb\"},\"inLanguage\":\"fr-FR\",\"potentialAction\":[{\"@type\":\"ReadAction\",\"target\":[\"https:\/\/dicodusport.fr\/blog\/semaine-de-bande-11-sprint-victorieux-a-9-secondes-de-gagne\/\"]}]},{\"@type\":\"ImageObject\",\"inLanguage\":\"fr-FR\",\"@id\":\"https:\/\/dicodusport.fr\/blog\/semaine-de-bande-11-sprint-victorieux-a-9-secondes-de-gagne\/#primaryimage\",\"url\":\"https:\/\/dicodusport.fr\/blog\/wp-content\/uploads\/2017\/05\/la-bande-sprint-victorieux.png\",\"contentUrl\":\"https:\/\/dicodusport.fr\/blog\/wp-content\/uploads\/2017\/05\/la-bande-sprint-victorieux.png\",\"width\":1200,\"height\":670,\"caption\":\"la bande sprint victorieux\"},{\"@type\":\"BreadcrumbList\",\"@id\":\"https:\/\/dicodusport.fr\/blog\/semaine-de-bande-11-sprint-victorieux-a-9-secondes-de-gagne\/#breadcrumb\",\"itemListElement\":[{\"@type\":\"ListItem\",\"position\":1,\"name\":\"Accueil\",\"item\":\"https:\/\/dicodusport.fr\/blog\/\"},{\"@type\":\"ListItem\",\"position\":2,\"name\":\"La semaine de La Bande #11 : un sprint victorieux&#8230; \u00e0 9 secondes de la gagne\"}]},{\"@type\":\"WebSite\",\"@id\":\"https:\/\/dicodusport.fr\/blog\/#website\",\"url\":\"https:\/\/dicodusport.fr\/blog\/\",\"name\":\"Dicodusport\",\"description\":\"L&#039;encyclop\u00e9die de l&#039;actualit\u00e9 sportive\",\"publisher\":{\"@id\":\"https:\/\/dicodusport.fr\/blog\/#organization\"},\"potentialAction\":[{\"@type\":\"SearchAction\",\"target\":{\"@type\":\"EntryPoint\",\"urlTemplate\":\"https:\/\/dicodusport.fr\/blog\/?s={search_term_string}\"},\"query-input\":{\"@type\":\"PropertyValueSpecification\",\"valueRequired\":true,\"valueName\":\"search_term_string\"}}],\"inLanguage\":\"fr-FR\"},{\"@type\":\"NewsMediaOrganization\",\"@id\":\"https:\/\/dicodusport.fr\/blog\/#organization\",\"name\":\"Dicodusport\",\"url\":\"https:\/\/dicodusport.fr\/blog\/\",\"logo\":{\"@type\":\"ImageObject\",\"inLanguage\":\"fr-FR\",\"@id\":\"https:\/\/dicodusport.fr\/blog\/#\/schema\/logo\/image\/\",\"url\":\"https:\/\/dicodusport.fr\/blog\/wp-content\/uploads\/2020\/06\/cropped-LOGO-DICODUSPORT-2020-SANS-FOND-SANS-TEXTE.png\",\"contentUrl\":\"https:\/\/dicodusport.fr\/blog\/wp-content\/uploads\/2020\/06\/cropped-LOGO-DICODUSPORT-2020-SANS-FOND-SANS-TEXTE.png\",\"width\":512,\"height\":512,\"caption\":\"Dicodusport\"},\"image\":{\"@id\":\"https:\/\/dicodusport.fr\/blog\/#\/schema\/logo\/image\/\"},\"sameAs\":[\"https:\/\/www.facebook.com\/dicodusport\",\"https:\/\/x.com\/dicodusport\",\"https:\/\/www.instagram.com\/dicodusport\/\",\"https:\/\/www.youtube.com\/channel\/UC7V2KZ5sd3htJivAbA4ZG3w\"],\"description\":\"Dicodusport est l'encyclop\u00e9die de l'actualit\u00e9 sportive.\",\"email\":\"bonjour@dicodusport.fr\",\"legalName\":\"DICODUSPORT\",\"foundingDate\":\"2018-01-14\",\"vatID\":\"FR71834470973\",\"taxID\":\"83447097300043\",\"numberOfEmployees\":{\"@type\":\"QuantitativeValue\",\"minValue\":\"1\",\"maxValue\":\"10\"}},{\"@type\":\"Person\",\"@id\":\"https:\/\/dicodusport.fr\/blog\/#\/schema\/person\/55dcb50ad410894e431ed812bbb70191\",\"name\":\"Nicolas Jacquemard\",\"image\":{\"@type\":\"ImageObject\",\"inLanguage\":\"fr-FR\",\"@id\":\"https:\/\/dicodusport.fr\/blog\/#\/schema\/person\/image\/\",\"url\":\"https:\/\/dicodusport.fr\/blog\/wp-content\/uploads\/2021\/05\/Nicolas-Jacquemard-150x150.jpeg\",\"contentUrl\":\"https:\/\/dicodusport.fr\/blog\/wp-content\/uploads\/2021\/05\/Nicolas-Jacquemard-150x150.jpeg\",\"caption\":\"Nicolas Jacquemard\"},\"description\":\"Passionn\u00e9 de sport et entrepreneur depuis mes 18 ans, la cr\u00e9ation de Dicodusport m'a sembl\u00e9 \u00e9vidente pour participer \u00e0 la m\u00e9diatisation d'un plus grand nombre de sports. Le chemin est long mais avec une \u00e9quipe des plus motiv\u00e9es et les Jeux Olympiques de Paris 2024 en point de mire, nous y arriverons ! Journaliste dans le monde du sport depuis plus de 5 ans, je traite aussi bien de football, de rugby, de biathlon que de cyclisme.\",\"sameAs\":[\"https:\/\/www.facebook.com\/dicodusport\",\"https:\/\/x.com\/https:\/\/twitter.com\/Nico_Jacquemard\"],\"url\":\"https:\/\/dicodusport.fr\/blog\/author\/dicodusport\/\"}]}<\/script>\n<!-- \/ Yoast SEO Premium plugin. -->","yoast_head_json":{"title":"La semaine de La Bande #11 : un sprint victorieux... \u00e0 9 secondes de la gagne","description":"Lucas Destang remporte le sprint du peloton lors de la deuxi\u00e8me \u00e9tape du tour de Gironde mais les 8 \u00e9chapp\u00e9s \u00e9taient arriv\u00e9s 9 secondes plus t\u00f4t...","robots":{"index":"index","follow":"follow","max-snippet":"max-snippet:-1","max-image-preview":"max-image-preview:large","max-video-preview":"max-video-preview:-1"},"canonical":"https:\/\/dicodusport.fr\/blog\/semaine-de-bande-11-sprint-victorieux-a-9-secondes-de-gagne\/","og_locale":"fr_FR","og_type":"article","og_title":"La semaine de La Bande #11 : un sprint victorieux... \u00e0 9 secondes de la gagne","og_description":"Lucas Destang remporte le sprint du peloton lors de la deuxi\u00e8me \u00e9tape du tour de Gironde mais les 8 \u00e9chapp\u00e9s \u00e9taient arriv\u00e9s 9 secondes plus t\u00f4t...","og_url":"https:\/\/dicodusport.fr\/blog\/semaine-de-bande-11-sprint-victorieux-a-9-secondes-de-gagne\/","og_site_name":"Dicodusport","article_publisher":"https:\/\/www.facebook.com\/dicodusport","article_author":"https:\/\/www.facebook.com\/dicodusport","article_published_time":"2017-05-30T13:27:33+00:00","article_modified_time":"2021-04-13T21:19:55+00:00","og_image":[{"width":1200,"height":670,"url":"https:\/\/dicodusport.fr\/blog\/wp-content\/uploads\/2017\/05\/la-bande-sprint-victorieux.png","type":"image\/png"}],"author":"Nicolas Jacquemard","twitter_card":"summary_large_image","twitter_creator":"@https:\/\/twitter.com\/Nico_Jacquemard","twitter_site":"@dicodusport","schema":{"@context":"https:\/\/schema.org","@graph":[{"@type":"NewsArticle","@id":"https:\/\/dicodusport.fr\/blog\/semaine-de-bande-11-sprint-victorieux-a-9-secondes-de-gagne\/#article","isPartOf":{"@id":"https:\/\/dicodusport.fr\/blog\/semaine-de-bande-11-sprint-victorieux-a-9-secondes-de-gagne\/"},"author":{"name":"Nicolas Jacquemard","@id":"https:\/\/dicodusport.fr\/blog\/#\/schema\/person\/55dcb50ad410894e431ed812bbb70191"},"headline":"La semaine de La Bande #11 : un sprint victorieux&#8230; \u00e0 9 secondes de la gagne","datePublished":"2017-05-30T13:27:33+00:00","dateModified":"2021-04-13T21:19:55+00:00","mainEntityOfPage":{"@id":"https:\/\/dicodusport.fr\/blog\/semaine-de-bande-11-sprint-victorieux-a-9-secondes-de-gagne\/"},"wordCount":890,"commentCount":0,"publisher":{"@id":"https:\/\/dicodusport.fr\/blog\/#organization"},"image":{"@id":"https:\/\/dicodusport.fr\/blog\/semaine-de-bande-11-sprint-victorieux-a-9-secondes-de-gagne\/#primaryimage"},"thumbnailUrl":"https:\/\/dicodusport.fr\/blog\/wp-content\/uploads\/2017\/05\/la-bande-sprint-victorieux.png","keywords":["Cyclisme","la bande","max massat","v\u00e9lo"],"articleSection":["Nos champions"],"inLanguage":"fr-FR","potentialAction":[{"@type":"CommentAction","name":"Comment","target":["https:\/\/dicodusport.fr\/blog\/semaine-de-bande-11-sprint-victorieux-a-9-secondes-de-gagne\/#respond"]}],"copyrightYear":"2017","copyrightHolder":{"@id":"https:\/\/dicodusport.fr\/blog\/#organization"}},{"@type":"WebPage","@id":"https:\/\/dicodusport.fr\/blog\/semaine-de-bande-11-sprint-victorieux-a-9-secondes-de-gagne\/","url":"https:\/\/dicodusport.fr\/blog\/semaine-de-bande-11-sprint-victorieux-a-9-secondes-de-gagne\/","name":"La semaine de La Bande #11 : un sprint victorieux... \u00e0 9 secondes de la gagne","isPartOf":{"@id":"https:\/\/dicodusport.fr\/blog\/#website"},"primaryImageOfPage":{"@id":"https:\/\/dicodusport.fr\/blog\/semaine-de-bande-11-sprint-victorieux-a-9-secondes-de-gagne\/#primaryimage"},"image":{"@id":"https:\/\/dicodusport.fr\/blog\/semaine-de-bande-11-sprint-victorieux-a-9-secondes-de-gagne\/#primaryimage"},"thumbnailUrl":"https:\/\/dicodusport.fr\/blog\/wp-content\/uploads\/2017\/05\/la-bande-sprint-victorieux.png","datePublished":"2017-05-30T13:27:33+00:00","dateModified":"2021-04-13T21:19:55+00:00","description":"Lucas Destang remporte le sprint du peloton lors de la deuxi\u00e8me \u00e9tape du tour de Gironde mais les 8 \u00e9chapp\u00e9s \u00e9taient arriv\u00e9s 9 secondes plus t\u00f4t...","breadcrumb":{"@id":"https:\/\/dicodusport.fr\/blog\/semaine-de-bande-11-sprint-victorieux-a-9-secondes-de-gagne\/#breadcrumb"},"inLanguage":"fr-FR","potentialAction":[{"@type":"ReadAction","target":["https:\/\/dicodusport.fr\/blog\/semaine-de-bande-11-sprint-victorieux-a-9-secondes-de-gagne\/"]}]},{"@type":"ImageObject","inLanguage":"fr-FR","@id":"https:\/\/dicodusport.fr\/blog\/semaine-de-bande-11-sprint-victorieux-a-9-secondes-de-gagne\/#primaryimage","url":"https:\/\/dicodusport.fr\/blog\/wp-content\/uploads\/2017\/05\/la-bande-sprint-victorieux.png","contentUrl":"https:\/\/dicodusport.fr\/blog\/wp-content\/uploads\/2017\/05\/la-bande-sprint-victorieux.png","width":1200,"height":670,"caption":"la bande sprint victorieux"},{"@type":"BreadcrumbList","@id":"https:\/\/dicodusport.fr\/blog\/semaine-de-bande-11-sprint-victorieux-a-9-secondes-de-gagne\/#breadcrumb","itemListElement":[{"@type":"ListItem","position":1,"name":"Accueil","item":"https:\/\/dicodusport.fr\/blog\/"},{"@type":"ListItem","position":2,"name":"La semaine de La Bande #11 : un sprint victorieux&#8230; \u00e0 9 secondes de la gagne"}]},{"@type":"WebSite","@id":"https:\/\/dicodusport.fr\/blog\/#website","url":"https:\/\/dicodusport.fr\/blog\/","name":"Dicodusport","description":"L&#039;encyclop\u00e9die de l&#039;actualit\u00e9 sportive","publisher":{"@id":"https:\/\/dicodusport.fr\/blog\/#organization"},"potentialAction":[{"@type":"SearchAction","target":{"@type":"EntryPoint","urlTemplate":"https:\/\/dicodusport.fr\/blog\/?s={search_term_string}"},"query-input":{"@type":"PropertyValueSpecification","valueRequired":true,"valueName":"search_term_string"}}],"inLanguage":"fr-FR"},{"@type":"NewsMediaOrganization","@id":"https:\/\/dicodusport.fr\/blog\/#organization","name":"Dicodusport","url":"https:\/\/dicodusport.fr\/blog\/","logo":{"@type":"ImageObject","inLanguage":"fr-FR","@id":"https:\/\/dicodusport.fr\/blog\/#\/schema\/logo\/image\/","url":"https:\/\/dicodusport.fr\/blog\/wp-content\/uploads\/2020\/06\/cropped-LOGO-DICODUSPORT-2020-SANS-FOND-SANS-TEXTE.png","contentUrl":"https:\/\/dicodusport.fr\/blog\/wp-content\/uploads\/2020\/06\/cropped-LOGO-DICODUSPORT-2020-SANS-FOND-SANS-TEXTE.png","width":512,"height":512,"caption":"Dicodusport"},"image":{"@id":"https:\/\/dicodusport.fr\/blog\/#\/schema\/logo\/image\/"},"sameAs":["https:\/\/www.facebook.com\/dicodusport","https:\/\/x.com\/dicodusport","https:\/\/www.instagram.com\/dicodusport\/","https:\/\/www.youtube.com\/channel\/UC7V2KZ5sd3htJivAbA4ZG3w"],"description":"Dicodusport est l'encyclop\u00e9die de l'actualit\u00e9 sportive.","email":"bonjour@dicodusport.fr","legalName":"DICODUSPORT","foundingDate":"2018-01-14","vatID":"FR71834470973","taxID":"83447097300043","numberOfEmployees":{"@type":"QuantitativeValue","minValue":"1","maxValue":"10"}},{"@type":"Person","@id":"https:\/\/dicodusport.fr\/blog\/#\/schema\/person\/55dcb50ad410894e431ed812bbb70191","name":"Nicolas Jacquemard","image":{"@type":"ImageObject","inLanguage":"fr-FR","@id":"https:\/\/dicodusport.fr\/blog\/#\/schema\/person\/image\/","url":"https:\/\/dicodusport.fr\/blog\/wp-content\/uploads\/2021\/05\/Nicolas-Jacquemard-150x150.jpeg","contentUrl":"https:\/\/dicodusport.fr\/blog\/wp-content\/uploads\/2021\/05\/Nicolas-Jacquemard-150x150.jpeg","caption":"Nicolas Jacquemard"},"description":"Passionn\u00e9 de sport et entrepreneur depuis mes 18 ans, la cr\u00e9ation de Dicodusport m'a sembl\u00e9 \u00e9vidente pour participer \u00e0 la m\u00e9diatisation d'un plus grand nombre de sports. Le chemin est long mais avec une \u00e9quipe des plus motiv\u00e9es et les Jeux Olympiques de Paris 2024 en point de mire, nous y arriverons ! Journaliste dans le monde du sport depuis plus de 5 ans, je traite aussi bien de football, de rugby, de biathlon que de cyclisme.","sameAs":["https:\/\/www.facebook.com\/dicodusport","https:\/\/x.com\/https:\/\/twitter.com\/Nico_Jacquemard"],"url":"https:\/\/dicodusport.fr\/blog\/author\/dicodusport\/"}]}},"_links":{"self":[{"href":"https:\/\/dicodusport.fr\/blog\/wp-json\/wp\/v2\/posts\/1988","targetHints":{"allow":["GET"]}}],"collection":[{"href":"https:\/\/dicodusport.fr\/blog\/wp-json\/wp\/v2\/posts"}],"about":[{"href":"https:\/\/dicodusport.fr\/blog\/wp-json\/wp\/v2\/types\/post"}],"author":[{"embeddable":true,"href":"https:\/\/dicodusport.fr\/blog\/wp-json\/wp\/v2\/users\/1"}],"replies":[{"embeddable":true,"href":"https:\/\/dicodusport.fr\/blog\/wp-json\/wp\/v2\/comments?post=1988"}],"version-history":[{"count":0,"href":"https:\/\/dicodusport.fr\/blog\/wp-json\/wp\/v2\/posts\/1988\/revisions"}],"wp:featuredmedia":[{"embeddable":true,"href":"https:\/\/dicodusport.fr\/blog\/wp-json\/wp\/v2\/media\/1985"}],"wp:attachment":[{"href":"https:\/\/dicodusport.fr\/blog\/wp-json\/wp\/v2\/media?parent=1988"}],"wp:term":[{"taxonomy":"category","embeddable":true,"href":"https:\/\/dicodusport.fr\/blog\/wp-json\/wp\/v2\/categories?post=1988"},{"taxonomy":"post_tag","embeddable":true,"href":"https:\/\/dicodusport.fr\/blog\/wp-json\/wp\/v2\/tags?post=1988"}],"curies":[{"name":"wp","href":"https:\/\/api.w.org\/{rel}","templated":true}]}}