{"id":198887,"date":"2022-02-10T10:10:36","date_gmt":"2022-02-10T09:10:36","guid":{"rendered":"https:\/\/dicodusport.fr\/blog\/?p=198887&#038;preview=true&#038;preview_id=198887"},"modified":"2022-02-10T10:10:36","modified_gmt":"2022-02-10T09:10:36","slug":"alexis-pinturault-je-suis-desole","status":"publish","type":"post","link":"https:\/\/dicodusport.fr\/blog\/alexis-pinturault-je-suis-desole\/","title":{"rendered":"Alexis Pinturault : \u00ab\u00a0Je suis d\u00e9sol\u00e9\u00a0\u00bb"},"content":{"rendered":"<p style=\"text-align: justify;\"><em><b>JO P\u00c9KIN 2022 &#8211; SKI ALPIN &#8211; Alexis Pinturault est pass\u00e9 \u00e0 c\u00f4t\u00e9 de l&rsquo;or olympique en combin\u00e9 alpin. E<\/b><\/em><em><b>t comme un malheur ne vient jamais seul, le Tricolore s&rsquo;est bless\u00e9 \u00e0 l&rsquo;\u00e9paule.\u00a0<\/b><\/em><\/p>\n<p style=\"text-align: justify;\">Il n&rsquo;avait plus rien \u00e0 perdre. Il a tout tent\u00e9 sur le slalom, mais est parti \u00e0 la faute. Au micro de <em>France T\u00e9l\u00e9visions<\/em>, <strong>Alexis Pinturault<\/strong> est revenu sur sa performance du jour.<\/p>\n<blockquote>\n<p style=\"text-align: justify;\">Je suis d\u00e9sol\u00e9&#8230; (il s&rsquo;effondre en larmes). Je pense que je fais une grosse erreur \u00e0 la descente qui me co\u00fbte cher. Derri\u00e8re, j&rsquo;ai le couteau sous la gorge, il ne me reste qu&rsquo;une seule option, je tente le tout pour le tout. J&rsquo;attaque et je me fais coincer dans une double serr\u00e9e, je balance les pieds et le ski me renvoie vers l&rsquo;avant, ce qui me fait retomber sur le coude. Sur le slalom il n&rsquo;y a pas de bilan \u00e0 faire, ni n\u00e9gatif ni positif. Je n&rsquo;avais plus le choix, la seule solution c&rsquo;\u00e9tait d&rsquo;attaquer au maximum.<\/p>\n<\/blockquote>\n<p style=\"text-align: justify;\">Le vainqueur du gros globe de cristal 2021 a aussi confirm\u00e9 <a href=\"https:\/\/dicodusport.fr\/blog\/jo-pekin-alexis-pinturault-blesse-a-lepaule-apres-sa-chute-sur-le-combine\/\" target=\"_blank\" rel=\"noopener\">qu&rsquo;il \u00e9tait bless\u00e9 \u00e0 l&rsquo;\u00e9paule<\/a>, mais qu&rsquo;il esp\u00e9rait \u00eatre au d\u00e9part du g\u00e9ant dimanche.<\/p>\n<blockquote>\n<p style=\"text-align: justify;\">J&rsquo;esp\u00e8re avoir des r\u00e9ponses avec le bilan m\u00e9dical. Je suis plut\u00f4t optimiste quant \u00e0 ma possibilit\u00e9 d&rsquo;\u00eatre au d\u00e9part du g\u00e9ant. Mais sur ma possibilit\u00e9 d&rsquo;\u00eatre \u00e0 100 % je ne peux pas r\u00e9pondre maintenant.<\/p>\n<\/blockquote>\n<blockquote class=\"twitter-tweet\">\n<p dir=\"ltr\" lang=\"fr\">&#x1f622;C\u2019est la saison des regrets.<br \/>\n&#x1f1eb;&#x1f1f7; Flamboyant il y a \u00e0 peine un an quand il s\u2019adjugeait avec autorit\u00e9 le gros Globe de la Coupe du monde, Alexis Pinturault a perdu de sa superbe <a href=\"https:\/\/twitter.com\/hashtag\/BEIJING2022?src=hash&amp;ref_src=twsrc%5Etfw\">#BEIJING2022<\/a> <a href=\"https:\/\/twitter.com\/hashtag\/Pekin2022?src=hash&amp;ref_src=twsrc%5Etfw\">#Pekin2022<\/a><a href=\"https:\/\/t.co\/ypvowaDZYz\">https:\/\/t.co\/ypvowaDZYz<\/a><\/p>\n<p>\u2014 francetvsport (@francetvsport) <a href=\"https:\/\/twitter.com\/francetvsport\/status\/1491689776940040196?ref_src=twsrc%5Etfw\">February 10, 2022<\/a><\/p><\/blockquote>\n<p style=\"text-align: justify;\"><script async src=\"https:\/\/platform.twitter.com\/widgets.js\" charset=\"utf-8\"><\/script><\/p>\n<p style=\"text-align: justify;\">\n","protected":false},"excerpt":{"rendered":"<p>JO P\u00c9KIN 2022 &#8211; SKI ALPIN &#8211; Alexis Pinturault est pass\u00e9 \u00e0 c\u00f4t\u00e9 de l&rsquo;or olympique en combin\u00e9 alpin. Et comme un malheur ne vient jamais seul, le Tricolore s&rsquo;est bless\u00e9 \u00e0 l&rsquo;\u00e9paule.\u00a0<\/p>\n","protected":false},"author":1,"featured_media":198890,"comment_status":"open","ping_status":"closed","sticky":false,"template":"","format":"standard","meta":{"_acf_changed":false,"_daextam_enable_autolinks":"","footnotes":""},"categories":[20104],"tags":[2806,21641,3328],"class_list":["post-198887","post","type-post","status-publish","format-standard","has-post-thumbnail","hentry","category-jo-hiver-pekin-2022","tag-alexis-pinturault","tag-jeux-olympiques-de-pekin","tag-pinturault"],"acf":[],"yoast_head":"<!-- This site is optimized with the Yoast SEO Premium plugin v26.7 (Yoast SEO v26.7) - https:\/\/yoast.com\/wordpress\/plugins\/seo\/ -->\n<title>Alexis Pinturault : &quot;Je suis d\u00e9sol\u00e9&quot;<\/title>\n<meta name=\"description\" content=\"JO P\u00c9KIN 2022 - SKI ALPIN - Alexis Pinturault est pass\u00e9 \u00e0 c\u00f4t\u00e9 de l&#039;or olympique en combin\u00e9 alpin ce jeudi, \u00e0 P\u00e9kin.\" \/>\n<meta name=\"robots\" content=\"index, follow, max-snippet:-1, max-image-preview:large, max-video-preview:-1\" \/>\n<link rel=\"canonical\" href=\"https:\/\/dicodusport.fr\/blog\/alexis-pinturault-je-suis-desole\/\" \/>\n<meta property=\"og:locale\" content=\"fr_FR\" \/>\n<meta property=\"og:type\" content=\"article\" \/>\n<meta property=\"og:title\" content=\"Alexis Pinturault : &quot;Je suis d\u00e9sol\u00e9&quot;\" \/>\n<meta property=\"og:description\" content=\"JO P\u00c9KIN 2022 - SKI ALPIN - Alexis Pinturault est pass\u00e9 \u00e0 c\u00f4t\u00e9 de l&#039;or olympique en combin\u00e9 alpin ce jeudi, \u00e0 P\u00e9kin.\" \/>\n<meta property=\"og:url\" content=\"https:\/\/dicodusport.fr\/blog\/alexis-pinturault-je-suis-desole\/\" \/>\n<meta property=\"og:site_name\" content=\"Dicodusport\" \/>\n<meta property=\"article:publisher\" content=\"https:\/\/www.facebook.com\/dicodusport\" \/>\n<meta property=\"article:author\" content=\"https:\/\/www.facebook.com\/dicodusport\" \/>\n<meta property=\"article:published_time\" content=\"2022-02-10T09:10:36+00:00\" \/>\n<meta property=\"og:image\" content=\"https:\/\/dicodusport.fr\/blog\/wp-content\/uploads\/2022\/02\/Alexis-Pinturault-Je-suis-de\u0301sole\u0301.png\" \/>\n\t<meta property=\"og:image:width\" content=\"800\" \/>\n\t<meta property=\"og:image:height\" content=\"445\" \/>\n\t<meta property=\"og:image:type\" content=\"image\/png\" \/>\n<meta name=\"author\" content=\"Nicolas Jacquemard\" \/>\n<meta name=\"twitter:card\" content=\"summary_large_image\" \/>\n<meta name=\"twitter:title\" content=\"Alexis Pinturault : &quot;Je suis d\u00e9sol\u00e9&quot;\" \/>\n<meta name=\"twitter:creator\" content=\"@https:\/\/twitter.com\/Nico_Jacquemard\" \/>\n<meta name=\"twitter:site\" content=\"@dicodusport\" \/>\n<script type=\"application\/ld+json\" class=\"yoast-schema-graph\">{\"@context\":\"https:\/\/schema.org\",\"@graph\":[{\"@type\":\"NewsArticle\",\"@id\":\"https:\/\/dicodusport.fr\/blog\/alexis-pinturault-je-suis-desole\/#article\",\"isPartOf\":{\"@id\":\"https:\/\/dicodusport.fr\/blog\/alexis-pinturault-je-suis-desole\/\"},\"author\":{\"name\":\"Nicolas Jacquemard\",\"@id\":\"https:\/\/dicodusport.fr\/blog\/#\/schema\/person\/55dcb50ad410894e431ed812bbb70191\"},\"headline\":\"Alexis Pinturault : \u00ab\u00a0Je suis d\u00e9sol\u00e9\u00a0\u00bb\",\"datePublished\":\"2022-02-10T09:10:36+00:00\",\"mainEntityOfPage\":{\"@id\":\"https:\/\/dicodusport.fr\/blog\/alexis-pinturault-je-suis-desole\/\"},\"wordCount\":308,\"commentCount\":0,\"publisher\":{\"@id\":\"https:\/\/dicodusport.fr\/blog\/#organization\"},\"image\":{\"@id\":\"https:\/\/dicodusport.fr\/blog\/alexis-pinturault-je-suis-desole\/#primaryimage\"},\"thumbnailUrl\":\"https:\/\/dicodusport.fr\/blog\/wp-content\/uploads\/2022\/02\/Alexis-Pinturault-Je-suis-de\u0301sole\u0301.png\",\"keywords\":[\"Alexis Pinturault\",\"Jeux Olympiques de P\u00e9kin\",\"Pinturault\"],\"articleSection\":[\"JO d'hiver P\u00e9kin 2022\"],\"inLanguage\":\"fr-FR\",\"potentialAction\":[{\"@type\":\"CommentAction\",\"name\":\"Comment\",\"target\":[\"https:\/\/dicodusport.fr\/blog\/alexis-pinturault-je-suis-desole\/#respond\"]}],\"copyrightYear\":\"2022\",\"copyrightHolder\":{\"@id\":\"https:\/\/dicodusport.fr\/blog\/#organization\"}},{\"@type\":\"WebPage\",\"@id\":\"https:\/\/dicodusport.fr\/blog\/alexis-pinturault-je-suis-desole\/\",\"url\":\"https:\/\/dicodusport.fr\/blog\/alexis-pinturault-je-suis-desole\/\",\"name\":\"Alexis Pinturault : \\\"Je suis d\u00e9sol\u00e9\\\"\",\"isPartOf\":{\"@id\":\"https:\/\/dicodusport.fr\/blog\/#website\"},\"primaryImageOfPage\":{\"@id\":\"https:\/\/dicodusport.fr\/blog\/alexis-pinturault-je-suis-desole\/#primaryimage\"},\"image\":{\"@id\":\"https:\/\/dicodusport.fr\/blog\/alexis-pinturault-je-suis-desole\/#primaryimage\"},\"thumbnailUrl\":\"https:\/\/dicodusport.fr\/blog\/wp-content\/uploads\/2022\/02\/Alexis-Pinturault-Je-suis-de\u0301sole\u0301.png\",\"datePublished\":\"2022-02-10T09:10:36+00:00\",\"description\":\"JO P\u00c9KIN 2022 - SKI ALPIN - Alexis Pinturault est pass\u00e9 \u00e0 c\u00f4t\u00e9 de l'or olympique en combin\u00e9 alpin ce jeudi, \u00e0 P\u00e9kin.\",\"breadcrumb\":{\"@id\":\"https:\/\/dicodusport.fr\/blog\/alexis-pinturault-je-suis-desole\/#breadcrumb\"},\"inLanguage\":\"fr-FR\",\"potentialAction\":[{\"@type\":\"ReadAction\",\"target\":[\"https:\/\/dicodusport.fr\/blog\/alexis-pinturault-je-suis-desole\/\"]}]},{\"@type\":\"ImageObject\",\"inLanguage\":\"fr-FR\",\"@id\":\"https:\/\/dicodusport.fr\/blog\/alexis-pinturault-je-suis-desole\/#primaryimage\",\"url\":\"https:\/\/dicodusport.fr\/blog\/wp-content\/uploads\/2022\/02\/Alexis-Pinturault-Je-suis-de\u0301sole\u0301.png\",\"contentUrl\":\"https:\/\/dicodusport.fr\/blog\/wp-content\/uploads\/2022\/02\/Alexis-Pinturault-Je-suis-de\u0301sole\u0301.png\",\"width\":800,\"height\":445},{\"@type\":\"BreadcrumbList\",\"@id\":\"https:\/\/dicodusport.fr\/blog\/alexis-pinturault-je-suis-desole\/#breadcrumb\",\"itemListElement\":[{\"@type\":\"ListItem\",\"position\":1,\"name\":\"Accueil\",\"item\":\"https:\/\/dicodusport.fr\/blog\/\"},{\"@type\":\"ListItem\",\"position\":2,\"name\":\"Alexis Pinturault : \u00ab\u00a0Je suis d\u00e9sol\u00e9\u00a0\u00bb\"}]},{\"@type\":\"WebSite\",\"@id\":\"https:\/\/dicodusport.fr\/blog\/#website\",\"url\":\"https:\/\/dicodusport.fr\/blog\/\",\"name\":\"Dicodusport\",\"description\":\"L&#039;encyclop\u00e9die de l&#039;actualit\u00e9 sportive\",\"publisher\":{\"@id\":\"https:\/\/dicodusport.fr\/blog\/#organization\"},\"potentialAction\":[{\"@type\":\"SearchAction\",\"target\":{\"@type\":\"EntryPoint\",\"urlTemplate\":\"https:\/\/dicodusport.fr\/blog\/?s={search_term_string}\"},\"query-input\":{\"@type\":\"PropertyValueSpecification\",\"valueRequired\":true,\"valueName\":\"search_term_string\"}}],\"inLanguage\":\"fr-FR\"},{\"@type\":\"NewsMediaOrganization\",\"@id\":\"https:\/\/dicodusport.fr\/blog\/#organization\",\"name\":\"Dicodusport\",\"url\":\"https:\/\/dicodusport.fr\/blog\/\",\"logo\":{\"@type\":\"ImageObject\",\"inLanguage\":\"fr-FR\",\"@id\":\"https:\/\/dicodusport.fr\/blog\/#\/schema\/logo\/image\/\",\"url\":\"https:\/\/dicodusport.fr\/blog\/wp-content\/uploads\/2020\/06\/cropped-LOGO-DICODUSPORT-2020-SANS-FOND-SANS-TEXTE.png\",\"contentUrl\":\"https:\/\/dicodusport.fr\/blog\/wp-content\/uploads\/2020\/06\/cropped-LOGO-DICODUSPORT-2020-SANS-FOND-SANS-TEXTE.png\",\"width\":512,\"height\":512,\"caption\":\"Dicodusport\"},\"image\":{\"@id\":\"https:\/\/dicodusport.fr\/blog\/#\/schema\/logo\/image\/\"},\"sameAs\":[\"https:\/\/www.facebook.com\/dicodusport\",\"https:\/\/x.com\/dicodusport\",\"https:\/\/www.instagram.com\/dicodusport\/\",\"https:\/\/www.youtube.com\/channel\/UC7V2KZ5sd3htJivAbA4ZG3w\"],\"description\":\"Dicodusport est l'encyclop\u00e9die de l'actualit\u00e9 sportive.\",\"email\":\"bonjour@dicodusport.fr\",\"legalName\":\"DICODUSPORT\",\"foundingDate\":\"2018-01-14\",\"vatID\":\"FR71834470973\",\"taxID\":\"83447097300043\",\"numberOfEmployees\":{\"@type\":\"QuantitativeValue\",\"minValue\":\"1\",\"maxValue\":\"10\"}},{\"@type\":\"Person\",\"@id\":\"https:\/\/dicodusport.fr\/blog\/#\/schema\/person\/55dcb50ad410894e431ed812bbb70191\",\"name\":\"Nicolas Jacquemard\",\"image\":{\"@type\":\"ImageObject\",\"inLanguage\":\"fr-FR\",\"@id\":\"https:\/\/dicodusport.fr\/blog\/#\/schema\/person\/image\/\",\"url\":\"https:\/\/dicodusport.fr\/blog\/wp-content\/uploads\/2021\/05\/Nicolas-Jacquemard-150x150.jpeg\",\"contentUrl\":\"https:\/\/dicodusport.fr\/blog\/wp-content\/uploads\/2021\/05\/Nicolas-Jacquemard-150x150.jpeg\",\"caption\":\"Nicolas Jacquemard\"},\"description\":\"Passionn\u00e9 de sport et entrepreneur depuis mes 18 ans, la cr\u00e9ation de Dicodusport m'a sembl\u00e9 \u00e9vidente pour participer \u00e0 la m\u00e9diatisation d'un plus grand nombre de sports. Le chemin est long mais avec une \u00e9quipe des plus motiv\u00e9es et les Jeux Olympiques de Paris 2024 en point de mire, nous y arriverons ! Journaliste dans le monde du sport depuis plus de 5 ans, je traite aussi bien de football, de rugby, de biathlon que de cyclisme.\",\"sameAs\":[\"https:\/\/www.facebook.com\/dicodusport\",\"https:\/\/x.com\/https:\/\/twitter.com\/Nico_Jacquemard\"],\"url\":\"https:\/\/dicodusport.fr\/blog\/author\/dicodusport\/\"}]}<\/script>\n<!-- \/ Yoast SEO Premium plugin. -->","yoast_head_json":{"title":"Alexis Pinturault : \"Je suis d\u00e9sol\u00e9\"","description":"JO P\u00c9KIN 2022 - SKI ALPIN - Alexis Pinturault est pass\u00e9 \u00e0 c\u00f4t\u00e9 de l'or olympique en combin\u00e9 alpin ce jeudi, \u00e0 P\u00e9kin.","robots":{"index":"index","follow":"follow","max-snippet":"max-snippet:-1","max-image-preview":"max-image-preview:large","max-video-preview":"max-video-preview:-1"},"canonical":"https:\/\/dicodusport.fr\/blog\/alexis-pinturault-je-suis-desole\/","og_locale":"fr_FR","og_type":"article","og_title":"Alexis Pinturault : \"Je suis d\u00e9sol\u00e9\"","og_description":"JO P\u00c9KIN 2022 - SKI ALPIN - Alexis Pinturault est pass\u00e9 \u00e0 c\u00f4t\u00e9 de l'or olympique en combin\u00e9 alpin ce jeudi, \u00e0 P\u00e9kin.","og_url":"https:\/\/dicodusport.fr\/blog\/alexis-pinturault-je-suis-desole\/","og_site_name":"Dicodusport","article_publisher":"https:\/\/www.facebook.com\/dicodusport","article_author":"https:\/\/www.facebook.com\/dicodusport","article_published_time":"2022-02-10T09:10:36+00:00","og_image":[{"width":800,"height":445,"url":"https:\/\/dicodusport.fr\/blog\/wp-content\/uploads\/2022\/02\/Alexis-Pinturault-Je-suis-de\u0301sole\u0301.png","type":"image\/png"}],"author":"Nicolas Jacquemard","twitter_card":"summary_large_image","twitter_title":"Alexis Pinturault : \"Je suis d\u00e9sol\u00e9\"","twitter_creator":"@https:\/\/twitter.com\/Nico_Jacquemard","twitter_site":"@dicodusport","schema":{"@context":"https:\/\/schema.org","@graph":[{"@type":"NewsArticle","@id":"https:\/\/dicodusport.fr\/blog\/alexis-pinturault-je-suis-desole\/#article","isPartOf":{"@id":"https:\/\/dicodusport.fr\/blog\/alexis-pinturault-je-suis-desole\/"},"author":{"name":"Nicolas Jacquemard","@id":"https:\/\/dicodusport.fr\/blog\/#\/schema\/person\/55dcb50ad410894e431ed812bbb70191"},"headline":"Alexis Pinturault : \u00ab\u00a0Je suis d\u00e9sol\u00e9\u00a0\u00bb","datePublished":"2022-02-10T09:10:36+00:00","mainEntityOfPage":{"@id":"https:\/\/dicodusport.fr\/blog\/alexis-pinturault-je-suis-desole\/"},"wordCount":308,"commentCount":0,"publisher":{"@id":"https:\/\/dicodusport.fr\/blog\/#organization"},"image":{"@id":"https:\/\/dicodusport.fr\/blog\/alexis-pinturault-je-suis-desole\/#primaryimage"},"thumbnailUrl":"https:\/\/dicodusport.fr\/blog\/wp-content\/uploads\/2022\/02\/Alexis-Pinturault-Je-suis-de\u0301sole\u0301.png","keywords":["Alexis Pinturault","Jeux Olympiques de P\u00e9kin","Pinturault"],"articleSection":["JO d'hiver P\u00e9kin 2022"],"inLanguage":"fr-FR","potentialAction":[{"@type":"CommentAction","name":"Comment","target":["https:\/\/dicodusport.fr\/blog\/alexis-pinturault-je-suis-desole\/#respond"]}],"copyrightYear":"2022","copyrightHolder":{"@id":"https:\/\/dicodusport.fr\/blog\/#organization"}},{"@type":"WebPage","@id":"https:\/\/dicodusport.fr\/blog\/alexis-pinturault-je-suis-desole\/","url":"https:\/\/dicodusport.fr\/blog\/alexis-pinturault-je-suis-desole\/","name":"Alexis Pinturault : \"Je suis d\u00e9sol\u00e9\"","isPartOf":{"@id":"https:\/\/dicodusport.fr\/blog\/#website"},"primaryImageOfPage":{"@id":"https:\/\/dicodusport.fr\/blog\/alexis-pinturault-je-suis-desole\/#primaryimage"},"image":{"@id":"https:\/\/dicodusport.fr\/blog\/alexis-pinturault-je-suis-desole\/#primaryimage"},"thumbnailUrl":"https:\/\/dicodusport.fr\/blog\/wp-content\/uploads\/2022\/02\/Alexis-Pinturault-Je-suis-de\u0301sole\u0301.png","datePublished":"2022-02-10T09:10:36+00:00","description":"JO P\u00c9KIN 2022 - SKI ALPIN - Alexis Pinturault est pass\u00e9 \u00e0 c\u00f4t\u00e9 de l'or olympique en combin\u00e9 alpin ce jeudi, \u00e0 P\u00e9kin.","breadcrumb":{"@id":"https:\/\/dicodusport.fr\/blog\/alexis-pinturault-je-suis-desole\/#breadcrumb"},"inLanguage":"fr-FR","potentialAction":[{"@type":"ReadAction","target":["https:\/\/dicodusport.fr\/blog\/alexis-pinturault-je-suis-desole\/"]}]},{"@type":"ImageObject","inLanguage":"fr-FR","@id":"https:\/\/dicodusport.fr\/blog\/alexis-pinturault-je-suis-desole\/#primaryimage","url":"https:\/\/dicodusport.fr\/blog\/wp-content\/uploads\/2022\/02\/Alexis-Pinturault-Je-suis-de\u0301sole\u0301.png","contentUrl":"https:\/\/dicodusport.fr\/blog\/wp-content\/uploads\/2022\/02\/Alexis-Pinturault-Je-suis-de\u0301sole\u0301.png","width":800,"height":445},{"@type":"BreadcrumbList","@id":"https:\/\/dicodusport.fr\/blog\/alexis-pinturault-je-suis-desole\/#breadcrumb","itemListElement":[{"@type":"ListItem","position":1,"name":"Accueil","item":"https:\/\/dicodusport.fr\/blog\/"},{"@type":"ListItem","position":2,"name":"Alexis Pinturault : \u00ab\u00a0Je suis d\u00e9sol\u00e9\u00a0\u00bb"}]},{"@type":"WebSite","@id":"https:\/\/dicodusport.fr\/blog\/#website","url":"https:\/\/dicodusport.fr\/blog\/","name":"Dicodusport","description":"L&#039;encyclop\u00e9die de l&#039;actualit\u00e9 sportive","publisher":{"@id":"https:\/\/dicodusport.fr\/blog\/#organization"},"potentialAction":[{"@type":"SearchAction","target":{"@type":"EntryPoint","urlTemplate":"https:\/\/dicodusport.fr\/blog\/?s={search_term_string}"},"query-input":{"@type":"PropertyValueSpecification","valueRequired":true,"valueName":"search_term_string"}}],"inLanguage":"fr-FR"},{"@type":"NewsMediaOrganization","@id":"https:\/\/dicodusport.fr\/blog\/#organization","name":"Dicodusport","url":"https:\/\/dicodusport.fr\/blog\/","logo":{"@type":"ImageObject","inLanguage":"fr-FR","@id":"https:\/\/dicodusport.fr\/blog\/#\/schema\/logo\/image\/","url":"https:\/\/dicodusport.fr\/blog\/wp-content\/uploads\/2020\/06\/cropped-LOGO-DICODUSPORT-2020-SANS-FOND-SANS-TEXTE.png","contentUrl":"https:\/\/dicodusport.fr\/blog\/wp-content\/uploads\/2020\/06\/cropped-LOGO-DICODUSPORT-2020-SANS-FOND-SANS-TEXTE.png","width":512,"height":512,"caption":"Dicodusport"},"image":{"@id":"https:\/\/dicodusport.fr\/blog\/#\/schema\/logo\/image\/"},"sameAs":["https:\/\/www.facebook.com\/dicodusport","https:\/\/x.com\/dicodusport","https:\/\/www.instagram.com\/dicodusport\/","https:\/\/www.youtube.com\/channel\/UC7V2KZ5sd3htJivAbA4ZG3w"],"description":"Dicodusport est l'encyclop\u00e9die de l'actualit\u00e9 sportive.","email":"bonjour@dicodusport.fr","legalName":"DICODUSPORT","foundingDate":"2018-01-14","vatID":"FR71834470973","taxID":"83447097300043","numberOfEmployees":{"@type":"QuantitativeValue","minValue":"1","maxValue":"10"}},{"@type":"Person","@id":"https:\/\/dicodusport.fr\/blog\/#\/schema\/person\/55dcb50ad410894e431ed812bbb70191","name":"Nicolas Jacquemard","image":{"@type":"ImageObject","inLanguage":"fr-FR","@id":"https:\/\/dicodusport.fr\/blog\/#\/schema\/person\/image\/","url":"https:\/\/dicodusport.fr\/blog\/wp-content\/uploads\/2021\/05\/Nicolas-Jacquemard-150x150.jpeg","contentUrl":"https:\/\/dicodusport.fr\/blog\/wp-content\/uploads\/2021\/05\/Nicolas-Jacquemard-150x150.jpeg","caption":"Nicolas Jacquemard"},"description":"Passionn\u00e9 de sport et entrepreneur depuis mes 18 ans, la cr\u00e9ation de Dicodusport m'a sembl\u00e9 \u00e9vidente pour participer \u00e0 la m\u00e9diatisation d'un plus grand nombre de sports. Le chemin est long mais avec une \u00e9quipe des plus motiv\u00e9es et les Jeux Olympiques de Paris 2024 en point de mire, nous y arriverons ! Journaliste dans le monde du sport depuis plus de 5 ans, je traite aussi bien de football, de rugby, de biathlon que de cyclisme.","sameAs":["https:\/\/www.facebook.com\/dicodusport","https:\/\/x.com\/https:\/\/twitter.com\/Nico_Jacquemard"],"url":"https:\/\/dicodusport.fr\/blog\/author\/dicodusport\/"}]}},"_links":{"self":[{"href":"https:\/\/dicodusport.fr\/blog\/wp-json\/wp\/v2\/posts\/198887","targetHints":{"allow":["GET"]}}],"collection":[{"href":"https:\/\/dicodusport.fr\/blog\/wp-json\/wp\/v2\/posts"}],"about":[{"href":"https:\/\/dicodusport.fr\/blog\/wp-json\/wp\/v2\/types\/post"}],"author":[{"embeddable":true,"href":"https:\/\/dicodusport.fr\/blog\/wp-json\/wp\/v2\/users\/1"}],"replies":[{"embeddable":true,"href":"https:\/\/dicodusport.fr\/blog\/wp-json\/wp\/v2\/comments?post=198887"}],"version-history":[{"count":0,"href":"https:\/\/dicodusport.fr\/blog\/wp-json\/wp\/v2\/posts\/198887\/revisions"}],"wp:featuredmedia":[{"embeddable":true,"href":"https:\/\/dicodusport.fr\/blog\/wp-json\/wp\/v2\/media\/198890"}],"wp:attachment":[{"href":"https:\/\/dicodusport.fr\/blog\/wp-json\/wp\/v2\/media?parent=198887"}],"wp:term":[{"taxonomy":"category","embeddable":true,"href":"https:\/\/dicodusport.fr\/blog\/wp-json\/wp\/v2\/categories?post=198887"},{"taxonomy":"post_tag","embeddable":true,"href":"https:\/\/dicodusport.fr\/blog\/wp-json\/wp\/v2\/tags?post=198887"}],"curies":[{"name":"wp","href":"https:\/\/api.w.org\/{rel}","templated":true}]}}