{"id":199195,"date":"2022-02-11T05:12:27","date_gmt":"2022-02-11T04:12:27","guid":{"rendered":"https:\/\/dicodusport.fr\/blog\/?p=199195&#038;preview=true&#038;preview_id=199195"},"modified":"2022-02-11T05:27:31","modified_gmt":"2022-02-11T04:27:31","slug":"jo-pekin-2022-ski-alpin-lara-gut-behrami-championne-olympique-du-super-g","status":"publish","type":"post","link":"https:\/\/dicodusport.fr\/blog\/jo-pekin-2022-ski-alpin-lara-gut-behrami-championne-olympique-du-super-g\/","title":{"rendered":"JO P\u00e9kin 2022 &#8211; Ski Alpin : Lara Gut-Behrami championne olympique du Super-G"},"content":{"rendered":"<p style=\"text-align: justify;\"><strong><em><a href=\"https:\/\/dicodusport.fr\/blog\/ski-alpin-jo-pekin-2022-programme-resultats-medailles\/\">JO P\u00c9KIN 2022<b> <\/b> &#8211; SKI ALPIN<\/a> &#8211; La Suissesse Lara Gut-Behrami a remport\u00e9 le titre de championne olympique du Super-G vendredi matin sur la piste de Yanqing. Elle a devanc\u00e9 Mirjam Puchner et sa compatriote Michelle Gisin. Premi\u00e8re Fran\u00e7aise, Romane Miradoli se classe 11\u00e8me.<br \/>\n<\/em><\/strong><\/p>\n<h2 style=\"text-align: justify;\"><strong>Lara Gut-Behrami<\/strong> enfin sacr\u00e9e<\/h2>\n<p style=\"text-align: justify;\">Quatri\u00e8me des deux derniers Super-G olympiques,<strong> Lara Gut-Behrami<\/strong> a superbement taill\u00e9 les courbes dans le canyon pour glaner la m\u00e9daille d&rsquo;or avec un temps de 1:13.51. La skieuse tessinoise a \u00e9t\u00e9 cherch\u00e9 sa deuxi\u00e8me m\u00e9daille \u00e0 P\u00e9kin apr\u00e8s le bronze en g\u00e9ant. De plus, Lara Gut-Behrami a \u00e9t\u00e9 cherch\u00e9e le premier titre olympique pour la Suisse dans la discipline, elle qui est \u00e9galement la championne du monde en titre. La Conf\u00e9d\u00e9ration Helv\u00e9tique n&rsquo;avait alors qu&rsquo;une seule breloque avec l&rsquo;argent de Michela Figini \u00e0 Calgary en 1988.<\/p>\n<p style=\"text-align: justify;\">Ensuite, <strong>Mirjam Puchner<\/strong> a laiss\u00e9 parler sa science de la glisse dans la derni\u00e8re portion de la piste sur le plat pour prendre la m\u00e9daille d&rsquo;argent \u00e0 22 centi\u00e8mes. Puchner a \u00e9t\u00e9 cherch\u00e9e la 10e m\u00e9daille olympique pour l&rsquo;Autriche sur un Super-G olympique. Avec son dossard num\u00e9ro 4, <strong>Michelle Gisin<\/strong> a compl\u00e9t\u00e9 le podium \u00e0 30 centi\u00e8mes devant <strong>Tamara Tippler<\/strong> (4e \u00e0 0.33). Cette derni\u00e8re a rat\u00e9 le podium pour seulement trois centi\u00e8mes.<\/p>\n<p style=\"text-align: justify;\">La tenante du titre <strong>Ester Ledeck\u00e1<\/strong> a fini 5e \u00e0 43 centi\u00e8mes devant <strong>Ragnhild Mowinckel<\/strong> (6e \u00e0 0.58) et la meilleure des Italiennes, <strong>Federica Brignone<\/strong> (7e \u00e0 0.66).<\/p>\n<h2 style=\"text-align: justify;\">Une course \u00e0 oublier pour les Bleues<\/h2>\n<p style=\"text-align: justify;\">\u00c9limin\u00e9e en premi\u00e8re manche sur le g\u00e9ant et le slalom, <strong>Mikaela Shiffrin<\/strong> ne s&rsquo;est pas rassur\u00e9e avec beaucoup de petites fautes au 9e rang \u00e0 0.79. <strong>Romane Miradoli<\/strong> a couru proprement mais \u00e0 90 centi\u00e8mes de Gut-Behrami avec le 11e temps.<\/p>\n<p style=\"text-align: justify;\">Du c\u00f4t\u00e9 des autres fran\u00e7aises, <strong>Tessa Worley<\/strong> est pass\u00e9e \u00e0 c\u00f4t\u00e9 de sa course en \u00e9tant \u00e0 l&rsquo;arr\u00eat sur le haut \u00e0 1.79 (19e). <strong>Laura Gauch\u00e9<\/strong> n&rsquo;a pas r\u00e9ussi \u00e0 dompter ce trac\u00e9 tr\u00e8s rapide \u00e0 1.36 (16e). <strong>Tiffany Gautier<\/strong> a termin\u00e9 \u00e0 2.69.<\/p>\n<ul>\n<li style=\"text-align: justify;\"><a href=\"https:\/\/dicodusport.fr\/blog\/ski-alpin-jo-pekin-2022-classement-super-g-femmes\/\"><strong>Le classement du Super-G femmes des JO de P\u00e9kin 2022<\/strong><\/a><\/li>\n<\/ul>\n","protected":false},"excerpt":{"rendered":"<p>JO P\u00c9KIN 2022 &#8211; SKI ALPIN &#8211; La Suissesse Lara Gut-Behrami a remport\u00e9 le titre de championne olympique du Super-G vendredi matin sur la piste de Yanqing. Elle a devanc\u00e9 Mirjam Puchner et sa compatriote Michelle Gisin. Premi\u00e8re Fran\u00e7aise, Romane Miradoli se classe 11\u00e8me.<\/p>\n","protected":false},"author":48,"featured_media":199222,"comment_status":"open","ping_status":"closed","sticky":false,"template":"","format":"standard","meta":{"_acf_changed":false,"_daextam_enable_autolinks":"","footnotes":""},"categories":[20104,9217],"tags":[21641,21579],"class_list":["post-199195","post","type-post","status-publish","format-standard","has-post-thumbnail","hentry","category-jo-hiver-pekin-2022","category-ski","tag-jeux-olympiques-de-pekin","tag-ski-alpin-jo-pekin"],"acf":[],"yoast_head":"<!-- This site is optimized with the Yoast SEO Premium plugin v26.7 (Yoast SEO v26.7) - https:\/\/yoast.com\/wordpress\/plugins\/seo\/ -->\n<title>JO P\u00e9kin 2022 - Ski Alpin : Lara Gut-Behrami championne olympique du Super-G<\/title>\n<meta name=\"description\" content=\"JO P\u00c9KIN 2022 - SKI ALPIN - La Suissesse Lara Gut-Behrami a remport\u00e9 le titre de championne olympique du Super-G vendredi matin.\" \/>\n<meta name=\"robots\" content=\"index, follow, max-snippet:-1, max-image-preview:large, max-video-preview:-1\" \/>\n<link rel=\"canonical\" href=\"https:\/\/dicodusport.fr\/blog\/jo-pekin-2022-ski-alpin-lara-gut-behrami-championne-olympique-du-super-g\/\" \/>\n<meta property=\"og:locale\" content=\"fr_FR\" \/>\n<meta property=\"og:type\" content=\"article\" \/>\n<meta property=\"og:title\" content=\"JO P\u00e9kin 2022 - Ski Alpin : Lara Gut-Behrami championne olympique du Super-G\" \/>\n<meta property=\"og:description\" content=\"JO P\u00c9KIN 2022 - SKI ALPIN - La Suissesse Lara Gut-Behrami a remport\u00e9 le titre de championne olympique du Super-G vendredi matin.\" \/>\n<meta property=\"og:url\" content=\"https:\/\/dicodusport.fr\/blog\/jo-pekin-2022-ski-alpin-lara-gut-behrami-championne-olympique-du-super-g\/\" \/>\n<meta property=\"og:site_name\" content=\"Dicodusport\" \/>\n<meta property=\"article:publisher\" content=\"https:\/\/www.facebook.com\/dicodusport\" \/>\n<meta property=\"article:author\" content=\"https:\/\/www.facebook.com\/groups\/LesRoisDuPeloton\" \/>\n<meta property=\"article:published_time\" content=\"2022-02-11T04:12:27+00:00\" \/>\n<meta property=\"article:modified_time\" content=\"2022-02-11T04:27:31+00:00\" \/>\n<meta property=\"og:image\" content=\"https:\/\/dicodusport.fr\/blog\/wp-content\/uploads\/2022\/02\/JO-Pekin-2022-Ski-Alpin-Lara-Gut-Behrami-championne-olympique-du-Super-G.png\" \/>\n\t<meta property=\"og:image:width\" content=\"800\" \/>\n\t<meta property=\"og:image:height\" content=\"445\" \/>\n\t<meta property=\"og:image:type\" content=\"image\/png\" \/>\n<meta name=\"author\" content=\"Emilien Descampiaux\" \/>\n<meta name=\"twitter:card\" content=\"summary_large_image\" \/>\n<meta name=\"twitter:title\" content=\"JO P\u00e9kin 2022 - Ski Alpin : Lara Gut-Behrami championne olympique du Super-G\" \/>\n<meta name=\"twitter:creator\" content=\"@https:\/\/twitter.com\/LRoisDuPeloton\" \/>\n<meta name=\"twitter:site\" content=\"@dicodusport\" \/>\n<script type=\"application\/ld+json\" class=\"yoast-schema-graph\">{\"@context\":\"https:\/\/schema.org\",\"@graph\":[{\"@type\":\"NewsArticle\",\"@id\":\"https:\/\/dicodusport.fr\/blog\/jo-pekin-2022-ski-alpin-lara-gut-behrami-championne-olympique-du-super-g\/#article\",\"isPartOf\":{\"@id\":\"https:\/\/dicodusport.fr\/blog\/jo-pekin-2022-ski-alpin-lara-gut-behrami-championne-olympique-du-super-g\/\"},\"author\":{\"name\":\"Emilien Descampiaux\",\"@id\":\"https:\/\/dicodusport.fr\/blog\/#\/schema\/person\/6db4bae06b171592211be385b32876a7\"},\"headline\":\"JO P\u00e9kin 2022 &#8211; Ski Alpin : Lara Gut-Behrami championne olympique du Super-G\",\"datePublished\":\"2022-02-11T04:12:27+00:00\",\"dateModified\":\"2022-02-11T04:27:31+00:00\",\"mainEntityOfPage\":{\"@id\":\"https:\/\/dicodusport.fr\/blog\/jo-pekin-2022-ski-alpin-lara-gut-behrami-championne-olympique-du-super-g\/\"},\"wordCount\":364,\"commentCount\":0,\"publisher\":{\"@id\":\"https:\/\/dicodusport.fr\/blog\/#organization\"},\"image\":{\"@id\":\"https:\/\/dicodusport.fr\/blog\/jo-pekin-2022-ski-alpin-lara-gut-behrami-championne-olympique-du-super-g\/#primaryimage\"},\"thumbnailUrl\":\"https:\/\/dicodusport.fr\/blog\/wp-content\/uploads\/2022\/02\/JO-Pekin-2022-Ski-Alpin-Lara-Gut-Behrami-championne-olympique-du-Super-G.png\",\"keywords\":[\"Jeux Olympiques de P\u00e9kin\",\"Ski alpin JO P\u00e9kin\"],\"articleSection\":[\"JO d'hiver P\u00e9kin 2022\",\"Ski\"],\"inLanguage\":\"fr-FR\",\"potentialAction\":[{\"@type\":\"CommentAction\",\"name\":\"Comment\",\"target\":[\"https:\/\/dicodusport.fr\/blog\/jo-pekin-2022-ski-alpin-lara-gut-behrami-championne-olympique-du-super-g\/#respond\"]}],\"copyrightYear\":\"2022\",\"copyrightHolder\":{\"@id\":\"https:\/\/dicodusport.fr\/blog\/#organization\"}},{\"@type\":\"WebPage\",\"@id\":\"https:\/\/dicodusport.fr\/blog\/jo-pekin-2022-ski-alpin-lara-gut-behrami-championne-olympique-du-super-g\/\",\"url\":\"https:\/\/dicodusport.fr\/blog\/jo-pekin-2022-ski-alpin-lara-gut-behrami-championne-olympique-du-super-g\/\",\"name\":\"JO P\u00e9kin 2022 - Ski Alpin : Lara Gut-Behrami championne olympique du Super-G\",\"isPartOf\":{\"@id\":\"https:\/\/dicodusport.fr\/blog\/#website\"},\"primaryImageOfPage\":{\"@id\":\"https:\/\/dicodusport.fr\/blog\/jo-pekin-2022-ski-alpin-lara-gut-behrami-championne-olympique-du-super-g\/#primaryimage\"},\"image\":{\"@id\":\"https:\/\/dicodusport.fr\/blog\/jo-pekin-2022-ski-alpin-lara-gut-behrami-championne-olympique-du-super-g\/#primaryimage\"},\"thumbnailUrl\":\"https:\/\/dicodusport.fr\/blog\/wp-content\/uploads\/2022\/02\/JO-Pekin-2022-Ski-Alpin-Lara-Gut-Behrami-championne-olympique-du-Super-G.png\",\"datePublished\":\"2022-02-11T04:12:27+00:00\",\"dateModified\":\"2022-02-11T04:27:31+00:00\",\"description\":\"JO P\u00c9KIN 2022 - SKI ALPIN - La Suissesse Lara Gut-Behrami a remport\u00e9 le titre de championne olympique du Super-G vendredi matin.\",\"breadcrumb\":{\"@id\":\"https:\/\/dicodusport.fr\/blog\/jo-pekin-2022-ski-alpin-lara-gut-behrami-championne-olympique-du-super-g\/#breadcrumb\"},\"inLanguage\":\"fr-FR\",\"potentialAction\":[{\"@type\":\"ReadAction\",\"target\":[\"https:\/\/dicodusport.fr\/blog\/jo-pekin-2022-ski-alpin-lara-gut-behrami-championne-olympique-du-super-g\/\"]}]},{\"@type\":\"ImageObject\",\"inLanguage\":\"fr-FR\",\"@id\":\"https:\/\/dicodusport.fr\/blog\/jo-pekin-2022-ski-alpin-lara-gut-behrami-championne-olympique-du-super-g\/#primaryimage\",\"url\":\"https:\/\/dicodusport.fr\/blog\/wp-content\/uploads\/2022\/02\/JO-Pekin-2022-Ski-Alpin-Lara-Gut-Behrami-championne-olympique-du-Super-G.png\",\"contentUrl\":\"https:\/\/dicodusport.fr\/blog\/wp-content\/uploads\/2022\/02\/JO-Pekin-2022-Ski-Alpin-Lara-Gut-Behrami-championne-olympique-du-Super-G.png\",\"width\":800,\"height\":445,\"caption\":\"JO P\u00e9kin 2022 - Ski Alpin Lara Gut-Behrami championne olympique du Super-G\"},{\"@type\":\"BreadcrumbList\",\"@id\":\"https:\/\/dicodusport.fr\/blog\/jo-pekin-2022-ski-alpin-lara-gut-behrami-championne-olympique-du-super-g\/#breadcrumb\",\"itemListElement\":[{\"@type\":\"ListItem\",\"position\":1,\"name\":\"Accueil\",\"item\":\"https:\/\/dicodusport.fr\/blog\/\"},{\"@type\":\"ListItem\",\"position\":2,\"name\":\"JO P\u00e9kin 2022 &#8211; Ski Alpin : Lara Gut-Behrami championne olympique du Super-G\"}]},{\"@type\":\"WebSite\",\"@id\":\"https:\/\/dicodusport.fr\/blog\/#website\",\"url\":\"https:\/\/dicodusport.fr\/blog\/\",\"name\":\"Dicodusport\",\"description\":\"L&#039;encyclop\u00e9die de l&#039;actualit\u00e9 sportive\",\"publisher\":{\"@id\":\"https:\/\/dicodusport.fr\/blog\/#organization\"},\"potentialAction\":[{\"@type\":\"SearchAction\",\"target\":{\"@type\":\"EntryPoint\",\"urlTemplate\":\"https:\/\/dicodusport.fr\/blog\/?s={search_term_string}\"},\"query-input\":{\"@type\":\"PropertyValueSpecification\",\"valueRequired\":true,\"valueName\":\"search_term_string\"}}],\"inLanguage\":\"fr-FR\"},{\"@type\":\"NewsMediaOrganization\",\"@id\":\"https:\/\/dicodusport.fr\/blog\/#organization\",\"name\":\"Dicodusport\",\"url\":\"https:\/\/dicodusport.fr\/blog\/\",\"logo\":{\"@type\":\"ImageObject\",\"inLanguage\":\"fr-FR\",\"@id\":\"https:\/\/dicodusport.fr\/blog\/#\/schema\/logo\/image\/\",\"url\":\"https:\/\/dicodusport.fr\/blog\/wp-content\/uploads\/2020\/06\/cropped-LOGO-DICODUSPORT-2020-SANS-FOND-SANS-TEXTE.png\",\"contentUrl\":\"https:\/\/dicodusport.fr\/blog\/wp-content\/uploads\/2020\/06\/cropped-LOGO-DICODUSPORT-2020-SANS-FOND-SANS-TEXTE.png\",\"width\":512,\"height\":512,\"caption\":\"Dicodusport\"},\"image\":{\"@id\":\"https:\/\/dicodusport.fr\/blog\/#\/schema\/logo\/image\/\"},\"sameAs\":[\"https:\/\/www.facebook.com\/dicodusport\",\"https:\/\/x.com\/dicodusport\",\"https:\/\/www.instagram.com\/dicodusport\/\",\"https:\/\/www.youtube.com\/channel\/UC7V2KZ5sd3htJivAbA4ZG3w\"],\"description\":\"Dicodusport est l'encyclop\u00e9die de l'actualit\u00e9 sportive.\",\"email\":\"bonjour@dicodusport.fr\",\"legalName\":\"DICODUSPORT\",\"foundingDate\":\"2018-01-14\",\"vatID\":\"FR71834470973\",\"taxID\":\"83447097300043\",\"numberOfEmployees\":{\"@type\":\"QuantitativeValue\",\"minValue\":\"1\",\"maxValue\":\"10\"}},{\"@type\":\"Person\",\"@id\":\"https:\/\/dicodusport.fr\/blog\/#\/schema\/person\/6db4bae06b171592211be385b32876a7\",\"name\":\"Emilien Descampiaux\",\"image\":{\"@type\":\"ImageObject\",\"inLanguage\":\"fr-FR\",\"@id\":\"https:\/\/dicodusport.fr\/blog\/#\/schema\/person\/image\/\",\"url\":\"https:\/\/dicodusport.fr\/blog\/wp-content\/uploads\/2021\/05\/Emilien-Descampiaux-150x150.jpg\",\"contentUrl\":\"https:\/\/dicodusport.fr\/blog\/wp-content\/uploads\/2021\/05\/Emilien-Descampiaux-150x150.jpg\",\"caption\":\"Emilien Descampiaux\"},\"description\":\"Journaliste\/r\u00e9dacteur depuis 2014 - Fan de la classe de Frank Vandenbroucke, je vis cyclisme (et de ses paysages) depuis plus de 20 ans. Je suis tr\u00e8s impliqu\u00e9 sur mes diff\u00e9rents r\u00e9seaux sociaux pour partager ma passion sur le monde et l'Histoire de la bicyclette avec ma voix sur les images en noir et blanc du succ\u00e8s de Rik Van Steenbergen lors du Ronde sur le V\u00e9lodrome de Gand.\",\"sameAs\":[\"https:\/\/www.facebook.com\/groups\/LesRoisDuPeloton\",\"https:\/\/x.com\/https:\/\/twitter.com\/LRoisDuPeloton\"],\"url\":\"https:\/\/dicodusport.fr\/blog\/author\/emiliend\/\"}]}<\/script>\n<!-- \/ Yoast SEO Premium plugin. -->","yoast_head_json":{"title":"JO P\u00e9kin 2022 - Ski Alpin : Lara Gut-Behrami championne olympique du Super-G","description":"JO P\u00c9KIN 2022 - SKI ALPIN - La Suissesse Lara Gut-Behrami a remport\u00e9 le titre de championne olympique du Super-G vendredi matin.","robots":{"index":"index","follow":"follow","max-snippet":"max-snippet:-1","max-image-preview":"max-image-preview:large","max-video-preview":"max-video-preview:-1"},"canonical":"https:\/\/dicodusport.fr\/blog\/jo-pekin-2022-ski-alpin-lara-gut-behrami-championne-olympique-du-super-g\/","og_locale":"fr_FR","og_type":"article","og_title":"JO P\u00e9kin 2022 - Ski Alpin : Lara Gut-Behrami championne olympique du Super-G","og_description":"JO P\u00c9KIN 2022 - SKI ALPIN - La Suissesse Lara Gut-Behrami a remport\u00e9 le titre de championne olympique du Super-G vendredi matin.","og_url":"https:\/\/dicodusport.fr\/blog\/jo-pekin-2022-ski-alpin-lara-gut-behrami-championne-olympique-du-super-g\/","og_site_name":"Dicodusport","article_publisher":"https:\/\/www.facebook.com\/dicodusport","article_author":"https:\/\/www.facebook.com\/groups\/LesRoisDuPeloton","article_published_time":"2022-02-11T04:12:27+00:00","article_modified_time":"2022-02-11T04:27:31+00:00","og_image":[{"width":800,"height":445,"url":"https:\/\/dicodusport.fr\/blog\/wp-content\/uploads\/2022\/02\/JO-Pekin-2022-Ski-Alpin-Lara-Gut-Behrami-championne-olympique-du-Super-G.png","type":"image\/png"}],"author":"Emilien Descampiaux","twitter_card":"summary_large_image","twitter_title":"JO P\u00e9kin 2022 - Ski Alpin : Lara Gut-Behrami championne olympique du Super-G","twitter_creator":"@https:\/\/twitter.com\/LRoisDuPeloton","twitter_site":"@dicodusport","schema":{"@context":"https:\/\/schema.org","@graph":[{"@type":"NewsArticle","@id":"https:\/\/dicodusport.fr\/blog\/jo-pekin-2022-ski-alpin-lara-gut-behrami-championne-olympique-du-super-g\/#article","isPartOf":{"@id":"https:\/\/dicodusport.fr\/blog\/jo-pekin-2022-ski-alpin-lara-gut-behrami-championne-olympique-du-super-g\/"},"author":{"name":"Emilien Descampiaux","@id":"https:\/\/dicodusport.fr\/blog\/#\/schema\/person\/6db4bae06b171592211be385b32876a7"},"headline":"JO P\u00e9kin 2022 &#8211; Ski Alpin : Lara Gut-Behrami championne olympique du Super-G","datePublished":"2022-02-11T04:12:27+00:00","dateModified":"2022-02-11T04:27:31+00:00","mainEntityOfPage":{"@id":"https:\/\/dicodusport.fr\/blog\/jo-pekin-2022-ski-alpin-lara-gut-behrami-championne-olympique-du-super-g\/"},"wordCount":364,"commentCount":0,"publisher":{"@id":"https:\/\/dicodusport.fr\/blog\/#organization"},"image":{"@id":"https:\/\/dicodusport.fr\/blog\/jo-pekin-2022-ski-alpin-lara-gut-behrami-championne-olympique-du-super-g\/#primaryimage"},"thumbnailUrl":"https:\/\/dicodusport.fr\/blog\/wp-content\/uploads\/2022\/02\/JO-Pekin-2022-Ski-Alpin-Lara-Gut-Behrami-championne-olympique-du-Super-G.png","keywords":["Jeux Olympiques de P\u00e9kin","Ski alpin JO P\u00e9kin"],"articleSection":["JO d'hiver P\u00e9kin 2022","Ski"],"inLanguage":"fr-FR","potentialAction":[{"@type":"CommentAction","name":"Comment","target":["https:\/\/dicodusport.fr\/blog\/jo-pekin-2022-ski-alpin-lara-gut-behrami-championne-olympique-du-super-g\/#respond"]}],"copyrightYear":"2022","copyrightHolder":{"@id":"https:\/\/dicodusport.fr\/blog\/#organization"}},{"@type":"WebPage","@id":"https:\/\/dicodusport.fr\/blog\/jo-pekin-2022-ski-alpin-lara-gut-behrami-championne-olympique-du-super-g\/","url":"https:\/\/dicodusport.fr\/blog\/jo-pekin-2022-ski-alpin-lara-gut-behrami-championne-olympique-du-super-g\/","name":"JO P\u00e9kin 2022 - Ski Alpin : Lara Gut-Behrami championne olympique du Super-G","isPartOf":{"@id":"https:\/\/dicodusport.fr\/blog\/#website"},"primaryImageOfPage":{"@id":"https:\/\/dicodusport.fr\/blog\/jo-pekin-2022-ski-alpin-lara-gut-behrami-championne-olympique-du-super-g\/#primaryimage"},"image":{"@id":"https:\/\/dicodusport.fr\/blog\/jo-pekin-2022-ski-alpin-lara-gut-behrami-championne-olympique-du-super-g\/#primaryimage"},"thumbnailUrl":"https:\/\/dicodusport.fr\/blog\/wp-content\/uploads\/2022\/02\/JO-Pekin-2022-Ski-Alpin-Lara-Gut-Behrami-championne-olympique-du-Super-G.png","datePublished":"2022-02-11T04:12:27+00:00","dateModified":"2022-02-11T04:27:31+00:00","description":"JO P\u00c9KIN 2022 - SKI ALPIN - La Suissesse Lara Gut-Behrami a remport\u00e9 le titre de championne olympique du Super-G vendredi matin.","breadcrumb":{"@id":"https:\/\/dicodusport.fr\/blog\/jo-pekin-2022-ski-alpin-lara-gut-behrami-championne-olympique-du-super-g\/#breadcrumb"},"inLanguage":"fr-FR","potentialAction":[{"@type":"ReadAction","target":["https:\/\/dicodusport.fr\/blog\/jo-pekin-2022-ski-alpin-lara-gut-behrami-championne-olympique-du-super-g\/"]}]},{"@type":"ImageObject","inLanguage":"fr-FR","@id":"https:\/\/dicodusport.fr\/blog\/jo-pekin-2022-ski-alpin-lara-gut-behrami-championne-olympique-du-super-g\/#primaryimage","url":"https:\/\/dicodusport.fr\/blog\/wp-content\/uploads\/2022\/02\/JO-Pekin-2022-Ski-Alpin-Lara-Gut-Behrami-championne-olympique-du-Super-G.png","contentUrl":"https:\/\/dicodusport.fr\/blog\/wp-content\/uploads\/2022\/02\/JO-Pekin-2022-Ski-Alpin-Lara-Gut-Behrami-championne-olympique-du-Super-G.png","width":800,"height":445,"caption":"JO P\u00e9kin 2022 - Ski Alpin Lara Gut-Behrami championne olympique du Super-G"},{"@type":"BreadcrumbList","@id":"https:\/\/dicodusport.fr\/blog\/jo-pekin-2022-ski-alpin-lara-gut-behrami-championne-olympique-du-super-g\/#breadcrumb","itemListElement":[{"@type":"ListItem","position":1,"name":"Accueil","item":"https:\/\/dicodusport.fr\/blog\/"},{"@type":"ListItem","position":2,"name":"JO P\u00e9kin 2022 &#8211; Ski Alpin : Lara Gut-Behrami championne olympique du Super-G"}]},{"@type":"WebSite","@id":"https:\/\/dicodusport.fr\/blog\/#website","url":"https:\/\/dicodusport.fr\/blog\/","name":"Dicodusport","description":"L&#039;encyclop\u00e9die de l&#039;actualit\u00e9 sportive","publisher":{"@id":"https:\/\/dicodusport.fr\/blog\/#organization"},"potentialAction":[{"@type":"SearchAction","target":{"@type":"EntryPoint","urlTemplate":"https:\/\/dicodusport.fr\/blog\/?s={search_term_string}"},"query-input":{"@type":"PropertyValueSpecification","valueRequired":true,"valueName":"search_term_string"}}],"inLanguage":"fr-FR"},{"@type":"NewsMediaOrganization","@id":"https:\/\/dicodusport.fr\/blog\/#organization","name":"Dicodusport","url":"https:\/\/dicodusport.fr\/blog\/","logo":{"@type":"ImageObject","inLanguage":"fr-FR","@id":"https:\/\/dicodusport.fr\/blog\/#\/schema\/logo\/image\/","url":"https:\/\/dicodusport.fr\/blog\/wp-content\/uploads\/2020\/06\/cropped-LOGO-DICODUSPORT-2020-SANS-FOND-SANS-TEXTE.png","contentUrl":"https:\/\/dicodusport.fr\/blog\/wp-content\/uploads\/2020\/06\/cropped-LOGO-DICODUSPORT-2020-SANS-FOND-SANS-TEXTE.png","width":512,"height":512,"caption":"Dicodusport"},"image":{"@id":"https:\/\/dicodusport.fr\/blog\/#\/schema\/logo\/image\/"},"sameAs":["https:\/\/www.facebook.com\/dicodusport","https:\/\/x.com\/dicodusport","https:\/\/www.instagram.com\/dicodusport\/","https:\/\/www.youtube.com\/channel\/UC7V2KZ5sd3htJivAbA4ZG3w"],"description":"Dicodusport est l'encyclop\u00e9die de l'actualit\u00e9 sportive.","email":"bonjour@dicodusport.fr","legalName":"DICODUSPORT","foundingDate":"2018-01-14","vatID":"FR71834470973","taxID":"83447097300043","numberOfEmployees":{"@type":"QuantitativeValue","minValue":"1","maxValue":"10"}},{"@type":"Person","@id":"https:\/\/dicodusport.fr\/blog\/#\/schema\/person\/6db4bae06b171592211be385b32876a7","name":"Emilien Descampiaux","image":{"@type":"ImageObject","inLanguage":"fr-FR","@id":"https:\/\/dicodusport.fr\/blog\/#\/schema\/person\/image\/","url":"https:\/\/dicodusport.fr\/blog\/wp-content\/uploads\/2021\/05\/Emilien-Descampiaux-150x150.jpg","contentUrl":"https:\/\/dicodusport.fr\/blog\/wp-content\/uploads\/2021\/05\/Emilien-Descampiaux-150x150.jpg","caption":"Emilien Descampiaux"},"description":"Journaliste\/r\u00e9dacteur depuis 2014 - Fan de la classe de Frank Vandenbroucke, je vis cyclisme (et de ses paysages) depuis plus de 20 ans. Je suis tr\u00e8s impliqu\u00e9 sur mes diff\u00e9rents r\u00e9seaux sociaux pour partager ma passion sur le monde et l'Histoire de la bicyclette avec ma voix sur les images en noir et blanc du succ\u00e8s de Rik Van Steenbergen lors du Ronde sur le V\u00e9lodrome de Gand.","sameAs":["https:\/\/www.facebook.com\/groups\/LesRoisDuPeloton","https:\/\/x.com\/https:\/\/twitter.com\/LRoisDuPeloton"],"url":"https:\/\/dicodusport.fr\/blog\/author\/emiliend\/"}]}},"_links":{"self":[{"href":"https:\/\/dicodusport.fr\/blog\/wp-json\/wp\/v2\/posts\/199195","targetHints":{"allow":["GET"]}}],"collection":[{"href":"https:\/\/dicodusport.fr\/blog\/wp-json\/wp\/v2\/posts"}],"about":[{"href":"https:\/\/dicodusport.fr\/blog\/wp-json\/wp\/v2\/types\/post"}],"author":[{"embeddable":true,"href":"https:\/\/dicodusport.fr\/blog\/wp-json\/wp\/v2\/users\/48"}],"replies":[{"embeddable":true,"href":"https:\/\/dicodusport.fr\/blog\/wp-json\/wp\/v2\/comments?post=199195"}],"version-history":[{"count":0,"href":"https:\/\/dicodusport.fr\/blog\/wp-json\/wp\/v2\/posts\/199195\/revisions"}],"wp:featuredmedia":[{"embeddable":true,"href":"https:\/\/dicodusport.fr\/blog\/wp-json\/wp\/v2\/media\/199222"}],"wp:attachment":[{"href":"https:\/\/dicodusport.fr\/blog\/wp-json\/wp\/v2\/media?parent=199195"}],"wp:term":[{"taxonomy":"category","embeddable":true,"href":"https:\/\/dicodusport.fr\/blog\/wp-json\/wp\/v2\/categories?post=199195"},{"taxonomy":"post_tag","embeddable":true,"href":"https:\/\/dicodusport.fr\/blog\/wp-json\/wp\/v2\/tags?post=199195"}],"curies":[{"name":"wp","href":"https:\/\/api.w.org\/{rel}","templated":true}]}}