{"id":199349,"date":"2022-02-11T15:49:27","date_gmt":"2022-02-11T14:49:27","guid":{"rendered":"https:\/\/dicodusport.fr\/blog\/?p=199349&#038;preview=true&#038;preview_id=199349"},"modified":"2022-02-11T16:12:14","modified_gmt":"2022-02-11T15:12:14","slug":"tour-de-la-provence-2022-elia-viviani-gagne-au-sprint-la-1ere-etape","status":"publish","type":"post","link":"https:\/\/dicodusport.fr\/blog\/tour-de-la-provence-2022-elia-viviani-gagne-au-sprint-la-1ere-etape\/","title":{"rendered":"Tour de La Provence 2022 : Elia Viviani gagne au sprint la 1\u00e8re \u00e9tape"},"content":{"rendered":"<p style=\"text-align: justify;\"><em><span class=\"tojvnm2t a6sixzi8 abs2jz4q a8s20v7p t1p8iaqh k5wvi7nf q3lfd5jv pk4s997a bipmatt0 cebpdrjk qowsmv63 owwhemhu dp1hu0rb dhp61c6y iyyx5f41\"><strong>CYCLISME &#8211; Apr\u00e8s une journ\u00e9e marqu\u00e9e par les bordures, Eli Viviani (INEOS Grenadiers) a gagn\u00e9 au sprint la premi\u00e8re \u00e9tape du Tour de La Provence aux Saintes-de-la-Mer. Il a devanc\u00e9 Sep Vanmarcke (Israel Premier Tech) et Julian Alaphilippe (Quick-Step Alpha Vinyl). Ce dernier, qui a engrang\u00e9 des bonifications toute la journ\u00e9e, se rapproche \u00e0 4 secondes de Filippo Ganna au classement g\u00e9n\u00e9ral.<br \/>\n<\/strong><\/span><\/em><\/p>\n<p style=\"text-align: justify;\">D&rsquo;abord, d\u00e8s les premiers kilom\u00e8tres de course, 6 coureurs ont constitu\u00e9 l&rsquo;\u00e9chapp\u00e9e matinale : <strong>St\u00e9phane Rossetto<\/strong> (St-Michel-Auber 93), <strong>Tom Maingenaud<\/strong> (Go Sport-Roubaix Lille M\u00e9tropole), <strong>Viktor Verschaeve<\/strong> (Lotto-Soudal), <strong>Pierre Rolland<\/strong> (B&amp;B H\u00f4tels-KTM), <strong>Tristan Delacroix <\/strong>et <strong>Jean Goubert<\/strong> (Nice M\u00e9tropole C\u00f4te d&rsquo;Azur). Ces fuyards ont obtenu plus de 5 minutes d&rsquo;avance au maximum. <strong>Maingenaud<\/strong> en a profit\u00e9 pour pass\u00e9 au sommet du col de la Vayede.<\/p>\n<h2 style=\"text-align: justify;\">INEOS Grenadiers lance les bordures<\/h2>\n<p style=\"text-align: justify;\">Mais, \u00e0 une centaine de kilom\u00e8tres du terme, des bordures ont eu lieu dans le peloton \u00e0 l&rsquo;initiative notamment des formations <strong>INEOS Grenadiers<\/strong> et <strong>Quick-Step Alpha Vinyl<\/strong>.<\/p>\n<p style=\"text-align: justify;\">Avec ce vent de c\u00f4t\u00e9, un premier groupe de 21 coureurs s&rsquo;est form\u00e9 avec <strong>Damien Touz\u00e9, Aur\u00e9lien Paret-Peintre<\/strong> (AG2R Citro\u00ebn Team), <strong>Samuele Battistella<\/strong> (Astana Qazaqstan Team), <strong>C\u00e9dric Beullens<\/strong> (Lotto-Soudal), <strong>Elia Viviani, Richard Carapaz, Filippo Ganna, Luke Rowe<\/strong> (INEOS Grenadiers), <strong>Julian Alaphilippe, Ilan Van Wilder, Louis Vervaeke<\/strong> (Quick-Step Alpha Vinyl), <strong>Matteo Jorgenson<\/strong> (Movistar Team), <strong>Mattias Skjelmose<\/strong> (Trek-Segafredo), <strong>Martijn Tusveld<\/strong> (Team DSM), <strong>Sep Vanmarcke, Mads W\u00fcrtz Schmidt<\/strong> (Israel-Premier Tech), <strong>Maciej Bodnar, Pierre Latour<\/strong> (TotalEnergies), <strong>Nairo Quintana, Lukasz Owsian <\/strong>et <strong>Maxime Bouet<\/strong> (Team Ark\u00e9a-Samsic). Dans le second peloton, les \u00e9quipes <strong>Groupama-FDJ, Saint-Michel Auber 93<\/strong> et <strong>Cofidis<\/strong> ont \u00e9t\u00e9 oblig\u00e9es de rouler puisqu&rsquo;elle n&rsquo;a aucun coureur \u00e0 l&rsquo;avant de la course.<\/p>\n<h2 style=\"text-align: justify;\">Julian Alaphilippe grignote des secondes<\/h2>\n<p style=\"text-align: justify;\">Puis, le premier groupe a vite aval\u00e9 les membres de l&rsquo;\u00e9chapp\u00e9e matinale et a vu son avance rapidement passer au-dessus de la minute. Au sprint bonification du km 104, <strong>Julian Alaphilippe<\/strong> (Quick-Step Alpha Vinyl) a pris un maximum de bonifications devant <strong>Aur\u00e9lien Paret-Peintre<\/strong> (AG2R Citro\u00ebn Team) et <strong>Louis Vervaeke<\/strong> (Quick-Step Alpha Vinyl).<\/p>\n<p style=\"text-align: justify;\">\u00c0 moins de 30 kilom\u00e8tres de l&rsquo;arriv\u00e9e, l&rsquo;\u00e9cart entre les deux pelotons est mont\u00e9 \u00e0 plus de 2 minutes. Lors du second sprint de bonification, le double champion du monde <strong>Julian Alaphilippe<\/strong> (Quick-Step Alpha Vinyl) est encore pass\u00e9 en t\u00eate devant<strong> Pierre Latour<\/strong> (TotalEnergies) et <strong>Maxime Bouet<\/strong> (Team Ark\u00e9a-Samsic).<\/p>\n<h2>Elia Viviani conclut le travail<\/h2>\n<p style=\"text-align: justify;\">Apr\u00e8s une tentative en solitaire de<strong> Maciej Bodnar<\/strong> (TotalEnergies) \u00e0 7 kilom\u00e8tres de l&rsquo;arriv\u00e9e, l&rsquo;\u00e9quipe <strong>INEOS Grenadiers<\/strong> a parfaitement g\u00e9r\u00e9 le final de l&rsquo;\u00e9tape pour lancer son sprint. Finalement, <strong>Elia Viviani<\/strong> (INEOS Grenadiers) s&rsquo;est impos\u00e9 facilement au sprint devant <strong>Sep Vanmarcke<\/strong> (Israel Premier Tech) et <strong>Julian Alaphilippe<\/strong> (Quick-Step Alpha Vinyl). <strong>Richard Carapaz<\/strong>, quant \u00e0 lui, a perdu un peu de temps dans le dernier kilom\u00e8tre. <strong>Filippo Ganna <\/strong>(INEOS Grenadiers) a conserv\u00e9 son maillot de leader pour 4 secondes sur <strong>Alaphilippe<\/strong>.<\/p>\n<blockquote class=\"twitter-tweet\">\n<p dir=\"ltr\" lang=\"fr\">La victoire pour Elia Viviani ! Mais Ienos a vu son leader Richard Carapaz perdre du temps sur la fin !<\/p>\n<p>Julian Alaphilippe est battu au sprint mais le champion du monde 2021 a repris du temps avec les bonifications <a href=\"https:\/\/twitter.com\/hashtag\/CaVaFrotter?src=hash&amp;ref_src=twsrc%5Etfw\">#CaVaFrotter<\/a> <a href=\"https:\/\/twitter.com\/hashtag\/lequipeVELO?src=hash&amp;ref_src=twsrc%5Etfw\">#lequipeVELO<\/a> <a href=\"https:\/\/twitter.com\/hashtag\/TDLP2022?src=hash&amp;ref_src=twsrc%5Etfw\">#TDLP2022<\/a> <a href=\"https:\/\/t.co\/H8F0twMrCJ\">pic.twitter.com\/H8F0twMrCJ<\/a><\/p>\n<p>\u2014 la chaine L&rsquo;\u00c9quipe (@lachainelequipe) <a href=\"https:\/\/twitter.com\/lachainelequipe\/status\/1492148035043868677?ref_src=twsrc%5Etfw\">February 11, 2022<\/a><\/p><\/blockquote>\n<p><script async src=\"https:\/\/platform.twitter.com\/widgets.js\" charset=\"utf-8\"><\/script><\/p>\n<h2 style=\"text-align: justify;\"><strong>\u00c0 lire aussi<\/strong><\/h2>\n<ul>\n<li style=\"text-align: justify;\"><strong><a href=\"https:\/\/dicodusport.fr\/blog\/tour-de-la-provence-2022-classement-1ere-etape\/\">Le classement de la 1\u00e8re \u00e9tape du Tour de La Provence 2022<\/a><\/strong><\/li>\n<li style=\"text-align: justify;\"><a href=\"https:\/\/dicodusport.fr\/blog\/tour-de-la-provence-2022-classement-general\/\"><strong>Le classement g\u00e9n\u00e9ral du Tour de La Provence<\/strong><\/a><\/li>\n<\/ul>\n<p style=\"text-align: justify;\">\n","protected":false},"excerpt":{"rendered":"<p>CYCLISME &#8211; Apr\u00e8s une journ\u00e9e marqu\u00e9e par les bordures, Eli Viviani (INEOS Grenadiers) a gagn\u00e9 au sprint la premi\u00e8re \u00e9tape du Tour de La Provence aux Saintes-de-la-Mer. Il a devanc\u00e9 Sep Vanmarcke (Israel Premier Tech) et Julian Alaphilippe (Quick-Step Alpha Vinyl).<\/p>\n","protected":false},"author":48,"featured_media":199375,"comment_status":"open","ping_status":"closed","sticky":false,"template":"","format":"standard","meta":{"_acf_changed":false,"_daextam_enable_autolinks":"","footnotes":""},"categories":[46994],"tags":[4286,9916],"class_list":["post-199349","post","type-post","status-publish","format-standard","has-post-thumbnail","hentry","category-cyclisme-sur-route","tag-elia-viviani","tag-tour-de-la-provence"],"acf":[],"yoast_head":"<!-- This site is optimized with the Yoast SEO Premium plugin v26.7 (Yoast SEO v26.7) - https:\/\/yoast.com\/wordpress\/plugins\/seo\/ -->\n<title>Tour de La Provence 2022 : Elia Viviani gagne au sprint la 1\u00e8re \u00e9tape<\/title>\n<meta name=\"description\" content=\"CYCLISME - Apr\u00e8s une journ\u00e9e marqu\u00e9e par les bordures, Eli Viviani (INEOS Grenadiers) a gagn\u00e9 au sprint la 1\u00e8re \u00e9tape du Tour de La Provence.\" \/>\n<meta name=\"robots\" content=\"index, follow, max-snippet:-1, max-image-preview:large, max-video-preview:-1\" \/>\n<link rel=\"canonical\" href=\"https:\/\/dicodusport.fr\/blog\/tour-de-la-provence-2022-elia-viviani-gagne-au-sprint-la-1ere-etape\/\" \/>\n<meta property=\"og:locale\" content=\"fr_FR\" \/>\n<meta property=\"og:type\" content=\"article\" \/>\n<meta property=\"og:title\" content=\"Tour de La Provence 2022 : Elia Viviani gagne au sprint la 1\u00e8re \u00e9tape\" \/>\n<meta property=\"og:description\" content=\"CYCLISME - Apr\u00e8s une journ\u00e9e marqu\u00e9e par les bordures, Eli Viviani (INEOS Grenadiers) a gagn\u00e9 au sprint la 1\u00e8re \u00e9tape du Tour de La Provence.\" \/>\n<meta property=\"og:url\" content=\"https:\/\/dicodusport.fr\/blog\/tour-de-la-provence-2022-elia-viviani-gagne-au-sprint-la-1ere-etape\/\" \/>\n<meta property=\"og:site_name\" content=\"Dicodusport\" \/>\n<meta property=\"article:publisher\" content=\"https:\/\/www.facebook.com\/dicodusport\" \/>\n<meta property=\"article:author\" content=\"https:\/\/www.facebook.com\/groups\/LesRoisDuPeloton\" \/>\n<meta property=\"article:published_time\" content=\"2022-02-11T14:49:27+00:00\" \/>\n<meta property=\"article:modified_time\" content=\"2022-02-11T15:12:14+00:00\" \/>\n<meta property=\"og:image\" content=\"https:\/\/dicodusport.fr\/blog\/wp-content\/uploads\/2022\/02\/Tour-de-La-Provence-2022-Elia-Viviani-gagne-au-sprint-la-1ere-etape.png\" \/>\n\t<meta property=\"og:image:width\" content=\"800\" \/>\n\t<meta property=\"og:image:height\" content=\"445\" \/>\n\t<meta property=\"og:image:type\" content=\"image\/png\" \/>\n<meta name=\"author\" content=\"Emilien Descampiaux\" \/>\n<meta name=\"twitter:card\" content=\"summary_large_image\" \/>\n<meta name=\"twitter:title\" content=\"Tour de La Provence 2022 : Elia Viviani gagne au sprint la 1\u00e8re \u00e9tape\" \/>\n<meta name=\"twitter:creator\" content=\"@https:\/\/twitter.com\/LRoisDuPeloton\" \/>\n<meta name=\"twitter:site\" content=\"@dicodusport\" \/>\n<script type=\"application\/ld+json\" class=\"yoast-schema-graph\">{\"@context\":\"https:\/\/schema.org\",\"@graph\":[{\"@type\":\"NewsArticle\",\"@id\":\"https:\/\/dicodusport.fr\/blog\/tour-de-la-provence-2022-elia-viviani-gagne-au-sprint-la-1ere-etape\/#article\",\"isPartOf\":{\"@id\":\"https:\/\/dicodusport.fr\/blog\/tour-de-la-provence-2022-elia-viviani-gagne-au-sprint-la-1ere-etape\/\"},\"author\":{\"name\":\"Emilien Descampiaux\",\"@id\":\"https:\/\/dicodusport.fr\/blog\/#\/schema\/person\/6db4bae06b171592211be385b32876a7\"},\"headline\":\"Tour de La Provence 2022 : Elia Viviani gagne au sprint la 1\u00e8re \u00e9tape\",\"datePublished\":\"2022-02-11T14:49:27+00:00\",\"dateModified\":\"2022-02-11T15:12:14+00:00\",\"mainEntityOfPage\":{\"@id\":\"https:\/\/dicodusport.fr\/blog\/tour-de-la-provence-2022-elia-viviani-gagne-au-sprint-la-1ere-etape\/\"},\"wordCount\":578,\"commentCount\":0,\"publisher\":{\"@id\":\"https:\/\/dicodusport.fr\/blog\/#organization\"},\"image\":{\"@id\":\"https:\/\/dicodusport.fr\/blog\/tour-de-la-provence-2022-elia-viviani-gagne-au-sprint-la-1ere-etape\/#primaryimage\"},\"thumbnailUrl\":\"https:\/\/dicodusport.fr\/blog\/wp-content\/uploads\/2022\/02\/Tour-de-La-Provence-2022-Elia-Viviani-gagne-au-sprint-la-1ere-etape.png\",\"keywords\":[\"Elia Viviani\",\"Tour de La Provence\"],\"articleSection\":[\"Cyclisme sur route\"],\"inLanguage\":\"fr-FR\",\"potentialAction\":[{\"@type\":\"CommentAction\",\"name\":\"Comment\",\"target\":[\"https:\/\/dicodusport.fr\/blog\/tour-de-la-provence-2022-elia-viviani-gagne-au-sprint-la-1ere-etape\/#respond\"]}],\"copyrightYear\":\"2022\",\"copyrightHolder\":{\"@id\":\"https:\/\/dicodusport.fr\/blog\/#organization\"}},{\"@type\":\"WebPage\",\"@id\":\"https:\/\/dicodusport.fr\/blog\/tour-de-la-provence-2022-elia-viviani-gagne-au-sprint-la-1ere-etape\/\",\"url\":\"https:\/\/dicodusport.fr\/blog\/tour-de-la-provence-2022-elia-viviani-gagne-au-sprint-la-1ere-etape\/\",\"name\":\"Tour de La Provence 2022 : Elia Viviani gagne au sprint la 1\u00e8re \u00e9tape\",\"isPartOf\":{\"@id\":\"https:\/\/dicodusport.fr\/blog\/#website\"},\"primaryImageOfPage\":{\"@id\":\"https:\/\/dicodusport.fr\/blog\/tour-de-la-provence-2022-elia-viviani-gagne-au-sprint-la-1ere-etape\/#primaryimage\"},\"image\":{\"@id\":\"https:\/\/dicodusport.fr\/blog\/tour-de-la-provence-2022-elia-viviani-gagne-au-sprint-la-1ere-etape\/#primaryimage\"},\"thumbnailUrl\":\"https:\/\/dicodusport.fr\/blog\/wp-content\/uploads\/2022\/02\/Tour-de-La-Provence-2022-Elia-Viviani-gagne-au-sprint-la-1ere-etape.png\",\"datePublished\":\"2022-02-11T14:49:27+00:00\",\"dateModified\":\"2022-02-11T15:12:14+00:00\",\"description\":\"CYCLISME - Apr\u00e8s une journ\u00e9e marqu\u00e9e par les bordures, Eli Viviani (INEOS Grenadiers) a gagn\u00e9 au sprint la 1\u00e8re \u00e9tape du Tour de La Provence.\",\"breadcrumb\":{\"@id\":\"https:\/\/dicodusport.fr\/blog\/tour-de-la-provence-2022-elia-viviani-gagne-au-sprint-la-1ere-etape\/#breadcrumb\"},\"inLanguage\":\"fr-FR\",\"potentialAction\":[{\"@type\":\"ReadAction\",\"target\":[\"https:\/\/dicodusport.fr\/blog\/tour-de-la-provence-2022-elia-viviani-gagne-au-sprint-la-1ere-etape\/\"]}]},{\"@type\":\"ImageObject\",\"inLanguage\":\"fr-FR\",\"@id\":\"https:\/\/dicodusport.fr\/blog\/tour-de-la-provence-2022-elia-viviani-gagne-au-sprint-la-1ere-etape\/#primaryimage\",\"url\":\"https:\/\/dicodusport.fr\/blog\/wp-content\/uploads\/2022\/02\/Tour-de-La-Provence-2022-Elia-Viviani-gagne-au-sprint-la-1ere-etape.png\",\"contentUrl\":\"https:\/\/dicodusport.fr\/blog\/wp-content\/uploads\/2022\/02\/Tour-de-La-Provence-2022-Elia-Viviani-gagne-au-sprint-la-1ere-etape.png\",\"width\":800,\"height\":445,\"caption\":\"\u00a9 Icon Sport\"},{\"@type\":\"BreadcrumbList\",\"@id\":\"https:\/\/dicodusport.fr\/blog\/tour-de-la-provence-2022-elia-viviani-gagne-au-sprint-la-1ere-etape\/#breadcrumb\",\"itemListElement\":[{\"@type\":\"ListItem\",\"position\":1,\"name\":\"Accueil\",\"item\":\"https:\/\/dicodusport.fr\/blog\/\"},{\"@type\":\"ListItem\",\"position\":2,\"name\":\"Tour de La Provence 2022 : Elia Viviani gagne au sprint la 1\u00e8re \u00e9tape\"}]},{\"@type\":\"WebSite\",\"@id\":\"https:\/\/dicodusport.fr\/blog\/#website\",\"url\":\"https:\/\/dicodusport.fr\/blog\/\",\"name\":\"Dicodusport\",\"description\":\"L&#039;encyclop\u00e9die de l&#039;actualit\u00e9 sportive\",\"publisher\":{\"@id\":\"https:\/\/dicodusport.fr\/blog\/#organization\"},\"potentialAction\":[{\"@type\":\"SearchAction\",\"target\":{\"@type\":\"EntryPoint\",\"urlTemplate\":\"https:\/\/dicodusport.fr\/blog\/?s={search_term_string}\"},\"query-input\":{\"@type\":\"PropertyValueSpecification\",\"valueRequired\":true,\"valueName\":\"search_term_string\"}}],\"inLanguage\":\"fr-FR\"},{\"@type\":\"NewsMediaOrganization\",\"@id\":\"https:\/\/dicodusport.fr\/blog\/#organization\",\"name\":\"Dicodusport\",\"url\":\"https:\/\/dicodusport.fr\/blog\/\",\"logo\":{\"@type\":\"ImageObject\",\"inLanguage\":\"fr-FR\",\"@id\":\"https:\/\/dicodusport.fr\/blog\/#\/schema\/logo\/image\/\",\"url\":\"https:\/\/dicodusport.fr\/blog\/wp-content\/uploads\/2020\/06\/cropped-LOGO-DICODUSPORT-2020-SANS-FOND-SANS-TEXTE.png\",\"contentUrl\":\"https:\/\/dicodusport.fr\/blog\/wp-content\/uploads\/2020\/06\/cropped-LOGO-DICODUSPORT-2020-SANS-FOND-SANS-TEXTE.png\",\"width\":512,\"height\":512,\"caption\":\"Dicodusport\"},\"image\":{\"@id\":\"https:\/\/dicodusport.fr\/blog\/#\/schema\/logo\/image\/\"},\"sameAs\":[\"https:\/\/www.facebook.com\/dicodusport\",\"https:\/\/x.com\/dicodusport\",\"https:\/\/www.instagram.com\/dicodusport\/\",\"https:\/\/www.youtube.com\/channel\/UC7V2KZ5sd3htJivAbA4ZG3w\"],\"description\":\"Dicodusport est l'encyclop\u00e9die de l'actualit\u00e9 sportive.\",\"email\":\"bonjour@dicodusport.fr\",\"legalName\":\"DICODUSPORT\",\"foundingDate\":\"2018-01-14\",\"vatID\":\"FR71834470973\",\"taxID\":\"83447097300043\",\"numberOfEmployees\":{\"@type\":\"QuantitativeValue\",\"minValue\":\"1\",\"maxValue\":\"10\"}},{\"@type\":\"Person\",\"@id\":\"https:\/\/dicodusport.fr\/blog\/#\/schema\/person\/6db4bae06b171592211be385b32876a7\",\"name\":\"Emilien Descampiaux\",\"image\":{\"@type\":\"ImageObject\",\"inLanguage\":\"fr-FR\",\"@id\":\"https:\/\/dicodusport.fr\/blog\/#\/schema\/person\/image\/\",\"url\":\"https:\/\/dicodusport.fr\/blog\/wp-content\/uploads\/2021\/05\/Emilien-Descampiaux-150x150.jpg\",\"contentUrl\":\"https:\/\/dicodusport.fr\/blog\/wp-content\/uploads\/2021\/05\/Emilien-Descampiaux-150x150.jpg\",\"caption\":\"Emilien Descampiaux\"},\"description\":\"Journaliste\/r\u00e9dacteur depuis 2014 - Fan de la classe de Frank Vandenbroucke, je vis cyclisme (et de ses paysages) depuis plus de 20 ans. Je suis tr\u00e8s impliqu\u00e9 sur mes diff\u00e9rents r\u00e9seaux sociaux pour partager ma passion sur le monde et l'Histoire de la bicyclette avec ma voix sur les images en noir et blanc du succ\u00e8s de Rik Van Steenbergen lors du Ronde sur le V\u00e9lodrome de Gand.\",\"sameAs\":[\"https:\/\/www.facebook.com\/groups\/LesRoisDuPeloton\",\"https:\/\/x.com\/https:\/\/twitter.com\/LRoisDuPeloton\"],\"url\":\"https:\/\/dicodusport.fr\/blog\/author\/emiliend\/\"}]}<\/script>\n<!-- \/ Yoast SEO Premium plugin. -->","yoast_head_json":{"title":"Tour de La Provence 2022 : Elia Viviani gagne au sprint la 1\u00e8re \u00e9tape","description":"CYCLISME - Apr\u00e8s une journ\u00e9e marqu\u00e9e par les bordures, Eli Viviani (INEOS Grenadiers) a gagn\u00e9 au sprint la 1\u00e8re \u00e9tape du Tour de La Provence.","robots":{"index":"index","follow":"follow","max-snippet":"max-snippet:-1","max-image-preview":"max-image-preview:large","max-video-preview":"max-video-preview:-1"},"canonical":"https:\/\/dicodusport.fr\/blog\/tour-de-la-provence-2022-elia-viviani-gagne-au-sprint-la-1ere-etape\/","og_locale":"fr_FR","og_type":"article","og_title":"Tour de La Provence 2022 : Elia Viviani gagne au sprint la 1\u00e8re \u00e9tape","og_description":"CYCLISME - Apr\u00e8s une journ\u00e9e marqu\u00e9e par les bordures, Eli Viviani (INEOS Grenadiers) a gagn\u00e9 au sprint la 1\u00e8re \u00e9tape du Tour de La Provence.","og_url":"https:\/\/dicodusport.fr\/blog\/tour-de-la-provence-2022-elia-viviani-gagne-au-sprint-la-1ere-etape\/","og_site_name":"Dicodusport","article_publisher":"https:\/\/www.facebook.com\/dicodusport","article_author":"https:\/\/www.facebook.com\/groups\/LesRoisDuPeloton","article_published_time":"2022-02-11T14:49:27+00:00","article_modified_time":"2022-02-11T15:12:14+00:00","og_image":[{"width":800,"height":445,"url":"https:\/\/dicodusport.fr\/blog\/wp-content\/uploads\/2022\/02\/Tour-de-La-Provence-2022-Elia-Viviani-gagne-au-sprint-la-1ere-etape.png","type":"image\/png"}],"author":"Emilien Descampiaux","twitter_card":"summary_large_image","twitter_title":"Tour de La Provence 2022 : Elia Viviani gagne au sprint la 1\u00e8re \u00e9tape","twitter_creator":"@https:\/\/twitter.com\/LRoisDuPeloton","twitter_site":"@dicodusport","schema":{"@context":"https:\/\/schema.org","@graph":[{"@type":"NewsArticle","@id":"https:\/\/dicodusport.fr\/blog\/tour-de-la-provence-2022-elia-viviani-gagne-au-sprint-la-1ere-etape\/#article","isPartOf":{"@id":"https:\/\/dicodusport.fr\/blog\/tour-de-la-provence-2022-elia-viviani-gagne-au-sprint-la-1ere-etape\/"},"author":{"name":"Emilien Descampiaux","@id":"https:\/\/dicodusport.fr\/blog\/#\/schema\/person\/6db4bae06b171592211be385b32876a7"},"headline":"Tour de La Provence 2022 : Elia Viviani gagne au sprint la 1\u00e8re \u00e9tape","datePublished":"2022-02-11T14:49:27+00:00","dateModified":"2022-02-11T15:12:14+00:00","mainEntityOfPage":{"@id":"https:\/\/dicodusport.fr\/blog\/tour-de-la-provence-2022-elia-viviani-gagne-au-sprint-la-1ere-etape\/"},"wordCount":578,"commentCount":0,"publisher":{"@id":"https:\/\/dicodusport.fr\/blog\/#organization"},"image":{"@id":"https:\/\/dicodusport.fr\/blog\/tour-de-la-provence-2022-elia-viviani-gagne-au-sprint-la-1ere-etape\/#primaryimage"},"thumbnailUrl":"https:\/\/dicodusport.fr\/blog\/wp-content\/uploads\/2022\/02\/Tour-de-La-Provence-2022-Elia-Viviani-gagne-au-sprint-la-1ere-etape.png","keywords":["Elia Viviani","Tour de La Provence"],"articleSection":["Cyclisme sur route"],"inLanguage":"fr-FR","potentialAction":[{"@type":"CommentAction","name":"Comment","target":["https:\/\/dicodusport.fr\/blog\/tour-de-la-provence-2022-elia-viviani-gagne-au-sprint-la-1ere-etape\/#respond"]}],"copyrightYear":"2022","copyrightHolder":{"@id":"https:\/\/dicodusport.fr\/blog\/#organization"}},{"@type":"WebPage","@id":"https:\/\/dicodusport.fr\/blog\/tour-de-la-provence-2022-elia-viviani-gagne-au-sprint-la-1ere-etape\/","url":"https:\/\/dicodusport.fr\/blog\/tour-de-la-provence-2022-elia-viviani-gagne-au-sprint-la-1ere-etape\/","name":"Tour de La Provence 2022 : Elia Viviani gagne au sprint la 1\u00e8re \u00e9tape","isPartOf":{"@id":"https:\/\/dicodusport.fr\/blog\/#website"},"primaryImageOfPage":{"@id":"https:\/\/dicodusport.fr\/blog\/tour-de-la-provence-2022-elia-viviani-gagne-au-sprint-la-1ere-etape\/#primaryimage"},"image":{"@id":"https:\/\/dicodusport.fr\/blog\/tour-de-la-provence-2022-elia-viviani-gagne-au-sprint-la-1ere-etape\/#primaryimage"},"thumbnailUrl":"https:\/\/dicodusport.fr\/blog\/wp-content\/uploads\/2022\/02\/Tour-de-La-Provence-2022-Elia-Viviani-gagne-au-sprint-la-1ere-etape.png","datePublished":"2022-02-11T14:49:27+00:00","dateModified":"2022-02-11T15:12:14+00:00","description":"CYCLISME - Apr\u00e8s une journ\u00e9e marqu\u00e9e par les bordures, Eli Viviani (INEOS Grenadiers) a gagn\u00e9 au sprint la 1\u00e8re \u00e9tape du Tour de La Provence.","breadcrumb":{"@id":"https:\/\/dicodusport.fr\/blog\/tour-de-la-provence-2022-elia-viviani-gagne-au-sprint-la-1ere-etape\/#breadcrumb"},"inLanguage":"fr-FR","potentialAction":[{"@type":"ReadAction","target":["https:\/\/dicodusport.fr\/blog\/tour-de-la-provence-2022-elia-viviani-gagne-au-sprint-la-1ere-etape\/"]}]},{"@type":"ImageObject","inLanguage":"fr-FR","@id":"https:\/\/dicodusport.fr\/blog\/tour-de-la-provence-2022-elia-viviani-gagne-au-sprint-la-1ere-etape\/#primaryimage","url":"https:\/\/dicodusport.fr\/blog\/wp-content\/uploads\/2022\/02\/Tour-de-La-Provence-2022-Elia-Viviani-gagne-au-sprint-la-1ere-etape.png","contentUrl":"https:\/\/dicodusport.fr\/blog\/wp-content\/uploads\/2022\/02\/Tour-de-La-Provence-2022-Elia-Viviani-gagne-au-sprint-la-1ere-etape.png","width":800,"height":445,"caption":"\u00a9 Icon Sport"},{"@type":"BreadcrumbList","@id":"https:\/\/dicodusport.fr\/blog\/tour-de-la-provence-2022-elia-viviani-gagne-au-sprint-la-1ere-etape\/#breadcrumb","itemListElement":[{"@type":"ListItem","position":1,"name":"Accueil","item":"https:\/\/dicodusport.fr\/blog\/"},{"@type":"ListItem","position":2,"name":"Tour de La Provence 2022 : Elia Viviani gagne au sprint la 1\u00e8re \u00e9tape"}]},{"@type":"WebSite","@id":"https:\/\/dicodusport.fr\/blog\/#website","url":"https:\/\/dicodusport.fr\/blog\/","name":"Dicodusport","description":"L&#039;encyclop\u00e9die de l&#039;actualit\u00e9 sportive","publisher":{"@id":"https:\/\/dicodusport.fr\/blog\/#organization"},"potentialAction":[{"@type":"SearchAction","target":{"@type":"EntryPoint","urlTemplate":"https:\/\/dicodusport.fr\/blog\/?s={search_term_string}"},"query-input":{"@type":"PropertyValueSpecification","valueRequired":true,"valueName":"search_term_string"}}],"inLanguage":"fr-FR"},{"@type":"NewsMediaOrganization","@id":"https:\/\/dicodusport.fr\/blog\/#organization","name":"Dicodusport","url":"https:\/\/dicodusport.fr\/blog\/","logo":{"@type":"ImageObject","inLanguage":"fr-FR","@id":"https:\/\/dicodusport.fr\/blog\/#\/schema\/logo\/image\/","url":"https:\/\/dicodusport.fr\/blog\/wp-content\/uploads\/2020\/06\/cropped-LOGO-DICODUSPORT-2020-SANS-FOND-SANS-TEXTE.png","contentUrl":"https:\/\/dicodusport.fr\/blog\/wp-content\/uploads\/2020\/06\/cropped-LOGO-DICODUSPORT-2020-SANS-FOND-SANS-TEXTE.png","width":512,"height":512,"caption":"Dicodusport"},"image":{"@id":"https:\/\/dicodusport.fr\/blog\/#\/schema\/logo\/image\/"},"sameAs":["https:\/\/www.facebook.com\/dicodusport","https:\/\/x.com\/dicodusport","https:\/\/www.instagram.com\/dicodusport\/","https:\/\/www.youtube.com\/channel\/UC7V2KZ5sd3htJivAbA4ZG3w"],"description":"Dicodusport est l'encyclop\u00e9die de l'actualit\u00e9 sportive.","email":"bonjour@dicodusport.fr","legalName":"DICODUSPORT","foundingDate":"2018-01-14","vatID":"FR71834470973","taxID":"83447097300043","numberOfEmployees":{"@type":"QuantitativeValue","minValue":"1","maxValue":"10"}},{"@type":"Person","@id":"https:\/\/dicodusport.fr\/blog\/#\/schema\/person\/6db4bae06b171592211be385b32876a7","name":"Emilien Descampiaux","image":{"@type":"ImageObject","inLanguage":"fr-FR","@id":"https:\/\/dicodusport.fr\/blog\/#\/schema\/person\/image\/","url":"https:\/\/dicodusport.fr\/blog\/wp-content\/uploads\/2021\/05\/Emilien-Descampiaux-150x150.jpg","contentUrl":"https:\/\/dicodusport.fr\/blog\/wp-content\/uploads\/2021\/05\/Emilien-Descampiaux-150x150.jpg","caption":"Emilien Descampiaux"},"description":"Journaliste\/r\u00e9dacteur depuis 2014 - Fan de la classe de Frank Vandenbroucke, je vis cyclisme (et de ses paysages) depuis plus de 20 ans. Je suis tr\u00e8s impliqu\u00e9 sur mes diff\u00e9rents r\u00e9seaux sociaux pour partager ma passion sur le monde et l'Histoire de la bicyclette avec ma voix sur les images en noir et blanc du succ\u00e8s de Rik Van Steenbergen lors du Ronde sur le V\u00e9lodrome de Gand.","sameAs":["https:\/\/www.facebook.com\/groups\/LesRoisDuPeloton","https:\/\/x.com\/https:\/\/twitter.com\/LRoisDuPeloton"],"url":"https:\/\/dicodusport.fr\/blog\/author\/emiliend\/"}]}},"_links":{"self":[{"href":"https:\/\/dicodusport.fr\/blog\/wp-json\/wp\/v2\/posts\/199349","targetHints":{"allow":["GET"]}}],"collection":[{"href":"https:\/\/dicodusport.fr\/blog\/wp-json\/wp\/v2\/posts"}],"about":[{"href":"https:\/\/dicodusport.fr\/blog\/wp-json\/wp\/v2\/types\/post"}],"author":[{"embeddable":true,"href":"https:\/\/dicodusport.fr\/blog\/wp-json\/wp\/v2\/users\/48"}],"replies":[{"embeddable":true,"href":"https:\/\/dicodusport.fr\/blog\/wp-json\/wp\/v2\/comments?post=199349"}],"version-history":[{"count":0,"href":"https:\/\/dicodusport.fr\/blog\/wp-json\/wp\/v2\/posts\/199349\/revisions"}],"wp:featuredmedia":[{"embeddable":true,"href":"https:\/\/dicodusport.fr\/blog\/wp-json\/wp\/v2\/media\/199375"}],"wp:attachment":[{"href":"https:\/\/dicodusport.fr\/blog\/wp-json\/wp\/v2\/media?parent=199349"}],"wp:term":[{"taxonomy":"category","embeddable":true,"href":"https:\/\/dicodusport.fr\/blog\/wp-json\/wp\/v2\/categories?post=199349"},{"taxonomy":"post_tag","embeddable":true,"href":"https:\/\/dicodusport.fr\/blog\/wp-json\/wp\/v2\/tags?post=199349"}],"curies":[{"name":"wp","href":"https:\/\/api.w.org\/{rel}","templated":true}]}}