{"id":199355,"date":"2022-02-11T15:10:20","date_gmt":"2022-02-11T14:10:20","guid":{"rendered":"https:\/\/dicodusport.fr\/blog\/?p=199355&#038;preview=true&#038;preview_id=199355"},"modified":"2022-02-11T15:10:20","modified_gmt":"2022-02-11T14:10:20","slug":"stan-wawrinka-disputera-roland-garros","status":"publish","type":"post","link":"https:\/\/dicodusport.fr\/blog\/stan-wawrinka-disputera-roland-garros\/","title":{"rendered":"Stan Wawrinka disputera Roland-Garros !"},"content":{"rendered":"<p style=\"text-align: justify;\"><strong><em>TENNIS &#8211; Absent du circuit depuis pratiquement un an, le Suisse Stan Wawrinka vient d&rsquo;annoncer son retour pour la saison sur terre battue, qui commence en avril. Il a \u00e9galement confirm\u00e9 qu&rsquo;il disputera le prochain tournoi de Roland-Garros.<\/em><\/strong><\/p>\n<p style=\"text-align: justify;\">On n&rsquo;a plus revu <strong>Stan Wawrinka<\/strong> en comp\u00e9tition officielle depuis le tournoi de Rotterdam en mars 2021, o\u00f9 il s&rsquo;\u00e9tait inclin\u00e9 au premier tour contre <strong>Karen Khachanov<\/strong>. Le Suisse avait op\u00e9r\u00e9 du tendon d&rsquo;Achille en juin dernier, et peu d&rsquo;informations avaient filtr\u00e9 sur un \u00e9ventuel retour \u00e0 la comp\u00e9tition. Mais aujourd&rsquo;hui, <em>Stan the Man<\/em> a annonc\u00e9 qu&rsquo;il allait enfin effectuer son retour \u00e0 la comp\u00e9tition en avril, et qu&rsquo;il se pr\u00e9senterait m\u00eame Porte d&rsquo;Auteuil pour jouer sur les courts de Roland-Garros fin mai.<\/p>\n<blockquote class=\"twitter-tweet\">\n<p dir=\"ltr\" lang=\"fr\">Le retour de Stan <a href=\"https:\/\/twitter.com\/hashtag\/Wawrinka?src=hash&amp;ref_src=twsrc%5Etfw\">#Wawrinka<\/a> (n\u00b0173) &#x1f1e8;&#x1f1ed; se pr\u00e9cise et on pourrait m\u00eame le voir jouer \u00e0 <a href=\"https:\/\/twitter.com\/hashtag\/RolandGarros?src=hash&amp;ref_src=twsrc%5Etfw\">#RolandGarros<\/a> !<a href=\"https:\/\/t.co\/aYMAQm7s4Z\">https:\/\/t.co\/aYMAQm7s4Z<\/a><\/p>\n<p>\u2014 Jeu, Set Et Match (@jeu_set_etmatch) <a href=\"https:\/\/twitter.com\/jeu_set_etmatch\/status\/1492128160435130371?ref_src=twsrc%5Etfw\">February 11, 2022<\/a><\/p><\/blockquote>\n<p><script async src=\"https:\/\/platform.twitter.com\/widgets.js\" charset=\"utf-8\"><\/script><\/p>\n<p style=\"text-align: justify;\"><strong>Wawrinka<\/strong> aura 37 ans en mars, mais il ne souhaitait certainement pas terminer sa carri\u00e8re sans un dernier tour de piste, <a href=\"https:\/\/dicodusport.fr\/blog\/atp-heure-retraite-a-sonne-pour-juan-martin-del-potro\/\">\u00e0 l&rsquo;image de ce que vient de faire <strong>Juan Martin Del Potro<\/strong>.<\/a> Le Suisse a d\u00e9j\u00e0 remport\u00e9 trois tournois du Grand Chelem, dont Roland-Garros en 2015. Mais c&rsquo;est surtout un superbe joueur \u00e0 voir jouer, son revers \u00e0 une main \u00e9tant un mod\u00e8le du genre. Il est \u00e9galement extr\u00eamement combatif, ne s&rsquo;avoue jamais vaincu, et poss\u00e8de un immense capital sympathie aupr\u00e8s du public. Pour toutes ces raisons, le retour de Stan Wawrinka, peu importe combien de temps il durera, est une excellente nouvelle pour les fans de la petite balle jaune.<\/p>\n","protected":false},"excerpt":{"rendered":"<p>TENNIS &#8211; Absent du circuit depuis pratiquement un an, le Suisse Stan Wawrinka vient d&rsquo;annoncer son retour pour la saison sur terre battue, qui commence en avril. Il a \u00e9galement confirm\u00e9 qu&rsquo;il disputera le prochain tournoi de Roland-Garros.<\/p>\n","protected":false},"author":59,"featured_media":199361,"comment_status":"open","ping_status":"closed","sticky":false,"template":"","format":"standard","meta":{"_acf_changed":false,"_daextam_enable_autolinks":"","footnotes":""},"categories":[2302],"tags":[159,3923,136],"class_list":["post-199355","post","type-post","status-publish","format-standard","has-post-thumbnail","hentry","category-tennis","tag-roland-garros","tag-stan-wawrinka","tag-tennis"],"acf":[],"yoast_head":"<!-- This site is optimized with the Yoast SEO Premium plugin v26.7 (Yoast SEO v26.7) - https:\/\/yoast.com\/wordpress\/plugins\/seo\/ -->\n<title>Stan Wawrinka disputera Roland-Garros !<\/title>\n<meta name=\"description\" content=\"TENNIS - Stan Wawrinka sera de retour pour Roland-Garros en mai prochain, une annonce inattendue mais une excellente nouvelle.\" \/>\n<meta name=\"robots\" content=\"index, follow, max-snippet:-1, max-image-preview:large, max-video-preview:-1\" \/>\n<link rel=\"canonical\" href=\"https:\/\/dicodusport.fr\/blog\/stan-wawrinka-disputera-roland-garros\/\" \/>\n<meta property=\"og:locale\" content=\"fr_FR\" \/>\n<meta property=\"og:type\" content=\"article\" \/>\n<meta property=\"og:title\" content=\"Stan Wawrinka disputera Roland-Garros !\" \/>\n<meta property=\"og:description\" content=\"TENNIS - Stan Wawrinka sera de retour pour Roland-Garros en mai prochain, une annonce inattendue mais une excellente nouvelle.\" \/>\n<meta property=\"og:url\" content=\"https:\/\/dicodusport.fr\/blog\/stan-wawrinka-disputera-roland-garros\/\" \/>\n<meta property=\"og:site_name\" content=\"Dicodusport\" \/>\n<meta property=\"article:publisher\" content=\"https:\/\/www.facebook.com\/dicodusport\" \/>\n<meta property=\"article:author\" content=\"https:\/\/www.facebook.com\/sebastien.gente\/\" \/>\n<meta property=\"article:published_time\" content=\"2022-02-11T14:10:20+00:00\" \/>\n<meta property=\"og:image\" content=\"https:\/\/dicodusport.fr\/blog\/wp-content\/uploads\/2022\/02\/Stan-Wawrinka-disputera-Roland-Garros-.png\" \/>\n\t<meta property=\"og:image:width\" content=\"800\" \/>\n\t<meta property=\"og:image:height\" content=\"445\" \/>\n\t<meta property=\"og:image:type\" content=\"image\/png\" \/>\n<meta name=\"author\" content=\"S\u00e9bastien Gente\" \/>\n<meta name=\"twitter:card\" content=\"summary_large_image\" \/>\n<meta name=\"twitter:title\" content=\"Stan Wawrinka disputera Roland-Garros !\" \/>\n<meta name=\"twitter:creator\" content=\"@https:\/\/twitter.com\/globulo24\" \/>\n<meta name=\"twitter:site\" content=\"@dicodusport\" \/>\n<script type=\"application\/ld+json\" class=\"yoast-schema-graph\">{\"@context\":\"https:\/\/schema.org\",\"@graph\":[{\"@type\":\"NewsArticle\",\"@id\":\"https:\/\/dicodusport.fr\/blog\/stan-wawrinka-disputera-roland-garros\/#article\",\"isPartOf\":{\"@id\":\"https:\/\/dicodusport.fr\/blog\/stan-wawrinka-disputera-roland-garros\/\"},\"author\":{\"name\":\"S\u00e9bastien Gente\",\"@id\":\"https:\/\/dicodusport.fr\/blog\/#\/schema\/person\/627966a6cde45dbd8c5e36ac85d783da\"},\"headline\":\"Stan Wawrinka disputera Roland-Garros !\",\"datePublished\":\"2022-02-11T14:10:20+00:00\",\"mainEntityOfPage\":{\"@id\":\"https:\/\/dicodusport.fr\/blog\/stan-wawrinka-disputera-roland-garros\/\"},\"wordCount\":292,\"commentCount\":0,\"publisher\":{\"@id\":\"https:\/\/dicodusport.fr\/blog\/#organization\"},\"image\":{\"@id\":\"https:\/\/dicodusport.fr\/blog\/stan-wawrinka-disputera-roland-garros\/#primaryimage\"},\"thumbnailUrl\":\"https:\/\/dicodusport.fr\/blog\/wp-content\/uploads\/2022\/02\/Stan-Wawrinka-disputera-Roland-Garros-.png\",\"keywords\":[\"Roland-Garros\",\"Stan Wawrinka\",\"Tennis\"],\"articleSection\":[\"Tennis\"],\"inLanguage\":\"fr-FR\",\"potentialAction\":[{\"@type\":\"CommentAction\",\"name\":\"Comment\",\"target\":[\"https:\/\/dicodusport.fr\/blog\/stan-wawrinka-disputera-roland-garros\/#respond\"]}],\"copyrightYear\":\"2022\",\"copyrightHolder\":{\"@id\":\"https:\/\/dicodusport.fr\/blog\/#organization\"}},{\"@type\":\"WebPage\",\"@id\":\"https:\/\/dicodusport.fr\/blog\/stan-wawrinka-disputera-roland-garros\/\",\"url\":\"https:\/\/dicodusport.fr\/blog\/stan-wawrinka-disputera-roland-garros\/\",\"name\":\"Stan Wawrinka disputera Roland-Garros !\",\"isPartOf\":{\"@id\":\"https:\/\/dicodusport.fr\/blog\/#website\"},\"primaryImageOfPage\":{\"@id\":\"https:\/\/dicodusport.fr\/blog\/stan-wawrinka-disputera-roland-garros\/#primaryimage\"},\"image\":{\"@id\":\"https:\/\/dicodusport.fr\/blog\/stan-wawrinka-disputera-roland-garros\/#primaryimage\"},\"thumbnailUrl\":\"https:\/\/dicodusport.fr\/blog\/wp-content\/uploads\/2022\/02\/Stan-Wawrinka-disputera-Roland-Garros-.png\",\"datePublished\":\"2022-02-11T14:10:20+00:00\",\"description\":\"TENNIS - Stan Wawrinka sera de retour pour Roland-Garros en mai prochain, une annonce inattendue mais une excellente nouvelle.\",\"breadcrumb\":{\"@id\":\"https:\/\/dicodusport.fr\/blog\/stan-wawrinka-disputera-roland-garros\/#breadcrumb\"},\"inLanguage\":\"fr-FR\",\"potentialAction\":[{\"@type\":\"ReadAction\",\"target\":[\"https:\/\/dicodusport.fr\/blog\/stan-wawrinka-disputera-roland-garros\/\"]}]},{\"@type\":\"ImageObject\",\"inLanguage\":\"fr-FR\",\"@id\":\"https:\/\/dicodusport.fr\/blog\/stan-wawrinka-disputera-roland-garros\/#primaryimage\",\"url\":\"https:\/\/dicodusport.fr\/blog\/wp-content\/uploads\/2022\/02\/Stan-Wawrinka-disputera-Roland-Garros-.png\",\"contentUrl\":\"https:\/\/dicodusport.fr\/blog\/wp-content\/uploads\/2022\/02\/Stan-Wawrinka-disputera-Roland-Garros-.png\",\"width\":800,\"height\":445,\"caption\":\"Stan Wawrinka disputera Roland-Garros !\"},{\"@type\":\"BreadcrumbList\",\"@id\":\"https:\/\/dicodusport.fr\/blog\/stan-wawrinka-disputera-roland-garros\/#breadcrumb\",\"itemListElement\":[{\"@type\":\"ListItem\",\"position\":1,\"name\":\"Accueil\",\"item\":\"https:\/\/dicodusport.fr\/blog\/\"},{\"@type\":\"ListItem\",\"position\":2,\"name\":\"Stan Wawrinka disputera Roland-Garros !\"}]},{\"@type\":\"WebSite\",\"@id\":\"https:\/\/dicodusport.fr\/blog\/#website\",\"url\":\"https:\/\/dicodusport.fr\/blog\/\",\"name\":\"Dicodusport\",\"description\":\"L&#039;encyclop\u00e9die de l&#039;actualit\u00e9 sportive\",\"publisher\":{\"@id\":\"https:\/\/dicodusport.fr\/blog\/#organization\"},\"potentialAction\":[{\"@type\":\"SearchAction\",\"target\":{\"@type\":\"EntryPoint\",\"urlTemplate\":\"https:\/\/dicodusport.fr\/blog\/?s={search_term_string}\"},\"query-input\":{\"@type\":\"PropertyValueSpecification\",\"valueRequired\":true,\"valueName\":\"search_term_string\"}}],\"inLanguage\":\"fr-FR\"},{\"@type\":\"NewsMediaOrganization\",\"@id\":\"https:\/\/dicodusport.fr\/blog\/#organization\",\"name\":\"Dicodusport\",\"url\":\"https:\/\/dicodusport.fr\/blog\/\",\"logo\":{\"@type\":\"ImageObject\",\"inLanguage\":\"fr-FR\",\"@id\":\"https:\/\/dicodusport.fr\/blog\/#\/schema\/logo\/image\/\",\"url\":\"https:\/\/dicodusport.fr\/blog\/wp-content\/uploads\/2020\/06\/cropped-LOGO-DICODUSPORT-2020-SANS-FOND-SANS-TEXTE.png\",\"contentUrl\":\"https:\/\/dicodusport.fr\/blog\/wp-content\/uploads\/2020\/06\/cropped-LOGO-DICODUSPORT-2020-SANS-FOND-SANS-TEXTE.png\",\"width\":512,\"height\":512,\"caption\":\"Dicodusport\"},\"image\":{\"@id\":\"https:\/\/dicodusport.fr\/blog\/#\/schema\/logo\/image\/\"},\"sameAs\":[\"https:\/\/www.facebook.com\/dicodusport\",\"https:\/\/x.com\/dicodusport\",\"https:\/\/www.instagram.com\/dicodusport\/\",\"https:\/\/www.youtube.com\/channel\/UC7V2KZ5sd3htJivAbA4ZG3w\"],\"description\":\"Dicodusport est l'encyclop\u00e9die de l'actualit\u00e9 sportive.\",\"email\":\"bonjour@dicodusport.fr\",\"legalName\":\"DICODUSPORT\",\"foundingDate\":\"2018-01-14\",\"vatID\":\"FR71834470973\",\"taxID\":\"83447097300043\",\"numberOfEmployees\":{\"@type\":\"QuantitativeValue\",\"minValue\":\"1\",\"maxValue\":\"10\"}},{\"@type\":\"Person\",\"@id\":\"https:\/\/dicodusport.fr\/blog\/#\/schema\/person\/627966a6cde45dbd8c5e36ac85d783da\",\"name\":\"S\u00e9bastien Gente\",\"image\":{\"@type\":\"ImageObject\",\"inLanguage\":\"fr-FR\",\"@id\":\"https:\/\/dicodusport.fr\/blog\/#\/schema\/person\/image\/\",\"url\":\"https:\/\/dicodusport.fr\/blog\/wp-content\/uploads\/2021\/09\/1510990_10205810251400683_4124423575079401707_n-150x150.jpg\",\"contentUrl\":\"https:\/\/dicodusport.fr\/blog\/wp-content\/uploads\/2021\/09\/1510990_10205810251400683_4124423575079401707_n-150x150.jpg\",\"caption\":\"S\u00e9bastien Gente\"},\"description\":\"John Stockton, Gianni Bugno, Zinedine Zidane, Steffi Graf, Frode Andresen, St\u00e9phane Stoecklin, Davis Kamoga, Primoz Peterka, Werner Schlager et Aur\u00e9lien Rougerie. Point commun entre ces sportifs? Ils m'ont fait r\u00eaver et ont berc\u00e9 mon adolescence. Je suis un fondu de sports et j'essaie de retranscrire ma passion \u00e0 travers mes articles. Originaire du P\u00e9rigord, ma passion pour les Girondins, les Jaunards et les Jazzmen transpire dans mes \u00e9crits. \u00c0 Dicodusport depuis 2021, je d\u00e9niche les sports m\u00e9connus dans lesquels la France brille, et il y en a !\",\"sameAs\":[\"https:\/\/www.facebook.com\/sebastien.gente\/\",\"https:\/\/www.instagram.com\/sebgente\/\",\"https:\/\/www.linkedin.com\/in\/sbastien-gente-a29583169\/\",\"https:\/\/x.com\/https:\/\/twitter.com\/globulo24\",\"SebastienGente\"],\"worksFor\":\"S\u00e9bastien GENTE\",\"url\":\"https:\/\/dicodusport.fr\/blog\/author\/sebastiengente\/\"}]}<\/script>\n<!-- \/ Yoast SEO Premium plugin. -->","yoast_head_json":{"title":"Stan Wawrinka disputera Roland-Garros !","description":"TENNIS - Stan Wawrinka sera de retour pour Roland-Garros en mai prochain, une annonce inattendue mais une excellente nouvelle.","robots":{"index":"index","follow":"follow","max-snippet":"max-snippet:-1","max-image-preview":"max-image-preview:large","max-video-preview":"max-video-preview:-1"},"canonical":"https:\/\/dicodusport.fr\/blog\/stan-wawrinka-disputera-roland-garros\/","og_locale":"fr_FR","og_type":"article","og_title":"Stan Wawrinka disputera Roland-Garros !","og_description":"TENNIS - Stan Wawrinka sera de retour pour Roland-Garros en mai prochain, une annonce inattendue mais une excellente nouvelle.","og_url":"https:\/\/dicodusport.fr\/blog\/stan-wawrinka-disputera-roland-garros\/","og_site_name":"Dicodusport","article_publisher":"https:\/\/www.facebook.com\/dicodusport","article_author":"https:\/\/www.facebook.com\/sebastien.gente\/","article_published_time":"2022-02-11T14:10:20+00:00","og_image":[{"width":800,"height":445,"url":"https:\/\/dicodusport.fr\/blog\/wp-content\/uploads\/2022\/02\/Stan-Wawrinka-disputera-Roland-Garros-.png","type":"image\/png"}],"author":"S\u00e9bastien Gente","twitter_card":"summary_large_image","twitter_title":"Stan Wawrinka disputera Roland-Garros !","twitter_creator":"@https:\/\/twitter.com\/globulo24","twitter_site":"@dicodusport","schema":{"@context":"https:\/\/schema.org","@graph":[{"@type":"NewsArticle","@id":"https:\/\/dicodusport.fr\/blog\/stan-wawrinka-disputera-roland-garros\/#article","isPartOf":{"@id":"https:\/\/dicodusport.fr\/blog\/stan-wawrinka-disputera-roland-garros\/"},"author":{"name":"S\u00e9bastien Gente","@id":"https:\/\/dicodusport.fr\/blog\/#\/schema\/person\/627966a6cde45dbd8c5e36ac85d783da"},"headline":"Stan Wawrinka disputera Roland-Garros !","datePublished":"2022-02-11T14:10:20+00:00","mainEntityOfPage":{"@id":"https:\/\/dicodusport.fr\/blog\/stan-wawrinka-disputera-roland-garros\/"},"wordCount":292,"commentCount":0,"publisher":{"@id":"https:\/\/dicodusport.fr\/blog\/#organization"},"image":{"@id":"https:\/\/dicodusport.fr\/blog\/stan-wawrinka-disputera-roland-garros\/#primaryimage"},"thumbnailUrl":"https:\/\/dicodusport.fr\/blog\/wp-content\/uploads\/2022\/02\/Stan-Wawrinka-disputera-Roland-Garros-.png","keywords":["Roland-Garros","Stan Wawrinka","Tennis"],"articleSection":["Tennis"],"inLanguage":"fr-FR","potentialAction":[{"@type":"CommentAction","name":"Comment","target":["https:\/\/dicodusport.fr\/blog\/stan-wawrinka-disputera-roland-garros\/#respond"]}],"copyrightYear":"2022","copyrightHolder":{"@id":"https:\/\/dicodusport.fr\/blog\/#organization"}},{"@type":"WebPage","@id":"https:\/\/dicodusport.fr\/blog\/stan-wawrinka-disputera-roland-garros\/","url":"https:\/\/dicodusport.fr\/blog\/stan-wawrinka-disputera-roland-garros\/","name":"Stan Wawrinka disputera Roland-Garros !","isPartOf":{"@id":"https:\/\/dicodusport.fr\/blog\/#website"},"primaryImageOfPage":{"@id":"https:\/\/dicodusport.fr\/blog\/stan-wawrinka-disputera-roland-garros\/#primaryimage"},"image":{"@id":"https:\/\/dicodusport.fr\/blog\/stan-wawrinka-disputera-roland-garros\/#primaryimage"},"thumbnailUrl":"https:\/\/dicodusport.fr\/blog\/wp-content\/uploads\/2022\/02\/Stan-Wawrinka-disputera-Roland-Garros-.png","datePublished":"2022-02-11T14:10:20+00:00","description":"TENNIS - Stan Wawrinka sera de retour pour Roland-Garros en mai prochain, une annonce inattendue mais une excellente nouvelle.","breadcrumb":{"@id":"https:\/\/dicodusport.fr\/blog\/stan-wawrinka-disputera-roland-garros\/#breadcrumb"},"inLanguage":"fr-FR","potentialAction":[{"@type":"ReadAction","target":["https:\/\/dicodusport.fr\/blog\/stan-wawrinka-disputera-roland-garros\/"]}]},{"@type":"ImageObject","inLanguage":"fr-FR","@id":"https:\/\/dicodusport.fr\/blog\/stan-wawrinka-disputera-roland-garros\/#primaryimage","url":"https:\/\/dicodusport.fr\/blog\/wp-content\/uploads\/2022\/02\/Stan-Wawrinka-disputera-Roland-Garros-.png","contentUrl":"https:\/\/dicodusport.fr\/blog\/wp-content\/uploads\/2022\/02\/Stan-Wawrinka-disputera-Roland-Garros-.png","width":800,"height":445,"caption":"Stan Wawrinka disputera Roland-Garros !"},{"@type":"BreadcrumbList","@id":"https:\/\/dicodusport.fr\/blog\/stan-wawrinka-disputera-roland-garros\/#breadcrumb","itemListElement":[{"@type":"ListItem","position":1,"name":"Accueil","item":"https:\/\/dicodusport.fr\/blog\/"},{"@type":"ListItem","position":2,"name":"Stan Wawrinka disputera Roland-Garros !"}]},{"@type":"WebSite","@id":"https:\/\/dicodusport.fr\/blog\/#website","url":"https:\/\/dicodusport.fr\/blog\/","name":"Dicodusport","description":"L&#039;encyclop\u00e9die de l&#039;actualit\u00e9 sportive","publisher":{"@id":"https:\/\/dicodusport.fr\/blog\/#organization"},"potentialAction":[{"@type":"SearchAction","target":{"@type":"EntryPoint","urlTemplate":"https:\/\/dicodusport.fr\/blog\/?s={search_term_string}"},"query-input":{"@type":"PropertyValueSpecification","valueRequired":true,"valueName":"search_term_string"}}],"inLanguage":"fr-FR"},{"@type":"NewsMediaOrganization","@id":"https:\/\/dicodusport.fr\/blog\/#organization","name":"Dicodusport","url":"https:\/\/dicodusport.fr\/blog\/","logo":{"@type":"ImageObject","inLanguage":"fr-FR","@id":"https:\/\/dicodusport.fr\/blog\/#\/schema\/logo\/image\/","url":"https:\/\/dicodusport.fr\/blog\/wp-content\/uploads\/2020\/06\/cropped-LOGO-DICODUSPORT-2020-SANS-FOND-SANS-TEXTE.png","contentUrl":"https:\/\/dicodusport.fr\/blog\/wp-content\/uploads\/2020\/06\/cropped-LOGO-DICODUSPORT-2020-SANS-FOND-SANS-TEXTE.png","width":512,"height":512,"caption":"Dicodusport"},"image":{"@id":"https:\/\/dicodusport.fr\/blog\/#\/schema\/logo\/image\/"},"sameAs":["https:\/\/www.facebook.com\/dicodusport","https:\/\/x.com\/dicodusport","https:\/\/www.instagram.com\/dicodusport\/","https:\/\/www.youtube.com\/channel\/UC7V2KZ5sd3htJivAbA4ZG3w"],"description":"Dicodusport est l'encyclop\u00e9die de l'actualit\u00e9 sportive.","email":"bonjour@dicodusport.fr","legalName":"DICODUSPORT","foundingDate":"2018-01-14","vatID":"FR71834470973","taxID":"83447097300043","numberOfEmployees":{"@type":"QuantitativeValue","minValue":"1","maxValue":"10"}},{"@type":"Person","@id":"https:\/\/dicodusport.fr\/blog\/#\/schema\/person\/627966a6cde45dbd8c5e36ac85d783da","name":"S\u00e9bastien Gente","image":{"@type":"ImageObject","inLanguage":"fr-FR","@id":"https:\/\/dicodusport.fr\/blog\/#\/schema\/person\/image\/","url":"https:\/\/dicodusport.fr\/blog\/wp-content\/uploads\/2021\/09\/1510990_10205810251400683_4124423575079401707_n-150x150.jpg","contentUrl":"https:\/\/dicodusport.fr\/blog\/wp-content\/uploads\/2021\/09\/1510990_10205810251400683_4124423575079401707_n-150x150.jpg","caption":"S\u00e9bastien Gente"},"description":"John Stockton, Gianni Bugno, Zinedine Zidane, Steffi Graf, Frode Andresen, St\u00e9phane Stoecklin, Davis Kamoga, Primoz Peterka, Werner Schlager et Aur\u00e9lien Rougerie. Point commun entre ces sportifs? Ils m'ont fait r\u00eaver et ont berc\u00e9 mon adolescence. Je suis un fondu de sports et j'essaie de retranscrire ma passion \u00e0 travers mes articles. Originaire du P\u00e9rigord, ma passion pour les Girondins, les Jaunards et les Jazzmen transpire dans mes \u00e9crits. \u00c0 Dicodusport depuis 2021, je d\u00e9niche les sports m\u00e9connus dans lesquels la France brille, et il y en a !","sameAs":["https:\/\/www.facebook.com\/sebastien.gente\/","https:\/\/www.instagram.com\/sebgente\/","https:\/\/www.linkedin.com\/in\/sbastien-gente-a29583169\/","https:\/\/x.com\/https:\/\/twitter.com\/globulo24","SebastienGente"],"worksFor":"S\u00e9bastien GENTE","url":"https:\/\/dicodusport.fr\/blog\/author\/sebastiengente\/"}]}},"_links":{"self":[{"href":"https:\/\/dicodusport.fr\/blog\/wp-json\/wp\/v2\/posts\/199355","targetHints":{"allow":["GET"]}}],"collection":[{"href":"https:\/\/dicodusport.fr\/blog\/wp-json\/wp\/v2\/posts"}],"about":[{"href":"https:\/\/dicodusport.fr\/blog\/wp-json\/wp\/v2\/types\/post"}],"author":[{"embeddable":true,"href":"https:\/\/dicodusport.fr\/blog\/wp-json\/wp\/v2\/users\/59"}],"replies":[{"embeddable":true,"href":"https:\/\/dicodusport.fr\/blog\/wp-json\/wp\/v2\/comments?post=199355"}],"version-history":[{"count":0,"href":"https:\/\/dicodusport.fr\/blog\/wp-json\/wp\/v2\/posts\/199355\/revisions"}],"wp:featuredmedia":[{"embeddable":true,"href":"https:\/\/dicodusport.fr\/blog\/wp-json\/wp\/v2\/media\/199361"}],"wp:attachment":[{"href":"https:\/\/dicodusport.fr\/blog\/wp-json\/wp\/v2\/media?parent=199355"}],"wp:term":[{"taxonomy":"category","embeddable":true,"href":"https:\/\/dicodusport.fr\/blog\/wp-json\/wp\/v2\/categories?post=199355"},{"taxonomy":"post_tag","embeddable":true,"href":"https:\/\/dicodusport.fr\/blog\/wp-json\/wp\/v2\/tags?post=199355"}],"curies":[{"name":"wp","href":"https:\/\/api.w.org\/{rel}","templated":true}]}}