{"id":199439,"date":"2022-02-11T22:56:21","date_gmt":"2022-02-11T21:56:21","guid":{"rendered":"https:\/\/dicodusport.fr\/blog\/?p=199439&#038;preview=true&#038;preview_id=199439"},"modified":"2022-02-11T23:11:52","modified_gmt":"2022-02-11T22:11:52","slug":"6-nations-u20-les-bleuets-s-inclinent-face-irlande","status":"publish","type":"post","link":"https:\/\/dicodusport.fr\/blog\/6-nations-u20-les-bleuets-s-inclinent-face-irlande\/","title":{"rendered":"6 Nations U20 : Les Bleuets s&rsquo;inclinent face \u00e0 l&rsquo;Irlande"},"content":{"rendered":"<p style=\"text-align: justify;\"><strong><em>TOURNOI DES 6 NATIONS U20 &#8211; Cruel ! Les Bleuets se sont inclin\u00e9s dans les derni\u00e8res secondes face \u00e0 l&rsquo;Irlande \u00e0 Aix-en-Provence (16-17), dans le cadre de la 2\u00e8me journ\u00e9e du 6 Nations.<\/em><\/strong><\/p>\n<p style=\"text-align: justify;\">Le tout d\u00e9but de match \u00e9tait plut\u00f4t \u00e0 l&rsquo;avantage des Bleuets. D\u00e8s la 6\u00e8me minute, <strong>Max Auriac<\/strong>, le Toulousain, passait une p\u00e9nalit\u00e9 en faveur de l&rsquo;\u00e9quipe de France (3-0). Pourtant, au quart d&rsquo;heure de jeu, un premier frisson traverse le camp tricolore. Les Irlandais vont \u00e0 l&rsquo;essai sur un maul gr\u00e2ce \u00e0 <strong>Morrissey<\/strong>. Oui mais voil\u00e0, un joueur du Tr\u00e8fle se trouve hors-jeu devant le porteur de balle. L&rsquo;essai est refus\u00e9, tant mieux pour les Bleuets. Car derri\u00e8re, ce sont eux qui mettent \u00e0 l&rsquo;amende la rel\u00e8ve irlandaise. Le pilier de l&rsquo;USAP <strong>Victor Montgaillard<\/strong> marque le premier essai bleu apr\u00e8s une belle combinaison en touche. Auriac transforme (10-0, 28&prime;).<\/p>\n<p style=\"text-align: justify;\">N\u00e9anmoins, fid\u00e8les \u00e0 leur r\u00e9putation, les Irlandais font preuve de fighting-spirit. Peu apr\u00e8s la demi-heure de jeu, <strong>McGuire<\/strong>, apr\u00e8s une s\u00e9rie de pick and go, aplatit le premier essai des hommes en vert, transform\u00e9 par <strong>Tector<\/strong> (10-7, 33&prime;). Toutefois, les Fran\u00e7ais se montrent s\u00e9rieux et basculent donc devant \u00e0 la pause (10-7).<\/p>\n<h2 style=\"text-align: justify;\"><strong>Cruel pour les Bleuets<\/strong><\/h2>\n<p style=\"text-align: justify;\">Domin\u00e9s dans la possession lors du premier acte, les Tricolores font preuve de solidit\u00e9. Au retour des vestiaires, sur une nouvelle faute irlandaise, <strong>Max Auriac<\/strong> enquille une nouvelle p\u00e9nalit\u00e9 (13-7, 45&prime;). Dix minutes plus tard, <strong>Tector<\/strong> permet aux siens de recoller aux 3 points, l\u00e0 aussi sur une p\u00e9nalit\u00e9 (13-10, 55&prime;). Mais efficaces dans le conservation du ballon, les Bleuets obtiennent une nouvelle p\u00e9nalit\u00e9 face aux poteaux, convertie par <strong>Max Auriac<\/strong> (16-10, 58&prime;).<\/p>\n<p style=\"text-align: justify;\">Dans le d\u00e9sordre, les Fran\u00e7ais parviennent \u00e0 tenir l&rsquo;\u00e9cart au score. Mais la fin de rencontre sera cruelle pour les jeunes bleus. R\u00e9duits \u00e0 14 apr\u00e8s une accumulation de fautes pr\u00e8s de leur ligne d&rsquo;essai, les Bleuets encaissent un essai dans les derni\u00e8res secondes sign\u00e9 <strong>Brownlee<\/strong>. Ce dernier est transform\u00e9 par <strong>Tector<\/strong>. L&rsquo;\u00e9quipe de France U20 s&rsquo;incline (16-17) et loupe une occasion en or de faire une excellente op\u00e9ration car dans le m\u00eame temps, l&rsquo;Angleterre s&rsquo;est inclin\u00e9e en Italie (!), 6-0. Le Grand Chelem, ce ne sera pas encore pour cette ann\u00e9e.<\/p>\n<blockquote class=\"twitter-tweet\">\n<p dir=\"ltr\" lang=\"fr\">&#x1f614; CRUEL POUR LES BLEUETS ! <a href=\"https:\/\/twitter.com\/hashtag\/FranceU20?src=hash&amp;ref_src=twsrc%5Etfw\">#FranceU20<\/a> s&rsquo;incline dans les derni\u00e8res secondes face \u00e0 l&rsquo;Irlande &#x1f614; <a href=\"https:\/\/twitter.com\/hashtag\/FRAIRL?src=hash&amp;ref_src=twsrc%5Etfw\">#FRAIRL<\/a> <a href=\"https:\/\/t.co\/XkkGBnNNNW\">pic.twitter.com\/XkkGBnNNNW<\/a><\/p>\n<p>\u2014 Dicodusport &#x2b50;&#x2b50; (@dicodusport) <a href=\"https:\/\/twitter.com\/dicodusport\/status\/1492254181108948995?ref_src=twsrc%5Etfw\">February 11, 2022<\/a><\/p><\/blockquote>\n<p><script async src=\"https:\/\/platform.twitter.com\/widgets.js\" charset=\"utf-8\"><\/script><\/p>\n<ul>\n<li style=\"text-align: justify;\"><strong>\u00c0 lire aussi &#8211; <a href=\"https:\/\/dicodusport.fr\/blog\/tournoi-6-nations-u20-2022-calendrier-resultats-classement\/\">Calendrier, r\u00e9sultats et classement du 6 Nations U20<\/a><\/strong><\/li>\n<\/ul>\n","protected":false},"excerpt":{"rendered":"<p>TOURNOI DES 6 NATIONS U20 &#8211; Cruel ! Les Bleuets se sont inclin\u00e9s dans les derni\u00e8res secondes face \u00e0 l&rsquo;Irlande \u00e0 Aix-en-Provence (16-17), dans le cadre de la 2\u00e8me journ\u00e9e du 6 Nations.<\/p>\n","protected":false},"author":4,"featured_media":199479,"comment_status":"open","ping_status":"closed","sticky":false,"template":"","format":"standard","meta":{"_acf_changed":false,"_daextam_enable_autolinks":"","footnotes":""},"categories":[9129,47048,19951],"tags":[7164,6951,24,13442,1638],"class_list":["post-199439","post","type-post","status-publish","format-standard","has-post-thumbnail","hentry","category-rugby-a-xv","category-tournoi-des-6-nations","category-xv-de-france","tag-6-nations-u20","tag-france-u20","tag-sport","tag-tournoi-des-6-nations-u20","tag-xv-de-france"],"acf":[],"yoast_head":"<!-- This site is optimized with the Yoast SEO Premium plugin v26.7 (Yoast SEO v26.7) - https:\/\/yoast.com\/wordpress\/plugins\/seo\/ -->\n<title>6 Nations U20 : Les Bleuets s&#039;inclinent face \u00e0 l&#039;Irlande<\/title>\n<meta name=\"description\" content=\"TOURNOI DES 6 NATIONS U20 - Cruel ! Les Bleuets se sont inclin\u00e9s dans les derni\u00e8res secondes face \u00e0 l&#039;Irlande \u00e0 Aix-en-Provence (16-17).\" \/>\n<meta name=\"robots\" content=\"index, follow, max-snippet:-1, max-image-preview:large, max-video-preview:-1\" \/>\n<link rel=\"canonical\" href=\"https:\/\/dicodusport.fr\/blog\/6-nations-u20-les-bleuets-s-inclinent-face-irlande\/\" \/>\n<meta property=\"og:locale\" content=\"fr_FR\" \/>\n<meta property=\"og:type\" content=\"article\" \/>\n<meta property=\"og:title\" content=\"6 Nations U20 : Les Bleuets s&#039;inclinent face \u00e0 l&#039;Irlande\" \/>\n<meta property=\"og:description\" content=\"TOURNOI DES 6 NATIONS U20 - Cruel ! Les Bleuets se sont inclin\u00e9s dans les derni\u00e8res secondes face \u00e0 l&#039;Irlande \u00e0 Aix-en-Provence (16-17).\" \/>\n<meta property=\"og:url\" content=\"https:\/\/dicodusport.fr\/blog\/6-nations-u20-les-bleuets-s-inclinent-face-irlande\/\" \/>\n<meta property=\"og:site_name\" content=\"Dicodusport\" \/>\n<meta property=\"article:publisher\" content=\"https:\/\/www.facebook.com\/dicodusport\" \/>\n<meta property=\"article:author\" content=\"https:\/\/www.facebook.com\/florent.ostermann\" \/>\n<meta property=\"article:published_time\" content=\"2022-02-11T21:56:21+00:00\" \/>\n<meta property=\"article:modified_time\" content=\"2022-02-11T22:11:52+00:00\" \/>\n<meta property=\"og:image\" content=\"https:\/\/dicodusport.fr\/blog\/wp-content\/uploads\/2022\/02\/6-Nations-U20-Les-Bleuets-sinclinent-face-a-lIrlande.png\" \/>\n\t<meta property=\"og:image:width\" content=\"800\" \/>\n\t<meta property=\"og:image:height\" content=\"445\" \/>\n\t<meta property=\"og:image:type\" content=\"image\/png\" \/>\n<meta name=\"author\" content=\"Flo Ostermann\" \/>\n<meta name=\"twitter:card\" content=\"summary_large_image\" \/>\n<meta name=\"twitter:title\" content=\"6 Nations U20 : Les Bleuets s&#039;inclinent face \u00e0 l&#039;Irlande\" \/>\n<meta name=\"twitter:creator\" content=\"@https:\/\/twitter.com\/FlOstermann\" \/>\n<meta name=\"twitter:site\" content=\"@dicodusport\" \/>\n<script type=\"application\/ld+json\" class=\"yoast-schema-graph\">{\"@context\":\"https:\/\/schema.org\",\"@graph\":[{\"@type\":\"NewsArticle\",\"@id\":\"https:\/\/dicodusport.fr\/blog\/6-nations-u20-les-bleuets-s-inclinent-face-irlande\/#article\",\"isPartOf\":{\"@id\":\"https:\/\/dicodusport.fr\/blog\/6-nations-u20-les-bleuets-s-inclinent-face-irlande\/\"},\"author\":{\"name\":\"Flo Ostermann\",\"@id\":\"https:\/\/dicodusport.fr\/blog\/#\/schema\/person\/cb02af4c173ce4a653b55e9baf388d4a\"},\"headline\":\"6 Nations U20 : Les Bleuets s&rsquo;inclinent face \u00e0 l&rsquo;Irlande\",\"datePublished\":\"2022-02-11T21:56:21+00:00\",\"dateModified\":\"2022-02-11T22:11:52+00:00\",\"mainEntityOfPage\":{\"@id\":\"https:\/\/dicodusport.fr\/blog\/6-nations-u20-les-bleuets-s-inclinent-face-irlande\/\"},\"wordCount\":441,\"commentCount\":0,\"publisher\":{\"@id\":\"https:\/\/dicodusport.fr\/blog\/#organization\"},\"image\":{\"@id\":\"https:\/\/dicodusport.fr\/blog\/6-nations-u20-les-bleuets-s-inclinent-face-irlande\/#primaryimage\"},\"thumbnailUrl\":\"https:\/\/dicodusport.fr\/blog\/wp-content\/uploads\/2022\/02\/6-Nations-U20-Les-Bleuets-sinclinent-face-a-lIrlande.png\",\"keywords\":[\"6 Nations U20\",\"France U20\",\"sport\",\"tournoi des 6 nations u20\",\"XV de France\"],\"articleSection\":[\"Rugby \u00e0 XV\",\"Tournoi des 6 Nations\",\"XV de France\"],\"inLanguage\":\"fr-FR\",\"potentialAction\":[{\"@type\":\"CommentAction\",\"name\":\"Comment\",\"target\":[\"https:\/\/dicodusport.fr\/blog\/6-nations-u20-les-bleuets-s-inclinent-face-irlande\/#respond\"]}],\"copyrightYear\":\"2022\",\"copyrightHolder\":{\"@id\":\"https:\/\/dicodusport.fr\/blog\/#organization\"}},{\"@type\":\"WebPage\",\"@id\":\"https:\/\/dicodusport.fr\/blog\/6-nations-u20-les-bleuets-s-inclinent-face-irlande\/\",\"url\":\"https:\/\/dicodusport.fr\/blog\/6-nations-u20-les-bleuets-s-inclinent-face-irlande\/\",\"name\":\"6 Nations U20 : Les Bleuets s'inclinent face \u00e0 l'Irlande\",\"isPartOf\":{\"@id\":\"https:\/\/dicodusport.fr\/blog\/#website\"},\"primaryImageOfPage\":{\"@id\":\"https:\/\/dicodusport.fr\/blog\/6-nations-u20-les-bleuets-s-inclinent-face-irlande\/#primaryimage\"},\"image\":{\"@id\":\"https:\/\/dicodusport.fr\/blog\/6-nations-u20-les-bleuets-s-inclinent-face-irlande\/#primaryimage\"},\"thumbnailUrl\":\"https:\/\/dicodusport.fr\/blog\/wp-content\/uploads\/2022\/02\/6-Nations-U20-Les-Bleuets-sinclinent-face-a-lIrlande.png\",\"datePublished\":\"2022-02-11T21:56:21+00:00\",\"dateModified\":\"2022-02-11T22:11:52+00:00\",\"description\":\"TOURNOI DES 6 NATIONS U20 - Cruel ! Les Bleuets se sont inclin\u00e9s dans les derni\u00e8res secondes face \u00e0 l'Irlande \u00e0 Aix-en-Provence (16-17).\",\"breadcrumb\":{\"@id\":\"https:\/\/dicodusport.fr\/blog\/6-nations-u20-les-bleuets-s-inclinent-face-irlande\/#breadcrumb\"},\"inLanguage\":\"fr-FR\",\"potentialAction\":[{\"@type\":\"ReadAction\",\"target\":[\"https:\/\/dicodusport.fr\/blog\/6-nations-u20-les-bleuets-s-inclinent-face-irlande\/\"]}]},{\"@type\":\"ImageObject\",\"inLanguage\":\"fr-FR\",\"@id\":\"https:\/\/dicodusport.fr\/blog\/6-nations-u20-les-bleuets-s-inclinent-face-irlande\/#primaryimage\",\"url\":\"https:\/\/dicodusport.fr\/blog\/wp-content\/uploads\/2022\/02\/6-Nations-U20-Les-Bleuets-sinclinent-face-a-lIrlande.png\",\"contentUrl\":\"https:\/\/dicodusport.fr\/blog\/wp-content\/uploads\/2022\/02\/6-Nations-U20-Les-Bleuets-sinclinent-face-a-lIrlande.png\",\"width\":800,\"height\":445,\"caption\":\"6 Nations U20 Les Bleuets s'inclinent face \u00e0 l'Irlande\"},{\"@type\":\"BreadcrumbList\",\"@id\":\"https:\/\/dicodusport.fr\/blog\/6-nations-u20-les-bleuets-s-inclinent-face-irlande\/#breadcrumb\",\"itemListElement\":[{\"@type\":\"ListItem\",\"position\":1,\"name\":\"Accueil\",\"item\":\"https:\/\/dicodusport.fr\/blog\/\"},{\"@type\":\"ListItem\",\"position\":2,\"name\":\"6 Nations U20 : Les Bleuets s&rsquo;inclinent face \u00e0 l&rsquo;Irlande\"}]},{\"@type\":\"WebSite\",\"@id\":\"https:\/\/dicodusport.fr\/blog\/#website\",\"url\":\"https:\/\/dicodusport.fr\/blog\/\",\"name\":\"Dicodusport\",\"description\":\"L&#039;encyclop\u00e9die de l&#039;actualit\u00e9 sportive\",\"publisher\":{\"@id\":\"https:\/\/dicodusport.fr\/blog\/#organization\"},\"potentialAction\":[{\"@type\":\"SearchAction\",\"target\":{\"@type\":\"EntryPoint\",\"urlTemplate\":\"https:\/\/dicodusport.fr\/blog\/?s={search_term_string}\"},\"query-input\":{\"@type\":\"PropertyValueSpecification\",\"valueRequired\":true,\"valueName\":\"search_term_string\"}}],\"inLanguage\":\"fr-FR\"},{\"@type\":\"NewsMediaOrganization\",\"@id\":\"https:\/\/dicodusport.fr\/blog\/#organization\",\"name\":\"Dicodusport\",\"url\":\"https:\/\/dicodusport.fr\/blog\/\",\"logo\":{\"@type\":\"ImageObject\",\"inLanguage\":\"fr-FR\",\"@id\":\"https:\/\/dicodusport.fr\/blog\/#\/schema\/logo\/image\/\",\"url\":\"https:\/\/dicodusport.fr\/blog\/wp-content\/uploads\/2020\/06\/cropped-LOGO-DICODUSPORT-2020-SANS-FOND-SANS-TEXTE.png\",\"contentUrl\":\"https:\/\/dicodusport.fr\/blog\/wp-content\/uploads\/2020\/06\/cropped-LOGO-DICODUSPORT-2020-SANS-FOND-SANS-TEXTE.png\",\"width\":512,\"height\":512,\"caption\":\"Dicodusport\"},\"image\":{\"@id\":\"https:\/\/dicodusport.fr\/blog\/#\/schema\/logo\/image\/\"},\"sameAs\":[\"https:\/\/www.facebook.com\/dicodusport\",\"https:\/\/x.com\/dicodusport\",\"https:\/\/www.instagram.com\/dicodusport\/\",\"https:\/\/www.youtube.com\/channel\/UC7V2KZ5sd3htJivAbA4ZG3w\"],\"description\":\"Dicodusport est l'encyclop\u00e9die de l'actualit\u00e9 sportive.\",\"email\":\"bonjour@dicodusport.fr\",\"legalName\":\"DICODUSPORT\",\"foundingDate\":\"2018-01-14\",\"vatID\":\"FR71834470973\",\"taxID\":\"83447097300043\",\"numberOfEmployees\":{\"@type\":\"QuantitativeValue\",\"minValue\":\"1\",\"maxValue\":\"10\"}},{\"@type\":\"Person\",\"@id\":\"https:\/\/dicodusport.fr\/blog\/#\/schema\/person\/cb02af4c173ce4a653b55e9baf388d4a\",\"name\":\"Flo Ostermann\",\"image\":{\"@type\":\"ImageObject\",\"inLanguage\":\"fr-FR\",\"@id\":\"https:\/\/dicodusport.fr\/blog\/#\/schema\/person\/image\/\",\"url\":\"https:\/\/dicodusport.fr\/blog\/wp-content\/uploads\/2021\/05\/Flo-Ostermann-150x150.jpg\",\"contentUrl\":\"https:\/\/dicodusport.fr\/blog\/wp-content\/uploads\/2021\/05\/Flo-Ostermann-150x150.jpg\",\"caption\":\"Flo Ostermann\"},\"description\":\"Journaliste\/R\u00e9dacteur depuis septembre 2015 - Mes premiers souvenirs dans le sport ? Les envol\u00e9es du Stade Toulousain et les duels Villeneuve-Schumacher et H\u00e4kkinen-Schumacher \u00e0 la fin des ann\u00e9es 90, la Coupe du monde de football en 1998, l\u2019exploit du XV de France face aux All Blacks en 1999, mais aussi Richard C\u0153ur de Lion qui vole sur les montagnes du Tour de France. Bien parti pour devenir professeur d\u2019EPS, les \u00e9v\u00e9nements de la vie (et la flemme d\u2019animer des s\u00e9ances de 3x500 m\u00e8tres toute ma vie) m\u2019ont conduit \u00e0 revoir mes plans. Me voil\u00e0 depuis fin 2017 sur Dicodusport, m\u00e9dia gr\u00e2ce (et pour) lequel je partage ma passion : le sport dans tous ses \u00e9tats. Le tout accompagn\u00e9 par les fous furieux et folles furieuses cit\u00e9s sur cette page !\",\"sameAs\":[\"https:\/\/www.facebook.com\/florent.ostermann\",\"https:\/\/x.com\/https:\/\/twitter.com\/FlOstermann\",\"admin\"],\"url\":\"https:\/\/dicodusport.fr\/blog\/author\/flo\/\"}]}<\/script>\n<!-- \/ Yoast SEO Premium plugin. -->","yoast_head_json":{"title":"6 Nations U20 : Les Bleuets s'inclinent face \u00e0 l'Irlande","description":"TOURNOI DES 6 NATIONS U20 - Cruel ! Les Bleuets se sont inclin\u00e9s dans les derni\u00e8res secondes face \u00e0 l'Irlande \u00e0 Aix-en-Provence (16-17).","robots":{"index":"index","follow":"follow","max-snippet":"max-snippet:-1","max-image-preview":"max-image-preview:large","max-video-preview":"max-video-preview:-1"},"canonical":"https:\/\/dicodusport.fr\/blog\/6-nations-u20-les-bleuets-s-inclinent-face-irlande\/","og_locale":"fr_FR","og_type":"article","og_title":"6 Nations U20 : Les Bleuets s'inclinent face \u00e0 l'Irlande","og_description":"TOURNOI DES 6 NATIONS U20 - Cruel ! Les Bleuets se sont inclin\u00e9s dans les derni\u00e8res secondes face \u00e0 l'Irlande \u00e0 Aix-en-Provence (16-17).","og_url":"https:\/\/dicodusport.fr\/blog\/6-nations-u20-les-bleuets-s-inclinent-face-irlande\/","og_site_name":"Dicodusport","article_publisher":"https:\/\/www.facebook.com\/dicodusport","article_author":"https:\/\/www.facebook.com\/florent.ostermann","article_published_time":"2022-02-11T21:56:21+00:00","article_modified_time":"2022-02-11T22:11:52+00:00","og_image":[{"width":800,"height":445,"url":"https:\/\/dicodusport.fr\/blog\/wp-content\/uploads\/2022\/02\/6-Nations-U20-Les-Bleuets-sinclinent-face-a-lIrlande.png","type":"image\/png"}],"author":"Flo Ostermann","twitter_card":"summary_large_image","twitter_title":"6 Nations U20 : Les Bleuets s'inclinent face \u00e0 l'Irlande","twitter_creator":"@https:\/\/twitter.com\/FlOstermann","twitter_site":"@dicodusport","schema":{"@context":"https:\/\/schema.org","@graph":[{"@type":"NewsArticle","@id":"https:\/\/dicodusport.fr\/blog\/6-nations-u20-les-bleuets-s-inclinent-face-irlande\/#article","isPartOf":{"@id":"https:\/\/dicodusport.fr\/blog\/6-nations-u20-les-bleuets-s-inclinent-face-irlande\/"},"author":{"name":"Flo Ostermann","@id":"https:\/\/dicodusport.fr\/blog\/#\/schema\/person\/cb02af4c173ce4a653b55e9baf388d4a"},"headline":"6 Nations U20 : Les Bleuets s&rsquo;inclinent face \u00e0 l&rsquo;Irlande","datePublished":"2022-02-11T21:56:21+00:00","dateModified":"2022-02-11T22:11:52+00:00","mainEntityOfPage":{"@id":"https:\/\/dicodusport.fr\/blog\/6-nations-u20-les-bleuets-s-inclinent-face-irlande\/"},"wordCount":441,"commentCount":0,"publisher":{"@id":"https:\/\/dicodusport.fr\/blog\/#organization"},"image":{"@id":"https:\/\/dicodusport.fr\/blog\/6-nations-u20-les-bleuets-s-inclinent-face-irlande\/#primaryimage"},"thumbnailUrl":"https:\/\/dicodusport.fr\/blog\/wp-content\/uploads\/2022\/02\/6-Nations-U20-Les-Bleuets-sinclinent-face-a-lIrlande.png","keywords":["6 Nations U20","France U20","sport","tournoi des 6 nations u20","XV de France"],"articleSection":["Rugby \u00e0 XV","Tournoi des 6 Nations","XV de France"],"inLanguage":"fr-FR","potentialAction":[{"@type":"CommentAction","name":"Comment","target":["https:\/\/dicodusport.fr\/blog\/6-nations-u20-les-bleuets-s-inclinent-face-irlande\/#respond"]}],"copyrightYear":"2022","copyrightHolder":{"@id":"https:\/\/dicodusport.fr\/blog\/#organization"}},{"@type":"WebPage","@id":"https:\/\/dicodusport.fr\/blog\/6-nations-u20-les-bleuets-s-inclinent-face-irlande\/","url":"https:\/\/dicodusport.fr\/blog\/6-nations-u20-les-bleuets-s-inclinent-face-irlande\/","name":"6 Nations U20 : Les Bleuets s'inclinent face \u00e0 l'Irlande","isPartOf":{"@id":"https:\/\/dicodusport.fr\/blog\/#website"},"primaryImageOfPage":{"@id":"https:\/\/dicodusport.fr\/blog\/6-nations-u20-les-bleuets-s-inclinent-face-irlande\/#primaryimage"},"image":{"@id":"https:\/\/dicodusport.fr\/blog\/6-nations-u20-les-bleuets-s-inclinent-face-irlande\/#primaryimage"},"thumbnailUrl":"https:\/\/dicodusport.fr\/blog\/wp-content\/uploads\/2022\/02\/6-Nations-U20-Les-Bleuets-sinclinent-face-a-lIrlande.png","datePublished":"2022-02-11T21:56:21+00:00","dateModified":"2022-02-11T22:11:52+00:00","description":"TOURNOI DES 6 NATIONS U20 - Cruel ! Les Bleuets se sont inclin\u00e9s dans les derni\u00e8res secondes face \u00e0 l'Irlande \u00e0 Aix-en-Provence (16-17).","breadcrumb":{"@id":"https:\/\/dicodusport.fr\/blog\/6-nations-u20-les-bleuets-s-inclinent-face-irlande\/#breadcrumb"},"inLanguage":"fr-FR","potentialAction":[{"@type":"ReadAction","target":["https:\/\/dicodusport.fr\/blog\/6-nations-u20-les-bleuets-s-inclinent-face-irlande\/"]}]},{"@type":"ImageObject","inLanguage":"fr-FR","@id":"https:\/\/dicodusport.fr\/blog\/6-nations-u20-les-bleuets-s-inclinent-face-irlande\/#primaryimage","url":"https:\/\/dicodusport.fr\/blog\/wp-content\/uploads\/2022\/02\/6-Nations-U20-Les-Bleuets-sinclinent-face-a-lIrlande.png","contentUrl":"https:\/\/dicodusport.fr\/blog\/wp-content\/uploads\/2022\/02\/6-Nations-U20-Les-Bleuets-sinclinent-face-a-lIrlande.png","width":800,"height":445,"caption":"6 Nations U20 Les Bleuets s'inclinent face \u00e0 l'Irlande"},{"@type":"BreadcrumbList","@id":"https:\/\/dicodusport.fr\/blog\/6-nations-u20-les-bleuets-s-inclinent-face-irlande\/#breadcrumb","itemListElement":[{"@type":"ListItem","position":1,"name":"Accueil","item":"https:\/\/dicodusport.fr\/blog\/"},{"@type":"ListItem","position":2,"name":"6 Nations U20 : Les Bleuets s&rsquo;inclinent face \u00e0 l&rsquo;Irlande"}]},{"@type":"WebSite","@id":"https:\/\/dicodusport.fr\/blog\/#website","url":"https:\/\/dicodusport.fr\/blog\/","name":"Dicodusport","description":"L&#039;encyclop\u00e9die de l&#039;actualit\u00e9 sportive","publisher":{"@id":"https:\/\/dicodusport.fr\/blog\/#organization"},"potentialAction":[{"@type":"SearchAction","target":{"@type":"EntryPoint","urlTemplate":"https:\/\/dicodusport.fr\/blog\/?s={search_term_string}"},"query-input":{"@type":"PropertyValueSpecification","valueRequired":true,"valueName":"search_term_string"}}],"inLanguage":"fr-FR"},{"@type":"NewsMediaOrganization","@id":"https:\/\/dicodusport.fr\/blog\/#organization","name":"Dicodusport","url":"https:\/\/dicodusport.fr\/blog\/","logo":{"@type":"ImageObject","inLanguage":"fr-FR","@id":"https:\/\/dicodusport.fr\/blog\/#\/schema\/logo\/image\/","url":"https:\/\/dicodusport.fr\/blog\/wp-content\/uploads\/2020\/06\/cropped-LOGO-DICODUSPORT-2020-SANS-FOND-SANS-TEXTE.png","contentUrl":"https:\/\/dicodusport.fr\/blog\/wp-content\/uploads\/2020\/06\/cropped-LOGO-DICODUSPORT-2020-SANS-FOND-SANS-TEXTE.png","width":512,"height":512,"caption":"Dicodusport"},"image":{"@id":"https:\/\/dicodusport.fr\/blog\/#\/schema\/logo\/image\/"},"sameAs":["https:\/\/www.facebook.com\/dicodusport","https:\/\/x.com\/dicodusport","https:\/\/www.instagram.com\/dicodusport\/","https:\/\/www.youtube.com\/channel\/UC7V2KZ5sd3htJivAbA4ZG3w"],"description":"Dicodusport est l'encyclop\u00e9die de l'actualit\u00e9 sportive.","email":"bonjour@dicodusport.fr","legalName":"DICODUSPORT","foundingDate":"2018-01-14","vatID":"FR71834470973","taxID":"83447097300043","numberOfEmployees":{"@type":"QuantitativeValue","minValue":"1","maxValue":"10"}},{"@type":"Person","@id":"https:\/\/dicodusport.fr\/blog\/#\/schema\/person\/cb02af4c173ce4a653b55e9baf388d4a","name":"Flo Ostermann","image":{"@type":"ImageObject","inLanguage":"fr-FR","@id":"https:\/\/dicodusport.fr\/blog\/#\/schema\/person\/image\/","url":"https:\/\/dicodusport.fr\/blog\/wp-content\/uploads\/2021\/05\/Flo-Ostermann-150x150.jpg","contentUrl":"https:\/\/dicodusport.fr\/blog\/wp-content\/uploads\/2021\/05\/Flo-Ostermann-150x150.jpg","caption":"Flo Ostermann"},"description":"Journaliste\/R\u00e9dacteur depuis septembre 2015 - Mes premiers souvenirs dans le sport ? Les envol\u00e9es du Stade Toulousain et les duels Villeneuve-Schumacher et H\u00e4kkinen-Schumacher \u00e0 la fin des ann\u00e9es 90, la Coupe du monde de football en 1998, l\u2019exploit du XV de France face aux All Blacks en 1999, mais aussi Richard C\u0153ur de Lion qui vole sur les montagnes du Tour de France. Bien parti pour devenir professeur d\u2019EPS, les \u00e9v\u00e9nements de la vie (et la flemme d\u2019animer des s\u00e9ances de 3x500 m\u00e8tres toute ma vie) m\u2019ont conduit \u00e0 revoir mes plans. Me voil\u00e0 depuis fin 2017 sur Dicodusport, m\u00e9dia gr\u00e2ce (et pour) lequel je partage ma passion : le sport dans tous ses \u00e9tats. Le tout accompagn\u00e9 par les fous furieux et folles furieuses cit\u00e9s sur cette page !","sameAs":["https:\/\/www.facebook.com\/florent.ostermann","https:\/\/x.com\/https:\/\/twitter.com\/FlOstermann","admin"],"url":"https:\/\/dicodusport.fr\/blog\/author\/flo\/"}]}},"_links":{"self":[{"href":"https:\/\/dicodusport.fr\/blog\/wp-json\/wp\/v2\/posts\/199439","targetHints":{"allow":["GET"]}}],"collection":[{"href":"https:\/\/dicodusport.fr\/blog\/wp-json\/wp\/v2\/posts"}],"about":[{"href":"https:\/\/dicodusport.fr\/blog\/wp-json\/wp\/v2\/types\/post"}],"author":[{"embeddable":true,"href":"https:\/\/dicodusport.fr\/blog\/wp-json\/wp\/v2\/users\/4"}],"replies":[{"embeddable":true,"href":"https:\/\/dicodusport.fr\/blog\/wp-json\/wp\/v2\/comments?post=199439"}],"version-history":[{"count":0,"href":"https:\/\/dicodusport.fr\/blog\/wp-json\/wp\/v2\/posts\/199439\/revisions"}],"wp:featuredmedia":[{"embeddable":true,"href":"https:\/\/dicodusport.fr\/blog\/wp-json\/wp\/v2\/media\/199479"}],"wp:attachment":[{"href":"https:\/\/dicodusport.fr\/blog\/wp-json\/wp\/v2\/media?parent=199439"}],"wp:term":[{"taxonomy":"category","embeddable":true,"href":"https:\/\/dicodusport.fr\/blog\/wp-json\/wp\/v2\/categories?post=199439"},{"taxonomy":"post_tag","embeddable":true,"href":"https:\/\/dicodusport.fr\/blog\/wp-json\/wp\/v2\/tags?post=199439"}],"curies":[{"name":"wp","href":"https:\/\/api.w.org\/{rel}","templated":true}]}}