{"id":199679,"date":"2022-02-12T16:18:24","date_gmt":"2022-02-12T15:18:24","guid":{"rendered":"https:\/\/dicodusport.fr\/blog\/?p=199679&#038;preview=true&#038;preview_id=199679"},"modified":"2022-02-12T16:41:50","modified_gmt":"2022-02-12T15:41:50","slug":"tour-de-la-provence-2022-bryan-coquard-gagne-la-2eme-etape-devant-alaphilippe","status":"publish","type":"post","link":"https:\/\/dicodusport.fr\/blog\/tour-de-la-provence-2022-bryan-coquard-gagne-la-2eme-etape-devant-alaphilippe\/","title":{"rendered":"Tour de La Provence 2022 : Bryan Coquard gagne la 2\u00e8me \u00e9tape devant Alaphilippe"},"content":{"rendered":"<p style=\"text-align: justify;\"><em><span class=\"tojvnm2t a6sixzi8 abs2jz4q a8s20v7p t1p8iaqh k5wvi7nf q3lfd5jv pk4s997a bipmatt0 cebpdrjk qowsmv63 owwhemhu dp1hu0rb dhp61c6y iyyx5f41\"><strong>CYCLISME &#8211; Bryan Coquard (Cofidis) s&rsquo;est impos\u00e9 dans un final pour costaud \u00e0 Manosque sur la 2\u00e8me \u00e9tape du Tour de La Provence. Il a devanc\u00e9 Julian Alaphilippe (Quick-Step Alpha Vinyl) et Filippo Ganna (INEOS Grenadiers).<br \/>\n<\/strong><\/span><\/em><\/p>\n<p style=\"text-align: justify;\">D&rsquo;abord, cinq coureurs ont form\u00e9 l&rsquo;\u00e9chapp\u00e9e du jour apr\u00e8s une dizaine de kilom\u00e8tres de course : <strong>Tony Hurel<\/strong> (St-Michel-Auber 93), <strong>Evaldas Siskevicius<\/strong> (Go Sport-Roubaix Lille M\u00e9tropole), <strong>Paul Ourselin<\/strong> (TotalEnergies), <strong>Alexis Gougeard<\/strong> (B&amp;B H\u00f4tels-KTM) et <strong>K\u00e9vin Besson<\/strong> (Nice M\u00e9tropole C\u00f4te d&rsquo;Azur).<\/p>\n<p style=\"text-align: justify;\">Puis, dans un premier temps, la formation <strong>INEOS Grenadiers<\/strong> a contr\u00f4l\u00e9 l&rsquo;\u00e9cart avec les fuyards jusqu&rsquo;\u00e0 un \u00e9cart de plus de 5 minutes. Les \u00e9quipes <strong>Cofidis<\/strong> et <strong>Quick-Step Alpha Vinyl<\/strong> sont venues se porter \u00e0 l&rsquo;avant du peloton pour r\u00e9duire l&rsquo;avance des attaquants.<\/p>\n<h2 style=\"text-align: justify;\">Cofidis fait un gros travail<\/h2>\n<p style=\"text-align: justify;\">Au pied du Col de l&rsquo;Aire dei Masco, \u00e0 35 kilom\u00e8tres du terme, les 5 attaquants n&rsquo;avaient plus que 2 minutes d&rsquo;avance sur le peloton. Dans ce col, <strong>Evaldas Siskevicius<\/strong> (Go Sport-Roubaix Lille M\u00e9tropole), <strong>K\u00e9vin Besson<\/strong> (Nice M\u00e9tropole C\u00f4te d&rsquo;Azur) et <strong>Tony Hurel<\/strong> (St-Michel-Auber 93) ont \u00e9t\u00e9 l\u00e2ch\u00e9s de l&rsquo;\u00e9chapp\u00e9e matinale. Au sein du peloton, la formation Cofidis a fortement \u00e9lev\u00e9 l&rsquo;allure pour faire exploser le vainqueur de l&rsquo;\u00e9tape d&rsquo;hier <strong>Elia Viviani<\/strong> (INEOS Grenadiers). Dans cette mont\u00e9e d&rsquo;environ 6 km \u00e0 5 %, le peloton a repris une minute aux deux derniers attaquants.<\/p>\n<p style=\"text-align: justify;\"><span class=\"corrected-phrase ng-star-inserted\" data-end=\"35\" data-originaltext=\"Sur les routes l\u00e9g\u00e8rement vallonn\u00e9e \" data-start=\"0\" data-text=\"Sur les routes l\u00e9g\u00e8rement vallonn\u00e9es\"><span class=\"corrected-phrase__displayed-text corrected-phrase__displayed-text_bubbled\" data-group=\"AutoCorrected\" data-suggestions=\"1\" data-type=\"Grammar\">Sur les routes l\u00e9g\u00e8rement vallonn\u00e9es<\/span><\/span> vers Manosque, <strong>Alexis Gougeard<\/strong> (B&amp;B H\u00f4tels-KTM) a distanc\u00e9 <strong>Paul Ourselin<\/strong> (TotalEnergies), \u00e0 16 kilom\u00e8tres de l&rsquo;arriv\u00e9e. Malheureusement, le baroudeur de l&rsquo;\u00e9quipe de J\u00e9r\u00f4me Pineau a \u00e9t\u00e9 repris par le peloton \u00e0 moins de 2 kilom\u00e8tres du terme.<\/p>\n<h2>Bryan Coquard conclut parfaitement le travail<\/h2>\n<p style=\"text-align: justify;\">Finalement, apr\u00e8s une tentative de <strong>Pierre-Luc P\u00e9richon<\/strong> (Cofidis) dans les rues de Manosque, <strong>Bryan Coquard<\/strong> (Cofidis) a lanc\u00e9 de loin son sprint mais le puncheur-sprinteur a r\u00e9sist\u00e9 au retour de <strong>Julian Alaphilippe<\/strong> (Quick-Step Alpha Vinyl) pour d\u00e9crocher son deuxi\u00e8me bouquet de la saison. <strong>Filippo Ganna<\/strong> (INEOS Grenadiers) est troisi\u00e8me. Ce dernier a conserv\u00e9 la t\u00eate du g\u00e9n\u00e9ral avant la derni\u00e8re \u00e9tape de demain en direction de la Montagne de Lure.<\/p>\n<blockquote class=\"twitter-tweet\">\n<p dir=\"ltr\" lang=\"fr\">Bryan Coquard (Cofidis) s&rsquo;est impos\u00e9 sur la 2e \u00e9tape du <a href=\"https:\/\/twitter.com\/hashtag\/TourDeLaProvence?src=hash&amp;ref_src=twsrc%5Etfw\">#TourDeLaProvence<\/a> devant Julioan Alaphilippe et Filippo Ganna. <a href=\"https:\/\/twitter.com\/hashtag\/TDLP2022?src=hash&amp;ref_src=twsrc%5Etfw\">#TDLP2022<\/a> <a href=\"https:\/\/twitter.com\/hashtag\/TDLP22?src=hash&amp;ref_src=twsrc%5Etfw\">#TDLP22<\/a> <a href=\"https:\/\/twitter.com\/hashtag\/TDLP?src=hash&amp;ref_src=twsrc%5Etfw\">#TDLP<\/a> <a href=\"https:\/\/t.co\/Rcau22W7H7\">pic.twitter.com\/Rcau22W7H7<\/a><\/p>\n<p>\u2014 Les Rois du Peloton (@LRoisDuPeloton) <a href=\"https:\/\/twitter.com\/LRoisDuPeloton\/status\/1492519367019577346?ref_src=twsrc%5Etfw\">February 12, 2022<\/a><\/p><\/blockquote>\n<p><script async src=\"https:\/\/platform.twitter.com\/widgets.js\" charset=\"utf-8\"><\/script><\/p>\n<h2 style=\"text-align: justify;\"><strong>\u00c0 lire aussi<\/strong><\/h2>\n<ul>\n<li style=\"text-align: justify;\"><a href=\"https:\/\/dicodusport.fr\/blog\/tour-de-la-provence-2022-classement-2eme-etape\/\"><strong>Le classement de la 2\u00e8me \u00e9tape du Tour de La Provence 2022<\/strong><\/a><\/li>\n<li style=\"text-align: justify;\"><a href=\"https:\/\/dicodusport.fr\/blog\/tour-de-la-provence-2022-classement-general\/\"><strong>Le classement g\u00e9n\u00e9ral du Tour de La Provence<\/strong><\/a><\/li>\n<\/ul>\n<p style=\"text-align: justify;\">\n","protected":false},"excerpt":{"rendered":"<p>CYCLISME &#8211; Bryan Coquard (Cofidis) s&rsquo;est impos\u00e9 dans un final pour costaud \u00e0 Manosque sur la 2\u00e8me \u00e9tape du Tour de La Provence. Il a devanc\u00e9 Julian Alaphilippe (Quick-Step Alpha Vinyl) et Filippo Ganna (INEOS Grenadiers).<\/p>\n","protected":false},"author":48,"featured_media":199720,"comment_status":"open","ping_status":"closed","sticky":false,"template":"","format":"standard","meta":{"_acf_changed":false,"_daextam_enable_autolinks":"","footnotes":""},"categories":[46994],"tags":[9916],"class_list":["post-199679","post","type-post","status-publish","format-standard","has-post-thumbnail","hentry","category-cyclisme-sur-route","tag-tour-de-la-provence"],"acf":[],"yoast_head":"<!-- This site is optimized with the Yoast SEO Premium plugin v26.7 (Yoast SEO v26.7) - https:\/\/yoast.com\/wordpress\/plugins\/seo\/ -->\n<title>Tour de La Provence 2022 : Bryan Coquard gagne la 2\u00e8me \u00e9tape devant Alaphilippe<\/title>\n<meta name=\"description\" content=\"CYCLISME - Bryan Coquard (Cofidis) s&#039;est impos\u00e9 dans un final pour costaud \u00e0 Manosque sur la 2\u00e8me \u00e9tape du Tour de La Provence.\" \/>\n<meta name=\"robots\" content=\"index, follow, max-snippet:-1, max-image-preview:large, max-video-preview:-1\" \/>\n<link rel=\"canonical\" href=\"https:\/\/dicodusport.fr\/blog\/tour-de-la-provence-2022-bryan-coquard-gagne-la-2eme-etape-devant-alaphilippe\/\" \/>\n<meta property=\"og:locale\" content=\"fr_FR\" \/>\n<meta property=\"og:type\" content=\"article\" \/>\n<meta property=\"og:title\" content=\"Tour de La Provence 2022 : Bryan Coquard gagne la 2\u00e8me \u00e9tape devant Alaphilippe\" \/>\n<meta property=\"og:description\" content=\"CYCLISME - Bryan Coquard (Cofidis) s&#039;est impos\u00e9 dans un final pour costaud \u00e0 Manosque sur la 2\u00e8me \u00e9tape du Tour de La Provence.\" \/>\n<meta property=\"og:url\" content=\"https:\/\/dicodusport.fr\/blog\/tour-de-la-provence-2022-bryan-coquard-gagne-la-2eme-etape-devant-alaphilippe\/\" \/>\n<meta property=\"og:site_name\" content=\"Dicodusport\" \/>\n<meta property=\"article:publisher\" content=\"https:\/\/www.facebook.com\/dicodusport\" \/>\n<meta property=\"article:author\" content=\"https:\/\/www.facebook.com\/groups\/LesRoisDuPeloton\" \/>\n<meta property=\"article:published_time\" content=\"2022-02-12T15:18:24+00:00\" \/>\n<meta property=\"article:modified_time\" content=\"2022-02-12T15:41:50+00:00\" \/>\n<meta property=\"og:image\" content=\"https:\/\/dicodusport.fr\/blog\/wp-content\/uploads\/2022\/02\/Tour-de-La-Provence-2022-Bryan-Coquard-gagne-la-2eme-etape-devant-Alaphilippe.png\" \/>\n\t<meta property=\"og:image:width\" content=\"800\" \/>\n\t<meta property=\"og:image:height\" content=\"445\" \/>\n\t<meta property=\"og:image:type\" content=\"image\/png\" \/>\n<meta name=\"author\" content=\"Emilien Descampiaux\" \/>\n<meta name=\"twitter:card\" content=\"summary_large_image\" \/>\n<meta name=\"twitter:title\" content=\"Tour de La Provence 2022 : Bryan Coquard gagne la 2\u00e8me \u00e9tape devant Alaphilippe\" \/>\n<meta name=\"twitter:creator\" content=\"@https:\/\/twitter.com\/LRoisDuPeloton\" \/>\n<meta name=\"twitter:site\" content=\"@dicodusport\" \/>\n<script type=\"application\/ld+json\" class=\"yoast-schema-graph\">{\"@context\":\"https:\/\/schema.org\",\"@graph\":[{\"@type\":\"NewsArticle\",\"@id\":\"https:\/\/dicodusport.fr\/blog\/tour-de-la-provence-2022-bryan-coquard-gagne-la-2eme-etape-devant-alaphilippe\/#article\",\"isPartOf\":{\"@id\":\"https:\/\/dicodusport.fr\/blog\/tour-de-la-provence-2022-bryan-coquard-gagne-la-2eme-etape-devant-alaphilippe\/\"},\"author\":{\"name\":\"Emilien Descampiaux\",\"@id\":\"https:\/\/dicodusport.fr\/blog\/#\/schema\/person\/6db4bae06b171592211be385b32876a7\"},\"headline\":\"Tour de La Provence 2022 : Bryan Coquard gagne la 2\u00e8me \u00e9tape devant Alaphilippe\",\"datePublished\":\"2022-02-12T15:18:24+00:00\",\"dateModified\":\"2022-02-12T15:41:50+00:00\",\"mainEntityOfPage\":{\"@id\":\"https:\/\/dicodusport.fr\/blog\/tour-de-la-provence-2022-bryan-coquard-gagne-la-2eme-etape-devant-alaphilippe\/\"},\"wordCount\":445,\"commentCount\":0,\"publisher\":{\"@id\":\"https:\/\/dicodusport.fr\/blog\/#organization\"},\"image\":{\"@id\":\"https:\/\/dicodusport.fr\/blog\/tour-de-la-provence-2022-bryan-coquard-gagne-la-2eme-etape-devant-alaphilippe\/#primaryimage\"},\"thumbnailUrl\":\"https:\/\/dicodusport.fr\/blog\/wp-content\/uploads\/2022\/02\/Tour-de-La-Provence-2022-Bryan-Coquard-gagne-la-2eme-etape-devant-Alaphilippe.png\",\"keywords\":[\"Tour de La Provence\"],\"articleSection\":[\"Cyclisme sur route\"],\"inLanguage\":\"fr-FR\",\"potentialAction\":[{\"@type\":\"CommentAction\",\"name\":\"Comment\",\"target\":[\"https:\/\/dicodusport.fr\/blog\/tour-de-la-provence-2022-bryan-coquard-gagne-la-2eme-etape-devant-alaphilippe\/#respond\"]}],\"copyrightYear\":\"2022\",\"copyrightHolder\":{\"@id\":\"https:\/\/dicodusport.fr\/blog\/#organization\"}},{\"@type\":\"WebPage\",\"@id\":\"https:\/\/dicodusport.fr\/blog\/tour-de-la-provence-2022-bryan-coquard-gagne-la-2eme-etape-devant-alaphilippe\/\",\"url\":\"https:\/\/dicodusport.fr\/blog\/tour-de-la-provence-2022-bryan-coquard-gagne-la-2eme-etape-devant-alaphilippe\/\",\"name\":\"Tour de La Provence 2022 : Bryan Coquard gagne la 2\u00e8me \u00e9tape devant Alaphilippe\",\"isPartOf\":{\"@id\":\"https:\/\/dicodusport.fr\/blog\/#website\"},\"primaryImageOfPage\":{\"@id\":\"https:\/\/dicodusport.fr\/blog\/tour-de-la-provence-2022-bryan-coquard-gagne-la-2eme-etape-devant-alaphilippe\/#primaryimage\"},\"image\":{\"@id\":\"https:\/\/dicodusport.fr\/blog\/tour-de-la-provence-2022-bryan-coquard-gagne-la-2eme-etape-devant-alaphilippe\/#primaryimage\"},\"thumbnailUrl\":\"https:\/\/dicodusport.fr\/blog\/wp-content\/uploads\/2022\/02\/Tour-de-La-Provence-2022-Bryan-Coquard-gagne-la-2eme-etape-devant-Alaphilippe.png\",\"datePublished\":\"2022-02-12T15:18:24+00:00\",\"dateModified\":\"2022-02-12T15:41:50+00:00\",\"description\":\"CYCLISME - Bryan Coquard (Cofidis) s'est impos\u00e9 dans un final pour costaud \u00e0 Manosque sur la 2\u00e8me \u00e9tape du Tour de La Provence.\",\"breadcrumb\":{\"@id\":\"https:\/\/dicodusport.fr\/blog\/tour-de-la-provence-2022-bryan-coquard-gagne-la-2eme-etape-devant-alaphilippe\/#breadcrumb\"},\"inLanguage\":\"fr-FR\",\"potentialAction\":[{\"@type\":\"ReadAction\",\"target\":[\"https:\/\/dicodusport.fr\/blog\/tour-de-la-provence-2022-bryan-coquard-gagne-la-2eme-etape-devant-alaphilippe\/\"]}]},{\"@type\":\"ImageObject\",\"inLanguage\":\"fr-FR\",\"@id\":\"https:\/\/dicodusport.fr\/blog\/tour-de-la-provence-2022-bryan-coquard-gagne-la-2eme-etape-devant-alaphilippe\/#primaryimage\",\"url\":\"https:\/\/dicodusport.fr\/blog\/wp-content\/uploads\/2022\/02\/Tour-de-La-Provence-2022-Bryan-Coquard-gagne-la-2eme-etape-devant-Alaphilippe.png\",\"contentUrl\":\"https:\/\/dicodusport.fr\/blog\/wp-content\/uploads\/2022\/02\/Tour-de-La-Provence-2022-Bryan-Coquard-gagne-la-2eme-etape-devant-Alaphilippe.png\",\"width\":800,\"height\":445,\"caption\":\"Tour de La Provence 2022 Bryan Coquard gagne la 2\u00e8me \u00e9tape devant Alaphilippe\"},{\"@type\":\"BreadcrumbList\",\"@id\":\"https:\/\/dicodusport.fr\/blog\/tour-de-la-provence-2022-bryan-coquard-gagne-la-2eme-etape-devant-alaphilippe\/#breadcrumb\",\"itemListElement\":[{\"@type\":\"ListItem\",\"position\":1,\"name\":\"Accueil\",\"item\":\"https:\/\/dicodusport.fr\/blog\/\"},{\"@type\":\"ListItem\",\"position\":2,\"name\":\"Tour de La Provence 2022 : Bryan Coquard gagne la 2\u00e8me \u00e9tape devant Alaphilippe\"}]},{\"@type\":\"WebSite\",\"@id\":\"https:\/\/dicodusport.fr\/blog\/#website\",\"url\":\"https:\/\/dicodusport.fr\/blog\/\",\"name\":\"Dicodusport\",\"description\":\"L&#039;encyclop\u00e9die de l&#039;actualit\u00e9 sportive\",\"publisher\":{\"@id\":\"https:\/\/dicodusport.fr\/blog\/#organization\"},\"potentialAction\":[{\"@type\":\"SearchAction\",\"target\":{\"@type\":\"EntryPoint\",\"urlTemplate\":\"https:\/\/dicodusport.fr\/blog\/?s={search_term_string}\"},\"query-input\":{\"@type\":\"PropertyValueSpecification\",\"valueRequired\":true,\"valueName\":\"search_term_string\"}}],\"inLanguage\":\"fr-FR\"},{\"@type\":\"NewsMediaOrganization\",\"@id\":\"https:\/\/dicodusport.fr\/blog\/#organization\",\"name\":\"Dicodusport\",\"url\":\"https:\/\/dicodusport.fr\/blog\/\",\"logo\":{\"@type\":\"ImageObject\",\"inLanguage\":\"fr-FR\",\"@id\":\"https:\/\/dicodusport.fr\/blog\/#\/schema\/logo\/image\/\",\"url\":\"https:\/\/dicodusport.fr\/blog\/wp-content\/uploads\/2020\/06\/cropped-LOGO-DICODUSPORT-2020-SANS-FOND-SANS-TEXTE.png\",\"contentUrl\":\"https:\/\/dicodusport.fr\/blog\/wp-content\/uploads\/2020\/06\/cropped-LOGO-DICODUSPORT-2020-SANS-FOND-SANS-TEXTE.png\",\"width\":512,\"height\":512,\"caption\":\"Dicodusport\"},\"image\":{\"@id\":\"https:\/\/dicodusport.fr\/blog\/#\/schema\/logo\/image\/\"},\"sameAs\":[\"https:\/\/www.facebook.com\/dicodusport\",\"https:\/\/x.com\/dicodusport\",\"https:\/\/www.instagram.com\/dicodusport\/\",\"https:\/\/www.youtube.com\/channel\/UC7V2KZ5sd3htJivAbA4ZG3w\"],\"description\":\"Dicodusport est l'encyclop\u00e9die de l'actualit\u00e9 sportive.\",\"email\":\"bonjour@dicodusport.fr\",\"legalName\":\"DICODUSPORT\",\"foundingDate\":\"2018-01-14\",\"vatID\":\"FR71834470973\",\"taxID\":\"83447097300043\",\"numberOfEmployees\":{\"@type\":\"QuantitativeValue\",\"minValue\":\"1\",\"maxValue\":\"10\"}},{\"@type\":\"Person\",\"@id\":\"https:\/\/dicodusport.fr\/blog\/#\/schema\/person\/6db4bae06b171592211be385b32876a7\",\"name\":\"Emilien Descampiaux\",\"image\":{\"@type\":\"ImageObject\",\"inLanguage\":\"fr-FR\",\"@id\":\"https:\/\/dicodusport.fr\/blog\/#\/schema\/person\/image\/\",\"url\":\"https:\/\/dicodusport.fr\/blog\/wp-content\/uploads\/2021\/05\/Emilien-Descampiaux-150x150.jpg\",\"contentUrl\":\"https:\/\/dicodusport.fr\/blog\/wp-content\/uploads\/2021\/05\/Emilien-Descampiaux-150x150.jpg\",\"caption\":\"Emilien Descampiaux\"},\"description\":\"Journaliste\/r\u00e9dacteur depuis 2014 - Fan de la classe de Frank Vandenbroucke, je vis cyclisme (et de ses paysages) depuis plus de 20 ans. Je suis tr\u00e8s impliqu\u00e9 sur mes diff\u00e9rents r\u00e9seaux sociaux pour partager ma passion sur le monde et l'Histoire de la bicyclette avec ma voix sur les images en noir et blanc du succ\u00e8s de Rik Van Steenbergen lors du Ronde sur le V\u00e9lodrome de Gand.\",\"sameAs\":[\"https:\/\/www.facebook.com\/groups\/LesRoisDuPeloton\",\"https:\/\/x.com\/https:\/\/twitter.com\/LRoisDuPeloton\"],\"url\":\"https:\/\/dicodusport.fr\/blog\/author\/emiliend\/\"}]}<\/script>\n<!-- \/ Yoast SEO Premium plugin. -->","yoast_head_json":{"title":"Tour de La Provence 2022 : Bryan Coquard gagne la 2\u00e8me \u00e9tape devant Alaphilippe","description":"CYCLISME - Bryan Coquard (Cofidis) s'est impos\u00e9 dans un final pour costaud \u00e0 Manosque sur la 2\u00e8me \u00e9tape du Tour de La Provence.","robots":{"index":"index","follow":"follow","max-snippet":"max-snippet:-1","max-image-preview":"max-image-preview:large","max-video-preview":"max-video-preview:-1"},"canonical":"https:\/\/dicodusport.fr\/blog\/tour-de-la-provence-2022-bryan-coquard-gagne-la-2eme-etape-devant-alaphilippe\/","og_locale":"fr_FR","og_type":"article","og_title":"Tour de La Provence 2022 : Bryan Coquard gagne la 2\u00e8me \u00e9tape devant Alaphilippe","og_description":"CYCLISME - Bryan Coquard (Cofidis) s'est impos\u00e9 dans un final pour costaud \u00e0 Manosque sur la 2\u00e8me \u00e9tape du Tour de La Provence.","og_url":"https:\/\/dicodusport.fr\/blog\/tour-de-la-provence-2022-bryan-coquard-gagne-la-2eme-etape-devant-alaphilippe\/","og_site_name":"Dicodusport","article_publisher":"https:\/\/www.facebook.com\/dicodusport","article_author":"https:\/\/www.facebook.com\/groups\/LesRoisDuPeloton","article_published_time":"2022-02-12T15:18:24+00:00","article_modified_time":"2022-02-12T15:41:50+00:00","og_image":[{"width":800,"height":445,"url":"https:\/\/dicodusport.fr\/blog\/wp-content\/uploads\/2022\/02\/Tour-de-La-Provence-2022-Bryan-Coquard-gagne-la-2eme-etape-devant-Alaphilippe.png","type":"image\/png"}],"author":"Emilien Descampiaux","twitter_card":"summary_large_image","twitter_title":"Tour de La Provence 2022 : Bryan Coquard gagne la 2\u00e8me \u00e9tape devant Alaphilippe","twitter_creator":"@https:\/\/twitter.com\/LRoisDuPeloton","twitter_site":"@dicodusport","schema":{"@context":"https:\/\/schema.org","@graph":[{"@type":"NewsArticle","@id":"https:\/\/dicodusport.fr\/blog\/tour-de-la-provence-2022-bryan-coquard-gagne-la-2eme-etape-devant-alaphilippe\/#article","isPartOf":{"@id":"https:\/\/dicodusport.fr\/blog\/tour-de-la-provence-2022-bryan-coquard-gagne-la-2eme-etape-devant-alaphilippe\/"},"author":{"name":"Emilien Descampiaux","@id":"https:\/\/dicodusport.fr\/blog\/#\/schema\/person\/6db4bae06b171592211be385b32876a7"},"headline":"Tour de La Provence 2022 : Bryan Coquard gagne la 2\u00e8me \u00e9tape devant Alaphilippe","datePublished":"2022-02-12T15:18:24+00:00","dateModified":"2022-02-12T15:41:50+00:00","mainEntityOfPage":{"@id":"https:\/\/dicodusport.fr\/blog\/tour-de-la-provence-2022-bryan-coquard-gagne-la-2eme-etape-devant-alaphilippe\/"},"wordCount":445,"commentCount":0,"publisher":{"@id":"https:\/\/dicodusport.fr\/blog\/#organization"},"image":{"@id":"https:\/\/dicodusport.fr\/blog\/tour-de-la-provence-2022-bryan-coquard-gagne-la-2eme-etape-devant-alaphilippe\/#primaryimage"},"thumbnailUrl":"https:\/\/dicodusport.fr\/blog\/wp-content\/uploads\/2022\/02\/Tour-de-La-Provence-2022-Bryan-Coquard-gagne-la-2eme-etape-devant-Alaphilippe.png","keywords":["Tour de La Provence"],"articleSection":["Cyclisme sur route"],"inLanguage":"fr-FR","potentialAction":[{"@type":"CommentAction","name":"Comment","target":["https:\/\/dicodusport.fr\/blog\/tour-de-la-provence-2022-bryan-coquard-gagne-la-2eme-etape-devant-alaphilippe\/#respond"]}],"copyrightYear":"2022","copyrightHolder":{"@id":"https:\/\/dicodusport.fr\/blog\/#organization"}},{"@type":"WebPage","@id":"https:\/\/dicodusport.fr\/blog\/tour-de-la-provence-2022-bryan-coquard-gagne-la-2eme-etape-devant-alaphilippe\/","url":"https:\/\/dicodusport.fr\/blog\/tour-de-la-provence-2022-bryan-coquard-gagne-la-2eme-etape-devant-alaphilippe\/","name":"Tour de La Provence 2022 : Bryan Coquard gagne la 2\u00e8me \u00e9tape devant Alaphilippe","isPartOf":{"@id":"https:\/\/dicodusport.fr\/blog\/#website"},"primaryImageOfPage":{"@id":"https:\/\/dicodusport.fr\/blog\/tour-de-la-provence-2022-bryan-coquard-gagne-la-2eme-etape-devant-alaphilippe\/#primaryimage"},"image":{"@id":"https:\/\/dicodusport.fr\/blog\/tour-de-la-provence-2022-bryan-coquard-gagne-la-2eme-etape-devant-alaphilippe\/#primaryimage"},"thumbnailUrl":"https:\/\/dicodusport.fr\/blog\/wp-content\/uploads\/2022\/02\/Tour-de-La-Provence-2022-Bryan-Coquard-gagne-la-2eme-etape-devant-Alaphilippe.png","datePublished":"2022-02-12T15:18:24+00:00","dateModified":"2022-02-12T15:41:50+00:00","description":"CYCLISME - Bryan Coquard (Cofidis) s'est impos\u00e9 dans un final pour costaud \u00e0 Manosque sur la 2\u00e8me \u00e9tape du Tour de La Provence.","breadcrumb":{"@id":"https:\/\/dicodusport.fr\/blog\/tour-de-la-provence-2022-bryan-coquard-gagne-la-2eme-etape-devant-alaphilippe\/#breadcrumb"},"inLanguage":"fr-FR","potentialAction":[{"@type":"ReadAction","target":["https:\/\/dicodusport.fr\/blog\/tour-de-la-provence-2022-bryan-coquard-gagne-la-2eme-etape-devant-alaphilippe\/"]}]},{"@type":"ImageObject","inLanguage":"fr-FR","@id":"https:\/\/dicodusport.fr\/blog\/tour-de-la-provence-2022-bryan-coquard-gagne-la-2eme-etape-devant-alaphilippe\/#primaryimage","url":"https:\/\/dicodusport.fr\/blog\/wp-content\/uploads\/2022\/02\/Tour-de-La-Provence-2022-Bryan-Coquard-gagne-la-2eme-etape-devant-Alaphilippe.png","contentUrl":"https:\/\/dicodusport.fr\/blog\/wp-content\/uploads\/2022\/02\/Tour-de-La-Provence-2022-Bryan-Coquard-gagne-la-2eme-etape-devant-Alaphilippe.png","width":800,"height":445,"caption":"Tour de La Provence 2022 Bryan Coquard gagne la 2\u00e8me \u00e9tape devant Alaphilippe"},{"@type":"BreadcrumbList","@id":"https:\/\/dicodusport.fr\/blog\/tour-de-la-provence-2022-bryan-coquard-gagne-la-2eme-etape-devant-alaphilippe\/#breadcrumb","itemListElement":[{"@type":"ListItem","position":1,"name":"Accueil","item":"https:\/\/dicodusport.fr\/blog\/"},{"@type":"ListItem","position":2,"name":"Tour de La Provence 2022 : Bryan Coquard gagne la 2\u00e8me \u00e9tape devant Alaphilippe"}]},{"@type":"WebSite","@id":"https:\/\/dicodusport.fr\/blog\/#website","url":"https:\/\/dicodusport.fr\/blog\/","name":"Dicodusport","description":"L&#039;encyclop\u00e9die de l&#039;actualit\u00e9 sportive","publisher":{"@id":"https:\/\/dicodusport.fr\/blog\/#organization"},"potentialAction":[{"@type":"SearchAction","target":{"@type":"EntryPoint","urlTemplate":"https:\/\/dicodusport.fr\/blog\/?s={search_term_string}"},"query-input":{"@type":"PropertyValueSpecification","valueRequired":true,"valueName":"search_term_string"}}],"inLanguage":"fr-FR"},{"@type":"NewsMediaOrganization","@id":"https:\/\/dicodusport.fr\/blog\/#organization","name":"Dicodusport","url":"https:\/\/dicodusport.fr\/blog\/","logo":{"@type":"ImageObject","inLanguage":"fr-FR","@id":"https:\/\/dicodusport.fr\/blog\/#\/schema\/logo\/image\/","url":"https:\/\/dicodusport.fr\/blog\/wp-content\/uploads\/2020\/06\/cropped-LOGO-DICODUSPORT-2020-SANS-FOND-SANS-TEXTE.png","contentUrl":"https:\/\/dicodusport.fr\/blog\/wp-content\/uploads\/2020\/06\/cropped-LOGO-DICODUSPORT-2020-SANS-FOND-SANS-TEXTE.png","width":512,"height":512,"caption":"Dicodusport"},"image":{"@id":"https:\/\/dicodusport.fr\/blog\/#\/schema\/logo\/image\/"},"sameAs":["https:\/\/www.facebook.com\/dicodusport","https:\/\/x.com\/dicodusport","https:\/\/www.instagram.com\/dicodusport\/","https:\/\/www.youtube.com\/channel\/UC7V2KZ5sd3htJivAbA4ZG3w"],"description":"Dicodusport est l'encyclop\u00e9die de l'actualit\u00e9 sportive.","email":"bonjour@dicodusport.fr","legalName":"DICODUSPORT","foundingDate":"2018-01-14","vatID":"FR71834470973","taxID":"83447097300043","numberOfEmployees":{"@type":"QuantitativeValue","minValue":"1","maxValue":"10"}},{"@type":"Person","@id":"https:\/\/dicodusport.fr\/blog\/#\/schema\/person\/6db4bae06b171592211be385b32876a7","name":"Emilien Descampiaux","image":{"@type":"ImageObject","inLanguage":"fr-FR","@id":"https:\/\/dicodusport.fr\/blog\/#\/schema\/person\/image\/","url":"https:\/\/dicodusport.fr\/blog\/wp-content\/uploads\/2021\/05\/Emilien-Descampiaux-150x150.jpg","contentUrl":"https:\/\/dicodusport.fr\/blog\/wp-content\/uploads\/2021\/05\/Emilien-Descampiaux-150x150.jpg","caption":"Emilien Descampiaux"},"description":"Journaliste\/r\u00e9dacteur depuis 2014 - Fan de la classe de Frank Vandenbroucke, je vis cyclisme (et de ses paysages) depuis plus de 20 ans. Je suis tr\u00e8s impliqu\u00e9 sur mes diff\u00e9rents r\u00e9seaux sociaux pour partager ma passion sur le monde et l'Histoire de la bicyclette avec ma voix sur les images en noir et blanc du succ\u00e8s de Rik Van Steenbergen lors du Ronde sur le V\u00e9lodrome de Gand.","sameAs":["https:\/\/www.facebook.com\/groups\/LesRoisDuPeloton","https:\/\/x.com\/https:\/\/twitter.com\/LRoisDuPeloton"],"url":"https:\/\/dicodusport.fr\/blog\/author\/emiliend\/"}]}},"_links":{"self":[{"href":"https:\/\/dicodusport.fr\/blog\/wp-json\/wp\/v2\/posts\/199679","targetHints":{"allow":["GET"]}}],"collection":[{"href":"https:\/\/dicodusport.fr\/blog\/wp-json\/wp\/v2\/posts"}],"about":[{"href":"https:\/\/dicodusport.fr\/blog\/wp-json\/wp\/v2\/types\/post"}],"author":[{"embeddable":true,"href":"https:\/\/dicodusport.fr\/blog\/wp-json\/wp\/v2\/users\/48"}],"replies":[{"embeddable":true,"href":"https:\/\/dicodusport.fr\/blog\/wp-json\/wp\/v2\/comments?post=199679"}],"version-history":[{"count":0,"href":"https:\/\/dicodusport.fr\/blog\/wp-json\/wp\/v2\/posts\/199679\/revisions"}],"wp:featuredmedia":[{"embeddable":true,"href":"https:\/\/dicodusport.fr\/blog\/wp-json\/wp\/v2\/media\/199720"}],"wp:attachment":[{"href":"https:\/\/dicodusport.fr\/blog\/wp-json\/wp\/v2\/media?parent=199679"}],"wp:term":[{"taxonomy":"category","embeddable":true,"href":"https:\/\/dicodusport.fr\/blog\/wp-json\/wp\/v2\/categories?post=199679"},{"taxonomy":"post_tag","embeddable":true,"href":"https:\/\/dicodusport.fr\/blog\/wp-json\/wp\/v2\/tags?post=199679"}],"curies":[{"name":"wp","href":"https:\/\/api.w.org\/{rel}","templated":true}]}}