{"id":200047,"date":"2022-02-13T15:34:43","date_gmt":"2022-02-13T14:34:43","guid":{"rendered":"https:\/\/dicodusport.fr\/blog\/?p=200047&#038;preview=true&#038;preview_id=200047"},"modified":"2022-02-13T15:34:43","modified_gmt":"2022-02-13T14:34:43","slug":"maurice-manificat-on-etait-au-trefonds-et-on-ne-pouvait-que-remonter","status":"publish","type":"post","link":"https:\/\/dicodusport.fr\/blog\/maurice-manificat-on-etait-au-trefonds-et-on-ne-pouvait-que-remonter\/","title":{"rendered":"Maurice Manificat : \u00ab\u00a0On \u00e9tait au tr\u00e9fonds et on ne pouvait que remonter\u00a0\u00bb"},"content":{"rendered":"<p style=\"text-align: justify;\"><strong><em>JO P\u00c9KIN 2022 &#8211; SKI DE FOND &#8211; D\u00e9j\u00e0 bronz\u00e9e en 2018, <a href=\"https:\/\/dicodusport.fr\/blog\/jo-pekin-2022-ski-de-fond-france-en-bronze-sur-relais-masculin-russes-titres\/\">l&rsquo;\u00e9quipe de France de ski de fond garde sa m\u00e9daille sur le relais masculin<\/a>, apr\u00e8s une course magnifique.\u00a0<\/em><\/strong><\/p>\n<p style=\"text-align: justify;\"><strong>Richard Jouve<\/strong> devait tenir sur le premier relais et le sprinteur a limit\u00e9 la casse. <strong>Hugo Lapalus<\/strong> puis <strong>Cl\u00e9ment Parisse<\/strong> ont ensuite fait un gros travail pour mettre dans les meilleures conditions <strong>Maurice Manificat<\/strong>. Le plus exp\u00e9riment\u00e9 de la bande a termin\u00e9 le travail et pouvait savourer cette nouvelle m\u00e9daille olympique au micro de <em>France T\u00e9l\u00e9visions<\/em>.<\/p>\n<blockquote>\n<p style=\"text-align: justify;\">\u00catre le dernier relayeur, \u00e7a faisait longtemps que je n&rsquo;avais pas fait \u00e7a. C&rsquo;est un autre stress, une autre fa\u00e7on de faire le relais. Les jours pass\u00e9s \u00e9taient compliqu\u00e9s. Je n&rsquo;\u00e9tais pas dans une s\u00e9r\u00e9nit\u00e9 de \u00ab\u00a0ouf\u00a0\u00bb. Il fallait tout empiler. La course s&rsquo;est plut\u00f4t bien pass\u00e9e. Il fallait vraiment faire p\u00e9ter le Su\u00e9dois. Quand j&rsquo;ai vu que \u00e7a s&rsquo;est fait au deuxi\u00e8me tour, bien comme il faut, j&rsquo;aurais voulu essayer d&rsquo;\u00eatre un peu plus au contact avec Klaebo, essayer quelque chose dans la grande bosse. J&rsquo;ai tout donn\u00e9.<\/p>\n<p style=\"text-align: justify;\">Depuis Sotchi, c&rsquo;est dingue. On ne r\u00e9alise pas encore, on va revisualiser \u00e7a. Cette m\u00e9daille a une saveur diff\u00e9rente, c&rsquo;\u00e9tait un relais diff\u00e9rent. Avec les sprinteurs, j&rsquo;ai aussi vers\u00e9 des larmes il y a quelques jours. Je n&rsquo;ai plus de larmes (Rires). On rebondit, c&rsquo;\u00e9tait important. On \u00e9tait au tr\u00e9fonds et on ne pouvait que remonter.<\/p>\n<\/blockquote>\n<p style=\"text-align: justify;\">L&rsquo;\u00e9quipe de France de ski de fond aura une autre chance de m\u00e9daille sur le sprint par \u00e9quipes, ou <strong>Richard Jouve<\/strong> et <strong>Lucas Chanavat<\/strong> devraient \u00eatre associ\u00e9s.<\/p>\n<blockquote class=\"twitter-tweet\">\n<p dir=\"ltr\" lang=\"fr\">! Richard Jouve, Hugo Lapalus, Cl\u00e9ment Parisse et l&rsquo;\u00e9ternel Maurice Manificat terminent troisi\u00e8mes du relais masculin, synonyme de 9\u00e8me m\u00e9daille pour la d\u00e9l\u00e9gation fran\u00e7aise ! <a href=\"https:\/\/twitter.com\/hashtag\/Beijing2022?src=hash&amp;ref_src=twsrc%5Etfw\">#Beijing2022<\/a> <a href=\"https:\/\/twitter.com\/hashtag\/SkideFond?src=hash&amp;ref_src=twsrc%5Etfw\">#SkideFond<\/a> <a href=\"https:\/\/t.co\/qQxtVINrYR\">pic.twitter.com\/qQxtVINrYR<\/a><\/p>\n<p>\u2014 Dicodusport &#x2b50;&#x2b50; (@dicodusport) <a href=\"https:\/\/twitter.com\/dicodusport\/status\/1492785419305590785?ref_src=twsrc%5Etfw\">February 13, 2022<\/a><\/p><\/blockquote>\n<p style=\"text-align: justify;\"><script async src=\"https:\/\/platform.twitter.com\/widgets.js\" charset=\"utf-8\"><\/script><\/p>\n","protected":false},"excerpt":{"rendered":"<p>JO P\u00c9KIN 2022 &#8211; SKI DE FOND &#8211; D\u00e9j\u00e0 bronz\u00e9e en 2018, l&rsquo;\u00e9quipe de France de ski de fond garde sa m\u00e9daille sur le relais masculin, apr\u00e8s une course magnifique.\u00a0<\/p>\n","protected":false},"author":1,"featured_media":200050,"comment_status":"open","ping_status":"closed","sticky":false,"template":"","format":"standard","meta":{"_acf_changed":false,"_daextam_enable_autolinks":"","footnotes":""},"categories":[20104,9217],"tags":[21641,2820],"class_list":["post-200047","post","type-post","status-publish","format-standard","has-post-thumbnail","hentry","category-jo-hiver-pekin-2022","category-ski","tag-jeux-olympiques-de-pekin","tag-maurice-manificat"],"acf":[],"yoast_head":"<!-- This site is optimized with the Yoast SEO Premium plugin v26.7 (Yoast SEO v26.7) - https:\/\/yoast.com\/wordpress\/plugins\/seo\/ -->\n<title>Maurice Manificat : &quot;On \u00e9tait au tr\u00e9fonds et on ne pouvait que remonter&quot;<\/title>\n<meta name=\"description\" content=\"JO P\u00c9KIN 2022 - SKI DE FOND - D\u00e9j\u00e0 bronz\u00e9e en 2018, l&#039;\u00e9quipe de France de ski de fond garde sa m\u00e9daille sur le relais masculin.\" \/>\n<meta name=\"robots\" content=\"index, follow, max-snippet:-1, max-image-preview:large, max-video-preview:-1\" \/>\n<link rel=\"canonical\" href=\"https:\/\/dicodusport.fr\/blog\/maurice-manificat-on-etait-au-trefonds-et-on-ne-pouvait-que-remonter\/\" \/>\n<meta property=\"og:locale\" content=\"fr_FR\" \/>\n<meta property=\"og:type\" content=\"article\" \/>\n<meta property=\"og:title\" content=\"Maurice Manificat : &quot;On \u00e9tait au tr\u00e9fonds et on ne pouvait que remonter&quot;\" \/>\n<meta property=\"og:description\" content=\"JO P\u00c9KIN 2022 - SKI DE FOND - D\u00e9j\u00e0 bronz\u00e9e en 2018, l&#039;\u00e9quipe de France de ski de fond garde sa m\u00e9daille sur le relais masculin.\" \/>\n<meta property=\"og:url\" content=\"https:\/\/dicodusport.fr\/blog\/maurice-manificat-on-etait-au-trefonds-et-on-ne-pouvait-que-remonter\/\" \/>\n<meta property=\"og:site_name\" content=\"Dicodusport\" \/>\n<meta property=\"article:publisher\" content=\"https:\/\/www.facebook.com\/dicodusport\" \/>\n<meta property=\"article:author\" content=\"https:\/\/www.facebook.com\/dicodusport\" \/>\n<meta property=\"article:published_time\" content=\"2022-02-13T14:34:43+00:00\" \/>\n<meta property=\"og:image\" content=\"https:\/\/dicodusport.fr\/blog\/wp-content\/uploads\/2022\/02\/Maurice-Manificat-On-e\u0301tait-au-tre\u0301fonds-et-on-ne-pouvait-que-remonter.png\" \/>\n\t<meta property=\"og:image:width\" content=\"800\" \/>\n\t<meta property=\"og:image:height\" content=\"445\" \/>\n\t<meta property=\"og:image:type\" content=\"image\/png\" \/>\n<meta name=\"author\" content=\"Nicolas Jacquemard\" \/>\n<meta name=\"twitter:card\" content=\"summary_large_image\" \/>\n<meta name=\"twitter:title\" content=\"Maurice Manificat : &quot;On \u00e9tait au tr\u00e9fonds et on ne pouvait que remonter&quot;\" \/>\n<meta name=\"twitter:creator\" content=\"@https:\/\/twitter.com\/Nico_Jacquemard\" \/>\n<meta name=\"twitter:site\" content=\"@dicodusport\" \/>\n<script type=\"application\/ld+json\" class=\"yoast-schema-graph\">{\"@context\":\"https:\/\/schema.org\",\"@graph\":[{\"@type\":\"NewsArticle\",\"@id\":\"https:\/\/dicodusport.fr\/blog\/maurice-manificat-on-etait-au-trefonds-et-on-ne-pouvait-que-remonter\/#article\",\"isPartOf\":{\"@id\":\"https:\/\/dicodusport.fr\/blog\/maurice-manificat-on-etait-au-trefonds-et-on-ne-pouvait-que-remonter\/\"},\"author\":{\"name\":\"Nicolas Jacquemard\",\"@id\":\"https:\/\/dicodusport.fr\/blog\/#\/schema\/person\/55dcb50ad410894e431ed812bbb70191\"},\"headline\":\"Maurice Manificat : \u00ab\u00a0On \u00e9tait au tr\u00e9fonds et on ne pouvait que remonter\u00a0\u00bb\",\"datePublished\":\"2022-02-13T14:34:43+00:00\",\"mainEntityOfPage\":{\"@id\":\"https:\/\/dicodusport.fr\/blog\/maurice-manificat-on-etait-au-trefonds-et-on-ne-pouvait-que-remonter\/\"},\"wordCount\":355,\"commentCount\":0,\"publisher\":{\"@id\":\"https:\/\/dicodusport.fr\/blog\/#organization\"},\"image\":{\"@id\":\"https:\/\/dicodusport.fr\/blog\/maurice-manificat-on-etait-au-trefonds-et-on-ne-pouvait-que-remonter\/#primaryimage\"},\"thumbnailUrl\":\"https:\/\/dicodusport.fr\/blog\/wp-content\/uploads\/2022\/02\/Maurice-Manificat-On-e\u0301tait-au-tre\u0301fonds-et-on-ne-pouvait-que-remonter.png\",\"keywords\":[\"Jeux Olympiques de P\u00e9kin\",\"Maurice Manificat\"],\"articleSection\":[\"JO d'hiver P\u00e9kin 2022\",\"Ski\"],\"inLanguage\":\"fr-FR\",\"potentialAction\":[{\"@type\":\"CommentAction\",\"name\":\"Comment\",\"target\":[\"https:\/\/dicodusport.fr\/blog\/maurice-manificat-on-etait-au-trefonds-et-on-ne-pouvait-que-remonter\/#respond\"]}],\"copyrightYear\":\"2022\",\"copyrightHolder\":{\"@id\":\"https:\/\/dicodusport.fr\/blog\/#organization\"}},{\"@type\":\"WebPage\",\"@id\":\"https:\/\/dicodusport.fr\/blog\/maurice-manificat-on-etait-au-trefonds-et-on-ne-pouvait-que-remonter\/\",\"url\":\"https:\/\/dicodusport.fr\/blog\/maurice-manificat-on-etait-au-trefonds-et-on-ne-pouvait-que-remonter\/\",\"name\":\"Maurice Manificat : \\\"On \u00e9tait au tr\u00e9fonds et on ne pouvait que remonter\\\"\",\"isPartOf\":{\"@id\":\"https:\/\/dicodusport.fr\/blog\/#website\"},\"primaryImageOfPage\":{\"@id\":\"https:\/\/dicodusport.fr\/blog\/maurice-manificat-on-etait-au-trefonds-et-on-ne-pouvait-que-remonter\/#primaryimage\"},\"image\":{\"@id\":\"https:\/\/dicodusport.fr\/blog\/maurice-manificat-on-etait-au-trefonds-et-on-ne-pouvait-que-remonter\/#primaryimage\"},\"thumbnailUrl\":\"https:\/\/dicodusport.fr\/blog\/wp-content\/uploads\/2022\/02\/Maurice-Manificat-On-e\u0301tait-au-tre\u0301fonds-et-on-ne-pouvait-que-remonter.png\",\"datePublished\":\"2022-02-13T14:34:43+00:00\",\"description\":\"JO P\u00c9KIN 2022 - SKI DE FOND - D\u00e9j\u00e0 bronz\u00e9e en 2018, l'\u00e9quipe de France de ski de fond garde sa m\u00e9daille sur le relais masculin.\",\"breadcrumb\":{\"@id\":\"https:\/\/dicodusport.fr\/blog\/maurice-manificat-on-etait-au-trefonds-et-on-ne-pouvait-que-remonter\/#breadcrumb\"},\"inLanguage\":\"fr-FR\",\"potentialAction\":[{\"@type\":\"ReadAction\",\"target\":[\"https:\/\/dicodusport.fr\/blog\/maurice-manificat-on-etait-au-trefonds-et-on-ne-pouvait-que-remonter\/\"]}]},{\"@type\":\"ImageObject\",\"inLanguage\":\"fr-FR\",\"@id\":\"https:\/\/dicodusport.fr\/blog\/maurice-manificat-on-etait-au-trefonds-et-on-ne-pouvait-que-remonter\/#primaryimage\",\"url\":\"https:\/\/dicodusport.fr\/blog\/wp-content\/uploads\/2022\/02\/Maurice-Manificat-On-e\u0301tait-au-tre\u0301fonds-et-on-ne-pouvait-que-remonter.png\",\"contentUrl\":\"https:\/\/dicodusport.fr\/blog\/wp-content\/uploads\/2022\/02\/Maurice-Manificat-On-e\u0301tait-au-tre\u0301fonds-et-on-ne-pouvait-que-remonter.png\",\"width\":800,\"height\":445},{\"@type\":\"BreadcrumbList\",\"@id\":\"https:\/\/dicodusport.fr\/blog\/maurice-manificat-on-etait-au-trefonds-et-on-ne-pouvait-que-remonter\/#breadcrumb\",\"itemListElement\":[{\"@type\":\"ListItem\",\"position\":1,\"name\":\"Accueil\",\"item\":\"https:\/\/dicodusport.fr\/blog\/\"},{\"@type\":\"ListItem\",\"position\":2,\"name\":\"Maurice Manificat : \u00ab\u00a0On \u00e9tait au tr\u00e9fonds et on ne pouvait que remonter\u00a0\u00bb\"}]},{\"@type\":\"WebSite\",\"@id\":\"https:\/\/dicodusport.fr\/blog\/#website\",\"url\":\"https:\/\/dicodusport.fr\/blog\/\",\"name\":\"Dicodusport\",\"description\":\"L&#039;encyclop\u00e9die de l&#039;actualit\u00e9 sportive\",\"publisher\":{\"@id\":\"https:\/\/dicodusport.fr\/blog\/#organization\"},\"potentialAction\":[{\"@type\":\"SearchAction\",\"target\":{\"@type\":\"EntryPoint\",\"urlTemplate\":\"https:\/\/dicodusport.fr\/blog\/?s={search_term_string}\"},\"query-input\":{\"@type\":\"PropertyValueSpecification\",\"valueRequired\":true,\"valueName\":\"search_term_string\"}}],\"inLanguage\":\"fr-FR\"},{\"@type\":\"NewsMediaOrganization\",\"@id\":\"https:\/\/dicodusport.fr\/blog\/#organization\",\"name\":\"Dicodusport\",\"url\":\"https:\/\/dicodusport.fr\/blog\/\",\"logo\":{\"@type\":\"ImageObject\",\"inLanguage\":\"fr-FR\",\"@id\":\"https:\/\/dicodusport.fr\/blog\/#\/schema\/logo\/image\/\",\"url\":\"https:\/\/dicodusport.fr\/blog\/wp-content\/uploads\/2020\/06\/cropped-LOGO-DICODUSPORT-2020-SANS-FOND-SANS-TEXTE.png\",\"contentUrl\":\"https:\/\/dicodusport.fr\/blog\/wp-content\/uploads\/2020\/06\/cropped-LOGO-DICODUSPORT-2020-SANS-FOND-SANS-TEXTE.png\",\"width\":512,\"height\":512,\"caption\":\"Dicodusport\"},\"image\":{\"@id\":\"https:\/\/dicodusport.fr\/blog\/#\/schema\/logo\/image\/\"},\"sameAs\":[\"https:\/\/www.facebook.com\/dicodusport\",\"https:\/\/x.com\/dicodusport\",\"https:\/\/www.instagram.com\/dicodusport\/\",\"https:\/\/www.youtube.com\/channel\/UC7V2KZ5sd3htJivAbA4ZG3w\"],\"description\":\"Dicodusport est l'encyclop\u00e9die de l'actualit\u00e9 sportive.\",\"email\":\"bonjour@dicodusport.fr\",\"legalName\":\"DICODUSPORT\",\"foundingDate\":\"2018-01-14\",\"vatID\":\"FR71834470973\",\"taxID\":\"83447097300043\",\"numberOfEmployees\":{\"@type\":\"QuantitativeValue\",\"minValue\":\"1\",\"maxValue\":\"10\"}},{\"@type\":\"Person\",\"@id\":\"https:\/\/dicodusport.fr\/blog\/#\/schema\/person\/55dcb50ad410894e431ed812bbb70191\",\"name\":\"Nicolas Jacquemard\",\"image\":{\"@type\":\"ImageObject\",\"inLanguage\":\"fr-FR\",\"@id\":\"https:\/\/dicodusport.fr\/blog\/#\/schema\/person\/image\/\",\"url\":\"https:\/\/dicodusport.fr\/blog\/wp-content\/uploads\/2021\/05\/Nicolas-Jacquemard-150x150.jpeg\",\"contentUrl\":\"https:\/\/dicodusport.fr\/blog\/wp-content\/uploads\/2021\/05\/Nicolas-Jacquemard-150x150.jpeg\",\"caption\":\"Nicolas Jacquemard\"},\"description\":\"Passionn\u00e9 de sport et entrepreneur depuis mes 18 ans, la cr\u00e9ation de Dicodusport m'a sembl\u00e9 \u00e9vidente pour participer \u00e0 la m\u00e9diatisation d'un plus grand nombre de sports. Le chemin est long mais avec une \u00e9quipe des plus motiv\u00e9es et les Jeux Olympiques de Paris 2024 en point de mire, nous y arriverons ! Journaliste dans le monde du sport depuis plus de 5 ans, je traite aussi bien de football, de rugby, de biathlon que de cyclisme.\",\"sameAs\":[\"https:\/\/www.facebook.com\/dicodusport\",\"https:\/\/x.com\/https:\/\/twitter.com\/Nico_Jacquemard\"],\"url\":\"https:\/\/dicodusport.fr\/blog\/author\/dicodusport\/\"}]}<\/script>\n<!-- \/ Yoast SEO Premium plugin. -->","yoast_head_json":{"title":"Maurice Manificat : \"On \u00e9tait au tr\u00e9fonds et on ne pouvait que remonter\"","description":"JO P\u00c9KIN 2022 - SKI DE FOND - D\u00e9j\u00e0 bronz\u00e9e en 2018, l'\u00e9quipe de France de ski de fond garde sa m\u00e9daille sur le relais masculin.","robots":{"index":"index","follow":"follow","max-snippet":"max-snippet:-1","max-image-preview":"max-image-preview:large","max-video-preview":"max-video-preview:-1"},"canonical":"https:\/\/dicodusport.fr\/blog\/maurice-manificat-on-etait-au-trefonds-et-on-ne-pouvait-que-remonter\/","og_locale":"fr_FR","og_type":"article","og_title":"Maurice Manificat : \"On \u00e9tait au tr\u00e9fonds et on ne pouvait que remonter\"","og_description":"JO P\u00c9KIN 2022 - SKI DE FOND - D\u00e9j\u00e0 bronz\u00e9e en 2018, l'\u00e9quipe de France de ski de fond garde sa m\u00e9daille sur le relais masculin.","og_url":"https:\/\/dicodusport.fr\/blog\/maurice-manificat-on-etait-au-trefonds-et-on-ne-pouvait-que-remonter\/","og_site_name":"Dicodusport","article_publisher":"https:\/\/www.facebook.com\/dicodusport","article_author":"https:\/\/www.facebook.com\/dicodusport","article_published_time":"2022-02-13T14:34:43+00:00","og_image":[{"width":800,"height":445,"url":"https:\/\/dicodusport.fr\/blog\/wp-content\/uploads\/2022\/02\/Maurice-Manificat-On-e\u0301tait-au-tre\u0301fonds-et-on-ne-pouvait-que-remonter.png","type":"image\/png"}],"author":"Nicolas Jacquemard","twitter_card":"summary_large_image","twitter_title":"Maurice Manificat : \"On \u00e9tait au tr\u00e9fonds et on ne pouvait que remonter\"","twitter_creator":"@https:\/\/twitter.com\/Nico_Jacquemard","twitter_site":"@dicodusport","schema":{"@context":"https:\/\/schema.org","@graph":[{"@type":"NewsArticle","@id":"https:\/\/dicodusport.fr\/blog\/maurice-manificat-on-etait-au-trefonds-et-on-ne-pouvait-que-remonter\/#article","isPartOf":{"@id":"https:\/\/dicodusport.fr\/blog\/maurice-manificat-on-etait-au-trefonds-et-on-ne-pouvait-que-remonter\/"},"author":{"name":"Nicolas Jacquemard","@id":"https:\/\/dicodusport.fr\/blog\/#\/schema\/person\/55dcb50ad410894e431ed812bbb70191"},"headline":"Maurice Manificat : \u00ab\u00a0On \u00e9tait au tr\u00e9fonds et on ne pouvait que remonter\u00a0\u00bb","datePublished":"2022-02-13T14:34:43+00:00","mainEntityOfPage":{"@id":"https:\/\/dicodusport.fr\/blog\/maurice-manificat-on-etait-au-trefonds-et-on-ne-pouvait-que-remonter\/"},"wordCount":355,"commentCount":0,"publisher":{"@id":"https:\/\/dicodusport.fr\/blog\/#organization"},"image":{"@id":"https:\/\/dicodusport.fr\/blog\/maurice-manificat-on-etait-au-trefonds-et-on-ne-pouvait-que-remonter\/#primaryimage"},"thumbnailUrl":"https:\/\/dicodusport.fr\/blog\/wp-content\/uploads\/2022\/02\/Maurice-Manificat-On-e\u0301tait-au-tre\u0301fonds-et-on-ne-pouvait-que-remonter.png","keywords":["Jeux Olympiques de P\u00e9kin","Maurice Manificat"],"articleSection":["JO d'hiver P\u00e9kin 2022","Ski"],"inLanguage":"fr-FR","potentialAction":[{"@type":"CommentAction","name":"Comment","target":["https:\/\/dicodusport.fr\/blog\/maurice-manificat-on-etait-au-trefonds-et-on-ne-pouvait-que-remonter\/#respond"]}],"copyrightYear":"2022","copyrightHolder":{"@id":"https:\/\/dicodusport.fr\/blog\/#organization"}},{"@type":"WebPage","@id":"https:\/\/dicodusport.fr\/blog\/maurice-manificat-on-etait-au-trefonds-et-on-ne-pouvait-que-remonter\/","url":"https:\/\/dicodusport.fr\/blog\/maurice-manificat-on-etait-au-trefonds-et-on-ne-pouvait-que-remonter\/","name":"Maurice Manificat : \"On \u00e9tait au tr\u00e9fonds et on ne pouvait que remonter\"","isPartOf":{"@id":"https:\/\/dicodusport.fr\/blog\/#website"},"primaryImageOfPage":{"@id":"https:\/\/dicodusport.fr\/blog\/maurice-manificat-on-etait-au-trefonds-et-on-ne-pouvait-que-remonter\/#primaryimage"},"image":{"@id":"https:\/\/dicodusport.fr\/blog\/maurice-manificat-on-etait-au-trefonds-et-on-ne-pouvait-que-remonter\/#primaryimage"},"thumbnailUrl":"https:\/\/dicodusport.fr\/blog\/wp-content\/uploads\/2022\/02\/Maurice-Manificat-On-e\u0301tait-au-tre\u0301fonds-et-on-ne-pouvait-que-remonter.png","datePublished":"2022-02-13T14:34:43+00:00","description":"JO P\u00c9KIN 2022 - SKI DE FOND - D\u00e9j\u00e0 bronz\u00e9e en 2018, l'\u00e9quipe de France de ski de fond garde sa m\u00e9daille sur le relais masculin.","breadcrumb":{"@id":"https:\/\/dicodusport.fr\/blog\/maurice-manificat-on-etait-au-trefonds-et-on-ne-pouvait-que-remonter\/#breadcrumb"},"inLanguage":"fr-FR","potentialAction":[{"@type":"ReadAction","target":["https:\/\/dicodusport.fr\/blog\/maurice-manificat-on-etait-au-trefonds-et-on-ne-pouvait-que-remonter\/"]}]},{"@type":"ImageObject","inLanguage":"fr-FR","@id":"https:\/\/dicodusport.fr\/blog\/maurice-manificat-on-etait-au-trefonds-et-on-ne-pouvait-que-remonter\/#primaryimage","url":"https:\/\/dicodusport.fr\/blog\/wp-content\/uploads\/2022\/02\/Maurice-Manificat-On-e\u0301tait-au-tre\u0301fonds-et-on-ne-pouvait-que-remonter.png","contentUrl":"https:\/\/dicodusport.fr\/blog\/wp-content\/uploads\/2022\/02\/Maurice-Manificat-On-e\u0301tait-au-tre\u0301fonds-et-on-ne-pouvait-que-remonter.png","width":800,"height":445},{"@type":"BreadcrumbList","@id":"https:\/\/dicodusport.fr\/blog\/maurice-manificat-on-etait-au-trefonds-et-on-ne-pouvait-que-remonter\/#breadcrumb","itemListElement":[{"@type":"ListItem","position":1,"name":"Accueil","item":"https:\/\/dicodusport.fr\/blog\/"},{"@type":"ListItem","position":2,"name":"Maurice Manificat : \u00ab\u00a0On \u00e9tait au tr\u00e9fonds et on ne pouvait que remonter\u00a0\u00bb"}]},{"@type":"WebSite","@id":"https:\/\/dicodusport.fr\/blog\/#website","url":"https:\/\/dicodusport.fr\/blog\/","name":"Dicodusport","description":"L&#039;encyclop\u00e9die de l&#039;actualit\u00e9 sportive","publisher":{"@id":"https:\/\/dicodusport.fr\/blog\/#organization"},"potentialAction":[{"@type":"SearchAction","target":{"@type":"EntryPoint","urlTemplate":"https:\/\/dicodusport.fr\/blog\/?s={search_term_string}"},"query-input":{"@type":"PropertyValueSpecification","valueRequired":true,"valueName":"search_term_string"}}],"inLanguage":"fr-FR"},{"@type":"NewsMediaOrganization","@id":"https:\/\/dicodusport.fr\/blog\/#organization","name":"Dicodusport","url":"https:\/\/dicodusport.fr\/blog\/","logo":{"@type":"ImageObject","inLanguage":"fr-FR","@id":"https:\/\/dicodusport.fr\/blog\/#\/schema\/logo\/image\/","url":"https:\/\/dicodusport.fr\/blog\/wp-content\/uploads\/2020\/06\/cropped-LOGO-DICODUSPORT-2020-SANS-FOND-SANS-TEXTE.png","contentUrl":"https:\/\/dicodusport.fr\/blog\/wp-content\/uploads\/2020\/06\/cropped-LOGO-DICODUSPORT-2020-SANS-FOND-SANS-TEXTE.png","width":512,"height":512,"caption":"Dicodusport"},"image":{"@id":"https:\/\/dicodusport.fr\/blog\/#\/schema\/logo\/image\/"},"sameAs":["https:\/\/www.facebook.com\/dicodusport","https:\/\/x.com\/dicodusport","https:\/\/www.instagram.com\/dicodusport\/","https:\/\/www.youtube.com\/channel\/UC7V2KZ5sd3htJivAbA4ZG3w"],"description":"Dicodusport est l'encyclop\u00e9die de l'actualit\u00e9 sportive.","email":"bonjour@dicodusport.fr","legalName":"DICODUSPORT","foundingDate":"2018-01-14","vatID":"FR71834470973","taxID":"83447097300043","numberOfEmployees":{"@type":"QuantitativeValue","minValue":"1","maxValue":"10"}},{"@type":"Person","@id":"https:\/\/dicodusport.fr\/blog\/#\/schema\/person\/55dcb50ad410894e431ed812bbb70191","name":"Nicolas Jacquemard","image":{"@type":"ImageObject","inLanguage":"fr-FR","@id":"https:\/\/dicodusport.fr\/blog\/#\/schema\/person\/image\/","url":"https:\/\/dicodusport.fr\/blog\/wp-content\/uploads\/2021\/05\/Nicolas-Jacquemard-150x150.jpeg","contentUrl":"https:\/\/dicodusport.fr\/blog\/wp-content\/uploads\/2021\/05\/Nicolas-Jacquemard-150x150.jpeg","caption":"Nicolas Jacquemard"},"description":"Passionn\u00e9 de sport et entrepreneur depuis mes 18 ans, la cr\u00e9ation de Dicodusport m'a sembl\u00e9 \u00e9vidente pour participer \u00e0 la m\u00e9diatisation d'un plus grand nombre de sports. Le chemin est long mais avec une \u00e9quipe des plus motiv\u00e9es et les Jeux Olympiques de Paris 2024 en point de mire, nous y arriverons ! Journaliste dans le monde du sport depuis plus de 5 ans, je traite aussi bien de football, de rugby, de biathlon que de cyclisme.","sameAs":["https:\/\/www.facebook.com\/dicodusport","https:\/\/x.com\/https:\/\/twitter.com\/Nico_Jacquemard"],"url":"https:\/\/dicodusport.fr\/blog\/author\/dicodusport\/"}]}},"_links":{"self":[{"href":"https:\/\/dicodusport.fr\/blog\/wp-json\/wp\/v2\/posts\/200047","targetHints":{"allow":["GET"]}}],"collection":[{"href":"https:\/\/dicodusport.fr\/blog\/wp-json\/wp\/v2\/posts"}],"about":[{"href":"https:\/\/dicodusport.fr\/blog\/wp-json\/wp\/v2\/types\/post"}],"author":[{"embeddable":true,"href":"https:\/\/dicodusport.fr\/blog\/wp-json\/wp\/v2\/users\/1"}],"replies":[{"embeddable":true,"href":"https:\/\/dicodusport.fr\/blog\/wp-json\/wp\/v2\/comments?post=200047"}],"version-history":[{"count":0,"href":"https:\/\/dicodusport.fr\/blog\/wp-json\/wp\/v2\/posts\/200047\/revisions"}],"wp:featuredmedia":[{"embeddable":true,"href":"https:\/\/dicodusport.fr\/blog\/wp-json\/wp\/v2\/media\/200050"}],"wp:attachment":[{"href":"https:\/\/dicodusport.fr\/blog\/wp-json\/wp\/v2\/media?parent=200047"}],"wp:term":[{"taxonomy":"category","embeddable":true,"href":"https:\/\/dicodusport.fr\/blog\/wp-json\/wp\/v2\/categories?post=200047"},{"taxonomy":"post_tag","embeddable":true,"href":"https:\/\/dicodusport.fr\/blog\/wp-json\/wp\/v2\/tags?post=200047"}],"curies":[{"name":"wp","href":"https:\/\/api.w.org\/{rel}","templated":true}]}}