{"id":200428,"date":"2022-02-15T05:30:20","date_gmt":"2022-02-15T04:30:20","guid":{"rendered":"https:\/\/dicodusport.fr\/blog\/?p=200428&#038;preview=true&#038;preview_id=200428"},"modified":"2022-02-15T05:53:33","modified_gmt":"2022-02-15T04:53:33","slug":"jo-pekin-2022-ski-alpin-corinne-suter-championne-olympique-de-descente","status":"publish","type":"post","link":"https:\/\/dicodusport.fr\/blog\/jo-pekin-2022-ski-alpin-corinne-suter-championne-olympique-de-descente\/","title":{"rendered":"JO P\u00e9kin 2022 &#8211; Ski Alpin : Corinne Suter championne olympique de descente"},"content":{"rendered":"<p style=\"text-align: justify;\"><strong><em><a href=\"https:\/\/dicodusport.fr\/blog\/ski-alpin-jo-pekin-2022-programme-resultats-medailles\/\">JO P\u00c9KIN 2022<b> <\/b> &#8211; SKI ALPIN<\/a> &#8211; La Suissesse Corinne Suter a remport\u00e9 le titre olympique de la descente ce mardi sur la piste de Yanqing. Elle a devanc\u00e9 les Italiennes Sofia Goggia et Nadia Delago.<\/em><\/strong><\/p>\n<h2 style=\"text-align: justify;\">Corinne Suter sort la course de sa saison<\/h2>\n<p style=\"text-align: justify;\">Dans des conditions de froid extr\u00eame, <strong>Corinne Suter<\/strong> a \u00e9t\u00e9 extr\u00eamement forte sur le plat final pour r\u00e9aliser le meilleur temps en 1:31.87 avec beaucoup de lumi\u00e8re sur la piste. Suter est devenue la sixi\u00e8me championne olympique suisse dans la discipline apr\u00e8s Hedy Schlunegger (1948), Madeleine Berthod (1956), Marie-Theres Nadig (1972), Michela Figini (1984) et Dominique Gisin (2014).<\/p>\n<h2 style=\"text-align: justify;\">La revenante Sofia Goggia avec l&rsquo;argent<\/h2>\n<p style=\"text-align: justify;\">Ensuite, la championne olympique de la descente de Pyeongchang, <strong>Sofia Goggia<\/strong>, a \u00e9t\u00e9 \u00e0 la limite comme d&rsquo;habitude; en prenant un maximum de risques sur le haut pour finir 2e \u00e0 16 centi\u00e8mes. Victime d&rsquo;une entorse du genou droit et une l\u00e9g\u00e8re fracture du p\u00e9ron\u00e9 \u00e0 Cortina d&rsquo;Ampezzo, la skieuse italienne de 29 ans est revenue \u00e0 temps pour prendre une breloque \u00e0 P\u00e9kin en trois semaines. <strong>Katja Seizinger<\/strong> reste aujourd&rsquo;hui la seule skieuse dans l\u2019Histoire \u00e0 avoir conserv\u00e9 son titre olympique en descente.<\/p>\n<p style=\"text-align: justify;\">Puis, <strong>Nadia Delago<\/strong> a compl\u00e9t\u00e9 le podium \u00e0 57 centi\u00e8mes devant l&rsquo;Allemande <strong>Kira Weidle<\/strong> (4e \u00e0 0.71) et une autre transalpine, <strong>Elena Curtoni<\/strong> (5e \u00e0 1 seconde), partie avec le dossard 1. L&rsquo;\u00e9quipe d&rsquo;Italie a parfaitement r\u00e9pondu apr\u00e8s la d\u00e9ception du Super-G.<\/p>\n<h2 style=\"text-align: justify;\">Coup dur pour <strong>Camille Cerutti<\/strong><\/h2>\n<p style=\"text-align: justify;\">Dans l&rsquo;ombre, <strong>Laura Gauch\u00e9<\/strong> a fait une course correcte en c\u00e9dant 1.60 pour une dixi\u00e8me place. <strong>Romane Miradoli<\/strong> a accumul\u00e9 du retard dans la seconde moiti\u00e9 de la course (13e \u00e0 2.06).<strong> Tiffany Gauthier<\/strong> est sortie sur la double porte du haut apr\u00e8s 40 secondes de course. Enfin, pour ses premiers Jeux, <strong>Camille Cerutti<\/strong> a lourdement chut\u00e9 sur une porte en aveugle et s&rsquo;est bless\u00e9e au genou.<\/p>\n<ul>\n<li style=\"text-align: justify;\"><a href=\"https:\/\/dicodusport.fr\/blog\/ski-alpin-jo-pekin-2022-classement-descente-femmes\/\"><strong>Le classement de la descente femmes des JO de P\u00e9kin 2022<\/strong><\/a><\/li>\n<\/ul>\n","protected":false},"excerpt":{"rendered":"<p>JO P\u00c9KIN 2022 &#8211; SKI ALPIN &#8211; La Suissesse Corinne Suter a remport\u00e9 le titre olympique de la descente ce mardi sur la piste de Yanqing. Elle a devanc\u00e9 les Italiennes Sofia Goggia et Nadia Delago.<\/p>\n","protected":false},"author":48,"featured_media":200460,"comment_status":"open","ping_status":"closed","sticky":false,"template":"","format":"standard","meta":{"_acf_changed":false,"_daextam_enable_autolinks":"","footnotes":""},"categories":[20104,9217],"tags":[21641,21579],"class_list":["post-200428","post","type-post","status-publish","format-standard","has-post-thumbnail","hentry","category-jo-hiver-pekin-2022","category-ski","tag-jeux-olympiques-de-pekin","tag-ski-alpin-jo-pekin"],"acf":[],"yoast_head":"<!-- This site is optimized with the Yoast SEO Premium plugin v26.7 (Yoast SEO v26.7) - https:\/\/yoast.com\/wordpress\/plugins\/seo\/ -->\n<title>JO P\u00e9kin 2022 - Ski Alpin : Corinne Suter championne olympique de descente<\/title>\n<meta name=\"description\" content=\"JO P\u00c9KIN 2022 - SKI ALPIN - La Suissesse Corinne Suter a remport\u00e9 le titre olympique de la descente ce mardi sur la piste de Yanqing.\" \/>\n<meta name=\"robots\" content=\"index, follow, max-snippet:-1, max-image-preview:large, max-video-preview:-1\" \/>\n<link rel=\"canonical\" href=\"https:\/\/dicodusport.fr\/blog\/jo-pekin-2022-ski-alpin-corinne-suter-championne-olympique-de-descente\/\" \/>\n<meta property=\"og:locale\" content=\"fr_FR\" \/>\n<meta property=\"og:type\" content=\"article\" \/>\n<meta property=\"og:title\" content=\"JO P\u00e9kin 2022 - Ski Alpin : Corinne Suter championne olympique de descente\" \/>\n<meta property=\"og:description\" content=\"JO P\u00c9KIN 2022 - SKI ALPIN - La Suissesse Corinne Suter a remport\u00e9 le titre olympique de la descente ce mardi sur la piste de Yanqing.\" \/>\n<meta property=\"og:url\" content=\"https:\/\/dicodusport.fr\/blog\/jo-pekin-2022-ski-alpin-corinne-suter-championne-olympique-de-descente\/\" \/>\n<meta property=\"og:site_name\" content=\"Dicodusport\" \/>\n<meta property=\"article:publisher\" content=\"https:\/\/www.facebook.com\/dicodusport\" \/>\n<meta property=\"article:author\" content=\"https:\/\/www.facebook.com\/groups\/LesRoisDuPeloton\" \/>\n<meta property=\"article:published_time\" content=\"2022-02-15T04:30:20+00:00\" \/>\n<meta property=\"article:modified_time\" content=\"2022-02-15T04:53:33+00:00\" \/>\n<meta property=\"og:image\" content=\"https:\/\/dicodusport.fr\/blog\/wp-content\/uploads\/2022\/02\/JO-Pekin-2022-Ski-Alpin-Corinne-Suter-championne-olympique-de-descente.png\" \/>\n\t<meta property=\"og:image:width\" content=\"800\" \/>\n\t<meta property=\"og:image:height\" content=\"445\" \/>\n\t<meta property=\"og:image:type\" content=\"image\/png\" \/>\n<meta name=\"author\" content=\"Emilien Descampiaux\" \/>\n<meta name=\"twitter:card\" content=\"summary_large_image\" \/>\n<meta name=\"twitter:title\" content=\"JO P\u00e9kin 2022 - Ski Alpin : Corinne Suter championne olympique de descente\" \/>\n<meta name=\"twitter:creator\" content=\"@https:\/\/twitter.com\/LRoisDuPeloton\" \/>\n<meta name=\"twitter:site\" content=\"@dicodusport\" \/>\n<script type=\"application\/ld+json\" class=\"yoast-schema-graph\">{\"@context\":\"https:\/\/schema.org\",\"@graph\":[{\"@type\":\"NewsArticle\",\"@id\":\"https:\/\/dicodusport.fr\/blog\/jo-pekin-2022-ski-alpin-corinne-suter-championne-olympique-de-descente\/#article\",\"isPartOf\":{\"@id\":\"https:\/\/dicodusport.fr\/blog\/jo-pekin-2022-ski-alpin-corinne-suter-championne-olympique-de-descente\/\"},\"author\":{\"name\":\"Emilien Descampiaux\",\"@id\":\"https:\/\/dicodusport.fr\/blog\/#\/schema\/person\/6db4bae06b171592211be385b32876a7\"},\"headline\":\"JO P\u00e9kin 2022 &#8211; Ski Alpin : Corinne Suter championne olympique de descente\",\"datePublished\":\"2022-02-15T04:30:20+00:00\",\"dateModified\":\"2022-02-15T04:53:33+00:00\",\"mainEntityOfPage\":{\"@id\":\"https:\/\/dicodusport.fr\/blog\/jo-pekin-2022-ski-alpin-corinne-suter-championne-olympique-de-descente\/\"},\"wordCount\":335,\"commentCount\":0,\"publisher\":{\"@id\":\"https:\/\/dicodusport.fr\/blog\/#organization\"},\"image\":{\"@id\":\"https:\/\/dicodusport.fr\/blog\/jo-pekin-2022-ski-alpin-corinne-suter-championne-olympique-de-descente\/#primaryimage\"},\"thumbnailUrl\":\"https:\/\/dicodusport.fr\/blog\/wp-content\/uploads\/2022\/02\/JO-Pekin-2022-Ski-Alpin-Corinne-Suter-championne-olympique-de-descente.png\",\"keywords\":[\"Jeux Olympiques de P\u00e9kin\",\"Ski alpin JO P\u00e9kin\"],\"articleSection\":[\"JO d'hiver P\u00e9kin 2022\",\"Ski\"],\"inLanguage\":\"fr-FR\",\"potentialAction\":[{\"@type\":\"CommentAction\",\"name\":\"Comment\",\"target\":[\"https:\/\/dicodusport.fr\/blog\/jo-pekin-2022-ski-alpin-corinne-suter-championne-olympique-de-descente\/#respond\"]}],\"copyrightYear\":\"2022\",\"copyrightHolder\":{\"@id\":\"https:\/\/dicodusport.fr\/blog\/#organization\"}},{\"@type\":\"WebPage\",\"@id\":\"https:\/\/dicodusport.fr\/blog\/jo-pekin-2022-ski-alpin-corinne-suter-championne-olympique-de-descente\/\",\"url\":\"https:\/\/dicodusport.fr\/blog\/jo-pekin-2022-ski-alpin-corinne-suter-championne-olympique-de-descente\/\",\"name\":\"JO P\u00e9kin 2022 - Ski Alpin : Corinne Suter championne olympique de descente\",\"isPartOf\":{\"@id\":\"https:\/\/dicodusport.fr\/blog\/#website\"},\"primaryImageOfPage\":{\"@id\":\"https:\/\/dicodusport.fr\/blog\/jo-pekin-2022-ski-alpin-corinne-suter-championne-olympique-de-descente\/#primaryimage\"},\"image\":{\"@id\":\"https:\/\/dicodusport.fr\/blog\/jo-pekin-2022-ski-alpin-corinne-suter-championne-olympique-de-descente\/#primaryimage\"},\"thumbnailUrl\":\"https:\/\/dicodusport.fr\/blog\/wp-content\/uploads\/2022\/02\/JO-Pekin-2022-Ski-Alpin-Corinne-Suter-championne-olympique-de-descente.png\",\"datePublished\":\"2022-02-15T04:30:20+00:00\",\"dateModified\":\"2022-02-15T04:53:33+00:00\",\"description\":\"JO P\u00c9KIN 2022 - SKI ALPIN - La Suissesse Corinne Suter a remport\u00e9 le titre olympique de la descente ce mardi sur la piste de Yanqing.\",\"breadcrumb\":{\"@id\":\"https:\/\/dicodusport.fr\/blog\/jo-pekin-2022-ski-alpin-corinne-suter-championne-olympique-de-descente\/#breadcrumb\"},\"inLanguage\":\"fr-FR\",\"potentialAction\":[{\"@type\":\"ReadAction\",\"target\":[\"https:\/\/dicodusport.fr\/blog\/jo-pekin-2022-ski-alpin-corinne-suter-championne-olympique-de-descente\/\"]}]},{\"@type\":\"ImageObject\",\"inLanguage\":\"fr-FR\",\"@id\":\"https:\/\/dicodusport.fr\/blog\/jo-pekin-2022-ski-alpin-corinne-suter-championne-olympique-de-descente\/#primaryimage\",\"url\":\"https:\/\/dicodusport.fr\/blog\/wp-content\/uploads\/2022\/02\/JO-Pekin-2022-Ski-Alpin-Corinne-Suter-championne-olympique-de-descente.png\",\"contentUrl\":\"https:\/\/dicodusport.fr\/blog\/wp-content\/uploads\/2022\/02\/JO-Pekin-2022-Ski-Alpin-Corinne-Suter-championne-olympique-de-descente.png\",\"width\":800,\"height\":445,\"caption\":\"JO P\u00e9kin 2022 - Ski Alpin Corinne Suter championne olympique de descente\"},{\"@type\":\"BreadcrumbList\",\"@id\":\"https:\/\/dicodusport.fr\/blog\/jo-pekin-2022-ski-alpin-corinne-suter-championne-olympique-de-descente\/#breadcrumb\",\"itemListElement\":[{\"@type\":\"ListItem\",\"position\":1,\"name\":\"Accueil\",\"item\":\"https:\/\/dicodusport.fr\/blog\/\"},{\"@type\":\"ListItem\",\"position\":2,\"name\":\"JO P\u00e9kin 2022 &#8211; Ski Alpin : Corinne Suter championne olympique de descente\"}]},{\"@type\":\"WebSite\",\"@id\":\"https:\/\/dicodusport.fr\/blog\/#website\",\"url\":\"https:\/\/dicodusport.fr\/blog\/\",\"name\":\"Dicodusport\",\"description\":\"L&#039;encyclop\u00e9die de l&#039;actualit\u00e9 sportive\",\"publisher\":{\"@id\":\"https:\/\/dicodusport.fr\/blog\/#organization\"},\"potentialAction\":[{\"@type\":\"SearchAction\",\"target\":{\"@type\":\"EntryPoint\",\"urlTemplate\":\"https:\/\/dicodusport.fr\/blog\/?s={search_term_string}\"},\"query-input\":{\"@type\":\"PropertyValueSpecification\",\"valueRequired\":true,\"valueName\":\"search_term_string\"}}],\"inLanguage\":\"fr-FR\"},{\"@type\":\"NewsMediaOrganization\",\"@id\":\"https:\/\/dicodusport.fr\/blog\/#organization\",\"name\":\"Dicodusport\",\"url\":\"https:\/\/dicodusport.fr\/blog\/\",\"logo\":{\"@type\":\"ImageObject\",\"inLanguage\":\"fr-FR\",\"@id\":\"https:\/\/dicodusport.fr\/blog\/#\/schema\/logo\/image\/\",\"url\":\"https:\/\/dicodusport.fr\/blog\/wp-content\/uploads\/2020\/06\/cropped-LOGO-DICODUSPORT-2020-SANS-FOND-SANS-TEXTE.png\",\"contentUrl\":\"https:\/\/dicodusport.fr\/blog\/wp-content\/uploads\/2020\/06\/cropped-LOGO-DICODUSPORT-2020-SANS-FOND-SANS-TEXTE.png\",\"width\":512,\"height\":512,\"caption\":\"Dicodusport\"},\"image\":{\"@id\":\"https:\/\/dicodusport.fr\/blog\/#\/schema\/logo\/image\/\"},\"sameAs\":[\"https:\/\/www.facebook.com\/dicodusport\",\"https:\/\/x.com\/dicodusport\",\"https:\/\/www.instagram.com\/dicodusport\/\",\"https:\/\/www.youtube.com\/channel\/UC7V2KZ5sd3htJivAbA4ZG3w\"],\"description\":\"Dicodusport est l'encyclop\u00e9die de l'actualit\u00e9 sportive.\",\"email\":\"bonjour@dicodusport.fr\",\"legalName\":\"DICODUSPORT\",\"foundingDate\":\"2018-01-14\",\"vatID\":\"FR71834470973\",\"taxID\":\"83447097300043\",\"numberOfEmployees\":{\"@type\":\"QuantitativeValue\",\"minValue\":\"1\",\"maxValue\":\"10\"}},{\"@type\":\"Person\",\"@id\":\"https:\/\/dicodusport.fr\/blog\/#\/schema\/person\/6db4bae06b171592211be385b32876a7\",\"name\":\"Emilien Descampiaux\",\"image\":{\"@type\":\"ImageObject\",\"inLanguage\":\"fr-FR\",\"@id\":\"https:\/\/dicodusport.fr\/blog\/#\/schema\/person\/image\/\",\"url\":\"https:\/\/dicodusport.fr\/blog\/wp-content\/uploads\/2021\/05\/Emilien-Descampiaux-150x150.jpg\",\"contentUrl\":\"https:\/\/dicodusport.fr\/blog\/wp-content\/uploads\/2021\/05\/Emilien-Descampiaux-150x150.jpg\",\"caption\":\"Emilien Descampiaux\"},\"description\":\"Journaliste\/r\u00e9dacteur depuis 2014 - Fan de la classe de Frank Vandenbroucke, je vis cyclisme (et de ses paysages) depuis plus de 20 ans. Je suis tr\u00e8s impliqu\u00e9 sur mes diff\u00e9rents r\u00e9seaux sociaux pour partager ma passion sur le monde et l'Histoire de la bicyclette avec ma voix sur les images en noir et blanc du succ\u00e8s de Rik Van Steenbergen lors du Ronde sur le V\u00e9lodrome de Gand.\",\"sameAs\":[\"https:\/\/www.facebook.com\/groups\/LesRoisDuPeloton\",\"https:\/\/x.com\/https:\/\/twitter.com\/LRoisDuPeloton\"],\"url\":\"https:\/\/dicodusport.fr\/blog\/author\/emiliend\/\"}]}<\/script>\n<!-- \/ Yoast SEO Premium plugin. -->","yoast_head_json":{"title":"JO P\u00e9kin 2022 - Ski Alpin : Corinne Suter championne olympique de descente","description":"JO P\u00c9KIN 2022 - SKI ALPIN - La Suissesse Corinne Suter a remport\u00e9 le titre olympique de la descente ce mardi sur la piste de Yanqing.","robots":{"index":"index","follow":"follow","max-snippet":"max-snippet:-1","max-image-preview":"max-image-preview:large","max-video-preview":"max-video-preview:-1"},"canonical":"https:\/\/dicodusport.fr\/blog\/jo-pekin-2022-ski-alpin-corinne-suter-championne-olympique-de-descente\/","og_locale":"fr_FR","og_type":"article","og_title":"JO P\u00e9kin 2022 - Ski Alpin : Corinne Suter championne olympique de descente","og_description":"JO P\u00c9KIN 2022 - SKI ALPIN - La Suissesse Corinne Suter a remport\u00e9 le titre olympique de la descente ce mardi sur la piste de Yanqing.","og_url":"https:\/\/dicodusport.fr\/blog\/jo-pekin-2022-ski-alpin-corinne-suter-championne-olympique-de-descente\/","og_site_name":"Dicodusport","article_publisher":"https:\/\/www.facebook.com\/dicodusport","article_author":"https:\/\/www.facebook.com\/groups\/LesRoisDuPeloton","article_published_time":"2022-02-15T04:30:20+00:00","article_modified_time":"2022-02-15T04:53:33+00:00","og_image":[{"width":800,"height":445,"url":"https:\/\/dicodusport.fr\/blog\/wp-content\/uploads\/2022\/02\/JO-Pekin-2022-Ski-Alpin-Corinne-Suter-championne-olympique-de-descente.png","type":"image\/png"}],"author":"Emilien Descampiaux","twitter_card":"summary_large_image","twitter_title":"JO P\u00e9kin 2022 - Ski Alpin : Corinne Suter championne olympique de descente","twitter_creator":"@https:\/\/twitter.com\/LRoisDuPeloton","twitter_site":"@dicodusport","schema":{"@context":"https:\/\/schema.org","@graph":[{"@type":"NewsArticle","@id":"https:\/\/dicodusport.fr\/blog\/jo-pekin-2022-ski-alpin-corinne-suter-championne-olympique-de-descente\/#article","isPartOf":{"@id":"https:\/\/dicodusport.fr\/blog\/jo-pekin-2022-ski-alpin-corinne-suter-championne-olympique-de-descente\/"},"author":{"name":"Emilien Descampiaux","@id":"https:\/\/dicodusport.fr\/blog\/#\/schema\/person\/6db4bae06b171592211be385b32876a7"},"headline":"JO P\u00e9kin 2022 &#8211; Ski Alpin : Corinne Suter championne olympique de descente","datePublished":"2022-02-15T04:30:20+00:00","dateModified":"2022-02-15T04:53:33+00:00","mainEntityOfPage":{"@id":"https:\/\/dicodusport.fr\/blog\/jo-pekin-2022-ski-alpin-corinne-suter-championne-olympique-de-descente\/"},"wordCount":335,"commentCount":0,"publisher":{"@id":"https:\/\/dicodusport.fr\/blog\/#organization"},"image":{"@id":"https:\/\/dicodusport.fr\/blog\/jo-pekin-2022-ski-alpin-corinne-suter-championne-olympique-de-descente\/#primaryimage"},"thumbnailUrl":"https:\/\/dicodusport.fr\/blog\/wp-content\/uploads\/2022\/02\/JO-Pekin-2022-Ski-Alpin-Corinne-Suter-championne-olympique-de-descente.png","keywords":["Jeux Olympiques de P\u00e9kin","Ski alpin JO P\u00e9kin"],"articleSection":["JO d'hiver P\u00e9kin 2022","Ski"],"inLanguage":"fr-FR","potentialAction":[{"@type":"CommentAction","name":"Comment","target":["https:\/\/dicodusport.fr\/blog\/jo-pekin-2022-ski-alpin-corinne-suter-championne-olympique-de-descente\/#respond"]}],"copyrightYear":"2022","copyrightHolder":{"@id":"https:\/\/dicodusport.fr\/blog\/#organization"}},{"@type":"WebPage","@id":"https:\/\/dicodusport.fr\/blog\/jo-pekin-2022-ski-alpin-corinne-suter-championne-olympique-de-descente\/","url":"https:\/\/dicodusport.fr\/blog\/jo-pekin-2022-ski-alpin-corinne-suter-championne-olympique-de-descente\/","name":"JO P\u00e9kin 2022 - Ski Alpin : Corinne Suter championne olympique de descente","isPartOf":{"@id":"https:\/\/dicodusport.fr\/blog\/#website"},"primaryImageOfPage":{"@id":"https:\/\/dicodusport.fr\/blog\/jo-pekin-2022-ski-alpin-corinne-suter-championne-olympique-de-descente\/#primaryimage"},"image":{"@id":"https:\/\/dicodusport.fr\/blog\/jo-pekin-2022-ski-alpin-corinne-suter-championne-olympique-de-descente\/#primaryimage"},"thumbnailUrl":"https:\/\/dicodusport.fr\/blog\/wp-content\/uploads\/2022\/02\/JO-Pekin-2022-Ski-Alpin-Corinne-Suter-championne-olympique-de-descente.png","datePublished":"2022-02-15T04:30:20+00:00","dateModified":"2022-02-15T04:53:33+00:00","description":"JO P\u00c9KIN 2022 - SKI ALPIN - La Suissesse Corinne Suter a remport\u00e9 le titre olympique de la descente ce mardi sur la piste de Yanqing.","breadcrumb":{"@id":"https:\/\/dicodusport.fr\/blog\/jo-pekin-2022-ski-alpin-corinne-suter-championne-olympique-de-descente\/#breadcrumb"},"inLanguage":"fr-FR","potentialAction":[{"@type":"ReadAction","target":["https:\/\/dicodusport.fr\/blog\/jo-pekin-2022-ski-alpin-corinne-suter-championne-olympique-de-descente\/"]}]},{"@type":"ImageObject","inLanguage":"fr-FR","@id":"https:\/\/dicodusport.fr\/blog\/jo-pekin-2022-ski-alpin-corinne-suter-championne-olympique-de-descente\/#primaryimage","url":"https:\/\/dicodusport.fr\/blog\/wp-content\/uploads\/2022\/02\/JO-Pekin-2022-Ski-Alpin-Corinne-Suter-championne-olympique-de-descente.png","contentUrl":"https:\/\/dicodusport.fr\/blog\/wp-content\/uploads\/2022\/02\/JO-Pekin-2022-Ski-Alpin-Corinne-Suter-championne-olympique-de-descente.png","width":800,"height":445,"caption":"JO P\u00e9kin 2022 - Ski Alpin Corinne Suter championne olympique de descente"},{"@type":"BreadcrumbList","@id":"https:\/\/dicodusport.fr\/blog\/jo-pekin-2022-ski-alpin-corinne-suter-championne-olympique-de-descente\/#breadcrumb","itemListElement":[{"@type":"ListItem","position":1,"name":"Accueil","item":"https:\/\/dicodusport.fr\/blog\/"},{"@type":"ListItem","position":2,"name":"JO P\u00e9kin 2022 &#8211; Ski Alpin : Corinne Suter championne olympique de descente"}]},{"@type":"WebSite","@id":"https:\/\/dicodusport.fr\/blog\/#website","url":"https:\/\/dicodusport.fr\/blog\/","name":"Dicodusport","description":"L&#039;encyclop\u00e9die de l&#039;actualit\u00e9 sportive","publisher":{"@id":"https:\/\/dicodusport.fr\/blog\/#organization"},"potentialAction":[{"@type":"SearchAction","target":{"@type":"EntryPoint","urlTemplate":"https:\/\/dicodusport.fr\/blog\/?s={search_term_string}"},"query-input":{"@type":"PropertyValueSpecification","valueRequired":true,"valueName":"search_term_string"}}],"inLanguage":"fr-FR"},{"@type":"NewsMediaOrganization","@id":"https:\/\/dicodusport.fr\/blog\/#organization","name":"Dicodusport","url":"https:\/\/dicodusport.fr\/blog\/","logo":{"@type":"ImageObject","inLanguage":"fr-FR","@id":"https:\/\/dicodusport.fr\/blog\/#\/schema\/logo\/image\/","url":"https:\/\/dicodusport.fr\/blog\/wp-content\/uploads\/2020\/06\/cropped-LOGO-DICODUSPORT-2020-SANS-FOND-SANS-TEXTE.png","contentUrl":"https:\/\/dicodusport.fr\/blog\/wp-content\/uploads\/2020\/06\/cropped-LOGO-DICODUSPORT-2020-SANS-FOND-SANS-TEXTE.png","width":512,"height":512,"caption":"Dicodusport"},"image":{"@id":"https:\/\/dicodusport.fr\/blog\/#\/schema\/logo\/image\/"},"sameAs":["https:\/\/www.facebook.com\/dicodusport","https:\/\/x.com\/dicodusport","https:\/\/www.instagram.com\/dicodusport\/","https:\/\/www.youtube.com\/channel\/UC7V2KZ5sd3htJivAbA4ZG3w"],"description":"Dicodusport est l'encyclop\u00e9die de l'actualit\u00e9 sportive.","email":"bonjour@dicodusport.fr","legalName":"DICODUSPORT","foundingDate":"2018-01-14","vatID":"FR71834470973","taxID":"83447097300043","numberOfEmployees":{"@type":"QuantitativeValue","minValue":"1","maxValue":"10"}},{"@type":"Person","@id":"https:\/\/dicodusport.fr\/blog\/#\/schema\/person\/6db4bae06b171592211be385b32876a7","name":"Emilien Descampiaux","image":{"@type":"ImageObject","inLanguage":"fr-FR","@id":"https:\/\/dicodusport.fr\/blog\/#\/schema\/person\/image\/","url":"https:\/\/dicodusport.fr\/blog\/wp-content\/uploads\/2021\/05\/Emilien-Descampiaux-150x150.jpg","contentUrl":"https:\/\/dicodusport.fr\/blog\/wp-content\/uploads\/2021\/05\/Emilien-Descampiaux-150x150.jpg","caption":"Emilien Descampiaux"},"description":"Journaliste\/r\u00e9dacteur depuis 2014 - Fan de la classe de Frank Vandenbroucke, je vis cyclisme (et de ses paysages) depuis plus de 20 ans. Je suis tr\u00e8s impliqu\u00e9 sur mes diff\u00e9rents r\u00e9seaux sociaux pour partager ma passion sur le monde et l'Histoire de la bicyclette avec ma voix sur les images en noir et blanc du succ\u00e8s de Rik Van Steenbergen lors du Ronde sur le V\u00e9lodrome de Gand.","sameAs":["https:\/\/www.facebook.com\/groups\/LesRoisDuPeloton","https:\/\/x.com\/https:\/\/twitter.com\/LRoisDuPeloton"],"url":"https:\/\/dicodusport.fr\/blog\/author\/emiliend\/"}]}},"_links":{"self":[{"href":"https:\/\/dicodusport.fr\/blog\/wp-json\/wp\/v2\/posts\/200428","targetHints":{"allow":["GET"]}}],"collection":[{"href":"https:\/\/dicodusport.fr\/blog\/wp-json\/wp\/v2\/posts"}],"about":[{"href":"https:\/\/dicodusport.fr\/blog\/wp-json\/wp\/v2\/types\/post"}],"author":[{"embeddable":true,"href":"https:\/\/dicodusport.fr\/blog\/wp-json\/wp\/v2\/users\/48"}],"replies":[{"embeddable":true,"href":"https:\/\/dicodusport.fr\/blog\/wp-json\/wp\/v2\/comments?post=200428"}],"version-history":[{"count":0,"href":"https:\/\/dicodusport.fr\/blog\/wp-json\/wp\/v2\/posts\/200428\/revisions"}],"wp:featuredmedia":[{"embeddable":true,"href":"https:\/\/dicodusport.fr\/blog\/wp-json\/wp\/v2\/media\/200460"}],"wp:attachment":[{"href":"https:\/\/dicodusport.fr\/blog\/wp-json\/wp\/v2\/media?parent=200428"}],"wp:term":[{"taxonomy":"category","embeddable":true,"href":"https:\/\/dicodusport.fr\/blog\/wp-json\/wp\/v2\/categories?post=200428"},{"taxonomy":"post_tag","embeddable":true,"href":"https:\/\/dicodusport.fr\/blog\/wp-json\/wp\/v2\/tags?post=200428"}],"curies":[{"name":"wp","href":"https:\/\/api.w.org\/{rel}","templated":true}]}}