{"id":201094,"date":"2022-02-17T07:46:15","date_gmt":"2022-02-17T06:46:15","guid":{"rendered":"https:\/\/dicodusport.fr\/blog\/?p=201094&#038;preview=true&#038;preview_id=201094"},"modified":"2022-02-17T08:04:24","modified_gmt":"2022-02-17T07:04:24","slug":"jo-pekin-2022-ski-alpin-michelle-gisin-conserve-son-titre-en-combine","status":"publish","type":"post","link":"https:\/\/dicodusport.fr\/blog\/jo-pekin-2022-ski-alpin-michelle-gisin-conserve-son-titre-en-combine\/","title":{"rendered":"JO P\u00e9kin 2022 &#8211; Ski Alpin : Michelle Gisin conserve son titre en combin\u00e9"},"content":{"rendered":"<p style=\"text-align: justify;\"><strong><em><a href=\"https:\/\/dicodusport.fr\/blog\/ski-alpin-jo-pekin-2022-programme-resultats-medailles\/\">JO P\u00c9KIN 2022<b> <\/b> &#8211; SKI ALPIN<\/a> &#8211; Derni\u00e8re \u00e9preuve f\u00e9minine de ski alpin de ces JO de P\u00e9kin, Michelle Gisin s&rsquo;est impos\u00e9e sur le combin\u00e9 alpin ce jeudi \u00e0 Yanqing. Elle a devanc\u00e9 Wendy Holdener et Federica Brignone.<\/em><\/strong><\/p>\n<h2 style=\"text-align: justify;\">Christine Scheyer surprend sur la descente<\/h2>\n<p style=\"text-align: justify;\">D&rsquo;abord, la surprenante autrichienne <strong>Christine Scheyer<\/strong> a remport\u00e9 la descente en 1:32.43 en prenant le meilleur pour un centi\u00e8me sur <strong>Ester Ledecka<\/strong> qui a fait une grosse faute sur une des premi\u00e8res portes. Ensuite, <strong>Ramona Siebenhofer<\/strong> a fini troisi\u00e8me \u00e0 14 centi\u00e8mes sous un beau soleil devant <strong>Romane Miradoli<\/strong> (4e \u00e0 0.53). La Fran\u00e7aise a montr\u00e9 de bonnes attitudes m\u00eame si elle s&rsquo;est fait bousculer dans la traverse du haut, mais elle a manqu\u00e9 de vitesse sur le bas.<\/p>\n<p style=\"text-align: justify;\">Puis, <strong>Mikaela Shiffrin<\/strong> a superbement taill\u00e9 le mirador pour faire le cinqui\u00e8me temps \u00e0 56 centi\u00e8mes. La championne du monde en titre a retrouv\u00e9 de sa superbe avec des trajectoires tr\u00e8s directes et pr\u00e9cises. L&rsquo;Am\u00e9ricaine a pris du temps \u00e0 ses rivales <strong>Federica Brignone<\/strong> (8e \u00e0 0.69), <strong>Wendy Holdener<\/strong> (11e \u00e0 0.99) et la tenante du titre <strong>Michelle Gisin<\/strong> (12e \u00e0 une seconde). <strong>Laura Gauch\u00e9<\/strong> a compl\u00e8tement rat\u00e9 sa descente (17e \u00e0 1.66) sur 24 filles class\u00e9es.<\/p>\n<h2 style=\"text-align: justify;\">Doubl\u00e9 suisse au final<\/h2>\n<p style=\"text-align: justify;\">Sous un temps tr\u00e8s couvert, <strong>Michelle Gisin <\/strong>a fait merveille avec son touch\u00e9 de neige sur le parcours dessin\u00e9 par le coach am\u00e9ricain. Avec le meilleur temps en slalom en 52.25, Gisin l&rsquo;a emport\u00e9 en 1:33.42 en devan\u00e7ant de 1 seconde et 5 centi\u00e8mes sa compatriote <strong>Wendy Holdener<\/strong> qui s&rsquo;est fait une frayeur sur le haut. Gisin a rejoint Janica Kosteli\u0107 (titr\u00e9e en 2002 et 2006) et Maria H\u00f6fl-Riesch (sacr\u00e9e en 2010 et en 2014) dans le club des doubles championnes olympiques en combin\u00e9 alpin.<\/p>\n<p style=\"text-align: justify;\">Puis, <strong>Federica Brignone<\/strong>, avec des courbes arrondies, a compl\u00e9t\u00e9 le podium \u00e0 1.85 devant <strong>Ester Ledecka<\/strong> (4e \u00e0 2.65) et <strong>Christine Scheyer<\/strong> (5e \u00e0 3.58). Cette derni\u00e8re a \u00e9norm\u00e9ment souffert sur le mur final.<\/p>\n<h2 style=\"text-align: justify;\">Encore une sortie pour <strong>Mikaela Shiffrin<\/strong><\/h2>\n<p style=\"text-align: justify;\">Vice-championne olympique \u00e0 Pyeongchang en 2018, <strong>Mikaela Shiffrin<\/strong> est sortie une fois de plus sur le haut de la piste comme en slalom et en g\u00e9ant. Super bien partie, <strong>Romane Miradoli<\/strong> a enfourch\u00e9 avant l&rsquo;entr\u00e9e du mur alors qu&rsquo;elle pouvait l\u00e9gitiment jouer une m\u00e9daille. Enfin, <strong>Laura Gauch\u00e9<\/strong> a bien limit\u00e9 la casse en slalom pour terminer 8e \u00e0 4.37.<\/p>\n<blockquote class=\"twitter-tweet\">\n<p dir=\"ltr\" lang=\"fr\">&#x1f62c; Le cauchemar continue pour Mikaela Shiffrin \u00e0 P\u00e9kin ! L&rsquo;Am\u00e9ricaine part \u00e0 la faute sur le slalom du combin\u00e9 et dit adieu \u00e0 sa derni\u00e8re chance de m\u00e9daille individuelle en Chine <a href=\"https:\/\/twitter.com\/hashtag\/ChaletClub?src=hash&amp;ref_src=twsrc%5Etfw\">#ChaletClub<\/a> <a href=\"https:\/\/twitter.com\/hashtag\/Beijing2022?src=hash&amp;ref_src=twsrc%5Etfw\">#Beijing2022<\/a> <a href=\"https:\/\/t.co\/WhKapwA827\">pic.twitter.com\/WhKapwA827<\/a><\/p>\n<p>\u2014 Eurosport France (@Eurosport_FR) <a href=\"https:\/\/twitter.com\/Eurosport_FR\/status\/1494195148116443136?ref_src=twsrc%5Etfw\">February 17, 2022<\/a><\/p><\/blockquote>\n<p><script async src=\"https:\/\/platform.twitter.com\/widgets.js\" charset=\"utf-8\"><\/script><\/p>\n<ul>\n<li style=\"text-align: justify;\"><a href=\"https:\/\/dicodusport.fr\/blog\/ski-alpin-jo-pekin-2022-classement-combine-alpin-femmes\/\"><strong>Le classement du combin\u00e9 femmes des JO de P\u00e9kin 2022<\/strong><\/a><\/li>\n<\/ul>\n","protected":false},"excerpt":{"rendered":"<p>JO P\u00c9KIN 2022 &#8211; SKI ALPIN &#8211; Derni\u00e8re \u00e9preuve f\u00e9minine de ski alpin de ces JO de P\u00e9kin, Michelle Gisin s&rsquo;est impos\u00e9e sur le combin\u00e9 alpin ce jeudi \u00e0 Yanqing. Elle a devanc\u00e9 Wendy Holdener et Federica Brignone.<\/p>\n","protected":false},"author":48,"featured_media":201117,"comment_status":"open","ping_status":"closed","sticky":false,"template":"","format":"standard","meta":{"_acf_changed":false,"_daextam_enable_autolinks":"","footnotes":""},"categories":[20104,9217],"tags":[21641,21579],"class_list":["post-201094","post","type-post","status-publish","format-standard","has-post-thumbnail","hentry","category-jo-hiver-pekin-2022","category-ski","tag-jeux-olympiques-de-pekin","tag-ski-alpin-jo-pekin"],"acf":[],"yoast_head":"<!-- This site is optimized with the Yoast SEO Premium plugin v26.7 (Yoast SEO v26.7) - https:\/\/yoast.com\/wordpress\/plugins\/seo\/ -->\n<title>JO P\u00e9kin 2022 - Ski Alpin : Michelle Gisin conserve son titre en combin\u00e9<\/title>\n<meta name=\"description\" content=\"JO P\u00c9KIN 2022 - SKI ALPIN - Derni\u00e8re \u00e9preuve f\u00e9minine de ski alpin de ces JO, Michelle Gisin s&#039;est impos\u00e9e sur le combin\u00e9 alpin ce jeudi.\" \/>\n<meta name=\"robots\" content=\"index, follow, max-snippet:-1, max-image-preview:large, max-video-preview:-1\" \/>\n<link rel=\"canonical\" href=\"https:\/\/dicodusport.fr\/blog\/jo-pekin-2022-ski-alpin-michelle-gisin-conserve-son-titre-en-combine\/\" \/>\n<meta property=\"og:locale\" content=\"fr_FR\" \/>\n<meta property=\"og:type\" content=\"article\" \/>\n<meta property=\"og:title\" content=\"JO P\u00e9kin 2022 - Ski Alpin : Michelle Gisin conserve son titre en combin\u00e9\" \/>\n<meta property=\"og:description\" content=\"JO P\u00c9KIN 2022 - SKI ALPIN - Derni\u00e8re \u00e9preuve f\u00e9minine de ski alpin de ces JO, Michelle Gisin s&#039;est impos\u00e9e sur le combin\u00e9 alpin ce jeudi.\" \/>\n<meta property=\"og:url\" content=\"https:\/\/dicodusport.fr\/blog\/jo-pekin-2022-ski-alpin-michelle-gisin-conserve-son-titre-en-combine\/\" \/>\n<meta property=\"og:site_name\" content=\"Dicodusport\" \/>\n<meta property=\"article:publisher\" content=\"https:\/\/www.facebook.com\/dicodusport\" \/>\n<meta property=\"article:author\" content=\"https:\/\/www.facebook.com\/groups\/LesRoisDuPeloton\" \/>\n<meta property=\"article:published_time\" content=\"2022-02-17T06:46:15+00:00\" \/>\n<meta property=\"article:modified_time\" content=\"2022-02-17T07:04:24+00:00\" \/>\n<meta property=\"og:image\" content=\"https:\/\/dicodusport.fr\/blog\/wp-content\/uploads\/2022\/02\/JO-Pekin-2022-Ski-Alpin-Michelle-Gisin-conserve-son-titre-en-combine.png\" \/>\n\t<meta property=\"og:image:width\" content=\"800\" \/>\n\t<meta property=\"og:image:height\" content=\"445\" \/>\n\t<meta property=\"og:image:type\" content=\"image\/png\" \/>\n<meta name=\"author\" content=\"Emilien Descampiaux\" \/>\n<meta name=\"twitter:card\" content=\"summary_large_image\" \/>\n<meta name=\"twitter:title\" content=\"JO P\u00e9kin 2022 - Ski Alpin : Michelle Gisin conserve son titre en combin\u00e9\" \/>\n<meta name=\"twitter:creator\" content=\"@https:\/\/twitter.com\/LRoisDuPeloton\" \/>\n<meta name=\"twitter:site\" content=\"@dicodusport\" \/>\n<script type=\"application\/ld+json\" class=\"yoast-schema-graph\">{\"@context\":\"https:\/\/schema.org\",\"@graph\":[{\"@type\":\"NewsArticle\",\"@id\":\"https:\/\/dicodusport.fr\/blog\/jo-pekin-2022-ski-alpin-michelle-gisin-conserve-son-titre-en-combine\/#article\",\"isPartOf\":{\"@id\":\"https:\/\/dicodusport.fr\/blog\/jo-pekin-2022-ski-alpin-michelle-gisin-conserve-son-titre-en-combine\/\"},\"author\":{\"name\":\"Emilien Descampiaux\",\"@id\":\"https:\/\/dicodusport.fr\/blog\/#\/schema\/person\/6db4bae06b171592211be385b32876a7\"},\"headline\":\"JO P\u00e9kin 2022 &#8211; Ski Alpin : Michelle Gisin conserve son titre en combin\u00e9\",\"datePublished\":\"2022-02-17T06:46:15+00:00\",\"dateModified\":\"2022-02-17T07:04:24+00:00\",\"mainEntityOfPage\":{\"@id\":\"https:\/\/dicodusport.fr\/blog\/jo-pekin-2022-ski-alpin-michelle-gisin-conserve-son-titre-en-combine\/\"},\"wordCount\":461,\"commentCount\":0,\"publisher\":{\"@id\":\"https:\/\/dicodusport.fr\/blog\/#organization\"},\"image\":{\"@id\":\"https:\/\/dicodusport.fr\/blog\/jo-pekin-2022-ski-alpin-michelle-gisin-conserve-son-titre-en-combine\/#primaryimage\"},\"thumbnailUrl\":\"https:\/\/dicodusport.fr\/blog\/wp-content\/uploads\/2022\/02\/JO-Pekin-2022-Ski-Alpin-Michelle-Gisin-conserve-son-titre-en-combine.png\",\"keywords\":[\"Jeux Olympiques de P\u00e9kin\",\"Ski alpin JO P\u00e9kin\"],\"articleSection\":[\"JO d'hiver P\u00e9kin 2022\",\"Ski\"],\"inLanguage\":\"fr-FR\",\"potentialAction\":[{\"@type\":\"CommentAction\",\"name\":\"Comment\",\"target\":[\"https:\/\/dicodusport.fr\/blog\/jo-pekin-2022-ski-alpin-michelle-gisin-conserve-son-titre-en-combine\/#respond\"]}],\"copyrightYear\":\"2022\",\"copyrightHolder\":{\"@id\":\"https:\/\/dicodusport.fr\/blog\/#organization\"}},{\"@type\":\"WebPage\",\"@id\":\"https:\/\/dicodusport.fr\/blog\/jo-pekin-2022-ski-alpin-michelle-gisin-conserve-son-titre-en-combine\/\",\"url\":\"https:\/\/dicodusport.fr\/blog\/jo-pekin-2022-ski-alpin-michelle-gisin-conserve-son-titre-en-combine\/\",\"name\":\"JO P\u00e9kin 2022 - Ski Alpin : Michelle Gisin conserve son titre en combin\u00e9\",\"isPartOf\":{\"@id\":\"https:\/\/dicodusport.fr\/blog\/#website\"},\"primaryImageOfPage\":{\"@id\":\"https:\/\/dicodusport.fr\/blog\/jo-pekin-2022-ski-alpin-michelle-gisin-conserve-son-titre-en-combine\/#primaryimage\"},\"image\":{\"@id\":\"https:\/\/dicodusport.fr\/blog\/jo-pekin-2022-ski-alpin-michelle-gisin-conserve-son-titre-en-combine\/#primaryimage\"},\"thumbnailUrl\":\"https:\/\/dicodusport.fr\/blog\/wp-content\/uploads\/2022\/02\/JO-Pekin-2022-Ski-Alpin-Michelle-Gisin-conserve-son-titre-en-combine.png\",\"datePublished\":\"2022-02-17T06:46:15+00:00\",\"dateModified\":\"2022-02-17T07:04:24+00:00\",\"description\":\"JO P\u00c9KIN 2022 - SKI ALPIN - Derni\u00e8re \u00e9preuve f\u00e9minine de ski alpin de ces JO, Michelle Gisin s'est impos\u00e9e sur le combin\u00e9 alpin ce jeudi.\",\"breadcrumb\":{\"@id\":\"https:\/\/dicodusport.fr\/blog\/jo-pekin-2022-ski-alpin-michelle-gisin-conserve-son-titre-en-combine\/#breadcrumb\"},\"inLanguage\":\"fr-FR\",\"potentialAction\":[{\"@type\":\"ReadAction\",\"target\":[\"https:\/\/dicodusport.fr\/blog\/jo-pekin-2022-ski-alpin-michelle-gisin-conserve-son-titre-en-combine\/\"]}]},{\"@type\":\"ImageObject\",\"inLanguage\":\"fr-FR\",\"@id\":\"https:\/\/dicodusport.fr\/blog\/jo-pekin-2022-ski-alpin-michelle-gisin-conserve-son-titre-en-combine\/#primaryimage\",\"url\":\"https:\/\/dicodusport.fr\/blog\/wp-content\/uploads\/2022\/02\/JO-Pekin-2022-Ski-Alpin-Michelle-Gisin-conserve-son-titre-en-combine.png\",\"contentUrl\":\"https:\/\/dicodusport.fr\/blog\/wp-content\/uploads\/2022\/02\/JO-Pekin-2022-Ski-Alpin-Michelle-Gisin-conserve-son-titre-en-combine.png\",\"width\":800,\"height\":445,\"caption\":\"JO P\u00e9kin 2022 - Ski Alpin Michelle Gisin conserve son titre en combin\u00e9\"},{\"@type\":\"BreadcrumbList\",\"@id\":\"https:\/\/dicodusport.fr\/blog\/jo-pekin-2022-ski-alpin-michelle-gisin-conserve-son-titre-en-combine\/#breadcrumb\",\"itemListElement\":[{\"@type\":\"ListItem\",\"position\":1,\"name\":\"Accueil\",\"item\":\"https:\/\/dicodusport.fr\/blog\/\"},{\"@type\":\"ListItem\",\"position\":2,\"name\":\"JO P\u00e9kin 2022 &#8211; Ski Alpin : Michelle Gisin conserve son titre en combin\u00e9\"}]},{\"@type\":\"WebSite\",\"@id\":\"https:\/\/dicodusport.fr\/blog\/#website\",\"url\":\"https:\/\/dicodusport.fr\/blog\/\",\"name\":\"Dicodusport\",\"description\":\"L&#039;encyclop\u00e9die de l&#039;actualit\u00e9 sportive\",\"publisher\":{\"@id\":\"https:\/\/dicodusport.fr\/blog\/#organization\"},\"potentialAction\":[{\"@type\":\"SearchAction\",\"target\":{\"@type\":\"EntryPoint\",\"urlTemplate\":\"https:\/\/dicodusport.fr\/blog\/?s={search_term_string}\"},\"query-input\":{\"@type\":\"PropertyValueSpecification\",\"valueRequired\":true,\"valueName\":\"search_term_string\"}}],\"inLanguage\":\"fr-FR\"},{\"@type\":\"NewsMediaOrganization\",\"@id\":\"https:\/\/dicodusport.fr\/blog\/#organization\",\"name\":\"Dicodusport\",\"url\":\"https:\/\/dicodusport.fr\/blog\/\",\"logo\":{\"@type\":\"ImageObject\",\"inLanguage\":\"fr-FR\",\"@id\":\"https:\/\/dicodusport.fr\/blog\/#\/schema\/logo\/image\/\",\"url\":\"https:\/\/dicodusport.fr\/blog\/wp-content\/uploads\/2020\/06\/cropped-LOGO-DICODUSPORT-2020-SANS-FOND-SANS-TEXTE.png\",\"contentUrl\":\"https:\/\/dicodusport.fr\/blog\/wp-content\/uploads\/2020\/06\/cropped-LOGO-DICODUSPORT-2020-SANS-FOND-SANS-TEXTE.png\",\"width\":512,\"height\":512,\"caption\":\"Dicodusport\"},\"image\":{\"@id\":\"https:\/\/dicodusport.fr\/blog\/#\/schema\/logo\/image\/\"},\"sameAs\":[\"https:\/\/www.facebook.com\/dicodusport\",\"https:\/\/x.com\/dicodusport\",\"https:\/\/www.instagram.com\/dicodusport\/\",\"https:\/\/www.youtube.com\/channel\/UC7V2KZ5sd3htJivAbA4ZG3w\"],\"description\":\"Dicodusport est l'encyclop\u00e9die de l'actualit\u00e9 sportive.\",\"email\":\"bonjour@dicodusport.fr\",\"legalName\":\"DICODUSPORT\",\"foundingDate\":\"2018-01-14\",\"vatID\":\"FR71834470973\",\"taxID\":\"83447097300043\",\"numberOfEmployees\":{\"@type\":\"QuantitativeValue\",\"minValue\":\"1\",\"maxValue\":\"10\"}},{\"@type\":\"Person\",\"@id\":\"https:\/\/dicodusport.fr\/blog\/#\/schema\/person\/6db4bae06b171592211be385b32876a7\",\"name\":\"Emilien Descampiaux\",\"image\":{\"@type\":\"ImageObject\",\"inLanguage\":\"fr-FR\",\"@id\":\"https:\/\/dicodusport.fr\/blog\/#\/schema\/person\/image\/\",\"url\":\"https:\/\/dicodusport.fr\/blog\/wp-content\/uploads\/2021\/05\/Emilien-Descampiaux-150x150.jpg\",\"contentUrl\":\"https:\/\/dicodusport.fr\/blog\/wp-content\/uploads\/2021\/05\/Emilien-Descampiaux-150x150.jpg\",\"caption\":\"Emilien Descampiaux\"},\"description\":\"Journaliste\/r\u00e9dacteur depuis 2014 - Fan de la classe de Frank Vandenbroucke, je vis cyclisme (et de ses paysages) depuis plus de 20 ans. Je suis tr\u00e8s impliqu\u00e9 sur mes diff\u00e9rents r\u00e9seaux sociaux pour partager ma passion sur le monde et l'Histoire de la bicyclette avec ma voix sur les images en noir et blanc du succ\u00e8s de Rik Van Steenbergen lors du Ronde sur le V\u00e9lodrome de Gand.\",\"sameAs\":[\"https:\/\/www.facebook.com\/groups\/LesRoisDuPeloton\",\"https:\/\/x.com\/https:\/\/twitter.com\/LRoisDuPeloton\"],\"url\":\"https:\/\/dicodusport.fr\/blog\/author\/emiliend\/\"}]}<\/script>\n<!-- \/ Yoast SEO Premium plugin. -->","yoast_head_json":{"title":"JO P\u00e9kin 2022 - Ski Alpin : Michelle Gisin conserve son titre en combin\u00e9","description":"JO P\u00c9KIN 2022 - SKI ALPIN - Derni\u00e8re \u00e9preuve f\u00e9minine de ski alpin de ces JO, Michelle Gisin s'est impos\u00e9e sur le combin\u00e9 alpin ce jeudi.","robots":{"index":"index","follow":"follow","max-snippet":"max-snippet:-1","max-image-preview":"max-image-preview:large","max-video-preview":"max-video-preview:-1"},"canonical":"https:\/\/dicodusport.fr\/blog\/jo-pekin-2022-ski-alpin-michelle-gisin-conserve-son-titre-en-combine\/","og_locale":"fr_FR","og_type":"article","og_title":"JO P\u00e9kin 2022 - Ski Alpin : Michelle Gisin conserve son titre en combin\u00e9","og_description":"JO P\u00c9KIN 2022 - SKI ALPIN - Derni\u00e8re \u00e9preuve f\u00e9minine de ski alpin de ces JO, Michelle Gisin s'est impos\u00e9e sur le combin\u00e9 alpin ce jeudi.","og_url":"https:\/\/dicodusport.fr\/blog\/jo-pekin-2022-ski-alpin-michelle-gisin-conserve-son-titre-en-combine\/","og_site_name":"Dicodusport","article_publisher":"https:\/\/www.facebook.com\/dicodusport","article_author":"https:\/\/www.facebook.com\/groups\/LesRoisDuPeloton","article_published_time":"2022-02-17T06:46:15+00:00","article_modified_time":"2022-02-17T07:04:24+00:00","og_image":[{"width":800,"height":445,"url":"https:\/\/dicodusport.fr\/blog\/wp-content\/uploads\/2022\/02\/JO-Pekin-2022-Ski-Alpin-Michelle-Gisin-conserve-son-titre-en-combine.png","type":"image\/png"}],"author":"Emilien Descampiaux","twitter_card":"summary_large_image","twitter_title":"JO P\u00e9kin 2022 - Ski Alpin : Michelle Gisin conserve son titre en combin\u00e9","twitter_creator":"@https:\/\/twitter.com\/LRoisDuPeloton","twitter_site":"@dicodusport","schema":{"@context":"https:\/\/schema.org","@graph":[{"@type":"NewsArticle","@id":"https:\/\/dicodusport.fr\/blog\/jo-pekin-2022-ski-alpin-michelle-gisin-conserve-son-titre-en-combine\/#article","isPartOf":{"@id":"https:\/\/dicodusport.fr\/blog\/jo-pekin-2022-ski-alpin-michelle-gisin-conserve-son-titre-en-combine\/"},"author":{"name":"Emilien Descampiaux","@id":"https:\/\/dicodusport.fr\/blog\/#\/schema\/person\/6db4bae06b171592211be385b32876a7"},"headline":"JO P\u00e9kin 2022 &#8211; Ski Alpin : Michelle Gisin conserve son titre en combin\u00e9","datePublished":"2022-02-17T06:46:15+00:00","dateModified":"2022-02-17T07:04:24+00:00","mainEntityOfPage":{"@id":"https:\/\/dicodusport.fr\/blog\/jo-pekin-2022-ski-alpin-michelle-gisin-conserve-son-titre-en-combine\/"},"wordCount":461,"commentCount":0,"publisher":{"@id":"https:\/\/dicodusport.fr\/blog\/#organization"},"image":{"@id":"https:\/\/dicodusport.fr\/blog\/jo-pekin-2022-ski-alpin-michelle-gisin-conserve-son-titre-en-combine\/#primaryimage"},"thumbnailUrl":"https:\/\/dicodusport.fr\/blog\/wp-content\/uploads\/2022\/02\/JO-Pekin-2022-Ski-Alpin-Michelle-Gisin-conserve-son-titre-en-combine.png","keywords":["Jeux Olympiques de P\u00e9kin","Ski alpin JO P\u00e9kin"],"articleSection":["JO d'hiver P\u00e9kin 2022","Ski"],"inLanguage":"fr-FR","potentialAction":[{"@type":"CommentAction","name":"Comment","target":["https:\/\/dicodusport.fr\/blog\/jo-pekin-2022-ski-alpin-michelle-gisin-conserve-son-titre-en-combine\/#respond"]}],"copyrightYear":"2022","copyrightHolder":{"@id":"https:\/\/dicodusport.fr\/blog\/#organization"}},{"@type":"WebPage","@id":"https:\/\/dicodusport.fr\/blog\/jo-pekin-2022-ski-alpin-michelle-gisin-conserve-son-titre-en-combine\/","url":"https:\/\/dicodusport.fr\/blog\/jo-pekin-2022-ski-alpin-michelle-gisin-conserve-son-titre-en-combine\/","name":"JO P\u00e9kin 2022 - Ski Alpin : Michelle Gisin conserve son titre en combin\u00e9","isPartOf":{"@id":"https:\/\/dicodusport.fr\/blog\/#website"},"primaryImageOfPage":{"@id":"https:\/\/dicodusport.fr\/blog\/jo-pekin-2022-ski-alpin-michelle-gisin-conserve-son-titre-en-combine\/#primaryimage"},"image":{"@id":"https:\/\/dicodusport.fr\/blog\/jo-pekin-2022-ski-alpin-michelle-gisin-conserve-son-titre-en-combine\/#primaryimage"},"thumbnailUrl":"https:\/\/dicodusport.fr\/blog\/wp-content\/uploads\/2022\/02\/JO-Pekin-2022-Ski-Alpin-Michelle-Gisin-conserve-son-titre-en-combine.png","datePublished":"2022-02-17T06:46:15+00:00","dateModified":"2022-02-17T07:04:24+00:00","description":"JO P\u00c9KIN 2022 - SKI ALPIN - Derni\u00e8re \u00e9preuve f\u00e9minine de ski alpin de ces JO, Michelle Gisin s'est impos\u00e9e sur le combin\u00e9 alpin ce jeudi.","breadcrumb":{"@id":"https:\/\/dicodusport.fr\/blog\/jo-pekin-2022-ski-alpin-michelle-gisin-conserve-son-titre-en-combine\/#breadcrumb"},"inLanguage":"fr-FR","potentialAction":[{"@type":"ReadAction","target":["https:\/\/dicodusport.fr\/blog\/jo-pekin-2022-ski-alpin-michelle-gisin-conserve-son-titre-en-combine\/"]}]},{"@type":"ImageObject","inLanguage":"fr-FR","@id":"https:\/\/dicodusport.fr\/blog\/jo-pekin-2022-ski-alpin-michelle-gisin-conserve-son-titre-en-combine\/#primaryimage","url":"https:\/\/dicodusport.fr\/blog\/wp-content\/uploads\/2022\/02\/JO-Pekin-2022-Ski-Alpin-Michelle-Gisin-conserve-son-titre-en-combine.png","contentUrl":"https:\/\/dicodusport.fr\/blog\/wp-content\/uploads\/2022\/02\/JO-Pekin-2022-Ski-Alpin-Michelle-Gisin-conserve-son-titre-en-combine.png","width":800,"height":445,"caption":"JO P\u00e9kin 2022 - Ski Alpin Michelle Gisin conserve son titre en combin\u00e9"},{"@type":"BreadcrumbList","@id":"https:\/\/dicodusport.fr\/blog\/jo-pekin-2022-ski-alpin-michelle-gisin-conserve-son-titre-en-combine\/#breadcrumb","itemListElement":[{"@type":"ListItem","position":1,"name":"Accueil","item":"https:\/\/dicodusport.fr\/blog\/"},{"@type":"ListItem","position":2,"name":"JO P\u00e9kin 2022 &#8211; Ski Alpin : Michelle Gisin conserve son titre en combin\u00e9"}]},{"@type":"WebSite","@id":"https:\/\/dicodusport.fr\/blog\/#website","url":"https:\/\/dicodusport.fr\/blog\/","name":"Dicodusport","description":"L&#039;encyclop\u00e9die de l&#039;actualit\u00e9 sportive","publisher":{"@id":"https:\/\/dicodusport.fr\/blog\/#organization"},"potentialAction":[{"@type":"SearchAction","target":{"@type":"EntryPoint","urlTemplate":"https:\/\/dicodusport.fr\/blog\/?s={search_term_string}"},"query-input":{"@type":"PropertyValueSpecification","valueRequired":true,"valueName":"search_term_string"}}],"inLanguage":"fr-FR"},{"@type":"NewsMediaOrganization","@id":"https:\/\/dicodusport.fr\/blog\/#organization","name":"Dicodusport","url":"https:\/\/dicodusport.fr\/blog\/","logo":{"@type":"ImageObject","inLanguage":"fr-FR","@id":"https:\/\/dicodusport.fr\/blog\/#\/schema\/logo\/image\/","url":"https:\/\/dicodusport.fr\/blog\/wp-content\/uploads\/2020\/06\/cropped-LOGO-DICODUSPORT-2020-SANS-FOND-SANS-TEXTE.png","contentUrl":"https:\/\/dicodusport.fr\/blog\/wp-content\/uploads\/2020\/06\/cropped-LOGO-DICODUSPORT-2020-SANS-FOND-SANS-TEXTE.png","width":512,"height":512,"caption":"Dicodusport"},"image":{"@id":"https:\/\/dicodusport.fr\/blog\/#\/schema\/logo\/image\/"},"sameAs":["https:\/\/www.facebook.com\/dicodusport","https:\/\/x.com\/dicodusport","https:\/\/www.instagram.com\/dicodusport\/","https:\/\/www.youtube.com\/channel\/UC7V2KZ5sd3htJivAbA4ZG3w"],"description":"Dicodusport est l'encyclop\u00e9die de l'actualit\u00e9 sportive.","email":"bonjour@dicodusport.fr","legalName":"DICODUSPORT","foundingDate":"2018-01-14","vatID":"FR71834470973","taxID":"83447097300043","numberOfEmployees":{"@type":"QuantitativeValue","minValue":"1","maxValue":"10"}},{"@type":"Person","@id":"https:\/\/dicodusport.fr\/blog\/#\/schema\/person\/6db4bae06b171592211be385b32876a7","name":"Emilien Descampiaux","image":{"@type":"ImageObject","inLanguage":"fr-FR","@id":"https:\/\/dicodusport.fr\/blog\/#\/schema\/person\/image\/","url":"https:\/\/dicodusport.fr\/blog\/wp-content\/uploads\/2021\/05\/Emilien-Descampiaux-150x150.jpg","contentUrl":"https:\/\/dicodusport.fr\/blog\/wp-content\/uploads\/2021\/05\/Emilien-Descampiaux-150x150.jpg","caption":"Emilien Descampiaux"},"description":"Journaliste\/r\u00e9dacteur depuis 2014 - Fan de la classe de Frank Vandenbroucke, je vis cyclisme (et de ses paysages) depuis plus de 20 ans. Je suis tr\u00e8s impliqu\u00e9 sur mes diff\u00e9rents r\u00e9seaux sociaux pour partager ma passion sur le monde et l'Histoire de la bicyclette avec ma voix sur les images en noir et blanc du succ\u00e8s de Rik Van Steenbergen lors du Ronde sur le V\u00e9lodrome de Gand.","sameAs":["https:\/\/www.facebook.com\/groups\/LesRoisDuPeloton","https:\/\/x.com\/https:\/\/twitter.com\/LRoisDuPeloton"],"url":"https:\/\/dicodusport.fr\/blog\/author\/emiliend\/"}]}},"_links":{"self":[{"href":"https:\/\/dicodusport.fr\/blog\/wp-json\/wp\/v2\/posts\/201094","targetHints":{"allow":["GET"]}}],"collection":[{"href":"https:\/\/dicodusport.fr\/blog\/wp-json\/wp\/v2\/posts"}],"about":[{"href":"https:\/\/dicodusport.fr\/blog\/wp-json\/wp\/v2\/types\/post"}],"author":[{"embeddable":true,"href":"https:\/\/dicodusport.fr\/blog\/wp-json\/wp\/v2\/users\/48"}],"replies":[{"embeddable":true,"href":"https:\/\/dicodusport.fr\/blog\/wp-json\/wp\/v2\/comments?post=201094"}],"version-history":[{"count":0,"href":"https:\/\/dicodusport.fr\/blog\/wp-json\/wp\/v2\/posts\/201094\/revisions"}],"wp:featuredmedia":[{"embeddable":true,"href":"https:\/\/dicodusport.fr\/blog\/wp-json\/wp\/v2\/media\/201117"}],"wp:attachment":[{"href":"https:\/\/dicodusport.fr\/blog\/wp-json\/wp\/v2\/media?parent=201094"}],"wp:term":[{"taxonomy":"category","embeddable":true,"href":"https:\/\/dicodusport.fr\/blog\/wp-json\/wp\/v2\/categories?post=201094"},{"taxonomy":"post_tag","embeddable":true,"href":"https:\/\/dicodusport.fr\/blog\/wp-json\/wp\/v2\/tags?post=201094"}],"curies":[{"name":"wp","href":"https:\/\/api.w.org\/{rel}","templated":true}]}}