{"id":201404,"date":"2022-02-18T08:32:20","date_gmt":"2022-02-18T07:32:20","guid":{"rendered":"https:\/\/dicodusport.fr\/blog\/?p=201404&#038;preview=true&#038;preview_id=201404"},"modified":"2022-02-18T12:58:14","modified_gmt":"2022-02-18T11:58:14","slug":"jo-pekin-2022-skicross-ryan-regez-medaille-d-or-les-francais-se-ratent","status":"publish","type":"post","link":"https:\/\/dicodusport.fr\/blog\/jo-pekin-2022-skicross-ryan-regez-medaille-d-or-les-francais-se-ratent\/","title":{"rendered":"JO P\u00e9kin 2022 &#8211; Skicross : Ryan Regez m\u00e9daill\u00e9 d&rsquo;or, les Fran\u00e7ais se ratent"},"content":{"rendered":"<p style=\"text-align: justify;\"><strong><em>JO P\u00c9KIN 2022 &#8211; SKICROSS &#8211; L&rsquo;\u00e9preuve de skicross masculine \u00e9tait tr\u00e8s attendue par le clan fran\u00e7ais. Malheureusement, aucun des repr\u00e9sentants n&rsquo;est parvenu a passer le cap des demi-finales. C&rsquo;est la Suisse qui en profite puisque que Ryan Regez s&rsquo;impose devant son compatriote Alex Fiva.<\/em><\/strong><\/p>\n<h2 style=\"text-align: justify;\">La Suisse se r\u00e9gale<\/h2>\n<p style=\"text-align: justify;\">Premier et deuxi\u00e8me du g\u00e9n\u00e9ral de la Coupe du monde, <strong>Bastien Midol<\/strong> et <strong>Terence Tchiknavorian<\/strong> \u00e9taient particuli\u00e8rement attendus. Malheureusement, d\u00e8s les premi\u00e8res courses, les Bleus ne rassurent pas. Champion olympique en 2014, <strong>Jean-Fr\u00e9d\u00e9ric Chapuis<\/strong> sort en huiti\u00e8mes de finale apr\u00e8s un d\u00e9part compliqu\u00e9. Et sur cette piste, le d\u00e9part \u00e9tait primordial. <strong>Terence Tchiknavorian<\/strong> auteur de trois podiums dont une victoire cette saison prend \u00e9galement la porte d\u00e8s sa premi\u00e8re course. En quarts de finale, les Fran\u00e7ais comptent d\u00e9j\u00e0 50% de perte mais l&rsquo;espoir est encore permis avec <strong>Bastien Midol<\/strong> et <strong>Fran\u00e7ois Place<\/strong>. Petit fr\u00e8re de Jonathan, m\u00e9daill\u00e9 de bronze en 2014, Bastien Midol s&rsquo;arr\u00eate en quarts avant que Fran\u00e7ois Place ne soit \u00e9limin\u00e9 aux portes de la finale.<\/p>\n<p style=\"text-align: justify;\">Comme en 2018, aucun Fran\u00e7ais en finale, une immense d\u00e9ception, aussi grande que les attentes. En finale, on retrouve alors les Suisses <strong>Alex Fiva<\/strong> et <strong>Ryan Regez<\/strong>, le Russe <strong>Sergey Ridzik<\/strong> et le Su\u00e9dois <strong>Erik Mobaerg<\/strong>. Apr\u00e8s la pol\u00e9mique et la disqualification de Smith hier chez les femmes, les Suisses prennent leur revanche et s&rsquo;imposent, Regez devant Fiva. \u00c0 la troisi\u00e8me place, Ridzik, pas forc\u00e9ment attendu, prend le bronze devant le Su\u00e9dois. <strong>Fran\u00e7ois Place<\/strong> prend la 4\u00e8me place de la petite finale et se classe 8\u00e8me au final.<\/p>\n<blockquote class=\"twitter-tweet\">\n<p dir=\"ltr\" lang=\"en\">It\u2019s a <a href=\"https:\/\/twitter.com\/hashtag\/Gold?src=hash&amp;ref_src=twsrc%5Etfw\">#Gold<\/a> medal for Ryan Regez of Switzerland in the <a href=\"https:\/\/twitter.com\/hashtag\/FreestyleSkiing?src=hash&amp;ref_src=twsrc%5Etfw\">#FreestyleSkiing<\/a> men\u2019s ski cross!<\/p>\n<p>Congratulations on winning their first-ever Olympic &#x1f947; medal!<a href=\"https:\/\/twitter.com\/hashtag\/Beijing2022?src=hash&amp;ref_src=twsrc%5Etfw\">#Beijing2022<\/a> <a href=\"https:\/\/t.co\/NGZoVYhKE5\">pic.twitter.com\/NGZoVYhKE5<\/a><\/p>\n<p>\u2014 Olympics (@Olympics) <a href=\"https:\/\/twitter.com\/Olympics\/status\/1494574717730238468?ref_src=twsrc%5Etfw\">February 18, 2022<\/a><\/p><\/blockquote>\n<p><script async src=\"https:\/\/platform.twitter.com\/widgets.js\" charset=\"utf-8\"><\/script><\/p>\n<ul>\n<li><a href=\"https:\/\/dicodusport.fr\/blog\/skicross-jo-pekin-2022-classement-hommes\/\"><strong>Classement de skicross hommes<\/strong><\/a><\/li>\n<\/ul>\n","protected":false},"excerpt":{"rendered":"<p>JO P\u00c9KIN 2022 &#8211; SKICROSS &#8211; L&rsquo;\u00e9preuve de skicross masculine \u00e9tait tr\u00e8s attendue par le clan fran\u00e7ais. Malheureusement, aucun des repr\u00e9sentants n&rsquo;est parvenu a passer le cap des demi finale. C&rsquo;est la Suisse qui en profite puisque que Ryan Regez s&rsquo;impose devant son compatriote Alex Fiva.<\/p>\n","protected":false},"author":43,"featured_media":201461,"comment_status":"open","ping_status":"closed","sticky":false,"template":"","format":"standard","meta":{"_acf_changed":false,"_daextam_enable_autolinks":"","footnotes":""},"categories":[20104,9217],"tags":[21641,2947],"class_list":["post-201404","post","type-post","status-publish","format-standard","has-post-thumbnail","hentry","category-jo-hiver-pekin-2022","category-ski","tag-jeux-olympiques-de-pekin","tag-skicross"],"acf":[],"yoast_head":"<!-- This site is optimized with the Yoast SEO Premium plugin v26.7 (Yoast SEO v26.7) - https:\/\/yoast.com\/wordpress\/plugins\/seo\/ -->\n<title>JO P\u00e9kin 2022 - Skicross : Ryan Regez m\u00e9daill\u00e9 d&#039;or, les Fran\u00e7ais se ratent<\/title>\n<meta name=\"description\" content=\"JO P\u00c9KIN 2022 - SKICROSS - L&#039;\u00e9preuve de skicross masculine \u00e9tait tr\u00e8s attendue par le clan fran\u00e7ais. Malheureusement, aucun des repr\u00e9sentants n&#039;est parvenu a passer le cap des demi finale. C&#039;est la Suisse qui en profite puisque que Ryan Regez s&#039;impose devant son compatriote Alex Fiva.\" \/>\n<meta name=\"robots\" content=\"index, follow, max-snippet:-1, max-image-preview:large, max-video-preview:-1\" \/>\n<link rel=\"canonical\" href=\"https:\/\/dicodusport.fr\/blog\/jo-pekin-2022-skicross-ryan-regez-medaille-d-or-les-francais-se-ratent\/\" \/>\n<meta property=\"og:locale\" content=\"fr_FR\" \/>\n<meta property=\"og:type\" content=\"article\" \/>\n<meta property=\"og:title\" content=\"JO P\u00e9kin 2022 - Skicross : Ryan Regez m\u00e9daill\u00e9 d&#039;or, les Fran\u00e7ais se ratent\" \/>\n<meta property=\"og:description\" content=\"JO P\u00c9KIN 2022 - SKICROSS - L&#039;\u00e9preuve de skicross masculine \u00e9tait tr\u00e8s attendue par le clan fran\u00e7ais. Malheureusement, aucun des repr\u00e9sentants n&#039;est parvenu a passer le cap des demi finale. C&#039;est la Suisse qui en profite puisque que Ryan Regez s&#039;impose devant son compatriote Alex Fiva.\" \/>\n<meta property=\"og:url\" content=\"https:\/\/dicodusport.fr\/blog\/jo-pekin-2022-skicross-ryan-regez-medaille-d-or-les-francais-se-ratent\/\" \/>\n<meta property=\"og:site_name\" content=\"Dicodusport\" \/>\n<meta property=\"article:publisher\" content=\"https:\/\/www.facebook.com\/dicodusport\" \/>\n<meta property=\"article:author\" content=\"https:\/\/www.facebook.com\/Max.Bld2\/\" \/>\n<meta property=\"article:published_time\" content=\"2022-02-18T07:32:20+00:00\" \/>\n<meta property=\"article:modified_time\" content=\"2022-02-18T11:58:14+00:00\" \/>\n<meta property=\"og:image\" content=\"https:\/\/dicodusport.fr\/blog\/wp-content\/uploads\/2022\/02\/JO-Pekin-2022-Skicross-Ryan-Regez-medaille-dor-les-Francais-se-ratent-1.png\" \/>\n\t<meta property=\"og:image:width\" content=\"800\" \/>\n\t<meta property=\"og:image:height\" content=\"445\" \/>\n\t<meta property=\"og:image:type\" content=\"image\/png\" \/>\n<meta name=\"author\" content=\"Maxime Boulard\" \/>\n<meta name=\"twitter:card\" content=\"summary_large_image\" \/>\n<meta name=\"twitter:title\" content=\"JO P\u00e9kin 2022 - Skicross : Ryan Regez m\u00e9daill\u00e9 d&#039;or, les Fran\u00e7ais se ratent\" \/>\n<meta name=\"twitter:creator\" content=\"@https:\/\/twitter.com\/MaximeB_2\" \/>\n<meta name=\"twitter:site\" content=\"@dicodusport\" \/>\n<script type=\"application\/ld+json\" class=\"yoast-schema-graph\">{\"@context\":\"https:\/\/schema.org\",\"@graph\":[{\"@type\":\"NewsArticle\",\"@id\":\"https:\/\/dicodusport.fr\/blog\/jo-pekin-2022-skicross-ryan-regez-medaille-d-or-les-francais-se-ratent\/#article\",\"isPartOf\":{\"@id\":\"https:\/\/dicodusport.fr\/blog\/jo-pekin-2022-skicross-ryan-regez-medaille-d-or-les-francais-se-ratent\/\"},\"author\":{\"name\":\"Maxime Boulard\",\"@id\":\"https:\/\/dicodusport.fr\/blog\/#\/schema\/person\/5aab10ee856e86ac63e9819a9da34784\"},\"headline\":\"JO P\u00e9kin 2022 &#8211; Skicross : Ryan Regez m\u00e9daill\u00e9 d&rsquo;or, les Fran\u00e7ais se ratent\",\"datePublished\":\"2022-02-18T07:32:20+00:00\",\"dateModified\":\"2022-02-18T11:58:14+00:00\",\"mainEntityOfPage\":{\"@id\":\"https:\/\/dicodusport.fr\/blog\/jo-pekin-2022-skicross-ryan-regez-medaille-d-or-les-francais-se-ratent\/\"},\"wordCount\":345,\"commentCount\":0,\"publisher\":{\"@id\":\"https:\/\/dicodusport.fr\/blog\/#organization\"},\"image\":{\"@id\":\"https:\/\/dicodusport.fr\/blog\/jo-pekin-2022-skicross-ryan-regez-medaille-d-or-les-francais-se-ratent\/#primaryimage\"},\"thumbnailUrl\":\"https:\/\/dicodusport.fr\/blog\/wp-content\/uploads\/2022\/02\/JO-Pekin-2022-Skicross-Ryan-Regez-medaille-dor-les-Francais-se-ratent-1.png\",\"keywords\":[\"Jeux Olympiques de P\u00e9kin\",\"skicross\"],\"articleSection\":[\"JO d'hiver P\u00e9kin 2022\",\"Ski\"],\"inLanguage\":\"fr-FR\",\"potentialAction\":[{\"@type\":\"CommentAction\",\"name\":\"Comment\",\"target\":[\"https:\/\/dicodusport.fr\/blog\/jo-pekin-2022-skicross-ryan-regez-medaille-d-or-les-francais-se-ratent\/#respond\"]}],\"copyrightYear\":\"2022\",\"copyrightHolder\":{\"@id\":\"https:\/\/dicodusport.fr\/blog\/#organization\"}},{\"@type\":\"WebPage\",\"@id\":\"https:\/\/dicodusport.fr\/blog\/jo-pekin-2022-skicross-ryan-regez-medaille-d-or-les-francais-se-ratent\/\",\"url\":\"https:\/\/dicodusport.fr\/blog\/jo-pekin-2022-skicross-ryan-regez-medaille-d-or-les-francais-se-ratent\/\",\"name\":\"JO P\u00e9kin 2022 - Skicross : Ryan Regez m\u00e9daill\u00e9 d'or, les Fran\u00e7ais se ratent\",\"isPartOf\":{\"@id\":\"https:\/\/dicodusport.fr\/blog\/#website\"},\"primaryImageOfPage\":{\"@id\":\"https:\/\/dicodusport.fr\/blog\/jo-pekin-2022-skicross-ryan-regez-medaille-d-or-les-francais-se-ratent\/#primaryimage\"},\"image\":{\"@id\":\"https:\/\/dicodusport.fr\/blog\/jo-pekin-2022-skicross-ryan-regez-medaille-d-or-les-francais-se-ratent\/#primaryimage\"},\"thumbnailUrl\":\"https:\/\/dicodusport.fr\/blog\/wp-content\/uploads\/2022\/02\/JO-Pekin-2022-Skicross-Ryan-Regez-medaille-dor-les-Francais-se-ratent-1.png\",\"datePublished\":\"2022-02-18T07:32:20+00:00\",\"dateModified\":\"2022-02-18T11:58:14+00:00\",\"description\":\"JO P\u00c9KIN 2022 - SKICROSS - L'\u00e9preuve de skicross masculine \u00e9tait tr\u00e8s attendue par le clan fran\u00e7ais. Malheureusement, aucun des repr\u00e9sentants n'est parvenu a passer le cap des demi finale. C'est la Suisse qui en profite puisque que Ryan Regez s'impose devant son compatriote Alex Fiva.\",\"breadcrumb\":{\"@id\":\"https:\/\/dicodusport.fr\/blog\/jo-pekin-2022-skicross-ryan-regez-medaille-d-or-les-francais-se-ratent\/#breadcrumb\"},\"inLanguage\":\"fr-FR\",\"potentialAction\":[{\"@type\":\"ReadAction\",\"target\":[\"https:\/\/dicodusport.fr\/blog\/jo-pekin-2022-skicross-ryan-regez-medaille-d-or-les-francais-se-ratent\/\"]}]},{\"@type\":\"ImageObject\",\"inLanguage\":\"fr-FR\",\"@id\":\"https:\/\/dicodusport.fr\/blog\/jo-pekin-2022-skicross-ryan-regez-medaille-d-or-les-francais-se-ratent\/#primaryimage\",\"url\":\"https:\/\/dicodusport.fr\/blog\/wp-content\/uploads\/2022\/02\/JO-Pekin-2022-Skicross-Ryan-Regez-medaille-dor-les-Francais-se-ratent-1.png\",\"contentUrl\":\"https:\/\/dicodusport.fr\/blog\/wp-content\/uploads\/2022\/02\/JO-Pekin-2022-Skicross-Ryan-Regez-medaille-dor-les-Francais-se-ratent-1.png\",\"width\":800,\"height\":445,\"caption\":\"JO P\u00e9kin 2022 - Skicross Ryan Regez m\u00e9daill\u00e9 d'or, les Fran\u00e7ais se ratent (1)\"},{\"@type\":\"BreadcrumbList\",\"@id\":\"https:\/\/dicodusport.fr\/blog\/jo-pekin-2022-skicross-ryan-regez-medaille-d-or-les-francais-se-ratent\/#breadcrumb\",\"itemListElement\":[{\"@type\":\"ListItem\",\"position\":1,\"name\":\"Accueil\",\"item\":\"https:\/\/dicodusport.fr\/blog\/\"},{\"@type\":\"ListItem\",\"position\":2,\"name\":\"JO P\u00e9kin 2022 &#8211; Skicross : Ryan Regez m\u00e9daill\u00e9 d&rsquo;or, les Fran\u00e7ais se ratent\"}]},{\"@type\":\"WebSite\",\"@id\":\"https:\/\/dicodusport.fr\/blog\/#website\",\"url\":\"https:\/\/dicodusport.fr\/blog\/\",\"name\":\"Dicodusport\",\"description\":\"L&#039;encyclop\u00e9die de l&#039;actualit\u00e9 sportive\",\"publisher\":{\"@id\":\"https:\/\/dicodusport.fr\/blog\/#organization\"},\"potentialAction\":[{\"@type\":\"SearchAction\",\"target\":{\"@type\":\"EntryPoint\",\"urlTemplate\":\"https:\/\/dicodusport.fr\/blog\/?s={search_term_string}\"},\"query-input\":{\"@type\":\"PropertyValueSpecification\",\"valueRequired\":true,\"valueName\":\"search_term_string\"}}],\"inLanguage\":\"fr-FR\"},{\"@type\":\"NewsMediaOrganization\",\"@id\":\"https:\/\/dicodusport.fr\/blog\/#organization\",\"name\":\"Dicodusport\",\"url\":\"https:\/\/dicodusport.fr\/blog\/\",\"logo\":{\"@type\":\"ImageObject\",\"inLanguage\":\"fr-FR\",\"@id\":\"https:\/\/dicodusport.fr\/blog\/#\/schema\/logo\/image\/\",\"url\":\"https:\/\/dicodusport.fr\/blog\/wp-content\/uploads\/2020\/06\/cropped-LOGO-DICODUSPORT-2020-SANS-FOND-SANS-TEXTE.png\",\"contentUrl\":\"https:\/\/dicodusport.fr\/blog\/wp-content\/uploads\/2020\/06\/cropped-LOGO-DICODUSPORT-2020-SANS-FOND-SANS-TEXTE.png\",\"width\":512,\"height\":512,\"caption\":\"Dicodusport\"},\"image\":{\"@id\":\"https:\/\/dicodusport.fr\/blog\/#\/schema\/logo\/image\/\"},\"sameAs\":[\"https:\/\/www.facebook.com\/dicodusport\",\"https:\/\/x.com\/dicodusport\",\"https:\/\/www.instagram.com\/dicodusport\/\",\"https:\/\/www.youtube.com\/channel\/UC7V2KZ5sd3htJivAbA4ZG3w\"],\"description\":\"Dicodusport est l'encyclop\u00e9die de l'actualit\u00e9 sportive.\",\"email\":\"bonjour@dicodusport.fr\",\"legalName\":\"DICODUSPORT\",\"foundingDate\":\"2018-01-14\",\"vatID\":\"FR71834470973\",\"taxID\":\"83447097300043\",\"numberOfEmployees\":{\"@type\":\"QuantitativeValue\",\"minValue\":\"1\",\"maxValue\":\"10\"}},{\"@type\":\"Person\",\"@id\":\"https:\/\/dicodusport.fr\/blog\/#\/schema\/person\/5aab10ee856e86ac63e9819a9da34784\",\"name\":\"Maxime Boulard\",\"image\":{\"@type\":\"ImageObject\",\"inLanguage\":\"fr-FR\",\"@id\":\"https:\/\/dicodusport.fr\/blog\/#\/schema\/person\/image\/\",\"url\":\"https:\/\/dicodusport.fr\/blog\/wp-content\/uploads\/2021\/05\/Maxime-Boulard-150x150.jpg\",\"contentUrl\":\"https:\/\/dicodusport.fr\/blog\/wp-content\/uploads\/2021\/05\/Maxime-Boulard-150x150.jpg\",\"caption\":\"Maxime Boulard\"},\"description\":\"Journaliste\/r\u00e9dacteur depuis octobre 2020 - Si mon plus vieux souvenir de sport aurait pu m'en d\u00e9go\u00fbter, la finale de la Coupe du monde 2006 a \u00e9t\u00e9 tout le contraire. V\u00e9ritable d\u00e9clencheur d'une passion qui aujourd'hui ne fait que grandir avec le temps, mon leitmotiv est la France qui brille ! Je relate les exploits pass\u00e9s et pr\u00e9sents du sport bleu-blanc-rouge sans m\u00e9nagement depuis octobre 2020. Sport valide ou handisport, aucune diff\u00e9rence, il n'y a que du sport et plusieurs fa\u00e7ons de le pratiquer.\",\"sameAs\":[\"https:\/\/www.facebook.com\/Max.Bld2\/\",\"https:\/\/x.com\/https:\/\/twitter.com\/MaximeB_2\"],\"url\":\"https:\/\/dicodusport.fr\/blog\/author\/maxime-b\/\"}]}<\/script>\n<!-- \/ Yoast SEO Premium plugin. -->","yoast_head_json":{"title":"JO P\u00e9kin 2022 - Skicross : Ryan Regez m\u00e9daill\u00e9 d'or, les Fran\u00e7ais se ratent","description":"JO P\u00c9KIN 2022 - SKICROSS - L'\u00e9preuve de skicross masculine \u00e9tait tr\u00e8s attendue par le clan fran\u00e7ais. Malheureusement, aucun des repr\u00e9sentants n'est parvenu a passer le cap des demi finale. C'est la Suisse qui en profite puisque que Ryan Regez s'impose devant son compatriote Alex Fiva.","robots":{"index":"index","follow":"follow","max-snippet":"max-snippet:-1","max-image-preview":"max-image-preview:large","max-video-preview":"max-video-preview:-1"},"canonical":"https:\/\/dicodusport.fr\/blog\/jo-pekin-2022-skicross-ryan-regez-medaille-d-or-les-francais-se-ratent\/","og_locale":"fr_FR","og_type":"article","og_title":"JO P\u00e9kin 2022 - Skicross : Ryan Regez m\u00e9daill\u00e9 d'or, les Fran\u00e7ais se ratent","og_description":"JO P\u00c9KIN 2022 - SKICROSS - L'\u00e9preuve de skicross masculine \u00e9tait tr\u00e8s attendue par le clan fran\u00e7ais. Malheureusement, aucun des repr\u00e9sentants n'est parvenu a passer le cap des demi finale. C'est la Suisse qui en profite puisque que Ryan Regez s'impose devant son compatriote Alex Fiva.","og_url":"https:\/\/dicodusport.fr\/blog\/jo-pekin-2022-skicross-ryan-regez-medaille-d-or-les-francais-se-ratent\/","og_site_name":"Dicodusport","article_publisher":"https:\/\/www.facebook.com\/dicodusport","article_author":"https:\/\/www.facebook.com\/Max.Bld2\/","article_published_time":"2022-02-18T07:32:20+00:00","article_modified_time":"2022-02-18T11:58:14+00:00","og_image":[{"width":800,"height":445,"url":"https:\/\/dicodusport.fr\/blog\/wp-content\/uploads\/2022\/02\/JO-Pekin-2022-Skicross-Ryan-Regez-medaille-dor-les-Francais-se-ratent-1.png","type":"image\/png"}],"author":"Maxime Boulard","twitter_card":"summary_large_image","twitter_title":"JO P\u00e9kin 2022 - Skicross : Ryan Regez m\u00e9daill\u00e9 d'or, les Fran\u00e7ais se ratent","twitter_creator":"@https:\/\/twitter.com\/MaximeB_2","twitter_site":"@dicodusport","schema":{"@context":"https:\/\/schema.org","@graph":[{"@type":"NewsArticle","@id":"https:\/\/dicodusport.fr\/blog\/jo-pekin-2022-skicross-ryan-regez-medaille-d-or-les-francais-se-ratent\/#article","isPartOf":{"@id":"https:\/\/dicodusport.fr\/blog\/jo-pekin-2022-skicross-ryan-regez-medaille-d-or-les-francais-se-ratent\/"},"author":{"name":"Maxime Boulard","@id":"https:\/\/dicodusport.fr\/blog\/#\/schema\/person\/5aab10ee856e86ac63e9819a9da34784"},"headline":"JO P\u00e9kin 2022 &#8211; Skicross : Ryan Regez m\u00e9daill\u00e9 d&rsquo;or, les Fran\u00e7ais se ratent","datePublished":"2022-02-18T07:32:20+00:00","dateModified":"2022-02-18T11:58:14+00:00","mainEntityOfPage":{"@id":"https:\/\/dicodusport.fr\/blog\/jo-pekin-2022-skicross-ryan-regez-medaille-d-or-les-francais-se-ratent\/"},"wordCount":345,"commentCount":0,"publisher":{"@id":"https:\/\/dicodusport.fr\/blog\/#organization"},"image":{"@id":"https:\/\/dicodusport.fr\/blog\/jo-pekin-2022-skicross-ryan-regez-medaille-d-or-les-francais-se-ratent\/#primaryimage"},"thumbnailUrl":"https:\/\/dicodusport.fr\/blog\/wp-content\/uploads\/2022\/02\/JO-Pekin-2022-Skicross-Ryan-Regez-medaille-dor-les-Francais-se-ratent-1.png","keywords":["Jeux Olympiques de P\u00e9kin","skicross"],"articleSection":["JO d'hiver P\u00e9kin 2022","Ski"],"inLanguage":"fr-FR","potentialAction":[{"@type":"CommentAction","name":"Comment","target":["https:\/\/dicodusport.fr\/blog\/jo-pekin-2022-skicross-ryan-regez-medaille-d-or-les-francais-se-ratent\/#respond"]}],"copyrightYear":"2022","copyrightHolder":{"@id":"https:\/\/dicodusport.fr\/blog\/#organization"}},{"@type":"WebPage","@id":"https:\/\/dicodusport.fr\/blog\/jo-pekin-2022-skicross-ryan-regez-medaille-d-or-les-francais-se-ratent\/","url":"https:\/\/dicodusport.fr\/blog\/jo-pekin-2022-skicross-ryan-regez-medaille-d-or-les-francais-se-ratent\/","name":"JO P\u00e9kin 2022 - Skicross : Ryan Regez m\u00e9daill\u00e9 d'or, les Fran\u00e7ais se ratent","isPartOf":{"@id":"https:\/\/dicodusport.fr\/blog\/#website"},"primaryImageOfPage":{"@id":"https:\/\/dicodusport.fr\/blog\/jo-pekin-2022-skicross-ryan-regez-medaille-d-or-les-francais-se-ratent\/#primaryimage"},"image":{"@id":"https:\/\/dicodusport.fr\/blog\/jo-pekin-2022-skicross-ryan-regez-medaille-d-or-les-francais-se-ratent\/#primaryimage"},"thumbnailUrl":"https:\/\/dicodusport.fr\/blog\/wp-content\/uploads\/2022\/02\/JO-Pekin-2022-Skicross-Ryan-Regez-medaille-dor-les-Francais-se-ratent-1.png","datePublished":"2022-02-18T07:32:20+00:00","dateModified":"2022-02-18T11:58:14+00:00","description":"JO P\u00c9KIN 2022 - SKICROSS - L'\u00e9preuve de skicross masculine \u00e9tait tr\u00e8s attendue par le clan fran\u00e7ais. Malheureusement, aucun des repr\u00e9sentants n'est parvenu a passer le cap des demi finale. C'est la Suisse qui en profite puisque que Ryan Regez s'impose devant son compatriote Alex Fiva.","breadcrumb":{"@id":"https:\/\/dicodusport.fr\/blog\/jo-pekin-2022-skicross-ryan-regez-medaille-d-or-les-francais-se-ratent\/#breadcrumb"},"inLanguage":"fr-FR","potentialAction":[{"@type":"ReadAction","target":["https:\/\/dicodusport.fr\/blog\/jo-pekin-2022-skicross-ryan-regez-medaille-d-or-les-francais-se-ratent\/"]}]},{"@type":"ImageObject","inLanguage":"fr-FR","@id":"https:\/\/dicodusport.fr\/blog\/jo-pekin-2022-skicross-ryan-regez-medaille-d-or-les-francais-se-ratent\/#primaryimage","url":"https:\/\/dicodusport.fr\/blog\/wp-content\/uploads\/2022\/02\/JO-Pekin-2022-Skicross-Ryan-Regez-medaille-dor-les-Francais-se-ratent-1.png","contentUrl":"https:\/\/dicodusport.fr\/blog\/wp-content\/uploads\/2022\/02\/JO-Pekin-2022-Skicross-Ryan-Regez-medaille-dor-les-Francais-se-ratent-1.png","width":800,"height":445,"caption":"JO P\u00e9kin 2022 - Skicross Ryan Regez m\u00e9daill\u00e9 d'or, les Fran\u00e7ais se ratent (1)"},{"@type":"BreadcrumbList","@id":"https:\/\/dicodusport.fr\/blog\/jo-pekin-2022-skicross-ryan-regez-medaille-d-or-les-francais-se-ratent\/#breadcrumb","itemListElement":[{"@type":"ListItem","position":1,"name":"Accueil","item":"https:\/\/dicodusport.fr\/blog\/"},{"@type":"ListItem","position":2,"name":"JO P\u00e9kin 2022 &#8211; Skicross : Ryan Regez m\u00e9daill\u00e9 d&rsquo;or, les Fran\u00e7ais se ratent"}]},{"@type":"WebSite","@id":"https:\/\/dicodusport.fr\/blog\/#website","url":"https:\/\/dicodusport.fr\/blog\/","name":"Dicodusport","description":"L&#039;encyclop\u00e9die de l&#039;actualit\u00e9 sportive","publisher":{"@id":"https:\/\/dicodusport.fr\/blog\/#organization"},"potentialAction":[{"@type":"SearchAction","target":{"@type":"EntryPoint","urlTemplate":"https:\/\/dicodusport.fr\/blog\/?s={search_term_string}"},"query-input":{"@type":"PropertyValueSpecification","valueRequired":true,"valueName":"search_term_string"}}],"inLanguage":"fr-FR"},{"@type":"NewsMediaOrganization","@id":"https:\/\/dicodusport.fr\/blog\/#organization","name":"Dicodusport","url":"https:\/\/dicodusport.fr\/blog\/","logo":{"@type":"ImageObject","inLanguage":"fr-FR","@id":"https:\/\/dicodusport.fr\/blog\/#\/schema\/logo\/image\/","url":"https:\/\/dicodusport.fr\/blog\/wp-content\/uploads\/2020\/06\/cropped-LOGO-DICODUSPORT-2020-SANS-FOND-SANS-TEXTE.png","contentUrl":"https:\/\/dicodusport.fr\/blog\/wp-content\/uploads\/2020\/06\/cropped-LOGO-DICODUSPORT-2020-SANS-FOND-SANS-TEXTE.png","width":512,"height":512,"caption":"Dicodusport"},"image":{"@id":"https:\/\/dicodusport.fr\/blog\/#\/schema\/logo\/image\/"},"sameAs":["https:\/\/www.facebook.com\/dicodusport","https:\/\/x.com\/dicodusport","https:\/\/www.instagram.com\/dicodusport\/","https:\/\/www.youtube.com\/channel\/UC7V2KZ5sd3htJivAbA4ZG3w"],"description":"Dicodusport est l'encyclop\u00e9die de l'actualit\u00e9 sportive.","email":"bonjour@dicodusport.fr","legalName":"DICODUSPORT","foundingDate":"2018-01-14","vatID":"FR71834470973","taxID":"83447097300043","numberOfEmployees":{"@type":"QuantitativeValue","minValue":"1","maxValue":"10"}},{"@type":"Person","@id":"https:\/\/dicodusport.fr\/blog\/#\/schema\/person\/5aab10ee856e86ac63e9819a9da34784","name":"Maxime Boulard","image":{"@type":"ImageObject","inLanguage":"fr-FR","@id":"https:\/\/dicodusport.fr\/blog\/#\/schema\/person\/image\/","url":"https:\/\/dicodusport.fr\/blog\/wp-content\/uploads\/2021\/05\/Maxime-Boulard-150x150.jpg","contentUrl":"https:\/\/dicodusport.fr\/blog\/wp-content\/uploads\/2021\/05\/Maxime-Boulard-150x150.jpg","caption":"Maxime Boulard"},"description":"Journaliste\/r\u00e9dacteur depuis octobre 2020 - Si mon plus vieux souvenir de sport aurait pu m'en d\u00e9go\u00fbter, la finale de la Coupe du monde 2006 a \u00e9t\u00e9 tout le contraire. V\u00e9ritable d\u00e9clencheur d'une passion qui aujourd'hui ne fait que grandir avec le temps, mon leitmotiv est la France qui brille ! Je relate les exploits pass\u00e9s et pr\u00e9sents du sport bleu-blanc-rouge sans m\u00e9nagement depuis octobre 2020. Sport valide ou handisport, aucune diff\u00e9rence, il n'y a que du sport et plusieurs fa\u00e7ons de le pratiquer.","sameAs":["https:\/\/www.facebook.com\/Max.Bld2\/","https:\/\/x.com\/https:\/\/twitter.com\/MaximeB_2"],"url":"https:\/\/dicodusport.fr\/blog\/author\/maxime-b\/"}]}},"_links":{"self":[{"href":"https:\/\/dicodusport.fr\/blog\/wp-json\/wp\/v2\/posts\/201404","targetHints":{"allow":["GET"]}}],"collection":[{"href":"https:\/\/dicodusport.fr\/blog\/wp-json\/wp\/v2\/posts"}],"about":[{"href":"https:\/\/dicodusport.fr\/blog\/wp-json\/wp\/v2\/types\/post"}],"author":[{"embeddable":true,"href":"https:\/\/dicodusport.fr\/blog\/wp-json\/wp\/v2\/users\/43"}],"replies":[{"embeddable":true,"href":"https:\/\/dicodusport.fr\/blog\/wp-json\/wp\/v2\/comments?post=201404"}],"version-history":[{"count":0,"href":"https:\/\/dicodusport.fr\/blog\/wp-json\/wp\/v2\/posts\/201404\/revisions"}],"wp:featuredmedia":[{"embeddable":true,"href":"https:\/\/dicodusport.fr\/blog\/wp-json\/wp\/v2\/media\/201461"}],"wp:attachment":[{"href":"https:\/\/dicodusport.fr\/blog\/wp-json\/wp\/v2\/media?parent=201404"}],"wp:term":[{"taxonomy":"category","embeddable":true,"href":"https:\/\/dicodusport.fr\/blog\/wp-json\/wp\/v2\/categories?post=201404"},{"taxonomy":"post_tag","embeddable":true,"href":"https:\/\/dicodusport.fr\/blog\/wp-json\/wp\/v2\/tags?post=201404"}],"curies":[{"name":"wp","href":"https:\/\/api.w.org\/{rel}","templated":true}]}}