{"id":201450,"date":"2022-02-18T18:19:46","date_gmt":"2022-02-18T17:19:46","guid":{"rendered":"https:\/\/dicodusport.fr\/blog\/?p=201450&#038;preview=true&#038;preview_id=201450"},"modified":"2022-02-18T18:53:55","modified_gmt":"2022-02-18T17:53:55","slug":"tour-d-algarve-2022-fabio-jakobsen-remporte-la-3eme-etape","status":"publish","type":"post","link":"https:\/\/dicodusport.fr\/blog\/tour-d-algarve-2022-fabio-jakobsen-remporte-la-3eme-etape\/","title":{"rendered":"Tour d&rsquo;Algarve 2022 : Fabio Jakobsen remporte la 3\u00e8me \u00e9tape"},"content":{"rendered":"<p style=\"text-align: justify;\"><em><strong><a href=\"https:\/\/dicodusport.fr\/blog\/actualites\/cyclisme\/cyclisme-sur-route-2022\/\">CYCLISME SUR ROUTE 2022<\/a> &#8211; D\u00e9j\u00e0 vainqueur de la 1\u00e8re \u00e9tape, Fabio Jakobsen (Quick-Step Alpha Vinyl) s&rsquo;est impos\u00e9 au sprint \u00e0 Faro lors de la 3\u00e8me \u00e9tape du 48e Tour d&rsquo;Algarve. Il a devanc\u00e9 Tim Merlier (Alpecin Fenix) et Bryan Coquard (Cofidis). David Gaudu (Groupama FDJ) reste leader classement g\u00e9n\u00e9ral.\u00a0<\/strong> <\/em><\/p>\n<h2 style=\"text-align: justify;\">Un sc\u00e9nario classique en d\u00e9but d&rsquo;\u00e9tape<\/h2>\n<p style=\"text-align: justify;\"><span class=\"tojvnm2t a6sixzi8 abs2jz4q a8s20v7p t1p8iaqh k5wvi7nf q3lfd5jv pk4s997a bipmatt0 cebpdrjk qowsmv63 owwhemhu dp1hu0rb dhp61c6y iyyx5f41\">D&rsquo;abord, sept coureurs ont form\u00e9 l&rsquo;\u00e9chapp\u00e9e matinale dans les premiers kilom\u00e8tres avec <strong>Txomin Juaristi<\/strong> (Euskaltel &#8211; Euskadi), <strong>Rafael Louren\u00e7o<\/strong> (Atum general \/ Tavira \/ Maria Nova Hotel), Rafael Silva (Efapel Cycling), Afonso Eul\u00e1lio (Glassdrive Q8 Anicolor), <strong>Afonso Silva<\/strong> (Kelly \/ Simoldes \/ UDO), <strong>Nicolas Saenz<\/strong> (Tavfer-Mort\u00e1gua-Ovos Matinados) et <strong>Samuel Jos\u00e9 Caldeira<\/strong> (W52 \/ FC Porto). La Groupama-FDJ a laiss\u00e9 jusqu&rsquo;\u00e0 presque 7 minutes d&rsquo;avance aux fuyards apr\u00e8s 60 kilom\u00e8tres de course. Puis, les \u00e9quipes des sprinteurs notamment <strong>Quick-Step-Alpha Vinyl<\/strong> et <strong>Alpecin-Fenix<\/strong> ont g\u00e9r\u00e9 la poursuite derri\u00e8re les attaquants du jour. Malgr\u00e9 une crevaison \u00e0 86 kilom\u00e8tres du terme, <strong>Fabio Jakobsen<\/strong> (Quick-Step-Alpha Vinyl) est rapidement revenu dans le peloton.<\/span><\/p>\n<h2 style=\"text-align: justify;\">Un peu d&rsquo;animation dans la derni\u00e8re bosse<\/h2>\n<p style=\"text-align: justify;\"><span class=\"tojvnm2t a6sixzi8 abs2jz4q a8s20v7p t1p8iaqh k5wvi7nf q3lfd5jv pk4s997a bipmatt0 cebpdrjk qowsmv63 owwhemhu dp1hu0rb dhp61c6y iyyx5f41\">Ensuite, voyant l&rsquo;\u00e9cart pass\u00e9 sous la minute \u00e0 40 kilom\u00e8tres de l&rsquo;arriv\u00e9e, la formation <strong>Tavfer-Mort\u00e1gua-Ovos Matinados<\/strong> a d\u00e9cid\u00e9 d&rsquo;acc\u00e9l\u00e9rer l&rsquo;allure dans les contreforts de la derni\u00e8re mont\u00e9e du jour dans le but de revenir sur l&rsquo;\u00e9chapp\u00e9e. Cette \u00e9quipe avait dans ses rangs le deuxi\u00e8me du classement de montagne : <strong>Joao Matias<\/strong>.<\/span><\/p>\n<p style=\"text-align: justify;\"><span class=\"tojvnm2t a6sixzi8 abs2jz4q a8s20v7p t1p8iaqh k5wvi7nf q3lfd5jv pk4s997a bipmatt0 cebpdrjk qowsmv63 owwhemhu dp1hu0rb dhp61c6y iyyx5f41\">Par la suite, l&rsquo;\u00e9chapp\u00e9e matinale a \u00e9t\u00e9 reprise \u00e0 23 kilom\u00e8tres du terme. Mais, cette ultime bosse a permis \u00e0 trois coureurs de s&rsquo;extirper du peloton : <strong>Fabio Costa<\/strong>, <strong>Alfonso Eul\u00e1lio<\/strong> (Glassdrive Q8 Anicolor) et <strong>Hugo Nunes<\/strong> (Radio Popular Paredes Boavista). <\/span><span class=\"tojvnm2t a6sixzi8 abs2jz4q a8s20v7p t1p8iaqh k5wvi7nf q3lfd5jv pk4s997a bipmatt0 cebpdrjk qowsmv63 owwhemhu dp1hu0rb dhp61c6y iyyx5f41\">Apr\u00e8s avoir distanc\u00e9 Eul\u00e1lio, les deux coureurs portugais ont \u00e9t\u00e9 repris \u00e0 10 kilom\u00e8tres de l&rsquo;arriv\u00e9e. Le train Quick-Step-Alpha Vinyl est rest\u00e9 parfaitement group\u00e9 autour de son sprint n\u00e9erlandais <strong>Fabio Jakobsen <\/strong>avec comme poisson-pilote<strong> Kasper Asgreen<\/strong>.<br \/>\n<\/span><\/p>\n<h2 style=\"text-align: justify;\">Fabio Jakobsen au-dessus du lot<\/h2>\n<p style=\"text-align: justify;\">Finalement, le final s&rsquo;est pass\u00e9 sans encombre pour les diff\u00e9rents leaders. Dans l&rsquo;ultime ligne droite en faux-plat montant, <strong>Fabio Jakobsen<\/strong> (<span class=\"tojvnm2t a6sixzi8 abs2jz4q a8s20v7p t1p8iaqh k5wvi7nf q3lfd5jv pk4s997a bipmatt0 cebpdrjk qowsmv63 owwhemhu dp1hu0rb dhp61c6y iyyx5f41\">Quick-Step-Alpha Vinyl) a domin\u00e9 <strong>Tim Merlier<\/strong> (Alpecin Fenix) et <strong>Bryan Coquard<\/strong> (Cofidis). Jakobsen a sign\u00e9 son quatri\u00e8me succ\u00e8s de la saison et le second sur les routes portugaises. Au classement g\u00e9n\u00e9ral, <strong>David Gaudu <\/strong>(Groupama FDJ) est rest\u00e9 leader du g\u00e9n\u00e9ral avant le contre-la-montre individuel de demain.<\/span><\/p>\n<blockquote class=\"twitter-tweet\">\n<p dir=\"ltr\" lang=\"fr\">Fabio Jakobsen encha\u00eene en remportant la troisi\u00e8me \u00e9tape du Tour d&rsquo;Algarve, soit son deuxi\u00e8me succ\u00e8s de la semaine et le quatri\u00e8me d\u00e9j\u00e0 de la saison. Il domine en costaud Tim Merlier et Bryan Coquard. David Gaudu reste leader avant le chrono demain. <a href=\"https:\/\/twitter.com\/hashtag\/VAlgarve2022?src=hash&amp;ref_src=twsrc%5Etfw\">#VAlgarve2022<\/a> <a href=\"https:\/\/t.co\/z4GOIpbVaJ\">pic.twitter.com\/z4GOIpbVaJ<\/a><\/p>\n<p>\u2014 Le Gruppetto (@LeGruppetto) <a href=\"https:\/\/twitter.com\/LeGruppetto\/status\/1494721164882722817?ref_src=twsrc%5Etfw\">February 18, 2022<\/a><\/p><\/blockquote>\n<p><script async src=\"https:\/\/platform.twitter.com\/widgets.js\" charset=\"utf-8\"><\/script><\/p>\n<h2 style=\"text-align: justify;\"><strong>\u00c0 lire aussi<\/strong><\/h2>\n<ul>\n<li style=\"text-align: justify;\"><a href=\"https:\/\/dicodusport.fr\/blog\/tour-de-l-algarve-2022-classement-3eme-etape\/\"><strong>Le classement de la 3\u00e8me \u00e9tape<\/strong><\/a><\/li>\n<li style=\"text-align: justify;\"><a href=\"https:\/\/dicodusport.fr\/blog\/tour-de-algarve-2022-classement-general\/\"><strong>Le classement g\u00e9n\u00e9ral<\/strong><\/a><\/li>\n<\/ul>\n<p>&nbsp;<\/p>\n","protected":false},"excerpt":{"rendered":"<p>CYCLISME SUR ROUTE 2022 &#8211; D\u00e9j\u00e0 vainqueur de la 1\u00e8re \u00e9tape, Fabio Jakobsen (Quick-Step Alpha Vinyl) s&rsquo;est impos\u00e9 au sprint \u00e0 Faro lors de la 3\u00e8me \u00e9tape du 48e Tour d&rsquo;Algarve. Il a devanc\u00e9 Tim Merlier (Alpecin Fenix) et Bryan Coquard (Cofidis). David Gaudu (Groupama FDJ) reste leader classement g\u00e9n\u00e9ral.\u00a0<\/p>\n","protected":false},"author":48,"featured_media":201656,"comment_status":"open","ping_status":"closed","sticky":false,"template":"","format":"standard","meta":{"_acf_changed":false,"_daextam_enable_autolinks":"","footnotes":""},"categories":[46994],"tags":[3119,11270,9973],"class_list":["post-201450","post","type-post","status-publish","format-standard","has-post-thumbnail","hentry","category-cyclisme-sur-route","tag-actualite-cyclisme","tag-fabio-jakobsen","tag-tour-dalgarve"],"acf":[],"yoast_head":"<!-- This site is optimized with the Yoast SEO Premium plugin v26.7 (Yoast SEO v26.7) - https:\/\/yoast.com\/wordpress\/plugins\/seo\/ -->\n<title>Tour d&#039;Algarve 2022 : Fabio Jakobsen remporte la 3\u00e8me \u00e9tape<\/title>\n<meta name=\"description\" content=\"CYCLISME SUR ROUTE 2022 - D\u00e9j\u00e0 vainqueur de la 1\u00e8re \u00e9tape, Fabio Jakobsen (Quick-Step Alpha Vinyl) a r\u00e9cidiv\u00e9 sur la 3\u00e8me \u00e9tape.\" \/>\n<meta name=\"robots\" content=\"index, follow, max-snippet:-1, max-image-preview:large, max-video-preview:-1\" \/>\n<link rel=\"canonical\" href=\"https:\/\/dicodusport.fr\/blog\/tour-d-algarve-2022-fabio-jakobsen-remporte-la-3eme-etape\/\" \/>\n<meta property=\"og:locale\" content=\"fr_FR\" \/>\n<meta property=\"og:type\" content=\"article\" \/>\n<meta property=\"og:title\" content=\"Tour d&#039;Algarve 2022 : Fabio Jakobsen remporte la 3\u00e8me \u00e9tape\" \/>\n<meta property=\"og:description\" content=\"CYCLISME SUR ROUTE 2022 - D\u00e9j\u00e0 vainqueur de la 1\u00e8re \u00e9tape, Fabio Jakobsen (Quick-Step Alpha Vinyl) a r\u00e9cidiv\u00e9 sur la 3\u00e8me \u00e9tape.\" \/>\n<meta property=\"og:url\" content=\"https:\/\/dicodusport.fr\/blog\/tour-d-algarve-2022-fabio-jakobsen-remporte-la-3eme-etape\/\" \/>\n<meta property=\"og:site_name\" content=\"Dicodusport\" \/>\n<meta property=\"article:publisher\" content=\"https:\/\/www.facebook.com\/dicodusport\" \/>\n<meta property=\"article:author\" content=\"https:\/\/www.facebook.com\/groups\/LesRoisDuPeloton\" \/>\n<meta property=\"article:published_time\" content=\"2022-02-18T17:19:46+00:00\" \/>\n<meta property=\"article:modified_time\" content=\"2022-02-18T17:53:55+00:00\" \/>\n<meta property=\"og:image\" content=\"https:\/\/dicodusport.fr\/blog\/wp-content\/uploads\/2022\/02\/Tour-dAlgarve-2022-Fabio-Jakobsen-remporte-la-3eme-etape.png\" \/>\n\t<meta property=\"og:image:width\" content=\"800\" \/>\n\t<meta property=\"og:image:height\" content=\"445\" \/>\n\t<meta property=\"og:image:type\" content=\"image\/png\" \/>\n<meta name=\"author\" content=\"Emilien Descampiaux\" \/>\n<meta name=\"twitter:card\" content=\"summary_large_image\" \/>\n<meta name=\"twitter:title\" content=\"Tour d&#039;Algarve 2022 : Fabio Jakobsen remporte la 3\u00e8me \u00e9tape\" \/>\n<meta name=\"twitter:creator\" content=\"@https:\/\/twitter.com\/LRoisDuPeloton\" \/>\n<meta name=\"twitter:site\" content=\"@dicodusport\" \/>\n<script type=\"application\/ld+json\" class=\"yoast-schema-graph\">{\"@context\":\"https:\/\/schema.org\",\"@graph\":[{\"@type\":\"NewsArticle\",\"@id\":\"https:\/\/dicodusport.fr\/blog\/tour-d-algarve-2022-fabio-jakobsen-remporte-la-3eme-etape\/#article\",\"isPartOf\":{\"@id\":\"https:\/\/dicodusport.fr\/blog\/tour-d-algarve-2022-fabio-jakobsen-remporte-la-3eme-etape\/\"},\"author\":{\"name\":\"Emilien Descampiaux\",\"@id\":\"https:\/\/dicodusport.fr\/blog\/#\/schema\/person\/6db4bae06b171592211be385b32876a7\"},\"headline\":\"Tour d&rsquo;Algarve 2022 : Fabio Jakobsen remporte la 3\u00e8me \u00e9tape\",\"datePublished\":\"2022-02-18T17:19:46+00:00\",\"dateModified\":\"2022-02-18T17:53:55+00:00\",\"mainEntityOfPage\":{\"@id\":\"https:\/\/dicodusport.fr\/blog\/tour-d-algarve-2022-fabio-jakobsen-remporte-la-3eme-etape\/\"},\"wordCount\":490,\"commentCount\":0,\"publisher\":{\"@id\":\"https:\/\/dicodusport.fr\/blog\/#organization\"},\"image\":{\"@id\":\"https:\/\/dicodusport.fr\/blog\/tour-d-algarve-2022-fabio-jakobsen-remporte-la-3eme-etape\/#primaryimage\"},\"thumbnailUrl\":\"https:\/\/dicodusport.fr\/blog\/wp-content\/uploads\/2022\/02\/Tour-dAlgarve-2022-Fabio-Jakobsen-remporte-la-3eme-etape.png\",\"keywords\":[\"Actualit\u00e9 Cyclisme\",\"Fabio Jakobsen\",\"Tour d'Algarve\"],\"articleSection\":[\"Cyclisme sur route\"],\"inLanguage\":\"fr-FR\",\"potentialAction\":[{\"@type\":\"CommentAction\",\"name\":\"Comment\",\"target\":[\"https:\/\/dicodusport.fr\/blog\/tour-d-algarve-2022-fabio-jakobsen-remporte-la-3eme-etape\/#respond\"]}],\"copyrightYear\":\"2022\",\"copyrightHolder\":{\"@id\":\"https:\/\/dicodusport.fr\/blog\/#organization\"}},{\"@type\":\"WebPage\",\"@id\":\"https:\/\/dicodusport.fr\/blog\/tour-d-algarve-2022-fabio-jakobsen-remporte-la-3eme-etape\/\",\"url\":\"https:\/\/dicodusport.fr\/blog\/tour-d-algarve-2022-fabio-jakobsen-remporte-la-3eme-etape\/\",\"name\":\"Tour d'Algarve 2022 : Fabio Jakobsen remporte la 3\u00e8me \u00e9tape\",\"isPartOf\":{\"@id\":\"https:\/\/dicodusport.fr\/blog\/#website\"},\"primaryImageOfPage\":{\"@id\":\"https:\/\/dicodusport.fr\/blog\/tour-d-algarve-2022-fabio-jakobsen-remporte-la-3eme-etape\/#primaryimage\"},\"image\":{\"@id\":\"https:\/\/dicodusport.fr\/blog\/tour-d-algarve-2022-fabio-jakobsen-remporte-la-3eme-etape\/#primaryimage\"},\"thumbnailUrl\":\"https:\/\/dicodusport.fr\/blog\/wp-content\/uploads\/2022\/02\/Tour-dAlgarve-2022-Fabio-Jakobsen-remporte-la-3eme-etape.png\",\"datePublished\":\"2022-02-18T17:19:46+00:00\",\"dateModified\":\"2022-02-18T17:53:55+00:00\",\"description\":\"CYCLISME SUR ROUTE 2022 - D\u00e9j\u00e0 vainqueur de la 1\u00e8re \u00e9tape, Fabio Jakobsen (Quick-Step Alpha Vinyl) a r\u00e9cidiv\u00e9 sur la 3\u00e8me \u00e9tape.\",\"breadcrumb\":{\"@id\":\"https:\/\/dicodusport.fr\/blog\/tour-d-algarve-2022-fabio-jakobsen-remporte-la-3eme-etape\/#breadcrumb\"},\"inLanguage\":\"fr-FR\",\"potentialAction\":[{\"@type\":\"ReadAction\",\"target\":[\"https:\/\/dicodusport.fr\/blog\/tour-d-algarve-2022-fabio-jakobsen-remporte-la-3eme-etape\/\"]}]},{\"@type\":\"ImageObject\",\"inLanguage\":\"fr-FR\",\"@id\":\"https:\/\/dicodusport.fr\/blog\/tour-d-algarve-2022-fabio-jakobsen-remporte-la-3eme-etape\/#primaryimage\",\"url\":\"https:\/\/dicodusport.fr\/blog\/wp-content\/uploads\/2022\/02\/Tour-dAlgarve-2022-Fabio-Jakobsen-remporte-la-3eme-etape.png\",\"contentUrl\":\"https:\/\/dicodusport.fr\/blog\/wp-content\/uploads\/2022\/02\/Tour-dAlgarve-2022-Fabio-Jakobsen-remporte-la-3eme-etape.png\",\"width\":800,\"height\":445,\"caption\":\"Tour d'Algarve 2022 Fabio Jakobsen remporte la 3\u00e8me \u00e9tape\"},{\"@type\":\"BreadcrumbList\",\"@id\":\"https:\/\/dicodusport.fr\/blog\/tour-d-algarve-2022-fabio-jakobsen-remporte-la-3eme-etape\/#breadcrumb\",\"itemListElement\":[{\"@type\":\"ListItem\",\"position\":1,\"name\":\"Accueil\",\"item\":\"https:\/\/dicodusport.fr\/blog\/\"},{\"@type\":\"ListItem\",\"position\":2,\"name\":\"Tour d&rsquo;Algarve 2022 : Fabio Jakobsen remporte la 3\u00e8me \u00e9tape\"}]},{\"@type\":\"WebSite\",\"@id\":\"https:\/\/dicodusport.fr\/blog\/#website\",\"url\":\"https:\/\/dicodusport.fr\/blog\/\",\"name\":\"Dicodusport\",\"description\":\"L&#039;encyclop\u00e9die de l&#039;actualit\u00e9 sportive\",\"publisher\":{\"@id\":\"https:\/\/dicodusport.fr\/blog\/#organization\"},\"potentialAction\":[{\"@type\":\"SearchAction\",\"target\":{\"@type\":\"EntryPoint\",\"urlTemplate\":\"https:\/\/dicodusport.fr\/blog\/?s={search_term_string}\"},\"query-input\":{\"@type\":\"PropertyValueSpecification\",\"valueRequired\":true,\"valueName\":\"search_term_string\"}}],\"inLanguage\":\"fr-FR\"},{\"@type\":\"NewsMediaOrganization\",\"@id\":\"https:\/\/dicodusport.fr\/blog\/#organization\",\"name\":\"Dicodusport\",\"url\":\"https:\/\/dicodusport.fr\/blog\/\",\"logo\":{\"@type\":\"ImageObject\",\"inLanguage\":\"fr-FR\",\"@id\":\"https:\/\/dicodusport.fr\/blog\/#\/schema\/logo\/image\/\",\"url\":\"https:\/\/dicodusport.fr\/blog\/wp-content\/uploads\/2020\/06\/cropped-LOGO-DICODUSPORT-2020-SANS-FOND-SANS-TEXTE.png\",\"contentUrl\":\"https:\/\/dicodusport.fr\/blog\/wp-content\/uploads\/2020\/06\/cropped-LOGO-DICODUSPORT-2020-SANS-FOND-SANS-TEXTE.png\",\"width\":512,\"height\":512,\"caption\":\"Dicodusport\"},\"image\":{\"@id\":\"https:\/\/dicodusport.fr\/blog\/#\/schema\/logo\/image\/\"},\"sameAs\":[\"https:\/\/www.facebook.com\/dicodusport\",\"https:\/\/x.com\/dicodusport\",\"https:\/\/www.instagram.com\/dicodusport\/\",\"https:\/\/www.youtube.com\/channel\/UC7V2KZ5sd3htJivAbA4ZG3w\"],\"description\":\"Dicodusport est l'encyclop\u00e9die de l'actualit\u00e9 sportive.\",\"email\":\"bonjour@dicodusport.fr\",\"legalName\":\"DICODUSPORT\",\"foundingDate\":\"2018-01-14\",\"vatID\":\"FR71834470973\",\"taxID\":\"83447097300043\",\"numberOfEmployees\":{\"@type\":\"QuantitativeValue\",\"minValue\":\"1\",\"maxValue\":\"10\"}},{\"@type\":\"Person\",\"@id\":\"https:\/\/dicodusport.fr\/blog\/#\/schema\/person\/6db4bae06b171592211be385b32876a7\",\"name\":\"Emilien Descampiaux\",\"image\":{\"@type\":\"ImageObject\",\"inLanguage\":\"fr-FR\",\"@id\":\"https:\/\/dicodusport.fr\/blog\/#\/schema\/person\/image\/\",\"url\":\"https:\/\/dicodusport.fr\/blog\/wp-content\/uploads\/2021\/05\/Emilien-Descampiaux-150x150.jpg\",\"contentUrl\":\"https:\/\/dicodusport.fr\/blog\/wp-content\/uploads\/2021\/05\/Emilien-Descampiaux-150x150.jpg\",\"caption\":\"Emilien Descampiaux\"},\"description\":\"Journaliste\/r\u00e9dacteur depuis 2014 - Fan de la classe de Frank Vandenbroucke, je vis cyclisme (et de ses paysages) depuis plus de 20 ans. Je suis tr\u00e8s impliqu\u00e9 sur mes diff\u00e9rents r\u00e9seaux sociaux pour partager ma passion sur le monde et l'Histoire de la bicyclette avec ma voix sur les images en noir et blanc du succ\u00e8s de Rik Van Steenbergen lors du Ronde sur le V\u00e9lodrome de Gand.\",\"sameAs\":[\"https:\/\/www.facebook.com\/groups\/LesRoisDuPeloton\",\"https:\/\/x.com\/https:\/\/twitter.com\/LRoisDuPeloton\"],\"url\":\"https:\/\/dicodusport.fr\/blog\/author\/emiliend\/\"}]}<\/script>\n<!-- \/ Yoast SEO Premium plugin. -->","yoast_head_json":{"title":"Tour d'Algarve 2022 : Fabio Jakobsen remporte la 3\u00e8me \u00e9tape","description":"CYCLISME SUR ROUTE 2022 - D\u00e9j\u00e0 vainqueur de la 1\u00e8re \u00e9tape, Fabio Jakobsen (Quick-Step Alpha Vinyl) a r\u00e9cidiv\u00e9 sur la 3\u00e8me \u00e9tape.","robots":{"index":"index","follow":"follow","max-snippet":"max-snippet:-1","max-image-preview":"max-image-preview:large","max-video-preview":"max-video-preview:-1"},"canonical":"https:\/\/dicodusport.fr\/blog\/tour-d-algarve-2022-fabio-jakobsen-remporte-la-3eme-etape\/","og_locale":"fr_FR","og_type":"article","og_title":"Tour d'Algarve 2022 : Fabio Jakobsen remporte la 3\u00e8me \u00e9tape","og_description":"CYCLISME SUR ROUTE 2022 - D\u00e9j\u00e0 vainqueur de la 1\u00e8re \u00e9tape, Fabio Jakobsen (Quick-Step Alpha Vinyl) a r\u00e9cidiv\u00e9 sur la 3\u00e8me \u00e9tape.","og_url":"https:\/\/dicodusport.fr\/blog\/tour-d-algarve-2022-fabio-jakobsen-remporte-la-3eme-etape\/","og_site_name":"Dicodusport","article_publisher":"https:\/\/www.facebook.com\/dicodusport","article_author":"https:\/\/www.facebook.com\/groups\/LesRoisDuPeloton","article_published_time":"2022-02-18T17:19:46+00:00","article_modified_time":"2022-02-18T17:53:55+00:00","og_image":[{"width":800,"height":445,"url":"https:\/\/dicodusport.fr\/blog\/wp-content\/uploads\/2022\/02\/Tour-dAlgarve-2022-Fabio-Jakobsen-remporte-la-3eme-etape.png","type":"image\/png"}],"author":"Emilien Descampiaux","twitter_card":"summary_large_image","twitter_title":"Tour d'Algarve 2022 : Fabio Jakobsen remporte la 3\u00e8me \u00e9tape","twitter_creator":"@https:\/\/twitter.com\/LRoisDuPeloton","twitter_site":"@dicodusport","schema":{"@context":"https:\/\/schema.org","@graph":[{"@type":"NewsArticle","@id":"https:\/\/dicodusport.fr\/blog\/tour-d-algarve-2022-fabio-jakobsen-remporte-la-3eme-etape\/#article","isPartOf":{"@id":"https:\/\/dicodusport.fr\/blog\/tour-d-algarve-2022-fabio-jakobsen-remporte-la-3eme-etape\/"},"author":{"name":"Emilien Descampiaux","@id":"https:\/\/dicodusport.fr\/blog\/#\/schema\/person\/6db4bae06b171592211be385b32876a7"},"headline":"Tour d&rsquo;Algarve 2022 : Fabio Jakobsen remporte la 3\u00e8me \u00e9tape","datePublished":"2022-02-18T17:19:46+00:00","dateModified":"2022-02-18T17:53:55+00:00","mainEntityOfPage":{"@id":"https:\/\/dicodusport.fr\/blog\/tour-d-algarve-2022-fabio-jakobsen-remporte-la-3eme-etape\/"},"wordCount":490,"commentCount":0,"publisher":{"@id":"https:\/\/dicodusport.fr\/blog\/#organization"},"image":{"@id":"https:\/\/dicodusport.fr\/blog\/tour-d-algarve-2022-fabio-jakobsen-remporte-la-3eme-etape\/#primaryimage"},"thumbnailUrl":"https:\/\/dicodusport.fr\/blog\/wp-content\/uploads\/2022\/02\/Tour-dAlgarve-2022-Fabio-Jakobsen-remporte-la-3eme-etape.png","keywords":["Actualit\u00e9 Cyclisme","Fabio Jakobsen","Tour d'Algarve"],"articleSection":["Cyclisme sur route"],"inLanguage":"fr-FR","potentialAction":[{"@type":"CommentAction","name":"Comment","target":["https:\/\/dicodusport.fr\/blog\/tour-d-algarve-2022-fabio-jakobsen-remporte-la-3eme-etape\/#respond"]}],"copyrightYear":"2022","copyrightHolder":{"@id":"https:\/\/dicodusport.fr\/blog\/#organization"}},{"@type":"WebPage","@id":"https:\/\/dicodusport.fr\/blog\/tour-d-algarve-2022-fabio-jakobsen-remporte-la-3eme-etape\/","url":"https:\/\/dicodusport.fr\/blog\/tour-d-algarve-2022-fabio-jakobsen-remporte-la-3eme-etape\/","name":"Tour d'Algarve 2022 : Fabio Jakobsen remporte la 3\u00e8me \u00e9tape","isPartOf":{"@id":"https:\/\/dicodusport.fr\/blog\/#website"},"primaryImageOfPage":{"@id":"https:\/\/dicodusport.fr\/blog\/tour-d-algarve-2022-fabio-jakobsen-remporte-la-3eme-etape\/#primaryimage"},"image":{"@id":"https:\/\/dicodusport.fr\/blog\/tour-d-algarve-2022-fabio-jakobsen-remporte-la-3eme-etape\/#primaryimage"},"thumbnailUrl":"https:\/\/dicodusport.fr\/blog\/wp-content\/uploads\/2022\/02\/Tour-dAlgarve-2022-Fabio-Jakobsen-remporte-la-3eme-etape.png","datePublished":"2022-02-18T17:19:46+00:00","dateModified":"2022-02-18T17:53:55+00:00","description":"CYCLISME SUR ROUTE 2022 - D\u00e9j\u00e0 vainqueur de la 1\u00e8re \u00e9tape, Fabio Jakobsen (Quick-Step Alpha Vinyl) a r\u00e9cidiv\u00e9 sur la 3\u00e8me \u00e9tape.","breadcrumb":{"@id":"https:\/\/dicodusport.fr\/blog\/tour-d-algarve-2022-fabio-jakobsen-remporte-la-3eme-etape\/#breadcrumb"},"inLanguage":"fr-FR","potentialAction":[{"@type":"ReadAction","target":["https:\/\/dicodusport.fr\/blog\/tour-d-algarve-2022-fabio-jakobsen-remporte-la-3eme-etape\/"]}]},{"@type":"ImageObject","inLanguage":"fr-FR","@id":"https:\/\/dicodusport.fr\/blog\/tour-d-algarve-2022-fabio-jakobsen-remporte-la-3eme-etape\/#primaryimage","url":"https:\/\/dicodusport.fr\/blog\/wp-content\/uploads\/2022\/02\/Tour-dAlgarve-2022-Fabio-Jakobsen-remporte-la-3eme-etape.png","contentUrl":"https:\/\/dicodusport.fr\/blog\/wp-content\/uploads\/2022\/02\/Tour-dAlgarve-2022-Fabio-Jakobsen-remporte-la-3eme-etape.png","width":800,"height":445,"caption":"Tour d'Algarve 2022 Fabio Jakobsen remporte la 3\u00e8me \u00e9tape"},{"@type":"BreadcrumbList","@id":"https:\/\/dicodusport.fr\/blog\/tour-d-algarve-2022-fabio-jakobsen-remporte-la-3eme-etape\/#breadcrumb","itemListElement":[{"@type":"ListItem","position":1,"name":"Accueil","item":"https:\/\/dicodusport.fr\/blog\/"},{"@type":"ListItem","position":2,"name":"Tour d&rsquo;Algarve 2022 : Fabio Jakobsen remporte la 3\u00e8me \u00e9tape"}]},{"@type":"WebSite","@id":"https:\/\/dicodusport.fr\/blog\/#website","url":"https:\/\/dicodusport.fr\/blog\/","name":"Dicodusport","description":"L&#039;encyclop\u00e9die de l&#039;actualit\u00e9 sportive","publisher":{"@id":"https:\/\/dicodusport.fr\/blog\/#organization"},"potentialAction":[{"@type":"SearchAction","target":{"@type":"EntryPoint","urlTemplate":"https:\/\/dicodusport.fr\/blog\/?s={search_term_string}"},"query-input":{"@type":"PropertyValueSpecification","valueRequired":true,"valueName":"search_term_string"}}],"inLanguage":"fr-FR"},{"@type":"NewsMediaOrganization","@id":"https:\/\/dicodusport.fr\/blog\/#organization","name":"Dicodusport","url":"https:\/\/dicodusport.fr\/blog\/","logo":{"@type":"ImageObject","inLanguage":"fr-FR","@id":"https:\/\/dicodusport.fr\/blog\/#\/schema\/logo\/image\/","url":"https:\/\/dicodusport.fr\/blog\/wp-content\/uploads\/2020\/06\/cropped-LOGO-DICODUSPORT-2020-SANS-FOND-SANS-TEXTE.png","contentUrl":"https:\/\/dicodusport.fr\/blog\/wp-content\/uploads\/2020\/06\/cropped-LOGO-DICODUSPORT-2020-SANS-FOND-SANS-TEXTE.png","width":512,"height":512,"caption":"Dicodusport"},"image":{"@id":"https:\/\/dicodusport.fr\/blog\/#\/schema\/logo\/image\/"},"sameAs":["https:\/\/www.facebook.com\/dicodusport","https:\/\/x.com\/dicodusport","https:\/\/www.instagram.com\/dicodusport\/","https:\/\/www.youtube.com\/channel\/UC7V2KZ5sd3htJivAbA4ZG3w"],"description":"Dicodusport est l'encyclop\u00e9die de l'actualit\u00e9 sportive.","email":"bonjour@dicodusport.fr","legalName":"DICODUSPORT","foundingDate":"2018-01-14","vatID":"FR71834470973","taxID":"83447097300043","numberOfEmployees":{"@type":"QuantitativeValue","minValue":"1","maxValue":"10"}},{"@type":"Person","@id":"https:\/\/dicodusport.fr\/blog\/#\/schema\/person\/6db4bae06b171592211be385b32876a7","name":"Emilien Descampiaux","image":{"@type":"ImageObject","inLanguage":"fr-FR","@id":"https:\/\/dicodusport.fr\/blog\/#\/schema\/person\/image\/","url":"https:\/\/dicodusport.fr\/blog\/wp-content\/uploads\/2021\/05\/Emilien-Descampiaux-150x150.jpg","contentUrl":"https:\/\/dicodusport.fr\/blog\/wp-content\/uploads\/2021\/05\/Emilien-Descampiaux-150x150.jpg","caption":"Emilien Descampiaux"},"description":"Journaliste\/r\u00e9dacteur depuis 2014 - Fan de la classe de Frank Vandenbroucke, je vis cyclisme (et de ses paysages) depuis plus de 20 ans. Je suis tr\u00e8s impliqu\u00e9 sur mes diff\u00e9rents r\u00e9seaux sociaux pour partager ma passion sur le monde et l'Histoire de la bicyclette avec ma voix sur les images en noir et blanc du succ\u00e8s de Rik Van Steenbergen lors du Ronde sur le V\u00e9lodrome de Gand.","sameAs":["https:\/\/www.facebook.com\/groups\/LesRoisDuPeloton","https:\/\/x.com\/https:\/\/twitter.com\/LRoisDuPeloton"],"url":"https:\/\/dicodusport.fr\/blog\/author\/emiliend\/"}]}},"_links":{"self":[{"href":"https:\/\/dicodusport.fr\/blog\/wp-json\/wp\/v2\/posts\/201450","targetHints":{"allow":["GET"]}}],"collection":[{"href":"https:\/\/dicodusport.fr\/blog\/wp-json\/wp\/v2\/posts"}],"about":[{"href":"https:\/\/dicodusport.fr\/blog\/wp-json\/wp\/v2\/types\/post"}],"author":[{"embeddable":true,"href":"https:\/\/dicodusport.fr\/blog\/wp-json\/wp\/v2\/users\/48"}],"replies":[{"embeddable":true,"href":"https:\/\/dicodusport.fr\/blog\/wp-json\/wp\/v2\/comments?post=201450"}],"version-history":[{"count":0,"href":"https:\/\/dicodusport.fr\/blog\/wp-json\/wp\/v2\/posts\/201450\/revisions"}],"wp:featuredmedia":[{"embeddable":true,"href":"https:\/\/dicodusport.fr\/blog\/wp-json\/wp\/v2\/media\/201656"}],"wp:attachment":[{"href":"https:\/\/dicodusport.fr\/blog\/wp-json\/wp\/v2\/media?parent=201450"}],"wp:term":[{"taxonomy":"category","embeddable":true,"href":"https:\/\/dicodusport.fr\/blog\/wp-json\/wp\/v2\/categories?post=201450"},{"taxonomy":"post_tag","embeddable":true,"href":"https:\/\/dicodusport.fr\/blog\/wp-json\/wp\/v2\/tags?post=201450"}],"curies":[{"name":"wp","href":"https:\/\/api.w.org\/{rel}","templated":true}]}}