{"id":201527,"date":"2022-02-18T13:47:54","date_gmt":"2022-02-18T12:47:54","guid":{"rendered":"https:\/\/dicodusport.fr\/blog\/?p=201527&#038;preview=true&#038;preview_id=201527"},"modified":"2022-02-18T13:47:54","modified_gmt":"2022-02-18T12:47:54","slug":"fin-de-saison-pour-emilien-jacquelin","status":"publish","type":"post","link":"https:\/\/dicodusport.fr\/blog\/fin-de-saison-pour-emilien-jacquelin\/","title":{"rendered":"Fin de saison pour \u00c9milien Jacquelin ?"},"content":{"rendered":"<p style=\"text-align: justify;\"><strong><em>JO P\u00c9KIN 2022 &#8211; BIATHLON &#8211; <a href=\"https:\/\/dicodusport.fr\/blog\/jo-pekin-2022-biathlon-johannes-boe-en-or-sur-mass-start-fillon-maillet-4eme\/\">Seulement 22\u00e8me de la mass start vendredi<\/a>, \u00c9milien Jacquelin pense mettre un terme \u00e0 sa saison apr\u00e8s les Jeux Olympiques de P\u00e9kin.<\/em><\/strong><\/p>\n<p style=\"text-align: justify;\">Rien n&rsquo;est encore act\u00e9. Mais \u00e0 chaud, <strong>\u00c9milien Jacquelin<\/strong> a sembl\u00e9 \u00e0 bout, tant mentalement que physiquement. Des Jeux Olympiques d\u00e9cevants en individuel, mais avec deux m\u00e9dailles en relais pour le double champion du monde de la poursuite, qui s&rsquo;est confi\u00e9 au micro d&rsquo;<em>Eurosport<\/em> apr\u00e8s la course.<\/p>\n<blockquote>\n<p style=\"text-align: justify;\">\u00c7a met fin au calvaire des JO. J&rsquo;ai vraiment pass\u00e9 quinze jours compliqu\u00e9s, avec quelques rayons de soleil, les deux m\u00e9dailles en relais, mais je suis content de rentrer. Je vais descendre dans le sud, me louer une maison et faire du v\u00e9lo, me changer les id\u00e9es, loin du biathlon et du froid. J&rsquo;ai besoin de souffler, je suis fier d&rsquo;avoir donn\u00e9 mon maximum \u00e0 chaque fois mais parfois, la volont\u00e9, \u00e7a ne suffit pas.<\/p>\n<p style=\"text-align: justify;\">Je me sens cram\u00e9 autant physiquement que mentalement, c&rsquo;est comme \u00e7a. Poursuivre ma saison ? J&rsquo;ai mis beaucoup d&rsquo;\u00e9nergie pour revenir, le corps et l&rsquo;esprit vous font comprendre qu&rsquo;il faut parfois ralentir la cadence. Je n&rsquo;ai pas envie que la fin de la saison soit un supplice.<\/p>\n<\/blockquote>\n<p style=\"text-align: justify;\">Troisi\u00e8me du classement g\u00e9n\u00e9ral de la Coupe du monde, <strong>\u00c9milien Jacquelin<\/strong> semble payer sa fracture du bras en pr\u00e9-saison, qui l&rsquo;a priv\u00e9 d&rsquo;une partie de la pr\u00e9paration physique. Un manque de foncier et de caisse, pr\u00e9judiciable en cette fin de saison.<\/p>\n<blockquote class=\"twitter-tweet\">\n<p dir=\"ltr\" lang=\"fr\">Emilien Jacquelin s&rsquo;interroge pour la suite<br \/>\n&#x1f62e;&#x1f62e;&#x1f62e;&#x1f1eb;&#x1f1f7;<br \/>\nAu bout du rouleau mentalement et physiquement, le biathl\u00e8te Dauphinois, tr\u00e8s d\u00e9\u00e7u apr\u00e8s ces JO, n&rsquo;est pas certain de continuer sa saison&#8230;<a href=\"https:\/\/t.co\/ZFRJegM12c\">https:\/\/t.co\/ZFRJegM12c<\/a> <a href=\"https:\/\/t.co\/KnpCrAyb8l\">pic.twitter.com\/KnpCrAyb8l<\/a><\/p>\n<p>\u2014 Ski &#8211; Biathlon &#8211; Sports Infos (@SkiNordique_net) <a href=\"https:\/\/twitter.com\/SkiNordique_net\/status\/1494634475292135426?ref_src=twsrc%5Etfw\">February 18, 2022<\/a><\/p><\/blockquote>\n<p><script async src=\"https:\/\/platform.twitter.com\/widgets.js\" charset=\"utf-8\"><\/script><\/p>\n<p>&nbsp;<\/p>\n","protected":false},"excerpt":{"rendered":"<p>JO P\u00c9KIN 2022 &#8211; BIATHLON &#8211; Seulement 22\u00e8me de la mass start vendredi, \u00c9milien Jacquelin pense \u00e0 mettre un terme \u00e0 sa saison apr\u00e8s le sJeux Olympiques de P\u00e9kin.<\/p>\n","protected":false},"author":1,"featured_media":201532,"comment_status":"open","ping_status":"closed","sticky":false,"template":"","format":"standard","meta":{"_acf_changed":false,"_daextam_enable_autolinks":"","footnotes":""},"categories":[2426,20104],"tags":[2427,2692,21641],"class_list":["post-201527","post","type-post","status-publish","format-standard","has-post-thumbnail","hentry","category-biathlon","category-jo-hiver-pekin-2022","tag-biathlon","tag-emilien-jacquelin","tag-jeux-olympiques-de-pekin"],"acf":[],"yoast_head":"<!-- This site is optimized with the Yoast SEO Premium plugin v26.7 (Yoast SEO v26.7) - https:\/\/yoast.com\/wordpress\/plugins\/seo\/ -->\n<title>Fin de saison pour \u00c9milien Jacquelin ?<\/title>\n<meta name=\"description\" content=\"JO P\u00c9KIN 2022 - BIATHLON - Seulement 22\u00e8me de la mass start vendredi, \u00c9milien Jacquelin pense \u00e0 mettre un terme \u00e0 sa saison apr\u00e8s le sJeux Olympiques de P\u00e9kin.\" \/>\n<meta name=\"robots\" content=\"index, follow, max-snippet:-1, max-image-preview:large, max-video-preview:-1\" \/>\n<link rel=\"canonical\" href=\"https:\/\/dicodusport.fr\/blog\/fin-de-saison-pour-emilien-jacquelin\/\" \/>\n<meta property=\"og:locale\" content=\"fr_FR\" \/>\n<meta property=\"og:type\" content=\"article\" \/>\n<meta property=\"og:title\" content=\"Fin de saison pour \u00c9milien Jacquelin ?\" \/>\n<meta property=\"og:description\" content=\"JO P\u00c9KIN 2022 - BIATHLON - Seulement 22\u00e8me de la mass start vendredi, \u00c9milien Jacquelin pense \u00e0 mettre un terme \u00e0 sa saison apr\u00e8s le sJeux Olympiques de P\u00e9kin.\" \/>\n<meta property=\"og:url\" content=\"https:\/\/dicodusport.fr\/blog\/fin-de-saison-pour-emilien-jacquelin\/\" \/>\n<meta property=\"og:site_name\" content=\"Dicodusport\" \/>\n<meta property=\"article:publisher\" content=\"https:\/\/www.facebook.com\/dicodusport\" \/>\n<meta property=\"article:author\" content=\"https:\/\/www.facebook.com\/dicodusport\" \/>\n<meta property=\"article:published_time\" content=\"2022-02-18T12:47:54+00:00\" \/>\n<meta property=\"og:image\" content=\"https:\/\/dicodusport.fr\/blog\/wp-content\/uploads\/2022\/02\/Fin-de-saison-pour-E\u0301milien-Jacquelin-.png\" \/>\n\t<meta property=\"og:image:width\" content=\"800\" \/>\n\t<meta property=\"og:image:height\" content=\"445\" \/>\n\t<meta property=\"og:image:type\" content=\"image\/png\" \/>\n<meta name=\"author\" content=\"Nicolas Jacquemard\" \/>\n<meta name=\"twitter:card\" content=\"summary_large_image\" \/>\n<meta name=\"twitter:title\" content=\"Fin de saison pour \u00c9milien Jacquelin ?\" \/>\n<meta name=\"twitter:creator\" content=\"@https:\/\/twitter.com\/Nico_Jacquemard\" \/>\n<meta name=\"twitter:site\" content=\"@dicodusport\" \/>\n<script type=\"application\/ld+json\" class=\"yoast-schema-graph\">{\"@context\":\"https:\/\/schema.org\",\"@graph\":[{\"@type\":\"NewsArticle\",\"@id\":\"https:\/\/dicodusport.fr\/blog\/fin-de-saison-pour-emilien-jacquelin\/#article\",\"isPartOf\":{\"@id\":\"https:\/\/dicodusport.fr\/blog\/fin-de-saison-pour-emilien-jacquelin\/\"},\"author\":{\"name\":\"Nicolas Jacquemard\",\"@id\":\"https:\/\/dicodusport.fr\/blog\/#\/schema\/person\/55dcb50ad410894e431ed812bbb70191\"},\"headline\":\"Fin de saison pour \u00c9milien Jacquelin ?\",\"datePublished\":\"2022-02-18T12:47:54+00:00\",\"mainEntityOfPage\":{\"@id\":\"https:\/\/dicodusport.fr\/blog\/fin-de-saison-pour-emilien-jacquelin\/\"},\"wordCount\":337,\"commentCount\":0,\"publisher\":{\"@id\":\"https:\/\/dicodusport.fr\/blog\/#organization\"},\"image\":{\"@id\":\"https:\/\/dicodusport.fr\/blog\/fin-de-saison-pour-emilien-jacquelin\/#primaryimage\"},\"thumbnailUrl\":\"https:\/\/dicodusport.fr\/blog\/wp-content\/uploads\/2022\/02\/Fin-de-saison-pour-E\u0301milien-Jacquelin-.png\",\"keywords\":[\"Biathlon\",\"Emilien Jacquelin\",\"Jeux Olympiques de P\u00e9kin\"],\"articleSection\":[\"Biathlon\",\"JO d'hiver P\u00e9kin 2022\"],\"inLanguage\":\"fr-FR\",\"potentialAction\":[{\"@type\":\"CommentAction\",\"name\":\"Comment\",\"target\":[\"https:\/\/dicodusport.fr\/blog\/fin-de-saison-pour-emilien-jacquelin\/#respond\"]}],\"copyrightYear\":\"2022\",\"copyrightHolder\":{\"@id\":\"https:\/\/dicodusport.fr\/blog\/#organization\"}},{\"@type\":\"WebPage\",\"@id\":\"https:\/\/dicodusport.fr\/blog\/fin-de-saison-pour-emilien-jacquelin\/\",\"url\":\"https:\/\/dicodusport.fr\/blog\/fin-de-saison-pour-emilien-jacquelin\/\",\"name\":\"Fin de saison pour \u00c9milien Jacquelin ?\",\"isPartOf\":{\"@id\":\"https:\/\/dicodusport.fr\/blog\/#website\"},\"primaryImageOfPage\":{\"@id\":\"https:\/\/dicodusport.fr\/blog\/fin-de-saison-pour-emilien-jacquelin\/#primaryimage\"},\"image\":{\"@id\":\"https:\/\/dicodusport.fr\/blog\/fin-de-saison-pour-emilien-jacquelin\/#primaryimage\"},\"thumbnailUrl\":\"https:\/\/dicodusport.fr\/blog\/wp-content\/uploads\/2022\/02\/Fin-de-saison-pour-E\u0301milien-Jacquelin-.png\",\"datePublished\":\"2022-02-18T12:47:54+00:00\",\"description\":\"JO P\u00c9KIN 2022 - BIATHLON - Seulement 22\u00e8me de la mass start vendredi, \u00c9milien Jacquelin pense \u00e0 mettre un terme \u00e0 sa saison apr\u00e8s le sJeux Olympiques de P\u00e9kin.\",\"breadcrumb\":{\"@id\":\"https:\/\/dicodusport.fr\/blog\/fin-de-saison-pour-emilien-jacquelin\/#breadcrumb\"},\"inLanguage\":\"fr-FR\",\"potentialAction\":[{\"@type\":\"ReadAction\",\"target\":[\"https:\/\/dicodusport.fr\/blog\/fin-de-saison-pour-emilien-jacquelin\/\"]}]},{\"@type\":\"ImageObject\",\"inLanguage\":\"fr-FR\",\"@id\":\"https:\/\/dicodusport.fr\/blog\/fin-de-saison-pour-emilien-jacquelin\/#primaryimage\",\"url\":\"https:\/\/dicodusport.fr\/blog\/wp-content\/uploads\/2022\/02\/Fin-de-saison-pour-E\u0301milien-Jacquelin-.png\",\"contentUrl\":\"https:\/\/dicodusport.fr\/blog\/wp-content\/uploads\/2022\/02\/Fin-de-saison-pour-E\u0301milien-Jacquelin-.png\",\"width\":800,\"height\":445},{\"@type\":\"BreadcrumbList\",\"@id\":\"https:\/\/dicodusport.fr\/blog\/fin-de-saison-pour-emilien-jacquelin\/#breadcrumb\",\"itemListElement\":[{\"@type\":\"ListItem\",\"position\":1,\"name\":\"Accueil\",\"item\":\"https:\/\/dicodusport.fr\/blog\/\"},{\"@type\":\"ListItem\",\"position\":2,\"name\":\"Fin de saison pour \u00c9milien Jacquelin ?\"}]},{\"@type\":\"WebSite\",\"@id\":\"https:\/\/dicodusport.fr\/blog\/#website\",\"url\":\"https:\/\/dicodusport.fr\/blog\/\",\"name\":\"Dicodusport\",\"description\":\"L&#039;encyclop\u00e9die de l&#039;actualit\u00e9 sportive\",\"publisher\":{\"@id\":\"https:\/\/dicodusport.fr\/blog\/#organization\"},\"potentialAction\":[{\"@type\":\"SearchAction\",\"target\":{\"@type\":\"EntryPoint\",\"urlTemplate\":\"https:\/\/dicodusport.fr\/blog\/?s={search_term_string}\"},\"query-input\":{\"@type\":\"PropertyValueSpecification\",\"valueRequired\":true,\"valueName\":\"search_term_string\"}}],\"inLanguage\":\"fr-FR\"},{\"@type\":\"NewsMediaOrganization\",\"@id\":\"https:\/\/dicodusport.fr\/blog\/#organization\",\"name\":\"Dicodusport\",\"url\":\"https:\/\/dicodusport.fr\/blog\/\",\"logo\":{\"@type\":\"ImageObject\",\"inLanguage\":\"fr-FR\",\"@id\":\"https:\/\/dicodusport.fr\/blog\/#\/schema\/logo\/image\/\",\"url\":\"https:\/\/dicodusport.fr\/blog\/wp-content\/uploads\/2020\/06\/cropped-LOGO-DICODUSPORT-2020-SANS-FOND-SANS-TEXTE.png\",\"contentUrl\":\"https:\/\/dicodusport.fr\/blog\/wp-content\/uploads\/2020\/06\/cropped-LOGO-DICODUSPORT-2020-SANS-FOND-SANS-TEXTE.png\",\"width\":512,\"height\":512,\"caption\":\"Dicodusport\"},\"image\":{\"@id\":\"https:\/\/dicodusport.fr\/blog\/#\/schema\/logo\/image\/\"},\"sameAs\":[\"https:\/\/www.facebook.com\/dicodusport\",\"https:\/\/x.com\/dicodusport\",\"https:\/\/www.instagram.com\/dicodusport\/\",\"https:\/\/www.youtube.com\/channel\/UC7V2KZ5sd3htJivAbA4ZG3w\"],\"description\":\"Dicodusport est l'encyclop\u00e9die de l'actualit\u00e9 sportive.\",\"email\":\"bonjour@dicodusport.fr\",\"legalName\":\"DICODUSPORT\",\"foundingDate\":\"2018-01-14\",\"vatID\":\"FR71834470973\",\"taxID\":\"83447097300043\",\"numberOfEmployees\":{\"@type\":\"QuantitativeValue\",\"minValue\":\"1\",\"maxValue\":\"10\"}},{\"@type\":\"Person\",\"@id\":\"https:\/\/dicodusport.fr\/blog\/#\/schema\/person\/55dcb50ad410894e431ed812bbb70191\",\"name\":\"Nicolas Jacquemard\",\"image\":{\"@type\":\"ImageObject\",\"inLanguage\":\"fr-FR\",\"@id\":\"https:\/\/dicodusport.fr\/blog\/#\/schema\/person\/image\/\",\"url\":\"https:\/\/dicodusport.fr\/blog\/wp-content\/uploads\/2021\/05\/Nicolas-Jacquemard-150x150.jpeg\",\"contentUrl\":\"https:\/\/dicodusport.fr\/blog\/wp-content\/uploads\/2021\/05\/Nicolas-Jacquemard-150x150.jpeg\",\"caption\":\"Nicolas Jacquemard\"},\"description\":\"Passionn\u00e9 de sport et entrepreneur depuis mes 18 ans, la cr\u00e9ation de Dicodusport m'a sembl\u00e9 \u00e9vidente pour participer \u00e0 la m\u00e9diatisation d'un plus grand nombre de sports. Le chemin est long mais avec une \u00e9quipe des plus motiv\u00e9es et les Jeux Olympiques de Paris 2024 en point de mire, nous y arriverons ! Journaliste dans le monde du sport depuis plus de 5 ans, je traite aussi bien de football, de rugby, de biathlon que de cyclisme.\",\"sameAs\":[\"https:\/\/www.facebook.com\/dicodusport\",\"https:\/\/x.com\/https:\/\/twitter.com\/Nico_Jacquemard\"],\"url\":\"https:\/\/dicodusport.fr\/blog\/author\/dicodusport\/\"}]}<\/script>\n<!-- \/ Yoast SEO Premium plugin. -->","yoast_head_json":{"title":"Fin de saison pour \u00c9milien Jacquelin ?","description":"JO P\u00c9KIN 2022 - BIATHLON - Seulement 22\u00e8me de la mass start vendredi, \u00c9milien Jacquelin pense \u00e0 mettre un terme \u00e0 sa saison apr\u00e8s le sJeux Olympiques de P\u00e9kin.","robots":{"index":"index","follow":"follow","max-snippet":"max-snippet:-1","max-image-preview":"max-image-preview:large","max-video-preview":"max-video-preview:-1"},"canonical":"https:\/\/dicodusport.fr\/blog\/fin-de-saison-pour-emilien-jacquelin\/","og_locale":"fr_FR","og_type":"article","og_title":"Fin de saison pour \u00c9milien Jacquelin ?","og_description":"JO P\u00c9KIN 2022 - BIATHLON - Seulement 22\u00e8me de la mass start vendredi, \u00c9milien Jacquelin pense \u00e0 mettre un terme \u00e0 sa saison apr\u00e8s le sJeux Olympiques de P\u00e9kin.","og_url":"https:\/\/dicodusport.fr\/blog\/fin-de-saison-pour-emilien-jacquelin\/","og_site_name":"Dicodusport","article_publisher":"https:\/\/www.facebook.com\/dicodusport","article_author":"https:\/\/www.facebook.com\/dicodusport","article_published_time":"2022-02-18T12:47:54+00:00","og_image":[{"width":800,"height":445,"url":"https:\/\/dicodusport.fr\/blog\/wp-content\/uploads\/2022\/02\/Fin-de-saison-pour-E\u0301milien-Jacquelin-.png","type":"image\/png"}],"author":"Nicolas Jacquemard","twitter_card":"summary_large_image","twitter_title":"Fin de saison pour \u00c9milien Jacquelin ?","twitter_creator":"@https:\/\/twitter.com\/Nico_Jacquemard","twitter_site":"@dicodusport","schema":{"@context":"https:\/\/schema.org","@graph":[{"@type":"NewsArticle","@id":"https:\/\/dicodusport.fr\/blog\/fin-de-saison-pour-emilien-jacquelin\/#article","isPartOf":{"@id":"https:\/\/dicodusport.fr\/blog\/fin-de-saison-pour-emilien-jacquelin\/"},"author":{"name":"Nicolas Jacquemard","@id":"https:\/\/dicodusport.fr\/blog\/#\/schema\/person\/55dcb50ad410894e431ed812bbb70191"},"headline":"Fin de saison pour \u00c9milien Jacquelin ?","datePublished":"2022-02-18T12:47:54+00:00","mainEntityOfPage":{"@id":"https:\/\/dicodusport.fr\/blog\/fin-de-saison-pour-emilien-jacquelin\/"},"wordCount":337,"commentCount":0,"publisher":{"@id":"https:\/\/dicodusport.fr\/blog\/#organization"},"image":{"@id":"https:\/\/dicodusport.fr\/blog\/fin-de-saison-pour-emilien-jacquelin\/#primaryimage"},"thumbnailUrl":"https:\/\/dicodusport.fr\/blog\/wp-content\/uploads\/2022\/02\/Fin-de-saison-pour-E\u0301milien-Jacquelin-.png","keywords":["Biathlon","Emilien Jacquelin","Jeux Olympiques de P\u00e9kin"],"articleSection":["Biathlon","JO d'hiver P\u00e9kin 2022"],"inLanguage":"fr-FR","potentialAction":[{"@type":"CommentAction","name":"Comment","target":["https:\/\/dicodusport.fr\/blog\/fin-de-saison-pour-emilien-jacquelin\/#respond"]}],"copyrightYear":"2022","copyrightHolder":{"@id":"https:\/\/dicodusport.fr\/blog\/#organization"}},{"@type":"WebPage","@id":"https:\/\/dicodusport.fr\/blog\/fin-de-saison-pour-emilien-jacquelin\/","url":"https:\/\/dicodusport.fr\/blog\/fin-de-saison-pour-emilien-jacquelin\/","name":"Fin de saison pour \u00c9milien Jacquelin ?","isPartOf":{"@id":"https:\/\/dicodusport.fr\/blog\/#website"},"primaryImageOfPage":{"@id":"https:\/\/dicodusport.fr\/blog\/fin-de-saison-pour-emilien-jacquelin\/#primaryimage"},"image":{"@id":"https:\/\/dicodusport.fr\/blog\/fin-de-saison-pour-emilien-jacquelin\/#primaryimage"},"thumbnailUrl":"https:\/\/dicodusport.fr\/blog\/wp-content\/uploads\/2022\/02\/Fin-de-saison-pour-E\u0301milien-Jacquelin-.png","datePublished":"2022-02-18T12:47:54+00:00","description":"JO P\u00c9KIN 2022 - BIATHLON - Seulement 22\u00e8me de la mass start vendredi, \u00c9milien Jacquelin pense \u00e0 mettre un terme \u00e0 sa saison apr\u00e8s le sJeux Olympiques de P\u00e9kin.","breadcrumb":{"@id":"https:\/\/dicodusport.fr\/blog\/fin-de-saison-pour-emilien-jacquelin\/#breadcrumb"},"inLanguage":"fr-FR","potentialAction":[{"@type":"ReadAction","target":["https:\/\/dicodusport.fr\/blog\/fin-de-saison-pour-emilien-jacquelin\/"]}]},{"@type":"ImageObject","inLanguage":"fr-FR","@id":"https:\/\/dicodusport.fr\/blog\/fin-de-saison-pour-emilien-jacquelin\/#primaryimage","url":"https:\/\/dicodusport.fr\/blog\/wp-content\/uploads\/2022\/02\/Fin-de-saison-pour-E\u0301milien-Jacquelin-.png","contentUrl":"https:\/\/dicodusport.fr\/blog\/wp-content\/uploads\/2022\/02\/Fin-de-saison-pour-E\u0301milien-Jacquelin-.png","width":800,"height":445},{"@type":"BreadcrumbList","@id":"https:\/\/dicodusport.fr\/blog\/fin-de-saison-pour-emilien-jacquelin\/#breadcrumb","itemListElement":[{"@type":"ListItem","position":1,"name":"Accueil","item":"https:\/\/dicodusport.fr\/blog\/"},{"@type":"ListItem","position":2,"name":"Fin de saison pour \u00c9milien Jacquelin ?"}]},{"@type":"WebSite","@id":"https:\/\/dicodusport.fr\/blog\/#website","url":"https:\/\/dicodusport.fr\/blog\/","name":"Dicodusport","description":"L&#039;encyclop\u00e9die de l&#039;actualit\u00e9 sportive","publisher":{"@id":"https:\/\/dicodusport.fr\/blog\/#organization"},"potentialAction":[{"@type":"SearchAction","target":{"@type":"EntryPoint","urlTemplate":"https:\/\/dicodusport.fr\/blog\/?s={search_term_string}"},"query-input":{"@type":"PropertyValueSpecification","valueRequired":true,"valueName":"search_term_string"}}],"inLanguage":"fr-FR"},{"@type":"NewsMediaOrganization","@id":"https:\/\/dicodusport.fr\/blog\/#organization","name":"Dicodusport","url":"https:\/\/dicodusport.fr\/blog\/","logo":{"@type":"ImageObject","inLanguage":"fr-FR","@id":"https:\/\/dicodusport.fr\/blog\/#\/schema\/logo\/image\/","url":"https:\/\/dicodusport.fr\/blog\/wp-content\/uploads\/2020\/06\/cropped-LOGO-DICODUSPORT-2020-SANS-FOND-SANS-TEXTE.png","contentUrl":"https:\/\/dicodusport.fr\/blog\/wp-content\/uploads\/2020\/06\/cropped-LOGO-DICODUSPORT-2020-SANS-FOND-SANS-TEXTE.png","width":512,"height":512,"caption":"Dicodusport"},"image":{"@id":"https:\/\/dicodusport.fr\/blog\/#\/schema\/logo\/image\/"},"sameAs":["https:\/\/www.facebook.com\/dicodusport","https:\/\/x.com\/dicodusport","https:\/\/www.instagram.com\/dicodusport\/","https:\/\/www.youtube.com\/channel\/UC7V2KZ5sd3htJivAbA4ZG3w"],"description":"Dicodusport est l'encyclop\u00e9die de l'actualit\u00e9 sportive.","email":"bonjour@dicodusport.fr","legalName":"DICODUSPORT","foundingDate":"2018-01-14","vatID":"FR71834470973","taxID":"83447097300043","numberOfEmployees":{"@type":"QuantitativeValue","minValue":"1","maxValue":"10"}},{"@type":"Person","@id":"https:\/\/dicodusport.fr\/blog\/#\/schema\/person\/55dcb50ad410894e431ed812bbb70191","name":"Nicolas Jacquemard","image":{"@type":"ImageObject","inLanguage":"fr-FR","@id":"https:\/\/dicodusport.fr\/blog\/#\/schema\/person\/image\/","url":"https:\/\/dicodusport.fr\/blog\/wp-content\/uploads\/2021\/05\/Nicolas-Jacquemard-150x150.jpeg","contentUrl":"https:\/\/dicodusport.fr\/blog\/wp-content\/uploads\/2021\/05\/Nicolas-Jacquemard-150x150.jpeg","caption":"Nicolas Jacquemard"},"description":"Passionn\u00e9 de sport et entrepreneur depuis mes 18 ans, la cr\u00e9ation de Dicodusport m'a sembl\u00e9 \u00e9vidente pour participer \u00e0 la m\u00e9diatisation d'un plus grand nombre de sports. Le chemin est long mais avec une \u00e9quipe des plus motiv\u00e9es et les Jeux Olympiques de Paris 2024 en point de mire, nous y arriverons ! Journaliste dans le monde du sport depuis plus de 5 ans, je traite aussi bien de football, de rugby, de biathlon que de cyclisme.","sameAs":["https:\/\/www.facebook.com\/dicodusport","https:\/\/x.com\/https:\/\/twitter.com\/Nico_Jacquemard"],"url":"https:\/\/dicodusport.fr\/blog\/author\/dicodusport\/"}]}},"_links":{"self":[{"href":"https:\/\/dicodusport.fr\/blog\/wp-json\/wp\/v2\/posts\/201527","targetHints":{"allow":["GET"]}}],"collection":[{"href":"https:\/\/dicodusport.fr\/blog\/wp-json\/wp\/v2\/posts"}],"about":[{"href":"https:\/\/dicodusport.fr\/blog\/wp-json\/wp\/v2\/types\/post"}],"author":[{"embeddable":true,"href":"https:\/\/dicodusport.fr\/blog\/wp-json\/wp\/v2\/users\/1"}],"replies":[{"embeddable":true,"href":"https:\/\/dicodusport.fr\/blog\/wp-json\/wp\/v2\/comments?post=201527"}],"version-history":[{"count":0,"href":"https:\/\/dicodusport.fr\/blog\/wp-json\/wp\/v2\/posts\/201527\/revisions"}],"wp:featuredmedia":[{"embeddable":true,"href":"https:\/\/dicodusport.fr\/blog\/wp-json\/wp\/v2\/media\/201532"}],"wp:attachment":[{"href":"https:\/\/dicodusport.fr\/blog\/wp-json\/wp\/v2\/media?parent=201527"}],"wp:term":[{"taxonomy":"category","embeddable":true,"href":"https:\/\/dicodusport.fr\/blog\/wp-json\/wp\/v2\/categories?post=201527"},{"taxonomy":"post_tag","embeddable":true,"href":"https:\/\/dicodusport.fr\/blog\/wp-json\/wp\/v2\/tags?post=201527"}],"curies":[{"name":"wp","href":"https:\/\/api.w.org\/{rel}","templated":true}]}}