{"id":201535,"date":"2022-02-18T14:01:44","date_gmt":"2022-02-18T13:01:44","guid":{"rendered":"https:\/\/dicodusport.fr\/blog\/?p=201535&#038;preview=true&#038;preview_id=201535"},"modified":"2022-02-18T18:27:24","modified_gmt":"2022-02-18T17:27:24","slug":"marte-olsbu-roeiseland-et-tiril-eckhoff-vers-une-retraite-en-fin-de-saison","status":"publish","type":"post","link":"https:\/\/dicodusport.fr\/blog\/marte-olsbu-roeiseland-et-tiril-eckhoff-vers-une-retraite-en-fin-de-saison\/","title":{"rendered":"Marte Olsbu Roeiseland et Tiril Eckhoff vers une retraite en fin de saison ?"},"content":{"rendered":"<p style=\"text-align: justify;\"><strong><em>JO P\u00c9KIN 2022 &#8211; BIATHLON &#8211; Les deux meilleures biathl\u00e8tes norv\u00e9giennes, Marte Olsbu Roeiseland et Tiril Eckhoff, ont laiss\u00e9 planer le doute sur la suite de leur carri\u00e8re, apr\u00e8s <a href=\"https:\/\/dicodusport.fr\/blog\/jo-pekin-2022-biathlon-justine-braisaz-bouchet-est-championne-olympique-de-la-mass-start\/\">la mass start remport\u00e9e par Justine Braisaz-Bouchet<\/a>.\u00a0<\/em><\/strong><\/p>\n<p style=\"text-align: justify;\">Rien n&rsquo;est encore act\u00e9. Si bien que lors de la reprise de la Coupe du monde en novembre prochain, <strong>Marte Olsbu Roeiseland<\/strong> et <strong>Tiril Eckhoff<\/strong> pourraient encore \u00eatre l\u00e0. Mais il est aussi possible qu&rsquo;une seule des deux, ou aucune, ne soit pr\u00e9sente<\/p>\n<p style=\"text-align: justify;\"><strong>Marte Olsbu Roeiseland<\/strong>, qui termine ses Jeux Olympiques avec cinq m\u00e9dailles dont trois en or, s&rsquo;est exprim\u00e9e aupr\u00e8s des m\u00e9dias norv\u00e9giens.<\/p>\n<blockquote>\n<p style=\"text-align: justify;\">Pour le moment je ne suis pas certaine de continuer. Le biathlon est incroyablement amusant, j&rsquo;aurais aim\u00e9 \u00eatre beaucoup plus jeune. Maintenant je vais profiter un peu puis me concentrer sur la coupe du monde. On verra en mars et apr\u00e8s je d\u00e9ciderai.<\/p>\n<\/blockquote>\n<p style=\"text-align: justify;\">De son c\u00f4t\u00e9, <strong>Tiril Eckhoff<\/strong>, triple m\u00e9daill\u00e9e \u00e0 P\u00e9kin pour un total de huit m\u00e9dailles sur trois olympiades diff\u00e9rentes, est aussi tr\u00e8s incertaine pour la suite.<\/p>\n<blockquote>\n<p style=\"text-align: justify;\">Je ne sais pas encore, il est possible que j&rsquo;arr\u00eate. Je dois dig\u00e9rer les JO et voir ensuite en mars comment sera ma motivation.<\/p>\n<\/blockquote>\n<blockquote class=\"twitter-tweet\">\n<p dir=\"ltr\" lang=\"fr\">Fin de carri\u00e8re pour Marte Roeiseland et Tiril Eckhoff ?<br \/>\n&#x1f62e;&#x1f62e;&#x1f62e;&#x1f1f3;&#x1f1f4;<br \/>\nLes deux immenses stars du biathlon Norv\u00e9gien et mondial ont d\u00e9clar\u00e9, apr\u00e8s le mass-start olympique, se poser la question de leur avenir en coupe du monde&#8230;<a href=\"https:\/\/t.co\/IRDPUjy04L\">https:\/\/t.co\/IRDPUjy04L<\/a> <a href=\"https:\/\/t.co\/vGu4BsSlKC\">pic.twitter.com\/vGu4BsSlKC<\/a><\/p>\n<p>\u2014 Ski &#8211; Biathlon &#8211; Sports Infos (@SkiNordique_net) <a href=\"https:\/\/twitter.com\/SkiNordique_net\/status\/1494630386894266371?ref_src=twsrc%5Etfw\">February 18, 2022<\/a><\/p><\/blockquote>\n<p style=\"text-align: justify;\"><script async src=\"https:\/\/platform.twitter.com\/widgets.js\" charset=\"utf-8\"><\/script><\/p>\n","protected":false},"excerpt":{"rendered":"<p>JO P\u00c9KIN 2022 &#8211; BIATHLON &#8211; Les deux meilleures biathl\u00e8tes norv\u00e9giennes, Marte Olsbu Roeiseland et Tiril Eckhoff, ont laiss\u00e9 planer le doute sur la suite de leur carri\u00e8re, apr\u00e8s la mass start remport\u00e9e par Justine Braisaz-Bouchet.\u00a0<\/p>\n","protected":false},"author":1,"featured_media":201539,"comment_status":"open","ping_status":"closed","sticky":false,"template":"","format":"standard","meta":{"_acf_changed":false,"_daextam_enable_autolinks":"","footnotes":""},"categories":[2426,20104],"tags":[21641,7260,1345,7214],"class_list":["post-201535","post","type-post","status-publish","format-standard","has-post-thumbnail","hentry","category-biathlon","category-jo-hiver-pekin-2022","tag-jeux-olympiques-de-pekin","tag-marte-olsbu-roeiseland","tag-norvege","tag-tiril-eckhoff"],"acf":[],"yoast_head":"<!-- This site is optimized with the Yoast SEO Premium plugin v26.7 (Yoast SEO v26.7) - https:\/\/yoast.com\/wordpress\/plugins\/seo\/ -->\n<title>Marte Olsbu Roeiseland et Tiril Eckhoff vers une retraite en fin de saison ?<\/title>\n<meta name=\"description\" content=\"BIATHLON - Les deux meilleures biathl\u00e8tes norv\u00e9giennes, Marte Olsbu Roeiseland et Tiril Eckhoff, laissent planer le doute sur leur avenir.\" \/>\n<meta name=\"robots\" content=\"index, follow, max-snippet:-1, max-image-preview:large, max-video-preview:-1\" \/>\n<link rel=\"canonical\" href=\"https:\/\/dicodusport.fr\/blog\/marte-olsbu-roeiseland-et-tiril-eckhoff-vers-une-retraite-en-fin-de-saison\/\" \/>\n<meta property=\"og:locale\" content=\"fr_FR\" \/>\n<meta property=\"og:type\" content=\"article\" \/>\n<meta property=\"og:title\" content=\"Marte Olsbu Roeiseland et Tiril Eckhoff vers une retraite en fin de saison ?\" \/>\n<meta property=\"og:description\" content=\"BIATHLON - Les deux meilleures biathl\u00e8tes norv\u00e9giennes, Marte Olsbu Roeiseland et Tiril Eckhoff, laissent planer le doute sur leur avenir.\" \/>\n<meta property=\"og:url\" content=\"https:\/\/dicodusport.fr\/blog\/marte-olsbu-roeiseland-et-tiril-eckhoff-vers-une-retraite-en-fin-de-saison\/\" \/>\n<meta property=\"og:site_name\" content=\"Dicodusport\" \/>\n<meta property=\"article:publisher\" content=\"https:\/\/www.facebook.com\/dicodusport\" \/>\n<meta property=\"article:author\" content=\"https:\/\/www.facebook.com\/dicodusport\" \/>\n<meta property=\"article:published_time\" content=\"2022-02-18T13:01:44+00:00\" \/>\n<meta property=\"article:modified_time\" content=\"2022-02-18T17:27:24+00:00\" \/>\n<meta property=\"og:image\" content=\"https:\/\/dicodusport.fr\/blog\/wp-content\/uploads\/2022\/02\/Marte-Roeiseland-et-Tiril-Eckhoff-envisagent-de-prendre-leur-retraite-a\u0300-la-fin-de-la-saison.png\" \/>\n\t<meta property=\"og:image:width\" content=\"800\" \/>\n\t<meta property=\"og:image:height\" content=\"445\" \/>\n\t<meta property=\"og:image:type\" content=\"image\/png\" \/>\n<meta name=\"author\" content=\"Nicolas Jacquemard\" \/>\n<meta name=\"twitter:card\" content=\"summary_large_image\" \/>\n<meta name=\"twitter:title\" content=\"Marte Olsbu Roeiseland et Tiril Eckhoff vers une retraite en fin de saison ?\" \/>\n<meta name=\"twitter:creator\" content=\"@https:\/\/twitter.com\/Nico_Jacquemard\" \/>\n<meta name=\"twitter:site\" content=\"@dicodusport\" \/>\n<script type=\"application\/ld+json\" class=\"yoast-schema-graph\">{\"@context\":\"https:\/\/schema.org\",\"@graph\":[{\"@type\":\"NewsArticle\",\"@id\":\"https:\/\/dicodusport.fr\/blog\/marte-olsbu-roeiseland-et-tiril-eckhoff-vers-une-retraite-en-fin-de-saison\/#article\",\"isPartOf\":{\"@id\":\"https:\/\/dicodusport.fr\/blog\/marte-olsbu-roeiseland-et-tiril-eckhoff-vers-une-retraite-en-fin-de-saison\/\"},\"author\":{\"name\":\"Nicolas Jacquemard\",\"@id\":\"https:\/\/dicodusport.fr\/blog\/#\/schema\/person\/55dcb50ad410894e431ed812bbb70191\"},\"headline\":\"Marte Olsbu Roeiseland et Tiril Eckhoff vers une retraite en fin de saison ?\",\"datePublished\":\"2022-02-18T13:01:44+00:00\",\"dateModified\":\"2022-02-18T17:27:24+00:00\",\"mainEntityOfPage\":{\"@id\":\"https:\/\/dicodusport.fr\/blog\/marte-olsbu-roeiseland-et-tiril-eckhoff-vers-une-retraite-en-fin-de-saison\/\"},\"wordCount\":305,\"commentCount\":0,\"publisher\":{\"@id\":\"https:\/\/dicodusport.fr\/blog\/#organization\"},\"image\":{\"@id\":\"https:\/\/dicodusport.fr\/blog\/marte-olsbu-roeiseland-et-tiril-eckhoff-vers-une-retraite-en-fin-de-saison\/#primaryimage\"},\"thumbnailUrl\":\"https:\/\/dicodusport.fr\/blog\/wp-content\/uploads\/2022\/02\/Marte-Roeiseland-et-Tiril-Eckhoff-envisagent-de-prendre-leur-retraite-a\u0300-la-fin-de-la-saison.png\",\"keywords\":[\"Jeux Olympiques de P\u00e9kin\",\"Marte Olsbu Roeiseland\",\"Norv\u00e8ge\",\"Tiril Eckhoff\"],\"articleSection\":[\"Biathlon\",\"JO d'hiver P\u00e9kin 2022\"],\"inLanguage\":\"fr-FR\",\"potentialAction\":[{\"@type\":\"CommentAction\",\"name\":\"Comment\",\"target\":[\"https:\/\/dicodusport.fr\/blog\/marte-olsbu-roeiseland-et-tiril-eckhoff-vers-une-retraite-en-fin-de-saison\/#respond\"]}],\"copyrightYear\":\"2022\",\"copyrightHolder\":{\"@id\":\"https:\/\/dicodusport.fr\/blog\/#organization\"}},{\"@type\":\"WebPage\",\"@id\":\"https:\/\/dicodusport.fr\/blog\/marte-olsbu-roeiseland-et-tiril-eckhoff-vers-une-retraite-en-fin-de-saison\/\",\"url\":\"https:\/\/dicodusport.fr\/blog\/marte-olsbu-roeiseland-et-tiril-eckhoff-vers-une-retraite-en-fin-de-saison\/\",\"name\":\"Marte Olsbu Roeiseland et Tiril Eckhoff vers une retraite en fin de saison ?\",\"isPartOf\":{\"@id\":\"https:\/\/dicodusport.fr\/blog\/#website\"},\"primaryImageOfPage\":{\"@id\":\"https:\/\/dicodusport.fr\/blog\/marte-olsbu-roeiseland-et-tiril-eckhoff-vers-une-retraite-en-fin-de-saison\/#primaryimage\"},\"image\":{\"@id\":\"https:\/\/dicodusport.fr\/blog\/marte-olsbu-roeiseland-et-tiril-eckhoff-vers-une-retraite-en-fin-de-saison\/#primaryimage\"},\"thumbnailUrl\":\"https:\/\/dicodusport.fr\/blog\/wp-content\/uploads\/2022\/02\/Marte-Roeiseland-et-Tiril-Eckhoff-envisagent-de-prendre-leur-retraite-a\u0300-la-fin-de-la-saison.png\",\"datePublished\":\"2022-02-18T13:01:44+00:00\",\"dateModified\":\"2022-02-18T17:27:24+00:00\",\"description\":\"BIATHLON - Les deux meilleures biathl\u00e8tes norv\u00e9giennes, Marte Olsbu Roeiseland et Tiril Eckhoff, laissent planer le doute sur leur avenir.\",\"breadcrumb\":{\"@id\":\"https:\/\/dicodusport.fr\/blog\/marte-olsbu-roeiseland-et-tiril-eckhoff-vers-une-retraite-en-fin-de-saison\/#breadcrumb\"},\"inLanguage\":\"fr-FR\",\"potentialAction\":[{\"@type\":\"ReadAction\",\"target\":[\"https:\/\/dicodusport.fr\/blog\/marte-olsbu-roeiseland-et-tiril-eckhoff-vers-une-retraite-en-fin-de-saison\/\"]}]},{\"@type\":\"ImageObject\",\"inLanguage\":\"fr-FR\",\"@id\":\"https:\/\/dicodusport.fr\/blog\/marte-olsbu-roeiseland-et-tiril-eckhoff-vers-une-retraite-en-fin-de-saison\/#primaryimage\",\"url\":\"https:\/\/dicodusport.fr\/blog\/wp-content\/uploads\/2022\/02\/Marte-Roeiseland-et-Tiril-Eckhoff-envisagent-de-prendre-leur-retraite-a\u0300-la-fin-de-la-saison.png\",\"contentUrl\":\"https:\/\/dicodusport.fr\/blog\/wp-content\/uploads\/2022\/02\/Marte-Roeiseland-et-Tiril-Eckhoff-envisagent-de-prendre-leur-retraite-a\u0300-la-fin-de-la-saison.png\",\"width\":800,\"height\":445},{\"@type\":\"BreadcrumbList\",\"@id\":\"https:\/\/dicodusport.fr\/blog\/marte-olsbu-roeiseland-et-tiril-eckhoff-vers-une-retraite-en-fin-de-saison\/#breadcrumb\",\"itemListElement\":[{\"@type\":\"ListItem\",\"position\":1,\"name\":\"Accueil\",\"item\":\"https:\/\/dicodusport.fr\/blog\/\"},{\"@type\":\"ListItem\",\"position\":2,\"name\":\"Marte Olsbu Roeiseland et Tiril Eckhoff vers une retraite en fin de saison ?\"}]},{\"@type\":\"WebSite\",\"@id\":\"https:\/\/dicodusport.fr\/blog\/#website\",\"url\":\"https:\/\/dicodusport.fr\/blog\/\",\"name\":\"Dicodusport\",\"description\":\"L&#039;encyclop\u00e9die de l&#039;actualit\u00e9 sportive\",\"publisher\":{\"@id\":\"https:\/\/dicodusport.fr\/blog\/#organization\"},\"potentialAction\":[{\"@type\":\"SearchAction\",\"target\":{\"@type\":\"EntryPoint\",\"urlTemplate\":\"https:\/\/dicodusport.fr\/blog\/?s={search_term_string}\"},\"query-input\":{\"@type\":\"PropertyValueSpecification\",\"valueRequired\":true,\"valueName\":\"search_term_string\"}}],\"inLanguage\":\"fr-FR\"},{\"@type\":\"NewsMediaOrganization\",\"@id\":\"https:\/\/dicodusport.fr\/blog\/#organization\",\"name\":\"Dicodusport\",\"url\":\"https:\/\/dicodusport.fr\/blog\/\",\"logo\":{\"@type\":\"ImageObject\",\"inLanguage\":\"fr-FR\",\"@id\":\"https:\/\/dicodusport.fr\/blog\/#\/schema\/logo\/image\/\",\"url\":\"https:\/\/dicodusport.fr\/blog\/wp-content\/uploads\/2020\/06\/cropped-LOGO-DICODUSPORT-2020-SANS-FOND-SANS-TEXTE.png\",\"contentUrl\":\"https:\/\/dicodusport.fr\/blog\/wp-content\/uploads\/2020\/06\/cropped-LOGO-DICODUSPORT-2020-SANS-FOND-SANS-TEXTE.png\",\"width\":512,\"height\":512,\"caption\":\"Dicodusport\"},\"image\":{\"@id\":\"https:\/\/dicodusport.fr\/blog\/#\/schema\/logo\/image\/\"},\"sameAs\":[\"https:\/\/www.facebook.com\/dicodusport\",\"https:\/\/x.com\/dicodusport\",\"https:\/\/www.instagram.com\/dicodusport\/\",\"https:\/\/www.youtube.com\/channel\/UC7V2KZ5sd3htJivAbA4ZG3w\"],\"description\":\"Dicodusport est l'encyclop\u00e9die de l'actualit\u00e9 sportive.\",\"email\":\"bonjour@dicodusport.fr\",\"legalName\":\"DICODUSPORT\",\"foundingDate\":\"2018-01-14\",\"vatID\":\"FR71834470973\",\"taxID\":\"83447097300043\",\"numberOfEmployees\":{\"@type\":\"QuantitativeValue\",\"minValue\":\"1\",\"maxValue\":\"10\"}},{\"@type\":\"Person\",\"@id\":\"https:\/\/dicodusport.fr\/blog\/#\/schema\/person\/55dcb50ad410894e431ed812bbb70191\",\"name\":\"Nicolas Jacquemard\",\"image\":{\"@type\":\"ImageObject\",\"inLanguage\":\"fr-FR\",\"@id\":\"https:\/\/dicodusport.fr\/blog\/#\/schema\/person\/image\/\",\"url\":\"https:\/\/dicodusport.fr\/blog\/wp-content\/uploads\/2021\/05\/Nicolas-Jacquemard-150x150.jpeg\",\"contentUrl\":\"https:\/\/dicodusport.fr\/blog\/wp-content\/uploads\/2021\/05\/Nicolas-Jacquemard-150x150.jpeg\",\"caption\":\"Nicolas Jacquemard\"},\"description\":\"Passionn\u00e9 de sport et entrepreneur depuis mes 18 ans, la cr\u00e9ation de Dicodusport m'a sembl\u00e9 \u00e9vidente pour participer \u00e0 la m\u00e9diatisation d'un plus grand nombre de sports. Le chemin est long mais avec une \u00e9quipe des plus motiv\u00e9es et les Jeux Olympiques de Paris 2024 en point de mire, nous y arriverons ! Journaliste dans le monde du sport depuis plus de 5 ans, je traite aussi bien de football, de rugby, de biathlon que de cyclisme.\",\"sameAs\":[\"https:\/\/www.facebook.com\/dicodusport\",\"https:\/\/x.com\/https:\/\/twitter.com\/Nico_Jacquemard\"],\"url\":\"https:\/\/dicodusport.fr\/blog\/author\/dicodusport\/\"}]}<\/script>\n<!-- \/ Yoast SEO Premium plugin. -->","yoast_head_json":{"title":"Marte Olsbu Roeiseland et Tiril Eckhoff vers une retraite en fin de saison ?","description":"BIATHLON - Les deux meilleures biathl\u00e8tes norv\u00e9giennes, Marte Olsbu Roeiseland et Tiril Eckhoff, laissent planer le doute sur leur avenir.","robots":{"index":"index","follow":"follow","max-snippet":"max-snippet:-1","max-image-preview":"max-image-preview:large","max-video-preview":"max-video-preview:-1"},"canonical":"https:\/\/dicodusport.fr\/blog\/marte-olsbu-roeiseland-et-tiril-eckhoff-vers-une-retraite-en-fin-de-saison\/","og_locale":"fr_FR","og_type":"article","og_title":"Marte Olsbu Roeiseland et Tiril Eckhoff vers une retraite en fin de saison ?","og_description":"BIATHLON - Les deux meilleures biathl\u00e8tes norv\u00e9giennes, Marte Olsbu Roeiseland et Tiril Eckhoff, laissent planer le doute sur leur avenir.","og_url":"https:\/\/dicodusport.fr\/blog\/marte-olsbu-roeiseland-et-tiril-eckhoff-vers-une-retraite-en-fin-de-saison\/","og_site_name":"Dicodusport","article_publisher":"https:\/\/www.facebook.com\/dicodusport","article_author":"https:\/\/www.facebook.com\/dicodusport","article_published_time":"2022-02-18T13:01:44+00:00","article_modified_time":"2022-02-18T17:27:24+00:00","og_image":[{"width":800,"height":445,"url":"https:\/\/dicodusport.fr\/blog\/wp-content\/uploads\/2022\/02\/Marte-Roeiseland-et-Tiril-Eckhoff-envisagent-de-prendre-leur-retraite-a\u0300-la-fin-de-la-saison.png","type":"image\/png"}],"author":"Nicolas Jacquemard","twitter_card":"summary_large_image","twitter_title":"Marte Olsbu Roeiseland et Tiril Eckhoff vers une retraite en fin de saison ?","twitter_creator":"@https:\/\/twitter.com\/Nico_Jacquemard","twitter_site":"@dicodusport","schema":{"@context":"https:\/\/schema.org","@graph":[{"@type":"NewsArticle","@id":"https:\/\/dicodusport.fr\/blog\/marte-olsbu-roeiseland-et-tiril-eckhoff-vers-une-retraite-en-fin-de-saison\/#article","isPartOf":{"@id":"https:\/\/dicodusport.fr\/blog\/marte-olsbu-roeiseland-et-tiril-eckhoff-vers-une-retraite-en-fin-de-saison\/"},"author":{"name":"Nicolas Jacquemard","@id":"https:\/\/dicodusport.fr\/blog\/#\/schema\/person\/55dcb50ad410894e431ed812bbb70191"},"headline":"Marte Olsbu Roeiseland et Tiril Eckhoff vers une retraite en fin de saison ?","datePublished":"2022-02-18T13:01:44+00:00","dateModified":"2022-02-18T17:27:24+00:00","mainEntityOfPage":{"@id":"https:\/\/dicodusport.fr\/blog\/marte-olsbu-roeiseland-et-tiril-eckhoff-vers-une-retraite-en-fin-de-saison\/"},"wordCount":305,"commentCount":0,"publisher":{"@id":"https:\/\/dicodusport.fr\/blog\/#organization"},"image":{"@id":"https:\/\/dicodusport.fr\/blog\/marte-olsbu-roeiseland-et-tiril-eckhoff-vers-une-retraite-en-fin-de-saison\/#primaryimage"},"thumbnailUrl":"https:\/\/dicodusport.fr\/blog\/wp-content\/uploads\/2022\/02\/Marte-Roeiseland-et-Tiril-Eckhoff-envisagent-de-prendre-leur-retraite-a\u0300-la-fin-de-la-saison.png","keywords":["Jeux Olympiques de P\u00e9kin","Marte Olsbu Roeiseland","Norv\u00e8ge","Tiril Eckhoff"],"articleSection":["Biathlon","JO d'hiver P\u00e9kin 2022"],"inLanguage":"fr-FR","potentialAction":[{"@type":"CommentAction","name":"Comment","target":["https:\/\/dicodusport.fr\/blog\/marte-olsbu-roeiseland-et-tiril-eckhoff-vers-une-retraite-en-fin-de-saison\/#respond"]}],"copyrightYear":"2022","copyrightHolder":{"@id":"https:\/\/dicodusport.fr\/blog\/#organization"}},{"@type":"WebPage","@id":"https:\/\/dicodusport.fr\/blog\/marte-olsbu-roeiseland-et-tiril-eckhoff-vers-une-retraite-en-fin-de-saison\/","url":"https:\/\/dicodusport.fr\/blog\/marte-olsbu-roeiseland-et-tiril-eckhoff-vers-une-retraite-en-fin-de-saison\/","name":"Marte Olsbu Roeiseland et Tiril Eckhoff vers une retraite en fin de saison ?","isPartOf":{"@id":"https:\/\/dicodusport.fr\/blog\/#website"},"primaryImageOfPage":{"@id":"https:\/\/dicodusport.fr\/blog\/marte-olsbu-roeiseland-et-tiril-eckhoff-vers-une-retraite-en-fin-de-saison\/#primaryimage"},"image":{"@id":"https:\/\/dicodusport.fr\/blog\/marte-olsbu-roeiseland-et-tiril-eckhoff-vers-une-retraite-en-fin-de-saison\/#primaryimage"},"thumbnailUrl":"https:\/\/dicodusport.fr\/blog\/wp-content\/uploads\/2022\/02\/Marte-Roeiseland-et-Tiril-Eckhoff-envisagent-de-prendre-leur-retraite-a\u0300-la-fin-de-la-saison.png","datePublished":"2022-02-18T13:01:44+00:00","dateModified":"2022-02-18T17:27:24+00:00","description":"BIATHLON - Les deux meilleures biathl\u00e8tes norv\u00e9giennes, Marte Olsbu Roeiseland et Tiril Eckhoff, laissent planer le doute sur leur avenir.","breadcrumb":{"@id":"https:\/\/dicodusport.fr\/blog\/marte-olsbu-roeiseland-et-tiril-eckhoff-vers-une-retraite-en-fin-de-saison\/#breadcrumb"},"inLanguage":"fr-FR","potentialAction":[{"@type":"ReadAction","target":["https:\/\/dicodusport.fr\/blog\/marte-olsbu-roeiseland-et-tiril-eckhoff-vers-une-retraite-en-fin-de-saison\/"]}]},{"@type":"ImageObject","inLanguage":"fr-FR","@id":"https:\/\/dicodusport.fr\/blog\/marte-olsbu-roeiseland-et-tiril-eckhoff-vers-une-retraite-en-fin-de-saison\/#primaryimage","url":"https:\/\/dicodusport.fr\/blog\/wp-content\/uploads\/2022\/02\/Marte-Roeiseland-et-Tiril-Eckhoff-envisagent-de-prendre-leur-retraite-a\u0300-la-fin-de-la-saison.png","contentUrl":"https:\/\/dicodusport.fr\/blog\/wp-content\/uploads\/2022\/02\/Marte-Roeiseland-et-Tiril-Eckhoff-envisagent-de-prendre-leur-retraite-a\u0300-la-fin-de-la-saison.png","width":800,"height":445},{"@type":"BreadcrumbList","@id":"https:\/\/dicodusport.fr\/blog\/marte-olsbu-roeiseland-et-tiril-eckhoff-vers-une-retraite-en-fin-de-saison\/#breadcrumb","itemListElement":[{"@type":"ListItem","position":1,"name":"Accueil","item":"https:\/\/dicodusport.fr\/blog\/"},{"@type":"ListItem","position":2,"name":"Marte Olsbu Roeiseland et Tiril Eckhoff vers une retraite en fin de saison ?"}]},{"@type":"WebSite","@id":"https:\/\/dicodusport.fr\/blog\/#website","url":"https:\/\/dicodusport.fr\/blog\/","name":"Dicodusport","description":"L&#039;encyclop\u00e9die de l&#039;actualit\u00e9 sportive","publisher":{"@id":"https:\/\/dicodusport.fr\/blog\/#organization"},"potentialAction":[{"@type":"SearchAction","target":{"@type":"EntryPoint","urlTemplate":"https:\/\/dicodusport.fr\/blog\/?s={search_term_string}"},"query-input":{"@type":"PropertyValueSpecification","valueRequired":true,"valueName":"search_term_string"}}],"inLanguage":"fr-FR"},{"@type":"NewsMediaOrganization","@id":"https:\/\/dicodusport.fr\/blog\/#organization","name":"Dicodusport","url":"https:\/\/dicodusport.fr\/blog\/","logo":{"@type":"ImageObject","inLanguage":"fr-FR","@id":"https:\/\/dicodusport.fr\/blog\/#\/schema\/logo\/image\/","url":"https:\/\/dicodusport.fr\/blog\/wp-content\/uploads\/2020\/06\/cropped-LOGO-DICODUSPORT-2020-SANS-FOND-SANS-TEXTE.png","contentUrl":"https:\/\/dicodusport.fr\/blog\/wp-content\/uploads\/2020\/06\/cropped-LOGO-DICODUSPORT-2020-SANS-FOND-SANS-TEXTE.png","width":512,"height":512,"caption":"Dicodusport"},"image":{"@id":"https:\/\/dicodusport.fr\/blog\/#\/schema\/logo\/image\/"},"sameAs":["https:\/\/www.facebook.com\/dicodusport","https:\/\/x.com\/dicodusport","https:\/\/www.instagram.com\/dicodusport\/","https:\/\/www.youtube.com\/channel\/UC7V2KZ5sd3htJivAbA4ZG3w"],"description":"Dicodusport est l'encyclop\u00e9die de l'actualit\u00e9 sportive.","email":"bonjour@dicodusport.fr","legalName":"DICODUSPORT","foundingDate":"2018-01-14","vatID":"FR71834470973","taxID":"83447097300043","numberOfEmployees":{"@type":"QuantitativeValue","minValue":"1","maxValue":"10"}},{"@type":"Person","@id":"https:\/\/dicodusport.fr\/blog\/#\/schema\/person\/55dcb50ad410894e431ed812bbb70191","name":"Nicolas Jacquemard","image":{"@type":"ImageObject","inLanguage":"fr-FR","@id":"https:\/\/dicodusport.fr\/blog\/#\/schema\/person\/image\/","url":"https:\/\/dicodusport.fr\/blog\/wp-content\/uploads\/2021\/05\/Nicolas-Jacquemard-150x150.jpeg","contentUrl":"https:\/\/dicodusport.fr\/blog\/wp-content\/uploads\/2021\/05\/Nicolas-Jacquemard-150x150.jpeg","caption":"Nicolas Jacquemard"},"description":"Passionn\u00e9 de sport et entrepreneur depuis mes 18 ans, la cr\u00e9ation de Dicodusport m'a sembl\u00e9 \u00e9vidente pour participer \u00e0 la m\u00e9diatisation d'un plus grand nombre de sports. Le chemin est long mais avec une \u00e9quipe des plus motiv\u00e9es et les Jeux Olympiques de Paris 2024 en point de mire, nous y arriverons ! Journaliste dans le monde du sport depuis plus de 5 ans, je traite aussi bien de football, de rugby, de biathlon que de cyclisme.","sameAs":["https:\/\/www.facebook.com\/dicodusport","https:\/\/x.com\/https:\/\/twitter.com\/Nico_Jacquemard"],"url":"https:\/\/dicodusport.fr\/blog\/author\/dicodusport\/"}]}},"_links":{"self":[{"href":"https:\/\/dicodusport.fr\/blog\/wp-json\/wp\/v2\/posts\/201535","targetHints":{"allow":["GET"]}}],"collection":[{"href":"https:\/\/dicodusport.fr\/blog\/wp-json\/wp\/v2\/posts"}],"about":[{"href":"https:\/\/dicodusport.fr\/blog\/wp-json\/wp\/v2\/types\/post"}],"author":[{"embeddable":true,"href":"https:\/\/dicodusport.fr\/blog\/wp-json\/wp\/v2\/users\/1"}],"replies":[{"embeddable":true,"href":"https:\/\/dicodusport.fr\/blog\/wp-json\/wp\/v2\/comments?post=201535"}],"version-history":[{"count":0,"href":"https:\/\/dicodusport.fr\/blog\/wp-json\/wp\/v2\/posts\/201535\/revisions"}],"wp:featuredmedia":[{"embeddable":true,"href":"https:\/\/dicodusport.fr\/blog\/wp-json\/wp\/v2\/media\/201539"}],"wp:attachment":[{"href":"https:\/\/dicodusport.fr\/blog\/wp-json\/wp\/v2\/media?parent=201535"}],"wp:term":[{"taxonomy":"category","embeddable":true,"href":"https:\/\/dicodusport.fr\/blog\/wp-json\/wp\/v2\/categories?post=201535"},{"taxonomy":"post_tag","embeddable":true,"href":"https:\/\/dicodusport.fr\/blog\/wp-json\/wp\/v2\/tags?post=201535"}],"curies":[{"name":"wp","href":"https:\/\/api.w.org\/{rel}","templated":true}]}}