{"id":201976,"date":"2022-02-20T04:02:18","date_gmt":"2022-02-20T03:02:18","guid":{"rendered":"https:\/\/dicodusport.fr\/blog\/?p=201976&#038;preview=true&#038;preview_id=201976"},"modified":"2022-02-20T04:48:08","modified_gmt":"2022-02-20T03:48:08","slug":"jo-pekin-2022-ski-alpin-l-autriche-championne-olympique-du-parallele-par-equipes","status":"publish","type":"post","link":"https:\/\/dicodusport.fr\/blog\/jo-pekin-2022-ski-alpin-l-autriche-championne-olympique-du-parallele-par-equipes\/","title":{"rendered":"JO P\u00e9kin 2022 &#8211; Ski alpin : L&rsquo;Autriche championne olympique du parall\u00e8le par \u00e9quipes"},"content":{"rendered":"<p style=\"text-align: justify;\"><strong><em>JO P\u00c9KIN 2022 &#8211; SKI ALPIN &#8211; Vice-championne olympique \u00e0 Pyeongchang en 2018, l&rsquo;Autriche est mont\u00e9e d&rsquo;une marche sur le podium pour s&rsquo;offrir l&rsquo;or. Oppos\u00e9e aux N\u00b01 mondiaux, l&rsquo;Allemagne n&rsquo;a rien pu faire et s&rsquo;incline en finale. \u00c9limin\u00e9e en quarts de finale par la Norv\u00e8ge, m\u00e9daill\u00e9e de bronze, la France rate le coche d&rsquo;un rien.\u00a0<\/em><\/strong><\/p>\n<h2 style=\"text-align: justify;\">La France au tapis<\/h2>\n<p style=\"text-align: justify;\">A le faveur du statut de N\u00b01 mondial, l&rsquo;Autriche n&rsquo;a commenc\u00e9 la comp\u00e9tition qu&rsquo;en quarts de finale, puisqu&rsquo;exempt\u00e9e de premier tour. \u00c9liminant le Canada, c&rsquo;est clairement sans surprise qu&rsquo;on les retrouvaient en demi-finale. Apr\u00e8s avoir \u00e9limin\u00e9 la R\u00e9publique Tch\u00e8que sur le score de 3-1, les Bleus \u00e9taient oppos\u00e9s aux Norv\u00e9giens, champions du monde en titre, qui les avaient battus en petite finale en 2018. Malgr\u00e9 les tr\u00e8s grosses manches d&rsquo;<strong>Alexis Pinturault<\/strong> et <strong>Coralie Frasse-Sombet<\/strong> sur le parcours bleu clairement plus rapide, la Norv\u00e8ge se qualifie au temps pour 2 centi\u00e8mes de seconde malgr\u00e9 l&rsquo;\u00e9galit\u00e9 sur les quatre manches.<\/p>\n<p style=\"text-align: justify;\">Autre grosse surprise des quarts de finale, la Suisse, tenante du titre, s&rsquo;incline contre l&rsquo;Allemagne et repart sans m\u00e9daille collective. Dans la premi\u00e8re demie Autriche &#8211; Norv\u00e8ge, 2-2 score final, mais ce sont bien les Autrichiens qui l&#8217;emportent au temps gr\u00e2ce \u00e0 <strong>Katharina Liensberger<\/strong> et <strong>Stefan Brennsteiner<\/strong>. On conna\u00eet alors une partie des finales. Dans la seconde demi-finale, s&rsquo;affrontaient les Am\u00e9ricains et les Allemands. Et c&rsquo;est presque sans surprise que l&rsquo;Allemagne se qualifie 3-1 sans vraiment avoir \u00e9t\u00e9 inqui\u00e9t\u00e9e gr\u00e2ce \u00e0 des victoires de <strong>Lena Duerr<\/strong>, <strong>Emma Aicher<\/strong> et <strong>Alexander Schmid<\/strong>. En bronze aux Mondiaux 2021, les Allemands signent un deuxi\u00e8me podium international cons\u00e9cutif.<\/p>\n<h2 style=\"text-align: justify;\"><strong>L&rsquo;Autriche au-dessus<\/strong><\/h2>\n<p style=\"text-align: justify;\">En petite finale, les Norv\u00e9giens refont le coup de PyeongChang et remportent la m\u00e9daille de bronze au temps gr\u00e2ce entre autres \u00e0 des victoires de <strong>Fabian Solheim<\/strong> et <strong>Th\u00e9a Louise Stjernesund.\u00a0<\/strong>Comme Pinturault, <strong>Mikaela Shiffrin<\/strong> repartira de P\u00e9kin sans m\u00e9daille, elle qui est pourtant leader du classement g\u00e9n\u00e9ral en Coupe du monde. Ensuite, c&rsquo;est presque un derby qu&rsquo;on retrouve en finale, entre deux nations qui se connaissent tr\u00e8s bien. Mais les Allemands doivent eux aussi subir la loi des Autrichiens, et s&rsquo;inclinent pour quelques centi\u00e8mes malgr\u00e9 le match nul 2-2. <strong>Johannes Strolz<\/strong>, titr\u00e9 en combin\u00e9, m\u00e9daill\u00e9 d&rsquo;argent en slalom, remporte l&rsquo;orn cette fois par \u00e9quipes et est le skieur alpin le plus d\u00e9cor\u00e9 de ces JO.<\/p>\n<blockquote class=\"twitter-tweet\">\n<p dir=\"ltr\" lang=\"fr\">L&rsquo;Autriche &#x1f1e6;&#x1f1f9; remporte le Team Event ! &#x1f4a5; Malgr\u00e9 deux manches gagn\u00e9es des deux c\u00f4t\u00e9s, les Autrichiens ont fait la diff\u00e9rence gr\u00e2ce \u00e0 un meilleur temps face \u00e0 l&rsquo;Allemagne &#x1f1e9;&#x1f1ea; ! <a href=\"https:\/\/twitter.com\/hashtag\/Beijing2022?src=hash&amp;ref_src=twsrc%5Etfw\">#Beijing2022<\/a> <a href=\"https:\/\/t.co\/S9GMUNaMrN\">pic.twitter.com\/S9GMUNaMrN<\/a><\/p>\n<p>\u2014 Eurosport France (@Eurosport_FR) <a href=\"https:\/\/twitter.com\/Eurosport_FR\/status\/1495231824339030017?ref_src=twsrc%5Etfw\">February 20, 2022<\/a><\/p><\/blockquote>\n<p><script async src=\"https:\/\/platform.twitter.com\/widgets.js\" charset=\"utf-8\"><\/script><\/p>\n","protected":false},"excerpt":{"rendered":"<p>JO P\u00c9KIN 2022 &#8211; SKI ALPIN &#8211; Vice-championne olympique \u00e0 Pyeongchang en 2018, l&rsquo;Autriche est mont\u00e9e d&rsquo;une marche sur le podium pour s&rsquo;offrir l&rsquo;or. Oppos\u00e9e aux N\u00b01 mondiaux, l&rsquo;Allemagne n&rsquo;a rien pu faire et s&rsquo;incline en finale. \u00c9limin\u00e9e en quarts de finale par la Norv\u00e8ge, m\u00e9daill\u00e9e de bronze, la France rate le coche d&rsquo;un rien.\u00a0<\/p>\n","protected":false},"author":43,"featured_media":202001,"comment_status":"open","ping_status":"closed","sticky":false,"template":"","format":"standard","meta":{"_acf_changed":false,"_daextam_enable_autolinks":"","footnotes":""},"categories":[20104,9217],"tags":[21641],"class_list":["post-201976","post","type-post","status-publish","format-standard","has-post-thumbnail","hentry","category-jo-hiver-pekin-2022","category-ski","tag-jeux-olympiques-de-pekin"],"acf":[],"yoast_head":"<!-- This site is optimized with the Yoast SEO Premium plugin v26.7 (Yoast SEO v26.7) - https:\/\/yoast.com\/wordpress\/plugins\/seo\/ -->\n<title>JO P\u00e9kin 2022 - Ski alpin : L&#039;Autriche championne olympique du parall\u00e8le par \u00e9quipes<\/title>\n<meta name=\"description\" content=\"JO P\u00c9KIN 2022 - SKI ALPIN - Vice-championne olympique \u00e0 Pyeongchang, l&#039;Autriche est mont\u00e9e d&#039;une marche sur le podium pour s&#039;offrir l&#039;or.\" \/>\n<meta name=\"robots\" content=\"index, follow, max-snippet:-1, max-image-preview:large, max-video-preview:-1\" \/>\n<link rel=\"canonical\" href=\"https:\/\/dicodusport.fr\/blog\/jo-pekin-2022-ski-alpin-l-autriche-championne-olympique-du-parallele-par-equipes\/\" \/>\n<meta property=\"og:locale\" content=\"fr_FR\" \/>\n<meta property=\"og:type\" content=\"article\" \/>\n<meta property=\"og:title\" content=\"JO P\u00e9kin 2022 - Ski alpin : L&#039;Autriche championne olympique du parall\u00e8le par \u00e9quipes\" \/>\n<meta property=\"og:description\" content=\"JO P\u00c9KIN 2022 - SKI ALPIN - Vice-championne olympique \u00e0 Pyeongchang, l&#039;Autriche est mont\u00e9e d&#039;une marche sur le podium pour s&#039;offrir l&#039;or.\" \/>\n<meta property=\"og:url\" content=\"https:\/\/dicodusport.fr\/blog\/jo-pekin-2022-ski-alpin-l-autriche-championne-olympique-du-parallele-par-equipes\/\" \/>\n<meta property=\"og:site_name\" content=\"Dicodusport\" \/>\n<meta property=\"article:publisher\" content=\"https:\/\/www.facebook.com\/dicodusport\" \/>\n<meta property=\"article:author\" content=\"https:\/\/www.facebook.com\/Max.Bld2\/\" \/>\n<meta property=\"article:published_time\" content=\"2022-02-20T03:02:18+00:00\" \/>\n<meta property=\"article:modified_time\" content=\"2022-02-20T03:48:08+00:00\" \/>\n<meta property=\"og:image\" content=\"https:\/\/dicodusport.fr\/blog\/wp-content\/uploads\/2022\/02\/JO-Pekin-2022-Ski-alpin-LAutriche-championne-olympique-du-parallele-par-equipes.png\" \/>\n\t<meta property=\"og:image:width\" content=\"800\" \/>\n\t<meta property=\"og:image:height\" content=\"445\" \/>\n\t<meta property=\"og:image:type\" content=\"image\/png\" \/>\n<meta name=\"author\" content=\"Maxime Boulard\" \/>\n<meta name=\"twitter:card\" content=\"summary_large_image\" \/>\n<meta name=\"twitter:title\" content=\"JO P\u00e9kin 2022 - Ski alpin : L&#039;Autriche championne olympique du parall\u00e8le par \u00e9quipes\" \/>\n<meta name=\"twitter:creator\" content=\"@https:\/\/twitter.com\/MaximeB_2\" \/>\n<meta name=\"twitter:site\" content=\"@dicodusport\" \/>\n<script type=\"application\/ld+json\" class=\"yoast-schema-graph\">{\"@context\":\"https:\/\/schema.org\",\"@graph\":[{\"@type\":\"NewsArticle\",\"@id\":\"https:\/\/dicodusport.fr\/blog\/jo-pekin-2022-ski-alpin-l-autriche-championne-olympique-du-parallele-par-equipes\/#article\",\"isPartOf\":{\"@id\":\"https:\/\/dicodusport.fr\/blog\/jo-pekin-2022-ski-alpin-l-autriche-championne-olympique-du-parallele-par-equipes\/\"},\"author\":{\"name\":\"Maxime Boulard\",\"@id\":\"https:\/\/dicodusport.fr\/blog\/#\/schema\/person\/5aab10ee856e86ac63e9819a9da34784\"},\"headline\":\"JO P\u00e9kin 2022 &#8211; Ski alpin : L&rsquo;Autriche championne olympique du parall\u00e8le par \u00e9quipes\",\"datePublished\":\"2022-02-20T03:02:18+00:00\",\"dateModified\":\"2022-02-20T03:48:08+00:00\",\"mainEntityOfPage\":{\"@id\":\"https:\/\/dicodusport.fr\/blog\/jo-pekin-2022-ski-alpin-l-autriche-championne-olympique-du-parallele-par-equipes\/\"},\"wordCount\":510,\"commentCount\":0,\"publisher\":{\"@id\":\"https:\/\/dicodusport.fr\/blog\/#organization\"},\"image\":{\"@id\":\"https:\/\/dicodusport.fr\/blog\/jo-pekin-2022-ski-alpin-l-autriche-championne-olympique-du-parallele-par-equipes\/#primaryimage\"},\"thumbnailUrl\":\"https:\/\/dicodusport.fr\/blog\/wp-content\/uploads\/2022\/02\/JO-Pekin-2022-Ski-alpin-LAutriche-championne-olympique-du-parallele-par-equipes.png\",\"keywords\":[\"Jeux Olympiques de P\u00e9kin\"],\"articleSection\":[\"JO d'hiver P\u00e9kin 2022\",\"Ski\"],\"inLanguage\":\"fr-FR\",\"potentialAction\":[{\"@type\":\"CommentAction\",\"name\":\"Comment\",\"target\":[\"https:\/\/dicodusport.fr\/blog\/jo-pekin-2022-ski-alpin-l-autriche-championne-olympique-du-parallele-par-equipes\/#respond\"]}],\"copyrightYear\":\"2022\",\"copyrightHolder\":{\"@id\":\"https:\/\/dicodusport.fr\/blog\/#organization\"}},{\"@type\":\"WebPage\",\"@id\":\"https:\/\/dicodusport.fr\/blog\/jo-pekin-2022-ski-alpin-l-autriche-championne-olympique-du-parallele-par-equipes\/\",\"url\":\"https:\/\/dicodusport.fr\/blog\/jo-pekin-2022-ski-alpin-l-autriche-championne-olympique-du-parallele-par-equipes\/\",\"name\":\"JO P\u00e9kin 2022 - Ski alpin : L'Autriche championne olympique du parall\u00e8le par \u00e9quipes\",\"isPartOf\":{\"@id\":\"https:\/\/dicodusport.fr\/blog\/#website\"},\"primaryImageOfPage\":{\"@id\":\"https:\/\/dicodusport.fr\/blog\/jo-pekin-2022-ski-alpin-l-autriche-championne-olympique-du-parallele-par-equipes\/#primaryimage\"},\"image\":{\"@id\":\"https:\/\/dicodusport.fr\/blog\/jo-pekin-2022-ski-alpin-l-autriche-championne-olympique-du-parallele-par-equipes\/#primaryimage\"},\"thumbnailUrl\":\"https:\/\/dicodusport.fr\/blog\/wp-content\/uploads\/2022\/02\/JO-Pekin-2022-Ski-alpin-LAutriche-championne-olympique-du-parallele-par-equipes.png\",\"datePublished\":\"2022-02-20T03:02:18+00:00\",\"dateModified\":\"2022-02-20T03:48:08+00:00\",\"description\":\"JO P\u00c9KIN 2022 - SKI ALPIN - Vice-championne olympique \u00e0 Pyeongchang, l'Autriche est mont\u00e9e d'une marche sur le podium pour s'offrir l'or.\",\"breadcrumb\":{\"@id\":\"https:\/\/dicodusport.fr\/blog\/jo-pekin-2022-ski-alpin-l-autriche-championne-olympique-du-parallele-par-equipes\/#breadcrumb\"},\"inLanguage\":\"fr-FR\",\"potentialAction\":[{\"@type\":\"ReadAction\",\"target\":[\"https:\/\/dicodusport.fr\/blog\/jo-pekin-2022-ski-alpin-l-autriche-championne-olympique-du-parallele-par-equipes\/\"]}]},{\"@type\":\"ImageObject\",\"inLanguage\":\"fr-FR\",\"@id\":\"https:\/\/dicodusport.fr\/blog\/jo-pekin-2022-ski-alpin-l-autriche-championne-olympique-du-parallele-par-equipes\/#primaryimage\",\"url\":\"https:\/\/dicodusport.fr\/blog\/wp-content\/uploads\/2022\/02\/JO-Pekin-2022-Ski-alpin-LAutriche-championne-olympique-du-parallele-par-equipes.png\",\"contentUrl\":\"https:\/\/dicodusport.fr\/blog\/wp-content\/uploads\/2022\/02\/JO-Pekin-2022-Ski-alpin-LAutriche-championne-olympique-du-parallele-par-equipes.png\",\"width\":800,\"height\":445,\"caption\":\"JO P\u00e9kin 2022 - Ski alpin L'Autriche championne olympique du parall\u00e8le par \u00e9quipes\"},{\"@type\":\"BreadcrumbList\",\"@id\":\"https:\/\/dicodusport.fr\/blog\/jo-pekin-2022-ski-alpin-l-autriche-championne-olympique-du-parallele-par-equipes\/#breadcrumb\",\"itemListElement\":[{\"@type\":\"ListItem\",\"position\":1,\"name\":\"Accueil\",\"item\":\"https:\/\/dicodusport.fr\/blog\/\"},{\"@type\":\"ListItem\",\"position\":2,\"name\":\"JO P\u00e9kin 2022 &#8211; Ski alpin : L&rsquo;Autriche championne olympique du parall\u00e8le par \u00e9quipes\"}]},{\"@type\":\"WebSite\",\"@id\":\"https:\/\/dicodusport.fr\/blog\/#website\",\"url\":\"https:\/\/dicodusport.fr\/blog\/\",\"name\":\"Dicodusport\",\"description\":\"L&#039;encyclop\u00e9die de l&#039;actualit\u00e9 sportive\",\"publisher\":{\"@id\":\"https:\/\/dicodusport.fr\/blog\/#organization\"},\"potentialAction\":[{\"@type\":\"SearchAction\",\"target\":{\"@type\":\"EntryPoint\",\"urlTemplate\":\"https:\/\/dicodusport.fr\/blog\/?s={search_term_string}\"},\"query-input\":{\"@type\":\"PropertyValueSpecification\",\"valueRequired\":true,\"valueName\":\"search_term_string\"}}],\"inLanguage\":\"fr-FR\"},{\"@type\":\"NewsMediaOrganization\",\"@id\":\"https:\/\/dicodusport.fr\/blog\/#organization\",\"name\":\"Dicodusport\",\"url\":\"https:\/\/dicodusport.fr\/blog\/\",\"logo\":{\"@type\":\"ImageObject\",\"inLanguage\":\"fr-FR\",\"@id\":\"https:\/\/dicodusport.fr\/blog\/#\/schema\/logo\/image\/\",\"url\":\"https:\/\/dicodusport.fr\/blog\/wp-content\/uploads\/2020\/06\/cropped-LOGO-DICODUSPORT-2020-SANS-FOND-SANS-TEXTE.png\",\"contentUrl\":\"https:\/\/dicodusport.fr\/blog\/wp-content\/uploads\/2020\/06\/cropped-LOGO-DICODUSPORT-2020-SANS-FOND-SANS-TEXTE.png\",\"width\":512,\"height\":512,\"caption\":\"Dicodusport\"},\"image\":{\"@id\":\"https:\/\/dicodusport.fr\/blog\/#\/schema\/logo\/image\/\"},\"sameAs\":[\"https:\/\/www.facebook.com\/dicodusport\",\"https:\/\/x.com\/dicodusport\",\"https:\/\/www.instagram.com\/dicodusport\/\",\"https:\/\/www.youtube.com\/channel\/UC7V2KZ5sd3htJivAbA4ZG3w\"],\"description\":\"Dicodusport est l'encyclop\u00e9die de l'actualit\u00e9 sportive.\",\"email\":\"bonjour@dicodusport.fr\",\"legalName\":\"DICODUSPORT\",\"foundingDate\":\"2018-01-14\",\"vatID\":\"FR71834470973\",\"taxID\":\"83447097300043\",\"numberOfEmployees\":{\"@type\":\"QuantitativeValue\",\"minValue\":\"1\",\"maxValue\":\"10\"}},{\"@type\":\"Person\",\"@id\":\"https:\/\/dicodusport.fr\/blog\/#\/schema\/person\/5aab10ee856e86ac63e9819a9da34784\",\"name\":\"Maxime Boulard\",\"image\":{\"@type\":\"ImageObject\",\"inLanguage\":\"fr-FR\",\"@id\":\"https:\/\/dicodusport.fr\/blog\/#\/schema\/person\/image\/\",\"url\":\"https:\/\/dicodusport.fr\/blog\/wp-content\/uploads\/2021\/05\/Maxime-Boulard-150x150.jpg\",\"contentUrl\":\"https:\/\/dicodusport.fr\/blog\/wp-content\/uploads\/2021\/05\/Maxime-Boulard-150x150.jpg\",\"caption\":\"Maxime Boulard\"},\"description\":\"Journaliste\/r\u00e9dacteur depuis octobre 2020 - Si mon plus vieux souvenir de sport aurait pu m'en d\u00e9go\u00fbter, la finale de la Coupe du monde 2006 a \u00e9t\u00e9 tout le contraire. V\u00e9ritable d\u00e9clencheur d'une passion qui aujourd'hui ne fait que grandir avec le temps, mon leitmotiv est la France qui brille ! Je relate les exploits pass\u00e9s et pr\u00e9sents du sport bleu-blanc-rouge sans m\u00e9nagement depuis octobre 2020. Sport valide ou handisport, aucune diff\u00e9rence, il n'y a que du sport et plusieurs fa\u00e7ons de le pratiquer.\",\"sameAs\":[\"https:\/\/www.facebook.com\/Max.Bld2\/\",\"https:\/\/x.com\/https:\/\/twitter.com\/MaximeB_2\"],\"url\":\"https:\/\/dicodusport.fr\/blog\/author\/maxime-b\/\"}]}<\/script>\n<!-- \/ Yoast SEO Premium plugin. -->","yoast_head_json":{"title":"JO P\u00e9kin 2022 - Ski alpin : L'Autriche championne olympique du parall\u00e8le par \u00e9quipes","description":"JO P\u00c9KIN 2022 - SKI ALPIN - Vice-championne olympique \u00e0 Pyeongchang, l'Autriche est mont\u00e9e d'une marche sur le podium pour s'offrir l'or.","robots":{"index":"index","follow":"follow","max-snippet":"max-snippet:-1","max-image-preview":"max-image-preview:large","max-video-preview":"max-video-preview:-1"},"canonical":"https:\/\/dicodusport.fr\/blog\/jo-pekin-2022-ski-alpin-l-autriche-championne-olympique-du-parallele-par-equipes\/","og_locale":"fr_FR","og_type":"article","og_title":"JO P\u00e9kin 2022 - Ski alpin : L'Autriche championne olympique du parall\u00e8le par \u00e9quipes","og_description":"JO P\u00c9KIN 2022 - SKI ALPIN - Vice-championne olympique \u00e0 Pyeongchang, l'Autriche est mont\u00e9e d'une marche sur le podium pour s'offrir l'or.","og_url":"https:\/\/dicodusport.fr\/blog\/jo-pekin-2022-ski-alpin-l-autriche-championne-olympique-du-parallele-par-equipes\/","og_site_name":"Dicodusport","article_publisher":"https:\/\/www.facebook.com\/dicodusport","article_author":"https:\/\/www.facebook.com\/Max.Bld2\/","article_published_time":"2022-02-20T03:02:18+00:00","article_modified_time":"2022-02-20T03:48:08+00:00","og_image":[{"width":800,"height":445,"url":"https:\/\/dicodusport.fr\/blog\/wp-content\/uploads\/2022\/02\/JO-Pekin-2022-Ski-alpin-LAutriche-championne-olympique-du-parallele-par-equipes.png","type":"image\/png"}],"author":"Maxime Boulard","twitter_card":"summary_large_image","twitter_title":"JO P\u00e9kin 2022 - Ski alpin : L'Autriche championne olympique du parall\u00e8le par \u00e9quipes","twitter_creator":"@https:\/\/twitter.com\/MaximeB_2","twitter_site":"@dicodusport","schema":{"@context":"https:\/\/schema.org","@graph":[{"@type":"NewsArticle","@id":"https:\/\/dicodusport.fr\/blog\/jo-pekin-2022-ski-alpin-l-autriche-championne-olympique-du-parallele-par-equipes\/#article","isPartOf":{"@id":"https:\/\/dicodusport.fr\/blog\/jo-pekin-2022-ski-alpin-l-autriche-championne-olympique-du-parallele-par-equipes\/"},"author":{"name":"Maxime Boulard","@id":"https:\/\/dicodusport.fr\/blog\/#\/schema\/person\/5aab10ee856e86ac63e9819a9da34784"},"headline":"JO P\u00e9kin 2022 &#8211; Ski alpin : L&rsquo;Autriche championne olympique du parall\u00e8le par \u00e9quipes","datePublished":"2022-02-20T03:02:18+00:00","dateModified":"2022-02-20T03:48:08+00:00","mainEntityOfPage":{"@id":"https:\/\/dicodusport.fr\/blog\/jo-pekin-2022-ski-alpin-l-autriche-championne-olympique-du-parallele-par-equipes\/"},"wordCount":510,"commentCount":0,"publisher":{"@id":"https:\/\/dicodusport.fr\/blog\/#organization"},"image":{"@id":"https:\/\/dicodusport.fr\/blog\/jo-pekin-2022-ski-alpin-l-autriche-championne-olympique-du-parallele-par-equipes\/#primaryimage"},"thumbnailUrl":"https:\/\/dicodusport.fr\/blog\/wp-content\/uploads\/2022\/02\/JO-Pekin-2022-Ski-alpin-LAutriche-championne-olympique-du-parallele-par-equipes.png","keywords":["Jeux Olympiques de P\u00e9kin"],"articleSection":["JO d'hiver P\u00e9kin 2022","Ski"],"inLanguage":"fr-FR","potentialAction":[{"@type":"CommentAction","name":"Comment","target":["https:\/\/dicodusport.fr\/blog\/jo-pekin-2022-ski-alpin-l-autriche-championne-olympique-du-parallele-par-equipes\/#respond"]}],"copyrightYear":"2022","copyrightHolder":{"@id":"https:\/\/dicodusport.fr\/blog\/#organization"}},{"@type":"WebPage","@id":"https:\/\/dicodusport.fr\/blog\/jo-pekin-2022-ski-alpin-l-autriche-championne-olympique-du-parallele-par-equipes\/","url":"https:\/\/dicodusport.fr\/blog\/jo-pekin-2022-ski-alpin-l-autriche-championne-olympique-du-parallele-par-equipes\/","name":"JO P\u00e9kin 2022 - Ski alpin : L'Autriche championne olympique du parall\u00e8le par \u00e9quipes","isPartOf":{"@id":"https:\/\/dicodusport.fr\/blog\/#website"},"primaryImageOfPage":{"@id":"https:\/\/dicodusport.fr\/blog\/jo-pekin-2022-ski-alpin-l-autriche-championne-olympique-du-parallele-par-equipes\/#primaryimage"},"image":{"@id":"https:\/\/dicodusport.fr\/blog\/jo-pekin-2022-ski-alpin-l-autriche-championne-olympique-du-parallele-par-equipes\/#primaryimage"},"thumbnailUrl":"https:\/\/dicodusport.fr\/blog\/wp-content\/uploads\/2022\/02\/JO-Pekin-2022-Ski-alpin-LAutriche-championne-olympique-du-parallele-par-equipes.png","datePublished":"2022-02-20T03:02:18+00:00","dateModified":"2022-02-20T03:48:08+00:00","description":"JO P\u00c9KIN 2022 - SKI ALPIN - Vice-championne olympique \u00e0 Pyeongchang, l'Autriche est mont\u00e9e d'une marche sur le podium pour s'offrir l'or.","breadcrumb":{"@id":"https:\/\/dicodusport.fr\/blog\/jo-pekin-2022-ski-alpin-l-autriche-championne-olympique-du-parallele-par-equipes\/#breadcrumb"},"inLanguage":"fr-FR","potentialAction":[{"@type":"ReadAction","target":["https:\/\/dicodusport.fr\/blog\/jo-pekin-2022-ski-alpin-l-autriche-championne-olympique-du-parallele-par-equipes\/"]}]},{"@type":"ImageObject","inLanguage":"fr-FR","@id":"https:\/\/dicodusport.fr\/blog\/jo-pekin-2022-ski-alpin-l-autriche-championne-olympique-du-parallele-par-equipes\/#primaryimage","url":"https:\/\/dicodusport.fr\/blog\/wp-content\/uploads\/2022\/02\/JO-Pekin-2022-Ski-alpin-LAutriche-championne-olympique-du-parallele-par-equipes.png","contentUrl":"https:\/\/dicodusport.fr\/blog\/wp-content\/uploads\/2022\/02\/JO-Pekin-2022-Ski-alpin-LAutriche-championne-olympique-du-parallele-par-equipes.png","width":800,"height":445,"caption":"JO P\u00e9kin 2022 - Ski alpin L'Autriche championne olympique du parall\u00e8le par \u00e9quipes"},{"@type":"BreadcrumbList","@id":"https:\/\/dicodusport.fr\/blog\/jo-pekin-2022-ski-alpin-l-autriche-championne-olympique-du-parallele-par-equipes\/#breadcrumb","itemListElement":[{"@type":"ListItem","position":1,"name":"Accueil","item":"https:\/\/dicodusport.fr\/blog\/"},{"@type":"ListItem","position":2,"name":"JO P\u00e9kin 2022 &#8211; Ski alpin : L&rsquo;Autriche championne olympique du parall\u00e8le par \u00e9quipes"}]},{"@type":"WebSite","@id":"https:\/\/dicodusport.fr\/blog\/#website","url":"https:\/\/dicodusport.fr\/blog\/","name":"Dicodusport","description":"L&#039;encyclop\u00e9die de l&#039;actualit\u00e9 sportive","publisher":{"@id":"https:\/\/dicodusport.fr\/blog\/#organization"},"potentialAction":[{"@type":"SearchAction","target":{"@type":"EntryPoint","urlTemplate":"https:\/\/dicodusport.fr\/blog\/?s={search_term_string}"},"query-input":{"@type":"PropertyValueSpecification","valueRequired":true,"valueName":"search_term_string"}}],"inLanguage":"fr-FR"},{"@type":"NewsMediaOrganization","@id":"https:\/\/dicodusport.fr\/blog\/#organization","name":"Dicodusport","url":"https:\/\/dicodusport.fr\/blog\/","logo":{"@type":"ImageObject","inLanguage":"fr-FR","@id":"https:\/\/dicodusport.fr\/blog\/#\/schema\/logo\/image\/","url":"https:\/\/dicodusport.fr\/blog\/wp-content\/uploads\/2020\/06\/cropped-LOGO-DICODUSPORT-2020-SANS-FOND-SANS-TEXTE.png","contentUrl":"https:\/\/dicodusport.fr\/blog\/wp-content\/uploads\/2020\/06\/cropped-LOGO-DICODUSPORT-2020-SANS-FOND-SANS-TEXTE.png","width":512,"height":512,"caption":"Dicodusport"},"image":{"@id":"https:\/\/dicodusport.fr\/blog\/#\/schema\/logo\/image\/"},"sameAs":["https:\/\/www.facebook.com\/dicodusport","https:\/\/x.com\/dicodusport","https:\/\/www.instagram.com\/dicodusport\/","https:\/\/www.youtube.com\/channel\/UC7V2KZ5sd3htJivAbA4ZG3w"],"description":"Dicodusport est l'encyclop\u00e9die de l'actualit\u00e9 sportive.","email":"bonjour@dicodusport.fr","legalName":"DICODUSPORT","foundingDate":"2018-01-14","vatID":"FR71834470973","taxID":"83447097300043","numberOfEmployees":{"@type":"QuantitativeValue","minValue":"1","maxValue":"10"}},{"@type":"Person","@id":"https:\/\/dicodusport.fr\/blog\/#\/schema\/person\/5aab10ee856e86ac63e9819a9da34784","name":"Maxime Boulard","image":{"@type":"ImageObject","inLanguage":"fr-FR","@id":"https:\/\/dicodusport.fr\/blog\/#\/schema\/person\/image\/","url":"https:\/\/dicodusport.fr\/blog\/wp-content\/uploads\/2021\/05\/Maxime-Boulard-150x150.jpg","contentUrl":"https:\/\/dicodusport.fr\/blog\/wp-content\/uploads\/2021\/05\/Maxime-Boulard-150x150.jpg","caption":"Maxime Boulard"},"description":"Journaliste\/r\u00e9dacteur depuis octobre 2020 - Si mon plus vieux souvenir de sport aurait pu m'en d\u00e9go\u00fbter, la finale de la Coupe du monde 2006 a \u00e9t\u00e9 tout le contraire. V\u00e9ritable d\u00e9clencheur d'une passion qui aujourd'hui ne fait que grandir avec le temps, mon leitmotiv est la France qui brille ! Je relate les exploits pass\u00e9s et pr\u00e9sents du sport bleu-blanc-rouge sans m\u00e9nagement depuis octobre 2020. Sport valide ou handisport, aucune diff\u00e9rence, il n'y a que du sport et plusieurs fa\u00e7ons de le pratiquer.","sameAs":["https:\/\/www.facebook.com\/Max.Bld2\/","https:\/\/x.com\/https:\/\/twitter.com\/MaximeB_2"],"url":"https:\/\/dicodusport.fr\/blog\/author\/maxime-b\/"}]}},"_links":{"self":[{"href":"https:\/\/dicodusport.fr\/blog\/wp-json\/wp\/v2\/posts\/201976","targetHints":{"allow":["GET"]}}],"collection":[{"href":"https:\/\/dicodusport.fr\/blog\/wp-json\/wp\/v2\/posts"}],"about":[{"href":"https:\/\/dicodusport.fr\/blog\/wp-json\/wp\/v2\/types\/post"}],"author":[{"embeddable":true,"href":"https:\/\/dicodusport.fr\/blog\/wp-json\/wp\/v2\/users\/43"}],"replies":[{"embeddable":true,"href":"https:\/\/dicodusport.fr\/blog\/wp-json\/wp\/v2\/comments?post=201976"}],"version-history":[{"count":0,"href":"https:\/\/dicodusport.fr\/blog\/wp-json\/wp\/v2\/posts\/201976\/revisions"}],"wp:featuredmedia":[{"embeddable":true,"href":"https:\/\/dicodusport.fr\/blog\/wp-json\/wp\/v2\/media\/202001"}],"wp:attachment":[{"href":"https:\/\/dicodusport.fr\/blog\/wp-json\/wp\/v2\/media?parent=201976"}],"wp:term":[{"taxonomy":"category","embeddable":true,"href":"https:\/\/dicodusport.fr\/blog\/wp-json\/wp\/v2\/categories?post=201976"},{"taxonomy":"post_tag","embeddable":true,"href":"https:\/\/dicodusport.fr\/blog\/wp-json\/wp\/v2\/tags?post=201976"}],"curies":[{"name":"wp","href":"https:\/\/api.w.org\/{rel}","templated":true}]}}