{"id":202055,"date":"2022-02-20T13:46:46","date_gmt":"2022-02-20T12:46:46","guid":{"rendered":"https:\/\/dicodusport.fr\/blog\/?p=202055&#038;preview=true&#038;preview_id=202055"},"modified":"2022-02-20T13:46:46","modified_gmt":"2022-02-20T12:46:46","slug":"delphine-claudel-j-ai-du-mal-a-me-debrider","status":"publish","type":"post","link":"https:\/\/dicodusport.fr\/blog\/delphine-claudel-j-ai-du-mal-a-me-debrider\/","title":{"rendered":"Delphine Claudel : \u00ab\u00a0J&rsquo;ai du mal \u00e0 me d\u00e9brider\u00a0\u00bb"},"content":{"rendered":"<p style=\"text-align: justify;\"><strong><em>JO P\u00c9KIN 2022 &#8211; SKI DE FOND &#8211; <a href=\"https:\/\/dicodusport.fr\/blog\/ski-de-fond-jo-pekin-2022-classement-mass-start-30-km-femmes\/\">Septi\u00e8me du 30 kilom\u00e8tres libre dimanche<\/a>, Delphine Claudel n&rsquo;est pas pass\u00e9e loin de la m\u00e9daille de bronze sur la derni\u00e8re \u00e9preuve des JO.\u00a0<\/em><\/strong><\/p>\n<p style=\"text-align: justify;\">Apr\u00e8s un d\u00e9but de course canon, <strong>Delphine Claudel<\/strong> a lev\u00e9 le pied pour ne pas exploser. Si l&rsquo;or et l&rsquo;argent semblaient inaccessibles, la Tricolore ne passe pas loin du bronze, mais il lui en a manqu\u00e9 un petit peu dans le final. A l&rsquo;arriv\u00e9e de la course, la meilleure fondeuse fran\u00e7aise s&rsquo;est expliqu\u00e9e dans des propos repris par <em><a href=\"https:\/\/www.lequipe.fr\/Ski-de-fond\/Actualites\/Delphine-claudel-7e-sur-le-30-km-des-jo-de-pekin-il-m-en-a-manque-un-petit-peu\/1318626\" target=\"_blank\" rel=\"noopener\">L&rsquo;\u00c9quipe<\/a><\/em>.<\/p>\n<blockquote>\n<p style=\"text-align: justify;\">Apr\u00e8s le premier tour, \u00e7a allait quand m\u00eame fort donc j&rsquo;ai lev\u00e9 le pied en me disant qu&rsquo;il restait quand m\u00eame 22 km et demi, donc c&rsquo;\u00e9tait encore long. Je me suis fait un peu rattraper par un groupe. Donc je me suis refait un peu la cerise, j&rsquo;en ai profit\u00e9 pour rester \u00e0 l&rsquo;abri et on est revenues tout doucement sur Ebba Andersson. C&rsquo;est la Finlandaise avec qui je skiais qui fait troisi\u00e8me, c&rsquo;est ma d\u00e9ception. Parce qu&rsquo;il fallait avoir la t\u00eate dure comme on me l&rsquo;a dit tout au long de la course.<\/p>\n<p style=\"text-align: justify;\">Il m&rsquo;en a manqu\u00e9 un petit peu, peut-\u00eatre dans la t\u00eate et peut-\u00eatre physiquement pour finir fort. Il m&rsquo;a manqu\u00e9 de la confiance dans mon finish, dans ma capacit\u00e9 \u00e0 mettre les watts jusqu&rsquo;\u00e0 la fin et \u00e0 finir vraiment en travers. J&rsquo;ai du mal \u00e0 me d\u00e9brider, j&rsquo;arrive \u00e0 garder un rythme \u00e9lev\u00e9 mais pas \u00e0 finir comme une sprinteuse. Il y a quatre ans (\u00e0 Pyeongchang), je ne pensais pas pouvoir jouer un podium aux JO et maintenant c&rsquo;est le cas donc \u00e7a, c&rsquo;est d\u00e9j\u00e0 une belle victoire.<\/p>\n<\/blockquote>\n<p style=\"text-align: justify;\">Apr\u00e8s sa neuvi\u00e8me place sur le skiathlon, <strong>Delphine Claudel<\/strong> s&rsquo;offre donc un deuxi\u00e8me top 10 lors de ces Jeux Olympiques de P\u00e9kin 2022. A seulement 25 ans, la Fran\u00e7aise est le pr\u00e9sent et le futur de l&rsquo;\u00e9quipe de France f\u00e9minine de ski de fond, qui se cherche une leader depuis de nombreuses ann\u00e9es.<\/p>\n<blockquote class=\"twitter-tweet\">\n<p dir=\"ltr\" lang=\"fr\">&#x1f1e7;&#x1f1fb;&#x1f947; Apr\u00e8s le skiathlon et 10 km classique, Therese Johaug d\u00e9croche \u00e9galement l&rsquo;or sur la mass start ! Tr\u00e8s belle 7\u00e8me place pour Delphine Claudel ! &#x1f44f; <a href=\"https:\/\/twitter.com\/hashtag\/Beijing2022?src=hash&amp;ref_src=twsrc%5Etfw\">#Beijing2022<\/a> <a href=\"https:\/\/twitter.com\/hashtag\/Skidefond?src=hash&amp;ref_src=twsrc%5Etfw\">#Skidefond<\/a> <a href=\"https:\/\/t.co\/D3ZXBjEE5I\">https:\/\/t.co\/D3ZXBjEE5I<\/a><\/p>\n<p>\u2014 Dicodusport &#x2b50;&#x2b50; (@dicodusport) <a href=\"https:\/\/twitter.com\/dicodusport\/status\/1495255113614692354?ref_src=twsrc%5Etfw\">February 20, 2022<\/a><\/p><\/blockquote>\n<p style=\"text-align: justify;\"><script async src=\"https:\/\/platform.twitter.com\/widgets.js\" charset=\"utf-8\"><\/script><\/p>\n","protected":false},"excerpt":{"rendered":"<p>JO P\u00c9KIN 2022 &#8211; SKI DE FOND &#8211; Septi\u00e8me du 30 kilom\u00e8tres libre dimanche, Delphine Claudel n&rsquo;est pas pass\u00e9e loin de la m\u00e9daille de bronze sur la derni\u00e8re \u00e9preuve des JO.\u00a0<\/p>\n","protected":false},"author":1,"featured_media":202057,"comment_status":"open","ping_status":"closed","sticky":false,"template":"","format":"standard","meta":{"_acf_changed":false,"_daextam_enable_autolinks":"","footnotes":""},"categories":[20104],"tags":[13512,21641],"class_list":["post-202055","post","type-post","status-publish","format-standard","has-post-thumbnail","hentry","category-jo-hiver-pekin-2022","tag-delphine-claudel","tag-jeux-olympiques-de-pekin"],"acf":[],"yoast_head":"<!-- This site is optimized with the Yoast SEO Premium plugin v26.7 (Yoast SEO v26.7) - https:\/\/yoast.com\/wordpress\/plugins\/seo\/ -->\n<title>Delphine Claudel : &quot;J&#039;ai du mal \u00e0 me d\u00e9brider&quot;<\/title>\n<meta name=\"description\" content=\"JO P\u00c9KIN 2022 - SKI DE FOND - Septi\u00e8me du 30 kilom\u00e8tres libre dimanche, Delphine Claudel n&#039;est pas pass\u00e9e loin de la m\u00e9daille de bronze.\" \/>\n<meta name=\"robots\" content=\"index, follow, max-snippet:-1, max-image-preview:large, max-video-preview:-1\" \/>\n<link rel=\"canonical\" href=\"https:\/\/dicodusport.fr\/blog\/delphine-claudel-j-ai-du-mal-a-me-debrider\/\" \/>\n<meta property=\"og:locale\" content=\"fr_FR\" \/>\n<meta property=\"og:type\" content=\"article\" \/>\n<meta property=\"og:title\" content=\"Delphine Claudel : &quot;J&#039;ai du mal \u00e0 me d\u00e9brider&quot;\" \/>\n<meta property=\"og:description\" content=\"JO P\u00c9KIN 2022 - SKI DE FOND - Septi\u00e8me du 30 kilom\u00e8tres libre dimanche, Delphine Claudel n&#039;est pas pass\u00e9e loin de la m\u00e9daille de bronze.\" \/>\n<meta property=\"og:url\" content=\"https:\/\/dicodusport.fr\/blog\/delphine-claudel-j-ai-du-mal-a-me-debrider\/\" \/>\n<meta property=\"og:site_name\" content=\"Dicodusport\" \/>\n<meta property=\"article:publisher\" content=\"https:\/\/www.facebook.com\/dicodusport\" \/>\n<meta property=\"article:author\" content=\"https:\/\/www.facebook.com\/dicodusport\" \/>\n<meta property=\"article:published_time\" content=\"2022-02-20T12:46:46+00:00\" \/>\n<meta property=\"og:image\" content=\"https:\/\/dicodusport.fr\/blog\/wp-content\/uploads\/2022\/02\/Delphine-Claudel-Jai-du-mal-a\u0300-me-de\u0301brider.png\" \/>\n\t<meta property=\"og:image:width\" content=\"800\" \/>\n\t<meta property=\"og:image:height\" content=\"445\" \/>\n\t<meta property=\"og:image:type\" content=\"image\/png\" \/>\n<meta name=\"author\" content=\"Nicolas Jacquemard\" \/>\n<meta name=\"twitter:card\" content=\"summary_large_image\" \/>\n<meta name=\"twitter:title\" content=\"Delphine Claudel : &quot;J&#039;ai du mal \u00e0 me d\u00e9brider&quot;\" \/>\n<meta name=\"twitter:creator\" content=\"@https:\/\/twitter.com\/Nico_Jacquemard\" \/>\n<meta name=\"twitter:site\" content=\"@dicodusport\" \/>\n<script type=\"application\/ld+json\" class=\"yoast-schema-graph\">{\"@context\":\"https:\/\/schema.org\",\"@graph\":[{\"@type\":\"NewsArticle\",\"@id\":\"https:\/\/dicodusport.fr\/blog\/delphine-claudel-j-ai-du-mal-a-me-debrider\/#article\",\"isPartOf\":{\"@id\":\"https:\/\/dicodusport.fr\/blog\/delphine-claudel-j-ai-du-mal-a-me-debrider\/\"},\"author\":{\"name\":\"Nicolas Jacquemard\",\"@id\":\"https:\/\/dicodusport.fr\/blog\/#\/schema\/person\/55dcb50ad410894e431ed812bbb70191\"},\"headline\":\"Delphine Claudel : \u00ab\u00a0J&rsquo;ai du mal \u00e0 me d\u00e9brider\u00a0\u00bb\",\"datePublished\":\"2022-02-20T12:46:46+00:00\",\"mainEntityOfPage\":{\"@id\":\"https:\/\/dicodusport.fr\/blog\/delphine-claudel-j-ai-du-mal-a-me-debrider\/\"},\"wordCount\":429,\"commentCount\":0,\"publisher\":{\"@id\":\"https:\/\/dicodusport.fr\/blog\/#organization\"},\"image\":{\"@id\":\"https:\/\/dicodusport.fr\/blog\/delphine-claudel-j-ai-du-mal-a-me-debrider\/#primaryimage\"},\"thumbnailUrl\":\"https:\/\/dicodusport.fr\/blog\/wp-content\/uploads\/2022\/02\/Delphine-Claudel-Jai-du-mal-a\u0300-me-de\u0301brider.png\",\"keywords\":[\"Delphine Claudel\",\"Jeux Olympiques de P\u00e9kin\"],\"articleSection\":[\"JO d'hiver P\u00e9kin 2022\"],\"inLanguage\":\"fr-FR\",\"potentialAction\":[{\"@type\":\"CommentAction\",\"name\":\"Comment\",\"target\":[\"https:\/\/dicodusport.fr\/blog\/delphine-claudel-j-ai-du-mal-a-me-debrider\/#respond\"]}],\"copyrightYear\":\"2022\",\"copyrightHolder\":{\"@id\":\"https:\/\/dicodusport.fr\/blog\/#organization\"}},{\"@type\":\"WebPage\",\"@id\":\"https:\/\/dicodusport.fr\/blog\/delphine-claudel-j-ai-du-mal-a-me-debrider\/\",\"url\":\"https:\/\/dicodusport.fr\/blog\/delphine-claudel-j-ai-du-mal-a-me-debrider\/\",\"name\":\"Delphine Claudel : \\\"J'ai du mal \u00e0 me d\u00e9brider\\\"\",\"isPartOf\":{\"@id\":\"https:\/\/dicodusport.fr\/blog\/#website\"},\"primaryImageOfPage\":{\"@id\":\"https:\/\/dicodusport.fr\/blog\/delphine-claudel-j-ai-du-mal-a-me-debrider\/#primaryimage\"},\"image\":{\"@id\":\"https:\/\/dicodusport.fr\/blog\/delphine-claudel-j-ai-du-mal-a-me-debrider\/#primaryimage\"},\"thumbnailUrl\":\"https:\/\/dicodusport.fr\/blog\/wp-content\/uploads\/2022\/02\/Delphine-Claudel-Jai-du-mal-a\u0300-me-de\u0301brider.png\",\"datePublished\":\"2022-02-20T12:46:46+00:00\",\"description\":\"JO P\u00c9KIN 2022 - SKI DE FOND - Septi\u00e8me du 30 kilom\u00e8tres libre dimanche, Delphine Claudel n'est pas pass\u00e9e loin de la m\u00e9daille de bronze.\",\"breadcrumb\":{\"@id\":\"https:\/\/dicodusport.fr\/blog\/delphine-claudel-j-ai-du-mal-a-me-debrider\/#breadcrumb\"},\"inLanguage\":\"fr-FR\",\"potentialAction\":[{\"@type\":\"ReadAction\",\"target\":[\"https:\/\/dicodusport.fr\/blog\/delphine-claudel-j-ai-du-mal-a-me-debrider\/\"]}]},{\"@type\":\"ImageObject\",\"inLanguage\":\"fr-FR\",\"@id\":\"https:\/\/dicodusport.fr\/blog\/delphine-claudel-j-ai-du-mal-a-me-debrider\/#primaryimage\",\"url\":\"https:\/\/dicodusport.fr\/blog\/wp-content\/uploads\/2022\/02\/Delphine-Claudel-Jai-du-mal-a\u0300-me-de\u0301brider.png\",\"contentUrl\":\"https:\/\/dicodusport.fr\/blog\/wp-content\/uploads\/2022\/02\/Delphine-Claudel-Jai-du-mal-a\u0300-me-de\u0301brider.png\",\"width\":800,\"height\":445},{\"@type\":\"BreadcrumbList\",\"@id\":\"https:\/\/dicodusport.fr\/blog\/delphine-claudel-j-ai-du-mal-a-me-debrider\/#breadcrumb\",\"itemListElement\":[{\"@type\":\"ListItem\",\"position\":1,\"name\":\"Accueil\",\"item\":\"https:\/\/dicodusport.fr\/blog\/\"},{\"@type\":\"ListItem\",\"position\":2,\"name\":\"Delphine Claudel : \u00ab\u00a0J&rsquo;ai du mal \u00e0 me d\u00e9brider\u00a0\u00bb\"}]},{\"@type\":\"WebSite\",\"@id\":\"https:\/\/dicodusport.fr\/blog\/#website\",\"url\":\"https:\/\/dicodusport.fr\/blog\/\",\"name\":\"Dicodusport\",\"description\":\"L&#039;encyclop\u00e9die de l&#039;actualit\u00e9 sportive\",\"publisher\":{\"@id\":\"https:\/\/dicodusport.fr\/blog\/#organization\"},\"potentialAction\":[{\"@type\":\"SearchAction\",\"target\":{\"@type\":\"EntryPoint\",\"urlTemplate\":\"https:\/\/dicodusport.fr\/blog\/?s={search_term_string}\"},\"query-input\":{\"@type\":\"PropertyValueSpecification\",\"valueRequired\":true,\"valueName\":\"search_term_string\"}}],\"inLanguage\":\"fr-FR\"},{\"@type\":\"NewsMediaOrganization\",\"@id\":\"https:\/\/dicodusport.fr\/blog\/#organization\",\"name\":\"Dicodusport\",\"url\":\"https:\/\/dicodusport.fr\/blog\/\",\"logo\":{\"@type\":\"ImageObject\",\"inLanguage\":\"fr-FR\",\"@id\":\"https:\/\/dicodusport.fr\/blog\/#\/schema\/logo\/image\/\",\"url\":\"https:\/\/dicodusport.fr\/blog\/wp-content\/uploads\/2020\/06\/cropped-LOGO-DICODUSPORT-2020-SANS-FOND-SANS-TEXTE.png\",\"contentUrl\":\"https:\/\/dicodusport.fr\/blog\/wp-content\/uploads\/2020\/06\/cropped-LOGO-DICODUSPORT-2020-SANS-FOND-SANS-TEXTE.png\",\"width\":512,\"height\":512,\"caption\":\"Dicodusport\"},\"image\":{\"@id\":\"https:\/\/dicodusport.fr\/blog\/#\/schema\/logo\/image\/\"},\"sameAs\":[\"https:\/\/www.facebook.com\/dicodusport\",\"https:\/\/x.com\/dicodusport\",\"https:\/\/www.instagram.com\/dicodusport\/\",\"https:\/\/www.youtube.com\/channel\/UC7V2KZ5sd3htJivAbA4ZG3w\"],\"description\":\"Dicodusport est l'encyclop\u00e9die de l'actualit\u00e9 sportive.\",\"email\":\"bonjour@dicodusport.fr\",\"legalName\":\"DICODUSPORT\",\"foundingDate\":\"2018-01-14\",\"vatID\":\"FR71834470973\",\"taxID\":\"83447097300043\",\"numberOfEmployees\":{\"@type\":\"QuantitativeValue\",\"minValue\":\"1\",\"maxValue\":\"10\"}},{\"@type\":\"Person\",\"@id\":\"https:\/\/dicodusport.fr\/blog\/#\/schema\/person\/55dcb50ad410894e431ed812bbb70191\",\"name\":\"Nicolas Jacquemard\",\"image\":{\"@type\":\"ImageObject\",\"inLanguage\":\"fr-FR\",\"@id\":\"https:\/\/dicodusport.fr\/blog\/#\/schema\/person\/image\/\",\"url\":\"https:\/\/dicodusport.fr\/blog\/wp-content\/uploads\/2021\/05\/Nicolas-Jacquemard-150x150.jpeg\",\"contentUrl\":\"https:\/\/dicodusport.fr\/blog\/wp-content\/uploads\/2021\/05\/Nicolas-Jacquemard-150x150.jpeg\",\"caption\":\"Nicolas Jacquemard\"},\"description\":\"Passionn\u00e9 de sport et entrepreneur depuis mes 18 ans, la cr\u00e9ation de Dicodusport m'a sembl\u00e9 \u00e9vidente pour participer \u00e0 la m\u00e9diatisation d'un plus grand nombre de sports. Le chemin est long mais avec une \u00e9quipe des plus motiv\u00e9es et les Jeux Olympiques de Paris 2024 en point de mire, nous y arriverons ! Journaliste dans le monde du sport depuis plus de 5 ans, je traite aussi bien de football, de rugby, de biathlon que de cyclisme.\",\"sameAs\":[\"https:\/\/www.facebook.com\/dicodusport\",\"https:\/\/x.com\/https:\/\/twitter.com\/Nico_Jacquemard\"],\"url\":\"https:\/\/dicodusport.fr\/blog\/author\/dicodusport\/\"}]}<\/script>\n<!-- \/ Yoast SEO Premium plugin. -->","yoast_head_json":{"title":"Delphine Claudel : \"J'ai du mal \u00e0 me d\u00e9brider\"","description":"JO P\u00c9KIN 2022 - SKI DE FOND - Septi\u00e8me du 30 kilom\u00e8tres libre dimanche, Delphine Claudel n'est pas pass\u00e9e loin de la m\u00e9daille de bronze.","robots":{"index":"index","follow":"follow","max-snippet":"max-snippet:-1","max-image-preview":"max-image-preview:large","max-video-preview":"max-video-preview:-1"},"canonical":"https:\/\/dicodusport.fr\/blog\/delphine-claudel-j-ai-du-mal-a-me-debrider\/","og_locale":"fr_FR","og_type":"article","og_title":"Delphine Claudel : \"J'ai du mal \u00e0 me d\u00e9brider\"","og_description":"JO P\u00c9KIN 2022 - SKI DE FOND - Septi\u00e8me du 30 kilom\u00e8tres libre dimanche, Delphine Claudel n'est pas pass\u00e9e loin de la m\u00e9daille de bronze.","og_url":"https:\/\/dicodusport.fr\/blog\/delphine-claudel-j-ai-du-mal-a-me-debrider\/","og_site_name":"Dicodusport","article_publisher":"https:\/\/www.facebook.com\/dicodusport","article_author":"https:\/\/www.facebook.com\/dicodusport","article_published_time":"2022-02-20T12:46:46+00:00","og_image":[{"width":800,"height":445,"url":"https:\/\/dicodusport.fr\/blog\/wp-content\/uploads\/2022\/02\/Delphine-Claudel-Jai-du-mal-a\u0300-me-de\u0301brider.png","type":"image\/png"}],"author":"Nicolas Jacquemard","twitter_card":"summary_large_image","twitter_title":"Delphine Claudel : \"J'ai du mal \u00e0 me d\u00e9brider\"","twitter_creator":"@https:\/\/twitter.com\/Nico_Jacquemard","twitter_site":"@dicodusport","schema":{"@context":"https:\/\/schema.org","@graph":[{"@type":"NewsArticle","@id":"https:\/\/dicodusport.fr\/blog\/delphine-claudel-j-ai-du-mal-a-me-debrider\/#article","isPartOf":{"@id":"https:\/\/dicodusport.fr\/blog\/delphine-claudel-j-ai-du-mal-a-me-debrider\/"},"author":{"name":"Nicolas Jacquemard","@id":"https:\/\/dicodusport.fr\/blog\/#\/schema\/person\/55dcb50ad410894e431ed812bbb70191"},"headline":"Delphine Claudel : \u00ab\u00a0J&rsquo;ai du mal \u00e0 me d\u00e9brider\u00a0\u00bb","datePublished":"2022-02-20T12:46:46+00:00","mainEntityOfPage":{"@id":"https:\/\/dicodusport.fr\/blog\/delphine-claudel-j-ai-du-mal-a-me-debrider\/"},"wordCount":429,"commentCount":0,"publisher":{"@id":"https:\/\/dicodusport.fr\/blog\/#organization"},"image":{"@id":"https:\/\/dicodusport.fr\/blog\/delphine-claudel-j-ai-du-mal-a-me-debrider\/#primaryimage"},"thumbnailUrl":"https:\/\/dicodusport.fr\/blog\/wp-content\/uploads\/2022\/02\/Delphine-Claudel-Jai-du-mal-a\u0300-me-de\u0301brider.png","keywords":["Delphine Claudel","Jeux Olympiques de P\u00e9kin"],"articleSection":["JO d'hiver P\u00e9kin 2022"],"inLanguage":"fr-FR","potentialAction":[{"@type":"CommentAction","name":"Comment","target":["https:\/\/dicodusport.fr\/blog\/delphine-claudel-j-ai-du-mal-a-me-debrider\/#respond"]}],"copyrightYear":"2022","copyrightHolder":{"@id":"https:\/\/dicodusport.fr\/blog\/#organization"}},{"@type":"WebPage","@id":"https:\/\/dicodusport.fr\/blog\/delphine-claudel-j-ai-du-mal-a-me-debrider\/","url":"https:\/\/dicodusport.fr\/blog\/delphine-claudel-j-ai-du-mal-a-me-debrider\/","name":"Delphine Claudel : \"J'ai du mal \u00e0 me d\u00e9brider\"","isPartOf":{"@id":"https:\/\/dicodusport.fr\/blog\/#website"},"primaryImageOfPage":{"@id":"https:\/\/dicodusport.fr\/blog\/delphine-claudel-j-ai-du-mal-a-me-debrider\/#primaryimage"},"image":{"@id":"https:\/\/dicodusport.fr\/blog\/delphine-claudel-j-ai-du-mal-a-me-debrider\/#primaryimage"},"thumbnailUrl":"https:\/\/dicodusport.fr\/blog\/wp-content\/uploads\/2022\/02\/Delphine-Claudel-Jai-du-mal-a\u0300-me-de\u0301brider.png","datePublished":"2022-02-20T12:46:46+00:00","description":"JO P\u00c9KIN 2022 - SKI DE FOND - Septi\u00e8me du 30 kilom\u00e8tres libre dimanche, Delphine Claudel n'est pas pass\u00e9e loin de la m\u00e9daille de bronze.","breadcrumb":{"@id":"https:\/\/dicodusport.fr\/blog\/delphine-claudel-j-ai-du-mal-a-me-debrider\/#breadcrumb"},"inLanguage":"fr-FR","potentialAction":[{"@type":"ReadAction","target":["https:\/\/dicodusport.fr\/blog\/delphine-claudel-j-ai-du-mal-a-me-debrider\/"]}]},{"@type":"ImageObject","inLanguage":"fr-FR","@id":"https:\/\/dicodusport.fr\/blog\/delphine-claudel-j-ai-du-mal-a-me-debrider\/#primaryimage","url":"https:\/\/dicodusport.fr\/blog\/wp-content\/uploads\/2022\/02\/Delphine-Claudel-Jai-du-mal-a\u0300-me-de\u0301brider.png","contentUrl":"https:\/\/dicodusport.fr\/blog\/wp-content\/uploads\/2022\/02\/Delphine-Claudel-Jai-du-mal-a\u0300-me-de\u0301brider.png","width":800,"height":445},{"@type":"BreadcrumbList","@id":"https:\/\/dicodusport.fr\/blog\/delphine-claudel-j-ai-du-mal-a-me-debrider\/#breadcrumb","itemListElement":[{"@type":"ListItem","position":1,"name":"Accueil","item":"https:\/\/dicodusport.fr\/blog\/"},{"@type":"ListItem","position":2,"name":"Delphine Claudel : \u00ab\u00a0J&rsquo;ai du mal \u00e0 me d\u00e9brider\u00a0\u00bb"}]},{"@type":"WebSite","@id":"https:\/\/dicodusport.fr\/blog\/#website","url":"https:\/\/dicodusport.fr\/blog\/","name":"Dicodusport","description":"L&#039;encyclop\u00e9die de l&#039;actualit\u00e9 sportive","publisher":{"@id":"https:\/\/dicodusport.fr\/blog\/#organization"},"potentialAction":[{"@type":"SearchAction","target":{"@type":"EntryPoint","urlTemplate":"https:\/\/dicodusport.fr\/blog\/?s={search_term_string}"},"query-input":{"@type":"PropertyValueSpecification","valueRequired":true,"valueName":"search_term_string"}}],"inLanguage":"fr-FR"},{"@type":"NewsMediaOrganization","@id":"https:\/\/dicodusport.fr\/blog\/#organization","name":"Dicodusport","url":"https:\/\/dicodusport.fr\/blog\/","logo":{"@type":"ImageObject","inLanguage":"fr-FR","@id":"https:\/\/dicodusport.fr\/blog\/#\/schema\/logo\/image\/","url":"https:\/\/dicodusport.fr\/blog\/wp-content\/uploads\/2020\/06\/cropped-LOGO-DICODUSPORT-2020-SANS-FOND-SANS-TEXTE.png","contentUrl":"https:\/\/dicodusport.fr\/blog\/wp-content\/uploads\/2020\/06\/cropped-LOGO-DICODUSPORT-2020-SANS-FOND-SANS-TEXTE.png","width":512,"height":512,"caption":"Dicodusport"},"image":{"@id":"https:\/\/dicodusport.fr\/blog\/#\/schema\/logo\/image\/"},"sameAs":["https:\/\/www.facebook.com\/dicodusport","https:\/\/x.com\/dicodusport","https:\/\/www.instagram.com\/dicodusport\/","https:\/\/www.youtube.com\/channel\/UC7V2KZ5sd3htJivAbA4ZG3w"],"description":"Dicodusport est l'encyclop\u00e9die de l'actualit\u00e9 sportive.","email":"bonjour@dicodusport.fr","legalName":"DICODUSPORT","foundingDate":"2018-01-14","vatID":"FR71834470973","taxID":"83447097300043","numberOfEmployees":{"@type":"QuantitativeValue","minValue":"1","maxValue":"10"}},{"@type":"Person","@id":"https:\/\/dicodusport.fr\/blog\/#\/schema\/person\/55dcb50ad410894e431ed812bbb70191","name":"Nicolas Jacquemard","image":{"@type":"ImageObject","inLanguage":"fr-FR","@id":"https:\/\/dicodusport.fr\/blog\/#\/schema\/person\/image\/","url":"https:\/\/dicodusport.fr\/blog\/wp-content\/uploads\/2021\/05\/Nicolas-Jacquemard-150x150.jpeg","contentUrl":"https:\/\/dicodusport.fr\/blog\/wp-content\/uploads\/2021\/05\/Nicolas-Jacquemard-150x150.jpeg","caption":"Nicolas Jacquemard"},"description":"Passionn\u00e9 de sport et entrepreneur depuis mes 18 ans, la cr\u00e9ation de Dicodusport m'a sembl\u00e9 \u00e9vidente pour participer \u00e0 la m\u00e9diatisation d'un plus grand nombre de sports. Le chemin est long mais avec une \u00e9quipe des plus motiv\u00e9es et les Jeux Olympiques de Paris 2024 en point de mire, nous y arriverons ! Journaliste dans le monde du sport depuis plus de 5 ans, je traite aussi bien de football, de rugby, de biathlon que de cyclisme.","sameAs":["https:\/\/www.facebook.com\/dicodusport","https:\/\/x.com\/https:\/\/twitter.com\/Nico_Jacquemard"],"url":"https:\/\/dicodusport.fr\/blog\/author\/dicodusport\/"}]}},"_links":{"self":[{"href":"https:\/\/dicodusport.fr\/blog\/wp-json\/wp\/v2\/posts\/202055","targetHints":{"allow":["GET"]}}],"collection":[{"href":"https:\/\/dicodusport.fr\/blog\/wp-json\/wp\/v2\/posts"}],"about":[{"href":"https:\/\/dicodusport.fr\/blog\/wp-json\/wp\/v2\/types\/post"}],"author":[{"embeddable":true,"href":"https:\/\/dicodusport.fr\/blog\/wp-json\/wp\/v2\/users\/1"}],"replies":[{"embeddable":true,"href":"https:\/\/dicodusport.fr\/blog\/wp-json\/wp\/v2\/comments?post=202055"}],"version-history":[{"count":0,"href":"https:\/\/dicodusport.fr\/blog\/wp-json\/wp\/v2\/posts\/202055\/revisions"}],"wp:featuredmedia":[{"embeddable":true,"href":"https:\/\/dicodusport.fr\/blog\/wp-json\/wp\/v2\/media\/202057"}],"wp:attachment":[{"href":"https:\/\/dicodusport.fr\/blog\/wp-json\/wp\/v2\/media?parent=202055"}],"wp:term":[{"taxonomy":"category","embeddable":true,"href":"https:\/\/dicodusport.fr\/blog\/wp-json\/wp\/v2\/categories?post=202055"},{"taxonomy":"post_tag","embeddable":true,"href":"https:\/\/dicodusport.fr\/blog\/wp-json\/wp\/v2\/tags?post=202055"}],"curies":[{"name":"wp","href":"https:\/\/api.w.org\/{rel}","templated":true}]}}