{"id":202142,"date":"2022-02-20T18:34:30","date_gmt":"2022-02-20T17:34:30","guid":{"rendered":"https:\/\/dicodusport.fr\/blog\/?p=202142&#038;preview=true&#038;preview_id=202142"},"modified":"2022-02-20T20:31:48","modified_gmt":"2022-02-20T19:31:48","slug":"tour-dalgarve-sergio-higuita-remporte-la-derniere-etape-remco-evenepoel-le-general","status":"publish","type":"post","link":"https:\/\/dicodusport.fr\/blog\/tour-dalgarve-sergio-higuita-remporte-la-derniere-etape-remco-evenepoel-le-general\/","title":{"rendered":"Tour d&rsquo;Algarve : Sergio Higuita remporte la derni\u00e8re \u00e9tape, Remco Evenepoel le g\u00e9n\u00e9ral"},"content":{"rendered":"<p style=\"text-align: justify;\"><em><strong><a href=\"https:\/\/dicodusport.fr\/blog\/actualites\/cyclisme\/cyclisme-sur-route-2022\/\">CYCLISME SUR ROUTE 2022<\/a> &#8211; Sergio Higuita (Bora-Hansgrohe) s&rsquo;est impos\u00e9 au sprint au sommet de l&rsquo;Alto do Malhao lors de la 5\u00e8me \u00e9tape du 48e Tour d&rsquo;Algarve. Il a devanc\u00e9 Daniel Felipe Martinez (INEOS Grenadiers) et Brandon McNulty (UAE Team Emirates). Remco Evenepoel (Quick-Step Alpha Vinyl) a remport\u00e9 le classement g\u00e9n\u00e9ral.\u00a0<\/strong> <\/em><\/p>\n<h2 style=\"text-align: justify;\">Une grosse \u00e9chapp\u00e9e pour animer le d\u00e9but de la course<\/h2>\n<p style=\"text-align: justify;\">Apr\u00e8s 20 kilom\u00e8tres de course, 20 coureurs ont form\u00e9 l&rsquo;\u00e9chapp\u00e9e du jour. <strong>Jos\u00e9 Neves<\/strong> (W52 \/ FC Porto), <strong>Thomas Pidcock<\/strong> (INEOS Grenadiers), <strong>Michele Gazzoli<\/strong> (Astana Qazaqstan Team), <strong>Lukas P\u00f6stlberger<\/strong> (BORA Hansgrohe), <strong>Fabian Lienhard<\/strong> (Groupama &#8211; FDJ) et <strong>Georg Zimmermann<\/strong> (Intermarch\u00e9 &#8211; Wanty &#8211; Gobert Mat\u00e9riaux).<\/p>\n<p style=\"text-align: justify;\">Mais aussi <strong>Pascal<\/strong> <strong>Eenkhoorn<\/strong>, <strong>Johannes Staune-Mittet<\/strong> (Jumbo-Visma), Yves Lampaert (Quick-Step Alpha Vinyl), <strong>Juan Pedro L\u00f3pez<\/strong> (Trek &#8211; Segafredo), <strong>Ivo Oliveira<\/strong> (UAE Team Emirates), Joel Nicolau (Caja Rural &#8211; Seguros RGA), <strong>Iker Ballarin<\/strong> (Euskaltel &#8211; Euskadi), <strong>Dries De Bondt,<\/strong> <strong>Oscar Risesebeek<\/strong> (Alpecin Fenix), Nickolas Zukowsky (Human Powered Health),<strong> Jo\u00e3o Matias<\/strong> (Tavfer-Mort\u00e1gua-Ovos Matinados),<strong> C\u00e9sar Fonte<\/strong> (Kelly \/ Simoldes \/ UDO), Rafael Reis (Glassdrive Q8 Anicolor) et <strong>Anthony Delaplace<\/strong> (Team Ark\u00e9a Samsic). Malheureusement, victime d&rsquo;une chute \u00e0 82 kilom\u00e8tres de l&rsquo;arriv\u00e9e, <strong>Oscar Risesebeek<\/strong> (Alpecin Fenix) a \u00e9t\u00e9 contraint \u00e0 l&rsquo;abandon. Du c\u00f4t\u00e9 du peloton, l&rsquo;\u00e9quipe <strong>Quick-Step Alpha Vinyl<\/strong> a laiss\u00e9 l&rsquo;\u00e9cart aller jusqu&rsquo;\u00e0 3 minutes.<\/p>\n<h2 style=\"text-align: justify;\">INEOS Grenadiers tente de faire trembler Remco<\/h2>\n<p style=\"text-align: justify;\">Ensuite, <strong>Dries De Bondt<\/strong> (Alpecin Fenix), <strong>Ivo Oliveira<\/strong> (UAE Team Emirates) et <strong>Georg Zimmermann<\/strong> (Intermarch\u00e9 &#8211; Wanty &#8211; Gobert Mat\u00e9riaux) se sont extirp\u00e9s du groupe de t\u00eate \u00e0 33 kilom\u00e8tres du terme alors que l&rsquo;avance est pass\u00e9e sous les 2 minutes. Mais dans la premi\u00e8re ascension de l&rsquo;Alto do Malhao, <strong>Oliveira<\/strong> a \u00e9t\u00e9 l\u00e2ch\u00e9 par ses compagnons de fugue. Tandis que dans le peloton, <strong>Daniel Felipe Martinez<\/strong> (INEOS Grenadiers) a port\u00e9 la premi\u00e8re attaque entre les favoris pour constituer un groupe de 15 coureurs. 2e du classement g\u00e9n\u00e9ral, <strong>Ethan Hayter<\/strong> (INEOS Grenadiers) a \u00e9t\u00e9 distanc\u00e9.<\/p>\n<p style=\"text-align: justify;\">Puis, \u00e0 19 kilom\u00e8tres de l&rsquo;arriv\u00e9e, les deux hommes de t\u00eate ont \u00e9t\u00e9 repris par le peloton des favoris alors que <strong>Jonathan Castroviejo<\/strong> (INEOS Grenadiers) a ramen\u00e9 un groupe avec <strong>Hayter<\/strong> avant le pied de l&rsquo;ultime mont\u00e9e. Apr\u00e8s un dernier relai de son \u00e9quipier <strong>Louis Vervaeke, Remco Evenepoel<\/strong> (Quick-Step Alpha Vinyl) a acc\u00e9l\u00e9r\u00e9 l&rsquo;allure pour mettre en difficult\u00e9 des adversaires tels que <strong>Tobias Foss<\/strong> (Jumbo Visma).<\/p>\n<h2 style=\"text-align: justify;\">Remco Evenepoel g\u00e8re le final en patron<\/h2>\n<p style=\"text-align: justify;\">Finalement, apr\u00e8s une premi\u00e8re attaque de <strong>Brandon McNulty<\/strong> (UAE Team Emirates), <strong>Daniel Felipe Martinez<\/strong> (INEOS Grenadiers) a abord\u00e9 l&rsquo;ultime ligne droite en t\u00eate. Mais, il a \u00e9t\u00e9 d\u00e9pass\u00e9 dans les derniers m\u00e8tres par le champion de Colombie sur route <strong>Sergio Higuita<\/strong> (Bora Hansgrohe). McNulty a fini 3e juste devant <strong>David Gaudu<\/strong> (Groupama FDJ). 5e \u00e0 9 secondes, <strong>Remco Evenepoel<\/strong> (Quick-Step Alpha Vinyl) s&rsquo;est impos\u00e9 pour la deuxi\u00e8me fois de sa carri\u00e8re sur l&rsquo;\u00e9preuve par \u00e9tapes portugaise apr\u00e8s 2020. Le jeune belge a devanc\u00e9 McNulty de 1 minute et 19 secondes et Daniel Felipe Martinez de 1 minute et 21 secondes.<\/p>\n<blockquote class=\"twitter-tweet\">\n<p dir=\"ltr\" lang=\"und\"><a href=\"https:\/\/t.co\/bs2BEbsy8X\">pic.twitter.com\/bs2BEbsy8X<\/a><\/p>\n<p>\u2014 Paul Moutarde (@PaulMoutarde) <a href=\"https:\/\/twitter.com\/PaulMoutarde\/status\/1495451083317125122?ref_src=twsrc%5Etfw\">February 20, 2022<\/a><\/p><\/blockquote>\n<p><script async src=\"https:\/\/platform.twitter.com\/widgets.js\" charset=\"utf-8\"><\/script><\/p>\n<h2 style=\"text-align: justify;\"><strong>\u00c0 lire aussi<\/strong><\/h2>\n<ul>\n<li style=\"text-align: justify;\"><a href=\"https:\/\/dicodusport.fr\/blog\/tour-de-l-algarve-2022-classement-5eme-etape\/\"><strong>Le classement de la 5\u00e8me \u00e9tape<\/strong><\/a><\/li>\n<li style=\"text-align: justify;\"><a href=\"https:\/\/dicodusport.fr\/blog\/tour-de-algarve-2022-classement-general\/\"><strong>Le classement g\u00e9n\u00e9ral<\/strong><\/a><\/li>\n<\/ul>\n<p>&nbsp;<\/p>\n","protected":false},"excerpt":{"rendered":"<p>CYCLISME SUR ROUTE 2022 &#8211; Sergio Higuita (Bora-Hansgrohe) s&rsquo;est impos\u00e9 au sprint au sommet du Alto do Malhao lors de la 5\u00e8me \u00e9tape du 48e Tour d&rsquo;Algarve. Il a devanc\u00e9 Daniel Felipe Martinez (INEOS Grenadiers) et Brandon McNulty (UAE Team Emirates). Remco Evenepoel (Quick-Step Alpha Vinyl) a remport\u00e9 le classement g\u00e9n\u00e9ral.\u00a0<\/p>\n","protected":false},"author":48,"featured_media":202192,"comment_status":"open","ping_status":"closed","sticky":false,"template":"","format":"standard","meta":{"_acf_changed":false,"_daextam_enable_autolinks":"","footnotes":""},"categories":[46994],"tags":[3119,9973],"class_list":["post-202142","post","type-post","status-publish","format-standard","has-post-thumbnail","hentry","category-cyclisme-sur-route","tag-actualite-cyclisme","tag-tour-dalgarve"],"acf":[],"yoast_head":"<!-- This site is optimized with the Yoast SEO Premium plugin v26.7 (Yoast SEO v26.7) - https:\/\/yoast.com\/wordpress\/plugins\/seo\/ -->\n<title>Tour d&#039;Algarve : Sergio Higuita remporte la derni\u00e8re \u00e9tape, Remco Evenepoel le g\u00e9n\u00e9ral<\/title>\n<meta name=\"description\" content=\"CYCLISME SUR ROUTE 2022 - Sergio Higuita (Bora-Hansgrohe) s&#039;est impos\u00e9 au sprint au sommet de l&#039;Alto do Malhao lors de la 5\u00e8me \u00e9tape du Tour d&#039;Algarve.\" \/>\n<meta name=\"robots\" content=\"index, follow, max-snippet:-1, max-image-preview:large, max-video-preview:-1\" \/>\n<link rel=\"canonical\" href=\"https:\/\/dicodusport.fr\/blog\/tour-dalgarve-sergio-higuita-remporte-la-derniere-etape-remco-evenepoel-le-general\/\" \/>\n<meta property=\"og:locale\" content=\"fr_FR\" \/>\n<meta property=\"og:type\" content=\"article\" \/>\n<meta property=\"og:title\" content=\"Tour d&#039;Algarve : Sergio Higuita remporte la derni\u00e8re \u00e9tape, Remco Evenepoel le g\u00e9n\u00e9ral\" \/>\n<meta property=\"og:description\" content=\"CYCLISME SUR ROUTE 2022 - Sergio Higuita (Bora-Hansgrohe) s&#039;est impos\u00e9 au sprint au sommet de l&#039;Alto do Malhao lors de la 5\u00e8me \u00e9tape du Tour d&#039;Algarve.\" \/>\n<meta property=\"og:url\" content=\"https:\/\/dicodusport.fr\/blog\/tour-dalgarve-sergio-higuita-remporte-la-derniere-etape-remco-evenepoel-le-general\/\" \/>\n<meta property=\"og:site_name\" content=\"Dicodusport\" \/>\n<meta property=\"article:publisher\" content=\"https:\/\/www.facebook.com\/dicodusport\" \/>\n<meta property=\"article:author\" content=\"https:\/\/www.facebook.com\/groups\/LesRoisDuPeloton\" \/>\n<meta property=\"article:published_time\" content=\"2022-02-20T17:34:30+00:00\" \/>\n<meta property=\"article:modified_time\" content=\"2022-02-20T19:31:48+00:00\" \/>\n<meta property=\"og:image\" content=\"https:\/\/dicodusport.fr\/blog\/wp-content\/uploads\/2022\/02\/Tour-dAlgarve-Sergio-Higuita-remporte-la-derniere-etape-Remco-Evenepoel-le-general-1.png\" \/>\n\t<meta property=\"og:image:width\" content=\"800\" \/>\n\t<meta property=\"og:image:height\" content=\"445\" \/>\n\t<meta property=\"og:image:type\" content=\"image\/png\" \/>\n<meta name=\"author\" content=\"Emilien Descampiaux\" \/>\n<meta name=\"twitter:card\" content=\"summary_large_image\" \/>\n<meta name=\"twitter:title\" content=\"Tour d&#039;Algarve : Sergio Higuita remporte la derni\u00e8re \u00e9tape, Remco Evenepoel le g\u00e9n\u00e9ral\" \/>\n<meta name=\"twitter:creator\" content=\"@https:\/\/twitter.com\/LRoisDuPeloton\" \/>\n<meta name=\"twitter:site\" content=\"@dicodusport\" \/>\n<script type=\"application\/ld+json\" class=\"yoast-schema-graph\">{\"@context\":\"https:\/\/schema.org\",\"@graph\":[{\"@type\":\"NewsArticle\",\"@id\":\"https:\/\/dicodusport.fr\/blog\/tour-dalgarve-sergio-higuita-remporte-la-derniere-etape-remco-evenepoel-le-general\/#article\",\"isPartOf\":{\"@id\":\"https:\/\/dicodusport.fr\/blog\/tour-dalgarve-sergio-higuita-remporte-la-derniere-etape-remco-evenepoel-le-general\/\"},\"author\":{\"name\":\"Emilien Descampiaux\",\"@id\":\"https:\/\/dicodusport.fr\/blog\/#\/schema\/person\/6db4bae06b171592211be385b32876a7\"},\"headline\":\"Tour d&rsquo;Algarve : Sergio Higuita remporte la derni\u00e8re \u00e9tape, Remco Evenepoel le g\u00e9n\u00e9ral\",\"datePublished\":\"2022-02-20T17:34:30+00:00\",\"dateModified\":\"2022-02-20T19:31:48+00:00\",\"mainEntityOfPage\":{\"@id\":\"https:\/\/dicodusport.fr\/blog\/tour-dalgarve-sergio-higuita-remporte-la-derniere-etape-remco-evenepoel-le-general\/\"},\"wordCount\":560,\"commentCount\":0,\"publisher\":{\"@id\":\"https:\/\/dicodusport.fr\/blog\/#organization\"},\"image\":{\"@id\":\"https:\/\/dicodusport.fr\/blog\/tour-dalgarve-sergio-higuita-remporte-la-derniere-etape-remco-evenepoel-le-general\/#primaryimage\"},\"thumbnailUrl\":\"https:\/\/dicodusport.fr\/blog\/wp-content\/uploads\/2022\/02\/Tour-dAlgarve-Sergio-Higuita-remporte-la-derniere-etape-Remco-Evenepoel-le-general-1.png\",\"keywords\":[\"Actualit\u00e9 Cyclisme\",\"Tour d'Algarve\"],\"articleSection\":[\"Cyclisme sur route\"],\"inLanguage\":\"fr-FR\",\"potentialAction\":[{\"@type\":\"CommentAction\",\"name\":\"Comment\",\"target\":[\"https:\/\/dicodusport.fr\/blog\/tour-dalgarve-sergio-higuita-remporte-la-derniere-etape-remco-evenepoel-le-general\/#respond\"]}],\"copyrightYear\":\"2022\",\"copyrightHolder\":{\"@id\":\"https:\/\/dicodusport.fr\/blog\/#organization\"}},{\"@type\":\"WebPage\",\"@id\":\"https:\/\/dicodusport.fr\/blog\/tour-dalgarve-sergio-higuita-remporte-la-derniere-etape-remco-evenepoel-le-general\/\",\"url\":\"https:\/\/dicodusport.fr\/blog\/tour-dalgarve-sergio-higuita-remporte-la-derniere-etape-remco-evenepoel-le-general\/\",\"name\":\"Tour d'Algarve : Sergio Higuita remporte la derni\u00e8re \u00e9tape, Remco Evenepoel le g\u00e9n\u00e9ral\",\"isPartOf\":{\"@id\":\"https:\/\/dicodusport.fr\/blog\/#website\"},\"primaryImageOfPage\":{\"@id\":\"https:\/\/dicodusport.fr\/blog\/tour-dalgarve-sergio-higuita-remporte-la-derniere-etape-remco-evenepoel-le-general\/#primaryimage\"},\"image\":{\"@id\":\"https:\/\/dicodusport.fr\/blog\/tour-dalgarve-sergio-higuita-remporte-la-derniere-etape-remco-evenepoel-le-general\/#primaryimage\"},\"thumbnailUrl\":\"https:\/\/dicodusport.fr\/blog\/wp-content\/uploads\/2022\/02\/Tour-dAlgarve-Sergio-Higuita-remporte-la-derniere-etape-Remco-Evenepoel-le-general-1.png\",\"datePublished\":\"2022-02-20T17:34:30+00:00\",\"dateModified\":\"2022-02-20T19:31:48+00:00\",\"description\":\"CYCLISME SUR ROUTE 2022 - Sergio Higuita (Bora-Hansgrohe) s'est impos\u00e9 au sprint au sommet de l'Alto do Malhao lors de la 5\u00e8me \u00e9tape du Tour d'Algarve.\",\"breadcrumb\":{\"@id\":\"https:\/\/dicodusport.fr\/blog\/tour-dalgarve-sergio-higuita-remporte-la-derniere-etape-remco-evenepoel-le-general\/#breadcrumb\"},\"inLanguage\":\"fr-FR\",\"potentialAction\":[{\"@type\":\"ReadAction\",\"target\":[\"https:\/\/dicodusport.fr\/blog\/tour-dalgarve-sergio-higuita-remporte-la-derniere-etape-remco-evenepoel-le-general\/\"]}]},{\"@type\":\"ImageObject\",\"inLanguage\":\"fr-FR\",\"@id\":\"https:\/\/dicodusport.fr\/blog\/tour-dalgarve-sergio-higuita-remporte-la-derniere-etape-remco-evenepoel-le-general\/#primaryimage\",\"url\":\"https:\/\/dicodusport.fr\/blog\/wp-content\/uploads\/2022\/02\/Tour-dAlgarve-Sergio-Higuita-remporte-la-derniere-etape-Remco-Evenepoel-le-general-1.png\",\"contentUrl\":\"https:\/\/dicodusport.fr\/blog\/wp-content\/uploads\/2022\/02\/Tour-dAlgarve-Sergio-Higuita-remporte-la-derniere-etape-Remco-Evenepoel-le-general-1.png\",\"width\":800,\"height\":445,\"caption\":\"Tour d'Algarve Sergio Higuita remporte la derni\u00e8re \u00e9tape, Remco Evenepoel le g\u00e9n\u00e9ral (1)\"},{\"@type\":\"BreadcrumbList\",\"@id\":\"https:\/\/dicodusport.fr\/blog\/tour-dalgarve-sergio-higuita-remporte-la-derniere-etape-remco-evenepoel-le-general\/#breadcrumb\",\"itemListElement\":[{\"@type\":\"ListItem\",\"position\":1,\"name\":\"Accueil\",\"item\":\"https:\/\/dicodusport.fr\/blog\/\"},{\"@type\":\"ListItem\",\"position\":2,\"name\":\"Tour d&rsquo;Algarve : Sergio Higuita remporte la derni\u00e8re \u00e9tape, Remco Evenepoel le g\u00e9n\u00e9ral\"}]},{\"@type\":\"WebSite\",\"@id\":\"https:\/\/dicodusport.fr\/blog\/#website\",\"url\":\"https:\/\/dicodusport.fr\/blog\/\",\"name\":\"Dicodusport\",\"description\":\"L&#039;encyclop\u00e9die de l&#039;actualit\u00e9 sportive\",\"publisher\":{\"@id\":\"https:\/\/dicodusport.fr\/blog\/#organization\"},\"potentialAction\":[{\"@type\":\"SearchAction\",\"target\":{\"@type\":\"EntryPoint\",\"urlTemplate\":\"https:\/\/dicodusport.fr\/blog\/?s={search_term_string}\"},\"query-input\":{\"@type\":\"PropertyValueSpecification\",\"valueRequired\":true,\"valueName\":\"search_term_string\"}}],\"inLanguage\":\"fr-FR\"},{\"@type\":\"NewsMediaOrganization\",\"@id\":\"https:\/\/dicodusport.fr\/blog\/#organization\",\"name\":\"Dicodusport\",\"url\":\"https:\/\/dicodusport.fr\/blog\/\",\"logo\":{\"@type\":\"ImageObject\",\"inLanguage\":\"fr-FR\",\"@id\":\"https:\/\/dicodusport.fr\/blog\/#\/schema\/logo\/image\/\",\"url\":\"https:\/\/dicodusport.fr\/blog\/wp-content\/uploads\/2020\/06\/cropped-LOGO-DICODUSPORT-2020-SANS-FOND-SANS-TEXTE.png\",\"contentUrl\":\"https:\/\/dicodusport.fr\/blog\/wp-content\/uploads\/2020\/06\/cropped-LOGO-DICODUSPORT-2020-SANS-FOND-SANS-TEXTE.png\",\"width\":512,\"height\":512,\"caption\":\"Dicodusport\"},\"image\":{\"@id\":\"https:\/\/dicodusport.fr\/blog\/#\/schema\/logo\/image\/\"},\"sameAs\":[\"https:\/\/www.facebook.com\/dicodusport\",\"https:\/\/x.com\/dicodusport\",\"https:\/\/www.instagram.com\/dicodusport\/\",\"https:\/\/www.youtube.com\/channel\/UC7V2KZ5sd3htJivAbA4ZG3w\"],\"description\":\"Dicodusport est l'encyclop\u00e9die de l'actualit\u00e9 sportive.\",\"email\":\"bonjour@dicodusport.fr\",\"legalName\":\"DICODUSPORT\",\"foundingDate\":\"2018-01-14\",\"vatID\":\"FR71834470973\",\"taxID\":\"83447097300043\",\"numberOfEmployees\":{\"@type\":\"QuantitativeValue\",\"minValue\":\"1\",\"maxValue\":\"10\"}},{\"@type\":\"Person\",\"@id\":\"https:\/\/dicodusport.fr\/blog\/#\/schema\/person\/6db4bae06b171592211be385b32876a7\",\"name\":\"Emilien Descampiaux\",\"image\":{\"@type\":\"ImageObject\",\"inLanguage\":\"fr-FR\",\"@id\":\"https:\/\/dicodusport.fr\/blog\/#\/schema\/person\/image\/\",\"url\":\"https:\/\/dicodusport.fr\/blog\/wp-content\/uploads\/2021\/05\/Emilien-Descampiaux-150x150.jpg\",\"contentUrl\":\"https:\/\/dicodusport.fr\/blog\/wp-content\/uploads\/2021\/05\/Emilien-Descampiaux-150x150.jpg\",\"caption\":\"Emilien Descampiaux\"},\"description\":\"Journaliste\/r\u00e9dacteur depuis 2014 - Fan de la classe de Frank Vandenbroucke, je vis cyclisme (et de ses paysages) depuis plus de 20 ans. Je suis tr\u00e8s impliqu\u00e9 sur mes diff\u00e9rents r\u00e9seaux sociaux pour partager ma passion sur le monde et l'Histoire de la bicyclette avec ma voix sur les images en noir et blanc du succ\u00e8s de Rik Van Steenbergen lors du Ronde sur le V\u00e9lodrome de Gand.\",\"sameAs\":[\"https:\/\/www.facebook.com\/groups\/LesRoisDuPeloton\",\"https:\/\/x.com\/https:\/\/twitter.com\/LRoisDuPeloton\"],\"url\":\"https:\/\/dicodusport.fr\/blog\/author\/emiliend\/\"}]}<\/script>\n<!-- \/ Yoast SEO Premium plugin. -->","yoast_head_json":{"title":"Tour d'Algarve : Sergio Higuita remporte la derni\u00e8re \u00e9tape, Remco Evenepoel le g\u00e9n\u00e9ral","description":"CYCLISME SUR ROUTE 2022 - Sergio Higuita (Bora-Hansgrohe) s'est impos\u00e9 au sprint au sommet de l'Alto do Malhao lors de la 5\u00e8me \u00e9tape du Tour d'Algarve.","robots":{"index":"index","follow":"follow","max-snippet":"max-snippet:-1","max-image-preview":"max-image-preview:large","max-video-preview":"max-video-preview:-1"},"canonical":"https:\/\/dicodusport.fr\/blog\/tour-dalgarve-sergio-higuita-remporte-la-derniere-etape-remco-evenepoel-le-general\/","og_locale":"fr_FR","og_type":"article","og_title":"Tour d'Algarve : Sergio Higuita remporte la derni\u00e8re \u00e9tape, Remco Evenepoel le g\u00e9n\u00e9ral","og_description":"CYCLISME SUR ROUTE 2022 - Sergio Higuita (Bora-Hansgrohe) s'est impos\u00e9 au sprint au sommet de l'Alto do Malhao lors de la 5\u00e8me \u00e9tape du Tour d'Algarve.","og_url":"https:\/\/dicodusport.fr\/blog\/tour-dalgarve-sergio-higuita-remporte-la-derniere-etape-remco-evenepoel-le-general\/","og_site_name":"Dicodusport","article_publisher":"https:\/\/www.facebook.com\/dicodusport","article_author":"https:\/\/www.facebook.com\/groups\/LesRoisDuPeloton","article_published_time":"2022-02-20T17:34:30+00:00","article_modified_time":"2022-02-20T19:31:48+00:00","og_image":[{"width":800,"height":445,"url":"https:\/\/dicodusport.fr\/blog\/wp-content\/uploads\/2022\/02\/Tour-dAlgarve-Sergio-Higuita-remporte-la-derniere-etape-Remco-Evenepoel-le-general-1.png","type":"image\/png"}],"author":"Emilien Descampiaux","twitter_card":"summary_large_image","twitter_title":"Tour d'Algarve : Sergio Higuita remporte la derni\u00e8re \u00e9tape, Remco Evenepoel le g\u00e9n\u00e9ral","twitter_creator":"@https:\/\/twitter.com\/LRoisDuPeloton","twitter_site":"@dicodusport","schema":{"@context":"https:\/\/schema.org","@graph":[{"@type":"NewsArticle","@id":"https:\/\/dicodusport.fr\/blog\/tour-dalgarve-sergio-higuita-remporte-la-derniere-etape-remco-evenepoel-le-general\/#article","isPartOf":{"@id":"https:\/\/dicodusport.fr\/blog\/tour-dalgarve-sergio-higuita-remporte-la-derniere-etape-remco-evenepoel-le-general\/"},"author":{"name":"Emilien Descampiaux","@id":"https:\/\/dicodusport.fr\/blog\/#\/schema\/person\/6db4bae06b171592211be385b32876a7"},"headline":"Tour d&rsquo;Algarve : Sergio Higuita remporte la derni\u00e8re \u00e9tape, Remco Evenepoel le g\u00e9n\u00e9ral","datePublished":"2022-02-20T17:34:30+00:00","dateModified":"2022-02-20T19:31:48+00:00","mainEntityOfPage":{"@id":"https:\/\/dicodusport.fr\/blog\/tour-dalgarve-sergio-higuita-remporte-la-derniere-etape-remco-evenepoel-le-general\/"},"wordCount":560,"commentCount":0,"publisher":{"@id":"https:\/\/dicodusport.fr\/blog\/#organization"},"image":{"@id":"https:\/\/dicodusport.fr\/blog\/tour-dalgarve-sergio-higuita-remporte-la-derniere-etape-remco-evenepoel-le-general\/#primaryimage"},"thumbnailUrl":"https:\/\/dicodusport.fr\/blog\/wp-content\/uploads\/2022\/02\/Tour-dAlgarve-Sergio-Higuita-remporte-la-derniere-etape-Remco-Evenepoel-le-general-1.png","keywords":["Actualit\u00e9 Cyclisme","Tour d'Algarve"],"articleSection":["Cyclisme sur route"],"inLanguage":"fr-FR","potentialAction":[{"@type":"CommentAction","name":"Comment","target":["https:\/\/dicodusport.fr\/blog\/tour-dalgarve-sergio-higuita-remporte-la-derniere-etape-remco-evenepoel-le-general\/#respond"]}],"copyrightYear":"2022","copyrightHolder":{"@id":"https:\/\/dicodusport.fr\/blog\/#organization"}},{"@type":"WebPage","@id":"https:\/\/dicodusport.fr\/blog\/tour-dalgarve-sergio-higuita-remporte-la-derniere-etape-remco-evenepoel-le-general\/","url":"https:\/\/dicodusport.fr\/blog\/tour-dalgarve-sergio-higuita-remporte-la-derniere-etape-remco-evenepoel-le-general\/","name":"Tour d'Algarve : Sergio Higuita remporte la derni\u00e8re \u00e9tape, Remco Evenepoel le g\u00e9n\u00e9ral","isPartOf":{"@id":"https:\/\/dicodusport.fr\/blog\/#website"},"primaryImageOfPage":{"@id":"https:\/\/dicodusport.fr\/blog\/tour-dalgarve-sergio-higuita-remporte-la-derniere-etape-remco-evenepoel-le-general\/#primaryimage"},"image":{"@id":"https:\/\/dicodusport.fr\/blog\/tour-dalgarve-sergio-higuita-remporte-la-derniere-etape-remco-evenepoel-le-general\/#primaryimage"},"thumbnailUrl":"https:\/\/dicodusport.fr\/blog\/wp-content\/uploads\/2022\/02\/Tour-dAlgarve-Sergio-Higuita-remporte-la-derniere-etape-Remco-Evenepoel-le-general-1.png","datePublished":"2022-02-20T17:34:30+00:00","dateModified":"2022-02-20T19:31:48+00:00","description":"CYCLISME SUR ROUTE 2022 - Sergio Higuita (Bora-Hansgrohe) s'est impos\u00e9 au sprint au sommet de l'Alto do Malhao lors de la 5\u00e8me \u00e9tape du Tour d'Algarve.","breadcrumb":{"@id":"https:\/\/dicodusport.fr\/blog\/tour-dalgarve-sergio-higuita-remporte-la-derniere-etape-remco-evenepoel-le-general\/#breadcrumb"},"inLanguage":"fr-FR","potentialAction":[{"@type":"ReadAction","target":["https:\/\/dicodusport.fr\/blog\/tour-dalgarve-sergio-higuita-remporte-la-derniere-etape-remco-evenepoel-le-general\/"]}]},{"@type":"ImageObject","inLanguage":"fr-FR","@id":"https:\/\/dicodusport.fr\/blog\/tour-dalgarve-sergio-higuita-remporte-la-derniere-etape-remco-evenepoel-le-general\/#primaryimage","url":"https:\/\/dicodusport.fr\/blog\/wp-content\/uploads\/2022\/02\/Tour-dAlgarve-Sergio-Higuita-remporte-la-derniere-etape-Remco-Evenepoel-le-general-1.png","contentUrl":"https:\/\/dicodusport.fr\/blog\/wp-content\/uploads\/2022\/02\/Tour-dAlgarve-Sergio-Higuita-remporte-la-derniere-etape-Remco-Evenepoel-le-general-1.png","width":800,"height":445,"caption":"Tour d'Algarve Sergio Higuita remporte la derni\u00e8re \u00e9tape, Remco Evenepoel le g\u00e9n\u00e9ral (1)"},{"@type":"BreadcrumbList","@id":"https:\/\/dicodusport.fr\/blog\/tour-dalgarve-sergio-higuita-remporte-la-derniere-etape-remco-evenepoel-le-general\/#breadcrumb","itemListElement":[{"@type":"ListItem","position":1,"name":"Accueil","item":"https:\/\/dicodusport.fr\/blog\/"},{"@type":"ListItem","position":2,"name":"Tour d&rsquo;Algarve : Sergio Higuita remporte la derni\u00e8re \u00e9tape, Remco Evenepoel le g\u00e9n\u00e9ral"}]},{"@type":"WebSite","@id":"https:\/\/dicodusport.fr\/blog\/#website","url":"https:\/\/dicodusport.fr\/blog\/","name":"Dicodusport","description":"L&#039;encyclop\u00e9die de l&#039;actualit\u00e9 sportive","publisher":{"@id":"https:\/\/dicodusport.fr\/blog\/#organization"},"potentialAction":[{"@type":"SearchAction","target":{"@type":"EntryPoint","urlTemplate":"https:\/\/dicodusport.fr\/blog\/?s={search_term_string}"},"query-input":{"@type":"PropertyValueSpecification","valueRequired":true,"valueName":"search_term_string"}}],"inLanguage":"fr-FR"},{"@type":"NewsMediaOrganization","@id":"https:\/\/dicodusport.fr\/blog\/#organization","name":"Dicodusport","url":"https:\/\/dicodusport.fr\/blog\/","logo":{"@type":"ImageObject","inLanguage":"fr-FR","@id":"https:\/\/dicodusport.fr\/blog\/#\/schema\/logo\/image\/","url":"https:\/\/dicodusport.fr\/blog\/wp-content\/uploads\/2020\/06\/cropped-LOGO-DICODUSPORT-2020-SANS-FOND-SANS-TEXTE.png","contentUrl":"https:\/\/dicodusport.fr\/blog\/wp-content\/uploads\/2020\/06\/cropped-LOGO-DICODUSPORT-2020-SANS-FOND-SANS-TEXTE.png","width":512,"height":512,"caption":"Dicodusport"},"image":{"@id":"https:\/\/dicodusport.fr\/blog\/#\/schema\/logo\/image\/"},"sameAs":["https:\/\/www.facebook.com\/dicodusport","https:\/\/x.com\/dicodusport","https:\/\/www.instagram.com\/dicodusport\/","https:\/\/www.youtube.com\/channel\/UC7V2KZ5sd3htJivAbA4ZG3w"],"description":"Dicodusport est l'encyclop\u00e9die de l'actualit\u00e9 sportive.","email":"bonjour@dicodusport.fr","legalName":"DICODUSPORT","foundingDate":"2018-01-14","vatID":"FR71834470973","taxID":"83447097300043","numberOfEmployees":{"@type":"QuantitativeValue","minValue":"1","maxValue":"10"}},{"@type":"Person","@id":"https:\/\/dicodusport.fr\/blog\/#\/schema\/person\/6db4bae06b171592211be385b32876a7","name":"Emilien Descampiaux","image":{"@type":"ImageObject","inLanguage":"fr-FR","@id":"https:\/\/dicodusport.fr\/blog\/#\/schema\/person\/image\/","url":"https:\/\/dicodusport.fr\/blog\/wp-content\/uploads\/2021\/05\/Emilien-Descampiaux-150x150.jpg","contentUrl":"https:\/\/dicodusport.fr\/blog\/wp-content\/uploads\/2021\/05\/Emilien-Descampiaux-150x150.jpg","caption":"Emilien Descampiaux"},"description":"Journaliste\/r\u00e9dacteur depuis 2014 - Fan de la classe de Frank Vandenbroucke, je vis cyclisme (et de ses paysages) depuis plus de 20 ans. Je suis tr\u00e8s impliqu\u00e9 sur mes diff\u00e9rents r\u00e9seaux sociaux pour partager ma passion sur le monde et l'Histoire de la bicyclette avec ma voix sur les images en noir et blanc du succ\u00e8s de Rik Van Steenbergen lors du Ronde sur le V\u00e9lodrome de Gand.","sameAs":["https:\/\/www.facebook.com\/groups\/LesRoisDuPeloton","https:\/\/x.com\/https:\/\/twitter.com\/LRoisDuPeloton"],"url":"https:\/\/dicodusport.fr\/blog\/author\/emiliend\/"}]}},"_links":{"self":[{"href":"https:\/\/dicodusport.fr\/blog\/wp-json\/wp\/v2\/posts\/202142","targetHints":{"allow":["GET"]}}],"collection":[{"href":"https:\/\/dicodusport.fr\/blog\/wp-json\/wp\/v2\/posts"}],"about":[{"href":"https:\/\/dicodusport.fr\/blog\/wp-json\/wp\/v2\/types\/post"}],"author":[{"embeddable":true,"href":"https:\/\/dicodusport.fr\/blog\/wp-json\/wp\/v2\/users\/48"}],"replies":[{"embeddable":true,"href":"https:\/\/dicodusport.fr\/blog\/wp-json\/wp\/v2\/comments?post=202142"}],"version-history":[{"count":0,"href":"https:\/\/dicodusport.fr\/blog\/wp-json\/wp\/v2\/posts\/202142\/revisions"}],"wp:featuredmedia":[{"embeddable":true,"href":"https:\/\/dicodusport.fr\/blog\/wp-json\/wp\/v2\/media\/202192"}],"wp:attachment":[{"href":"https:\/\/dicodusport.fr\/blog\/wp-json\/wp\/v2\/media?parent=202142"}],"wp:term":[{"taxonomy":"category","embeddable":true,"href":"https:\/\/dicodusport.fr\/blog\/wp-json\/wp\/v2\/categories?post=202142"},{"taxonomy":"post_tag","embeddable":true,"href":"https:\/\/dicodusport.fr\/blog\/wp-json\/wp\/v2\/tags?post=202142"}],"curies":[{"name":"wp","href":"https:\/\/api.w.org\/{rel}","templated":true}]}}