{"id":202387,"date":"2022-02-22T14:43:14","date_gmt":"2022-02-22T13:43:14","guid":{"rendered":"https:\/\/dicodusport.fr\/blog\/?p=202387&#038;preview=true&#038;preview_id=202387"},"modified":"2022-02-22T14:43:14","modified_gmt":"2022-02-22T13:43:14","slug":"toujours-pas-de-date-de-retour-pour-mathieu-van-der-poel","status":"publish","type":"post","link":"https:\/\/dicodusport.fr\/blog\/toujours-pas-de-date-de-retour-pour-mathieu-van-der-poel\/","title":{"rendered":"Toujours pas de date de retour pour Mathieu van der Poel"},"content":{"rendered":"<p style=\"text-align: justify;\"><em><b>CYCLISME &#8211; S&rsquo;il est bien de retour \u00e0 l&rsquo;entra\u00eenement, Mathieu van der Poel (Alpecin-Fenix) ne sait toujours pas quand il pourra reprendre la comp\u00e9tition.\u00a0<\/b><\/em><\/p>\n<p style=\"text-align: justify;\">Alors que la saison des Classiques reprend ce week-end en Belgique avec le Het Nieuwsblad et Kuurne-Bruxelles-Kuurne, <strong>Mathieu van der Poel<\/strong>, lui, est de retour \u00e0 l&rsquo;entra\u00eenement et peut commencer \u00e0 augmenter les charges de travail. N\u00e9anmoins, son dos est toujours douloureux, et <a href=\"https:\/\/dicodusport.fr\/blog\/mathieu-van-der-poel-met-fin-a-sa-saison-cyclo-cross\/\">ce mal l&rsquo;a finalement priv\u00e9 de la saison de cyclo-cross<\/a>, apr\u00e8s l&rsquo;avoir emp\u00each\u00e9 de terminer la saison sur route 2021. Pour le moment, pas de date de reprise, comme l&rsquo;a indiqu\u00e9 son directeur sportif <strong>Philip Roodhooft<\/strong> \u00e0 <em>Sporza<\/em>.<\/p>\n<blockquote>\n<p style=\"text-align: justify;\">Le fait que Mathieu puisse s\u2019entra\u00eener correctement est quand m\u00eame un premier pas dans la bonne direction. Cela aurait \u00e9t\u00e9 grave s\u2019il n\u2019y avait pas eu d\u2019am\u00e9liorations apr\u00e8s toute cette p\u00e9riode de repos.<\/p>\n<\/blockquote>\n<p style=\"text-align: justify;\">L&rsquo;objectif de <strong>Mathieu van der Poel<\/strong> est de disputer le Tour des Flandres (3\/04) et Paris-Roubaix (17\/04) au printemps. Mais le chemin semble encore long pour le N\u00e9erlandais.<\/p>\n<blockquote class=\"twitter-tweet\">\n<p dir=\"ltr\" lang=\"fr\"><a href=\"https:\/\/twitter.com\/hashtag\/Infirmerie?src=hash&amp;ref_src=twsrc%5Etfw\">#Infirmerie<\/a> &#x1f691; \/ O\u00f9 en est &#x1f1f3;&#x1f1f1; Mathieu van der Poel (AFC) ?<\/p>\n<p>&#x1f4ac; \u00ab\u00a0Ses entra\u00eenements se mettent en place mais ce n\u2019est pas encore vraiment en vue d\u2019un retour.\u00a0\u00bb<a href=\"https:\/\/t.co\/tDhjEMpRUO\">https:\/\/t.co\/tDhjEMpRUO<\/a> via <a href=\"https:\/\/twitter.com\/RTBF?ref_src=twsrc%5Etfw\">@RTBF<\/a> (&#x1f1e7;&#x1f1ea;)<\/p>\n<p>\u2014 Renaud Breban (@RenaudB31) <a href=\"https:\/\/twitter.com\/RenaudB31\/status\/1496095677599797248?ref_src=twsrc%5Etfw\">February 22, 2022<\/a><\/p><\/blockquote>\n<p><script async src=\"https:\/\/platform.twitter.com\/widgets.js\" charset=\"utf-8\"><\/script><\/p>\n<p>&nbsp;<\/p>\n","protected":false},"excerpt":{"rendered":"<p>CYCLISME &#8211; S&rsquo;il est bien de retour \u00e0 l&rsquo;entra\u00eenement, Mathieu van der Poel (Alpecin-Fenix) ne sait toujours pas quand il pourra reprendre la comp\u00e9tition.\u00a0<\/p>\n","protected":false},"author":1,"featured_media":202392,"comment_status":"open","ping_status":"closed","sticky":false,"template":"","format":"standard","meta":{"_acf_changed":false,"_daextam_enable_autolinks":"","footnotes":""},"categories":[46994],"tags":[574,6597],"class_list":["post-202387","post","type-post","status-publish","format-standard","has-post-thumbnail","hentry","category-cyclisme-sur-route","tag-cyclisme","tag-mathieu-van-der-poel"],"acf":[],"yoast_head":"<!-- This site is optimized with the Yoast SEO Premium plugin v26.7 (Yoast SEO v26.7) - https:\/\/yoast.com\/wordpress\/plugins\/seo\/ -->\n<title>Toujours pas de date de retour pour Mathieu van der Poel<\/title>\n<meta name=\"description\" content=\"CYCLISME - S&#039;il est de retour \u00e0 l&#039;entra\u00eenement, Mathieu van der Poel (Alpecin-Fenix) ne sait toujours pas quand il reprendra la comp\u00e9tition.\u00a0\" \/>\n<meta name=\"robots\" content=\"index, follow, max-snippet:-1, max-image-preview:large, max-video-preview:-1\" \/>\n<link rel=\"canonical\" href=\"https:\/\/dicodusport.fr\/blog\/toujours-pas-de-date-de-retour-pour-mathieu-van-der-poel\/\" \/>\n<meta property=\"og:locale\" content=\"fr_FR\" \/>\n<meta property=\"og:type\" content=\"article\" \/>\n<meta property=\"og:title\" content=\"Toujours pas de date de retour pour Mathieu van der Poel\" \/>\n<meta property=\"og:description\" content=\"CYCLISME - S&#039;il est de retour \u00e0 l&#039;entra\u00eenement, Mathieu van der Poel (Alpecin-Fenix) ne sait toujours pas quand il reprendra la comp\u00e9tition.\u00a0\" \/>\n<meta property=\"og:url\" content=\"https:\/\/dicodusport.fr\/blog\/toujours-pas-de-date-de-retour-pour-mathieu-van-der-poel\/\" \/>\n<meta property=\"og:site_name\" content=\"Dicodusport\" \/>\n<meta property=\"article:publisher\" content=\"https:\/\/www.facebook.com\/dicodusport\" \/>\n<meta property=\"article:author\" content=\"https:\/\/www.facebook.com\/dicodusport\" \/>\n<meta property=\"article:published_time\" content=\"2022-02-22T13:43:14+00:00\" \/>\n<meta property=\"og:image\" content=\"https:\/\/dicodusport.fr\/blog\/wp-content\/uploads\/2022\/02\/Toujours-pas-de-date-de-retour-pour-Mathieu-van-der-Poel.png\" \/>\n\t<meta property=\"og:image:width\" content=\"800\" \/>\n\t<meta property=\"og:image:height\" content=\"445\" \/>\n\t<meta property=\"og:image:type\" content=\"image\/png\" \/>\n<meta name=\"author\" content=\"Nicolas Jacquemard\" \/>\n<meta name=\"twitter:card\" content=\"summary_large_image\" \/>\n<meta name=\"twitter:title\" content=\"Toujours pas de date de retour pour Mathieu van der Poel\" \/>\n<meta name=\"twitter:creator\" content=\"@https:\/\/twitter.com\/Nico_Jacquemard\" \/>\n<meta name=\"twitter:site\" content=\"@dicodusport\" \/>\n<script type=\"application\/ld+json\" class=\"yoast-schema-graph\">{\"@context\":\"https:\/\/schema.org\",\"@graph\":[{\"@type\":\"NewsArticle\",\"@id\":\"https:\/\/dicodusport.fr\/blog\/toujours-pas-de-date-de-retour-pour-mathieu-van-der-poel\/#article\",\"isPartOf\":{\"@id\":\"https:\/\/dicodusport.fr\/blog\/toujours-pas-de-date-de-retour-pour-mathieu-van-der-poel\/\"},\"author\":{\"name\":\"Nicolas Jacquemard\",\"@id\":\"https:\/\/dicodusport.fr\/blog\/#\/schema\/person\/55dcb50ad410894e431ed812bbb70191\"},\"headline\":\"Toujours pas de date de retour pour Mathieu van der Poel\",\"datePublished\":\"2022-02-22T13:43:14+00:00\",\"mainEntityOfPage\":{\"@id\":\"https:\/\/dicodusport.fr\/blog\/toujours-pas-de-date-de-retour-pour-mathieu-van-der-poel\/\"},\"wordCount\":249,\"commentCount\":0,\"publisher\":{\"@id\":\"https:\/\/dicodusport.fr\/blog\/#organization\"},\"image\":{\"@id\":\"https:\/\/dicodusport.fr\/blog\/toujours-pas-de-date-de-retour-pour-mathieu-van-der-poel\/#primaryimage\"},\"thumbnailUrl\":\"https:\/\/dicodusport.fr\/blog\/wp-content\/uploads\/2022\/02\/Toujours-pas-de-date-de-retour-pour-Mathieu-van-der-Poel.png\",\"keywords\":[\"Cyclisme\",\"Mathieu van der Poel\"],\"articleSection\":[\"Cyclisme sur route\"],\"inLanguage\":\"fr-FR\",\"potentialAction\":[{\"@type\":\"CommentAction\",\"name\":\"Comment\",\"target\":[\"https:\/\/dicodusport.fr\/blog\/toujours-pas-de-date-de-retour-pour-mathieu-van-der-poel\/#respond\"]}],\"copyrightYear\":\"2022\",\"copyrightHolder\":{\"@id\":\"https:\/\/dicodusport.fr\/blog\/#organization\"}},{\"@type\":\"WebPage\",\"@id\":\"https:\/\/dicodusport.fr\/blog\/toujours-pas-de-date-de-retour-pour-mathieu-van-der-poel\/\",\"url\":\"https:\/\/dicodusport.fr\/blog\/toujours-pas-de-date-de-retour-pour-mathieu-van-der-poel\/\",\"name\":\"Toujours pas de date de retour pour Mathieu van der Poel\",\"isPartOf\":{\"@id\":\"https:\/\/dicodusport.fr\/blog\/#website\"},\"primaryImageOfPage\":{\"@id\":\"https:\/\/dicodusport.fr\/blog\/toujours-pas-de-date-de-retour-pour-mathieu-van-der-poel\/#primaryimage\"},\"image\":{\"@id\":\"https:\/\/dicodusport.fr\/blog\/toujours-pas-de-date-de-retour-pour-mathieu-van-der-poel\/#primaryimage\"},\"thumbnailUrl\":\"https:\/\/dicodusport.fr\/blog\/wp-content\/uploads\/2022\/02\/Toujours-pas-de-date-de-retour-pour-Mathieu-van-der-Poel.png\",\"datePublished\":\"2022-02-22T13:43:14+00:00\",\"description\":\"CYCLISME - S'il est de retour \u00e0 l'entra\u00eenement, Mathieu van der Poel (Alpecin-Fenix) ne sait toujours pas quand il reprendra la comp\u00e9tition.\u00a0\",\"breadcrumb\":{\"@id\":\"https:\/\/dicodusport.fr\/blog\/toujours-pas-de-date-de-retour-pour-mathieu-van-der-poel\/#breadcrumb\"},\"inLanguage\":\"fr-FR\",\"potentialAction\":[{\"@type\":\"ReadAction\",\"target\":[\"https:\/\/dicodusport.fr\/blog\/toujours-pas-de-date-de-retour-pour-mathieu-van-der-poel\/\"]}]},{\"@type\":\"ImageObject\",\"inLanguage\":\"fr-FR\",\"@id\":\"https:\/\/dicodusport.fr\/blog\/toujours-pas-de-date-de-retour-pour-mathieu-van-der-poel\/#primaryimage\",\"url\":\"https:\/\/dicodusport.fr\/blog\/wp-content\/uploads\/2022\/02\/Toujours-pas-de-date-de-retour-pour-Mathieu-van-der-Poel.png\",\"contentUrl\":\"https:\/\/dicodusport.fr\/blog\/wp-content\/uploads\/2022\/02\/Toujours-pas-de-date-de-retour-pour-Mathieu-van-der-Poel.png\",\"width\":800,\"height\":445},{\"@type\":\"BreadcrumbList\",\"@id\":\"https:\/\/dicodusport.fr\/blog\/toujours-pas-de-date-de-retour-pour-mathieu-van-der-poel\/#breadcrumb\",\"itemListElement\":[{\"@type\":\"ListItem\",\"position\":1,\"name\":\"Accueil\",\"item\":\"https:\/\/dicodusport.fr\/blog\/\"},{\"@type\":\"ListItem\",\"position\":2,\"name\":\"Toujours pas de date de retour pour Mathieu van der Poel\"}]},{\"@type\":\"WebSite\",\"@id\":\"https:\/\/dicodusport.fr\/blog\/#website\",\"url\":\"https:\/\/dicodusport.fr\/blog\/\",\"name\":\"Dicodusport\",\"description\":\"L&#039;encyclop\u00e9die de l&#039;actualit\u00e9 sportive\",\"publisher\":{\"@id\":\"https:\/\/dicodusport.fr\/blog\/#organization\"},\"potentialAction\":[{\"@type\":\"SearchAction\",\"target\":{\"@type\":\"EntryPoint\",\"urlTemplate\":\"https:\/\/dicodusport.fr\/blog\/?s={search_term_string}\"},\"query-input\":{\"@type\":\"PropertyValueSpecification\",\"valueRequired\":true,\"valueName\":\"search_term_string\"}}],\"inLanguage\":\"fr-FR\"},{\"@type\":\"NewsMediaOrganization\",\"@id\":\"https:\/\/dicodusport.fr\/blog\/#organization\",\"name\":\"Dicodusport\",\"url\":\"https:\/\/dicodusport.fr\/blog\/\",\"logo\":{\"@type\":\"ImageObject\",\"inLanguage\":\"fr-FR\",\"@id\":\"https:\/\/dicodusport.fr\/blog\/#\/schema\/logo\/image\/\",\"url\":\"https:\/\/dicodusport.fr\/blog\/wp-content\/uploads\/2020\/06\/cropped-LOGO-DICODUSPORT-2020-SANS-FOND-SANS-TEXTE.png\",\"contentUrl\":\"https:\/\/dicodusport.fr\/blog\/wp-content\/uploads\/2020\/06\/cropped-LOGO-DICODUSPORT-2020-SANS-FOND-SANS-TEXTE.png\",\"width\":512,\"height\":512,\"caption\":\"Dicodusport\"},\"image\":{\"@id\":\"https:\/\/dicodusport.fr\/blog\/#\/schema\/logo\/image\/\"},\"sameAs\":[\"https:\/\/www.facebook.com\/dicodusport\",\"https:\/\/x.com\/dicodusport\",\"https:\/\/www.instagram.com\/dicodusport\/\",\"https:\/\/www.youtube.com\/channel\/UC7V2KZ5sd3htJivAbA4ZG3w\"],\"description\":\"Dicodusport est l'encyclop\u00e9die de l'actualit\u00e9 sportive.\",\"email\":\"bonjour@dicodusport.fr\",\"legalName\":\"DICODUSPORT\",\"foundingDate\":\"2018-01-14\",\"vatID\":\"FR71834470973\",\"taxID\":\"83447097300043\",\"numberOfEmployees\":{\"@type\":\"QuantitativeValue\",\"minValue\":\"1\",\"maxValue\":\"10\"}},{\"@type\":\"Person\",\"@id\":\"https:\/\/dicodusport.fr\/blog\/#\/schema\/person\/55dcb50ad410894e431ed812bbb70191\",\"name\":\"Nicolas Jacquemard\",\"image\":{\"@type\":\"ImageObject\",\"inLanguage\":\"fr-FR\",\"@id\":\"https:\/\/dicodusport.fr\/blog\/#\/schema\/person\/image\/\",\"url\":\"https:\/\/dicodusport.fr\/blog\/wp-content\/uploads\/2021\/05\/Nicolas-Jacquemard-150x150.jpeg\",\"contentUrl\":\"https:\/\/dicodusport.fr\/blog\/wp-content\/uploads\/2021\/05\/Nicolas-Jacquemard-150x150.jpeg\",\"caption\":\"Nicolas Jacquemard\"},\"description\":\"Passionn\u00e9 de sport et entrepreneur depuis mes 18 ans, la cr\u00e9ation de Dicodusport m'a sembl\u00e9 \u00e9vidente pour participer \u00e0 la m\u00e9diatisation d'un plus grand nombre de sports. Le chemin est long mais avec une \u00e9quipe des plus motiv\u00e9es et les Jeux Olympiques de Paris 2024 en point de mire, nous y arriverons ! Journaliste dans le monde du sport depuis plus de 5 ans, je traite aussi bien de football, de rugby, de biathlon que de cyclisme.\",\"sameAs\":[\"https:\/\/www.facebook.com\/dicodusport\",\"https:\/\/x.com\/https:\/\/twitter.com\/Nico_Jacquemard\"],\"url\":\"https:\/\/dicodusport.fr\/blog\/author\/dicodusport\/\"}]}<\/script>\n<!-- \/ Yoast SEO Premium plugin. -->","yoast_head_json":{"title":"Toujours pas de date de retour pour Mathieu van der Poel","description":"CYCLISME - S'il est de retour \u00e0 l'entra\u00eenement, Mathieu van der Poel (Alpecin-Fenix) ne sait toujours pas quand il reprendra la comp\u00e9tition.\u00a0","robots":{"index":"index","follow":"follow","max-snippet":"max-snippet:-1","max-image-preview":"max-image-preview:large","max-video-preview":"max-video-preview:-1"},"canonical":"https:\/\/dicodusport.fr\/blog\/toujours-pas-de-date-de-retour-pour-mathieu-van-der-poel\/","og_locale":"fr_FR","og_type":"article","og_title":"Toujours pas de date de retour pour Mathieu van der Poel","og_description":"CYCLISME - S'il est de retour \u00e0 l'entra\u00eenement, Mathieu van der Poel (Alpecin-Fenix) ne sait toujours pas quand il reprendra la comp\u00e9tition.\u00a0","og_url":"https:\/\/dicodusport.fr\/blog\/toujours-pas-de-date-de-retour-pour-mathieu-van-der-poel\/","og_site_name":"Dicodusport","article_publisher":"https:\/\/www.facebook.com\/dicodusport","article_author":"https:\/\/www.facebook.com\/dicodusport","article_published_time":"2022-02-22T13:43:14+00:00","og_image":[{"width":800,"height":445,"url":"https:\/\/dicodusport.fr\/blog\/wp-content\/uploads\/2022\/02\/Toujours-pas-de-date-de-retour-pour-Mathieu-van-der-Poel.png","type":"image\/png"}],"author":"Nicolas Jacquemard","twitter_card":"summary_large_image","twitter_title":"Toujours pas de date de retour pour Mathieu van der Poel","twitter_creator":"@https:\/\/twitter.com\/Nico_Jacquemard","twitter_site":"@dicodusport","schema":{"@context":"https:\/\/schema.org","@graph":[{"@type":"NewsArticle","@id":"https:\/\/dicodusport.fr\/blog\/toujours-pas-de-date-de-retour-pour-mathieu-van-der-poel\/#article","isPartOf":{"@id":"https:\/\/dicodusport.fr\/blog\/toujours-pas-de-date-de-retour-pour-mathieu-van-der-poel\/"},"author":{"name":"Nicolas Jacquemard","@id":"https:\/\/dicodusport.fr\/blog\/#\/schema\/person\/55dcb50ad410894e431ed812bbb70191"},"headline":"Toujours pas de date de retour pour Mathieu van der Poel","datePublished":"2022-02-22T13:43:14+00:00","mainEntityOfPage":{"@id":"https:\/\/dicodusport.fr\/blog\/toujours-pas-de-date-de-retour-pour-mathieu-van-der-poel\/"},"wordCount":249,"commentCount":0,"publisher":{"@id":"https:\/\/dicodusport.fr\/blog\/#organization"},"image":{"@id":"https:\/\/dicodusport.fr\/blog\/toujours-pas-de-date-de-retour-pour-mathieu-van-der-poel\/#primaryimage"},"thumbnailUrl":"https:\/\/dicodusport.fr\/blog\/wp-content\/uploads\/2022\/02\/Toujours-pas-de-date-de-retour-pour-Mathieu-van-der-Poel.png","keywords":["Cyclisme","Mathieu van der Poel"],"articleSection":["Cyclisme sur route"],"inLanguage":"fr-FR","potentialAction":[{"@type":"CommentAction","name":"Comment","target":["https:\/\/dicodusport.fr\/blog\/toujours-pas-de-date-de-retour-pour-mathieu-van-der-poel\/#respond"]}],"copyrightYear":"2022","copyrightHolder":{"@id":"https:\/\/dicodusport.fr\/blog\/#organization"}},{"@type":"WebPage","@id":"https:\/\/dicodusport.fr\/blog\/toujours-pas-de-date-de-retour-pour-mathieu-van-der-poel\/","url":"https:\/\/dicodusport.fr\/blog\/toujours-pas-de-date-de-retour-pour-mathieu-van-der-poel\/","name":"Toujours pas de date de retour pour Mathieu van der Poel","isPartOf":{"@id":"https:\/\/dicodusport.fr\/blog\/#website"},"primaryImageOfPage":{"@id":"https:\/\/dicodusport.fr\/blog\/toujours-pas-de-date-de-retour-pour-mathieu-van-der-poel\/#primaryimage"},"image":{"@id":"https:\/\/dicodusport.fr\/blog\/toujours-pas-de-date-de-retour-pour-mathieu-van-der-poel\/#primaryimage"},"thumbnailUrl":"https:\/\/dicodusport.fr\/blog\/wp-content\/uploads\/2022\/02\/Toujours-pas-de-date-de-retour-pour-Mathieu-van-der-Poel.png","datePublished":"2022-02-22T13:43:14+00:00","description":"CYCLISME - S'il est de retour \u00e0 l'entra\u00eenement, Mathieu van der Poel (Alpecin-Fenix) ne sait toujours pas quand il reprendra la comp\u00e9tition.\u00a0","breadcrumb":{"@id":"https:\/\/dicodusport.fr\/blog\/toujours-pas-de-date-de-retour-pour-mathieu-van-der-poel\/#breadcrumb"},"inLanguage":"fr-FR","potentialAction":[{"@type":"ReadAction","target":["https:\/\/dicodusport.fr\/blog\/toujours-pas-de-date-de-retour-pour-mathieu-van-der-poel\/"]}]},{"@type":"ImageObject","inLanguage":"fr-FR","@id":"https:\/\/dicodusport.fr\/blog\/toujours-pas-de-date-de-retour-pour-mathieu-van-der-poel\/#primaryimage","url":"https:\/\/dicodusport.fr\/blog\/wp-content\/uploads\/2022\/02\/Toujours-pas-de-date-de-retour-pour-Mathieu-van-der-Poel.png","contentUrl":"https:\/\/dicodusport.fr\/blog\/wp-content\/uploads\/2022\/02\/Toujours-pas-de-date-de-retour-pour-Mathieu-van-der-Poel.png","width":800,"height":445},{"@type":"BreadcrumbList","@id":"https:\/\/dicodusport.fr\/blog\/toujours-pas-de-date-de-retour-pour-mathieu-van-der-poel\/#breadcrumb","itemListElement":[{"@type":"ListItem","position":1,"name":"Accueil","item":"https:\/\/dicodusport.fr\/blog\/"},{"@type":"ListItem","position":2,"name":"Toujours pas de date de retour pour Mathieu van der Poel"}]},{"@type":"WebSite","@id":"https:\/\/dicodusport.fr\/blog\/#website","url":"https:\/\/dicodusport.fr\/blog\/","name":"Dicodusport","description":"L&#039;encyclop\u00e9die de l&#039;actualit\u00e9 sportive","publisher":{"@id":"https:\/\/dicodusport.fr\/blog\/#organization"},"potentialAction":[{"@type":"SearchAction","target":{"@type":"EntryPoint","urlTemplate":"https:\/\/dicodusport.fr\/blog\/?s={search_term_string}"},"query-input":{"@type":"PropertyValueSpecification","valueRequired":true,"valueName":"search_term_string"}}],"inLanguage":"fr-FR"},{"@type":"NewsMediaOrganization","@id":"https:\/\/dicodusport.fr\/blog\/#organization","name":"Dicodusport","url":"https:\/\/dicodusport.fr\/blog\/","logo":{"@type":"ImageObject","inLanguage":"fr-FR","@id":"https:\/\/dicodusport.fr\/blog\/#\/schema\/logo\/image\/","url":"https:\/\/dicodusport.fr\/blog\/wp-content\/uploads\/2020\/06\/cropped-LOGO-DICODUSPORT-2020-SANS-FOND-SANS-TEXTE.png","contentUrl":"https:\/\/dicodusport.fr\/blog\/wp-content\/uploads\/2020\/06\/cropped-LOGO-DICODUSPORT-2020-SANS-FOND-SANS-TEXTE.png","width":512,"height":512,"caption":"Dicodusport"},"image":{"@id":"https:\/\/dicodusport.fr\/blog\/#\/schema\/logo\/image\/"},"sameAs":["https:\/\/www.facebook.com\/dicodusport","https:\/\/x.com\/dicodusport","https:\/\/www.instagram.com\/dicodusport\/","https:\/\/www.youtube.com\/channel\/UC7V2KZ5sd3htJivAbA4ZG3w"],"description":"Dicodusport est l'encyclop\u00e9die de l'actualit\u00e9 sportive.","email":"bonjour@dicodusport.fr","legalName":"DICODUSPORT","foundingDate":"2018-01-14","vatID":"FR71834470973","taxID":"83447097300043","numberOfEmployees":{"@type":"QuantitativeValue","minValue":"1","maxValue":"10"}},{"@type":"Person","@id":"https:\/\/dicodusport.fr\/blog\/#\/schema\/person\/55dcb50ad410894e431ed812bbb70191","name":"Nicolas Jacquemard","image":{"@type":"ImageObject","inLanguage":"fr-FR","@id":"https:\/\/dicodusport.fr\/blog\/#\/schema\/person\/image\/","url":"https:\/\/dicodusport.fr\/blog\/wp-content\/uploads\/2021\/05\/Nicolas-Jacquemard-150x150.jpeg","contentUrl":"https:\/\/dicodusport.fr\/blog\/wp-content\/uploads\/2021\/05\/Nicolas-Jacquemard-150x150.jpeg","caption":"Nicolas Jacquemard"},"description":"Passionn\u00e9 de sport et entrepreneur depuis mes 18 ans, la cr\u00e9ation de Dicodusport m'a sembl\u00e9 \u00e9vidente pour participer \u00e0 la m\u00e9diatisation d'un plus grand nombre de sports. Le chemin est long mais avec une \u00e9quipe des plus motiv\u00e9es et les Jeux Olympiques de Paris 2024 en point de mire, nous y arriverons ! Journaliste dans le monde du sport depuis plus de 5 ans, je traite aussi bien de football, de rugby, de biathlon que de cyclisme.","sameAs":["https:\/\/www.facebook.com\/dicodusport","https:\/\/x.com\/https:\/\/twitter.com\/Nico_Jacquemard"],"url":"https:\/\/dicodusport.fr\/blog\/author\/dicodusport\/"}]}},"_links":{"self":[{"href":"https:\/\/dicodusport.fr\/blog\/wp-json\/wp\/v2\/posts\/202387","targetHints":{"allow":["GET"]}}],"collection":[{"href":"https:\/\/dicodusport.fr\/blog\/wp-json\/wp\/v2\/posts"}],"about":[{"href":"https:\/\/dicodusport.fr\/blog\/wp-json\/wp\/v2\/types\/post"}],"author":[{"embeddable":true,"href":"https:\/\/dicodusport.fr\/blog\/wp-json\/wp\/v2\/users\/1"}],"replies":[{"embeddable":true,"href":"https:\/\/dicodusport.fr\/blog\/wp-json\/wp\/v2\/comments?post=202387"}],"version-history":[{"count":0,"href":"https:\/\/dicodusport.fr\/blog\/wp-json\/wp\/v2\/posts\/202387\/revisions"}],"wp:featuredmedia":[{"embeddable":true,"href":"https:\/\/dicodusport.fr\/blog\/wp-json\/wp\/v2\/media\/202392"}],"wp:attachment":[{"href":"https:\/\/dicodusport.fr\/blog\/wp-json\/wp\/v2\/media?parent=202387"}],"wp:term":[{"taxonomy":"category","embeddable":true,"href":"https:\/\/dicodusport.fr\/blog\/wp-json\/wp\/v2\/categories?post=202387"},{"taxonomy":"post_tag","embeddable":true,"href":"https:\/\/dicodusport.fr\/blog\/wp-json\/wp\/v2\/tags?post=202387"}],"curies":[{"name":"wp","href":"https:\/\/api.w.org\/{rel}","templated":true}]}}