{"id":202421,"date":"2022-02-22T18:42:27","date_gmt":"2022-02-22T17:42:27","guid":{"rendered":"https:\/\/dicodusport.fr\/blog\/?p=202421&#038;preview=true&#038;preview_id=202421"},"modified":"2022-02-22T19:07:48","modified_gmt":"2022-02-22T18:07:48","slug":"coupe-davis-gael-monfils-forfait-et-remplace-par-arthur-rinderknech","status":"publish","type":"post","link":"https:\/\/dicodusport.fr\/blog\/coupe-davis-gael-monfils-forfait-et-remplace-par-arthur-rinderknech\/","title":{"rendered":"Coupe Davis : Ga\u00ebl Monfils forfait et remplac\u00e9 par Arthur Rinderknech"},"content":{"rendered":"<p style=\"text-align: justify;\"><strong><em>COUPE DAVIS &#8211;\u00a0 \u00c0 une dizaine de jours du premier tour de la Coupe Davis, l&rsquo;\u00e9quipe de France enregistre le forfait de son n\u00b01, Ga\u00ebl Monfils. C&rsquo;est Arthur Rinderknech, en forme depuis le d\u00e9but de saison, qui le remplacera pour affronter l&rsquo;\u00c9quateur.<\/em><\/strong><\/p>\n<p style=\"text-align: justify;\">Les 4 et 5 mars prochain, la France entamera la Coupe Davis nouvelle formule en recevant l&rsquo;\u00c9quateur au Palais des Sports de Pau. Alors que cette rencontre se pr\u00e9sentait sous de bons auspices, le forfait de <strong>Ga\u00ebl Monfils<\/strong> pourrait bien jeter un froid. En effet, le n\u00b01 Tricolore est quelque peu diminu\u00e9, probablement \u00e0 cause du vaccin contre le Covid-19 selon ses dires, et doit renoncer \u00e0 mener ses partenaires vers la victoire.<\/p>\n<blockquote class=\"twitter-tweet\">\n<p dir=\"ltr\" lang=\"und\"><a href=\"https:\/\/t.co\/JEG16vPhLj\">pic.twitter.com\/JEG16vPhLj<\/a><\/p>\n<p>\u2014 Gael Monfils (@Gael_Monfils) <a href=\"https:\/\/twitter.com\/Gael_Monfils\/status\/1496124356501590024?ref_src=twsrc%5Etfw\">February 22, 2022<\/a><\/p><\/blockquote>\n<p><script async src=\"https:\/\/platform.twitter.com\/widgets.js\" charset=\"utf-8\"><\/script><\/p>\n<p style=\"text-align: justify;\">Pour le remplacer, le s\u00e9lectionneur S\u00e9bastien Grosjean a choisi de faire confiance \u00e0 <strong>Arthur Rinderknech<\/strong>. D\u00e9sormais aux portes du top 50, il a r\u00e9ussi son d\u00e9but de saison avec <a href=\"https:\/\/dicodusport.fr\/blog\/atp-adelaide-2-arthur-rinderknech-cede-en-finale-apres-un-long-combat\/\">une finale \u00e0 Adela\u00efde<\/a> et <a href=\"https:\/\/dicodusport.fr\/blog\/atp-arthur-rinderknech-bat-denis-shapovalov-a-doha\/\">une victoire convaincante sur le Canadien <strong>Denis Shapovalov<\/strong><\/a> la semaine derni\u00e8re \u00e0 Doha, o\u00f9 il a atteint les demi-finales. Il devrait jouer les simples en compagnie d&rsquo;<strong>Adrian Mannarino<\/strong>, le double restant l&rsquo;apanage de la paire<strong> Nicolas Mahut \/ Pierre-Hugues Herbert.<\/strong> Pas de quoi s&rsquo;inqui\u00e9ter cependant face \u00e0 un adversaire dont le meilleur joueur, <strong>Emilio Gomez<\/strong>, fils du l\u00e9gendaire <strong>Andreas Gomez<\/strong>, vainqueur de Roland-Garros en 1990, ne fait pas partie des 100 premiers mondiaux.<\/p>\n<blockquote class=\"twitter-tweet\">\n<p dir=\"ltr\" lang=\"fr\">&#x1f535;Suite au forfait de Ga\u00ebl Monfils, S\u00e9bastien Grosjean (<a href=\"https:\/\/twitter.com\/sebboca29?ref_src=twsrc%5Etfw\">@sebboca29<\/a>), capitaine de <a href=\"https:\/\/twitter.com\/DavisCup?ref_src=twsrc%5Etfw\">@DavisCup<\/a>, a d\u00e9cid\u00e9 de s\u00e9lectionner <a href=\"https:\/\/twitter.com\/arthurrinder?ref_src=twsrc%5Etfw\">@arthurrinder<\/a> pour le tour qualificatif face \u00e0 l&rsquo;Equateur les 4 et 5 mars.<\/p>\n<p>&#x1f4ac;\u00a0\u00bbIl est en forme et j&rsquo;ai pleine confiance en lui.\u00a0\u00bb<a href=\"https:\/\/twitter.com\/DavisCup?ref_src=twsrc%5Etfw\">@DavisCup<\/a><br \/>\n&#x1f1eb;&#x1f1f7; ALLEZ LES BLEUS ! <a href=\"https:\/\/t.co\/apWviXw91E\">pic.twitter.com\/apWviXw91E<\/a><\/p>\n<p>\u2014 FFT (@FFTennis) <a href=\"https:\/\/twitter.com\/FFTennis\/status\/1496167908862484480?ref_src=twsrc%5Etfw\">February 22, 2022<\/a><\/p><\/blockquote>\n<p><script async src=\"https:\/\/platform.twitter.com\/widgets.js\" charset=\"utf-8\"><\/script><\/p>\n","protected":false},"excerpt":{"rendered":"<p>COUPE DAVIS &#8211;\u00a0 \u00c0 une dizaine de jours du premier tour de la Coupe Davis, l&rsquo;\u00e9quipe de France enregistre le forfait de son n\u00b01, Ga\u00ebl Monfils. C&rsquo;est Arthur Rinderknech, en forme depuis le d\u00e9but de saison, qui le remplacera pour affronter l&rsquo;\u00c9quateur.<\/p>\n","protected":false},"author":59,"featured_media":202426,"comment_status":"open","ping_status":"closed","sticky":false,"template":"","format":"standard","meta":{"_acf_changed":false,"_daextam_enable_autolinks":"","footnotes":""},"categories":[2302],"tags":[9674,2804,136],"class_list":["post-202421","post","type-post","status-publish","format-standard","has-post-thumbnail","hentry","category-tennis","tag-arthur-rinderknech","tag-gael-monfils","tag-tennis"],"acf":[],"yoast_head":"<!-- This site is optimized with the Yoast SEO Premium plugin v26.7 (Yoast SEO v26.7) - https:\/\/yoast.com\/wordpress\/plugins\/seo\/ -->\n<title>Coupe Davis : Ga\u00ebl Monfils forfait et remplac\u00e9 par Arthur Rinderknech<\/title>\n<meta name=\"description\" content=\"COUPE DAVIS -\u00a0 \u00c0 une dizaine de jours du premier tour de la Coupe Davis, l&#039;\u00e9quipe de France enregistre le forfait de son n\u00b01, Ga\u00ebl Monfils.\" \/>\n<meta name=\"robots\" content=\"index, follow, max-snippet:-1, max-image-preview:large, max-video-preview:-1\" \/>\n<link rel=\"canonical\" href=\"https:\/\/dicodusport.fr\/blog\/coupe-davis-gael-monfils-forfait-et-remplace-par-arthur-rinderknech\/\" \/>\n<meta property=\"og:locale\" content=\"fr_FR\" \/>\n<meta property=\"og:type\" content=\"article\" \/>\n<meta property=\"og:title\" content=\"Coupe Davis : Ga\u00ebl Monfils forfait et remplac\u00e9 par Arthur Rinderknech\" \/>\n<meta property=\"og:description\" content=\"COUPE DAVIS -\u00a0 \u00c0 une dizaine de jours du premier tour de la Coupe Davis, l&#039;\u00e9quipe de France enregistre le forfait de son n\u00b01, Ga\u00ebl Monfils.\" \/>\n<meta property=\"og:url\" content=\"https:\/\/dicodusport.fr\/blog\/coupe-davis-gael-monfils-forfait-et-remplace-par-arthur-rinderknech\/\" \/>\n<meta property=\"og:site_name\" content=\"Dicodusport\" \/>\n<meta property=\"article:publisher\" content=\"https:\/\/www.facebook.com\/dicodusport\" \/>\n<meta property=\"article:author\" content=\"https:\/\/www.facebook.com\/sebastien.gente\/\" \/>\n<meta property=\"article:published_time\" content=\"2022-02-22T17:42:27+00:00\" \/>\n<meta property=\"article:modified_time\" content=\"2022-02-22T18:07:48+00:00\" \/>\n<meta property=\"og:image\" content=\"https:\/\/dicodusport.fr\/blog\/wp-content\/uploads\/2022\/02\/Coupe-Davis-Gael-Monfils-forfait-et-remplace-par-Arthur-Rinderknech.png\" \/>\n\t<meta property=\"og:image:width\" content=\"800\" \/>\n\t<meta property=\"og:image:height\" content=\"445\" \/>\n\t<meta property=\"og:image:type\" content=\"image\/png\" \/>\n<meta name=\"author\" content=\"S\u00e9bastien Gente\" \/>\n<meta name=\"twitter:card\" content=\"summary_large_image\" \/>\n<meta name=\"twitter:title\" content=\"Coupe Davis : Ga\u00ebl Monfils forfait et remplac\u00e9 par Arthur Rinderknech\" \/>\n<meta name=\"twitter:creator\" content=\"@https:\/\/twitter.com\/globulo24\" \/>\n<meta name=\"twitter:site\" content=\"@dicodusport\" \/>\n<script type=\"application\/ld+json\" class=\"yoast-schema-graph\">{\"@context\":\"https:\/\/schema.org\",\"@graph\":[{\"@type\":\"NewsArticle\",\"@id\":\"https:\/\/dicodusport.fr\/blog\/coupe-davis-gael-monfils-forfait-et-remplace-par-arthur-rinderknech\/#article\",\"isPartOf\":{\"@id\":\"https:\/\/dicodusport.fr\/blog\/coupe-davis-gael-monfils-forfait-et-remplace-par-arthur-rinderknech\/\"},\"author\":{\"name\":\"S\u00e9bastien Gente\",\"@id\":\"https:\/\/dicodusport.fr\/blog\/#\/schema\/person\/627966a6cde45dbd8c5e36ac85d783da\"},\"headline\":\"Coupe Davis : Ga\u00ebl Monfils forfait et remplac\u00e9 par Arthur Rinderknech\",\"datePublished\":\"2022-02-22T17:42:27+00:00\",\"dateModified\":\"2022-02-22T18:07:48+00:00\",\"mainEntityOfPage\":{\"@id\":\"https:\/\/dicodusport.fr\/blog\/coupe-davis-gael-monfils-forfait-et-remplace-par-arthur-rinderknech\/\"},\"wordCount\":315,\"commentCount\":0,\"publisher\":{\"@id\":\"https:\/\/dicodusport.fr\/blog\/#organization\"},\"image\":{\"@id\":\"https:\/\/dicodusport.fr\/blog\/coupe-davis-gael-monfils-forfait-et-remplace-par-arthur-rinderknech\/#primaryimage\"},\"thumbnailUrl\":\"https:\/\/dicodusport.fr\/blog\/wp-content\/uploads\/2022\/02\/Coupe-Davis-Gael-Monfils-forfait-et-remplace-par-Arthur-Rinderknech.png\",\"keywords\":[\"Arthur Rinderknech\",\"Ga\u00ebl Monfils\",\"Tennis\"],\"articleSection\":[\"Tennis\"],\"inLanguage\":\"fr-FR\",\"potentialAction\":[{\"@type\":\"CommentAction\",\"name\":\"Comment\",\"target\":[\"https:\/\/dicodusport.fr\/blog\/coupe-davis-gael-monfils-forfait-et-remplace-par-arthur-rinderknech\/#respond\"]}],\"copyrightYear\":\"2022\",\"copyrightHolder\":{\"@id\":\"https:\/\/dicodusport.fr\/blog\/#organization\"}},{\"@type\":\"WebPage\",\"@id\":\"https:\/\/dicodusport.fr\/blog\/coupe-davis-gael-monfils-forfait-et-remplace-par-arthur-rinderknech\/\",\"url\":\"https:\/\/dicodusport.fr\/blog\/coupe-davis-gael-monfils-forfait-et-remplace-par-arthur-rinderknech\/\",\"name\":\"Coupe Davis : Ga\u00ebl Monfils forfait et remplac\u00e9 par Arthur Rinderknech\",\"isPartOf\":{\"@id\":\"https:\/\/dicodusport.fr\/blog\/#website\"},\"primaryImageOfPage\":{\"@id\":\"https:\/\/dicodusport.fr\/blog\/coupe-davis-gael-monfils-forfait-et-remplace-par-arthur-rinderknech\/#primaryimage\"},\"image\":{\"@id\":\"https:\/\/dicodusport.fr\/blog\/coupe-davis-gael-monfils-forfait-et-remplace-par-arthur-rinderknech\/#primaryimage\"},\"thumbnailUrl\":\"https:\/\/dicodusport.fr\/blog\/wp-content\/uploads\/2022\/02\/Coupe-Davis-Gael-Monfils-forfait-et-remplace-par-Arthur-Rinderknech.png\",\"datePublished\":\"2022-02-22T17:42:27+00:00\",\"dateModified\":\"2022-02-22T18:07:48+00:00\",\"description\":\"COUPE DAVIS -\u00a0 \u00c0 une dizaine de jours du premier tour de la Coupe Davis, l'\u00e9quipe de France enregistre le forfait de son n\u00b01, Ga\u00ebl Monfils.\",\"breadcrumb\":{\"@id\":\"https:\/\/dicodusport.fr\/blog\/coupe-davis-gael-monfils-forfait-et-remplace-par-arthur-rinderknech\/#breadcrumb\"},\"inLanguage\":\"fr-FR\",\"potentialAction\":[{\"@type\":\"ReadAction\",\"target\":[\"https:\/\/dicodusport.fr\/blog\/coupe-davis-gael-monfils-forfait-et-remplace-par-arthur-rinderknech\/\"]}]},{\"@type\":\"ImageObject\",\"inLanguage\":\"fr-FR\",\"@id\":\"https:\/\/dicodusport.fr\/blog\/coupe-davis-gael-monfils-forfait-et-remplace-par-arthur-rinderknech\/#primaryimage\",\"url\":\"https:\/\/dicodusport.fr\/blog\/wp-content\/uploads\/2022\/02\/Coupe-Davis-Gael-Monfils-forfait-et-remplace-par-Arthur-Rinderknech.png\",\"contentUrl\":\"https:\/\/dicodusport.fr\/blog\/wp-content\/uploads\/2022\/02\/Coupe-Davis-Gael-Monfils-forfait-et-remplace-par-Arthur-Rinderknech.png\",\"width\":800,\"height\":445,\"caption\":\"Coupe Davis Ga\u00ebl Monfils forfait et remplac\u00e9 par Arthur Rinderknech\"},{\"@type\":\"BreadcrumbList\",\"@id\":\"https:\/\/dicodusport.fr\/blog\/coupe-davis-gael-monfils-forfait-et-remplace-par-arthur-rinderknech\/#breadcrumb\",\"itemListElement\":[{\"@type\":\"ListItem\",\"position\":1,\"name\":\"Accueil\",\"item\":\"https:\/\/dicodusport.fr\/blog\/\"},{\"@type\":\"ListItem\",\"position\":2,\"name\":\"Coupe Davis : Ga\u00ebl Monfils forfait et remplac\u00e9 par Arthur Rinderknech\"}]},{\"@type\":\"WebSite\",\"@id\":\"https:\/\/dicodusport.fr\/blog\/#website\",\"url\":\"https:\/\/dicodusport.fr\/blog\/\",\"name\":\"Dicodusport\",\"description\":\"L&#039;encyclop\u00e9die de l&#039;actualit\u00e9 sportive\",\"publisher\":{\"@id\":\"https:\/\/dicodusport.fr\/blog\/#organization\"},\"potentialAction\":[{\"@type\":\"SearchAction\",\"target\":{\"@type\":\"EntryPoint\",\"urlTemplate\":\"https:\/\/dicodusport.fr\/blog\/?s={search_term_string}\"},\"query-input\":{\"@type\":\"PropertyValueSpecification\",\"valueRequired\":true,\"valueName\":\"search_term_string\"}}],\"inLanguage\":\"fr-FR\"},{\"@type\":\"NewsMediaOrganization\",\"@id\":\"https:\/\/dicodusport.fr\/blog\/#organization\",\"name\":\"Dicodusport\",\"url\":\"https:\/\/dicodusport.fr\/blog\/\",\"logo\":{\"@type\":\"ImageObject\",\"inLanguage\":\"fr-FR\",\"@id\":\"https:\/\/dicodusport.fr\/blog\/#\/schema\/logo\/image\/\",\"url\":\"https:\/\/dicodusport.fr\/blog\/wp-content\/uploads\/2020\/06\/cropped-LOGO-DICODUSPORT-2020-SANS-FOND-SANS-TEXTE.png\",\"contentUrl\":\"https:\/\/dicodusport.fr\/blog\/wp-content\/uploads\/2020\/06\/cropped-LOGO-DICODUSPORT-2020-SANS-FOND-SANS-TEXTE.png\",\"width\":512,\"height\":512,\"caption\":\"Dicodusport\"},\"image\":{\"@id\":\"https:\/\/dicodusport.fr\/blog\/#\/schema\/logo\/image\/\"},\"sameAs\":[\"https:\/\/www.facebook.com\/dicodusport\",\"https:\/\/x.com\/dicodusport\",\"https:\/\/www.instagram.com\/dicodusport\/\",\"https:\/\/www.youtube.com\/channel\/UC7V2KZ5sd3htJivAbA4ZG3w\"],\"description\":\"Dicodusport est l'encyclop\u00e9die de l'actualit\u00e9 sportive.\",\"email\":\"bonjour@dicodusport.fr\",\"legalName\":\"DICODUSPORT\",\"foundingDate\":\"2018-01-14\",\"vatID\":\"FR71834470973\",\"taxID\":\"83447097300043\",\"numberOfEmployees\":{\"@type\":\"QuantitativeValue\",\"minValue\":\"1\",\"maxValue\":\"10\"}},{\"@type\":\"Person\",\"@id\":\"https:\/\/dicodusport.fr\/blog\/#\/schema\/person\/627966a6cde45dbd8c5e36ac85d783da\",\"name\":\"S\u00e9bastien Gente\",\"image\":{\"@type\":\"ImageObject\",\"inLanguage\":\"fr-FR\",\"@id\":\"https:\/\/dicodusport.fr\/blog\/#\/schema\/person\/image\/\",\"url\":\"https:\/\/dicodusport.fr\/blog\/wp-content\/uploads\/2021\/09\/1510990_10205810251400683_4124423575079401707_n-150x150.jpg\",\"contentUrl\":\"https:\/\/dicodusport.fr\/blog\/wp-content\/uploads\/2021\/09\/1510990_10205810251400683_4124423575079401707_n-150x150.jpg\",\"caption\":\"S\u00e9bastien Gente\"},\"description\":\"John Stockton, Gianni Bugno, Zinedine Zidane, Steffi Graf, Frode Andresen, St\u00e9phane Stoecklin, Davis Kamoga, Primoz Peterka, Werner Schlager et Aur\u00e9lien Rougerie. Point commun entre ces sportifs? Ils m'ont fait r\u00eaver et ont berc\u00e9 mon adolescence. Je suis un fondu de sports et j'essaie de retranscrire ma passion \u00e0 travers mes articles. Originaire du P\u00e9rigord, ma passion pour les Girondins, les Jaunards et les Jazzmen transpire dans mes \u00e9crits. \u00c0 Dicodusport depuis 2021, je d\u00e9niche les sports m\u00e9connus dans lesquels la France brille, et il y en a !\",\"sameAs\":[\"https:\/\/www.facebook.com\/sebastien.gente\/\",\"https:\/\/www.instagram.com\/sebgente\/\",\"https:\/\/www.linkedin.com\/in\/sbastien-gente-a29583169\/\",\"https:\/\/x.com\/https:\/\/twitter.com\/globulo24\",\"SebastienGente\"],\"worksFor\":\"S\u00e9bastien GENTE\",\"url\":\"https:\/\/dicodusport.fr\/blog\/author\/sebastiengente\/\"}]}<\/script>\n<!-- \/ Yoast SEO Premium plugin. -->","yoast_head_json":{"title":"Coupe Davis : Ga\u00ebl Monfils forfait et remplac\u00e9 par Arthur Rinderknech","description":"COUPE DAVIS -\u00a0 \u00c0 une dizaine de jours du premier tour de la Coupe Davis, l'\u00e9quipe de France enregistre le forfait de son n\u00b01, Ga\u00ebl Monfils.","robots":{"index":"index","follow":"follow","max-snippet":"max-snippet:-1","max-image-preview":"max-image-preview:large","max-video-preview":"max-video-preview:-1"},"canonical":"https:\/\/dicodusport.fr\/blog\/coupe-davis-gael-monfils-forfait-et-remplace-par-arthur-rinderknech\/","og_locale":"fr_FR","og_type":"article","og_title":"Coupe Davis : Ga\u00ebl Monfils forfait et remplac\u00e9 par Arthur Rinderknech","og_description":"COUPE DAVIS -\u00a0 \u00c0 une dizaine de jours du premier tour de la Coupe Davis, l'\u00e9quipe de France enregistre le forfait de son n\u00b01, Ga\u00ebl Monfils.","og_url":"https:\/\/dicodusport.fr\/blog\/coupe-davis-gael-monfils-forfait-et-remplace-par-arthur-rinderknech\/","og_site_name":"Dicodusport","article_publisher":"https:\/\/www.facebook.com\/dicodusport","article_author":"https:\/\/www.facebook.com\/sebastien.gente\/","article_published_time":"2022-02-22T17:42:27+00:00","article_modified_time":"2022-02-22T18:07:48+00:00","og_image":[{"width":800,"height":445,"url":"https:\/\/dicodusport.fr\/blog\/wp-content\/uploads\/2022\/02\/Coupe-Davis-Gael-Monfils-forfait-et-remplace-par-Arthur-Rinderknech.png","type":"image\/png"}],"author":"S\u00e9bastien Gente","twitter_card":"summary_large_image","twitter_title":"Coupe Davis : Ga\u00ebl Monfils forfait et remplac\u00e9 par Arthur Rinderknech","twitter_creator":"@https:\/\/twitter.com\/globulo24","twitter_site":"@dicodusport","schema":{"@context":"https:\/\/schema.org","@graph":[{"@type":"NewsArticle","@id":"https:\/\/dicodusport.fr\/blog\/coupe-davis-gael-monfils-forfait-et-remplace-par-arthur-rinderknech\/#article","isPartOf":{"@id":"https:\/\/dicodusport.fr\/blog\/coupe-davis-gael-monfils-forfait-et-remplace-par-arthur-rinderknech\/"},"author":{"name":"S\u00e9bastien Gente","@id":"https:\/\/dicodusport.fr\/blog\/#\/schema\/person\/627966a6cde45dbd8c5e36ac85d783da"},"headline":"Coupe Davis : Ga\u00ebl Monfils forfait et remplac\u00e9 par Arthur Rinderknech","datePublished":"2022-02-22T17:42:27+00:00","dateModified":"2022-02-22T18:07:48+00:00","mainEntityOfPage":{"@id":"https:\/\/dicodusport.fr\/blog\/coupe-davis-gael-monfils-forfait-et-remplace-par-arthur-rinderknech\/"},"wordCount":315,"commentCount":0,"publisher":{"@id":"https:\/\/dicodusport.fr\/blog\/#organization"},"image":{"@id":"https:\/\/dicodusport.fr\/blog\/coupe-davis-gael-monfils-forfait-et-remplace-par-arthur-rinderknech\/#primaryimage"},"thumbnailUrl":"https:\/\/dicodusport.fr\/blog\/wp-content\/uploads\/2022\/02\/Coupe-Davis-Gael-Monfils-forfait-et-remplace-par-Arthur-Rinderknech.png","keywords":["Arthur Rinderknech","Ga\u00ebl Monfils","Tennis"],"articleSection":["Tennis"],"inLanguage":"fr-FR","potentialAction":[{"@type":"CommentAction","name":"Comment","target":["https:\/\/dicodusport.fr\/blog\/coupe-davis-gael-monfils-forfait-et-remplace-par-arthur-rinderknech\/#respond"]}],"copyrightYear":"2022","copyrightHolder":{"@id":"https:\/\/dicodusport.fr\/blog\/#organization"}},{"@type":"WebPage","@id":"https:\/\/dicodusport.fr\/blog\/coupe-davis-gael-monfils-forfait-et-remplace-par-arthur-rinderknech\/","url":"https:\/\/dicodusport.fr\/blog\/coupe-davis-gael-monfils-forfait-et-remplace-par-arthur-rinderknech\/","name":"Coupe Davis : Ga\u00ebl Monfils forfait et remplac\u00e9 par Arthur Rinderknech","isPartOf":{"@id":"https:\/\/dicodusport.fr\/blog\/#website"},"primaryImageOfPage":{"@id":"https:\/\/dicodusport.fr\/blog\/coupe-davis-gael-monfils-forfait-et-remplace-par-arthur-rinderknech\/#primaryimage"},"image":{"@id":"https:\/\/dicodusport.fr\/blog\/coupe-davis-gael-monfils-forfait-et-remplace-par-arthur-rinderknech\/#primaryimage"},"thumbnailUrl":"https:\/\/dicodusport.fr\/blog\/wp-content\/uploads\/2022\/02\/Coupe-Davis-Gael-Monfils-forfait-et-remplace-par-Arthur-Rinderknech.png","datePublished":"2022-02-22T17:42:27+00:00","dateModified":"2022-02-22T18:07:48+00:00","description":"COUPE DAVIS -\u00a0 \u00c0 une dizaine de jours du premier tour de la Coupe Davis, l'\u00e9quipe de France enregistre le forfait de son n\u00b01, Ga\u00ebl Monfils.","breadcrumb":{"@id":"https:\/\/dicodusport.fr\/blog\/coupe-davis-gael-monfils-forfait-et-remplace-par-arthur-rinderknech\/#breadcrumb"},"inLanguage":"fr-FR","potentialAction":[{"@type":"ReadAction","target":["https:\/\/dicodusport.fr\/blog\/coupe-davis-gael-monfils-forfait-et-remplace-par-arthur-rinderknech\/"]}]},{"@type":"ImageObject","inLanguage":"fr-FR","@id":"https:\/\/dicodusport.fr\/blog\/coupe-davis-gael-monfils-forfait-et-remplace-par-arthur-rinderknech\/#primaryimage","url":"https:\/\/dicodusport.fr\/blog\/wp-content\/uploads\/2022\/02\/Coupe-Davis-Gael-Monfils-forfait-et-remplace-par-Arthur-Rinderknech.png","contentUrl":"https:\/\/dicodusport.fr\/blog\/wp-content\/uploads\/2022\/02\/Coupe-Davis-Gael-Monfils-forfait-et-remplace-par-Arthur-Rinderknech.png","width":800,"height":445,"caption":"Coupe Davis Ga\u00ebl Monfils forfait et remplac\u00e9 par Arthur Rinderknech"},{"@type":"BreadcrumbList","@id":"https:\/\/dicodusport.fr\/blog\/coupe-davis-gael-monfils-forfait-et-remplace-par-arthur-rinderknech\/#breadcrumb","itemListElement":[{"@type":"ListItem","position":1,"name":"Accueil","item":"https:\/\/dicodusport.fr\/blog\/"},{"@type":"ListItem","position":2,"name":"Coupe Davis : Ga\u00ebl Monfils forfait et remplac\u00e9 par Arthur Rinderknech"}]},{"@type":"WebSite","@id":"https:\/\/dicodusport.fr\/blog\/#website","url":"https:\/\/dicodusport.fr\/blog\/","name":"Dicodusport","description":"L&#039;encyclop\u00e9die de l&#039;actualit\u00e9 sportive","publisher":{"@id":"https:\/\/dicodusport.fr\/blog\/#organization"},"potentialAction":[{"@type":"SearchAction","target":{"@type":"EntryPoint","urlTemplate":"https:\/\/dicodusport.fr\/blog\/?s={search_term_string}"},"query-input":{"@type":"PropertyValueSpecification","valueRequired":true,"valueName":"search_term_string"}}],"inLanguage":"fr-FR"},{"@type":"NewsMediaOrganization","@id":"https:\/\/dicodusport.fr\/blog\/#organization","name":"Dicodusport","url":"https:\/\/dicodusport.fr\/blog\/","logo":{"@type":"ImageObject","inLanguage":"fr-FR","@id":"https:\/\/dicodusport.fr\/blog\/#\/schema\/logo\/image\/","url":"https:\/\/dicodusport.fr\/blog\/wp-content\/uploads\/2020\/06\/cropped-LOGO-DICODUSPORT-2020-SANS-FOND-SANS-TEXTE.png","contentUrl":"https:\/\/dicodusport.fr\/blog\/wp-content\/uploads\/2020\/06\/cropped-LOGO-DICODUSPORT-2020-SANS-FOND-SANS-TEXTE.png","width":512,"height":512,"caption":"Dicodusport"},"image":{"@id":"https:\/\/dicodusport.fr\/blog\/#\/schema\/logo\/image\/"},"sameAs":["https:\/\/www.facebook.com\/dicodusport","https:\/\/x.com\/dicodusport","https:\/\/www.instagram.com\/dicodusport\/","https:\/\/www.youtube.com\/channel\/UC7V2KZ5sd3htJivAbA4ZG3w"],"description":"Dicodusport est l'encyclop\u00e9die de l'actualit\u00e9 sportive.","email":"bonjour@dicodusport.fr","legalName":"DICODUSPORT","foundingDate":"2018-01-14","vatID":"FR71834470973","taxID":"83447097300043","numberOfEmployees":{"@type":"QuantitativeValue","minValue":"1","maxValue":"10"}},{"@type":"Person","@id":"https:\/\/dicodusport.fr\/blog\/#\/schema\/person\/627966a6cde45dbd8c5e36ac85d783da","name":"S\u00e9bastien Gente","image":{"@type":"ImageObject","inLanguage":"fr-FR","@id":"https:\/\/dicodusport.fr\/blog\/#\/schema\/person\/image\/","url":"https:\/\/dicodusport.fr\/blog\/wp-content\/uploads\/2021\/09\/1510990_10205810251400683_4124423575079401707_n-150x150.jpg","contentUrl":"https:\/\/dicodusport.fr\/blog\/wp-content\/uploads\/2021\/09\/1510990_10205810251400683_4124423575079401707_n-150x150.jpg","caption":"S\u00e9bastien Gente"},"description":"John Stockton, Gianni Bugno, Zinedine Zidane, Steffi Graf, Frode Andresen, St\u00e9phane Stoecklin, Davis Kamoga, Primoz Peterka, Werner Schlager et Aur\u00e9lien Rougerie. Point commun entre ces sportifs? Ils m'ont fait r\u00eaver et ont berc\u00e9 mon adolescence. Je suis un fondu de sports et j'essaie de retranscrire ma passion \u00e0 travers mes articles. Originaire du P\u00e9rigord, ma passion pour les Girondins, les Jaunards et les Jazzmen transpire dans mes \u00e9crits. \u00c0 Dicodusport depuis 2021, je d\u00e9niche les sports m\u00e9connus dans lesquels la France brille, et il y en a !","sameAs":["https:\/\/www.facebook.com\/sebastien.gente\/","https:\/\/www.instagram.com\/sebgente\/","https:\/\/www.linkedin.com\/in\/sbastien-gente-a29583169\/","https:\/\/x.com\/https:\/\/twitter.com\/globulo24","SebastienGente"],"worksFor":"S\u00e9bastien GENTE","url":"https:\/\/dicodusport.fr\/blog\/author\/sebastiengente\/"}]}},"_links":{"self":[{"href":"https:\/\/dicodusport.fr\/blog\/wp-json\/wp\/v2\/posts\/202421","targetHints":{"allow":["GET"]}}],"collection":[{"href":"https:\/\/dicodusport.fr\/blog\/wp-json\/wp\/v2\/posts"}],"about":[{"href":"https:\/\/dicodusport.fr\/blog\/wp-json\/wp\/v2\/types\/post"}],"author":[{"embeddable":true,"href":"https:\/\/dicodusport.fr\/blog\/wp-json\/wp\/v2\/users\/59"}],"replies":[{"embeddable":true,"href":"https:\/\/dicodusport.fr\/blog\/wp-json\/wp\/v2\/comments?post=202421"}],"version-history":[{"count":0,"href":"https:\/\/dicodusport.fr\/blog\/wp-json\/wp\/v2\/posts\/202421\/revisions"}],"wp:featuredmedia":[{"embeddable":true,"href":"https:\/\/dicodusport.fr\/blog\/wp-json\/wp\/v2\/media\/202426"}],"wp:attachment":[{"href":"https:\/\/dicodusport.fr\/blog\/wp-json\/wp\/v2\/media?parent=202421"}],"wp:term":[{"taxonomy":"category","embeddable":true,"href":"https:\/\/dicodusport.fr\/blog\/wp-json\/wp\/v2\/categories?post=202421"},{"taxonomy":"post_tag","embeddable":true,"href":"https:\/\/dicodusport.fr\/blog\/wp-json\/wp\/v2\/tags?post=202421"}],"curies":[{"name":"wp","href":"https:\/\/api.w.org\/{rel}","templated":true}]}}