{"id":202624,"date":"2022-02-27T13:17:01","date_gmt":"2022-02-27T12:17:01","guid":{"rendered":"https:\/\/dicodusport.fr\/blog\/?p=202624&#038;preview=true&#038;preview_id=202624"},"modified":"2022-02-27T13:17:36","modified_gmt":"2022-02-27T12:17:36","slug":"wrc-rallye-suede-2022-programme-et-resultats-complets","status":"publish","type":"post","link":"https:\/\/dicodusport.fr\/blog\/wrc-rallye-suede-2022-programme-et-resultats-complets\/","title":{"rendered":"WRC Rallye Su\u00e8de 2022 &#8211; Les r\u00e9sultats complets"},"content":{"rendered":"<p style=\"text-align: justify;\"><strong><em><a href=\"https:\/\/dicodusport.fr\/blog\/actualites\/sports-mecaniques\/rallye\/wrc-2022\/\">WRC 2022<\/a> &#8211; Retrouvez le programme complet des sp\u00e9ciales et les r\u00e9sultats de la 2\u00e8me manche du championnat du monde des rallyes 2022, qui se d\u00e9roule en Su\u00e8de du 24 au 27 f\u00e9vrier.<\/em><\/strong><\/p>\n<p style=\"text-align: justify;\">Annul\u00e9 en 2021, le Rallye de Su\u00e8de est de retour en 2022 pour sa 68\u00e8me \u00e9dition. En l&rsquo;absence de <strong>S\u00e9bastien Loeb<\/strong> (Ford) et<strong> S\u00e9bastien Ogier<\/strong> (Toyota) qui ont fait le show sur le Rallye de Monte-Carlo, les pr\u00e9tendants au titre mondial vont se tirer la bourre pour la victoire. <strong>Thierry Neuville<\/strong> et <strong>Ott T\u00e4nak<\/strong> (Hyundai) ainsi qu&rsquo;<strong>Elfyn Evans<\/strong> (Toyota), qui sont les trois derniers vainqueurs en date du rallye scandinave, feront forc\u00e9ment partie des favoris.<\/p>\n<p style=\"text-align: justify;\"><strong>Les sp\u00e9ciales sont retransmises en direct sur Canal+ D\u00e9cal\u00e9.<\/strong><\/p>\n<h2 style=\"text-align: justify;\"><strong>Rallye WRC Su\u00e8de : Le programme complet\u00a0<\/strong><\/h2>\n<table style=\"width: 800px; border-collapse: collapse;\">\n<tbody>\n<tr>\n<td style=\"background-color: #fc4c02; width: 800px; text-align: center; vertical-align: middle;\" colspan=\"5\"><span style=\"color: #ffffff;\"><strong>JEUDI 24 F\u00c9VRIER 2022<\/strong><\/span><span style=\"color: #ffffff;\"><strong><br \/>\n<\/strong><\/span><\/td>\n<\/tr>\n<tr>\n<td style=\"text-align: center; vertical-align: middle; width: 10%; background-color: #000000;\"><span style=\"color: #ffffff; font-size: 0.9em;\"><strong>Horaire<\/strong><\/span><\/td>\n<td style=\"text-align: center; vertical-align: middle; width: 30%; background-color: #000000;\" colspan=\"2\"><span style=\"color: #ffffff;\"><span style=\"font-size: 0.9em;\"><b>Sp\u00e9ciale<\/b><\/span><\/span><\/td>\n<td style=\"text-align: center; vertical-align: middle; width: 30%; background-color: #000000;\"><span style=\"color: #ffffff; font-size: 0.9em;\"><strong>Vainqueurs<\/strong><\/span><\/td>\n<td style=\"text-align: center; vertical-align: middle; width: 30%; background-color: #000000;\"><span style=\"color: #ffffff; font-size: 0.9em;\"><strong>Leaders<\/strong><\/span><\/td>\n<\/tr>\n<tr>\n<td style=\"text-align: center; vertical-align: middle; width: 10%;\"><strong>9h01<\/strong><\/td>\n<td style=\"text-align: center; vertical-align: middle; width: 30%;\" colspan=\"2\"><strong>Shakedown<br \/>\n<a href=\"https:\/\/fr.motorsport.com\/wrc\/news\/shakedown-rovanpera-montre-hyundai-aussi\/8451971\/?filters%5Bsub_event%5D%5B0%5D%5Btitle%5D=Shakedown&amp;filters%5Bsub_event%5D%5B0%5D%5Bvalue%5D=769346\" target=\"_blank\" rel=\"nofollow noopener\"><span style=\"font-size: 0.9em;\"><em><span style=\"font-size: 0.8em;\">Classement<\/span><\/em><\/span><\/a><br \/>\n<\/strong><\/td>\n<td style=\"text-align: center; vertical-align: middle; width: 30%;\"><span style=\"font-size: 0.9em;\"><strong>&#x1f1eb;&#x1f1ee; Kalle ROVANPER\u00c4 \/ &#x1f1eb;&#x1f1ee; Jonne HALTTUNEN<\/strong><br \/>\n<span style=\"font-size: 0.8em;\">TOYOTA<\/span><\/span><\/td>\n<td style=\"text-align: center; vertical-align: middle; width: 30%;\"><span style=\"font-size: 0.9em;\"><strong>&#x1f1eb;&#x1f1ee; Kalle ROVANPER\u00c4 \/ &#x1f1eb;&#x1f1ee; Jonne HALTTUNEN<\/strong><br \/>\n<span style=\"font-size: 0.8em;\">TOYOTA<\/span><\/span><\/td>\n<\/tr>\n<tr>\n<td style=\"background-color: #fc4c02; width: 100%; text-align: center; vertical-align: middle;\" colspan=\"5\"><span style=\"color: #ffffff;\"><strong>VENDREDI 25 F\u00c9VRIER 2022<\/strong><\/span><\/td>\n<\/tr>\n<tr>\n<td style=\"text-align: center; vertical-align: middle; width: 10%; background-color: #000000;\"><span style=\"color: #ffffff; font-size: 0.9em;\"><strong>Horaire<\/strong><\/span><\/td>\n<td style=\"text-align: center; vertical-align: middle; width: 30%; background-color: #000000;\" colspan=\"2\"><span style=\"color: #ffffff;\"><span style=\"font-size: 0.9em;\"><b>Sp\u00e9ciale<\/b><\/span><\/span><\/td>\n<td style=\"text-align: center; vertical-align: middle; width: 30%; background-color: #000000;\"><span style=\"color: #ffffff; font-size: 0.9em;\"><strong>Vainqueurs<\/strong><\/span><\/td>\n<td style=\"text-align: center; vertical-align: middle; width: 30%; background-color: #000000;\"><span style=\"color: #ffffff; font-size: 0.9em;\"><strong>Leaders<\/strong><\/span><\/td>\n<\/tr>\n<tr>\n<td style=\"text-align: center; vertical-align: middle; width: 10%;\"><strong>8h42<\/strong><\/td>\n<td style=\"text-align: center; vertical-align: middle; width: 30%;\" colspan=\"2\"><strong>ES1<br \/>\n<a href=\"https:\/\/fr.motorsport.com\/wrc\/results\/2022\/rallye-de-suede-540310\/?st=SS+1\" target=\"_blank\" rel=\"nofollow noopener\"><span style=\"font-size: 0.9em;\"><em><span style=\"font-size: 0.8em;\">Classement<\/span><\/em><\/span><\/a><br \/>\n<\/strong><\/td>\n<td style=\"text-align: center; vertical-align: middle; width: 30%;\"><span style=\"font-size: 0.9em;\"><strong>&#x1f1ea;&#x1f1ea; Ott T\u00c4NAK \/ &#x1f1ea;&#x1f1ea; Martin J\u00c4RVEOJA<\/strong><br \/>\n<span style=\"font-size: 0.8em;\">HYUNDAI<\/span><\/span><\/td>\n<td style=\"text-align: center; vertical-align: middle; width: 30%;\"><span style=\"font-size: 0.9em;\"><strong>&#x1f1ea;&#x1f1ea; Ott T\u00c4NAK \/ &#x1f1ea;&#x1f1ea; Martin J\u00c4RVEOJA<\/strong><br \/>\n<span style=\"font-size: 0.8em;\">HYUNDAI<\/span><\/span><\/td>\n<\/tr>\n<tr>\n<td style=\"text-align: center; vertical-align: middle; width: 10%;\"><strong>9h55<\/strong><\/td>\n<td style=\"text-align: center; vertical-align: middle; width: 30%;\" colspan=\"2\"><strong>ES2<br \/>\n<a href=\"https:\/\/fr.motorsport.com\/wrc\/results\/2022\/rallye-de-suede-540310\/?st=SS+2\" target=\"_blank\" rel=\"nofollow noopener\"><span style=\"font-size: 0.9em;\"><em><span style=\"font-size: 0.8em;\">Classement<\/span><\/em><\/span><\/a><br \/>\n<\/strong><\/td>\n<td style=\"text-align: center; vertical-align: middle; width: 30%;\"><span style=\"font-size: 0.9em;\"><strong>&#x1f1eb;&#x1f1ee; Esapekka LAPPI \/ &#x1f1eb;&#x1f1ee; Janne FERM<\/strong><br \/>\n<span style=\"font-size: 0.8em;\">TOYOTA<\/span><\/span><\/td>\n<td style=\"text-align: center; vertical-align: middle; width: 30%;\"><span style=\"font-size: 0.9em;\"><strong>&#x1f1eb;&#x1f1ee; Esapekka LAPPI \/ &#x1f1eb;&#x1f1ee; Janne FERM<\/strong><br \/>\n<span style=\"font-size: 0.8em;\">TOYOTA<\/span><\/span><\/td>\n<\/tr>\n<tr>\n<td style=\"text-align: center; vertical-align: middle; width: 10%;\"><strong>11h31<\/strong><\/td>\n<td style=\"text-align: center; vertical-align: middle; width: 30%;\" colspan=\"2\"><strong>ES3<br \/>\n<a href=\"https:\/\/fr.motorsport.com\/wrc\/results\/2022\/rallye-de-suede-540310\/?st=SS+3\" target=\"_blank\" rel=\"nofollow noopener\"><span style=\"font-size: 0.9em;\"><em><span style=\"font-size: 0.8em;\">Classement<\/span><\/em><\/span><\/a><br \/>\n<\/strong><\/td>\n<td style=\"text-align: center; vertical-align: middle; width: 30%;\"><span style=\"font-size: 0.9em;\"><strong>&#x1f1eb;&#x1f1ee; Kalle ROVANPER\u00c4 \/ &#x1f1eb;&#x1f1ee; Jonne HALTTUNEN<\/strong><br \/>\n<span style=\"font-size: 0.8em;\">TOYOTA<\/span><\/span><\/td>\n<td style=\"text-align: center; vertical-align: middle; width: 30%;\"><span style=\"font-size: 0.9em;\"><strong>&#x1f1eb;&#x1f1ee; Kalle ROVANPER\u00c4 \/ &#x1f1eb;&#x1f1ee; Jonne HALTTUNEN<\/strong><br \/>\n<span style=\"font-size: 0.8em;\">TOYOTA<\/span><\/span><\/td>\n<\/tr>\n<tr>\n<td style=\"text-align: center; vertical-align: middle; width: 10%;\"><strong>14h45<\/strong><\/td>\n<td style=\"text-align: center; vertical-align: middle; width: 30%;\" colspan=\"2\"><strong>ES4<br \/>\n<a href=\"https:\/\/fr.motorsport.com\/wrc\/results\/2022\/rallye-de-suede-540310\/?st=SS+4\"><span style=\"font-size: 0.9em;\"><em><span style=\"font-size: 0.8em;\">Classement<\/span><\/em><\/span><\/a><br \/>\n<\/strong><\/td>\n<td style=\"text-align: center; vertical-align: middle; width: 30%;\"><span style=\"font-size: 0.9em;\"><strong>&#x1f1ec;&#x1f1e7; Elfyn EVANS \/ &#x1f1ec;&#x1f1e7; Scott MARTIN<br \/>\n<\/strong><span style=\"font-size: 0.8em;\">TOYOTA<\/span><\/span><\/td>\n<td style=\"text-align: center; vertical-align: middle; width: 30%;\"><span style=\"font-size: 0.9em;\"><strong>&#x1f1ec;&#x1f1e7; Elfyn EVANS \/ &#x1f1ec;&#x1f1e7; Scott MARTIN<br \/>\n<\/strong><span style=\"font-size: 0.8em;\">TOYOTA<\/span><\/span><\/td>\n<\/tr>\n<tr>\n<td style=\"text-align: center; vertical-align: middle; width: 10%;\"><strong>15h58<\/strong><\/td>\n<td style=\"text-align: center; vertical-align: middle; width: 30%;\" colspan=\"2\"><strong>ES5<br \/>\n<a href=\"https:\/\/fr.motorsport.com\/wrc\/results\/2022\/rallye-de-suede-540310\/?st=SS+5\"><span style=\"font-size: 0.9em;\"><em><span style=\"font-size: 0.8em;\">Classement<\/span><\/em><\/span><\/a><br \/>\n<\/strong><\/td>\n<td style=\"text-align: center; vertical-align: middle; width: 30%;\"><span style=\"font-size: 0.9em;\"><strong>&#x1f1ec;&#x1f1e7; Elfyn EVANS \/ &#x1f1ec;&#x1f1e7; Scott MARTIN<br \/>\n<\/strong><span style=\"font-size: 0.8em;\">TOYOTA<\/span><\/span><\/td>\n<td style=\"text-align: center; vertical-align: middle; width: 30%;\"><span style=\"font-size: 0.9em;\"><strong>&#x1f1ec;&#x1f1e7; Elfyn EVANS \/ &#x1f1ec;&#x1f1e7; Scott MARTIN<br \/>\n<\/strong><span style=\"font-size: 0.8em;\">TOYOTA<\/span><\/span><\/td>\n<\/tr>\n<tr>\n<td style=\"text-align: center; vertical-align: middle; width: 10%;\"><strong>17h34<\/strong><\/td>\n<td style=\"text-align: center; vertical-align: middle; width: 30%;\" colspan=\"2\"><strong>ES6<br \/>\n<a href=\"https:\/\/fr.motorsport.com\/wrc\/results\/2022\/rallye-de-suede-540310\/?st=SS+6\"><span style=\"font-size: 0.9em;\"><em><span style=\"font-size: 0.8em;\">Classement<\/span><\/em><\/span><\/a><br \/>\n<\/strong><\/td>\n<td style=\"text-align: center; vertical-align: middle; width: 30%;\"><span style=\"font-size: 0.9em;\"><strong>&#x1f1e7;&#x1f1ea; Thierry NEUVILLE \/ &#x1f1e7;&#x1f1ea; Martijn WYDAEGHE<\/strong><br \/>\n<span style=\"font-size: 0.8em;\">HYUNDAI<\/span><\/span><\/td>\n<td style=\"text-align: center; vertical-align: middle; width: 30%;\"><span style=\"font-size: 0.9em;\"><strong>&#x1f1ec;&#x1f1e7; Elfyn EVANS \/ &#x1f1ec;&#x1f1e7; Scott MARTIN<br \/>\n<\/strong><span style=\"font-size: 0.8em;\">TOYOTA<\/span><\/span><\/td>\n<\/tr>\n<tr>\n<td style=\"text-align: center; vertical-align: middle; width: 10%;\"><strong>18h38<\/strong><\/td>\n<td style=\"text-align: center; vertical-align: middle; width: 30%;\" colspan=\"2\"><strong>ES7<br \/>\n<a href=\"https:\/\/fr.motorsport.com\/wrc\/results\/2022\/rallye-de-suede-540310\/?st=SS+7\"><span style=\"font-size: 0.9em;\"><em><span style=\"font-size: 0.8em;\">Classement<\/span><\/em><\/span><\/a><br \/>\n<\/strong><\/td>\n<td style=\"text-align: center; vertical-align: middle; width: 30%;\"><span style=\"font-size: 0.9em;\"><strong>&#x1f1eb;&#x1f1ee; Kalle ROVANPER\u00c4 \/ &#x1f1eb;&#x1f1ee; Jonne HALTTUNEN<\/strong><br \/>\n<span style=\"font-size: 0.8em;\">TOYOTA<\/span><\/span><\/td>\n<td style=\"text-align: center; vertical-align: middle; width: 30%;\"><span style=\"font-size: 0.9em;\"><strong>&#x1f1e7;&#x1f1ea; Thierry NEUVILLE \/ &#x1f1e7;&#x1f1ea; Martijn WYDAEGHE<\/strong><br \/>\n<span style=\"font-size: 0.8em;\">HYUNDAI<\/span><\/span><\/td>\n<\/tr>\n<tr>\n<td style=\"background-color: #fc4c02; width: 100%; text-align: center; vertical-align: middle;\" colspan=\"5\"><span style=\"color: #ffffff;\"><strong>SAMEDI 26 F\u00c9VRIER 2022<\/strong><\/span><span style=\"color: #ffffff;\"><strong><br \/>\n<\/strong><\/span><\/td>\n<\/tr>\n<tr>\n<td style=\"text-align: center; vertical-align: middle; width: 10%; background-color: #000000;\"><span style=\"color: #ffffff; font-size: 0.9em;\"><strong>Horaire<\/strong><\/span><\/td>\n<td style=\"text-align: center; vertical-align: middle; width: 30%; background-color: #000000;\" colspan=\"2\"><span style=\"color: #ffffff;\"><span style=\"font-size: 0.9em;\"><b>Sp\u00e9ciale<\/b><\/span><\/span><\/td>\n<td style=\"text-align: center; vertical-align: middle; width: 30%; background-color: #000000;\"><span style=\"color: #ffffff; font-size: 0.9em;\"><strong>Vainqueurs<\/strong><\/span><\/td>\n<td style=\"text-align: center; vertical-align: middle; width: 30%; background-color: #000000;\"><span style=\"color: #ffffff; font-size: 0.9em;\"><strong>Leaders<\/strong><\/span><\/td>\n<\/tr>\n<tr>\n<td style=\"text-align: center; vertical-align: middle; width: 10%;\"><strong>8h57<\/strong><\/td>\n<td style=\"text-align: center; vertical-align: middle; width: 30%;\" colspan=\"2\"><strong>ES8<br \/>\n<a href=\"https:\/\/fr.motorsport.com\/wrc\/results\/2022\/rallye-de-suede-540310\/?st=SS+8\"><span style=\"font-size: 0.9em;\"><em><span style=\"font-size: 0.8em;\">Classement<\/span><\/em><\/span><\/a><br \/>\n<\/strong><\/td>\n<td style=\"text-align: center; vertical-align: middle; width: 30%;\"><span style=\"font-size: 0.9em;\"><strong>&#x1f1ec;&#x1f1e7; Elfyn EVANS \/ &#x1f1ec;&#x1f1e7; Scott MARTIN<br \/>\n<\/strong><span style=\"font-size: 0.8em;\">TOYOTA<\/span><\/span><\/td>\n<td style=\"text-align: center; vertical-align: middle; width: 30%;\"><span style=\"font-size: 0.9em;\"><strong>&#x1f1eb;&#x1f1ee; Kalle ROVANPER\u00c4 \/ &#x1f1eb;&#x1f1ee; Jonne HALTTUNEN<\/strong><br \/>\n<span style=\"font-size: 0.8em;\">TOYOTA<\/span><\/span><\/td>\n<\/tr>\n<tr>\n<td style=\"text-align: center; vertical-align: middle; width: 10%;\"><strong>10h54<\/strong><\/td>\n<td style=\"text-align: center; vertical-align: middle; width: 30%;\" colspan=\"2\"><strong>ES10<br \/>\n<a href=\"https:\/\/fr.motorsport.com\/wrc\/results\/2022\/rallye-de-suede-540310\/?st=SS+10\" target=\"_blank\" rel=\"nofollow noopener\"><span style=\"font-size: 0.9em;\"><em><span style=\"font-size: 0.8em;\">Classement<\/span><\/em><\/span><\/a><br \/>\n<\/strong><\/td>\n<td style=\"text-align: center; vertical-align: middle; width: 30%;\"><span style=\"font-size: 0.9em;\"><strong>&#x1f1eb;&#x1f1ee; Kalle ROVANPER\u00c4 \/ &#x1f1eb;&#x1f1ee; Jonne HALTTUNEN<\/strong><br \/>\n<span style=\"font-size: 0.8em;\">TOYOTA<\/span><\/span><\/td>\n<td style=\"text-align: center; vertical-align: middle; width: 30%;\"><span style=\"font-size: 0.9em;\"><strong>&#x1f1eb;&#x1f1ee; Kalle ROVANPER\u00c4 \/ &#x1f1eb;&#x1f1ee; Jonne HALTTUNEN<\/strong><br \/>\n<span style=\"font-size: 0.8em;\">TOYOTA<\/span><\/span><\/td>\n<\/tr>\n<tr>\n<td style=\"text-align: center; vertical-align: middle; width: 10%;\"><strong>12h08<\/strong><\/td>\n<td style=\"text-align: center; vertical-align: middle; width: 30%;\" colspan=\"2\"><strong>ES11<br \/>\n<a href=\"https:\/\/fr.motorsport.com\/wrc\/results\/2022\/rallye-de-suede-540310\/?st=SS+11\" target=\"_blank\" rel=\"nofollow noopener\"><span style=\"font-size: 0.9em;\"><em><span style=\"font-size: 0.8em;\">Classement<\/span><\/em><\/span><\/a><br \/>\n<\/strong><\/td>\n<td style=\"text-align: center; vertical-align: middle; width: 30%;\"><span style=\"font-size: 0.9em;\"><strong>&#x1f1ee;&#x1f1ea; Craig BREEN \/ &#x1f1ee;&#x1f1ea; Paul NAGLE<\/strong><br \/>\n<span style=\"font-size: 0.8em;\">FORD<\/span><\/span><\/td>\n<td style=\"text-align: center; vertical-align: middle; width: 30%;\"><span style=\"font-size: 0.9em;\"><strong>&#x1f1eb;&#x1f1ee; Kalle ROVANPER\u00c4 \/ &#x1f1eb;&#x1f1ee; Jonne HALTTUNEN<\/strong><br \/>\n<span style=\"font-size: 0.8em;\">TOYOTA<\/span><\/span><\/td>\n<\/tr>\n<tr>\n<td style=\"text-align: center; vertical-align: middle; width: 10%;\"><strong>15h27<\/strong><\/td>\n<td style=\"text-align: center; vertical-align: middle; width: 30%;\" colspan=\"2\"><strong>ES12<br \/>\n<a href=\"https:\/\/fr.motorsport.com\/wrc\/results\/2022\/rallye-de-suede-540310\/?st=SS+12\" target=\"_blank\" rel=\"nofollow noopener\"><span style=\"font-size: 0.9em;\"><em><span style=\"font-size: 0.8em;\">Classement<\/span><\/em><\/span><\/a><br \/>\n<\/strong><\/td>\n<td style=\"text-align: center; vertical-align: middle; width: 30%;\"><span style=\"font-size: 0.9em;\"><strong>&#x1f1ec;&#x1f1e7; Elfyn EVANS \/ &#x1f1ec;&#x1f1e7; Scott MARTIN<br \/>\n<\/strong><span style=\"font-size: 0.8em;\">TOYOTA<\/span><\/span><\/td>\n<td style=\"text-align: center; vertical-align: middle; width: 30%;\"><span style=\"font-size: 0.9em;\"><strong>&#x1f1eb;&#x1f1ee; Kalle ROVANPER\u00c4 \/ &#x1f1eb;&#x1f1ee; Jonne HALTTUNEN<\/strong><br \/>\n<span style=\"font-size: 0.8em;\">TOYOTA<\/span><\/span><\/td>\n<\/tr>\n<tr>\n<td style=\"text-align: center; vertical-align: middle; width: 10%;\"><strong>17h24<\/strong><\/td>\n<td style=\"text-align: center; vertical-align: middle; width: 30%;\" colspan=\"2\"><strong>ES14<br \/>\n<a href=\"https:\/\/fr.motorsport.com\/wrc\/results\/2022\/rallye-de-suede-540310\/?st=SS+14\" target=\"_blank\" rel=\"nofollow noopener\"><span style=\"font-size: 0.9em;\"><em><span style=\"font-size: 0.8em;\">Classement<\/span><\/em><\/span><\/a><br \/>\n<\/strong><\/td>\n<td style=\"text-align: center; vertical-align: middle; width: 30%;\"><span style=\"font-size: 0.9em;\"><strong>&#x1f1eb;&#x1f1ee; Kalle ROVANPER\u00c4 \/ &#x1f1eb;&#x1f1ee; Jonne HALTTUNEN<\/strong><br \/>\n<span style=\"font-size: 0.8em;\">TOYOTA<\/span><\/span><\/td>\n<td style=\"text-align: center; vertical-align: middle; width: 30%;\"><span style=\"font-size: 0.9em;\"><strong>&#x1f1eb;&#x1f1ee; Kalle ROVANPER\u00c4 \/ &#x1f1eb;&#x1f1ee; Jonne HALTTUNEN<\/strong><br \/>\n<span style=\"font-size: 0.8em;\">TOYOTA<\/span><\/span><\/td>\n<\/tr>\n<tr>\n<td style=\"text-align: center; vertical-align: middle; width: 10%;\"><strong>18h38<\/strong><\/td>\n<td style=\"text-align: center; vertical-align: middle; width: 30%;\" colspan=\"2\"><strong>ES15<br \/>\n<a href=\"https:\/\/fr.motorsport.com\/wrc\/results\/2022\/rallye-de-suede-540310\/?st=SS+15\" target=\"_blank\" rel=\"nofollow noopener\"><span style=\"font-size: 0.9em;\"><em><span style=\"font-size: 0.8em;\">Classement<\/span><\/em><\/span><\/a><br \/>\n<\/strong><\/td>\n<td style=\"text-align: center; vertical-align: middle; width: 30%;\"><span style=\"font-size: 0.9em;\"><strong>&#x1f1eb;&#x1f1ee; Kalle ROVANPER\u00c4 \/ &#x1f1eb;&#x1f1ee; Jonne HALTTUNEN<\/strong><br \/>\n<span style=\"font-size: 0.8em;\">TOYOTA<\/span><\/span><\/td>\n<td style=\"text-align: center; vertical-align: middle; width: 30%;\"><span style=\"font-size: 0.9em;\"><strong>&#x1f1eb;&#x1f1ee; Kalle ROVANPER\u00c4 \/ &#x1f1eb;&#x1f1ee; Jonne HALTTUNEN<\/strong><br \/>\n<span style=\"font-size: 0.8em;\">TOYOTA<\/span><\/span><\/td>\n<\/tr>\n<tr>\n<td style=\"background-color: #fc4c02; width: 100%; text-align: center; vertical-align: middle;\" colspan=\"5\"><span style=\"color: #ffffff;\"><strong>DIMANCHE 27 F\u00c9VRIER 2022<\/strong><\/span><\/td>\n<\/tr>\n<tr>\n<td style=\"text-align: center; vertical-align: middle; width: 10%; background-color: #000000;\"><span style=\"color: #ffffff; font-size: 0.9em;\"><strong>Horaire<\/strong><\/span><\/td>\n<td style=\"text-align: center; vertical-align: middle; width: 30%; background-color: #000000;\" colspan=\"2\"><span style=\"color: #ffffff;\"><span style=\"font-size: 0.9em;\"><b>Sp\u00e9ciale<\/b><\/span><\/span><\/td>\n<td style=\"text-align: center; vertical-align: middle; width: 30%; background-color: #000000;\"><span style=\"color: #ffffff; font-size: 0.9em;\"><strong>Vainqueurs<\/strong><\/span><\/td>\n<td style=\"text-align: center; vertical-align: middle; width: 30%; background-color: #000000;\"><span style=\"color: #ffffff; font-size: 0.9em;\"><strong>Leaders<\/strong><\/span><\/td>\n<\/tr>\n<tr>\n<td style=\"text-align: center; vertical-align: middle; width: 10%;\"><strong>7h00<\/strong><\/td>\n<td style=\"text-align: center; vertical-align: middle; width: 30%;\" colspan=\"2\"><strong>ES16<br \/>\n<a href=\"https:\/\/fr.motorsport.com\/wrc\/results\/2022\/rallye-de-suede-540310\/?st=SS+16\" target=\"_blank\" rel=\"nofollow noopener\"><span style=\"font-size: 0.9em;\"><em><span style=\"font-size: 0.8em;\">Classement<\/span><\/em><\/span><\/a><br \/>\n<\/strong><\/td>\n<td style=\"text-align: center; vertical-align: middle; width: 30%;\"><span style=\"font-size: 0.9em;\"><strong>&#x1f1eb;&#x1f1ee; Kalle ROVANPER\u00c4 \/ &#x1f1eb;&#x1f1ee; Jonne HALTTUNEN<\/strong><br \/>\n<span style=\"font-size: 0.8em;\">TOYOTA<\/span><\/span><\/td>\n<td style=\"text-align: center; vertical-align: middle; width: 30%;\"><span style=\"font-size: 0.9em;\"><strong>&#x1f1eb;&#x1f1ee; Kalle ROVANPER\u00c4 \/ &#x1f1eb;&#x1f1ee; Jonne HALTTUNEN<\/strong><br \/>\n<span style=\"font-size: 0.8em;\">TOYOTA<\/span><\/span><\/td>\n<\/tr>\n<tr>\n<td style=\"text-align: center; vertical-align: middle; width: 10%;\"><strong>8h08<\/strong><\/td>\n<td style=\"text-align: center; vertical-align: middle; width: 30%;\" colspan=\"2\"><strong>ES17<br \/>\n<a href=\"https:\/\/fr.motorsport.com\/wrc\/results\/2022\/rallye-de-suede-540310\/?st=SS+17\" target=\"_blank\" rel=\"nofollow noopener\"><span style=\"font-size: 0.9em;\"><em><span style=\"font-size: 0.8em;\">Classement<\/span><\/em><\/span><\/a><br \/>\n<\/strong><\/td>\n<td style=\"text-align: center; vertical-align: middle; width: 30%;\"><span style=\"font-size: 0.9em;\"><strong>&#x1f1ea;&#x1f1ea; Ott T\u00c4NAK \/ &#x1f1ea;&#x1f1ea; Martin J\u00c4RVEOJA<\/strong><br \/>\n<span style=\"font-size: 0.8em;\">HYUNDAI<\/span><\/span><\/td>\n<td style=\"text-align: center; vertical-align: middle; width: 30%;\"><span style=\"font-size: 0.9em;\"><strong>&#x1f1eb;&#x1f1ee; Kalle ROVANPER\u00c4 \/ &#x1f1eb;&#x1f1ee; Jonne HALTTUNEN<\/strong><br \/>\n<span style=\"font-size: 0.8em;\">TOYOTA<\/span><\/span><\/td>\n<\/tr>\n<tr>\n<td style=\"text-align: center; vertical-align: middle; width: 10%;\"><strong>9h37<\/strong><\/td>\n<td style=\"text-align: center; vertical-align: middle; width: 30%;\" colspan=\"2\"><strong>ES18<br \/>\n<a href=\"https:\/\/fr.motorsport.com\/wrc\/results\/2022\/rallye-de-suede-540310\/?st=SS+18\" target=\"_blank\" rel=\"nofollow noopener\"><span style=\"font-size: 0.9em;\"><em><span style=\"font-size: 0.8em;\">Classement<\/span><\/em><\/span><\/a><br \/>\n<\/strong><\/td>\n<td style=\"text-align: center; vertical-align: middle; width: 30%;\"><span style=\"font-size: 0.9em;\"><strong>&#x1f1e7;&#x1f1ea; Thierry NEUVILLE \/ &#x1f1e7;&#x1f1ea; Martijn WYDAEGHE<\/strong><br \/>\n<span style=\"font-size: 0.8em;\">HYUNDAI<\/span><\/span><\/td>\n<td style=\"text-align: center; vertical-align: middle; width: 30%;\"><span style=\"font-size: 0.9em;\"><strong>&#x1f1eb;&#x1f1ee; Kalle ROVANPER\u00c4 \/ &#x1f1eb;&#x1f1ee; Jonne HALTTUNEN<\/strong><br \/>\n<span style=\"font-size: 0.8em;\">TOYOTA<\/span><\/span><\/td>\n<\/tr>\n<tr>\n<td style=\"text-align: center; vertical-align: middle; width: 10%;\"><strong>12h18<\/strong><\/td>\n<td style=\"text-align: center; vertical-align: middle; width: 30%;\" colspan=\"2\"><strong>ES19 &#8211; Power Stage<br \/>\n<a href=\"https:\/\/fr.motorsport.com\/wrc\/results\/2022\/rallye-de-suede-540310\/?st=SS+19\" target=\"_blank\" rel=\"nofollow noopener\"><span style=\"font-size: 0.9em;\"><em><span style=\"font-size: 0.8em;\">Classement<\/span><\/em><\/span><\/a><br \/>\n<\/strong><\/td>\n<td style=\"text-align: center; vertical-align: middle; width: 30%;\"><span style=\"font-size: 0.9em;\"><strong>&#x1f1ea;&#x1f1ea; Ott T\u00c4NAK \/ &#x1f1ea;&#x1f1ea; Martin J\u00c4RVEOJA<\/strong><br \/>\n<span style=\"font-size: 0.8em;\">HYUNDAI<\/span><\/span><\/td>\n<td style=\"text-align: center; vertical-align: middle; width: 30%;\"><span style=\"font-size: 0.9em;\"><strong>&#x1f1eb;&#x1f1ee; Kalle ROVANPER\u00c4 \/ &#x1f1eb;&#x1f1ee; Jonne HALTTUNEN<\/strong><br \/>\n<span style=\"font-size: 0.8em;\">TOYOTA<\/span><\/span><\/td>\n<\/tr>\n<\/tbody>\n<\/table>\n<h2 style=\"text-align: justify;\">Le classement g\u00e9n\u00e9ral du Rallye de Su\u00e8de<\/h2>\n<p><span class=\"OPGjr\"><\/p>\n<blockquote class=\"wp-embedded-content\" data-secret=\"zlY52UVHtk\"><p><a href=\"https:\/\/dicodusport.fr\/blog\/wrc-rallye-de-suede-classement-general\/\">WRC Rallye de Su\u00e8de &#8211; Le classement g\u00e9n\u00e9ral<\/a><\/p><\/blockquote>\n<p><iframe loading=\"lazy\" class=\"wp-embedded-content\" sandbox=\"allow-scripts\" security=\"restricted\" style=\"position: absolute; clip: rect(1px, 1px, 1px, 1px);\" title=\"\u00ab\u00a0WRC Rallye de Su\u00e8de &#8211; Le classement g\u00e9n\u00e9ral\u00a0\u00bb &#8212; Dicodusport\" src=\"https:\/\/dicodusport.fr\/blog\/wrc-rallye-de-suede-classement-general\/embed\/#?secret=zlY52UVHtk\" data-secret=\"zlY52UVHtk\" width=\"600\" height=\"338\" frameborder=\"0\" marginwidth=\"0\" marginheight=\"0\" scrolling=\"no\"><\/iframe><\/span><\/p>\n<h2 style=\"text-align: justify;\"><strong>\u00c0 lire aussi<\/strong><\/h2>\n<ul>\n<li style=\"text-align: justify;\"><a href=\"https:\/\/dicodusport.fr\/blog\/rallye-wrc-2022-calendrier-complet-et-resultats\/\"><strong>WRC 2022 &#8211; Calendrier complet et r\u00e9sultats<\/strong><\/a><\/li>\n<\/ul>\n","protected":false},"excerpt":{"rendered":"<p>WRC 2022 &#8211; Retrouvez le programme complet des sp\u00e9ciales et les r\u00e9sultats de la 2\u00e8me manche du championnat du monde des rallyes 2022, qui se d\u00e9roule en Su\u00e8de du 24 au 27 f\u00e9vrier.<\/p>\n","protected":false},"author":4,"featured_media":202631,"comment_status":"open","ping_status":"closed","sticky":false,"template":"","format":"standard","meta":{"_acf_changed":false,"_daextam_enable_autolinks":"","footnotes":""},"categories":[47088],"tags":[22003,22004],"class_list":["post-202624","post","type-post","status-publish","format-standard","has-post-thumbnail","hentry","category-rallye-wrc","tag-rallye-de-suede","tag-wrc-suede"],"acf":[],"yoast_head":"<!-- This site is optimized with the Yoast SEO Premium plugin v26.7 (Yoast SEO v26.7) - https:\/\/yoast.com\/wordpress\/plugins\/seo\/ -->\n<title>WRC 2022 - Programme et r\u00e9sultats<\/title>\n<meta name=\"description\" content=\"WRC 2022 - Retrouvez le programme complet des sp\u00e9ciales et les r\u00e9sultats du Rallye de Su\u00e8de, qui se d\u00e9roule du 24 au 27 f\u00e9vrier 2022.\" \/>\n<meta name=\"robots\" content=\"index, follow, max-snippet:-1, max-image-preview:large, max-video-preview:-1\" \/>\n<link rel=\"canonical\" href=\"https:\/\/dicodusport.fr\/blog\/wrc-rallye-suede-2022-programme-et-resultats-complets\/\" \/>\n<meta property=\"og:locale\" content=\"fr_FR\" \/>\n<meta property=\"og:type\" content=\"article\" \/>\n<meta property=\"og:title\" content=\"WRC Rallye Su\u00e8de 2022 - Les r\u00e9sultats complets\" \/>\n<meta property=\"og:description\" content=\"WRC 2022 - Retrouvez le programme complet des sp\u00e9ciales et les r\u00e9sultats du Rallye de Su\u00e8de, qui se d\u00e9roule du 24 au 27 f\u00e9vrier 2022.\" \/>\n<meta property=\"og:url\" content=\"https:\/\/dicodusport.fr\/blog\/wrc-rallye-suede-2022-programme-et-resultats-complets\/\" \/>\n<meta property=\"og:site_name\" content=\"Dicodusport\" \/>\n<meta property=\"article:publisher\" content=\"https:\/\/www.facebook.com\/dicodusport\" \/>\n<meta property=\"article:author\" content=\"https:\/\/www.facebook.com\/florent.ostermann\" \/>\n<meta property=\"article:published_time\" content=\"2022-02-27T12:17:01+00:00\" \/>\n<meta property=\"article:modified_time\" content=\"2022-02-27T12:17:36+00:00\" \/>\n<meta property=\"og:image\" content=\"https:\/\/dicodusport.fr\/blog\/wp-content\/uploads\/2022\/02\/WRC-Rallye-Suede-2022-Programme-et-resultats-complets.png\" \/>\n\t<meta property=\"og:image:width\" content=\"800\" \/>\n\t<meta property=\"og:image:height\" content=\"445\" \/>\n\t<meta property=\"og:image:type\" content=\"image\/png\" \/>\n<meta name=\"author\" content=\"Flo Ostermann\" \/>\n<meta name=\"twitter:card\" content=\"summary_large_image\" \/>\n<meta name=\"twitter:title\" content=\"WRC Rallye Su\u00e8de 2022 - Les r\u00e9sultats complets\" \/>\n<meta name=\"twitter:creator\" content=\"@https:\/\/twitter.com\/FlOstermann\" \/>\n<meta name=\"twitter:site\" content=\"@dicodusport\" \/>\n<script type=\"application\/ld+json\" class=\"yoast-schema-graph\">{\"@context\":\"https:\/\/schema.org\",\"@graph\":[{\"@type\":\"NewsArticle\",\"@id\":\"https:\/\/dicodusport.fr\/blog\/wrc-rallye-suede-2022-programme-et-resultats-complets\/#article\",\"isPartOf\":{\"@id\":\"https:\/\/dicodusport.fr\/blog\/wrc-rallye-suede-2022-programme-et-resultats-complets\/\"},\"author\":{\"name\":\"Flo Ostermann\",\"@id\":\"https:\/\/dicodusport.fr\/blog\/#\/schema\/person\/cb02af4c173ce4a653b55e9baf388d4a\"},\"headline\":\"WRC Rallye Su\u00e8de 2022 &#8211; Les r\u00e9sultats complets\",\"datePublished\":\"2022-02-27T12:17:01+00:00\",\"dateModified\":\"2022-02-27T12:17:36+00:00\",\"mainEntityOfPage\":{\"@id\":\"https:\/\/dicodusport.fr\/blog\/wrc-rallye-suede-2022-programme-et-resultats-complets\/\"},\"wordCount\":877,\"commentCount\":0,\"publisher\":{\"@id\":\"https:\/\/dicodusport.fr\/blog\/#organization\"},\"image\":{\"@id\":\"https:\/\/dicodusport.fr\/blog\/wrc-rallye-suede-2022-programme-et-resultats-complets\/#primaryimage\"},\"thumbnailUrl\":\"https:\/\/dicodusport.fr\/blog\/wp-content\/uploads\/2022\/02\/WRC-Rallye-Suede-2022-Programme-et-resultats-complets.png\",\"keywords\":[\"Rallye de Su\u00e8de\",\"WRC Su\u00e8de\"],\"articleSection\":[\"Rallye WRC\"],\"inLanguage\":\"fr-FR\",\"potentialAction\":[{\"@type\":\"CommentAction\",\"name\":\"Comment\",\"target\":[\"https:\/\/dicodusport.fr\/blog\/wrc-rallye-suede-2022-programme-et-resultats-complets\/#respond\"]}],\"copyrightYear\":\"2022\",\"copyrightHolder\":{\"@id\":\"https:\/\/dicodusport.fr\/blog\/#organization\"}},{\"@type\":\"WebPage\",\"@id\":\"https:\/\/dicodusport.fr\/blog\/wrc-rallye-suede-2022-programme-et-resultats-complets\/\",\"url\":\"https:\/\/dicodusport.fr\/blog\/wrc-rallye-suede-2022-programme-et-resultats-complets\/\",\"name\":\"WRC 2022 - Programme et r\u00e9sultats\",\"isPartOf\":{\"@id\":\"https:\/\/dicodusport.fr\/blog\/#website\"},\"primaryImageOfPage\":{\"@id\":\"https:\/\/dicodusport.fr\/blog\/wrc-rallye-suede-2022-programme-et-resultats-complets\/#primaryimage\"},\"image\":{\"@id\":\"https:\/\/dicodusport.fr\/blog\/wrc-rallye-suede-2022-programme-et-resultats-complets\/#primaryimage\"},\"thumbnailUrl\":\"https:\/\/dicodusport.fr\/blog\/wp-content\/uploads\/2022\/02\/WRC-Rallye-Suede-2022-Programme-et-resultats-complets.png\",\"datePublished\":\"2022-02-27T12:17:01+00:00\",\"dateModified\":\"2022-02-27T12:17:36+00:00\",\"description\":\"WRC 2022 - Retrouvez le programme complet des sp\u00e9ciales et les r\u00e9sultats du Rallye de Su\u00e8de, qui se d\u00e9roule du 24 au 27 f\u00e9vrier 2022.\",\"breadcrumb\":{\"@id\":\"https:\/\/dicodusport.fr\/blog\/wrc-rallye-suede-2022-programme-et-resultats-complets\/#breadcrumb\"},\"inLanguage\":\"fr-FR\",\"potentialAction\":[{\"@type\":\"ReadAction\",\"target\":[\"https:\/\/dicodusport.fr\/blog\/wrc-rallye-suede-2022-programme-et-resultats-complets\/\"]}]},{\"@type\":\"ImageObject\",\"inLanguage\":\"fr-FR\",\"@id\":\"https:\/\/dicodusport.fr\/blog\/wrc-rallye-suede-2022-programme-et-resultats-complets\/#primaryimage\",\"url\":\"https:\/\/dicodusport.fr\/blog\/wp-content\/uploads\/2022\/02\/WRC-Rallye-Suede-2022-Programme-et-resultats-complets.png\",\"contentUrl\":\"https:\/\/dicodusport.fr\/blog\/wp-content\/uploads\/2022\/02\/WRC-Rallye-Suede-2022-Programme-et-resultats-complets.png\",\"width\":800,\"height\":445,\"caption\":\"WRC Rallye Su\u00e8de 2022 - Programme et r\u00e9sultats complets\"},{\"@type\":\"BreadcrumbList\",\"@id\":\"https:\/\/dicodusport.fr\/blog\/wrc-rallye-suede-2022-programme-et-resultats-complets\/#breadcrumb\",\"itemListElement\":[{\"@type\":\"ListItem\",\"position\":1,\"name\":\"Accueil\",\"item\":\"https:\/\/dicodusport.fr\/blog\/\"},{\"@type\":\"ListItem\",\"position\":2,\"name\":\"WRC Rallye Su\u00e8de 2022 &#8211; Les r\u00e9sultats complets\"}]},{\"@type\":\"WebSite\",\"@id\":\"https:\/\/dicodusport.fr\/blog\/#website\",\"url\":\"https:\/\/dicodusport.fr\/blog\/\",\"name\":\"Dicodusport\",\"description\":\"L&#039;encyclop\u00e9die de l&#039;actualit\u00e9 sportive\",\"publisher\":{\"@id\":\"https:\/\/dicodusport.fr\/blog\/#organization\"},\"potentialAction\":[{\"@type\":\"SearchAction\",\"target\":{\"@type\":\"EntryPoint\",\"urlTemplate\":\"https:\/\/dicodusport.fr\/blog\/?s={search_term_string}\"},\"query-input\":{\"@type\":\"PropertyValueSpecification\",\"valueRequired\":true,\"valueName\":\"search_term_string\"}}],\"inLanguage\":\"fr-FR\"},{\"@type\":\"NewsMediaOrganization\",\"@id\":\"https:\/\/dicodusport.fr\/blog\/#organization\",\"name\":\"Dicodusport\",\"url\":\"https:\/\/dicodusport.fr\/blog\/\",\"logo\":{\"@type\":\"ImageObject\",\"inLanguage\":\"fr-FR\",\"@id\":\"https:\/\/dicodusport.fr\/blog\/#\/schema\/logo\/image\/\",\"url\":\"https:\/\/dicodusport.fr\/blog\/wp-content\/uploads\/2020\/06\/cropped-LOGO-DICODUSPORT-2020-SANS-FOND-SANS-TEXTE.png\",\"contentUrl\":\"https:\/\/dicodusport.fr\/blog\/wp-content\/uploads\/2020\/06\/cropped-LOGO-DICODUSPORT-2020-SANS-FOND-SANS-TEXTE.png\",\"width\":512,\"height\":512,\"caption\":\"Dicodusport\"},\"image\":{\"@id\":\"https:\/\/dicodusport.fr\/blog\/#\/schema\/logo\/image\/\"},\"sameAs\":[\"https:\/\/www.facebook.com\/dicodusport\",\"https:\/\/x.com\/dicodusport\",\"https:\/\/www.instagram.com\/dicodusport\/\",\"https:\/\/www.youtube.com\/channel\/UC7V2KZ5sd3htJivAbA4ZG3w\"],\"description\":\"Dicodusport est l'encyclop\u00e9die de l'actualit\u00e9 sportive.\",\"email\":\"bonjour@dicodusport.fr\",\"legalName\":\"DICODUSPORT\",\"foundingDate\":\"2018-01-14\",\"vatID\":\"FR71834470973\",\"taxID\":\"83447097300043\",\"numberOfEmployees\":{\"@type\":\"QuantitativeValue\",\"minValue\":\"1\",\"maxValue\":\"10\"}},{\"@type\":\"Person\",\"@id\":\"https:\/\/dicodusport.fr\/blog\/#\/schema\/person\/cb02af4c173ce4a653b55e9baf388d4a\",\"name\":\"Flo Ostermann\",\"image\":{\"@type\":\"ImageObject\",\"inLanguage\":\"fr-FR\",\"@id\":\"https:\/\/dicodusport.fr\/blog\/#\/schema\/person\/image\/\",\"url\":\"https:\/\/dicodusport.fr\/blog\/wp-content\/uploads\/2021\/05\/Flo-Ostermann-150x150.jpg\",\"contentUrl\":\"https:\/\/dicodusport.fr\/blog\/wp-content\/uploads\/2021\/05\/Flo-Ostermann-150x150.jpg\",\"caption\":\"Flo Ostermann\"},\"description\":\"Journaliste\/R\u00e9dacteur depuis septembre 2015 - Mes premiers souvenirs dans le sport ? Les envol\u00e9es du Stade Toulousain et les duels Villeneuve-Schumacher et H\u00e4kkinen-Schumacher \u00e0 la fin des ann\u00e9es 90, la Coupe du monde de football en 1998, l\u2019exploit du XV de France face aux All Blacks en 1999, mais aussi Richard C\u0153ur de Lion qui vole sur les montagnes du Tour de France. Bien parti pour devenir professeur d\u2019EPS, les \u00e9v\u00e9nements de la vie (et la flemme d\u2019animer des s\u00e9ances de 3x500 m\u00e8tres toute ma vie) m\u2019ont conduit \u00e0 revoir mes plans. Me voil\u00e0 depuis fin 2017 sur Dicodusport, m\u00e9dia gr\u00e2ce (et pour) lequel je partage ma passion : le sport dans tous ses \u00e9tats. Le tout accompagn\u00e9 par les fous furieux et folles furieuses cit\u00e9s sur cette page !\",\"sameAs\":[\"https:\/\/www.facebook.com\/florent.ostermann\",\"https:\/\/x.com\/https:\/\/twitter.com\/FlOstermann\",\"admin\"],\"url\":\"https:\/\/dicodusport.fr\/blog\/author\/flo\/\"}]}<\/script>\n<!-- \/ Yoast SEO Premium plugin. -->","yoast_head_json":{"title":"WRC 2022 - Programme et r\u00e9sultats","description":"WRC 2022 - Retrouvez le programme complet des sp\u00e9ciales et les r\u00e9sultats du Rallye de Su\u00e8de, qui se d\u00e9roule du 24 au 27 f\u00e9vrier 2022.","robots":{"index":"index","follow":"follow","max-snippet":"max-snippet:-1","max-image-preview":"max-image-preview:large","max-video-preview":"max-video-preview:-1"},"canonical":"https:\/\/dicodusport.fr\/blog\/wrc-rallye-suede-2022-programme-et-resultats-complets\/","og_locale":"fr_FR","og_type":"article","og_title":"WRC Rallye Su\u00e8de 2022 - Les r\u00e9sultats complets","og_description":"WRC 2022 - Retrouvez le programme complet des sp\u00e9ciales et les r\u00e9sultats du Rallye de Su\u00e8de, qui se d\u00e9roule du 24 au 27 f\u00e9vrier 2022.","og_url":"https:\/\/dicodusport.fr\/blog\/wrc-rallye-suede-2022-programme-et-resultats-complets\/","og_site_name":"Dicodusport","article_publisher":"https:\/\/www.facebook.com\/dicodusport","article_author":"https:\/\/www.facebook.com\/florent.ostermann","article_published_time":"2022-02-27T12:17:01+00:00","article_modified_time":"2022-02-27T12:17:36+00:00","og_image":[{"width":800,"height":445,"url":"https:\/\/dicodusport.fr\/blog\/wp-content\/uploads\/2022\/02\/WRC-Rallye-Suede-2022-Programme-et-resultats-complets.png","type":"image\/png"}],"author":"Flo Ostermann","twitter_card":"summary_large_image","twitter_title":"WRC Rallye Su\u00e8de 2022 - Les r\u00e9sultats complets","twitter_creator":"@https:\/\/twitter.com\/FlOstermann","twitter_site":"@dicodusport","schema":{"@context":"https:\/\/schema.org","@graph":[{"@type":"NewsArticle","@id":"https:\/\/dicodusport.fr\/blog\/wrc-rallye-suede-2022-programme-et-resultats-complets\/#article","isPartOf":{"@id":"https:\/\/dicodusport.fr\/blog\/wrc-rallye-suede-2022-programme-et-resultats-complets\/"},"author":{"name":"Flo Ostermann","@id":"https:\/\/dicodusport.fr\/blog\/#\/schema\/person\/cb02af4c173ce4a653b55e9baf388d4a"},"headline":"WRC Rallye Su\u00e8de 2022 &#8211; Les r\u00e9sultats complets","datePublished":"2022-02-27T12:17:01+00:00","dateModified":"2022-02-27T12:17:36+00:00","mainEntityOfPage":{"@id":"https:\/\/dicodusport.fr\/blog\/wrc-rallye-suede-2022-programme-et-resultats-complets\/"},"wordCount":877,"commentCount":0,"publisher":{"@id":"https:\/\/dicodusport.fr\/blog\/#organization"},"image":{"@id":"https:\/\/dicodusport.fr\/blog\/wrc-rallye-suede-2022-programme-et-resultats-complets\/#primaryimage"},"thumbnailUrl":"https:\/\/dicodusport.fr\/blog\/wp-content\/uploads\/2022\/02\/WRC-Rallye-Suede-2022-Programme-et-resultats-complets.png","keywords":["Rallye de Su\u00e8de","WRC Su\u00e8de"],"articleSection":["Rallye WRC"],"inLanguage":"fr-FR","potentialAction":[{"@type":"CommentAction","name":"Comment","target":["https:\/\/dicodusport.fr\/blog\/wrc-rallye-suede-2022-programme-et-resultats-complets\/#respond"]}],"copyrightYear":"2022","copyrightHolder":{"@id":"https:\/\/dicodusport.fr\/blog\/#organization"}},{"@type":"WebPage","@id":"https:\/\/dicodusport.fr\/blog\/wrc-rallye-suede-2022-programme-et-resultats-complets\/","url":"https:\/\/dicodusport.fr\/blog\/wrc-rallye-suede-2022-programme-et-resultats-complets\/","name":"WRC 2022 - Programme et r\u00e9sultats","isPartOf":{"@id":"https:\/\/dicodusport.fr\/blog\/#website"},"primaryImageOfPage":{"@id":"https:\/\/dicodusport.fr\/blog\/wrc-rallye-suede-2022-programme-et-resultats-complets\/#primaryimage"},"image":{"@id":"https:\/\/dicodusport.fr\/blog\/wrc-rallye-suede-2022-programme-et-resultats-complets\/#primaryimage"},"thumbnailUrl":"https:\/\/dicodusport.fr\/blog\/wp-content\/uploads\/2022\/02\/WRC-Rallye-Suede-2022-Programme-et-resultats-complets.png","datePublished":"2022-02-27T12:17:01+00:00","dateModified":"2022-02-27T12:17:36+00:00","description":"WRC 2022 - Retrouvez le programme complet des sp\u00e9ciales et les r\u00e9sultats du Rallye de Su\u00e8de, qui se d\u00e9roule du 24 au 27 f\u00e9vrier 2022.","breadcrumb":{"@id":"https:\/\/dicodusport.fr\/blog\/wrc-rallye-suede-2022-programme-et-resultats-complets\/#breadcrumb"},"inLanguage":"fr-FR","potentialAction":[{"@type":"ReadAction","target":["https:\/\/dicodusport.fr\/blog\/wrc-rallye-suede-2022-programme-et-resultats-complets\/"]}]},{"@type":"ImageObject","inLanguage":"fr-FR","@id":"https:\/\/dicodusport.fr\/blog\/wrc-rallye-suede-2022-programme-et-resultats-complets\/#primaryimage","url":"https:\/\/dicodusport.fr\/blog\/wp-content\/uploads\/2022\/02\/WRC-Rallye-Suede-2022-Programme-et-resultats-complets.png","contentUrl":"https:\/\/dicodusport.fr\/blog\/wp-content\/uploads\/2022\/02\/WRC-Rallye-Suede-2022-Programme-et-resultats-complets.png","width":800,"height":445,"caption":"WRC Rallye Su\u00e8de 2022 - Programme et r\u00e9sultats complets"},{"@type":"BreadcrumbList","@id":"https:\/\/dicodusport.fr\/blog\/wrc-rallye-suede-2022-programme-et-resultats-complets\/#breadcrumb","itemListElement":[{"@type":"ListItem","position":1,"name":"Accueil","item":"https:\/\/dicodusport.fr\/blog\/"},{"@type":"ListItem","position":2,"name":"WRC Rallye Su\u00e8de 2022 &#8211; Les r\u00e9sultats complets"}]},{"@type":"WebSite","@id":"https:\/\/dicodusport.fr\/blog\/#website","url":"https:\/\/dicodusport.fr\/blog\/","name":"Dicodusport","description":"L&#039;encyclop\u00e9die de l&#039;actualit\u00e9 sportive","publisher":{"@id":"https:\/\/dicodusport.fr\/blog\/#organization"},"potentialAction":[{"@type":"SearchAction","target":{"@type":"EntryPoint","urlTemplate":"https:\/\/dicodusport.fr\/blog\/?s={search_term_string}"},"query-input":{"@type":"PropertyValueSpecification","valueRequired":true,"valueName":"search_term_string"}}],"inLanguage":"fr-FR"},{"@type":"NewsMediaOrganization","@id":"https:\/\/dicodusport.fr\/blog\/#organization","name":"Dicodusport","url":"https:\/\/dicodusport.fr\/blog\/","logo":{"@type":"ImageObject","inLanguage":"fr-FR","@id":"https:\/\/dicodusport.fr\/blog\/#\/schema\/logo\/image\/","url":"https:\/\/dicodusport.fr\/blog\/wp-content\/uploads\/2020\/06\/cropped-LOGO-DICODUSPORT-2020-SANS-FOND-SANS-TEXTE.png","contentUrl":"https:\/\/dicodusport.fr\/blog\/wp-content\/uploads\/2020\/06\/cropped-LOGO-DICODUSPORT-2020-SANS-FOND-SANS-TEXTE.png","width":512,"height":512,"caption":"Dicodusport"},"image":{"@id":"https:\/\/dicodusport.fr\/blog\/#\/schema\/logo\/image\/"},"sameAs":["https:\/\/www.facebook.com\/dicodusport","https:\/\/x.com\/dicodusport","https:\/\/www.instagram.com\/dicodusport\/","https:\/\/www.youtube.com\/channel\/UC7V2KZ5sd3htJivAbA4ZG3w"],"description":"Dicodusport est l'encyclop\u00e9die de l'actualit\u00e9 sportive.","email":"bonjour@dicodusport.fr","legalName":"DICODUSPORT","foundingDate":"2018-01-14","vatID":"FR71834470973","taxID":"83447097300043","numberOfEmployees":{"@type":"QuantitativeValue","minValue":"1","maxValue":"10"}},{"@type":"Person","@id":"https:\/\/dicodusport.fr\/blog\/#\/schema\/person\/cb02af4c173ce4a653b55e9baf388d4a","name":"Flo Ostermann","image":{"@type":"ImageObject","inLanguage":"fr-FR","@id":"https:\/\/dicodusport.fr\/blog\/#\/schema\/person\/image\/","url":"https:\/\/dicodusport.fr\/blog\/wp-content\/uploads\/2021\/05\/Flo-Ostermann-150x150.jpg","contentUrl":"https:\/\/dicodusport.fr\/blog\/wp-content\/uploads\/2021\/05\/Flo-Ostermann-150x150.jpg","caption":"Flo Ostermann"},"description":"Journaliste\/R\u00e9dacteur depuis septembre 2015 - Mes premiers souvenirs dans le sport ? Les envol\u00e9es du Stade Toulousain et les duels Villeneuve-Schumacher et H\u00e4kkinen-Schumacher \u00e0 la fin des ann\u00e9es 90, la Coupe du monde de football en 1998, l\u2019exploit du XV de France face aux All Blacks en 1999, mais aussi Richard C\u0153ur de Lion qui vole sur les montagnes du Tour de France. Bien parti pour devenir professeur d\u2019EPS, les \u00e9v\u00e9nements de la vie (et la flemme d\u2019animer des s\u00e9ances de 3x500 m\u00e8tres toute ma vie) m\u2019ont conduit \u00e0 revoir mes plans. Me voil\u00e0 depuis fin 2017 sur Dicodusport, m\u00e9dia gr\u00e2ce (et pour) lequel je partage ma passion : le sport dans tous ses \u00e9tats. Le tout accompagn\u00e9 par les fous furieux et folles furieuses cit\u00e9s sur cette page !","sameAs":["https:\/\/www.facebook.com\/florent.ostermann","https:\/\/x.com\/https:\/\/twitter.com\/FlOstermann","admin"],"url":"https:\/\/dicodusport.fr\/blog\/author\/flo\/"}]}},"_links":{"self":[{"href":"https:\/\/dicodusport.fr\/blog\/wp-json\/wp\/v2\/posts\/202624","targetHints":{"allow":["GET"]}}],"collection":[{"href":"https:\/\/dicodusport.fr\/blog\/wp-json\/wp\/v2\/posts"}],"about":[{"href":"https:\/\/dicodusport.fr\/blog\/wp-json\/wp\/v2\/types\/post"}],"author":[{"embeddable":true,"href":"https:\/\/dicodusport.fr\/blog\/wp-json\/wp\/v2\/users\/4"}],"replies":[{"embeddable":true,"href":"https:\/\/dicodusport.fr\/blog\/wp-json\/wp\/v2\/comments?post=202624"}],"version-history":[{"count":0,"href":"https:\/\/dicodusport.fr\/blog\/wp-json\/wp\/v2\/posts\/202624\/revisions"}],"wp:featuredmedia":[{"embeddable":true,"href":"https:\/\/dicodusport.fr\/blog\/wp-json\/wp\/v2\/media\/202631"}],"wp:attachment":[{"href":"https:\/\/dicodusport.fr\/blog\/wp-json\/wp\/v2\/media?parent=202624"}],"wp:term":[{"taxonomy":"category","embeddable":true,"href":"https:\/\/dicodusport.fr\/blog\/wp-json\/wp\/v2\/categories?post=202624"},{"taxonomy":"post_tag","embeddable":true,"href":"https:\/\/dicodusport.fr\/blog\/wp-json\/wp\/v2\/tags?post=202624"}],"curies":[{"name":"wp","href":"https:\/\/api.w.org\/{rel}","templated":true}]}}