{"id":202698,"date":"2022-02-24T12:04:49","date_gmt":"2022-02-24T11:04:49","guid":{"rendered":"https:\/\/dicodusport.fr\/blog\/?p=202698&#038;preview=true&#038;preview_id=202698"},"modified":"2022-03-19T17:54:39","modified_gmt":"2022-03-19T16:54:39","slug":"xv-de-france-composition-bleus-ecosse","status":"publish","type":"post","link":"https:\/\/dicodusport.fr\/blog\/xv-de-france-composition-bleus-ecosse\/","title":{"rendered":"XV de France : La composition des Bleus pour affronter l&rsquo;\u00c9cosse"},"content":{"rendered":"<p style=\"text-align: justify;\"><em><strong>XV DE FRANCE &#8211; Fabien Galthi\u00e9 a d\u00e9voil\u00e9 la composition pour affronter l&rsquo;\u00c9cosse \u00e0 Murrayfield ce samedi (15h15), pour le troisi\u00e8me match des Bleus dans le <a href=\"https:\/\/dicodusport.fr\/blog\/tournoi-des-6-nations-2022-calendrier-et-resultats\/\">6 Nations 2022<\/a>.<\/strong><\/em><\/p>\n<p style=\"text-align: justify;\">C&rsquo;est donc confirm\u00e9. Titulaire au centre il y a 15 jours face \u00e0 l&rsquo;Irlande en l&rsquo;absence de <strong>Jonathan Danty<\/strong>, le Bordelais <strong>Yoram Moefana<\/strong> \u00e9voluera \u00e0 l&rsquo;aile face \u00e0 l&rsquo;\u00c9cosse, le centre rochelais \u00e9tant de retour aux c\u00f4t\u00e9s de <strong>Ga\u00ebl Fickou<\/strong>. Pour le reste, Fabien Galthi\u00e9 s&rsquo;appuie sur la m\u00eame ossature que face au XV du Tr\u00e8fle. Sur le banc, le staff tricolore a opt\u00e9 pour une composition en 6-2. <strong>Dylan Cretin<\/strong> sera en effet parmi les finisheurs.<\/p>\n<h2 style=\"text-align: justify;\">La composition des Bleus face \u00e0 l&rsquo;\u00c9cosse<\/h2>\n<p style=\"text-align: justify;\">15. Jaminet ; 14. Penaud, 13. Fickou, 12. Danty, 11. Moefana ; 10. Ntamack, 9. Dupont (capitaine) ; 7. Jelonch, 8. Alldritt, 6. Cros ; 5. Willemse, 4. Woki ; 3. Atonio, 2. Marchand, 1. Baille.<\/p>\n<p><strong>Rempla\u00e7ants :<\/strong> 16. Mauvaka, 17. Gros, 18. Bamba, 19. Taofifenua, 20. Flament, 21. Cretin, 22. Lucu, 23. Ramos.<\/p>\n<blockquote class=\"twitter-tweet\">\n<p dir=\"ltr\" lang=\"fr\">En route pour !<br \/>\nRendez-vous samedi ! <a href=\"https:\/\/twitter.com\/hashtag\/ECOFRA?src=hash&amp;ref_src=twsrc%5Etfw\">#ECOFRA<\/a> <a href=\"https:\/\/twitter.com\/hashtag\/XVdeFrance?src=hash&amp;ref_src=twsrc%5Etfw\">#XVdeFrance<\/a> <a href=\"https:\/\/twitter.com\/hashtag\/NeFaisonsXV?src=hash&amp;ref_src=twsrc%5Etfw\">#NeFaisonsXV<\/a> <a href=\"https:\/\/t.co\/9amOccgRxD\">pic.twitter.com\/9amOccgRxD<\/a><\/p>\n<p>\u2014 France Rugby (@FranceRugby) <a href=\"https:\/\/twitter.com\/FranceRugby\/status\/1496803506547736577?ref_src=twsrc%5Etfw\">February 24, 2022<\/a><\/p><\/blockquote>\n<p><script async src=\"https:\/\/platform.twitter.com\/widgets.js\" charset=\"utf-8\"><\/script><\/p>\n<h2 style=\"text-align: justify;\"><strong>\u00c0 lire aussi<\/strong><\/h2>\n<p><span class=\"EpUKklavBSRDAnC1Z8yo4gNFP9H6i\"><\/p>\n<blockquote class=\"wp-embedded-content\" data-secret=\"U6i2aW5IPl\"><p><a href=\"https:\/\/dicodusport.fr\/blog\/xv-de-france-le-salaire-de-fabien-galthie-a-la-tete-des-bleus\/\">XV de France : Le salaire de Fabien Galthi\u00e9 \u00e0 la t\u00eate des Bleus<\/a><\/p><\/blockquote>\n<p><iframe loading=\"lazy\" class=\"wp-embedded-content\" sandbox=\"allow-scripts\" security=\"restricted\" style=\"position: absolute; clip: rect(1px, 1px, 1px, 1px);\" title=\"\u00ab\u00a0XV de France : Le salaire de Fabien Galthi\u00e9 \u00e0 la t\u00eate des Bleus\u00a0\u00bb &#8212; Dicodusport\" src=\"https:\/\/dicodusport.fr\/blog\/xv-de-france-le-salaire-de-fabien-galthie-a-la-tete-des-bleus\/embed\/#?secret=U6i2aW5IPl\" data-secret=\"U6i2aW5IPl\" width=\"600\" height=\"338\" frameborder=\"0\" marginwidth=\"0\" marginheight=\"0\" scrolling=\"no\"><\/iframe><\/span><\/p>\n","protected":false},"excerpt":{"rendered":"<p>XV DE FRANCE &#8211; Fabien Galthi\u00e9 a d\u00e9voil\u00e9 la composition pour affronter l&rsquo;\u00c9cosse \u00e0 Murrayfield ce samedi (15h15), pour le troisi\u00e8me match des Bleus dans le 6 Nations 2022.<\/p>\n","protected":false},"author":4,"featured_media":202708,"comment_status":"open","ping_status":"closed","sticky":false,"template":"","format":"standard","meta":{"_acf_changed":false,"_daextam_enable_autolinks":"","footnotes":""},"categories":[47048,19951],"tags":[3085,1332,30,24,1638],"class_list":["post-202698","post","type-post","status-publish","format-standard","has-post-thumbnail","hentry","category-tournoi-des-6-nations","category-xv-de-france","tag-6-nations","tag-ecosse","tag-france","tag-sport","tag-xv-de-france"],"acf":[],"yoast_head":"<!-- This site is optimized with the Yoast SEO Premium plugin v26.7 (Yoast SEO v26.7) - https:\/\/yoast.com\/wordpress\/plugins\/seo\/ -->\n<title>XV de France : La composition des Bleus pour affronter l&#039;\u00c9cosse<\/title>\n<meta name=\"description\" content=\"XV DE FRANCE - Fabien Galthi\u00e9 a d\u00e9voil\u00e9 la composition des Bleus pour affronter l&#039;\u00c9cosse \u00e0 Murrayfield ce samedi (15h15).\" \/>\n<meta name=\"robots\" content=\"index, follow, max-snippet:-1, max-image-preview:large, max-video-preview:-1\" \/>\n<link rel=\"canonical\" href=\"https:\/\/dicodusport.fr\/blog\/xv-de-france-composition-bleus-ecosse\/\" \/>\n<meta property=\"og:locale\" content=\"fr_FR\" \/>\n<meta property=\"og:type\" content=\"article\" \/>\n<meta property=\"og:title\" content=\"XV de France : La composition des Bleus pour affronter l&#039;\u00c9cosse\" \/>\n<meta property=\"og:description\" content=\"XV DE FRANCE - Fabien Galthi\u00e9 a d\u00e9voil\u00e9 la composition des Bleus pour affronter l&#039;\u00c9cosse \u00e0 Murrayfield ce samedi (15h15).\" \/>\n<meta property=\"og:url\" content=\"https:\/\/dicodusport.fr\/blog\/xv-de-france-composition-bleus-ecosse\/\" \/>\n<meta property=\"og:site_name\" content=\"Dicodusport\" \/>\n<meta property=\"article:publisher\" content=\"https:\/\/www.facebook.com\/dicodusport\" \/>\n<meta property=\"article:author\" content=\"https:\/\/www.facebook.com\/florent.ostermann\" \/>\n<meta property=\"article:published_time\" content=\"2022-02-24T11:04:49+00:00\" \/>\n<meta property=\"article:modified_time\" content=\"2022-03-19T16:54:39+00:00\" \/>\n<meta property=\"og:image\" content=\"https:\/\/dicodusport.fr\/blog\/wp-content\/uploads\/2022\/02\/XV-de-France-La-composition-des-Bleus-pour-affronter-lEcosse.png\" \/>\n\t<meta property=\"og:image:width\" content=\"800\" \/>\n\t<meta property=\"og:image:height\" content=\"445\" \/>\n\t<meta property=\"og:image:type\" content=\"image\/png\" \/>\n<meta name=\"author\" content=\"Flo Ostermann\" \/>\n<meta name=\"twitter:card\" content=\"summary_large_image\" \/>\n<meta name=\"twitter:title\" content=\"XV de France : La composition des Bleus pour affronter l&#039;\u00c9cosse\" \/>\n<meta name=\"twitter:creator\" content=\"@https:\/\/twitter.com\/FlOstermann\" \/>\n<meta name=\"twitter:site\" content=\"@dicodusport\" \/>\n<script type=\"application\/ld+json\" class=\"yoast-schema-graph\">{\"@context\":\"https:\/\/schema.org\",\"@graph\":[{\"@type\":\"NewsArticle\",\"@id\":\"https:\/\/dicodusport.fr\/blog\/xv-de-france-composition-bleus-ecosse\/#article\",\"isPartOf\":{\"@id\":\"https:\/\/dicodusport.fr\/blog\/xv-de-france-composition-bleus-ecosse\/\"},\"author\":{\"name\":\"Flo Ostermann\",\"@id\":\"https:\/\/dicodusport.fr\/blog\/#\/schema\/person\/cb02af4c173ce4a653b55e9baf388d4a\"},\"headline\":\"XV de France : La composition des Bleus pour affronter l&rsquo;\u00c9cosse\",\"datePublished\":\"2022-02-24T11:04:49+00:00\",\"dateModified\":\"2022-03-19T16:54:39+00:00\",\"mainEntityOfPage\":{\"@id\":\"https:\/\/dicodusport.fr\/blog\/xv-de-france-composition-bleus-ecosse\/\"},\"wordCount\":182,\"commentCount\":0,\"publisher\":{\"@id\":\"https:\/\/dicodusport.fr\/blog\/#organization\"},\"image\":{\"@id\":\"https:\/\/dicodusport.fr\/blog\/xv-de-france-composition-bleus-ecosse\/#primaryimage\"},\"thumbnailUrl\":\"https:\/\/dicodusport.fr\/blog\/wp-content\/uploads\/2022\/02\/XV-de-France-La-composition-des-Bleus-pour-affronter-lEcosse.png\",\"keywords\":[\"6 nations\",\"Ecosse\",\"France\",\"sport\",\"XV de France\"],\"articleSection\":[\"Tournoi des 6 Nations\",\"XV de France\"],\"inLanguage\":\"fr-FR\",\"potentialAction\":[{\"@type\":\"CommentAction\",\"name\":\"Comment\",\"target\":[\"https:\/\/dicodusport.fr\/blog\/xv-de-france-composition-bleus-ecosse\/#respond\"]}],\"copyrightYear\":\"2022\",\"copyrightHolder\":{\"@id\":\"https:\/\/dicodusport.fr\/blog\/#organization\"}},{\"@type\":\"WebPage\",\"@id\":\"https:\/\/dicodusport.fr\/blog\/xv-de-france-composition-bleus-ecosse\/\",\"url\":\"https:\/\/dicodusport.fr\/blog\/xv-de-france-composition-bleus-ecosse\/\",\"name\":\"XV de France : La composition des Bleus pour affronter l'\u00c9cosse\",\"isPartOf\":{\"@id\":\"https:\/\/dicodusport.fr\/blog\/#website\"},\"primaryImageOfPage\":{\"@id\":\"https:\/\/dicodusport.fr\/blog\/xv-de-france-composition-bleus-ecosse\/#primaryimage\"},\"image\":{\"@id\":\"https:\/\/dicodusport.fr\/blog\/xv-de-france-composition-bleus-ecosse\/#primaryimage\"},\"thumbnailUrl\":\"https:\/\/dicodusport.fr\/blog\/wp-content\/uploads\/2022\/02\/XV-de-France-La-composition-des-Bleus-pour-affronter-lEcosse.png\",\"datePublished\":\"2022-02-24T11:04:49+00:00\",\"dateModified\":\"2022-03-19T16:54:39+00:00\",\"description\":\"XV DE FRANCE - Fabien Galthi\u00e9 a d\u00e9voil\u00e9 la composition des Bleus pour affronter l'\u00c9cosse \u00e0 Murrayfield ce samedi (15h15).\",\"breadcrumb\":{\"@id\":\"https:\/\/dicodusport.fr\/blog\/xv-de-france-composition-bleus-ecosse\/#breadcrumb\"},\"inLanguage\":\"fr-FR\",\"potentialAction\":[{\"@type\":\"ReadAction\",\"target\":[\"https:\/\/dicodusport.fr\/blog\/xv-de-france-composition-bleus-ecosse\/\"]}]},{\"@type\":\"ImageObject\",\"inLanguage\":\"fr-FR\",\"@id\":\"https:\/\/dicodusport.fr\/blog\/xv-de-france-composition-bleus-ecosse\/#primaryimage\",\"url\":\"https:\/\/dicodusport.fr\/blog\/wp-content\/uploads\/2022\/02\/XV-de-France-La-composition-des-Bleus-pour-affronter-lEcosse.png\",\"contentUrl\":\"https:\/\/dicodusport.fr\/blog\/wp-content\/uploads\/2022\/02\/XV-de-France-La-composition-des-Bleus-pour-affronter-lEcosse.png\",\"width\":800,\"height\":445,\"caption\":\"XV de France La composition des Bleus pour affronter l'\u00c9cosse\"},{\"@type\":\"BreadcrumbList\",\"@id\":\"https:\/\/dicodusport.fr\/blog\/xv-de-france-composition-bleus-ecosse\/#breadcrumb\",\"itemListElement\":[{\"@type\":\"ListItem\",\"position\":1,\"name\":\"Accueil\",\"item\":\"https:\/\/dicodusport.fr\/blog\/\"},{\"@type\":\"ListItem\",\"position\":2,\"name\":\"XV de France : La composition des Bleus pour affronter l&rsquo;\u00c9cosse\"}]},{\"@type\":\"WebSite\",\"@id\":\"https:\/\/dicodusport.fr\/blog\/#website\",\"url\":\"https:\/\/dicodusport.fr\/blog\/\",\"name\":\"Dicodusport\",\"description\":\"L&#039;encyclop\u00e9die de l&#039;actualit\u00e9 sportive\",\"publisher\":{\"@id\":\"https:\/\/dicodusport.fr\/blog\/#organization\"},\"potentialAction\":[{\"@type\":\"SearchAction\",\"target\":{\"@type\":\"EntryPoint\",\"urlTemplate\":\"https:\/\/dicodusport.fr\/blog\/?s={search_term_string}\"},\"query-input\":{\"@type\":\"PropertyValueSpecification\",\"valueRequired\":true,\"valueName\":\"search_term_string\"}}],\"inLanguage\":\"fr-FR\"},{\"@type\":\"NewsMediaOrganization\",\"@id\":\"https:\/\/dicodusport.fr\/blog\/#organization\",\"name\":\"Dicodusport\",\"url\":\"https:\/\/dicodusport.fr\/blog\/\",\"logo\":{\"@type\":\"ImageObject\",\"inLanguage\":\"fr-FR\",\"@id\":\"https:\/\/dicodusport.fr\/blog\/#\/schema\/logo\/image\/\",\"url\":\"https:\/\/dicodusport.fr\/blog\/wp-content\/uploads\/2020\/06\/cropped-LOGO-DICODUSPORT-2020-SANS-FOND-SANS-TEXTE.png\",\"contentUrl\":\"https:\/\/dicodusport.fr\/blog\/wp-content\/uploads\/2020\/06\/cropped-LOGO-DICODUSPORT-2020-SANS-FOND-SANS-TEXTE.png\",\"width\":512,\"height\":512,\"caption\":\"Dicodusport\"},\"image\":{\"@id\":\"https:\/\/dicodusport.fr\/blog\/#\/schema\/logo\/image\/\"},\"sameAs\":[\"https:\/\/www.facebook.com\/dicodusport\",\"https:\/\/x.com\/dicodusport\",\"https:\/\/www.instagram.com\/dicodusport\/\",\"https:\/\/www.youtube.com\/channel\/UC7V2KZ5sd3htJivAbA4ZG3w\"],\"description\":\"Dicodusport est l'encyclop\u00e9die de l'actualit\u00e9 sportive.\",\"email\":\"bonjour@dicodusport.fr\",\"legalName\":\"DICODUSPORT\",\"foundingDate\":\"2018-01-14\",\"vatID\":\"FR71834470973\",\"taxID\":\"83447097300043\",\"numberOfEmployees\":{\"@type\":\"QuantitativeValue\",\"minValue\":\"1\",\"maxValue\":\"10\"}},{\"@type\":\"Person\",\"@id\":\"https:\/\/dicodusport.fr\/blog\/#\/schema\/person\/cb02af4c173ce4a653b55e9baf388d4a\",\"name\":\"Flo Ostermann\",\"image\":{\"@type\":\"ImageObject\",\"inLanguage\":\"fr-FR\",\"@id\":\"https:\/\/dicodusport.fr\/blog\/#\/schema\/person\/image\/\",\"url\":\"https:\/\/dicodusport.fr\/blog\/wp-content\/uploads\/2021\/05\/Flo-Ostermann-150x150.jpg\",\"contentUrl\":\"https:\/\/dicodusport.fr\/blog\/wp-content\/uploads\/2021\/05\/Flo-Ostermann-150x150.jpg\",\"caption\":\"Flo Ostermann\"},\"description\":\"Journaliste\/R\u00e9dacteur depuis septembre 2015 - Mes premiers souvenirs dans le sport ? Les envol\u00e9es du Stade Toulousain et les duels Villeneuve-Schumacher et H\u00e4kkinen-Schumacher \u00e0 la fin des ann\u00e9es 90, la Coupe du monde de football en 1998, l\u2019exploit du XV de France face aux All Blacks en 1999, mais aussi Richard C\u0153ur de Lion qui vole sur les montagnes du Tour de France. Bien parti pour devenir professeur d\u2019EPS, les \u00e9v\u00e9nements de la vie (et la flemme d\u2019animer des s\u00e9ances de 3x500 m\u00e8tres toute ma vie) m\u2019ont conduit \u00e0 revoir mes plans. Me voil\u00e0 depuis fin 2017 sur Dicodusport, m\u00e9dia gr\u00e2ce (et pour) lequel je partage ma passion : le sport dans tous ses \u00e9tats. Le tout accompagn\u00e9 par les fous furieux et folles furieuses cit\u00e9s sur cette page !\",\"sameAs\":[\"https:\/\/www.facebook.com\/florent.ostermann\",\"https:\/\/x.com\/https:\/\/twitter.com\/FlOstermann\",\"admin\"],\"url\":\"https:\/\/dicodusport.fr\/blog\/author\/flo\/\"}]}<\/script>\n<!-- \/ Yoast SEO Premium plugin. -->","yoast_head_json":{"title":"XV de France : La composition des Bleus pour affronter l'\u00c9cosse","description":"XV DE FRANCE - Fabien Galthi\u00e9 a d\u00e9voil\u00e9 la composition des Bleus pour affronter l'\u00c9cosse \u00e0 Murrayfield ce samedi (15h15).","robots":{"index":"index","follow":"follow","max-snippet":"max-snippet:-1","max-image-preview":"max-image-preview:large","max-video-preview":"max-video-preview:-1"},"canonical":"https:\/\/dicodusport.fr\/blog\/xv-de-france-composition-bleus-ecosse\/","og_locale":"fr_FR","og_type":"article","og_title":"XV de France : La composition des Bleus pour affronter l'\u00c9cosse","og_description":"XV DE FRANCE - Fabien Galthi\u00e9 a d\u00e9voil\u00e9 la composition des Bleus pour affronter l'\u00c9cosse \u00e0 Murrayfield ce samedi (15h15).","og_url":"https:\/\/dicodusport.fr\/blog\/xv-de-france-composition-bleus-ecosse\/","og_site_name":"Dicodusport","article_publisher":"https:\/\/www.facebook.com\/dicodusport","article_author":"https:\/\/www.facebook.com\/florent.ostermann","article_published_time":"2022-02-24T11:04:49+00:00","article_modified_time":"2022-03-19T16:54:39+00:00","og_image":[{"width":800,"height":445,"url":"https:\/\/dicodusport.fr\/blog\/wp-content\/uploads\/2022\/02\/XV-de-France-La-composition-des-Bleus-pour-affronter-lEcosse.png","type":"image\/png"}],"author":"Flo Ostermann","twitter_card":"summary_large_image","twitter_title":"XV de France : La composition des Bleus pour affronter l'\u00c9cosse","twitter_creator":"@https:\/\/twitter.com\/FlOstermann","twitter_site":"@dicodusport","schema":{"@context":"https:\/\/schema.org","@graph":[{"@type":"NewsArticle","@id":"https:\/\/dicodusport.fr\/blog\/xv-de-france-composition-bleus-ecosse\/#article","isPartOf":{"@id":"https:\/\/dicodusport.fr\/blog\/xv-de-france-composition-bleus-ecosse\/"},"author":{"name":"Flo Ostermann","@id":"https:\/\/dicodusport.fr\/blog\/#\/schema\/person\/cb02af4c173ce4a653b55e9baf388d4a"},"headline":"XV de France : La composition des Bleus pour affronter l&rsquo;\u00c9cosse","datePublished":"2022-02-24T11:04:49+00:00","dateModified":"2022-03-19T16:54:39+00:00","mainEntityOfPage":{"@id":"https:\/\/dicodusport.fr\/blog\/xv-de-france-composition-bleus-ecosse\/"},"wordCount":182,"commentCount":0,"publisher":{"@id":"https:\/\/dicodusport.fr\/blog\/#organization"},"image":{"@id":"https:\/\/dicodusport.fr\/blog\/xv-de-france-composition-bleus-ecosse\/#primaryimage"},"thumbnailUrl":"https:\/\/dicodusport.fr\/blog\/wp-content\/uploads\/2022\/02\/XV-de-France-La-composition-des-Bleus-pour-affronter-lEcosse.png","keywords":["6 nations","Ecosse","France","sport","XV de France"],"articleSection":["Tournoi des 6 Nations","XV de France"],"inLanguage":"fr-FR","potentialAction":[{"@type":"CommentAction","name":"Comment","target":["https:\/\/dicodusport.fr\/blog\/xv-de-france-composition-bleus-ecosse\/#respond"]}],"copyrightYear":"2022","copyrightHolder":{"@id":"https:\/\/dicodusport.fr\/blog\/#organization"}},{"@type":"WebPage","@id":"https:\/\/dicodusport.fr\/blog\/xv-de-france-composition-bleus-ecosse\/","url":"https:\/\/dicodusport.fr\/blog\/xv-de-france-composition-bleus-ecosse\/","name":"XV de France : La composition des Bleus pour affronter l'\u00c9cosse","isPartOf":{"@id":"https:\/\/dicodusport.fr\/blog\/#website"},"primaryImageOfPage":{"@id":"https:\/\/dicodusport.fr\/blog\/xv-de-france-composition-bleus-ecosse\/#primaryimage"},"image":{"@id":"https:\/\/dicodusport.fr\/blog\/xv-de-france-composition-bleus-ecosse\/#primaryimage"},"thumbnailUrl":"https:\/\/dicodusport.fr\/blog\/wp-content\/uploads\/2022\/02\/XV-de-France-La-composition-des-Bleus-pour-affronter-lEcosse.png","datePublished":"2022-02-24T11:04:49+00:00","dateModified":"2022-03-19T16:54:39+00:00","description":"XV DE FRANCE - Fabien Galthi\u00e9 a d\u00e9voil\u00e9 la composition des Bleus pour affronter l'\u00c9cosse \u00e0 Murrayfield ce samedi (15h15).","breadcrumb":{"@id":"https:\/\/dicodusport.fr\/blog\/xv-de-france-composition-bleus-ecosse\/#breadcrumb"},"inLanguage":"fr-FR","potentialAction":[{"@type":"ReadAction","target":["https:\/\/dicodusport.fr\/blog\/xv-de-france-composition-bleus-ecosse\/"]}]},{"@type":"ImageObject","inLanguage":"fr-FR","@id":"https:\/\/dicodusport.fr\/blog\/xv-de-france-composition-bleus-ecosse\/#primaryimage","url":"https:\/\/dicodusport.fr\/blog\/wp-content\/uploads\/2022\/02\/XV-de-France-La-composition-des-Bleus-pour-affronter-lEcosse.png","contentUrl":"https:\/\/dicodusport.fr\/blog\/wp-content\/uploads\/2022\/02\/XV-de-France-La-composition-des-Bleus-pour-affronter-lEcosse.png","width":800,"height":445,"caption":"XV de France La composition des Bleus pour affronter l'\u00c9cosse"},{"@type":"BreadcrumbList","@id":"https:\/\/dicodusport.fr\/blog\/xv-de-france-composition-bleus-ecosse\/#breadcrumb","itemListElement":[{"@type":"ListItem","position":1,"name":"Accueil","item":"https:\/\/dicodusport.fr\/blog\/"},{"@type":"ListItem","position":2,"name":"XV de France : La composition des Bleus pour affronter l&rsquo;\u00c9cosse"}]},{"@type":"WebSite","@id":"https:\/\/dicodusport.fr\/blog\/#website","url":"https:\/\/dicodusport.fr\/blog\/","name":"Dicodusport","description":"L&#039;encyclop\u00e9die de l&#039;actualit\u00e9 sportive","publisher":{"@id":"https:\/\/dicodusport.fr\/blog\/#organization"},"potentialAction":[{"@type":"SearchAction","target":{"@type":"EntryPoint","urlTemplate":"https:\/\/dicodusport.fr\/blog\/?s={search_term_string}"},"query-input":{"@type":"PropertyValueSpecification","valueRequired":true,"valueName":"search_term_string"}}],"inLanguage":"fr-FR"},{"@type":"NewsMediaOrganization","@id":"https:\/\/dicodusport.fr\/blog\/#organization","name":"Dicodusport","url":"https:\/\/dicodusport.fr\/blog\/","logo":{"@type":"ImageObject","inLanguage":"fr-FR","@id":"https:\/\/dicodusport.fr\/blog\/#\/schema\/logo\/image\/","url":"https:\/\/dicodusport.fr\/blog\/wp-content\/uploads\/2020\/06\/cropped-LOGO-DICODUSPORT-2020-SANS-FOND-SANS-TEXTE.png","contentUrl":"https:\/\/dicodusport.fr\/blog\/wp-content\/uploads\/2020\/06\/cropped-LOGO-DICODUSPORT-2020-SANS-FOND-SANS-TEXTE.png","width":512,"height":512,"caption":"Dicodusport"},"image":{"@id":"https:\/\/dicodusport.fr\/blog\/#\/schema\/logo\/image\/"},"sameAs":["https:\/\/www.facebook.com\/dicodusport","https:\/\/x.com\/dicodusport","https:\/\/www.instagram.com\/dicodusport\/","https:\/\/www.youtube.com\/channel\/UC7V2KZ5sd3htJivAbA4ZG3w"],"description":"Dicodusport est l'encyclop\u00e9die de l'actualit\u00e9 sportive.","email":"bonjour@dicodusport.fr","legalName":"DICODUSPORT","foundingDate":"2018-01-14","vatID":"FR71834470973","taxID":"83447097300043","numberOfEmployees":{"@type":"QuantitativeValue","minValue":"1","maxValue":"10"}},{"@type":"Person","@id":"https:\/\/dicodusport.fr\/blog\/#\/schema\/person\/cb02af4c173ce4a653b55e9baf388d4a","name":"Flo Ostermann","image":{"@type":"ImageObject","inLanguage":"fr-FR","@id":"https:\/\/dicodusport.fr\/blog\/#\/schema\/person\/image\/","url":"https:\/\/dicodusport.fr\/blog\/wp-content\/uploads\/2021\/05\/Flo-Ostermann-150x150.jpg","contentUrl":"https:\/\/dicodusport.fr\/blog\/wp-content\/uploads\/2021\/05\/Flo-Ostermann-150x150.jpg","caption":"Flo Ostermann"},"description":"Journaliste\/R\u00e9dacteur depuis septembre 2015 - Mes premiers souvenirs dans le sport ? Les envol\u00e9es du Stade Toulousain et les duels Villeneuve-Schumacher et H\u00e4kkinen-Schumacher \u00e0 la fin des ann\u00e9es 90, la Coupe du monde de football en 1998, l\u2019exploit du XV de France face aux All Blacks en 1999, mais aussi Richard C\u0153ur de Lion qui vole sur les montagnes du Tour de France. Bien parti pour devenir professeur d\u2019EPS, les \u00e9v\u00e9nements de la vie (et la flemme d\u2019animer des s\u00e9ances de 3x500 m\u00e8tres toute ma vie) m\u2019ont conduit \u00e0 revoir mes plans. Me voil\u00e0 depuis fin 2017 sur Dicodusport, m\u00e9dia gr\u00e2ce (et pour) lequel je partage ma passion : le sport dans tous ses \u00e9tats. Le tout accompagn\u00e9 par les fous furieux et folles furieuses cit\u00e9s sur cette page !","sameAs":["https:\/\/www.facebook.com\/florent.ostermann","https:\/\/x.com\/https:\/\/twitter.com\/FlOstermann","admin"],"url":"https:\/\/dicodusport.fr\/blog\/author\/flo\/"}]}},"_links":{"self":[{"href":"https:\/\/dicodusport.fr\/blog\/wp-json\/wp\/v2\/posts\/202698","targetHints":{"allow":["GET"]}}],"collection":[{"href":"https:\/\/dicodusport.fr\/blog\/wp-json\/wp\/v2\/posts"}],"about":[{"href":"https:\/\/dicodusport.fr\/blog\/wp-json\/wp\/v2\/types\/post"}],"author":[{"embeddable":true,"href":"https:\/\/dicodusport.fr\/blog\/wp-json\/wp\/v2\/users\/4"}],"replies":[{"embeddable":true,"href":"https:\/\/dicodusport.fr\/blog\/wp-json\/wp\/v2\/comments?post=202698"}],"version-history":[{"count":0,"href":"https:\/\/dicodusport.fr\/blog\/wp-json\/wp\/v2\/posts\/202698\/revisions"}],"wp:featuredmedia":[{"embeddable":true,"href":"https:\/\/dicodusport.fr\/blog\/wp-json\/wp\/v2\/media\/202708"}],"wp:attachment":[{"href":"https:\/\/dicodusport.fr\/blog\/wp-json\/wp\/v2\/media?parent=202698"}],"wp:term":[{"taxonomy":"category","embeddable":true,"href":"https:\/\/dicodusport.fr\/blog\/wp-json\/wp\/v2\/categories?post=202698"},{"taxonomy":"post_tag","embeddable":true,"href":"https:\/\/dicodusport.fr\/blog\/wp-json\/wp\/v2\/tags?post=202698"}],"curies":[{"name":"wp","href":"https:\/\/api.w.org\/{rel}","templated":true}]}}