{"id":202767,"date":"2022-02-24T14:47:24","date_gmt":"2022-02-24T13:47:24","guid":{"rendered":"https:\/\/dicodusport.fr\/blog\/?p=202767&#038;preview=true&#038;preview_id=202767"},"modified":"2022-02-25T15:53:46","modified_gmt":"2022-02-25T14:53:46","slug":"les-premiers-impacts-du-conflit-russie-ukraine-sur-la-f1","status":"publish","type":"post","link":"https:\/\/dicodusport.fr\/blog\/les-premiers-impacts-du-conflit-russie-ukraine-sur-la-f1\/","title":{"rendered":"Les premiers impacts du conflit Russie-Ukraine sur la F1"},"content":{"rendered":"<p style=\"text-align: justify;\"><strong><em>F1 2022 &#8211; Le conflit entre la Russie et l&rsquo;Ukraine a d\u00e9j\u00e0 des cons\u00e9quences sur le monde du sport. En F1, notamment, Sebastian Vettel (Aston Martin) appelle au boycott du Grand Prix de Russie \u00e0 Sotchi.<\/em><\/strong><\/p>\n<p style=\"text-align: justify;\">Le pilote allemand Sebastian Vettel a \u00e9t\u00e9 clair. Le <strong>Grand Prix de Russie 2022<\/strong> (25 septembre) doit \u00eatre annul\u00e9. Et si la F1 d\u00e9cide de le maintenir, <strong>Sebastian Vettel<\/strong> ne sera pas au d\u00e9part. De son c\u00f4t\u00e9, Mattia Binotto, patron de Ferrari, a lui annonc\u00e9 qu&rsquo;une r\u00e9union entre les diff\u00e9rentes \u00e9quipes aurait lieu \u00e0 propos du Grand Prix russe.<\/p>\n<blockquote class=\"twitter-tweet\">\n<p dir=\"ltr\" lang=\"en\">&#x1f6a8; | Sebastian Vettel has said that even if the Russian GP goes ahead, he will not take part.<\/p>\n[<a href=\"https:\/\/twitter.com\/tgruener?ref_src=twsrc%5Etfw\">@tgruener<\/a>]\n<p>\u2014 FormulaRacers (@formularacers_) <a href=\"https:\/\/twitter.com\/formularacers_\/status\/1496823276198412294?ref_src=twsrc%5Etfw\">February 24, 2022<\/a><\/p><\/blockquote>\n<p style=\"text-align: justify;\"><script async src=\"https:\/\/platform.twitter.com\/widgets.js\" charset=\"utf-8\"><\/script><\/p>\n<p style=\"text-align: justify;\">Autre impact, pour une \u00e9curie, Haas. Son sponsor principal, Uralkali, devrait \u00eatre touch\u00e9 par les sanctions \u00e9conomiques prises contre la Russie. <strong>Guenther Steiner<\/strong>, patron du team, ne s&rsquo;est pas pr\u00e9sent\u00e9 en conf\u00e9rence de presse ce jeudi.<\/p>\n<blockquote class=\"twitter-tweet\">\n<p dir=\"ltr\" lang=\"en\">&#x1f6a8; | Guenther Steiner has not attended Haas F1&rsquo;s scheduled press conferences.<\/p>\n<p>Furthermore, their title sponsor Uralkali could be impacted by the sanctions imposed on Russia&#8230;<\/p>\n[<a href=\"https:\/\/twitter.com\/Motor_Sport?ref_src=twsrc%5Etfw\">@Motor_Sport<\/a>]\n<p>\u2014 FormulaRacers (@formularacers_) <a href=\"https:\/\/twitter.com\/formularacers_\/status\/1496826344755412994?ref_src=twsrc%5Etfw\">February 24, 2022<\/a><\/p><\/blockquote>\n<p style=\"text-align: justify;\"><script async src=\"https:\/\/platform.twitter.com\/widgets.js\" charset=\"utf-8\"><\/script><\/p>\n<h2 style=\"text-align: justify;\"><strong>\u00c0 lire aussi<\/strong><\/h2>\n<ul>\n<li style=\"text-align: justify;\"><a href=\"https:\/\/dicodusport.fr\/blog\/f1-2022-calendrier-complet-et-resultats\/\"><strong>Le calendrier complet de la F1<\/strong><\/a><\/li>\n<\/ul>\n","protected":false},"excerpt":{"rendered":"<p>F1 2022 &#8211; Le conflit entre la Russie et l&rsquo;Ukraine a d\u00e9j\u00e0 des cons\u00e9quences sur le monde du sport. En F1, notamment, Sebastian Vettel (Aston Martin) appelle au boycott du Grand Prix de Russie \u00e0 Sotchi.<\/p>\n","protected":false},"author":1,"featured_media":202771,"comment_status":"open","ping_status":"closed","sticky":false,"template":"","format":"standard","meta":{"_acf_changed":false,"_daextam_enable_autolinks":"","footnotes":""},"categories":[8653],"tags":[3166,337,5596],"class_list":["post-202767","post","type-post","status-publish","format-standard","has-post-thumbnail","hentry","category-formule-1","tag-f1","tag-russie","tag-sebastian-vettel"],"acf":[],"yoast_head":"<!-- This site is optimized with the Yoast SEO Premium plugin v26.7 (Yoast SEO v26.7) - https:\/\/yoast.com\/wordpress\/plugins\/seo\/ -->\n<title>Les premiers impacts du conflit Russie-Ukraine sur la F1<\/title>\n<meta name=\"description\" content=\"F1 2022 - Le conflit entre la Russie et l&#039;Ukraine a d\u00e9j\u00e0 des cons\u00e9quences sur le monde du sport. C&#039;est notamment le cas en F1.\" \/>\n<meta name=\"robots\" content=\"index, follow, max-snippet:-1, max-image-preview:large, max-video-preview:-1\" \/>\n<link rel=\"canonical\" href=\"https:\/\/dicodusport.fr\/blog\/les-premiers-impacts-du-conflit-russie-ukraine-sur-la-f1\/\" \/>\n<meta property=\"og:locale\" content=\"fr_FR\" \/>\n<meta property=\"og:type\" content=\"article\" \/>\n<meta property=\"og:title\" content=\"Les premiers impacts du conflit Russie-Ukraine sur la F1\" \/>\n<meta property=\"og:description\" content=\"F1 2022 - Le conflit entre la Russie et l&#039;Ukraine a d\u00e9j\u00e0 des cons\u00e9quences sur le monde du sport. C&#039;est notamment le cas en F1.\" \/>\n<meta property=\"og:url\" content=\"https:\/\/dicodusport.fr\/blog\/les-premiers-impacts-du-conflit-russie-ukraine-sur-la-f1\/\" \/>\n<meta property=\"og:site_name\" content=\"Dicodusport\" \/>\n<meta property=\"article:publisher\" content=\"https:\/\/www.facebook.com\/dicodusport\" \/>\n<meta property=\"article:author\" content=\"https:\/\/www.facebook.com\/dicodusport\" \/>\n<meta property=\"article:published_time\" content=\"2022-02-24T13:47:24+00:00\" \/>\n<meta property=\"article:modified_time\" content=\"2022-02-25T14:53:46+00:00\" \/>\n<meta property=\"og:image\" content=\"https:\/\/dicodusport.fr\/blog\/wp-content\/uploads\/2022\/02\/Les-premiers-impacts-du-conflit-Russe-Ukraine-sur-la-F1.png\" \/>\n\t<meta property=\"og:image:width\" content=\"800\" \/>\n\t<meta property=\"og:image:height\" content=\"445\" \/>\n\t<meta property=\"og:image:type\" content=\"image\/png\" \/>\n<meta name=\"author\" content=\"Nicolas Jacquemard\" \/>\n<meta name=\"twitter:card\" content=\"summary_large_image\" \/>\n<meta name=\"twitter:title\" content=\"Les premiers impacts du conflit Russie-Ukraine sur la F1\" \/>\n<meta name=\"twitter:creator\" content=\"@https:\/\/twitter.com\/Nico_Jacquemard\" \/>\n<meta name=\"twitter:site\" content=\"@dicodusport\" \/>\n<script type=\"application\/ld+json\" class=\"yoast-schema-graph\">{\"@context\":\"https:\/\/schema.org\",\"@graph\":[{\"@type\":\"NewsArticle\",\"@id\":\"https:\/\/dicodusport.fr\/blog\/les-premiers-impacts-du-conflit-russie-ukraine-sur-la-f1\/#article\",\"isPartOf\":{\"@id\":\"https:\/\/dicodusport.fr\/blog\/les-premiers-impacts-du-conflit-russie-ukraine-sur-la-f1\/\"},\"author\":{\"name\":\"Nicolas Jacquemard\",\"@id\":\"https:\/\/dicodusport.fr\/blog\/#\/schema\/person\/55dcb50ad410894e431ed812bbb70191\"},\"headline\":\"Les premiers impacts du conflit Russie-Ukraine sur la F1\",\"datePublished\":\"2022-02-24T13:47:24+00:00\",\"dateModified\":\"2022-02-25T14:53:46+00:00\",\"mainEntityOfPage\":{\"@id\":\"https:\/\/dicodusport.fr\/blog\/les-premiers-impacts-du-conflit-russie-ukraine-sur-la-f1\/\"},\"wordCount\":212,\"commentCount\":0,\"publisher\":{\"@id\":\"https:\/\/dicodusport.fr\/blog\/#organization\"},\"image\":{\"@id\":\"https:\/\/dicodusport.fr\/blog\/les-premiers-impacts-du-conflit-russie-ukraine-sur-la-f1\/#primaryimage\"},\"thumbnailUrl\":\"https:\/\/dicodusport.fr\/blog\/wp-content\/uploads\/2022\/02\/Les-premiers-impacts-du-conflit-Russe-Ukraine-sur-la-F1.png\",\"keywords\":[\"F1\",\"Russie\",\"Sebastian Vettel\"],\"articleSection\":[\"Formule 1\"],\"inLanguage\":\"fr-FR\",\"potentialAction\":[{\"@type\":\"CommentAction\",\"name\":\"Comment\",\"target\":[\"https:\/\/dicodusport.fr\/blog\/les-premiers-impacts-du-conflit-russie-ukraine-sur-la-f1\/#respond\"]}],\"copyrightYear\":\"2022\",\"copyrightHolder\":{\"@id\":\"https:\/\/dicodusport.fr\/blog\/#organization\"}},{\"@type\":\"WebPage\",\"@id\":\"https:\/\/dicodusport.fr\/blog\/les-premiers-impacts-du-conflit-russie-ukraine-sur-la-f1\/\",\"url\":\"https:\/\/dicodusport.fr\/blog\/les-premiers-impacts-du-conflit-russie-ukraine-sur-la-f1\/\",\"name\":\"Les premiers impacts du conflit Russie-Ukraine sur la F1\",\"isPartOf\":{\"@id\":\"https:\/\/dicodusport.fr\/blog\/#website\"},\"primaryImageOfPage\":{\"@id\":\"https:\/\/dicodusport.fr\/blog\/les-premiers-impacts-du-conflit-russie-ukraine-sur-la-f1\/#primaryimage\"},\"image\":{\"@id\":\"https:\/\/dicodusport.fr\/blog\/les-premiers-impacts-du-conflit-russie-ukraine-sur-la-f1\/#primaryimage\"},\"thumbnailUrl\":\"https:\/\/dicodusport.fr\/blog\/wp-content\/uploads\/2022\/02\/Les-premiers-impacts-du-conflit-Russe-Ukraine-sur-la-F1.png\",\"datePublished\":\"2022-02-24T13:47:24+00:00\",\"dateModified\":\"2022-02-25T14:53:46+00:00\",\"description\":\"F1 2022 - Le conflit entre la Russie et l'Ukraine a d\u00e9j\u00e0 des cons\u00e9quences sur le monde du sport. C'est notamment le cas en F1.\",\"breadcrumb\":{\"@id\":\"https:\/\/dicodusport.fr\/blog\/les-premiers-impacts-du-conflit-russie-ukraine-sur-la-f1\/#breadcrumb\"},\"inLanguage\":\"fr-FR\",\"potentialAction\":[{\"@type\":\"ReadAction\",\"target\":[\"https:\/\/dicodusport.fr\/blog\/les-premiers-impacts-du-conflit-russie-ukraine-sur-la-f1\/\"]}]},{\"@type\":\"ImageObject\",\"inLanguage\":\"fr-FR\",\"@id\":\"https:\/\/dicodusport.fr\/blog\/les-premiers-impacts-du-conflit-russie-ukraine-sur-la-f1\/#primaryimage\",\"url\":\"https:\/\/dicodusport.fr\/blog\/wp-content\/uploads\/2022\/02\/Les-premiers-impacts-du-conflit-Russe-Ukraine-sur-la-F1.png\",\"contentUrl\":\"https:\/\/dicodusport.fr\/blog\/wp-content\/uploads\/2022\/02\/Les-premiers-impacts-du-conflit-Russe-Ukraine-sur-la-F1.png\",\"width\":800,\"height\":445},{\"@type\":\"BreadcrumbList\",\"@id\":\"https:\/\/dicodusport.fr\/blog\/les-premiers-impacts-du-conflit-russie-ukraine-sur-la-f1\/#breadcrumb\",\"itemListElement\":[{\"@type\":\"ListItem\",\"position\":1,\"name\":\"Accueil\",\"item\":\"https:\/\/dicodusport.fr\/blog\/\"},{\"@type\":\"ListItem\",\"position\":2,\"name\":\"Les premiers impacts du conflit Russie-Ukraine sur la F1\"}]},{\"@type\":\"WebSite\",\"@id\":\"https:\/\/dicodusport.fr\/blog\/#website\",\"url\":\"https:\/\/dicodusport.fr\/blog\/\",\"name\":\"Dicodusport\",\"description\":\"L&#039;encyclop\u00e9die de l&#039;actualit\u00e9 sportive\",\"publisher\":{\"@id\":\"https:\/\/dicodusport.fr\/blog\/#organization\"},\"potentialAction\":[{\"@type\":\"SearchAction\",\"target\":{\"@type\":\"EntryPoint\",\"urlTemplate\":\"https:\/\/dicodusport.fr\/blog\/?s={search_term_string}\"},\"query-input\":{\"@type\":\"PropertyValueSpecification\",\"valueRequired\":true,\"valueName\":\"search_term_string\"}}],\"inLanguage\":\"fr-FR\"},{\"@type\":\"NewsMediaOrganization\",\"@id\":\"https:\/\/dicodusport.fr\/blog\/#organization\",\"name\":\"Dicodusport\",\"url\":\"https:\/\/dicodusport.fr\/blog\/\",\"logo\":{\"@type\":\"ImageObject\",\"inLanguage\":\"fr-FR\",\"@id\":\"https:\/\/dicodusport.fr\/blog\/#\/schema\/logo\/image\/\",\"url\":\"https:\/\/dicodusport.fr\/blog\/wp-content\/uploads\/2020\/06\/cropped-LOGO-DICODUSPORT-2020-SANS-FOND-SANS-TEXTE.png\",\"contentUrl\":\"https:\/\/dicodusport.fr\/blog\/wp-content\/uploads\/2020\/06\/cropped-LOGO-DICODUSPORT-2020-SANS-FOND-SANS-TEXTE.png\",\"width\":512,\"height\":512,\"caption\":\"Dicodusport\"},\"image\":{\"@id\":\"https:\/\/dicodusport.fr\/blog\/#\/schema\/logo\/image\/\"},\"sameAs\":[\"https:\/\/www.facebook.com\/dicodusport\",\"https:\/\/x.com\/dicodusport\",\"https:\/\/www.instagram.com\/dicodusport\/\",\"https:\/\/www.youtube.com\/channel\/UC7V2KZ5sd3htJivAbA4ZG3w\"],\"description\":\"Dicodusport est l'encyclop\u00e9die de l'actualit\u00e9 sportive.\",\"email\":\"bonjour@dicodusport.fr\",\"legalName\":\"DICODUSPORT\",\"foundingDate\":\"2018-01-14\",\"vatID\":\"FR71834470973\",\"taxID\":\"83447097300043\",\"numberOfEmployees\":{\"@type\":\"QuantitativeValue\",\"minValue\":\"1\",\"maxValue\":\"10\"}},{\"@type\":\"Person\",\"@id\":\"https:\/\/dicodusport.fr\/blog\/#\/schema\/person\/55dcb50ad410894e431ed812bbb70191\",\"name\":\"Nicolas Jacquemard\",\"image\":{\"@type\":\"ImageObject\",\"inLanguage\":\"fr-FR\",\"@id\":\"https:\/\/dicodusport.fr\/blog\/#\/schema\/person\/image\/\",\"url\":\"https:\/\/dicodusport.fr\/blog\/wp-content\/uploads\/2021\/05\/Nicolas-Jacquemard-150x150.jpeg\",\"contentUrl\":\"https:\/\/dicodusport.fr\/blog\/wp-content\/uploads\/2021\/05\/Nicolas-Jacquemard-150x150.jpeg\",\"caption\":\"Nicolas Jacquemard\"},\"description\":\"Passionn\u00e9 de sport et entrepreneur depuis mes 18 ans, la cr\u00e9ation de Dicodusport m'a sembl\u00e9 \u00e9vidente pour participer \u00e0 la m\u00e9diatisation d'un plus grand nombre de sports. Le chemin est long mais avec une \u00e9quipe des plus motiv\u00e9es et les Jeux Olympiques de Paris 2024 en point de mire, nous y arriverons ! Journaliste dans le monde du sport depuis plus de 5 ans, je traite aussi bien de football, de rugby, de biathlon que de cyclisme.\",\"sameAs\":[\"https:\/\/www.facebook.com\/dicodusport\",\"https:\/\/x.com\/https:\/\/twitter.com\/Nico_Jacquemard\"],\"url\":\"https:\/\/dicodusport.fr\/blog\/author\/dicodusport\/\"}]}<\/script>\n<!-- \/ Yoast SEO Premium plugin. -->","yoast_head_json":{"title":"Les premiers impacts du conflit Russie-Ukraine sur la F1","description":"F1 2022 - Le conflit entre la Russie et l'Ukraine a d\u00e9j\u00e0 des cons\u00e9quences sur le monde du sport. C'est notamment le cas en F1.","robots":{"index":"index","follow":"follow","max-snippet":"max-snippet:-1","max-image-preview":"max-image-preview:large","max-video-preview":"max-video-preview:-1"},"canonical":"https:\/\/dicodusport.fr\/blog\/les-premiers-impacts-du-conflit-russie-ukraine-sur-la-f1\/","og_locale":"fr_FR","og_type":"article","og_title":"Les premiers impacts du conflit Russie-Ukraine sur la F1","og_description":"F1 2022 - Le conflit entre la Russie et l'Ukraine a d\u00e9j\u00e0 des cons\u00e9quences sur le monde du sport. C'est notamment le cas en F1.","og_url":"https:\/\/dicodusport.fr\/blog\/les-premiers-impacts-du-conflit-russie-ukraine-sur-la-f1\/","og_site_name":"Dicodusport","article_publisher":"https:\/\/www.facebook.com\/dicodusport","article_author":"https:\/\/www.facebook.com\/dicodusport","article_published_time":"2022-02-24T13:47:24+00:00","article_modified_time":"2022-02-25T14:53:46+00:00","og_image":[{"width":800,"height":445,"url":"https:\/\/dicodusport.fr\/blog\/wp-content\/uploads\/2022\/02\/Les-premiers-impacts-du-conflit-Russe-Ukraine-sur-la-F1.png","type":"image\/png"}],"author":"Nicolas Jacquemard","twitter_card":"summary_large_image","twitter_title":"Les premiers impacts du conflit Russie-Ukraine sur la F1","twitter_creator":"@https:\/\/twitter.com\/Nico_Jacquemard","twitter_site":"@dicodusport","schema":{"@context":"https:\/\/schema.org","@graph":[{"@type":"NewsArticle","@id":"https:\/\/dicodusport.fr\/blog\/les-premiers-impacts-du-conflit-russie-ukraine-sur-la-f1\/#article","isPartOf":{"@id":"https:\/\/dicodusport.fr\/blog\/les-premiers-impacts-du-conflit-russie-ukraine-sur-la-f1\/"},"author":{"name":"Nicolas Jacquemard","@id":"https:\/\/dicodusport.fr\/blog\/#\/schema\/person\/55dcb50ad410894e431ed812bbb70191"},"headline":"Les premiers impacts du conflit Russie-Ukraine sur la F1","datePublished":"2022-02-24T13:47:24+00:00","dateModified":"2022-02-25T14:53:46+00:00","mainEntityOfPage":{"@id":"https:\/\/dicodusport.fr\/blog\/les-premiers-impacts-du-conflit-russie-ukraine-sur-la-f1\/"},"wordCount":212,"commentCount":0,"publisher":{"@id":"https:\/\/dicodusport.fr\/blog\/#organization"},"image":{"@id":"https:\/\/dicodusport.fr\/blog\/les-premiers-impacts-du-conflit-russie-ukraine-sur-la-f1\/#primaryimage"},"thumbnailUrl":"https:\/\/dicodusport.fr\/blog\/wp-content\/uploads\/2022\/02\/Les-premiers-impacts-du-conflit-Russe-Ukraine-sur-la-F1.png","keywords":["F1","Russie","Sebastian Vettel"],"articleSection":["Formule 1"],"inLanguage":"fr-FR","potentialAction":[{"@type":"CommentAction","name":"Comment","target":["https:\/\/dicodusport.fr\/blog\/les-premiers-impacts-du-conflit-russie-ukraine-sur-la-f1\/#respond"]}],"copyrightYear":"2022","copyrightHolder":{"@id":"https:\/\/dicodusport.fr\/blog\/#organization"}},{"@type":"WebPage","@id":"https:\/\/dicodusport.fr\/blog\/les-premiers-impacts-du-conflit-russie-ukraine-sur-la-f1\/","url":"https:\/\/dicodusport.fr\/blog\/les-premiers-impacts-du-conflit-russie-ukraine-sur-la-f1\/","name":"Les premiers impacts du conflit Russie-Ukraine sur la F1","isPartOf":{"@id":"https:\/\/dicodusport.fr\/blog\/#website"},"primaryImageOfPage":{"@id":"https:\/\/dicodusport.fr\/blog\/les-premiers-impacts-du-conflit-russie-ukraine-sur-la-f1\/#primaryimage"},"image":{"@id":"https:\/\/dicodusport.fr\/blog\/les-premiers-impacts-du-conflit-russie-ukraine-sur-la-f1\/#primaryimage"},"thumbnailUrl":"https:\/\/dicodusport.fr\/blog\/wp-content\/uploads\/2022\/02\/Les-premiers-impacts-du-conflit-Russe-Ukraine-sur-la-F1.png","datePublished":"2022-02-24T13:47:24+00:00","dateModified":"2022-02-25T14:53:46+00:00","description":"F1 2022 - Le conflit entre la Russie et l'Ukraine a d\u00e9j\u00e0 des cons\u00e9quences sur le monde du sport. C'est notamment le cas en F1.","breadcrumb":{"@id":"https:\/\/dicodusport.fr\/blog\/les-premiers-impacts-du-conflit-russie-ukraine-sur-la-f1\/#breadcrumb"},"inLanguage":"fr-FR","potentialAction":[{"@type":"ReadAction","target":["https:\/\/dicodusport.fr\/blog\/les-premiers-impacts-du-conflit-russie-ukraine-sur-la-f1\/"]}]},{"@type":"ImageObject","inLanguage":"fr-FR","@id":"https:\/\/dicodusport.fr\/blog\/les-premiers-impacts-du-conflit-russie-ukraine-sur-la-f1\/#primaryimage","url":"https:\/\/dicodusport.fr\/blog\/wp-content\/uploads\/2022\/02\/Les-premiers-impacts-du-conflit-Russe-Ukraine-sur-la-F1.png","contentUrl":"https:\/\/dicodusport.fr\/blog\/wp-content\/uploads\/2022\/02\/Les-premiers-impacts-du-conflit-Russe-Ukraine-sur-la-F1.png","width":800,"height":445},{"@type":"BreadcrumbList","@id":"https:\/\/dicodusport.fr\/blog\/les-premiers-impacts-du-conflit-russie-ukraine-sur-la-f1\/#breadcrumb","itemListElement":[{"@type":"ListItem","position":1,"name":"Accueil","item":"https:\/\/dicodusport.fr\/blog\/"},{"@type":"ListItem","position":2,"name":"Les premiers impacts du conflit Russie-Ukraine sur la F1"}]},{"@type":"WebSite","@id":"https:\/\/dicodusport.fr\/blog\/#website","url":"https:\/\/dicodusport.fr\/blog\/","name":"Dicodusport","description":"L&#039;encyclop\u00e9die de l&#039;actualit\u00e9 sportive","publisher":{"@id":"https:\/\/dicodusport.fr\/blog\/#organization"},"potentialAction":[{"@type":"SearchAction","target":{"@type":"EntryPoint","urlTemplate":"https:\/\/dicodusport.fr\/blog\/?s={search_term_string}"},"query-input":{"@type":"PropertyValueSpecification","valueRequired":true,"valueName":"search_term_string"}}],"inLanguage":"fr-FR"},{"@type":"NewsMediaOrganization","@id":"https:\/\/dicodusport.fr\/blog\/#organization","name":"Dicodusport","url":"https:\/\/dicodusport.fr\/blog\/","logo":{"@type":"ImageObject","inLanguage":"fr-FR","@id":"https:\/\/dicodusport.fr\/blog\/#\/schema\/logo\/image\/","url":"https:\/\/dicodusport.fr\/blog\/wp-content\/uploads\/2020\/06\/cropped-LOGO-DICODUSPORT-2020-SANS-FOND-SANS-TEXTE.png","contentUrl":"https:\/\/dicodusport.fr\/blog\/wp-content\/uploads\/2020\/06\/cropped-LOGO-DICODUSPORT-2020-SANS-FOND-SANS-TEXTE.png","width":512,"height":512,"caption":"Dicodusport"},"image":{"@id":"https:\/\/dicodusport.fr\/blog\/#\/schema\/logo\/image\/"},"sameAs":["https:\/\/www.facebook.com\/dicodusport","https:\/\/x.com\/dicodusport","https:\/\/www.instagram.com\/dicodusport\/","https:\/\/www.youtube.com\/channel\/UC7V2KZ5sd3htJivAbA4ZG3w"],"description":"Dicodusport est l'encyclop\u00e9die de l'actualit\u00e9 sportive.","email":"bonjour@dicodusport.fr","legalName":"DICODUSPORT","foundingDate":"2018-01-14","vatID":"FR71834470973","taxID":"83447097300043","numberOfEmployees":{"@type":"QuantitativeValue","minValue":"1","maxValue":"10"}},{"@type":"Person","@id":"https:\/\/dicodusport.fr\/blog\/#\/schema\/person\/55dcb50ad410894e431ed812bbb70191","name":"Nicolas Jacquemard","image":{"@type":"ImageObject","inLanguage":"fr-FR","@id":"https:\/\/dicodusport.fr\/blog\/#\/schema\/person\/image\/","url":"https:\/\/dicodusport.fr\/blog\/wp-content\/uploads\/2021\/05\/Nicolas-Jacquemard-150x150.jpeg","contentUrl":"https:\/\/dicodusport.fr\/blog\/wp-content\/uploads\/2021\/05\/Nicolas-Jacquemard-150x150.jpeg","caption":"Nicolas Jacquemard"},"description":"Passionn\u00e9 de sport et entrepreneur depuis mes 18 ans, la cr\u00e9ation de Dicodusport m'a sembl\u00e9 \u00e9vidente pour participer \u00e0 la m\u00e9diatisation d'un plus grand nombre de sports. Le chemin est long mais avec une \u00e9quipe des plus motiv\u00e9es et les Jeux Olympiques de Paris 2024 en point de mire, nous y arriverons ! Journaliste dans le monde du sport depuis plus de 5 ans, je traite aussi bien de football, de rugby, de biathlon que de cyclisme.","sameAs":["https:\/\/www.facebook.com\/dicodusport","https:\/\/x.com\/https:\/\/twitter.com\/Nico_Jacquemard"],"url":"https:\/\/dicodusport.fr\/blog\/author\/dicodusport\/"}]}},"_links":{"self":[{"href":"https:\/\/dicodusport.fr\/blog\/wp-json\/wp\/v2\/posts\/202767","targetHints":{"allow":["GET"]}}],"collection":[{"href":"https:\/\/dicodusport.fr\/blog\/wp-json\/wp\/v2\/posts"}],"about":[{"href":"https:\/\/dicodusport.fr\/blog\/wp-json\/wp\/v2\/types\/post"}],"author":[{"embeddable":true,"href":"https:\/\/dicodusport.fr\/blog\/wp-json\/wp\/v2\/users\/1"}],"replies":[{"embeddable":true,"href":"https:\/\/dicodusport.fr\/blog\/wp-json\/wp\/v2\/comments?post=202767"}],"version-history":[{"count":0,"href":"https:\/\/dicodusport.fr\/blog\/wp-json\/wp\/v2\/posts\/202767\/revisions"}],"wp:featuredmedia":[{"embeddable":true,"href":"https:\/\/dicodusport.fr\/blog\/wp-json\/wp\/v2\/media\/202771"}],"wp:attachment":[{"href":"https:\/\/dicodusport.fr\/blog\/wp-json\/wp\/v2\/media?parent=202767"}],"wp:term":[{"taxonomy":"category","embeddable":true,"href":"https:\/\/dicodusport.fr\/blog\/wp-json\/wp\/v2\/categories?post=202767"},{"taxonomy":"post_tag","embeddable":true,"href":"https:\/\/dicodusport.fr\/blog\/wp-json\/wp\/v2\/tags?post=202767"}],"curies":[{"name":"wp","href":"https:\/\/api.w.org\/{rel}","templated":true}]}}